{"id":247104,"date":"2021-12-07T07:26:45","date_gmt":"2021-12-07T06:26:45","guid":{"rendered":"https:\/\/www.radiopiu.net\/wordpress\/?p=247104"},"modified":"2021-12-07T07:27:10","modified_gmt":"2021-12-07T06:27:10","slug":"su-il-sipario-il-ritorno-della-musica-al-teatro-pierobon","status":"publish","type":"post","link":"https:\/\/www.radiopiu.net\/wordpress\/su-il-sipario-il-ritorno-della-musica-al-teatro-pierobon\/","title":{"rendered":"SU IL SIPARIO, IL RITORNO DELLA MUSICA AL TEATRO &#8220;PIEROBON&#8221;"},"content":{"rendered":"<p><strong><img loading=\"lazy\" decoding=\"async\" class=\"alignleft\" src=\"https:\/\/www.radiopiu.net\/wordpress\/wp-content\/uploads\/2021\/12\/260615818_299599088740338_17190279991535540_n.jpg\" width=\"256\" height=\"144\" \/>PONTE NELLE ALPI<\/strong> Si torna dal vivo, in teatro in una delle serate della rassegna Natalizia promossa dal comune di Ponte Nelle Alpi. Un doppio concerto che verr\u00e0 aperto dai &#8220;MAT&#8221; e che proseguir\u00e0 con &#8220;MARCO V. DAL FARRA&#8221; e band.<br \/>\nSar\u00e0 una serata all&#8217;insegna della musica originale ed inedita tutta da scoprire e vivere.\u00a0 Per l&#8217;occasione verr\u00e0 presentato dal vivo &#8220;SOGNI SCOMODI&#8221; il nuovo brano di Marco V. Dal Farra<\/p>\n<div class=\"o9v6fnle cxmmr5t8 oygrvhab hcukyx3x c1et5uql\">Sabato 11 dicembre 2021 alle\u00a0 21 Teatro &#8220;G. Pierobon&#8221;, Paiane,\u00a0 INGRESSO LIBERO SU PRENOTAZIONE<\/div>\n<div class=\"o9v6fnle cxmmr5t8 oygrvhab hcukyx3x c1et5uql\">***CONTATTI PER PRENOTARE*** TEL: 043799214 E-MAIL: biblioteca@pna.bl.it\u00a0 La serata avverr\u00e0 nel rispetto delle misure anti Covid-19 Per partecipare sar\u00e0 necessario esibire il GREEN PASS<\/div>\n<div><\/div>\n<div><strong>MARCO DAL FARRA\u00a0<\/strong><\/div>\n<div><\/div>\n<div>\n<audio class=\"wp-audio-shortcode\" id=\"audio-247104-1\" preload=\"none\" style=\"width: 100%;\" controls=\"controls\"><source type=\"audio\/mpeg\" src=\"https:\/\/www.radiopiu.net\/wordpress\/wp-content\/uploads\/2021\/12\/MARCO-DAL-FARRA.mp3?_=1\" \/><a href=\"https:\/\/www.radiopiu.net\/wordpress\/wp-content\/uploads\/2021\/12\/MARCO-DAL-FARRA.mp3\">https:\/\/www.radiopiu.net\/wordpress\/wp-content\/uploads\/2021\/12\/MARCO-DAL-FARRA.mp3<\/a><\/audio>\n<p>&nbsp;<\/p>\n<p>&nbsp;<\/p>\n<p>***<\/p>\n<\/div>\n","protected":false},"excerpt":{"rendered":"<p>PONTE NELLE ALPI Si torna dal vivo, in teatro in una delle serate della rassegna Natalizia promossa dal comune di Ponte Nelle Alpi. Un doppio concerto che verr\u00e0 aperto dai &#8220;MAT&#8221; e che proseguir\u00e0 con &#8220;MARCO V. DAL FARRA&#8221; e band. Sar\u00e0 una serata all&#8217;insegna della musica originale ed inedita tutta da scoprire e vivere.\u00a0&hellip;<\/p>\n","protected":false},"author":4,"featured_media":247105,"comment_status":"closed","ping_status":"open","sticky":false,"template":"","format":"standard","meta":{"_monsterinsights_skip_tracking":false,"_monsterinsights_sitenote_active":false,"_monsterinsights_sitenote_note":"","_monsterinsights_sitenote_category":0,"footnotes":""},"categories":[49],"tags":[],"class_list":["post-247104","post","type-post","status-publish","format-standard","has-post-thumbnail","hentry","category-news-18","category-49","description-off"],"img_url":"https:\/\/www.radiopiu.net\/wordpress\/wp-content\/uploads\/2021\/12\/260615818_299599088740338_17190279991535540_n.jpg","_links":{"self":[{"href":"https:\/\/www.radiopiu.net\/wordpress\/wp-json\/wp\/v2\/posts\/247104","targetHints":{"allow":["GET"]}}],"collection":[{"href":"https:\/\/www.radiopiu.net\/wordpress\/wp-json\/wp\/v2\/posts"}],"about":[{"href":"https:\/\/www.radiopiu.net\/wordpress\/wp-json\/wp\/v2\/types\/post"}],"author":[{"embeddable":true,"href":"https:\/\/www.radiopiu.net\/wordpress\/wp-json\/wp\/v2\/users\/4"}],"replies":[{"embeddable":true,"href":"https:\/\/www.radiopiu.net\/wordpress\/wp-json\/wp\/v2\/comments?post=247104"}],"version-history":[{"count":0,"href":"https:\/\/www.radiopiu.net\/wordpress\/wp-json\/wp\/v2\/posts\/247104\/revisions"}],"wp:featuredmedia":[{"embeddable":true,"href":"https:\/\/www.radiopiu.net\/wordpress\/wp-json\/wp\/v2\/media\/247105"}],"wp:attachment":[{"href":"https:\/\/www.radiopiu.net\/wordpress\/wp-json\/wp\/v2\/media?parent=247104"}],"wp:term":[{"taxonomy":"category","embeddable":true,"href":"https:\/\/www.radiopiu.net\/wordpress\/wp-json\/wp\/v2\/categories?post=247104"},{"taxonomy":"post_tag","embeddable":true,"href":"https:\/\/www.radiopiu.net\/wordpress\/wp-json\/wp\/v2\/tags?post=247104"}],"curies":[{"name":"wp","href":"https:\/\/api.w.org\/{rel}","templated":true}]}}