{"id":247132,"date":"2021-12-07T12:25:49","date_gmt":"2021-12-07T11:25:49","guid":{"rendered":"https:\/\/www.radiopiu.net\/wordpress\/?p=247132"},"modified":"2021-12-07T13:32:38","modified_gmt":"2021-12-07T12:32:38","slug":"covid-in-veneto-il-punto-con-il-presidente-luca-zaia","status":"publish","type":"post","link":"https:\/\/www.radiopiu.net\/wordpress\/covid-in-veneto-il-punto-con-il-presidente-luca-zaia\/","title":{"rendered":"RIAPRONO I COVID HOSPITAL, A BREVE SCHIAVONIA IL 9 DICEMBRE A TREVISO SAN CAMILLO"},"content":{"rendered":"<p><strong>VENEZIA<\/strong> Il presidente Luca Zaia convoca i giornalisti per un punto stampa sull&#8217;emergenza Covid-19.<\/p>\n<p>&nbsp;<\/p>\n<p><strong>BOLLETTINO <\/strong>POSITIVI NELLE 24 ORE <strong>2960 INCIDENZA 2,42%\u00a0 <\/strong>POSITIVI\u00a0 DA INIZIO EPIDEMIA\u00a0 535.352\u00a0 RICOVERATI 904 (+82) IN AREA CRITICA 772 (+72), TERAPIA INTESIVA 133\u00a0 (+10)\u00a0 TERAPIE NO COVID 299 . DECESSI 12.014, (9) ISOLAMENTO 40.658 veneti.<\/p>\n<p>&nbsp;<\/p>\n<blockquote>\n<h3>LEGGI LA CONFERENZA STAMPA DI LUCA ZAIA<\/h3>\n<\/blockquote>\n<p><strong><img loading=\"lazy\" decoding=\"async\" class=\"alignleft\" src=\"https:\/\/www.radiopiu.net\/wordpress\/wp-content\/uploads\/2021\/02\/Giallo.png\" width=\"212\" height=\"141\" \/>VENEZIA<\/strong> Ecco perch\u00e9 il Veneto \u00e8 ad un passo dalla zona gialla: occupazione Terapia Intensive 13 % su 10% limite massimo; incidenza 2,42% ben sopra 1 il valore limite. il terzo parametro \u00e8 quello che non sfora, infatti l&#8217;occupazione in area non critica \u00e8 dell&#8217;11% limite zona bianca 15%,\u00a0 <em>&#8220;Con questo andamento &#8211; ha detto il Presidente Zaia nel punto stampa da Marghera &#8211; la prossima settimana il Veneto sar\u00e0 ancora in zona bianca, ma non in quella successiva, ovvero la settimana natalizia&#8221;.\u00a0<\/em> Con il giallo obbligo di mascherina all&#8217;aperto, mentre la riduzione dei posti a sedere limitati nei ristoranti viene bypassata dal Super Green pass.<\/p>\n<p><em> &#8220;Stiamo riaprendo i covid hospital in via preventiva &#8211; ha aggiunto il Presidente della Regione Luca Zaia &#8211;\u00a0 entro breve aprir\u00e0 Schiavonia, dal 9 dicembre Treviso&#8221;.<\/em><\/p>\n<p>ll tasso di ricoverati su 100mila abitanti: 31,8 su 100mila i vaccinati e 191,8 su 100mila i non vaccinati. L&#8217;impatto dei non vaccinati sui ricoveri \u00e8 6 volte maggiore. situazione ai limiti, Padova in F3, Treviso \u00e8 ai bordi. Siamo fortemente impegnati sulla diagnostica con oltre 100mila tamponi al giorno<br \/>\n<strong>CONTRAZIONI DELLE PRESTAZIONI OSPEDALIERE<\/strong> come i week surgery. Questo \u00e8 il segno che la sanit\u00e0 veneta \u00e8 di nuovo sotto pressione. La Fase 3 prevede di concentrare alcune attivit\u00e0 solo negli hub, vengono contratte anche le attivit\u00e0 specialistiche. Ad oggi solo la Ulss 6 \u00e8 nella Fase 3.<strong> NON SOLO COVID <\/strong>Siamo invasi da malati non covid, ovvero influenze con malattie respiratorie <strong>COMPRESSE ANTI COVID<\/strong> ne ho parlato con il generale Figliuolo. Ricordo che non possiamo comprarli direttamente, altrimenti lo faremmo.<\/p>\n<p>&nbsp;<\/p>\n<p><strong>LA DOTTORESSA ANTONIA RICCI<\/strong><\/p>\n<p><strong><img loading=\"lazy\" decoding=\"async\" class=\"alignleft\" src=\"https:\/\/www.radiopiu.net\/wordpress\/wp-content\/uploads\/2021\/12\/variante-sudafricana.jpg\" width=\"187\" height=\"107\" \/>VENEZIA<\/strong>\u00a0 Nuovo caso a Padova covid con variante Omicron,\u00a0 su una paziente di 77 anni, gi\u00e0 trattata con la terapia monoclonale. E&#8217; la notizia notizie fornita dalla dottoressa Antonia Ricci parlando della sequenziazione della variante Omicron in Veneto. E&#8217; il secondo caso dopo quello di Vicenza positivo dopo un viaggio in Sudafrica. Esaminati i tamponi dei famigliari, negativa la moglie e di uno dei due figli, l&#8217;altro figlio \u00e8 risultato positivo anche se con variante delta e non omicron. Sono in corso le analisi sulla figlia pi\u00f9 piccola, anche lei positiva. Stanno tutti bene e con sintomi molto blandi<em> &#8220;Questo conferma che i casi Omicron ad oggi sono casi lievi&#8221;<\/em> ha detto la dottoressa Ricci che ha aggiunto <em>&#8220;La variante Omicron ha una probabilit\u00e0 di reinfezione pi\u00f9 alta. Lo studio \u00e8 di medici africani si tratta di un modello matematico che nasce dallo studio di casi abbastanza limitati. Ma non si tratta di fallimenti vaccinali, perch\u00e9 in Sudafrica il tasso di vaccinazione \u00e8 bassissimo&#8221;.<\/em><\/p>\n<p>Potremmo avere una riduzione della efficacia dei vaccini in termini percentuali con un livello di protezione che resta buono anche se non eccezionale, va considerata la\u00a0 probabilit\u00e0 del 90% di non finire in terapia intensiva o morire. <strong>TERZA DOSE<\/strong>\u00a0 \u00e8 importante perch\u00e9 dopo 5 mesi dalla seconda l&#8217;efficacia del vaccino si riduce, soprattutto di fronte a queste varianti. <strong>LA VARIANTE OMICRON IN LABORATORIO <\/strong>In laboratoio si &#8220;coltiva la variante&#8221; per sottoporla ai vaccini. Stiamo cercando di farla crescere per studiarla e testare quanto gli anticorpi naturali e vaccinali possono essere efficaci. Avere avuto un caso di variante omicrom \u00e8 una bella occasione per studiarla e fornire occasioni. Stiamo cercando di isolarla per saggiarla con diversi sieri, per capire quanto vaccini e anticorpi naturali possano essere efficaci contro questa variante.\u00a0 Saranno studi molto lunghi, alcuni mesi per avere risultati solidi.<\/p>\n<p><strong>IL CONSIGLIO<\/strong> Attenzione sui voli e sui mezzi di trasporto: quando ci troviamo in situazioni di assembramento, mascherina obbligatoria, io consiglio una Fp2<\/p>\n<p><a href=\"https:\/\/www.facebook.com\/zaiaufficiale\/videos\/610974796888773\">https:\/\/www.facebook.com\/zaiaufficiale\/videos\/610974796888773<\/a><\/p>\n<p>&nbsp;<\/p>\n","protected":false},"excerpt":{"rendered":"<p>VENEZIA Il presidente Luca Zaia convoca i giornalisti per un punto stampa sull&#8217;emergenza Covid-19. &nbsp; BOLLETTINO POSITIVI NELLE 24 ORE 2960 INCIDENZA 2,42%\u00a0 POSITIVI\u00a0 DA INIZIO EPIDEMIA\u00a0 535.352\u00a0 RICOVERATI 904 (+82) IN AREA CRITICA 772 (+72), TERAPIA INTESIVA 133\u00a0 (+10)\u00a0 TERAPIE NO COVID 299 . DECESSI 12.014, (9) ISOLAMENTO 40.658 veneti. &nbsp; LEGGI LA CONFERENZA&hellip;<\/p>\n","protected":false},"author":4,"featured_media":175388,"comment_status":"closed","ping_status":"open","sticky":false,"template":"","format":"standard","meta":{"_monsterinsights_skip_tracking":false,"_monsterinsights_sitenote_active":false,"_monsterinsights_sitenote_note":"","_monsterinsights_sitenote_category":0,"footnotes":""},"categories":[51,49],"tags":[],"class_list":["post-247132","post","type-post","status-publish","format-standard","has-post-thumbnail","hentry","category-evidenza-top","category-news-18","category-51","category-49","description-off"],"img_url":"https:\/\/www.radiopiu.net\/wordpress\/wp-content\/uploads\/2020\/11\/ZAIA-1.jpg","_links":{"self":[{"href":"https:\/\/www.radiopiu.net\/wordpress\/wp-json\/wp\/v2\/posts\/247132","targetHints":{"allow":["GET"]}}],"collection":[{"href":"https:\/\/www.radiopiu.net\/wordpress\/wp-json\/wp\/v2\/posts"}],"about":[{"href":"https:\/\/www.radiopiu.net\/wordpress\/wp-json\/wp\/v2\/types\/post"}],"author":[{"embeddable":true,"href":"https:\/\/www.radiopiu.net\/wordpress\/wp-json\/wp\/v2\/users\/4"}],"replies":[{"embeddable":true,"href":"https:\/\/www.radiopiu.net\/wordpress\/wp-json\/wp\/v2\/comments?post=247132"}],"version-history":[{"count":0,"href":"https:\/\/www.radiopiu.net\/wordpress\/wp-json\/wp\/v2\/posts\/247132\/revisions"}],"wp:featuredmedia":[{"embeddable":true,"href":"https:\/\/www.radiopiu.net\/wordpress\/wp-json\/wp\/v2\/media\/175388"}],"wp:attachment":[{"href":"https:\/\/www.radiopiu.net\/wordpress\/wp-json\/wp\/v2\/media?parent=247132"}],"wp:term":[{"taxonomy":"category","embeddable":true,"href":"https:\/\/www.radiopiu.net\/wordpress\/wp-json\/wp\/v2\/categories?post=247132"},{"taxonomy":"post_tag","embeddable":true,"href":"https:\/\/www.radiopiu.net\/wordpress\/wp-json\/wp\/v2\/tags?post=247132"}],"curies":[{"name":"wp","href":"https:\/\/api.w.org\/{rel}","templated":true}]}}