{"id":247161,"date":"2021-12-07T12:51:24","date_gmt":"2021-12-07T11:51:24","guid":{"rendered":"https:\/\/www.radiopiu.net\/wordpress\/?p=247161"},"modified":"2021-12-07T13:35:53","modified_gmt":"2021-12-07T12:35:53","slug":"a-natale-fine-delle-notti-in-bianco-lincubo-numerico-relega-il-veneto-alla-zona-gialla","status":"publish","type":"post","link":"https:\/\/www.radiopiu.net\/wordpress\/a-natale-fine-delle-notti-in-bianco-lincubo-numerico-relega-il-veneto-alla-zona-gialla\/","title":{"rendered":"A NATALE FINE DELLE NOTTI IN BIANCO, L&#8217;INCUBO NUMERICO RELEGA IL VENETO ALLA ZONA GIALLA"},"content":{"rendered":"<p><strong><img loading=\"lazy\" decoding=\"async\" class=\"alignleft\" src=\"https:\/\/www.radiopiu.net\/wordpress\/wp-content\/uploads\/2021\/02\/Giallo.png\" width=\"212\" height=\"141\" \/>VENEZIA<\/strong> Ecco perch\u00e9 il Veneto \u00e8 ad un passo dalla zona gialla: occupazione Terapia Intensive 13 % su 10% limite massimo; incidenza 2,42% ben sopra 1 il valore limite. il terzo parametro \u00e8 quello che non sfora, infatti l&#8217;occupazione in area non critica \u00e8 dell&#8217;11% limite zona bianca 15%,\u00a0 <em>&#8220;Con questo andamento &#8211; ha detto il Presidente Zaia nel punto stampa da Marghera &#8211; la prossima settimana il Veneto sar\u00e0 ancora in zona bianca, ma non in quella successiva, ovvero la settimana natalizia&#8221;.\u00a0<\/em> Con il giallo obbligo di mascherina all&#8217;aperto, mentre la riduzione dei posti a sedere limitati nei ristoranti viene bypassata dal Super Green pass.<\/p>\n<p><em> &#8220;Stiamo riaprendo i covid hospital in via preventiva &#8211; ha aggiunto il Presidente della Regione Luca Zaia &#8211;\u00a0 entro breve aprir\u00e0 Schiavonia, dal 9 dicembre Treviso&#8221;.<\/em><\/p>\n<p>ll tasso di ricoverati su 100mila abitanti: 31,8 su 100mila i vaccinati e 191,8 su 100mila i non vaccinati. L&#8217;impatto dei non vaccinati sui ricoveri \u00e8 6 volte maggiore. situazione ai limiti, Padova in F3, Treviso \u00e8 ai bordi. La Fase 3 prevede di concentrare alcune attivit\u00e0 solo negli hub<\/p>\n","protected":false},"excerpt":{"rendered":"<p>VENEZIA Ecco perch\u00e9 il Veneto \u00e8 ad un passo dalla zona gialla: occupazione Terapia Intensive 13 % su 10% limite massimo; incidenza 2,42% ben sopra 1 il valore limite. il terzo parametro \u00e8 quello che non sfora, infatti l&#8217;occupazione in area non critica \u00e8 dell&#8217;11% limite zona bianca 15%,\u00a0 &#8220;Con questo andamento &#8211; ha detto&hellip;<\/p>\n","protected":false},"author":4,"featured_media":190818,"comment_status":"closed","ping_status":"open","sticky":false,"template":"","format":"standard","meta":{"_monsterinsights_skip_tracking":false,"_monsterinsights_sitenote_active":false,"_monsterinsights_sitenote_note":"","_monsterinsights_sitenote_category":0,"footnotes":""},"categories":[51,49],"tags":[],"class_list":["post-247161","post","type-post","status-publish","format-standard","has-post-thumbnail","hentry","category-evidenza-top","category-news-18","category-51","category-49","description-off"],"img_url":"https:\/\/www.radiopiu.net\/wordpress\/wp-content\/uploads\/2021\/02\/Giallo.png","_links":{"self":[{"href":"https:\/\/www.radiopiu.net\/wordpress\/wp-json\/wp\/v2\/posts\/247161","targetHints":{"allow":["GET"]}}],"collection":[{"href":"https:\/\/www.radiopiu.net\/wordpress\/wp-json\/wp\/v2\/posts"}],"about":[{"href":"https:\/\/www.radiopiu.net\/wordpress\/wp-json\/wp\/v2\/types\/post"}],"author":[{"embeddable":true,"href":"https:\/\/www.radiopiu.net\/wordpress\/wp-json\/wp\/v2\/users\/4"}],"replies":[{"embeddable":true,"href":"https:\/\/www.radiopiu.net\/wordpress\/wp-json\/wp\/v2\/comments?post=247161"}],"version-history":[{"count":0,"href":"https:\/\/www.radiopiu.net\/wordpress\/wp-json\/wp\/v2\/posts\/247161\/revisions"}],"wp:featuredmedia":[{"embeddable":true,"href":"https:\/\/www.radiopiu.net\/wordpress\/wp-json\/wp\/v2\/media\/190818"}],"wp:attachment":[{"href":"https:\/\/www.radiopiu.net\/wordpress\/wp-json\/wp\/v2\/media?parent=247161"}],"wp:term":[{"taxonomy":"category","embeddable":true,"href":"https:\/\/www.radiopiu.net\/wordpress\/wp-json\/wp\/v2\/categories?post=247161"},{"taxonomy":"post_tag","embeddable":true,"href":"https:\/\/www.radiopiu.net\/wordpress\/wp-json\/wp\/v2\/tags?post=247161"}],"curies":[{"name":"wp","href":"https:\/\/api.w.org\/{rel}","templated":true}]}}