{"id":247185,"date":"2021-12-07T13:23:27","date_gmt":"2021-12-07T12:23:27","guid":{"rendered":"https:\/\/www.radiopiu.net\/wordpress\/?p=247185"},"modified":"2021-12-07T13:23:27","modified_gmt":"2021-12-07T12:23:27","slug":"variante-omicron-un-altro-caso-in-veneto","status":"publish","type":"post","link":"https:\/\/www.radiopiu.net\/wordpress\/variante-omicron-un-altro-caso-in-veneto\/","title":{"rendered":"VARIANTE OMICRON, UN ALTRO CASO IN VENETO"},"content":{"rendered":"<div class=\"col-xs-1\">\n<div id=\"share_bar_wrapper\" class=\"top\">\n<div id=\"share_bar\">\n<p><strong><img loading=\"lazy\" decoding=\"async\" class=\"alignleft\" src=\"https:\/\/www.radiopiu.net\/wordpress\/wp-content\/uploads\/2021\/12\/variante-sudafricana.jpg\" width=\"187\" height=\"107\" \/>VENEZIA<\/strong>\u00a0 Nuovo caso a Padova covid con variante Omicron,\u00a0 su una paziente di 77 anni, gi\u00e0 trattata con la terapia monoclonale. E&#8217; la notizia notizie fornita dalla dottoressa Antonia Ricci parlando della sequenziazione della variante Omicron in Veneto. E&#8217; il secondo caso dopo quello di Vicenza positivo dopo un viaggio in Sudafrica. Esaminati i tamponi dei famigliari, negativa la moglie e di uno dei due figli, l&#8217;altro figlio \u00e8 risultato positivo anche se con variante delta e non omicron. Sono in corso le analisi sulla figlia pi\u00f9 piccola, anche lei positiva. Stanno tutti bene e con sintomi molto blandi<em> &#8220;Questo conferma che i casi Omicron ad oggi sono casi lievi&#8221;<\/em> ha detto la dottoressa Ricci che ha aggiunto <em>&#8220;La variante Omicron ha una probabilit\u00e0 di reinfezione pi\u00f9 alta. Lo studio \u00e8 di medici africani si tratta di un modello matematico che nasce dallo studio di casi abbastanza limitati. Ma non si tratta di fallimenti vaccinali, perch\u00e9 in Sudafrica il tasso di vaccinazione \u00e8 bassissimo&#8221;.<\/em><\/p>\n<\/div>\n<\/div>\n<\/div>\n","protected":false},"excerpt":{"rendered":"<p>VENEZIA\u00a0 Nuovo caso a Padova covid con variante Omicron,\u00a0 su una paziente di 77 anni, gi\u00e0 trattata con la terapia monoclonale. E&#8217; la notizia notizie fornita dalla dottoressa Antonia Ricci parlando della sequenziazione della variante Omicron in Veneto. E&#8217; il secondo caso dopo quello di Vicenza positivo dopo un viaggio in Sudafrica. Esaminati i tamponi&hellip;<\/p>\n","protected":false},"author":4,"featured_media":247186,"comment_status":"closed","ping_status":"open","sticky":false,"template":"","format":"standard","meta":{"_monsterinsights_skip_tracking":false,"_monsterinsights_sitenote_active":false,"_monsterinsights_sitenote_note":"","_monsterinsights_sitenote_category":0,"footnotes":""},"categories":[51,49],"tags":[],"class_list":["post-247185","post","type-post","status-publish","format-standard","has-post-thumbnail","hentry","category-evidenza-top","category-news-18","category-51","category-49","description-off"],"img_url":"https:\/\/www.radiopiu.net\/wordpress\/wp-content\/uploads\/2021\/12\/variante-sudafricana.jpg","_links":{"self":[{"href":"https:\/\/www.radiopiu.net\/wordpress\/wp-json\/wp\/v2\/posts\/247185","targetHints":{"allow":["GET"]}}],"collection":[{"href":"https:\/\/www.radiopiu.net\/wordpress\/wp-json\/wp\/v2\/posts"}],"about":[{"href":"https:\/\/www.radiopiu.net\/wordpress\/wp-json\/wp\/v2\/types\/post"}],"author":[{"embeddable":true,"href":"https:\/\/www.radiopiu.net\/wordpress\/wp-json\/wp\/v2\/users\/4"}],"replies":[{"embeddable":true,"href":"https:\/\/www.radiopiu.net\/wordpress\/wp-json\/wp\/v2\/comments?post=247185"}],"version-history":[{"count":0,"href":"https:\/\/www.radiopiu.net\/wordpress\/wp-json\/wp\/v2\/posts\/247185\/revisions"}],"wp:featuredmedia":[{"embeddable":true,"href":"https:\/\/www.radiopiu.net\/wordpress\/wp-json\/wp\/v2\/media\/247186"}],"wp:attachment":[{"href":"https:\/\/www.radiopiu.net\/wordpress\/wp-json\/wp\/v2\/media?parent=247185"}],"wp:term":[{"taxonomy":"category","embeddable":true,"href":"https:\/\/www.radiopiu.net\/wordpress\/wp-json\/wp\/v2\/categories?post=247185"},{"taxonomy":"post_tag","embeddable":true,"href":"https:\/\/www.radiopiu.net\/wordpress\/wp-json\/wp\/v2\/tags?post=247185"}],"curies":[{"name":"wp","href":"https:\/\/api.w.org\/{rel}","templated":true}]}}