{"id":247252,"date":"2021-12-07T17:22:15","date_gmt":"2021-12-07T16:22:15","guid":{"rendered":"https:\/\/www.radiopiu.net\/wordpress\/?p=247252"},"modified":"2021-12-07T17:35:02","modified_gmt":"2021-12-07T16:35:02","slug":"meteo-previste-nevicate-su-dolomiti-e-prealpi","status":"publish","type":"post","link":"https:\/\/www.radiopiu.net\/wordpress\/meteo-previste-nevicate-su-dolomiti-e-prealpi\/","title":{"rendered":"METEO.  PREVISTE NEVICATE SU DOLOMITI E PREALPI"},"content":{"rendered":"<blockquote>\n<h3><strong>EMESSO AVVISO DI CRITICITA\u2019 PER VALANGHE CON STATO DI ATTENZIONE DA DOMANI<\/strong><\/h3>\n<\/blockquote>\n<p><img loading=\"lazy\" decoding=\"async\" class=\"alignleft\" src=\"https:\/\/www.radiopiu.net\/wordpress\/wp-content\/uploads\/2021\/12\/neve-fiocco.jpeg\" width=\"233\" height=\"131\" \/>Il Meteo regionale prevede, sulla montagna veneta gi\u00e0 ben innevata, da domani (mercoled\u00ec 8 dicembre) fino a gioved\u00ec mattina un intenso episodio nevoso (30-50 cm di neve gi\u00e0 a 1000-1200 m di quota) con neve fino a bassa quota (15-30 cm a fondovalle in Val Belluna). Il fenomeno determiner\u00e0 una generale instabilit\u00e0 del manto nevoso che, da mercoled\u00ec pomeriggio in poi, render\u00e0 possibili scaricamenti e valanghe spontanee lungo i canalini e i versanti ripidi. Le valanghe potranno interessare la viabilit\u00e0 in quota e singole zone antropizzate, i comprensori sciistici pi\u00f9 esposti al rischio e singole aree con ripidi pendii erbosi incolti. Il Centro Funzionale decentrato della Protezione civile regionale ha emesso un avviso di criticit\u00e0 per valanghe in cui \u00e8 fissata la fase operativa di attenzione (allerta gialla) su Dolomiti e Prealpi, a partire dalle 13.00 di domani. Sempre nella mattinata di domani sono previste sul Veneto anche precipitazioni in estensione a partire da ovest che nelle ore centrali della giornata possono diventare moderate a tratti forti, anche per rovesci. I fenomeni si diraderanno in serata con residue precipitazioni sparse fino alla mattinata di gioved\u00ec.<\/p>\n<p>&nbsp;<\/p>\n<blockquote><p><strong>PIANO DI ALLERTA DI VENETO STRADE PER DOMANI 8 DICEMBRE. SI PREVEDONO NEVICATE ANCHE A BASSA QUOTA. TUTTI I MEZZI DI VENETO STRADE AL LAVORO PER GARANTIRE LA CIRCOLAZIONE<\/strong><\/p>\n<p>Considerato le previsioni metereologiche di domani 8 dicembre, Veneto Strade mette in atto il Piano allerta neve con tutti i mezzi a disposizione per tenere pulite le strade e i Passi dolomitici. In azione anche dalle prime ore del mattino mezzi spargisale per prevenire eventuali ghiacciate. Si raccomanda massima attenzione e dotazione di catene sui mezzi<\/p><\/blockquote>\n<p>&nbsp;<\/p>\n<a href=\"https:\/\/www.radiopiu.net\/wordpress\/wp-content\/uploads\/2021\/12\/2263-2021-ACFrOgBSNJHSykJszZZXOJP67bDTAquFRM2iH_9aAnDVt4rIiloTpzXwz8HaMqJ3mkWFdmeM5D9kmwzMWc_GCT9JyzJSiXxAyaq_rakXC4-Ft51n1hNFP5is6bFxf-A.pdf\" class=\"pdfemb-viewer\" style=\"\" data-width=\"max\" data-height=\"max\" data-toolbar=\"top\" data-toolbar-fixed=\"on\">2263-2021 ACFrOgBSNJHSykJszZZXOJP67bDTAquFRM2iH_9aAnDVt4rIiloTpzXwz8HaMqJ3mkWFdmeM5D9kmwzMWc_GCT9JyzJSiXxAyaq_rakXC4-Ft51n1hNFP5is6bFxf-A=<\/a>\n<p>&nbsp;<\/p>\n<a href=\"https:\/\/www.radiopiu.net\/wordpress\/wp-content\/uploads\/2021\/12\/2263-2021-AC_211207_1400_CFD.pdf\" class=\"pdfemb-viewer\" style=\"\" data-width=\"max\" data-height=\"max\" data-toolbar=\"top\" data-toolbar-fixed=\"on\">2263-2021 AC_211207_1400_CFD<\/a>\n","protected":false},"excerpt":{"rendered":"<p>EMESSO AVVISO DI CRITICITA\u2019 PER VALANGHE CON STATO DI ATTENZIONE DA DOMANI Il Meteo regionale prevede, sulla montagna veneta gi\u00e0 ben innevata, da domani (mercoled\u00ec 8 dicembre) fino a gioved\u00ec mattina un intenso episodio nevoso (30-50 cm di neve gi\u00e0 a 1000-1200 m di quota) con neve fino a bassa quota (15-30 cm a fondovalle&hellip;<\/p>\n","protected":false},"author":4,"featured_media":246934,"comment_status":"closed","ping_status":"open","sticky":false,"template":"","format":"standard","meta":{"_monsterinsights_skip_tracking":false,"_monsterinsights_sitenote_active":false,"_monsterinsights_sitenote_note":"","_monsterinsights_sitenote_category":0,"footnotes":""},"categories":[51,49],"tags":[],"class_list":["post-247252","post","type-post","status-publish","format-standard","has-post-thumbnail","hentry","category-evidenza-top","category-news-18","category-51","category-49","description-off"],"img_url":"https:\/\/www.radiopiu.net\/wordpress\/wp-content\/uploads\/2021\/12\/neve-fiocco.jpeg","_links":{"self":[{"href":"https:\/\/www.radiopiu.net\/wordpress\/wp-json\/wp\/v2\/posts\/247252","targetHints":{"allow":["GET"]}}],"collection":[{"href":"https:\/\/www.radiopiu.net\/wordpress\/wp-json\/wp\/v2\/posts"}],"about":[{"href":"https:\/\/www.radiopiu.net\/wordpress\/wp-json\/wp\/v2\/types\/post"}],"author":[{"embeddable":true,"href":"https:\/\/www.radiopiu.net\/wordpress\/wp-json\/wp\/v2\/users\/4"}],"replies":[{"embeddable":true,"href":"https:\/\/www.radiopiu.net\/wordpress\/wp-json\/wp\/v2\/comments?post=247252"}],"version-history":[{"count":0,"href":"https:\/\/www.radiopiu.net\/wordpress\/wp-json\/wp\/v2\/posts\/247252\/revisions"}],"wp:featuredmedia":[{"embeddable":true,"href":"https:\/\/www.radiopiu.net\/wordpress\/wp-json\/wp\/v2\/media\/246934"}],"wp:attachment":[{"href":"https:\/\/www.radiopiu.net\/wordpress\/wp-json\/wp\/v2\/media?parent=247252"}],"wp:term":[{"taxonomy":"category","embeddable":true,"href":"https:\/\/www.radiopiu.net\/wordpress\/wp-json\/wp\/v2\/categories?post=247252"},{"taxonomy":"post_tag","embeddable":true,"href":"https:\/\/www.radiopiu.net\/wordpress\/wp-json\/wp\/v2\/tags?post=247252"}],"curies":[{"name":"wp","href":"https:\/\/api.w.org\/{rel}","templated":true}]}}