{"id":247275,"date":"2021-12-07T19:27:13","date_gmt":"2021-12-07T18:27:13","guid":{"rendered":"https:\/\/www.radiopiu.net\/wordpress\/?p=247275"},"modified":"2021-12-07T19:27:13","modified_gmt":"2021-12-07T18:27:13","slug":"santa-barbara-2021-di-john-francis-della-pietra","status":"publish","type":"post","link":"https:\/\/www.radiopiu.net\/wordpress\/santa-barbara-2021-di-john-francis-della-pietra\/","title":{"rendered":"SANTA BARBARA 2021 di JOHN FRANCIS DELLA PIETRA"},"content":{"rendered":"<p>&nbsp;<\/p>\n<p>&nbsp;<\/p>\n<p><img loading=\"lazy\" decoding=\"async\" class=\"alignleft\" src=\"https:\/\/www.radiopiu.net\/wordpress\/wp-content\/uploads\/2021\/12\/86736aa6-3348-4ff9-9c23-dc4070e227c3.jpg\" width=\"455\" height=\"256\" \/>Nel cielo che si colora di blu<br \/>\nAl crepuscolo lass\u00f9<br \/>\nLa prima stella<br \/>\nAnnuncia con la sua luce pi\u00f9 bella<br \/>\nChe \u00e8 ritornata l ora di santificare<br \/>\nLa martire che molti sanno invocare<br \/>\nQuando i pericoli devono affrontare<br \/>\nNel buio della galleria della miniera<br \/>\nOve ognor \u00e8 sera<br \/>\nO nel brillar dell incendio quando il fuoco<br \/>\nSpaventa sempre non poco<br \/>\nA lei si rivolgono con devozione<br \/>\nEd ammirazione<br \/>\nChe nel momento della necessit\u00e0<br \/>\nSappia lor infondere le sue forti capacit\u00e0<br \/>\nDi coraggio fede e serenit\u00e0<br \/>\nNell alba che verr\u00e0<br \/>\nUna flebile viva luce nascer\u00e0<br \/>\nLa nuova luna<br \/>\nChe elargisca in questo giorno speranza gioia e fortuna<br \/>\nIndi trascorretelo con cuore aperto e mente lesta<br \/>\nIl ricorrer della sua festa<br \/>\nE sul far della sera<br \/>\nDal profondo elevate a lei grata preghiera<br \/>\nChe sempre ci sappia ausiliare<br \/>\nNel difficile terren peregrinare<br \/>\nS. Barbara prega per noi<br \/>\nUmili devoti tuoi<\/p>\n","protected":false},"excerpt":{"rendered":"<p>&nbsp; &nbsp; Nel cielo che si colora di blu Al crepuscolo lass\u00f9 La prima stella Annuncia con la sua luce pi\u00f9 bella Che \u00e8 ritornata l ora di santificare La martire che molti sanno invocare Quando i pericoli devono affrontare Nel buio della galleria della miniera Ove ognor \u00e8 sera O nel brillar dell incendio&hellip;<\/p>\n","protected":false},"author":4,"featured_media":247276,"comment_status":"closed","ping_status":"open","sticky":false,"template":"","format":"standard","meta":{"_monsterinsights_skip_tracking":false,"_monsterinsights_sitenote_active":false,"_monsterinsights_sitenote_note":"","_monsterinsights_sitenote_category":0,"footnotes":""},"categories":[49],"tags":[],"class_list":["post-247275","post","type-post","status-publish","format-standard","has-post-thumbnail","hentry","category-news-18","category-49","description-off"],"img_url":"https:\/\/www.radiopiu.net\/wordpress\/wp-content\/uploads\/2021\/12\/86736aa6-3348-4ff9-9c23-dc4070e227c3.jpg","_links":{"self":[{"href":"https:\/\/www.radiopiu.net\/wordpress\/wp-json\/wp\/v2\/posts\/247275","targetHints":{"allow":["GET"]}}],"collection":[{"href":"https:\/\/www.radiopiu.net\/wordpress\/wp-json\/wp\/v2\/posts"}],"about":[{"href":"https:\/\/www.radiopiu.net\/wordpress\/wp-json\/wp\/v2\/types\/post"}],"author":[{"embeddable":true,"href":"https:\/\/www.radiopiu.net\/wordpress\/wp-json\/wp\/v2\/users\/4"}],"replies":[{"embeddable":true,"href":"https:\/\/www.radiopiu.net\/wordpress\/wp-json\/wp\/v2\/comments?post=247275"}],"version-history":[{"count":0,"href":"https:\/\/www.radiopiu.net\/wordpress\/wp-json\/wp\/v2\/posts\/247275\/revisions"}],"wp:featuredmedia":[{"embeddable":true,"href":"https:\/\/www.radiopiu.net\/wordpress\/wp-json\/wp\/v2\/media\/247276"}],"wp:attachment":[{"href":"https:\/\/www.radiopiu.net\/wordpress\/wp-json\/wp\/v2\/media?parent=247275"}],"wp:term":[{"taxonomy":"category","embeddable":true,"href":"https:\/\/www.radiopiu.net\/wordpress\/wp-json\/wp\/v2\/categories?post=247275"},{"taxonomy":"post_tag","embeddable":true,"href":"https:\/\/www.radiopiu.net\/wordpress\/wp-json\/wp\/v2\/tags?post=247275"}],"curies":[{"name":"wp","href":"https:\/\/api.w.org\/{rel}","templated":true}]}}