{"id":247386,"date":"2021-12-10T06:00:58","date_gmt":"2021-12-10T05:00:58","guid":{"rendered":"https:\/\/www.radiopiu.net\/wordpress\/?p=247386"},"modified":"2021-12-10T08:36:19","modified_gmt":"2021-12-10T07:36:19","slug":"giornale-radiopiu-10-dicembre-2021-direttore-mirko-mezzacasa","status":"publish","type":"post","link":"https:\/\/www.radiopiu.net\/wordpress\/giornale-radiopiu-10-dicembre-2021-direttore-mirko-mezzacasa\/","title":{"rendered":"GIORNALE RADIOPIU 10 DICEMBRE 2021 DIRETTORE MIRKO MEZZACASA"},"content":{"rendered":"<h3 class=\"kvgmc6g5 cxmmr5t8 oygrvhab hcukyx3x c1et5uql\"><span style=\"color: #0000ff;\"><strong><a href=\"https:\/\/www.radiopiu.net\/wordpress\/giornale-radiopiu-10-dicembre-2021-direttore-mirko-mezzacasa\/263642546_10224806235296267_7647418983934721799_n\/\" rel=\"attachment wp-att-247581\"><img loading=\"lazy\" decoding=\"async\" class=\"size-medium wp-image-247581 alignleft\" src=\"https:\/\/www.radiopiu.net\/wordpress\/wp-content\/uploads\/2021\/12\/263642546_10224806235296267_7647418983934721799_n-259x300.jpg\" alt=\"\" width=\"259\" height=\"300\" srcset=\"https:\/\/www.radiopiu.net\/wordpress\/wp-content\/uploads\/2021\/12\/263642546_10224806235296267_7647418983934721799_n-259x300.jpg 259w, https:\/\/www.radiopiu.net\/wordpress\/wp-content\/uploads\/2021\/12\/263642546_10224806235296267_7647418983934721799_n.jpg 517w\" sizes=\"auto, (max-width: 259px) 100vw, 259px\" \/><\/a>INFORMAZIONE il canale su TELEGRAM informazione di prima mano e in tempo reale. iscriviti ed aiutaci a farlo conoscere\u00a0<\/strong><\/span><\/h3>\n<p>&nbsp;<\/p>\n<p>&nbsp;<\/p>\n<p><strong>\u00a0BENTORNATO<\/strong><br \/>\n&#8220;<strong>La scarcerazione di Zaki \u00e8 solo un primo passo, \u00e8 la dimostrazione che i risultati si ottengono aprendo i canali diplomatici non chiudendoli<\/strong>&#8220;. Lo ha detto il ministro degli Esteri Luigi Di Maio. <strong>&#8220;Continueremo a lavorare in silenzio, con basso profilo, nell&#8217;ottica di dialogare&#8221;, ha detto ancora rivolgendo ancora un &#8220;grande abbraccio a Zaki, siamo contenti di rivederlo nelle braccia dei suoi cari&#8221;.<\/strong><\/p>\n<p>&nbsp;<\/p>\n<p>&nbsp;<\/p>\n<p>&nbsp;<\/p>\n<hr \/>\n<p>&nbsp;<\/p>\n<blockquote>\n<h2>LA SQUADRA VACCINAZIONE DELL&#8217;ULSS1, &#8211; FOTO &#8211;<\/h2>\n<p><em>Ecco qualche foto di oggi dal Drive in vaccinale di Cortina (con la vaccinazione dello spazzaneve in drive in, dal Comelico e dal centro prelievi Feltre.<\/em><\/p><\/blockquote>\n\n\t\t\t<style type='text\/css'>\n\t\t\t\t#gallery-1 {\n\t\t\t\t\tmargin: auto;\n\t\t\t\t}\n\t\t\t\t#gallery-1 .gallery-item {\n\t\t\t\t\tfloat: left;\n\t\t\t\t\tmargin-top: 10px;\n\t\t\t\t\ttext-align: center;\n\t\t\t\t\twidth: 20%;\n\t\t\t\t}\n\t\t\t\t#gallery-1 img {\n\t\t\t\t\tborder: 2px solid #cfcfcf;\n\t\t\t\t}\n\t\t\t\t#gallery-1 .gallery-caption {\n\t\t\t\t\tmargin-left: 0;\n\t\t\t\t}\n\t\t\t\t\/* see gallery_shortcode() in wp-includes\/media.php *\/\n\t\t\t<\/style>\n\t\t<div id='gallery-1' class='dt-gallery-container gallery galleryid-247386 gallery-columns-5 gallery-size-thumbnail'><dl class='gallery-item'>\n\t\t\t\t<dt class='gallery-icon portrait'>\n\t\t\t\t\t<a class=\"rollover rollover-zoom dt-pswp-item\" title=\"VACCINI\" data-dt-img-description=\"\" data-large_image_width=\"1201\" data-large_image_height=\"1600\"href='https:\/\/www.radiopiu.net\/wordpress\/wp-content\/uploads\/2021\/12\/VACCINI-.jpg'><img loading=\"lazy\" decoding=\"async\" width=\"150\" height=\"150\" src=\"https:\/\/www.radiopiu.net\/wordpress\/wp-content\/uploads\/2021\/12\/VACCINI--150x150.jpg\" class=\"attachment-thumbnail size-thumbnail\" alt=\"\" \/><\/a>\n\t\t\t\t<\/dt><\/dl><dl class='gallery-item'>\n\t\t\t\t<dt class='gallery-icon landscape'>\n\t\t\t\t\t<a class=\"rollover rollover-zoom dt-pswp-item\" title=\"VACCINI\" data-dt-img-description=\"\" data-large_image_width=\"1600\" data-large_image_height=\"900\"href='https:\/\/www.radiopiu.net\/wordpress\/wp-content\/uploads\/2021\/12\/VACCINI.jpg'><img loading=\"lazy\" decoding=\"async\" width=\"150\" height=\"150\" src=\"https:\/\/www.radiopiu.net\/wordpress\/wp-content\/uploads\/2021\/12\/VACCINI-150x150.jpg\" class=\"attachment-thumbnail size-thumbnail\" alt=\"\" \/><\/a>\n\t\t\t\t<\/dt><\/dl><dl class='gallery-item'>\n\t\t\t\t<dt class='gallery-icon portrait'>\n\t\t\t\t\t<a class=\"rollover rollover-zoom dt-pswp-item\" title=\"WhatsApp Image 2021-12-09 at 15.45.51\" data-dt-img-description=\"\" data-large_image_width=\"576\" data-large_image_height=\"1024\"href='https:\/\/www.radiopiu.net\/wordpress\/wp-content\/uploads\/2021\/12\/WhatsApp-Image-2021-12-09-at-15.45.51.jpeg'><img loading=\"lazy\" decoding=\"async\" width=\"150\" height=\"150\" src=\"https:\/\/www.radiopiu.net\/wordpress\/wp-content\/uploads\/2021\/12\/WhatsApp-Image-2021-12-09-at-15.45.51-150x150.jpeg\" class=\"attachment-thumbnail size-thumbnail\" alt=\"\" \/><\/a>\n\t\t\t\t<\/dt><\/dl><dl class='gallery-item'>\n\t\t\t\t<dt class='gallery-icon portrait'>\n\t\t\t\t\t<a class=\"rollover rollover-zoom dt-pswp-item\" title=\"WhatsApp Image 2021-12-09 at 13.48.36\" data-dt-img-description=\"\" data-large_image_width=\"576\" data-large_image_height=\"1024\"href='https:\/\/www.radiopiu.net\/wordpress\/wp-content\/uploads\/2021\/12\/WhatsApp-Image-2021-12-09-at-13.48.36.jpeg'><img loading=\"lazy\" decoding=\"async\" width=\"150\" height=\"150\" src=\"https:\/\/www.radiopiu.net\/wordpress\/wp-content\/uploads\/2021\/12\/WhatsApp-Image-2021-12-09-at-13.48.36-150x150.jpeg\" class=\"attachment-thumbnail size-thumbnail\" alt=\"\" \/><\/a>\n\t\t\t\t<\/dt><\/dl><dl class='gallery-item'>\n\t\t\t\t<dt class='gallery-icon portrait'>\n\t\t\t\t\t<a class=\"rollover rollover-zoom dt-pswp-item\" title=\"WhatsApp Image 2021-12-09 at 15.45.51 (1)\" data-dt-img-description=\"\" data-large_image_width=\"576\" data-large_image_height=\"1024\"href='https:\/\/www.radiopiu.net\/wordpress\/wp-content\/uploads\/2021\/12\/WhatsApp-Image-2021-12-09-at-15.45.51-1.jpeg'><img loading=\"lazy\" decoding=\"async\" width=\"150\" height=\"150\" src=\"https:\/\/www.radiopiu.net\/wordpress\/wp-content\/uploads\/2021\/12\/WhatsApp-Image-2021-12-09-at-15.45.51-1-150x150.jpeg\" class=\"attachment-thumbnail size-thumbnail\" alt=\"\" \/><\/a>\n\t\t\t\t<\/dt><\/dl><br style=\"clear: both\" \/>\n\t\t\t<\/div>\n\n<p>&nbsp;<\/p>\n<p>&nbsp;<\/p>\n<hr \/>\n<p>&nbsp;<\/p>\n<blockquote>\n<h3>CROCE VERDE VAL BIOIS, A SINGHIOZZO FINO AL 31 DICEMBRE<\/h3>\n<\/blockquote>\n<p><strong><img loading=\"lazy\" decoding=\"async\" class=\"alignleft\" src=\"https:\/\/www.radiopiu.net\/wordpress\/wp-content\/uploads\/2020\/06\/download-36.jpg\" width=\"284\" height=\"155\" \/>FALCADE<\/strong>\u00a0 Giorni e orari in cui l&#8217;emergenza della Croce Verde Val Biois non \u00e8 garantita: SABATO 11 DICEMBRE 2021 dalle ore 6:00 alle ore 6:00 di DOMENICA 12 DICEMBRE 2021;VENERDI&#8217; 17 DICEMBRE 2021 dalle ore 6:00 alle ore 20:00; GIOVEDI&#8217; 23 DICEMBRE dalle ore 6:00 alle ore 6:00 di SABATO 25 DICEMBRE 2021; SABATO 25 DICEMBRE 2021 dalle ore 20:00 alle ore 6:00 di DOMENICA 26 DICEMBRE 2021; DOMENICA 26 DICEMBRE dalle ore 20:00 alle ore 6:00 di LUNEDI&#8217; 27 DICEMBRE 2021; LUNEDI&#8217; 27 DICEMBRE 2021 dalle ore 20:00 alle ore 6 di MARTEDI&#8217; 28 DICEMBRE 2021; MARTEDI&#8217; 28 DICEMBRE 2021 dalle ore 20:00 alle ore 6:00 di MERCOLEDI&#8217; 29 DICEMBRE 2021;MERCOLEDI&#8217; 29 DICEMBRE 2021 dalle ore 20;00 alle ore 6:00 di GIOVEDI&#8217; 30 DICEMBRE 2021 VENERDI&#8217; 31 DICEMBRE 2021 dalle ore 6:00 alle ore 20:00.<\/p>\n<p>&nbsp;<\/p>\n<p>&nbsp;<\/p>\n<hr \/>\n<p>&nbsp;<\/p>\n<p>&nbsp;<\/p>\n<blockquote>\n<h3>RITROVATO PRIVO DI VITA LUNGO UNA SCARPATA<\/h3>\n<p><em>Nato ad Asmara, in Eritrea, Mariot aveva trascorso una parte della sua vita a Quero, dove risultava tuttora domiciliato sebbene vi trascorresse saltuariamente del tempo.<\/em><\/p><\/blockquote>\n<p><strong><a href=\"https:\/\/www.radiopiu.net\/wordpress\/ritrovato-privo-di-vita-lungo-una-scarpata\/139698452_3392958714148590_8943945095571516397_n\/\" rel=\"attachment wp-att-247511\"><img loading=\"lazy\" decoding=\"async\" class=\"wp-image-247511 alignleft\" src=\"https:\/\/www.radiopiu.net\/wordpress\/wp-content\/uploads\/2021\/12\/139698452_3392958714148590_8943945095571516397_n-300x300.jpg\" alt=\"\" width=\"101\" height=\"101\" srcset=\"https:\/\/www.radiopiu.net\/wordpress\/wp-content\/uploads\/2021\/12\/139698452_3392958714148590_8943945095571516397_n-300x300.jpg 300w, https:\/\/www.radiopiu.net\/wordpress\/wp-content\/uploads\/2021\/12\/139698452_3392958714148590_8943945095571516397_n-1024x1024.jpg 1024w, https:\/\/www.radiopiu.net\/wordpress\/wp-content\/uploads\/2021\/12\/139698452_3392958714148590_8943945095571516397_n-150x150.jpg 150w, https:\/\/www.radiopiu.net\/wordpress\/wp-content\/uploads\/2021\/12\/139698452_3392958714148590_8943945095571516397_n-768x769.jpg 768w, https:\/\/www.radiopiu.net\/wordpress\/wp-content\/uploads\/2021\/12\/139698452_3392958714148590_8943945095571516397_n.jpg 1443w\" sizes=\"auto, (max-width: 101px) 100vw, 101px\" \/><\/a>QUERO<\/strong> Un uomo di 66 anni \u00e8 stato ritrovato privo di vita nella mattinata di mercoledi in localit\u00e0 San Valentino sulla via per Schievenin. A sincerarsi della situazione i Carabinieri della stazione di Quero chiamati ad intervenire nei pressi dell&#8217;agriturismo &#8220;Il Mulino La Vallina&#8221; in seguito al rinvenimento di un corpo esanime. Sandro Mariot residente a Venezia ma di fatto domiciliato a Feltre \u00e8 morto in seguito ai politraumi da caduta accidentale. La salma \u00e8 gi\u00e0 stata messa a disposizione dei familiari dall&#8217;Autorit\u00e0 Giudiziaria.<\/p>\n<p>A Quero lo ricorderanno per quei momenti\u00a0 quando incantava il pubblico con il suono dei suoi strumenti musicali.\u00a0 Sandro Mariot, classe 1955, di Favaro Veneto,\u00a0 era uscito dall&#8217;agriturismo &#8220;Mulino La Vallina&#8221; per andare a fare una passeggiata. Dal posto, che dista non molto lontano dal centro cittadino, Quella che doveva essere una giornata di festa da trascorrere in relativa tranquillit\u00e0, si \u00e8 invece trasformata in una vicenda di cronaca nera. Mentre stava camminando, il veneziano \u00e8 inciampato d&#8217;improvviso, per qualche motivo, ruzzolando in mal modo gi\u00f9 per la vicina scarpata. A confermarlo \u00e8 stato il ritrovamento dei lacci delle scarpe ancora impigliati su una recinzione. E la caduta non gli ha lasciato scampo.<\/p>\n<p>&nbsp;<\/p>\n<p>&nbsp;<\/p>\n<hr \/>\n<p>&nbsp;<\/p>\n<blockquote>\n<h3><a href=\"https:\/\/www.radiopiu.net\/wordpress\/lorenzagoa\/062e5fa6-dfa9-429b-8c92-a3f134516e87\/\" rel=\"attachment wp-att-246811\"><img loading=\"lazy\" decoding=\"async\" class=\" wp-image-246811 alignleft\" src=\"https:\/\/www.radiopiu.net\/wordpress\/wp-content\/uploads\/2021\/12\/062e5fa6-dfa9-429b-8c92-a3f134516e87-300x169.jpg\" alt=\"\" width=\"233\" height=\"131\" srcset=\"https:\/\/www.radiopiu.net\/wordpress\/wp-content\/uploads\/2021\/12\/062e5fa6-dfa9-429b-8c92-a3f134516e87-300x169.jpg 300w, https:\/\/www.radiopiu.net\/wordpress\/wp-content\/uploads\/2021\/12\/062e5fa6-dfa9-429b-8c92-a3f134516e87-1024x576.jpg 1024w, https:\/\/www.radiopiu.net\/wordpress\/wp-content\/uploads\/2021\/12\/062e5fa6-dfa9-429b-8c92-a3f134516e87-768x432.jpg 768w, https:\/\/www.radiopiu.net\/wordpress\/wp-content\/uploads\/2021\/12\/062e5fa6-dfa9-429b-8c92-a3f134516e87-1536x864.jpg 1536w, https:\/\/www.radiopiu.net\/wordpress\/wp-content\/uploads\/2021\/12\/062e5fa6-dfa9-429b-8c92-a3f134516e87.jpg 1920w\" sizes=\"auto, (max-width: 233px) 100vw, 233px\" \/><\/a>OGGI I FUNERALI DI ANGELO MASCUTE<\/h3>\n<\/blockquote>\n<div id=\"articleContent\" class=\"mercuryWrapper\">\n<div class=\"mercuryScroller\">\n<div class=\"mercuryElement\">\n<div class=\"mercuryBox\">\n<div id=\"articlePlain\">\n<div class=\"articlePlainText\"><strong>LORENZAGO\u00a0 <\/strong>I funerali di Angelo Mainardi &#8220;Mascute&#8221; si svolgono oggi pomeriggio, alle 15, nella chiesa dei santi Ermagora e Fortunato.\u00a0 Sgomento per una tragedia che ha fruttato ai balordi 200 euro. Se la sono presa con un 82enne pensionato, indifeso che viveva in una casa modesta. \u00c8 ormai certo che abbia avuto un infarto, dovuto a quello che tecnicamente si chiama coronarospasmo, cio\u00e8 chiusura delle coronarie per spavento e dispiacere. Oggi l&#8217;ultimo saluto, seguendo le disposizioni anti Covid-19.<\/div>\n<\/div>\n<\/div>\n<\/div>\n<\/div>\n<\/div>\n<div id=\"adv-Bottom\">\n<div id=\"div-gpt-ad-Bottom\" data-google-query-id=\"CMT8laOw2PQCFdG8dwodLFMLnA\"><\/div>\n<\/div>\n<p>&nbsp;<\/p>\n<hr \/>\n<p>&nbsp;<\/p>\n<blockquote>\n<h3>PONTE BAILEY, CHIUSURA PROLUNGATA FINO ALLA VIGILIA DI NATALE<\/h3>\n<\/blockquote>\n<p><strong><a href=\"https:\/\/www.radiopiu.net\/wordpress\/giornale-radio-piu-21-marzo-2018-direttore-mirko-mezzacasa\/biagio\/\" rel=\"attachment wp-att-45153\"><img loading=\"lazy\" decoding=\"async\" class=\"wp-image-45153 alignleft\" src=\"https:\/\/www.radiopiu.net\/wordpress\/wp-content\/uploads\/2018\/03\/biagio.jpg\" alt=\"\" width=\"101\" height=\"152\" \/><\/a>BELLUNO\u00a0<\/strong> Altre due settimane di chiusura per il ponte bailey: le operazioni di manutenzione dell&#8217;infrastruttura di Lambioi richiedono infatti interventi che comportano un allungamento dei tempi del cantiere. \u00c8 stata pubblicata questa mattina l&#8217;ordinanza che estende il divieto di circolazione sul ponte e nella vicina via Alzaia, la cui conclusione era inizialmente prevista per domani venerd\u00ec 10 dicembre, fino alle 18.00 di venerd\u00ec 24 dicembre.<\/p>\n<p><strong>L&#8217;ASSESSORE AI LAVORI PUBBLICI BIAGIO GIANNONE<\/strong><\/p>\n<audio class=\"wp-audio-shortcode\" id=\"audio-247386-1\" preload=\"none\" style=\"width: 100%;\" controls=\"controls\"><source type=\"audio\/mpeg\" src=\"https:\/\/www.radiopiu.net\/wordpress\/wp-content\/uploads\/2021\/12\/Giannone-Prolungamento-lavori-bailey.mp3?_=1\" \/><a href=\"https:\/\/www.radiopiu.net\/wordpress\/wp-content\/uploads\/2021\/12\/Giannone-Prolungamento-lavori-bailey.mp3\">https:\/\/www.radiopiu.net\/wordpress\/wp-content\/uploads\/2021\/12\/Giannone-Prolungamento-lavori-bailey.mp3<\/a><\/audio>\n<p>&nbsp;<\/p>\n<p>&nbsp;<\/p>\n<hr \/>\n<p>&nbsp;<\/p>\n<p>&nbsp;<\/p>\n<blockquote>\n<h3>IL BAILEY RIAPRE A NATALE, BRISTOT &#8220;INCAPACITA&#8217; GESTIONALE&#8221;<\/h3>\n<\/blockquote>\n<p><strong><a href=\"https:\/\/www.radiopiu.net\/wordpress\/il-bailey-riapre-a-natale-bristot-incapacita-gestionale\/th-266\/\" rel=\"attachment wp-att-247507\"><img loading=\"lazy\" decoding=\"async\" class=\" wp-image-247507 alignleft\" src=\"https:\/\/www.radiopiu.net\/wordpress\/wp-content\/uploads\/2021\/12\/th-3-300x168.jpg\" alt=\"\" width=\"225\" height=\"126\" srcset=\"https:\/\/www.radiopiu.net\/wordpress\/wp-content\/uploads\/2021\/12\/th-3-300x168.jpg 300w, https:\/\/www.radiopiu.net\/wordpress\/wp-content\/uploads\/2021\/12\/th-3.jpg 317w\" sizes=\"auto, (max-width: 225px) 100vw, 225px\" \/><\/a>BELLUNO<\/strong> A poche ore dalla notizia che\u00a0il\u00a0 ponte Bailey a Lambioi aprir\u00e0 il giorno di Natale il consigliere Fabio Rufus Bristot polemizza<em> &#8220;Resto esterefatto da tanta incapacit\u00e0 gestionale. Vergogna, una vergogna autentica perch\u00e9 fatta di \u201cballe su balle\u201d, raccontate a questo punto solo per tacitare i cittadini che impiegano quasi un\u2019ora per effettuare poco pi\u00f9 di due km verso Castion e la sinistra Piave. Una Giunta incapace di governare i processi pi\u00f9 banali&#8221;.<\/em> Bristot rincara ulteriormente la dose\u00a0 definendo un gravissimo ritardo imputabile alla\u00a0 incapacit\u00e0 di programmare i lavori e di saper imporre nel capitolato\/disciplinare il doppio turno di lavoro e il turno festivo di lavoro <em>&#8220;Pur riconoscendo le indennit\u00e0 previste alle maestranze &#8211; conclude Bristot &#8211;\u00a0 si capisce come che, n\u00e8 il Sindaco Massaro n\u00e8 l\u2019Assessore Giannone, siano andati nel Castionese e in sinistra Piave nell\u2019ultimo mese, diversamente avrebbero provveduto forse con pi\u00f9 attenzione e senso del dovere. Un danno pesante alla citt\u00e0 e ai cittadini ormai spazientiti dalle tante bugie sui tempi di apertura del ponte&#8221;<\/em><\/p>\n<p>&nbsp;<\/p>\n<hr \/>\n<p>&nbsp;<\/p>\n<blockquote>\n<h2>PNRR, OPPORTUNITA&#8217; IMPORTANTE PER GLI EDIFICI SCOLASTICI DEL PAESE<\/h2>\n<\/blockquote>\n<p><strong><a href=\"https:\/\/www.radiopiu.net\/wordpress\/giornale-radiopiu-09-agosto-2021-direttore-mirko-mezzacasa\/cencenighe-4-2\/\" rel=\"attachment wp-att-226789\"><img loading=\"lazy\" decoding=\"async\" class=\" wp-image-226789 alignleft\" src=\"https:\/\/www.radiopiu.net\/wordpress\/wp-content\/uploads\/2021\/08\/CENCENIGHE-4-300x169.jpg\" alt=\"\" width=\"204\" height=\"115\" srcset=\"https:\/\/www.radiopiu.net\/wordpress\/wp-content\/uploads\/2021\/08\/CENCENIGHE-4-300x169.jpg 300w, https:\/\/www.radiopiu.net\/wordpress\/wp-content\/uploads\/2021\/08\/CENCENIGHE-4-1024x576.jpg 1024w, https:\/\/www.radiopiu.net\/wordpress\/wp-content\/uploads\/2021\/08\/CENCENIGHE-4-768x432.jpg 768w, https:\/\/www.radiopiu.net\/wordpress\/wp-content\/uploads\/2021\/08\/CENCENIGHE-4-1536x864.jpg 1536w, https:\/\/www.radiopiu.net\/wordpress\/wp-content\/uploads\/2021\/08\/CENCENIGHE-4.jpg 1920w\" sizes=\"auto, (max-width: 204px) 100vw, 204px\" \/><\/a>CENCENIGHE<\/strong><\/p>\n<p><strong>di GIANNI SANTOMASO<\/strong><\/p>\n<audio class=\"wp-audio-shortcode\" id=\"audio-247386-2\" preload=\"none\" style=\"width: 100%;\" controls=\"controls\"><source type=\"audio\/mpeg\" src=\"https:\/\/www.radiopiu.net\/wordpress\/wp-content\/uploads\/2021\/12\/GIANNI-CENCENIGHE.mp3?_=2\" \/><a href=\"https:\/\/www.radiopiu.net\/wordpress\/wp-content\/uploads\/2021\/12\/GIANNI-CENCENIGHE.mp3\">https:\/\/www.radiopiu.net\/wordpress\/wp-content\/uploads\/2021\/12\/GIANNI-CENCENIGHE.mp3<\/a><\/audio>\n<p>&nbsp;<\/p>\n<p>&nbsp;<\/p>\n<hr \/>\n<p>&nbsp;<\/p>\n<blockquote>\n<h2>A BREVE L&#8217;ELEZIONE DEL PRESIDENTE DELLA PROVINCIA. DE BORTOLI &#8220;MODALITA&#8217; DI VOTO: E&#8217; ORA DI CAMBIARE&#8221;<\/h2>\n<\/blockquote>\n<p><strong><img loading=\"lazy\" decoding=\"async\" class=\"alignleft\" src=\"https:\/\/www.radiopiu.net\/wordpress\/wp-content\/uploads\/2021\/06\/6bda7d20-2bca-46b1-9c47-7864eeb8da9e.jpg\" width=\"298\" height=\"168\" \/>SELVA DI CADORE<\/strong> Meno di 10 giorni alle consultazioni elettorali che daranno vita al nuovo consiglio provinciale e le precipitazioni nevose delle ultime ore inducono Andrea De Bortoli &#8211; consigliere comunale a Selva di Cadore \u2013 ad una riflessione gi\u00e0 espressa nel recente passato. <em>\u201cIl 18 dicembre noi componenti dei consigli comunali della provincia ci recheremo a Belluno per confermare Roberto Padrin alla guida di Palazzo Piloni ed eleggere i 10 delegati che lo affiancheranno per il prossimo biennio. Lo faremo con piacere, mossi dall\u2019alto senso per le istituzioni, ma mi chiedo se in futuro le modalit\u00e0 di voto non possano cambiare. Considerata \u2013 prosegue nel ragionamento De Bortoli \u2013 la conformazione del nostro territorio, che rende Belluno distante e abbastanza scomoda da raggiungere per chi abita in diversi nostri comuni, e il fatto che nel 2021 disponiamo delle migliori tecnologie possibili credo si imponga l\u2019opportunit\u00e0 di prevedere in futuro il voto per via telematica. Certamente non \u00e8 una materia di competenza provinciale, ma mi sto gi\u00e0 interessando per sensibilizzare le istituzioni competenti, anche se auspico che tra due anni il presidente possa tornare ad essere eletto da tutti i cittadini bellunesi&#8221;.\u00a0<\/em><\/p>\n<p>&nbsp;<\/p>\n<p>&nbsp;<\/p>\n<hr \/>\n<p>&nbsp;<\/p>\n<blockquote>\n<h3>LE CURVE SI STABILIZZANO, RALLENTAMENTO DEI CONTAGI ANCHE NELLE ULTIME 24 ORE<\/h3>\n<\/blockquote>\n<p>&nbsp;<\/p>\n<blockquote>\n<blockquote>\n<h3><em><img loading=\"lazy\" decoding=\"async\" class=\"alignleft\" src=\"https:\/\/www.radiopiu.net\/wordpress\/wp-content\/uploads\/2021\/02\/Carraro-7-scaled.jpg\" width=\"159\" height=\"119\" \/>Tendenza o miglioramento passeggero? Nella notte un nuovo decesso.<\/em><\/h3>\n<\/blockquote>\n<p><strong>BELLUNO<\/strong><\/p>\n<p><strong>di MORENO GIOLI<\/strong><\/p>\n<audio class=\"wp-audio-shortcode\" id=\"audio-247386-3\" preload=\"none\" style=\"width: 100%;\" controls=\"controls\"><source type=\"audio\/mpeg\" src=\"https:\/\/www.radiopiu.net\/wordpress\/wp-content\/uploads\/2021\/12\/MPRENO-GIOLI-ULSS.mp3?_=3\" \/><a href=\"https:\/\/www.radiopiu.net\/wordpress\/wp-content\/uploads\/2021\/12\/MPRENO-GIOLI-ULSS.mp3\">https:\/\/www.radiopiu.net\/wordpress\/wp-content\/uploads\/2021\/12\/MPRENO-GIOLI-ULSS.mp3<\/a><\/audio>\n<p>&nbsp;<\/p><\/blockquote>\n<p>&nbsp;<\/p>\n<p><a href=\"https:\/\/www.radiopiu.net\/wordpress\/giornale-radiopiu-10-dicembre-2021-direttore-mirko-mezzacasa\/8cd26f54-707e-41fb-bbe9-68396354d413\/\" rel=\"attachment wp-att-247538\"><img loading=\"lazy\" decoding=\"async\" class=\"wp-image-247538 size-full aligncenter\" src=\"https:\/\/www.radiopiu.net\/wordpress\/wp-content\/uploads\/2021\/12\/8cd26f54-707e-41fb-bbe9-68396354d413.jpg\" alt=\"\" width=\"610\" height=\"386\" srcset=\"https:\/\/www.radiopiu.net\/wordpress\/wp-content\/uploads\/2021\/12\/8cd26f54-707e-41fb-bbe9-68396354d413.jpg 610w, https:\/\/www.radiopiu.net\/wordpress\/wp-content\/uploads\/2021\/12\/8cd26f54-707e-41fb-bbe9-68396354d413-300x190.jpg 300w\" sizes=\"auto, (max-width: 610px) 100vw, 610px\" \/><\/a><\/p>\n<p>&nbsp;<\/p>\n<blockquote>\n<h2>BELLUNO_ ATTUALMENTE POSITIVI 982, IN ISOLAMENTO 1956. TUTTI I NUMERI COMUNE PER COMUNE<\/h2>\n<\/blockquote>\n<p><strong>16 PAGINE<\/strong><\/p>\n<a href=\"https:\/\/www.radiopiu.net\/wordpress\/wp-content\/uploads\/2021\/12\/presentazione-9-dicembre-2021_def.pdf\" class=\"pdfemb-viewer\" style=\"\" data-width=\"max\" data-height=\"max\" data-toolbar=\"top\" data-toolbar-fixed=\"on\">presentazione 9 dicembre 2021_def<\/a>\n<p>&nbsp;<\/p>\n<hr \/>\n<p>&nbsp;<\/p>\n<blockquote class=\"wp-embedded-content\" data-secret=\"lsTOCf3ptO\"><p><a href=\"https:\/\/www.radiopiu.net\/wordpress\/aggiornamentonazdic09\/\">CORONAVIRUS: AGGIORNAMENTO NAZIONALE 09 DICEMBRE  2021<\/a><\/p><\/blockquote>\n<p><iframe loading=\"lazy\" class=\"wp-embedded-content\" sandbox=\"allow-scripts\" security=\"restricted\" style=\"position: absolute; clip: rect(1px, 1px, 1px, 1px);\" title=\"&#8220;CORONAVIRUS: AGGIORNAMENTO NAZIONALE 09 DICEMBRE  2021&#8221; &#8212; Radio Pi\u00f9\" src=\"https:\/\/www.radiopiu.net\/wordpress\/aggiornamentonazdic09\/embed\/#?secret=lsTOCf3ptO\" data-secret=\"lsTOCf3ptO\" width=\"600\" height=\"338\" frameborder=\"0\" marginwidth=\"0\" marginheight=\"0\" scrolling=\"no\"><\/iframe><\/p>\n<p>&nbsp;<\/p>\n<blockquote class=\"wp-embedded-content\" data-secret=\"eD4kZG6hK3\"><p><a href=\"https:\/\/www.radiopiu.net\/wordpress\/sette-decessi-e-1928-nuovi-positivi-nelle-ultime-24-ore-in-veneto-aumentano-e-di-molto-i-ricoveri-negli-ospedali-regionali\/\">SETTE DECESSI E 1928 NUOVI POSITIVI NELLE ULTIME 24 ORE IN VENETO. AUMENTANO, E DI MOLTO, I RICOVERI NEGLI OSPEDALI REGIONALI<\/a><\/p><\/blockquote>\n<p><iframe loading=\"lazy\" class=\"wp-embedded-content\" sandbox=\"allow-scripts\" security=\"restricted\" style=\"position: absolute; clip: rect(1px, 1px, 1px, 1px);\" title=\"&#8220;SETTE DECESSI E 1928 NUOVI POSITIVI NELLE ULTIME 24 ORE IN VENETO. AUMENTANO, E DI MOLTO, I RICOVERI NEGLI OSPEDALI REGIONALI&#8221; &#8212; Radio Pi\u00f9\" src=\"https:\/\/www.radiopiu.net\/wordpress\/sette-decessi-e-1928-nuovi-positivi-nelle-ultime-24-ore-in-veneto-aumentano-e-di-molto-i-ricoveri-negli-ospedali-regionali\/embed\/#?secret=eD4kZG6hK3\" data-secret=\"eD4kZG6hK3\" width=\"600\" height=\"338\" frameborder=\"0\" marginwidth=\"0\" marginheight=\"0\" scrolling=\"no\"><\/iframe><\/p>\n<p>&nbsp;<\/p>\n<blockquote class=\"wp-embedded-content\" data-secret=\"iVuxgIcw2d\"><p><a href=\"https:\/\/www.radiopiu.net\/wordpress\/belluno_-attualmente-positivi-982-in-isolamento-1956-tutti-i-numeri-comune-per-comune\/\">BELLUNO_ ATTUALMENTE POSITIVI 982, IN ISOLAMENTO 1956. TUTTI I NUMERI COMUNE PER COMUNE<\/a><\/p><\/blockquote>\n<p><iframe loading=\"lazy\" class=\"wp-embedded-content\" sandbox=\"allow-scripts\" security=\"restricted\" style=\"position: absolute; clip: rect(1px, 1px, 1px, 1px);\" title=\"&#8220;BELLUNO_ ATTUALMENTE POSITIVI 982, IN ISOLAMENTO 1956. TUTTI I NUMERI COMUNE PER COMUNE&#8221; &#8212; Radio Pi\u00f9\" src=\"https:\/\/www.radiopiu.net\/wordpress\/belluno_-attualmente-positivi-982-in-isolamento-1956-tutti-i-numeri-comune-per-comune\/embed\/#?secret=iVuxgIcw2d\" data-secret=\"iVuxgIcw2d\" width=\"600\" height=\"338\" frameborder=\"0\" marginwidth=\"0\" marginheight=\"0\" scrolling=\"no\"><\/iframe><\/p>\n<p>&nbsp;<\/p>\n<h2>I GRAFICI DI TIZIANO DE COL<\/h2>\n\n\t\t\t<style type='text\/css'>\n\t\t\t\t#gallery-2 {\n\t\t\t\t\tmargin: auto;\n\t\t\t\t}\n\t\t\t\t#gallery-2 .gallery-item {\n\t\t\t\t\tfloat: left;\n\t\t\t\t\tmargin-top: 10px;\n\t\t\t\t\ttext-align: center;\n\t\t\t\t\twidth: 33%;\n\t\t\t\t}\n\t\t\t\t#gallery-2 img {\n\t\t\t\t\tborder: 2px solid #cfcfcf;\n\t\t\t\t}\n\t\t\t\t#gallery-2 .gallery-caption {\n\t\t\t\t\tmargin-left: 0;\n\t\t\t\t}\n\t\t\t\t\/* see gallery_shortcode() in wp-includes\/media.php *\/\n\t\t\t<\/style>\n\t\t<div id='gallery-2' class='dt-gallery-container gallery galleryid-247386 gallery-columns-3 gallery-size-thumbnail'><dl class='gallery-item'>\n\t\t\t\t<dt class='gallery-icon landscape'>\n\t\t\t\t\t<a class=\"rollover rollover-zoom dt-pswp-item\" title=\"52918b59-0e7d-41f5-9d3b-bb3d5119c8cf\" data-dt-img-description=\"\" data-large_image_width=\"587\" data-large_image_height=\"363\"href='https:\/\/www.radiopiu.net\/wordpress\/wp-content\/uploads\/2021\/12\/52918b59-0e7d-41f5-9d3b-bb3d5119c8cf.jpg'><img loading=\"lazy\" decoding=\"async\" width=\"150\" height=\"150\" src=\"https:\/\/www.radiopiu.net\/wordpress\/wp-content\/uploads\/2021\/12\/52918b59-0e7d-41f5-9d3b-bb3d5119c8cf-150x150.jpg\" class=\"attachment-thumbnail size-thumbnail\" alt=\"\" \/><\/a>\n\t\t\t\t<\/dt><\/dl><dl class='gallery-item'>\n\t\t\t\t<dt class='gallery-icon landscape'>\n\t\t\t\t\t<a class=\"rollover rollover-zoom dt-pswp-item\" title=\"d1a96604-751c-41ef-9bb1-d5a741801a2a\" data-dt-img-description=\"\" data-large_image_width=\"602\" data-large_image_height=\"360\"href='https:\/\/www.radiopiu.net\/wordpress\/wp-content\/uploads\/2021\/12\/d1a96604-751c-41ef-9bb1-d5a741801a2a.jpg'><img loading=\"lazy\" decoding=\"async\" width=\"150\" height=\"150\" src=\"https:\/\/www.radiopiu.net\/wordpress\/wp-content\/uploads\/2021\/12\/d1a96604-751c-41ef-9bb1-d5a741801a2a-150x150.jpg\" class=\"attachment-thumbnail size-thumbnail\" alt=\"\" \/><\/a>\n\t\t\t\t<\/dt><\/dl><dl class='gallery-item'>\n\t\t\t\t<dt class='gallery-icon landscape'>\n\t\t\t\t\t<a class=\"rollover rollover-zoom dt-pswp-item\" title=\"140d0a3d-4892-4eae-afe9-32c602fbd928\" data-dt-img-description=\"\" data-large_image_width=\"600\" data-large_image_height=\"366\"href='https:\/\/www.radiopiu.net\/wordpress\/wp-content\/uploads\/2021\/12\/140d0a3d-4892-4eae-afe9-32c602fbd928.jpg'><img loading=\"lazy\" decoding=\"async\" width=\"150\" height=\"150\" src=\"https:\/\/www.radiopiu.net\/wordpress\/wp-content\/uploads\/2021\/12\/140d0a3d-4892-4eae-afe9-32c602fbd928-150x150.jpg\" class=\"attachment-thumbnail size-thumbnail\" alt=\"\" \/><\/a>\n\t\t\t\t<\/dt><\/dl><br style=\"clear: both\" \/><dl class='gallery-item'>\n\t\t\t\t<dt class='gallery-icon landscape'>\n\t\t\t\t\t<a class=\"rollover rollover-zoom dt-pswp-item\" title=\"1012a06c-3d23-4bad-94cd-5b11d788f220\" data-dt-img-description=\"\" data-large_image_width=\"630\" data-large_image_height=\"363\"href='https:\/\/www.radiopiu.net\/wordpress\/wp-content\/uploads\/2021\/12\/1012a06c-3d23-4bad-94cd-5b11d788f220.jpg'><img loading=\"lazy\" decoding=\"async\" width=\"150\" height=\"150\" src=\"https:\/\/www.radiopiu.net\/wordpress\/wp-content\/uploads\/2021\/12\/1012a06c-3d23-4bad-94cd-5b11d788f220-150x150.jpg\" class=\"attachment-thumbnail size-thumbnail\" alt=\"\" \/><\/a>\n\t\t\t\t<\/dt><\/dl><dl class='gallery-item'>\n\t\t\t\t<dt class='gallery-icon landscape'>\n\t\t\t\t\t<a class=\"rollover rollover-zoom dt-pswp-item\" title=\"108ed310-84c5-4648-875c-fc42fe52919d\" data-dt-img-description=\"\" data-large_image_width=\"602\" data-large_image_height=\"361\"href='https:\/\/www.radiopiu.net\/wordpress\/wp-content\/uploads\/2021\/12\/108ed310-84c5-4648-875c-fc42fe52919d.jpg'><img loading=\"lazy\" decoding=\"async\" width=\"150\" height=\"150\" src=\"https:\/\/www.radiopiu.net\/wordpress\/wp-content\/uploads\/2021\/12\/108ed310-84c5-4648-875c-fc42fe52919d-150x150.jpg\" class=\"attachment-thumbnail size-thumbnail\" alt=\"\" \/><\/a>\n\t\t\t\t<\/dt><\/dl>\n\t\t\t\t<br style='clear: both' \/>\n\t\t\t<\/div>\n\n<p>&nbsp;<\/p>\n<hr \/>\n<p>&nbsp;<\/p>\n<blockquote>\n<h3>UN ASSEGNO PER I NUOVI NATI, L&#8217;ATTENZIONE AI NUCLEI FAMIGLIARI CONTRO LO SPOPOLAMENTO DELLA MONTAGNA<\/h3>\n<\/blockquote>\n<p>&nbsp;<\/p>\n<p><a href=\"https:\/\/www.radiopiu.net\/wordpress\/una-mano-a-chi-ha-dato-una-mano-contributi-alle-associazioni\/260px-chies_dalpago\/\" rel=\"attachment wp-att-243944\"><img loading=\"lazy\" decoding=\"async\" class=\"wp-image-243944 alignleft\" src=\"https:\/\/www.radiopiu.net\/wordpress\/wp-content\/uploads\/2021\/11\/260px-Chies_dAlpago.jpg\" alt=\"\" width=\"158\" height=\"121\" \/><\/a>CHIES D&#8217;ALPAGO<\/p>\n<p><strong>DI DAMIANO TORMEN\u00a0<\/strong><\/p>\n<audio class=\"wp-audio-shortcode\" id=\"audio-247386-4\" preload=\"none\" style=\"width: 100%;\" controls=\"controls\"><source type=\"audio\/mpeg\" src=\"https:\/\/www.radiopiu.net\/wordpress\/wp-content\/uploads\/2021\/12\/DAMIANO.mp3?_=4\" \/><a href=\"https:\/\/www.radiopiu.net\/wordpress\/wp-content\/uploads\/2021\/12\/DAMIANO.mp3\">https:\/\/www.radiopiu.net\/wordpress\/wp-content\/uploads\/2021\/12\/DAMIANO.mp3<\/a><\/audio>\n<p>&nbsp;<\/p>\n<hr \/>\n<blockquote>\n<h3><\/h3>\n<h3>DIFFICOLTA&#8217; NEL CONTATTARE GLI UFFICI COMUNALI, LA LEGA CHIEDE IL RIPRISTINO DI UN SERVIZIO EFFICIENTE E VELOCE.<\/h3>\n<\/blockquote>\n<p>&nbsp;<\/p>\n<p><strong><a href=\"https:\/\/www.radiopiu.net\/wordpress\/giornale-radiopiu-19-marzo-2021-direttore-mirko-mezzacasa\/23e2c08f-cc93-42f3-a2f4-2455fe113bac\/\" rel=\"attachment wp-att-197821\"><img loading=\"lazy\" decoding=\"async\" class=\"wp-image-197821 alignleft\" src=\"https:\/\/www.radiopiu.net\/wordpress\/wp-content\/uploads\/2021\/03\/23e2c08f-cc93-42f3-a2f4-2455fe113bac-300x200.jpg\" alt=\"\" width=\"165\" height=\"110\" srcset=\"https:\/\/www.radiopiu.net\/wordpress\/wp-content\/uploads\/2021\/03\/23e2c08f-cc93-42f3-a2f4-2455fe113bac-300x200.jpg 300w, https:\/\/www.radiopiu.net\/wordpress\/wp-content\/uploads\/2021\/03\/23e2c08f-cc93-42f3-a2f4-2455fe113bac-1024x682.jpg 1024w, https:\/\/www.radiopiu.net\/wordpress\/wp-content\/uploads\/2021\/03\/23e2c08f-cc93-42f3-a2f4-2455fe113bac-768x512.jpg 768w, https:\/\/www.radiopiu.net\/wordpress\/wp-content\/uploads\/2021\/03\/23e2c08f-cc93-42f3-a2f4-2455fe113bac-1536x1023.jpg 1536w, https:\/\/www.radiopiu.net\/wordpress\/wp-content\/uploads\/2021\/03\/23e2c08f-cc93-42f3-a2f4-2455fe113bac.jpg 1600w\" sizes=\"auto, (max-width: 165px) 100vw, 165px\" \/><\/a>BELLUNO<\/strong> Nuova interrogazione per il sindaco Jacopo Massaro e assessore preposto. A firmarla il consigliere Marzio Sovilla che si pone una domanda &#8220;Perch\u00e8 tanta difficolt\u00e0 a contattare gli uffici comunali?\u201d. Raccolte segnalazioni e lamentele da parte di progettisti, geometri e imprese edili, il consigliere comunale interroga l&#8217;amministrazione comunale sul modus operandi degli uffici tecnici. Pare infatti che sia piuttosto difficile interloquire con i funzionari e accedere alla consultazione dei documenti. L&#8217;obiettivo: chiarezza sui motivi di tante difficolt\u00e0 e favorisca un ripristino di un servizio efficiente e veloce.<\/p>\n<p><strong>IL CONSIGLIERE COMUNALE MARZIO SOVILLA<\/strong><\/p>\n<audio class=\"wp-audio-shortcode\" id=\"audio-247386-5\" preload=\"none\" style=\"width: 100%;\" controls=\"controls\"><source type=\"audio\/mpeg\" src=\"https:\/\/www.radiopiu.net\/wordpress\/wp-content\/uploads\/2021\/12\/sovilla-lega.mp3?_=5\" \/><a href=\"https:\/\/www.radiopiu.net\/wordpress\/wp-content\/uploads\/2021\/12\/sovilla-lega.mp3\">https:\/\/www.radiopiu.net\/wordpress\/wp-content\/uploads\/2021\/12\/sovilla-lega.mp3<\/a><\/audio>\n<p>&nbsp;<\/p>\n<hr \/>\n<p>&nbsp;<\/p>\n<div class=\"page-title-head hgroup\">\n<blockquote>\n<h3 class=\"entry-title\">DILLO A RADIO PIU\u2019\u2026 LA NEVE FINO AL GRADINO<\/h3>\n<\/blockquote>\n<\/div>\n<blockquote>\n<h3><em>&#8220;Stazione dei treni dell&#8217;Alpago, ma la stessa situazione si riscontra a Ponte nelle Alpi e Santa Croce del Lago:\u00a0 non sono stati\u00a0 puliti dalla neve i marciapiedi,\u00a0 \u00a0la neve \u00e8 al livello del gradino del treno.&#8221;<\/em><\/h3>\n<\/blockquote>\n\n\t\t\t<style type='text\/css'>\n\t\t\t\t#gallery-3 {\n\t\t\t\t\tmargin: auto;\n\t\t\t\t}\n\t\t\t\t#gallery-3 .gallery-item {\n\t\t\t\t\tfloat: left;\n\t\t\t\t\tmargin-top: 10px;\n\t\t\t\t\ttext-align: center;\n\t\t\t\t\twidth: 50%;\n\t\t\t\t}\n\t\t\t\t#gallery-3 img {\n\t\t\t\t\tborder: 2px solid #cfcfcf;\n\t\t\t\t}\n\t\t\t\t#gallery-3 .gallery-caption {\n\t\t\t\t\tmargin-left: 0;\n\t\t\t\t}\n\t\t\t\t\/* see gallery_shortcode() in wp-includes\/media.php *\/\n\t\t\t<\/style>\n\t\t<div id='gallery-3' class='dt-gallery-container gallery galleryid-247386 gallery-columns-2 gallery-size-thumbnail'><dl class='gallery-item'>\n\t\t\t\t<dt class='gallery-icon portrait'>\n\t\t\t\t\t<a class=\"rollover rollover-zoom dt-pswp-item\" title=\"9984d519-2a58-48cd-83f9-58a6a6076688\" data-dt-img-description=\"\" data-large_image_width=\"600\" data-large_image_height=\"800\"href='https:\/\/www.radiopiu.net\/wordpress\/wp-content\/uploads\/2021\/12\/9984d519-2a58-48cd-83f9-58a6a6076688.jpg'><img loading=\"lazy\" decoding=\"async\" width=\"150\" height=\"150\" src=\"https:\/\/www.radiopiu.net\/wordpress\/wp-content\/uploads\/2021\/12\/9984d519-2a58-48cd-83f9-58a6a6076688-150x150.jpg\" class=\"attachment-thumbnail size-thumbnail\" alt=\"\" \/><\/a>\n\t\t\t\t<\/dt><\/dl><dl class='gallery-item'>\n\t\t\t\t<dt class='gallery-icon landscape'>\n\t\t\t\t\t<a class=\"rollover rollover-zoom dt-pswp-item\" title=\"a9a42182-a6f6-4c56-88c4-555984c0e1cd\" data-dt-img-description=\"\" data-large_image_width=\"800\" data-large_image_height=\"600\"href='https:\/\/www.radiopiu.net\/wordpress\/wp-content\/uploads\/2021\/12\/a9a42182-a6f6-4c56-88c4-555984c0e1cd.jpg'><img loading=\"lazy\" decoding=\"async\" width=\"150\" height=\"150\" src=\"https:\/\/www.radiopiu.net\/wordpress\/wp-content\/uploads\/2021\/12\/a9a42182-a6f6-4c56-88c4-555984c0e1cd-150x150.jpg\" class=\"attachment-thumbnail size-thumbnail\" alt=\"\" \/><\/a>\n\t\t\t\t<\/dt><\/dl><br style=\"clear: both\" \/>\n\t\t\t<\/div>\n\n<p>&nbsp;<\/p>\n<hr \/>\n<p>&nbsp;<\/p>\n<div class=\"page-title-head hgroup\">\n<blockquote>\n<h3 class=\"entry-title\">FUORI STRADA AD ALLEGHE, CURVA LUNGO LA TANGENTE<\/h3>\n<\/blockquote>\n<\/div>\n<div class=\"page-title-breadcrumbs\"><\/div>\n<p><strong><a href=\"https:\/\/www.radiopiu.net\/wordpress\/fuori-strada-ad-alleghe-curva-lungo-la-tangente\/1de542a7-8cf8-4154-adcb-89ee6bd20949\/\" rel=\"attachment wp-att-247412\"><img loading=\"lazy\" decoding=\"async\" class=\" wp-image-247412 alignleft\" src=\"https:\/\/www.radiopiu.net\/wordpress\/wp-content\/uploads\/2021\/12\/1de542a7-8cf8-4154-adcb-89ee6bd20949-300x169.jpg\" alt=\"\" width=\"243\" height=\"137\" srcset=\"https:\/\/www.radiopiu.net\/wordpress\/wp-content\/uploads\/2021\/12\/1de542a7-8cf8-4154-adcb-89ee6bd20949-300x169.jpg 300w, https:\/\/www.radiopiu.net\/wordpress\/wp-content\/uploads\/2021\/12\/1de542a7-8cf8-4154-adcb-89ee6bd20949-1024x576.jpg 1024w, https:\/\/www.radiopiu.net\/wordpress\/wp-content\/uploads\/2021\/12\/1de542a7-8cf8-4154-adcb-89ee6bd20949-768x432.jpg 768w, https:\/\/www.radiopiu.net\/wordpress\/wp-content\/uploads\/2021\/12\/1de542a7-8cf8-4154-adcb-89ee6bd20949-1536x864.jpg 1536w, https:\/\/www.radiopiu.net\/wordpress\/wp-content\/uploads\/2021\/12\/1de542a7-8cf8-4154-adcb-89ee6bd20949.jpg 1920w\" sizes=\"auto, (max-width: 243px) 100vw, 243px\" \/><\/a>DALLA PAGINA FACEBOOK<\/strong> Audi fuori strada sulla curva che sale in centro ad Alleghe, sorprende come l&#8217;autore del video (su una Panda) non si sia fermato subito dopo l&#8217;incidente ma come si vede dal video prosegue lungo la regionale 203 agordina.<\/p>\n<h2 class=\"gmql0nx0 l94mrbxd p1ri9a11 lzcic4wl aahdfvyu hzawbc8m\"><span class=\"nc684nl6\"><a class=\"oajrlxb2 g5ia77u1 qu0x051f esr5mh6w e9989ue4 r7d6kgcz rq0escxv nhd2j8a9 nc684nl6 p7hjln8o kvgmc6g5 cxmmr5t8 oygrvhab hcukyx3x jb3vyjys rz4wbd8a qt6c0cv9 a8nywdso i1ao9s8h esuyzwwr f1sip0of lzcic4wl gpro0wi8 oo9gr5id lrazzd5p\" tabindex=\"0\" role=\"link\" href=\"https:\/\/www.facebook.com\/gripdetective\/?__tn__=-UC\"><strong>Gripdetective<\/strong><\/a><\/span><\/h2>\n<p>&nbsp;<\/p>\n<p>PAGINA FACEBOOK <strong><span style=\"color: #ff0000;\"><a style=\"color: #ff0000;\" href=\"https:\/\/www.facebook.com\/watch\/?v=913982885969689&amp;extid=CL-UNK-UNK-UNK-AN_GK0T-GK1C&amp;ref=sharing\">CLICCA QUI<\/a><\/span><\/strong><\/p>\n<p>&nbsp;<\/p>\n<p>&nbsp;<\/p>\n<hr \/>\n<p>&nbsp;<\/p>\n<p>&nbsp;<\/p>\n<blockquote>\n<h3>PAOLO DE CIAN E&#8217; IL NUOVO PRESIDENTE DELLA SEZIONE COSTRUTTORI EDILI DI CONFINDUSTRIA BELLUNO DOLOMITI<\/h3>\n<\/blockquote>\n<p><strong>BELLUNO <\/strong>Paolo De Cian \u00e8 il nuovo presidente di ANCE Belluno, la sezione che riunisce le imprese edili bellunesi associate a Confindustria Belluno Dolomiti. Lo ha eletto l\u2019assemblea della sezione il giorno 7 dicembre e succede a Antonio Olivotto. Paolo De Cian, ingegnere edile 56 anni, residente a Sospirolo, \u00e8 titolare con il fratello Manlio dell\u2019azienda EDILCOSTRUZIONI Srl, una realt\u00e0 imprenditoriale storica e tutt\u2019ora molto attiva in provincia di Belluno.<\/p>\n<p>&nbsp;<\/p>\n<p>&nbsp;<\/p>\n<hr \/>\n<p>&nbsp;<\/p>\n<blockquote>\n<h3 class=\"p1\"><span class=\"s1\">IVA SUL VOLONTARIATO, BOND: \u201cAPPELLO A TUTTI I SENATORI E AL GOVERNO PER CORREGGERE LA MANOVRA GI\u00c0 AL SENATO\u201d<\/span><\/h3>\n<\/blockquote>\n<p class=\"p1\"><span class=\"s1\"><strong>ROMA <\/strong>\u201c<em>I senatori di tutte le forze politiche e il governo correggano la norma che impone l\u2019assoggettamento al regime Iva delle realt\u00e0 del sociale e del volontariato. \u00c8 un atto di giustizia<\/em>\u201d. Cos\u00ec il deputato Dario Bond, che nei giorni scorsi aveva raccolto e fatto proprio il grido del terzo settore, e che torna sulla questione dell\u2019Iva per il volontariato lanciando un appello all\u2019esecutivo e ai senatori, chiamati a esaminare in prima battuta la manovra finanziaria. <\/span><span class=\"s1\">\u201c<em>La norma che impone il regime Iva al terzo settore, anche se non svolge nessuna attivit\u00e0 commerciale, va corretta immediatamente. Lo dobbiamo alle tante volontarie e <a href=\"https:\/\/www.radiopiu.net\/wordpress\/giornale-radiopiu-26-luglio-2019-direttore-mirko-mezzacasa\/dario-bond-6\/\" rel=\"attachment wp-att-93051\"><img loading=\"lazy\" decoding=\"async\" class=\"size-medium wp-image-93051 alignleft\" src=\"https:\/\/www.radiopiu.net\/wordpress\/wp-content\/uploads\/2019\/07\/Dario-Bond-300x200.jpg\" alt=\"\" width=\"300\" height=\"200\" srcset=\"https:\/\/www.radiopiu.net\/wordpress\/wp-content\/uploads\/2019\/07\/Dario-Bond-300x200.jpg 300w, https:\/\/www.radiopiu.net\/wordpress\/wp-content\/uploads\/2019\/07\/Dario-Bond-768x512.jpg 768w, https:\/\/www.radiopiu.net\/wordpress\/wp-content\/uploads\/2019\/07\/Dario-Bond-1024x683.jpg 1024w\" sizes=\"auto, (max-width: 300px) 100vw, 300px\" \/><\/a>ai tanti volontari che quando c\u2019\u00e8 bisogno si muovono sempre con abnegazione e celerit\u00e0<\/em>\u201d.<\/span><\/p>\n<p>&nbsp;<\/p>\n<p>&nbsp;<\/p>\n<blockquote>\n<h3>GIORNATA INTERNAZIONE DELLA MONTAGNA, BOND &#8220;TERRA ALTE AL CENTRO DELL&#8217;AGENDA POLITICA&#8221;<\/h3>\n<\/blockquote>\n<p><strong>ROMA<\/strong> \u201cLa montagna \u00e8 una risorsa per il nostro Paese e deve essere tenuta in grande considerazione, con un\u2019attenzione particolare al rispetto ambientale. In tal senso, \u00e8 importantissimo il segnale arrivato dai rappresentanti degli enti locali e dal direttore generale della Fao\u201d. Cos\u00ec il deputato Dario Bond, presidente del Comitato paritetico Fondo Comuni confinanti, che ieri\u00a0 mattina ha partecipato al Quirinale alla cerimonia della Giornata internazionale della montagna, convocata dal presidente della Repubblica Sergio Mattarella, alla presenza anche della ministra degli affari regionali Mariastella Gelmini, e del ministro del turismo, Massimo Garavaglia.<\/p>\n<p><strong>IL DEPUTATO DARIO BOND\u00a0<\/strong><\/p>\n<audio class=\"wp-audio-shortcode\" id=\"audio-247386-6\" preload=\"none\" style=\"width: 100%;\" controls=\"controls\"><source type=\"audio\/mpeg\" src=\"https:\/\/www.radiopiu.net\/wordpress\/wp-content\/uploads\/2021\/12\/Giornata-internazionale-montagna-Dario-Bond.mp3?_=6\" \/><a href=\"https:\/\/www.radiopiu.net\/wordpress\/wp-content\/uploads\/2021\/12\/Giornata-internazionale-montagna-Dario-Bond.mp3\">https:\/\/www.radiopiu.net\/wordpress\/wp-content\/uploads\/2021\/12\/Giornata-internazionale-montagna-Dario-Bond.mp3<\/a><\/audio>\n<p>&nbsp;<\/p>\n<p>&nbsp;<\/p>\n<hr \/>\n<p>&nbsp;<\/p>\n<p><strong>DAL BARD<\/strong><\/p>\n<p>\u00ab<strong>PAROLE IMPORTANTI DAL PRESIDENTE DELLA REPUBBLICA<\/strong>\u00bb<\/p>\n<p><em><a href=\"https:\/\/www.radiopiu.net\/wordpress\/giornata-montagna\/b4ea8e61-54d9-46ab-897e-262f4c6dcbc6-2\/\" rel=\"attachment wp-att-247526\"><img loading=\"lazy\" decoding=\"async\" class=\" wp-image-247526 alignleft\" src=\"https:\/\/www.radiopiu.net\/wordpress\/wp-content\/uploads\/2021\/12\/b4ea8e61-54d9-46ab-897e-262f4c6dcbc6-1-300x200.jpg\" alt=\"\" width=\"276\" height=\"184\" srcset=\"https:\/\/www.radiopiu.net\/wordpress\/wp-content\/uploads\/2021\/12\/b4ea8e61-54d9-46ab-897e-262f4c6dcbc6-1-300x200.jpg 300w, https:\/\/www.radiopiu.net\/wordpress\/wp-content\/uploads\/2021\/12\/b4ea8e61-54d9-46ab-897e-262f4c6dcbc6-1.jpg 750w\" sizes=\"auto, (max-width: 276px) 100vw, 276px\" \/><\/a>\u00abL&#8217;intervento del Presidente Mattarella sembra quello di un vero montanaro: &#8211; sottolinea il presidente Andrea Bona \u2013 ha toccato i veri nodi del vivere in montagna, le nostre problematiche e le possibili vie di sviluppo, dalla necessit\u00e0 di infrastrutture e servizi al bisogno di una vita meno legata ai sentimenti del passato e pi\u00f9 calata nelle sfide del presente. Sentire il Presidente della Repubblica parlare di agricoltura di montagna, di filiere locali e di gestione forestale \u00e8 stata un&#8217;emozione, mai grande per\u00f2 come quel riferimento alla necessit\u00e0 di un governo autonomo delle popolazioni montane\u00bb.<\/em> Il movimento indirizz\u00f2 una lettera aperta al Presidente Mattarella nel marzo 2019, in occasione della sua visita a Belluno in commemorazione della tempesta Vaia, nella quale si ricostruiva la situazione della provincia bellunese, dall&#8217;impasse sui referendum comunali per i passaggi di regione fino ai danni della legge Delrio sulla provincia e i tagli orizzontali agli enti locali: <em>\u00abAvevamo colto nel segno, quello che segnalavamo al Presidente \u00e8 stato confermato dalle sue parole di oggi. Crediamo che sia l&#8217;occasione giusta per tornare a ricordare il patto siglato con il Partito Democratico, oggi ancora al governo del Paese, per il ripristino dell&#8217;elettivit\u00e0 della Provincia di Belluno e le parole dell&#8217;allora Presidente del Consiglio e oggi segretario nazionale PD a Longarone in occasione dei 50 anni della tragedia del Vajont quando pubblicamente disse \u201cConosco tutte le specificit\u00e0 della provincia di Belluno e bisogna intervenire per evitare asimmetrie istituzionali che non hanno senso: a questo territorio serve un&#8217;autonomia forte\u201d. &#8211; conclude Bona &#8211; \u00c8 ora di riaprire quel capitolo, anche alla luce delle indicazioni arrivate nel 2017 dal Congresso delle Autonomie locali del Consiglio d\u2019Europa e tutt&#8217;oggi ancora disattese e sulla mancanza di reale tutela delle minoranze linguistiche presenti nel nostro territorio\u00bb..<\/em><\/p>\n<p>&nbsp;<\/p>\n<blockquote>\n<h2>IL PRESIDENTE DELLA PROVINCIA ROBERTO PADRIN<\/h2>\n<\/blockquote>\n<p><em>\u00abLa montagna \u00e8 una risorsa e insieme un\u2019opportunit\u00e0. E come tale va vista. Allo Stato le terre alte chiedono strumenti di autogoverno e salvaguardia dei servizi, per contrastare lo spopolamento. La montagna\u00a0 non \u00e8 un problema ha solo bisogno di strumenti per contrastare lo spopolamento, un dramma che tocca non solo il Bellunese ma la gran parte dell\u2019arco alpino e degli Appennini. In particolare, servono collegamenti infrastrutturali e digitali, e garanzia di servizi. Oggi siamo ancora legati alle logiche dell\u2019economia che vedono nelle \u201cterre alte\u201d esclusivamente il fallimento di mercato. Bisogna superare questa linea, in modo da tenere i servizi in montagna e rilanciarli. Credo che una delle leve per fare ci\u00f2 sia una differenziazione della fiscalit\u00e0, su cui \u00e8 doveroso intervenire\u00bb.<\/em><\/p>\n<p>&nbsp;<\/p>\n<blockquote>\n<h3>IL MINISTRO PER I RAPPORTO CON IL PARLAMENTO FEDERICO D&#8217;INCA&#8217;<\/h3>\n<\/blockquote>\n<p><em>\u00abLa montagna deve assumere un ruolo centrale e merita particolare attenzione nei confronti delle comunit\u00e0 che da troppo tempo vivono il delicato fenomeno dello spopolamento. Per questo motivo, il Governo vuole darne valore attraverso una legge quadro e a nuove importanti risorse previste nella legge di Bilancio con un fondo per lo sviluppo dei territori montani e per la loro salvaguardia. Migliorando i collegamenti legati ai trasporti, insistendo fortemente sulle infrastrutture digitali, sul rafforzamento della sanit\u00e0 territoriale e su una nuova forma di turismo sostenibile legato anche alla valorizzazione dell\u2019artigianato locale, sar\u00e0 possibile ridare vigore a queste aree. Il Bellunese deve anche continuare a insistere sui grandi eventi, come \u00e8 stato dimostrato dal Mondiale di Sci di Cortina e come sar\u00e0 fatto nelle prossime Olimpiadi invernali del 2026 su cui, come Governo, crediamo fortemente grazie anche al nuovo stanziamento di 324 milioni per gli altri interventi necessari a beneficio dell\u2019intera collettivit\u00e0\u00bb.<\/em><\/p>\n<p>&nbsp;<\/p>\n<hr \/>\n<div>\n<div>\n<p><strong>\u00a0<\/strong><\/p>\n<p><strong>\u00a0<\/strong><\/p>\n<p><strong>\u00a0<\/strong><\/p>\n<p><strong><img loading=\"lazy\" decoding=\"async\" class=\"alignleft\" src=\"https:\/\/www.radiopiu.net\/wordpress\/wp-content\/uploads\/2021\/12\/SINDACI_Quirinale_Giornata_Montagna_9_12_2021.jpg\" width=\"257\" height=\"193\" \/>GIORNATA DELLA MONTAGNA AL QUIRINALE, UNCEM: GRAZIE PRESIDENTE MATTARELLA<\/strong><\/p>\n<p><em>&#8220;Grazie al Presidente Mattarella che oggi ha accolto il i Sindaci e i rappresentanti del mondo economico della Montagna al Quirinale per una giornata importate, da tornare a celebrare\u00a0 insieme, come voluto oggi dalla ministra Gelmini con il ministro Garavaglia. Le parole del Presidente sono un monito ancora una volta per la politica, per delle politiche territoriali che sappiano incrociare il superamento delle disuguaglianze e delle sperequazione agli obiettivi di sviluppo armonico che l\u2019Italia si d\u00e0 nel pieno rispetto dell\u2019articolo 44 della costituzione&#8221;. Lo afferma Marco Bussone, Presidente nazionale Uncem, al termine della Giornata Internazionale della Montagna celebrata al Quirinale con il Presidente della Repubblica e il Direttore generale della FAO.\u00a0A nome dei Sindaci presenti e di tutti i Sindaci dei Comuni montani italiani, \u00e8 intervenuta la Sindaca di Fonni, Daniela Falconi.<\/em><\/p>\n<\/div>\n<\/div>\n<p>&nbsp;<\/p>\n<p>&nbsp;<\/p>\n<p>&nbsp;<\/p>\n<p>&nbsp;<\/p>\n<hr \/>\n<p>&nbsp;<\/p>\n<blockquote>\n<h3>MERCOLEDI&#8217; IL CONSIGLIO COMUNALE A CANALE D&#8217;AGORDO<\/h3>\n<\/blockquote>\n<p><strong>CANALE D&#8217;AGORDO<\/strong> Il sindaco di Canale D&#8217;Agordo Flavio Colcergnan ha convocato il consiglio comunale per mercoled\u00ec alle 19 presso la sala Lina Zand\u00f2 a porte chiuse. Un solo punto da discutere, la revisione ordinaria delle partecipazioni societarie.<\/p>\n<p>&nbsp;<\/p>\n<p>&nbsp;<\/p>\n<hr \/>\n<p>&nbsp;<\/p>\n<blockquote>\n<h3>APRE IL CAMPO SCUOLA A FORCELLA AURINE<\/h3>\n<\/blockquote>\n<p><strong>GOSALDO<\/strong> Apre il campo scuola di Aurine Ski Dolomiti e rimarr\u00e0 aperto fino a natale anche nei fine settimana. Oggi aperto dalle 9 alle 16:30. Per informazioni 0437 1948062 oppure 347 8888973<\/p>\n<p>&nbsp;<\/p>\n<p>&nbsp;<\/p>\n<hr \/>\n<p>&nbsp;<\/p>\n<blockquote>\n<h3>LA MONTAGNA DEL FUTURO, IL CONVEGNO CON LA ANGELINI<\/h3>\n<p><em>Iniziativa finanziata nell&#8217;ambito dell&#8217;Accordo tra Presidenza del Consiglio dei Ministri e Regione del Veneto per la valorizzazione dei territori colpiti dall&#8217;Evento Vaia in memoria della Grande Guerra<\/em><\/p><\/blockquote>\n<p><strong>BELLUNO<\/strong> Domani alle 9 in sala Bianchi (Viale Fantuzzi) convegno La Montagna del Futuro per iniziativa della Fondazione Centro Studi Angelini. Dalle 9: \u00a0saluti delle autorit\u00e0; visione cortometraggio DISORDINATO INTRECCIO DI ARMONIA; \u00a0presentazione percorsi partecipativi: QUALI PROPOSTE PER IL FUTURO? \u00a0Davide Pettenella &#8211; EVOLUZIONE ECONOMICA DEL SETTORE AGRICOLO-FORESTALE;\u00a0 Clip di Benedetta Castiglioni e Alex Pra; Marco Marchetti &#8211; LE PROSSIME SFIDE DELLA MONTAGNA; \u00a0Clip di Walter Musizza e Sara Luchetta;\u00a0 presentazione sito web LE FERITE DEL PAESAGGIO; Giacomo Bonan &#8211; USO DEI BOSCHI E MONTAGNA BELLUNESE; Sabrina Meneghello &#8211; PAESAGGIO E TURISMO NELLA MONTAGNA BELLUNESE.<\/p>\n<p>&nbsp;<\/p>\n<p>&nbsp;<\/p>\n<hr \/>\n<p>&nbsp;<\/p>\n<blockquote>\n<h3>UNIONE ITALIANA CIECHI FESTEGGIA SANTA LUCIA<\/h3>\n<\/blockquote>\n<p><strong>BELLUNO<\/strong> L\u2019Unione Italiana dei Ciechi e degli Ipovedenti ONLUS APS sezione territoriale di Belluno, in collaborazione con il Movimento Apostolico Ciechi diocesano, organizza la celebrazione della 63\u00b0 Giornata Nazionale del Cieco \u2013 Festa di Santa Lucia &#8211;\u00a0 che avr\u00e0 luogo a Belluno domenica mattina al centro congressi Giovanni XXIII.<\/p>\n<p>&nbsp;<\/p>\n<p>&nbsp;<\/p>\n<hr \/>\n<p>&nbsp;<\/p>\n<blockquote>\n<h3>XXI EDIZIONE DEL PREMIO INTERNAZIONALE \u201cBELLUNESI CHE ONORANO LA PROVINCIA DI BELLUNO IN ITALIA E ALL\u2019ESTERO\u201d. APPUNTAMENTO A LAMON<\/h3>\n<\/blockquote>\n<p><strong>BELLUNO <\/strong>Sar\u00e0 il comune di Lamon a ospitare la XXI edizione del premio internazionale \u201cBellunesi che onorano la provincia di Belluno in Italia e all\u2019estero\u201d in programma sabato 11 dicembre nel Duomo di Lamon con inizio alle ore 9.45. Dopo un anno di pausa dovuto alla pandemia da Covid-19 riprendere lo storico premio voluto dalla Provincia di Belluno in collaborazione con l\u2019Associazione Bellunesi nel Mondo e i Rotary Club di Belluno, Cadore-Cortina e Feltre. Questi i premiati dell\u2019edizione 2021. Per il settore \u201ceconomico, imprenditoriale, professionale\u201d Fausto Bortolot e Massimo Fornasier; per il settore \u201cistituzioni, arte e cultura\u201d Paolo Forlin e Ivano Battiston; per il settore \u201csociale e solidaristico\u201d Camargo Ronchi e Dino Bee. Presente anche il premio speciale \u201cBarcelloni Corte &#8211; De Martin Modolado\u201d che quest\u2019anno sar\u00e0 consegnato a Giustina De Silvestro.<\/p>\n<p>&nbsp;<\/p>\n<p>&nbsp;<\/p>\n<hr \/>\n<p>&nbsp;<\/p>\n<blockquote>\n<h3>FILM D&#8217;AZIONE NELLA SALA CONFERENZE DEL MUNCIPIO<\/h3>\n<\/blockquote>\n<p><strong><a href=\"https:\/\/www.radiopiu.net\/wordpress\/giornale-radiopiu-07-dicembre-2021-direttore-mirko-mezzacasa\/03-the-bird-_-the-whale\/\" rel=\"attachment wp-att-246948\"><img loading=\"lazy\" decoding=\"async\" class=\"size-medium wp-image-246948 alignleft\" src=\"https:\/\/www.radiopiu.net\/wordpress\/wp-content\/uploads\/2021\/12\/03-The-Bird-_-the-Whale-300x198.jpeg\" alt=\"\" width=\"300\" height=\"198\" srcset=\"https:\/\/www.radiopiu.net\/wordpress\/wp-content\/uploads\/2021\/12\/03-The-Bird-_-the-Whale-300x198.jpeg 300w, https:\/\/www.radiopiu.net\/wordpress\/wp-content\/uploads\/2021\/12\/03-The-Bird-_-the-Whale-768x507.jpeg 768w, https:\/\/www.radiopiu.net\/wordpress\/wp-content\/uploads\/2021\/12\/03-The-Bird-_-the-Whale.jpeg 800w\" sizes=\"auto, (max-width: 300px) 100vw, 300px\" \/><\/a>CENCENIGHE\u00a0 <\/strong>Arriva anche nell\u2019agordino il progetto \u201cCOndiVIDiamo: le relazioni che fanno comunit\u00e0\u201d,Il Comune di Cencenighe Agordino ospiter\u00e0 infatti un pomeriggio di cortometraggi per bambine e bambini, e relativi genitori, organizzato da Dolomiti Hub con la collaborazione operativa del Centro Studi Bellunese.<\/p>\n<blockquote><p>Domani alle\u00a0 17 nella sala conferenze del Municipio, verr\u00e0 proposta una serie di piccoli film d\u2019animazione a cura di Lago Film Fest, tra i pi\u00f9 noti festival internazionali di cinema indipendente, che ha sempre avuto un\u2019attenzione per il pubblico dei pi\u00f9 piccoli in collaborazione con UNICEF. A Cencenighe, in un pomeriggio dedicato al paesaggio e all\u2019ambiente, cortometraggi provenienti da tutto il mondo racconteranno alle bambine e ai bambini paesaggi e animali lontani, biodiversit\u00e0 necessarie che caratterizzano e rendono meraviglioso il nostro pianeta. Secondo quanto previsto dalle normative nazionali, a partire dai 12 anni di et\u00e0 per partecipare all\u2019evento \u00e8 obbligatorio esibire il green pass. La partecipazione \u00e8 gratuita, su iscrizione: <a href=\"https:\/\/dolomitihub.it\/cinema-paesaggio-e-ambiente\/\">https:\/\/dolomitihub.it\/cinema-paesaggio-e-ambiente\/<\/a><\/p><\/blockquote>\n<div class=\"page\" title=\"Page 1\">\n<div class=\"section\">\n<div class=\"layoutArea\">\n<div class=\"column\">\n<p>Domenica alle 15.00, all\u2019ex-scuola di Arten a Fonzaso, il videomaker Daniel Maculan terra\u0300 un laboratorio di creazione di pupazzi rivolto a giovani dai 6 ai 16 anni, i quali verranno introdotti alla tecnica della puppet animation con la proiezione di alcuni cortometraggi e potranno costruire un pupazzo personalizzato, sfruttando cartoncino, stoffa e altri materiali. Nell\u2019ultima parte del laboratorio, ogni partecipante provera\u0300 ad animare brevemente il pupazzo davanti alla telecamera.<\/p>\n<\/div>\n<\/div>\n<\/div>\n<\/div>\n<p>&nbsp;<\/p>\n<p>&nbsp;<\/p>\n<hr \/>\n<p>&nbsp;<\/p>\n<blockquote>\n<h3>AL MUSEO DI SERRAVELLA &#8220;REGALI PER IL PIANETA&#8221;<\/h3>\n<\/blockquote>\n<p><strong>BELLUNO <\/strong>Si intitola \u201cRegali per il pianeta\u201d l\u2019ultima proposta del Museo etnografico della Provincia. Un laboratorio didattico realizzato con l\u2019associazione Isoipse che da tempo cura le attivit\u00e0 per bambini e ragazzi alla villa di Seravella.<span class=\"gmail-Apple-converted-space\"> \u00a0<\/span>Si tratta di un pomeriggio (sabato 18 dicembre) in cui verr\u00e0 proposta la creazione di doni natalizi personali, creativi e utili. \u00abPer evitare sprechi e inutile consumismo e permettere ai bimbi di creare con le loro manine, dei piccoli regali per i loro cari, a partire da materiali naturali o riciclati\u00bb spiegano gli organizzatori. L\u2019attivit\u00e0 comincer\u00e0 alle 15. Al termine del laboratorio ci sar\u00e0 una merenda offerta a tutti i partecipanti. Informazioni e prenotazioni a <a href=\"mailto:seravella@isoipse.it\">seravella@isoipse.it<\/a> (351 9927115).<\/p>\n<p>&nbsp;<\/p>\n<p>&nbsp;<\/p>\n<hr \/>\n<p>&nbsp;<\/p>\n<blockquote>\n<h3>A VILLA PATT DI SEDICO IL PARCO INCONTRA CHI OPERA SUL TERRITORIO<\/h3>\n<\/blockquote>\n<p><strong>FELTRE<\/strong> Il Parco Nazionale delle Dolomiti Bellunese ha aggiornato il Piano del Parco (scaricabile e consultabile dal sito www.dolomitipark.it). Per illustrare questo passaggio\u00a0 l\u2019Ente Parco ha deciso di organizzare un <strong>incontro pubblico<\/strong> rivolto a singoli e associazioni operanti sul territorio, il giorno <strong>13 dicembre<\/strong> dalle <strong>11<\/strong> alle\u00a0 13 presso la <strong>sala conferenze di Villa Patt a Sedico<\/strong>. Chi intende partecipare all\u2019incontro dovr\u00e0 prenotarsi al numero 0439.3328.<\/p>\n<p>&nbsp;<\/p>\n<p>&nbsp;<\/p>\n<hr \/>\n<p>&nbsp;<\/p>\n<h3><span style=\"color: #0000ff;\">INFORMAZIONE il canale su TELEGRAM informazione di prima mano e in tempo reale. iscriviti ed aiutaci a farlo conoscere\u00a0 \u00a0<\/span><\/h3>\n<p>&nbsp;<\/p>\n<hr \/>\n<p>&nbsp;<\/p>\n<blockquote>\n<h3>IL CONCERTO DEL 26 DICEMBRE DALL&#8217;ARCIDIACONALE DI AGORDO SARA&#8217; TRASMESSO IN DIRETTA SULLE FREQUENZE DI RADIO PIU&#8217;, POTRA&#8217; ESSERE VISTO IN STREAMING SUL SITO INTERNET RADIOPIU.NET O SULLE PAGINE FACEBOOK RADIOPIU, RADIOPIU EMITTENTE AGORDINA, SEI DI AGORDO SE&#8230;<\/h3>\n<p><a href=\"https:\/\/www.radiopiu.net\/wordpress\/giornale-radiopiu-10-dicembre-2021-direttore-mirko-mezzacasa\/7e4dcf0d-ae61-466b-9ba6-59f1c81d4b00\/\" rel=\"attachment wp-att-247533\"><img loading=\"lazy\" decoding=\"async\" class=\"wp-image-247533 aligncenter\" src=\"https:\/\/www.radiopiu.net\/wordpress\/wp-content\/uploads\/2021\/12\/7e4dcf0d-ae61-466b-9ba6-59f1c81d4b00.jpg\" alt=\"\" width=\"257\" height=\"365\" srcset=\"https:\/\/www.radiopiu.net\/wordpress\/wp-content\/uploads\/2021\/12\/7e4dcf0d-ae61-466b-9ba6-59f1c81d4b00.jpg 722w, https:\/\/www.radiopiu.net\/wordpress\/wp-content\/uploads\/2021\/12\/7e4dcf0d-ae61-466b-9ba6-59f1c81d4b00-212x300.jpg 212w\" sizes=\"auto, (max-width: 257px) 100vw, 257px\" \/><\/a><\/p><\/blockquote>\n<p>&nbsp;<\/p>\n<p>&nbsp;<\/p>\n<hr \/>\n<p>&nbsp;<\/p>\n<h3><strong>ARCHIVIO A PUNTATE\u2026. PIERANTONIO ZANCHETTA VIDEO 2\u00a0<\/strong><\/h3>\n<blockquote>\n<h3>LA TORBIERA DI DANTA DI CADORE<\/h3>\n<\/blockquote>\n<p>&nbsp;<\/p>\n<p><iframe loading=\"lazy\" title=\"RV Settore Forestale BL - LA MAGICA TORBIERA DI DANTA DI CADORE\" src=\"https:\/\/player.vimeo.com\/video\/156702365?h=1ae52c0b83&amp;dnt=1&amp;app_id=122963\" width=\"1200\" height=\"675\" frameborder=\"0\" allow=\"autoplay; fullscreen; picture-in-picture\" allowfullscreen><\/iframe><\/p>\n<p>&nbsp;<\/p>\n<hr \/>\n<blockquote>\n<h3><\/h3>\n<h3>VERRA&#8217; PRESENTATO A BOJANO IL LIBRO SULLA VITA DI DON STEFANO GORZEGNO<\/h3>\n<\/blockquote>\n<p><strong>VOLTAGO <\/strong>E&#8217; in programma per domenica 12 dicembre a Bojano (Campobasso) la presentazione del libro sulla vita di Don Stefano Gorzegno, parroco anche di Voltago. &#8220;Arrivederci in paradiso&#8221; il titolo dell&#8217;opera a cura di Francesco Mercanti che racconta la vita e il carisma del Don che nel 2003 mor\u00ec a 44 anni dopo aver salvato 7 persone, tra cui molti bimbi, dall&#8217;annegamento in mare. Non solo il libro ma anche un concerto in ricordo del parroco. Questo avverr\u00e0 a Verona in occasione del Natale. Il tutto \u00e8 organizzato anche dall&#8217;associazione &#8220;Amici di Don Stefano Gorzegno&#8221;<\/p>\n<p><strong>LA PRESENTAZIONE DEL CONCERTO DI VERONA<\/strong><\/p>\n<p><iframe loading=\"lazy\" title=\"Concerto di Natale &#039;Emmanuele Dio con noi&#039;. Assessore Briani\" width=\"1200\" height=\"675\" src=\"https:\/\/www.youtube.com\/embed\/6dCHKy82lHI?feature=oembed\" frameborder=\"0\" allow=\"accelerometer; autoplay; clipboard-write; encrypted-media; gyroscope; picture-in-picture\" allowfullscreen><\/iframe><\/p>\n<p>&nbsp;<\/p>\n<p><strong>LA LOCANDINA DELLA PRESENTAZIONE DEL LIBRO A BOJANO<\/strong><\/p>\n\n\t\t\t<style type='text\/css'>\n\t\t\t\t#gallery-4 {\n\t\t\t\t\tmargin: auto;\n\t\t\t\t}\n\t\t\t\t#gallery-4 .gallery-item {\n\t\t\t\t\tfloat: left;\n\t\t\t\t\tmargin-top: 10px;\n\t\t\t\t\ttext-align: center;\n\t\t\t\t\twidth: 100%;\n\t\t\t\t}\n\t\t\t\t#gallery-4 img {\n\t\t\t\t\tborder: 2px solid #cfcfcf;\n\t\t\t\t}\n\t\t\t\t#gallery-4 .gallery-caption {\n\t\t\t\t\tmargin-left: 0;\n\t\t\t\t}\n\t\t\t\t\/* see gallery_shortcode() in wp-includes\/media.php *\/\n\t\t\t<\/style>\n\t\t<div id='gallery-4' class='dt-gallery-container gallery galleryid-247386 gallery-columns-1 gallery-size-medium'><dl class='gallery-item'>\n\t\t\t\t<dt class='gallery-icon portrait'>\n\t\t\t\t\t<a class=\"rollover rollover-zoom dt-pswp-item\" title=\"d1a57b46-63dd-4f06-9e02-6ebb3f65f386\" data-dt-img-description=\"\" data-large_image_width=\"728\" data-large_image_height=\"1024\"href='https:\/\/www.radiopiu.net\/wordpress\/wp-content\/uploads\/2021\/12\/d1a57b46-63dd-4f06-9e02-6ebb3f65f386.jpg'><img loading=\"lazy\" decoding=\"async\" width=\"213\" height=\"300\" src=\"https:\/\/www.radiopiu.net\/wordpress\/wp-content\/uploads\/2021\/12\/d1a57b46-63dd-4f06-9e02-6ebb3f65f386-213x300.jpg\" class=\"attachment-medium size-medium\" alt=\"\" srcset=\"https:\/\/www.radiopiu.net\/wordpress\/wp-content\/uploads\/2021\/12\/d1a57b46-63dd-4f06-9e02-6ebb3f65f386-213x300.jpg 213w, https:\/\/www.radiopiu.net\/wordpress\/wp-content\/uploads\/2021\/12\/d1a57b46-63dd-4f06-9e02-6ebb3f65f386.jpg 728w\" sizes=\"auto, (max-width: 213px) 100vw, 213px\" \/><\/a>\n\t\t\t\t<\/dt><\/dl><br style=\"clear: both\" \/>\n\t\t\t<\/div>\n\n<p>&nbsp;<\/p>\n<hr \/>\n<p>&nbsp;<\/p>\n<p>&nbsp;<\/p>\n<blockquote>\n<h2>Incontri al Museo diocesano Libri, studi, ricerche, presentazioni con gli autori<\/h2>\n<\/blockquote>\n<p><strong><a href=\"https:\/\/www.radiopiu.net\/wordpress\/giornale-radiopiu-06-dicembre-2021-direttore-mirko-mezzacasa\/324057_pbl_vol_tesori_darte_cop_ok-indd\/\" rel=\"attachment wp-att-246834\"><img loading=\"lazy\" decoding=\"async\" class=\" wp-image-246834 alignleft\" src=\"https:\/\/www.radiopiu.net\/wordpress\/wp-content\/uploads\/2021\/12\/TesoridArte_CopertinaLibro-224x300.jpg\" alt=\"\" width=\"167\" height=\"224\" srcset=\"https:\/\/www.radiopiu.net\/wordpress\/wp-content\/uploads\/2021\/12\/TesoridArte_CopertinaLibro-224x300.jpg 224w, https:\/\/www.radiopiu.net\/wordpress\/wp-content\/uploads\/2021\/12\/TesoridArte_CopertinaLibro-765x1024.jpg 765w, https:\/\/www.radiopiu.net\/wordpress\/wp-content\/uploads\/2021\/12\/TesoridArte_CopertinaLibro-768x1028.jpg 768w, https:\/\/www.radiopiu.net\/wordpress\/wp-content\/uploads\/2021\/12\/TesoridArte_CopertinaLibro-1147x1536.jpg 1147w, https:\/\/www.radiopiu.net\/wordpress\/wp-content\/uploads\/2021\/12\/TesoridArte_CopertinaLibro-1529x2048.jpg 1529w, https:\/\/www.radiopiu.net\/wordpress\/wp-content\/uploads\/2021\/12\/TesoridArte_CopertinaLibro-scaled.jpg 1912w\" sizes=\"auto, (max-width: 167px) 100vw, 167px\" \/><\/a>BELLUNO<\/strong>\u00a0 Continua l\u2019iniziativa promossa dal Comitato Scientifico del Museo diocesano Belluno-Feltre \u201cIncontri al Museo diocesano\u201d, un ciclo di conferenze e presentazioni di libri per approfondire storia e arte del territorio locale e nazionale.<\/p>\n<p>Il prossimo appuntamento \u00e8 previsto per oggi, alle 20.30. Verr\u00e0 presentato l\u2019ultimo volume monografico della collana \u201cTesori d\u2019arte nelle chiese del Bellunese\u201d, dedicato all\u2019altare a battenti della chiesa di S. Maria di Pieve di Cadore. Interverranno la curatrice, Letizia Lonzi \u2013 storica dell\u2019arte e componente del comitato scientifico del Museo diocesano \u2013 e le autrici di due contributi del volume, la storica dell\u2019arte Marta Mazza e la restauratrice Milena Dean.<\/p>\n<p>Venerd\u00ec 17 dicembre ci sar\u00e0 l\u2019ultimo incontro, quello della presentazione del libro di Zuleika Murat e Paolo Vedovetto, Il patriarcato di Aquileia: identit\u00e0, liturgia e arte (secoli V-XV), Viella, Roma 2021.<\/p>\n<p>Gli incontri si svolgono nella sala conferenze del Museo diocesano di Feltre (via Paradiso 19). Ingresso libero fino ad esaurimento posti (45 persone). Per l\u2019accesso sar\u00e0 necessario esibire il green pass. Per informazioni: info@museodiocesanobellunofeltre.it Tel. 0439844082 www.museodiocesanobellunofeltre.it<\/p>\n<p>&nbsp;<\/p>\n<p>&nbsp;<\/p>\n<p>&nbsp;<\/p>\n<hr \/>\n<p>&nbsp;<\/p>\n<blockquote>\n<h3>BOSCHI A NATALE IL 12 DICEMBRE<\/h3>\n<\/blockquote>\n<p><strong><a href=\"https:\/\/www.radiopiu.net\/wordpress\/giornale-radiopiu-06-dicembre-2021-direttore-mirko-mezzacasa\/valmorel-limana\/\" rel=\"attachment wp-att-246720\"><img loading=\"lazy\" decoding=\"async\" class=\"size-medium wp-image-246720 alignleft\" src=\"https:\/\/www.radiopiu.net\/wordpress\/wp-content\/uploads\/2021\/12\/valmorel-limana-300x202.jpg\" alt=\"\" width=\"300\" height=\"202\" srcset=\"https:\/\/www.radiopiu.net\/wordpress\/wp-content\/uploads\/2021\/12\/valmorel-limana-300x202.jpg 300w, https:\/\/www.radiopiu.net\/wordpress\/wp-content\/uploads\/2021\/12\/valmorel-limana-1024x691.jpg 1024w, https:\/\/www.radiopiu.net\/wordpress\/wp-content\/uploads\/2021\/12\/valmorel-limana-768x518.jpg 768w, https:\/\/www.radiopiu.net\/wordpress\/wp-content\/uploads\/2021\/12\/valmorel-limana.jpg 1338w\" sizes=\"auto, (max-width: 300px) 100vw, 300px\" \/><\/a>SOSPIROLO<\/strong> Ritorna la rassegna \u201cBoschi a Natale\u201d e la risposta delle Pro Loco Bellunesi non si fa attendere. Si tratta dell&#8217;evento dedicato alla scoperta di aree naturali e zone boschive di tutto il territorio veneto, promosso da Unpli Veneto e Regione del Veneto. Gli eventi bellunesi si svolgeranno tutti domenica 12 dicembre mentre, nel complesso, le passeggiate toccheranno sei province e 24 luoghi che spiccano per paesaggi e bellezze naturalistiche. Gli eventi di Belluno:\u00a0 Perarolo di Cadore propone una passeggiata \u201cTra i boschi del Centro Cadore\u201d con partenza alle 9.30 (punto di ritrovo in Piazza Boni a Caralte) e una formula di difficolt\u00e0 media per la durata di 4 ore. Auronzo propone invece una facile passeggiata di 1 ora e trenta al Lago di Santa Caterina, con partenza alle 10 (ritrovo in piazzale lago in via Zardus 35). Limana accoglier\u00e0 i partecipanti tra \u201cBoschi e Malghe a Valmorel\u201d, un facile itinerario di 2 ore e trenta circa tra le 9.30 e le 14 (ritrovo in piazza a Valmorel). Sospirolo accoglie un itinerario tra le Masiere e Sass Muss di 2 ore circa con partenza alle 10 (ritrovo in localit\u00e0 Gron\/Ai Fant 146). Valle di Cadore sceglie sempre itinerario semplice e 2 ore di marcia tra i boschi locali con partenza alle 10 (ritrovo in via della Stazione 6 a Venas di Cadore).<\/p>\n<p>&nbsp;<\/p>\n<p>&nbsp;<\/p>\n<hr \/>\n<p>&nbsp;<\/p>\n<blockquote>\n<h3>IL CAI AGORDO INCONTRA I COLLABORATORI<\/h3>\n<\/blockquote>\n<p><strong>AGORDO<\/strong> La Sezione Agordina del CAI \u00e8 lieta di invitare tutti coloro che in qualsiasi modo hanno collaborato nelle attivit\u00e0 nel 2021 al consueto incontro convivialeche si terr\u00e0 oggi alle ore 17.30\/18.00 presso la Pizzeria Agordina ad Agordo. Il Direttivo sezionale rammenta che in ottemperanza alle nuove disposizioni in vigore\u00a0 \u00e8 previsto il possesso del <u>Green Pass Rafforzato<\/u>.<\/p>\n<p>&nbsp;<\/p>\n<p>&nbsp;<\/p>\n<hr \/>\n<p>&nbsp;<\/p>\n<blockquote>\n<h3>DUE DOMENICHE CON IL MERCATINO DELL&#8217;OGGETTO RITROVATO<\/h3>\n<\/blockquote>\n<p><strong>FELTRE<\/strong> A dicembre gli appuntamenti con la Fiera dell&#8217;Oggetto Ritrovato di Feltre saranno due. Le domeniche del 12\/12 e del 19\/12 due speciali edizioni natalizie del mercatino dell&#8217;antiquariato e dell&#8217;usato, che per l&#8217;occasione sar\u00e0 aperto anche ad artigianato e prodotti del proprio ingegno, insomma tutto quello che pu\u00f2 rappresentare un regalo di Natale. Mercanti e hobbisti da tutto il triveneto esporranno oggetti di antiquariato e usato vari, tra mobili, oggettistica, libri, vestiti, vintage, orologi, monete, medaglie, cartoline e vinili, hobbismo e artigianato. L\u2019accesso al mercatino dovr\u00e0 avvenire nel rispetto delle normative anti covid vigenti.<\/p>\n<p>&nbsp;<\/p>\n<p>&nbsp;<\/p>\n<hr \/>\n<p>&nbsp;<\/p>\n<h2><span style=\"color: #ff0000;\">IERI ALLA RADIO\u00a0<\/span><\/h2>\n<h2><strong><a href=\"https:\/\/www.radiopiu.net\/wordpress\/ad-alleghe-250-ragazzi-disabili-assieme-ai-campioni-di-motocross\/sledterapia_max-tosi\/\" rel=\"attachment wp-att-117500\"><img loading=\"lazy\" decoding=\"async\" class=\"size-medium wp-image-117500 alignleft\" src=\"https:\/\/www.radiopiu.net\/wordpress\/wp-content\/uploads\/2020\/02\/SledTerapia_Max-Tosi-300x169.jpg\" alt=\"\" width=\"300\" height=\"169\" srcset=\"https:\/\/www.radiopiu.net\/wordpress\/wp-content\/uploads\/2020\/02\/SledTerapia_Max-Tosi-300x169.jpg 300w, https:\/\/www.radiopiu.net\/wordpress\/wp-content\/uploads\/2020\/02\/SledTerapia_Max-Tosi-1024x576.jpg 1024w, https:\/\/www.radiopiu.net\/wordpress\/wp-content\/uploads\/2020\/02\/SledTerapia_Max-Tosi-768x432.jpg 768w, https:\/\/www.radiopiu.net\/wordpress\/wp-content\/uploads\/2020\/02\/SledTerapia_Max-Tosi-1536x864.jpg 1536w, https:\/\/www.radiopiu.net\/wordpress\/wp-content\/uploads\/2020\/02\/SledTerapia_Max-Tosi-2048x1152.jpg 2048w\" sizes=\"auto, (max-width: 300px) 100vw, 300px\" \/><\/a><span style=\"color: #008000;\">MAX TOSI E LE MOTOSLITTE AI PIANI DI PEZZE&#8217;<\/span><\/strong><\/h2>\n<p><strong>di Claudio Fontanive<\/strong><\/p>\n<p>Ospite: Max Tosi<\/p>\n<audio class=\"wp-audio-shortcode\" id=\"audio-247386-7\" preload=\"none\" style=\"width: 100%;\" controls=\"controls\"><source type=\"audio\/mpeg\" src=\"https:\/\/www.radiopiu.net\/wordpress\/wp-content\/uploads\/2021\/12\/max-tosi-9-dicembre.mp3?_=7\" \/><a href=\"https:\/\/www.radiopiu.net\/wordpress\/wp-content\/uploads\/2021\/12\/max-tosi-9-dicembre.mp3\">https:\/\/www.radiopiu.net\/wordpress\/wp-content\/uploads\/2021\/12\/max-tosi-9-dicembre.mp3<\/a><\/audio>\n<p>&nbsp;<\/p>\n<hr \/>\n<p>&nbsp;<\/p>\n<h2><strong><a href=\"https:\/\/www.radiopiu.net\/wordpress\/giornale-radiopiu-06-febbraio-2019-direttore-mirko-mezzacasa\/logo_spi-cgil-800x445\/\" rel=\"attachment wp-att-75538\"><img loading=\"lazy\" decoding=\"async\" class=\"size-medium wp-image-75538 alignleft\" src=\"https:\/\/www.radiopiu.net\/wordpress\/wp-content\/uploads\/2019\/02\/Logo_Spi-CGIL-800x445-300x167.jpg\" alt=\"\" width=\"300\" height=\"167\" srcset=\"https:\/\/www.radiopiu.net\/wordpress\/wp-content\/uploads\/2019\/02\/Logo_Spi-CGIL-800x445-300x167.jpg 300w, https:\/\/www.radiopiu.net\/wordpress\/wp-content\/uploads\/2019\/02\/Logo_Spi-CGIL-800x445-768x427.jpg 768w, https:\/\/www.radiopiu.net\/wordpress\/wp-content\/uploads\/2019\/02\/Logo_Spi-CGIL-800x445.jpg 800w\" sizes=\"auto, (max-width: 300px) 100vw, 300px\" \/><\/a><span style=\"color: #ff6600;\">SPECIALE SPI CGIL &#8211; 09 NOVEMBRE 2021<\/span><\/strong><\/h2>\n<p><strong>di Claudio Fontanive<\/strong><\/p>\n<p>Ospite: Maria Rita Gentilin, segretario provinciale SPI CGIL<\/p>\n<audio class=\"wp-audio-shortcode\" id=\"audio-247386-8\" preload=\"none\" style=\"width: 100%;\" controls=\"controls\"><source type=\"audio\/mpeg\" src=\"https:\/\/www.radiopiu.net\/wordpress\/wp-content\/uploads\/2021\/12\/spi-gfil-9-dicembre.mp3?_=8\" \/><a href=\"https:\/\/www.radiopiu.net\/wordpress\/wp-content\/uploads\/2021\/12\/spi-gfil-9-dicembre.mp3\">https:\/\/www.radiopiu.net\/wordpress\/wp-content\/uploads\/2021\/12\/spi-gfil-9-dicembre.mp3<\/a><\/audio>\n<p>&nbsp;<\/p>\n<p>&nbsp;<\/p>\n<hr \/>\n<p>&nbsp;<\/p>\n<div>\n<div class=\"b654a4as d2edcug0\">\n<div class=\"rq0escxv hkbzh7o3 jwdofwj8 n8tt0mok r8blr3vg hyh9befq\">\n<p><a class=\"dt-pswp-item\" href=\"https:\/\/www.radiopiu.net\/wordpress\/wp-content\/uploads\/2020\/10\/pp.jpg\" data-dt-img-description=\"\" data-large_image_width=\"640\" data-large_image_height=\"640\"><img loading=\"lazy\" decoding=\"async\" class=\"wp-image-163678 alignleft\" src=\"https:\/\/www.radiopiu.net\/wordpress\/wp-content\/uploads\/2020\/10\/pp-300x300.jpg\" alt=\"\" width=\"106\" height=\"106\" srcset=\"https:\/\/www.radiopiu.net\/wordpress\/wp-content\/uploads\/2020\/10\/pp-300x300.jpg 300w, https:\/\/www.radiopiu.net\/wordpress\/wp-content\/uploads\/2020\/10\/pp-150x150.jpg 150w, https:\/\/www.radiopiu.net\/wordpress\/wp-content\/uploads\/2020\/10\/pp-125x125.jpg 125w, https:\/\/www.radiopiu.net\/wordpress\/wp-content\/uploads\/2020\/10\/pp-200x200.jpg 200w, https:\/\/www.radiopiu.net\/wordpress\/wp-content\/uploads\/2020\/10\/pp-80x80.jpg 80w, https:\/\/www.radiopiu.net\/wordpress\/wp-content\/uploads\/2020\/10\/pp-480x480.jpg 480w, https:\/\/www.radiopiu.net\/wordpress\/wp-content\/uploads\/2020\/10\/pp.jpg 640w\" sizes=\"auto, (max-width: 106px) 100vw, 106px\" \/><\/a><\/p>\n<\/div>\n<\/div>\n<\/div>\n<div>\n<div class=\"page-title-head hgroup\">\n<div class=\"page-title-head hgroup\">\n<div class=\"b654a4as d2edcug0\">\n<div class=\"j83agx80 btwxx1t3 lhclo0ds hop8lmos nkwizq5d scwd0bx6 roh60bw9\">\n<div class=\"rq0escxv hkbzh7o3 jwdofwj8 n8tt0mok r8blr3vg hyh9befq\">\n<div class=\"do00u71z l9j0dhe7 k4urcfbm\">\n<h2><span style=\"color: #000080;\">DON CESARE, IL PENSIERO DEL GIORNO. ALLA RADIO ALLE 7 DEL MATTINO E ALLE 19.30 DELLA SERA.\u00a0\u00a0<\/span><\/h2>\n<p>&nbsp;<\/p>\n<p>&nbsp;<\/p>\n<audio class=\"wp-audio-shortcode\" id=\"audio-247386-9\" preload=\"none\" style=\"width: 100%;\" controls=\"controls\"><source type=\"audio\/mpeg\" src=\"https:\/\/www.radiopiu.net\/wordpress\/wp-content\/uploads\/2021\/12\/CESARE-3.mp3?_=9\" \/><a href=\"https:\/\/www.radiopiu.net\/wordpress\/wp-content\/uploads\/2021\/12\/CESARE-3.mp3\">https:\/\/www.radiopiu.net\/wordpress\/wp-content\/uploads\/2021\/12\/CESARE-3.mp3<\/a><\/audio>\n<p>&nbsp;<\/p>\n<p>&nbsp;<\/p>\n<hr \/>\n<p>&nbsp;<\/p>\n<blockquote>\n<h3>I CADORINI MENEGUS PADRE E FIGLIA SUORA CON I PREZIOSI DIARI, DOCUMENTI DI STORIA<\/h3>\n<\/blockquote>\n<p>&nbsp;<\/p>\n<p><strong>di RENATO BONA<\/strong><\/p>\n<p>Leggendo con il meritato interesse il pregevole volume \u201cDocumenti di storia. Cadore Zoldo e Alpago\u201d curato da Aldo Belli per l\u2019Istituto bellunese di ricerche sociali e culturali e stampato nel giugno del 1978 dalla tipografia Piave (\u00e8 una preziosa una raccolta di diari: il primo del 1810, l\u2019ultimo del 1947 in cui il tema principale sono le invasioni, ma non mancano riflessioni su emigrazione, costume e calamit\u00e0) ci siamo imbattuti in una curiosit\u00e0 che ci piace proporre a chi ci segue: padre e figlia Menegus sono presenti con altrettanti diari. Lui che il 25 gennaio 1947 esordisce scrivendo ai nipoti: \u201cFuori fa molto freddo e il tempo mi permette. Vostro nonno, Menegus Francesco fu Gian Maria di S. Vito di Cadore (prov. di Belluno), nato il 23 settembre 1869 intende lasciarvi il presente ricordo. Non meravigliatevi se nel mio scritto troverete qualche errore. Pensate per prima cosa alla mia avanzata et\u00e0; poi bisogna osservare che ai tempi ch\u2019io andavo alla scuola il massimo si faceva fino la terza elementare e che nel seguito ho dovuto imparare a mio costo\u2026\u201d. Lei, suor Maria Arcangela, che all\u2019epoca di stampa del volume da oltre cinquant\u2019anni prestava servizio al \u201cCottolengo\u201d di Torino, che ci ha lasciato uno scritto dal quale il curatore del libro, Aldo Belli, ha scelto \u201csolo ci\u00f2 che poteva completare la descrizione della figura del padre e delle sue vicende durante il periodo dell\u2019\u2018invasione\u201d. A proposito di Cottolengo, l libera enciclopedia Wikipedia specifica: \u201cLa Piccola casa della Divina Provvidenza, pi\u00f9 semplicemente conosciuta come il Cottolengo dal nome del suo fondatore san Giuseppe Benedetto Cottolego, \u00e8 un istituto di carit\u00e0 con sede principale nel quartiere Aurora di Torino. L&#8217;istituto si occupa di assistenza alle persone con disabilit\u00e0 fisiche e mentali, agli anziani, agli ammalati in genere, ai minori orfani o comunque senza famiglia, ai tossicodipendenti, ai poveri senza fissa dimora e agli extracomunitari. In Italia le case di assistenza sono 35, con circa 1.700 assistiti. Nella casa madre di Torino gli assistiti sono 420. Accanto alle strutture per disabili opera l&#8217;ospedale, che dispone di 203 posti letto. Tra suore operative e anziane a riposo vivono inoltre nella casa madre oltre 600 religiose. Nell&#8217;istituto operano 1.200 volontari dell&#8217;Associazione volontariato cottolenghino, che accoglie, in totale, circa 2000 persone\u201d. Qui di seguito cerchiamo di sintetizzare al meglio i due testi e partiamo con Francesco il quale spiega che fin da giovane \u201cho dovuto incominciare a girare il mondo: dall\u2019et\u00e0 di 14 anni ho dovuto prendermi il fagotto in spalla e a piedi mi portati fino a Dobbiaco, otto ore di cammino, poi presi il treno e mi porti fino a Brunico a lavorare. Cost\u00ec vostro bisnonno teneva un piccolo lavoro, la costruzione di un canale e cost\u00ec mi fermai per due mesi. Al 22 dicembre ritornai a casa e andai ad imparare il mestiere di falegname. L\u2019estate andai a far malta e a portare sassi: cos\u00ec usavano a quei tempi per il primo anno di lavoro. Il secondo anno incominciai a lavorare di muratura. Il terzo anno, l\u2019autunno, andai la lavorare con mio padre a Siglian, solo due mesi, e poi seguitai ad andare a imparare il mestiere. Non avevo ancora compiuto i 17 anni quando partii col mio bagaglio in spalla e camminai di nuovo fino a Dobbiaco, dove presi il treno e mi portai in Ungheria; proseguii per la Romania (da solo) e mi portai a Bucarest. Poi prosegui fino a Rimini Sart. Cost\u00ec un mio zio teneva un lavoro di carpenteria per la costruzione d\u2019un ospedale militare e cost\u00ec lavorai. Dopo due mesi i lavori furono tutti fermi per \u2018inverno. Io, non sapendo cosa fare, mi sono messo a fare dei piccoli scagnelli e coperchi da pignatte e li vendevo, fino a che ho passato l\u2019inverno. Finito quel lavoro abbiamo fatto altri lavori in citt\u00e0, ma poi ricordo che tanta era la fatica a fare il lavoro e altrettanta la fatica per essere pagati. Nel 1887 andai a piedi a Buseo. Era gi\u00e0 l\u2019autunno. Mi portai da un\u2019impresa che doveva fare un lavoro per rinforzare un ponte. Abbiamo fatto la macchina per battere i pali, ma poco dopo il lavoro fu sospeso. Ritornai a Rimini Sart Quando fu la buona stagione ritornai nella citt\u00e0 di Buseo a lavorare per i coperti di due grosse fabbriche, ma con pochissimi guadagni\u2026\u201d. Il diario prosegue per un\u2019altra trentina di pagine per richiamare lavori e non solo: il ponte di Poma a doppia arcata,quello di Cantalupo, l\u2019inaugurazione \u201ccon un sigaro\u201d due chilometri di teleferica a Prato Ligure, l\u2019episodio di una \u201cteleferica azionata da un mulo con un occhio bendato e uno cieco\u201d, un ponte sul Po a Trino Torinese, quello sul Sesia, quello di Crescentino, il bacino di carenaggio a Napoli, il ponte su fiume Tronto, la banchina al Molino Stucchi di Venezia, il ponte sul Trebbia, quello sul fiume Acri a Montalbano Ionico. C\u2019\u00e8 quindi la parentesi della malaria dalla quale fu colpito Menegus che nell\u2019occasione matur\u00f2 l\u2019idea di andare in America del nord verso la quale part\u00ec il 7 marzo 1905. Poi altri importanti lavori in America e in Italia, il ritorno a San Vito dove la casa di famiglia era divenuta Osservatorio militare; la guerra sul Piave, l\u2019invasione e la carestia\u2026 Di nuovo lavori a Roncadelle dove c\u2019era la casa, a San Vito, lavori in montagna\u2026 Infine, sempre rivolto ai nipoti tutti: \u201cIo attualmente nessuno di voi tengo qui presenti in mia compagnia per poterci raccontare la storia, come fanno tutti i nonni; cos\u00ec io ho pensato a scriverla, che ve la tramanderete, in modo che tutti avete a sapere quale fu la vita che ha passato il nonno vostro. E a voi porgo i miei auguri che Dio voglia che la potete passare meglio di quello che l\u2019ho passata io\u201d. Decisamente pi\u00f9 stringato il diario di suor Maria Arcangela che ricorda il padre come persona onesta, amante dell\u2019ordine e della pulizia ch\u2019esigeva al massimo grado. Un Aneddoto: \u201cAvendo trovato 10 lire, mentre contenta pensavo di tenerle, il pap\u00e0 m\u2019impose di portarle immediatamente al parroco affinch\u00e9 le rendesse al padrone\u2026 Non si stancava di inculcarci l\u2019amore alla sincerit\u00e0 e l\u2019orrore ai raggiri e alle doppiezze. Ancora: non transigeva in fatto di religione, vigilando perch\u00e9 si andasse alla santa Messa e si frequentasse il Catechismo&#8230;Tutte le sere ci faceva la lettura del Vangelo e della storia Sacra per circa un\u2019ora dopo di che, recitando il santo Rosario e le preghiere ci mandava a letto. Un ricordo anche di quando le truppe italiane nella ritirata \u201cinvasero la nostra casa, che ospit\u00f2 in tale contingenza circa 200 ufficiali\u2026. L\u2019indomani fummo spaventati dagli allarmi della ritirata e venne minato anche il ponte di Piave; mentre terrorizzati si attendeva il nemico \u201cil pap\u00e0 ci incoraggiava alla preghiera e alla confidenza in Maria santissima\u201d. Ultimi ricordi della ritirata: \u201c\u2026desideroso di recare soccorso, mio padre usc\u00ec un giorno accompagnato da me e potemmo scoprire tre arditi italiani gravemente feriti; li trasportammo in canonica con grande delicatezza e dopo aver ricevuto gi ultimi Sacramenti dal reverendo Arciprete, morirono tranquilli\u201d. E quello dei giorni in cui \u201cPap\u00e0 mi invit\u00f2 ad accompagnarlo a Roncadelle per vedere la nostra casa\u2026 vedemmo tanti cadaveri in putrefazione, il palazzo della zia ridotto in macerie, la nostra palazzina mezza distrutta, la casa colonica rasa al suolo\u2026 Entrata in una stanza, vidi mio padre in ginocchio che pregava davanti al cadavere di un capitano, quindi ne recuper\u00f2 i documenti: era un milanese che aveva una bambina; la famiglia fu avvertita e venne a recuperare la salma\u2026\u201d.<\/p>\n\n\t\t\t<style type='text\/css'>\n\t\t\t\t#gallery-5 {\n\t\t\t\t\tmargin: auto;\n\t\t\t\t}\n\t\t\t\t#gallery-5 .gallery-item {\n\t\t\t\t\tfloat: left;\n\t\t\t\t\tmargin-top: 10px;\n\t\t\t\t\ttext-align: center;\n\t\t\t\t\twidth: 20%;\n\t\t\t\t}\n\t\t\t\t#gallery-5 img {\n\t\t\t\t\tborder: 2px solid #cfcfcf;\n\t\t\t\t}\n\t\t\t\t#gallery-5 .gallery-caption {\n\t\t\t\t\tmargin-left: 0;\n\t\t\t\t}\n\t\t\t\t\/* see gallery_shortcode() in wp-includes\/media.php *\/\n\t\t\t<\/style>\n\t\t<div id='gallery-5' class='dt-gallery-container gallery galleryid-247386 gallery-columns-5 gallery-size-thumbnail'><dl class='gallery-item'>\n\t\t\t\t<dt class='gallery-icon portrait'>\n\t\t\t\t\t<a class=\"rollover rollover-zoom dt-pswp-item\" title=\"264158783_473956297455694_7336024984200058731_n\" data-dt-img-description=\"\" data-large_image_width=\"151\" data-large_image_height=\"247\"href='https:\/\/www.radiopiu.net\/wordpress\/wp-content\/uploads\/2021\/12\/264158783_473956297455694_7336024984200058731_n.jpg'><img loading=\"lazy\" decoding=\"async\" width=\"150\" height=\"150\" src=\"https:\/\/www.radiopiu.net\/wordpress\/wp-content\/uploads\/2021\/12\/264158783_473956297455694_7336024984200058731_n-150x150.jpg\" class=\"attachment-thumbnail size-thumbnail\" alt=\"\" \/><\/a>\n\t\t\t\t<\/dt><\/dl><dl class='gallery-item'>\n\t\t\t\t<dt class='gallery-icon portrait'>\n\t\t\t\t\t<a class=\"rollover rollover-zoom dt-pswp-item\" title=\"263679105_372884684614065_6081082865444608266_n\" data-dt-img-description=\"\" data-large_image_width=\"197\" data-large_image_height=\"206\"href='https:\/\/www.radiopiu.net\/wordpress\/wp-content\/uploads\/2021\/12\/263679105_372884684614065_6081082865444608266_n.jpg'><img loading=\"lazy\" decoding=\"async\" width=\"150\" height=\"150\" src=\"https:\/\/www.radiopiu.net\/wordpress\/wp-content\/uploads\/2021\/12\/263679105_372884684614065_6081082865444608266_n-150x150.jpg\" class=\"attachment-thumbnail size-thumbnail\" alt=\"\" \/><\/a>\n\t\t\t\t<\/dt><\/dl><dl class='gallery-item'>\n\t\t\t\t<dt class='gallery-icon portrait'>\n\t\t\t\t\t<a class=\"rollover rollover-zoom dt-pswp-item\" title=\"263589896_633733191215351_4642775454965960624_n\" data-dt-img-description=\"\" data-large_image_width=\"152\" data-large_image_height=\"225\"href='https:\/\/www.radiopiu.net\/wordpress\/wp-content\/uploads\/2021\/12\/263589896_633733191215351_4642775454965960624_n.jpg'><img loading=\"lazy\" decoding=\"async\" width=\"150\" height=\"150\" src=\"https:\/\/www.radiopiu.net\/wordpress\/wp-content\/uploads\/2021\/12\/263589896_633733191215351_4642775454965960624_n-150x150.jpg\" class=\"attachment-thumbnail size-thumbnail\" alt=\"\" \/><\/a>\n\t\t\t\t<\/dt><\/dl><dl class='gallery-item'>\n\t\t\t\t<dt class='gallery-icon portrait'>\n\t\t\t\t\t<a class=\"rollover rollover-zoom dt-pswp-item\" title=\"263651040_1434826716911039_6365689020721641405_n\" data-dt-img-description=\"\" data-large_image_width=\"156\" data-large_image_height=\"240\"href='https:\/\/www.radiopiu.net\/wordpress\/wp-content\/uploads\/2021\/12\/263651040_1434826716911039_6365689020721641405_n.jpg'><img loading=\"lazy\" decoding=\"async\" width=\"150\" height=\"150\" src=\"https:\/\/www.radiopiu.net\/wordpress\/wp-content\/uploads\/2021\/12\/263651040_1434826716911039_6365689020721641405_n-150x150.jpg\" class=\"attachment-thumbnail size-thumbnail\" alt=\"\" \/><\/a>\n\t\t\t\t<\/dt><\/dl><dl class='gallery-item'>\n\t\t\t\t<dt class='gallery-icon landscape'>\n\t\t\t\t\t<a class=\"rollover rollover-zoom dt-pswp-item\" title=\"263971072_889947148377846_6151994670780184074_n\" data-dt-img-description=\"\" data-large_image_width=\"272\" data-large_image_height=\"206\"href='https:\/\/www.radiopiu.net\/wordpress\/wp-content\/uploads\/2021\/12\/263971072_889947148377846_6151994670780184074_n.jpg'><img loading=\"lazy\" decoding=\"async\" width=\"150\" height=\"150\" src=\"https:\/\/www.radiopiu.net\/wordpress\/wp-content\/uploads\/2021\/12\/263971072_889947148377846_6151994670780184074_n-150x150.jpg\" class=\"attachment-thumbnail size-thumbnail\" alt=\"\" \/><\/a>\n\t\t\t\t<\/dt><\/dl><br style=\"clear: both\" \/><dl class='gallery-item'>\n\t\t\t\t<dt class='gallery-icon landscape'>\n\t\t\t\t\t<a class=\"rollover rollover-zoom dt-pswp-item\" title=\"263689905_580427619781948_4986192522440083878_n\" data-dt-img-description=\"\" data-large_image_width=\"344\" data-large_image_height=\"206\"href='https:\/\/www.radiopiu.net\/wordpress\/wp-content\/uploads\/2021\/12\/263689905_580427619781948_4986192522440083878_n.jpg'><img loading=\"lazy\" decoding=\"async\" width=\"150\" height=\"150\" src=\"https:\/\/www.radiopiu.net\/wordpress\/wp-content\/uploads\/2021\/12\/263689905_580427619781948_4986192522440083878_n-150x150.jpg\" class=\"attachment-thumbnail size-thumbnail\" alt=\"\" \/><\/a>\n\t\t\t\t<\/dt><\/dl><dl class='gallery-item'>\n\t\t\t\t<dt class='gallery-icon landscape'>\n\t\t\t\t\t<a class=\"rollover rollover-zoom dt-pswp-item\" title=\"263463833_428921625514410_684535970013431010_n\" data-dt-img-description=\"\" data-large_image_width=\"320\" data-large_image_height=\"201\"href='https:\/\/www.radiopiu.net\/wordpress\/wp-content\/uploads\/2021\/12\/263463833_428921625514410_684535970013431010_n.jpg'><img loading=\"lazy\" decoding=\"async\" width=\"150\" height=\"150\" src=\"https:\/\/www.radiopiu.net\/wordpress\/wp-content\/uploads\/2021\/12\/263463833_428921625514410_684535970013431010_n-150x150.jpg\" class=\"attachment-thumbnail size-thumbnail\" alt=\"\" \/><\/a>\n\t\t\t\t<\/dt><\/dl><dl class='gallery-item'>\n\t\t\t\t<dt class='gallery-icon landscape'>\n\t\t\t\t\t<a class=\"rollover rollover-zoom dt-pswp-item\" title=\"263498842_231405562401399_6039492322349382207_n\" data-dt-img-description=\"\" data-large_image_width=\"273\" data-large_image_height=\"206\"href='https:\/\/www.radiopiu.net\/wordpress\/wp-content\/uploads\/2021\/12\/263498842_231405562401399_6039492322349382207_n.jpg'><img loading=\"lazy\" decoding=\"async\" width=\"150\" height=\"150\" src=\"https:\/\/www.radiopiu.net\/wordpress\/wp-content\/uploads\/2021\/12\/263498842_231405562401399_6039492322349382207_n-150x150.jpg\" class=\"attachment-thumbnail size-thumbnail\" alt=\"\" \/><\/a>\n\t\t\t\t<\/dt><\/dl><dl class='gallery-item'>\n\t\t\t\t<dt class='gallery-icon portrait'>\n\t\t\t\t\t<a class=\"rollover rollover-zoom dt-pswp-item\" title=\"264004609_209960777984377_6824043533318333161_n\" data-dt-img-description=\"\" data-large_image_width=\"160\" data-large_image_height=\"202\"href='https:\/\/www.radiopiu.net\/wordpress\/wp-content\/uploads\/2021\/12\/264004609_209960777984377_6824043533318333161_n.jpg'><img loading=\"lazy\" decoding=\"async\" width=\"150\" height=\"150\" src=\"https:\/\/www.radiopiu.net\/wordpress\/wp-content\/uploads\/2021\/12\/264004609_209960777984377_6824043533318333161_n-150x150.jpg\" class=\"attachment-thumbnail size-thumbnail\" alt=\"\" \/><\/a>\n\t\t\t\t<\/dt><\/dl>\n\t\t\t\t<br style='clear: both' \/>\n\t\t\t<\/div>\n\n<p>&nbsp;<\/p>\n<p>NELLE FOTO (Wikipedia, Biblioteca Gregoriana del Seminario di Belluno, Emilio Dal Farra e riproduzioni dal libro di Aldo Belli \u201cDocumenti di storia. Cadore Zoldo e Alpago\u201d): il cadorino Giuseppe Meneguz Pel\u00e0; sua figlia, suor Arcangela, impegnata per mezzo secolo al \u201cCottolengo\u201d di Torino; carpenteria: vari tipi di centine usate anche da Menegus; macchina per battere i pali (Diderot-D\u2019Alambert, Encyclop\u00e9die, Livourne 1770); cassone per fondazioni; ponte sul Sesia nei pressi di Casal Monferrato; Crescentino: ponte sul Po; immagine esterna del Cottolengo; il fondatore della benemerita istituzione Giuseppe Benedetto Cottolengo.<\/p>\n<p>&nbsp;<\/p>\n<p>&nbsp;<\/p>\n<p>&nbsp;<\/p>\n<p>&nbsp;<\/p>\n<hr \/>\n<p>&nbsp;<\/p>\n<blockquote>\n<h3>IN VIVO VERSO, SETTIMA STAGIONE CON BRUNELLA MORO, DAL LUNEDI AL VENERDI ALLE 7.10, 10.10 E 18.50<\/h3>\n<h3>NONNA di ALICE DE TONI<\/h3>\n<\/blockquote>\n<p><strong>AUDIO<\/strong><\/p>\n<audio class=\"wp-audio-shortcode\" id=\"audio-247386-10\" preload=\"none\" style=\"width: 100%;\" controls=\"controls\"><source type=\"audio\/mpeg\" src=\"https:\/\/www.radiopiu.net\/wordpress\/wp-content\/uploads\/2021\/12\/04-ALICE-DE-TONI-NONNA.mp3?_=10\" \/><a href=\"https:\/\/www.radiopiu.net\/wordpress\/wp-content\/uploads\/2021\/12\/04-ALICE-DE-TONI-NONNA.mp3\">https:\/\/www.radiopiu.net\/wordpress\/wp-content\/uploads\/2021\/12\/04-ALICE-DE-TONI-NONNA.mp3<\/a><\/audio>\n<p>&nbsp;<\/p>\n<p><img loading=\"lazy\" decoding=\"async\" class=\"alignleft\" src=\"https:\/\/www.radiopiu.net\/wordpress\/wp-content\/uploads\/2021\/12\/b470b74f-9ff6-4eb8-8c4f-69e4649690ca.jpg\" width=\"205\" height=\"218\" \/>NONNA<br \/>\n(A mia nonna Giacomina Gnech)<\/p>\n<p>Io<br \/>\nche ti vengo a trovare<br \/>\ne un po&#8217; assaporo<br \/>\nil gusto dell&#8217;azzardo.<br \/>\nIo<br \/>\nche non credo<br \/>\ne me ne vanto<br \/>\nma finisco sempre<br \/>\ncol battere le dita<br \/>\nsul legno e sulla terra<br \/>\ne scaccio le formiche.<br \/>\nIo<br \/>\nche mi inginocchio<br \/>\nsilenziosa<br \/>\ne ripeto a bassa voce il mio canto<br \/>\nche sa di cenere<br \/>\ne acqua di mare.<br \/>\nIo<br \/>\nche ritorno a casa<br \/>\ncon le mani in tasca<br \/>\nla testa bassa<br \/>\ntrascinando i piedi<br \/>\nuno dopo l&#8217;altro<br \/>\ne il pensiero<br \/>\ncorre gi\u00e0 a domani,<br \/>\nalla prossima volta.<\/p>\n<p>&nbsp;<\/p>\n<p><strong>LA RACCOLTA COMPLETA\u00a0 \u00a0<\/strong><\/p>\n<blockquote class=\"wp-embedded-content\" data-secret=\"C4pJT1qOHo\"><p><a href=\"https:\/\/www.radiopiu.net\/wordpress\/in-vivo-verso\/\">In Vivo Verso<\/a><\/p><\/blockquote>\n<p><iframe loading=\"lazy\" class=\"wp-embedded-content\" sandbox=\"allow-scripts\" security=\"restricted\" style=\"position: absolute; clip: rect(1px, 1px, 1px, 1px);\" title=\"&#8220;In Vivo Verso&#8221; &#8212; Radio Pi\u00f9\" src=\"https:\/\/www.radiopiu.net\/wordpress\/in-vivo-verso\/embed\/#?secret=C4pJT1qOHo\" data-secret=\"C4pJT1qOHo\" width=\"600\" height=\"338\" frameborder=\"0\" marginwidth=\"0\" marginheight=\"0\" scrolling=\"no\"><\/iframe><\/p>\n<p>&nbsp;<\/p>\n<hr \/>\n<div>\n<div class=\"page-title-head hgroup\">\n<div class=\"page-title-head hgroup\">\n<div class=\"b654a4as d2edcug0\">\n<div class=\"j83agx80 btwxx1t3 lhclo0ds hop8lmos nkwizq5d scwd0bx6 roh60bw9\">\n<div class=\"rq0escxv hkbzh7o3 jwdofwj8 n8tt0mok r8blr3vg hyh9befq\">\n<div class=\"do00u71z l9j0dhe7 k4urcfbm\">\n<div class=\"ecm0bbzt e5nlhep0 a8c37x1j\">\n<div class=\"kvgmc6g5 cxmmr5t8 oygrvhab hcukyx3x c1et5uql\">\n<div class=\"gmail-kvgmc6g5 gmail-cxmmr5t8 gmail-oygrvhab gmail-hcukyx3x gmail-c1et5uql gmail-ii04i59q\">\n<div class=\"page-title-head hgroup\">\n<div class=\"page-title-head hgroup\">\n<div class=\"b654a4as d2edcug0\">\n<div class=\"j83agx80 btwxx1t3 lhclo0ds hop8lmos nkwizq5d scwd0bx6 roh60bw9\">\n<div class=\"rq0escxv hkbzh7o3 jwdofwj8 n8tt0mok r8blr3vg hyh9befq\">\n<div class=\"do00u71z l9j0dhe7 k4urcfbm\">\n<p>&nbsp;<\/p>\n<p>&nbsp;<\/p>\n<blockquote>\n<h2>RADIO APERTA AL &#8220;FOLLADOR-DE ROSSI&#8221;, L&#8217;OFFERTA SCOLASTICA DI AGORDO E FALCADE<\/h2>\n<\/blockquote>\n<blockquote><p><em><img loading=\"lazy\" decoding=\"async\" class=\"alignleft\" src=\"https:\/\/www.radiopiu.net\/wordpress\/wp-content\/uploads\/2020\/10\/FOLLADOR-DE-ROSSI-scaled.jpg\" width=\"205\" height=\"96\" \/>Radio Aperta, perch\u00e8 apriamo i microfoni a dirigenti, insegnanti ed alunni. Un raccontato a puntate per conoscere l&#8217;offerta scolastica agordina, dal polo di Agordo a quello di Falcade. Da lunedi a venerdi a alla radio alle 9.10 e alle 18<\/em><\/p><\/blockquote>\n<p>&nbsp;<\/p>\n<p>&nbsp;<\/p>\n<h3><span style=\"color: #0000ff;\">4 ENOGASTRONOMICO E TECNICO TURISTICO DI FALCADE<\/span><\/h3>\n<audio class=\"wp-audio-shortcode\" id=\"audio-247386-11\" preload=\"none\" style=\"width: 100%;\" controls=\"controls\"><source type=\"audio\/mpeg\" src=\"https:\/\/www.radiopiu.net\/wordpress\/wp-content\/uploads\/2021\/12\/FOLLADOR-3.mp3?_=11\" \/><a href=\"https:\/\/www.radiopiu.net\/wordpress\/wp-content\/uploads\/2021\/12\/FOLLADOR-3.mp3\">https:\/\/www.radiopiu.net\/wordpress\/wp-content\/uploads\/2021\/12\/FOLLADOR-3.mp3<\/a><\/audio>\n<h3><span style=\"color: #0000ff;\">\u00a0<\/span><span style=\"color: #0000ff;\">\u00a0<\/span><\/h3>\n<h3><span style=\"color: #0000ff;\">3 LICEO SCIENTIFICO\u00a0<\/span><\/h3>\n<audio class=\"wp-audio-shortcode\" id=\"audio-247386-12\" preload=\"none\" style=\"width: 100%;\" controls=\"controls\"><source type=\"audio\/mpeg\" src=\"https:\/\/www.radiopiu.net\/wordpress\/wp-content\/uploads\/2021\/12\/FOLLADOR-2.mp3?_=12\" \/><a href=\"https:\/\/www.radiopiu.net\/wordpress\/wp-content\/uploads\/2021\/12\/FOLLADOR-2.mp3\">https:\/\/www.radiopiu.net\/wordpress\/wp-content\/uploads\/2021\/12\/FOLLADOR-2.mp3<\/a><\/audio>\n<h3><span style=\"color: #0000ff;\">\u00a0<\/span><\/h3>\n<h3><span style=\"color: #0000ff;\">2 IL DIRIGENTE CLAUDIO MAGALIN\u00a0 &#8211; LICEO SPORTIVO<\/span><\/h3>\n<audio class=\"wp-audio-shortcode\" id=\"audio-247386-13\" preload=\"none\" style=\"width: 100%;\" controls=\"controls\"><source type=\"audio\/mpeg\" src=\"https:\/\/www.radiopiu.net\/wordpress\/wp-content\/uploads\/2021\/12\/GDB900.mp3?_=13\" \/><a href=\"https:\/\/www.radiopiu.net\/wordpress\/wp-content\/uploads\/2021\/12\/GDB900.mp3\">https:\/\/www.radiopiu.net\/wordpress\/wp-content\/uploads\/2021\/12\/GDB900.mp3<\/a><\/audio>\n<p>&nbsp;<\/p>\n<h3><span style=\"color: #0000ff;\"><strong>1 LO SPOT ALLA RADIO<\/strong><\/span><\/h3>\n<audio class=\"wp-audio-shortcode\" id=\"audio-247386-14\" preload=\"none\" style=\"width: 100%;\" controls=\"controls\"><source type=\"audio\/mpeg\" src=\"https:\/\/www.radiopiu.net\/wordpress\/wp-content\/uploads\/2021\/12\/FOLLADOR-NOVEMBRE-2021.mp3?_=14\" \/><a href=\"https:\/\/www.radiopiu.net\/wordpress\/wp-content\/uploads\/2021\/12\/FOLLADOR-NOVEMBRE-2021.mp3\">https:\/\/www.radiopiu.net\/wordpress\/wp-content\/uploads\/2021\/12\/FOLLADOR-NOVEMBRE-2021.mp3<\/a><\/audio>\n<p>&nbsp;<\/p>\n<p>&nbsp;<\/p>\n<p>&nbsp;<\/p>\n<hr \/>\n<p>&nbsp;<\/p>\n<h2><span style=\"color: #ff00ff;\"><a href=\"https:\/\/www.radiopiu.net\/wordpress\/plastic-free-ottava-puntata\/260172614_616817659360747_2768082105235435116_n-2\/\" rel=\"attachment wp-att-244795\"><img loading=\"lazy\" decoding=\"async\" class=\" wp-image-244795 alignleft\" src=\"https:\/\/www.radiopiu.net\/wordpress\/wp-content\/uploads\/2021\/11\/260172614_616817659360747_2768082105235435116_n-1-225x300.jpg\" alt=\"\" width=\"85\" height=\"113\" srcset=\"https:\/\/www.radiopiu.net\/wordpress\/wp-content\/uploads\/2021\/11\/260172614_616817659360747_2768082105235435116_n-1-225x300.jpg 225w, https:\/\/www.radiopiu.net\/wordpress\/wp-content\/uploads\/2021\/11\/260172614_616817659360747_2768082105235435116_n-1.jpg 720w\" sizes=\"auto, (max-width: 85px) 100vw, 85px\" \/><\/a>PLASTIC FREE PER UN MONDO SENZA PLASTICA<\/span><\/h2>\n<p><strong>Con la collaborazione di Martina Smaniotto<\/strong><\/p>\n<p><em><strong>Puntata del 24 novembre 2021 DALLE SCUOLE DI CANALE D&#8217;AGORDO<\/strong><\/em><\/p>\n<audio class=\"wp-audio-shortcode\" id=\"audio-247386-15\" preload=\"none\" style=\"width: 100%;\" controls=\"controls\"><source type=\"audio\/mpeg\" src=\"https:\/\/www.radiopiu.net\/wordpress\/wp-content\/uploads\/2021\/11\/MARTINA-PLASTIC-7.mp3?_=15\" \/><a href=\"https:\/\/www.radiopiu.net\/wordpress\/wp-content\/uploads\/2021\/11\/MARTINA-PLASTIC-7.mp3\">https:\/\/www.radiopiu.net\/wordpress\/wp-content\/uploads\/2021\/11\/MARTINA-PLASTIC-7.mp3<\/a><\/audio>\n<p><strong>\u00a0<\/strong><\/p>\n<p><strong>LA RACCOLTA COMPLETA<\/strong><\/p>\n<blockquote class=\"wp-embedded-content\" data-secret=\"wLU7i6FtZM\"><p><a href=\"https:\/\/www.radiopiu.net\/wordpress\/plastic-free-per-un-mondo-senza-plastica\/\">PLASTIC FREE per un mondo senza plastica<\/a><\/p><\/blockquote>\n<p><iframe loading=\"lazy\" class=\"wp-embedded-content\" sandbox=\"allow-scripts\" security=\"restricted\" style=\"position: absolute; clip: rect(1px, 1px, 1px, 1px);\" title=\"&#8220;PLASTIC FREE per un mondo senza plastica&#8221; &#8212; Radio Pi\u00f9\" src=\"https:\/\/www.radiopiu.net\/wordpress\/plastic-free-per-un-mondo-senza-plastica\/embed\/#?secret=wLU7i6FtZM\" data-secret=\"wLU7i6FtZM\" width=\"600\" height=\"338\" frameborder=\"0\" marginwidth=\"0\" marginheight=\"0\" scrolling=\"no\"><\/iframe><\/p>\n<p>&nbsp;<\/p>\n<hr \/>\n<p>&nbsp;<\/p>\n<p><span style=\"color: #0000ff;\">MUSICA PIU&#8217;\u00a0<\/span><\/p>\n<p><a href=\"https:\/\/www.radiopiu.net\/wordpress\/giornale-radiopiu-20-settembre-2021-direttore-mirko-mezzacasa\/pp-79\/\" rel=\"attachment wp-att-232921\"><img loading=\"lazy\" decoding=\"async\" class=\"wp-image-232921 alignleft\" src=\"https:\/\/www.radiopiu.net\/wordpress\/wp-content\/uploads\/2021\/09\/pp-1-300x300.jpg\" alt=\"\" width=\"135\" height=\"135\" srcset=\"https:\/\/www.radiopiu.net\/wordpress\/wp-content\/uploads\/2021\/09\/pp-1-300x300.jpg 300w, https:\/\/www.radiopiu.net\/wordpress\/wp-content\/uploads\/2021\/09\/pp-1-150x150.jpg 150w, https:\/\/www.radiopiu.net\/wordpress\/wp-content\/uploads\/2021\/09\/pp-1.jpg 640w\" sizes=\"auto, (max-width: 135px) 100vw, 135px\" \/><\/a><\/p>\n<div class=\"mkdf-post-text\">\n<div class=\"mkdf-post-text-inner\">\n<div class=\"mkdf-post-text-main\">\n<div class=\"mkdf-post-text\">\n<div class=\"mkdf-post-text-inner\">\n<div class=\"mkdf-post-text-main\">\n<div class=\"mkdf-post-text\">\n<div class=\"mkdf-post-text-inner\">\n<div class=\"mkdf-post-text-main\">\n<div class=\"page-title-head hgroup\">\n<div class=\"page-title-head hgroup\">\n<div class=\"mkdf-post-text\">\n<div class=\"mkdf-post-text-inner\">\n<div class=\"mkdf-post-text-main\">\n<div class=\"mkdf-post-text\">\n<div class=\"mkdf-post-text-inner\">\n<div class=\"mkdf-post-text-main\">\n<div class=\"page-title-head hgroup\">\n<div class=\"page-title-head hgroup\">\n<div class=\"page-title-head hgroup\">\n<div class=\"page-title-head hgroup\">\n<div class=\"b654a4as d2edcug0\">\n<div class=\"page-title-head hgroup\">\n<div class=\"page-title-head hgroup\">\n<div class=\"page-title-head hgroup\">\n<div class=\"page-title-head hgroup\">\n<div class=\"b654a4as d2edcug0\">\n<div class=\"page-title-head hgroup\">\n<div class=\"page-title-head hgroup\">\n<div class=\"page-title-head hgroup\">\n<div class=\"page-title-head hgroup\">\n<div class=\"b654a4as d2edcug0\">\n<div class=\"mkdf-post-text\">\n<div class=\"mkdf-post-text-inner\">\n<div class=\"mkdf-post-text-main\">\n<div class=\"mkdf-post-text\">\n<div class=\"mkdf-post-text-inner\">\n<div class=\"mkdf-post-text-main\">\n<div class=\"mkdf-post-text\">\n<div class=\"mkdf-post-text-inner\">\n<div class=\"mkdf-post-text-main\">\n<div class=\"page-title-head hgroup\">\n<div class=\"page-title-head hgroup\">\n<div class=\"mkdf-post-text\">\n<div class=\"mkdf-post-text-inner\">\n<div class=\"mkdf-post-text-main\">\n<div class=\"mkdf-post-text\">\n<div class=\"mkdf-post-text-inner\">\n<div class=\"mkdf-post-text-main\">\n<div class=\"page-title-head hgroup\">\n<div class=\"page-title-head hgroup\">\n<div class=\"page-title-head hgroup\">\n<div class=\"page-title-head hgroup\">\n<div class=\"b654a4as d2edcug0\">\n<div class=\"page-title-head hgroup\">\n<div class=\"page-title-head hgroup\">\n<div class=\"page-title-head hgroup\">\n<div class=\"page-title-head hgroup\">\n<div class=\"b654a4as d2edcug0\">\n<div class=\"page-title-head hgroup\">\n<div class=\"page-title-head hgroup\">\n<div class=\"page-title-head hgroup\">\n<div class=\"page-title-head hgroup\">\n<div class=\"b654a4as d2edcug0\">\n<div><\/div>\n<div><\/div>\n<div>\n<p><strong>MUSICA ALLA RADIO, IL PROGRAMMA DI LORIS SCUSSEL &#8220;COLLAGE OPERAZIONE NOSTALGIA&#8221; DAL LUNEDI AL VENERDI ALLE 16.00\u00a0 E ALLE 23\u00a0<\/strong><\/p>\n<\/div>\n<p>&nbsp;<\/p>\n<p>&nbsp;<\/p>\n<p><strong>PUNTATA NUMERO 494<\/strong><\/p>\n<audio class=\"wp-audio-shortcode\" id=\"audio-247386-16\" preload=\"none\" style=\"width: 100%;\" controls=\"controls\"><source type=\"audio\/mpeg\" src=\"https:\/\/www.radiopiu.net\/wordpress\/wp-content\/uploads\/2021\/12\/Collage-494.mp3?_=16\" \/><a href=\"https:\/\/www.radiopiu.net\/wordpress\/wp-content\/uploads\/2021\/12\/Collage-494.mp3\">https:\/\/www.radiopiu.net\/wordpress\/wp-content\/uploads\/2021\/12\/Collage-494.mp3<\/a><\/audio>\n<p><strong>\u00a0<\/strong><\/p>\n<p>&nbsp;<\/p>\n<\/div>\n<\/div>\n<\/div>\n<\/div>\n<\/div>\n<\/div>\n<\/div>\n<\/div>\n<\/div>\n<\/div>\n<\/div>\n<\/div>\n<\/div>\n<\/div>\n<\/div>\n<\/div>\n<\/div>\n<\/div>\n<\/div>\n<\/div>\n<\/div>\n<\/div>\n<\/div>\n<\/div>\n<\/div>\n<\/div>\n<\/div>\n<\/div>\n<\/div>\n<\/div>\n<\/div>\n<\/div>\n<\/div>\n<\/div>\n<\/div>\n<\/div>\n<\/div>\n<\/div>\n<\/div>\n<\/div>\n<\/div>\n<\/div>\n<\/div>\n<\/div>\n<\/div>\n<\/div>\n<\/div>\n<\/div>\n<\/div>\n<\/div>\n<\/div>\n<\/div>\n<\/div>\n<\/div>\n<\/div>\n<\/div>\n<\/div>\n<\/div>\n<\/div>\n<\/div>\n<\/div>\n<\/div>\n<\/div>\n<\/div>\n<p>&nbsp;<\/p>\n<hr \/>\n<p>&nbsp;<\/p>\n<p>&nbsp;<\/p>\n<blockquote class=\"wp-embedded-content\" data-secret=\"YTPuBoFCv4\"><p><a href=\"https:\/\/www.radiopiu.net\/wordpress\/freemix-la-liberta-musicale-mixata-da-dj-athos-e-raccontata-da-dj-jack\/\">FREEMIX, LA LIBERTA&#8217; MUSICALE MIXATA DA DJ ATHOS E RACCONTATA DA DJ JACK<\/a><\/p><\/blockquote>\n<p><iframe loading=\"lazy\" class=\"wp-embedded-content\" sandbox=\"allow-scripts\" security=\"restricted\" style=\"position: absolute; clip: rect(1px, 1px, 1px, 1px);\" title=\"&#8220;FREEMIX, LA LIBERTA&#8217; MUSICALE MIXATA DA DJ ATHOS E RACCONTATA DA DJ JACK&#8221; &#8212; Radio Pi\u00f9\" src=\"https:\/\/www.radiopiu.net\/wordpress\/freemix-la-liberta-musicale-mixata-da-dj-athos-e-raccontata-da-dj-jack\/embed\/#?secret=YTPuBoFCv4\" data-secret=\"YTPuBoFCv4\" width=\"600\" height=\"338\" frameborder=\"0\" marginwidth=\"0\" marginheight=\"0\" scrolling=\"no\"><\/iframe><\/p>\n<p>&nbsp;<\/p>\n<blockquote class=\"wp-embedded-content\" data-secret=\"Hc5d2WFFym\"><p><a href=\"https:\/\/www.radiopiu.net\/wordpress\/da-ieri-alla-radio-in-palinsesto-loris-e-maurizio-con-la-grande-musica\/\">IL BLUES ALLA RADIO &#8230; COME NON L&#8217;AVETE MAI SENTITO PRIMA<\/a><\/p><\/blockquote>\n<p><iframe loading=\"lazy\" class=\"wp-embedded-content\" sandbox=\"allow-scripts\" security=\"restricted\" style=\"position: absolute; clip: rect(1px, 1px, 1px, 1px);\" title=\"&#8220;IL BLUES ALLA RADIO &#8230; COME NON L&#8217;AVETE MAI SENTITO PRIMA&#8221; &#8212; Radio Pi\u00f9\" src=\"https:\/\/www.radiopiu.net\/wordpress\/da-ieri-alla-radio-in-palinsesto-loris-e-maurizio-con-la-grande-musica\/embed\/#?secret=Hc5d2WFFym\" data-secret=\"Hc5d2WFFym\" width=\"600\" height=\"338\" frameborder=\"0\" marginwidth=\"0\" marginheight=\"0\" scrolling=\"no\"><\/iframe><\/p>\n<p>&nbsp;<\/p>\n<p>&nbsp;<\/p>\n<hr \/>\n<p>&nbsp;<\/p>\n<blockquote>\n<h3><span style=\"color: #0000ff;\">INFORMAZIONE il canale su TELEGRAM informazione di prima mano e in tempo reale. iscriviti ed aiutaci a farlo conoscere\u00a0\u00a0<\/span><\/h3>\n<\/blockquote>\n<div>\n<div class=\"page-title-head hgroup\">\n<div class=\"page-title-head hgroup\">\n<div class=\"page-title-head hgroup\">\n<div class=\"page-title-head hgroup\">\n<div class=\"b654a4as d2edcug0\">\n<div class=\"page-title-head hgroup\">\n<div class=\"page-title-head hgroup\">\n<div class=\"page-title-head hgroup\">\n<div class=\"page-title-head hgroup\">\n<div class=\"b654a4as d2edcug0\">\n<div class=\"page-title-head hgroup\">\n<div class=\"page-title-head hgroup\">\n<div class=\"page-title-head hgroup\">\n<div class=\"page-title-head hgroup\">\n<div class=\"page-title-head hgroup\">\n<div class=\"page-title-head hgroup\">\n<div class=\"page-title-head hgroup\">\n<div class=\"page-title-head hgroup\">\n<div class=\"page-title-head hgroup\">\n<div class=\"b654a4as d2edcug0\">\n<div class=\"page-title-head hgroup\">\n<div class=\"page-title-head hgroup\">\n<div class=\"page-title-head hgroup\">\n<div class=\"page-title-head hgroup\">\n<div class=\"b654a4as d2edcug0\">\n<div>\n<p>&nbsp;<\/p>\n<\/div>\n<div>\n<div class=\"page-title-head hgroup\">\n<div class=\"page-title-head hgroup\">\n<div class=\"page-title-head hgroup\">\n<div class=\"page-title-head hgroup\">\n<div class=\"page-title-head hgroup\">\n<div class=\"b654a4as d2edcug0\">\n<div>\n<hr \/>\n<\/div>\n<\/div>\n<div>\n<div>\n<p>&nbsp;<\/p>\n<\/div>\n<div>\n<div>\n<p>&nbsp;<\/p>\n<\/div>\n<div>\n<div>\n<p><strong>DUE MINUTI UN LIBRO, TUTTI I GIORNI ALLA RADIO ALLE 9.40 E ALLE 17.50<\/strong><\/p>\n<div>\n<div>\n<p><strong>LA RACCOLTA COMPLETA\u00a0\u00a0<\/strong><\/p>\n<\/div>\n<div>\n<blockquote class=\"wp-embedded-content\" data-secret=\"VbtBlJDDBu\"><p><a href=\"https:\/\/www.radiopiu.net\/wordpress\/due-minuti-un-libro\/\">Due minuti un libro<\/a><\/p><\/blockquote>\n<p><iframe loading=\"lazy\" class=\"wp-embedded-content\" sandbox=\"allow-scripts\" security=\"restricted\" style=\"position: absolute; clip: rect(1px, 1px, 1px, 1px);\" title=\"&#8220;Due minuti un libro&#8221; &#8212; Radio Pi\u00f9\" src=\"https:\/\/www.radiopiu.net\/wordpress\/due-minuti-un-libro\/embed\/#?secret=VbtBlJDDBu\" data-secret=\"VbtBlJDDBu\" width=\"600\" height=\"338\" frameborder=\"0\" marginwidth=\"0\" marginheight=\"0\" scrolling=\"no\"><\/iframe><\/p>\n<\/div>\n<\/div>\n<\/div>\n<div class=\"mkdf-post-text\">\n<div class=\"mkdf-post-text-inner\">\n<div class=\"mkdf-post-text-main\">\n<div class=\"mkdf-post-text\">\n<div class=\"mkdf-post-text-inner\">\n<div class=\"mkdf-post-text-main\">\n<div class=\"mkdf-post-text\">\n<div class=\"mkdf-post-text-inner\">\n<div class=\"mkdf-post-text-main\">\n<div class=\"page-title-head hgroup\">\n<div class=\"page-title-head hgroup\">\n<div class=\"mkdf-post-text\">\n<div class=\"mkdf-post-text-inner\">\n<div class=\"mkdf-post-text-main\">\n<div class=\"mkdf-post-text\">\n<div class=\"mkdf-post-text-inner\">\n<div class=\"mkdf-post-text-main\">\n<div class=\"page-title-head hgroup\">\n<div class=\"page-title-head hgroup\">\n<div class=\"page-title-head hgroup\">\n<div class=\"page-title-head hgroup\">\n<div class=\"b654a4as d2edcug0\">\n<div class=\"page-title-head hgroup\">\n<div class=\"page-title-head hgroup\">\n<div class=\"page-title-head hgroup\">\n<div class=\"page-title-head hgroup\">\n<div class=\"b654a4as d2edcug0\">\n<div class=\"page-title-head hgroup\">\n<div class=\"page-title-head hgroup\">\n<div class=\"page-title-head hgroup\">\n<div class=\"page-title-head hgroup\">\n<div class=\"b654a4as d2edcug0\">\n<div>\n<p>&nbsp;<\/p>\n<\/div>\n<div>\n<hr \/>\n<p>&nbsp;<\/p>\n<\/div>\n<h2><span style=\"color: #808000;\">L&#8217;ALMANACCO LADINO\u00a0\u00a0<\/span><\/h2>\n<p><em><strong>PUNTATA DEL 06 DICEMBRE 2021<\/strong><\/em><\/p>\n<audio class=\"wp-audio-shortcode\" id=\"audio-247386-17\" preload=\"none\" style=\"width: 100%;\" controls=\"controls\"><source type=\"audio\/mpeg\" src=\"https:\/\/www.radiopiu.net\/wordpress\/wp-content\/uploads\/2021\/12\/72\u00b0Almanacco-Ladino_Col.mp3?_=17\" \/><a href=\"https:\/\/www.radiopiu.net\/wordpress\/wp-content\/uploads\/2021\/12\/72\u00b0Almanacco-Ladino_Col.mp3\">https:\/\/www.radiopiu.net\/wordpress\/wp-content\/uploads\/2021\/12\/72\u00b0Almanacco-Ladino_Col.mp3<\/a><\/audio>\n<p>&nbsp;<\/p>\n<p><strong>LA RACCOLTA<\/strong><\/p>\n<blockquote class=\"wp-embedded-content\" data-secret=\"DoeiZILrdv\"><p><a href=\"https:\/\/www.radiopiu.net\/wordpress\/almanacco-ladino\/\">Almanacco Ladino<\/a><\/p><\/blockquote>\n<p><iframe loading=\"lazy\" class=\"wp-embedded-content\" sandbox=\"allow-scripts\" security=\"restricted\" style=\"position: absolute; clip: rect(1px, 1px, 1px, 1px);\" title=\"&#8220;Almanacco Ladino&#8221; &#8212; Radio Pi\u00f9\" src=\"https:\/\/www.radiopiu.net\/wordpress\/almanacco-ladino\/embed\/#?secret=DoeiZILrdv\" data-secret=\"DoeiZILrdv\" width=\"600\" height=\"338\" frameborder=\"0\" marginwidth=\"0\" marginheight=\"0\" scrolling=\"no\"><\/iframe><\/p>\n<p>&nbsp;<\/p>\n<hr \/>\n<p>&nbsp;<\/p>\n<h2><span style=\"color: #33cccc;\">LA RASSEGNA STAMPA DA L&#8217;AMICO DEL POPOLO<\/span><\/h2>\n<p><strong>LA RACCOLTA COMPLETA<\/strong><\/p>\n<blockquote class=\"wp-embedded-content\" data-secret=\"7N0JIdrvKo\"><p><a href=\"https:\/\/www.radiopiu.net\/wordpress\/rassegna-stampa-di-gianni-santomaso\/\">Rassegna stampa da l&#8217;amico del popolo &#8211; di Gianni Santomaso<\/a><\/p><\/blockquote>\n<p><iframe loading=\"lazy\" class=\"wp-embedded-content\" sandbox=\"allow-scripts\" security=\"restricted\" style=\"position: absolute; clip: rect(1px, 1px, 1px, 1px);\" title=\"&#8220;Rassegna stampa da l&#8217;amico del popolo &#8211; di Gianni Santomaso&#8221; &#8212; Radio Pi\u00f9\" src=\"https:\/\/www.radiopiu.net\/wordpress\/rassegna-stampa-di-gianni-santomaso\/embed\/#?secret=7N0JIdrvKo\" data-secret=\"7N0JIdrvKo\" width=\"600\" height=\"338\" frameborder=\"0\" marginwidth=\"0\" marginheight=\"0\" scrolling=\"no\"><\/iframe><\/p>\n<p>&nbsp;<\/p>\n<hr \/>\n<p>&nbsp;<\/p>\n<h2><span style=\"color: #800080;\">I RACCONTI DI PAOLO SOPPELSA<\/span><\/h2>\n<p>&nbsp;<\/p>\n<p><strong>LA RACCOLTA COMPLETA<\/strong><\/p>\n<blockquote class=\"wp-embedded-content\" data-secret=\"bugOmIgbPS\"><p><a href=\"https:\/\/www.radiopiu.net\/wordpress\/i-racconti-di-paolo-soppelsa\/\">I racconti di Paolo Soppelsa<\/a><\/p><\/blockquote>\n<p><iframe loading=\"lazy\" class=\"wp-embedded-content\" sandbox=\"allow-scripts\" security=\"restricted\" style=\"position: absolute; clip: rect(1px, 1px, 1px, 1px);\" title=\"&#8220;I racconti di Paolo Soppelsa&#8221; &#8212; Radio Pi\u00f9\" src=\"https:\/\/www.radiopiu.net\/wordpress\/i-racconti-di-paolo-soppelsa\/embed\/#?secret=bugOmIgbPS\" data-secret=\"bugOmIgbPS\" width=\"600\" height=\"338\" frameborder=\"0\" marginwidth=\"0\" marginheight=\"0\" scrolling=\"no\"><\/iframe><\/p>\n<p>&nbsp;<\/p>\n<hr \/>\n<\/div>\n<div class=\"b654a4as d2edcug0\">\n<p>&nbsp;<\/p>\n<p><a href=\"https:\/\/www.radiopiu.net\/wordpress\/giornale-radiopiu-26-settembre-2018-direttore-mirko-mezzacasa\/viabilita-2\/\" rel=\"attachment wp-att-61954\"><img loading=\"lazy\" decoding=\"async\" class=\"aligncenter wp-image-61954 size-full\" src=\"https:\/\/www.radiopiu.net\/wordpress\/wp-content\/uploads\/2018\/09\/viabilita.jpeg\" sizes=\"auto, (max-width: 800px) 100vw, 800px\" srcset=\"https:\/\/www.radiopiu.net\/wordpress\/wp-content\/uploads\/2018\/09\/viabilita.jpeg 800w, https:\/\/www.radiopiu.net\/wordpress\/wp-content\/uploads\/2018\/09\/viabilita-300x38.jpeg 300w, https:\/\/www.radiopiu.net\/wordpress\/wp-content\/uploads\/2018\/09\/viabilita-768x96.jpeg 768w\" alt=\"\" width=\"800\" height=\"100\" \/><\/a><\/p>\n<div class=\"ecm0bbzt e5nlhep0 a8c37x1j\">\n<div class=\"kvgmc6g5 cxmmr5t8 oygrvhab hcukyx3x c1et5uql\">\n<div class=\"gmail-kvgmc6g5 gmail-cxmmr5t8 gmail-oygrvhab gmail-hcukyx3x gmail-c1et5uql gmail-ii04i59q\">\n<div class=\"page-title-head hgroup\">\n<div class=\"page-title-head hgroup\">\n<div class=\"b654a4as d2edcug0\">\n<div class=\"j83agx80 btwxx1t3 lhclo0ds hop8lmos nkwizq5d scwd0bx6 roh60bw9\">\n<div class=\"rq0escxv hkbzh7o3 jwdofwj8 n8tt0mok r8blr3vg hyh9befq\">\n<div class=\"do00u71z l9j0dhe7 k4urcfbm\">\n<div class=\"page-title-head hgroup\">\n<div class=\"page-title-head hgroup\">\n<div class=\"page-title-head hgroup\">\n<div class=\"page-title-head hgroup\">\n<div class=\"b654a4as d2edcug0\">\n<div class=\"page-title-head hgroup\">\n<div class=\"page-title-head hgroup\">\n<div class=\"page-title-head hgroup\">\n<div class=\"page-title-head hgroup\">\n<div class=\"b654a4as d2edcug0\">\n<div class=\"page-title-head hgroup\">\n<div class=\"page-title-head hgroup\">\n<div class=\"page-title-head hgroup\">\n<div class=\"page-title-head hgroup\">\n<div class=\"page-title-head hgroup\">\n<div class=\"page-title-head hgroup\">\n<div class=\"page-title-head hgroup\">\n<div class=\"page-title-head hgroup\">\n<div class=\"page-title-head hgroup\">\n<div class=\"b654a4as d2edcug0\">\n<div class=\"page-title-head hgroup\">\n<div class=\"page-title-head hgroup\">\n<div class=\"page-title-head hgroup\">\n<div class=\"page-title-head hgroup\">\n<div class=\"b654a4as d2edcug0\">\n<div class=\"page-title-head hgroup\">\n<div class=\"page-title-head hgroup\">\n<div class=\"page-title-head hgroup\">\n<div class=\"page-title-head hgroup\">\n<div class=\"page-title-head hgroup\">\n<div class=\"mkdf-post-text\">\n<div class=\"mkdf-post-text-inner\">\n<div class=\"mkdf-post-text-main\">\n<div class=\"mkdf-post-text\">\n<div class=\"mkdf-post-text-inner\">\n<div class=\"mkdf-post-text-main\">\n<div class=\"mkdf-post-text\">\n<div class=\"mkdf-post-text-inner\">\n<div class=\"mkdf-post-text-main\">\n<div class=\"page-title-head hgroup\">\n<div class=\"page-title-head hgroup\">\n<div class=\"mkdf-post-text\">\n<div class=\"mkdf-post-text-inner\">\n<div class=\"mkdf-post-text-main\">\n<div class=\"mkdf-post-text\">\n<div class=\"mkdf-post-text-inner\">\n<div class=\"mkdf-post-text-main\">\n<div class=\"page-title-head hgroup\">\n<div class=\"page-title-head hgroup\">\n<div class=\"page-title-head hgroup\">\n<div class=\"page-title-head hgroup\">\n<div class=\"b654a4as d2edcug0\">\n<div class=\"page-title-head hgroup\">\n<div class=\"page-title-head hgroup\">\n<div class=\"page-title-head hgroup\">\n<div class=\"page-title-head hgroup\">\n<div class=\"b654a4as d2edcug0\">\n<div class=\"page-title-head hgroup\">\n<div class=\"page-title-head hgroup\">\n<div class=\"page-title-head hgroup\">\n<div class=\"page-title-head hgroup\">\n<div class=\"b654a4as d2edcug0\">\n<div class=\"chat-input\">\n<div class=\"chat-input-container\">\n<div class=\"rows-wrapper chat-input-wrapper\">\n<div class=\"reply-wrapper\">\n<div class=\"btn-menu\">\n<div class=\"btn-menu-item tgico-replace rp\">\n<div class=\"c-ripple\">\n<div class=\"bubbles scrolled-down\">\n<div class=\"scrollable scrollable-y\">\n<div class=\"bubbles-inner has-rights is-chat is-channel\">\n<div class=\"bubbles-date-group\">\n<div class=\"bubble hide-name is-out can-have-tail is-group-first is-group-last is-read\" data-mid=\"5377294335\" data-peer-id=\"-1478820725\" data-timestamp=\"1638437407\">\n<div class=\"bubble-content-wrapper\">\n<div class=\"bubble-content\">\n<div class=\"message\" dir=\"auto\"><strong>\u00a0<\/strong><\/div>\n<div class=\"message\" dir=\"auto\"><strong>48 DELLE DOLOMITI<\/strong> localit\u00e0 Salesei di Sopra (Livinallongo)\u00a0 fino al 23 dicembre dalle 8 alle 17 &#8211; esclusi festivi e prefestivi &#8211; possibili interruzioni fino a 15 minuti, negli altri orari senso unico alternato con semaforo o movieri<\/div>\n<\/div>\n<\/div>\n<\/div>\n<\/div>\n<\/div>\n<\/div>\n<\/div>\n<\/div>\n<\/div>\n<\/div>\n<\/div>\n<\/div>\n<\/div>\n<\/div>\n<p><strong>SR 48 D<\/strong><strong>ELLE DOLOMITI<\/strong> fino al 17 dicembre senso unico alternato regolato da semaforo &#8211; esclusi festivi e prefestivi &#8211; in localit\u00e0 Bosco Ruaz.<\/p>\n<\/div>\n<\/div>\n<\/div>\n<\/div>\n<\/div>\n<\/div>\n<\/div>\n<\/div>\n<\/div>\n<\/div>\n<\/div>\n<\/div>\n<\/div>\n<\/div>\n<\/div>\n<\/div>\n<\/div>\n<\/div>\n<\/div>\n<\/div>\n<\/div>\n<\/div>\n<\/div>\n<\/div>\n<\/div>\n<\/div>\n<\/div>\n<\/div>\n<\/div>\n<\/div>\n<\/div>\n<\/div>\n<\/div>\n<\/div>\n<\/div>\n<\/div>\n<\/div>\n<\/div>\n<\/div>\n<\/div>\n<\/div>\n<\/div>\n<\/div>\n<\/div>\n<\/div>\n<\/div>\n<\/div>\n<\/div>\n<\/div>\n<\/div>\n<\/div>\n<\/div>\n<\/div>\n<\/div>\n<\/div>\n<\/div>\n<\/div>\n<\/div>\n<\/div>\n<\/div>\n<\/div>\n<\/div>\n<\/div>\n<\/div>\n<\/div>\n<\/div>\n<\/div>\n<\/div>\n<\/div>\n<\/div>\n<\/div>\n<\/div>\n<\/div>\n<\/div>\n<\/div>\n<\/div>\n<\/div>\n<\/div>\n<\/div>\n<\/div>\n<\/div>\n<\/div>\n<\/div>\n<\/div>\n<\/div>\n<\/div>\n<\/div>\n<\/div>\n<\/div>\n<\/div>\n<\/div>\n<\/div>\n<\/div>\n<\/div>\n<\/div>\n<\/div>\n<\/div>\n<\/div>\n<\/div>\n<\/div>\n<\/div>\n<\/div>\n<\/div>\n<\/div>\n<\/div>\n<\/div>\n<\/div>\n<\/div>\n<\/div>\n<\/div>\n<\/div>\n<\/div>\n<\/div>\n<\/div>\n<\/div>\n<\/div>\n<\/div>\n<\/div>\n<\/div>\n<\/div>\n<\/div>\n<\/div>\n<\/div>\n<\/div>\n<\/div>\n<\/div>\n<\/div>\n<\/div>\n<\/div>\n<\/div>\n<\/div>\n<\/div>\n<\/div>\n<\/div>\n<\/div>\n<\/div>\n<\/div>\n<\/div>\n<\/div>\n<\/div>\n<\/div>\n<\/div>\n<\/div>\n<\/div>\n<\/div>\n<\/div>\n<\/div>\n<\/div>\n<\/div>\n<\/div>\n<\/div>\n<\/div>\n<\/div>\n<\/div>\n<div>\n<div class=\"page-title-head hgroup\">\n<div class=\"page-title-head hgroup\">\n<div class=\"b654a4as d2edcug0\">\n<div class=\"j83agx80 btwxx1t3 lhclo0ds hop8lmos nkwizq5d scwd0bx6 roh60bw9\">\n<div class=\"rq0escxv hkbzh7o3 jwdofwj8 n8tt0mok r8blr3vg hyh9befq\">\n<div class=\"do00u71z l9j0dhe7 k4urcfbm\">\n<div class=\"ecm0bbzt e5nlhep0 a8c37x1j\">\n<div class=\"kvgmc6g5 cxmmr5t8 oygrvhab hcukyx3x c1et5uql\">\n<div class=\"gmail-kvgmc6g5 gmail-cxmmr5t8 gmail-oygrvhab gmail-hcukyx3x gmail-c1et5uql gmail-ii04i59q\">\n<div class=\"page-title-head hgroup\">\n<div class=\"page-title-head hgroup\">\n<div class=\"b654a4as d2edcug0\">\n<div class=\"j83agx80 btwxx1t3 lhclo0ds hop8lmos nkwizq5d scwd0bx6 roh60bw9\">\n<div class=\"rq0escxv hkbzh7o3 jwdofwj8 n8tt0mok r8blr3vg hyh9befq\">\n<div class=\"do00u71z l9j0dhe7 k4urcfbm\">\n<div class=\"page-title-head hgroup\">\n<div class=\"page-title-head hgroup\">\n<div class=\"page-title-head hgroup\">\n<div class=\"page-title-head hgroup\">\n<div class=\"b654a4as d2edcug0\">\n<div class=\"page-title-head hgroup\">\n<div class=\"page-title-head hgroup\">\n<div class=\"page-title-head hgroup\">\n<div class=\"page-title-head hgroup\">\n<div class=\"b654a4as d2edcug0\">\n<div class=\"page-title-head hgroup\">\n<div class=\"page-title-head hgroup\">\n<div class=\"page-title-head hgroup\">\n<div class=\"page-title-head hgroup\">\n<div class=\"page-title-head hgroup\">\n<div class=\"page-title-head hgroup\">\n<div class=\"page-title-head hgroup\">\n<div class=\"page-title-head hgroup\">\n<div class=\"page-title-head hgroup\">\n<div class=\"b654a4as d2edcug0\">\n<div class=\"page-title-head hgroup\">\n<div class=\"page-title-head hgroup\">\n<div class=\"page-title-head hgroup\">\n<div class=\"page-title-head hgroup\">\n<div class=\"b654a4as d2edcug0\">\n<div class=\"page-title-head hgroup\">\n<div class=\"page-title-head hgroup\">\n<div class=\"page-title-head hgroup\">\n<div class=\"page-title-head hgroup\">\n<div class=\"page-title-head hgroup\">\n<div class=\"mkdf-post-text\">\n<div class=\"mkdf-post-text-inner\">\n<div class=\"mkdf-post-text-main\">\n<div class=\"mkdf-post-text\">\n<div class=\"mkdf-post-text-inner\">\n<div class=\"mkdf-post-text-main\">\n<div class=\"mkdf-post-text\">\n<div class=\"mkdf-post-text-inner\">\n<div class=\"mkdf-post-text-main\">\n<div class=\"page-title-head hgroup\">\n<div class=\"page-title-head hgroup\">\n<div class=\"mkdf-post-text\">\n<div class=\"mkdf-post-text-inner\">\n<div class=\"mkdf-post-text-main\">\n<div class=\"mkdf-post-text\">\n<div class=\"mkdf-post-text-inner\">\n<div class=\"mkdf-post-text-main\">\n<div class=\"page-title-head hgroup\">\n<div class=\"page-title-head hgroup\">\n<div class=\"page-title-head hgroup\">\n<div class=\"page-title-head hgroup\">\n<div class=\"b654a4as d2edcug0\">\n<div class=\"page-title-head hgroup\">\n<div class=\"page-title-head hgroup\">\n<div class=\"page-title-head hgroup\">\n<div class=\"page-title-head hgroup\">\n<div class=\"b654a4as d2edcug0\">\n<div class=\"page-title-head hgroup\">\n<div class=\"page-title-head hgroup\">\n<div class=\"page-title-head hgroup\">\n<div class=\"page-title-head hgroup\">\n<div class=\"b654a4as d2edcug0\">\n<div class=\"ecm0bbzt e5nlhep0 a8c37x1j\">\n<div class=\"kvgmc6g5 cxmmr5t8 oygrvhab hcukyx3x c1et5uql\">\n<div class=\"gmail-kvgmc6g5 gmail-cxmmr5t8 gmail-oygrvhab gmail-hcukyx3x gmail-c1et5uql gmail-ii04i59q\">\n<div class=\"page-title-head hgroup\">\n<div class=\"page-title-head hgroup\">\n<div class=\"b654a4as d2edcug0\">\n<div class=\"j83agx80 btwxx1t3 lhclo0ds hop8lmos nkwizq5d scwd0bx6 roh60bw9\">\n<div class=\"rq0escxv hkbzh7o3 jwdofwj8 n8tt0mok r8blr3vg hyh9befq\">\n<div class=\"do00u71z l9j0dhe7 k4urcfbm\">\n<div class=\"page-title-head hgroup\">\n<div class=\"page-title-head hgroup\">\n<div class=\"page-title-head hgroup\">\n<div class=\"page-title-head hgroup\">\n<div class=\"b654a4as d2edcug0\">\n<div class=\"page-title-head hgroup\">\n<div class=\"page-title-head hgroup\">\n<div class=\"page-title-head hgroup\">\n<div class=\"page-title-head hgroup\">\n<div class=\"b654a4as d2edcug0\">\n<div class=\"page-title-head hgroup\">\n<div class=\"page-title-head hgroup\">\n<div class=\"page-title-head hgroup\">\n<div class=\"page-title-head hgroup\">\n<div class=\"page-title-head hgroup\">\n<div class=\"page-title-head hgroup\">\n<div class=\"page-title-head hgroup\">\n<div class=\"page-title-head hgroup\">\n<div class=\"page-title-head hgroup\">\n<div class=\"b654a4as d2edcug0\">\n<div class=\"page-title-head hgroup\">\n<div class=\"page-title-head hgroup\">\n<div class=\"page-title-head hgroup\">\n<div class=\"page-title-head hgroup\">\n<div class=\"b654a4as d2edcug0\">\n<div class=\"page-title-head hgroup\">\n<div class=\"page-title-head hgroup\">\n<div class=\"page-title-head hgroup\">\n<div class=\"page-title-head hgroup\">\n<div class=\"page-title-head hgroup\">\n<div class=\"mkdf-post-text\">\n<div class=\"mkdf-post-text-inner\">\n<div class=\"mkdf-post-text-main\">\n<div class=\"mkdf-post-text\">\n<div class=\"mkdf-post-text-inner\">\n<div class=\"mkdf-post-text-main\">\n<div class=\"mkdf-post-text\">\n<div class=\"mkdf-post-text-inner\">\n<div class=\"mkdf-post-text-main\">\n<div class=\"page-title-head hgroup\">\n<div class=\"page-title-head hgroup\">\n<div class=\"mkdf-post-text\">\n<div class=\"mkdf-post-text-inner\">\n<div class=\"mkdf-post-text-main\">\n<div class=\"mkdf-post-text\">\n<div class=\"mkdf-post-text-inner\">\n<div class=\"mkdf-post-text-main\">\n<div class=\"page-title-head hgroup\">\n<div class=\"page-title-head hgroup\">\n<div class=\"page-title-head hgroup\">\n<div class=\"page-title-head hgroup\">\n<div class=\"b654a4as d2edcug0\">\n<div class=\"page-title-head hgroup\">\n<div class=\"page-title-head hgroup\">\n<div class=\"page-title-head hgroup\">\n<div class=\"page-title-head hgroup\">\n<div class=\"b654a4as d2edcug0\">\n<div class=\"page-title-head hgroup\">\n<div class=\"page-title-head hgroup\">\n<div class=\"page-title-head hgroup\">\n<div class=\"page-title-head hgroup\">\n<div class=\"b654a4as d2edcug0\">\n<p><strong>SP 251 VAL DI ZOLDO E CELLINA<\/strong> fino al 22 dicembre interruzioni alla viabilit\u00e0 della durata massima di 10 minuti e senso unico alternato nei periodi non interessati dalle interruzioni nel comune di Val di Zoldo<\/p>\n<p><strong>SR 203 AGORDINA<\/strong> Fino al 17 dicembre, esclusi sabato domenica e festivi infrasettimanali, restringimento della careggiata con divieto di sorpasso e limitazione ai 50 km\/h in comune di La Valle per lavori sul margine della carreggiata<\/p>\n<p><strong>SP 422 DELL&#8217;ALPAGO E DEL<\/strong> <strong>CANSIGLIO<\/strong> Fino al 17 dicembre senso unico alternato con semaforo in localit\u00e0 Cornei di Alpago per posa cavidotti<\/p>\n<p><strong>SP 40 VAL SENAIGA<\/strong>\u00a0 Fino\u00a0 al 22 dicembre, sabati domeniche e festivi inclusi, interdizione totale al traffico in localit\u00e0 Pei di Lamon per consolidamento corpo stradale<\/p>\n<p>&nbsp;<\/p>\n<hr \/>\n<p>&nbsp;<\/p>\n<\/div>\n<div class=\"b654a4as d2edcug0\">\n<div class=\"ecm0bbzt e5nlhep0 a8c37x1j\">\n<div class=\"kvgmc6g5 cxmmr5t8 oygrvhab hcukyx3x c1et5uql\">\n<div class=\"gmail-kvgmc6g5 gmail-cxmmr5t8 gmail-oygrvhab gmail-hcukyx3x gmail-c1et5uql gmail-ii04i59q\">\n<div>\n<div class=\"page-title-head hgroup\">\n<div class=\"page-title-head hgroup\">\n<div class=\"b654a4as d2edcug0\">\n<div class=\"j83agx80 btwxx1t3 lhclo0ds hop8lmos nkwizq5d scwd0bx6 roh60bw9\">\n<div class=\"rq0escxv hkbzh7o3 jwdofwj8 n8tt0mok r8blr3vg hyh9befq\">\n<div class=\"do00u71z l9j0dhe7 k4urcfbm\">\n<div>\n<div class=\"page-title-head hgroup\">\n<div class=\"page-title-head hgroup\">\n<div class=\"page-title-head hgroup\">\n<div class=\"page-title-head hgroup\">\n<div class=\"b654a4as d2edcug0\">\n<div class=\"page-title-head hgroup\">\n<div class=\"page-title-head hgroup\">\n<div class=\"page-title-head hgroup\">\n<div class=\"page-title-head hgroup\">\n<div class=\"b654a4as d2edcug0\">\n<div class=\"page-title-head hgroup\">\n<div class=\"page-title-head hgroup\">\n<div class=\"page-title-head hgroup\">\n<div class=\"page-title-head hgroup\">\n<div class=\"page-title-head hgroup\">\n<div class=\"mkdf-post-text\">\n<div class=\"mkdf-post-text-inner\">\n<div class=\"mkdf-post-text-main\">\n<div class=\"mkdf-post-text\">\n<div class=\"mkdf-post-text-inner\">\n<div class=\"mkdf-post-text-main\">\n<div class=\"mkdf-post-text\">\n<div class=\"mkdf-post-text-inner\">\n<div class=\"mkdf-post-text-main\">\n<div class=\"page-title-head hgroup\">\n<div class=\"page-title-head hgroup\">\n<div class=\"mkdf-post-text\">\n<div class=\"mkdf-post-text-inner\">\n<div class=\"mkdf-post-text-main\">\n<div class=\"mkdf-post-text\">\n<div class=\"mkdf-post-text-inner\">\n<div class=\"mkdf-post-text-main\">\n<div>\n<div class=\"page-title-head hgroup\">\n<div class=\"page-title-head hgroup\">\n<div>\n<div class=\"page-title-head hgroup\">\n<div class=\"page-title-head hgroup\">\n<div class=\"b654a4as d2edcug0\">\n<div>\n<div class=\"page-title-head hgroup\" style=\"text-align: left;\">\n<div class=\"page-title-head hgroup\">\n<div dir=\"auto\">\n<p><a class=\"dt-pswp-item pspw-wrap-ready\" href=\"https:\/\/i0.wp.com\/www.radiopiu.net\/wordpress\/wp-content\/uploads\/2018\/09\/WhatsApp-Image-2018-09-20-at-16.04.06.jpeg?ssl=1\" data-dt-img-description=\"\" data-large_image_width=\"800\" data-large_image_height=\"100\"><img loading=\"lazy\" decoding=\"async\" class=\"aligncenter wp-image-61378 size-full jetpack-lazy-image jetpack-lazy-image--handled\" src=\"https:\/\/i0.wp.com\/www.radiopiu.net\/wordpress\/wp-content\/uploads\/2018\/09\/WhatsApp-Image-2018-09-20-at-16.04.06.jpeg?resize=800%2C100&amp;ssl=1\" sizes=\"auto, (max-width: 800px) 100vw, 800px\" srcset=\"https:\/\/i0.wp.com\/www.radiopiu.net\/wordpress\/wp-content\/uploads\/2018\/09\/WhatsApp-Image-2018-09-20-at-16.04.06.jpeg?w=800&amp;ssl=1 800w, https:\/\/i0.wp.com\/www.radiopiu.net\/wordpress\/wp-content\/uploads\/2018\/09\/WhatsApp-Image-2018-09-20-at-16.04.06.jpeg?resize=300%2C38&amp;ssl=1 300w, https:\/\/i0.wp.com\/www.radiopiu.net\/wordpress\/wp-content\/uploads\/2018\/09\/WhatsApp-Image-2018-09-20-at-16.04.06.jpeg?resize=768%2C96&amp;ssl=1 768w\" alt=\"\" width=\"800\" height=\"100\" data-lazy-loaded=\"1\" \/><\/a><\/p>\n<\/div>\n<\/div>\n<\/div>\n<\/div>\n<\/div>\n<\/div>\n<\/div>\n<\/div>\n<\/div>\n<\/div>\n<\/div>\n<\/div>\n<\/div>\n<\/div>\n<\/div>\n<\/div>\n<\/div>\n<\/div>\n<\/div>\n<\/div>\n<\/div>\n<\/div>\n<\/div>\n<\/div>\n<\/div>\n<\/div>\n<\/div>\n<\/div>\n<\/div>\n<\/div>\n<\/div>\n<\/div>\n<\/div>\n<\/div>\n<\/div>\n<\/div>\n<\/div>\n<\/div>\n<\/div>\n<\/div>\n<\/div>\n<\/div>\n<\/div>\n<\/div>\n<p>&nbsp;<\/p>\n<p>&nbsp;<\/p>\n<p><center><b>Venerdi 10<\/b><\/center><b>Tempo atteso: <\/b>Nella notte e al primo mattino cielo sereno o poco nuvoloso, poi rapido aumento della nuvolosit\u00e0 a partire dalle Prealpi fino a cielo coperto ovunque entro met\u00e0 mattinata. Tale nuvolosit\u00e0 sar\u00e0 associata a debolissimi fenomeni sparsi. Alla sera ritorno di una certa variabilit\u00e0. Persistono le condizioni termiche invernali fino nei fondovalle, specie di notte.<br \/>\n<b>Precipitazioni: <\/b>Fino al primo pomeriggio probabilit\u00e0 pressoch\u00e9 assente (10%), poi si verificheranno debolissime e soffici nevicate fino a fondovalle (60\/70%), localmente i fiocchi interesseranno anche i fondovalle prealpini (40-50%). Si tratter\u00e0 di apporti assai modesti (1-3 cm).<br \/>\n<b>Temperature: <\/b>In generale calo, in maniera assai pi\u00f9 sensibile per le minime nelle valli qualora il cielo della notte fosse sereno, con intense gelate notturne (-5\/-7\u00b0C nei fondovalle e -8\/-13\u00b0C a 1000\/1200 m). Su Prealpi a 1500 m min -8\u00b0C max -4\u00b0C, a 2000 m min -10\u00b0C max -8\u00b0C. Su Dolomiti a 2000 m min -11\u00b0C max -9\u00b0C, a 3000 m min -16\u00b0C max -13\u00b0C.<br \/>\n<b>Venti: <\/b>Nelle valli deboli di direzione variabile, salvo locali rinforzi per brezze di monte tra la notte e il primo mattino in alcuni settori prealpini; in quota venti moderati\/tesi da sud-ovest, a 10-20 km\/h a 2000 m e 20-35 km\/h a 3000 m.<\/p>\n<hr \/>\n<p><center><b>Sabato 11<\/b><\/center><b>Tempo atteso: <\/b>Tra la notte e il mattino cielo coperto per nubi stratiformi e qualche chance di schiarite notturne. Poi diradamento della nuvolosit\u00e0 e ritorno del sole, gi\u00e0 dal primo mattino sulle Dolomiti e entro la tarda mattinata sulle Prealpi. Al pomeriggio tempo stupendo con cielo terso quasi ovunque. Lieve attenuazione del freddo a tutte le quote, per\u00f2 occorrer\u00e0 considerare l&#8217;effetto wind chill in alta quota (raffreddamento da vento).<br \/>\n<b>Precipitazioni: <\/b>Assenti (0%).<br \/>\n<b>Temperature: <\/b>Temperature in ripresa a tutte le quote, le minime per assenza d&#8217;irraggiamento notturno e le massime per arriavo di aria un po&#8217; meno fredda e ritorno del sole, almeno per i luoghi assolati. Su Prealpi a 1500 m min -4\u00b0C max -1\u00b0C, a 2000 m min -7\u00b0C max -4\u00b0C. Su Dolomiti a 2000 m min -8\u00b0C max -4\u00b0C, a 3000 m min -13\u00b0C max -8\u00b0C.<br \/>\n<b>Venti: <\/b>Nelle valli deboli di direzione variabile, salvo locali rinforzi per brezze di monte tra la notte e il primo mattino in alcuni settori prealpini; in quota moderati\/tesi da nord al mattino, in rinforzo fino a tesi\/forti dalle ore centrali in poi, a 15-35 km\/h a 2000 m e 30-70 km\/h a 3000 m.<\/p>\n<hr \/>\n<p><center><b>Domenica 12<\/b><\/center>Bel tempo invernale con sole, cielo sereno, aria nitida e ottima visibilit\u00e0 sulla montagna veneta. Potrebbe fare eccezione la Valbelluna con nubi basse o nebbie durante le ore pi\u00f9 fredde. Temperature notturne assai basse ovunque, con probabile inversione termica nelle valli; massime in aumento in quota e nelle valli pi\u00f9 assolate, mentre caleranno nelle valli in ombra. In quota venti moderati\/tesi da nord nottetempo e in rinforzo fino a tesi\/forti da met\u00e0 mattinata in poi; nelle valli perlopi\u00f9 deboli di direzione variabile.<\/p>\n<hr \/>\n<p><center><b>Lunedi 13<\/b><\/center>Bel tempo invernale con sole, cielo sereno, aria nitida e ottima visibilit\u00e0 sulla montagna veneta. Potrebbe fare eccezione la Valbelluna con nubi basse o nebbie durante le ore pi\u00f9 fredde. Temperature in generale rialzo, eccetto lieve calo delle minime nei fondovalle prealpini, crescente inversione termica in questi ultimi. In quota venti inizialmente tesi da nord, poi in attenuazione e perlopi\u00f9 moderati; nelle valli perlopi\u00f9 deboli di direzione variabile. Previsore: R.L.Th.<\/p>\n<p>&nbsp;<\/p>\n<p>&nbsp;<\/p>\n<p>&nbsp;<\/p>\n<\/div>\n<\/div>\n<\/div>\n<\/div>\n<\/div>\n<\/div>\n<\/div>\n<\/div>\n<\/div>\n<\/div>\n<\/div>\n<\/div>\n<\/div>\n<\/div>\n<\/div>\n<\/div>\n<\/div>\n<\/div>\n<\/div>\n<\/div>\n<\/div>\n<\/div>\n<\/div>\n<\/div>\n<\/div>\n<\/div>\n<\/div>\n<\/div>\n<\/div>\n<\/div>\n<\/div>\n<\/div>\n<\/div>\n<\/div>\n<\/div>\n<\/div>\n<\/div>\n<\/div>\n<\/div>\n<\/div>\n<\/div>\n<\/div>\n<\/div>\n<\/div>\n<\/div>\n<\/div>\n<\/div>\n<\/div>\n<\/div>\n<\/div>\n<\/div>\n<\/div>\n<\/div>\n<\/div>\n<\/div>\n<\/div>\n<\/div>\n<\/div>\n<\/div>\n<\/div>\n<\/div>\n<\/div>\n<\/div>\n<\/div>\n<\/div>\n<\/div>\n<\/div>\n<\/div>\n<\/div>\n<\/div>\n<\/div>\n<\/div>\n<\/div>\n<\/div>\n<\/div>\n<\/div>\n<\/div>\n<\/div>\n<\/div>\n<\/div>\n<\/div>\n<\/div>\n<\/div>\n<\/div>\n<\/div>\n<\/div>\n<\/div>\n<\/div>\n<\/div>\n<\/div>\n<\/div>\n<\/div>\n<\/div>\n<\/div>\n<\/div>\n<\/div>\n<\/div>\n<\/div>\n<\/div>\n<\/div>\n<\/div>\n<\/div>\n<\/div>\n<\/div>\n<\/div>\n<\/div>\n<\/div>\n<\/div>\n<\/div>\n<\/div>\n<\/div>\n<\/div>\n<\/div>\n<\/div>\n<\/div>\n<\/div>\n<\/div>\n<\/div>\n<\/div>\n<\/div>\n<\/div>\n<\/div>\n<\/div>\n<\/div>\n<\/div>\n<\/div>\n<\/div>\n<\/div>\n<\/div>\n<\/div>\n<\/div>\n<\/div>\n<\/div>\n<\/div>\n<\/div>\n<\/div>\n<\/div>\n<\/div>\n<\/div>\n<\/div>\n<\/div>\n<\/div>\n<\/div>\n<\/div>\n<\/div>\n<\/div>\n<\/div>\n<\/div>\n<\/div>\n<\/div>\n<\/div>\n<\/div>\n<\/div>\n<\/div>\n<\/div>\n<\/div>\n<\/div>\n<\/div>\n<\/div>\n<p>&nbsp;<\/p>\n<div>\n<blockquote class=\"wp-embedded-content\" data-secret=\"vm8CGkxHuk\"><p><a href=\"https:\/\/www.radiopiu.net\/wordpress\/bollettino-arpav-dolomiti-neve-al-suolo-09-dicembre-2021\/\">BOLLETTINO ARPAV DOLOMITI NEVE AL SUOLO 09 DICEMBRE 2021<\/a><\/p><\/blockquote>\n<p><iframe loading=\"lazy\" class=\"wp-embedded-content\" sandbox=\"allow-scripts\" security=\"restricted\" style=\"position: absolute; clip: rect(1px, 1px, 1px, 1px);\" title=\"&#8220;BOLLETTINO ARPAV DOLOMITI NEVE AL SUOLO 09 DICEMBRE 2021&#8221; &#8212; Radio Pi\u00f9\" src=\"https:\/\/www.radiopiu.net\/wordpress\/bollettino-arpav-dolomiti-neve-al-suolo-09-dicembre-2021\/embed\/#?secret=vm8CGkxHuk\" data-secret=\"vm8CGkxHuk\" width=\"600\" height=\"338\" frameborder=\"0\" marginwidth=\"0\" marginheight=\"0\" scrolling=\"no\"><\/iframe><\/p>\n<p>&nbsp;<\/p>\n<\/div>\n<hr \/>\n<p>&nbsp;<\/p>\n<div class=\"mkdf-post-text\">\n<div class=\"mkdf-post-text-inner\">\n<p><a href=\"https:\/\/www.radiopiu.net\/wordpress\/giornale-radiopiu-15-settembre-2018-direttore-mirko-mezzacasa\/sport-7\/\" rel=\"attachment wp-att-60761\"><img loading=\"lazy\" decoding=\"async\" class=\"wp-image-60761 size-full aligncenter\" src=\"https:\/\/www.radiopiu.net\/wordpress\/wp-content\/uploads\/2018\/09\/sport.jpg\" alt=\"\" width=\"800\" height=\"100\" srcset=\"https:\/\/www.radiopiu.net\/wordpress\/wp-content\/uploads\/2018\/09\/sport.jpg 800w, https:\/\/www.radiopiu.net\/wordpress\/wp-content\/uploads\/2018\/09\/sport-300x38.jpg 300w, https:\/\/www.radiopiu.net\/wordpress\/wp-content\/uploads\/2018\/09\/sport-768x96.jpg 768w\" sizes=\"auto, (max-width: 800px) 100vw, 800px\" \/><\/a><\/p>\n<\/div>\n<\/div>\n<p><span style=\"color: #0000ff;\"><strong>\u00a0 \u00a0\u00a0<\/strong><\/span><\/p>\n<p><span style=\"color: #0000ff;\"><strong>SNOWBOARD<\/strong><\/span><\/p>\n<blockquote>\n<h3>LUCIA DALMASSO IN COPPA DEL MONDO<\/h3>\n<\/blockquote>\n<header class=\"entry-header\">\n<div class=\"meta-item herald-rtime\"><strong><a href=\"https:\/\/www.radiopiu.net\/wordpress\/lucia-dalmasso-in-coppa-del-mondo\/dalmasso-luvia-falcade-990x743\/\" rel=\"attachment wp-att-247571\"><img loading=\"lazy\" decoding=\"async\" class=\" wp-image-247571 alignleft\" src=\"https:\/\/www.radiopiu.net\/wordpress\/wp-content\/uploads\/2021\/12\/dalmasso-luvia-falcade-990x743-1-300x225.webp\" alt=\"\" width=\"261\" height=\"196\" srcset=\"https:\/\/www.radiopiu.net\/wordpress\/wp-content\/uploads\/2021\/12\/dalmasso-luvia-falcade-990x743-1-300x225.webp 300w, https:\/\/www.radiopiu.net\/wordpress\/wp-content\/uploads\/2021\/12\/dalmasso-luvia-falcade-990x743-1-768x576.webp 768w, https:\/\/www.radiopiu.net\/wordpress\/wp-content\/uploads\/2021\/12\/dalmasso-luvia-falcade-990x743-1.webp 990w\" sizes=\"auto, (max-width: 261px) 100vw, 261px\" \/><\/a>FALCADE<\/strong>\u00a0 \u00a0Mancano pochi giorni allo start della Coppa del Mondo di Snowboard Parallelo da Bannoye in Russia l\u201911 ed il 12 dicembre e la campionessa in carica italiana di Gigante e Slalom Lucia Dalmasso porter\u00e0 sul casco la sua terra, <a href=\"https:\/\/www.dolomiti.org\/it\/falcade\/\" target=\"_blank\" rel=\"noopener\">Falcade<\/a> che quest\u2019anno la sponsorizzer\u00e0 per questa avvincente stagione. Da Promo Falcade si dicono entusiasti in questa nuova avventura di Coppa del Mondo con la snowboardista azzurra che \u00e8 nata, cresciuta sciisticamente proprio sulle piste di Falcade. La presentazione della partnership avverr\u00e0 probabilmente appena dopo Natale, ma la 24enne veneta, ex atleta di sci alpino fino a 5 anni fa, \u00e8 orgogliosa di portare in giro per il mondo la sua terra e le bellezze del suo territorio.<\/div>\n<\/header>\n<div class=\"entry-content herald-entry-content\">\n<p>&nbsp;<\/p>\n<blockquote><p><em><strong>\u201cQuest\u2019anno \u00e8 il primo anno che far\u00f2 Coppa del Mondo a pieno titolo e quindi devo solo che mettere gi\u00f9 la testa. Non ho altra scelta. <\/strong><strong>L\u2019ultimo allenamento in Finlandia \u00e8 andato molto bene ed ora sono solo concentrata alle gare, gara dopo gara.\u201d<\/strong><\/em><\/p><\/blockquote>\n<\/div>\n<p><span style=\"color: #ff0000;\">foto e fonte: www.sciaremag.it<\/span><\/p>\n<div class=\"entry-content herald-entry-content\">\n<p>Lucia Dalmasso: fino a 5 anni fa promessa dello sci alpino, inserita nel gruppo Futur Fisi della nazionale. Poi il cambio di rotta <a href=\"https:\/\/www.sciaremag.it\/notiziesci\/lucia-dalmasso-dallo-sci-allo-snowboard-in-soli-5-anni-con-pechino-nel-mirino\/\">\u00a0dallo sci allo snowboard<\/a>.\u00a0 Lo scorso inverno: 13\u00b0 nel parallelo di Cortina, 18esima in quello di Rogla.\u00a0 In Coppa Europa a Funes dal 27 febbraio scorso. La stagione si \u00e8 poi conclusa con la medaglia d&#8217;oro agli Assoluti sia in slalom che in gigante.<\/p>\n<p>&nbsp;<\/p>\n<p>&nbsp;<\/p>\n<p>&nbsp;<\/p>\n<\/div>\n<p><span style=\"color: #0000ff;\"><strong>CALCIO<\/strong><\/span><\/p>\n<blockquote>\n<h3>L\u2019AGORDINA PAREGGIA CON LA JUVENTINA ED ORA LO SPAURACCHIO NEVE<\/h3>\n<\/blockquote>\n<p><strong><a href=\"https:\/\/www.radiopiu.net\/wordpress\/lagordina-pareggia-con-la-juventina-ed-ora-lo-spauracchio-neve\/264098547_4701271223266472_99542042042575692_n\/\" rel=\"attachment wp-att-247462\"><img loading=\"lazy\" decoding=\"async\" class=\"size-medium wp-image-247462 alignleft\" src=\"https:\/\/www.radiopiu.net\/wordpress\/wp-content\/uploads\/2021\/12\/264098547_4701271223266472_99542042042575692_n-300x225.jpg\" alt=\"\" width=\"300\" height=\"225\" srcset=\"https:\/\/www.radiopiu.net\/wordpress\/wp-content\/uploads\/2021\/12\/264098547_4701271223266472_99542042042575692_n-300x225.jpg 300w, https:\/\/www.radiopiu.net\/wordpress\/wp-content\/uploads\/2021\/12\/264098547_4701271223266472_99542042042575692_n-1024x768.jpg 1024w, https:\/\/www.radiopiu.net\/wordpress\/wp-content\/uploads\/2021\/12\/264098547_4701271223266472_99542042042575692_n-768x576.jpg 768w, https:\/\/www.radiopiu.net\/wordpress\/wp-content\/uploads\/2021\/12\/264098547_4701271223266472_99542042042575692_n.jpg 1440w\" sizes=\"auto, (max-width: 300px) 100vw, 300px\" \/><\/a>AGORDO<\/strong> \u00c8 terminata con un pareggio la sfida di domenica scorsa tra Juventina ed Agordina valida per la Seconda Categoria girone T del Veneto. Una sfida giocata su un campo pesante che ha influito e non poco sulla prestazione delle due compagini. Nonostante tutto una buona prova della formazione di Agordo che incamera un punto anche se sulla carta era favorita. Ora si pensa gi\u00e0 alla prossima partita contro il Vittsangiacomo, seconda forza del campionato, in programma all\u2019Ivano Dorigo di Agordo domenica prossima. La neve caduta nelle ultime ore mette a dura prova tutte le squadre dell\u2019Agordina che sono costrette a fare allenamenti su campi innevati o in palestra. Un esempio arriva dalla categoria Giovanissimi (nella foto) che ad inizio settimana \u00e8 stata costretta a prepararsi sul sintetico di Taibon ancora coperto dalla neve.<\/p>\n<p><strong>STEFANO FAVERO, GIOCATORE DELL\u2019AGORDINA<\/strong><\/p>\n<audio class=\"wp-audio-shortcode\" id=\"audio-247386-18\" preload=\"none\" style=\"width: 100%;\" controls=\"controls\"><source type=\"audio\/mpeg\" src=\"https:\/\/www.radiopiu.net\/wordpress\/wp-content\/uploads\/2021\/12\/STEFANO-FAVERO-AGORDINA-JUVENTINA.mp3?_=18\" \/><a href=\"https:\/\/www.radiopiu.net\/wordpress\/wp-content\/uploads\/2021\/12\/STEFANO-FAVERO-AGORDINA-JUVENTINA.mp3\">https:\/\/www.radiopiu.net\/wordpress\/wp-content\/uploads\/2021\/12\/STEFANO-FAVERO-AGORDINA-JUVENTINA.mp3<\/a><\/audio>\n<p>&nbsp;<\/p>\n<hr \/>\n<p>&nbsp;<\/p>\n<p><span style=\"color: #0000ff;\"><strong>HOCKEY<\/strong><\/span><\/p>\n<blockquote>\n<h3>KIVIRANTA TORNA AD ALLEGHE DOPO DUE NOTTI IN OSPEDALE<\/h3>\n<\/blockquote>\n<p><strong><a href=\"https:\/\/www.radiopiu.net\/wordpress\/terza-stagione-in-biancorosso-per-kiviranta\/kiviranta\/\" rel=\"attachment wp-att-229791\"><img loading=\"lazy\" decoding=\"async\" class=\"size-medium wp-image-229791 alignleft\" src=\"https:\/\/www.radiopiu.net\/wordpress\/wp-content\/uploads\/2021\/08\/KIVIRANTA-300x200.jpg\" alt=\"\" width=\"300\" height=\"200\" srcset=\"https:\/\/www.radiopiu.net\/wordpress\/wp-content\/uploads\/2021\/08\/KIVIRANTA-300x200.jpg 300w, https:\/\/www.radiopiu.net\/wordpress\/wp-content\/uploads\/2021\/08\/KIVIRANTA-768x511.jpg 768w, https:\/\/www.radiopiu.net\/wordpress\/wp-content\/uploads\/2021\/08\/KIVIRANTA.jpg 1024w\" sizes=\"auto, (max-width: 300px) 100vw, 300px\" \/><\/a>ALLEGHE<\/strong> \u00c8 costata cara a Mika Kiviranta la carica da tergo ricevuta nell\u2019ultima partita contro il Fiemme. Il giocatore dell\u2019Alleghe Hockey \u00e8 stato costretto a passare le ultime due notti all\u2019ospedale di Cavalese. Tutto \u00e8 successo a poco pi\u00f9 di 7\u2019 dal termine della partita giocata marted\u00ec sera quando il fiemmese Loris Vanzetta ha caricato il finlandese da dietro spedendolo contro le balaustre. Un duro colpo per Kiviranta che \u00e8 rimasto a terra fino all\u2019arrivo del medico che lo ha poi accompagnato fuori dal campo. Per il giocatore trentino \u00e8 scattata la penalit\u00e0 partita. L\u2019alleghese invece \u00e8 stato portato all\u2019ospedale di Cavalese per gli accertamenti del caso e la diagnosi dei medici \u00e8 stata: commozione celebrale e frattura del naso. Rimasto sotto osservazione per 48 ore, nella serata di ieri la dirigenza \u00e8 tornata in terra trentina per riportare a casa Kiviranta. Al momento non si conosce la vera entit\u00e0 dell\u2019infortunio e nelle prossime ore il medico dell\u2019Alleghe Sergio Alessio cercher\u00e0 di capire le tempistiche del recupero. Nel frattempo, la Federazione non si \u00e8 ancora espressa sul fatto accaduto e nelle prossime ore si sapr\u00e0 se il giudice sportivo prender\u00e0 dei provvedimenti nei confronti del fiemmese Vanzetta.<\/p>\n<p>&nbsp;<\/p>\n<p>&nbsp;<\/p>\n<p>&nbsp;<\/p>\n<p>&nbsp;<\/p>\n<\/div>\n<\/div>\n<\/div>\n<\/div>\n<\/div>\n<\/div>\n<\/div>\n","protected":false},"excerpt":{"rendered":"<p>INFORMAZIONE il canale su TELEGRAM informazione di prima mano e in tempo reale. iscriviti ed aiutaci a farlo conoscere\u00a0 &nbsp; &nbsp; \u00a0BENTORNATO &#8220;La scarcerazione di Zaki \u00e8 solo un primo passo, \u00e8 la dimostrazione che i risultati si ottengono aprendo i canali diplomatici non chiudendoli&#8220;. Lo ha detto il ministro degli Esteri Luigi Di Maio.&hellip;<\/p>\n","protected":false},"author":4,"featured_media":247576,"comment_status":"closed","ping_status":"open","sticky":false,"template":"","format":"standard","meta":{"_monsterinsights_skip_tracking":false,"_monsterinsights_sitenote_active":false,"_monsterinsights_sitenote_note":"","_monsterinsights_sitenote_category":0,"footnotes":""},"categories":[104,86,49],"tags":[],"class_list":["post-247386","post","type-post","status-publish","format-standard","has-post-thumbnail","hentry","category-evidenza_3","category-gr","category-news-18","category-104","category-86","category-49","description-off"],"img_url":"https:\/\/www.radiopiu.net\/wordpress\/wp-content\/uploads\/2021\/12\/fa4de263-ccae-487a-91d8-4bbe5922c0b7.jpg","_links":{"self":[{"href":"https:\/\/www.radiopiu.net\/wordpress\/wp-json\/wp\/v2\/posts\/247386","targetHints":{"allow":["GET"]}}],"collection":[{"href":"https:\/\/www.radiopiu.net\/wordpress\/wp-json\/wp\/v2\/posts"}],"about":[{"href":"https:\/\/www.radiopiu.net\/wordpress\/wp-json\/wp\/v2\/types\/post"}],"author":[{"embeddable":true,"href":"https:\/\/www.radiopiu.net\/wordpress\/wp-json\/wp\/v2\/users\/4"}],"replies":[{"embeddable":true,"href":"https:\/\/www.radiopiu.net\/wordpress\/wp-json\/wp\/v2\/comments?post=247386"}],"version-history":[{"count":0,"href":"https:\/\/www.radiopiu.net\/wordpress\/wp-json\/wp\/v2\/posts\/247386\/revisions"}],"wp:featuredmedia":[{"embeddable":true,"href":"https:\/\/www.radiopiu.net\/wordpress\/wp-json\/wp\/v2\/media\/247576"}],"wp:attachment":[{"href":"https:\/\/www.radiopiu.net\/wordpress\/wp-json\/wp\/v2\/media?parent=247386"}],"wp:term":[{"taxonomy":"category","embeddable":true,"href":"https:\/\/www.radiopiu.net\/wordpress\/wp-json\/wp\/v2\/categories?post=247386"},{"taxonomy":"post_tag","embeddable":true,"href":"https:\/\/www.radiopiu.net\/wordpress\/wp-json\/wp\/v2\/tags?post=247386"}],"curies":[{"name":"wp","href":"https:\/\/api.w.org\/{rel}","templated":true}]}}