{"id":247490,"date":"2021-12-09T23:59:20","date_gmt":"2021-12-09T22:59:20","guid":{"rendered":"https:\/\/www.radiopiu.net\/wordpress\/?p=247490"},"modified":"2021-12-09T15:25:57","modified_gmt":"2021-12-09T14:25:57","slug":"i-cadorini-menegus-padre-e-figlia-suora-con-i-preziosi-diari-documenti-di-storia","status":"publish","type":"post","link":"https:\/\/www.radiopiu.net\/wordpress\/i-cadorini-menegus-padre-e-figlia-suora-con-i-preziosi-diari-documenti-di-storia\/","title":{"rendered":"I CADORINI MENEGUS PADRE E FIGLIA SUORA CON I PREZIOSI DIARI, DOCUMENTI DI STORIA"},"content":{"rendered":"<p><strong>di RENATO BONA<\/strong><\/p>\n<p>Leggendo con il meritato interesse il pregevole volume \u201cDocumenti di storia. Cadore Zoldo e Alpago\u201d curato da Aldo Belli per l\u2019Istituto bellunese di ricerche sociali e culturali e stampato nel giugno del 1978 dalla tipografia Piave (\u00e8 una preziosa una raccolta di diari: il primo del 1810, l\u2019ultimo del 1947 in cui il tema principale sono le invasioni, ma non mancano riflessioni su emigrazione, costume e calamit\u00e0) ci siamo imbattuti in una curiosit\u00e0 che ci piace proporre a chi ci segue: padre e figlia Menegus sono presenti con altrettanti diari. Lui che il 25 gennaio 1947 esordisce scrivendo ai nipoti: \u201cFuori fa molto freddo e il tempo mi permette. Vostro nonno, Menegus Francesco fu Gian Maria di S. Vito di Cadore (prov. di Belluno), nato il 23 settembre 1869 intende lasciarvi il presente ricordo. Non meravigliatevi se nel mio scritto troverete qualche errore. Pensate per prima cosa alla mia avanzata et\u00e0; poi bisogna osservare che ai tempi ch\u2019io andavo alla scuola il massimo si faceva fino la terza elementare e che nel seguito ho dovuto imparare a mio costo\u2026\u201d. Lei, suor Maria Arcangela, che all\u2019epoca di stampa del volume da oltre cinquant\u2019anni prestava servizio al \u201cCottolengo\u201d di Torino, che ci ha lasciato uno scritto dal quale il curatore del libro, Aldo Belli, ha scelto \u201csolo ci\u00f2 che poteva completare la descrizione della figura del padre e delle sue vicende durante il periodo dell\u2019\u2018invasione\u201d. A proposito di Cottolengo, l libera enciclopedia Wikipedia specifica: \u201cLa Piccola casa della Divina Provvidenza, pi\u00f9 semplicemente conosciuta come il Cottolengo dal nome del suo fondatore san Giuseppe Benedetto Cottolego, \u00e8 un istituto di carit\u00e0 con sede principale nel quartiere Aurora di Torino. L&#8217;istituto si occupa di assistenza alle persone con disabilit\u00e0 fisiche e mentali, agli anziani, agli ammalati in genere, ai minori orfani o comunque senza famiglia, ai tossicodipendenti, ai poveri senza fissa dimora e agli extracomunitari. In Italia le case di assistenza sono 35, con circa 1.700 assistiti. Nella casa madre di Torino gli assistiti sono 420. Accanto alle strutture per disabili opera l&#8217;ospedale, che dispone di 203 posti letto. Tra suore operative e anziane a riposo vivono inoltre nella casa madre oltre 600 religiose. Nell&#8217;istituto operano 1.200 volontari dell&#8217;Associazione volontariato cottolenghino, che accoglie, in totale, circa 2000 persone\u201d. Qui di seguito cerchiamo di sintetizzare al meglio i due testi e partiamo con Francesco il quale spiega che fin da giovane \u201cho dovuto incominciare a girare il mondo: dall\u2019et\u00e0 di 14 anni ho dovuto prendermi il fagotto in spalla e a piedi mi portati fino a Dobbiaco, otto ore di cammino, poi presi il treno e mi porti fino a Brunico a lavorare. Cost\u00ec vostro bisnonno teneva un piccolo lavoro, la costruzione di un canale e cost\u00ec mi fermai per due mesi. Al 22 dicembre ritornai a casa e andai ad imparare il mestiere di falegname. L\u2019estate andai a far malta e a portare sassi: cos\u00ec usavano a quei tempi per il primo anno di lavoro. Il secondo anno incominciai a lavorare di muratura. Il terzo anno, l\u2019autunno, andai la lavorare con mio padre a Siglian, solo due mesi, e poi seguitai ad andare a imparare il mestiere. Non avevo ancora compiuto i 17 anni quando partii col mio bagaglio in spalla e camminai di nuovo fino a Dobbiaco, dove presi il treno e mi portai in Ungheria; proseguii per la Romania (da solo) e mi portai a Bucarest. Poi prosegui fino a Rimini Sart. Cost\u00ec un mio zio teneva un lavoro di carpenteria per la costruzione d\u2019un ospedale militare e cost\u00ec lavorai. Dopo due mesi i lavori furono tutti fermi per \u2018inverno. Io, non sapendo cosa fare, mi sono messo a fare dei piccoli scagnelli e coperchi da pignatte e li vendevo, fino a che ho passato l\u2019inverno. Finito quel lavoro abbiamo fatto altri lavori in citt\u00e0, ma poi ricordo che tanta era la fatica a fare il lavoro e altrettanta la fatica per essere pagati. Nel 1887 andai a piedi a Buseo. Era gi\u00e0 l\u2019autunno. Mi portai da un\u2019impresa che doveva fare un lavoro per rinforzare un ponte. Abbiamo fatto la macchina per battere i pali, ma poco dopo il lavoro fu sospeso. Ritornai a Rimini Sart Quando fu la buona stagione ritornai nella citt\u00e0 di Buseo a lavorare per i coperti di due grosse fabbriche, ma con pochissimi guadagni\u2026\u201d. Il diario prosegue per un\u2019altra trentina di pagine per richiamare lavori e non solo: il ponte di Poma a doppia arcata,quello di Cantalupo, l\u2019inaugurazione \u201ccon un sigaro\u201d due chilometri di teleferica a Prato Ligure, l\u2019episodio di una \u201cteleferica azionata da un mulo con un occhio bendato e uno cieco\u201d, un ponte sul Po a Trino Torinese, quello sul Sesia, quello di Crescentino, il bacino di carenaggio a Napoli, il ponte su fiume Tronto, la banchina al Molino Stucchi di Venezia, il ponte sul Trebbia, quello sul fiume Acri a Montalbano Ionico. C\u2019\u00e8 quindi la parentesi della malaria dalla quale fu colpito Menegus che nell\u2019occasione matur\u00f2 l\u2019idea di andare in America del nord verso la quale part\u00ec il 7 marzo 1905. Poi altri importanti lavori in America e in Italia, il ritorno a San Vito dove la casa di famiglia era divenuta Osservatorio militare; la guerra sul Piave, l\u2019invasione e la carestia\u2026 Di nuovo lavori a Roncadelle dove c\u2019era la casa, a San Vito, lavori in montagna\u2026 Infine, sempre rivolto ai nipoti tutti: \u201cIo attualmente nessuno di voi tengo qui presenti in mia compagnia per poterci raccontare la storia, come fanno tutti i nonni; cos\u00ec io ho pensato a scriverla, che ve la tramanderete, in modo che tutti avete a sapere quale fu la vita che ha passato il nonno vostro. E a voi porgo i miei auguri che Dio voglia che la potete passare meglio di quello che l\u2019ho passata io\u201d. Decisamente pi\u00f9 stringato il diario di suor Maria Arcangela che ricorda il padre come persona onesta, amante dell\u2019ordine e della pulizia ch\u2019esigeva al massimo grado. Un Aneddoto: \u201cAvendo trovato 10 lire, mentre contenta pensavo di tenerle, il pap\u00e0 m\u2019impose di portarle immediatamente al parroco affinch\u00e9 le rendesse al padrone\u2026 Non si stancava di inculcarci l\u2019amore alla sincerit\u00e0 e l\u2019orrore ai raggiri e alle doppiezze. Ancora: non transigeva in fatto di religione, vigilando perch\u00e9 si andasse alla santa Messa e si frequentasse il Catechismo&#8230;Tutte le sere ci faceva la lettura del Vangelo e della storia Sacra per circa un\u2019ora dopo di che, recitando il santo Rosario e le preghiere ci mandava a letto. Un ricordo anche di quando le truppe italiane nella ritirata \u201cinvasero la nostra casa, che ospit\u00f2 in tale contingenza circa 200 ufficiali\u2026. L\u2019indomani fummo spaventati dagli allarmi della ritirata e venne minato anche il ponte di Piave; mentre terrorizzati si attendeva il nemico \u201cil pap\u00e0 ci incoraggiava alla preghiera e alla confidenza in Maria santissima\u201d. Ultimi ricordi della ritirata: \u201c\u2026desideroso di recare soccorso, mio padre usc\u00ec un giorno accompagnato da me e potemmo scoprire tre arditi italiani gravemente feriti; li trasportammo in canonica con grande delicatezza e dopo aver ricevuto gi ultimi Sacramenti dal reverendo Arciprete, morirono tranquilli\u201d. E quello dei giorni in cui \u201cPap\u00e0 mi invit\u00f2 ad accompagnarlo a Roncadelle per vedere la nostra casa\u2026 vedemmo tanti cadaveri in putrefazione, il palazzo della zia ridotto in macerie, la nostra palazzina mezza distrutta, la casa colonica rasa al suolo\u2026 Entrata in una stanza, vidi mio padre in ginocchio che pregava davanti al cadavere di un capitano, quindi ne recuper\u00f2 i documenti: era un milanese che aveva una bambina; la famiglia fu avvertita e venne a recuperare la salma\u2026\u201d.<\/p>\n\n\t\t\t<style type='text\/css'>\n\t\t\t\t#gallery-1 {\n\t\t\t\t\tmargin: auto;\n\t\t\t\t}\n\t\t\t\t#gallery-1 .gallery-item {\n\t\t\t\t\tfloat: left;\n\t\t\t\t\tmargin-top: 10px;\n\t\t\t\t\ttext-align: center;\n\t\t\t\t\twidth: 20%;\n\t\t\t\t}\n\t\t\t\t#gallery-1 img {\n\t\t\t\t\tborder: 2px solid #cfcfcf;\n\t\t\t\t}\n\t\t\t\t#gallery-1 .gallery-caption {\n\t\t\t\t\tmargin-left: 0;\n\t\t\t\t}\n\t\t\t\t\/* see gallery_shortcode() in wp-includes\/media.php *\/\n\t\t\t<\/style>\n\t\t<div id='gallery-1' class='dt-gallery-container gallery galleryid-247490 gallery-columns-5 gallery-size-thumbnail'><dl class='gallery-item'>\n\t\t\t\t<dt class='gallery-icon portrait'>\n\t\t\t\t\t<a class=\"rollover rollover-zoom dt-pswp-item\" title=\"264158783_473956297455694_7336024984200058731_n\" data-dt-img-description=\"\" data-large_image_width=\"151\" data-large_image_height=\"247\"href='https:\/\/www.radiopiu.net\/wordpress\/wp-content\/uploads\/2021\/12\/264158783_473956297455694_7336024984200058731_n.jpg'><img loading=\"lazy\" decoding=\"async\" width=\"150\" height=\"150\" src=\"https:\/\/www.radiopiu.net\/wordpress\/wp-content\/uploads\/2021\/12\/264158783_473956297455694_7336024984200058731_n-150x150.jpg\" class=\"attachment-thumbnail size-thumbnail\" alt=\"\" \/><\/a>\n\t\t\t\t<\/dt><\/dl><dl class='gallery-item'>\n\t\t\t\t<dt class='gallery-icon portrait'>\n\t\t\t\t\t<a class=\"rollover rollover-zoom dt-pswp-item\" title=\"263679105_372884684614065_6081082865444608266_n\" data-dt-img-description=\"\" data-large_image_width=\"197\" data-large_image_height=\"206\"href='https:\/\/www.radiopiu.net\/wordpress\/wp-content\/uploads\/2021\/12\/263679105_372884684614065_6081082865444608266_n.jpg'><img loading=\"lazy\" decoding=\"async\" width=\"150\" height=\"150\" src=\"https:\/\/www.radiopiu.net\/wordpress\/wp-content\/uploads\/2021\/12\/263679105_372884684614065_6081082865444608266_n-150x150.jpg\" class=\"attachment-thumbnail size-thumbnail\" alt=\"\" \/><\/a>\n\t\t\t\t<\/dt><\/dl><dl class='gallery-item'>\n\t\t\t\t<dt class='gallery-icon portrait'>\n\t\t\t\t\t<a class=\"rollover rollover-zoom dt-pswp-item\" title=\"263589896_633733191215351_4642775454965960624_n\" data-dt-img-description=\"\" data-large_image_width=\"152\" data-large_image_height=\"225\"href='https:\/\/www.radiopiu.net\/wordpress\/wp-content\/uploads\/2021\/12\/263589896_633733191215351_4642775454965960624_n.jpg'><img loading=\"lazy\" decoding=\"async\" width=\"150\" height=\"150\" src=\"https:\/\/www.radiopiu.net\/wordpress\/wp-content\/uploads\/2021\/12\/263589896_633733191215351_4642775454965960624_n-150x150.jpg\" class=\"attachment-thumbnail size-thumbnail\" alt=\"\" \/><\/a>\n\t\t\t\t<\/dt><\/dl><dl class='gallery-item'>\n\t\t\t\t<dt class='gallery-icon portrait'>\n\t\t\t\t\t<a class=\"rollover rollover-zoom dt-pswp-item\" title=\"263651040_1434826716911039_6365689020721641405_n\" data-dt-img-description=\"\" data-large_image_width=\"156\" data-large_image_height=\"240\"href='https:\/\/www.radiopiu.net\/wordpress\/wp-content\/uploads\/2021\/12\/263651040_1434826716911039_6365689020721641405_n.jpg'><img loading=\"lazy\" decoding=\"async\" width=\"150\" height=\"150\" src=\"https:\/\/www.radiopiu.net\/wordpress\/wp-content\/uploads\/2021\/12\/263651040_1434826716911039_6365689020721641405_n-150x150.jpg\" class=\"attachment-thumbnail size-thumbnail\" alt=\"\" \/><\/a>\n\t\t\t\t<\/dt><\/dl><dl class='gallery-item'>\n\t\t\t\t<dt class='gallery-icon landscape'>\n\t\t\t\t\t<a class=\"rollover rollover-zoom dt-pswp-item\" title=\"263971072_889947148377846_6151994670780184074_n\" data-dt-img-description=\"\" data-large_image_width=\"272\" data-large_image_height=\"206\"href='https:\/\/www.radiopiu.net\/wordpress\/wp-content\/uploads\/2021\/12\/263971072_889947148377846_6151994670780184074_n.jpg'><img loading=\"lazy\" decoding=\"async\" width=\"150\" height=\"150\" src=\"https:\/\/www.radiopiu.net\/wordpress\/wp-content\/uploads\/2021\/12\/263971072_889947148377846_6151994670780184074_n-150x150.jpg\" class=\"attachment-thumbnail size-thumbnail\" alt=\"\" \/><\/a>\n\t\t\t\t<\/dt><\/dl><br style=\"clear: both\" \/><dl class='gallery-item'>\n\t\t\t\t<dt class='gallery-icon landscape'>\n\t\t\t\t\t<a class=\"rollover rollover-zoom dt-pswp-item\" title=\"263689905_580427619781948_4986192522440083878_n\" data-dt-img-description=\"\" data-large_image_width=\"344\" data-large_image_height=\"206\"href='https:\/\/www.radiopiu.net\/wordpress\/wp-content\/uploads\/2021\/12\/263689905_580427619781948_4986192522440083878_n.jpg'><img loading=\"lazy\" decoding=\"async\" width=\"150\" height=\"150\" src=\"https:\/\/www.radiopiu.net\/wordpress\/wp-content\/uploads\/2021\/12\/263689905_580427619781948_4986192522440083878_n-150x150.jpg\" class=\"attachment-thumbnail size-thumbnail\" alt=\"\" \/><\/a>\n\t\t\t\t<\/dt><\/dl><dl class='gallery-item'>\n\t\t\t\t<dt class='gallery-icon landscape'>\n\t\t\t\t\t<a class=\"rollover rollover-zoom dt-pswp-item\" title=\"263463833_428921625514410_684535970013431010_n\" data-dt-img-description=\"\" data-large_image_width=\"320\" data-large_image_height=\"201\"href='https:\/\/www.radiopiu.net\/wordpress\/wp-content\/uploads\/2021\/12\/263463833_428921625514410_684535970013431010_n.jpg'><img loading=\"lazy\" decoding=\"async\" width=\"150\" height=\"150\" src=\"https:\/\/www.radiopiu.net\/wordpress\/wp-content\/uploads\/2021\/12\/263463833_428921625514410_684535970013431010_n-150x150.jpg\" class=\"attachment-thumbnail size-thumbnail\" alt=\"\" \/><\/a>\n\t\t\t\t<\/dt><\/dl><dl class='gallery-item'>\n\t\t\t\t<dt class='gallery-icon landscape'>\n\t\t\t\t\t<a class=\"rollover rollover-zoom dt-pswp-item\" title=\"263498842_231405562401399_6039492322349382207_n\" data-dt-img-description=\"\" data-large_image_width=\"273\" data-large_image_height=\"206\"href='https:\/\/www.radiopiu.net\/wordpress\/wp-content\/uploads\/2021\/12\/263498842_231405562401399_6039492322349382207_n.jpg'><img loading=\"lazy\" decoding=\"async\" width=\"150\" height=\"150\" src=\"https:\/\/www.radiopiu.net\/wordpress\/wp-content\/uploads\/2021\/12\/263498842_231405562401399_6039492322349382207_n-150x150.jpg\" class=\"attachment-thumbnail size-thumbnail\" alt=\"\" \/><\/a>\n\t\t\t\t<\/dt><\/dl><dl class='gallery-item'>\n\t\t\t\t<dt class='gallery-icon portrait'>\n\t\t\t\t\t<a class=\"rollover rollover-zoom dt-pswp-item\" title=\"264004609_209960777984377_6824043533318333161_n\" data-dt-img-description=\"\" data-large_image_width=\"160\" data-large_image_height=\"202\"href='https:\/\/www.radiopiu.net\/wordpress\/wp-content\/uploads\/2021\/12\/264004609_209960777984377_6824043533318333161_n.jpg'><img loading=\"lazy\" decoding=\"async\" width=\"150\" height=\"150\" src=\"https:\/\/www.radiopiu.net\/wordpress\/wp-content\/uploads\/2021\/12\/264004609_209960777984377_6824043533318333161_n-150x150.jpg\" class=\"attachment-thumbnail size-thumbnail\" alt=\"\" \/><\/a>\n\t\t\t\t<\/dt><\/dl>\n\t\t\t\t<br style='clear: both' \/>\n\t\t\t<\/div>\n\n<p>&nbsp;<\/p>\n<p>NELLE FOTO (Wikipedia, Biblioteca Gregoriana del Seminario di Belluno, Emilio Dal Farra e riproduzioni dal libro di Aldo Belli \u201cDocumenti di storia. Cadore Zoldo e Alpago\u201d): il cadorino Giuseppe Meneguz Pel\u00e0; sua figlia, suor Arcangela, impegnata per mezzo secolo al \u201cCottolengo\u201d di Torino; carpenteria: vari tipi di centine usate anche da Menegus; macchina per battere i pali (Diderot-D\u2019Alambert, Encyclop\u00e9die, Livourne 1770); cassone per fondazioni; ponte sul Sesia nei pressi di Casal Monferrato; Crescentino: ponte sul Po; immagine esterna del Cottolengo; il fondatore della benemerita istituzione Giuseppe Benedetto Cottolengo.<\/p>\n","protected":false},"excerpt":{"rendered":"<p>di RENATO BONA Leggendo con il meritato interesse il pregevole volume \u201cDocumenti di storia. Cadore Zoldo e Alpago\u201d curato da Aldo Belli per l\u2019Istituto bellunese di ricerche sociali e culturali e stampato nel giugno del 1978 dalla tipografia Piave (\u00e8 una preziosa una raccolta di diari: il primo del 1810, l\u2019ultimo del 1947 in cui&hellip;<\/p>\n","protected":false},"author":4,"featured_media":247499,"comment_status":"closed","ping_status":"open","sticky":false,"template":"","format":"standard","meta":{"_monsterinsights_skip_tracking":false,"_monsterinsights_sitenote_active":false,"_monsterinsights_sitenote_note":"","_monsterinsights_sitenote_category":0,"footnotes":""},"categories":[104,49],"tags":[],"class_list":["post-247490","post","type-post","status-publish","format-standard","has-post-thumbnail","hentry","category-evidenza_3","category-news-18","category-104","category-49","description-off"],"img_url":"https:\/\/www.radiopiu.net\/wordpress\/wp-content\/uploads\/2021\/12\/264004609_209960777984377_6824043533318333161_n.jpg","_links":{"self":[{"href":"https:\/\/www.radiopiu.net\/wordpress\/wp-json\/wp\/v2\/posts\/247490","targetHints":{"allow":["GET"]}}],"collection":[{"href":"https:\/\/www.radiopiu.net\/wordpress\/wp-json\/wp\/v2\/posts"}],"about":[{"href":"https:\/\/www.radiopiu.net\/wordpress\/wp-json\/wp\/v2\/types\/post"}],"author":[{"embeddable":true,"href":"https:\/\/www.radiopiu.net\/wordpress\/wp-json\/wp\/v2\/users\/4"}],"replies":[{"embeddable":true,"href":"https:\/\/www.radiopiu.net\/wordpress\/wp-json\/wp\/v2\/comments?post=247490"}],"version-history":[{"count":0,"href":"https:\/\/www.radiopiu.net\/wordpress\/wp-json\/wp\/v2\/posts\/247490\/revisions"}],"wp:featuredmedia":[{"embeddable":true,"href":"https:\/\/www.radiopiu.net\/wordpress\/wp-json\/wp\/v2\/media\/247499"}],"wp:attachment":[{"href":"https:\/\/www.radiopiu.net\/wordpress\/wp-json\/wp\/v2\/media?parent=247490"}],"wp:term":[{"taxonomy":"category","embeddable":true,"href":"https:\/\/www.radiopiu.net\/wordpress\/wp-json\/wp\/v2\/categories?post=247490"},{"taxonomy":"post_tag","embeddable":true,"href":"https:\/\/www.radiopiu.net\/wordpress\/wp-json\/wp\/v2\/tags?post=247490"}],"curies":[{"name":"wp","href":"https:\/\/api.w.org\/{rel}","templated":true}]}}