{"id":247510,"date":"2021-12-10T05:59:38","date_gmt":"2021-12-10T04:59:38","guid":{"rendered":"https:\/\/www.radiopiu.net\/wordpress\/?p=247510"},"modified":"2021-12-10T06:03:17","modified_gmt":"2021-12-10T05:03:17","slug":"incidente-mortale-3","status":"publish","type":"post","link":"https:\/\/www.radiopiu.net\/wordpress\/incidente-mortale-3\/","title":{"rendered":"INCIDENTE MORTALE, INCIAMPA NELLA RECINZIONE E PRECIPITA NELLA SCARPATA."},"content":{"rendered":"<blockquote><p><em>Nato ad Asmara, in Eritrea, Mariot aveva trascorso una parte della sua vita a Quero, dove risultava tuttora domiciliato sebbene vi trascorresse saltuariamente del tempo.<\/em><\/p><\/blockquote>\n<p><strong><a href=\"https:\/\/www.radiopiu.net\/wordpress\/ritrovato-privo-di-vita-lungo-una-scarpata\/139698452_3392958714148590_8943945095571516397_n\/\" rel=\"attachment wp-att-247511\"><img loading=\"lazy\" decoding=\"async\" class=\"wp-image-247511 alignleft\" src=\"https:\/\/www.radiopiu.net\/wordpress\/wp-content\/uploads\/2021\/12\/139698452_3392958714148590_8943945095571516397_n-300x300.jpg\" alt=\"\" width=\"101\" height=\"101\" srcset=\"https:\/\/www.radiopiu.net\/wordpress\/wp-content\/uploads\/2021\/12\/139698452_3392958714148590_8943945095571516397_n-300x300.jpg 300w, https:\/\/www.radiopiu.net\/wordpress\/wp-content\/uploads\/2021\/12\/139698452_3392958714148590_8943945095571516397_n-1024x1024.jpg 1024w, https:\/\/www.radiopiu.net\/wordpress\/wp-content\/uploads\/2021\/12\/139698452_3392958714148590_8943945095571516397_n-150x150.jpg 150w, https:\/\/www.radiopiu.net\/wordpress\/wp-content\/uploads\/2021\/12\/139698452_3392958714148590_8943945095571516397_n-768x769.jpg 768w, https:\/\/www.radiopiu.net\/wordpress\/wp-content\/uploads\/2021\/12\/139698452_3392958714148590_8943945095571516397_n.jpg 1443w\" sizes=\"auto, (max-width: 101px) 100vw, 101px\" \/><\/a>QUERO<\/strong> Un uomo di 66 anni \u00e8 stato ritrovato privo di vita nella mattinata di mercoledi in localit\u00e0 San Valentino sulla via per Schievenin. A sincerarsi della situazione i Carabinieri della stazione di Quero chiamati ad intervenire nei pressi dell&#8217;agriturismo &#8220;Il Mulino La Vallina&#8221; in seguito al rinvenimento di un corpo esanime. Sandro Mariot residente a Venezia ma di fatto domiciliato a Feltre \u00e8 morto in seguito ai politraumi da caduta accidentale. La salma \u00e8 gi\u00e0 stata messa a disposizione dei familiari dall&#8217;Autorit\u00e0 Giudiziaria.<\/p>\n<p>A Quero lo ricorderanno per quei momenti\u00a0 quando incantava il pubblico con il suono dei suoi strumenti musicali.\u00a0 Sandro Mariot, classe 1955, di Favaro Veneto,\u00a0 era uscito dall&#8217;agriturismo &#8220;Mulino La Vallina&#8221; per andare a fare una passeggiata. Dal posto, che dista non molto lontano dal centro cittadino, Quella che doveva essere una giornata di festa da trascorrere in relativa tranquillit\u00e0, si \u00e8 invece trasformata in una vicenda di cronaca nera. Mentre stava camminando, il veneziano \u00e8 inciampato d&#8217;improvviso, per qualche motivo, ruzzolando in mal modo gi\u00f9 per la vicina scarpata. A confermarlo \u00e8 stato il ritrovamento dei lacci delle scarpe ancora impigliati su una recinzione. E la caduta non gli ha lasciato scampo.<\/p>\n<p>&nbsp;<\/p>\n","protected":false},"excerpt":{"rendered":"<p>Nato ad Asmara, in Eritrea, Mariot aveva trascorso una parte della sua vita a Quero, dove risultava tuttora domiciliato sebbene vi trascorresse saltuariamente del tempo. QUERO Un uomo di 66 anni \u00e8 stato ritrovato privo di vita nella mattinata di mercoledi in localit\u00e0 San Valentino sulla via per Schievenin. A sincerarsi della situazione i Carabinieri&hellip;<\/p>\n","protected":false},"author":4,"featured_media":247511,"comment_status":"closed","ping_status":"open","sticky":false,"template":"","format":"standard","meta":{"_monsterinsights_skip_tracking":false,"_monsterinsights_sitenote_active":false,"_monsterinsights_sitenote_note":"","_monsterinsights_sitenote_category":0,"footnotes":""},"categories":[51,49],"tags":[],"class_list":["post-247510","post","type-post","status-publish","format-standard","has-post-thumbnail","hentry","category-evidenza-top","category-news-18","category-51","category-49","description-off"],"img_url":"https:\/\/www.radiopiu.net\/wordpress\/wp-content\/uploads\/2021\/12\/139698452_3392958714148590_8943945095571516397_n.jpg","_links":{"self":[{"href":"https:\/\/www.radiopiu.net\/wordpress\/wp-json\/wp\/v2\/posts\/247510","targetHints":{"allow":["GET"]}}],"collection":[{"href":"https:\/\/www.radiopiu.net\/wordpress\/wp-json\/wp\/v2\/posts"}],"about":[{"href":"https:\/\/www.radiopiu.net\/wordpress\/wp-json\/wp\/v2\/types\/post"}],"author":[{"embeddable":true,"href":"https:\/\/www.radiopiu.net\/wordpress\/wp-json\/wp\/v2\/users\/4"}],"replies":[{"embeddable":true,"href":"https:\/\/www.radiopiu.net\/wordpress\/wp-json\/wp\/v2\/comments?post=247510"}],"version-history":[{"count":0,"href":"https:\/\/www.radiopiu.net\/wordpress\/wp-json\/wp\/v2\/posts\/247510\/revisions"}],"wp:featuredmedia":[{"embeddable":true,"href":"https:\/\/www.radiopiu.net\/wordpress\/wp-json\/wp\/v2\/media\/247511"}],"wp:attachment":[{"href":"https:\/\/www.radiopiu.net\/wordpress\/wp-json\/wp\/v2\/media?parent=247510"}],"wp:term":[{"taxonomy":"category","embeddable":true,"href":"https:\/\/www.radiopiu.net\/wordpress\/wp-json\/wp\/v2\/categories?post=247510"},{"taxonomy":"post_tag","embeddable":true,"href":"https:\/\/www.radiopiu.net\/wordpress\/wp-json\/wp\/v2\/tags?post=247510"}],"curies":[{"name":"wp","href":"https:\/\/api.w.org\/{rel}","templated":true}]}}