{"id":247522,"date":"2021-12-09T16:48:51","date_gmt":"2021-12-09T15:48:51","guid":{"rendered":"https:\/\/www.radiopiu.net\/wordpress\/?p=247522"},"modified":"2021-12-09T17:27:47","modified_gmt":"2021-12-09T16:27:47","slug":"giornatamontagna","status":"publish","type":"post","link":"https:\/\/www.radiopiu.net\/wordpress\/giornatamontagna\/","title":{"rendered":"GIORNATA INTERNAZIONALE DELLA MONTAGNA, I SINDACI AL QUIRINALE  INCONTRANO IL PRESIDENTE"},"content":{"rendered":"<p>&nbsp;<\/p>\n<blockquote><p><em>Qui il testo integrale del discorso del Presidente della Repubblica: <\/em><strong><span style=\"color: #0000ff;\"><a style=\"color: #0000ff;\" href=\"https:\/\/www.quirinale.it\/elementi\/61501\"><em>https:\/\/www.quirinale.it\/elementi\/61501<\/em><\/a><\/span><\/strong><\/p>\n<h3><\/h3>\n<h3>GIORNATA INTERNAZIONE DELLA MONTAGNA, BOND &#8220;TERRA ALTE AL CENTRO DELL&#8217;AGENDA POLITICA&#8221;<\/h3>\n<\/blockquote>\n<p><strong><a href=\"https:\/\/www.radiopiu.net\/wordpress\/giornata-montagna\/sindaci_quirinale_giornata_montagna_9_12_2021\/\" rel=\"attachment wp-att-247524\"><img loading=\"lazy\" decoding=\"async\" class=\" wp-image-247524 alignleft\" src=\"https:\/\/www.radiopiu.net\/wordpress\/wp-content\/uploads\/2021\/12\/SINDACI_Quirinale_Giornata_Montagna_9_12_2021-300x225.jpg\" alt=\"\" width=\"245\" height=\"184\" srcset=\"https:\/\/www.radiopiu.net\/wordpress\/wp-content\/uploads\/2021\/12\/SINDACI_Quirinale_Giornata_Montagna_9_12_2021-300x225.jpg 300w, https:\/\/www.radiopiu.net\/wordpress\/wp-content\/uploads\/2021\/12\/SINDACI_Quirinale_Giornata_Montagna_9_12_2021-1024x768.jpg 1024w, https:\/\/www.radiopiu.net\/wordpress\/wp-content\/uploads\/2021\/12\/SINDACI_Quirinale_Giornata_Montagna_9_12_2021-768x576.jpg 768w, https:\/\/www.radiopiu.net\/wordpress\/wp-content\/uploads\/2021\/12\/SINDACI_Quirinale_Giornata_Montagna_9_12_2021-1536x1152.jpg 1536w, https:\/\/www.radiopiu.net\/wordpress\/wp-content\/uploads\/2021\/12\/SINDACI_Quirinale_Giornata_Montagna_9_12_2021.jpg 2016w\" sizes=\"auto, (max-width: 245px) 100vw, 245px\" \/><\/a>ROMA<\/strong> \u201cLa montagna \u00e8 una risorsa per il nostro Paese e deve essere tenuta in grande considerazione, con un\u2019attenzione particolare al rispetto ambientale. In tal senso, \u00e8 importantissimo il segnale arrivato dai rappresentanti degli enti locali e dal direttore generale della Fao\u201d. Cos\u00ec il deputato Dario Bond, presidente del Comitato paritetico Fondo Comuni confinanti, che ieri\u00a0 mattina ha partecipato al Quirinale alla cerimonia della Giornata internazionale della montagna, convocata dal presidente della Repubblica Sergio Mattarella, alla presenza anche della ministra degli affari regionali Mariastella Gelmini, e del ministro del turismo, Massimo Garavaglia.<\/p>\n<p><strong>IL DEPUTATO DARIO BOND\u00a0<\/strong><\/p>\n<audio class=\"wp-audio-shortcode\" id=\"audio-247522-1\" preload=\"none\" style=\"width: 100%;\" controls=\"controls\"><source type=\"audio\/mpeg\" src=\"https:\/\/www.radiopiu.net\/wordpress\/wp-content\/uploads\/2021\/12\/Giornata-internazionale-montagna-Dario-Bond.mp3?_=1\" \/><a href=\"https:\/\/www.radiopiu.net\/wordpress\/wp-content\/uploads\/2021\/12\/Giornata-internazionale-montagna-Dario-Bond.mp3\">https:\/\/www.radiopiu.net\/wordpress\/wp-content\/uploads\/2021\/12\/Giornata-internazionale-montagna-Dario-Bond.mp3<\/a><\/audio>\n<p>&nbsp;<\/p>\n<p>&nbsp;<\/p>\n<p><strong>DAL BARD<\/strong><\/p>\n<h3>\u00ab<strong>PAROLE IMPORTANTI DAL PRESIDENTE DELLA REPUBBLICA<\/strong>\u00bb<\/h3>\n<p><em><a href=\"https:\/\/www.radiopiu.net\/wordpress\/giornata-montagna\/b4ea8e61-54d9-46ab-897e-262f4c6dcbc6-2\/\" rel=\"attachment wp-att-247526\"><img loading=\"lazy\" decoding=\"async\" class=\" wp-image-247526 alignleft\" src=\"https:\/\/www.radiopiu.net\/wordpress\/wp-content\/uploads\/2021\/12\/b4ea8e61-54d9-46ab-897e-262f4c6dcbc6-1-300x200.jpg\" alt=\"\" width=\"276\" height=\"184\" srcset=\"https:\/\/www.radiopiu.net\/wordpress\/wp-content\/uploads\/2021\/12\/b4ea8e61-54d9-46ab-897e-262f4c6dcbc6-1-300x200.jpg 300w, https:\/\/www.radiopiu.net\/wordpress\/wp-content\/uploads\/2021\/12\/b4ea8e61-54d9-46ab-897e-262f4c6dcbc6-1.jpg 750w\" sizes=\"auto, (max-width: 276px) 100vw, 276px\" \/><\/a>\u00abL&#8217;intervento del Presidente Mattarella sembra quello di un vero montanaro: &#8211; sottolinea il presidente Andrea Bona \u2013 ha toccato i veri nodi del vivere in montagna, le nostre problematiche e le possibili vie di sviluppo, dalla necessit\u00e0 di infrastrutture e servizi al bisogno di una vita meno legata ai sentimenti del passato e pi\u00f9 calata nelle sfide del presente. Sentire il Presidente della Repubblica parlare di agricoltura di montagna, di filiere locali e di gestione forestale \u00e8 stata un&#8217;emozione, mai grande per\u00f2 come quel riferimento alla necessit\u00e0 di un governo autonomo delle popolazioni montane\u00bb.<\/em> Il movimento indirizz\u00f2 una lettera aperta al Presidente Mattarella nel marzo 2019, in occasione della sua visita a Belluno in commemorazione della tempesta Vaia, nella quale si ricostruiva la situazione della provincia bellunese, dall&#8217;impasse sui referendum comunali per i passaggi di regione fino ai danni della legge Delrio sulla provincia e i tagli orizzontali agli enti locali: <em>\u00abAvevamo colto nel segno, quello che segnalavamo al Presidente \u00e8 stato confermato dalle sue parole di oggi. Crediamo che sia l&#8217;occasione giusta per tornare a ricordare il patto siglato con il Partito Democratico, oggi ancora al governo del Paese, per il ripristino dell&#8217;elettivit\u00e0 della Provincia di Belluno e le parole dell&#8217;allora Presidente del Consiglio e oggi segretario nazionale PD a Longarone in occasione dei 50 anni della tragedia del Vajont quando pubblicamente disse \u201cConosco tutte le specificit\u00e0 della provincia di Belluno e bisogna intervenire per evitare asimmetrie istituzionali che non hanno senso: a questo territorio serve un&#8217;autonomia forte\u201d. &#8211; conclude Bona &#8211; \u00c8 ora di riaprire quel capitolo, anche alla luce delle indicazioni arrivate nel 2017 dal Congresso delle Autonomie locali del Consiglio d\u2019Europa e tutt&#8217;oggi ancora disattese e sulla mancanza di reale tutela delle minoranze linguistiche presenti nel nostro territorio\u00bb..<\/em><\/p>\n<p>&nbsp;<\/p>\n<p>&nbsp;<\/p>\n<div>\n<div>\n<h3><strong>GIORNATA DELLA MONTAGNA AL QUIRINALE, UNCEM: GRAZIE PRESIDENTE MATTARELLA<\/strong><\/h3>\n<p><em>&#8220;Grazie al Presidente Mattarella che oggi ha accolto il i Sindaci e i rappresentanti del mondo economico della Montagna al Quirinale per una giornata importate, da tornare a celebrare\u00a0 insieme, come voluto oggi dalla ministra Gelmini con il ministro Garavaglia. Le parole del Presidente sono un monito ancora una volta per la politica, per delle politiche territoriali che sappiano incrociare il superamento delle disuguaglianze e delle sperequazione agli obiettivi di sviluppo armonico che l\u2019Italia si d\u00e0 nel pieno rispetto dell\u2019articolo 44 della costituzione&#8221;. Lo afferma Marco Bussone, Presidente nazionale Uncem, al termine della Giornata Internazionale della Montagna celebrata al Quirinale con il Presidente della Repubblica e il Direttore generale della FAO. A nome dei Sindaci presenti e di tutti i Sindaci dei Comuni montani italiani, \u00e8 intervenuta la Sindaca di Fonni, Daniela Falconi.\u00a0<\/em><\/p>\n<p>&nbsp;<\/p>\n<\/div>\n<blockquote>\n<h3>IL PRESIDENTE DELLA PROVINCIA ROBERTO PADRIN<\/h3>\n<\/blockquote>\n<p><em>\u00abLa montagna \u00e8 una risorsa e insieme un\u2019opportunit\u00e0. E come tale va vista. Allo Stato le terre alte chiedono strumenti di autogoverno e salvaguardia dei servizi, per contrastare lo spopolamento. La montagna\u00a0 non \u00e8 un problema ha solo bisogno di strumenti per contrastare lo spopolamento, un dramma che tocca non solo il Bellunese ma la gran parte dell\u2019arco alpino e degli Appennini. In particolare, servono collegamenti infrastrutturali e digitali, e garanzia di servizi. Oggi siamo ancora legati alle logiche dell\u2019economia che vedono nelle \u201cterre alte\u201d esclusivamente il fallimento di mercato. Bisogna superare questa linea, in modo da tenere i servizi in montagna e rilanciarli. Credo che una delle leve per fare ci\u00f2 sia una differenziazione della fiscalit\u00e0, su cui \u00e8 doveroso intervenire\u00bb.<\/em><\/p>\n<p>&nbsp;<\/p>\n<blockquote>\n<h3>IL MINISTRO PER I RAPPORTO CON IL PARLAMENTO FEDERICO D&#8217;INCA&#8217;<\/h3>\n<\/blockquote>\n<p><em>\u00abLa montagna deve assumere un ruolo centrale e merita particolare attenzione nei confronti delle comunit\u00e0 che da troppo tempo vivono il delicato fenomeno dello spopolamento. Per questo motivo, il Governo vuole darne valore attraverso una legge quadro e a nuove importanti risorse previste nella legge di Bilancio con un fondo per lo sviluppo dei territori montani e per la loro salvaguardia. Migliorando i collegamenti legati ai trasporti, insistendo fortemente sulle infrastrutture digitali, sul rafforzamento della sanit\u00e0 territoriale e su una nuova forma di turismo sostenibile legato anche alla valorizzazione dell\u2019artigianato locale, sar\u00e0 possibile ridare vigore a queste aree. Il Bellunese deve anche continuare a insistere sui grandi eventi, come \u00e8 stato dimostrato dal Mondiale di Sci di Cortina e come sar\u00e0 fatto nelle prossime Olimpiadi invernali del 2026 su cui, come Governo, crediamo fortemente grazie anche al nuovo stanziamento di 324 milioni per gli altri interventi necessari a beneficio dell\u2019intera collettivit\u00e0\u00bb.<\/em><\/p>\n<\/div>\n","protected":false},"excerpt":{"rendered":"<p>&nbsp; Qui il testo integrale del discorso del Presidente della Repubblica: https:\/\/www.quirinale.it\/elementi\/61501 GIORNATA INTERNAZIONE DELLA MONTAGNA, BOND &#8220;TERRA ALTE AL CENTRO DELL&#8217;AGENDA POLITICA&#8221; ROMA \u201cLa montagna \u00e8 una risorsa per il nostro Paese e deve essere tenuta in grande considerazione, con un\u2019attenzione particolare al rispetto ambientale. In tal senso, \u00e8 importantissimo il segnale arrivato dai&hellip;<\/p>\n","protected":false},"author":4,"featured_media":247524,"comment_status":"closed","ping_status":"open","sticky":false,"template":"","format":"standard","meta":{"_monsterinsights_skip_tracking":false,"_monsterinsights_sitenote_active":false,"_monsterinsights_sitenote_note":"","_monsterinsights_sitenote_category":0,"footnotes":""},"categories":[104,49],"tags":[],"class_list":["post-247522","post","type-post","status-publish","format-standard","has-post-thumbnail","hentry","category-evidenza_3","category-news-18","category-104","category-49","description-off"],"img_url":"https:\/\/www.radiopiu.net\/wordpress\/wp-content\/uploads\/2021\/12\/SINDACI_Quirinale_Giornata_Montagna_9_12_2021.jpg","_links":{"self":[{"href":"https:\/\/www.radiopiu.net\/wordpress\/wp-json\/wp\/v2\/posts\/247522","targetHints":{"allow":["GET"]}}],"collection":[{"href":"https:\/\/www.radiopiu.net\/wordpress\/wp-json\/wp\/v2\/posts"}],"about":[{"href":"https:\/\/www.radiopiu.net\/wordpress\/wp-json\/wp\/v2\/types\/post"}],"author":[{"embeddable":true,"href":"https:\/\/www.radiopiu.net\/wordpress\/wp-json\/wp\/v2\/users\/4"}],"replies":[{"embeddable":true,"href":"https:\/\/www.radiopiu.net\/wordpress\/wp-json\/wp\/v2\/comments?post=247522"}],"version-history":[{"count":0,"href":"https:\/\/www.radiopiu.net\/wordpress\/wp-json\/wp\/v2\/posts\/247522\/revisions"}],"wp:featuredmedia":[{"embeddable":true,"href":"https:\/\/www.radiopiu.net\/wordpress\/wp-json\/wp\/v2\/media\/247524"}],"wp:attachment":[{"href":"https:\/\/www.radiopiu.net\/wordpress\/wp-json\/wp\/v2\/media?parent=247522"}],"wp:term":[{"taxonomy":"category","embeddable":true,"href":"https:\/\/www.radiopiu.net\/wordpress\/wp-json\/wp\/v2\/categories?post=247522"},{"taxonomy":"post_tag","embeddable":true,"href":"https:\/\/www.radiopiu.net\/wordpress\/wp-json\/wp\/v2\/tags?post=247522"}],"curies":[{"name":"wp","href":"https:\/\/api.w.org\/{rel}","templated":true}]}}