{"id":247554,"date":"2021-12-09T23:59:47","date_gmt":"2021-12-09T22:59:47","guid":{"rendered":"https:\/\/www.radiopiu.net\/wordpress\/?p=247554"},"modified":"2021-12-10T06:04:36","modified_gmt":"2021-12-10T05:04:36","slug":"kiviranta-torna-ad-alleghe-dopo-due-notti-in-ospedale","status":"publish","type":"post","link":"https:\/\/www.radiopiu.net\/wordpress\/kiviranta-torna-ad-alleghe-dopo-due-notti-in-ospedale\/","title":{"rendered":"KIVIRANTA TORNA AD ALLEGHE DOPO DUE NOTTI IN OSPEDALE"},"content":{"rendered":"<p><strong><a href=\"https:\/\/www.radiopiu.net\/wordpress\/terza-stagione-in-biancorosso-per-kiviranta\/kiviranta\/\" rel=\"attachment wp-att-229791\"><img loading=\"lazy\" decoding=\"async\" class=\"size-medium wp-image-229791 alignleft\" src=\"https:\/\/www.radiopiu.net\/wordpress\/wp-content\/uploads\/2021\/08\/KIVIRANTA-300x200.jpg\" alt=\"\" width=\"300\" height=\"200\" srcset=\"https:\/\/www.radiopiu.net\/wordpress\/wp-content\/uploads\/2021\/08\/KIVIRANTA-300x200.jpg 300w, https:\/\/www.radiopiu.net\/wordpress\/wp-content\/uploads\/2021\/08\/KIVIRANTA-768x511.jpg 768w, https:\/\/www.radiopiu.net\/wordpress\/wp-content\/uploads\/2021\/08\/KIVIRANTA.jpg 1024w\" sizes=\"auto, (max-width: 300px) 100vw, 300px\" \/><\/a>ALLEGHE<\/strong> \u00c8 costata cara a Mika Kiviranta la carica da tergo ricevuta nell\u2019ultima partita contro il Fiemme. Il giocatore dell\u2019Alleghe Hockey \u00e8 stato costretto a passare le ultime due notti all\u2019ospedale di Cavalese. Tutto \u00e8 successo a poco pi\u00f9 di 7\u2019 dal termine della partita giocata marted\u00ec sera quando il fiemmese Loris Vanzetta ha caricato il finlandese da dietro spedendolo contro le balaustre. Un duro colpo per Kiviranta che \u00e8 rimasto a terra fino all\u2019arrivo del medico che lo ha poi accompagnato fuori dal campo. Per il giocatore trentino \u00e8 scattata la penalit\u00e0 partita. L\u2019alleghese invece \u00e8 stato portato all\u2019ospedale di Cavalese per gli accertamenti del caso e la diagnosi dei medici \u00e8 stata: commozione celebrale e frattura del naso. Rimasto sotto osservazione per 48 ore, nella serata di ieri la dirigenza \u00e8 tornata in terra trentina per riportare a casa Kiviranta. Al momento non si conosce la vera entit\u00e0 dell\u2019infortunio e nelle prossime ore il medico dell\u2019Alleghe Sergio Alessio cercher\u00e0 di capire le tempistiche del recupero. Nel frattempo, la Federazione non si \u00e8 ancora espressa sul fatto accaduto e nelle prossime ore si sapr\u00e0 se il giudice sportivo prender\u00e0 dei provvedimenti nei confronti del fiemmese Vanzetta.<\/p>\n<p>&nbsp;<\/p>\n<p>&nbsp;<\/p>\n<p>*****<\/p>\n","protected":false},"excerpt":{"rendered":"<p>ALLEGHE \u00c8 costata cara a Mika Kiviranta la carica da tergo ricevuta nell\u2019ultima partita contro il Fiemme. Il giocatore dell\u2019Alleghe Hockey \u00e8 stato costretto a passare le ultime due notti all\u2019ospedale di Cavalese. Tutto \u00e8 successo a poco pi\u00f9 di 7\u2019 dal termine della partita giocata marted\u00ec sera quando il fiemmese Loris Vanzetta ha caricato&hellip;<\/p>\n","protected":false},"author":4,"featured_media":229791,"comment_status":"closed","ping_status":"open","sticky":false,"template":"","format":"standard","meta":{"_monsterinsights_skip_tracking":false,"_monsterinsights_sitenote_active":false,"_monsterinsights_sitenote_note":"","_monsterinsights_sitenote_category":0,"footnotes":""},"categories":[104,49],"tags":[],"class_list":["post-247554","post","type-post","status-publish","format-standard","has-post-thumbnail","hentry","category-evidenza_3","category-news-18","category-104","category-49","description-off"],"img_url":"https:\/\/www.radiopiu.net\/wordpress\/wp-content\/uploads\/2021\/08\/KIVIRANTA.jpg","_links":{"self":[{"href":"https:\/\/www.radiopiu.net\/wordpress\/wp-json\/wp\/v2\/posts\/247554","targetHints":{"allow":["GET"]}}],"collection":[{"href":"https:\/\/www.radiopiu.net\/wordpress\/wp-json\/wp\/v2\/posts"}],"about":[{"href":"https:\/\/www.radiopiu.net\/wordpress\/wp-json\/wp\/v2\/types\/post"}],"author":[{"embeddable":true,"href":"https:\/\/www.radiopiu.net\/wordpress\/wp-json\/wp\/v2\/users\/4"}],"replies":[{"embeddable":true,"href":"https:\/\/www.radiopiu.net\/wordpress\/wp-json\/wp\/v2\/comments?post=247554"}],"version-history":[{"count":0,"href":"https:\/\/www.radiopiu.net\/wordpress\/wp-json\/wp\/v2\/posts\/247554\/revisions"}],"wp:featuredmedia":[{"embeddable":true,"href":"https:\/\/www.radiopiu.net\/wordpress\/wp-json\/wp\/v2\/media\/229791"}],"wp:attachment":[{"href":"https:\/\/www.radiopiu.net\/wordpress\/wp-json\/wp\/v2\/media?parent=247554"}],"wp:term":[{"taxonomy":"category","embeddable":true,"href":"https:\/\/www.radiopiu.net\/wordpress\/wp-json\/wp\/v2\/categories?post=247554"},{"taxonomy":"post_tag","embeddable":true,"href":"https:\/\/www.radiopiu.net\/wordpress\/wp-json\/wp\/v2\/tags?post=247554"}],"curies":[{"name":"wp","href":"https:\/\/api.w.org\/{rel}","templated":true}]}}