{"id":247563,"date":"2021-12-10T05:57:04","date_gmt":"2021-12-10T04:57:04","guid":{"rendered":"https:\/\/www.radiopiu.net\/wordpress\/?p=247563"},"modified":"2021-12-10T06:04:21","modified_gmt":"2021-12-10T05:04:21","slug":"a-breve-lelezione-del-presidente-della-provincia-de-bortoli-modalita-di-voto-e-ora-di-cambiare","status":"publish","type":"post","link":"https:\/\/www.radiopiu.net\/wordpress\/a-breve-lelezione-del-presidente-della-provincia-de-bortoli-modalita-di-voto-e-ora-di-cambiare\/","title":{"rendered":"A BREVE L&#8217;ELEZIONE DEL PRESIDENTE DELLA PROVINCIA. DE BORTOLI &#8220;MODALITA&#8217; DI VOTO: E&#8217; ORA DI CAMBIARE&#8221;"},"content":{"rendered":"<div class=\"moz-text-html\" lang=\"x-unicode\">\n<div dir=\"auto\"><strong><img loading=\"lazy\" decoding=\"async\" class=\"alignleft\" src=\"https:\/\/www.radiopiu.net\/wordpress\/wp-content\/uploads\/2021\/06\/6bda7d20-2bca-46b1-9c47-7864eeb8da9e.jpg\" width=\"298\" height=\"168\" \/>SELVA DI CADORE<\/strong> Meno di 10 giorni alle consultazioni elettorali che daranno vita al nuovo consiglio provinciale e le precipitazioni nevose delle ultime ore inducono Andrea De Bortoli &#8211; consigliere comunale a Selva di Cadore \u2013 ad una riflessione gi\u00e0 espressa nel recente passato. <em>\u201cIl 18 dicembre noi componenti dei consigli comunali della provincia ci recheremo a Belluno per confermare Roberto Padrin alla guida di Palazzo Piloni ed eleggere i 10 delegati che lo affiancheranno per il prossimo biennio. Lo faremo con piacere, mossi dall\u2019alto senso per le istituzioni, ma mi chiedo se in futuro le modalit\u00e0 di voto non possano cambiare. Considerata \u2013 prosegue nel ragionamento De Bortoli \u2013 la conformazione del nostro territorio, che rende Belluno distante e abbastanza scomoda da raggiungere per chi abita in diversi nostri comuni, e il fatto che nel 2021 disponiamo delle migliori tecnologie possibili credo si imponga l\u2019opportunit\u00e0 di prevedere in futuro il voto per via telematica. Certamente non \u00e8 una materia di competenza provinciale, ma mi sto gi\u00e0 interessando per sensibilizzare le istituzioni competenti, anche se auspico che tra due anni il presidente possa tornare ad essere eletto da tutti i cittadini bellunesi&#8221;.<\/em><\/div>\n<\/div>\n","protected":false},"excerpt":{"rendered":"<p>SELVA DI CADORE Meno di 10 giorni alle consultazioni elettorali che daranno vita al nuovo consiglio provinciale e le precipitazioni nevose delle ultime ore inducono Andrea De Bortoli &#8211; consigliere comunale a Selva di Cadore \u2013 ad una riflessione gi\u00e0 espressa nel recente passato. \u201cIl 18 dicembre noi componenti dei consigli comunali della provincia ci&hellip;<\/p>\n","protected":false},"author":4,"featured_media":213612,"comment_status":"closed","ping_status":"open","sticky":false,"template":"","format":"standard","meta":{"_monsterinsights_skip_tracking":false,"_monsterinsights_sitenote_active":false,"_monsterinsights_sitenote_note":"","_monsterinsights_sitenote_category":0,"footnotes":""},"categories":[51,49],"tags":[],"class_list":["post-247563","post","type-post","status-publish","format-standard","has-post-thumbnail","hentry","category-evidenza-top","category-news-18","category-51","category-49","description-off"],"img_url":"https:\/\/www.radiopiu.net\/wordpress\/wp-content\/uploads\/2021\/06\/6bda7d20-2bca-46b1-9c47-7864eeb8da9e.jpg","_links":{"self":[{"href":"https:\/\/www.radiopiu.net\/wordpress\/wp-json\/wp\/v2\/posts\/247563","targetHints":{"allow":["GET"]}}],"collection":[{"href":"https:\/\/www.radiopiu.net\/wordpress\/wp-json\/wp\/v2\/posts"}],"about":[{"href":"https:\/\/www.radiopiu.net\/wordpress\/wp-json\/wp\/v2\/types\/post"}],"author":[{"embeddable":true,"href":"https:\/\/www.radiopiu.net\/wordpress\/wp-json\/wp\/v2\/users\/4"}],"replies":[{"embeddable":true,"href":"https:\/\/www.radiopiu.net\/wordpress\/wp-json\/wp\/v2\/comments?post=247563"}],"version-history":[{"count":0,"href":"https:\/\/www.radiopiu.net\/wordpress\/wp-json\/wp\/v2\/posts\/247563\/revisions"}],"wp:featuredmedia":[{"embeddable":true,"href":"https:\/\/www.radiopiu.net\/wordpress\/wp-json\/wp\/v2\/media\/213612"}],"wp:attachment":[{"href":"https:\/\/www.radiopiu.net\/wordpress\/wp-json\/wp\/v2\/media?parent=247563"}],"wp:term":[{"taxonomy":"category","embeddable":true,"href":"https:\/\/www.radiopiu.net\/wordpress\/wp-json\/wp\/v2\/categories?post=247563"},{"taxonomy":"post_tag","embeddable":true,"href":"https:\/\/www.radiopiu.net\/wordpress\/wp-json\/wp\/v2\/tags?post=247563"}],"curies":[{"name":"wp","href":"https:\/\/api.w.org\/{rel}","templated":true}]}}