{"id":247570,"date":"2021-12-10T05:39:56","date_gmt":"2021-12-10T04:39:56","guid":{"rendered":"https:\/\/www.radiopiu.net\/wordpress\/?p=247570"},"modified":"2021-12-10T05:39:57","modified_gmt":"2021-12-10T04:39:57","slug":"lucia-dalmasso-in-coppa-del-mondo","status":"publish","type":"post","link":"https:\/\/www.radiopiu.net\/wordpress\/lucia-dalmasso-in-coppa-del-mondo\/","title":{"rendered":"LUCIA DALMASSO IN COPPA DEL MONDO"},"content":{"rendered":"<header class=\"entry-header\">\n<div class=\"meta-item herald-rtime\"><strong><a href=\"https:\/\/www.radiopiu.net\/wordpress\/lucia-dalmasso-in-coppa-del-mondo\/dalmasso-luvia-falcade-990x743\/\" rel=\"attachment wp-att-247571\"><img loading=\"lazy\" decoding=\"async\" class=\" wp-image-247571 alignleft\" src=\"https:\/\/www.radiopiu.net\/wordpress\/wp-content\/uploads\/2021\/12\/dalmasso-luvia-falcade-990x743-1-300x225.webp\" alt=\"\" width=\"261\" height=\"196\" srcset=\"https:\/\/www.radiopiu.net\/wordpress\/wp-content\/uploads\/2021\/12\/dalmasso-luvia-falcade-990x743-1-300x225.webp 300w, https:\/\/www.radiopiu.net\/wordpress\/wp-content\/uploads\/2021\/12\/dalmasso-luvia-falcade-990x743-1-768x576.webp 768w, https:\/\/www.radiopiu.net\/wordpress\/wp-content\/uploads\/2021\/12\/dalmasso-luvia-falcade-990x743-1.webp 990w\" sizes=\"auto, (max-width: 261px) 100vw, 261px\" \/><\/a>FALCADE<\/strong>\u00a0 \u00a0Mancano pochi giorni allo start della Coppa del Mondo di Snowboard Parallelo da Bannoye in Russia l\u201911 ed il 12 dicembre e la campionessa in carica italiana di Gigante e Slalom Lucia Dalmasso porter\u00e0 sul casco la sua terra, <a href=\"https:\/\/www.dolomiti.org\/it\/falcade\/\" target=\"_blank\" rel=\"noopener\">Falcade<\/a> che quest\u2019anno la sponsorizzer\u00e0 per questa avvincente stagione. Da Promo Falcade si dicono entusiasti in questa nuova avventura di Coppa del Mondo con la snowboardista azzurra che \u00e8 nata, cresciuta sciisticamente proprio sulle piste di Falcade. La presentazione della partnership avverr\u00e0 probabilmente appena dopo Natale, ma la 24enne veneta, ex atleta di sci alpino fino a 5 anni fa, \u00e8 orgogliosa di portare in giro per il mondo la sua terra e le bellezze del suo territorio.<\/div>\n<\/header>\n<div class=\"entry-content herald-entry-content\">\n<p>&nbsp;<\/p>\n<blockquote><p><em><strong>\u201cQuest\u2019anno \u00e8 il primo anno che far\u00f2 Coppa del Mondo a pieno titolo e quindi devo solo che mettere gi\u00f9 la testa. Non ho altra scelta. <\/strong><strong>L\u2019ultimo allenamento in Finlandia \u00e8 andato molto bene ed ora sono solo concentrata alle gare, gara dopo gara.\u201d<\/strong><\/em><\/p><\/blockquote>\n<\/div>\n<p><span style=\"color: #ff0000;\">foto e fonte: www.sciaremag.it<\/span><\/p>\n<div class=\"entry-content herald-entry-content\">\n<p>Lucia Dalmasso: fino a 5 anni fa promessa dello sci alpino, inserita nel gruppo Futur Fisi della nazionale. Poi il cambio di rotta <a href=\"https:\/\/www.sciaremag.it\/notiziesci\/lucia-dalmasso-dallo-sci-allo-snowboard-in-soli-5-anni-con-pechino-nel-mirino\/\">\u00a0dallo sci allo snowboard<\/a>.\u00a0 Lo scorso inverno: 13\u00b0 nel parallelo di Cortina, 18esima in quello di Rogla.\u00a0 In Coppa Europa a Funes dal 27 febbraio scorso. La stagione si \u00e8 poi conclusa con la medaglia d&#8217;oro agli Assoluti sia in slalom che in gigante.<\/p>\n<\/div>\n","protected":false},"excerpt":{"rendered":"<p>FALCADE\u00a0 \u00a0Mancano pochi giorni allo start della Coppa del Mondo di Snowboard Parallelo da Bannoye in Russia l\u201911 ed il 12 dicembre e la campionessa in carica italiana di Gigante e Slalom Lucia Dalmasso porter\u00e0 sul casco la sua terra, Falcade che quest\u2019anno la sponsorizzer\u00e0 per questa avvincente stagione. Da Promo Falcade si dicono entusiasti&hellip;<\/p>\n","protected":false},"author":4,"featured_media":247571,"comment_status":"closed","ping_status":"open","sticky":false,"template":"","format":"standard","meta":{"_monsterinsights_skip_tracking":false,"_monsterinsights_sitenote_active":false,"_monsterinsights_sitenote_note":"","_monsterinsights_sitenote_category":0,"footnotes":""},"categories":[104,49],"tags":[],"class_list":["post-247570","post","type-post","status-publish","format-standard","has-post-thumbnail","hentry","category-evidenza_3","category-news-18","category-104","category-49","description-off"],"img_url":"https:\/\/www.radiopiu.net\/wordpress\/wp-content\/uploads\/2021\/12\/dalmasso-luvia-falcade-990x743-1.webp","_links":{"self":[{"href":"https:\/\/www.radiopiu.net\/wordpress\/wp-json\/wp\/v2\/posts\/247570","targetHints":{"allow":["GET"]}}],"collection":[{"href":"https:\/\/www.radiopiu.net\/wordpress\/wp-json\/wp\/v2\/posts"}],"about":[{"href":"https:\/\/www.radiopiu.net\/wordpress\/wp-json\/wp\/v2\/types\/post"}],"author":[{"embeddable":true,"href":"https:\/\/www.radiopiu.net\/wordpress\/wp-json\/wp\/v2\/users\/4"}],"replies":[{"embeddable":true,"href":"https:\/\/www.radiopiu.net\/wordpress\/wp-json\/wp\/v2\/comments?post=247570"}],"version-history":[{"count":0,"href":"https:\/\/www.radiopiu.net\/wordpress\/wp-json\/wp\/v2\/posts\/247570\/revisions"}],"wp:featuredmedia":[{"embeddable":true,"href":"https:\/\/www.radiopiu.net\/wordpress\/wp-json\/wp\/v2\/media\/247571"}],"wp:attachment":[{"href":"https:\/\/www.radiopiu.net\/wordpress\/wp-json\/wp\/v2\/media?parent=247570"}],"wp:term":[{"taxonomy":"category","embeddable":true,"href":"https:\/\/www.radiopiu.net\/wordpress\/wp-json\/wp\/v2\/categories?post=247570"},{"taxonomy":"post_tag","embeddable":true,"href":"https:\/\/www.radiopiu.net\/wordpress\/wp-json\/wp\/v2\/tags?post=247570"}],"curies":[{"name":"wp","href":"https:\/\/api.w.org\/{rel}","templated":true}]}}