{"id":247634,"date":"2021-12-10T13:47:23","date_gmt":"2021-12-10T12:47:23","guid":{"rendered":"https:\/\/www.radiopiu.net\/wordpress\/?p=247634"},"modified":"2021-12-11T06:17:23","modified_gmt":"2021-12-11T05:17:23","slug":"incidente-e-strada-chiusa","status":"publish","type":"post","link":"https:\/\/www.radiopiu.net\/wordpress\/incidente-e-strada-chiusa\/","title":{"rendered":"INCIDENTE E STRADA CHIUSA"},"content":{"rendered":"<p><a href=\"https:\/\/www.radiopiu.net\/wordpress\/incidente-e-strada-chiusa\/92b9486f-14c7-4046-a0c7-406d3fce3554\/\" rel=\"attachment wp-att-247635\"><img loading=\"lazy\" decoding=\"async\" class=\" wp-image-247635 alignleft\" src=\"https:\/\/www.radiopiu.net\/wordpress\/wp-content\/uploads\/2021\/12\/92b9486f-14c7-4046-a0c7-406d3fce3554-300x284.jpg\" alt=\"\" width=\"242\" height=\"229\" srcset=\"https:\/\/www.radiopiu.net\/wordpress\/wp-content\/uploads\/2021\/12\/92b9486f-14c7-4046-a0c7-406d3fce3554-300x284.jpg 300w, https:\/\/www.radiopiu.net\/wordpress\/wp-content\/uploads\/2021\/12\/92b9486f-14c7-4046-a0c7-406d3fce3554-768x728.jpg 768w, https:\/\/www.radiopiu.net\/wordpress\/wp-content\/uploads\/2021\/12\/92b9486f-14c7-4046-a0c7-406d3fce3554.jpg 1024w\" sizes=\"auto, (max-width: 242px) 100vw, 242px\" \/><\/a><strong>FALCADE<\/strong> Incidente lungo la 346 del Passo San Pellegrino,\u00a0 sul versante falcadino in notevole pendenza, un mezzo pesante \u00e8 prima finito di traverso e poi si \u00e8 ribaltato in mezzo alla sede stradale. Sar\u00e0 necessario l&#8217;intervento dell&#8217;autogru per il recupero del mezzo, si preannunciano tempi lunghi FOTO FACEBOOK<\/p>\n<p><a href=\"https:\/\/www.radiopiu.net\/wordpress\/incidente-e-strada-chiusa\/edfb5b9a-a25e-4dc0-a89c-7447a7978c14\/\" rel=\"attachment wp-att-247638\"><img loading=\"lazy\" decoding=\"async\" class=\"alignnone size-medium wp-image-247638\" src=\"https:\/\/www.radiopiu.net\/wordpress\/wp-content\/uploads\/2021\/12\/edfb5b9a-a25e-4dc0-a89c-7447a7978c14-300x232.jpg\" alt=\"\" width=\"300\" height=\"232\" srcset=\"https:\/\/www.radiopiu.net\/wordpress\/wp-content\/uploads\/2021\/12\/edfb5b9a-a25e-4dc0-a89c-7447a7978c14-300x232.jpg 300w, https:\/\/www.radiopiu.net\/wordpress\/wp-content\/uploads\/2021\/12\/edfb5b9a-a25e-4dc0-a89c-7447a7978c14-1024x793.jpg 1024w, https:\/\/www.radiopiu.net\/wordpress\/wp-content\/uploads\/2021\/12\/edfb5b9a-a25e-4dc0-a89c-7447a7978c14-768x595.jpg 768w, https:\/\/www.radiopiu.net\/wordpress\/wp-content\/uploads\/2021\/12\/edfb5b9a-a25e-4dc0-a89c-7447a7978c14.jpg 1077w\" sizes=\"auto, (max-width: 300px) 100vw, 300px\" \/><\/a><\/p>\n<p>&nbsp;<\/p>\n<p>**<\/p>\n","protected":false},"excerpt":{"rendered":"<p>FALCADE Incidente lungo la 346 del Passo San Pellegrino,\u00a0 sul versante falcadino in notevole pendenza, un mezzo pesante \u00e8 prima finito di traverso e poi si \u00e8 ribaltato in mezzo alla sede stradale. Sar\u00e0 necessario l&#8217;intervento dell&#8217;autogru per il recupero del mezzo, si preannunciano tempi lunghi FOTO FACEBOOK &nbsp; **<\/p>\n","protected":false},"author":4,"featured_media":247635,"comment_status":"closed","ping_status":"open","sticky":false,"template":"","format":"standard","meta":{"_monsterinsights_skip_tracking":false,"_monsterinsights_sitenote_active":false,"_monsterinsights_sitenote_note":"","_monsterinsights_sitenote_category":0,"footnotes":""},"categories":[49],"tags":[],"class_list":["post-247634","post","type-post","status-publish","format-standard","has-post-thumbnail","hentry","category-news-18","category-49","description-off"],"img_url":"https:\/\/www.radiopiu.net\/wordpress\/wp-content\/uploads\/2021\/12\/92b9486f-14c7-4046-a0c7-406d3fce3554.jpg","_links":{"self":[{"href":"https:\/\/www.radiopiu.net\/wordpress\/wp-json\/wp\/v2\/posts\/247634","targetHints":{"allow":["GET"]}}],"collection":[{"href":"https:\/\/www.radiopiu.net\/wordpress\/wp-json\/wp\/v2\/posts"}],"about":[{"href":"https:\/\/www.radiopiu.net\/wordpress\/wp-json\/wp\/v2\/types\/post"}],"author":[{"embeddable":true,"href":"https:\/\/www.radiopiu.net\/wordpress\/wp-json\/wp\/v2\/users\/4"}],"replies":[{"embeddable":true,"href":"https:\/\/www.radiopiu.net\/wordpress\/wp-json\/wp\/v2\/comments?post=247634"}],"version-history":[{"count":0,"href":"https:\/\/www.radiopiu.net\/wordpress\/wp-json\/wp\/v2\/posts\/247634\/revisions"}],"wp:featuredmedia":[{"embeddable":true,"href":"https:\/\/www.radiopiu.net\/wordpress\/wp-json\/wp\/v2\/media\/247635"}],"wp:attachment":[{"href":"https:\/\/www.radiopiu.net\/wordpress\/wp-json\/wp\/v2\/media?parent=247634"}],"wp:term":[{"taxonomy":"category","embeddable":true,"href":"https:\/\/www.radiopiu.net\/wordpress\/wp-json\/wp\/v2\/categories?post=247634"},{"taxonomy":"post_tag","embeddable":true,"href":"https:\/\/www.radiopiu.net\/wordpress\/wp-json\/wp\/v2\/tags?post=247634"}],"curies":[{"name":"wp","href":"https:\/\/api.w.org\/{rel}","templated":true}]}}