{"id":247706,"date":"2021-12-11T05:59:35","date_gmt":"2021-12-11T04:59:35","guid":{"rendered":"https:\/\/www.radiopiu.net\/wordpress\/?p=247706"},"modified":"2021-12-11T06:16:56","modified_gmt":"2021-12-11T05:16:56","slug":"riaperts","status":"publish","type":"post","link":"https:\/\/www.radiopiu.net\/wordpress\/riaperts\/","title":{"rendered":"NELLA NOTTE  RIAPERTA LA STRADA PER IL  PASSO SAN PELLEGRINO"},"content":{"rendered":"<blockquote>\n<h3>INCIDENTE E STRADA CHIUSA FERITO IL CONDUCENTE DELL&#8217;AUTOTRENO, FRATTURA DELLO STERNO E RICOVERO IN OSPEDALE AD AGORDO<\/h3>\n<\/blockquote>\n<p><a href=\"https:\/\/www.radiopiu.net\/wordpress\/incidente-e-strada-chiusa\/92b9486f-14c7-4046-a0c7-406d3fce3554\/\" rel=\"attachment wp-att-247635\"><img loading=\"lazy\" decoding=\"async\" class=\" wp-image-247635 alignleft\" src=\"https:\/\/www.radiopiu.net\/wordpress\/wp-content\/uploads\/2021\/12\/92b9486f-14c7-4046-a0c7-406d3fce3554-300x284.jpg\" alt=\"\" width=\"242\" height=\"229\" srcset=\"https:\/\/www.radiopiu.net\/wordpress\/wp-content\/uploads\/2021\/12\/92b9486f-14c7-4046-a0c7-406d3fce3554-300x284.jpg 300w, https:\/\/www.radiopiu.net\/wordpress\/wp-content\/uploads\/2021\/12\/92b9486f-14c7-4046-a0c7-406d3fce3554-768x728.jpg 768w, https:\/\/www.radiopiu.net\/wordpress\/wp-content\/uploads\/2021\/12\/92b9486f-14c7-4046-a0c7-406d3fce3554.jpg 1024w\" sizes=\"auto, (max-width: 242px) 100vw, 242px\" \/><\/a><strong>FALCADE<\/strong> Incidente lungo la 346 del Passo San Pellegrino nel primo pomeriggio di ieri alle 14, sul versante falcadino in notevole pendenza. Un mezzo pesante \u00e8 prima finito di traverso e poi si \u00e8 ribaltato in mezzo alla sede stradale. Necessario l&#8217;intervento dell&#8217;autogru per il recupero del mezzo con una lunga chiusura del tratto stradale tra l&#8217;altro con la concomitanza chiusura &#8211; ma non \u00e8 una novit\u00e0 nel periodo invernale &#8211;\u00a0 di Passo Fedaia, lato Trento. Al volante dell&#8217;autotreno un 46enne di Santa Lucia di Piave trasportato in ospedale con una frattura allo sterno.<\/p>\n<p>FOTO FACEBOOK E VENETO STRADE<\/p>\n<p><strong>RECUPERATO LO SPAZZANEVE<\/strong>\u00a0 Ieri (con la chiusura della strada durata meno di un&#8217;ora) \u00e8 stato recuperato ungo la statale 50, in localit\u00e0 Piovena di Santa Giustina, a un camion spazzaneve della ditta Flavio Dal Farra che durante le operazioni di sgombero \u00e8 finito nella scarpata sottostante la carreggiata. Niente di grave per il conducente, uscito incolume. Alla fine il campio \u00e8 stato recuperato e messo nelle condizioni di ripartire. La strada \u00e8 stata riaperta alle 15.30.<\/p>\n<p>&nbsp;<\/p>\n\n\t\t\t<style type='text\/css'>\n\t\t\t\t#gallery-1 {\n\t\t\t\t\tmargin: auto;\n\t\t\t\t}\n\t\t\t\t#gallery-1 .gallery-item {\n\t\t\t\t\tfloat: left;\n\t\t\t\t\tmargin-top: 10px;\n\t\t\t\t\ttext-align: center;\n\t\t\t\t\twidth: 33%;\n\t\t\t\t}\n\t\t\t\t#gallery-1 img {\n\t\t\t\t\tborder: 2px solid #cfcfcf;\n\t\t\t\t}\n\t\t\t\t#gallery-1 .gallery-caption {\n\t\t\t\t\tmargin-left: 0;\n\t\t\t\t}\n\t\t\t\t\/* see gallery_shortcode() in wp-includes\/media.php *\/\n\t\t\t<\/style>\n\t\t<div id='gallery-1' class='dt-gallery-container gallery galleryid-247706 gallery-columns-3 gallery-size-thumbnail'><dl class='gallery-item'>\n\t\t\t\t<dt class='gallery-icon landscape'>\n\t\t\t\t\t<a class=\"rollover rollover-zoom dt-pswp-item\" title=\"456ee52a-002e-4512-8aa5-8e57bb83fe18\" data-dt-img-description=\"\" data-large_image_width=\"800\" data-large_image_height=\"600\"href='https:\/\/www.radiopiu.net\/wordpress\/wp-content\/uploads\/2021\/12\/456ee52a-002e-4512-8aa5-8e57bb83fe18.jpg'><img loading=\"lazy\" decoding=\"async\" width=\"150\" height=\"150\" src=\"https:\/\/www.radiopiu.net\/wordpress\/wp-content\/uploads\/2021\/12\/456ee52a-002e-4512-8aa5-8e57bb83fe18-150x150.jpg\" class=\"attachment-thumbnail size-thumbnail\" alt=\"\" \/><\/a>\n\t\t\t\t<\/dt><\/dl><dl class='gallery-item'>\n\t\t\t\t<dt class='gallery-icon landscape'>\n\t\t\t\t\t<a class=\"rollover rollover-zoom dt-pswp-item\" title=\"266029090_4630711870330870_5607872498065942025_n\" data-dt-img-description=\"\" data-large_image_width=\"720\" data-large_image_height=\"540\"href='https:\/\/www.radiopiu.net\/wordpress\/wp-content\/uploads\/2021\/12\/266029090_4630711870330870_5607872498065942025_n.jpg'><img loading=\"lazy\" decoding=\"async\" width=\"150\" height=\"150\" src=\"https:\/\/www.radiopiu.net\/wordpress\/wp-content\/uploads\/2021\/12\/266029090_4630711870330870_5607872498065942025_n-150x150.jpg\" class=\"attachment-thumbnail size-thumbnail\" alt=\"\" \/><\/a>\n\t\t\t\t<\/dt><\/dl><dl class='gallery-item'>\n\t\t\t\t<dt class='gallery-icon landscape'>\n\t\t\t\t\t<a class=\"rollover rollover-zoom dt-pswp-item\" title=\"edfb5b9a-a25e-4dc0-a89c-7447a7978c14\" data-dt-img-description=\"\" data-large_image_width=\"1077\" data-large_image_height=\"834\"href='https:\/\/www.radiopiu.net\/wordpress\/wp-content\/uploads\/2021\/12\/edfb5b9a-a25e-4dc0-a89c-7447a7978c14.jpg'><img loading=\"lazy\" decoding=\"async\" width=\"150\" height=\"150\" src=\"https:\/\/www.radiopiu.net\/wordpress\/wp-content\/uploads\/2021\/12\/edfb5b9a-a25e-4dc0-a89c-7447a7978c14-150x150.jpg\" class=\"attachment-thumbnail size-thumbnail\" alt=\"\" \/><\/a>\n\t\t\t\t<\/dt><\/dl><br style=\"clear: both\" \/>\n\t\t\t<\/div>\n\n<p>&nbsp;<\/p>\n<p>&nbsp;<\/p>\n","protected":false},"excerpt":{"rendered":"<p>INCIDENTE E STRADA CHIUSA FERITO IL CONDUCENTE DELL&#8217;AUTOTRENO, FRATTURA DELLO STERNO E RICOVERO IN OSPEDALE AD AGORDO FALCADE Incidente lungo la 346 del Passo San Pellegrino nel primo pomeriggio di ieri alle 14, sul versante falcadino in notevole pendenza. Un mezzo pesante \u00e8 prima finito di traverso e poi si \u00e8 ribaltato in mezzo alla&hellip;<\/p>\n","protected":false},"author":4,"featured_media":247707,"comment_status":"closed","ping_status":"open","sticky":false,"template":"","format":"standard","meta":{"_monsterinsights_skip_tracking":false,"_monsterinsights_sitenote_active":false,"_monsterinsights_sitenote_note":"","_monsterinsights_sitenote_category":0,"footnotes":""},"categories":[51,49],"tags":[],"class_list":["post-247706","post","type-post","status-publish","format-standard","has-post-thumbnail","hentry","category-evidenza-top","category-news-18","category-51","category-49","description-off"],"img_url":"https:\/\/www.radiopiu.net\/wordpress\/wp-content\/uploads\/2021\/12\/266029090_4630711870330870_5607872498065942025_n.jpg","_links":{"self":[{"href":"https:\/\/www.radiopiu.net\/wordpress\/wp-json\/wp\/v2\/posts\/247706","targetHints":{"allow":["GET"]}}],"collection":[{"href":"https:\/\/www.radiopiu.net\/wordpress\/wp-json\/wp\/v2\/posts"}],"about":[{"href":"https:\/\/www.radiopiu.net\/wordpress\/wp-json\/wp\/v2\/types\/post"}],"author":[{"embeddable":true,"href":"https:\/\/www.radiopiu.net\/wordpress\/wp-json\/wp\/v2\/users\/4"}],"replies":[{"embeddable":true,"href":"https:\/\/www.radiopiu.net\/wordpress\/wp-json\/wp\/v2\/comments?post=247706"}],"version-history":[{"count":0,"href":"https:\/\/www.radiopiu.net\/wordpress\/wp-json\/wp\/v2\/posts\/247706\/revisions"}],"wp:featuredmedia":[{"embeddable":true,"href":"https:\/\/www.radiopiu.net\/wordpress\/wp-json\/wp\/v2\/media\/247707"}],"wp:attachment":[{"href":"https:\/\/www.radiopiu.net\/wordpress\/wp-json\/wp\/v2\/media?parent=247706"}],"wp:term":[{"taxonomy":"category","embeddable":true,"href":"https:\/\/www.radiopiu.net\/wordpress\/wp-json\/wp\/v2\/categories?post=247706"},{"taxonomy":"post_tag","embeddable":true,"href":"https:\/\/www.radiopiu.net\/wordpress\/wp-json\/wp\/v2\/tags?post=247706"}],"curies":[{"name":"wp","href":"https:\/\/api.w.org\/{rel}","templated":true}]}}