{"id":247710,"date":"2021-12-10T18:44:08","date_gmt":"2021-12-10T17:44:08","guid":{"rendered":"https:\/\/www.radiopiu.net\/wordpress\/?p=247710"},"modified":"2021-12-10T18:44:08","modified_gmt":"2021-12-10T17:44:08","slug":"a-feltre-attivata-la-pneumologia-covid-laggiornamento","status":"publish","type":"post","link":"https:\/\/www.radiopiu.net\/wordpress\/a-feltre-attivata-la-pneumologia-covid-laggiornamento\/","title":{"rendered":"A FELTRE ATTIVATA LA PNEUMOLOGIA COVID, L&#8217;AGGIORNAMENTO"},"content":{"rendered":"<p><span style=\"font-size: medium;\"><b>EPIDEMIOLOGIA<\/b><\/span><\/p>\n<table border=\"1\" width=\"652\" frame=\"HSIDES\" rules=\"ROWS\" cellspacing=\"0\" cellpadding=\"7\">\n<tbody>\n<tr valign=\"TOP\">\n<td bgcolor=\"#ffffff\" width=\"312\"><span style=\"color: #943634;\"><b><span style=\"font-size: medium;\">ATTUALI POSITIVI<\/span><\/b><\/span><\/td>\n<td bgcolor=\"#ffffff\" width=\"312\"><span style=\"color: #943634;\"><b>1013<\/b><\/span><\/td>\n<\/tr>\n<tr valign=\"TOP\">\n<td bgcolor=\"#efd3d2\" width=\"312\" height=\"21\"><span style=\"color: #943634;\"><b><span style=\"font-size: medium;\">Persone in isolamento\/quarantena<\/span><\/b><\/span><\/td>\n<td bgcolor=\"#efd3d2\" width=\"312\"><span style=\"color: #943634;\"><span style=\"font-size: medium;\">1987<\/span><\/span><\/td>\n<\/tr>\n<\/tbody>\n<\/table>\n<p><span style=\"font-size: medium;\"><b>RICOVERI (pazienti attualmente positivi):<\/b><\/span><\/p>\n<table border=\"1\" width=\"652\" frame=\"HSIDES\" rules=\"GROUPS\" cellspacing=\"0\" cellpadding=\"7\">\n<tbody>\n<tr valign=\"TOP\">\n<td bgcolor=\"#ffffff\" width=\"312\"><span style=\"color: #365f91;\"><b><span style=\"font-size: medium;\">Area<\/span><\/b><\/span><\/td>\n<td bgcolor=\"#ffffff\" width=\"312\"><span style=\"color: #365f91;\"><b><span style=\"font-size: medium;\">N pazienti ricoverati<\/span><\/b><\/span><\/td>\n<\/tr>\n<\/tbody>\n<tbody>\n<tr valign=\"TOP\">\n<td bgcolor=\"#d3dfee\" width=\"312\"><span style=\"color: #365f91;\"><b><span style=\"font-size: medium;\">Terapia Intensiva <\/span><\/b><\/span><\/td>\n<td bgcolor=\"#d3dfee\" width=\"312\">\n<p align=\"CENTER\"><span style=\"color: #365f91;\"><span style=\"font-size: medium;\">4<\/span><\/span><\/p>\n<\/td>\n<\/tr>\n<tr valign=\"TOP\">\n<td bgcolor=\"#ffffff\" width=\"312\"><span style=\"color: #365f91;\"><b><span style=\"font-size: medium;\">Area non critica Belluno<\/span><\/b><\/span><\/td>\n<td bgcolor=\"#ffffff\" width=\"312\">\n<p align=\"CENTER\"><span style=\"color: #365f91;\"><span style=\"font-size: medium;\"><b>22<\/b><\/span><\/span><\/p>\n<\/td>\n<\/tr>\n<tr valign=\"TOP\">\n<td bgcolor=\"#d3dfee\" width=\"312\"><span style=\"color: #365f91;\"><b><span style=\"font-size: medium;\">Ospedale di Comunit\u00e0 Feltre<\/span><\/b><\/span><\/td>\n<td bgcolor=\"#d3dfee\" width=\"312\">\n<p align=\"CENTER\"><span style=\"color: #365f91;\"><span style=\"font-size: large;\"><b>4<\/b><\/span><\/span><\/p>\n<\/td>\n<\/tr>\n<\/tbody>\n<\/table>\n<p>&nbsp;<\/p>\n<p>A Feltre attivata la pneumologia covid,<\/p>\n<p><span style=\"font-size: medium;\"><strong>CAMPAGNA VACCINALE<\/strong> <\/span>Totale dosi somministrate: 338.918 85,4% \u2013 155.731 persone vaccinate con primo ciclo 83,7% &#8211; 152.587 persone con ciclo completo 26661 persone ancora da vaccinare 44103 terze dosi gi\u00e0 somministrate <span style=\"font-size: medium;\">70,8% degli over 80 eleggibili con terza dose gi\u00e0 vaccinati<\/span><\/p>\n<p style=\"text-align: left;\" align=\"CENTER\"><b>Continuit\u00e0 assistenziale: temporanea riorganizzazione del servizio <\/b>Nonostante gli appelli e gli incentivi proposti, permane la grave carenza di medici di continuit\u00e0 assistenziale il cui servizio, da questo mese, sar\u00e0 rivolto anche ai turisti. Tali fattori costringono l\u2019ulss Dolomiti a rimodulare ulteriormente l\u2019offerta del servizio di Guardia Medica adattandolo alle richieste espresse dall\u2019utenza e sulla base dell\u2019analisi dei dati di attivit\u00e0 rilevati, considerato che la prevalenza dell\u2019attivit\u00e0 consiste in consulti telefonici. A partire da luned\u00ec 13 dicembr<b>e<\/b> fino alla fine del mese il servizio sar\u00e0 cos\u00ec organizzato:<\/p>\n<p style=\"text-align: left;\" align=\"CENTER\"><u><b>Distretto <\/b><strong>1<\/strong> <\/u>Saranno operative tre sedi: Belluno\/Val di Zoldo (Belluno, Limana, Ponte nelle Alpi, Alpago, Longarone, Soverzene, Ospitale e Val di Zoldo) Pieve di Cadore (intero Cadore, Cortina e Comelico) Caprile\/Canale d\u2019Agordo (intero Agordino) Per la sede di Belluno saranno operativi due medici per turno. Per la sede di Pieve sar\u00e0 operativo un medico per turno. Per la sede di Caprile sar\u00e0 operativo dal luned\u00ec al gioved\u00ec un medico per turno; dal venerd\u00ec sera al luned\u00ec mattina saranno operativi di norma due medici per turno. <span style=\"font-size: medium;\">Chiamando il 118, <\/span>il cittadino sar\u00e0 preso in carico dalla sede di continuit\u00e0 assistenziale attiva pi\u00f9 vicina.<\/p>\n<p style=\"text-align: left;\" align=\"CENTER\"><u><b>Distretto 2 <\/b><\/u>Sar\u00e0 operativa la sede di<b> Feltre<\/b> (telefono:0439\/883287)<b> <\/b>per tutto il territorio distrettuale, con 2-3 medici per turno. <b>Si ricorda che l\u2019eventuale accesso ambulatoriale, in entrambi i distretti, dovr\u00e0 sempre essere preventivamente concordato telefonicamente con il medico in servizio. <\/b>L\u2019Azienda continuer\u00e0 a ricercare soluzioni per garantire ai cittadini una copertura assistenziale pi\u00f9 articolata anche attraverso la promozione di un pacchetto completo di alloggio, incentivo economico e corso di formazione a supporto della attivit\u00e0 da svolgere.<\/p>\n","protected":false},"excerpt":{"rendered":"<p>EPIDEMIOLOGIA ATTUALI POSITIVI 1013 Persone in isolamento\/quarantena 1987 RICOVERI (pazienti attualmente positivi): Area N pazienti ricoverati Terapia Intensiva 4 Area non critica Belluno 22 Ospedale di Comunit\u00e0 Feltre 4 &nbsp; A Feltre attivata la pneumologia covid, CAMPAGNA VACCINALE Totale dosi somministrate: 338.918 85,4% \u2013 155.731 persone vaccinate con primo ciclo 83,7% &#8211; 152.587 persone con&hellip;<\/p>\n","protected":false},"author":4,"featured_media":53812,"comment_status":"closed","ping_status":"open","sticky":false,"template":"","format":"standard","meta":{"_monsterinsights_skip_tracking":false,"_monsterinsights_sitenote_active":false,"_monsterinsights_sitenote_note":"","_monsterinsights_sitenote_category":0,"footnotes":""},"categories":[49],"tags":[],"class_list":["post-247710","post","type-post","status-publish","format-standard","has-post-thumbnail","hentry","category-news-18","category-49","description-off"],"img_url":"https:\/\/www.radiopiu.net\/wordpress\/wp-content\/uploads\/2018\/07\/ospedale-feltre.jpg","_links":{"self":[{"href":"https:\/\/www.radiopiu.net\/wordpress\/wp-json\/wp\/v2\/posts\/247710","targetHints":{"allow":["GET"]}}],"collection":[{"href":"https:\/\/www.radiopiu.net\/wordpress\/wp-json\/wp\/v2\/posts"}],"about":[{"href":"https:\/\/www.radiopiu.net\/wordpress\/wp-json\/wp\/v2\/types\/post"}],"author":[{"embeddable":true,"href":"https:\/\/www.radiopiu.net\/wordpress\/wp-json\/wp\/v2\/users\/4"}],"replies":[{"embeddable":true,"href":"https:\/\/www.radiopiu.net\/wordpress\/wp-json\/wp\/v2\/comments?post=247710"}],"version-history":[{"count":0,"href":"https:\/\/www.radiopiu.net\/wordpress\/wp-json\/wp\/v2\/posts\/247710\/revisions"}],"wp:featuredmedia":[{"embeddable":true,"href":"https:\/\/www.radiopiu.net\/wordpress\/wp-json\/wp\/v2\/media\/53812"}],"wp:attachment":[{"href":"https:\/\/www.radiopiu.net\/wordpress\/wp-json\/wp\/v2\/media?parent=247710"}],"wp:term":[{"taxonomy":"category","embeddable":true,"href":"https:\/\/www.radiopiu.net\/wordpress\/wp-json\/wp\/v2\/categories?post=247710"},{"taxonomy":"post_tag","embeddable":true,"href":"https:\/\/www.radiopiu.net\/wordpress\/wp-json\/wp\/v2\/tags?post=247710"}],"curies":[{"name":"wp","href":"https:\/\/api.w.org\/{rel}","templated":true}]}}