{"id":247763,"date":"2021-12-11T10:11:26","date_gmt":"2021-12-11T09:11:26","guid":{"rendered":"https:\/\/www.radiopiu.net\/wordpress\/?p=247763"},"modified":"2021-12-11T10:11:26","modified_gmt":"2021-12-11T09:11:26","slug":"veneto-evasione-a-86-miliardi-negli-ultimi-4-anni-e-scesa-di-722-milioni","status":"publish","type":"post","link":"https:\/\/www.radiopiu.net\/wordpress\/veneto-evasione-a-86-miliardi-negli-ultimi-4-anni-e-scesa-di-722-milioni\/","title":{"rendered":"VENETO: EVASIONE A 8,6 MILIARDI. NEGLI ULTIMI 4 ANNI E\u2019 SCESA DI 722 MILIONI"},"content":{"rendered":"<p><a class=\"dt-pswp-item\" href=\"https:\/\/www.radiopiu.net\/wordpress\/wp-content\/uploads\/2021\/12\/Schermata-2021-12-11-alle-10.09.47.png\" data-dt-img-description=\"\" data-large_image_width=\"700\" data-large_image_height=\"640\"><img loading=\"lazy\" decoding=\"async\" class=\"alignleft size-medium wp-image-247765\" src=\"https:\/\/www.radiopiu.net\/wordpress\/wp-content\/uploads\/2021\/12\/Schermata-2021-12-11-alle-10.09.47-300x274.png\" alt=\"\" width=\"300\" height=\"274\" srcset=\"https:\/\/www.radiopiu.net\/wordpress\/wp-content\/uploads\/2021\/12\/Schermata-2021-12-11-alle-10.09.47-300x274.png 300w, https:\/\/www.radiopiu.net\/wordpress\/wp-content\/uploads\/2021\/12\/Schermata-2021-12-11-alle-10.09.47.png 700w\" sizes=\"auto, (max-width: 300px) 100vw, 300px\" \/><\/a>Sebbene il problema nel suo complesso abbia una dimensione in Veneto pi\u00f9 contenuta che in gran parte del resto d\u2019Italia, anche nella nostra regione l\u2019evasione fiscale tende a diminuire. Tra il 2014 e il 2018, infatti, \u00e8 scesa di 722 milioni di euro (-7,7%) attestandosi, nel 2018, a quota 8,6 miliardi di euro (vedi Tab. 1).<\/p>\n<p>Prendendo in esame l\u2019incidenza totale dell\u2019economia non osservata sul valore aggiunto di tutte le regioni d\u2019Italia, il Veneto occupa il quint\u2019ultimo posto appaiato all\u2019Emilia Romagna con una percentuale pari a 11,2. Siamo tra le regioni pi\u00f9 virtuose d\u2019Italia e a precederci ci sono solo il Friuli Venezia Giulia (10,9%), la provincia autonoma di Trento (9,8%), la Lombardia (9,6%) e, infine, la provincia autonoma di Bolzano (8,4%). La media italiana \u00e8 al 13,1%.<\/p>\n<p>Nel Sud, invece, scorgiamo le situazioni pi\u00f9 critiche: sempre nel 2018 la Calabria, ad esempio, ha registrato una percentuale dell\u2019economia non osservata sul valore aggiunto regionale pari al 21,3. \u201cPesante\u201d anche la situazione in Campania che presentava un peso dell\u2019economia sommersa pari al 19,8 per cento, subito dopo troviamo la Sicilia con un\u2019economia in nero del 19,3 per cento.<\/p>\n<p>In Italia, invece, l\u2019evasione fiscale ammonta complessivamente ad almeno 80 miliardi di euro e, finalmente, sembra destinata a scendere anche nei prossimi anni. L\u2019Amministrazione finanziaria italiana, infatti, pare essere riuscita a trovare la strada giusta per combatterla efficacemente.<\/p>\n<p>Tra la compliance fiscale, lo split payment e, a partire dal 2019, per mezzo della fatturazione elettronica, una seri di contribuenti \u2013 tra cui gli evasori incalliti, chi riceveva i pagamenti dallo Stato per un servizio o una prestazione lavorativa resa e poi non versava l\u2019Iva e, infine, i professionisti delle cosiddette \u201cfrodi carosello\u201d &#8211; sono stati indotti a ravvedersi. Non solo; anche il leggero calo delle tasse registrato in questi ultimi anni ha sicuramente avuto un effetto positivo sul fronte delle entrate. Sebbene sia ancora del tutto insufficiente, la contrazione della pressione <a class=\"dt-pswp-item\" href=\"https:\/\/www.radiopiu.net\/wordpress\/wp-content\/uploads\/2021\/12\/Schermata-2021-12-11-alle-10.10.08.png\" data-dt-img-description=\"\" data-large_image_width=\"982\" data-large_image_height=\"1536\"><img loading=\"lazy\" decoding=\"async\" class=\"alignleft size-medium wp-image-247764\" src=\"https:\/\/www.radiopiu.net\/wordpress\/wp-content\/uploads\/2021\/12\/Schermata-2021-12-11-alle-10.10.08-192x300.png\" alt=\"\" width=\"192\" height=\"300\" srcset=\"https:\/\/www.radiopiu.net\/wordpress\/wp-content\/uploads\/2021\/12\/Schermata-2021-12-11-alle-10.10.08-192x300.png 192w, https:\/\/www.radiopiu.net\/wordpress\/wp-content\/uploads\/2021\/12\/Schermata-2021-12-11-alle-10.10.08-655x1024.png 655w, https:\/\/www.radiopiu.net\/wordpress\/wp-content\/uploads\/2021\/12\/Schermata-2021-12-11-alle-10.10.08-768x1201.png 768w, https:\/\/www.radiopiu.net\/wordpress\/wp-content\/uploads\/2021\/12\/Schermata-2021-12-11-alle-10.10.08.png 982w\" sizes=\"auto, (max-width: 192px) 100vw, 192px\" \/><\/a>fiscale ha contribuito a ridurre l\u2019evasione, soprattutto quella che in gergo viene chiamata di \u201csopravvivenza\u201d.<\/p>\n<p>Se riusciremo a contrastare con maggiore incisivit\u00e0 l\u2019economia sommersa, faremo pagare le tasse anche ai colossi dell\u2019e-commerce presenti nel nostro Paese, riusciremo a incrociare in maniera efficace le 161 banche dati fiscali che possiede l\u2019Amministrazione finanziaria e e, infine, assisteremo a una seria riforma del fisco che tagli strutturalmente il peso delle tasse su tutti i contribuenti, non \u00e8 da escludere che nel giro dei prossimi 4\/5 anni l\u2019evasione fiscale presente in Italia potrebbe addirittura ridursi della met\u00e0, allineandosi cos\u00ec al dato medio europeo. Ovvio che ci vuole il concorso di tutti e se molti contribuenti hanno cominciato a comportarsi correttamente nei confronti del fisco \u00e8 anche perch\u00e9 negli ultimi anni chi \u00e8 stato chiamato a spendere i soldi pubblici ha finalmente cominciato a farlo con oculatezza. Certo, gli sprechi e gli sperperi ci sono ancora, ci mancherebbe, tuttavia l\u2019evasione si contrasta anche razionalizzando la spesa pubblica.<\/p>\n<p>Tornando ai dati iniziali, la stima dell\u2019evasione, in termini di mancato gettito fiscale per regione \u00e8 stata effettuata sulla base dei dati Istat. In primo luogo \u00e8 stato stimato l\u2019ammontare di valore aggiunto sommerso per regione sulla base dell\u2019incidenza del sommerso economico sul valore aggiunto regionale. In secondo luogo \u00e8 stato calcolato il rapporto tra il gettito fiscale e il valore aggiunto al netto del sommerso ottenendo un coefficiente. Questo coefficiente \u00e8 stato utilizzato per stimare il gettito fiscale evaso di ogni regione.<\/p>\n","protected":false},"excerpt":{"rendered":"<p>Sebbene il problema nel suo complesso abbia una dimensione in Veneto pi\u00f9 contenuta che in gran parte del resto d\u2019Italia, anche nella nostra regione l\u2019evasione fiscale tende a diminuire. Tra il 2014 e il 2018, infatti, \u00e8 scesa di 722 milioni di euro (-7,7%) attestandosi, nel 2018, a quota 8,6 miliardi di euro (vedi Tab.&hellip;<\/p>\n","protected":false},"author":2,"featured_media":201152,"comment_status":"closed","ping_status":"open","sticky":false,"template":"","format":"standard","meta":{"_monsterinsights_skip_tracking":false,"_monsterinsights_sitenote_active":false,"_monsterinsights_sitenote_note":"","_monsterinsights_sitenote_category":0,"footnotes":""},"categories":[49],"tags":[],"class_list":["post-247763","post","type-post","status-publish","format-standard","has-post-thumbnail","hentry","category-news-18","category-49","description-off"],"img_url":"https:\/\/www.radiopiu.net\/wordpress\/wp-content\/uploads\/2021\/04\/euro-nero.jpeg","_links":{"self":[{"href":"https:\/\/www.radiopiu.net\/wordpress\/wp-json\/wp\/v2\/posts\/247763","targetHints":{"allow":["GET"]}}],"collection":[{"href":"https:\/\/www.radiopiu.net\/wordpress\/wp-json\/wp\/v2\/posts"}],"about":[{"href":"https:\/\/www.radiopiu.net\/wordpress\/wp-json\/wp\/v2\/types\/post"}],"author":[{"embeddable":true,"href":"https:\/\/www.radiopiu.net\/wordpress\/wp-json\/wp\/v2\/users\/2"}],"replies":[{"embeddable":true,"href":"https:\/\/www.radiopiu.net\/wordpress\/wp-json\/wp\/v2\/comments?post=247763"}],"version-history":[{"count":0,"href":"https:\/\/www.radiopiu.net\/wordpress\/wp-json\/wp\/v2\/posts\/247763\/revisions"}],"wp:featuredmedia":[{"embeddable":true,"href":"https:\/\/www.radiopiu.net\/wordpress\/wp-json\/wp\/v2\/media\/201152"}],"wp:attachment":[{"href":"https:\/\/www.radiopiu.net\/wordpress\/wp-json\/wp\/v2\/media?parent=247763"}],"wp:term":[{"taxonomy":"category","embeddable":true,"href":"https:\/\/www.radiopiu.net\/wordpress\/wp-json\/wp\/v2\/categories?post=247763"},{"taxonomy":"post_tag","embeddable":true,"href":"https:\/\/www.radiopiu.net\/wordpress\/wp-json\/wp\/v2\/tags?post=247763"}],"curies":[{"name":"wp","href":"https:\/\/api.w.org\/{rel}","templated":true}]}}