{"id":247783,"date":"2021-12-11T11:21:50","date_gmt":"2021-12-11T10:21:50","guid":{"rendered":"https:\/\/www.radiopiu.net\/wordpress\/?p=247783"},"modified":"2021-12-13T05:54:48","modified_gmt":"2021-12-13T04:54:48","slug":"la-cassa-rurale-dolomiti-festeggia-i-30-anni-di-presenza-a-feltre-e-in-provincia","status":"publish","type":"post","link":"https:\/\/www.radiopiu.net\/wordpress\/la-cassa-rurale-dolomiti-festeggia-i-30-anni-di-presenza-a-feltre-e-in-provincia\/","title":{"rendered":"LA CASSA RURALE DOLOMITI FESTEGGIA I 30 ANNI DI PRESENZA A FELTRE E IN PROVINCIA."},"content":{"rendered":"<blockquote>\n<h4>Donato al Comune di Feltre un contributo di 10 mila euro che sar\u00e0 destinato all\u2019acquisto di un clavicembalo per il Teatro de la Sena<\/h4>\n<\/blockquote>\n<p><strong>FELTRE <\/strong>Incontrare gli operatori economici, le categorie imprenditoriali e le associazioni di volontariato del territorio per un bilancio del percorso compiuto a Feltre e nel Bellunese, ma anche per guardare avanti, alle sfide che verranno in vista della tanto attesa ripartenza dopo l\u2019emergenza sanitaria di questi anni. La Cassa Rurale Dolomiti ha deciso di festeggiare cos\u00ec i 30 anni di attivit\u00e0 della propria filiale di Feltre, venerd\u00ec pomeriggio presso il Museo Diocesano di Arte Sacra. Il direttore generale, Ruggero Lucin, ha tracciato dapprima un quadro della presenza dell\u2019Istituto nel Bellunese, che pesa per circa un terzo nell\u2019operativit\u00e0 complessiva della Banca; la quota di mercato a Feltre, attualmente in ulteriore crescita, \u00e8 invece pari al 10%. La parola \u00e8 quindi passata ai numerosi ospiti, che nei loro interventi hanno evidenziato alcuni tratti del percorso condiviso in questi 30 anni con l\u2019Istituto, ma anche espresso proposte e suggerimenti per il ruolo dello stesso a supporto del tessuto economico locale. L\u2019attivit\u00e0 della Cassa Rurale Dolomiti, sorta nel 2017 dalla fusione della Cassa Rurale delle valli del Primiero e Vanoi con la Cassa Rurale val di Fassa e Agordino, \u00e8 da sempre caratterizzata anche da una attenzione particolare alle realt\u00e0 associative e alle istituzionali locali. Proprio in quest\u2019ottica si inserisce l\u2019intervento deciso dalla banca in occasione del proprio trentennale di attivit\u00e0 a Feltre. Per il tramite del presidente Carlo Vadagnini, l\u2019istituto ha donato al Comune &#8211; presenti il sindaco Paolo Perenzin e l\u2019assessore alla Cultura Alessandro Del Bianco &#8211; un contributo di 10 mila euro che sar\u00e0 utilizzato per dotare il Teatro de la Sena, il cui restauro si avvicina alle battute finali, di un clavicembalo, copia di strumento italiano del 16esimo secolo.<\/p>\n<p><strong>IL PRESIDENTE DELLA CASSA RURALE DOLOMITI ANTONIO VADAGNINI<\/strong><\/p>\n<audio class=\"wp-audio-shortcode\" id=\"audio-247783-1\" preload=\"none\" style=\"width: 100%;\" controls=\"controls\"><source type=\"audio\/mpeg\" src=\"https:\/\/www.radiopiu.net\/wordpress\/wp-content\/uploads\/2021\/12\/Audio-Vadagnini.mp3?_=1\" \/><a href=\"https:\/\/www.radiopiu.net\/wordpress\/wp-content\/uploads\/2021\/12\/Audio-Vadagnini.mp3\">https:\/\/www.radiopiu.net\/wordpress\/wp-content\/uploads\/2021\/12\/Audio-Vadagnini.mp3<\/a><\/audio>\n<p>&nbsp;<\/p>\n<p><strong>IL SINDACO DI FELTRE PAOLO PERENZIN<\/strong><\/p>\n<audio class=\"wp-audio-shortcode\" id=\"audio-247783-2\" preload=\"none\" style=\"width: 100%;\" controls=\"controls\"><source type=\"audio\/mpeg\" src=\"https:\/\/www.radiopiu.net\/wordpress\/wp-content\/uploads\/2021\/12\/Audio-Perenzin.mp3?_=2\" \/><a href=\"https:\/\/www.radiopiu.net\/wordpress\/wp-content\/uploads\/2021\/12\/Audio-Perenzin.mp3\">https:\/\/www.radiopiu.net\/wordpress\/wp-content\/uploads\/2021\/12\/Audio-Perenzin.mp3<\/a><\/audio>\n<p>&nbsp;<\/p>\n\n\t\t\t<style type='text\/css'>\n\t\t\t\t#gallery-1 {\n\t\t\t\t\tmargin: auto;\n\t\t\t\t}\n\t\t\t\t#gallery-1 .gallery-item {\n\t\t\t\t\tfloat: left;\n\t\t\t\t\tmargin-top: 10px;\n\t\t\t\t\ttext-align: center;\n\t\t\t\t\twidth: 50%;\n\t\t\t\t}\n\t\t\t\t#gallery-1 img {\n\t\t\t\t\tborder: 2px solid #cfcfcf;\n\t\t\t\t}\n\t\t\t\t#gallery-1 .gallery-caption {\n\t\t\t\t\tmargin-left: 0;\n\t\t\t\t}\n\t\t\t\t\/* see gallery_shortcode() in wp-includes\/media.php *\/\n\t\t\t<\/style>\n\t\t<div id='gallery-1' class='dt-gallery-container gallery galleryid-247783 gallery-columns-2 gallery-size-medium'><dl class='gallery-item'>\n\t\t\t\t<dt class='gallery-icon landscape'>\n\t\t\t\t\t<a class=\"rollover rollover-zoom dt-pswp-item\" title=\"Incontro Trentennale Cassa Rurale Dolomiti a Feltre\" data-dt-img-description=\"\" data-large_image_width=\"2560\" data-large_image_height=\"1440\"href='https:\/\/www.radiopiu.net\/wordpress\/wp-content\/uploads\/2021\/12\/Incontro-Trentennale-Cassa-Rurale-Dolomiti-a-Feltre-scaled.jpg'><img loading=\"lazy\" decoding=\"async\" width=\"300\" height=\"169\" src=\"https:\/\/www.radiopiu.net\/wordpress\/wp-content\/uploads\/2021\/12\/Incontro-Trentennale-Cassa-Rurale-Dolomiti-a-Feltre-300x169.jpg\" class=\"attachment-medium size-medium\" alt=\"\" srcset=\"https:\/\/www.radiopiu.net\/wordpress\/wp-content\/uploads\/2021\/12\/Incontro-Trentennale-Cassa-Rurale-Dolomiti-a-Feltre-300x169.jpg 300w, https:\/\/www.radiopiu.net\/wordpress\/wp-content\/uploads\/2021\/12\/Incontro-Trentennale-Cassa-Rurale-Dolomiti-a-Feltre-1024x576.jpg 1024w, https:\/\/www.radiopiu.net\/wordpress\/wp-content\/uploads\/2021\/12\/Incontro-Trentennale-Cassa-Rurale-Dolomiti-a-Feltre-768x432.jpg 768w, https:\/\/www.radiopiu.net\/wordpress\/wp-content\/uploads\/2021\/12\/Incontro-Trentennale-Cassa-Rurale-Dolomiti-a-Feltre-1536x864.jpg 1536w, https:\/\/www.radiopiu.net\/wordpress\/wp-content\/uploads\/2021\/12\/Incontro-Trentennale-Cassa-Rurale-Dolomiti-a-Feltre-2048x1152.jpg 2048w\" sizes=\"auto, (max-width: 300px) 100vw, 300px\" \/><\/a>\n\t\t\t\t<\/dt><\/dl><dl class='gallery-item'>\n\t\t\t\t<dt class='gallery-icon landscape'>\n\t\t\t\t\t<a class=\"rollover rollover-zoom dt-pswp-item\" title=\"Donazione al Comune di Feltre\" data-dt-img-description=\"\" data-large_image_width=\"2560\" data-large_image_height=\"1440\"href='https:\/\/www.radiopiu.net\/wordpress\/wp-content\/uploads\/2021\/12\/Donazione-al-Comune-di-Feltre-scaled.jpg'><img loading=\"lazy\" decoding=\"async\" width=\"300\" height=\"169\" src=\"https:\/\/www.radiopiu.net\/wordpress\/wp-content\/uploads\/2021\/12\/Donazione-al-Comune-di-Feltre-300x169.jpg\" class=\"attachment-medium size-medium\" alt=\"\" srcset=\"https:\/\/www.radiopiu.net\/wordpress\/wp-content\/uploads\/2021\/12\/Donazione-al-Comune-di-Feltre-300x169.jpg 300w, https:\/\/www.radiopiu.net\/wordpress\/wp-content\/uploads\/2021\/12\/Donazione-al-Comune-di-Feltre-1024x576.jpg 1024w, https:\/\/www.radiopiu.net\/wordpress\/wp-content\/uploads\/2021\/12\/Donazione-al-Comune-di-Feltre-768x432.jpg 768w, https:\/\/www.radiopiu.net\/wordpress\/wp-content\/uploads\/2021\/12\/Donazione-al-Comune-di-Feltre-1536x864.jpg 1536w, https:\/\/www.radiopiu.net\/wordpress\/wp-content\/uploads\/2021\/12\/Donazione-al-Comune-di-Feltre-2048x1152.jpg 2048w\" sizes=\"auto, (max-width: 300px) 100vw, 300px\" \/><\/a>\n\t\t\t\t<\/dt><\/dl><br style=\"clear: both\" \/>\n\t\t\t<\/div>\n\n","protected":false},"excerpt":{"rendered":"<p>Donato al Comune di Feltre un contributo di 10 mila euro che sar\u00e0 destinato all\u2019acquisto di un clavicembalo per il Teatro de la Sena FELTRE Incontrare gli operatori economici, le categorie imprenditoriali e le associazioni di volontariato del territorio per un bilancio del percorso compiuto a Feltre e nel Bellunese, ma anche per guardare avanti,&hellip;<\/p>\n","protected":false},"author":4,"featured_media":247787,"comment_status":"closed","ping_status":"open","sticky":false,"template":"","format":"standard","meta":{"_monsterinsights_skip_tracking":false,"_monsterinsights_sitenote_active":false,"_monsterinsights_sitenote_note":"","_monsterinsights_sitenote_category":0,"footnotes":""},"categories":[51,49],"tags":[],"class_list":["post-247783","post","type-post","status-publish","format-standard","has-post-thumbnail","hentry","category-evidenza-top","category-news-18","category-51","category-49","description-off"],"img_url":"https:\/\/www.radiopiu.net\/wordpress\/wp-content\/uploads\/2021\/12\/Donazione-al-Comune-di-Feltre-scaled.jpg","_links":{"self":[{"href":"https:\/\/www.radiopiu.net\/wordpress\/wp-json\/wp\/v2\/posts\/247783","targetHints":{"allow":["GET"]}}],"collection":[{"href":"https:\/\/www.radiopiu.net\/wordpress\/wp-json\/wp\/v2\/posts"}],"about":[{"href":"https:\/\/www.radiopiu.net\/wordpress\/wp-json\/wp\/v2\/types\/post"}],"author":[{"embeddable":true,"href":"https:\/\/www.radiopiu.net\/wordpress\/wp-json\/wp\/v2\/users\/4"}],"replies":[{"embeddable":true,"href":"https:\/\/www.radiopiu.net\/wordpress\/wp-json\/wp\/v2\/comments?post=247783"}],"version-history":[{"count":0,"href":"https:\/\/www.radiopiu.net\/wordpress\/wp-json\/wp\/v2\/posts\/247783\/revisions"}],"wp:featuredmedia":[{"embeddable":true,"href":"https:\/\/www.radiopiu.net\/wordpress\/wp-json\/wp\/v2\/media\/247787"}],"wp:attachment":[{"href":"https:\/\/www.radiopiu.net\/wordpress\/wp-json\/wp\/v2\/media?parent=247783"}],"wp:term":[{"taxonomy":"category","embeddable":true,"href":"https:\/\/www.radiopiu.net\/wordpress\/wp-json\/wp\/v2\/categories?post=247783"},{"taxonomy":"post_tag","embeddable":true,"href":"https:\/\/www.radiopiu.net\/wordpress\/wp-json\/wp\/v2\/tags?post=247783"}],"curies":[{"name":"wp","href":"https:\/\/api.w.org\/{rel}","templated":true}]}}