{"id":247809,"date":"2021-12-11T15:23:00","date_gmt":"2021-12-11T14:23:00","guid":{"rendered":"https:\/\/www.radiopiu.net\/wordpress\/?p=247809"},"modified":"2021-12-11T15:23:00","modified_gmt":"2021-12-11T14:23:00","slug":"zaia-da-peter-gomez-mirko-di-radio-piu-un-pioniere-della-montagna","status":"publish","type":"post","link":"https:\/\/www.radiopiu.net\/wordpress\/zaia-da-peter-gomez-mirko-di-radio-piu-un-pioniere-della-montagna\/","title":{"rendered":"ZAIA DA PETER GOMEZ: &#8220;MIRKO DI RADIO PIU&#8217; UN PIONIERE DELLA MONTAGNA&#8221;"},"content":{"rendered":"<p><strong><a href=\"https:\/\/www.radiopiu.net\/wordpress\/zaia-da-peter-gomez-mirko-di-radio-piu-un-pioniere-della-montagna\/schermata-2021-12-11-alle-14-27-26\/\" rel=\"attachment wp-att-247811\"><img loading=\"lazy\" decoding=\"async\" class=\"size-medium wp-image-247811 alignleft\" src=\"https:\/\/www.radiopiu.net\/wordpress\/wp-content\/uploads\/2021\/12\/Schermata-2021-12-11-alle-14.27.26-300x185.png\" alt=\"\" width=\"300\" height=\"185\" srcset=\"https:\/\/www.radiopiu.net\/wordpress\/wp-content\/uploads\/2021\/12\/Schermata-2021-12-11-alle-14.27.26-300x185.png 300w, https:\/\/www.radiopiu.net\/wordpress\/wp-content\/uploads\/2021\/12\/Schermata-2021-12-11-alle-14.27.26-1024x631.png 1024w, https:\/\/www.radiopiu.net\/wordpress\/wp-content\/uploads\/2021\/12\/Schermata-2021-12-11-alle-14.27.26-768x473.png 768w, https:\/\/www.radiopiu.net\/wordpress\/wp-content\/uploads\/2021\/12\/Schermata-2021-12-11-alle-14.27.26-1536x947.png 1536w, https:\/\/www.radiopiu.net\/wordpress\/wp-content\/uploads\/2021\/12\/Schermata-2021-12-11-alle-14.27.26.png 1892w\" sizes=\"auto, (max-width: 300px) 100vw, 300px\" \/><\/a>REDAZIONE<\/strong> \u00c8 andata in onda ieri sera sul NOVE del gruppo Discovery il programma &#8220;La Confessione&#8221;, prodotto da Loft Produzioni, a cura del direttore de <a href=\"http:\/\/ilfattoquotidiano.it\">ilfattoquotidiano.it<\/a> Peter Gomez. Ospite della trasmissione il Presidente del Veneto Luca Zaia che intervistato da Gomez ha parlato dell&#8217;imitazione di Maurizio Crozza entrando in merito anche alla citazione di Mirko di Radio Pi\u00f9. Il Governatore del Veneto ha rassicurato il direttore de Il Fatto Quotidiano che &#8220;<em>Mirko di Radio Pi\u00f9 esiste, \u00e8 un pioniere della montagna che fa radio da solo &#8211; ha detto Zaia &#8211; Pensi che i dipendenti di Luxottica ascoltano le notizie direttamente da lui, magari se ci sono avversit\u00e0 atmosferiche o altro<\/em>&#8220;. Naturalmente nella puntata di ieri si \u00e8 parlato anche di altro nell&#8217;intervista di Peter Gomez che \u00e8 possibile rivedere sulla piattaforma TvLoft de Il Fatto Quotidiano o su Discovery+ nei prossimi giorni.<\/p>\n<p><strong>DA &#8220;LA CONFESSIONE&#8221; DEL 10 DICEMBRE 2021<\/strong><\/p>\n<div style=\"width: 1200px;\" class=\"wp-video\"><video class=\"wp-video-shortcode\" id=\"video-247809-1\" width=\"1200\" height=\"675\" preload=\"metadata\" controls=\"controls\"><source type=\"video\/mp4\" src=\"https:\/\/www.radiopiu.net\/wordpress\/wp-content\/uploads\/2021\/12\/LA-CONFESSIONE-GOMEZ-ZAIA.mp4?_=1\" \/><a href=\"https:\/\/www.radiopiu.net\/wordpress\/wp-content\/uploads\/2021\/12\/LA-CONFESSIONE-GOMEZ-ZAIA.mp4\">https:\/\/www.radiopiu.net\/wordpress\/wp-content\/uploads\/2021\/12\/LA-CONFESSIONE-GOMEZ-ZAIA.mp4<\/a><\/video><\/div>\n<p>&nbsp;<\/p>\n<p>&nbsp;<\/p>\n<p>*****<\/p>\n","protected":false},"excerpt":{"rendered":"<p>REDAZIONE \u00c8 andata in onda ieri sera sul NOVE del gruppo Discovery il programma &#8220;La Confessione&#8221;, prodotto da Loft Produzioni, a cura del direttore de ilfattoquotidiano.it Peter Gomez. Ospite della trasmissione il Presidente del Veneto Luca Zaia che intervistato da Gomez ha parlato dell&#8217;imitazione di Maurizio Crozza entrando in merito anche alla citazione di Mirko&hellip;<\/p>\n","protected":false},"author":4,"featured_media":247811,"comment_status":"closed","ping_status":"open","sticky":false,"template":"","format":"standard","meta":{"_monsterinsights_skip_tracking":false,"_monsterinsights_sitenote_active":false,"_monsterinsights_sitenote_note":"","_monsterinsights_sitenote_category":0,"footnotes":""},"categories":[51,49],"tags":[],"class_list":["post-247809","post","type-post","status-publish","format-standard","has-post-thumbnail","hentry","category-evidenza-top","category-news-18","category-51","category-49","description-off"],"img_url":"https:\/\/www.radiopiu.net\/wordpress\/wp-content\/uploads\/2021\/12\/Schermata-2021-12-11-alle-14.27.26.png","_links":{"self":[{"href":"https:\/\/www.radiopiu.net\/wordpress\/wp-json\/wp\/v2\/posts\/247809","targetHints":{"allow":["GET"]}}],"collection":[{"href":"https:\/\/www.radiopiu.net\/wordpress\/wp-json\/wp\/v2\/posts"}],"about":[{"href":"https:\/\/www.radiopiu.net\/wordpress\/wp-json\/wp\/v2\/types\/post"}],"author":[{"embeddable":true,"href":"https:\/\/www.radiopiu.net\/wordpress\/wp-json\/wp\/v2\/users\/4"}],"replies":[{"embeddable":true,"href":"https:\/\/www.radiopiu.net\/wordpress\/wp-json\/wp\/v2\/comments?post=247809"}],"version-history":[{"count":0,"href":"https:\/\/www.radiopiu.net\/wordpress\/wp-json\/wp\/v2\/posts\/247809\/revisions"}],"wp:featuredmedia":[{"embeddable":true,"href":"https:\/\/www.radiopiu.net\/wordpress\/wp-json\/wp\/v2\/media\/247811"}],"wp:attachment":[{"href":"https:\/\/www.radiopiu.net\/wordpress\/wp-json\/wp\/v2\/media?parent=247809"}],"wp:term":[{"taxonomy":"category","embeddable":true,"href":"https:\/\/www.radiopiu.net\/wordpress\/wp-json\/wp\/v2\/categories?post=247809"},{"taxonomy":"post_tag","embeddable":true,"href":"https:\/\/www.radiopiu.net\/wordpress\/wp-json\/wp\/v2\/tags?post=247809"}],"curies":[{"name":"wp","href":"https:\/\/api.w.org\/{rel}","templated":true}]}}