{"id":247840,"date":"2021-12-12T10:12:19","date_gmt":"2021-12-12T09:12:19","guid":{"rendered":"https:\/\/www.radiopiu.net\/wordpress\/?p=247840"},"modified":"2021-12-12T10:12:41","modified_gmt":"2021-12-12T09:12:41","slug":"il-saluto-della-cometa-leonard","status":"publish","type":"post","link":"https:\/\/www.radiopiu.net\/wordpress\/il-saluto-della-cometa-leonard\/","title":{"rendered":"IL SALUTO DELLA COMETA LEONARD"},"content":{"rendered":"<p><strong><a href=\"https:\/\/www.radiopiu.net\/wordpress\/il-saluto-della-cometa-leonard\/df76890a-ed4b-47b5-9f5b-107e3b1b0212\/\" rel=\"attachment wp-att-247841\"><img loading=\"lazy\" decoding=\"async\" class=\"size-medium wp-image-247841 alignleft\" src=\"https:\/\/www.radiopiu.net\/wordpress\/wp-content\/uploads\/2021\/12\/df76890a-ed4b-47b5-9f5b-107e3b1b0212-300x287.jpg\" alt=\"\" width=\"300\" height=\"287\" srcset=\"https:\/\/www.radiopiu.net\/wordpress\/wp-content\/uploads\/2021\/12\/df76890a-ed4b-47b5-9f5b-107e3b1b0212-300x287.jpg 300w, https:\/\/www.radiopiu.net\/wordpress\/wp-content\/uploads\/2021\/12\/df76890a-ed4b-47b5-9f5b-107e3b1b0212-1024x980.jpg 1024w, https:\/\/www.radiopiu.net\/wordpress\/wp-content\/uploads\/2021\/12\/df76890a-ed4b-47b5-9f5b-107e3b1b0212-768x735.jpg 768w, https:\/\/www.radiopiu.net\/wordpress\/wp-content\/uploads\/2021\/12\/df76890a-ed4b-47b5-9f5b-107e3b1b0212.jpg 1480w\" sizes=\"auto, (max-width: 300px) 100vw, 300px\" \/><\/a>di Claudio Pra<\/strong><\/p>\n<p>Stamattina alle 6.00, da Passo Valles (dove la temperatura toccava i -11\u00b0), un piccolo gruppetto di astrofili agordini formato da Claudio Pra, Vittorio De Nardin e Andrea De Nardin ha salutato la cometa Leonard, ormai in procinto di sparire tra le luci del Sole. L&#8217;oggetto \u00e8 sorto sopra Cima Pape alle prime luci dell&#8217;alba ed alcune nubi colorate hanno fatto da degna cornice ad un contesto gi\u00e0 magnifico. Solo la grande trasparenza dell&#8217;alta quota e l&#8217;esperienza hanno permesso di osservarlo in condizioni comunque molto difficili a causa della posizione molto bassa e si pu\u00f2 affermare che a pochi al mondo sia riuscita l&#8217;impresa. La cometa non passer\u00e0 pi\u00f9 dalle nostre parti e quindi buon viaggio nello spazio siderale Leonard.<\/p>\n<p>&nbsp;<\/p>\n<p>&nbsp;<\/p>\n<p>&nbsp;<\/p>\n<p>&nbsp;<\/p>\n<p>******<\/p>\n","protected":false},"excerpt":{"rendered":"<p>di Claudio Pra Stamattina alle 6.00, da Passo Valles (dove la temperatura toccava i -11\u00b0), un piccolo gruppetto di astrofili agordini formato da Claudio Pra, Vittorio De Nardin e Andrea De Nardin ha salutato la cometa Leonard, ormai in procinto di sparire tra le luci del Sole. L&#8217;oggetto \u00e8 sorto sopra Cima Pape alle prime&hellip;<\/p>\n","protected":false},"author":4,"featured_media":247841,"comment_status":"closed","ping_status":"open","sticky":false,"template":"","format":"standard","meta":{"_monsterinsights_skip_tracking":false,"_monsterinsights_sitenote_active":false,"_monsterinsights_sitenote_note":"","_monsterinsights_sitenote_category":0,"footnotes":""},"categories":[49],"tags":[],"class_list":["post-247840","post","type-post","status-publish","format-standard","has-post-thumbnail","hentry","category-news-18","category-49","description-off"],"img_url":"https:\/\/www.radiopiu.net\/wordpress\/wp-content\/uploads\/2021\/12\/df76890a-ed4b-47b5-9f5b-107e3b1b0212.jpg","_links":{"self":[{"href":"https:\/\/www.radiopiu.net\/wordpress\/wp-json\/wp\/v2\/posts\/247840","targetHints":{"allow":["GET"]}}],"collection":[{"href":"https:\/\/www.radiopiu.net\/wordpress\/wp-json\/wp\/v2\/posts"}],"about":[{"href":"https:\/\/www.radiopiu.net\/wordpress\/wp-json\/wp\/v2\/types\/post"}],"author":[{"embeddable":true,"href":"https:\/\/www.radiopiu.net\/wordpress\/wp-json\/wp\/v2\/users\/4"}],"replies":[{"embeddable":true,"href":"https:\/\/www.radiopiu.net\/wordpress\/wp-json\/wp\/v2\/comments?post=247840"}],"version-history":[{"count":0,"href":"https:\/\/www.radiopiu.net\/wordpress\/wp-json\/wp\/v2\/posts\/247840\/revisions"}],"wp:featuredmedia":[{"embeddable":true,"href":"https:\/\/www.radiopiu.net\/wordpress\/wp-json\/wp\/v2\/media\/247841"}],"wp:attachment":[{"href":"https:\/\/www.radiopiu.net\/wordpress\/wp-json\/wp\/v2\/media?parent=247840"}],"wp:term":[{"taxonomy":"category","embeddable":true,"href":"https:\/\/www.radiopiu.net\/wordpress\/wp-json\/wp\/v2\/categories?post=247840"},{"taxonomy":"post_tag","embeddable":true,"href":"https:\/\/www.radiopiu.net\/wordpress\/wp-json\/wp\/v2\/tags?post=247840"}],"curies":[{"name":"wp","href":"https:\/\/api.w.org\/{rel}","templated":true}]}}