{"id":247941,"date":"2021-12-14T06:00:37","date_gmt":"2021-12-14T05:00:37","guid":{"rendered":"https:\/\/www.radiopiu.net\/wordpress\/?p=247941"},"modified":"2021-12-14T10:51:24","modified_gmt":"2021-12-14T09:51:24","slug":"giornale-radiopiu-14-dicembre-2021-direttore-mirko-mezzacasa","status":"publish","type":"post","link":"https:\/\/www.radiopiu.net\/wordpress\/giornale-radiopiu-14-dicembre-2021-direttore-mirko-mezzacasa\/","title":{"rendered":"GIORNALE RADIOPIU 14 DICEMBRE 2021 DIRETTORE MIRKO MEZZACASA"},"content":{"rendered":"<blockquote>\n<h3><em>LA CONSIDERAZIONE DEL GIORNO: Lampioni ri-accesi sulle rotonde di Brugnah \u00a0forse anche l\u00ec &#8211; come alcune settimane fa alla Dolomitibus, dopo giorni di buio pesto &#8211;\u00a0 bastava tirar su un interruttore<\/em><\/h3>\n<\/blockquote>\n<h3><\/h3>\n<h3 class=\"kvgmc6g5 cxmmr5t8 oygrvhab hcukyx3x c1et5uql\"><span style=\"color: #0000ff;\"><strong><a href=\"https:\/\/www.radiopiu.net\/wordpress\/riaperts\/immagine-racconti-di-natale\/\" rel=\"attachment wp-att-247743\"><img loading=\"lazy\" decoding=\"async\" class=\"wp-image-247743 alignleft\" src=\"https:\/\/www.radiopiu.net\/wordpress\/wp-content\/uploads\/2021\/12\/immagine-racconti-di-natale-249x300.jpg\" alt=\"\" width=\"152\" height=\"183\" srcset=\"https:\/\/www.radiopiu.net\/wordpress\/wp-content\/uploads\/2021\/12\/immagine-racconti-di-natale-249x300.jpg 249w, https:\/\/www.radiopiu.net\/wordpress\/wp-content\/uploads\/2021\/12\/immagine-racconti-di-natale-768x925.jpg 768w, https:\/\/www.radiopiu.net\/wordpress\/wp-content\/uploads\/2021\/12\/immagine-racconti-di-natale.jpg 771w\" sizes=\"auto, (max-width: 152px) 100vw, 152px\" \/><\/a>INFORMAZIONE il canale su TELEGRAM informazione di prima mano e in tempo reale. iscriviti ed aiutaci a farlo conoscere\u00a0<\/strong><\/span><\/h3>\n<blockquote>\n<h3><span style=\"color: #ff0000;\">I RACCONTI DI NATALE DI LUISA ALCHINI, DA MARTEDI AL 24 DICEMBRE TUTTI I GIORNI ALLE 10.05 E ALLE 20.20&#8230; SU RADIO PIU<\/span><\/h3>\n<\/blockquote>\n<p>&nbsp;<\/p>\n<p>&nbsp;<\/p>\n<p>&nbsp;<\/p>\n<p>&nbsp;<\/p>\n<hr \/>\n<p>&nbsp;<\/p>\n<blockquote>\n<h3>CROCE VERDE VAL BIOIS, A SINGHIOZZO FINO AL 31 DICEMBRE<\/h3>\n<\/blockquote>\n<p><strong><img loading=\"lazy\" decoding=\"async\" class=\"alignleft\" src=\"https:\/\/www.radiopiu.net\/wordpress\/wp-content\/uploads\/2020\/06\/download-36.jpg\" width=\"284\" height=\"155\" \/>FALCADE<\/strong>\u00a0 Giorni e orari in cui l&#8217;emergenza della Croce Verde Val Biois non \u00e8 garantita: VENERDI&#8217; 17 DICEMBRE 2021 dalle ore 6:00 alle ore 20:00; GIOVEDI&#8217; 23 DICEMBRE dalle ore 6:00 alle ore 20:00; VENERDI&#8217; 24 DICEMBRE dalle roe 6:00 alle ore 20:00; LUNEDI&#8217; 27 DICEMBRE 2021 dalle ore 20:00 alle ore 6 di MARTEDI&#8217; 28 DICEMBRE 2021;<\/p>\n<p>&nbsp;<\/p>\n<p>&nbsp;<\/p>\n<p>&nbsp;<\/p>\n<hr \/>\n<p>&nbsp;<\/p>\n<blockquote>\n<h3>IL PUNTO DELL&#8217;ULSS 1 DOLOMITI SUL COVID IN PROVINCIA. IN AGORDINO 5 COMUNI SU 16 NON REGISTRANO CASI NEGLI ULTIMI 7 GIORNI<\/h3>\n<\/blockquote>\n<p><strong>BELLUNO<\/strong> L&#8217;Ulss 1 Dolomiti fa il punto sulla situazione Covid in provincia di Belluno per quanto riguarda l&#8217;ultima settimana.<\/p>\n<p><strong>EPIDEMIOLOGIA<\/strong><\/p>\n<table width=\"652\">\n<tbody>\n<tr>\n<td width=\"326\"><strong>ATTUALI POSITIVI<\/strong><\/td>\n<td width=\"326\"><strong>1094<\/strong><\/td>\n<\/tr>\n<tr>\n<td width=\"326\"><strong>Persone in isolamento\/quarantena<\/strong><\/td>\n<td width=\"326\">2091<\/td>\n<\/tr>\n<\/tbody>\n<\/table>\n<p>&nbsp;<\/p>\n<p>I nuovi casi rilevati nell\u2019ultima settimana sono <strong>541<\/strong> (-56 rispetto alla scorsa settimana), con un conseguente tasso di incidenza settimanale di <strong>271 casi su 100 mila abitanti<\/strong>, in calo rispetto alla settimana precedente, ma superiore all&#8217;incidenza nazionale (196\u00a0 su 100 mila abitanti). Nella settimana trascorsa i nuovi casi si collocano prevalentemente nella fascia 45-64 anni. Nella settimana qui analizzata si conferma il trend delle settimane precedenti in merito alle percentuali di contagi tra vaccinati e non vaccinati, con ulteriore evidenza del potere protettivo della vaccinazione non solo sulla casistica grave, ma anche sul rischio di infezione, contenuto\u00a0 ma non azzerato. Questa settimana: Il rapporto tra nuovi positivi vaccinati sulla popolazione vaccinata \u00e8 di 0,14%, Il rapporto tra nuovi positivi non vaccinati su popolazione non vaccinata \u00e8 di 0,71%. L\u2019Ulss Dolomiti rimane fortemente impegnata nell\u2019esecuzione dei tamponi molecolari (a finalit\u00e0 diagnostica). Particolarmente risulta il grande lavoro svolto dalle farmacie del territorio per i tamponi a finalit\u00e0 green pass. Ad oggi sono state trattate con anticorpi monoclonali dall\u2019Unit\u00e0 Operativa di\u00a0 Malattie Infettive di Belluno <strong>165<\/strong> persone. Nella settimana qui analizzata sono stati somministrati 13 \u00a0trattamenti con monoclonali.<\/p>\n<p>Sono attualmente ricoverati:<\/p>\n<table width=\"657\">\n<tbody>\n<tr>\n<td width=\"176\"><strong>Area <\/strong><\/td>\n<td width=\"154\"><strong>Belluno<\/strong><\/td>\n<td width=\"153\"><strong>Feltre<\/strong><\/td>\n<td width=\"175\"><strong>N totale pazienti ricoverati<\/strong><\/td>\n<\/tr>\n<tr>\n<td width=\"176\"><strong>Terapia Intensiva <\/strong><\/td>\n<td width=\"154\"><strong>3<\/strong><\/td>\n<td width=\"153\"><strong>0<\/strong><\/td>\n<td width=\"175\"><strong>3<\/strong><\/td>\n<\/tr>\n<tr>\n<td width=\"176\"><strong>Area non critica Belluno<\/strong><\/td>\n<td width=\"154\"><strong>19<\/strong><\/td>\n<td width=\"153\"><strong>8<\/strong><\/td>\n<td width=\"175\"><strong>27<\/strong><\/td>\n<\/tr>\n<tr>\n<td width=\"176\"><strong>Ospedale di Comunit\u00e0 <\/strong><\/td>\n<td width=\"154\"><strong>\/<\/strong><\/td>\n<td width=\"153\"><strong>7<\/strong><\/td>\n<td width=\"175\"><strong>7<\/strong><\/td>\n<\/tr>\n<\/tbody>\n<\/table>\n<p>&nbsp;<\/p>\n<p>I pazienti ricoverati in terapia intensiva non sono vaccinati.<\/p>\n<p>&nbsp;<\/p>\n\n\t\t\t<style type='text\/css'>\n\t\t\t\t#gallery-1 {\n\t\t\t\t\tmargin: auto;\n\t\t\t\t}\n\t\t\t\t#gallery-1 .gallery-item {\n\t\t\t\t\tfloat: left;\n\t\t\t\t\tmargin-top: 10px;\n\t\t\t\t\ttext-align: center;\n\t\t\t\t\twidth: 50%;\n\t\t\t\t}\n\t\t\t\t#gallery-1 img {\n\t\t\t\t\tborder: 2px solid #cfcfcf;\n\t\t\t\t}\n\t\t\t\t#gallery-1 .gallery-caption {\n\t\t\t\t\tmargin-left: 0;\n\t\t\t\t}\n\t\t\t\t\/* see gallery_shortcode() in wp-includes\/media.php *\/\n\t\t\t<\/style>\n\t\t<div id='gallery-1' class='dt-gallery-container gallery galleryid-247941 gallery-columns-2 gallery-size-medium'><dl class='gallery-item'>\n\t\t\t\t<dt class='gallery-icon portrait'>\n\t\t\t\t\t<a class=\"rollover rollover-zoom dt-pswp-item\" title=\"2\" data-dt-img-description=\"\" data-large_image_width=\"964\" data-large_image_height=\"996\"href='https:\/\/www.radiopiu.net\/wordpress\/wp-content\/uploads\/2021\/12\/2.jpg'><img loading=\"lazy\" decoding=\"async\" width=\"290\" height=\"300\" src=\"https:\/\/www.radiopiu.net\/wordpress\/wp-content\/uploads\/2021\/12\/2-290x300.jpg\" class=\"attachment-medium size-medium\" alt=\"\" aria-describedby=\"gallery-1-248171\" srcset=\"https:\/\/www.radiopiu.net\/wordpress\/wp-content\/uploads\/2021\/12\/2-290x300.jpg 290w, https:\/\/www.radiopiu.net\/wordpress\/wp-content\/uploads\/2021\/12\/2-768x793.jpg 768w, https:\/\/www.radiopiu.net\/wordpress\/wp-content\/uploads\/2021\/12\/2.jpg 964w\" sizes=\"auto, (max-width: 290px) 100vw, 290px\" \/><\/a>\n\t\t\t\t<\/dt>\n\t\t\t\t\t<dd class='wp-caption-text gallery-caption' id='gallery-1-248171'>\n\t\t\t\t\tINCIDENZA NEGLI ULTIMI SETTE GIORNI\n\t\t\t\t\t<\/dd><\/dl><dl class='gallery-item'>\n\t\t\t\t<dt class='gallery-icon portrait'>\n\t\t\t\t\t<a class=\"rollover rollover-zoom dt-pswp-item\" title=\"3\" data-dt-img-description=\"\" data-large_image_width=\"964\" data-large_image_height=\"996\"href='https:\/\/www.radiopiu.net\/wordpress\/wp-content\/uploads\/2021\/12\/3.jpg'><img loading=\"lazy\" decoding=\"async\" width=\"290\" height=\"300\" src=\"https:\/\/www.radiopiu.net\/wordpress\/wp-content\/uploads\/2021\/12\/3-290x300.jpg\" class=\"attachment-medium size-medium\" alt=\"\" aria-describedby=\"gallery-1-248172\" srcset=\"https:\/\/www.radiopiu.net\/wordpress\/wp-content\/uploads\/2021\/12\/3-290x300.jpg 290w, https:\/\/www.radiopiu.net\/wordpress\/wp-content\/uploads\/2021\/12\/3-768x793.jpg 768w, https:\/\/www.radiopiu.net\/wordpress\/wp-content\/uploads\/2021\/12\/3.jpg 964w\" sizes=\"auto, (max-width: 290px) 100vw, 290px\" \/><\/a>\n\t\t\t\t<\/dt>\n\t\t\t\t\t<dd class='wp-caption-text gallery-caption' id='gallery-1-248172'>\n\t\t\t\t\tNUOVI CASI NEGLI ULTIMI 7 GIORNI\n\t\t\t\t\t<\/dd><\/dl><br style=\"clear: both\" \/><dl class='gallery-item'>\n\t\t\t\t<dt class='gallery-icon landscape'>\n\t\t\t\t\t<a class=\"rollover rollover-zoom dt-pswp-item\" title=\"1\" data-dt-img-description=\"\" data-large_image_width=\"964\" data-large_image_height=\"556\"href='https:\/\/www.radiopiu.net\/wordpress\/wp-content\/uploads\/2021\/12\/1-1.jpg'><img loading=\"lazy\" decoding=\"async\" width=\"300\" height=\"173\" src=\"https:\/\/www.radiopiu.net\/wordpress\/wp-content\/uploads\/2021\/12\/1-1-300x173.jpg\" class=\"attachment-medium size-medium\" alt=\"\" aria-describedby=\"gallery-1-248170\" srcset=\"https:\/\/www.radiopiu.net\/wordpress\/wp-content\/uploads\/2021\/12\/1-1-300x173.jpg 300w, https:\/\/www.radiopiu.net\/wordpress\/wp-content\/uploads\/2021\/12\/1-1-768x443.jpg 768w, https:\/\/www.radiopiu.net\/wordpress\/wp-content\/uploads\/2021\/12\/1-1.jpg 964w\" sizes=\"auto, (max-width: 300px) 100vw, 300px\" \/><\/a>\n\t\t\t\t<\/dt>\n\t\t\t\t\t<dd class='wp-caption-text gallery-caption' id='gallery-1-248170'>\n\t\t\t\t\tMEDIA SETTIMANALE NUOVI CASI POSITIVI\n\t\t\t\t\t<\/dd><\/dl><dl class='gallery-item'>\n\t\t\t\t<dt class='gallery-icon landscape'>\n\t\t\t\t\t<a class=\"rollover rollover-zoom dt-pswp-item\" title=\"4\" data-dt-img-description=\"\" data-large_image_width=\"964\" data-large_image_height=\"598\"href='https:\/\/www.radiopiu.net\/wordpress\/wp-content\/uploads\/2021\/12\/4.png'><img loading=\"lazy\" decoding=\"async\" width=\"300\" height=\"186\" src=\"https:\/\/www.radiopiu.net\/wordpress\/wp-content\/uploads\/2021\/12\/4-300x186.png\" class=\"attachment-medium size-medium\" alt=\"\" aria-describedby=\"gallery-1-248173\" srcset=\"https:\/\/www.radiopiu.net\/wordpress\/wp-content\/uploads\/2021\/12\/4-300x186.png 300w, https:\/\/www.radiopiu.net\/wordpress\/wp-content\/uploads\/2021\/12\/4-768x476.png 768w, https:\/\/www.radiopiu.net\/wordpress\/wp-content\/uploads\/2021\/12\/4.png 964w\" sizes=\"auto, (max-width: 300px) 100vw, 300px\" \/><\/a>\n\t\t\t\t<\/dt>\n\t\t\t\t\t<dd class='wp-caption-text gallery-caption' id='gallery-1-248173'>\n\t\t\t\t\tCASI POSITIVI PER FASCIE D&#8217;ETA&#8217;\n\t\t\t\t\t<\/dd><\/dl><br style=\"clear: both\" \/>\n\t\t\t<\/div>\n\n<p>&nbsp;<\/p>\n<hr \/>\n<p>&nbsp;<\/p>\n<p>&nbsp;<\/p>\n<blockquote>\n<h3>AGORDINO RECORD DI CONTAGI E NUOVI CASI<\/h3>\n<\/blockquote>\n<p><strong><img loading=\"lazy\" decoding=\"async\" class=\"alignleft\" src=\"https:\/\/www.radiopiu.net\/wordpress\/wp-content\/uploads\/2021\/12\/c77d3501-4668-4c45-aaf9-3fa421e25616.jpg\" width=\"352\" height=\"212\" \/><\/strong><\/p>\n<p><strong>REDAZIONE<\/strong> Nell&#8217;ultima settimana, nell&#8217;Agordino i contagi sono cresciuti un po&#8217; ovunque, un solo nuovo caso a Falcade negli ultimi sette giorni, ma sono sempre 13 i positivi in paese, 20 nuovi casi ad Agordo e 12 a Taibon. Anche a La Valle Agordina \u00e8 tornato il giorno dei conteggi, 11 positivi non vaccinati, 12 le persone in isolamento ricorda il sindaco Ezio Zuanel.\u00a0 I Comuni pi\u00f9 attenzionati dell&#8217;Agordino: Canale d&#8217;Agordo, Vallada, Taibon, Rivamonte, Gosaldo che con Ospitale e Zoppe segnalano il maggior numero di nuovi casi in provincia, oltre 500 ogni 100 mila abitanti negli ultimi sette giorni.<\/p>\n<p><strong><span style=\"color: #ff0000;\">IN AGGIORNAMENTO<\/span><\/strong><\/p>\n<p><strong>AGORDO 32 positivi FALCADE: 13 positivi 8 isolamento \u00a0DA VOLTAGO 3 positivi 11 isolamento GOSALDO 12 positivi 14 quarantena CANALE D&#8217;AGORDO 14 positivi 17 isolamento TAIBON 20 positivi 41 quarantena LIVINALLONGO 17 positivi 57 in isolamento\u00a0 CENCENIGHE 10 positivi 3\u00a0 isolamento SELVA DI CADORE ZERO CASI<\/strong><\/p>\n<p>&nbsp;<\/p>\n<p>&nbsp;<\/p>\n<hr \/>\n<p>&nbsp;<\/p>\n<blockquote>\n<h3>ROCCA PIETORE, CONTAGI IN AUMENTO E UN RICOVERO, IL SINDACO PREANNUNCIA ORDINANZE<\/h3>\n<\/blockquote>\n<p><strong><img loading=\"lazy\" decoding=\"async\" class=\"alignleft\" src=\"https:\/\/www.radiopiu.net\/wordpress\/wp-content\/uploads\/2021\/03\/ANDREA-DE-BERNARDIN.jpg\" width=\"185\" height=\"104\" \/>ROCCA PIETORE<\/strong> Quotidianamente il sindaco di Rocca Pietore Andrea De Bernardin (come altri sindaci della vallata) informa circa l&#8217;andamento della pandemia. Stamane 10 positivi di cui 1 ricoverato e\u00a0 11 in quarantena. Di qui il messaggio del primo cittadino <em>&#8220;Inutile dire che sarebbe il caso di iniziare nuovamente tutti quanti a rispettare le regole basilari.\u00a0 Mascherina indossata correttamente,\u00a0 Disinfezione frequenti delle mani,\u00a0 Distanziamento. Anche se fortunatamente non abbiamo nessuna persona grave, rimane un grande disagio sia la positivit\u00e0 che la quarantena. Quindi usiamo le accortezze per cercare di evitarlo, nei limiti del possibile. Se i contagi aumenteranno, valuter\u00f2 una ordinanza di uso della mascherina anche all&#8217;aperto, sull&#8217;esempio di altri Comuni vicini&#8221;.<\/em><\/p>\n<p>&nbsp;<\/p>\n<p>&nbsp;<\/p>\n<hr \/>\n<p>&nbsp;<\/p>\n<p>&nbsp;<\/p>\n<blockquote>\n<h3>DEBORA E ADRIANO, DUE GRAVI LUTTI CHE COMMUOVONO LA PROVINCIA INTERA<\/h3>\n<\/blockquote>\n<div id=\"windowArticle\" class=\"marsWindow\">\n<div class=\"marsWindowBox\">\n<div class=\"marsWindowContent\">\n<div class=\"marsWindowContainer\">\n<div id=\"articleBox\">\n<div id=\"articleToolBar\">\n<div id=\"articleToolBarContent\">\n<div id=\"articleSectionsButton\" class=\"articleToolBarButton firstHover\">\n<p><strong><img loading=\"lazy\" decoding=\"async\" class=\"alignleft\" src=\"https:\/\/www.radiopiu.net\/wordpress\/wp-content\/uploads\/2021\/12\/safe_image-3.jpg\" width=\"224\" height=\"117\" \/>FELTRE<\/strong>\u00a0 Debora Colle, 29 anni, era nata e cresciuta a Santa Giustina, dove viveva con la mamma e il pap\u00e0 Ezio, conosciutissimo nel mondo del calcio, essendo stato arbitro del Csi. Aspirante parrucchiera, aveva lavorato in un negozio di Feltre come commessa.<\/p>\n<p>Adriano Corona di professione cuoco-pizzaiolo lascia la mamma Maria, il papa Mariano e i fratelli Emiliano, Ilaria e Martina.<\/p>\n<p>Molti i messaggi di vicinanza alle famiglie, in mattinata anche il Csi ha inviato un messaggio di condoglianze alla famiglia dell&#8217;arbitro Colle.<\/p>\n<\/div>\n<div><\/div>\n<div>\n\n\t\t\t<style type='text\/css'>\n\t\t\t\t#gallery-2 {\n\t\t\t\t\tmargin: auto;\n\t\t\t\t}\n\t\t\t\t#gallery-2 .gallery-item {\n\t\t\t\t\tfloat: left;\n\t\t\t\t\tmargin-top: 10px;\n\t\t\t\t\ttext-align: center;\n\t\t\t\t\twidth: 33%;\n\t\t\t\t}\n\t\t\t\t#gallery-2 img {\n\t\t\t\t\tborder: 2px solid #cfcfcf;\n\t\t\t\t}\n\t\t\t\t#gallery-2 .gallery-caption {\n\t\t\t\t\tmargin-left: 0;\n\t\t\t\t}\n\t\t\t\t\/* see gallery_shortcode() in wp-includes\/media.php *\/\n\t\t\t<\/style>\n\t\t<div id='gallery-2' class='dt-gallery-container gallery galleryid-247941 gallery-columns-3 gallery-size-thumbnail'><dl class='gallery-item'>\n\t\t\t\t<dt class='gallery-icon landscape'>\n\t\t\t\t\t<a class=\"rollover rollover-zoom dt-pswp-item\" title=\"148738710_245384187095026_5137308975299077796_n\" data-dt-img-description=\"\" data-large_image_width=\"1440\" data-large_image_height=\"1440\"href='https:\/\/www.radiopiu.net\/wordpress\/wp-content\/uploads\/2021\/12\/148738710_245384187095026_5137308975299077796_n.jpg'><img loading=\"lazy\" decoding=\"async\" width=\"150\" height=\"150\" src=\"https:\/\/www.radiopiu.net\/wordpress\/wp-content\/uploads\/2021\/12\/148738710_245384187095026_5137308975299077796_n-150x150.jpg\" class=\"attachment-thumbnail size-thumbnail\" alt=\"\" srcset=\"https:\/\/www.radiopiu.net\/wordpress\/wp-content\/uploads\/2021\/12\/148738710_245384187095026_5137308975299077796_n-150x150.jpg 150w, https:\/\/www.radiopiu.net\/wordpress\/wp-content\/uploads\/2021\/12\/148738710_245384187095026_5137308975299077796_n-300x300.jpg 300w, https:\/\/www.radiopiu.net\/wordpress\/wp-content\/uploads\/2021\/12\/148738710_245384187095026_5137308975299077796_n-1024x1024.jpg 1024w, https:\/\/www.radiopiu.net\/wordpress\/wp-content\/uploads\/2021\/12\/148738710_245384187095026_5137308975299077796_n-768x768.jpg 768w, https:\/\/www.radiopiu.net\/wordpress\/wp-content\/uploads\/2021\/12\/148738710_245384187095026_5137308975299077796_n.jpg 1440w\" sizes=\"auto, (max-width: 150px) 100vw, 150px\" \/><\/a>\n\t\t\t\t<\/dt><\/dl><dl class='gallery-item'>\n\t\t\t\t<dt class='gallery-icon landscape'>\n\t\t\t\t\t<a class=\"rollover rollover-zoom dt-pswp-item\" title=\"12370785_10207095063448118_7598666626067495419_o\" data-dt-img-description=\"\" data-large_image_width=\"966\" data-large_image_height=\"965\"href='https:\/\/www.radiopiu.net\/wordpress\/wp-content\/uploads\/2021\/12\/12370785_10207095063448118_7598666626067495419_o.jpg'><img loading=\"lazy\" decoding=\"async\" width=\"150\" height=\"150\" src=\"https:\/\/www.radiopiu.net\/wordpress\/wp-content\/uploads\/2021\/12\/12370785_10207095063448118_7598666626067495419_o-150x150.jpg\" class=\"attachment-thumbnail size-thumbnail\" alt=\"\" srcset=\"https:\/\/www.radiopiu.net\/wordpress\/wp-content\/uploads\/2021\/12\/12370785_10207095063448118_7598666626067495419_o-150x150.jpg 150w, https:\/\/www.radiopiu.net\/wordpress\/wp-content\/uploads\/2021\/12\/12370785_10207095063448118_7598666626067495419_o-300x300.jpg 300w, https:\/\/www.radiopiu.net\/wordpress\/wp-content\/uploads\/2021\/12\/12370785_10207095063448118_7598666626067495419_o-768x767.jpg 768w, https:\/\/www.radiopiu.net\/wordpress\/wp-content\/uploads\/2021\/12\/12370785_10207095063448118_7598666626067495419_o.jpg 966w\" sizes=\"auto, (max-width: 150px) 100vw, 150px\" \/><\/a>\n\t\t\t\t<\/dt><\/dl><dl class='gallery-item'>\n\t\t\t\t<dt class='gallery-icon landscape'>\n\t\t\t\t\t<a class=\"rollover rollover-zoom dt-pswp-item\" title=\"4ccf77f1-0cd2-41c7-8da2-6b2734ba9bdd\" data-dt-img-description=\"\" data-large_image_width=\"1920\" data-large_image_height=\"1080\"href='https:\/\/www.radiopiu.net\/wordpress\/wp-content\/uploads\/2021\/12\/4ccf77f1-0cd2-41c7-8da2-6b2734ba9bdd.jpg'><img loading=\"lazy\" decoding=\"async\" width=\"150\" height=\"150\" src=\"https:\/\/www.radiopiu.net\/wordpress\/wp-content\/uploads\/2021\/12\/4ccf77f1-0cd2-41c7-8da2-6b2734ba9bdd-150x150.jpg\" class=\"attachment-thumbnail size-thumbnail\" alt=\"\" \/><\/a>\n\t\t\t\t<\/dt><\/dl><br style=\"clear: both\" \/>\n\t\t\t<\/div>\n\n<p>&nbsp;<\/p>\n<\/div>\n<\/div>\n<\/div>\n<\/div>\n<\/div>\n<\/div>\n<\/div>\n<\/div>\n<p>&nbsp;<\/p>\n<hr \/>\n<blockquote>\n<h2><\/h2>\n<h2>LA NOTTE DI PAURA A SAN TOMASO RIVISSUTA IN TRIBUNALE<\/h2>\n<\/blockquote>\n<p><strong>SAN TOMASO<\/strong>\u00a0 Il 21 gennaio del 2019, la piccola borgata di Piaia di San Tomaso Agordino fu sconvolta da un furioso incendio che distrusse quattro fienili e rese inagibili tre case. Per quell&#8217;evento \u00e8 a processo Dario Pianezze, proprietario del fienile dal quale sarebbero partite le fiamme, accusato di incendio colposo. Oggi il Corriere delle Alpi racconta quando successo ieri davanti al giudice\u00a0 Angela Feletto. Ieri infatti hanno testimoniato due dirigenti dei vigili del fuoco che hanno svolto le indagini e due persone della zona che erano presenti quella sera a Piaia. \u00c8 proprio sulla base dei loro racconti che \u00e8 stata ricostruita la dinamica dell&#8217;incendio, con il punto di innesco nel fienile di Pianezze. Scrive il Corriere delle Alpi:\u00a0 <em>&#8220;Quel pomeriggio l&#8217;imputato (difeso dall&#8217;avvocato Marco Crepaz) era andato al fienile e aveva acceso la stufa come faceva spesso. Poco prima delle 17 due amici che si trovavano in zona decidono di tornare a valle e passando davanti al fienile vedono uscire fumo e scintille dal tubo di scarico della stufa a legna che non scaricava i fumi con una vera e propria canna fumaria, ma con un tubo di ferro che usciva da muro a pochissima distanza dal solaio in legno del primo piano. Una sistemazione provvisoria e non in regola con le normative sulla sicurezza antincendio.\u00a0 Il processo \u00e8 stato aggiornato a luned\u00ec prossimo per ascoltare le altre testimonianze&#8221;.<\/em><\/p>\n<p>&nbsp;<\/p>\n<blockquote class=\"wp-embedded-content\" data-secret=\"b5ZiM6E3zO\"><p><a href=\"https:\/\/www.radiopiu.net\/wordpress\/piaia-al-sorgere-del-sole\/\">PIAIA AL SORGERE DEL SOLE<\/a><\/p><\/blockquote>\n<p><iframe loading=\"lazy\" class=\"wp-embedded-content\" sandbox=\"allow-scripts\" security=\"restricted\" style=\"position: absolute; clip: rect(1px, 1px, 1px, 1px);\" title=\"&#8220;PIAIA AL SORGERE DEL SOLE&#8221; &#8212; Radio Pi\u00f9\" src=\"https:\/\/www.radiopiu.net\/wordpress\/piaia-al-sorgere-del-sole\/embed\/#?secret=b5ZiM6E3zO\" data-secret=\"b5ZiM6E3zO\" width=\"600\" height=\"338\" frameborder=\"0\" marginwidth=\"0\" marginheight=\"0\" scrolling=\"no\"><\/iframe><\/p>\n<p>&nbsp;<\/p>\n<hr \/>\n<p>&nbsp;<\/p>\n<p>&nbsp;<\/p>\n<blockquote>\n<h3>A COGUL: UNA STRADA TRA DUE CASE CHE NON PERMETTE IL PASSAGGIO DEI MEZZI DI SOCCORSO<\/h3>\n<\/blockquote>\n<p><strong><img loading=\"lazy\" decoding=\"async\" class=\"alignleft\" src=\"https:\/\/www.radiopiu.net\/wordpress\/wp-content\/uploads\/2021\/12\/259881236_3109884059289848_4942031232442253529_n.jpg\" width=\"213\" height=\"142\" \/> <\/strong><\/p>\n<p><strong>\u00a0<\/strong><\/p>\n<p><strong>\u00a0<\/strong><\/p>\n<p><strong>VALLADA<\/strong><\/p>\n<p><strong>DI GIANNI SANTOMASO<\/strong><\/p>\n<p>da faebook foto di <span class=\"nc684nl6\"><a class=\"oajrlxb2 g5ia77u1 qu0x051f esr5mh6w e9989ue4 r7d6kgcz rq0escxv nhd2j8a9 nc684nl6 p7hjln8o kvgmc6g5 cxmmr5t8 oygrvhab hcukyx3x jb3vyjys rz4wbd8a qt6c0cv9 a8nywdso i1ao9s8h esuyzwwr f1sip0of lzcic4wl gpro0wi8 oo9gr5id lrazzd5p\" tabindex=\"0\" role=\"link\" href=\"https:\/\/www.facebook.com\/tatiana.piaia.3?__cft__[0]=AZXhjxZB0teBBH4TljYzUhbPWWrk-svgpXZI2c32sdyazgicNcO0NrqSQSDxKVtXQmDj33cVpMLm-XEeqoslxRHJTUXdXEMlYZY21QNE0gKMh_0Q0YixExDtcPfauDV8KMjzrN3EVBAPzZbZMg6kuQ220nUv8SnBXDpu1-VHKWgJP5jlok9QriXTpFZhGXCBlbk&amp;__tn__=-UC%2CP-R\"><strong>Taty Piaia\u00a0<\/strong><\/a><\/span><\/p>\n<p>&nbsp;<\/p>\n<audio class=\"wp-audio-shortcode\" id=\"audio-247941-1\" preload=\"none\" style=\"width: 100%;\" controls=\"controls\"><source type=\"audio\/mpeg\" src=\"https:\/\/www.radiopiu.net\/wordpress\/wp-content\/uploads\/2021\/12\/ianni-vallada.mp3?_=1\" \/><a href=\"https:\/\/www.radiopiu.net\/wordpress\/wp-content\/uploads\/2021\/12\/ianni-vallada.mp3\">https:\/\/www.radiopiu.net\/wordpress\/wp-content\/uploads\/2021\/12\/ianni-vallada.mp3<\/a><\/audio>\n<p>&nbsp;<\/p>\n<p>&nbsp;<\/p>\n<p>&nbsp;<\/p>\n<hr \/>\n<blockquote>\n<h3><\/h3>\n<h3>QUALITA&#8217; DELLA VITA, BELLUNO IN RISALITA NELLA GRADUATORIA DEL SOLE 24 ORE<\/h3>\n<\/blockquote>\n<p><strong><a href=\"https:\/\/www.radiopiu.net\/wordpress\/padrin-la-fase-2-ci-veda-uniti-nel-programmare-la-ripartenza-torneremo-alla-normalita\/padrin-63\/\" rel=\"attachment wp-att-134835\"><img loading=\"lazy\" decoding=\"async\" class=\" wp-image-134835 alignleft\" src=\"https:\/\/www.radiopiu.net\/wordpress\/wp-content\/uploads\/2020\/05\/PADRIN-200x300.jpg\" alt=\"\" width=\"150\" height=\"225\" srcset=\"https:\/\/www.radiopiu.net\/wordpress\/wp-content\/uploads\/2020\/05\/PADRIN-200x300.jpg 200w, https:\/\/www.radiopiu.net\/wordpress\/wp-content\/uploads\/2020\/05\/PADRIN-683x1024.jpg 683w, https:\/\/www.radiopiu.net\/wordpress\/wp-content\/uploads\/2020\/05\/PADRIN-768x1152.jpg 768w, https:\/\/www.radiopiu.net\/wordpress\/wp-content\/uploads\/2020\/05\/PADRIN.jpg 945w\" sizes=\"auto, (max-width: 150px) 100vw, 150px\" \/><\/a>BELLUNO <\/strong><span class=\"s1\">La provincia di Belluno risale nella classifica della qualit\u00e0 della vita stilata dal Sole 24 Ore. Dopo lo scivolamento verso il basso del 2020, il Bellunese guadagna 28 posizioni e si piazza al 18\u00b0 posto.\u00a0 <\/span><span class=\"s1\">\u00ab<em>\u00c8 la conferma che nel nostro territorio si vive bene, al di l\u00e0 di alcuni problemi annosi come lo spopolamento<\/em>\u00bb commenta il presidente della Provincia, Roberto Padrin. \u00ab<em>Ma non \u00e8 certo una graduatoria a doverci dire come stiamo o dove siamo. Le classifiche vanno bene, ma lasciano il tempo che trovano. <\/em><\/span><span class=\"s1\">Entrando nel dettaglio delle sottocategorie che formano la graduatoria finale, Belluno conferma il grado di benessere sociale ed economico, \u00e8 premiata dal lavoro e sconta i soliti problemi demografici. La novit\u00e0 \u00e8 data dal basso punteggio in Sicurezza e giustizia, a causa del conteggio di furti e denunce. \u00ab<em>Negli ultimi anni \u00e8 aumentata la percezione di insicurezza dovuta all\u2019aumento degli episodi di furti negli appartamenti, nonostante l\u2019ottimo lavoro di prevenzione delle forze dell\u2019ordine &#8211; commenta il presidente Padrin -. Questo non significa che il nostro territorio sia diventato pi\u00f9 insicuro, ma ci impone di tenere alta l\u2019attenzione, di concerto con Questura e carabinieri a cui va il mio ringraziamento perch\u00e9 se siamo sempre stati una provincia indicata come \u201cisola felice\u201d \u00e8 anche grazie al loro impegno.<\/em><\/span><\/p>\n<p>&nbsp;<\/p>\n<h3><span style=\"color: #ff0000;\"><span style=\"color: #0000ff;\">PER CONSULTARE IL RISULTATO DI BELLUNO SUL SITO DE IL SOLE 24 ORE<\/span> <a style=\"color: #ff0000;\" href=\"https:\/\/lab24.ilsole24ore.com\/qualita-della-vita\/belluno\">CLICCA QUI<\/a><\/span><\/h3>\n<p>&nbsp;<\/p>\n<p><strong>LA TABELLA RIASSUNTIVA DI FRANCO PIACENTINI (4 PAGINE)<\/strong><\/p>\n<a href=\"https:\/\/www.radiopiu.net\/wordpress\/wp-content\/uploads\/2021\/12\/Sole24Ore-Benessere-13.12.2021.pdf\" class=\"pdfemb-viewer\" style=\"\" data-width=\"max\" data-height=\"max\" data-toolbar=\"top\" data-toolbar-fixed=\"on\">Sole24Ore Benessere 13.12.2021<\/a>\n<p>&nbsp;<\/p>\n<p>&nbsp;<\/p>\n<p>&nbsp;<\/p>\n<hr \/>\n<p>&nbsp;<\/p>\n<blockquote>\n<h3>CLASSIFICA SOLE 24 ORE: PER LA LEGA RIMANGONO I PROBLEMI NOTI<\/h3>\n<\/blockquote>\n<p><strong><a href=\"https:\/\/www.radiopiu.net\/wordpress\/giornale-radiopiu-05-ottobre-2019-direttore-mirko-mezzacasa\/1435664134094_gidoni_franco-2\/\" rel=\"attachment wp-att-101299\"><img loading=\"lazy\" decoding=\"async\" class=\"wp-image-101299 alignleft\" src=\"https:\/\/www.radiopiu.net\/wordpress\/wp-content\/uploads\/2019\/10\/1435664134094_Gidoni_Franco-218x300.jpg\" alt=\"\" width=\"115\" height=\"158\" srcset=\"https:\/\/www.radiopiu.net\/wordpress\/wp-content\/uploads\/2019\/10\/1435664134094_Gidoni_Franco-218x300.jpg 218w, https:\/\/www.radiopiu.net\/wordpress\/wp-content\/uploads\/2019\/10\/1435664134094_Gidoni_Franco.jpg 254w\" sizes=\"auto, (max-width: 115px) 100vw, 115px\" \/><\/a>BELLUNO<\/strong> Belluno guadagna 28 posizioni nella classifica della Qualit\u00e0 della vita del Sole 24 Ore, ma \u201cFrodi \u2013 truffe informatiche\u201d, \u201cAmbiente e servizi\u201d e \u201cDemografia\u201d continuano ad essere punti dolenti del territorio. \u201cSono tutti aspetti dello stesso problema, arci noto, dello spopolamento \u2013 commenta il commissario provinciale della Lega Franco Gidoni -. La popolazione \u00e8 sempre pi\u00f9 anziana perch\u00e8 i giovani migrano e questo \u00e8 dovuto, anche, al depotenziamento dei servizi nelle terre alte. Non ci pu\u00f2 essere vera qualit\u00e0 della vita finch\u00e8 non riusciamo a trattenere qui i nostri giovani e a dare loro prospettive di crescita per il futuro\u201d<\/p>\n<p><strong>FRANCO GIDONI, LEGA NORD<\/strong><\/p>\n<audio class=\"wp-audio-shortcode\" id=\"audio-247941-2\" preload=\"none\" style=\"width: 100%;\" controls=\"controls\"><source type=\"audio\/mpeg\" src=\"https:\/\/www.radiopiu.net\/wordpress\/wp-content\/uploads\/2021\/12\/Gidoni-su-classifica-Sole-24-Ore.mp3?_=2\" \/><a href=\"https:\/\/www.radiopiu.net\/wordpress\/wp-content\/uploads\/2021\/12\/Gidoni-su-classifica-Sole-24-Ore.mp3\">https:\/\/www.radiopiu.net\/wordpress\/wp-content\/uploads\/2021\/12\/Gidoni-su-classifica-Sole-24-Ore.mp3<\/a><\/audio>\n<p>&nbsp;<\/p>\n<p>&nbsp;<\/p>\n<hr \/>\n<p>&nbsp;<\/p>\n<blockquote>\n<h3>D&#8217;INCA&#8217;: &#8220;CLASSIFICA DELLA QUALITA&#8217; DELLA VITA IN VENETO POSITIVA&#8221;<\/h3>\n<\/blockquote>\n<p><strong><a href=\"https:\/\/www.radiopiu.net\/wordpress\/giornale-radiopiu-13-febbraio-2021-direttore-mirko-mezzacasa\/dinca-5\/\" rel=\"attachment wp-att-190918\"><img loading=\"lazy\" decoding=\"async\" class=\" wp-image-190918 alignleft\" src=\"https:\/\/www.radiopiu.net\/wordpress\/wp-content\/uploads\/2021\/02\/dinca-300x300.jpg\" alt=\"\" width=\"227\" height=\"227\" srcset=\"https:\/\/www.radiopiu.net\/wordpress\/wp-content\/uploads\/2021\/02\/dinca-300x300.jpg 300w, https:\/\/www.radiopiu.net\/wordpress\/wp-content\/uploads\/2021\/02\/dinca-1024x1024.jpg 1024w, https:\/\/www.radiopiu.net\/wordpress\/wp-content\/uploads\/2021\/02\/dinca-150x150.jpg 150w, https:\/\/www.radiopiu.net\/wordpress\/wp-content\/uploads\/2021\/02\/dinca-768x767.jpg 768w, https:\/\/www.radiopiu.net\/wordpress\/wp-content\/uploads\/2021\/02\/dinca.jpg 1080w\" sizes=\"auto, (max-width: 227px) 100vw, 227px\" \/><\/a>ROMA<\/strong> \u201cLa classifica del Sole24 ore sulla qualit\u00e0 della vita che vede due province venete, Verona e Treviso, nelle prime dieci posizioni \u00e8 un motivo di orgoglio per il nostro territorio. In particolare, l\u2019indicatore che vede Treviso al primo posto nella qualit\u00e0 per la vita delle donne \u00e8 molto significativo e rappresenta un segnale positivo per il Veneto. Ritengo altrettanto positiva la risalita nella graduatoria da parte della provincia di Belluno che ha guadagnato ben 28 posizioni, a conferma che il bellunese ha degli ottimi standard di vita su cui bisogna continuare a investire, con interventi per il contrasto dello spopolamento e con un ulteriore miglioramento dei servizi a favore del cittadino. L\u2019intenzione del Governo \u00e8 quella di costruire, anche attraverso le risorse del Pnrr, una nuova politica di investimenti per i territori, rafforzando le comunit\u00e0 in tutti i settori strategici come quello ambientale, sanitario, infrastrutturale per restituire alle prossime generazioni un Veneto competitivo, accogliente e con un orizzonte sostenibile\u201d dichiara il Ministro Federico D&#8217;Inc\u00e0.<\/p>\n<p>&nbsp;<\/p>\n<p>&nbsp;<\/p>\n<hr \/>\n<p>&nbsp;<\/p>\n<p>&nbsp;<\/p>\n<blockquote>\n<h3>UNIFICARE LE SCUOLE DEL POI, IL PRIMO PASSO LA VERIFICA CON I GENITORI DEI BAMBINI<\/h3>\n<\/blockquote>\n<p><strong><img loading=\"lazy\" decoding=\"async\" class=\"alignleft\" src=\"https:\/\/www.radiopiu.net\/wordpress\/wp-content\/uploads\/2019\/03\/voltago-4.jpg\" width=\"199\" height=\"112\" \/>VOLTAGO<\/strong><\/p>\n<p><strong>DI GIANNI SANTOMASO\u00a0<\/strong><\/p>\n<audio class=\"wp-audio-shortcode\" id=\"audio-247941-3\" preload=\"none\" style=\"width: 100%;\" controls=\"controls\"><source type=\"audio\/mpeg\" src=\"https:\/\/www.radiopiu.net\/wordpress\/wp-content\/uploads\/2021\/12\/pnrr-a-voltago-gianni.mp3?_=3\" \/><a href=\"https:\/\/www.radiopiu.net\/wordpress\/wp-content\/uploads\/2021\/12\/pnrr-a-voltago-gianni.mp3\">https:\/\/www.radiopiu.net\/wordpress\/wp-content\/uploads\/2021\/12\/pnrr-a-voltago-gianni.mp3<\/a><\/audio>\n<p>&nbsp;<\/p>\n<hr \/>\n<p>&nbsp;<\/p>\n<blockquote>\n<h3>SOSTEGNO ECONOMICO ALLE IMPRESE, L&#8217;ACCORDO PER FAVORIRE L&#8217;ACCESSO AL CREDITO<\/h3>\n<\/blockquote>\n<p><strong><a href=\"https:\/\/www.radiopiu.net\/wordpress\/garanzie-statali-benefici-solo-a-banche-e-imprese-che-avevano-ottenuto-i-prestiti-prima-del-covid\/handshake-and-bribe\/\" rel=\"attachment wp-att-228818\"><img loading=\"lazy\" decoding=\"async\" class=\"wp-image-228818 alignleft\" src=\"https:\/\/www.radiopiu.net\/wordpress\/wp-content\/uploads\/2021\/08\/soldi-banche-300x212.jpg\" alt=\"\" width=\"168\" height=\"119\" srcset=\"https:\/\/www.radiopiu.net\/wordpress\/wp-content\/uploads\/2021\/08\/soldi-banche-300x212.jpg 300w, https:\/\/www.radiopiu.net\/wordpress\/wp-content\/uploads\/2021\/08\/soldi-banche-768x543.jpg 768w, https:\/\/www.radiopiu.net\/wordpress\/wp-content\/uploads\/2021\/08\/soldi-banche.jpg 800w\" sizes=\"auto, (max-width: 168px) 100vw, 168px\" \/><\/a>CHIES D&#8217;ALPAGO<\/strong><\/p>\n<p><strong>DI DAMIANO TORMEN\u00a0<\/strong><\/p>\n<audio class=\"wp-audio-shortcode\" id=\"audio-247941-4\" preload=\"none\" style=\"width: 100%;\" controls=\"controls\"><source type=\"audio\/mpeg\" src=\"https:\/\/www.radiopiu.net\/wordpress\/wp-content\/uploads\/2021\/12\/DAMIANO-1.mp3?_=4\" \/><a href=\"https:\/\/www.radiopiu.net\/wordpress\/wp-content\/uploads\/2021\/12\/DAMIANO-1.mp3\">https:\/\/www.radiopiu.net\/wordpress\/wp-content\/uploads\/2021\/12\/DAMIANO-1.mp3<\/a><\/audio>\n<p>&nbsp;<\/p>\n<p>&nbsp;<\/p>\n<hr \/>\n<blockquote>\n<h3><\/h3>\n<h3>LUXOTTICA PREMIA 25 E 40 ANNI DI FEDELTA&#8217;<\/h3>\n<\/blockquote>\n<p><strong>LUXOTTICA<\/strong> Emozioni, complimenti, ricordi, anedoti. Non c&#8217;\u00e8 un sentimento che non venga toccato a fine anno quando si scopre che sono trascorsi 25, se non addirittura 40 anni. L&#8217;Azienda non dimentica, incontra festeggia e omaggia coloro che hanno contribuito al sucesso di Luxottica. Oltre 200 premiati, 189 per i 25 anni al servizio di Luxottica, 14 per i 40 anni. I NUMERI Luxottica Agordo per i 25 anni 63 dipendenti (26 donne 37 uomini), Sedico 47 (32-15), Rovereto 45 (34-11) Cencenighe 6 (5-1), Pederobba 2 (2-0), Milano 2 (0-2), Baberini 15 (8-7) Salmoiraghi-Vigan\u00f2 9 (7-2). Per i 40 anni in Luxottica Agordo 5 dipendenti (1 donna, 4 uomini), Cencenighe 2 (1-1), Lauriano 5 (3-2), Salmoiraghi-Vigan\u00f2 2 (2-0).<\/p>\n<blockquote><p><strong>NELLA FOTO \u00a0i premiati per i 40 anni di Agordo e Cencenighe. La cerimonia si \u00e8 svolta in Direzione ad Agordo alla presenza dei direttori Federico Buffa, Francesco Sist, Davide Schinetti e Alessandro Muffato.\u00a0<\/strong><\/p><\/blockquote>\n<p><a href=\"https:\/\/www.radiopiu.net\/wordpress\/luxottica-premia-25-e-40-anni-di-fedelta\/7d7c712d-2341-4836-a9db-46532dad41b8-2\/\" rel=\"attachment wp-att-248190\"><img loading=\"lazy\" decoding=\"async\" class=\"wp-image-248190 aligncenter\" src=\"https:\/\/www.radiopiu.net\/wordpress\/wp-content\/uploads\/2021\/12\/7d7c712d-2341-4836-a9db-46532dad41b8-1.jpg\" alt=\"\" width=\"783\" height=\"587\" srcset=\"https:\/\/www.radiopiu.net\/wordpress\/wp-content\/uploads\/2021\/12\/7d7c712d-2341-4836-a9db-46532dad41b8-1.jpg 2048w, https:\/\/www.radiopiu.net\/wordpress\/wp-content\/uploads\/2021\/12\/7d7c712d-2341-4836-a9db-46532dad41b8-1-300x225.jpg 300w, https:\/\/www.radiopiu.net\/wordpress\/wp-content\/uploads\/2021\/12\/7d7c712d-2341-4836-a9db-46532dad41b8-1-1024x768.jpg 1024w, https:\/\/www.radiopiu.net\/wordpress\/wp-content\/uploads\/2021\/12\/7d7c712d-2341-4836-a9db-46532dad41b8-1-768x576.jpg 768w, https:\/\/www.radiopiu.net\/wordpress\/wp-content\/uploads\/2021\/12\/7d7c712d-2341-4836-a9db-46532dad41b8-1-1536x1152.jpg 1536w\" sizes=\"auto, (max-width: 783px) 100vw, 783px\" \/><\/a><\/p>\n<p>&nbsp;<\/p>\n<p>&nbsp;<\/p>\n<hr \/>\n<p>&nbsp;<\/p>\n<blockquote>\n<h3>ZONA GIALLA: APPESI A UN FILO, DA VENERDI E&#8217; ORMAI QUASI CERTO IL CAMBIAMENTO DI COLORAZIONE CHE SCATTA LUNEDI<\/h3>\n<\/blockquote>\n<blockquote>\n<h3>LEGGI LA CONFERENZA STAMPA DI LUCA ZAIA<\/h3>\n<p><strong>incidenza di 450 positivi a settimana su 100mila abitanti.\u00a0 Il bollettino di venerd\u00ec ci pu\u00f2 riservare la classificazione da luned\u00ec prossimo di zona gialla. Minacce ai politici? L&#8217;atteggiamento della Magistratura \u00a0avalla\u00a0 certi comportamento, perch\u00e9 non ci sono conseguenze. Reintegrazione al lavoro dei sanitari non vaccinati: mi pare di capire che comunque non sia una soluzione praticabile, proprio perch\u00e9 dipende da una norma nazionale.<\/strong><\/p><\/blockquote>\n<p><strong>GIALLO DA LUNEDI<\/strong> Abbiamo pi\u00f9 ingressi che uscite in ospedale, \u00e8 la fase acuta e non abbiamo sentore che possa andare in meglio. Incdidenza 449 a settimana su 100 mila abitanti (zona gialla), tasso terapie intensive 12,8 % (zona gialla), area non critica 13,7% (zona bianca), ma siamo agli sgoccioli. Il passaggio alla zona gialla obbligher\u00e0 all&#8217;uso della mascherina all&#8217;aperto.\u00a0 La nostra regione sarebbe ad alto rischio in zona gialla nel periodo di Natale. I contagi sono molto alti. Sotto stretta osservazione la situazione negli ospedali veneti: il tasso di occupazione ospedaliera resta stabile oltre la soglia del 10% in Friuli (al 15%) e Veneto (13%). <strong>L&#8217;ARANCIONE?<\/strong> Se continueranno a crescere i contagi \u00e8 inevitabile con conseguenze per chi non ha il green pass che non potr\u00e0 entrare negli ambienti e tutte le altre conseguenze della colorazione arancione. Non abbiamo per oggi proiezioni di zona rossa. <strong>VACCINAZIONI<\/strong> 86,6% di veneti vaccinati,\u00a0 34mila le vaccinazioni fatte nelle ultime 24 ore, delle quali 1721 sono prime dosi, 31mila terze dosi. Il vaccino non risolve tutti i mali,\u00a0 ma il suo effetto si vede nelle terapie intensive e negli ospedali. <strong>VACCINAZIONI AI BAMBINI<\/strong> Sono circa 300mila i bimbi interessati, ci si pu\u00f2 prenotare dalle 14 di oggi:\u00a0 la prenotazione si pu\u00f2 fare solo al compimento del quinto anno di et\u00e0 del bambino. Noi abbiamo scelto di creare un percorso protetto per i bambini dai 5 agli 11 anni, decidere di vaccinare il proprio figlio spetta ai genitori che possono consultare il pediatra del bambino o il medico di fiducia.\u00a0 I genitori possono scegliere\u00a0 di far vaccianre i bambini dai pediatri\u00a0 nel proprio ambulatorio, oppure negli hub vaccinali saranno dedicate le linee per i bambini con sedute con i pediatri nella zona\u00a0 con prenotazione sul portale. <strong>RESTRIZIONI DEI SINDACI<\/strong> Sono d&#8217;accordo con i sindaci, pensate ai Pan e vin, che io amo, capisco che l&#8217;assembramento, anche in casi come questo, aumenti il contagio. Per questo anche negli assembramenti all&#8217;aperto \u00e8 doveroso portare la mascherina. <strong>CURE DOMICILIARI\u00a0<\/strong> \u00a09,5 pazienti su 10 vengono curati a casa ma quei 5 pazienti su 100 che hanno bisogno di cure devono trovare un posto libero nei nostri ospedali. Esiste tutto un piano depositato e redatto dai tecnici per gestire questa emergenza, e prevede che le cure strategiche siano comunque da garantire senza se e senza ma, anche negli ospedali Covid. <strong>MINACCE E POLITICI AD AMMINISTRATORI<\/strong> Ultimo episodio ai danni di Mario Draghi. Credo di aver avuto il trattamento peggiore, hanno fatto anche un video, non si sono limitati a scrivere il mio indirizzo di casa. Nel mio caso il magistrato a Venezia ha deciso che non \u00e8 un reato, non so se siamo tutti nello stesso Paese e i magistrati decideranno tutti che non \u00e8 un reato, oppure che il presidente del Consiglio ha uno status politico superiore a quello di un presidente di Regione, e allora si muoveranno. La magistratura dovrebbe valutare seriamente queste vicende. <strong>SANITARI NO VAX DA REINTEGRARE AL LAVORO<\/strong> Sarebbe un cattivo messaggio o una mossa emergenziale?\u00a0 Da una parte il personale in pi\u00f9 servirebbe, dall&#8217;altra si respira un&#8217;aria di spaccatura fra medici vaccinati e non vaccinati. Potremmo tamponare h24 ma a monte c&#8217;\u00e8 una norma nazionale, non si tratta di una decisione regionale. <strong>ULSS DOLOMITI CON LA CHIAMATA ATTIVA DEI PEDIATRI<\/strong> Abbiamo lasciato libert\u00e0 alle Ulss in base ai pediatri disponibili.<\/p>\n<div class=\"inread_adv\">\n<div id=\"outbrain_widget_0\" class=\"OUTBRAIN\" data-src=\"https%3A%2F%2Fwww.ilgazzettino.it%2Fnordest%2Fvenezia%2Fzaia_diretta_oggi_cosa_ha_detto_veneto_giallo_natale_cosa_succede_nuove_regole-6381031.html\" data-widget-id=\"AR_10\" data-ob-mark=\"true\" data-browser=\"chrome\" data-os=\"win32\" data-dynload=\"\" data-idx=\"0\">\n<div class=\"ob-widget ob-grid-layout AR_10 ob-cmn-AR_10\" data-dynamic-truncate=\"true\">\n<div class=\"ob-widget-items-container\">\n<div class=\"ob-dynamic-rec-container ob-recIdx-0 ob-p\" data-pos=\"0\"><\/div>\n<\/div>\n<\/div>\n<\/div>\n<\/div>\n<p><a href=\"https:\/\/www.facebook.com\/zaiaufficiale\/videos\/203208015351325\">https:\/\/www.facebook.com\/zaiaufficiale\/videos\/203208015351325<\/a><\/p>\n<p>&nbsp;<\/p>\n<p>&nbsp;<\/p>\n<hr \/>\n<p>&nbsp;<\/p>\n<blockquote class=\"wp-embedded-content\" data-secret=\"HVhR5FKMtw\"><p><a href=\"https:\/\/www.radiopiu.net\/wordpress\/aggiornamentonazdic13\/\">CORONAVIRUS: AGGIORNAMENTO NAZIONALE 13 DICEMBRE  2021<\/a><\/p><\/blockquote>\n<p><iframe loading=\"lazy\" class=\"wp-embedded-content\" sandbox=\"allow-scripts\" security=\"restricted\" style=\"position: absolute; clip: rect(1px, 1px, 1px, 1px);\" title=\"&#8220;CORONAVIRUS: AGGIORNAMENTO NAZIONALE 13 DICEMBRE  2021&#8221; &#8212; Radio Pi\u00f9\" src=\"https:\/\/www.radiopiu.net\/wordpress\/aggiornamentonazdic13\/embed\/#?secret=HVhR5FKMtw\" data-secret=\"HVhR5FKMtw\" width=\"600\" height=\"338\" frameborder=\"0\" marginwidth=\"0\" marginheight=\"0\" scrolling=\"no\"><\/iframe><\/p>\n<p>&nbsp;<\/p>\n<blockquote class=\"wp-embedded-content\" data-secret=\"T0HGG7rfVQ\"><p><a href=\"https:\/\/www.radiopiu.net\/wordpress\/agg121221\/\">INCIDENZA OLTRE IL 5%, NELLE 24 ORE OLTRE 2000 NUOVI CASI E 5 DECESSI<\/a><\/p><\/blockquote>\n<p><iframe loading=\"lazy\" class=\"wp-embedded-content\" sandbox=\"allow-scripts\" security=\"restricted\" style=\"position: absolute; clip: rect(1px, 1px, 1px, 1px);\" title=\"&#8220;INCIDENZA OLTRE IL 5%, NELLE 24 ORE OLTRE 2000 NUOVI CASI E 5 DECESSI&#8221; &#8212; Radio Pi\u00f9\" src=\"https:\/\/www.radiopiu.net\/wordpress\/agg121221\/embed\/#?secret=T0HGG7rfVQ\" data-secret=\"T0HGG7rfVQ\" width=\"600\" height=\"338\" frameborder=\"0\" marginwidth=\"0\" marginheight=\"0\" scrolling=\"no\"><\/iframe><\/p>\n<p>&nbsp;<\/p>\n<h2>I GRAFICI DI TIZIANO DE COL<\/h2>\n\n\t\t\t<style type='text\/css'>\n\t\t\t\t#gallery-3 {\n\t\t\t\t\tmargin: auto;\n\t\t\t\t}\n\t\t\t\t#gallery-3 .gallery-item {\n\t\t\t\t\tfloat: left;\n\t\t\t\t\tmargin-top: 10px;\n\t\t\t\t\ttext-align: center;\n\t\t\t\t\twidth: 33%;\n\t\t\t\t}\n\t\t\t\t#gallery-3 img {\n\t\t\t\t\tborder: 2px solid #cfcfcf;\n\t\t\t\t}\n\t\t\t\t#gallery-3 .gallery-caption {\n\t\t\t\t\tmargin-left: 0;\n\t\t\t\t}\n\t\t\t\t\/* see gallery_shortcode() in wp-includes\/media.php *\/\n\t\t\t<\/style>\n\t\t<div id='gallery-3' class='dt-gallery-container gallery galleryid-247941 gallery-columns-3 gallery-size-medium'><dl class='gallery-item'>\n\t\t\t\t<dt class='gallery-icon landscape'>\n\t\t\t\t\t<a class=\"rollover rollover-zoom dt-pswp-item\" title=\"2e1de18d-15f2-4b0b-a860-bd82c9dab655\" data-dt-img-description=\"\" data-large_image_width=\"604\" data-large_image_height=\"352\"href='https:\/\/www.radiopiu.net\/wordpress\/wp-content\/uploads\/2021\/12\/2e1de18d-15f2-4b0b-a860-bd82c9dab655.jpg'><img loading=\"lazy\" decoding=\"async\" width=\"300\" height=\"175\" src=\"https:\/\/www.radiopiu.net\/wordpress\/wp-content\/uploads\/2021\/12\/2e1de18d-15f2-4b0b-a860-bd82c9dab655-300x175.jpg\" class=\"attachment-medium size-medium\" alt=\"\" srcset=\"https:\/\/www.radiopiu.net\/wordpress\/wp-content\/uploads\/2021\/12\/2e1de18d-15f2-4b0b-a860-bd82c9dab655-300x175.jpg 300w, https:\/\/www.radiopiu.net\/wordpress\/wp-content\/uploads\/2021\/12\/2e1de18d-15f2-4b0b-a860-bd82c9dab655.jpg 604w\" sizes=\"auto, (max-width: 300px) 100vw, 300px\" \/><\/a>\n\t\t\t\t<\/dt><\/dl><dl class='gallery-item'>\n\t\t\t\t<dt class='gallery-icon landscape'>\n\t\t\t\t\t<a class=\"rollover rollover-zoom dt-pswp-item\" title=\"7f815ff2-c6c6-4a97-82bd-cc8ae1ff5603\" data-dt-img-description=\"\" data-large_image_width=\"599\" data-large_image_height=\"358\"href='https:\/\/www.radiopiu.net\/wordpress\/wp-content\/uploads\/2021\/12\/7f815ff2-c6c6-4a97-82bd-cc8ae1ff5603.jpg'><img loading=\"lazy\" decoding=\"async\" width=\"300\" height=\"179\" src=\"https:\/\/www.radiopiu.net\/wordpress\/wp-content\/uploads\/2021\/12\/7f815ff2-c6c6-4a97-82bd-cc8ae1ff5603-300x179.jpg\" class=\"attachment-medium size-medium\" alt=\"\" srcset=\"https:\/\/www.radiopiu.net\/wordpress\/wp-content\/uploads\/2021\/12\/7f815ff2-c6c6-4a97-82bd-cc8ae1ff5603-300x179.jpg 300w, https:\/\/www.radiopiu.net\/wordpress\/wp-content\/uploads\/2021\/12\/7f815ff2-c6c6-4a97-82bd-cc8ae1ff5603.jpg 599w\" sizes=\"auto, (max-width: 300px) 100vw, 300px\" \/><\/a>\n\t\t\t\t<\/dt><\/dl><dl class='gallery-item'>\n\t\t\t\t<dt class='gallery-icon landscape'>\n\t\t\t\t\t<a class=\"rollover rollover-zoom dt-pswp-item\" title=\"c69fee23-a93c-4140-981f-92583f00ffc5\" data-dt-img-description=\"\" data-large_image_width=\"612\" data-large_image_height=\"350\"href='https:\/\/www.radiopiu.net\/wordpress\/wp-content\/uploads\/2021\/12\/c69fee23-a93c-4140-981f-92583f00ffc5.jpg'><img loading=\"lazy\" decoding=\"async\" width=\"300\" height=\"172\" src=\"https:\/\/www.radiopiu.net\/wordpress\/wp-content\/uploads\/2021\/12\/c69fee23-a93c-4140-981f-92583f00ffc5-300x172.jpg\" class=\"attachment-medium size-medium\" alt=\"\" srcset=\"https:\/\/www.radiopiu.net\/wordpress\/wp-content\/uploads\/2021\/12\/c69fee23-a93c-4140-981f-92583f00ffc5-300x172.jpg 300w, https:\/\/www.radiopiu.net\/wordpress\/wp-content\/uploads\/2021\/12\/c69fee23-a93c-4140-981f-92583f00ffc5.jpg 612w\" sizes=\"auto, (max-width: 300px) 100vw, 300px\" \/><\/a>\n\t\t\t\t<\/dt><\/dl><br style=\"clear: both\" \/><dl class='gallery-item'>\n\t\t\t\t<dt class='gallery-icon landscape'>\n\t\t\t\t\t<a class=\"rollover rollover-zoom dt-pswp-item\" title=\"5ccde7b6-6291-498b-95db-957dd417d797\" data-dt-img-description=\"\" data-large_image_width=\"604\" data-large_image_height=\"358\"href='https:\/\/www.radiopiu.net\/wordpress\/wp-content\/uploads\/2021\/12\/5ccde7b6-6291-498b-95db-957dd417d797.jpg'><img loading=\"lazy\" decoding=\"async\" width=\"300\" height=\"178\" src=\"https:\/\/www.radiopiu.net\/wordpress\/wp-content\/uploads\/2021\/12\/5ccde7b6-6291-498b-95db-957dd417d797-300x178.jpg\" class=\"attachment-medium size-medium\" alt=\"\" srcset=\"https:\/\/www.radiopiu.net\/wordpress\/wp-content\/uploads\/2021\/12\/5ccde7b6-6291-498b-95db-957dd417d797-300x178.jpg 300w, https:\/\/www.radiopiu.net\/wordpress\/wp-content\/uploads\/2021\/12\/5ccde7b6-6291-498b-95db-957dd417d797.jpg 604w\" sizes=\"auto, (max-width: 300px) 100vw, 300px\" \/><\/a>\n\t\t\t\t<\/dt><\/dl><dl class='gallery-item'>\n\t\t\t\t<dt class='gallery-icon landscape'>\n\t\t\t\t\t<a class=\"rollover rollover-zoom dt-pswp-item\" title=\"c007c54c-70f7-400d-a643-8cb471950e3c\" data-dt-img-description=\"\" data-large_image_width=\"600\" data-large_image_height=\"358\"href='https:\/\/www.radiopiu.net\/wordpress\/wp-content\/uploads\/2021\/12\/c007c54c-70f7-400d-a643-8cb471950e3c.jpg'><img loading=\"lazy\" decoding=\"async\" width=\"300\" height=\"179\" src=\"https:\/\/www.radiopiu.net\/wordpress\/wp-content\/uploads\/2021\/12\/c007c54c-70f7-400d-a643-8cb471950e3c-300x179.jpg\" class=\"attachment-medium size-medium\" alt=\"\" srcset=\"https:\/\/www.radiopiu.net\/wordpress\/wp-content\/uploads\/2021\/12\/c007c54c-70f7-400d-a643-8cb471950e3c-300x179.jpg 300w, https:\/\/www.radiopiu.net\/wordpress\/wp-content\/uploads\/2021\/12\/c007c54c-70f7-400d-a643-8cb471950e3c.jpg 600w\" sizes=\"auto, (max-width: 300px) 100vw, 300px\" \/><\/a>\n\t\t\t\t<\/dt><\/dl>\n\t\t\t\t<br style='clear: both' \/>\n\t\t\t<\/div>\n\n<p>&nbsp;<\/p>\n<hr \/>\n<p>&nbsp;<\/p>\n<blockquote>\n<h3>ULSS 1 DOLOMITI: LE MODALITA&#8217; DI VACCINAZIONE ANTI COVID PER I BAMBINI DAI 5 AGLI 11 ANNI<\/h3>\n<\/blockquote>\n<p><strong><a href=\"https:\/\/www.radiopiu.net\/wordpress\/vaccinazioni-a-ponte-nelle-alpi-il-6-e-7-aprile-convocate-600-persone-tra-70-e-79-anni\/vaccino_anti_covid\/\" rel=\"attachment wp-att-200891\"><img loading=\"lazy\" decoding=\"async\" class=\"size-medium wp-image-200891 alignleft\" src=\"https:\/\/www.radiopiu.net\/wordpress\/wp-content\/uploads\/2021\/04\/Vaccino_anti_Covid-300x167.jpg\" alt=\"\" width=\"300\" height=\"167\" srcset=\"https:\/\/www.radiopiu.net\/wordpress\/wp-content\/uploads\/2021\/04\/Vaccino_anti_Covid-300x167.jpg 300w, https:\/\/www.radiopiu.net\/wordpress\/wp-content\/uploads\/2021\/04\/Vaccino_anti_Covid-768x428.jpg 768w, https:\/\/www.radiopiu.net\/wordpress\/wp-content\/uploads\/2021\/04\/Vaccino_anti_Covid.jpg 943w\" sizes=\"auto, (max-width: 300px) 100vw, 300px\" \/><\/a>BELLUNO <\/strong>I pediatri di libera scelta dell\u2019Ulss Dolomiti hanno comunicato la modalit\u00e0 con la quale ciascuno di essi offrir\u00e0 la vaccinazione anti covid ai propri assistiti di 5-11 anni. I seguenti pediatri inviteranno i bambini nei propri ambulatori mediante chiamata diretta alle famiglie: Cristina Bonello, Stefano Camurri, Gianpaolo Risdonne, Rita Signorini, Lucia Tessarotto, Emanuele Cherubin, Simonetta Cortivo, Benedetta Mongillo, Francesco Spacagna, \u00a0Filippina Trovato, \u00a0M.Giustina Simonetti. I seguenti pediatri parteciperanno invece a sedute vaccinali dedicate, per ora fissate presso il Centro Vaccinale di Sedico: M. Cristina Comel , Paola Bonato, Marco Filippone, Erika Giacomelli, Flavia Grando, Carla Poggiato, Elena Rasori, Antonella Sebastianelli I genitori dei bambini assistiti da questi pediatri potranno prenotare la vaccinazione accedendo al sito <a href=\"http:\/\/www.aulss1.veneto.it\">www.aulss1.veneto.it<\/a><\/p>\n<p>&nbsp;<\/p>\n<p>&nbsp;<\/p>\n<hr \/>\n<p>&nbsp;<\/p>\n<blockquote>\n<h3>A FALCADE MA SOLO CON LA MASCHERINA BEN PIAZZATA TRA BOCCA E NASO<\/h3>\n<\/blockquote>\n<p><strong><img loading=\"lazy\" decoding=\"async\" class=\"alignleft\" src=\"https:\/\/www.radiopiu.net\/wordpress\/wp-content\/uploads\/2020\/04\/mascherine-taibon-scaled.jpg\" width=\"217\" height=\"163\" \/>FALCADE<\/strong> Gli ultimi dati hanno messo in evidenza una situazione critica a Falcade, in Valle del Biois, che vanta il triste record dell&#8217;aumento di contagi nell&#8217;Agordino. Il sindaco Michele Costa senza esitazione ha firmato l&#8217;ordinanza: obbligo di utilizzo dei dispositivi di protezione delle vie respiratorie, tradotto &#8220;mascherine&#8221; in centro al paese cos\u00ec come a Caviola dove sono previste le manifestazioni di Natale e soprattutto prevedibili assembramenti.<\/p>\n<blockquote><p><em>&#8220;Le risultanze fornite dalla Regione e da Azienda Zero &#8211; dice il sindaco Michele Costa &#8211; fanno emergere la recrudescenza dei casi di positivit\u00e0. Considerato che da mercoledi 8 dicembre a domenica 9 gennaio il centro del capoluogo e il centro della frazione di Caviola saranno interessati da momenti di grande aggregazione sar\u00e0 fatto sempre obbligo di indossare le mascherine che coprano dal mento a sopra il naso. L&#8217;obbligo non si applica ai bimbi di et\u00e0 inferiore ai 6 anni\u00a0 o per chi ha motivi di salute non compatibili con l&#8217;uso di protezioni&#8221;.<\/em><\/p><\/blockquote>\n<p>&nbsp;<\/p>\n<p>&nbsp;<\/p>\n<hr \/>\n<p>&nbsp;<\/p>\n<blockquote>\n<h2>UNA NUOVA TERRAZZA BAR AL &#8220;GORZA&#8221;, GIOVEDI CALICI AL CIELO<\/h2>\n<\/blockquote>\n<p><strong>LIVINALLONGO <\/strong>Al piano superiore del rifugio Gorza, in cima a Porta Vescovo gioved\u00ec inaugurazione della Bottega terrazza Bar,\u00a0 luogo di ritrovo per gli amanti della montagna e dell&#8217;enogastronomia. La Terrazza Bar, di 150 mq e con uno spazio anche al chiuso in caso di avversit\u00e0 atmosferiche, ospiter\u00e0 gli sciatori che vorranno bere del buon vino e mangiare uno stuzzichino o delle specialit\u00e0 gastronomiche venete. Sar\u00e0 la quarta Bottega Terrazza Bar dopo quelle aperte all&#8217;ippodromo di Bath, in Gran Bretagna, al 39\u00b0 piano dell&#8217;hotel Bokan di Londra e al Savoia di Cortina.<\/p>\n<div class=\"articlePlainText\">\n<p><span style=\"color: #ff0000;\"><strong>L&#8217;INTERVISTA DI RADIO PIU\u00a0<\/strong><\/span><\/p>\n<\/div>\n<blockquote>\n<h3>IL BUONGIORNO INNEVATO DA ARABBA, CON IL PRESIDENTE DE BATTISTA<\/h3>\n<\/blockquote>\n<h2><span style=\"color: #ff0000;\"><strong><img loading=\"lazy\" decoding=\"async\" class=\"alignleft\" src=\"https:\/\/www.radiopiu.net\/wordpress\/wp-content\/uploads\/2019\/12\/download-16.jpg\" width=\"129\" height=\"172\" \/><\/strong><\/span><\/h2>\n<p><strong>OSPITE DIEGO DE BATTISTA PRESIDENTE CONSORZIO ARABBA-MARMOLADA\u00a0<\/strong><\/p>\n<p>&nbsp;<\/p>\n<p><strong>AUDIO<\/strong><\/p>\n<audio class=\"wp-audio-shortcode\" id=\"audio-247941-5\" preload=\"none\" style=\"width: 100%;\" controls=\"controls\"><source type=\"audio\/mpeg\" src=\"https:\/\/www.radiopiu.net\/wordpress\/wp-content\/uploads\/2021\/11\/diego-de-battista-30-novembre.mp3?_=5\" \/><a href=\"https:\/\/www.radiopiu.net\/wordpress\/wp-content\/uploads\/2021\/11\/diego-de-battista-30-novembre.mp3\">https:\/\/www.radiopiu.net\/wordpress\/wp-content\/uploads\/2021\/11\/diego-de-battista-30-novembre.mp3<\/a><\/audio>\n<p>&nbsp;<\/p>\n<p>&nbsp;<\/p>\n<hr \/>\n<p>&nbsp;<\/p>\n<blockquote>\n<h3>INCONTRI PER RAGAZZI ADOTTIVI NEOMAGGIORENNI<\/h3>\n<\/blockquote>\n<p><strong><a href=\"https:\/\/www.radiopiu.net\/wordpress\/monoclonali-pronti-per-la-somministrazione-in-ulss-1-dolomiti\/ulss-1-2\/\" rel=\"attachment wp-att-198838\"><img loading=\"lazy\" decoding=\"async\" class=\"size-medium wp-image-198838 alignleft\" src=\"https:\/\/www.radiopiu.net\/wordpress\/wp-content\/uploads\/2021\/03\/ULSS-1-300x158.jpg\" alt=\"\" width=\"300\" height=\"158\" srcset=\"https:\/\/www.radiopiu.net\/wordpress\/wp-content\/uploads\/2021\/03\/ULSS-1-300x158.jpg 300w, https:\/\/www.radiopiu.net\/wordpress\/wp-content\/uploads\/2021\/03\/ULSS-1-768x404.jpg 768w, https:\/\/www.radiopiu.net\/wordpress\/wp-content\/uploads\/2021\/03\/ULSS-1.jpg 776w\" sizes=\"auto, (max-width: 300px) 100vw, 300px\" \/><\/a>BELLUNO <\/strong>L\u2019Ulss Dolomiti e l\u2019Ente Cifa propongono un ciclo di tre incontri per ragazzi adottivi neomaggiorenni. Diventare maggiorenni \u00e8 una tappa importante, spesso molto sospirata dai ragazzi, che comporta il \u201cfare i conti con i cambiamenti\u201d che caratterizzano quest\u2019et\u00e0. Pu\u00f2 anche accadere che le scelte che si devono fare dopo i diciotto anni, portino nuovi dubbi, preoccupazioni e importanti riflessioni. L\u2019equipe adozioni e l\u2019Ente CIFA hanno individuato tre aree di maggior interesse. La prima \u00e8 legata alla scelta come processo e alle emozioni che si provano di fronte alla decisione da prendere; la seconda \u00e8 legata al significato della responsabilit\u00e0 individuale e alla consapevolezza emotiva; il terzo esplora il valore del rispetto (di S\u00e8 e dell\u2019altro) nelle relazioni interpersonali affettive. Ogni incontro durer\u00e0 due ore, verranno presentati dei temi e seguir\u00e0 un confronto con chi lo desiderasse. E\u2019 possibile partecipare anche ad uno o due appuntamenti. Gli incontri saranno tenuti dalla psicologa dott.ssa Paola De Piccoli. Gli incontri si terranno il 15 dicembre, il 19 gennaio e il 22 febbraio nella sala Cucchini all\u2019interno dell\u2019ospedale di Belluno. Per informazioni fare riferimento alla mail <a href=\"mailto:consultoriofamiliare.bl@aulss1.veneto.it\">consultoriofamiliare.bl@aulss1.veneto.it<\/a> o telefonare al numero 0437.514975 e chiedere di Silvia Adami.<\/p>\n<p>&nbsp;<\/p>\n<p>&nbsp;<\/p>\n<hr \/>\n<p>&nbsp;<\/p>\n<blockquote>\n<h3><img loading=\"lazy\" decoding=\"async\" class=\"alignleft\" src=\"https:\/\/www.radiopiu.net\/wordpress\/wp-content\/uploads\/2021\/12\/12957561_10209362769055334_1462061547177965658_o.jpg\" width=\"173\" height=\"98\" \/>NEI CIELI DI AGORDO&#8230; IL PASSAGGIO DELLE FRECCE TRICOLORI<\/h3>\n<\/blockquote>\n<p><strong>AGORDO<\/strong>\u00a0 Sempre una grande emozione quando sorvolano l&#8217;Agordino e il ricordo sempre vivo di quel 1988 con le &#8220;Frecce&#8221;\u00a0 sul Broi a ritirare il premio L&#8217;AGORDINO D&#8217;ORO I DISCRETI e poi la lunga giornata in Valle di San Lucano. Foto di questa mattina da Valcozzena di Andrea Zanin<\/p>\n<p>PAGINA FACEBOKK FANS GROUP <span style=\"color: #0000ff;\"><strong><a style=\"color: #0000ff;\" href=\"https:\/\/www.facebook.com\/groups\/freccetricolori\">CLICCA QUI<\/a><\/strong><\/span><\/p>\n\n\t\t\t<style type='text\/css'>\n\t\t\t\t#gallery-4 {\n\t\t\t\t\tmargin: auto;\n\t\t\t\t}\n\t\t\t\t#gallery-4 .gallery-item {\n\t\t\t\t\tfloat: left;\n\t\t\t\t\tmargin-top: 10px;\n\t\t\t\t\ttext-align: center;\n\t\t\t\t\twidth: 50%;\n\t\t\t\t}\n\t\t\t\t#gallery-4 img {\n\t\t\t\t\tborder: 2px solid #cfcfcf;\n\t\t\t\t}\n\t\t\t\t#gallery-4 .gallery-caption {\n\t\t\t\t\tmargin-left: 0;\n\t\t\t\t}\n\t\t\t\t\/* see gallery_shortcode() in wp-includes\/media.php *\/\n\t\t\t<\/style>\n\t\t<div id='gallery-4' class='dt-gallery-container gallery galleryid-247941 gallery-columns-2 gallery-size-large'><dl class='gallery-item'>\n\t\t\t\t<dt class='gallery-icon landscape'>\n\t\t\t\t\t<a class=\"rollover rollover-zoom dt-pswp-item\" title=\"c3ec4922-75f0-4740-aed9-2af56390cffe\" data-dt-img-description=\"\" data-large_image_width=\"1600\" data-large_image_height=\"720\"href='https:\/\/www.radiopiu.net\/wordpress\/wp-content\/uploads\/2021\/12\/c3ec4922-75f0-4740-aed9-2af56390cffe.jpg'><img loading=\"lazy\" decoding=\"async\" width=\"1024\" height=\"461\" src=\"https:\/\/www.radiopiu.net\/wordpress\/wp-content\/uploads\/2021\/12\/c3ec4922-75f0-4740-aed9-2af56390cffe-1024x461.jpg\" class=\"attachment-large size-large\" alt=\"\" srcset=\"https:\/\/www.radiopiu.net\/wordpress\/wp-content\/uploads\/2021\/12\/c3ec4922-75f0-4740-aed9-2af56390cffe-1024x461.jpg 1024w, https:\/\/www.radiopiu.net\/wordpress\/wp-content\/uploads\/2021\/12\/c3ec4922-75f0-4740-aed9-2af56390cffe-300x135.jpg 300w, https:\/\/www.radiopiu.net\/wordpress\/wp-content\/uploads\/2021\/12\/c3ec4922-75f0-4740-aed9-2af56390cffe-768x346.jpg 768w, https:\/\/www.radiopiu.net\/wordpress\/wp-content\/uploads\/2021\/12\/c3ec4922-75f0-4740-aed9-2af56390cffe-1536x691.jpg 1536w, https:\/\/www.radiopiu.net\/wordpress\/wp-content\/uploads\/2021\/12\/c3ec4922-75f0-4740-aed9-2af56390cffe.jpg 1600w\" sizes=\"auto, (max-width: 1024px) 100vw, 1024px\" \/><\/a>\n\t\t\t\t<\/dt><\/dl><dl class='gallery-item'>\n\t\t\t\t<dt class='gallery-icon landscape'>\n\t\t\t\t\t<a class=\"rollover rollover-zoom dt-pswp-item\" title=\"537f6aa2-cd59-4bf4-8ebb-a2c6c6bd7f40\" data-dt-img-description=\"\" data-large_image_width=\"1600\" data-large_image_height=\"720\"href='https:\/\/www.radiopiu.net\/wordpress\/wp-content\/uploads\/2021\/12\/537f6aa2-cd59-4bf4-8ebb-a2c6c6bd7f40.jpg'><img loading=\"lazy\" decoding=\"async\" width=\"1024\" height=\"461\" src=\"https:\/\/www.radiopiu.net\/wordpress\/wp-content\/uploads\/2021\/12\/537f6aa2-cd59-4bf4-8ebb-a2c6c6bd7f40-1024x461.jpg\" class=\"attachment-large size-large\" alt=\"\" srcset=\"https:\/\/www.radiopiu.net\/wordpress\/wp-content\/uploads\/2021\/12\/537f6aa2-cd59-4bf4-8ebb-a2c6c6bd7f40-1024x461.jpg 1024w, https:\/\/www.radiopiu.net\/wordpress\/wp-content\/uploads\/2021\/12\/537f6aa2-cd59-4bf4-8ebb-a2c6c6bd7f40-300x135.jpg 300w, https:\/\/www.radiopiu.net\/wordpress\/wp-content\/uploads\/2021\/12\/537f6aa2-cd59-4bf4-8ebb-a2c6c6bd7f40-768x346.jpg 768w, https:\/\/www.radiopiu.net\/wordpress\/wp-content\/uploads\/2021\/12\/537f6aa2-cd59-4bf4-8ebb-a2c6c6bd7f40-1536x691.jpg 1536w, https:\/\/www.radiopiu.net\/wordpress\/wp-content\/uploads\/2021\/12\/537f6aa2-cd59-4bf4-8ebb-a2c6c6bd7f40.jpg 1600w\" sizes=\"auto, (max-width: 1024px) 100vw, 1024px\" \/><\/a>\n\t\t\t\t<\/dt><\/dl><br style=\"clear: both\" \/>\n\t\t\t<\/div>\n\n<h3><\/h3>\n<h3><span style=\"color: #000000;\">in preparazione <\/span>dell&#8217;appuntamento con la Coppa del Mondo di sci in Val Badia, &#8220;<span class=\"post-title\">Ski World Cup 2020 Gran Risa&#8221;.<br \/>\nIeri mattina il passaggio al Bec de Roces.<br \/>\n<\/span><\/h3>\n<h3><span style=\"color: #ff0000;\">i fumogeni delle 11.40 &#8220;fonte panomax&#8221; web cam<\/span><\/h3>\n\n\t\t\t<style type='text\/css'>\n\t\t\t\t#gallery-5 {\n\t\t\t\t\tmargin: auto;\n\t\t\t\t}\n\t\t\t\t#gallery-5 .gallery-item {\n\t\t\t\t\tfloat: left;\n\t\t\t\t\tmargin-top: 10px;\n\t\t\t\t\ttext-align: center;\n\t\t\t\t\twidth: 50%;\n\t\t\t\t}\n\t\t\t\t#gallery-5 img {\n\t\t\t\t\tborder: 2px solid #cfcfcf;\n\t\t\t\t}\n\t\t\t\t#gallery-5 .gallery-caption {\n\t\t\t\t\tmargin-left: 0;\n\t\t\t\t}\n\t\t\t\t\/* see gallery_shortcode() in wp-includes\/media.php *\/\n\t\t\t<\/style>\n\t\t<div id='gallery-5' class='dt-gallery-container gallery galleryid-247941 gallery-columns-2 gallery-size-medium'><dl class='gallery-item'>\n\t\t\t\t<dt class='gallery-icon landscape'>\n\t\t\t\t\t<a class=\"rollover rollover-zoom dt-pswp-item\" title=\"17a0d4c1-75cf-47aa-b364-8af24a4c49e2\" data-dt-img-description=\"\" data-large_image_width=\"1600\" data-large_image_height=\"730\"href='https:\/\/www.radiopiu.net\/wordpress\/wp-content\/uploads\/2021\/12\/17a0d4c1-75cf-47aa-b364-8af24a4c49e2.jpg'><img loading=\"lazy\" decoding=\"async\" width=\"300\" height=\"137\" src=\"https:\/\/www.radiopiu.net\/wordpress\/wp-content\/uploads\/2021\/12\/17a0d4c1-75cf-47aa-b364-8af24a4c49e2-300x137.jpg\" class=\"attachment-medium size-medium\" alt=\"\" srcset=\"https:\/\/www.radiopiu.net\/wordpress\/wp-content\/uploads\/2021\/12\/17a0d4c1-75cf-47aa-b364-8af24a4c49e2-300x137.jpg 300w, https:\/\/www.radiopiu.net\/wordpress\/wp-content\/uploads\/2021\/12\/17a0d4c1-75cf-47aa-b364-8af24a4c49e2-1024x467.jpg 1024w, https:\/\/www.radiopiu.net\/wordpress\/wp-content\/uploads\/2021\/12\/17a0d4c1-75cf-47aa-b364-8af24a4c49e2-768x350.jpg 768w, https:\/\/www.radiopiu.net\/wordpress\/wp-content\/uploads\/2021\/12\/17a0d4c1-75cf-47aa-b364-8af24a4c49e2-1536x701.jpg 1536w, https:\/\/www.radiopiu.net\/wordpress\/wp-content\/uploads\/2021\/12\/17a0d4c1-75cf-47aa-b364-8af24a4c49e2.jpg 1600w\" sizes=\"auto, (max-width: 300px) 100vw, 300px\" \/><\/a>\n\t\t\t\t<\/dt><\/dl><dl class='gallery-item'>\n\t\t\t\t<dt class='gallery-icon landscape'>\n\t\t\t\t\t<a class=\"rollover rollover-zoom dt-pswp-item\" title=\"758dfd98-f673-4cef-9bd5-40e16f2b09e0\" data-dt-img-description=\"\" data-large_image_width=\"1600\" data-large_image_height=\"552\"href='https:\/\/www.radiopiu.net\/wordpress\/wp-content\/uploads\/2021\/12\/758dfd98-f673-4cef-9bd5-40e16f2b09e0.jpg'><img loading=\"lazy\" decoding=\"async\" width=\"300\" height=\"104\" src=\"https:\/\/www.radiopiu.net\/wordpress\/wp-content\/uploads\/2021\/12\/758dfd98-f673-4cef-9bd5-40e16f2b09e0-300x104.jpg\" class=\"attachment-medium size-medium\" alt=\"\" srcset=\"https:\/\/www.radiopiu.net\/wordpress\/wp-content\/uploads\/2021\/12\/758dfd98-f673-4cef-9bd5-40e16f2b09e0-300x104.jpg 300w, https:\/\/www.radiopiu.net\/wordpress\/wp-content\/uploads\/2021\/12\/758dfd98-f673-4cef-9bd5-40e16f2b09e0-1024x353.jpg 1024w, https:\/\/www.radiopiu.net\/wordpress\/wp-content\/uploads\/2021\/12\/758dfd98-f673-4cef-9bd5-40e16f2b09e0-768x265.jpg 768w, https:\/\/www.radiopiu.net\/wordpress\/wp-content\/uploads\/2021\/12\/758dfd98-f673-4cef-9bd5-40e16f2b09e0-1536x530.jpg 1536w, https:\/\/www.radiopiu.net\/wordpress\/wp-content\/uploads\/2021\/12\/758dfd98-f673-4cef-9bd5-40e16f2b09e0.jpg 1600w\" sizes=\"auto, (max-width: 300px) 100vw, 300px\" \/><\/a>\n\t\t\t\t<\/dt><\/dl><br style=\"clear: both\" \/>\n\t\t\t<\/div>\n\n<h3><span class=\"post-title\">\u00a0<\/span><\/h3>\n<p>&nbsp;<\/p>\n<hr \/>\n<p>&nbsp;<\/p>\n<blockquote>\n<h3>IL GENERALE DI BRIGATA GIUSEPPE SPINA IN VISITA ALLA CASERMA DEI CARABINIERI DI BELLUNO<\/h3>\n<\/blockquote>\n<p><strong><a href=\"https:\/\/www.radiopiu.net\/wordpress\/il-tenente-colonnello-francesco-rastelli-in-visita-alla-caserma-dei-carabinieri-di-belluno\/dsc_0011\/\" rel=\"attachment wp-att-248148\"><img loading=\"lazy\" decoding=\"async\" class=\"size-medium wp-image-248148 alignleft\" src=\"https:\/\/www.radiopiu.net\/wordpress\/wp-content\/uploads\/2021\/12\/DSC_0011-199x300.jpg\" alt=\"\" width=\"199\" height=\"300\" srcset=\"https:\/\/www.radiopiu.net\/wordpress\/wp-content\/uploads\/2021\/12\/DSC_0011-199x300.jpg 199w, https:\/\/www.radiopiu.net\/wordpress\/wp-content\/uploads\/2021\/12\/DSC_0011-678x1024.jpg 678w, https:\/\/www.radiopiu.net\/wordpress\/wp-content\/uploads\/2021\/12\/DSC_0011-768x1160.jpg 768w, https:\/\/www.radiopiu.net\/wordpress\/wp-content\/uploads\/2021\/12\/DSC_0011-1017x1536.jpg 1017w, https:\/\/www.radiopiu.net\/wordpress\/wp-content\/uploads\/2021\/12\/DSC_0011-1356x2048.jpg 1356w, https:\/\/www.radiopiu.net\/wordpress\/wp-content\/uploads\/2021\/12\/DSC_0011-scaled.jpg 1696w\" sizes=\"auto, (max-width: 199px) 100vw, 199px\" \/><\/a> <\/strong><\/p>\n<p><strong>\u00a0<\/strong><\/p>\n<p><strong>\u00a0<\/strong><\/p>\n<p><strong>BELLUNO <\/strong>Nella mattinata di ieri, il Generale di Brigata Giuseppe Spina, Comandante della Legione Carabinieri \u201cVeneto\u201d, con sede a Padova, incarico che ha assunto lo scorso mese di Luglio, \u00e8 giunto in visita al Comando Provinciale Carabinieri di Belluno, dove \u00e8 stato accolto dal Comandante Provinciale, Tenente Colonnello Francesco Rastelli, presso la caserma M.A.V.M. Ten. Luigi Giarnieri. Qui ha rivolto un saluto augurale per le prossime festivit\u00e0 natalizie a tutti gli Ufficiali del comando, e ad una rappresentanza composta dagli Ufficiali dei Carabinieri e da Comandanti di Stazione e militari della sede, esprimendo il suo personale apprezzamento per il lavoro svolto, i risultati conseguiti e l\u2019impegno profuso nell\u2019attivit\u00e0 d\u2019istituto e nel perdurare dell\u2019emergenza COVID-19.<\/p>\n<p>&nbsp;<\/p>\n<p>&nbsp;<\/p>\n<p>&nbsp;<\/p>\n<p>&nbsp;<\/p>\n<hr \/>\n<p>&nbsp;<\/p>\n<blockquote>\n<h3>LAVORI GALLERIA COMELICO. DE CARLO DAL PREFETTO DI BELLUNO SAVASTANO<\/h3>\n<\/blockquote>\n<p><strong>BELLUNO <\/strong>Il senatore di Fratelli d&#8217;Italia e sindaco di Calalzo di Cadore Luca De Carlo \u00e8 stato ricevuto\u00a0 a Palazzo dei Rettori dal Prefetto di Belluno Mariano Savastano: sul tavolo, la questione degli annunciati lavori alla Galleria Comelico. L&#8217;obbiettivo per De Carlo \u00e8 chiaro: \u201c<em>Benissimo qualsiasi lavoro e investimento sulle infrastrutture del nostro territorio, ma dobbiamo evitare che i disagi siano pi\u00f9 pesanti dei benefici. Vogliamo capire se, oltre alle soluzioni gi\u00e0 sul tavolo, \u00e8 possibile pensare a soluzioni diverse, supportate da studi e che non pregiudichino la vita della valle &#8211; quindi scongiurando chiusure anche temporanee della galleria&#8221;<\/em><\/p>\n<p>&nbsp;<\/p>\n<p>&nbsp;<\/p>\n<p>&nbsp;<\/p>\n<hr \/>\n<blockquote>\n<h3>COOPERATIVE DI COMUNITA\u2019: UNA RISPOSTA AI PROBLEMI DELLA MONTAGNA.<\/h3>\n<\/blockquote>\n<p><a href=\"https:\/\/www.radiopiu.net\/wordpress\/giornale-radiopiu-14-dicembre-2021-direttore-mirko-mezzacasa\/img-20211210-wa0006\/\" rel=\"attachment wp-att-248063\"><img loading=\"lazy\" decoding=\"async\" class=\" wp-image-248063 alignleft\" src=\"https:\/\/www.radiopiu.net\/wordpress\/wp-content\/uploads\/2021\/12\/IMG-20211210-WA0006-300x209.jpg\" alt=\"\" width=\"225\" height=\"157\" srcset=\"https:\/\/www.radiopiu.net\/wordpress\/wp-content\/uploads\/2021\/12\/IMG-20211210-WA0006-300x209.jpg 300w, https:\/\/www.radiopiu.net\/wordpress\/wp-content\/uploads\/2021\/12\/IMG-20211210-WA0006-1024x714.jpg 1024w, https:\/\/www.radiopiu.net\/wordpress\/wp-content\/uploads\/2021\/12\/IMG-20211210-WA0006-768x535.jpg 768w, https:\/\/www.radiopiu.net\/wordpress\/wp-content\/uploads\/2021\/12\/IMG-20211210-WA0006.jpg 1501w\" sizes=\"auto, (max-width: 225px) 100vw, 225px\" \/><\/a><strong>COMELICO<\/strong>\u00a0 Si \u00e8 parlato di una Cooperativa di Comunit\u00e0, nel corso dell\u2019ultimo incontro delle Confraternita del Formaggio Piave Dop.\u00a0 A raccontare come e perch\u00e9 \u00e8 nata, e come sta crescendo, questa cooperativa sono stati il presidente e il parroco don Fabio Fiori. <em>\u201cPossiamo dire, in prima battuta, che si tratta di un modo per provare a dare risposta ai bisogni delle comunit\u00e0 montane dell\u2019Alto Comelico, fornendo servizi e realizzando progetti che riescano a mantenere vivi e attivi questi luoghi magnifici\u201d.\u00a0 <\/em>Quella del movimento cooperativo \u00e8 una storia che vanta una lunga e diffusa tradizione. Per questo si comprende come abbia trovato terreno fertile la novit\u00e0 rappresentata dalle cooperative di comunit\u00e0.<\/p>\n<p>(Nella foto, il presidente della Confraternita, Fabio Bona, con Simone Zampol e don Fabio Fiori)<\/p>\n<p>&nbsp;<\/p>\n<p>&nbsp;<\/p>\n<hr \/>\n<p>&nbsp;<\/p>\n<blockquote>\n<h3>GIOVEDI&#8217; 16 DICEMBRE LO SCIOPERO NAZIONALE INDETTO DA CGIL E UIL. ORGANIZZATI PULMAN PER LA MANIFESTAZIONE DI MILANO<\/h3>\n<\/blockquote>\n<p><strong><a href=\"https:\/\/www.radiopiu.net\/wordpress\/giovedi-16-dicembre-lo-sciopero-nazionale-indetto-da-cgil-e-uil-organizzati-pulmann-per-la-manifestazione-di-milano\/aeea4193-3e30-40bc-8b38-91ee703e1ffa\/\" rel=\"attachment wp-att-248155\"><img loading=\"lazy\" decoding=\"async\" class=\"size-medium wp-image-248155 alignleft\" src=\"https:\/\/www.radiopiu.net\/wordpress\/wp-content\/uploads\/2021\/12\/aeea4193-3e30-40bc-8b38-91ee703e1ffa-300x225.jpg\" alt=\"\" width=\"300\" height=\"225\" srcset=\"https:\/\/www.radiopiu.net\/wordpress\/wp-content\/uploads\/2021\/12\/aeea4193-3e30-40bc-8b38-91ee703e1ffa-300x225.jpg 300w, https:\/\/www.radiopiu.net\/wordpress\/wp-content\/uploads\/2021\/12\/aeea4193-3e30-40bc-8b38-91ee703e1ffa-1024x768.jpg 1024w, https:\/\/www.radiopiu.net\/wordpress\/wp-content\/uploads\/2021\/12\/aeea4193-3e30-40bc-8b38-91ee703e1ffa-768x576.jpg 768w, https:\/\/www.radiopiu.net\/wordpress\/wp-content\/uploads\/2021\/12\/aeea4193-3e30-40bc-8b38-91ee703e1ffa-1536x1152.jpg 1536w, https:\/\/www.radiopiu.net\/wordpress\/wp-content\/uploads\/2021\/12\/aeea4193-3e30-40bc-8b38-91ee703e1ffa.jpg 2048w\" sizes=\"auto, (max-width: 300px) 100vw, 300px\" \/><\/a>AGORDO \/ BELLUNO\u00a0<\/strong>La CGIL e la Filctem CGIL dello stabilimento Luxottica di Agordo ricordano che gioved\u00ec 16 dicembre ci sar\u00e0 lo sciopero Nazionale indetto dalla Cgil\/Uil di 8 ore lavorative. &#8220;<em>Le motivazioni le conosciamo benissimo tutti, sono tante e condivise unitariamente (portate da tempo in tutte le piazze italiane, non ultima la manifestazione unitaria a Mestre di sabato 20 novembre, dove ero in prima linea &#8211; dice Luigi Dell&#8217;Atti della RSU CGIL Luxottica di Agordo &#8211; riguardano il nostro presente e futuro, come un fisco pi\u00f9 corretto (l&#8217;irperf), oggi troppo favorevole alle classi pi\u00f9 ricche, ricordo che il 90% delle tasse le pagano i dipendenti &amp; pensionati, la lotta alla precariet\u00e0 (inaccettabile essere licenziati con un SMS oppure via piattaforme digitali come tims\/ zoom), le pensioni (proiezione a 71 anni per i giovani di oggi che entrano nel mondo lavorativo), eccetera. Mi aspetto &#8211; conclude Dell&#8217;Atti &#8211; che giovedi 16 dicembre ci siano tanti colleghi e amici che scioperino, bisogna dare un segnale importante che <\/em><em>noi lavoratoratori ci siamo, uniti per il futuro<\/em>&#8220;. Il giorno dello sciopero ci sar\u00e0 la manifestazione a Milano. La CGIL Belluno Organizza i pulman: Belluno &#8211; da piazzale Resistenza ore 4.30, Feltre &#8211; da piazzale Parmeggiani ore 5.15. Chi volesse partecipare pu\u00f2 inviare un messaggio al 3472506951, riportando il proprio cognome, nome e luogo di partenza.<\/p>\n<p>&nbsp;<\/p>\n<p>&nbsp;<\/p>\n<p><strong>IL VOLANTINO DELLA CGIL E UIL SULLO SCIOPERO DI GIOVEDI&#8217;<\/strong><\/p>\n<a href=\"https:\/\/www.radiopiu.net\/wordpress\/wp-content\/uploads\/2021\/12\/volantino-sciopero-16-dicembre-2021-PULMAN.pdf\" class=\"pdfemb-viewer\" style=\"\" data-width=\"max\" data-height=\"max\" data-toolbar=\"top\" data-toolbar-fixed=\"on\">volantino sciopero 16 dicembre 2021 PULMAN<\/a>\n<p>&nbsp;<\/p>\n<p>&nbsp;<\/p>\n<hr \/>\n<p>&nbsp;<\/p>\n<blockquote>\n<h3 class=\"p1\"><span class=\"s1\">LA UE SI APPRESTA A TARTASSARE IL GAS DA RISCALDAMENTO, BOND: \u00abGABELLA CHE PENALIZZA CHI VIVE IN MONTAGNA\u00bb<\/span><\/h3>\n<\/blockquote>\n<p class=\"p1\"><span class=\"s1\"><strong><a href=\"https:\/\/www.radiopiu.net\/wordpress\/giornale-radiopiu-08-febbraio-2019-direttore-mirko-mezzacasa\/bond1-5\/\" rel=\"attachment wp-att-75798\"><img loading=\"lazy\" decoding=\"async\" class=\"size-medium wp-image-75798 alignleft\" src=\"https:\/\/www.radiopiu.net\/wordpress\/wp-content\/uploads\/2019\/02\/bond1-e1550408229859-300x173.jpg\" alt=\"\" width=\"300\" height=\"173\" srcset=\"https:\/\/www.radiopiu.net\/wordpress\/wp-content\/uploads\/2019\/02\/bond1-e1550408229859-300x173.jpg 300w, https:\/\/www.radiopiu.net\/wordpress\/wp-content\/uploads\/2019\/02\/bond1-e1550408229859.jpg 720w\" sizes=\"auto, (max-width: 300px) 100vw, 300px\" \/><\/a>ROMA <\/strong>\u00ab<em>A Bruxelles si sono scatenati nella battaglia per azzerare a prescindere l\u2019impatto ambientale &#8211; gi\u00e0 minimo a livello globale: solo l\u20198% -. Hanno previsto una serie di provvedimenti che rischiano di impattare drammaticamente sull\u2019economia e sulla societ\u00e0. Ultima in ordine di arrivo, la proposta di estendere anche all\u2019utilizzo del gas metano da riscaldamento la norma sui diritti di emissione della CO2<\/em><\/span> <span class=\"s1\"><em>gi\u00e0 previsto per la generazione elettrica da fonti fossili, che ha contribuito a spingere al rialzo le bollette di famiglie e imprese. L\u2019estensione di tale provvedimento sarebbe un\u2019ingiusta, ulteriore gabella sulle popolazioni di montagna, che devono utilizzare il gas metano per riscaldare case e luoghi di lavoro per almeno 8 mesi all\u2019anno. Un costo che andrebbe ad aggiungersi alle gi\u00e0 pesanti difficolt\u00e0 con cui si devono confrontare. Di fatto, sarebbe un ulteriore incentivo a quello spopolamento della montagna che, a parole, anche la Commissione europea dice di volere evitare<\/em>\u00bb. Cos\u00ec il deputato Dario Bond.\u00a0 <\/span><span class=\"s1\">\u00ab<em>Se attuata, l\u2019estensione dei diritti di emissione al gas metano utilizzato per il riscaldamento causerebbe un aggravio fino a 15 centesimi al metro cubo consumato, con la possibilit\u00e0 di ulteriori rialzi sotto la spinta della speculazione finanziaria, cos\u00ec come sta gi\u00e0 accadendo nel caso dell\u2019energia, con la quotazione dei diritti schizzati nel giro di qualche mese da 60 a 90 euro per ogni tonnellata di CO2<\/em><\/span><em> <span class=\"s1\">emessa, con la soglia dei 100 euro ormai molto vicina. Uno scenario che apre anche un altro tema di drammatica attualit\u00e0: la competitivit\u00e0 del sistema produttivo europeo &#8211; e italiano &#8211; nei confronti dei concorrenti esteri, a iniziare da Cina e India dove le quote di emissione CO2<\/span> <\/em><span class=\"s1\"><em>hanno prezzi ben pi\u00f9 bassi di quelli europei (attualmente attorno ai 5-7 euro\/tonnellata). Con le merci europee sempre meno competitive, non ci si meravigli se le fabbriche chiuderanno e la disoccupazione aumenter\u00e0 drammaticamente, con essa i costi sociali e il calo del gettito tributario con cui sostenerli<\/em>\u00bb.\u00a0<\/span><\/p>\n<p>&nbsp;<\/p>\n<p>&nbsp;<\/p>\n<hr \/>\n<p>&nbsp;<\/p>\n<blockquote>\n<h3>SCUOLA APERTA AI LICEI GALILEI-TIZIANO<\/h3>\n<\/blockquote>\n<p><strong>BELLUNO <\/strong>Sabato 18 dicembre si terr\u00e0 il terzo dei cinque incontri di Scuola aperta per i Licei Galilei-Tiziano, dedicato nuovamente agli indirizzi scientifici dell\u2019Istituto. Due i turni previsti: il primo alle ore 15:00, il secondo alle ore 17:00.\u00a0 Sul sito della scuola (<a href=\"http:\/\/www.liceibelluno.edu.it\/\">www.liceibelluno.edu.it<\/a>)\u00a0 \u00e8 attivo il link dedicato per iscriversi ai prossimi appuntamenti fino al raggiungimento dei posti disponibili. La scuola, comunque, rimane sempre disponibile a fornire informazioni a quanti non riuscissero ad iscriversi (indirizzo e-mail blis00700a@istruzione.it).<\/p>\n<p>&nbsp;<\/p>\n<p>&nbsp;<\/p>\n<hr \/>\n<p>&nbsp;<\/p>\n<blockquote>\n<h3>DOMANI IL CONSIGLIO COMUNALE A CANALE D&#8217;AGORDO<\/h3>\n<\/blockquote>\n<p><strong>CANALE D&#8217;AGORDO<\/strong> Il sindaco di Canale D&#8217;Agordo Flavio Colcergnan ha convocato il consiglio comunale per domani alle 19 presso la sala Lina Zand\u00f2 a porte chiuse. Un solo punto da discutere, la revisione ordinaria delle partecipazioni societarie.<\/p>\n<p>&nbsp;<\/p>\n<p>&nbsp;<\/p>\n<hr \/>\n<p>&nbsp;<\/p>\n<blockquote>\n<h3>IL SINDACO DI ALLEGHE CONVOCA IL CONSIGLIO COMUNALE PER DOMANI<\/h3>\n<\/blockquote>\n<p><strong>ALLEGHE<\/strong> \u00c8 in programma domani alle 20:30 il consiglio comunale di Alleghe. Il sindaco Danilo De Toni ha convocato i consiglieri per trattare otto punti all&#8217;ordine del giorno tra cui la settima variazione al bilancio, il piano di valorizzazione del patrimonio immobiliare, imposta IMU, l&#8217;approvazione del bilancio 2022-2024 di ASCA e il documento unico di programmazione.<\/p>\n<p>&nbsp;<\/p>\n<hr \/>\n<blockquote>\n<h3><\/h3>\n<h3>SETTE INTERROGAZIONI PER IL NUOVO SINDACO<\/h3>\n<\/blockquote>\n<p><strong>SELVA DI CADORE<\/strong> Sono nove i punti all&#8217;ordine del giorno del consiglio comunale convocato dal sindaco Luca Lorenzini, ben 7 frutto di interrogazioni del gruppo di minoranza del consigliere Andrea Peretti: linee programmatiche dei due assessorati; iniziative per le festivit\u00e0; le convenzioni con l&#8217;Unione Montana; raccolta dei rifiuti nella stagione invernale e deizioni canine; lavori sul torrente Marzeluc; le linee programmatiche per il Museo Vittorino Cazzetta; autovelox e lamenti; contenzioso con la Magnifica Regola di Cadore. Il consiglio comunale in programma giovedi 16 alle 18 inizier\u00e0 pero&#8217; con il punto proposto del sindaco: indirizzi in ordine all&#8217;assemblea straordinaria della Val Fiorentina.<\/p>\n<p>&nbsp;<\/p>\n<hr \/>\n<p>&nbsp;<\/p>\n<blockquote>\n<h3>SABATO MATTINA IN MUNICIPIO A COLLE SANTA LUCIA<\/h3>\n<\/blockquote>\n<p><strong>COLLE SANTA LUCIA<\/strong>\u00a0 Sabato mattina alle 8 consiglio comunale convocato dal sindaco Paolo Frena, all&#8217;ordine del giorno: ricognizione partecipazioni possedute; approvazione piano alienazioni immobiliari; addizionale Irpef, conferma Imu, verifica aree fabbricabili, affidamento incarichi esterni, programma triennale opere pubbliche, approvazione del DUP e del bilancio di previsioni. Comunicazioni del sindaco.<\/p>\n<p>&nbsp;<\/p>\n<p>&nbsp;<\/p>\n<hr \/>\n<p>&nbsp;<\/p>\n<p>&nbsp;<\/p>\n<blockquote>\n<h3><a href=\"https:\/\/www.radiopiu.net\/wordpress\/giornale-radiopiu-11-dicembre-2021-direttore-mirko-mezzacasa-2\/71efdee9-9237-4444-8c41-41c4e4d2ea1b\/\" rel=\"attachment wp-att-247722\"><img loading=\"lazy\" decoding=\"async\" class=\"size-medium wp-image-247722 alignleft\" src=\"https:\/\/www.radiopiu.net\/wordpress\/wp-content\/uploads\/2021\/12\/71efdee9-9237-4444-8c41-41c4e4d2ea1b-135x300.jpg\" alt=\"\" width=\"135\" height=\"300\" srcset=\"https:\/\/www.radiopiu.net\/wordpress\/wp-content\/uploads\/2021\/12\/71efdee9-9237-4444-8c41-41c4e4d2ea1b-135x300.jpg 135w, https:\/\/www.radiopiu.net\/wordpress\/wp-content\/uploads\/2021\/12\/71efdee9-9237-4444-8c41-41c4e4d2ea1b.jpg 360w\" sizes=\"auto, (max-width: 135px) 100vw, 135px\" \/><\/a>I DISAGI CHE PROVOCHERA&#8217; LA CHIUSURA DELLA GALLERIA DEL COMELICO, UN COMITATO PER LE SOLUZIONI INDOLORI<\/h3>\n<\/blockquote>\n<p><strong>SANTO STEFANO DI CADORE<\/strong>\u00a0 Che la chiusura per anni della galleria del Comelico sia un disagio per tutti \u00e8 evidente, da qualsiasi angolazione si voglia guardare il problema. Lo sanno bene quelli del Comitato per la Galleria del Comelico Bis e per questo hanno convocato la cittadinanza al cinema Piave di Santo Stefano di Cadore lunedi 20 dicembre alle 18 (nel rispetto delle norme anti covid). Tema della serata uno solo: chiedere la nuova galleria Comelico Bis e non una semplice chiusura del tunnel per tempi ancora non ben definiti.<\/p>\n<p>&nbsp;<\/p>\n<p>&nbsp;<\/p>\n<p>&nbsp;<\/p>\n<p>&nbsp;<\/p>\n<p>&nbsp;<\/p>\n<hr \/>\n<p>&nbsp;<\/p>\n<blockquote>\n<h3>IERI SERA ALLA RADIO: La Costituzione in dono ai neo diciottenni<\/h3>\n<\/blockquote>\n<p>&nbsp;<\/p>\n<p><strong><img loading=\"lazy\" decoding=\"async\" class=\"alignleft\" src=\"https:\/\/www.radiopiu.net\/wordpress\/wp-content\/uploads\/2021\/12\/th-4.jpg\" width=\"242\" height=\"133\" \/>CANALE D&#8217;AGORDO<\/strong><\/p>\n<p><strong>di GIANNI SANTOMASO\u00a0<\/strong><\/p>\n<audio class=\"wp-audio-shortcode\" id=\"audio-247941-6\" preload=\"none\" style=\"width: 100%;\" controls=\"controls\"><source type=\"audio\/mpeg\" src=\"https:\/\/www.radiopiu.net\/wordpress\/wp-content\/uploads\/2021\/12\/gianni-18.mp3?_=6\" \/><a href=\"https:\/\/www.radiopiu.net\/wordpress\/wp-content\/uploads\/2021\/12\/gianni-18.mp3\">https:\/\/www.radiopiu.net\/wordpress\/wp-content\/uploads\/2021\/12\/gianni-18.mp3<\/a><\/audio>\n<p>&nbsp;<\/p>\n<p><span style=\"color: #ff0000;\">RADIO PIU IN ESTERNO&#8230; IERI SERA\u00a0 ALLA RADIO\u00a0<\/span><\/p>\n<audio class=\"wp-audio-shortcode\" id=\"audio-247941-7\" preload=\"none\" style=\"width: 100%;\" controls=\"controls\"><source type=\"audio\/mpeg\" src=\"https:\/\/www.radiopiu.net\/wordpress\/wp-content\/uploads\/2020\/10\/NEI-DICIOTENNI-SERATA-AGORDO.mp3?_=7\" \/><a href=\"https:\/\/www.radiopiu.net\/wordpress\/wp-content\/uploads\/2020\/10\/NEI-DICIOTENNI-SERATA-AGORDO.mp3\">https:\/\/www.radiopiu.net\/wordpress\/wp-content\/uploads\/2020\/10\/NEI-DICIOTENNI-SERATA-AGORDO.mp3<\/a><\/audio>\n<p>&nbsp;<\/p>\n<p>&nbsp;<\/p>\n<hr \/>\n<p>&nbsp;<\/p>\n<blockquote>\n<h3>VERRA&#8217; PRESENTATO GIOVEDI&#8217; IL LIBRO &#8220;DON CLAUDIO E LA LUNA&#8221;<\/h3>\n<\/blockquote>\n<p><strong><a href=\"https:\/\/www.radiopiu.net\/wordpress\/verra-presentato-giovedi-il-libro-don-claudio-e-la-luna\/2021_12_16_don_claudio_e_la_luna_law\/\" rel=\"attachment wp-att-247599\"><img loading=\"lazy\" decoding=\"async\" class=\" wp-image-247599 alignleft\" src=\"https:\/\/www.radiopiu.net\/wordpress\/wp-content\/uploads\/2021\/12\/2021_12_16_DON_CLAUDIO_E_LA_LUNA_LAW-300x214.jpg\" alt=\"\" width=\"221\" height=\"158\" srcset=\"https:\/\/www.radiopiu.net\/wordpress\/wp-content\/uploads\/2021\/12\/2021_12_16_DON_CLAUDIO_E_LA_LUNA_LAW-300x214.jpg 300w, https:\/\/www.radiopiu.net\/wordpress\/wp-content\/uploads\/2021\/12\/2021_12_16_DON_CLAUDIO_E_LA_LUNA_LAW-1024x731.jpg 1024w, https:\/\/www.radiopiu.net\/wordpress\/wp-content\/uploads\/2021\/12\/2021_12_16_DON_CLAUDIO_E_LA_LUNA_LAW-768x549.jpg 768w, https:\/\/www.radiopiu.net\/wordpress\/wp-content\/uploads\/2021\/12\/2021_12_16_DON_CLAUDIO_E_LA_LUNA_LAW-1536x1097.jpg 1536w, https:\/\/www.radiopiu.net\/wordpress\/wp-content\/uploads\/2021\/12\/2021_12_16_DON_CLAUDIO_E_LA_LUNA_LAW-2048x1463.jpg 2048w\" sizes=\"auto, (max-width: 221px) 100vw, 221px\" \/><\/a>BELLUNO <\/strong>Gioved\u00ec 16 dicembre alle 17.45, presso la Sala teatro del Centro Giovanni XXIII (Piazza Piloni \u2013 Belluno), si terr\u00e0 la presentazione del libro Fabio &#8220;Rufus&#8221; Bristot <strong>\u201c<\/strong>Don Claudio e la Luna\u201d (Dolomedia edizioni \u2013 Belluno). Un lavoro realizzato da Fabio Rufus Bristot che ha inteso proporre un ricordo di Don Claudio Sacco Sonador, sacerdote deceduto il 2 dicembre 2009. Nel corso di una gita scialpinistica notturna, effettuata con la luna piena sul Monte Pore, una valanga di enormi dimensioni ne provoc\u00f2, infatti, la morte. La salma di Don Claudio venne ritrovata solo il 5 dicembre, dopo una ricerca particolarmente laboriosa ed impegnativa svolta da numerose Stazioni del Soccorso Alpino e da altri Enti.<\/p>\n<p>&nbsp;<\/p>\n<p>&nbsp;<\/p>\n<p>&nbsp;<\/p>\n<hr \/>\n<p>&nbsp;<\/p>\n<h3><span style=\"color: #0000ff;\">INFORMAZIONE il canale su TELEGRAM informazione di prima mano e in tempo reale. iscriviti ed aiutaci a farlo conoscere\u00a0 \u00a0<\/span><\/h3>\n<p>&nbsp;<\/p>\n<hr \/>\n<p>&nbsp;<\/p>\n<blockquote>\n<h3>IL CONCERTO DEL 26 DICEMBRE DALL&#8217;ARCIDIACONALE DI AGORDO SARA&#8217; TRASMESSO IN DIRETTA SULLE FREQUENZE DI RADIO PIU&#8217;, POTRA&#8217; ESSERE VISTO IN STREAMING SUL SITO INTERNET RADIOPIU.NET O SULLE PAGINE FACEBOOK RADIOPIU, RADIOPIU EMITTENTE AGORDINA, SEI DI AGORDO SE&#8230;<\/h3>\n<p><a href=\"https:\/\/www.radiopiu.net\/wordpress\/giornale-radiopiu-10-dicembre-2021-direttore-mirko-mezzacasa\/7e4dcf0d-ae61-466b-9ba6-59f1c81d4b00\/\" rel=\"attachment wp-att-247533\"><img loading=\"lazy\" decoding=\"async\" class=\"wp-image-247533 aligncenter\" src=\"https:\/\/www.radiopiu.net\/wordpress\/wp-content\/uploads\/2021\/12\/7e4dcf0d-ae61-466b-9ba6-59f1c81d4b00.jpg\" alt=\"\" width=\"257\" height=\"365\" srcset=\"https:\/\/www.radiopiu.net\/wordpress\/wp-content\/uploads\/2021\/12\/7e4dcf0d-ae61-466b-9ba6-59f1c81d4b00.jpg 722w, https:\/\/www.radiopiu.net\/wordpress\/wp-content\/uploads\/2021\/12\/7e4dcf0d-ae61-466b-9ba6-59f1c81d4b00-212x300.jpg 212w\" sizes=\"auto, (max-width: 257px) 100vw, 257px\" \/><\/a><\/p><\/blockquote>\n<p>&nbsp;<\/p>\n<p>&nbsp;<\/p>\n<hr \/>\n<p>&nbsp;<\/p>\n<p>&nbsp;<\/p>\n<blockquote>\n<blockquote>\n<h3>NATALE NEL BORGO DI PALUE A ROCCA PIETORE, IMPERDIBILE<\/h3>\n<\/blockquote>\n<p><strong>ROCCA PIETORE\u00a0<\/strong> Nel corso delle festivit\u00e0 di Natale merita fare una tappa\u00a0 al Borgo Antico di Palue, presso il tabi\u00e8. Il comitato frazionale ha abbellito strade, stradine, case e angoli del Borgo. Dopo le belle iniziative dell&#8217;estate scorsa ecco di nuovo in azione un gruppo di volontari amanti della loro terra.<\/p>\n\n\t\t\t<style type='text\/css'>\n\t\t\t\t#gallery-6 {\n\t\t\t\t\tmargin: auto;\n\t\t\t\t}\n\t\t\t\t#gallery-6 .gallery-item {\n\t\t\t\t\tfloat: left;\n\t\t\t\t\tmargin-top: 10px;\n\t\t\t\t\ttext-align: center;\n\t\t\t\t\twidth: 20%;\n\t\t\t\t}\n\t\t\t\t#gallery-6 img {\n\t\t\t\t\tborder: 2px solid #cfcfcf;\n\t\t\t\t}\n\t\t\t\t#gallery-6 .gallery-caption {\n\t\t\t\t\tmargin-left: 0;\n\t\t\t\t}\n\t\t\t\t\/* see gallery_shortcode() in wp-includes\/media.php *\/\n\t\t\t<\/style>\n\t\t<div id='gallery-6' class='dt-gallery-container gallery galleryid-247941 gallery-columns-5 gallery-size-thumbnail'><dl class='gallery-item'>\n\t\t\t\t<dt class='gallery-icon portrait'>\n\t\t\t\t\t<a class=\"rollover rollover-zoom dt-pswp-item\" title=\"264431342_5303572012993019_1881744790332467971_n\" data-dt-img-description=\"\" data-large_image_width=\"1201\" data-large_image_height=\"1600\"href='https:\/\/www.radiopiu.net\/wordpress\/wp-content\/uploads\/2021\/12\/264431342_5303572012993019_1881744790332467971_n.jpg'><img loading=\"lazy\" decoding=\"async\" width=\"150\" height=\"150\" src=\"https:\/\/www.radiopiu.net\/wordpress\/wp-content\/uploads\/2021\/12\/264431342_5303572012993019_1881744790332467971_n-150x150.jpg\" class=\"attachment-thumbnail size-thumbnail\" alt=\"\" \/><\/a>\n\t\t\t\t<\/dt><\/dl><dl class='gallery-item'>\n\t\t\t\t<dt class='gallery-icon portrait'>\n\t\t\t\t\t<a class=\"rollover rollover-zoom dt-pswp-item\" title=\"264507705_5303572089659678_225537587117597395_n\" data-dt-img-description=\"\" data-large_image_width=\"1201\" data-large_image_height=\"1600\"href='https:\/\/www.radiopiu.net\/wordpress\/wp-content\/uploads\/2021\/12\/264507705_5303572089659678_225537587117597395_n.jpg'><img loading=\"lazy\" decoding=\"async\" width=\"150\" height=\"150\" src=\"https:\/\/www.radiopiu.net\/wordpress\/wp-content\/uploads\/2021\/12\/264507705_5303572089659678_225537587117597395_n-150x150.jpg\" class=\"attachment-thumbnail size-thumbnail\" alt=\"\" \/><\/a>\n\t\t\t\t<\/dt><\/dl><dl class='gallery-item'>\n\t\t\t\t<dt class='gallery-icon portrait'>\n\t\t\t\t\t<a class=\"rollover rollover-zoom dt-pswp-item\" title=\"264551537_5303571856326368_1781152814154317358_n\" data-dt-img-description=\"\" data-large_image_width=\"1201\" data-large_image_height=\"1600\"href='https:\/\/www.radiopiu.net\/wordpress\/wp-content\/uploads\/2021\/12\/264551537_5303571856326368_1781152814154317358_n.jpg'><img loading=\"lazy\" decoding=\"async\" width=\"150\" height=\"150\" src=\"https:\/\/www.radiopiu.net\/wordpress\/wp-content\/uploads\/2021\/12\/264551537_5303571856326368_1781152814154317358_n-150x150.jpg\" class=\"attachment-thumbnail size-thumbnail\" alt=\"\" \/><\/a>\n\t\t\t\t<\/dt><\/dl><dl class='gallery-item'>\n\t\t\t\t<dt class='gallery-icon portrait'>\n\t\t\t\t\t<a class=\"rollover rollover-zoom dt-pswp-item\" title=\"264443648_5303571839659703_3930749756671797824_n\" data-dt-img-description=\"\" data-large_image_width=\"1201\" data-large_image_height=\"1600\"href='https:\/\/www.radiopiu.net\/wordpress\/wp-content\/uploads\/2021\/12\/264443648_5303571839659703_3930749756671797824_n.jpg'><img loading=\"lazy\" decoding=\"async\" width=\"150\" height=\"150\" src=\"https:\/\/www.radiopiu.net\/wordpress\/wp-content\/uploads\/2021\/12\/264443648_5303571839659703_3930749756671797824_n-150x150.jpg\" class=\"attachment-thumbnail size-thumbnail\" alt=\"\" \/><\/a>\n\t\t\t\t<\/dt><\/dl><dl class='gallery-item'>\n\t\t\t\t<dt class='gallery-icon portrait'>\n\t\t\t\t\t<a class=\"rollover rollover-zoom dt-pswp-item\" title=\"264512253_5303572172993003_1781177026682334413_n\" data-dt-img-description=\"\" data-large_image_width=\"1201\" data-large_image_height=\"1600\"href='https:\/\/www.radiopiu.net\/wordpress\/wp-content\/uploads\/2021\/12\/264512253_5303572172993003_1781177026682334413_n.jpg'><img loading=\"lazy\" decoding=\"async\" width=\"150\" height=\"150\" src=\"https:\/\/www.radiopiu.net\/wordpress\/wp-content\/uploads\/2021\/12\/264512253_5303572172993003_1781177026682334413_n-150x150.jpg\" class=\"attachment-thumbnail size-thumbnail\" alt=\"\" \/><\/a>\n\t\t\t\t<\/dt><\/dl><br style=\"clear: both\" \/>\n\t\t\t<\/div>\n\n<p>&nbsp;<\/p><\/blockquote>\n<hr \/>\n<blockquote>\n<h3><strong>\u00a0<\/strong><\/h3>\n<h3><strong>A Calalzo si rinnova la tradizione del presepio vivente<\/strong><\/h3>\n<p><strong>\u00a0CALALZO\u00a0 <\/strong>Domenica 26 dicembre avr\u00e0 luogo a Calalzo di Cadore la tradizionale rappresentazione del presepio vivente nel piccolo villaggio di Betlemme che viene allestito in Via Montanel vicino alla chiesa parrocchiale. Dalle ore 14:30, dunque gi\u00e0 nel primo pomeriggio, sar\u00e0 possibile visitare questo villaggio, vedere da vicino tutti i figuranti, e degustare cibi e bevande calde. Poi alle 16:30 inizier\u00e0 la rappresentazione della Nativit\u00e0, che avr\u00e0 come traccia il racconto evangelico. Per accedere alla manifestazione \u00e8 necessario il green pass o un tampone negativo fatto non oltre le 48 ore precedenti e la mascherina sempre indossata. L\u2019organizzazione ringrazia tutti i volontari che con la loro collaborazione renderanno possibile questo evento, che trova il patrocinio della parrocchia di San Biagio e dell\u2019amministrazione comunale. Per ulteriori informazioni \u00e8 possibile consultare il sito www.parrocchiecentrocadore.it<\/p>\n<p>&nbsp;<\/p>\n<p>&nbsp;<\/p><\/blockquote>\n<p>&nbsp;<\/p>\n<hr \/>\n<p>&nbsp;<\/p>\n<p>&nbsp;<\/p>\n<blockquote class=\"wp-embedded-content\" data-secret=\"1cq4IDyRDV\"><p><a href=\"https:\/\/www.radiopiu.net\/wordpress\/estratto-da-vetrine-dautore-cencenighe-2001\/\">ESTRATTO DA VETRINE D&#8217;AUTORE, CENCENIGHE 2001<\/a><\/p><\/blockquote>\n<p><iframe loading=\"lazy\" class=\"wp-embedded-content\" sandbox=\"allow-scripts\" security=\"restricted\" style=\"position: absolute; clip: rect(1px, 1px, 1px, 1px);\" title=\"&#8220;ESTRATTO DA VETRINE D&#8217;AUTORE, CENCENIGHE 2001&#8221; &#8212; Radio Pi\u00f9\" src=\"https:\/\/www.radiopiu.net\/wordpress\/estratto-da-vetrine-dautore-cencenighe-2001\/embed\/#?secret=1cq4IDyRDV\" data-secret=\"1cq4IDyRDV\" width=\"600\" height=\"338\" frameborder=\"0\" marginwidth=\"0\" marginheight=\"0\" scrolling=\"no\"><\/iframe><\/p>\n<p>&nbsp;<\/p>\n<p>&nbsp;<\/p>\n<hr \/>\n<p>&nbsp;<\/p>\n<h2><span style=\"color: #ff0000;\">IERI ALLA RADIO<\/span><\/h2>\n<h2><span style=\"color: #008080;\">IL NUOVO LIBRO SULLA VITA E SUL LAVORO DELLA GENTE DELLA DOLOMITI<\/span><\/h2>\n<p><strong>REDAZIONE\u00a0<\/strong> &#8220;Gente dei Monti Pallidi, vita, cultura e ingegno&#8221;, in cinquecento pagine mille anni di storia, il libro edito dalla Nuova Sentieri di Giuseppe Pellegrinon<\/p>\n<p><strong>LO SPOT ALLA RADIO\u00a0<\/strong><\/p>\n<audio class=\"wp-audio-shortcode\" id=\"audio-247941-8\" preload=\"none\" style=\"width: 100%;\" controls=\"controls\"><source type=\"audio\/mpeg\" src=\"https:\/\/www.radiopiu.net\/wordpress\/wp-content\/uploads\/2021\/12\/LIBRO-DOLOMITI.mp3?_=8\" \/><a href=\"https:\/\/www.radiopiu.net\/wordpress\/wp-content\/uploads\/2021\/12\/LIBRO-DOLOMITI.mp3\">https:\/\/www.radiopiu.net\/wordpress\/wp-content\/uploads\/2021\/12\/LIBRO-DOLOMITI.mp3<\/a><\/audio>\n<p>&nbsp;<\/p>\n<p><strong><a href=\"https:\/\/www.radiopiu.net\/wordpress\/il-nuovo-libro-sulla-vita-e-sul-lavoro-della-gente-della-dolomiti\/1-98\/\" rel=\"attachment wp-att-248120\"><img loading=\"lazy\" decoding=\"async\" class=\" wp-image-248120 alignleft\" src=\"https:\/\/www.radiopiu.net\/wordpress\/wp-content\/uploads\/2021\/12\/1.jpg\" alt=\"\" width=\"111\" height=\"148\" \/><\/a><\/strong><\/p>\n<p>&nbsp;<\/p>\n<p><strong>L&#8217;INTERVISTA ALL&#8217;EDITORE BEPI PELLEGRINON<\/strong><\/p>\n<p>&nbsp;<\/p>\n<p><strong>di Claudio Fontanive\u00a0<\/strong><\/p>\n<audio class=\"wp-audio-shortcode\" id=\"audio-247941-9\" preload=\"none\" style=\"width: 100%;\" controls=\"controls\"><source type=\"audio\/mpeg\" src=\"https:\/\/www.radiopiu.net\/wordpress\/wp-content\/uploads\/2021\/12\/bepi-pellegrinon-13-dicembre.mp3?_=9\" \/><a href=\"https:\/\/www.radiopiu.net\/wordpress\/wp-content\/uploads\/2021\/12\/bepi-pellegrinon-13-dicembre.mp3\">https:\/\/www.radiopiu.net\/wordpress\/wp-content\/uploads\/2021\/12\/bepi-pellegrinon-13-dicembre.mp3<\/a><\/audio>\n<p>&nbsp;<\/p>\n<hr \/>\n<p>&nbsp;<\/p>\n<h2><span style=\"color: #ff0000;\"><br \/>\n007 in condotta, la scuola, con la prof. Maria Rosa Salmazo<\/span><\/h2>\n<div class=\"page-title-head hgroup\">\n<blockquote>\n<h3 class=\"entry-title\">VACCINAZIONI, TAMPONI, DAD<\/h3>\n<\/blockquote>\n<p>audio<\/p>\n<audio class=\"wp-audio-shortcode\" id=\"audio-247941-10\" preload=\"none\" style=\"width: 100%;\" controls=\"controls\"><source type=\"audio\/mpeg\" src=\"https:\/\/www.radiopiu.net\/wordpress\/wp-content\/uploads\/2021\/12\/007-13-dicembre.mp3?_=10\" \/><a href=\"https:\/\/www.radiopiu.net\/wordpress\/wp-content\/uploads\/2021\/12\/007-13-dicembre.mp3\">https:\/\/www.radiopiu.net\/wordpress\/wp-content\/uploads\/2021\/12\/007-13-dicembre.mp3<\/a><\/audio>\n<p>&nbsp;<\/p>\n<p><strong>LA RACCOLTA COMPLETA\u00a0<\/strong><\/p>\n<blockquote class=\"wp-embedded-content\" data-secret=\"81J8cyEBr5\"><p><a href=\"https:\/\/www.radiopiu.net\/wordpress\/007incondotta-9\/\">007 in condotta<\/a><\/p><\/blockquote>\n<p><iframe loading=\"lazy\" class=\"wp-embedded-content\" sandbox=\"allow-scripts\" security=\"restricted\" style=\"position: absolute; clip: rect(1px, 1px, 1px, 1px);\" title=\"&#8220;007 in condotta&#8221; &#8212; Radio Pi\u00f9\" src=\"https:\/\/www.radiopiu.net\/wordpress\/007incondotta-9\/embed\/#?secret=81J8cyEBr5\" data-secret=\"81J8cyEBr5\" width=\"600\" height=\"338\" frameborder=\"0\" marginwidth=\"0\" marginheight=\"0\" scrolling=\"no\"><\/iframe><\/p>\n<p>&nbsp;<\/p>\n<hr \/>\n<h2><span style=\"color: #ff0000;\">\u00a0<\/span><\/h2>\n<h2><span style=\"color: #ff0000;\">IERI ALLA RADIO<br \/>\nSalute&amp;Societ\u00e0 con il dottor Marco Caracciolo<\/span><\/h2>\n<p>&nbsp;<\/p>\n<p><strong><a href=\"https:\/\/www.radiopiu.net\/wordpress\/be-mutual-days-come-un-ritornello\/whatsapp-image-2021-12-13-at-09-38-51\/\" rel=\"attachment wp-att-248043\"><img loading=\"lazy\" decoding=\"async\" class=\" wp-image-248043 alignleft\" src=\"https:\/\/www.radiopiu.net\/wordpress\/wp-content\/uploads\/2021\/12\/WhatsApp-Image-2021-12-13-at-09.38.51-300x200.jpeg\" alt=\"\" width=\"254\" height=\"169\" srcset=\"https:\/\/www.radiopiu.net\/wordpress\/wp-content\/uploads\/2021\/12\/WhatsApp-Image-2021-12-13-at-09.38.51-300x200.jpeg 300w, https:\/\/www.radiopiu.net\/wordpress\/wp-content\/uploads\/2021\/12\/WhatsApp-Image-2021-12-13-at-09.38.51-1024x683.jpeg 1024w, https:\/\/www.radiopiu.net\/wordpress\/wp-content\/uploads\/2021\/12\/WhatsApp-Image-2021-12-13-at-09.38.51-768x512.jpeg 768w, https:\/\/www.radiopiu.net\/wordpress\/wp-content\/uploads\/2021\/12\/WhatsApp-Image-2021-12-13-at-09.38.51.jpeg 1200w\" sizes=\"auto, (max-width: 254px) 100vw, 254px\" \/><\/a>Be MUTual Days <\/strong>Al via la terza edizione di \u201cBe MUTual Days\u201d, due giorni dedicati ai pazienti italiani affetti da tumore polmonare non a piccole cellule con mutazioni molecolari e in stadio metastatico. L\u2019obiettivo \u00e8 costruire una rete di persone, condividere bisogni e aspettative e progettare nuove azioni sul territorio. <strong>Come un Ritornello <\/strong>\u201cCome un Ritornello\u201d \u00e8 la nuova campagna del Gruppo Servier in Italia finalizzata a promuovere l\u2019aderenza terapeutica nelle malattie croniche cardiovascolari, che vede protagonista Elio e Le Storie Tese, con un jingle dedicato ai pazienti per spiegare l\u2019importanza di seguire correttamente le indicazioni del medico e garantire cos\u00ec l\u2019efficacia della terapia.<\/p>\n<p>audio<\/p>\n<audio class=\"wp-audio-shortcode\" id=\"audio-247941-11\" preload=\"none\" style=\"width: 100%;\" controls=\"controls\"><source type=\"audio\/mpeg\" src=\"https:\/\/www.radiopiu.net\/wordpress\/wp-content\/uploads\/2021\/12\/SALUTE-2.mp3?_=11\" \/><a href=\"https:\/\/www.radiopiu.net\/wordpress\/wp-content\/uploads\/2021\/12\/SALUTE-2.mp3\">https:\/\/www.radiopiu.net\/wordpress\/wp-content\/uploads\/2021\/12\/SALUTE-2.mp3<\/a><\/audio>\n<p><strong>LA RACCOLTA COMPLETA\u00a0\u00a0<\/strong><\/p>\n<blockquote class=\"wp-embedded-content\" data-secret=\"JeAuFLcXa1\"><p><a href=\"https:\/\/www.radiopiu.net\/wordpress\/saluteesocieta\/\">Salute e Societ\u00e0<\/a><\/p><\/blockquote>\n<p><iframe loading=\"lazy\" class=\"wp-embedded-content\" sandbox=\"allow-scripts\" security=\"restricted\" style=\"position: absolute; clip: rect(1px, 1px, 1px, 1px);\" title=\"&#8220;Salute e Societ\u00e0&#8221; &#8212; Radio Pi\u00f9\" src=\"https:\/\/www.radiopiu.net\/wordpress\/saluteesocieta\/embed\/#?secret=JeAuFLcXa1\" data-secret=\"JeAuFLcXa1\" width=\"600\" height=\"338\" frameborder=\"0\" marginwidth=\"0\" marginheight=\"0\" scrolling=\"no\"><\/iframe><\/p>\n<p>&nbsp;<\/p>\n<p>&nbsp;<\/p>\n<\/div>\n<div class=\"page-title-breadcrumbs\"><\/div>\n<p>&nbsp;<\/p>\n<hr \/>\n<p>&nbsp;<\/p>\n<div>\n<div class=\"b654a4as d2edcug0\">\n<div class=\"rq0escxv hkbzh7o3 jwdofwj8 n8tt0mok r8blr3vg hyh9befq\">\n<p><a class=\"dt-pswp-item\" href=\"https:\/\/www.radiopiu.net\/wordpress\/wp-content\/uploads\/2020\/10\/pp.jpg\" data-dt-img-description=\"\" data-large_image_width=\"640\" data-large_image_height=\"640\"><img loading=\"lazy\" decoding=\"async\" class=\"wp-image-163678 alignleft\" src=\"https:\/\/www.radiopiu.net\/wordpress\/wp-content\/uploads\/2020\/10\/pp-300x300.jpg\" alt=\"\" width=\"106\" height=\"106\" srcset=\"https:\/\/www.radiopiu.net\/wordpress\/wp-content\/uploads\/2020\/10\/pp-300x300.jpg 300w, https:\/\/www.radiopiu.net\/wordpress\/wp-content\/uploads\/2020\/10\/pp-150x150.jpg 150w, https:\/\/www.radiopiu.net\/wordpress\/wp-content\/uploads\/2020\/10\/pp-125x125.jpg 125w, https:\/\/www.radiopiu.net\/wordpress\/wp-content\/uploads\/2020\/10\/pp-200x200.jpg 200w, https:\/\/www.radiopiu.net\/wordpress\/wp-content\/uploads\/2020\/10\/pp-80x80.jpg 80w, https:\/\/www.radiopiu.net\/wordpress\/wp-content\/uploads\/2020\/10\/pp-480x480.jpg 480w, https:\/\/www.radiopiu.net\/wordpress\/wp-content\/uploads\/2020\/10\/pp.jpg 640w\" sizes=\"auto, (max-width: 106px) 100vw, 106px\" \/><\/a><\/p>\n<\/div>\n<\/div>\n<\/div>\n<div>\n<div class=\"page-title-head hgroup\">\n<div class=\"page-title-head hgroup\">\n<div class=\"b654a4as d2edcug0\">\n<div class=\"j83agx80 btwxx1t3 lhclo0ds hop8lmos nkwizq5d scwd0bx6 roh60bw9\">\n<div class=\"rq0escxv hkbzh7o3 jwdofwj8 n8tt0mok r8blr3vg hyh9befq\">\n<div class=\"do00u71z l9j0dhe7 k4urcfbm\">\n<h2><span style=\"color: #000080;\">DON CESARE, IL PENSIERO DEL GIORNO. ALLA RADIO ALLE 7 DEL MATTINO E ALLE 19.30 DELLA SERA.\u00a0\u00a0<\/span><\/h2>\n<p>&nbsp;<\/p>\n<p>&nbsp;<\/p>\n<audio class=\"wp-audio-shortcode\" id=\"audio-247941-12\" preload=\"none\" style=\"width: 100%;\" controls=\"controls\"><source type=\"audio\/mpeg\" src=\"https:\/\/www.radiopiu.net\/wordpress\/wp-content\/uploads\/2021\/12\/CESARE-4.mp3?_=12\" \/><a href=\"https:\/\/www.radiopiu.net\/wordpress\/wp-content\/uploads\/2021\/12\/CESARE-4.mp3\">https:\/\/www.radiopiu.net\/wordpress\/wp-content\/uploads\/2021\/12\/CESARE-4.mp3<\/a><\/audio>\n<p>&nbsp;<\/p>\n<p>&nbsp;<\/p>\n<hr \/>\n<p>&nbsp;<\/p>\n<p>&nbsp;<\/p>\n<blockquote class=\"wp-embedded-content\" data-secret=\"felsSj7ZO4\"><p><a href=\"https:\/\/www.radiopiu.net\/wordpress\/la-valle-agordina-320-anni-dalla-boa-del-1701-parti-2-di-6\/\">LA VALLE AGORDINA &#8211; 320 anni dalla BOA del 1701 (PARTI 2 DI 6)<\/a><\/p><\/blockquote>\n<p><iframe loading=\"lazy\" class=\"wp-embedded-content\" sandbox=\"allow-scripts\" security=\"restricted\" style=\"position: absolute; clip: rect(1px, 1px, 1px, 1px);\" title=\"&#8220;LA VALLE AGORDINA &#8211; 320 anni dalla BOA del 1701 (PARTI 2 DI 6)&#8221; &#8212; Radio Pi\u00f9\" src=\"https:\/\/www.radiopiu.net\/wordpress\/la-valle-agordina-320-anni-dalla-boa-del-1701-parti-2-di-6\/embed\/#?secret=felsSj7ZO4\" data-secret=\"felsSj7ZO4\" width=\"600\" height=\"338\" frameborder=\"0\" marginwidth=\"0\" marginheight=\"0\" scrolling=\"no\"><\/iframe><\/p>\n<p>&nbsp;<\/p>\n<p>&nbsp;<\/p>\n<hr \/>\n<p>&nbsp;<\/p>\n<blockquote>\n<h3>IN VIVO VERSO, SETTIMA STAGIONE CON BRUNELLA MORO, DAL LUNEDI AL VENERDI ALLE 7.10, 10.10 E 18.50<\/h3>\n<h3>DANZE D&#8217;AMORE AL VENTO di DOMENICO CASSANO<\/h3>\n<\/blockquote>\n<p>audio<\/p>\n<audio class=\"wp-audio-shortcode\" id=\"audio-247941-13\" preload=\"none\" style=\"width: 100%;\" controls=\"controls\"><source type=\"audio\/mpeg\" src=\"https:\/\/www.radiopiu.net\/wordpress\/wp-content\/uploads\/2021\/12\/01-DOMENICO-CASSANO-DANZE-DAMORE-A-VENTO.mp3?_=13\" \/><a href=\"https:\/\/www.radiopiu.net\/wordpress\/wp-content\/uploads\/2021\/12\/01-DOMENICO-CASSANO-DANZE-DAMORE-A-VENTO.mp3\">https:\/\/www.radiopiu.net\/wordpress\/wp-content\/uploads\/2021\/12\/01-DOMENICO-CASSANO-DANZE-DAMORE-A-VENTO.mp3<\/a><\/audio>\n<p>&nbsp;<\/p>\n<p><img loading=\"lazy\" decoding=\"async\" class=\"alignleft\" src=\"https:\/\/www.radiopiu.net\/wordpress\/wp-content\/uploads\/2021\/12\/c4211039-2fb3-4cc3-9fd4-6b60c65c970c-300x300.jpg\" width=\"124\" height=\"124\" \/>A mento alto,<br \/>\nuna lenta taranta.<br \/>\nSudore, acre sulla pelle,<br \/>\nscende.<br \/>\nAl ritmo del favonio pi\u00f9 caldo.<br \/>\nCorpi, in movimento.<br \/>\nSotto cieli azzurri, fino a sera.<br \/>\nCantano, ballano, amano un amore stridente.<br \/>\nSfiniti, cadono in piega, su<br \/>\nse stessi, con capelli,<br \/>\nlunghissimi, a far da mantello.<br \/>\nAttimi di mondi, lontani.<br \/>\nE cos\u00ec vicini<\/p>\n<p><strong>LA RACCOLTA COMPLETA\u00a0 \u00a0<\/strong><\/p>\n<blockquote class=\"wp-embedded-content\" data-secret=\"3URILgnPGk\"><p><a href=\"https:\/\/www.radiopiu.net\/wordpress\/in-vivo-verso\/\">In Vivo Verso<\/a><\/p><\/blockquote>\n<p><iframe loading=\"lazy\" class=\"wp-embedded-content\" sandbox=\"allow-scripts\" security=\"restricted\" style=\"position: absolute; clip: rect(1px, 1px, 1px, 1px);\" title=\"&#8220;In Vivo Verso&#8221; &#8212; Radio Pi\u00f9\" src=\"https:\/\/www.radiopiu.net\/wordpress\/in-vivo-verso\/embed\/#?secret=3URILgnPGk\" data-secret=\"3URILgnPGk\" width=\"600\" height=\"338\" frameborder=\"0\" marginwidth=\"0\" marginheight=\"0\" scrolling=\"no\"><\/iframe><\/p>\n<p>&nbsp;<\/p>\n<p>&nbsp;<\/p>\n<hr \/>\n<div>\n<div class=\"page-title-head hgroup\">\n<div class=\"page-title-head hgroup\">\n<div class=\"b654a4as d2edcug0\">\n<div class=\"j83agx80 btwxx1t3 lhclo0ds hop8lmos nkwizq5d scwd0bx6 roh60bw9\">\n<div class=\"rq0escxv hkbzh7o3 jwdofwj8 n8tt0mok r8blr3vg hyh9befq\">\n<div class=\"do00u71z l9j0dhe7 k4urcfbm\">\n<div class=\"ecm0bbzt e5nlhep0 a8c37x1j\">\n<div class=\"kvgmc6g5 cxmmr5t8 oygrvhab hcukyx3x c1et5uql\">\n<div class=\"gmail-kvgmc6g5 gmail-cxmmr5t8 gmail-oygrvhab gmail-hcukyx3x gmail-c1et5uql gmail-ii04i59q\">\n<div class=\"page-title-head hgroup\">\n<div class=\"page-title-head hgroup\">\n<div class=\"b654a4as d2edcug0\">\n<div class=\"j83agx80 btwxx1t3 lhclo0ds hop8lmos nkwizq5d scwd0bx6 roh60bw9\">\n<div class=\"rq0escxv hkbzh7o3 jwdofwj8 n8tt0mok r8blr3vg hyh9befq\">\n<div class=\"do00u71z l9j0dhe7 k4urcfbm\">\n<p>&nbsp;<\/p>\n<p>&nbsp;<\/p>\n<blockquote>\n<h2>RADIO APERTA AL &#8220;FOLLADOR-DE ROSSI&#8221;, L&#8217;OFFERTA SCOLASTICA DI AGORDO E FALCADE<\/h2>\n<\/blockquote>\n<blockquote><p><em><img loading=\"lazy\" decoding=\"async\" class=\"alignleft\" src=\"https:\/\/www.radiopiu.net\/wordpress\/wp-content\/uploads\/2020\/10\/FOLLADOR-DE-ROSSI-scaled.jpg\" width=\"205\" height=\"96\" \/>Radio Aperta, perch\u00e8 apriamo i microfoni a dirigenti, insegnanti ed alunni. Un raccontato a puntate per conoscere l&#8217;offerta scolastica agordina, dal polo di Agordo a quello di Falcade. Da lunedi a venerdi a alla radio alle 9.10 e alle 18<\/em><\/p><\/blockquote>\n<p>&nbsp;<\/p>\n<p>&nbsp;<\/p>\n<h3><span style=\"color: #0000ff;\">5 GEOTECNICO-MANUTENZIONI_ASSISTENZA TECNICA<\/span><\/h3>\n<audio class=\"wp-audio-shortcode\" id=\"audio-247941-14\" preload=\"none\" style=\"width: 100%;\" controls=\"controls\"><source type=\"audio\/mpeg\" src=\"https:\/\/www.radiopiu.net\/wordpress\/wp-content\/uploads\/2021\/12\/FOLLADOR-4.mp3?_=14\" \/><a href=\"https:\/\/www.radiopiu.net\/wordpress\/wp-content\/uploads\/2021\/12\/FOLLADOR-4.mp3\">https:\/\/www.radiopiu.net\/wordpress\/wp-content\/uploads\/2021\/12\/FOLLADOR-4.mp3<\/a><\/audio>\n<h3><span style=\"color: #0000ff;\">\u00a0<\/span><\/h3>\n<h3><span style=\"color: #0000ff;\">4 ENOGASTRONOMICO E TECNICO TURISTICO DI FALCADE<\/span><\/h3>\n<audio class=\"wp-audio-shortcode\" id=\"audio-247941-15\" preload=\"none\" style=\"width: 100%;\" controls=\"controls\"><source type=\"audio\/mpeg\" src=\"https:\/\/www.radiopiu.net\/wordpress\/wp-content\/uploads\/2021\/12\/FOLLADOR-3.mp3?_=15\" \/><a href=\"https:\/\/www.radiopiu.net\/wordpress\/wp-content\/uploads\/2021\/12\/FOLLADOR-3.mp3\">https:\/\/www.radiopiu.net\/wordpress\/wp-content\/uploads\/2021\/12\/FOLLADOR-3.mp3<\/a><\/audio>\n<h3><span style=\"color: #0000ff;\">\u00a0<\/span><span style=\"color: #0000ff;\">\u00a0<\/span><\/h3>\n<h3><span style=\"color: #0000ff;\">3 LICEO SCIENTIFICO\u00a0<\/span><\/h3>\n<audio class=\"wp-audio-shortcode\" id=\"audio-247941-16\" preload=\"none\" style=\"width: 100%;\" controls=\"controls\"><source type=\"audio\/mpeg\" src=\"https:\/\/www.radiopiu.net\/wordpress\/wp-content\/uploads\/2021\/12\/FOLLADOR-2.mp3?_=16\" \/><a href=\"https:\/\/www.radiopiu.net\/wordpress\/wp-content\/uploads\/2021\/12\/FOLLADOR-2.mp3\">https:\/\/www.radiopiu.net\/wordpress\/wp-content\/uploads\/2021\/12\/FOLLADOR-2.mp3<\/a><\/audio>\n<h3><span style=\"color: #0000ff;\">\u00a0<\/span><\/h3>\n<h3><span style=\"color: #0000ff;\">2 IL DIRIGENTE CLAUDIO MAGALIN\u00a0 &#8211; LICEO SPORTIVO<\/span><\/h3>\n<audio class=\"wp-audio-shortcode\" id=\"audio-247941-17\" preload=\"none\" style=\"width: 100%;\" controls=\"controls\"><source type=\"audio\/mpeg\" src=\"https:\/\/www.radiopiu.net\/wordpress\/wp-content\/uploads\/2021\/12\/GDB900.mp3?_=17\" \/><a href=\"https:\/\/www.radiopiu.net\/wordpress\/wp-content\/uploads\/2021\/12\/GDB900.mp3\">https:\/\/www.radiopiu.net\/wordpress\/wp-content\/uploads\/2021\/12\/GDB900.mp3<\/a><\/audio>\n<p>&nbsp;<\/p>\n<h3><span style=\"color: #0000ff;\"><strong>1 LO SPOT ALLA RADIO<\/strong><\/span><\/h3>\n<audio class=\"wp-audio-shortcode\" id=\"audio-247941-18\" preload=\"none\" style=\"width: 100%;\" controls=\"controls\"><source type=\"audio\/mpeg\" src=\"https:\/\/www.radiopiu.net\/wordpress\/wp-content\/uploads\/2021\/12\/FOLLADOR-NOVEMBRE-2021.mp3?_=18\" \/><a href=\"https:\/\/www.radiopiu.net\/wordpress\/wp-content\/uploads\/2021\/12\/FOLLADOR-NOVEMBRE-2021.mp3\">https:\/\/www.radiopiu.net\/wordpress\/wp-content\/uploads\/2021\/12\/FOLLADOR-NOVEMBRE-2021.mp3<\/a><\/audio>\n<p>&nbsp;<\/p>\n<p>&nbsp;<\/p>\n<hr \/>\n<p>&nbsp;<\/p>\n<p><span style=\"color: #0000ff;\">MUSICA PIU&#8217;\u00a0<\/span><\/p>\n<p><a href=\"https:\/\/www.radiopiu.net\/wordpress\/giornale-radiopiu-20-settembre-2021-direttore-mirko-mezzacasa\/pp-79\/\" rel=\"attachment wp-att-232921\"><img loading=\"lazy\" decoding=\"async\" class=\"wp-image-232921 alignleft\" src=\"https:\/\/www.radiopiu.net\/wordpress\/wp-content\/uploads\/2021\/09\/pp-1-300x300.jpg\" alt=\"\" width=\"135\" height=\"135\" srcset=\"https:\/\/www.radiopiu.net\/wordpress\/wp-content\/uploads\/2021\/09\/pp-1-300x300.jpg 300w, https:\/\/www.radiopiu.net\/wordpress\/wp-content\/uploads\/2021\/09\/pp-1-150x150.jpg 150w, https:\/\/www.radiopiu.net\/wordpress\/wp-content\/uploads\/2021\/09\/pp-1.jpg 640w\" sizes=\"auto, (max-width: 135px) 100vw, 135px\" \/><\/a><\/p>\n<div class=\"mkdf-post-text\">\n<div class=\"mkdf-post-text-inner\">\n<div class=\"mkdf-post-text-main\">\n<div class=\"mkdf-post-text\">\n<div class=\"mkdf-post-text-inner\">\n<div class=\"mkdf-post-text-main\">\n<div class=\"mkdf-post-text\">\n<div class=\"mkdf-post-text-inner\">\n<div class=\"mkdf-post-text-main\">\n<div class=\"page-title-head hgroup\">\n<div class=\"page-title-head hgroup\">\n<div class=\"mkdf-post-text\">\n<div class=\"mkdf-post-text-inner\">\n<div class=\"mkdf-post-text-main\">\n<div class=\"mkdf-post-text\">\n<div class=\"mkdf-post-text-inner\">\n<div class=\"mkdf-post-text-main\">\n<div class=\"page-title-head hgroup\">\n<div class=\"page-title-head hgroup\">\n<div class=\"page-title-head hgroup\">\n<div class=\"page-title-head hgroup\">\n<div class=\"b654a4as d2edcug0\">\n<div class=\"page-title-head hgroup\">\n<div class=\"page-title-head hgroup\">\n<div class=\"page-title-head hgroup\">\n<div class=\"page-title-head hgroup\">\n<div class=\"b654a4as d2edcug0\">\n<div class=\"page-title-head hgroup\">\n<div class=\"page-title-head hgroup\">\n<div class=\"page-title-head hgroup\">\n<div class=\"page-title-head hgroup\">\n<div class=\"b654a4as d2edcug0\">\n<div class=\"mkdf-post-text\">\n<div class=\"mkdf-post-text-inner\">\n<div class=\"mkdf-post-text-main\">\n<div class=\"mkdf-post-text\">\n<div class=\"mkdf-post-text-inner\">\n<div class=\"mkdf-post-text-main\">\n<div class=\"mkdf-post-text\">\n<div class=\"mkdf-post-text-inner\">\n<div class=\"mkdf-post-text-main\">\n<div class=\"page-title-head hgroup\">\n<div class=\"page-title-head hgroup\">\n<div class=\"mkdf-post-text\">\n<div class=\"mkdf-post-text-inner\">\n<div class=\"mkdf-post-text-main\">\n<div class=\"mkdf-post-text\">\n<div class=\"mkdf-post-text-inner\">\n<div class=\"mkdf-post-text-main\">\n<div class=\"page-title-head hgroup\">\n<div class=\"page-title-head hgroup\">\n<div class=\"page-title-head hgroup\">\n<div class=\"page-title-head hgroup\">\n<div class=\"b654a4as d2edcug0\">\n<div class=\"page-title-head hgroup\">\n<div class=\"page-title-head hgroup\">\n<div class=\"page-title-head hgroup\">\n<div class=\"page-title-head hgroup\">\n<div class=\"b654a4as d2edcug0\">\n<div class=\"page-title-head hgroup\">\n<div class=\"page-title-head hgroup\">\n<div class=\"page-title-head hgroup\">\n<div class=\"page-title-head hgroup\">\n<div class=\"b654a4as d2edcug0\">\n<div><\/div>\n<div><\/div>\n<div>\n<p><strong>MUSICA ALLA RADIO, IL PROGRAMMA DI LORIS SCUSSEL &#8220;COLLAGE OPERAZIONE NOSTALGIA&#8221; DAL LUNEDI AL VENERDI ALLE 16.00\u00a0 E ALLE 23\u00a0<\/strong><\/p>\n<\/div>\n<p>&nbsp;<\/p>\n<p>&nbsp;<\/p>\n<p><strong>PUNTATA NUMERO 496\u00a0<\/strong><\/p>\n<audio class=\"wp-audio-shortcode\" id=\"audio-247941-19\" preload=\"none\" style=\"width: 100%;\" controls=\"controls\"><source type=\"audio\/mpeg\" src=\"https:\/\/www.radiopiu.net\/wordpress\/wp-content\/uploads\/2021\/12\/Collage-496.mp3?_=19\" \/><a href=\"https:\/\/www.radiopiu.net\/wordpress\/wp-content\/uploads\/2021\/12\/Collage-496.mp3\">https:\/\/www.radiopiu.net\/wordpress\/wp-content\/uploads\/2021\/12\/Collage-496.mp3<\/a><\/audio>\n<blockquote>\n<h3><\/h3>\n<h3>COLLAGE DI LORIS SCUSSEL, VERSO LA PUNTATA NUMERO 500<\/h3>\n<\/blockquote>\n<blockquote><p><strong><em><a href=\"https:\/\/www.radiopiu.net\/wordpress\/collage-di-loris-scussel-verso-la-puntata-numero-500\/franco-e-loris\/\" rel=\"attachment wp-att-246394\"><img loading=\"lazy\" decoding=\"async\" class=\"wp-image-246394 alignleft\" src=\"https:\/\/www.radiopiu.net\/wordpress\/wp-content\/uploads\/2021\/12\/Franco-e-Loris-1024x731.jpg\" alt=\"\" width=\"330\" height=\"236\" srcset=\"https:\/\/www.radiopiu.net\/wordpress\/wp-content\/uploads\/2021\/12\/Franco-e-Loris-1024x731.jpg 1024w, https:\/\/www.radiopiu.net\/wordpress\/wp-content\/uploads\/2021\/12\/Franco-e-Loris-300x214.jpg 300w, https:\/\/www.radiopiu.net\/wordpress\/wp-content\/uploads\/2021\/12\/Franco-e-Loris-768x548.jpg 768w, https:\/\/www.radiopiu.net\/wordpress\/wp-content\/uploads\/2021\/12\/Franco-e-Loris.jpg 1447w\" sizes=\"auto, (max-width: 330px) 100vw, 330px\" \/><\/a>Collage, il programma di Radio Piu&#8217; in onda tutti i giorni dal lunedi al venerdi alle 16 e alle 23.30. Nel GIORNALE RADIO PIU tutti i giorni una nuova puntata. Di e con Loris Scussel.<\/em><\/strong><\/p><\/blockquote>\n<p><strong>REDAZIONE<\/strong> Questa settimana \u201cCollage operazione nostalgia\u201d raggiunger\u00e0 quota 500 puntate. Nella foto la trasmissione di gioved\u00ec dedicata all&#8217;amico Franco ad un anno dalla scomparsa, <em>&#8220;con lui oltre ad un\u2019amicizia che dura dal 1976 ho condiviso la prima esperienza presso una radio libera, come si chiamavano allora, Radio Vicenza dove per un anno e mezzo abbiamo condotto un programma che andava in onda il luned\u00ec sera dalle nove a mezzanotte, il ricordo tra qualche pensiero nostalgico e la musica come sempre protagonista&#8221;.<\/em><\/p>\n<p>Loris Scussel<\/p>\n<p>&nbsp;<\/p>\n<p>&nbsp;<\/p>\n<p>&nbsp;<\/p>\n<\/div>\n<\/div>\n<\/div>\n<\/div>\n<\/div>\n<\/div>\n<\/div>\n<\/div>\n<\/div>\n<\/div>\n<\/div>\n<\/div>\n<\/div>\n<\/div>\n<\/div>\n<\/div>\n<\/div>\n<\/div>\n<\/div>\n<\/div>\n<\/div>\n<\/div>\n<\/div>\n<\/div>\n<\/div>\n<\/div>\n<\/div>\n<\/div>\n<\/div>\n<\/div>\n<\/div>\n<\/div>\n<\/div>\n<\/div>\n<\/div>\n<\/div>\n<\/div>\n<\/div>\n<\/div>\n<\/div>\n<\/div>\n<\/div>\n<\/div>\n<\/div>\n<\/div>\n<\/div>\n<\/div>\n<\/div>\n<\/div>\n<\/div>\n<\/div>\n<\/div>\n<\/div>\n<\/div>\n<\/div>\n<\/div>\n<\/div>\n<\/div>\n<\/div>\n<\/div>\n<\/div>\n<\/div>\n<\/div>\n<\/div>\n<p>&nbsp;<\/p>\n<hr \/>\n<p>&nbsp;<\/p>\n<p>&nbsp;<\/p>\n<blockquote class=\"wp-embedded-content\" data-secret=\"7Kae4v8YqR\"><p><a href=\"https:\/\/www.radiopiu.net\/wordpress\/freemix-la-liberta-musicale-mixata-da-dj-athos-e-raccontata-da-dj-jack\/\">FREEMIX, LA LIBERTA&#8217; MUSICALE MIXATA DA DJ ATHOS E RACCONTATA DA DJ JACK<\/a><\/p><\/blockquote>\n<p><iframe loading=\"lazy\" class=\"wp-embedded-content\" sandbox=\"allow-scripts\" security=\"restricted\" style=\"position: absolute; clip: rect(1px, 1px, 1px, 1px);\" title=\"&#8220;FREEMIX, LA LIBERTA&#8217; MUSICALE MIXATA DA DJ ATHOS E RACCONTATA DA DJ JACK&#8221; &#8212; Radio Pi\u00f9\" src=\"https:\/\/www.radiopiu.net\/wordpress\/freemix-la-liberta-musicale-mixata-da-dj-athos-e-raccontata-da-dj-jack\/embed\/#?secret=7Kae4v8YqR\" data-secret=\"7Kae4v8YqR\" width=\"600\" height=\"338\" frameborder=\"0\" marginwidth=\"0\" marginheight=\"0\" scrolling=\"no\"><\/iframe><\/p>\n<p>&nbsp;<\/p>\n<blockquote class=\"wp-embedded-content\" data-secret=\"EIEOBQEtQF\"><p><a href=\"https:\/\/www.radiopiu.net\/wordpress\/da-ieri-alla-radio-in-palinsesto-loris-e-maurizio-con-la-grande-musica\/\">IL BLUES ALLA RADIO &#8230; COME NON L&#8217;AVETE MAI SENTITO PRIMA<\/a><\/p><\/blockquote>\n<p><iframe loading=\"lazy\" class=\"wp-embedded-content\" sandbox=\"allow-scripts\" security=\"restricted\" style=\"position: absolute; clip: rect(1px, 1px, 1px, 1px);\" title=\"&#8220;IL BLUES ALLA RADIO &#8230; COME NON L&#8217;AVETE MAI SENTITO PRIMA&#8221; &#8212; Radio Pi\u00f9\" src=\"https:\/\/www.radiopiu.net\/wordpress\/da-ieri-alla-radio-in-palinsesto-loris-e-maurizio-con-la-grande-musica\/embed\/#?secret=EIEOBQEtQF\" data-secret=\"EIEOBQEtQF\" width=\"600\" height=\"338\" frameborder=\"0\" marginwidth=\"0\" marginheight=\"0\" scrolling=\"no\"><\/iframe><\/p>\n<p>&nbsp;<\/p>\n<p>&nbsp;<\/p>\n<hr \/>\n<p>&nbsp;<\/p>\n<blockquote>\n<h3><span style=\"color: #0000ff;\">INFORMAZIONE il canale su TELEGRAM informazione di prima mano e in tempo reale. iscriviti ed aiutaci a farlo conoscere\u00a0\u00a0<\/span><\/h3>\n<\/blockquote>\n<div>\n<div class=\"page-title-head hgroup\">\n<div class=\"page-title-head hgroup\">\n<div class=\"page-title-head hgroup\">\n<div class=\"page-title-head hgroup\">\n<div class=\"b654a4as d2edcug0\">\n<div class=\"page-title-head hgroup\">\n<div class=\"page-title-head hgroup\">\n<div class=\"page-title-head hgroup\">\n<div class=\"page-title-head hgroup\">\n<div class=\"b654a4as d2edcug0\">\n<div class=\"page-title-head hgroup\">\n<div class=\"page-title-head hgroup\">\n<div class=\"page-title-head hgroup\">\n<div class=\"page-title-head hgroup\">\n<div class=\"page-title-head hgroup\">\n<div class=\"page-title-head hgroup\">\n<div class=\"page-title-head hgroup\">\n<div class=\"page-title-head hgroup\">\n<div class=\"page-title-head hgroup\">\n<div class=\"b654a4as d2edcug0\">\n<div class=\"page-title-head hgroup\">\n<div class=\"page-title-head hgroup\">\n<div class=\"page-title-head hgroup\">\n<div class=\"page-title-head hgroup\">\n<div class=\"b654a4as d2edcug0\">\n<div>\n<p>&nbsp;<\/p>\n<\/div>\n<div>\n<div class=\"page-title-head hgroup\">\n<div class=\"page-title-head hgroup\">\n<div class=\"page-title-head hgroup\">\n<div class=\"page-title-head hgroup\">\n<div class=\"page-title-head hgroup\">\n<div class=\"b654a4as d2edcug0\">\n<div>\n<hr \/>\n<\/div>\n<\/div>\n<div>\n<div>\n<p>&nbsp;<\/p>\n<\/div>\n<div>\n<div>\n<p>&nbsp;<\/p>\n<\/div>\n<div>\n<div>\n<p><strong>DUE MINUTI UN LIBRO, TUTTI I GIORNI ALLA RADIO ALLE 9.40 E ALLE 17.50<\/strong><\/p>\n<div>\n<div>\n<p><strong>LA RACCOLTA COMPLETA\u00a0\u00a0<\/strong><\/p>\n<\/div>\n<div>\n<blockquote class=\"wp-embedded-content\" data-secret=\"JMPAKjxvxY\"><p><a href=\"https:\/\/www.radiopiu.net\/wordpress\/due-minuti-un-libro\/\">Due minuti un libro<\/a><\/p><\/blockquote>\n<p><iframe loading=\"lazy\" class=\"wp-embedded-content\" sandbox=\"allow-scripts\" security=\"restricted\" style=\"position: absolute; clip: rect(1px, 1px, 1px, 1px);\" title=\"&#8220;Due minuti un libro&#8221; &#8212; Radio Pi\u00f9\" src=\"https:\/\/www.radiopiu.net\/wordpress\/due-minuti-un-libro\/embed\/#?secret=JMPAKjxvxY\" data-secret=\"JMPAKjxvxY\" width=\"600\" height=\"338\" frameborder=\"0\" marginwidth=\"0\" marginheight=\"0\" scrolling=\"no\"><\/iframe><\/p>\n<\/div>\n<\/div>\n<\/div>\n<div class=\"mkdf-post-text\">\n<div class=\"mkdf-post-text-inner\">\n<div class=\"mkdf-post-text-main\">\n<div class=\"mkdf-post-text\">\n<div class=\"mkdf-post-text-inner\">\n<div class=\"mkdf-post-text-main\">\n<div class=\"mkdf-post-text\">\n<div class=\"mkdf-post-text-inner\">\n<div class=\"mkdf-post-text-main\">\n<div class=\"page-title-head hgroup\">\n<div class=\"page-title-head hgroup\">\n<div class=\"mkdf-post-text\">\n<div class=\"mkdf-post-text-inner\">\n<div class=\"mkdf-post-text-main\">\n<div class=\"mkdf-post-text\">\n<div class=\"mkdf-post-text-inner\">\n<div class=\"mkdf-post-text-main\">\n<div class=\"page-title-head hgroup\">\n<div class=\"page-title-head hgroup\">\n<div class=\"page-title-head hgroup\">\n<div class=\"page-title-head hgroup\">\n<div class=\"b654a4as d2edcug0\">\n<div class=\"page-title-head hgroup\">\n<div class=\"page-title-head hgroup\">\n<div class=\"page-title-head hgroup\">\n<div class=\"page-title-head hgroup\">\n<div class=\"b654a4as d2edcug0\">\n<div class=\"page-title-head hgroup\">\n<div class=\"page-title-head hgroup\">\n<div class=\"page-title-head hgroup\">\n<div class=\"page-title-head hgroup\">\n<div class=\"b654a4as d2edcug0\">\n<div>\n<p>&nbsp;<\/p>\n<\/div>\n<div>\n<hr \/>\n<p>&nbsp;<\/p>\n<\/div>\n<h2><span style=\"color: #808000;\">L&#8217;ALMANACCO LADINO\u00a0\u00a0<\/span><\/h2>\n<p><strong>LA RACCOLTA<\/strong><\/p>\n<blockquote class=\"wp-embedded-content\" data-secret=\"RFszCNbs5k\"><p><a href=\"https:\/\/www.radiopiu.net\/wordpress\/almanacco-ladino\/\">Almanacco Ladino<\/a><\/p><\/blockquote>\n<p><iframe loading=\"lazy\" class=\"wp-embedded-content\" sandbox=\"allow-scripts\" security=\"restricted\" style=\"position: absolute; clip: rect(1px, 1px, 1px, 1px);\" title=\"&#8220;Almanacco Ladino&#8221; &#8212; Radio Pi\u00f9\" src=\"https:\/\/www.radiopiu.net\/wordpress\/almanacco-ladino\/embed\/#?secret=RFszCNbs5k\" data-secret=\"RFszCNbs5k\" width=\"600\" height=\"338\" frameborder=\"0\" marginwidth=\"0\" marginheight=\"0\" scrolling=\"no\"><\/iframe><\/p>\n<p>&nbsp;<\/p>\n<hr \/>\n<p>&nbsp;<\/p>\n<h2><span style=\"color: #33cccc;\">LA RASSEGNA STAMPA DA L&#8217;AMICO DEL POPOLO<\/span><\/h2>\n<p><strong><a href=\"https:\/\/www.radiopiu.net\/wordpress\/fine-anno-eccezionale\/primo-piano-gli-studenti-che-scrivono-e-leggono-gli-fogli-di-risposta-degli-esami-di-esercitazione-in-aula-della-scuola-con-lo-stress_73622-858\/\" rel=\"attachment wp-att-143128\"><img loading=\"lazy\" decoding=\"async\" class=\"size-medium wp-image-143128 alignleft\" src=\"https:\/\/www.radiopiu.net\/wordpress\/wp-content\/uploads\/2020\/06\/primo-piano-gli-studenti-che-scrivono-e-leggono-gli-fogli-di-risposta-degli-esami-di-esercitazione-in-aula-della-scuola-con-lo-stress_73622-858-300x200.jpg\" alt=\"\" width=\"300\" height=\"200\" srcset=\"https:\/\/www.radiopiu.net\/wordpress\/wp-content\/uploads\/2020\/06\/primo-piano-gli-studenti-che-scrivono-e-leggono-gli-fogli-di-risposta-degli-esami-di-esercitazione-in-aula-della-scuola-con-lo-stress_73622-858-300x200.jpg 300w, https:\/\/www.radiopiu.net\/wordpress\/wp-content\/uploads\/2020\/06\/primo-piano-gli-studenti-che-scrivono-e-leggono-gli-fogli-di-risposta-degli-esami-di-esercitazione-in-aula-della-scuola-con-lo-stress_73622-858.jpg 626w\" sizes=\"auto, (max-width: 300px) 100vw, 300px\" \/><\/a><span style=\"color: #ff0000;\">PUNTATA DEL 11 DICEMBRE<\/span><\/strong><\/p>\n<p><strong>di Gianni Santomaso<\/strong><\/p>\n<p>OSPITE: Franco Chemello, insegnante del Liceo Galileo Tiziano<\/p>\n<audio class=\"wp-audio-shortcode\" id=\"audio-247941-20\" preload=\"none\" style=\"width: 100%;\" controls=\"controls\"><source type=\"audio\/mpeg\" src=\"https:\/\/www.radiopiu.net\/wordpress\/wp-content\/uploads\/2021\/12\/RASSEGNA-GIANNI-1.mp3?_=20\" \/><a href=\"https:\/\/www.radiopiu.net\/wordpress\/wp-content\/uploads\/2021\/12\/RASSEGNA-GIANNI-1.mp3\">https:\/\/www.radiopiu.net\/wordpress\/wp-content\/uploads\/2021\/12\/RASSEGNA-GIANNI-1.mp3<\/a><\/audio>\n<p>&nbsp;<\/p>\n<p><strong>LA RACCOLTA COMPLETA<\/strong><\/p>\n<blockquote class=\"wp-embedded-content\" data-secret=\"tBuAgoFoRI\"><p><a href=\"https:\/\/www.radiopiu.net\/wordpress\/rassegna-stampa-di-gianni-santomaso\/\">Rassegna stampa da l&#8217;amico del popolo &#8211; di Gianni Santomaso<\/a><\/p><\/blockquote>\n<p><iframe loading=\"lazy\" class=\"wp-embedded-content\" sandbox=\"allow-scripts\" security=\"restricted\" style=\"position: absolute; clip: rect(1px, 1px, 1px, 1px);\" title=\"&#8220;Rassegna stampa da l&#8217;amico del popolo &#8211; di Gianni Santomaso&#8221; &#8212; Radio Pi\u00f9\" src=\"https:\/\/www.radiopiu.net\/wordpress\/rassegna-stampa-di-gianni-santomaso\/embed\/#?secret=tBuAgoFoRI\" data-secret=\"tBuAgoFoRI\" width=\"600\" height=\"338\" frameborder=\"0\" marginwidth=\"0\" marginheight=\"0\" scrolling=\"no\"><\/iframe><\/p>\n<p>&nbsp;<\/p>\n<hr \/>\n<p>&nbsp;<\/p>\n<h2><span style=\"color: #800080;\">I RACCONTI DI PAOLO SOPPELSA<\/span><\/h2>\n<p><strong>FACEBOOK ANNI 90<\/strong><\/p>\n<p><em><strong>AUDIO<\/strong><\/em><\/p>\n<audio class=\"wp-audio-shortcode\" id=\"audio-247941-21\" preload=\"none\" style=\"width: 100%;\" controls=\"controls\"><source type=\"audio\/mpeg\" src=\"https:\/\/www.radiopiu.net\/wordpress\/wp-content\/uploads\/2021\/12\/PAOLO-SOPPELSA-FACEBOOK-ANNI-90.mp3?_=21\" \/><a href=\"https:\/\/www.radiopiu.net\/wordpress\/wp-content\/uploads\/2021\/12\/PAOLO-SOPPELSA-FACEBOOK-ANNI-90.mp3\">https:\/\/www.radiopiu.net\/wordpress\/wp-content\/uploads\/2021\/12\/PAOLO-SOPPELSA-FACEBOOK-ANNI-90.mp3<\/a><\/audio>\n<p>&nbsp;<\/p>\n<p><a href=\"https:\/\/www.radiopiu.net\/wordpress\/i-racconti-di-paolo-soppelsa-puntata-104\/ba5f9669-4025-4784-b7e5-ec332fcf9b8e\/\" rel=\"attachment wp-att-247910\"><img loading=\"lazy\" decoding=\"async\" class=\"size-medium wp-image-247910 alignleft\" src=\"https:\/\/www.radiopiu.net\/wordpress\/wp-content\/uploads\/2021\/12\/ba5f9669-4025-4784-b7e5-ec332fcf9b8e-300x169.jpg\" alt=\"\" width=\"300\" height=\"169\" srcset=\"https:\/\/www.radiopiu.net\/wordpress\/wp-content\/uploads\/2021\/12\/ba5f9669-4025-4784-b7e5-ec332fcf9b8e-300x169.jpg 300w, https:\/\/www.radiopiu.net\/wordpress\/wp-content\/uploads\/2021\/12\/ba5f9669-4025-4784-b7e5-ec332fcf9b8e-1024x577.jpg 1024w, https:\/\/www.radiopiu.net\/wordpress\/wp-content\/uploads\/2021\/12\/ba5f9669-4025-4784-b7e5-ec332fcf9b8e-768x433.jpg 768w, https:\/\/www.radiopiu.net\/wordpress\/wp-content\/uploads\/2021\/12\/ba5f9669-4025-4784-b7e5-ec332fcf9b8e.jpg 1080w\" sizes=\"auto, (max-width: 300px) 100vw, 300px\" \/><\/a>Il seminterrato di un condominio colorato di giallo che contiene una decina di garage. Con l&#8217;ingresso situato lungo una discesa che, ai tempi dell&#8217;infanzia, rappresentava il primo vero atto di coraggio ciclistico: occorreva una buona dose di ardimento per lanciarsi a bomba lungo la strada in declivio in sella alla Graziella rossa. E ancora pi\u00f9 audacia era necessaria per percorrere in piena velocit\u00e0 la curva a destra in fondo alla via dove allora c&#8217;era lo stop; ovviamente mancando clamorosamente la precedenza. E non era solamente la notevole pendenza a richiedere quel coraggio anni &#8217;80: il motivo principale, in realt\u00e0, era il fuggire di corsa da quell&#8217;ingresso tenebroso che pareva una sorta di buco nero pronto ad inghiottirci: &#8220;garage della paura&#8221; lo chiamavamo, e mai nome fu cos\u00ec perfetto. Poi, un po&#8217; alla volta, familiarizzammo con il severo garage: ma solamente perch\u00e9, al suo interno, era presente il rubinetto dell&#8217;acqua con annesso lavandino, fondamentale per dissetarsi durante le pause di quelle infinite partite di &#8220;calcio da cortile&#8221;. Poi arrivarono gli anni &#8217;90 e quei cacciatori di rubinetti condominiali divennero adolescenti e le corse in bici e gli incontri calcistici vennero sostituiti dal chiacchierare in stile &#8220;ragazzi del muretto&#8221;. Vi furono varie location utili, tutte dotate di classico muretto con ringhiera; dapprima &#8220;la curva&#8221; e poi il &#8220;metano&#8221;; che pi\u00f9 tardi divennero obsolete perch\u00e9 sostituite dal garage. Un ritrovo perfetto, appartato il giusto, al riparo dalle intemperie e, d&#8217;inverno, dispensatore di un calore del tutto &#8220;psicologico&#8221;, ma utile per riscaldarci almeno un poco in quelle gelide sere di quei lontani inverni di fine millennio. Fu la nostra tana per circa un decennio; e grazie a chiss\u00e0 quale miracolo, nessun condomino dimorante nel condominio colorato di giallo ebbe da ridire; e onestamente, se vi fosse stato qualche lamento, esso sarebbe stato pienamente giustificato.<br \/>\nQualche volta passo ancora di qui. In questo luogo che potrebbe essere ovunque. E che invece \u00e8 vicino a casa. Molto vicino. Questo posto era la chat prima dell\u2019arrivo di internet. Account facebook anni \u201990. Per dirlo in chiave moderna &#8220;# citroviamoquistasera&#8221;. Non c\u2019erano suonerie ad avvisarti che qualcuno ti cercava, bastava un fischio dalla strada. Ma quasi sempre non ce n\u2019era bisogno. Andavi l\u00ec direttamente per trovare gli amici della chat. Ed immancabilmente qualcuno trovavi. Sempre. Magari non erano 4789 seguaci come in certi profili odierni, forse erano una decina, ma erano reali. In carne ed ossa. E ci si parlava. Dalle 18 alle 19.30, poi dalle 20.45 ad oltranza. E i sabati e le domeniche dalle 14 in poi. A volte si rimaneva l\u00e0 tutta la sera, incapaci di decidere cosa fare, dove andare. O forse il non decidere era, col senno di poi, la cosa bella. Bastava stare insieme. Quante serate iniziate in quel luogo. Ed anche finite, che quando si spegnevano i lampioni all\u2019una di notte qualcuno era ancora l\u00e0. A dirsi l\u2019ultimo \u201ca domani\u201d che non era mai l\u2019ultimo, perch\u00e9 c\u2019era ancora qualcosa da raccontare, o qualche confidenza da sentire. Oppure un bacio da dare. Passando, mi sembra di rivedere i volti degli amici e delle amiche di allora. Alcuni li frequento ancora, altri so che esistono, certi sono spariti, inghiottiti dalla vita. Com\u2019\u00e8 giusto che sia. Ed allora provo un poco di nostalgia per quell\u2019et\u00e0 ormai lontana. Quando si viveva in un mondo pi\u00f9 semplice e ci si faceva bastare quello che si aveva. Ora quella chat \u00e8 chiusa da molti anni e nella via regna il silenzio. Non si sentono pi\u00f9 quelle giovani voci scherzare e discutere per scegliere il locale dove andare a passare la serata. La vita ha fatto il suo corso per tutti, ed \u00e8 giusto cos\u00ec. I ragazzi d\u2019oggi che transitano di l\u00ec, non possono immaginare che all\u2019entrata di un banale garage condominiale esistesse un piccolo mondo scomparso da oltre quindici anni. Un mondo semplice, in cui nulla era virtuale, che qualche volta riaffiora dal mare dei ricordi inerenti all&#8217;allegra vita vissuta in quell&#8217;appartato angolo della piccola citt\u00e0.<\/p>\n<p><strong>LA RACCOLTA COMPLETA<\/strong><\/p>\n<blockquote class=\"wp-embedded-content\" data-secret=\"O5DGK97pMZ\"><p><a href=\"https:\/\/www.radiopiu.net\/wordpress\/i-racconti-di-paolo-soppelsa\/\">I racconti di Paolo Soppelsa<\/a><\/p><\/blockquote>\n<p><iframe loading=\"lazy\" class=\"wp-embedded-content\" sandbox=\"allow-scripts\" security=\"restricted\" style=\"position: absolute; clip: rect(1px, 1px, 1px, 1px);\" title=\"&#8220;I racconti di Paolo Soppelsa&#8221; &#8212; Radio Pi\u00f9\" src=\"https:\/\/www.radiopiu.net\/wordpress\/i-racconti-di-paolo-soppelsa\/embed\/#?secret=O5DGK97pMZ\" data-secret=\"O5DGK97pMZ\" width=\"600\" height=\"338\" frameborder=\"0\" marginwidth=\"0\" marginheight=\"0\" scrolling=\"no\"><\/iframe><\/p>\n<p>&nbsp;<\/p>\n<hr \/>\n<\/div>\n<div class=\"b654a4as d2edcug0\">\n<p>&nbsp;<\/p>\n<p><a href=\"https:\/\/www.radiopiu.net\/wordpress\/giornale-radiopiu-26-settembre-2018-direttore-mirko-mezzacasa\/viabilita-2\/\" rel=\"attachment wp-att-61954\"><img loading=\"lazy\" decoding=\"async\" class=\"aligncenter wp-image-61954 size-full\" src=\"https:\/\/www.radiopiu.net\/wordpress\/wp-content\/uploads\/2018\/09\/viabilita.jpeg\" sizes=\"auto, (max-width: 800px) 100vw, 800px\" srcset=\"https:\/\/www.radiopiu.net\/wordpress\/wp-content\/uploads\/2018\/09\/viabilita.jpeg 800w, https:\/\/www.radiopiu.net\/wordpress\/wp-content\/uploads\/2018\/09\/viabilita-300x38.jpeg 300w, https:\/\/www.radiopiu.net\/wordpress\/wp-content\/uploads\/2018\/09\/viabilita-768x96.jpeg 768w\" alt=\"\" width=\"800\" height=\"100\" \/><\/a><\/p>\n<div class=\"ecm0bbzt e5nlhep0 a8c37x1j\">\n<div class=\"kvgmc6g5 cxmmr5t8 oygrvhab hcukyx3x c1et5uql\">\n<div class=\"gmail-kvgmc6g5 gmail-cxmmr5t8 gmail-oygrvhab gmail-hcukyx3x gmail-c1et5uql gmail-ii04i59q\">\n<div class=\"page-title-head hgroup\">\n<div class=\"page-title-head hgroup\">\n<div class=\"b654a4as d2edcug0\">\n<div class=\"j83agx80 btwxx1t3 lhclo0ds hop8lmos nkwizq5d scwd0bx6 roh60bw9\">\n<div class=\"rq0escxv hkbzh7o3 jwdofwj8 n8tt0mok r8blr3vg hyh9befq\">\n<div class=\"do00u71z l9j0dhe7 k4urcfbm\">\n<div class=\"page-title-head hgroup\">\n<div class=\"page-title-head hgroup\">\n<div class=\"page-title-head hgroup\">\n<div class=\"page-title-head hgroup\">\n<div class=\"b654a4as d2edcug0\">\n<div class=\"page-title-head hgroup\">\n<div class=\"page-title-head hgroup\">\n<div class=\"page-title-head hgroup\">\n<div class=\"page-title-head hgroup\">\n<div class=\"b654a4as d2edcug0\">\n<div class=\"page-title-head hgroup\">\n<div class=\"page-title-head hgroup\">\n<div class=\"page-title-head hgroup\">\n<div class=\"page-title-head hgroup\">\n<div class=\"page-title-head hgroup\">\n<div class=\"page-title-head hgroup\">\n<div class=\"page-title-head hgroup\">\n<div class=\"page-title-head hgroup\">\n<div class=\"page-title-head hgroup\">\n<div class=\"b654a4as d2edcug0\">\n<div class=\"page-title-head hgroup\">\n<div class=\"page-title-head hgroup\">\n<div class=\"page-title-head hgroup\">\n<div class=\"page-title-head hgroup\">\n<div class=\"b654a4as d2edcug0\">\n<div class=\"page-title-head hgroup\">\n<div class=\"page-title-head hgroup\">\n<div class=\"page-title-head hgroup\">\n<div class=\"page-title-head hgroup\">\n<div class=\"page-title-head hgroup\">\n<div class=\"mkdf-post-text\">\n<div class=\"mkdf-post-text-inner\">\n<div class=\"mkdf-post-text-main\">\n<div class=\"mkdf-post-text\">\n<div class=\"mkdf-post-text-inner\">\n<div class=\"mkdf-post-text-main\">\n<div class=\"mkdf-post-text\">\n<div class=\"mkdf-post-text-inner\">\n<div class=\"mkdf-post-text-main\">\n<div class=\"page-title-head hgroup\">\n<div class=\"page-title-head hgroup\">\n<div class=\"mkdf-post-text\">\n<div class=\"mkdf-post-text-inner\">\n<div class=\"mkdf-post-text-main\">\n<div class=\"mkdf-post-text\">\n<div class=\"mkdf-post-text-inner\">\n<div class=\"mkdf-post-text-main\">\n<div class=\"page-title-head hgroup\">\n<div class=\"page-title-head hgroup\">\n<div class=\"page-title-head hgroup\">\n<div class=\"page-title-head hgroup\">\n<div class=\"b654a4as d2edcug0\">\n<div class=\"page-title-head hgroup\">\n<div class=\"page-title-head hgroup\">\n<div class=\"page-title-head hgroup\">\n<div class=\"page-title-head hgroup\">\n<div class=\"b654a4as d2edcug0\">\n<div class=\"page-title-head hgroup\">\n<div class=\"page-title-head hgroup\">\n<div class=\"page-title-head hgroup\">\n<div class=\"page-title-head hgroup\">\n<div class=\"b654a4as d2edcug0\">\n<div class=\"chat-input\">\n<div class=\"chat-input-container\">\n<div class=\"rows-wrapper chat-input-wrapper\">\n<div class=\"reply-wrapper\">\n<div class=\"btn-menu\">\n<div class=\"btn-menu-item tgico-replace rp\">\n<div class=\"c-ripple\">\n<div class=\"bubbles scrolled-down\">\n<div class=\"scrollable scrollable-y\">\n<div class=\"bubbles-inner has-rights is-chat is-channel\">\n<div class=\"bubbles-date-group\">\n<div class=\"bubble hide-name is-out can-have-tail is-group-first is-group-last is-read\" data-mid=\"5377294335\" data-peer-id=\"-1478820725\" data-timestamp=\"1638437407\">\n<div class=\"bubble-content-wrapper\">\n<div class=\"bubble-content\">\n<div class=\"message\" dir=\"auto\"><strong>\u00a0<\/strong><\/div>\n<div class=\"message\" dir=\"auto\"><strong>48 DELLE DOLOMITI<\/strong> localit\u00e0 Salesei di Sopra (Livinallongo)\u00a0 fino al 23 dicembre dalle 8 alle 17 &#8211; esclusi festivi e prefestivi &#8211; possibili interruzioni fino a 15 minuti, negli altri orari senso unico alternato con semaforo o movieri<\/div>\n<\/div>\n<\/div>\n<\/div>\n<\/div>\n<\/div>\n<\/div>\n<\/div>\n<\/div>\n<\/div>\n<\/div>\n<\/div>\n<\/div>\n<\/div>\n<\/div>\n<p><strong>SR 48 D<\/strong><strong>ELLE DOLOMITI<\/strong> fino al 17 dicembre senso unico alternato regolato da semaforo &#8211; esclusi festivi e prefestivi &#8211; in localit\u00e0 Bosco Ruaz.<\/p>\n<\/div>\n<\/div>\n<\/div>\n<\/div>\n<\/div>\n<\/div>\n<\/div>\n<\/div>\n<\/div>\n<\/div>\n<\/div>\n<\/div>\n<\/div>\n<\/div>\n<\/div>\n<\/div>\n<\/div>\n<\/div>\n<\/div>\n<\/div>\n<\/div>\n<\/div>\n<\/div>\n<\/div>\n<\/div>\n<\/div>\n<\/div>\n<\/div>\n<\/div>\n<\/div>\n<\/div>\n<\/div>\n<\/div>\n<\/div>\n<\/div>\n<\/div>\n<\/div>\n<\/div>\n<\/div>\n<\/div>\n<\/div>\n<\/div>\n<\/div>\n<\/div>\n<\/div>\n<\/div>\n<\/div>\n<\/div>\n<\/div>\n<\/div>\n<\/div>\n<\/div>\n<\/div>\n<\/div>\n<\/div>\n<\/div>\n<\/div>\n<\/div>\n<\/div>\n<\/div>\n<\/div>\n<\/div>\n<\/div>\n<\/div>\n<\/div>\n<\/div>\n<\/div>\n<\/div>\n<\/div>\n<\/div>\n<\/div>\n<\/div>\n<\/div>\n<\/div>\n<\/div>\n<\/div>\n<\/div>\n<\/div>\n<\/div>\n<\/div>\n<\/div>\n<\/div>\n<\/div>\n<\/div>\n<\/div>\n<\/div>\n<\/div>\n<\/div>\n<\/div>\n<\/div>\n<\/div>\n<\/div>\n<\/div>\n<\/div>\n<\/div>\n<\/div>\n<\/div>\n<\/div>\n<\/div>\n<\/div>\n<\/div>\n<\/div>\n<\/div>\n<\/div>\n<\/div>\n<\/div>\n<\/div>\n<\/div>\n<\/div>\n<\/div>\n<\/div>\n<\/div>\n<\/div>\n<\/div>\n<\/div>\n<\/div>\n<\/div>\n<\/div>\n<\/div>\n<\/div>\n<\/div>\n<\/div>\n<\/div>\n<\/div>\n<\/div>\n<\/div>\n<\/div>\n<\/div>\n<\/div>\n<\/div>\n<\/div>\n<\/div>\n<\/div>\n<\/div>\n<\/div>\n<\/div>\n<\/div>\n<\/div>\n<\/div>\n<\/div>\n<\/div>\n<\/div>\n<\/div>\n<\/div>\n<\/div>\n<\/div>\n<\/div>\n<\/div>\n<\/div>\n<\/div>\n<\/div>\n<\/div>\n<\/div>\n<\/div>\n<div>\n<div class=\"page-title-head hgroup\">\n<div class=\"page-title-head hgroup\">\n<div class=\"b654a4as d2edcug0\">\n<div class=\"j83agx80 btwxx1t3 lhclo0ds hop8lmos nkwizq5d scwd0bx6 roh60bw9\">\n<div class=\"rq0escxv hkbzh7o3 jwdofwj8 n8tt0mok r8blr3vg hyh9befq\">\n<div class=\"do00u71z l9j0dhe7 k4urcfbm\">\n<div class=\"ecm0bbzt e5nlhep0 a8c37x1j\">\n<div class=\"kvgmc6g5 cxmmr5t8 oygrvhab hcukyx3x c1et5uql\">\n<div class=\"gmail-kvgmc6g5 gmail-cxmmr5t8 gmail-oygrvhab gmail-hcukyx3x gmail-c1et5uql gmail-ii04i59q\">\n<div class=\"page-title-head hgroup\">\n<div class=\"page-title-head hgroup\">\n<div class=\"b654a4as d2edcug0\">\n<div class=\"j83agx80 btwxx1t3 lhclo0ds hop8lmos nkwizq5d scwd0bx6 roh60bw9\">\n<div class=\"rq0escxv hkbzh7o3 jwdofwj8 n8tt0mok r8blr3vg hyh9befq\">\n<div class=\"do00u71z l9j0dhe7 k4urcfbm\">\n<div class=\"page-title-head hgroup\">\n<div class=\"page-title-head hgroup\">\n<div class=\"page-title-head hgroup\">\n<div class=\"page-title-head hgroup\">\n<div class=\"b654a4as d2edcug0\">\n<div class=\"page-title-head hgroup\">\n<div class=\"page-title-head hgroup\">\n<div class=\"page-title-head hgroup\">\n<div class=\"page-title-head hgroup\">\n<div class=\"b654a4as d2edcug0\">\n<div class=\"page-title-head hgroup\">\n<div class=\"page-title-head hgroup\">\n<div class=\"page-title-head hgroup\">\n<div class=\"page-title-head hgroup\">\n<div class=\"page-title-head hgroup\">\n<div class=\"page-title-head hgroup\">\n<div class=\"page-title-head hgroup\">\n<div class=\"page-title-head hgroup\">\n<div class=\"page-title-head hgroup\">\n<div class=\"b654a4as d2edcug0\">\n<div class=\"page-title-head hgroup\">\n<div class=\"page-title-head hgroup\">\n<div class=\"page-title-head hgroup\">\n<div class=\"page-title-head hgroup\">\n<div class=\"b654a4as d2edcug0\">\n<div class=\"page-title-head hgroup\">\n<div class=\"page-title-head hgroup\">\n<div class=\"page-title-head hgroup\">\n<div class=\"page-title-head hgroup\">\n<div class=\"page-title-head hgroup\">\n<div class=\"mkdf-post-text\">\n<div class=\"mkdf-post-text-inner\">\n<div class=\"mkdf-post-text-main\">\n<div class=\"mkdf-post-text\">\n<div class=\"mkdf-post-text-inner\">\n<div class=\"mkdf-post-text-main\">\n<div class=\"mkdf-post-text\">\n<div class=\"mkdf-post-text-inner\">\n<div class=\"mkdf-post-text-main\">\n<div class=\"page-title-head hgroup\">\n<div class=\"page-title-head hgroup\">\n<div class=\"mkdf-post-text\">\n<div class=\"mkdf-post-text-inner\">\n<div class=\"mkdf-post-text-main\">\n<div class=\"mkdf-post-text\">\n<div class=\"mkdf-post-text-inner\">\n<div class=\"mkdf-post-text-main\">\n<div class=\"page-title-head hgroup\">\n<div class=\"page-title-head hgroup\">\n<div class=\"page-title-head hgroup\">\n<div class=\"page-title-head hgroup\">\n<div class=\"b654a4as d2edcug0\">\n<div class=\"page-title-head hgroup\">\n<div class=\"page-title-head hgroup\">\n<div class=\"page-title-head hgroup\">\n<div class=\"page-title-head hgroup\">\n<div class=\"b654a4as d2edcug0\">\n<div class=\"page-title-head hgroup\">\n<div class=\"page-title-head hgroup\">\n<div class=\"page-title-head hgroup\">\n<div class=\"page-title-head hgroup\">\n<div class=\"b654a4as d2edcug0\">\n<div class=\"ecm0bbzt e5nlhep0 a8c37x1j\">\n<div class=\"kvgmc6g5 cxmmr5t8 oygrvhab hcukyx3x c1et5uql\">\n<div class=\"gmail-kvgmc6g5 gmail-cxmmr5t8 gmail-oygrvhab gmail-hcukyx3x gmail-c1et5uql gmail-ii04i59q\">\n<div class=\"page-title-head hgroup\">\n<div class=\"page-title-head hgroup\">\n<div class=\"b654a4as d2edcug0\">\n<div class=\"j83agx80 btwxx1t3 lhclo0ds hop8lmos nkwizq5d scwd0bx6 roh60bw9\">\n<div class=\"rq0escxv hkbzh7o3 jwdofwj8 n8tt0mok r8blr3vg hyh9befq\">\n<div class=\"do00u71z l9j0dhe7 k4urcfbm\">\n<div class=\"page-title-head hgroup\">\n<div class=\"page-title-head hgroup\">\n<div class=\"page-title-head hgroup\">\n<div class=\"page-title-head hgroup\">\n<div class=\"b654a4as d2edcug0\">\n<div class=\"page-title-head hgroup\">\n<div class=\"page-title-head hgroup\">\n<div class=\"page-title-head hgroup\">\n<div class=\"page-title-head hgroup\">\n<div class=\"b654a4as d2edcug0\">\n<div class=\"page-title-head hgroup\">\n<div class=\"page-title-head hgroup\">\n<div class=\"page-title-head hgroup\">\n<div class=\"page-title-head hgroup\">\n<div class=\"page-title-head hgroup\">\n<div class=\"page-title-head hgroup\">\n<div class=\"page-title-head hgroup\">\n<div class=\"page-title-head hgroup\">\n<div class=\"page-title-head hgroup\">\n<div class=\"b654a4as d2edcug0\">\n<div class=\"page-title-head hgroup\">\n<div class=\"page-title-head hgroup\">\n<div class=\"page-title-head hgroup\">\n<div class=\"page-title-head hgroup\">\n<div class=\"b654a4as d2edcug0\">\n<div class=\"page-title-head hgroup\">\n<div class=\"page-title-head hgroup\">\n<div class=\"page-title-head hgroup\">\n<div class=\"page-title-head hgroup\">\n<div class=\"page-title-head hgroup\">\n<div class=\"mkdf-post-text\">\n<div class=\"mkdf-post-text-inner\">\n<div class=\"mkdf-post-text-main\">\n<div class=\"mkdf-post-text\">\n<div class=\"mkdf-post-text-inner\">\n<div class=\"mkdf-post-text-main\">\n<div class=\"mkdf-post-text\">\n<div class=\"mkdf-post-text-inner\">\n<div class=\"mkdf-post-text-main\">\n<div class=\"page-title-head hgroup\">\n<div class=\"page-title-head hgroup\">\n<div class=\"mkdf-post-text\">\n<div class=\"mkdf-post-text-inner\">\n<div class=\"mkdf-post-text-main\">\n<div class=\"mkdf-post-text\">\n<div class=\"mkdf-post-text-inner\">\n<div class=\"mkdf-post-text-main\">\n<div class=\"page-title-head hgroup\">\n<div class=\"page-title-head hgroup\">\n<div class=\"page-title-head hgroup\">\n<div class=\"page-title-head hgroup\">\n<div class=\"b654a4as d2edcug0\">\n<div class=\"page-title-head hgroup\">\n<div class=\"page-title-head hgroup\">\n<div class=\"page-title-head hgroup\">\n<div class=\"page-title-head hgroup\">\n<div class=\"b654a4as d2edcug0\">\n<div class=\"page-title-head hgroup\">\n<div class=\"page-title-head hgroup\">\n<div class=\"page-title-head hgroup\">\n<div class=\"page-title-head hgroup\">\n<div class=\"b654a4as d2edcug0\">\n<p><strong>SP 251 VAL DI ZOLDO E CELLINA<\/strong> fino al 22 dicembre interruzioni alla viabilit\u00e0 della durata massima di 10 minuti e senso unico alternato nei periodi non interessati dalle interruzioni nel comune di Val di Zoldo<\/p>\n<p><strong>SR 203 AGORDINA<\/strong> Fino al 17 dicembre, esclusi sabato domenica e festivi infrasettimanali, restringimento della careggiata con divieto di sorpasso e limitazione ai 50 km\/h in comune di La Valle per lavori sul margine della carreggiata<\/p>\n<p><strong>SP 422 DELL&#8217;ALPAGO E DEL<\/strong> <strong>CANSIGLIO<\/strong> Fino al 17 dicembre senso unico alternato con semaforo in localit\u00e0 Cornei di Alpago per posa cavidotti<\/p>\n<p><strong>SP 40 VAL SENAIGA<\/strong>\u00a0 Fino\u00a0 al 22 dicembre, sabati domeniche e festivi inclusi, interdizione totale al traffico in localit\u00e0 Pei di Lamon per consolidamento corpo stradale<\/p>\n<p>&nbsp;<\/p>\n<hr \/>\n<p>&nbsp;<\/p>\n<\/div>\n<div class=\"b654a4as d2edcug0\">\n<div class=\"ecm0bbzt e5nlhep0 a8c37x1j\">\n<div class=\"kvgmc6g5 cxmmr5t8 oygrvhab hcukyx3x c1et5uql\">\n<div class=\"gmail-kvgmc6g5 gmail-cxmmr5t8 gmail-oygrvhab gmail-hcukyx3x gmail-c1et5uql gmail-ii04i59q\">\n<div>\n<div class=\"page-title-head hgroup\">\n<div class=\"page-title-head hgroup\">\n<div class=\"b654a4as d2edcug0\">\n<div class=\"j83agx80 btwxx1t3 lhclo0ds hop8lmos nkwizq5d scwd0bx6 roh60bw9\">\n<div class=\"rq0escxv hkbzh7o3 jwdofwj8 n8tt0mok r8blr3vg hyh9befq\">\n<div class=\"do00u71z l9j0dhe7 k4urcfbm\">\n<div>\n<div class=\"page-title-head hgroup\">\n<div class=\"page-title-head hgroup\">\n<div class=\"page-title-head hgroup\">\n<div class=\"page-title-head hgroup\">\n<div class=\"b654a4as d2edcug0\">\n<div class=\"page-title-head hgroup\">\n<div class=\"page-title-head hgroup\">\n<div class=\"page-title-head hgroup\">\n<div class=\"page-title-head hgroup\">\n<div class=\"b654a4as d2edcug0\">\n<div class=\"page-title-head hgroup\">\n<div class=\"page-title-head hgroup\">\n<div class=\"page-title-head hgroup\">\n<div class=\"page-title-head hgroup\">\n<div class=\"page-title-head hgroup\">\n<div class=\"mkdf-post-text\">\n<div class=\"mkdf-post-text-inner\">\n<div class=\"mkdf-post-text-main\">\n<div class=\"mkdf-post-text\">\n<div class=\"mkdf-post-text-inner\">\n<div class=\"mkdf-post-text-main\">\n<div class=\"mkdf-post-text\">\n<div class=\"mkdf-post-text-inner\">\n<div class=\"mkdf-post-text-main\">\n<div class=\"page-title-head hgroup\">\n<div class=\"page-title-head hgroup\">\n<div class=\"mkdf-post-text\">\n<div class=\"mkdf-post-text-inner\">\n<div class=\"mkdf-post-text-main\">\n<div class=\"mkdf-post-text\">\n<div class=\"mkdf-post-text-inner\">\n<div class=\"mkdf-post-text-main\">\n<div>\n<div class=\"page-title-head hgroup\">\n<div class=\"page-title-head hgroup\">\n<div>\n<div class=\"page-title-head hgroup\">\n<div class=\"page-title-head hgroup\">\n<div class=\"b654a4as d2edcug0\">\n<div>\n<div class=\"page-title-head hgroup\" style=\"text-align: left;\">\n<div class=\"page-title-head hgroup\">\n<div dir=\"auto\">\n<p><a class=\"dt-pswp-item pspw-wrap-ready\" href=\"https:\/\/i0.wp.com\/www.radiopiu.net\/wordpress\/wp-content\/uploads\/2018\/09\/WhatsApp-Image-2018-09-20-at-16.04.06.jpeg?ssl=1\" data-dt-img-description=\"\" data-large_image_width=\"800\" data-large_image_height=\"100\"><img loading=\"lazy\" decoding=\"async\" class=\"aligncenter wp-image-61378 size-full jetpack-lazy-image jetpack-lazy-image--handled\" src=\"https:\/\/i0.wp.com\/www.radiopiu.net\/wordpress\/wp-content\/uploads\/2018\/09\/WhatsApp-Image-2018-09-20-at-16.04.06.jpeg?resize=800%2C100&amp;ssl=1\" sizes=\"auto, (max-width: 800px) 100vw, 800px\" srcset=\"https:\/\/i0.wp.com\/www.radiopiu.net\/wordpress\/wp-content\/uploads\/2018\/09\/WhatsApp-Image-2018-09-20-at-16.04.06.jpeg?w=800&amp;ssl=1 800w, https:\/\/i0.wp.com\/www.radiopiu.net\/wordpress\/wp-content\/uploads\/2018\/09\/WhatsApp-Image-2018-09-20-at-16.04.06.jpeg?resize=300%2C38&amp;ssl=1 300w, https:\/\/i0.wp.com\/www.radiopiu.net\/wordpress\/wp-content\/uploads\/2018\/09\/WhatsApp-Image-2018-09-20-at-16.04.06.jpeg?resize=768%2C96&amp;ssl=1 768w\" alt=\"\" width=\"800\" height=\"100\" data-lazy-loaded=\"1\" \/><\/a><\/p>\n<\/div>\n<\/div>\n<\/div>\n<\/div>\n<\/div>\n<\/div>\n<\/div>\n<\/div>\n<\/div>\n<\/div>\n<\/div>\n<\/div>\n<\/div>\n<\/div>\n<\/div>\n<\/div>\n<\/div>\n<\/div>\n<\/div>\n<\/div>\n<\/div>\n<\/div>\n<\/div>\n<\/div>\n<\/div>\n<\/div>\n<\/div>\n<\/div>\n<\/div>\n<\/div>\n<\/div>\n<\/div>\n<\/div>\n<\/div>\n<\/div>\n<\/div>\n<\/div>\n<\/div>\n<\/div>\n<\/div>\n<\/div>\n<\/div>\n<\/div>\n<\/div>\n<p>&nbsp;<\/p>\n<p><center><b>Martedi 14<\/b><\/center><b>Tempo atteso: <\/b>Fino al primo mattino cielo sereno, poi parzialmente soleggiato con tratti di cielo poco nuvoloso alternati a nubi alte e medio-alte di sottovento, in alcuni momenti anche estese, specie nel pomeriggio. Persister\u00e0 l&#8217;insidia nebbia durante le ore pi\u00f9 fredde in Valbelluna, la quale si estender\u00e0 anche ad alcuni settori a ridosso delle pedemontana. Le gelate notturne torneranno a intensificarsi per maggiore irraggiamento.<br \/>\n<b>Precipitazioni: <\/b>Assenti (0%)<br \/>\n<b>Temperature: <\/b>Minime in lieve flessione e raggiunte in serata in quota; massime senza notevoli variazioni o in leggerissimo calo. Persistenza dell&#8217;inversione termica nei fondovalle prealpini. Su Prealpi a 1500 m min 5\u00b0C max 8\u00b0C, a 2000 m min 2\u00b0C max 5\u00b0C. Su Dolomiti a 2000 m min 2\u00b0C max 4\u00b0C, a 3000 m min -4\u00b0C max -2\u00b0C.<br \/>\n<b>Venti: <\/b>Nelle valli perlopi\u00f9 deboli di direzione variabile, salvo locali rinforzi per brezze di monte tra la notte e il primo mattino in alcuni settori prealpini; in quota moderati\/tesi da nord, a tratti fino a forti sulle cime Dolomitiche pi\u00f9 elevate, a 15-20 km\/h a 2000 m e 35-45 km\/h a 3000 m.<\/p>\n<hr \/>\n<p><center><b>Mercoledi 15<\/b><\/center><b>Tempo atteso: <\/b>Tempo stabile con sole e cielo sereno o poco nuvoloso per sottili velature, a tratti estese fino al mattino. In Valbelluna probabili nebbie o nubi basse durante le ore pi\u00f9 fredde.<br \/>\n<b>Precipitazioni: <\/b>Assenti (0%)<br \/>\n<b>Temperature: <\/b>In generale lieve flessione rispetto a marted\u00ec, in lieve aumento in alta quota, e persistenza dell&#8217;inversione termica nei fondovalle seppur in attenuazione rispetto a marted\u00ec. Su Prealpi a 1500 m min 1\u00b0C max 6\u00b0C, a 2000 m min 0\u00b0C max 3\u00b0C. Su Dolomiti a 2000 m min -2\u00b0C max 1\u00b0C, a 3000 m min -5\u00b0C max -1\u00b0C.<br \/>\n<b>Venti: <\/b>Nelle valli perlopi\u00f9 deboli di direzione variabile, salvo locali rinforzi per brezze di monte tra la notte e il primo mattino in alcuni settori prealpini; in quota moderati\/tesi da nord, a 5-15 km\/h a 2000 m e 20-35 km\/h a 3000 m.<\/p>\n<hr \/>\n<p><center><b>Giovedi 16<\/b><\/center>Tempo stabile e ben soleggiato con cielo sereno, salvo temporanee sottili nubi alte fino al mattino. Ottima visibilit\u00e0. Il rischio nebbia si accentuer\u00e0 in Valbelluna e su alcuni settori a ridosso delle pedemontana. Precipitazioni assenti (0%). In alta montagna sar\u00e0 la giornata pi\u00f9 mite della settimana con lo zero termico in grado di toccare i 2700 m, mentre l&#8217;andamento termico nei fondovalle prealpini sar\u00e0 legato alla presenza o meno delle nebbie, specie per le massime. Venti nelle valli perlopi\u00f9 deboli di direzione variabile, salvo locali rinforzi per brezze di monte tra la notte e il primo mattino in alcuni settori prealpini; in quota moderati\/tesi da nord.<\/p>\n<hr \/>\n<p><center><b>Venerdi 17<\/b><\/center>Persistenza di tempo stabile con cielo sereno o al pi\u00f9 poco nuvoloso per qualche velatura e ottima visibilit\u00e0. Possibile nebbia o nubi basse in Valbelluna tra notte e mattino. Temperature in quota ancora superiori alla media, seppur in generale calo dalla sera. Persistenza dell&#8217;inversione termica nei fondovalle. Venti in quota moderati o tesi da Nord, a tratti fino a forti. Previsore: DDL<\/p>\n<p>&nbsp;<\/p>\n<\/div>\n<\/div>\n<\/div>\n<\/div>\n<\/div>\n<\/div>\n<\/div>\n<\/div>\n<\/div>\n<\/div>\n<\/div>\n<\/div>\n<\/div>\n<\/div>\n<\/div>\n<\/div>\n<\/div>\n<\/div>\n<\/div>\n<\/div>\n<\/div>\n<\/div>\n<\/div>\n<\/div>\n<\/div>\n<\/div>\n<\/div>\n<\/div>\n<\/div>\n<\/div>\n<\/div>\n<\/div>\n<\/div>\n<\/div>\n<\/div>\n<\/div>\n<\/div>\n<\/div>\n<\/div>\n<\/div>\n<\/div>\n<\/div>\n<\/div>\n<\/div>\n<\/div>\n<\/div>\n<\/div>\n<\/div>\n<\/div>\n<\/div>\n<\/div>\n<\/div>\n<\/div>\n<\/div>\n<\/div>\n<\/div>\n<\/div>\n<\/div>\n<\/div>\n<\/div>\n<\/div>\n<\/div>\n<\/div>\n<\/div>\n<\/div>\n<\/div>\n<\/div>\n<\/div>\n<\/div>\n<\/div>\n<\/div>\n<\/div>\n<\/div>\n<\/div>\n<\/div>\n<\/div>\n<\/div>\n<\/div>\n<\/div>\n<\/div>\n<\/div>\n<\/div>\n<\/div>\n<\/div>\n<\/div>\n<\/div>\n<\/div>\n<\/div>\n<\/div>\n<\/div>\n<\/div>\n<\/div>\n<\/div>\n<\/div>\n<\/div>\n<\/div>\n<\/div>\n<\/div>\n<\/div>\n<\/div>\n<\/div>\n<\/div>\n<\/div>\n<\/div>\n<\/div>\n<\/div>\n<\/div>\n<\/div>\n<\/div>\n<\/div>\n<\/div>\n<\/div>\n<\/div>\n<\/div>\n<\/div>\n<\/div>\n<\/div>\n<\/div>\n<\/div>\n<\/div>\n<\/div>\n<\/div>\n<\/div>\n<\/div>\n<\/div>\n<\/div>\n<\/div>\n<\/div>\n<\/div>\n<\/div>\n<\/div>\n<\/div>\n<\/div>\n<\/div>\n<\/div>\n<\/div>\n<\/div>\n<\/div>\n<\/div>\n<\/div>\n<\/div>\n<\/div>\n<\/div>\n<\/div>\n<\/div>\n<\/div>\n<\/div>\n<\/div>\n<\/div>\n<\/div>\n<\/div>\n<\/div>\n<\/div>\n<\/div>\n<\/div>\n<\/div>\n<\/div>\n<\/div>\n<\/div>\n<div>\n<p>&nbsp;<\/p>\n<\/div>\n<hr \/>\n<p>&nbsp;<\/p>\n<div class=\"mkdf-post-text\">\n<div class=\"mkdf-post-text-inner\">\n<p><a href=\"https:\/\/www.radiopiu.net\/wordpress\/giornale-radiopiu-15-settembre-2018-direttore-mirko-mezzacasa\/sport-7\/\" rel=\"attachment wp-att-60761\"><img loading=\"lazy\" decoding=\"async\" class=\"wp-image-60761 size-full aligncenter\" src=\"https:\/\/www.radiopiu.net\/wordpress\/wp-content\/uploads\/2018\/09\/sport.jpg\" alt=\"\" width=\"800\" height=\"100\" srcset=\"https:\/\/www.radiopiu.net\/wordpress\/wp-content\/uploads\/2018\/09\/sport.jpg 800w, https:\/\/www.radiopiu.net\/wordpress\/wp-content\/uploads\/2018\/09\/sport-300x38.jpg 300w, https:\/\/www.radiopiu.net\/wordpress\/wp-content\/uploads\/2018\/09\/sport-768x96.jpg 768w\" sizes=\"auto, (max-width: 800px) 100vw, 800px\" \/><\/a><\/p>\n<\/div>\n<\/div>\n<p><span style=\"color: #0000ff;\"><strong>\u00a0<\/strong><\/span><\/p>\n<p><span style=\"color: #0000ff;\"><strong>HOCKEY SU GHIACCIO<\/strong><\/span><\/p>\n<blockquote>\n<h3>UNA VITTORIA SUDATA PER LE CIVETTE CONTRO IL VARESE E SABATO L&#8217;ALLEGHE A CALDARO<\/h3>\n<\/blockquote>\n<p><strong><a href=\"https:\/\/www.radiopiu.net\/wordpress\/una-vittoria-sudata-per-le-civette-contro-il-varese-e-sabato-lalleghe-a-caldaro\/alleghe-hockey-4\/\" rel=\"attachment wp-att-248099\"><img loading=\"lazy\" decoding=\"async\" class=\"size-medium wp-image-248099 alignleft\" src=\"https:\/\/www.radiopiu.net\/wordpress\/wp-content\/uploads\/2021\/12\/ALLEGHE-HOCKEY-4-300x180.jpg\" alt=\"\" width=\"300\" height=\"180\" srcset=\"https:\/\/www.radiopiu.net\/wordpress\/wp-content\/uploads\/2021\/12\/ALLEGHE-HOCKEY-4-300x180.jpg 300w, https:\/\/www.radiopiu.net\/wordpress\/wp-content\/uploads\/2021\/12\/ALLEGHE-HOCKEY-4-768x460.jpg 768w, https:\/\/www.radiopiu.net\/wordpress\/wp-content\/uploads\/2021\/12\/ALLEGHE-HOCKEY-4.jpg 949w\" sizes=\"auto, (max-width: 300px) 100vw, 300px\" \/><\/a>ALLEGHE<\/strong> Non \u00e8 stata una passeggiata per l\u2019Alleghe Hockey l\u2019ultima partita giocata in casa contro il Varese. La squadra di Alessandro Fontana vince con due gol negli ultimi minuti gara dopo che i lombardi, sotto di tre marcature, erano riusciti a pareggiare i conti. Primi 40\u2019 di gara perfetti per gli agordini ma terzo tempo da dimenticare in fretta. Alcuni errori in fase difensiva sono stati fatali per i biancorossi. Distrazioni che non si devono ripetere sabato prossimo quando le civette sono chiamate alla trasferta in terra altoatesina contro il Caldaro, squadra che lotta per le prime posizioni della classifica. Intanto la federazione ha ufficializzato la squalifica di due giornate per il giocatore del Fiemme Loris Vanzetta che nel turno infrasettimanale della scorsa settimana aveva caricato l\u2019alleghese Kiviranta spedendolo in ospedale con una commozione celebrale e la frattura del setto nasale.<\/p>\n<p><strong>DAVIDE TESTORI, GIOCATORE DELL\u2019ALLEGHE HOCKEY<\/strong><\/p>\n<audio class=\"wp-audio-shortcode\" id=\"audio-247941-22\" preload=\"none\" style=\"width: 100%;\" controls=\"controls\"><source type=\"audio\/mpeg\" src=\"https:\/\/www.radiopiu.net\/wordpress\/wp-content\/uploads\/2021\/12\/TESTORI-VARESE.mp3?_=22\" \/><a href=\"https:\/\/www.radiopiu.net\/wordpress\/wp-content\/uploads\/2021\/12\/TESTORI-VARESE.mp3\">https:\/\/www.radiopiu.net\/wordpress\/wp-content\/uploads\/2021\/12\/TESTORI-VARESE.mp3<\/a><\/audio>\n<p>&nbsp;<\/p>\n<blockquote>\n<h3>TERZA SCONFITTA CONSECUTIVA PER LE CIVETTE UNDER 15<\/h3>\n<\/blockquote>\n<p><strong>ALLEGHE <\/strong>Ancora una sconfitta per l\u2019Alleghe under 15 che domenica sera ha perso contro il Fiemme. Terzo risultato negativo consecutivo per i giovani agordini che al De Toni di Alleghe non riescono a tenere il passo dei trentini che rifilano 7 gol ai padroni di casa contro le 3 marcature alleghesi. Alleghe Under 15 che rimane in fondo alla classifica del girone B del campionato e torneranno in campo il 26 dicembre per giocare in trasferta contro il Renon.<\/p>\n<p>&nbsp;<\/p>\n<blockquote>\n<h3>L&#8217;ITALIA UNDER 20 VINCE CONTRO LA LITUANIA<\/h3>\n<\/blockquote>\n<p class=\"null\"><a href=\"https:\/\/www.radiopiu.net\/wordpress\/giornale-radiopiu-14-dicembre-2021-direttore-mirko-mezzacasa\/7e1a0a24-5e38-249e-ac89-62ee1e7cf206\/\" rel=\"attachment wp-att-248180\"><img loading=\"lazy\" decoding=\"async\" class=\" wp-image-248180 alignleft\" src=\"https:\/\/www.radiopiu.net\/wordpress\/wp-content\/uploads\/2021\/12\/7e1a0a24-5e38-249e-ac89-62ee1e7cf206-300x225.jpg\" alt=\"\" width=\"191\" height=\"143\" srcset=\"https:\/\/www.radiopiu.net\/wordpress\/wp-content\/uploads\/2021\/12\/7e1a0a24-5e38-249e-ac89-62ee1e7cf206-300x225.jpg 300w, https:\/\/www.radiopiu.net\/wordpress\/wp-content\/uploads\/2021\/12\/7e1a0a24-5e38-249e-ac89-62ee1e7cf206-1024x768.jpg 1024w, https:\/\/www.radiopiu.net\/wordpress\/wp-content\/uploads\/2021\/12\/7e1a0a24-5e38-249e-ac89-62ee1e7cf206-768x576.jpg 768w, https:\/\/www.radiopiu.net\/wordpress\/wp-content\/uploads\/2021\/12\/7e1a0a24-5e38-249e-ac89-62ee1e7cf206.jpg 1200w\" sizes=\"auto, (max-width: 191px) 100vw, 191px\" \/><\/a>Bastano meno di sette minuti, all\u2019Italia under 20 di hockey su ghiaccio, per mettere in cascina i tre punti contro la Lituania nel match d\u2019esordio del Mondiale di Seconda Divisione Gruppo A di Brasov, in Romania. Gli avversari degli azzurri di coach Giorgio De Bettin fanno muro per poco pi\u00f9 di un tempo, poi, una volta sbloccata la situazione, diventa tutto facile per Rosa e compagni, che non incontrano pi\u00f9 ostacoli sul loro cammino. Gli azzurri, dopo un inizio in sordina, chiudono la sfida battendo i lituani per 7 a 0. L\u2019Italia torner\u00e0 in pista oggi alle 19 contro i padroni di casa della Romania in un match da vincere per continuare a inseguire l\u2019obiettivo della promozione e del ritorno immediato in Prima Divisione.<\/p>\n<\/div>\n<\/div>\n<\/div>\n<\/div>\n<\/div>\n<\/div>\n<\/div>\n","protected":false},"excerpt":{"rendered":"<p>LA CONSIDERAZIONE DEL GIORNO: Lampioni ri-accesi sulle rotonde di Brugnah \u00a0forse anche l\u00ec &#8211; come alcune settimane fa alla Dolomitibus, dopo giorni di buio pesto &#8211;\u00a0 bastava tirar su un interruttore INFORMAZIONE il canale su TELEGRAM informazione di prima mano e in tempo reale. iscriviti ed aiutaci a farlo conoscere\u00a0 I RACCONTI DI NATALE DI&hellip;<\/p>\n","protected":false},"author":4,"featured_media":248155,"comment_status":"closed","ping_status":"open","sticky":false,"template":"","format":"standard","meta":{"_monsterinsights_skip_tracking":false,"_monsterinsights_sitenote_active":false,"_monsterinsights_sitenote_note":"","_monsterinsights_sitenote_category":0,"footnotes":""},"categories":[104,86,49],"tags":[],"class_list":["post-247941","post","type-post","status-publish","format-standard","has-post-thumbnail","hentry","category-evidenza_3","category-gr","category-news-18","category-104","category-86","category-49","description-off"],"img_url":"https:\/\/www.radiopiu.net\/wordpress\/wp-content\/uploads\/2021\/12\/aeea4193-3e30-40bc-8b38-91ee703e1ffa.jpg","_links":{"self":[{"href":"https:\/\/www.radiopiu.net\/wordpress\/wp-json\/wp\/v2\/posts\/247941","targetHints":{"allow":["GET"]}}],"collection":[{"href":"https:\/\/www.radiopiu.net\/wordpress\/wp-json\/wp\/v2\/posts"}],"about":[{"href":"https:\/\/www.radiopiu.net\/wordpress\/wp-json\/wp\/v2\/types\/post"}],"author":[{"embeddable":true,"href":"https:\/\/www.radiopiu.net\/wordpress\/wp-json\/wp\/v2\/users\/4"}],"replies":[{"embeddable":true,"href":"https:\/\/www.radiopiu.net\/wordpress\/wp-json\/wp\/v2\/comments?post=247941"}],"version-history":[{"count":0,"href":"https:\/\/www.radiopiu.net\/wordpress\/wp-json\/wp\/v2\/posts\/247941\/revisions"}],"wp:featuredmedia":[{"embeddable":true,"href":"https:\/\/www.radiopiu.net\/wordpress\/wp-json\/wp\/v2\/media\/248155"}],"wp:attachment":[{"href":"https:\/\/www.radiopiu.net\/wordpress\/wp-json\/wp\/v2\/media?parent=247941"}],"wp:term":[{"taxonomy":"category","embeddable":true,"href":"https:\/\/www.radiopiu.net\/wordpress\/wp-json\/wp\/v2\/categories?post=247941"},{"taxonomy":"post_tag","embeddable":true,"href":"https:\/\/www.radiopiu.net\/wordpress\/wp-json\/wp\/v2\/tags?post=247941"}],"curies":[{"name":"wp","href":"https:\/\/api.w.org\/{rel}","templated":true}]}}