{"id":248065,"date":"2021-12-13T12:39:31","date_gmt":"2021-12-13T11:39:31","guid":{"rendered":"https:\/\/www.radiopiu.net\/wordpress\/?p=248065"},"modified":"2021-12-13T13:25:40","modified_gmt":"2021-12-13T12:25:40","slug":"zona-gialla-appesi-a-un-filo-da-venerdi-e-ormai-quasi-certo-il-cambiamento-di-colorazione","status":"publish","type":"post","link":"https:\/\/www.radiopiu.net\/wordpress\/zona-gialla-appesi-a-un-filo-da-venerdi-e-ormai-quasi-certo-il-cambiamento-di-colorazione\/","title":{"rendered":"ZONA GIALLA: APPESI A UN FILO,  DA VENERDI E&#8217; ORMAI QUASI CERTO IL CAMBIAMENTO DI COLORAZIONE CHE SCATTA LUNEDI"},"content":{"rendered":"<p><strong>\u00a0VENEZIA\u00a0<\/strong> Punto stampa con il Governatore Luca Zaia, da Venezia-Marghera<\/p>\n<p>&nbsp;<\/p>\n<p><strong>BOLLETTINO<\/strong> tamponi molecolari 7milioni, rapidi 11milioni, POSITIVI OGGI 2096 INCIDENZA SU 38 MILA TAMPONI 5,50%\u00a0 (\u00e8 il dato falsato del fine settimana, pochi tamponi mirati su chi sta male). POSITIVI DA INIZIO EPIDEMIA 554.117 POSITIVI ATTUALI 50.585\u00a0 RICOVERATI 1052 (+25)\u00a0 IN AREA NON CRITICA 916 (+22) IN TERAPIA INTENSIVA\u00a0 136 (+3)\u00a0 ALTRE TERAPIE INTENSIVE NON COVID 283\u00a0 DECESSI DA INIZIO EPIDEMIA\u00a0 12.065 NELLE ULTIME 24 ORE +10<\/p>\n<p>&nbsp;<\/p>\n<blockquote>\n<h3>LEGGI LA CONFERENZA STAMPA DI LUCA ZAIA<\/h3>\n<p><strong>incidenza di 450 positivi a settimana su 100mila abitanti.\u00a0 Il bollettino di venerd\u00ec ci pu\u00f2 riservare la classificazione da luned\u00ec prossimo di zona gialla. Minacce ai politici? L&#8217;atteggiamento della Magistratura \u00a0avalla\u00a0 certi comportamento, perch\u00e9 non ci sono conseguenze. Reintegrazione al lavoro dei sanitari non vaccinati: mi pare di capire che comunque non sia una soluzione praticabile, proprio perch\u00e9 dipende da una norma nazionale.<\/strong><\/p><\/blockquote>\n<p><strong>GIALLO DA LUNEDI<\/strong> Abbiamo pi\u00f9 ingressi che uscite in ospedale, \u00e8 la fase acuta e non abbiamo sentore che possa andare in meglio. Incdidenza 449 a settimana su 100 mila abitanti (zona gialla), tasso terapie intensive 12,8 % (zona gialla), area non critica 13,7% (zona bianca), ma siamo agli sgoccioli. Il passaggio alla zona gialla obbligher\u00e0 all&#8217;uso della mascherina all&#8217;aperto.\u00a0 La nostra regione sarebbe ad alto rischio in zona gialla nel periodo di Natale. I contagi sono molto alti. Sotto stretta osservazione la situazione negli ospedali veneti: il tasso di occupazione ospedaliera resta stabile oltre la soglia del 10% in Friuli (al 15%) e Veneto (13%). <strong>L&#8217;ARANCIONE?<\/strong> Se continueranno a crescere i contagi \u00e8 inevitabile con conseguenze per chi non ha il green pass che non potr\u00e0 entrare negli ambienti e tutte le altre conseguenze della colorazione arancione. Non abbiamo per oggi proiezioni di zona rossa. <strong>VACCINAZIONI<\/strong> 86,6% di veneti vaccinati,\u00a0 34mila le vaccinazioni fatte nelle ultime 24 ore, delle quali 1721 sono prime dosi, 31mila terze dosi. Il vaccino non risolve tutti i mali,\u00a0 ma il suo effetto si vede nelle terapie intensive e negli ospedali. <strong>VACCINAZIONI AI BAMBINI<\/strong> Sono circa 300mila i bimbi interessati, ci si pu\u00f2 prenotare dalle 14 di oggi:\u00a0 la prenotazione si pu\u00f2 fare solo al compimento del quinto anno di et\u00e0 del bambino. Noi abbiamo scelto di creare un percorso protetto per i bambini dai 5 agli 11 anni, decidere di vaccinare il proprio figlio spetta ai genitori che possono consultare il pediatra del bambino o il medico di fiducia.\u00a0 I genitori possono scegliere\u00a0 di far vaccianre i bambini dai pediatri\u00a0 nel proprio ambulatorio, oppure negli hub vaccinali saranno dedicate le linee per i bambini con sedute con i pediatri nella zona\u00a0 con prenotazione sul portale. <strong>RESTRIZIONI DEI SINDACI<\/strong> Sono d&#8217;accordo con i sindaci, pensate ai Pan e vin, che io amo, capisco che l&#8217;assembramento, anche in casi come questo, aumenti il contagio. Per questo anche negli assembramenti all&#8217;aperto \u00e8 doveroso portare la mascherina. <strong>CURE DOMICILIARI\u00a0<\/strong> \u00a09,5 pazienti su 10 vengono curati a casa ma quei 5 pazienti su 100 che hanno bisogno di cure devono trovare un posto libero nei nostri ospedali. Esiste tutto un piano depositato e redatto dai tecnici per gestire questa emergenza, e prevede che le cure strategiche siano comunque da garantire senza se e senza ma, anche negli ospedali Covid. <strong>MINACCE E POLITICI AD AMMINISTRATORI<\/strong> Ultimo episodio ai danni di Mario Draghi. Credo di aver avuto il trattamento peggiore, hanno fatto anche un video, non si sono limitati a scrivere il mio indirizzo di casa. Nel mio caso il magistrato a Venezia ha deciso che non \u00e8 un reato, non so se siamo tutti nello stesso Paese e i magistrati decideranno tutti che non \u00e8 un reato, oppure che il presidente del Consiglio ha uno status politico superiore a quello di un presidente di Regione, e allora si muoveranno. La magistratura dovrebbe valutare seriamente queste vicende. <strong>SANITARI NO VAX DA REINTEGRARE AL LAVORO<\/strong> Sarebbe un cattivo messaggio o una mossa emergenziale?\u00a0 Da una parte il personale in pi\u00f9 servirebbe, dall&#8217;altra si respira un&#8217;aria di spaccatura fra medici vaccinati e non vaccinati. Potremmo tamponare h24 ma a monte c&#8217;\u00e8 una norma nazionale, non si tratta di una decisione regionale. <strong>ULSS DOLOMITI CON LA CHIAMATA ATTIVA DEI PEDIATRI<\/strong> Abbiamo lasciato libert\u00e0 alle Ulss in base ai pediatri disponibili.<\/p>\n<div class=\"inread_adv\">\n<div id=\"outbrain_widget_0\" class=\"OUTBRAIN\" data-src=\"https%3A%2F%2Fwww.ilgazzettino.it%2Fnordest%2Fvenezia%2Fzaia_diretta_oggi_cosa_ha_detto_veneto_giallo_natale_cosa_succede_nuove_regole-6381031.html\" data-widget-id=\"AR_10\" data-ob-mark=\"true\" data-browser=\"chrome\" data-os=\"win32\" data-dynload=\"\" data-idx=\"0\">\n<div class=\"ob-widget ob-grid-layout AR_10 ob-cmn-AR_10\" data-dynamic-truncate=\"true\">\n<div class=\"ob-widget-items-container\">\n<div class=\"ob-dynamic-rec-container ob-recIdx-0 ob-p\" data-pos=\"0\"><\/div>\n<\/div>\n<\/div>\n<\/div>\n<\/div>\n<p><a href=\"https:\/\/www.facebook.com\/zaiaufficiale\/videos\/203208015351325\">https:\/\/www.facebook.com\/zaiaufficiale\/videos\/203208015351325<\/a><\/p>\n<p>&nbsp;<\/p>\n","protected":false},"excerpt":{"rendered":"<p>\u00a0VENEZIA\u00a0 Punto stampa con il Governatore Luca Zaia, da Venezia-Marghera &nbsp; BOLLETTINO tamponi molecolari 7milioni, rapidi 11milioni, POSITIVI OGGI 2096 INCIDENZA SU 38 MILA TAMPONI 5,50%\u00a0 (\u00e8 il dato falsato del fine settimana, pochi tamponi mirati su chi sta male). POSITIVI DA INIZIO EPIDEMIA 554.117 POSITIVI ATTUALI 50.585\u00a0 RICOVERATI 1052 (+25)\u00a0 IN AREA NON CRITICA&hellip;<\/p>\n","protected":false},"author":4,"featured_media":198958,"comment_status":"closed","ping_status":"open","sticky":false,"template":"","format":"standard","meta":{"_monsterinsights_skip_tracking":false,"_monsterinsights_sitenote_active":false,"_monsterinsights_sitenote_note":"","_monsterinsights_sitenote_category":0,"footnotes":""},"categories":[51,49],"tags":[],"class_list":["post-248065","post","type-post","status-publish","format-standard","has-post-thumbnail","hentry","category-evidenza-top","category-news-18","category-51","category-49","description-off"],"img_url":"https:\/\/www.radiopiu.net\/wordpress\/wp-content\/uploads\/2021\/03\/161577608_1734182190117022_4503996286089719264_n.jpg","_links":{"self":[{"href":"https:\/\/www.radiopiu.net\/wordpress\/wp-json\/wp\/v2\/posts\/248065","targetHints":{"allow":["GET"]}}],"collection":[{"href":"https:\/\/www.radiopiu.net\/wordpress\/wp-json\/wp\/v2\/posts"}],"about":[{"href":"https:\/\/www.radiopiu.net\/wordpress\/wp-json\/wp\/v2\/types\/post"}],"author":[{"embeddable":true,"href":"https:\/\/www.radiopiu.net\/wordpress\/wp-json\/wp\/v2\/users\/4"}],"replies":[{"embeddable":true,"href":"https:\/\/www.radiopiu.net\/wordpress\/wp-json\/wp\/v2\/comments?post=248065"}],"version-history":[{"count":0,"href":"https:\/\/www.radiopiu.net\/wordpress\/wp-json\/wp\/v2\/posts\/248065\/revisions"}],"wp:featuredmedia":[{"embeddable":true,"href":"https:\/\/www.radiopiu.net\/wordpress\/wp-json\/wp\/v2\/media\/198958"}],"wp:attachment":[{"href":"https:\/\/www.radiopiu.net\/wordpress\/wp-json\/wp\/v2\/media?parent=248065"}],"wp:term":[{"taxonomy":"category","embeddable":true,"href":"https:\/\/www.radiopiu.net\/wordpress\/wp-json\/wp\/v2\/categories?post=248065"},{"taxonomy":"post_tag","embeddable":true,"href":"https:\/\/www.radiopiu.net\/wordpress\/wp-json\/wp\/v2\/tags?post=248065"}],"curies":[{"name":"wp","href":"https:\/\/api.w.org\/{rel}","templated":true}]}}