{"id":248101,"date":"2021-12-13T15:22:26","date_gmt":"2021-12-13T14:22:26","guid":{"rendered":"https:\/\/www.radiopiu.net\/wordpress\/?p=248101"},"modified":"2021-12-13T15:27:05","modified_gmt":"2021-12-13T14:27:05","slug":"qualita-della-vita-belluno-in-risalita-nella-graduatoria-del-sole-24-ore","status":"publish","type":"post","link":"https:\/\/www.radiopiu.net\/wordpress\/qualita-della-vita-belluno-in-risalita-nella-graduatoria-del-sole-24-ore\/","title":{"rendered":"QUALITA&#8217; DELLA VITA, BELLUNO IN RISALITA NELLA GRADUATORIA DEL SOLE 24 ORE"},"content":{"rendered":"<p><strong><a href=\"https:\/\/www.radiopiu.net\/wordpress\/padrin-la-fase-2-ci-veda-uniti-nel-programmare-la-ripartenza-torneremo-alla-normalita\/padrin-63\/\" rel=\"attachment wp-att-134835\"><img loading=\"lazy\" decoding=\"async\" class=\"size-medium wp-image-134835 alignleft\" src=\"https:\/\/www.radiopiu.net\/wordpress\/wp-content\/uploads\/2020\/05\/PADRIN-200x300.jpg\" alt=\"\" width=\"200\" height=\"300\" srcset=\"https:\/\/www.radiopiu.net\/wordpress\/wp-content\/uploads\/2020\/05\/PADRIN-200x300.jpg 200w, https:\/\/www.radiopiu.net\/wordpress\/wp-content\/uploads\/2020\/05\/PADRIN-683x1024.jpg 683w, https:\/\/www.radiopiu.net\/wordpress\/wp-content\/uploads\/2020\/05\/PADRIN-768x1152.jpg 768w, https:\/\/www.radiopiu.net\/wordpress\/wp-content\/uploads\/2020\/05\/PADRIN.jpg 945w\" sizes=\"auto, (max-width: 200px) 100vw, 200px\" \/><\/a>BELLUNO <\/strong><span class=\"s1\">La provincia di Belluno risale nella classifica della qualit\u00e0 della vita stilata dal Sole 24 Ore. Dopo lo scivolamento verso il basso del 2020, il Bellunese guadagna 28 posizioni e si piazza al 18\u00b0 posto.\u00a0 <\/span><span class=\"s1\">\u00ab<em>\u00c8 la conferma che nel nostro territorio si vive bene, al di l\u00e0 di alcuni problemi annosi come lo spopolamento<\/em>\u00bb commenta il presidente della Provincia, Roberto Padrin. \u00ab<em>Ma non \u00e8 certo una graduatoria a doverci dire come stiamo o dove siamo. Le classifiche vanno bene, ma lasciano il tempo che trovano. Napoleone Bonaparte, ad esempio, \u00e8 risaputo essere stato il pi\u00f9 grande condottiero dell\u2019et\u00e0 moderna. Ebbene, nelle graduatorie dell\u2019accademia militare francese fu promosso quarantaduesimo su cinquantotto candidati. Di quelli arrivati prima di lui nessuno se ne ricorda. Semmai, dovremmo essere bravi ad aumentare il livello di servizi, cos\u00ec da mantenere e promuovere all\u2019esterno la nostra qualit\u00e0 della vita. E utilizzare questa classifica del Sole 24 Ore come uno degli strumenti per attrarre popolazione e cambiare la rotta dello spopolamento<\/em>\u00bb. <\/span><span class=\"s1\">Entrando nel dettaglio delle sottocategorie che formano la graduatoria finale, Belluno conferma il grado di benessere sociale ed economico, \u00e8 premiata dal lavoro e sconta i soliti problemi demografici. La novit\u00e0 \u00e8 data dal basso punteggio in Sicurezza e giustizia, a causa del conteggio di furti e denunce. \u00ab<em>Negli ultimi anni \u00e8 aumentata la percezione di insicurezza dovuta all\u2019aumento degli episodi di furti negli appartamenti, nonostante l\u2019ottimo lavoro di prevenzione delle forze dell\u2019ordine &#8211; commenta il presidente Padrin -. Questo non significa che il nostro territorio sia diventato pi\u00f9 insicuro, ma ci impone di tenere alta l\u2019attenzione, di concerto con Questura e carabinieri a cui va il mio ringraziamento perch\u00e9 se siamo sempre stati una provincia indicata come \u201cisola felice\u201d \u00e8 anche grazie al loro impegno. Attenzione merita anche il tema della parit\u00e0 di genere, nuovo indicatore introdotto dal Sole 24 Ore. La pianificazione che stiamo portando avanti con il Piano strategico provinciale tiene conto anche di questi aspetti, nella consapevolezza che viviamo in una provincia di assoluto pregio e di grande qualit\u00e0, ben oltre i limiti dei criteri necessari a stilare una classifica<\/em>\u00bb.<\/span><\/p>\n<p>&nbsp;<\/p>\n<h3><span style=\"color: #ff0000;\"><span style=\"color: #0000ff;\">PER CONSULTARE IL RISULTATO DI BELLUNO SUL SITO DE IL SOLE 24 ORE<\/span> <a style=\"color: #ff0000;\" href=\"https:\/\/lab24.ilsole24ore.com\/qualita-della-vita\/belluno\">CLICCA QUI<\/a><\/span><\/h3>\n<p>&nbsp;<\/p>\n<p>&nbsp;<\/p>\n<p>*****<\/p>\n","protected":false},"excerpt":{"rendered":"<p>BELLUNO La provincia di Belluno risale nella classifica della qualit\u00e0 della vita stilata dal Sole 24 Ore. Dopo lo scivolamento verso il basso del 2020, il Bellunese guadagna 28 posizioni e si piazza al 18\u00b0 posto.\u00a0 \u00ab\u00c8 la conferma che nel nostro territorio si vive bene, al di l\u00e0 di alcuni problemi annosi come lo&hellip;<\/p>\n","protected":false},"author":4,"featured_media":235813,"comment_status":"closed","ping_status":"open","sticky":false,"template":"","format":"standard","meta":{"_monsterinsights_skip_tracking":false,"_monsterinsights_sitenote_active":false,"_monsterinsights_sitenote_note":"","_monsterinsights_sitenote_category":0,"footnotes":""},"categories":[49],"tags":[],"class_list":["post-248101","post","type-post","status-publish","format-standard","has-post-thumbnail","hentry","category-news-18","category-49","description-off"],"img_url":"https:\/\/www.radiopiu.net\/wordpress\/wp-content\/uploads\/2021\/10\/PIAZZA-MARTIRI-BELLUNO.jpg","_links":{"self":[{"href":"https:\/\/www.radiopiu.net\/wordpress\/wp-json\/wp\/v2\/posts\/248101","targetHints":{"allow":["GET"]}}],"collection":[{"href":"https:\/\/www.radiopiu.net\/wordpress\/wp-json\/wp\/v2\/posts"}],"about":[{"href":"https:\/\/www.radiopiu.net\/wordpress\/wp-json\/wp\/v2\/types\/post"}],"author":[{"embeddable":true,"href":"https:\/\/www.radiopiu.net\/wordpress\/wp-json\/wp\/v2\/users\/4"}],"replies":[{"embeddable":true,"href":"https:\/\/www.radiopiu.net\/wordpress\/wp-json\/wp\/v2\/comments?post=248101"}],"version-history":[{"count":0,"href":"https:\/\/www.radiopiu.net\/wordpress\/wp-json\/wp\/v2\/posts\/248101\/revisions"}],"wp:featuredmedia":[{"embeddable":true,"href":"https:\/\/www.radiopiu.net\/wordpress\/wp-json\/wp\/v2\/media\/235813"}],"wp:attachment":[{"href":"https:\/\/www.radiopiu.net\/wordpress\/wp-json\/wp\/v2\/media?parent=248101"}],"wp:term":[{"taxonomy":"category","embeddable":true,"href":"https:\/\/www.radiopiu.net\/wordpress\/wp-json\/wp\/v2\/categories?post=248101"},{"taxonomy":"post_tag","embeddable":true,"href":"https:\/\/www.radiopiu.net\/wordpress\/wp-json\/wp\/v2\/tags?post=248101"}],"curies":[{"name":"wp","href":"https:\/\/api.w.org\/{rel}","templated":true}]}}