{"id":248154,"date":"2021-12-13T17:31:01","date_gmt":"2021-12-13T16:31:01","guid":{"rendered":"https:\/\/www.radiopiu.net\/wordpress\/?p=248154"},"modified":"2021-12-14T06:12:54","modified_gmt":"2021-12-14T05:12:54","slug":"giovedi-16-dicembre-lo-sciopero-nazionale-indetto-da-cgil-e-uil-organizzati-pulmann-per-la-manifestazione-di-milano","status":"publish","type":"post","link":"https:\/\/www.radiopiu.net\/wordpress\/giovedi-16-dicembre-lo-sciopero-nazionale-indetto-da-cgil-e-uil-organizzati-pulmann-per-la-manifestazione-di-milano\/","title":{"rendered":"GIOVEDI&#8217; 16 DICEMBRE LO SCIOPERO NAZIONALE INDETTO DA CGIL E UIL. ORGANIZZATI PULMAN PER LA MANIFESTAZIONE DI MILANO"},"content":{"rendered":"<p><strong><a href=\"https:\/\/www.radiopiu.net\/wordpress\/giovedi-16-dicembre-lo-sciopero-nazionale-indetto-da-cgil-e-uil-organizzati-pulmann-per-la-manifestazione-di-milano\/aeea4193-3e30-40bc-8b38-91ee703e1ffa\/\" rel=\"attachment wp-att-248155\"><img loading=\"lazy\" decoding=\"async\" class=\"size-medium wp-image-248155 alignleft\" src=\"https:\/\/www.radiopiu.net\/wordpress\/wp-content\/uploads\/2021\/12\/aeea4193-3e30-40bc-8b38-91ee703e1ffa-300x225.jpg\" alt=\"\" width=\"300\" height=\"225\" srcset=\"https:\/\/www.radiopiu.net\/wordpress\/wp-content\/uploads\/2021\/12\/aeea4193-3e30-40bc-8b38-91ee703e1ffa-300x225.jpg 300w, https:\/\/www.radiopiu.net\/wordpress\/wp-content\/uploads\/2021\/12\/aeea4193-3e30-40bc-8b38-91ee703e1ffa-1024x768.jpg 1024w, https:\/\/www.radiopiu.net\/wordpress\/wp-content\/uploads\/2021\/12\/aeea4193-3e30-40bc-8b38-91ee703e1ffa-768x576.jpg 768w, https:\/\/www.radiopiu.net\/wordpress\/wp-content\/uploads\/2021\/12\/aeea4193-3e30-40bc-8b38-91ee703e1ffa-1536x1152.jpg 1536w, https:\/\/www.radiopiu.net\/wordpress\/wp-content\/uploads\/2021\/12\/aeea4193-3e30-40bc-8b38-91ee703e1ffa.jpg 2048w\" sizes=\"auto, (max-width: 300px) 100vw, 300px\" \/><\/a>AGORDO \/ BELLUNO\u00a0<\/strong>La CGIL e la Filctem CGIL dello stabilimento Luxottica di Agordo ricordano che gioved\u00ec 16 dicembre ci sar\u00e0 lo sciopero Nazionale indetto dalla Cgil\/Uil di 8 ore lavorative. &#8220;<em>Le motivazioni le conosciamo benissimo tutti, sono tante e condivise unitariamente (portate da tempo in tutte le piazze italiane, non ultima la manifestazione unitaria a Mestre di sabato 20 novembre, dove ero in prima linea &#8211; dice Luigi Dell&#8217;Atti della RSU CGIL Luxottica di Agordo &#8211; riguardano il nostro presente e futuro, come un fisco pi\u00f9 corretto (l&#8217;irperf), oggi troppo favorevole alle classi pi\u00f9 ricche, ricordo che il 90% delle tasse le pagano i dipendenti &amp; pensionati, la lotta alla precariet\u00e0 (inaccettabile essere licenziati con un SMS oppure via piattaforme digitali come tims\/ zoom), le pensioni (proiezione a 71 anni per i giovani di oggi che entrano nel mondo lavorativo), eccetera. Mi aspetto &#8211; conclude Dell&#8217;Atti &#8211; che giovedi 16 dicembre ci siano tanti colleghi e amici che scioperino, bisogna dare un segnale importante che <\/em><em>noi lavoratoratori ci siamo, uniti per il futuro<\/em>&#8220;. Il giorno dello sciopero ci sar\u00e0 la manifestazione a Milano. La CGIL Belluno Organizza i pulman: Belluno &#8211; da piazzale Resistenza ore 4.30, Feltre &#8211; da piazzale Parmeggiani ore 5.15. Chi volesse partecipare pu\u00f2 inviare un messaggio al 3472506951, riportando il proprio cognome, nome e luogo di partenza.<\/p>\n<p><strong>IL VOLANTINO DELLA CGIL E UIL SULLO SCIOPERO DI GIOVEDI&#8217;<\/strong><\/p>\n<a href=\"https:\/\/www.radiopiu.net\/wordpress\/wp-content\/uploads\/2021\/12\/volantino-sciopero-16-dicembre-2021-PULMAN.pdf\" class=\"pdfemb-viewer\" style=\"\" data-width=\"max\" data-height=\"max\" data-toolbar=\"top\" data-toolbar-fixed=\"on\">volantino sciopero 16 dicembre 2021 PULMAN<\/a>\n<p>&nbsp;<\/p>\n<p>&nbsp;<\/p>\n<p>******<\/p>\n","protected":false},"excerpt":{"rendered":"<p>AGORDO \/ BELLUNO\u00a0La CGIL e la Filctem CGIL dello stabilimento Luxottica di Agordo ricordano che gioved\u00ec 16 dicembre ci sar\u00e0 lo sciopero Nazionale indetto dalla Cgil\/Uil di 8 ore lavorative. &#8220;Le motivazioni le conosciamo benissimo tutti, sono tante e condivise unitariamente (portate da tempo in tutte le piazze italiane, non ultima la manifestazione unitaria a&hellip;<\/p>\n","protected":false},"author":4,"featured_media":248155,"comment_status":"closed","ping_status":"open","sticky":false,"template":"","format":"standard","meta":{"_monsterinsights_skip_tracking":false,"_monsterinsights_sitenote_active":false,"_monsterinsights_sitenote_note":"","_monsterinsights_sitenote_category":0,"footnotes":""},"categories":[51,49],"tags":[],"class_list":["post-248154","post","type-post","status-publish","format-standard","has-post-thumbnail","hentry","category-evidenza-top","category-news-18","category-51","category-49","description-off"],"img_url":"https:\/\/www.radiopiu.net\/wordpress\/wp-content\/uploads\/2021\/12\/aeea4193-3e30-40bc-8b38-91ee703e1ffa.jpg","_links":{"self":[{"href":"https:\/\/www.radiopiu.net\/wordpress\/wp-json\/wp\/v2\/posts\/248154","targetHints":{"allow":["GET"]}}],"collection":[{"href":"https:\/\/www.radiopiu.net\/wordpress\/wp-json\/wp\/v2\/posts"}],"about":[{"href":"https:\/\/www.radiopiu.net\/wordpress\/wp-json\/wp\/v2\/types\/post"}],"author":[{"embeddable":true,"href":"https:\/\/www.radiopiu.net\/wordpress\/wp-json\/wp\/v2\/users\/4"}],"replies":[{"embeddable":true,"href":"https:\/\/www.radiopiu.net\/wordpress\/wp-json\/wp\/v2\/comments?post=248154"}],"version-history":[{"count":0,"href":"https:\/\/www.radiopiu.net\/wordpress\/wp-json\/wp\/v2\/posts\/248154\/revisions"}],"wp:featuredmedia":[{"embeddable":true,"href":"https:\/\/www.radiopiu.net\/wordpress\/wp-json\/wp\/v2\/media\/248155"}],"wp:attachment":[{"href":"https:\/\/www.radiopiu.net\/wordpress\/wp-json\/wp\/v2\/media?parent=248154"}],"wp:term":[{"taxonomy":"category","embeddable":true,"href":"https:\/\/www.radiopiu.net\/wordpress\/wp-json\/wp\/v2\/categories?post=248154"},{"taxonomy":"post_tag","embeddable":true,"href":"https:\/\/www.radiopiu.net\/wordpress\/wp-json\/wp\/v2\/tags?post=248154"}],"curies":[{"name":"wp","href":"https:\/\/api.w.org\/{rel}","templated":true}]}}