{"id":248231,"date":"2021-12-16T05:40:34","date_gmt":"2021-12-16T04:40:34","guid":{"rendered":"https:\/\/www.radiopiu.net\/wordpress\/?p=248231"},"modified":"2021-12-16T05:47:15","modified_gmt":"2021-12-16T04:47:15","slug":"una-nuova-terrazza-bar-al-gorza-giovedi-calici-al-cielo","status":"publish","type":"post","link":"https:\/\/www.radiopiu.net\/wordpress\/una-nuova-terrazza-bar-al-gorza-giovedi-calici-al-cielo\/","title":{"rendered":"UNA NUOVA TERRAZZA BAR AL &#8220;GORZA&#8221;, OGGI CALICI AL CIELO"},"content":{"rendered":"<div class=\"articlePlainText\">\n<p><strong>LIVINALLONGO <\/strong>Al piano superiore del rifugio Gorza, in cima a Porta Vescovo oggi\u00a0 inaugurazione della Bottega terrazza Bar,\u00a0 luogo di ritrovo per gli amanti della montagna e dell&#8217;enogastronomia. La Terrazza Bar, di 150 mq e con uno spazio anche al chiuso in caso di avversit\u00e0 atmosferiche, ospiter\u00e0 gli sciatori che vorranno bere del buon vino e mangiare uno stuzzichino o delle specialit\u00e0 gastronomiche venete. Sar\u00e0 la quarta Bottega Terrazza Bar dopo quelle aperte all&#8217;ippodromo di Bath, in Gran Bretagna, al 39\u00b0 piano dell&#8217;hotel Bokan di Londra e al Savoia di Cortina.<\/p>\n<p><strong>L&#8217;INTERVISTA DI RADIO PIU\u00a0<\/strong><\/p>\n<\/div>\n<div><\/div>\n<blockquote>\n<h3>IL BUONGIORNO INNEVATO DA ARABBA, CON IL PRESIDENTE DE BATTISTA<\/h3>\n<\/blockquote>\n<h2><span style=\"color: #ff0000;\"><strong><img loading=\"lazy\" decoding=\"async\" class=\"alignleft\" src=\"https:\/\/www.radiopiu.net\/wordpress\/wp-content\/uploads\/2019\/12\/download-16.jpg\" width=\"129\" height=\"172\" \/><\/strong><\/span><\/h2>\n<p><strong>OSPITE DIEGO DE BATTISTA PRESIDENTE CONSORZIO ARABBA-MARMOLADA\u00a0<\/strong><\/p>\n<p>&nbsp;<\/p>\n<p><strong>AUDIO<\/strong><\/p>\n<audio class=\"wp-audio-shortcode\" id=\"audio-248231-1\" preload=\"none\" style=\"width: 100%;\" controls=\"controls\"><source type=\"audio\/mpeg\" src=\"https:\/\/www.radiopiu.net\/wordpress\/wp-content\/uploads\/2021\/11\/diego-de-battista-30-novembre.mp3?_=1\" \/><a href=\"https:\/\/www.radiopiu.net\/wordpress\/wp-content\/uploads\/2021\/11\/diego-de-battista-30-novembre.mp3\">https:\/\/www.radiopiu.net\/wordpress\/wp-content\/uploads\/2021\/11\/diego-de-battista-30-novembre.mp3<\/a><\/audio>\n<p>&nbsp;<\/p>\n","protected":false},"excerpt":{"rendered":"<p>LIVINALLONGO Al piano superiore del rifugio Gorza, in cima a Porta Vescovo oggi\u00a0 inaugurazione della Bottega terrazza Bar,\u00a0 luogo di ritrovo per gli amanti della montagna e dell&#8217;enogastronomia. La Terrazza Bar, di 150 mq e con uno spazio anche al chiuso in caso di avversit\u00e0 atmosferiche, ospiter\u00e0 gli sciatori che vorranno bere del buon vino&hellip;<\/p>\n","protected":false},"author":4,"featured_media":248232,"comment_status":"closed","ping_status":"open","sticky":false,"template":"","format":"standard","meta":{"_monsterinsights_skip_tracking":false,"_monsterinsights_sitenote_active":false,"_monsterinsights_sitenote_note":"","_monsterinsights_sitenote_category":0,"footnotes":""},"categories":[104,49],"tags":[],"class_list":["post-248231","post","type-post","status-publish","format-standard","has-post-thumbnail","hentry","category-evidenza_3","category-news-18","category-104","category-49","description-off"],"img_url":"https:\/\/www.radiopiu.net\/wordpress\/wp-content\/uploads\/2021\/11\/Rifugio-alpino-Luigi-Gorza-esterno.jpg","_links":{"self":[{"href":"https:\/\/www.radiopiu.net\/wordpress\/wp-json\/wp\/v2\/posts\/248231","targetHints":{"allow":["GET"]}}],"collection":[{"href":"https:\/\/www.radiopiu.net\/wordpress\/wp-json\/wp\/v2\/posts"}],"about":[{"href":"https:\/\/www.radiopiu.net\/wordpress\/wp-json\/wp\/v2\/types\/post"}],"author":[{"embeddable":true,"href":"https:\/\/www.radiopiu.net\/wordpress\/wp-json\/wp\/v2\/users\/4"}],"replies":[{"embeddable":true,"href":"https:\/\/www.radiopiu.net\/wordpress\/wp-json\/wp\/v2\/comments?post=248231"}],"version-history":[{"count":0,"href":"https:\/\/www.radiopiu.net\/wordpress\/wp-json\/wp\/v2\/posts\/248231\/revisions"}],"wp:featuredmedia":[{"embeddable":true,"href":"https:\/\/www.radiopiu.net\/wordpress\/wp-json\/wp\/v2\/media\/248232"}],"wp:attachment":[{"href":"https:\/\/www.radiopiu.net\/wordpress\/wp-json\/wp\/v2\/media?parent=248231"}],"wp:term":[{"taxonomy":"category","embeddable":true,"href":"https:\/\/www.radiopiu.net\/wordpress\/wp-json\/wp\/v2\/categories?post=248231"},{"taxonomy":"post_tag","embeddable":true,"href":"https:\/\/www.radiopiu.net\/wordpress\/wp-json\/wp\/v2\/tags?post=248231"}],"curies":[{"name":"wp","href":"https:\/\/api.w.org\/{rel}","templated":true}]}}