{"id":248289,"date":"2021-12-14T11:09:14","date_gmt":"2021-12-14T10:09:14","guid":{"rendered":"https:\/\/www.radiopiu.net\/wordpress\/?p=248289"},"modified":"2021-12-14T11:11:10","modified_gmt":"2021-12-14T10:11:10","slug":"dai-fondi-di-confine-il-sostegno-alla-sanita-della-montagna","status":"publish","type":"post","link":"https:\/\/www.radiopiu.net\/wordpress\/dai-fondi-di-confine-il-sostegno-alla-sanita-della-montagna\/","title":{"rendered":"DAI FONDI DI CONFINE IL SOSTEGNO ALLA SANITA&#8217; DELLA MONTAGNA"},"content":{"rendered":"<p>&nbsp;<\/p>\n<blockquote>\n<h3><\/h3>\n<p><strong>REDAZIONE<\/strong> Per l&#8217;Agordino non \u00e8 certo una novit\u00e0, \u00e8 ampiamente risaputo che i fondi di confine possono essere destinati alla Ulss1, o se si preferisce alla sanit\u00e0 della Regione Veneto,\u00a0 il dibattito che ci fu tra i sindaci della vallata non \u00e8 passato inosservato anche per le notevoli spaccature che ci furono nel momento di decidere se destinare o meno 2 milioni e mezzo di euro per il Pronto Soccorso di <a href=\"https:\/\/www.radiopiu.net\/wordpress\/dario-bond-e-il-bando-sul-direttore-della-fondazione-unesco\/dario-bond-12\/\" rel=\"attachment wp-att-191054\"><img loading=\"lazy\" decoding=\"async\" class=\" wp-image-191054 alignleft\" src=\"https:\/\/www.radiopiu.net\/wordpress\/wp-content\/uploads\/2021\/02\/DARIO-BOND-300x138.jpg\" alt=\"\" width=\"265\" height=\"122\" srcset=\"https:\/\/www.radiopiu.net\/wordpress\/wp-content\/uploads\/2021\/02\/DARIO-BOND-300x138.jpg 300w, https:\/\/www.radiopiu.net\/wordpress\/wp-content\/uploads\/2021\/02\/DARIO-BOND-1024x472.jpg 1024w, https:\/\/www.radiopiu.net\/wordpress\/wp-content\/uploads\/2021\/02\/DARIO-BOND-768x354.jpg 768w, https:\/\/www.radiopiu.net\/wordpress\/wp-content\/uploads\/2021\/02\/DARIO-BOND-1536x708.jpg 1536w, https:\/\/www.radiopiu.net\/wordpress\/wp-content\/uploads\/2021\/02\/DARIO-BOND.jpg 1600w\" sizes=\"auto, (max-width: 265px) 100vw, 265px\" \/><\/a>Agordo con un cofinanziamento della Regione di 500 euro e della Ulss1 di 97mila euro. Inoltre non c&#8217;\u00e8 mica solo la sanit\u00e0, ma anche la viabilit\u00e0 perch\u00e9 in pi\u00f9 occasioni i milioni dei fondi dei comuni confinanti sono finiti in importanti progetti di Veneto Strade, dalla tangenziale di Agordo alle principali vie di collegamento intervallivo.<\/p><\/blockquote>\n<p><strong>ROMA<\/strong>\u00a0<em> \u201cLa permanenza della popolazione nei paesi di montagna passa per la salvaguardia dei presidi sanitari e il potenziamento dei servizi domiciliari. Il Fondo Comuni confinanti pu\u00f2 fare molto in questo senso, avviando politiche di area vasta per una diffusione ancora pi\u00f9 capillare di screening e prevenzione\u201d<\/em>. Cos\u00ec il presidente del Comitato paritetico Fcc Dario Bond, a margine di una riunione di comitato a Trento. La riunione \u00e8 servita a fare il punto sulle prossime manovre d\u2019area vasta, all\u2019interno delle quali \u00e8 stato condiviso da tutti il concetto della necessit\u00e0 di aiutare le vallate alpine e le comunit\u00e0 a livello sanitario, specialmente per quanto riguarda i servizi di prevenzione e screening. I<\/p>\n","protected":false},"excerpt":{"rendered":"<p>&nbsp; REDAZIONE Per l&#8217;Agordino non \u00e8 certo una novit\u00e0, \u00e8 ampiamente risaputo che i fondi di confine possono essere destinati alla Ulss1, o se si preferisce alla sanit\u00e0 della Regione Veneto,\u00a0 il dibattito che ci fu tra i sindaci della vallata non \u00e8 passato inosservato anche per le notevoli spaccature che ci furono nel momento&hellip;<\/p>\n","protected":false},"author":4,"featured_media":238247,"comment_status":"closed","ping_status":"open","sticky":false,"template":"","format":"standard","meta":{"_monsterinsights_skip_tracking":false,"_monsterinsights_sitenote_active":false,"_monsterinsights_sitenote_note":"","_monsterinsights_sitenote_category":0,"footnotes":""},"categories":[49],"tags":[],"class_list":["post-248289","post","type-post","status-publish","format-standard","has-post-thumbnail","hentry","category-news-18","category-49","description-off"],"img_url":"https:\/\/www.radiopiu.net\/wordpress\/wp-content\/uploads\/2021\/10\/a0c568f4-8fef-4e1e-b203-57f1d1d0c1e7.jpg","_links":{"self":[{"href":"https:\/\/www.radiopiu.net\/wordpress\/wp-json\/wp\/v2\/posts\/248289","targetHints":{"allow":["GET"]}}],"collection":[{"href":"https:\/\/www.radiopiu.net\/wordpress\/wp-json\/wp\/v2\/posts"}],"about":[{"href":"https:\/\/www.radiopiu.net\/wordpress\/wp-json\/wp\/v2\/types\/post"}],"author":[{"embeddable":true,"href":"https:\/\/www.radiopiu.net\/wordpress\/wp-json\/wp\/v2\/users\/4"}],"replies":[{"embeddable":true,"href":"https:\/\/www.radiopiu.net\/wordpress\/wp-json\/wp\/v2\/comments?post=248289"}],"version-history":[{"count":0,"href":"https:\/\/www.radiopiu.net\/wordpress\/wp-json\/wp\/v2\/posts\/248289\/revisions"}],"wp:featuredmedia":[{"embeddable":true,"href":"https:\/\/www.radiopiu.net\/wordpress\/wp-json\/wp\/v2\/media\/238247"}],"wp:attachment":[{"href":"https:\/\/www.radiopiu.net\/wordpress\/wp-json\/wp\/v2\/media?parent=248289"}],"wp:term":[{"taxonomy":"category","embeddable":true,"href":"https:\/\/www.radiopiu.net\/wordpress\/wp-json\/wp\/v2\/categories?post=248289"},{"taxonomy":"post_tag","embeddable":true,"href":"https:\/\/www.radiopiu.net\/wordpress\/wp-json\/wp\/v2\/tags?post=248289"}],"curies":[{"name":"wp","href":"https:\/\/api.w.org\/{rel}","templated":true}]}}