{"id":248309,"date":"2021-12-14T11:45:36","date_gmt":"2021-12-14T10:45:36","guid":{"rendered":"https:\/\/www.radiopiu.net\/wordpress\/?p=248309"},"modified":"2021-12-14T11:45:36","modified_gmt":"2021-12-14T10:45:36","slug":"dillo-a-radio-piu-le-risposte-della-dolomitibus-sempre-le-stesse","status":"publish","type":"post","link":"https:\/\/www.radiopiu.net\/wordpress\/dillo-a-radio-piu-le-risposte-della-dolomitibus-sempre-le-stesse\/","title":{"rendered":"DILLO A RADIO PIU&#8230; LE RISPOSTE DELLA DOLOMITIBUS &#8220;SEMPRE LE STESSE&#8221;"},"content":{"rendered":"<p><strong>PREFAZIONE<\/strong> Un nostro ascoltatore ci ha inoltrato la risposta inviata via mail dalla Dolomiti bus che cos\u00ec commenta: <em>&#8220;Sempre la stessa, Neanche per il periodo turistico si impegnano a garantire nei giorni festivi da Belluno verso l&#8217;Agordino un minimo di due corse giornaliere. Ripeto che in tutto il Veneto e&#8217; quasi esclusivamente Belluno ad avere questo problema. Le altre citt\u00e0\u00a0 un minimo di trasporto festivo lo garantiscono.\u00a0 Poi si parla dello spopolamento montano, alla faccia, se neanche i mezzi pubblici consentono lo spostamento verso queste bellissime zone&#8221;.<\/em><\/p>\n<p><img loading=\"lazy\" decoding=\"async\" class=\"alignleft\" src=\"https:\/\/www.radiopiu.net\/wordpress\/wp-content\/uploads\/2021\/10\/9396bbfc-2818-4225-b55d-9a56c39206f1.jpg\" width=\"233\" height=\"131\" \/><strong>LA RISPOSTA<\/strong> Cos\u00ec la Dolomitibus alla richiesta di informazioni circa la possibilit\u00e0 di garantire un minimo di trasporto pubblico nei giorni festivi anche per l&#8217;Agordino:<em> &#8220;Buongiorno, con l&#8217;applicazione dell&#8217;obbligo previsto in materia di green pass, Dolomitibus ha dovuto adeguare il servizio erogato alla forza lavoro disponibile. Il servizio \u00e8 stato quindi riprogrammato per garantire i servizi essenziali che consentono a studenti e lavoratori di raggiungere i plessi scolastici e le aziende. Il servizio festivo, tenuto conto del basso livello di frequentazione \u00e8 stato invece temporaneamente soppresso, pur consapevoli del disagio creato. Ad oggi non \u00e8 possibile ripristinare il servizio festivo-domenicale&#8221;<\/em><\/p>\n<blockquote><p><strong>CONSIDERAZIONE<\/strong> Come dire che il servizio per l&#8217;Agordino &#8220;non rende&#8221;, mica \u00e8 per Luxottica o per le scuole dove le famiglie si sobbarcano i costi degli abbonamenti. La domenica i pullman sarebbero vuoti per l&#8217;Agordino secondo Dolomtibus, anche se tutto da verificare festa dopo festa. Un brutto precedente perch\u00e9 se osserviamo chi sale sui pullman nelle diverse fasce orarie oltre Luxottica, c&#8217;\u00e8 ben poco da salvare se il principio \u00e8 quello del &#8220;basso livello di frequentazione&#8221;. (MM)<\/p><\/blockquote>\n","protected":false},"excerpt":{"rendered":"<p>PREFAZIONE Un nostro ascoltatore ci ha inoltrato la risposta inviata via mail dalla Dolomiti bus che cos\u00ec commenta: &#8220;Sempre la stessa, Neanche per il periodo turistico si impegnano a garantire nei giorni festivi da Belluno verso l&#8217;Agordino un minimo di due corse giornaliere. Ripeto che in tutto il Veneto e&#8217; quasi esclusivamente Belluno ad avere&hellip;<\/p>\n","protected":false},"author":4,"featured_media":237486,"comment_status":"closed","ping_status":"open","sticky":false,"template":"","format":"standard","meta":{"_monsterinsights_skip_tracking":false,"_monsterinsights_sitenote_active":false,"_monsterinsights_sitenote_note":"","_monsterinsights_sitenote_category":0,"footnotes":""},"categories":[51,49],"tags":[],"class_list":["post-248309","post","type-post","status-publish","format-standard","has-post-thumbnail","hentry","category-evidenza-top","category-news-18","category-51","category-49","description-off"],"img_url":"https:\/\/www.radiopiu.net\/wordpress\/wp-content\/uploads\/2021\/10\/9396bbfc-2818-4225-b55d-9a56c39206f1.jpg","_links":{"self":[{"href":"https:\/\/www.radiopiu.net\/wordpress\/wp-json\/wp\/v2\/posts\/248309","targetHints":{"allow":["GET"]}}],"collection":[{"href":"https:\/\/www.radiopiu.net\/wordpress\/wp-json\/wp\/v2\/posts"}],"about":[{"href":"https:\/\/www.radiopiu.net\/wordpress\/wp-json\/wp\/v2\/types\/post"}],"author":[{"embeddable":true,"href":"https:\/\/www.radiopiu.net\/wordpress\/wp-json\/wp\/v2\/users\/4"}],"replies":[{"embeddable":true,"href":"https:\/\/www.radiopiu.net\/wordpress\/wp-json\/wp\/v2\/comments?post=248309"}],"version-history":[{"count":0,"href":"https:\/\/www.radiopiu.net\/wordpress\/wp-json\/wp\/v2\/posts\/248309\/revisions"}],"wp:featuredmedia":[{"embeddable":true,"href":"https:\/\/www.radiopiu.net\/wordpress\/wp-json\/wp\/v2\/media\/237486"}],"wp:attachment":[{"href":"https:\/\/www.radiopiu.net\/wordpress\/wp-json\/wp\/v2\/media?parent=248309"}],"wp:term":[{"taxonomy":"category","embeddable":true,"href":"https:\/\/www.radiopiu.net\/wordpress\/wp-json\/wp\/v2\/categories?post=248309"},{"taxonomy":"post_tag","embeddable":true,"href":"https:\/\/www.radiopiu.net\/wordpress\/wp-json\/wp\/v2\/tags?post=248309"}],"curies":[{"name":"wp","href":"https:\/\/api.w.org\/{rel}","templated":true}]}}