{"id":248311,"date":"2021-12-15T05:52:14","date_gmt":"2021-12-15T04:52:14","guid":{"rendered":"https:\/\/www.radiopiu.net\/wordpress\/?p=248311"},"modified":"2021-12-15T06:14:09","modified_gmt":"2021-12-15T05:14:09","slug":"i-vaccini-funzionano-carraro-vaccinatevi-per-non-ridurre-la-possibilita-di-cura-a-chi-ne-ha-necessita","status":"publish","type":"post","link":"https:\/\/www.radiopiu.net\/wordpress\/i-vaccini-funzionano-carraro-vaccinatevi-per-non-ridurre-la-possibilita-di-cura-a-chi-ne-ha-necessita\/","title":{"rendered":"I VACCINI FUNZIONANO, CARRARO &#8220;VACCINATEVI PER NON RIDURRE LA POSSIBILITA&#8217; DI CURA A CHI NE HA NECESSITA'&#8221;."},"content":{"rendered":"<p><strong><a href=\"https:\/\/www.radiopiu.net\/wordpress\/covid-in-provincia-notizie-in-diretta-aggiornamento-dalla-ulss1-dolomiti\/691b26a7-f912-4502-9cd5-d030996b5fcb\/\" rel=\"attachment wp-att-248382\"><img loading=\"lazy\" decoding=\"async\" class=\"size-medium wp-image-248382 alignleft\" src=\"https:\/\/www.radiopiu.net\/wordpress\/wp-content\/uploads\/2021\/12\/691b26a7-f912-4502-9cd5-d030996b5fcb-300x169.jpg\" alt=\"\" width=\"300\" height=\"169\" srcset=\"https:\/\/www.radiopiu.net\/wordpress\/wp-content\/uploads\/2021\/12\/691b26a7-f912-4502-9cd5-d030996b5fcb-300x169.jpg 300w, https:\/\/www.radiopiu.net\/wordpress\/wp-content\/uploads\/2021\/12\/691b26a7-f912-4502-9cd5-d030996b5fcb-1024x577.jpg 1024w, https:\/\/www.radiopiu.net\/wordpress\/wp-content\/uploads\/2021\/12\/691b26a7-f912-4502-9cd5-d030996b5fcb-768x433.jpg 768w, https:\/\/www.radiopiu.net\/wordpress\/wp-content\/uploads\/2021\/12\/691b26a7-f912-4502-9cd5-d030996b5fcb-1536x866.jpg 1536w, https:\/\/www.radiopiu.net\/wordpress\/wp-content\/uploads\/2021\/12\/691b26a7-f912-4502-9cd5-d030996b5fcb.jpg 2048w\" sizes=\"auto, (max-width: 300px) 100vw, 300px\" \/><\/a>BELLUNO<\/strong><\/p>\n<p><strong>di Moreno Gioli<\/strong><\/p>\n<audio class=\"wp-audio-shortcode\" id=\"audio-248311-1\" preload=\"none\" style=\"width: 100%;\" controls=\"controls\"><source type=\"audio\/mpeg\" src=\"https:\/\/www.radiopiu.net\/wordpress\/wp-content\/uploads\/2021\/12\/GIOLI-CONF-ULSS.mp3?_=1\" \/><a href=\"https:\/\/www.radiopiu.net\/wordpress\/wp-content\/uploads\/2021\/12\/GIOLI-CONF-ULSS.mp3\">https:\/\/www.radiopiu.net\/wordpress\/wp-content\/uploads\/2021\/12\/GIOLI-CONF-ULSS.mp3<\/a><\/audio>\n<p>&nbsp;<\/p>\n<blockquote>\n<h3>LEGGI LA CONFERENZA STAMPA<\/h3>\n<\/blockquote>\n<p>La situazione \u00e8 in evoluzione, come siamo messi: 1106 positivi nelle ultime 24 ore 112, nei giorni precedenti sempre sotto i 100. C&#8217;\u00e8 un rialzo. Persone in isolamento oltre 2000 con incidenza 271 nuovi casi ogni 100 mila abitanti, sempre sopra la media nazionale, sotto quella dei territori contermini. Mi sento circondata. I diversi confini hanno incidenze diverse ma nemmeno la nostra \u00e8 pi\u00f9 la situazione di qualche giorno fa. Nuovi positivi soprattutto nella fascia centrale fino a 64 anni, un certo movimento nella fascia 0-14 ma il peggio \u00e8 nelle fase centrali. Rispetto allo scorso anno i numero sono molto diversi. In questi giorni ci fu la sospensione dell&#8217;attivit\u00e0 per l&#8217;alluvione e le grandi nevicate. Nell&#8217;ultima settimana escalation di ricoveri importanti: 4 pazienti in terapia intensiva, 30 in area non critica, 7 ospedale di comunit\u00e0. Piu&#8217; di 40 persone in ospedale, che non sono poche per la nostra organizzazione, ma nemmeno quello dello scorso anno. Situazione decisamente diversa ed a fare la differenza \u00e8 stata la vaccinazione. Lo scorso anno ci furono anche chiusure e limitazioni che ancora non ci sono.\u00a0 Abbiamo molte persone impegnate nella campagna vaccinale, nei punti tampone, ci sono poi le scuole aperte con tutta l&#8217;attivit\u00e0 di monitoraggio che richiede uno sforzo importante di personale. Per noi la situazione \u00e8 faticosa. Abbiamo tanti filoni da tenere in piedi. Questa escalation pero&#8217; un po&#8217; ci rammarica. La campagna vaccinale prosegue bene, almeno una dose l&#8217;85,6% delle persona vaccinabili, quasi l&#8217;84% il ciclo completo. Per fasce d&#8217;et\u00e0 12-19 anni i giovani hanno risposto in maniera importante. La fascia d&#8217;et\u00e0 dei ventenni \u00e8 quella che ha visto una risposta di massa. Gli over 60 non coperti sono le persone a rischio maggiore. C&#8217;\u00e8 ancora una fetta della popolazione che ha superato i 150 giorni dal ciclo completo e alle quali \u00e8 raccomandata la dose di richiamo prenotandosi dal sito. Grazie a quanti collaborano nei centri vaccinali, grazie ai volontari anche quelli pi\u00f9 distanti dai punti tradizionali. Abbiamo aperto le prenotazioni per le vaccinazione in et\u00e0 pediatrica, puo&#8217; essere somministrata ai bimbi che hanno compiuto i cinque anni. I pediatri si stanno organizzando. Oggi avevamo 131 prenotati dal portale, gi\u00e0 chiamati dai pediatri per i prossimi giorni.<\/p>\n<p><strong>IL DOTTOR RODOLFO MUZZOLON PRIMARIO PNEUMOLOGIA &#8211; BELLUNO<\/strong><\/p>\n<audio class=\"wp-audio-shortcode\" id=\"audio-248311-2\" preload=\"none\" style=\"width: 100%;\" controls=\"controls\"><source type=\"audio\/mpeg\" src=\"https:\/\/www.radiopiu.net\/wordpress\/wp-content\/uploads\/2021\/12\/MUZZOLON.mp3?_=2\" \/><a href=\"https:\/\/www.radiopiu.net\/wordpress\/wp-content\/uploads\/2021\/12\/MUZZOLON.mp3\">https:\/\/www.radiopiu.net\/wordpress\/wp-content\/uploads\/2021\/12\/MUZZOLON.mp3<\/a><\/audio>\n<p>&nbsp;<\/p>\n<p>I dati fanno vedere che il vaccino funziona, non c&#8217;\u00e8 paragone rispetto al passato. Il problema? Perdita efficacia del vaccino dopo 5-6 mesi, i pi\u00f9 fragili soprattutto sono a rischio, si ammalano. L&#8217;altra fascia \u00e8 quella che va dai 50 ai 70 anni. La migliore cura e&#8217; stata la prevenzione. I monoclonali funziono se fatti subito nei 3-5 giorni, ma ripeto meglio prevenire che curare come suggerisce la medicina. Il vaccino non ha contro indicazioni se non per persone con patologie documentate. Il vaccino \u00e8 ben tollerato. La gravidanza ha un decorso a rischio con\u00a0 il covid. Abbiamo avuto 5 donne gravide, 3 abbiamo dovuto indurre il parto, 1 trasferita a Treviso.<\/p>\n<p>&nbsp;<\/p>\n<p><strong>IL DOTTOR GIANPAOLO RISDONNE PEDIATRA DI LIBERA SCELTA\u00a0<\/strong><\/p>\n<audio class=\"wp-audio-shortcode\" id=\"audio-248311-3\" preload=\"none\" style=\"width: 100%;\" controls=\"controls\"><source type=\"audio\/mpeg\" src=\"https:\/\/www.radiopiu.net\/wordpress\/wp-content\/uploads\/2021\/12\/RISDONNE.mp3?_=3\" \/><a href=\"https:\/\/www.radiopiu.net\/wordpress\/wp-content\/uploads\/2021\/12\/RISDONNE.mp3\">https:\/\/www.radiopiu.net\/wordpress\/wp-content\/uploads\/2021\/12\/RISDONNE.mp3<\/a><\/audio>\n<p>&nbsp;<\/p>\n<p>Il vaccino nei bambini, i motivi della vaccinazione. Gli effetti collaterali, la stragrande maggioranza sono banali, stanchezza, mal di testa&#8230;che si risolvono in poco tempo. I pi\u00f9 gravi riguarda la miocardite, durante la sperimentazione non sono stati riscontrati casi negativi. Possiamo contare sull&#8217;esperienza americana che ha vaccinato a novembre pi\u00f9 di 5 milioni di bambini. Si parla di 50 casi ogni milione di dosi per miocarditi benigne tutte risolte con terapie ma non cure particolari e non hanno lasciato conseguenze. L&#8217;Universit\u00e0 di Padova ha fatto uno studio su chi ha contratto il covid in maniera sintomatica. La miocardite da covid \u00e8 molto pi\u00f9 grave da quella indotta dal vaccino.<\/p>\n<p>&nbsp;<\/p>\n<p><a href=\"https:\/\/www.facebook.com\/mirko.mezzacasa\/videos\/2024331271103738\">https:\/\/www.facebook.com\/mirko.mezzacasa\/videos\/2024331271103738<\/a><\/p>\n<p>&nbsp;<\/p>\n<a href=\"https:\/\/www.radiopiu.net\/wordpress\/wp-content\/uploads\/2021\/12\/conf-stampa-14-dicembre-2021_def.pdf\" class=\"pdfemb-viewer\" style=\"\" data-width=\"max\" data-height=\"max\" data-toolbar=\"top\" data-toolbar-fixed=\"on\">conf stampa 14 dicembre 2021_def<\/a>\n","protected":false},"excerpt":{"rendered":"<p>BELLUNO di Moreno Gioli &nbsp; LEGGI LA CONFERENZA STAMPA La situazione \u00e8 in evoluzione, come siamo messi: 1106 positivi nelle ultime 24 ore 112, nei giorni precedenti sempre sotto i 100. C&#8217;\u00e8 un rialzo. Persone in isolamento oltre 2000 con incidenza 271 nuovi casi ogni 100 mila abitanti, sempre sopra la media nazionale, sotto quella&hellip;<\/p>\n","protected":false},"author":4,"featured_media":248382,"comment_status":"closed","ping_status":"open","sticky":false,"template":"","format":"standard","meta":{"_monsterinsights_skip_tracking":false,"_monsterinsights_sitenote_active":false,"_monsterinsights_sitenote_note":"","_monsterinsights_sitenote_category":0,"footnotes":""},"categories":[104,49],"tags":[],"class_list":["post-248311","post","type-post","status-publish","format-standard","has-post-thumbnail","hentry","category-evidenza_3","category-news-18","category-104","category-49","description-off"],"img_url":"https:\/\/www.radiopiu.net\/wordpress\/wp-content\/uploads\/2021\/12\/691b26a7-f912-4502-9cd5-d030996b5fcb.jpg","_links":{"self":[{"href":"https:\/\/www.radiopiu.net\/wordpress\/wp-json\/wp\/v2\/posts\/248311","targetHints":{"allow":["GET"]}}],"collection":[{"href":"https:\/\/www.radiopiu.net\/wordpress\/wp-json\/wp\/v2\/posts"}],"about":[{"href":"https:\/\/www.radiopiu.net\/wordpress\/wp-json\/wp\/v2\/types\/post"}],"author":[{"embeddable":true,"href":"https:\/\/www.radiopiu.net\/wordpress\/wp-json\/wp\/v2\/users\/4"}],"replies":[{"embeddable":true,"href":"https:\/\/www.radiopiu.net\/wordpress\/wp-json\/wp\/v2\/comments?post=248311"}],"version-history":[{"count":0,"href":"https:\/\/www.radiopiu.net\/wordpress\/wp-json\/wp\/v2\/posts\/248311\/revisions"}],"wp:featuredmedia":[{"embeddable":true,"href":"https:\/\/www.radiopiu.net\/wordpress\/wp-json\/wp\/v2\/media\/248382"}],"wp:attachment":[{"href":"https:\/\/www.radiopiu.net\/wordpress\/wp-json\/wp\/v2\/media?parent=248311"}],"wp:term":[{"taxonomy":"category","embeddable":true,"href":"https:\/\/www.radiopiu.net\/wordpress\/wp-json\/wp\/v2\/categories?post=248311"},{"taxonomy":"post_tag","embeddable":true,"href":"https:\/\/www.radiopiu.net\/wordpress\/wp-json\/wp\/v2\/tags?post=248311"}],"curies":[{"name":"wp","href":"https:\/\/api.w.org\/{rel}","templated":true}]}}