{"id":248354,"date":"2021-12-14T23:59:08","date_gmt":"2021-12-14T22:59:08","guid":{"rendered":"https:\/\/www.radiopiu.net\/wordpress\/?p=248354"},"modified":"2021-12-14T15:13:05","modified_gmt":"2021-12-14T14:13:05","slug":"nuova-equipe-alla-guida-dellufficio-scuola-insediata-dal-vescovo-di-belluno-marangoni","status":"publish","type":"post","link":"https:\/\/www.radiopiu.net\/wordpress\/nuova-equipe-alla-guida-dellufficio-scuola-insediata-dal-vescovo-di-belluno-marangoni\/","title":{"rendered":"NUOVA \u00c9QUIPE ALLA GUIDA DELL\u2019UFFICIO-SCUOLA INSEDIATA DAL VESCOVO DI BELLUNO MARANGONI"},"content":{"rendered":"<p><strong>di\u00a0 RENATO BONA<\/strong><\/p>\n<p><strong>BELLUNO\u00a0<\/strong> La scuola e le sue problematiche continua ad essere al centro delle attenzioni del vescovo di Belluno-Feltre monsignor Renato Marangoni. Una conferma viene dal sito diocesano chiesabellunofeltre in cui vi \u00e8 l\u2019annuncio che \u201cNel quadro degli avvicendamenti che hanno coinvolto alcune parrocchie e alcuni uffici della nostra diocesi, si inserisce anche il rinnovamento che il Vescovo oggi ha disposto con l\u2019insediamento di una nuova \u00e9quipe alla guida dell\u2019Ufficio diocesano di pastorale dell\u2019educazione e della scuola, quello che comunemente viene chiamato \u201cUfficio-Scuola\u201d. Si tratta &#8211; viene ricordato &#8211; dell\u2019Ufficio che esprime l\u2019attenzione e la cura pastorale della diocesi per l\u2019intero percorso di formazione scolastica, in dialogo con le istituzioni, gli enti e le associazioni operanti nel sistema d\u2019educazione e istruzione e curando le relazioni con tutti i soggetti del mondo dell\u2019educazione e della scuola\u201d. Il servizio del sito specifica quindi che l\u2019\u00e9quipe assume le varie mansioni dell\u2019Ufficio-scuola, senza escludere che il gruppo possa essere in seguito integrato. Per ora ne fanno parte: Paola Barattin, cui il Vescovo affida l\u2019incarico di tenere il rapporto con gli altri Uffici di pastorale e gli organismi diocesani; Alessandra Catania alla quale \u00e8 affidato l\u2019incarico di seguire l\u2019insegnamento della religione cattolica; Manuel Savi che si occuper\u00e0 del settore amministrativo mentre don Alex Vascellari, gi\u00e0 vicedirettore, sar\u00e0 il delegato vescovile per la Pastorale dell\u2019educazione e della scuola. Considerate l\u2019importanza e la complessit\u00e0 dell\u2019ambito dell\u2019educazione e della scuola oggi e le implicanze pastorali che ne derivano, monsignor Marangoni e l\u2019intera diocesi hanno espresso ai quattro membri della nuova \u00e9quipe l\u2019augurio per un fruttuoso servizio, in collaborazione con gli altri uffici diocesani di pastorale. Proprio Paola Barattin firma sul sito un servizio in cui annuncia per oggi, mercoled\u00ec 15, un incontro online con Marco Gui, esperto in comunicazione ed educazione ai media, per l\u2019illustrazione del \u201cPatto di comunit\u00e0 tra famiglie, scuola e comunit\u00e0\u201d. Leggiamo insieme: \u201cSentiamo spesso parlare di \u2018cittadinanza digitale\u2019, di rischi e opportunit\u00e0 nell\u2019utilizzo delle nuove tecnologie, dei social e dei linguaggi del mondo digitale. Sicuramente ci poniamo delle domande sulle ricadute della frequentazione da parte dei bambini e dei ragazzi di questi \u2018ambienti\u2019, che fanno parte ormai della vita quotidiana. Le \u2018Scuole in rete per un mondo di solidariet\u00e0 e di pace\u2019, con il supporto dell\u2019Associazione Amici delle Scuole in rete e la Consulta degli studenti, in sinergia con l\u2019Ufficio scolastico provinciale, propone un\u2019interessante iniziativa su questi temi, che interpellano la responsabilit\u00e0 di genitori, educatori e di tutta la comunit\u00e0: un incontro con il prof. Marco Gui, di Milano, docente di sociologia dei media all\u2019universit\u00e0 Milano-Bicocca, esperto in comunicazione e educazione ai media, che si svolger\u00e0 mercoled\u00ec 15 dicembre online alle ore 20.30. L\u2019Ufficio di pastorale dell\u2019educazione e della scuola sostiene e promuove l\u2019iniziativa dedicata in particolare a genitori e educatori, per stringere un \u2018patto di comunit\u00e0 tra famiglie, scuola e comunit\u00e0\u2019 per la diffusione e la condivisione di pratiche di uso responsabile della tecnologia stessa. Ne va del benessere digitale dei bambini e dei ragazzi. Durante l\u2019incontro verranno fornite indicazioni e offerti materiali per una comunit\u00e0 di pratica. Sar\u00e0 possibile seguire in streaming dal sito <span role=\"gridcell\"><a class=\"oajrlxb2 g5ia77u1 qu0x051f esr5mh6w e9989ue4 r7d6kgcz rq0escxv nhd2j8a9 nc684nl6 p7hjln8o kvgmc6g5 cxmmr5t8 oygrvhab hcukyx3x jb3vyjys rz4wbd8a qt6c0cv9 a8nywdso i1ao9s8h f1sip0of lzcic4wl gmql0nx0 gpro0wi8 oo483o9r\" tabindex=\"-1\" role=\"link\" href=\"https:\/\/l.facebook.com\/l.php?u=http%3A%2F%2Fwww.studentibelluno.it%2F%3Ffbclid%3DIwAR3axxSP-vzVexeJG95cDYxn42nV3Dw0uQeRB6ERotu3DJs2eqr3rscOTtA&amp;h=AT1L18euCJvPhKGYagRmg_Dvy92U_5K8U1Vm2U07SdJ7dsqDUI9Gww2iIu5ltgAMxzAcRdP_cZuU-EnaIlcmon-ruIqNSA9H4O7hbwclTcdIgFDxrEm3_Ex1jj36JayQfJzxLw\" target=\"_blank\" rel=\"nofollow noopener\">www.studentibelluno.it<\/a><\/span>, con possibilit\u00e0 di inviare domande e osservazioni tramite apposito form\u201d. Intanto, l\u2019Ufficio scuola ha organizzato sul tema: \u201cPerch\u00e9 insegnare ancora religione?\u201d un corso di formazione per gli insegnanti di religione; nel pomeriggio di sabato 27 novembre al centro diocesano Giovanni XXIII di Belluno c\u2019\u00e8 stato il primo di una serie di incontri di formazione aperti a tutti gli insegnanti di religione della diocesi per l\u2019anno 2021-2022, tenuto dal prof. Luca Raspi. \u201cQual \u00e8 la pi\u00f9 grande parrocchia di Italia?\u201d. Si \u00e8 risposto: la scuola! Il gi\u00e0 noto Sergio Cicatelli, docente di pedagogia e a lungo dirigente scolastico, assieme a Luca Raspi, docente di religione in Liguria e psicologo, hanno pubblicato con l\u2019editrice San Paolo il testo dal titolo \u201cPerch\u00e9 insegnare religione oggi?\u201d. Interessante ed utile pertanto una riflessione nuova e autonoma, alla luce dei tempi passati e cambiati, rispetto alla Nota pastorale della Conferenza episcopale italiana del 1991 \u201cInsegnare religione oggi\u201d, pubblicata trent\u2019anni fa, partendo dalle esigenze degli studenti e dei docenti. Infine: gli insegnanti di religione, secondo tradizione, sono stati invitati prima di Natale a un momento di preghiera e per lo scambio di auguri. L\u2019incontro \u00e8 avvenuto sabato 11 dalle 17,45 nel Seminario Gregoriano bellunese dove il vescovo Marangoni ha presieder\u00e0 la celebrazione della messa, seguita da un momento di festa per lo scambio di auguri e per rivolgere un ringraziamento a don Graziano e don Alex, che hanno ricevuto altri incarichi in diocesi, per il servizio offerto nell\u2019Ufficio diocesano di educazione e scuola.<\/p>\n\n\t\t\t<style type='text\/css'>\n\t\t\t\t#gallery-1 {\n\t\t\t\t\tmargin: auto;\n\t\t\t\t}\n\t\t\t\t#gallery-1 .gallery-item {\n\t\t\t\t\tfloat: left;\n\t\t\t\t\tmargin-top: 10px;\n\t\t\t\t\ttext-align: center;\n\t\t\t\t\twidth: 20%;\n\t\t\t\t}\n\t\t\t\t#gallery-1 img {\n\t\t\t\t\tborder: 2px solid #cfcfcf;\n\t\t\t\t}\n\t\t\t\t#gallery-1 .gallery-caption {\n\t\t\t\t\tmargin-left: 0;\n\t\t\t\t}\n\t\t\t\t\/* see gallery_shortcode() in wp-includes\/media.php *\/\n\t\t\t<\/style>\n\t\t<div id='gallery-1' class='dt-gallery-container gallery galleryid-248354 gallery-columns-5 gallery-size-thumbnail'><dl class='gallery-item'>\n\t\t\t\t<dt class='gallery-icon portrait'>\n\t\t\t\t\t<a class=\"rollover rollover-zoom dt-pswp-item\" title=\"264758061_446901906967497_7676534552875454000_n\" data-dt-img-description=\"\" data-large_image_width=\"110\" data-large_image_height=\"131\"href='https:\/\/www.radiopiu.net\/wordpress\/wp-content\/uploads\/2021\/12\/264758061_446901906967497_7676534552875454000_n.png'><img loading=\"lazy\" decoding=\"async\" width=\"110\" height=\"131\" src=\"https:\/\/www.radiopiu.net\/wordpress\/wp-content\/uploads\/2021\/12\/264758061_446901906967497_7676534552875454000_n.png\" class=\"attachment-thumbnail size-thumbnail\" alt=\"\" \/><\/a>\n\t\t\t\t<\/dt><\/dl><dl class='gallery-item'>\n\t\t\t\t<dt class='gallery-icon landscape'>\n\t\t\t\t\t<a class=\"rollover rollover-zoom dt-pswp-item\" title=\"264537847_1419948748407377_5778830600392294285_n\" data-dt-img-description=\"\" data-large_image_width=\"150\" data-large_image_height=\"150\"href='https:\/\/www.radiopiu.net\/wordpress\/wp-content\/uploads\/2021\/12\/264537847_1419948748407377_5778830600392294285_n.jpg'><img loading=\"lazy\" decoding=\"async\" width=\"150\" height=\"150\" src=\"https:\/\/www.radiopiu.net\/wordpress\/wp-content\/uploads\/2021\/12\/264537847_1419948748407377_5778830600392294285_n.jpg\" class=\"attachment-thumbnail size-thumbnail\" alt=\"\" \/><\/a>\n\t\t\t\t<\/dt><\/dl><dl class='gallery-item'>\n\t\t\t\t<dt class='gallery-icon landscape'>\n\t\t\t\t\t<a class=\"rollover rollover-zoom dt-pswp-item\" title=\"264389158_452690219892778_1747411610858471503_n\" data-dt-img-description=\"\" data-large_image_width=\"228\" data-large_image_height=\"204\"href='https:\/\/www.radiopiu.net\/wordpress\/wp-content\/uploads\/2021\/12\/264389158_452690219892778_1747411610858471503_n.jpg'><img loading=\"lazy\" decoding=\"async\" width=\"150\" height=\"150\" src=\"https:\/\/www.radiopiu.net\/wordpress\/wp-content\/uploads\/2021\/12\/264389158_452690219892778_1747411610858471503_n-150x150.jpg\" class=\"attachment-thumbnail size-thumbnail\" alt=\"\" \/><\/a>\n\t\t\t\t<\/dt><\/dl><dl class='gallery-item'>\n\t\t\t\t<dt class='gallery-icon landscape'>\n\t\t\t\t\t<a class=\"rollover rollover-zoom dt-pswp-item\" title=\"264103129_464846671669987_7067436581826652872_n\" data-dt-img-description=\"\" data-large_image_width=\"258\" data-large_image_height=\"206\"href='https:\/\/www.radiopiu.net\/wordpress\/wp-content\/uploads\/2021\/12\/264103129_464846671669987_7067436581826652872_n.jpg'><img loading=\"lazy\" decoding=\"async\" width=\"150\" height=\"150\" src=\"https:\/\/www.radiopiu.net\/wordpress\/wp-content\/uploads\/2021\/12\/264103129_464846671669987_7067436581826652872_n-150x150.jpg\" class=\"attachment-thumbnail size-thumbnail\" alt=\"\" \/><\/a>\n\t\t\t\t<\/dt><\/dl><dl class='gallery-item'>\n\t\t\t\t<dt class='gallery-icon landscape'>\n\t\t\t\t\t<a class=\"rollover rollover-zoom dt-pswp-item\" title=\"263745965_627312995137190_3458598202738878797_n\" data-dt-img-description=\"\" data-large_image_width=\"275\" data-large_image_height=\"206\"href='https:\/\/www.radiopiu.net\/wordpress\/wp-content\/uploads\/2021\/12\/263745965_627312995137190_3458598202738878797_n.jpg'><img loading=\"lazy\" decoding=\"async\" width=\"150\" height=\"150\" src=\"https:\/\/www.radiopiu.net\/wordpress\/wp-content\/uploads\/2021\/12\/263745965_627312995137190_3458598202738878797_n-150x150.jpg\" class=\"attachment-thumbnail size-thumbnail\" alt=\"\" \/><\/a>\n\t\t\t\t<\/dt><\/dl><br style=\"clear: both\" \/>\n\t\t\t<\/div>\n\n<p>NELLE FOTO (sito diocesano: chiesabellunofeltre): il vescovo di Belluno-Feltre Renato Marangoni; il prof. Marco Gui; il prof. Luca Raspi; la locandina che annuncia il convegno; la nuova \u00e9quipe dell\u2019Ufficio scuola diocesano.<\/p>\n","protected":false},"excerpt":{"rendered":"<p>di\u00a0 RENATO BONA BELLUNO\u00a0 La scuola e le sue problematiche continua ad essere al centro delle attenzioni del vescovo di Belluno-Feltre monsignor Renato Marangoni. Una conferma viene dal sito diocesano chiesabellunofeltre in cui vi \u00e8 l\u2019annuncio che \u201cNel quadro degli avvicendamenti che hanno coinvolto alcune parrocchie e alcuni uffici della nostra diocesi, si inserisce anche&hellip;<\/p>\n","protected":false},"author":4,"featured_media":248358,"comment_status":"closed","ping_status":"open","sticky":false,"template":"","format":"standard","meta":{"_monsterinsights_skip_tracking":false,"_monsterinsights_sitenote_active":false,"_monsterinsights_sitenote_note":"","_monsterinsights_sitenote_category":0,"footnotes":""},"categories":[104,49],"tags":[],"class_list":["post-248354","post","type-post","status-publish","format-standard","has-post-thumbnail","hentry","category-evidenza_3","category-news-18","category-104","category-49","description-off"],"img_url":"https:\/\/www.radiopiu.net\/wordpress\/wp-content\/uploads\/2021\/12\/264103129_464846671669987_7067436581826652872_n.jpg","_links":{"self":[{"href":"https:\/\/www.radiopiu.net\/wordpress\/wp-json\/wp\/v2\/posts\/248354","targetHints":{"allow":["GET"]}}],"collection":[{"href":"https:\/\/www.radiopiu.net\/wordpress\/wp-json\/wp\/v2\/posts"}],"about":[{"href":"https:\/\/www.radiopiu.net\/wordpress\/wp-json\/wp\/v2\/types\/post"}],"author":[{"embeddable":true,"href":"https:\/\/www.radiopiu.net\/wordpress\/wp-json\/wp\/v2\/users\/4"}],"replies":[{"embeddable":true,"href":"https:\/\/www.radiopiu.net\/wordpress\/wp-json\/wp\/v2\/comments?post=248354"}],"version-history":[{"count":0,"href":"https:\/\/www.radiopiu.net\/wordpress\/wp-json\/wp\/v2\/posts\/248354\/revisions"}],"wp:featuredmedia":[{"embeddable":true,"href":"https:\/\/www.radiopiu.net\/wordpress\/wp-json\/wp\/v2\/media\/248358"}],"wp:attachment":[{"href":"https:\/\/www.radiopiu.net\/wordpress\/wp-json\/wp\/v2\/media?parent=248354"}],"wp:term":[{"taxonomy":"category","embeddable":true,"href":"https:\/\/www.radiopiu.net\/wordpress\/wp-json\/wp\/v2\/categories?post=248354"},{"taxonomy":"post_tag","embeddable":true,"href":"https:\/\/www.radiopiu.net\/wordpress\/wp-json\/wp\/v2\/tags?post=248354"}],"curies":[{"name":"wp","href":"https:\/\/api.w.org\/{rel}","templated":true}]}}