{"id":248363,"date":"2021-12-15T05:51:55","date_gmt":"2021-12-15T04:51:55","guid":{"rendered":"https:\/\/www.radiopiu.net\/wordpress\/?p=248363"},"modified":"2021-12-15T06:16:08","modified_gmt":"2021-12-15T05:16:08","slug":"quando-il-cellulare-non-prende-servirebbe-il-pugno-di-ferro-della-politica","status":"publish","type":"post","link":"https:\/\/www.radiopiu.net\/wordpress\/quando-il-cellulare-non-prende-servirebbe-il-pugno-di-ferro-della-politica\/","title":{"rendered":"QUANDO IL CELLULARE NON PRENDE SERVIREBBE IL PUGNO DI FERRO DELLA POLITICA"},"content":{"rendered":"<p><strong>SOVERZENE<\/strong> La Val Gallina\u00a0(o\u00a0Val Galina) \u00e8 una\u00a0<a title=\"Valle\" href=\"https:\/\/it.wikipedia.org\/wiki\/Valle\">valle<\/a>\u00a0della\u00a0<a title=\"Provincia di Belluno\" href=\"https:\/\/it.wikipedia.org\/wiki\/Provincia_di_Belluno\">provincia di Belluno<\/a>, situata sulla sinistra idrografica della\u00a0<a title=\"Valle del Piave\" href=\"https:\/\/it.wikipedia.org\/wiki\/Valle_del_Piave\">valle del Piave<\/a>; dal punto di vista amministrativo, essa \u00e8 suddivisa fra i comuni di\u00a0<a title=\"Longarone\" href=\"https:\/\/it.wikipedia.org\/wiki\/Longarone\">Longarone<\/a>\u00a0a nord e\u00a0<a title=\"Soverzene\" href=\"https:\/\/it.wikipedia.org\/wiki\/Soverzene\">Soverzene<\/a> a sud. Ma che ci siano due sindaci a presidiarla con tanto di <a href=\"https:\/\/www.radiopiu.net\/wordpress\/quando-il-cellulare-non-prende-servirebbe-il-pugno-di-ferro-della-politica\/20046325_327337531045393_5682757679731415676_n\/\" rel=\"attachment wp-att-248365\"><img loading=\"lazy\" decoding=\"async\" class=\" wp-image-248365 alignright\" src=\"https:\/\/www.radiopiu.net\/wordpress\/wp-content\/uploads\/2021\/12\/20046325_327337531045393_5682757679731415676_n-300x300.jpg\" alt=\"\" width=\"210\" height=\"210\" srcset=\"https:\/\/www.radiopiu.net\/wordpress\/wp-content\/uploads\/2021\/12\/20046325_327337531045393_5682757679731415676_n-300x300.jpg 300w, https:\/\/www.radiopiu.net\/wordpress\/wp-content\/uploads\/2021\/12\/20046325_327337531045393_5682757679731415676_n-150x150.jpg 150w, https:\/\/www.radiopiu.net\/wordpress\/wp-content\/uploads\/2021\/12\/20046325_327337531045393_5682757679731415676_n.jpg 317w\" sizes=\"auto, (max-width: 210px) 100vw, 210px\" \/><\/a>consiglio comunale non \u00e8 servito a dare risposte concrete a chi da almeno quattro anni chiede di far potenziare il segnale telefonico. Perch\u00e9 la diga \u00e8 importante e il collegamento telefonico non si dovrebbe nemmeno discutere, ma \u00e8 anche zona turistica, terra di importanti eventi sportivi che richiama centinaia di atleti e persone al seguito, dove spesso la gente trascorre le giornate estive e in caso di emergenza l&#8217;unica soluzione \u00e8 prendere la corsa e sperare di arrivare prima possibile in una zona con copertura telefonica, trovandola. <em>&#8220;Oppure dice Alessandro Perera, possono andare al centro della diga, praticare lo Yoga dopo aver trovato la giusta posizione e sperare di poter iniziare finire la telefonata&#8221;.<\/em> Che tradotto significa la copertura \u00e8 insufficiente, non soddisfa, crea disagi etc. a chi lavora sulla diga, nella foresteria o si reca nelle baite della zona a presidio del territorio per non ricadere nel solito ritornello della montagna che si spopola. Alessandro Perera\u00a0 (foto) sulla diga in Val Gallina ci lavora da quattro anni e conosce bene i disagi della mancanza della tecnologia per una basilare comunicazione. Non si pu\u00f2 certo dire sia stato con le mani in mano, pi\u00f9 volte ha bussato alla porta del sindaco di Soverzene Gianni Burigo, ma anche a quella del Prefetto per spiegare la situazione. <em>&#8220;Perch\u00e9 in Valle di San Lucano a Taibon (intervento con i fondi di confine ndr.), oppure in Val Canzoi sono stati investiti denari importanti per dare copertura alla zona e qui non ci pensa nessuno? Eppure tutti sono informati dal sindaco ai Carabinieri da chi si occupa dell&#8217;emergenza 118 e fino al Prefetto di Belluno&#8221;.\u00a0<\/em><\/p>\n<p>foto copertina: www.naturamediterraneo.com<\/p>\n","protected":false},"excerpt":{"rendered":"<p>SOVERZENE La Val Gallina\u00a0(o\u00a0Val Galina) \u00e8 una\u00a0valle\u00a0della\u00a0provincia di Belluno, situata sulla sinistra idrografica della\u00a0valle del Piave; dal punto di vista amministrativo, essa \u00e8 suddivisa fra i comuni di\u00a0Longarone\u00a0a nord e\u00a0Soverzene a sud. Ma che ci siano due sindaci a presidiarla con tanto di consiglio comunale non \u00e8 servito a dare risposte concrete a chi da&hellip;<\/p>\n","protected":false},"author":4,"featured_media":248366,"comment_status":"closed","ping_status":"open","sticky":false,"template":"","format":"standard","meta":{"_monsterinsights_skip_tracking":false,"_monsterinsights_sitenote_active":false,"_monsterinsights_sitenote_note":"","_monsterinsights_sitenote_category":0,"footnotes":""},"categories":[51,49],"tags":[],"class_list":["post-248363","post","type-post","status-publish","format-standard","has-post-thumbnail","hentry","category-evidenza-top","category-news-18","category-51","category-49","description-off"],"img_url":"https:\/\/www.radiopiu.net\/wordpress\/wp-content\/uploads\/2021\/12\/sg4.JPG_200811821476_sg4.jpg","_links":{"self":[{"href":"https:\/\/www.radiopiu.net\/wordpress\/wp-json\/wp\/v2\/posts\/248363","targetHints":{"allow":["GET"]}}],"collection":[{"href":"https:\/\/www.radiopiu.net\/wordpress\/wp-json\/wp\/v2\/posts"}],"about":[{"href":"https:\/\/www.radiopiu.net\/wordpress\/wp-json\/wp\/v2\/types\/post"}],"author":[{"embeddable":true,"href":"https:\/\/www.radiopiu.net\/wordpress\/wp-json\/wp\/v2\/users\/4"}],"replies":[{"embeddable":true,"href":"https:\/\/www.radiopiu.net\/wordpress\/wp-json\/wp\/v2\/comments?post=248363"}],"version-history":[{"count":0,"href":"https:\/\/www.radiopiu.net\/wordpress\/wp-json\/wp\/v2\/posts\/248363\/revisions"}],"wp:featuredmedia":[{"embeddable":true,"href":"https:\/\/www.radiopiu.net\/wordpress\/wp-json\/wp\/v2\/media\/248366"}],"wp:attachment":[{"href":"https:\/\/www.radiopiu.net\/wordpress\/wp-json\/wp\/v2\/media?parent=248363"}],"wp:term":[{"taxonomy":"category","embeddable":true,"href":"https:\/\/www.radiopiu.net\/wordpress\/wp-json\/wp\/v2\/categories?post=248363"},{"taxonomy":"post_tag","embeddable":true,"href":"https:\/\/www.radiopiu.net\/wordpress\/wp-json\/wp\/v2\/tags?post=248363"}],"curies":[{"name":"wp","href":"https:\/\/api.w.org\/{rel}","templated":true}]}}