{"id":248410,"date":"2021-12-14T18:10:33","date_gmt":"2021-12-14T17:10:33","guid":{"rendered":"https:\/\/www.radiopiu.net\/wordpress\/?p=248410"},"modified":"2021-12-14T18:10:33","modified_gmt":"2021-12-14T17:10:33","slug":"il-direttore-generale-della-sanita-del-veneto-flor-sospende-le-attivita-delle-ulss-venete","status":"publish","type":"post","link":"https:\/\/www.radiopiu.net\/wordpress\/il-direttore-generale-della-sanita-del-veneto-flor-sospende-le-attivita-delle-ulss-venete\/","title":{"rendered":"IL DIRETTORE GENERALE DELLA SANITA&#8217; DEL VENETO FLOR SOSPENDE LE ATTIVITA&#8217; DELLE ULSS VENETE"},"content":{"rendered":"<p><strong><a href=\"https:\/\/www.radiopiu.net\/wordpress\/giornale-radiopiu-19-giugno-2021-direttore-mirko-mezzacasa\/medico\/\" rel=\"attachment wp-att-216887\"><img loading=\"lazy\" decoding=\"async\" class=\"size-medium wp-image-216887 alignleft\" src=\"https:\/\/www.radiopiu.net\/wordpress\/wp-content\/uploads\/2021\/06\/MEDICO-300x225.jpg\" alt=\"\" width=\"300\" height=\"225\" srcset=\"https:\/\/www.radiopiu.net\/wordpress\/wp-content\/uploads\/2021\/06\/MEDICO-300x225.jpg 300w, https:\/\/www.radiopiu.net\/wordpress\/wp-content\/uploads\/2021\/06\/MEDICO-1024x768.jpg 1024w, https:\/\/www.radiopiu.net\/wordpress\/wp-content\/uploads\/2021\/06\/MEDICO-768x576.jpg 768w, https:\/\/www.radiopiu.net\/wordpress\/wp-content\/uploads\/2021\/06\/MEDICO-1536x1152.jpg 1536w, https:\/\/www.radiopiu.net\/wordpress\/wp-content\/uploads\/2021\/06\/MEDICO.jpg 1920w\" sizes=\"auto, (max-width: 300px) 100vw, 300px\" \/><\/a>VENEZIA<\/strong> A seguito del progressivo aumento del numero di casi delle infezioni da Coronavirus, il direttore generale della Sanit\u00e0 della Regione Veneto Luciano Flor ha scritto a tutte le Ulss del Veneto. Una circolare in materia di utilizzo delle sale operatorie. Con il documeto Flor dispone la sospensione delle attivit\u00e0 di chirurgia programmata per le quali \u00e8 previsto il ricovero in terapia intensiva e la riduzione dell&#8217;attivit\u00e0 programmata in ambito internistico ad esclusione di attivit\u00e0 non rinviabili in considerazione del quadro clinico e per le quali la prognognosi e le gravi conseguenze cliniche sono fortemente influenzate dalle tempistiche di diagnosi ed intervento e la chirurgia oncologica. Si garantiranno la disponibilit\u00e0 di tutti i posti letto previsti dal piano di emergenza. Inoltre \u00e8 stata disposta la sospensione dell&#8217;attivit\u00e0 di specialistica ambulatoriale delle strutture pubbliche e private ad eccezione delle prestazioni con priorit\u00e0 U e B.<\/p>\n<p>&nbsp;<\/p>\n<p>&nbsp;<\/p>\n<p>&nbsp;<\/p>\n<p>*****<\/p>\n","protected":false},"excerpt":{"rendered":"<p>VENEZIA A seguito del progressivo aumento del numero di casi delle infezioni da Coronavirus, il direttore generale della Sanit\u00e0 della Regione Veneto Luciano Flor ha scritto a tutte le Ulss del Veneto. Una circolare in materia di utilizzo delle sale operatorie. Con il documeto Flor dispone la sospensione delle attivit\u00e0 di chirurgia programmata per le&hellip;<\/p>\n","protected":false},"author":4,"featured_media":216887,"comment_status":"closed","ping_status":"open","sticky":false,"template":"","format":"standard","meta":{"_monsterinsights_skip_tracking":false,"_monsterinsights_sitenote_active":false,"_monsterinsights_sitenote_note":"","_monsterinsights_sitenote_category":0,"footnotes":""},"categories":[49],"tags":[],"class_list":["post-248410","post","type-post","status-publish","format-standard","has-post-thumbnail","hentry","category-news-18","category-49","description-off"],"img_url":"https:\/\/www.radiopiu.net\/wordpress\/wp-content\/uploads\/2021\/06\/MEDICO.jpg","_links":{"self":[{"href":"https:\/\/www.radiopiu.net\/wordpress\/wp-json\/wp\/v2\/posts\/248410","targetHints":{"allow":["GET"]}}],"collection":[{"href":"https:\/\/www.radiopiu.net\/wordpress\/wp-json\/wp\/v2\/posts"}],"about":[{"href":"https:\/\/www.radiopiu.net\/wordpress\/wp-json\/wp\/v2\/types\/post"}],"author":[{"embeddable":true,"href":"https:\/\/www.radiopiu.net\/wordpress\/wp-json\/wp\/v2\/users\/4"}],"replies":[{"embeddable":true,"href":"https:\/\/www.radiopiu.net\/wordpress\/wp-json\/wp\/v2\/comments?post=248410"}],"version-history":[{"count":0,"href":"https:\/\/www.radiopiu.net\/wordpress\/wp-json\/wp\/v2\/posts\/248410\/revisions"}],"wp:featuredmedia":[{"embeddable":true,"href":"https:\/\/www.radiopiu.net\/wordpress\/wp-json\/wp\/v2\/media\/216887"}],"wp:attachment":[{"href":"https:\/\/www.radiopiu.net\/wordpress\/wp-json\/wp\/v2\/media?parent=248410"}],"wp:term":[{"taxonomy":"category","embeddable":true,"href":"https:\/\/www.radiopiu.net\/wordpress\/wp-json\/wp\/v2\/categories?post=248410"},{"taxonomy":"post_tag","embeddable":true,"href":"https:\/\/www.radiopiu.net\/wordpress\/wp-json\/wp\/v2\/tags?post=248410"}],"curies":[{"name":"wp","href":"https:\/\/api.w.org\/{rel}","templated":true}]}}