{"id":248413,"date":"2021-12-16T05:55:17","date_gmt":"2021-12-16T04:55:17","guid":{"rendered":"https:\/\/www.radiopiu.net\/wordpress\/?p=248413"},"modified":"2021-12-16T09:46:14","modified_gmt":"2021-12-16T08:46:14","slug":"giornale-radiopiu-16-dicembre-2021-direttore-mirko-mezzacasa","status":"publish","type":"post","link":"https:\/\/www.radiopiu.net\/wordpress\/giornale-radiopiu-16-dicembre-2021-direttore-mirko-mezzacasa\/","title":{"rendered":"GIORNALE RADIOPIU 16 DICEMBRE 2021 DIRETTORE MIRKO MEZZACASA"},"content":{"rendered":"<h3 class=\"kvgmc6g5 cxmmr5t8 oygrvhab hcukyx3x c1et5uql\"><span style=\"color: #0000ff;\"><strong>INFORMAZIONE il canale su TELEGRAM informazione di prima mano e in tempo reale. iscriviti ed aiutaci a farlo conoscere\u00a0<\/strong><\/span><\/h3>\n<p>&nbsp;<\/p>\n<p>&nbsp;<\/p>\n<hr \/>\n<p>&nbsp;<\/p>\n<blockquote>\n<h3>CROCE VERDE VAL BIOIS, A SINGHIOZZO FINO AL 31 DICEMBRE<\/h3>\n<\/blockquote>\n<p><strong><img loading=\"lazy\" decoding=\"async\" class=\"alignleft\" src=\"https:\/\/www.radiopiu.net\/wordpress\/wp-content\/uploads\/2020\/06\/download-36.jpg\" width=\"174\" height=\"95\" \/>FALCADE<\/strong> Giorni e orari in cui l&#8217;emergenza della Croce Verde Val Biois non \u00e8 garantita: VENERDI&#8217; 17 DICEMBRE 2021 dalle ore 6:00 alle ore 20:00; GIOVEDI&#8217; 23 DICEMBRE dalle ore 6:00 alle ore 20:00; VENERDI&#8217; 24 DICEMBRE dalle roe 6:00 alle ore 20:00; LUNEDI&#8217; 27 DICEMBRE 2021 dalle ore 20:00 alle ore 6 di MARTEDI&#8217; 28 DICEMBRE 2021;<\/p>\n<p>&nbsp;<\/p>\n<p>&nbsp;<\/p>\n<hr \/>\n<p>&nbsp;<\/p>\n<p>&nbsp;<\/p>\n<blockquote>\n<h3>OGGI SCIOPERO NAZIONALE DEI TRASPORTI<\/h3>\n<\/blockquote>\n<p><span style=\"color: #ff0000;\">oggi dalle 5.40 alle 8.09 e dalle 12.10 alle 15.39\u00a0 \u00e8 garantito il servizio degli autisti della Dolomitibus.<\/span><\/p>\n<p><span style=\"color: #ff0000;\"> Le corse in partenza prima dell&#8217;inizio dello sciopero verranno effettuate regolarmente, una volta iniziate proseguiranno fino al capolinea.<\/span><\/p>\n<p>&nbsp;<\/p>\n<p>&nbsp;<\/p>\n<hr \/>\n<p>&nbsp;<\/p>\n<blockquote>\n<h3>14 POSITIVI A LA VALLE, 10 DA DUE FAMIGLIE NO VAX aggiornamento 16 COMUNI<\/h3>\n<\/blockquote>\n<p><strong>REDAZIONE<\/strong> Andamento della pandemia nell&#8217;Agordino, nell&#8217;ultimo aggiornamento la conferma di una diminuzione di casi a Falcade che l&#8217;altra settimana aveva preoccupato, anche a Vallada conferma il sindaco Fabio Luchetta contagi in calo pochi giorni fa erano 17 le persone in isolamento e oggi sul territorio si contano 3 positivi. Sono due i Comuni non interessati dai contagi, Selva di Cadore e San Tomaso mentre sono aumentati nella zona del Poi tra Voltago e Gosaldo. A La Valle il sindaco Zuanel<em> &#8220;Ci sono 14 positivi \u00e8 vero, ma dieci interessano due famiglie, entrambe no vax&#8221;.<\/em><\/p>\n<p><strong><span style=\"color: #ff0000;\">CASI DI COVID NELL&#8217;AGORDINO IN CONTINUO AGGIORNAMENTO<\/span><\/strong><\/p>\n<p><strong>AGORDO 32 positivi 20 isolamento\u00a0 FALCADE: 5 positivi 3 isolamento\u00a0 VOLTAGO 2 positivi 4 isolamento GOSALDO 11 positivi 10 quarantena CANALE D&#8217;AGORDO 14 positivi 17 isolamento TAIBON 23 positivi 38 quarantena LIVINALLONGO 17 positivi 57 in isolamento\u00a0 CENCENIGHE 10 positivi 3\u00a0 isolamento COLLE SANTA LUCIA 3 positivi ROCCA PIETORE 11 positivi 11 isolamento ALLEGHE 4 positivi 4 isolamento VALLADA 3 positivi LA VALLE 14 positivi 12 isolamento RIVAMONTE 5 positivi 8 isolamento SELVA DI CADORE\u00a0 E SAN TOMASO zero casi<\/strong><\/p>\n<p><a href=\"https:\/\/www.radiopiu.net\/wordpress\/giornale-radiopiu-16-dicembre-2021-direttore-mirko-mezzacasa\/8348dd3b-3961-4b79-9066-6e601502f600\/\" rel=\"attachment wp-att-248518\"><img loading=\"lazy\" decoding=\"async\" class=\"alignnone wp-image-248518 size-full\" src=\"https:\/\/www.radiopiu.net\/wordpress\/wp-content\/uploads\/2021\/12\/8348dd3b-3961-4b79-9066-6e601502f600.jpg\" alt=\"\" width=\"600\" height=\"393\" srcset=\"https:\/\/www.radiopiu.net\/wordpress\/wp-content\/uploads\/2021\/12\/8348dd3b-3961-4b79-9066-6e601502f600.jpg 600w, https:\/\/www.radiopiu.net\/wordpress\/wp-content\/uploads\/2021\/12\/8348dd3b-3961-4b79-9066-6e601502f600-300x197.jpg 300w\" sizes=\"auto, (max-width: 600px) 100vw, 600px\" \/><\/a><\/p>\n<p>&nbsp;<\/p>\n<p>&nbsp;<\/p>\n<p>&nbsp;<\/p>\n<hr \/>\n<p><strong>\u00a0\u00a0<\/strong><\/p>\n<blockquote>\n<h3>IL SINDACO POSO&#8217; GLI OCCHI SULLA LA NOTA CON LE RIGHE ARANCIONI&#8230;E LESSE IL SUO NOME<\/h3>\n<\/blockquote>\n<p><strong><img loading=\"lazy\" decoding=\"async\" class=\"alignleft\" src=\"https:\/\/www.radiopiu.net\/wordpress\/wp-content\/uploads\/2021\/12\/267745438_4543837915742749_5130444383693291434_n.jpg\" width=\"176\" height=\"235\" \/>CORTINA<\/strong> Il sindaco di Cortina Gianpietro Ghedina \u00e8 sempre vicino ai suoi concittadini nella buona e nella cattiva sorte. Ad esempio ieri ha comunicato dalla sua pagina facebook che il suo nome rientra tra i positivi al covid.<em> &#8220;Pu\u00f2 accadere che dopo quasi due anni dall\u2019inizio della pandemia, dopo 22 mesi che ricevi quotidianamente l\u2019elenco delle persone positive del tuo paese, su quelle righe evidenziate in arancione leggi anche il tuo nome. Gianpietro Ghedina caso positivo&#8221;.<\/em> Cos\u00ec il primo cittadino ampezzano che invita a non allarmarsi &#8220;Sto bene, qualche linea di febbre, tampone molecolare e l\u2019esito di positivit\u00e0 al test\u00a0 covid 19&#8221;. Nel pubblico messaggio il sindaco anticipa le domande, non le dribbla. Ai curiosi che si chiedono se Ghedina \u00e8 vaccinato arriva puntuale la risposta <em>&#8220;Ero in attesa del terzo vaccino, cosiddetto Booster, prenotato per il 16 dicembre, giusti 6 mesi dalla seconda dose&#8221;.<\/em> Sindaco in isolamento ma non lontano dal computer, grazie alla tecnologia continua a lavorare. <em>&#8220;Ho voluto condividere questa mia situazione per trasparenza &#8211; conclude Gianpietro Ghedina &#8211;\u00a0 senza voler creare dibattiti sul vaccino o su altri aspetti, ma con l\u2019unico desiderio di sentirvi pi\u00f9 vicino&#8221;.<\/em><\/p>\n<p>&nbsp;<\/p>\n<p>&nbsp;<\/p>\n<hr \/>\n<p>&nbsp;<\/p>\n<blockquote>\n<h3>FURTO SERALE, DERUBATA MENTRE ERA IN CASA<\/h3>\n<p><strong>ALANO DI PIAVE <\/strong>Furto serale, ma questa volte i proprietari dell&#8217;abitazione non erano fuori dalle mura domestiche, piuttosto\u00a0 la proprietaria\u00a0 stava sistemando casa e ignoti hanno rubato borse con i contanti e\u00a0 documenti. \u00c8 capitato ad Alano di Piave nel pomeriggio di marted\u00ec.\u00a0 Dopo il pranzo il marito \u00e8 uscito, la moglie ha iniziato a lavare i piatti. Al ritorno del marito la sgradita sorpresa, le borse non c&#8217;erano pi\u00f9.\u00a0 La donna si \u00e8 quindi rivolta al 112 con una denuncia presentata alla caserma dei Carabinieri.<\/p>\n<p>&nbsp;<\/p>\n<hr \/>\n<p>&nbsp;<\/p><\/blockquote>\n<p>&nbsp;<\/p>\n<hr \/>\n<blockquote><p>&nbsp;<\/p>\n<h3 class=\"articlePlainTitle\">INCIDENTE CON CHIUSURA DELLA 51<\/h3>\n<div class=\"addthis_sharing_toolbox\" data-url=\"https:\/\/sfoglio.corrierealpi.gelocal.it\/share_article.php?article_id=9627350\" data-title=\"Imbrattati gli internidella media RoccaSchianto a Fiameschiusa la statale 51\"><\/div>\n<div class=\"articlePlainText\"><strong><a href=\"https:\/\/www.radiopiu.net\/wordpress\/giornale-radiopiu-16-dicembre-2021-direttore-mirko-mezzacasa\/54bf2ebd-d985-4d92-81c1-9a1cdd3222c4\/\" rel=\"attachment wp-att-248627\"><img loading=\"lazy\" decoding=\"async\" class=\" wp-image-248627 alignleft\" src=\"https:\/\/www.radiopiu.net\/wordpress\/wp-content\/uploads\/2021\/12\/54bf2ebd-d985-4d92-81c1-9a1cdd3222c4-300x135.jpg\" alt=\"\" width=\"271\" height=\"122\" srcset=\"https:\/\/www.radiopiu.net\/wordpress\/wp-content\/uploads\/2021\/12\/54bf2ebd-d985-4d92-81c1-9a1cdd3222c4-300x135.jpg 300w, https:\/\/www.radiopiu.net\/wordpress\/wp-content\/uploads\/2021\/12\/54bf2ebd-d985-4d92-81c1-9a1cdd3222c4-1024x461.jpg 1024w, https:\/\/www.radiopiu.net\/wordpress\/wp-content\/uploads\/2021\/12\/54bf2ebd-d985-4d92-81c1-9a1cdd3222c4-768x345.jpg 768w, https:\/\/www.radiopiu.net\/wordpress\/wp-content\/uploads\/2021\/12\/54bf2ebd-d985-4d92-81c1-9a1cdd3222c4-1536x691.jpg 1536w, https:\/\/www.radiopiu.net\/wordpress\/wp-content\/uploads\/2021\/12\/54bf2ebd-d985-4d92-81c1-9a1cdd3222c4.jpg 2048w\" sizes=\"auto, (max-width: 271px) 100vw, 271px\" \/><\/a>CORTINA <\/strong>\u00a0Danni alle autovetture, ma non ci sono feriti. Sul posto i vigili del fuoco del distaccamento ampezzano, che hanno dovuto chiudere per una decina di minuti la statale 51 di Alemagna. La conducente di una Toyota Yaris stava uscendo dal parcheggio dello stabilimento Morotto e svoltando verso Dobbiaco,\u00a0 \u00e8 stata abbagliata dal sole e non si \u00e8 accorta del sopraggiungere di una Opel blu con a bordo due turisti spagnoli. Rilievi effettuati dalla polizia locale.<\/div>\n<div><\/div>\n<div><\/div>\n<p>&nbsp;<\/p><\/blockquote>\n<hr \/>\n<blockquote><p>&nbsp;<\/p>\n<h3>VANDALI ALLA MEDIA ROCCA<\/h3>\n<\/blockquote>\n<p><strong>FELTRE<\/strong> \u00a0Qualche buontempone si \u00e8 introdotto nell&#8217;edificio della scuola media Rocca durante lo scorso fine settimana forzando una porta di sicurezza e una volta all&#8217;interno si \u00e8 divertito imbrattando alcuni muri e sparpagliando in giro un po&#8217; di carte. Non grossi danni,\u00a0 i carabinieri hanno eseguito i\u00a0 rilievi<\/p>\n<blockquote><p>&nbsp;<\/p><\/blockquote>\n<hr \/>\n<blockquote>\n<h3><\/h3>\n<h3>ASCA, BILANCI E PROGRAMMI<\/h3>\n<\/blockquote>\n<p><strong>di Gianni Santomaso<\/strong><\/p>\n<audio class=\"wp-audio-shortcode\" id=\"audio-248413-1\" preload=\"none\" style=\"width: 100%;\" controls=\"controls\"><source type=\"audio\/mpeg\" src=\"https:\/\/www.radiopiu.net\/wordpress\/wp-content\/uploads\/2021\/12\/GIANNI-ASCA.mp3?_=1\" \/><a href=\"https:\/\/www.radiopiu.net\/wordpress\/wp-content\/uploads\/2021\/12\/GIANNI-ASCA.mp3\">https:\/\/www.radiopiu.net\/wordpress\/wp-content\/uploads\/2021\/12\/GIANNI-ASCA.mp3<\/a><\/audio>\n<p>&nbsp;<\/p>\n<p><strong>AGORDO<\/strong>\u00a0 La diretta di Radio Pi\u00f9 dall&#8217;Unione Montana Agordina i con i sindaci\u00a0 dei 16 Comuni, il direttore generale di Asca, l\u2019amministratore Unico e il revisore dei conti. All\u2019ordine del giorno l\u2019approvazione del bilancio preventivo e l\u2019illustrazione del bilancio consultivo. Varie ed eventuali.<\/p>\n<p><strong>LA DIRETTA RADIO PIU&#8217;<\/strong><\/p>\n<p><a href=\"https:\/\/www.facebook.com\/mirko.mezzacasa\/videos\/367846035114582\">https:\/\/www.facebook.com\/mirko.mezzacasa\/videos\/367846035114582<\/a><\/p>\n<p>&nbsp;<\/p>\n<hr \/>\n<p>&nbsp;<\/p>\n<blockquote>\n<h3>OGGI A ROCCA PIETORE I FUNERALI DI ELIO DAURU&#8217;<\/h3>\n<\/blockquote>\n<p><strong><a href=\"https:\/\/www.radiopiu.net\/wordpress\/e-morto-il-professor-elio-dauru-il-presidente-della-provincia-e-della-comunita-montana-agordina\/elio_dauru\/\" rel=\"attachment wp-att-248331\"><img loading=\"lazy\" decoding=\"async\" class=\" wp-image-248331 alignleft\" src=\"https:\/\/www.radiopiu.net\/wordpress\/wp-content\/uploads\/2021\/12\/elio_dauru-300x298.jpg\" alt=\"\" width=\"164\" height=\"163\" srcset=\"https:\/\/www.radiopiu.net\/wordpress\/wp-content\/uploads\/2021\/12\/elio_dauru-300x298.jpg 300w, https:\/\/www.radiopiu.net\/wordpress\/wp-content\/uploads\/2021\/12\/elio_dauru-150x150.jpg 150w, https:\/\/www.radiopiu.net\/wordpress\/wp-content\/uploads\/2021\/12\/elio_dauru.jpg 526w\" sizes=\"auto, (max-width: 164px) 100vw, 164px\" \/><\/a>ROCCA PIETORE<\/strong><\/p>\n<p>di Gianni Santomaso<\/p>\n<audio class=\"wp-audio-shortcode\" id=\"audio-248413-2\" preload=\"none\" style=\"width: 100%;\" controls=\"controls\"><source type=\"audio\/mpeg\" src=\"https:\/\/www.radiopiu.net\/wordpress\/wp-content\/uploads\/2021\/12\/GIANNI-ELIO-DAURU-RIPRESA.mp3?_=2\" \/><a href=\"https:\/\/www.radiopiu.net\/wordpress\/wp-content\/uploads\/2021\/12\/GIANNI-ELIO-DAURU-RIPRESA.mp3\">https:\/\/www.radiopiu.net\/wordpress\/wp-content\/uploads\/2021\/12\/GIANNI-ELIO-DAURU-RIPRESA.mp3<\/a><\/audio>\n<p>&nbsp;<\/p>\n<p><strong>IL CORDOGLIO DEL DEPUTATO DARIO BOND\u00a0<\/strong><\/p>\n<audio class=\"wp-audio-shortcode\" id=\"audio-248413-3\" preload=\"none\" style=\"width: 100%;\" controls=\"controls\"><source type=\"audio\/mpeg\" src=\"https:\/\/www.radiopiu.net\/wordpress\/wp-content\/uploads\/2021\/12\/BOND-DAURU.mp3?_=3\" \/><a href=\"https:\/\/www.radiopiu.net\/wordpress\/wp-content\/uploads\/2021\/12\/BOND-DAURU.mp3\">https:\/\/www.radiopiu.net\/wordpress\/wp-content\/uploads\/2021\/12\/BOND-DAURU.mp3<\/a><\/audio>\n<p>&nbsp;<\/p>\n<p>&nbsp;<\/p>\n<p>&nbsp;<\/p>\n<hr \/>\n<p>&nbsp;<\/p>\n<blockquote>\n<h3><strong>APPROVATO AVVISO PER INDIVIDUARE UN BORGO A RISCHIO ABBANDONO,\u00a0 PROGETTO DA 20 MILIONI DI EURO<\/strong><\/h3>\n<\/blockquote>\n<p><strong>VENEZIA <\/strong>Un borgo veneto potr\u00e0 rinascere grazie ad un progetto pilota da 20 milioni di euro che sar\u00e0 possibile avviare grazie ai fondi del PNRR. Questa \u00e8 un\u2019occasione unica per i Comuni, per puntare a rivitalizzare uno dei paesi veneti che oggi rischiano lo spopolamento. La Giunta regionale ha approvato la delibera che avvia il processo per l\u2019individuazione del soggetto pubblico interessato ad attuare per il Veneto un progetto pilota per la rigenerazione culturale, sociale ed economica di un borgo storico a rischio abbandono o abbandonato.\u00a0 \u00a0L\u2019invito a manifestare l\u2019interesse \u00e8 rivolto ai Comuni del Veneto che abbiano nel proprio territorio un borgo storico caratterizzato da un avanzato processo di spopolamento, con un numero di unit\u00e0 abitative che non superi di norma le 300. I Comuni interessati, entro il 22 gennaio 2022, potranno presentare le proprie manifestazioni d\u2019interesse per candidare un proprio Borgo a progetto pilota di rigenerazione.<\/p>\n<p>&nbsp;<\/p>\n<p>&nbsp;<\/p>\n<hr \/>\n<p>&nbsp;<\/p>\n<blockquote>\n<h3>IDEAL STANDARD. TAVOLO DI MONITORAGGIO PER SOLUZIONE INDUSTRIALE E SALVAGUARDIA OCCUPAZIONALE<\/h3>\n<\/blockquote>\n<p><strong><a href=\"https:\/\/www.radiopiu.net\/wordpress\/ideal-standard-lo-stabilimento-di-trichiana-primo-a-chiudere-ultimo-a-ripartire\/stabilimento-dellideal-standard-orcenico-di-zoppola-pn-04-12-2013\/\" rel=\"attachment wp-att-138079\"><img loading=\"lazy\" decoding=\"async\" class=\"size-medium wp-image-138079 alignleft\" src=\"https:\/\/www.radiopiu.net\/wordpress\/wp-content\/uploads\/2020\/05\/ideal-standard-orcenigo-300x211.jpg\" alt=\"\" width=\"300\" height=\"211\" srcset=\"https:\/\/www.radiopiu.net\/wordpress\/wp-content\/uploads\/2020\/05\/ideal-standard-orcenigo-300x211.jpg 300w, https:\/\/www.radiopiu.net\/wordpress\/wp-content\/uploads\/2020\/05\/ideal-standard-orcenigo-1024x721.jpg 1024w, https:\/\/www.radiopiu.net\/wordpress\/wp-content\/uploads\/2020\/05\/ideal-standard-orcenigo-768x541.jpg 768w, https:\/\/www.radiopiu.net\/wordpress\/wp-content\/uploads\/2020\/05\/ideal-standard-orcenigo-1536x1082.jpg 1536w, https:\/\/www.radiopiu.net\/wordpress\/wp-content\/uploads\/2020\/05\/ideal-standard-orcenigo-2048x1442.jpg 2048w\" sizes=\"auto, (max-width: 300px) 100vw, 300px\" \/><\/a>VENEZIA\u00a0 <\/strong>Si \u00e8 svolto ieri, d\u2019intesa con il MISE, il secondo tavolo regionale di monitoraggio dello stato di avanzamento delle attivit\u00e0 poste in essere per ricercare una soluzione industriale, con salvaguardia dei livelli occupazionali, per il sito Ideal Standard di Borgo Valbelluna. Alla riunione, presieduta dall\u2019Assessore regionale Elena Donazzan, assistita dall\u2019Unit\u00e0 di crisi aziendali di Veneto Lavoro e dalla Direzione Lavoro della Regione del Veneto, hanno partecipato i rappresentanti di Ideal Standard, dell\u2019Advisor Sernet SpA, di Confindustria Belluno, delle segreterie territoriali di Filctem-Cgil, Femca-Cisl, Uiltec-Uil, unitamente alle RSU, del Ministero dello sviluppo economico e di Invitalia. Durante l\u2019incontro \u00e8 stato fatto il punto sulle modalit\u00e0 di ricerca, analisi e valutazione delle manifestazioni di interesse all\u2019acquisizione del sito bellunese. L\u2019advisor ha illustrato in dettaglio le attivit\u00e0 realizzate fino ad oggi. Allo stato attuale sono varie le manifestazioni d\u2019interesse industriale, di soggetti nazionali e internazionali, al sito di Trichiana, come confermato da Sernet. \u201c<em>L\u2019incontro odierno \u2013 commenta l\u2019Assessore Donazzan \u2013 dimostra la piena operativit\u00e0 e il massimo impegno di tutte le parti a conseguire l\u2019obiettivo condiviso. Nella consapevolezza che il percorso da fare assieme \u00e8 ancora lungo e articolato, le tappe sono segnate e contiamo di procedere senza sosta<\/em>\u201d. Il prossimo tavolo regionale di monitoraggio \u00e8 stato convocato per il 29 dicembre 2021 alle 11.30 nella sede di Veneto Lavoro a Mestre.<\/p>\n<p>&nbsp;<\/p>\n<div dir=\"auto\"><\/div>\n<blockquote>\n<h3 dir=\"auto\">Ideal Standard, D\u2019Inc\u00e0: \u201cBene i tavoli di monitoraggio e il lavoro tra advisor e istituzioni\u201d<\/h3>\n<div><\/div>\n<h3 dir=\"auto\"><em>\u201cDal giorno in cui al Mise \u00e8 stato siglato l\u2019importante accordo su Ideal Standard, il percorso prosegue con molta attenzione. Le diverse manifestazioni di interesse industriale nei confronti del sito di Trichiana sono un segnale positivo per il suo futuro e per quello dei dipendenti: come Governo, abbiamo sempre creduto sulle potenzialit\u00e0 di una realt\u00e0 strategica per il bellunese e per il settore della ceramica, con il grande valore aggiunto reso dalle capacit\u00e0 professionali dei suoi lavoratori. \u00c8 bene che gli incontri di monitoraggio tra istituzioni e advisor proseguano, come da accordo, per la ricerca della migliore soluzione\u201d.<\/em><\/h3>\n<\/blockquote>\n<p>&nbsp;<\/p>\n<hr \/>\n<p>&nbsp;<\/p>\n<blockquote>\n<h3>GALLERIA DEL COMELICO, NESSUNO PUO&#8217; CHIAMARSI FUORI. PIUTTOSTO FUORI LE RESPONSABILITA&#8217;<\/h3>\n<\/blockquote>\n<p><span id=\"page45R_mcid6\" class=\"markedContent\"><span dir=\"ltr\" role=\"presentation\"><strong><a href=\"https:\/\/www.radiopiu.net\/wordpress\/i-sindaci-della-val-comelico-dicono-no-alla-chiusura-della-galleria-comelico\/3b611cf3-d387-4477-a464-8c8956fb55dc\/\" rel=\"attachment wp-att-248374\"><img loading=\"lazy\" decoding=\"async\" class=\" wp-image-248374 alignleft\" src=\"https:\/\/www.radiopiu.net\/wordpress\/wp-content\/uploads\/2021\/12\/3b611cf3-d387-4477-a464-8c8956fb55dc-300x225.jpg\" alt=\"\" width=\"229\" height=\"172\" srcset=\"https:\/\/www.radiopiu.net\/wordpress\/wp-content\/uploads\/2021\/12\/3b611cf3-d387-4477-a464-8c8956fb55dc-300x225.jpg 300w, https:\/\/www.radiopiu.net\/wordpress\/wp-content\/uploads\/2021\/12\/3b611cf3-d387-4477-a464-8c8956fb55dc-1024x768.jpg 1024w, https:\/\/www.radiopiu.net\/wordpress\/wp-content\/uploads\/2021\/12\/3b611cf3-d387-4477-a464-8c8956fb55dc-768x576.jpg 768w, https:\/\/www.radiopiu.net\/wordpress\/wp-content\/uploads\/2021\/12\/3b611cf3-d387-4477-a464-8c8956fb55dc-1536x1152.jpg 1536w, https:\/\/www.radiopiu.net\/wordpress\/wp-content\/uploads\/2021\/12\/3b611cf3-d387-4477-a464-8c8956fb55dc.jpg 2048w\" sizes=\"auto, (max-width: 229px) 100vw, 229px\" \/><\/a>BELLUNO<\/strong> La prospettiva di un intervento tale da comportare l\u2019isolamento dell\u2019intero Comelico si prospetta come una seconda, <\/span><span dir=\"ltr\" role=\"presentation\">letale pandemia sia a livello economico che sociale. Paolo Doglioni, presidente di Confcommercio Belluno, insieme <\/span><span dir=\"ltr\" role=\"presentation\">a Davide Zandonella Necca e Roberto Battaglia, Delegati dell\u2019Associazione per Comelico Superiore e Santo <\/span><span dir=\"ltr\" role=\"presentation\">Stefano di Cadore escono con questa convinzione dall\u2019incontro tenutosi ieri sera con Alessandra Buzzo, Alfredo <\/span><span dir=\"ltr\" role=\"presentation\">Comis e l\u2019ing. De Bettin, persone intensamente legate al territorio comeliano alle quali hanno chiesto ragguagli <\/span><span dir=\"ltr\" role=\"presentation\">tecnici, procedimentali e anche storici afferenti il collegamento a rischio di chiusura.\u00a0 <\/span><\/span><span id=\"page45R_mcid8\" class=\"markedContent\"><span dir=\"ltr\" role=\"presentation\">I dirigenti di Confcommercio, che nell\u2019occasione erano assistiti dal direttore provinciale Dal Poz e dal responsabile <\/span><span dir=\"ltr\" role=\"presentation\">del Polo Cadore Marco Genova, hanno quindi ribadito la volont\u00e0 di mettersi in gioco per sostenere una soluzione <\/span><span dir=\"ltr\" role=\"presentation\">capace di coniugare unitariet\u00e0 a livello politico amministrativo con soluzioni tecniche concrete e praticabili. <\/span><\/span><em><span id=\"page45R_mcid9\" class=\"markedContent\"><span dir=\"ltr\" role=\"presentation\">\u00abSulle soluzioni, lavoreremo insieme\u00bb conclude Doglioni. \u00abQuello che per\u00f2 va evitato da subito \u00e8 l\u2019isolamento del <\/span><span dir=\"ltr\" role=\"presentation\">Comelico: le soluzioni di contenimento esistono e vanno applicate. Se la situazione fosse di reale pericolo, sarebbe <\/span><span dir=\"ltr\" role=\"presentation\">irreale che l\u2019interruzione del servizio sia stata differita senza ragione\u00bb<\/span><\/span><\/em><\/p>\n<p>&nbsp;<\/p>\n<hr \/>\n<p>&nbsp;<\/p>\n<p>&nbsp;<\/p>\n<blockquote>\n<h3>PREGEVOLI ELEMENTI DI AVIFAUNA ACCERTATI NEL BIOTOPO DI COL DE MOI NEL COMUNE DI MEL<\/h3>\n<\/blockquote>\n<p><strong>di RENATO BONA<\/strong><\/p>\n<p>Come abbiano avuto modo di dire in precedenti servizi, all\u2019interno di un progetto pi\u00f9 generale che ha interessato sette siti di interesse naturalistico delle Prealpi Bellunesi e Feltrine, condotto dal Centro valanghe di Arabba, Centro specializzato di Arpav, nell\u2019ambito del programma comunitario Leader II &#8211; subazione 3,1 del Piano di azione locale del Gal Dolomiti e Prealpi bellunesi e feltrine, \u00e8 compreso il biotopo del Col de Moi. Che si trova in territorio del Comune di Mel, giusto al confine con quello trevigiano. Dal centro zumellese si percorre la comunale per Carve, Zelant-Cozzolin e si prosegue per 3 chilometri per la strada silvo-pastorale (chiusa al transito) per Casera Vallon Scuro da dove parte il sentiero per il Col de Moi, con dislivello di 440 metri. Nel pregevole lavoro coordinato da Alberto Luchetta (hanno partecipato: G. Renzo Scussel, Andrea Crepaz, Raffaele Gnech, Orazio Andrich, Michele Cassol, Andrea Dall\u2019Asta, Cesare Lasen (foto di Crepaz, Cassol, Gnech e Lasen; disegni di Crepaz e Gnech; foto aeree di Elidolomiti Belluno; stampa a cura di Promoduch di Santa Giustina; contributi anche di: Carlo Argenti, Alida Dal Farra, Francesco Mezzavilla, Giulio Tollardo, Mario Alessandro Boldo, Claudio Frescura, Alberto Scariot, Luca Canzan, Francesca Pasqualini e la casa editrice Tabacco), dopo la presentazione curata dall\u2019allora assessore regionale alle Politiche per l\u2019ambiente Renato Chisso e del direttore generale di Arpav, Paolo Cadrobbi, e detto della localizzazione del biotopo, accompagnata da cartine, sono riportati in sintesi i dati generali: ambiente prativo; estensione di 9 ettari e mezzo; limiti altimetrici 1100-1358; elementi pregevoli: avifauna (Rapaci diurni, Tetraonidi). Segue la dettagliata descrizione del biotopo di cui viene ricordato che \u201cTra le specie apprezzabili si segnalano soprattutto quelle con vistose fioriture: asfodelo, narciso, peonia, giaggiolo, mughetto, botton d\u2019oro, gigli oltre a Pedicularis gyroflexa, Crepis dinarica, Erysimum sylvestre e alcune orchidee\u201d. Ancora: \u201cA livello vegetazionale i lembi di prato arido-rupestre (Avenulo-Brometum), esclusivi dei versanti a sud, sono i pi\u00f9 ricchi, mentre sul crinale e sui lievi pendii del versante fresco (bellunese) i bei prati, un tempo ricchi di fiori, stanno gradualmente lasciando spazio agli arbusteti e si nota, causa l\u2019abbandono, una riduzione della diversit\u00e0 floristica\u201d. Non mancano comunque &#8211; si legge &#8211; zone di prato pingue in cui la composizione floristica ricorda ancora quella dei triseteti (in origine prati da sfalcio) con belle fioriture di botton d\u2019oro e Polygonum bistorta. Spiccano numerose specie acidofile che penetrano anche nei boschi di conifere (mirtilli), Avenella flexuosa, Arnica montana, Festuca nigrescens, diverse specie di Luzula, alcune felci. In altre zone \u00e8 diffuso anche il nardo. Estesi popolamenti di infestanti o da aggruppamenti a lampone sono la conseguenza della progressiva degradazione del pascolo (in passato i prati erano stati soggetti anche a utilizzazioni intensive). Si segnala infine che nei pressi del rudere sul crinale, a circa 1220 metri di quota, si possono osservare popolamenti nitrofili con grandi ombrellifere cui si accompagnano ortica, spinacio selvatico e altre specie tipiche delle stazioni pi\u00f9 ricche di nutrienti. Viene quindi specificato che \u201cIl biotopo non presenta alcuna componente forestale\u201d mentre \u201cil contesto prossimo all\u2019area riveste elevato interesse vegetazionale e selvicolturale\u201d. Quanto all\u2019erpetofauna del biotopo le osservazioni sono decisamente scarse per la mancanza d\u2019acqua all\u2019interno dell\u2019area dato che le antiche lame risultano ormai secche e mancano corsi d\u2019acqua superficiali. Riguardano pertanto aree immediatamente vicine: le pozze a Praderadego e Casera Vallon, e i boschi che si incontrano salendo al Col de Moi. Non raro all\u2019interno delle formazioni forestali trovare la Salamandra pezzata mentre pi\u00f9 legati all\u2019acqua sono i Tritoni crestato ed alpino e l\u2019Ululone dal ventre giallo; diffusi il Rospo e la Rana montana. Rettili: presenti la Lucertola vivipara e l\u2019Orbetto, nei dintorni il Ramarro e il Saettone; a quote inferiori, Zelant-Mel, accertata la presenza anche della Vipera comune. Uccelli: l\u2019area assume elevato valore in relazione soprattutto al flusso di migratori alcuni dei quali sostano trovandovi opportune caratteristiche ambientali. Degna di nota la migrazione dei rapaci diurni che tra agosto e ottobre si manifesta con migliaia di uccelli che sorvolano l\u2019area: Falchi pecchiaioli, Poiane, Nibbi bruni, Albanelle, Lodolai e, a volte, le rare Aquile minori. Quanto agli uccelli nidificanti ecco Cuculo e Prispolone, e, se si comprendono gli ambienti limitrofi: Merlo, Capinera, Fringuello, Scricciolo, il Falco pellegrino e l\u2019Aquila reale; fra i rapaci notturni quasi regolare la presenza del Gufo reale. Con l\u2019alzarsi della temperatura e dell\u2019aria calda della pianura spettacolari sono i voli di centinaia di Rondoni, Balestrucci e a volte anche Rondoni maggiori. Non va trascurata la presenza, di notevole interesse, di Gallo forcello e Coturnice, anche se sempre pi\u00f9 rara. Resta da dire che i mammiferi che pi\u00f9 caratterizzano il biotopo sono forse gli ungulati: Capriolo, Cervo e anche Cinghiale, in fase di progressiva espansione, con la Volpe che visita regolarmente l\u2019area come del resto la Faina e, nei boschi sottostanti, il Tasso. Tra i micromammiferi, infine, \u00e8 presente il Toporagno e, tra le arvicole, quella campestre. Non trascurando, fra le altre specie, Talpa, Scoiattolo e Ghiro.<\/p>\n\n\t\t\t<style type='text\/css'>\n\t\t\t\t#gallery-1 {\n\t\t\t\t\tmargin: auto;\n\t\t\t\t}\n\t\t\t\t#gallery-1 .gallery-item {\n\t\t\t\t\tfloat: left;\n\t\t\t\t\tmargin-top: 10px;\n\t\t\t\t\ttext-align: center;\n\t\t\t\t\twidth: 33%;\n\t\t\t\t}\n\t\t\t\t#gallery-1 img {\n\t\t\t\t\tborder: 2px solid #cfcfcf;\n\t\t\t\t}\n\t\t\t\t#gallery-1 .gallery-caption {\n\t\t\t\t\tmargin-left: 0;\n\t\t\t\t}\n\t\t\t\t\/* see gallery_shortcode() in wp-includes\/media.php *\/\n\t\t\t<\/style>\n\t\t<div id='gallery-1' class='dt-gallery-container gallery galleryid-248413 gallery-columns-3 gallery-size-thumbnail'><dl class='gallery-item'>\n\t\t\t\t<dt class='gallery-icon landscape'>\n\t\t\t\t\t<a class=\"rollover rollover-zoom dt-pswp-item\" title=\"267420496_175792604735080_9033085571400771609_n\" data-dt-img-description=\"\" data-large_image_width=\"294\" data-large_image_height=\"206\"href='https:\/\/www.radiopiu.net\/wordpress\/wp-content\/uploads\/2021\/12\/267420496_175792604735080_9033085571400771609_n.jpg'><img loading=\"lazy\" decoding=\"async\" width=\"150\" height=\"150\" src=\"https:\/\/www.radiopiu.net\/wordpress\/wp-content\/uploads\/2021\/12\/267420496_175792604735080_9033085571400771609_n-150x150.jpg\" class=\"attachment-thumbnail size-thumbnail\" alt=\"\" \/><\/a>\n\t\t\t\t<\/dt><\/dl><dl class='gallery-item'>\n\t\t\t\t<dt class='gallery-icon landscape'>\n\t\t\t\t\t<a class=\"rollover rollover-zoom dt-pswp-item\" title=\"266191797_271618261613777_7165156685764347619_n\" data-dt-img-description=\"\" data-large_image_width=\"276\" data-large_image_height=\"206\"href='https:\/\/www.radiopiu.net\/wordpress\/wp-content\/uploads\/2021\/12\/266191797_271618261613777_7165156685764347619_n.jpg'><img loading=\"lazy\" decoding=\"async\" width=\"150\" height=\"150\" src=\"https:\/\/www.radiopiu.net\/wordpress\/wp-content\/uploads\/2021\/12\/266191797_271618261613777_7165156685764347619_n-150x150.jpg\" class=\"attachment-thumbnail size-thumbnail\" alt=\"\" \/><\/a>\n\t\t\t\t<\/dt><\/dl><dl class='gallery-item'>\n\t\t\t\t<dt class='gallery-icon landscape'>\n\t\t\t\t\t<a class=\"rollover rollover-zoom dt-pswp-item\" title=\"265624737_491757252550577_3109785888709381704_n\" data-dt-img-description=\"\" data-large_image_width=\"252\" data-large_image_height=\"206\"href='https:\/\/www.radiopiu.net\/wordpress\/wp-content\/uploads\/2021\/12\/265624737_491757252550577_3109785888709381704_n.jpg'><img loading=\"lazy\" decoding=\"async\" width=\"150\" height=\"150\" src=\"https:\/\/www.radiopiu.net\/wordpress\/wp-content\/uploads\/2021\/12\/265624737_491757252550577_3109785888709381704_n-150x150.jpg\" class=\"attachment-thumbnail size-thumbnail\" alt=\"\" \/><\/a>\n\t\t\t\t<\/dt><\/dl><br style=\"clear: both\" \/><dl class='gallery-item'>\n\t\t\t\t<dt class='gallery-icon landscape'>\n\t\t\t\t\t<a class=\"rollover rollover-zoom dt-pswp-item\" title=\"265634260_219060627044864_2050337672132766466_n\" data-dt-img-description=\"\" data-large_image_width=\"280\" data-large_image_height=\"203\"href='https:\/\/www.radiopiu.net\/wordpress\/wp-content\/uploads\/2021\/12\/265634260_219060627044864_2050337672132766466_n.jpg'><img loading=\"lazy\" decoding=\"async\" width=\"150\" height=\"150\" src=\"https:\/\/www.radiopiu.net\/wordpress\/wp-content\/uploads\/2021\/12\/265634260_219060627044864_2050337672132766466_n-150x150.jpg\" class=\"attachment-thumbnail size-thumbnail\" alt=\"\" \/><\/a>\n\t\t\t\t<\/dt><\/dl><dl class='gallery-item'>\n\t\t\t\t<dt class='gallery-icon portrait'>\n\t\t\t\t\t<a class=\"rollover rollover-zoom dt-pswp-item\" title=\"265845396_1343754662722524_311078980483764445_n\" data-dt-img-description=\"\" data-large_image_width=\"200\" data-large_image_height=\"206\"href='https:\/\/www.radiopiu.net\/wordpress\/wp-content\/uploads\/2021\/12\/265845396_1343754662722524_311078980483764445_n.jpg'><img loading=\"lazy\" decoding=\"async\" width=\"150\" height=\"150\" src=\"https:\/\/www.radiopiu.net\/wordpress\/wp-content\/uploads\/2021\/12\/265845396_1343754662722524_311078980483764445_n-150x150.jpg\" class=\"attachment-thumbnail size-thumbnail\" alt=\"\" \/><\/a>\n\t\t\t\t<\/dt><\/dl><dl class='gallery-item'>\n\t\t\t\t<dt class='gallery-icon portrait'>\n\t\t\t\t\t<a class=\"rollover rollover-zoom dt-pswp-item\" title=\"268505837_278397060993365_6064171192550267934_n\" data-dt-img-description=\"\" data-large_image_width=\"159\" data-large_image_height=\"225\"href='https:\/\/www.radiopiu.net\/wordpress\/wp-content\/uploads\/2021\/12\/268505837_278397060993365_6064171192550267934_n.jpg'><img loading=\"lazy\" decoding=\"async\" width=\"150\" height=\"150\" src=\"https:\/\/www.radiopiu.net\/wordpress\/wp-content\/uploads\/2021\/12\/268505837_278397060993365_6064171192550267934_n-150x150.jpg\" class=\"attachment-thumbnail size-thumbnail\" alt=\"\" \/><\/a>\n\t\t\t\t<\/dt><\/dl><br style=\"clear: both\" \/>\n\t\t\t<\/div>\n\n<p>&nbsp;<\/p>\n<p>NELLE FOTO (riproduzioni dalla pubblicazione dell\u2019Arpav \u201cCol de Moi\u201d): panoramica del Col de Moi nella copertina del libretto-guida; narcisi in fiore (Narcissus radiflorus); la peonia (Paeonia officinalis); la sommit\u00e0 del Col de Moi con bosco di faggio sullo sfondo; fringuello maschio (Fringilla coelebs); disegno di volpe (Vulpes volpe).<\/p>\n<p>&nbsp;<\/p>\n<hr \/>\n<p>&nbsp;<\/p>\n<blockquote>\n<h3>VACCINAZIONI ANTICOVID AD ACCESSO LIBERO<\/h3>\n<\/blockquote>\n<p><strong><img loading=\"lazy\" decoding=\"async\" class=\"alignleft\" src=\"https:\/\/www.radiopiu.net\/wordpress\/wp-content\/uploads\/2021\/12\/c310256b-5183-4800-9677-5b7903c7c018.jpg\" width=\"182\" height=\"258\" \/>CENCENIGHE<\/strong> Per iniziativa dei medici di medicina generale (medici di famiglia) in collaborazione con l&#8217;amministrazione comunale, domenica dalle 9 alle 12 al Nof Filo&#8217; di Cencenighe, giornata di vaccinazioni anti covid per tutte le categoria vaccinabili, per prima e terza dose. Il medico di base \u00e8 disponibile a rispondere alle domande, a chiarire eventuali dubbi. Non dimenticarsi di portare la tessera sanitaria e la scheda anamnestica compilata. Informazioni www.aulss1.vento.it.<\/p>\n<p>&nbsp;<\/p>\n<p>&nbsp;<\/p>\n<p>&nbsp;<\/p>\n<p>&nbsp;<\/p>\n<p>&nbsp;<\/p>\n<hr \/>\n<p>&nbsp;<\/p>\n<blockquote class=\"wp-embedded-content\" data-secret=\"tFZ6DSbeIl\"><p><a href=\"https:\/\/www.radiopiu.net\/wordpress\/aggiornamentonazdic15\/\">CORONAVIRUS: AGGIORNAMENTO NAZIONALE 15 DICEMBRE  2021<\/a><\/p><\/blockquote>\n<p><iframe loading=\"lazy\" class=\"wp-embedded-content\" sandbox=\"allow-scripts\" security=\"restricted\" style=\"position: absolute; clip: rect(1px, 1px, 1px, 1px);\" title=\"&#8220;CORONAVIRUS: AGGIORNAMENTO NAZIONALE 15 DICEMBRE  2021&#8221; &#8212; Radio Pi\u00f9\" src=\"https:\/\/www.radiopiu.net\/wordpress\/aggiornamentonazdic15\/embed\/#?secret=tFZ6DSbeIl\" data-secret=\"tFZ6DSbeIl\" width=\"600\" height=\"338\" frameborder=\"0\" marginwidth=\"0\" marginheight=\"0\" scrolling=\"no\"><\/iframe><\/p>\n<p>&nbsp;<\/p>\n<blockquote class=\"wp-embedded-content\" data-secret=\"bQmrDtUGFl\"><p><a href=\"https:\/\/www.radiopiu.net\/wordpress\/agg121221sss\/\">SUPERATI I 1000 RICOVERI IN AREA NON CRITICA, 144 IN TERAPIA INTENSIVA ALTRI 16 DECESSI IN REGIONE, 666 LE VITTIME A BELLUNO DA INIZIO EPIDEMIA<\/a><\/p><\/blockquote>\n<p><iframe loading=\"lazy\" class=\"wp-embedded-content\" sandbox=\"allow-scripts\" security=\"restricted\" style=\"position: absolute; clip: rect(1px, 1px, 1px, 1px);\" title=\"&#8220;SUPERATI I 1000 RICOVERI IN AREA NON CRITICA, 144 IN TERAPIA INTENSIVA ALTRI 16 DECESSI IN REGIONE, 666 LE VITTIME A BELLUNO DA INIZIO EPIDEMIA&#8221; &#8212; Radio Pi\u00f9\" src=\"https:\/\/www.radiopiu.net\/wordpress\/agg121221sss\/embed\/#?secret=bQmrDtUGFl\" data-secret=\"bQmrDtUGFl\" width=\"600\" height=\"338\" frameborder=\"0\" marginwidth=\"0\" marginheight=\"0\" scrolling=\"no\"><\/iframe><\/p>\n<p>&nbsp;<\/p>\n<h2>I GRAFICI DI TIZIANO DE COL<\/h2>\n\n\t\t\t<style type='text\/css'>\n\t\t\t\t#gallery-2 {\n\t\t\t\t\tmargin: auto;\n\t\t\t\t}\n\t\t\t\t#gallery-2 .gallery-item {\n\t\t\t\t\tfloat: left;\n\t\t\t\t\tmargin-top: 10px;\n\t\t\t\t\ttext-align: center;\n\t\t\t\t\twidth: 33%;\n\t\t\t\t}\n\t\t\t\t#gallery-2 img {\n\t\t\t\t\tborder: 2px solid #cfcfcf;\n\t\t\t\t}\n\t\t\t\t#gallery-2 .gallery-caption {\n\t\t\t\t\tmargin-left: 0;\n\t\t\t\t}\n\t\t\t\t\/* see gallery_shortcode() in wp-includes\/media.php *\/\n\t\t\t<\/style>\n\t\t<div id='gallery-2' class='dt-gallery-container gallery galleryid-248413 gallery-columns-3 gallery-size-medium'><dl class='gallery-item'>\n\t\t\t\t<dt class='gallery-icon landscape'>\n\t\t\t\t\t<a class=\"rollover rollover-zoom dt-pswp-item\" title=\"3e141ee6-3e22-4c92-82d1-5eea8d3bd39b\" data-dt-img-description=\"\" data-large_image_width=\"602\" data-large_image_height=\"365\"href='https:\/\/www.radiopiu.net\/wordpress\/wp-content\/uploads\/2021\/12\/3e141ee6-3e22-4c92-82d1-5eea8d3bd39b.jpg'><img loading=\"lazy\" decoding=\"async\" width=\"300\" height=\"182\" src=\"https:\/\/www.radiopiu.net\/wordpress\/wp-content\/uploads\/2021\/12\/3e141ee6-3e22-4c92-82d1-5eea8d3bd39b-300x182.jpg\" class=\"attachment-medium size-medium\" alt=\"\" srcset=\"https:\/\/www.radiopiu.net\/wordpress\/wp-content\/uploads\/2021\/12\/3e141ee6-3e22-4c92-82d1-5eea8d3bd39b-300x182.jpg 300w, https:\/\/www.radiopiu.net\/wordpress\/wp-content\/uploads\/2021\/12\/3e141ee6-3e22-4c92-82d1-5eea8d3bd39b.jpg 602w\" sizes=\"auto, (max-width: 300px) 100vw, 300px\" \/><\/a>\n\t\t\t\t<\/dt><\/dl><dl class='gallery-item'>\n\t\t\t\t<dt class='gallery-icon landscape'>\n\t\t\t\t\t<a class=\"rollover rollover-zoom dt-pswp-item\" title=\"a43bcb31-ad2f-4df0-a4a3-99643968c411\" data-dt-img-description=\"\" data-large_image_width=\"596\" data-large_image_height=\"350\"href='https:\/\/www.radiopiu.net\/wordpress\/wp-content\/uploads\/2021\/12\/a43bcb31-ad2f-4df0-a4a3-99643968c411.jpg'><img loading=\"lazy\" decoding=\"async\" width=\"300\" height=\"176\" src=\"https:\/\/www.radiopiu.net\/wordpress\/wp-content\/uploads\/2021\/12\/a43bcb31-ad2f-4df0-a4a3-99643968c411-300x176.jpg\" class=\"attachment-medium size-medium\" alt=\"\" srcset=\"https:\/\/www.radiopiu.net\/wordpress\/wp-content\/uploads\/2021\/12\/a43bcb31-ad2f-4df0-a4a3-99643968c411-300x176.jpg 300w, https:\/\/www.radiopiu.net\/wordpress\/wp-content\/uploads\/2021\/12\/a43bcb31-ad2f-4df0-a4a3-99643968c411.jpg 596w\" sizes=\"auto, (max-width: 300px) 100vw, 300px\" \/><\/a>\n\t\t\t\t<\/dt><\/dl><dl class='gallery-item'>\n\t\t\t\t<dt class='gallery-icon landscape'>\n\t\t\t\t\t<a class=\"rollover rollover-zoom dt-pswp-item\" title=\"631c3d88-2c70-4b6f-97d5-e20fad97467c\" data-dt-img-description=\"\" data-large_image_width=\"614\" data-large_image_height=\"354\"href='https:\/\/www.radiopiu.net\/wordpress\/wp-content\/uploads\/2021\/12\/631c3d88-2c70-4b6f-97d5-e20fad97467c.jpg'><img loading=\"lazy\" decoding=\"async\" width=\"300\" height=\"173\" src=\"https:\/\/www.radiopiu.net\/wordpress\/wp-content\/uploads\/2021\/12\/631c3d88-2c70-4b6f-97d5-e20fad97467c-300x173.jpg\" class=\"attachment-medium size-medium\" alt=\"\" srcset=\"https:\/\/www.radiopiu.net\/wordpress\/wp-content\/uploads\/2021\/12\/631c3d88-2c70-4b6f-97d5-e20fad97467c-300x173.jpg 300w, https:\/\/www.radiopiu.net\/wordpress\/wp-content\/uploads\/2021\/12\/631c3d88-2c70-4b6f-97d5-e20fad97467c.jpg 614w\" sizes=\"auto, (max-width: 300px) 100vw, 300px\" \/><\/a>\n\t\t\t\t<\/dt><\/dl><br style=\"clear: both\" \/><dl class='gallery-item'>\n\t\t\t\t<dt class='gallery-icon landscape'>\n\t\t\t\t\t<a class=\"rollover rollover-zoom dt-pswp-item\" title=\"78284662-4c9f-472b-85d1-745cc305b30a\" data-dt-img-description=\"\" data-large_image_width=\"604\" data-large_image_height=\"358\"href='https:\/\/www.radiopiu.net\/wordpress\/wp-content\/uploads\/2021\/12\/78284662-4c9f-472b-85d1-745cc305b30a.jpg'><img loading=\"lazy\" decoding=\"async\" width=\"300\" height=\"178\" src=\"https:\/\/www.radiopiu.net\/wordpress\/wp-content\/uploads\/2021\/12\/78284662-4c9f-472b-85d1-745cc305b30a-300x178.jpg\" class=\"attachment-medium size-medium\" alt=\"\" srcset=\"https:\/\/www.radiopiu.net\/wordpress\/wp-content\/uploads\/2021\/12\/78284662-4c9f-472b-85d1-745cc305b30a-300x178.jpg 300w, https:\/\/www.radiopiu.net\/wordpress\/wp-content\/uploads\/2021\/12\/78284662-4c9f-472b-85d1-745cc305b30a.jpg 604w\" sizes=\"auto, (max-width: 300px) 100vw, 300px\" \/><\/a>\n\t\t\t\t<\/dt><\/dl><dl class='gallery-item'>\n\t\t\t\t<dt class='gallery-icon landscape'>\n\t\t\t\t\t<a class=\"rollover rollover-zoom dt-pswp-item\" title=\"76ca58c9-ff5f-4706-b7bb-ad1f7a5f648d\" data-dt-img-description=\"\" data-large_image_width=\"600\" data-large_image_height=\"358\"href='https:\/\/www.radiopiu.net\/wordpress\/wp-content\/uploads\/2021\/12\/76ca58c9-ff5f-4706-b7bb-ad1f7a5f648d.jpg'><img loading=\"lazy\" decoding=\"async\" width=\"300\" height=\"179\" src=\"https:\/\/www.radiopiu.net\/wordpress\/wp-content\/uploads\/2021\/12\/76ca58c9-ff5f-4706-b7bb-ad1f7a5f648d-300x179.jpg\" class=\"attachment-medium size-medium\" alt=\"\" srcset=\"https:\/\/www.radiopiu.net\/wordpress\/wp-content\/uploads\/2021\/12\/76ca58c9-ff5f-4706-b7bb-ad1f7a5f648d-300x179.jpg 300w, https:\/\/www.radiopiu.net\/wordpress\/wp-content\/uploads\/2021\/12\/76ca58c9-ff5f-4706-b7bb-ad1f7a5f648d.jpg 600w\" sizes=\"auto, (max-width: 300px) 100vw, 300px\" \/><\/a>\n\t\t\t\t<\/dt><\/dl>\n\t\t\t\t<br style='clear: both' \/>\n\t\t\t<\/div>\n\n<p>&nbsp;<\/p>\n<h3>TABELLA NAZIONALE: RAPPORTO TAMPONI-CASI NELLE REGIONI<\/h3>\n<a href=\"https:\/\/www.radiopiu.net\/wordpress\/wp-content\/uploads\/2021\/12\/Confronto-tamponi-Regioni-PA_15.12.2021.pdf\" class=\"pdfemb-viewer\" style=\"\" data-width=\"max\" data-height=\"max\" data-toolbar=\"top\" data-toolbar-fixed=\"on\">Confronto tamponi Regioni-PA_15.12.2021<\/a>\n<p>&nbsp;<\/p>\n<hr \/>\n<blockquote>\n<h3><\/h3>\n<h3>ROSETTA TRAMONTIN, IL NUOVO SEGRETARIO UGL SALUTE<\/h3>\n<\/blockquote>\n<p><strong><a href=\"https:\/\/www.radiopiu.net\/wordpress\/giornale-radiopiu-16-dicembre-2021-direttore-mirko-mezzacasa\/ugl-salute-logo\/\" rel=\"attachment wp-att-248504\"><img loading=\"lazy\" decoding=\"async\" class=\"wp-image-248504 alignleft\" src=\"https:\/\/www.radiopiu.net\/wordpress\/wp-content\/uploads\/2021\/12\/UGL-SALUTE-LOGO-300x199.jpg\" alt=\"\" width=\"241\" height=\"160\" srcset=\"https:\/\/www.radiopiu.net\/wordpress\/wp-content\/uploads\/2021\/12\/UGL-SALUTE-LOGO-300x199.jpg 300w, https:\/\/www.radiopiu.net\/wordpress\/wp-content\/uploads\/2021\/12\/UGL-SALUTE-LOGO.jpg 613w\" sizes=\"auto, (max-width: 241px) 100vw, 241px\" \/><\/a>BELLUNO<\/strong> Si rafforza la presenza della Ugl Salute in Veneto con la nomina a Segretario Provinciale di Belluno di Rosetta Tramontin. Nata nel 1967, lavora come OSS nella USLL 1 Dolomiti presso l\u2019Ospedale di Pieve di Cadore. <em>\u201cRingrazio la Segreteria Nazionale e quella Regionale del Veneto \u2013 dichiara Rosetta Tramontin \u2013 per la fiducia che mi \u00e8 stata accordata. Cercher\u00f2 di mettermi a disposizione dei lavoratori per tutelare i loro diritti e la loro sicurezza in un momento cos\u00ec complicato per la sanit\u00e0 come quello che stiamo vivendo con l\u2019emergenza per la pandemia\u201d<\/em>. Il Segretario Nazionale Gianluca Giuliano porta il saluto della Ugl Salute. <em>\u201cLa squadra coordinata dal Segretario Regionale Stefano Tabarelli \u2013 dice &#8211; sta svolgendo un ottimo lavoro sul territorio. La nomina a Belluno di Rosetta Tramontin sono certo consentir\u00e0 alla nostra Federazione di radicarsi con ancora pi\u00f9 incisivit\u00e0 al fianco degli operatori sanitari\u201d.<\/em><\/p>\n<p>&nbsp;<\/p>\n<hr \/>\n<p>&nbsp;<\/p>\n<blockquote>\n<h3>L&#8217;UNAIE PRESENTA UNA SERIE DI PROPOSTE<\/h3>\n<\/blockquote>\n<p><strong><a href=\"https:\/\/www.radiopiu.net\/wordpress\/giornale-radiopiu-16-dicembre-2021-direttore-mirko-mezzacasa\/oscar_de_bona-3\/\" rel=\"attachment wp-att-248530\"><img loading=\"lazy\" decoding=\"async\" class=\" wp-image-248530 alignleft\" src=\"https:\/\/www.radiopiu.net\/wordpress\/wp-content\/uploads\/2021\/12\/oscar_de_bona-1-300x206.jpg\" alt=\"\" width=\"230\" height=\"158\" srcset=\"https:\/\/www.radiopiu.net\/wordpress\/wp-content\/uploads\/2021\/12\/oscar_de_bona-1-300x206.jpg 300w, https:\/\/www.radiopiu.net\/wordpress\/wp-content\/uploads\/2021\/12\/oscar_de_bona-1-1024x701.jpg 1024w, https:\/\/www.radiopiu.net\/wordpress\/wp-content\/uploads\/2021\/12\/oscar_de_bona-1-768x526.jpg 768w, https:\/\/www.radiopiu.net\/wordpress\/wp-content\/uploads\/2021\/12\/oscar_de_bona-1.jpg 1400w\" sizes=\"auto, (max-width: 230px) 100vw, 230px\" \/><\/a>BELLUNO<\/strong> \u00a0Unione Nazionale Associazioni di Immigrati ed Emigranti, su iniziativa del presidente Oscar De Bona, ha presentato una serie di proposte nel corso della Conferenza permanente del Consiglio Generale degli Italiani all\u2019Estero. Un manifesto programmatico, esaminato dal Direttivo UNAIE, che si articola nei seguenti 11 punti: Turismo delle radici; Lotta allo spopolamento e alla carenza di professioni; Investire su corsi di italiano; Sostegno alle Associazioni in emigrazione; Cervelli in fuga; Eliminazione dell\u2019IMU; Centri studi, biblioteche e musei sull\u2019emigrazione; Storia dell\u2019emigrazione nelle scuole; Sostegno all\u2019editoria di settore; Potenziamento con le Associazioni di categoria; Consulte regionali. Il presidente De Bona\u00a0 intende portare sul tavolo della politica e quello istituzionale l\u2019ambizioso piano.\u00a0 Gi\u00e0 questa settimana il programma degli \u201c11 punti\u201d sar\u00e0 presentato alla \u201cIV Plenaria\u201d la conferenza Stato, Regioni, Province Autonome<\/p>\n<p>&nbsp;<\/p>\n<hr \/>\n<p>&nbsp;<\/p>\n<blockquote>\n<h3>PAPA FRANCESCO A PADRIN: &#8220;LUCIANI BEATO DOPO LA PROSSIMA ESTATE, CERIMONIA A ROMA&#8221;<\/h3>\n<\/blockquote>\n<p><strong><a href=\"https:\/\/www.radiopiu.net\/wordpress\/papa-francesco-a-padrin-luciani-beato-dopo-la-prossima-estate-cerimonia-a-roma\/ee95b219-926d-4b08-a1ca-5a505b53a8e4\/\" rel=\"attachment wp-att-248563\"><img loading=\"lazy\" decoding=\"async\" class=\" wp-image-248563 alignleft\" src=\"https:\/\/www.radiopiu.net\/wordpress\/wp-content\/uploads\/2021\/12\/ee95b219-926d-4b08-a1ca-5a505b53a8e4-300x200.jpg\" alt=\"\" width=\"260\" height=\"173\" srcset=\"https:\/\/www.radiopiu.net\/wordpress\/wp-content\/uploads\/2021\/12\/ee95b219-926d-4b08-a1ca-5a505b53a8e4-300x200.jpg 300w, https:\/\/www.radiopiu.net\/wordpress\/wp-content\/uploads\/2021\/12\/ee95b219-926d-4b08-a1ca-5a505b53a8e4-768x512.jpg 768w, https:\/\/www.radiopiu.net\/wordpress\/wp-content\/uploads\/2021\/12\/ee95b219-926d-4b08-a1ca-5a505b53a8e4.jpg 1024w\" sizes=\"auto, (max-width: 260px) 100vw, 260px\" \/><\/a>ROMA<\/strong> Il presidente della Provincia Roberto Padrin\u00a0 \u00e8 stato in udienza dal Papa, in Vaticano. A margine, ha potuto incontrare brevemente il pontefice. E ha accennato il tema della beatificazione di Albino Luciani. <em>\u00abPapa Francesco mi ha confermato che la proclamazione avverr\u00e0 entro il 2022, dopo l\u2019estate\u00bb spiega il presidente Padrin. \u00abLa data precisa \u00e8 in fase di definizione e la cerimonia avverr\u00e0 a Roma\u00bb.<\/em>Papa Francesco nel corso dell\u2019udienza aveva parlato del Natale e si era concentrato sul concetto di tenerezza.<em> &#8220;Quella tenerezza che ci ha riempito il cuore &#8211; dice Padrin &#8211; quando abbiamo avuto la conferma della beatificazione e che sar\u00e0 completa tra pochi mesi. Ho comunicato al Papa la trepidazione con cui tutti i bellunesi stanno aspettando, e gli ho trasmesso anche la speranza che abbiamo di averlo con noi a Canale d\u2019Agordo\u00bb.<\/em><\/p>\n<p>&nbsp;<\/p>\n<p>&nbsp;<\/p>\n<hr \/>\n<p>&nbsp;<\/p>\n<blockquote>\n<h3><\/h3>\n<h3><a href=\"https:\/\/www.radiopiu.net\/wordpress\/giornale-radiopiu-16-dicembre-2021-direttore-mirko-mezzacasa\/img_20170529_170219\/\" rel=\"attachment wp-att-248631\"><img loading=\"lazy\" decoding=\"async\" class=\" wp-image-248631 alignleft\" src=\"https:\/\/www.radiopiu.net\/wordpress\/wp-content\/uploads\/2021\/12\/IMG_20170529_170219-300x169.jpg\" alt=\"\" width=\"245\" height=\"138\" srcset=\"https:\/\/www.radiopiu.net\/wordpress\/wp-content\/uploads\/2021\/12\/IMG_20170529_170219-300x169.jpg 300w, https:\/\/www.radiopiu.net\/wordpress\/wp-content\/uploads\/2021\/12\/IMG_20170529_170219-1024x576.jpg 1024w, https:\/\/www.radiopiu.net\/wordpress\/wp-content\/uploads\/2021\/12\/IMG_20170529_170219-768x432.jpg 768w, https:\/\/www.radiopiu.net\/wordpress\/wp-content\/uploads\/2021\/12\/IMG_20170529_170219-1536x864.jpg 1536w, https:\/\/www.radiopiu.net\/wordpress\/wp-content\/uploads\/2021\/12\/IMG_20170529_170219-2048x1152.jpg 2048w\" sizes=\"auto, (max-width: 245px) 100vw, 245px\" \/><\/a>EX CASERMA PIAVE, LEGA CONTRARIA ALLA VENDITA<\/h3>\n<\/blockquote>\n<p><strong>BELLUNO<\/strong> L&#8217;aggiudicazione, sebbene in via provvisoria, dell&#8217;edificio messo all&#8217;asta dal Comune di Belluno all&#8217;interno del complesso dell&#8217;ex spazio militare, non poteva passare inosservata alla Lega, fin dall&#8217;inizio contraria all&#8217;alienazione e vigile sulla questione. L&#8217;unico soggetto ad aver presentato l&#8217;offerta \u00e8 stato, come previsto, l&#8217;associazione culturale islamica Ibc \u2013 Insieme per il bene comune e oggi il timore del partito \u00e8 che all&#8217;interno dello stabile si realizzi un luogo di culto.<\/p>\n<p><strong>IL SEGRETARIO CITTADINO DELLA LEGA PAOLO LUCIANI<\/strong><\/p>\n<audio class=\"wp-audio-shortcode\" id=\"audio-248413-4\" preload=\"none\" style=\"width: 100%;\" controls=\"controls\"><source type=\"audio\/mpeg\" src=\"https:\/\/www.radiopiu.net\/wordpress\/wp-content\/uploads\/2021\/12\/Luciani-su-vendita-porzione-ex-caserma-Piave.mp3?_=4\" \/><a href=\"https:\/\/www.radiopiu.net\/wordpress\/wp-content\/uploads\/2021\/12\/Luciani-su-vendita-porzione-ex-caserma-Piave.mp3\">https:\/\/www.radiopiu.net\/wordpress\/wp-content\/uploads\/2021\/12\/Luciani-su-vendita-porzione-ex-caserma-Piave.mp3<\/a><\/audio>\n<p>&nbsp;<\/p>\n<p>&nbsp;<\/p>\n<hr \/>\n<p>&nbsp;<\/p>\n<blockquote>\n<h3>IL CONSIGLIO COMUNALE DI CANALE D&#8217;AGORDO<\/h3>\n<\/blockquote>\n<p><strong>CANALE D&#8217;AGORDO<\/strong> Dalla sala Lina Zand\u00f2 di Canale D&#8217;Agordo, il consiglio comunale convocato dal sindaco Flavio Colcergnan.<\/p>\n<p><strong>LA DIRETTA RADIO PIU&#8217;<\/strong><\/p>\n<p>https:\/\/www.facebook.com\/mirko.mezzacasa\/videos\/908826086503566<\/p>\n<p>&nbsp;<\/p>\n<p>&nbsp;<\/p>\n<hr \/>\n<p>&nbsp;<\/p>\n<blockquote>\n<h3>SETTE INTERROGAZIONI PER IL NUOVO SINDACO<\/h3>\n<\/blockquote>\n<p><strong>SELVA DI CADORE<\/strong> Sono nove i punti all&#8217;ordine del giorno del consiglio comunale convocato dal sindaco Luca Lorenzini, ben 7 frutto di interrogazioni del gruppo di minoranza del consigliere Andrea Peretti: linee programmatiche dei due assessorati; iniziative per le festivit\u00e0; le convenzioni con l&#8217;Unione Montana; raccolta dei rifiuti nella stagione invernale e deizioni canine; lavori sul torrente Marzeluc; le linee programmatiche per il Museo Vittorino Cazzetta; autovelox e lamenti; contenzioso con la Magnifica Regola di Cadore. Il consiglio comunale in programma oggi alle 18 inizier\u00e0 pero&#8217; con il punto proposto del sindaco: indirizzi in ordine all&#8217;assemblea straordinaria della Val Fiorentina.<\/p>\n<p>&nbsp;<\/p>\n<hr \/>\n<p>&nbsp;<\/p>\n<blockquote>\n<h3>SABATO MATTINA IN MUNICIPIO A COLLE SANTA LUCIA<\/h3>\n<\/blockquote>\n<p><strong>COLLE SANTA LUCIA<\/strong>\u00a0 Sabato mattina alle 8 consiglio comunale convocato dal sindaco Paolo Frena, all&#8217;ordine del giorno: ricognizione partecipazioni possedute; approvazione piano alienazioni immobiliari; addizionale Irpef, conferma Imu, verifica aree fabbricabili, affidamento incarichi esterni, programma triennale opere pubbliche, approvazione del DUP e del bilancio di previsioni. Comunicazioni del sindaco.<\/p>\n<p>&nbsp;<\/p>\n<p>&nbsp;<\/p>\n<hr \/>\n<p>&nbsp;<\/p>\n<h2 style=\"text-align: center;\"><a href=\"https:\/\/www.radiopiu.net\/wordpress\/giornale-radiopiu-02-novembre-2021-direttore-mirko-mezzacasa\/250px-chiesafalcade\/\" rel=\"attachment wp-att-240437\"><img loading=\"lazy\" decoding=\"async\" class=\"size-full wp-image-240437 alignleft\" src=\"https:\/\/www.radiopiu.net\/wordpress\/wp-content\/uploads\/2021\/11\/250px-ChiesaFalcade.jpg\" alt=\"\" width=\"250\" height=\"188\" \/><\/a>NATALE&#8230; A FALCADE e centro tamponi anche nell&#8217;Agordino dopo Cortina e Sappada<\/h2>\n<p><strong>La PromoFalcade ha anche dato il via\u00a0 ad un centro tamponi per turisti, valligiani e dipendenti stagionali. L&#8217;obiettivo \u00e8 quello di garantire la sicurezza di visitatori e operatori e di conseguenza il buon funzionamento della stagionalit\u00e0 turistica invernale. Il Comune di Falcade si \u00e8 detto disponibile a fornire il locale dove poter approntare gli accertamenti, ed \u00e8 gi\u00e0 stata trovata l&#8217;equipe con il personale medico infermieristico<\/strong><\/p>\n<p><a href=\"https:\/\/www.radiopiu.net\/wordpress\/giornale-radiopiu-16-dicembre-2021-direttore-mirko-mezzacasa\/261120062_1551890155166229_2444323339683056443_n\/\" rel=\"attachment wp-att-248628\"><img loading=\"lazy\" decoding=\"async\" class=\"aligncenter wp-image-248628 size-medium\" src=\"https:\/\/www.radiopiu.net\/wordpress\/wp-content\/uploads\/2021\/12\/261120062_1551890155166229_2444323339683056443_n-213x300.jpg\" alt=\"\" width=\"213\" height=\"300\" srcset=\"https:\/\/www.radiopiu.net\/wordpress\/wp-content\/uploads\/2021\/12\/261120062_1551890155166229_2444323339683056443_n-213x300.jpg 213w, https:\/\/www.radiopiu.net\/wordpress\/wp-content\/uploads\/2021\/12\/261120062_1551890155166229_2444323339683056443_n.jpg 510w\" sizes=\"auto, (max-width: 213px) 100vw, 213px\" \/><\/a><\/p>\n<p>&nbsp;<\/p>\n<p>&nbsp;<\/p>\n<hr \/>\n<p>&nbsp;<\/p>\n<blockquote>\n<h3>UNA NUOVA TERRAZZA BAR AL &#8220;GORZA&#8221;, OGGI CALICI AL CIELO<\/h3>\n<\/blockquote>\n<p><strong>LIVINALLONGO <\/strong>Al piano superiore del rifugio Gorza, in cima a Porta Vescovo oggi\u00a0 inaugurazione della Bottega terrazza Bar,\u00a0 luogo di ritrovo per gli amanti della montagna e dell&#8217;enogastronomia. La Terrazza Bar, di 150 mq e con uno spazio anche al chiuso in caso di avversit\u00e0 atmosferiche, ospiter\u00e0 gli sciatori che vorranno bere del buon vino e mangiare uno stuzzichino o delle specialit\u00e0 gastronomiche venete. Sar\u00e0 la quarta Bottega Terrazza Bar dopo quelle aperte all&#8217;ippodromo di Bath, in Gran Bretagna, al 39\u00b0 piano dell&#8217;hotel Bokan di Londra e al Savoia di Cortina.<\/p>\n<div class=\"articlePlainText\">\n<p><strong>L&#8217;INTERVISTA DI RADIO PIU\u00a0<\/strong><\/p>\n<\/div>\n<div><\/div>\n<blockquote>\n<h3>IL BUONGIORNO INNEVATO DA ARABBA, CON IL PRESIDENTE DE BATTISTA<\/h3>\n<\/blockquote>\n<h2><span style=\"color: #ff0000;\"><strong><img loading=\"lazy\" decoding=\"async\" class=\"alignleft\" src=\"https:\/\/www.radiopiu.net\/wordpress\/wp-content\/uploads\/2019\/12\/download-16.jpg\" width=\"129\" height=\"172\" \/><\/strong><\/span><\/h2>\n<p><strong>OSPITE DIEGO DE BATTISTA PRESIDENTE CONSORZIO ARABBA-MARMOLADA\u00a0<\/strong><\/p>\n<p>&nbsp;<\/p>\n<p><strong>AUDIO<\/strong><\/p>\n<audio class=\"wp-audio-shortcode\" id=\"audio-248413-5\" preload=\"none\" style=\"width: 100%;\" controls=\"controls\"><source type=\"audio\/mpeg\" src=\"https:\/\/www.radiopiu.net\/wordpress\/wp-content\/uploads\/2021\/11\/diego-de-battista-30-novembre.mp3?_=5\" \/><a href=\"https:\/\/www.radiopiu.net\/wordpress\/wp-content\/uploads\/2021\/11\/diego-de-battista-30-novembre.mp3\">https:\/\/www.radiopiu.net\/wordpress\/wp-content\/uploads\/2021\/11\/diego-de-battista-30-novembre.mp3<\/a><\/audio>\n<p>&nbsp;<\/p>\n<p>&nbsp;<\/p>\n<hr \/>\n<blockquote>\n<h3><\/h3>\n<h3>FORBES, GIOVANNI FERRERO BATTE DEL VECCHIO E CHIUDE IN TESTA IL 2021<\/h3>\n<\/blockquote>\n<p><strong><a href=\"https:\/\/www.radiopiu.net\/wordpress\/forbes-giovanni-ferrero-batte-del-vecchio-e-chiude-in-testa-il-2021\/giovanni-ferrero-1200x801\/\" rel=\"attachment wp-att-248599\"><img loading=\"lazy\" decoding=\"async\" class=\"wp-image-248599 alignleft\" src=\"https:\/\/www.radiopiu.net\/wordpress\/wp-content\/uploads\/2021\/12\/giovanni-ferrero-1200x801-1-300x200.jpg\" alt=\"\" width=\"248\" height=\"165\" srcset=\"https:\/\/www.radiopiu.net\/wordpress\/wp-content\/uploads\/2021\/12\/giovanni-ferrero-1200x801-1-300x200.jpg 300w, https:\/\/www.radiopiu.net\/wordpress\/wp-content\/uploads\/2021\/12\/giovanni-ferrero-1200x801-1-1024x684.jpg 1024w, https:\/\/www.radiopiu.net\/wordpress\/wp-content\/uploads\/2021\/12\/giovanni-ferrero-1200x801-1-768x513.jpg 768w, https:\/\/www.radiopiu.net\/wordpress\/wp-content\/uploads\/2021\/12\/giovanni-ferrero-1200x801-1.jpg 1200w\" sizes=\"auto, (max-width: 248px) 100vw, 248px\" \/><\/a>FORBES.IT <\/strong>Qualche settimana fa aveva subito\u00a0<a href=\"https:\/\/forbes.it\/2021\/11\/19\/leonardo-del-vecchio-supera-giovanni-ferrero-ricco-italia\/\">il sorpasso<\/a>\u00a0di\u00a0<b>Leonardo Del Vecchio<\/b>. Alla fine, per\u00f2, \u00e8 ancora\u00a0<b>Giovanni Ferrero<\/b>\u00a0a chiudere l\u2019anno in vetta alla classifica degli italiani pi\u00f9 ricchi. Il suo patrimonio \u2013 33,3 miliardi di dollari \u2013 \u00e8 cresciuto di quasi sei miliardi rispetto a\u00a0<a href=\"https:\/\/forbes.it\/2020\/12\/16\/giovanni-ferrero-chiude-il-2020-in-testa-alla-classifica-dei-piu-ricchi-d-italia\/\">dodici mesi fa<\/a>. \u00c8 calato invece di 1,8 miliardi\u00a0<a href=\"https:\/\/forbes.it\/2021\/04\/06\/del-vecchio-il-piu-ricco-john-elkann-tra-le-new-entry-chi-sono-i-46-miliardari-ditalia-nella-classifica-billionaires-2021\/\">da aprile<\/a>, quando\u00a0<i>Forbes<\/i>\u00a0aveva pubblicato la\u00a0<a href=\"https:\/\/forbes.it\/2021\/04\/06\/forbes-billionaires-list-2021-ricchi-mondo\/\">classifica dei pi\u00f9 ricchi al mondo<\/a>. L\u2019andamento, peraltro, \u00e8 analogo a quello del totale dei miliardari italiani: oggi sono infatti 49, cio\u00e8 nove in pi\u00f9 di un anno fa, ma due in meno rispetto ad aprile. La somma dei loro patrimoni, 211,1 miliardi di dollari, \u00e8 invece aumentata sia rispetto al dicembre 2020 (182,1 miliardi), sia rispetto ad aprile (204,5). Tutte le cifre fanno riferimento alla classifica\u00a0<a href=\"https:\/\/www.forbes.com\/real-time-billionaires\/#42c388c93d78\">Real Time Billionaires<\/a>\u00a0di\u00a0<i>Forbes<\/i> e sono aggiornate alle 18 del 1 dicembre 2021.<\/p>\n<p><strong>Giovanni Ferrero, l\u2019uomo pi\u00f9 ricco d\u2019Italia a fine 2021 (foto Sergio Oliverio\/Imagoeconomica)<\/strong><\/p>\n<div><\/div>\n<div>L&#8217;ARTICOLO COMPLETO DI FORBES <a href=\"https:\/\/forbes.it\/2021\/12\/15\/miliardari-italiani-ferrero-batte-del-vecchio-chiude-anno-testa\/?utm_campaign=forbes-20211215&amp;utm_medium=email&amp;utm_source=newsletter\"><span style=\"color: #0000ff;\"><strong>CLICCA QUI<\/strong><\/span>\u00a0<\/a><\/div>\n<div><\/div>\n<p>&nbsp;<\/p>\n<hr \/>\n<blockquote>\n<h3><\/h3>\n<h3>CUOCHI A LEZIONE DI ALIMENTAZIONE SENZA GLUTINE E SENZA ALLERGENI<\/h3>\n<\/blockquote>\n<p><strong>BELLUNO <\/strong>14 cuochi della provincia di Belluno hanno partecipato al corso di formazione per la preparazione dei pasti senza glutine e senza allergeni, organizzato dal Sevizio Igiene Alimenti e Nutrizione dell\u2019ULSS 1 DOLOMITI, in collaborazione con l\u2019Associazione Italiane Celiachia (AIC). La celiachia rappresenta un importante stato patologico a livello di popolazione. Infatti, si stima che una persona su cento sia portatrice di tale condizione: la dieta senza glutine \u00e8 l\u2019unica terapia per questi pazienti e quindi, anche per migliorare le possibilit\u00e0 di socializzazione dei celiaci, diventa fondamentale la formazione dei ristoratori. Il corso, della durata di 7 ore, ha avuto lo scopo di migliorare le conoscenze sulla gestione dei pasti senza glutine all\u2019interno delle cucine, partendo dalle materie prime utilizzate, il loro stoccaggio e la modalit\u00e0 di preparazione, per evitare possibili contaminazioni dal glutine e garantire cos\u00ec alla persona celiaca di poter consumare\u00a0 un pasto adeguato. In questa edizione del corso sono stati introdotti cenni sugli allergeni per quanto riguarda la problematica medica, la gestione aziendale e la normativa. Inoltre, il dottor Giovanni Andrea Sava ha illustrato la normativa Covid19 nell\u2019ambito della ristorazione. Il corso ha previsto una parte teorica, condotta dallo stesso dott. Sava, dalla dietista Bianchin Federica, dal Tecnico della Prevenzione Tissi Monica dell\u2019ULSS 1 DOLOMITI e da Carmelita Di Giorgio e Alessandro Poli dell\u2019Associazione Italiana Celiachia. La parte pratica si \u00e8 svolta presso l&#8217;Istituto Alberghiero \u201cDolomieu\u201d di Longarone, grazie alla collaborazione del Prof. Sandi Gianluigi.<\/p>\n\n\t\t\t<style type='text\/css'>\n\t\t\t\t#gallery-3 {\n\t\t\t\t\tmargin: auto;\n\t\t\t\t}\n\t\t\t\t#gallery-3 .gallery-item {\n\t\t\t\t\tfloat: left;\n\t\t\t\t\tmargin-top: 10px;\n\t\t\t\t\ttext-align: center;\n\t\t\t\t\twidth: 33%;\n\t\t\t\t}\n\t\t\t\t#gallery-3 img {\n\t\t\t\t\tborder: 2px solid #cfcfcf;\n\t\t\t\t}\n\t\t\t\t#gallery-3 .gallery-caption {\n\t\t\t\t\tmargin-left: 0;\n\t\t\t\t}\n\t\t\t\t\/* see gallery_shortcode() in wp-includes\/media.php *\/\n\t\t\t<\/style>\n\t\t<div id='gallery-3' class='dt-gallery-container gallery galleryid-248413 gallery-columns-3 gallery-size-medium'><dl class='gallery-item'>\n\t\t\t\t<dt class='gallery-icon landscape'>\n\t\t\t\t\t<a class=\"rollover rollover-zoom dt-pswp-item\" title=\"foto_1_CORSO_CELIACHIA\" data-dt-img-description=\"\" data-large_image_width=\"2560\" data-large_image_height=\"1920\"href='https:\/\/www.radiopiu.net\/wordpress\/wp-content\/uploads\/2021\/12\/foto_1_CORSO_CELIACHIA-scaled.jpg'><img loading=\"lazy\" decoding=\"async\" width=\"300\" height=\"225\" src=\"https:\/\/www.radiopiu.net\/wordpress\/wp-content\/uploads\/2021\/12\/foto_1_CORSO_CELIACHIA-300x225.jpg\" class=\"attachment-medium size-medium\" alt=\"\" srcset=\"https:\/\/www.radiopiu.net\/wordpress\/wp-content\/uploads\/2021\/12\/foto_1_CORSO_CELIACHIA-300x225.jpg 300w, https:\/\/www.radiopiu.net\/wordpress\/wp-content\/uploads\/2021\/12\/foto_1_CORSO_CELIACHIA-1024x768.jpg 1024w, https:\/\/www.radiopiu.net\/wordpress\/wp-content\/uploads\/2021\/12\/foto_1_CORSO_CELIACHIA-768x576.jpg 768w, https:\/\/www.radiopiu.net\/wordpress\/wp-content\/uploads\/2021\/12\/foto_1_CORSO_CELIACHIA-1536x1152.jpg 1536w, https:\/\/www.radiopiu.net\/wordpress\/wp-content\/uploads\/2021\/12\/foto_1_CORSO_CELIACHIA-2048x1536.jpg 2048w\" sizes=\"auto, (max-width: 300px) 100vw, 300px\" \/><\/a>\n\t\t\t\t<\/dt><\/dl><dl class='gallery-item'>\n\t\t\t\t<dt class='gallery-icon portrait'>\n\t\t\t\t\t<a class=\"rollover rollover-zoom dt-pswp-item\" title=\"foto_2_CORSO_CELIACHIA_PROF_SANDI_DOCENTE_PRATICA\" data-dt-img-description=\"\" data-large_image_width=\"1920\" data-large_image_height=\"2560\"href='https:\/\/www.radiopiu.net\/wordpress\/wp-content\/uploads\/2021\/12\/foto_2_CORSO_CELIACHIA_PROF_SANDI_DOCENTE_PRATICA-scaled.jpg'><img loading=\"lazy\" decoding=\"async\" width=\"225\" height=\"300\" src=\"https:\/\/www.radiopiu.net\/wordpress\/wp-content\/uploads\/2021\/12\/foto_2_CORSO_CELIACHIA_PROF_SANDI_DOCENTE_PRATICA-225x300.jpg\" class=\"attachment-medium size-medium\" alt=\"\" srcset=\"https:\/\/www.radiopiu.net\/wordpress\/wp-content\/uploads\/2021\/12\/foto_2_CORSO_CELIACHIA_PROF_SANDI_DOCENTE_PRATICA-225x300.jpg 225w, https:\/\/www.radiopiu.net\/wordpress\/wp-content\/uploads\/2021\/12\/foto_2_CORSO_CELIACHIA_PROF_SANDI_DOCENTE_PRATICA-768x1024.jpg 768w, https:\/\/www.radiopiu.net\/wordpress\/wp-content\/uploads\/2021\/12\/foto_2_CORSO_CELIACHIA_PROF_SANDI_DOCENTE_PRATICA-1152x1536.jpg 1152w, https:\/\/www.radiopiu.net\/wordpress\/wp-content\/uploads\/2021\/12\/foto_2_CORSO_CELIACHIA_PROF_SANDI_DOCENTE_PRATICA-1536x2048.jpg 1536w, https:\/\/www.radiopiu.net\/wordpress\/wp-content\/uploads\/2021\/12\/foto_2_CORSO_CELIACHIA_PROF_SANDI_DOCENTE_PRATICA-scaled.jpg 1920w\" sizes=\"auto, (max-width: 225px) 100vw, 225px\" \/><\/a>\n\t\t\t\t<\/dt><\/dl><dl class='gallery-item'>\n\t\t\t\t<dt class='gallery-icon landscape'>\n\t\t\t\t\t<a class=\"rollover rollover-zoom dt-pswp-item\" title=\"foto_3_CORSO_CELIACHIA\" data-dt-img-description=\"\" data-large_image_width=\"2560\" data-large_image_height=\"1920\"href='https:\/\/www.radiopiu.net\/wordpress\/wp-content\/uploads\/2021\/12\/foto_3_CORSO_CELIACHIA-scaled.jpg'><img loading=\"lazy\" decoding=\"async\" width=\"300\" height=\"225\" src=\"https:\/\/www.radiopiu.net\/wordpress\/wp-content\/uploads\/2021\/12\/foto_3_CORSO_CELIACHIA-300x225.jpg\" class=\"attachment-medium size-medium\" alt=\"\" srcset=\"https:\/\/www.radiopiu.net\/wordpress\/wp-content\/uploads\/2021\/12\/foto_3_CORSO_CELIACHIA-300x225.jpg 300w, https:\/\/www.radiopiu.net\/wordpress\/wp-content\/uploads\/2021\/12\/foto_3_CORSO_CELIACHIA-1024x768.jpg 1024w, https:\/\/www.radiopiu.net\/wordpress\/wp-content\/uploads\/2021\/12\/foto_3_CORSO_CELIACHIA-768x576.jpg 768w, https:\/\/www.radiopiu.net\/wordpress\/wp-content\/uploads\/2021\/12\/foto_3_CORSO_CELIACHIA-1536x1152.jpg 1536w, https:\/\/www.radiopiu.net\/wordpress\/wp-content\/uploads\/2021\/12\/foto_3_CORSO_CELIACHIA-2048x1536.jpg 2048w\" sizes=\"auto, (max-width: 300px) 100vw, 300px\" \/><\/a>\n\t\t\t\t<\/dt><\/dl><br style=\"clear: both\" \/>\n\t\t\t<\/div>\n\n<p>&nbsp;<\/p>\n<p>&nbsp;<\/p>\n<hr \/>\n<p>&nbsp;<\/p>\n<blockquote>\n<blockquote>\n<h3>DEFLUSSO ECOLOGICO, PROSPETTIVE DI APPLICAZIONE DELLA NORMATIVA EUROPEA<\/h3>\n<\/blockquote>\n<p><strong>Il convegno \u00e8 in programma oggi alle 17 a Longarone Fiere padiglione E<\/strong><\/p>\n<p><strong>LONGARONE<\/strong> <em>\u201cImpedire il deterioramento dello stato di tutti i corpi idrici superficiali, proteggerli, migliorarli e ripristinarli proteggere e migliorare tutti i corpi idrici artificiali e quelli fortemente modificati, al fine di raggiungere un buono stato delle acque superficiali\u201d <\/em>Questo l\u2019obiettivo ambientale riguardante le acque superficiali della Direttiva Europea Quadro sulle Acque, entrata in vigore il 22 dicembre del 2000 e che indicava nell\u2019anno 2015 il termine entro cui raggiungere questo risultato. Per perseguire tale obiettivo con il <em>\u201cPiano per la salvaguardia delle risorse idriche europee\u201d <\/em>\u00e8 stato introdotto nel 2012 il concetto di deflusso ecologico, parametro che si riferisce al <em>\u201cvolume d\u2019acqua necessario affinch\u00e9 un ecosistema acquatico continui a prosperare ea fornire i servizi necessari\u201d.<\/em> A partire dal 2022 quello del deflusso ecologico sar\u00e0 il parametro di riferimento per la determinazione delle portate derivabili dai concessionari. Quali saranno le conseguenze dell\u2019applicazione della nuova normativa per il bacino del Piave? La partecipazione all\u2019evento \u00e8 gratuita<\/p><\/blockquote>\n<p>&nbsp;<\/p>\n<p>&nbsp;<\/p>\n<hr \/>\n<p>&nbsp;<\/p>\n<p>&nbsp;<\/p>\n<blockquote>\n<h3>CONGRESSO DEI PENSIONATI CISL, FRANCO MARCUZZO RICONFERMATO SEGRETARIO GENERALE<\/h3>\n<\/blockquote>\n<div align=\"left\"><strong><img loading=\"lazy\" decoding=\"async\" class=\"alignleft\" src=\"https:\/\/www.radiopiu.net\/wordpress\/wp-content\/uploads\/2021\/12\/segreteria-FNP-2021-2-min-scaled.jpg\" width=\"220\" height=\"165\" \/>TREVISO<\/strong>\u00a0<span style=\"color: #000000; font-family: Helvetica;\"> Franco Marcuzzo \u00e8 stato confermato segretario generale della Fnp Belluno Treviso al termine del terzo Congresso territoriale dei Pensionati Cisl \u201cEsploratori di futuro\u201d <em>&#8220;A ricordare che &#8211; spiega Marcuzzo &#8211; \u201cessere pensionati non significa solo occuparsi di questioni \u2018da pensionati&#8221;<\/em>. C<\/span><span style=\"color: #000000; font-family: Helvetica;\">onfermati in segreteria il feltrino <\/span>Maurizio Cappellin<span style=\"color: #000000; font-family: Helvetica;\">, classe 1950, e <\/span>Laura Fontana<span style=\"color: #000000; font-family: Helvetica;\">, di Pieve di Soligo, ex insegnante, in pensione dal 2017.<i> <\/i><\/span><span style=\"color: #000000; font-family: Helvetica;\">In <\/span>provincia di Belluno<span style=\"color: #000000; font-family: Helvetica;\"> gli over 65 sono passati da rappresentare il 23% della popolazione 10 anni fa all\u2019attuale 27%. Nel 2025 saranno quasi il 30%. Nello stesso periodo i minori sono passati dal poco meno del 13% all\u201911% di oggi. Nel 2025 saranno il 10,6% della popolazione. Indicativa dell\u2019invecchiamento costante della popolazione anche la percentuale di crescita degli <\/span>over 80<span style=\"color: #000000; font-family: Helvetica;\">: nel Bellunese gli ultraottantenni sono aumentati di oltre il 12% negli ultimi 10 anni.<\/span><\/div>\n<div align=\"left\"><\/div>\n<div align=\"left\"><span style=\"color: #0000ff;\">VIDEO FRANCO MARCUZZO<\/span><\/div>\n<p>&nbsp;<\/p>\n<div style=\"width: 1200px;\" class=\"wp-video\"><video class=\"wp-video-shortcode\" id=\"video-248413-1\" width=\"1200\" height=\"675\" preload=\"metadata\" controls=\"controls\"><source type=\"video\/mp4\" src=\"https:\/\/www.radiopiu.net\/wordpress\/wp-content\/uploads\/2021\/12\/Marcuzzo_AdobeCreativeCloudExpress.mp4?_=1\" \/><a href=\"https:\/\/www.radiopiu.net\/wordpress\/wp-content\/uploads\/2021\/12\/Marcuzzo_AdobeCreativeCloudExpress.mp4\">https:\/\/www.radiopiu.net\/wordpress\/wp-content\/uploads\/2021\/12\/Marcuzzo_AdobeCreativeCloudExpress.mp4<\/a><\/video><\/div>\n<p>&nbsp;<\/p>\n<div align=\"left\"><\/div>\n<div align=\"left\"><span style=\"color: #000000; font-family: Helvetica;\"><a href=\"https:\/\/www.radiopiu.net\/wordpress\/congresso-dei-pensionati-cisl-franco-marcuzzo-riconfermato-segretario-generale\/congresso\/\" rel=\"attachment wp-att-248512\"><img loading=\"lazy\" decoding=\"async\" class=\" wp-image-248512 alignleft\" src=\"https:\/\/www.radiopiu.net\/wordpress\/wp-content\/uploads\/2021\/12\/Congresso-300x225.jpg\" alt=\"\" width=\"204\" height=\"153\" srcset=\"https:\/\/www.radiopiu.net\/wordpress\/wp-content\/uploads\/2021\/12\/Congresso-300x225.jpg 300w, https:\/\/www.radiopiu.net\/wordpress\/wp-content\/uploads\/2021\/12\/Congresso-1024x768.jpg 1024w, https:\/\/www.radiopiu.net\/wordpress\/wp-content\/uploads\/2021\/12\/Congresso-768x576.jpg 768w, https:\/\/www.radiopiu.net\/wordpress\/wp-content\/uploads\/2021\/12\/Congresso-1536x1152.jpg 1536w, https:\/\/www.radiopiu.net\/wordpress\/wp-content\/uploads\/2021\/12\/Congresso-2048x1536.jpg 2048w\" sizes=\"auto, (max-width: 204px) 100vw, 204px\" \/><\/a>I pensionati veneti della Fnp saranno il 18 dicembre a Roma, per la manifestazione indetta dalla Cisl nazionale e alla quale parteciper\u00e0 numerosa la Cisl Belluno Treviso. \u201c<i>Oggi la strada da percorrere \u00e8 quella della contrattazione e della concertazione, non quella dello sciopero <\/i>&#8211; ha dichiarato il segretario generale della Cisl territoriale Massimiliano Paglini <i>&#8211; il governo ha dato piena disponibilit\u00e0 a incontrarci per proseguire la trattativa: non si capisce perch\u00e9 si debba scioperare quando invece c\u2019\u00e8 bisogno di dialogare&#8221;.<\/i><\/span><\/div>\n<div align=\"left\"><\/div>\n<div align=\"left\"><\/div>\n<div align=\"left\"><\/div>\n<div align=\"left\"><\/div>\n<p>&nbsp;<\/p>\n<hr \/>\n<p>&nbsp;<\/p>\n<blockquote>\n<h3>TOFANA-FRECCIA NEL CIELO, SI RINNOVA IL PARADISO BIANCO DI RA VALLES<\/h3>\n<\/blockquote>\n<p><strong><a href=\"https:\/\/www.radiopiu.net\/wordpress\/tofana-freccia-nel-cielo-si-rinnova-il-paradiso-bianco-di-ra-valles\/263502458_3083275828583640_2837434419103000084_n\/\" rel=\"attachment wp-att-248526\"><img loading=\"lazy\" decoding=\"async\" class=\"size-medium wp-image-248526 alignleft\" src=\"https:\/\/www.radiopiu.net\/wordpress\/wp-content\/uploads\/2021\/12\/263502458_3083275828583640_2837434419103000084_n-169x300.jpg\" alt=\"\" width=\"169\" height=\"300\" srcset=\"https:\/\/www.radiopiu.net\/wordpress\/wp-content\/uploads\/2021\/12\/263502458_3083275828583640_2837434419103000084_n-169x300.jpg 169w, https:\/\/www.radiopiu.net\/wordpress\/wp-content\/uploads\/2021\/12\/263502458_3083275828583640_2837434419103000084_n.jpg 526w\" sizes=\"auto, (max-width: 169px) 100vw, 169px\" \/><\/a>CORTINA<\/strong> Neve naturale e una vista spettacolare sulla conca ampezzana e sulle Dolomiti. La zona di Ra Valles si rivela un paradiso bianco per gli amanti dello sci, ma rappresenta anche una speciale sosta in quota all\u2019insegna del gusto per chi desidera provare una delle pizze pi\u00f9 alte delle Dolomiti. Estesa tra i 2.200 e i 3.000 m di quota, propone piste blu, rosse e una nera tra le pi\u00f9 famose e adrenaliniche di Cortina: un\u2019area servita dagli impianti Tofana &#8211; Freccia nel Cielo che da questa stagione accoglie la nuova seggiovia quadriposto Ra Valles \u2013 Bus Tofana in grado di condurre pi\u00f9 velocemente in quota e al riparo dal vento grazie alla copertura. Gi\u00e0 attiva, verr\u00e0 inaugurata ufficialmente domenica 19 dicembre con un evento \u201csci ai piedi\u201d dalle ore 9.00, aperto a tutti con momenti istituzionali e un aperitivo di chiusura dell\u2019evento. Parola d\u2019ordine innovazione: dopo la nuova cabinovia che collega il centro di Cortina a Col Drusci\u00e9, inaugurata a gennaio 2020, il complesso funiviario Tofana &#8211; Freccia nel Cielo accoglie una nuova seggiovia quadriposto ad agganciamento automatico la cui peculiarit\u00e0 \u00e8 una curva di oltre 90\u00b0, soluzione innovativa adottata per la deviazione delle funi. Collegando Pian Ra Valles a Bus Tofana, permette di sciare su neve naturale durante tutta la stagione in un\u2019area compresa tra i 2.700 e i 2.200 m di quota, nonch\u00e9 di intraprendere anche la pista pi\u00f9 lunga di Cortina che si sviluppa su un dislivello di ben 1500 m, con partenza da Bus Tofana e arrivo alla stazione di partenza della cabinovia. Con piste adatte a tutti i gusti e un rifugio panoramico, Ra Valles \u00e8 meta ideale sia per esperti che per le famiglie, raggiungibile comodamente da Cortina in 15 minuti, prendendo la cabinovia fino a Col Drusci\u00e9 e la funivia fino a Ra Valles. Qui si trovano due tracciati blu adatti anche ai bambini, Pian Ra Valles e Cacciatori, due rosse pi\u00f9 ardite ma con una pendenza contenuta, Bus Tofana e Canalini, e una nera considerata tra le pi\u00f9 adrenaliniche ed emozionanti di Cortina, Forcella Rossa. Quest\u2019ultima palcoscenico degli All Black, un gruppo di appassionati che ogni anno si sfidano per raggiungere il maggior numero di discese compiute tra le sue pendenze che raggiungono il massimo del <a href=\"https:\/\/www.radiopiu.net\/wordpress\/tofana-freccia-nel-cielo-si-rinnova-il-paradiso-bianco-di-ra-valles\/cortina-freccia-nel-cielo-inaugurazione-gratis-jpeg-1024x768-c\/\" rel=\"attachment wp-att-248527\"><img loading=\"lazy\" decoding=\"async\" class=\"size-medium wp-image-248527 alignright\" src=\"https:\/\/www.radiopiu.net\/wordpress\/wp-content\/uploads\/2021\/12\/cortina-freccia-nel-cielo-inaugurazione-gratis.jpeg-1024x768-c-300x225.jpg\" alt=\"\" width=\"300\" height=\"225\" srcset=\"https:\/\/www.radiopiu.net\/wordpress\/wp-content\/uploads\/2021\/12\/cortina-freccia-nel-cielo-inaugurazione-gratis.jpeg-1024x768-c-300x225.jpg 300w, https:\/\/www.radiopiu.net\/wordpress\/wp-content\/uploads\/2021\/12\/cortina-freccia-nel-cielo-inaugurazione-gratis.jpeg-1024x768-c-768x576.jpg 768w, https:\/\/www.radiopiu.net\/wordpress\/wp-content\/uploads\/2021\/12\/cortina-freccia-nel-cielo-inaugurazione-gratis.jpeg-1024x768-c.jpg 1024w\" sizes=\"auto, (max-width: 300px) 100vw, 300px\" \/><\/a>72%. A completare l\u2019esperienza di sci in quota a Ra Valles, c\u2019\u00e8 il Rifugio Capanna Ra Valles: con la sua forma circolare \u00e8 una spettacolare terrazza panoramica su Cortina e sulle Dolomiti, dove concedersi un veloce snack o una pi\u00f9 completa pausa ristoratrice per coloro che preferiscono una sosta all\u2019insegna della semplicit\u00e0. Inoltre, assolutamente da non perdere qui: una delle pizze pi\u00f9 alte delle Dolomiti, lievitata lentamente in quota e farcita anche con ingredienti locali.<\/p>\n<blockquote><p><em>Ra Valles rappresenta la zona sciistica pi\u00f9 in quota del comprensorio Tofana &#8211; Freccia nel Cielo, che include anche l\u2019area di Col Drusci\u00e9, con le spettacolari e tecniche piste A e B che sono state palcoscenico delle gare mondiali, le proposte gourmet del Ristorante Col Drusci\u00e9 1778 e Masi Wine Bar Al Drusci\u00e9, e l\u2019Osservatorio Astronomico &#8220;Helmut Ullrich&#8221;. Un\u2019ampia offerta di servizi che garantisce divertimento, emozioni e sicurezza, grazie ai moderni impianti e al rispetto di tutto le regole anti covid previste, per un\u2019esperienza senza pensieri.<\/em><\/p><\/blockquote>\n<p>&nbsp;<\/p>\n<hr \/>\n<p>&nbsp;<\/p>\n<blockquote>\n<h3>INTERVENTO NOTTURNO IN EMERGENZA A BELLUNO<\/h3>\n<\/blockquote>\n<p><strong>BELLUNO<\/strong> Lavori urgenti, marted\u00ec sera, alla rete idrica di Belluno centro. Un\u2019ingente perdita in via San Lucano, segnalata tempestivamente dai Vigili del fuoco di Belluno, ha reso necessario l\u2019intervento in emergenza delle squadre tecnico-operative di Bim Gsp. L\u2019improvvisa rottura ha impegnato i tecnici Gsp e l\u2019impresa incaricata per tutta la serata: le operazioni di riparazione, iniziate martedi intorno alle 20, si sono concluse poco intorno alle due del mattino. Impegnativa e delicata l\u2019esecuzione delle attivit\u00e0, data la complessit\u00e0 della rete idrica cittadina: grazie alla tempestivit\u00e0 delle operazioni di riparazione e alle manovre messe in atto dagli operatori in loco, i disagi all\u2019utenza collegata sono stati ridotti al minimo.<\/p>\n\n\t\t\t<style type='text\/css'>\n\t\t\t\t#gallery-4 {\n\t\t\t\t\tmargin: auto;\n\t\t\t\t}\n\t\t\t\t#gallery-4 .gallery-item {\n\t\t\t\t\tfloat: left;\n\t\t\t\t\tmargin-top: 10px;\n\t\t\t\t\ttext-align: center;\n\t\t\t\t\twidth: 33%;\n\t\t\t\t}\n\t\t\t\t#gallery-4 img {\n\t\t\t\t\tborder: 2px solid #cfcfcf;\n\t\t\t\t}\n\t\t\t\t#gallery-4 .gallery-caption {\n\t\t\t\t\tmargin-left: 0;\n\t\t\t\t}\n\t\t\t\t\/* see gallery_shortcode() in wp-includes\/media.php *\/\n\t\t\t<\/style>\n\t\t<div id='gallery-4' class='dt-gallery-container gallery galleryid-248413 gallery-columns-3 gallery-size-thumbnail'><dl class='gallery-item'>\n\t\t\t\t<dt class='gallery-icon portrait'>\n\t\t\t\t\t<a class=\"rollover rollover-zoom dt-pswp-item\" title=\"riparazione_2\" data-dt-img-description=\"\" data-large_image_width=\"1500\" data-large_image_height=\"2000\"href='https:\/\/www.radiopiu.net\/wordpress\/wp-content\/uploads\/2021\/12\/riparazione_2.jpg'><img loading=\"lazy\" decoding=\"async\" width=\"150\" height=\"150\" src=\"https:\/\/www.radiopiu.net\/wordpress\/wp-content\/uploads\/2021\/12\/riparazione_2-150x150.jpg\" class=\"attachment-thumbnail size-thumbnail\" alt=\"\" \/><\/a>\n\t\t\t\t<\/dt><\/dl><dl class='gallery-item'>\n\t\t\t\t<dt class='gallery-icon portrait'>\n\t\t\t\t\t<a class=\"rollover rollover-zoom dt-pswp-item\" title=\"rottura\" data-dt-img-description=\"\" data-large_image_width=\"555\" data-large_image_height=\"649\"href='https:\/\/www.radiopiu.net\/wordpress\/wp-content\/uploads\/2021\/12\/rottura.jpg'><img loading=\"lazy\" decoding=\"async\" width=\"150\" height=\"150\" src=\"https:\/\/www.radiopiu.net\/wordpress\/wp-content\/uploads\/2021\/12\/rottura-150x150.jpg\" class=\"attachment-thumbnail size-thumbnail\" alt=\"\" \/><\/a>\n\t\t\t\t<\/dt><\/dl><dl class='gallery-item'>\n\t\t\t\t<dt class='gallery-icon portrait'>\n\t\t\t\t\t<a class=\"rollover rollover-zoom dt-pswp-item\" title=\"riparazione_1\" data-dt-img-description=\"\" data-large_image_width=\"1181\" data-large_image_height=\"1575\"href='https:\/\/www.radiopiu.net\/wordpress\/wp-content\/uploads\/2021\/12\/riparazione_1.jpg'><img loading=\"lazy\" decoding=\"async\" width=\"150\" height=\"150\" src=\"https:\/\/www.radiopiu.net\/wordpress\/wp-content\/uploads\/2021\/12\/riparazione_1-150x150.jpg\" class=\"attachment-thumbnail size-thumbnail\" alt=\"\" \/><\/a>\n\t\t\t\t<\/dt><\/dl><br style=\"clear: both\" \/>\n\t\t\t<\/div>\n\n<p>&nbsp;<\/p>\n<hr \/>\n<p>&nbsp;<\/p>\n<blockquote>\n<h3>L&#8217;OPINIONE di Franco Piacentini<\/h3>\n<p class=\"p1\"><span class=\"s1\"><a href=\"https:\/\/www.radiopiu.net\/wordpress\/i-debiti-della-pa-sono-scesi-a-53-miliardi-ma-il-governo-adesso-intervenga\/uomo-disteso-che-conta-soldi-con-il-calcolatore_23-2148230056\/\" rel=\"attachment wp-att-115054\"><img loading=\"lazy\" decoding=\"async\" class=\"size-medium wp-image-115054 alignleft\" src=\"https:\/\/www.radiopiu.net\/wordpress\/wp-content\/uploads\/2020\/01\/uomo-disteso-che-conta-soldi-con-il-calcolatore_23-2148230056-300x200.jpg\" alt=\"\" width=\"300\" height=\"200\" srcset=\"https:\/\/www.radiopiu.net\/wordpress\/wp-content\/uploads\/2020\/01\/uomo-disteso-che-conta-soldi-con-il-calcolatore_23-2148230056-300x200.jpg 300w, https:\/\/www.radiopiu.net\/wordpress\/wp-content\/uploads\/2020\/01\/uomo-disteso-che-conta-soldi-con-il-calcolatore_23-2148230056.jpg 626w\" sizes=\"auto, (max-width: 300px) 100vw, 300px\" \/><\/a>Per la maggioranza del Consiglio Regionale, \u00e8 senza ombra di dubbio l&#8217;ennesimo &#8220;allegro ballare carnevalesco&#8221; l&#8217;approvazione del bilancio regionale 2022-2024. Per accattivarsi il concesso elettorale, anche per il prossimo triennio, a caratteri cubitali, pi\u00f9 volte nelle scorse settimane, la Giunta Regionale ha ribadito: &#8220;niente mani nelle tasche ai veneti&#8221;. Per chi ha un buon reddito e sta bene fisicamente, ovviamente, non essere soggetto all&#8217;addizionale IRPEF regionale, \u00e8 una bellissima notizia. Invece per le persone non autosufficienti, disabili, povere e\/o con patologie croniche, purtroppo, anche questo bilancio regionale, non far\u00e0 cambiare la loro vita, &#8220;ricca&#8221; di sofferenze e di pesanti costi per essere assistite e curate. Le compartecipazioni economiche sono e saranno confermate. Molto probabilmente saranno previsti aumenti (a carico delle famiglie venete) alle rette di ospitalit\u00e0 nei Centri Servizi (RSA &#8211; Case di Riposo) e per alcune prestazioni sanitarie specialistiche. Quindi, per le persone fragili e sfortunate, e per le loro famiglie, Babbo Natale &#8211; Giunta Regionale, non porter\u00e0 alcun sostanzioso regalo. Comunque, come recita una vecchia canzone: &#8220;la speranza \u00e8 l&#8217;ultima a a morire&#8221;, \u00e8 auspicabile che nel mese di gennaio 2022, la Giunta Regionale attivi il Tavolo della Concertazione coinvolgendo: Cgil Cisl Uil &#8211; Forum Terzo Settore &#8211; Volontariato, per almeno attenuare le difficolt\u00e0 economiche, determinate delle\u00a0compartecipazioni, alle persone disabili, non autosufficienti, ammalate e povere. Regione Veneto se su questo ci sei, batti un bel sonoro colpo di disponibilit\u00e0.<\/span><\/p>\n<\/blockquote>\n<p>&nbsp;<\/p>\n<p>&nbsp;<\/p>\n<hr \/>\n<p>&nbsp;<\/p>\n<blockquote>\n<h3>VALPE CONSEGNA GLI ECOCALENDARI 2022 A SEDICO E NELL&#8217;AGORDINO<\/h3>\n<\/blockquote>\n<p><strong><img loading=\"lazy\" decoding=\"async\" class=\"alignleft\" src=\"https:\/\/www.radiopiu.net\/wordpress\/wp-content\/uploads\/2021\/09\/vaschetta-scaled.jpg\" width=\"331\" height=\"221\" \/>AGORDO-SEDICO<\/strong>\u00a0 In questi giorni i nuovi calendari per l\u2019anno 2022 sono in consegna nelle case di tutti gli utenti di Sedico e dell\u2019Unione Montana Agordina. I nuovi calendari sono disponibili\u00a0 anche nel sito www.valpeambiente.it. Eventuali mancati recapiti possono essere segnalati a partire dal prossimo 3 gennaio scrivendo all\u2019indirizzo info@valpeambiente.it. I nuovi utenti, che hanno attivato il contratto per i rifiuti da met\u00e0 ottobre 2021 in poi, possono ritirare il nuovo calendario presso gli sportelli senza chiedere appuntamento oppure scaricarlo dal sito aziendale. In occasione delle prossime festivit\u00e0, in alcuni Comuni le raccolte subiscono delle variazioni rispetto alle consuete cadenze. Dal 24 dicembre 2021 al 9 gennaio 2022 lo sportello di Sedico osserver\u00e0 orari ridotti, aprendo al pubblico gioved\u00ec 30 dicembre dalle 9.00 alle 12.30 e marted\u00ec 4 gennaio dalle 15.00 alle 18.00.<\/p>\n<p>&nbsp;<\/p>\n<p>&nbsp;<\/p>\n<p>&nbsp;<\/p>\n<hr \/>\n<p>&nbsp;<\/p>\n<blockquote>\n<h3>LA MEMORIA DELLE PIETRE, LAPIDI E MONUMENTI DELLA RESISTENZA IN PROVINCIA<\/h3>\n<\/blockquote>\n<p><strong><a href=\"https:\/\/www.radiopiu.net\/wordpress\/la-memoria-delle-pietre-lapidi-e-monumenti-della-resistenza-in-provincia\/th-268\/\" rel=\"attachment wp-att-248472\"><img loading=\"lazy\" decoding=\"async\" class=\"size-full wp-image-248472 alignleft\" src=\"https:\/\/www.radiopiu.net\/wordpress\/wp-content\/uploads\/2021\/12\/th-5.jpg\" alt=\"\" width=\"239\" height=\"158\" \/><\/a>BELLUNO<\/strong> Il libro. L\u2019Associazione culturale Tina Merlin, con il patrocinio della Provincia e del Comune di Belluno venerd\u00ec alle 18 presenter\u00e0\u00a0 in Sala Bianchi, una nuova edizione del libro di Aldo Sirena.\u00a0 Porteranno il saluto il sindaco di Belluno Jacopo Massaro e il presidente della Provincia Roberto Padrin. Interverranno Adriana Lotto, presidente dell\u2019Associazione culturale Tina Merlin, e lo storico prof. Maurizio Reberschak.\u00a0 Si tratta di una nuova edizione che non si limita a riproporre quella del 1995 da molto tempo esaurita, ma \u00e8 ampiamente aggiornata e arricchita nei contenuti e nella grafica. In particolare sono state aggiunte le decine di lapidi collocate dopo il 1995, circa 300 fotografie e l\u2019indice dei nomi, ed \u00e8 stato riordinato l\u2019apparato di note, spesso trasformate in testi a parte. Il volume \u00e8 stato integrato con nuovi documenti e ricerche nel frattempo pubblicati, seguendo in ci\u00f2 lo stesso esplicito proposito dell\u2019autore che sollecitava un impegno di continuo aggiornamento considerando il proprio lavoro come un\u2019opera corale. Il libro viene pubblicato nel centesimo anniversario della nascita e nel venticinquesimo della scomparsa dell\u2019autore. Contiene una breve biografia per ogni persona ricordata nelle singole lapidi e una descrizione dei fatti ai quali si riferiscono, oltre ad elementi introduttivi generali. Intende cos\u00ec contribuire ad una conoscenza seria e documentata delle vicende della Resistenza bellunese. Nel contempo \u00e8 anche una guida nella geografia delle nostre vallate e, soprattutto per le giovani generazioni, la testimonianza viva, proprio attraverso le lapidi e i monumenti e i nomi dei caduti, della Resistenza e della lotta della popolazione e delle formazioni partigiane contro l&#8217;occupazione tedesca. Il lavoro di aggiornamento \u00e8 stato curato all\u2019Associazione culturale Tina Merlin.<\/p>\n<p>&nbsp;<\/p>\n<hr \/>\n<p>&nbsp;<\/p>\n<blockquote>\n<h3><a href=\"https:\/\/www.radiopiu.net\/wordpress\/giornale-radiopiu-15-dicembre-2021-direttore-mirko-mezzacasa\/sede-isp-ponte-nelle-alpi_1-1\/\" rel=\"attachment wp-att-248348\"><img loading=\"lazy\" decoding=\"async\" class=\"size-medium wp-image-248348 alignleft\" src=\"https:\/\/www.radiopiu.net\/wordpress\/wp-content\/uploads\/2021\/12\/sede-ISP-ponte-nelle-alpi_1-1-300x169.jpg\" alt=\"\" width=\"300\" height=\"169\" srcset=\"https:\/\/www.radiopiu.net\/wordpress\/wp-content\/uploads\/2021\/12\/sede-ISP-ponte-nelle-alpi_1-1-300x169.jpg 300w, https:\/\/www.radiopiu.net\/wordpress\/wp-content\/uploads\/2021\/12\/sede-ISP-ponte-nelle-alpi_1-1-1024x576.jpg 1024w, https:\/\/www.radiopiu.net\/wordpress\/wp-content\/uploads\/2021\/12\/sede-ISP-ponte-nelle-alpi_1-1-768x432.jpg 768w, https:\/\/www.radiopiu.net\/wordpress\/wp-content\/uploads\/2021\/12\/sede-ISP-ponte-nelle-alpi_1-1-1536x864.jpg 1536w, https:\/\/www.radiopiu.net\/wordpress\/wp-content\/uploads\/2021\/12\/sede-ISP-ponte-nelle-alpi_1-1.jpg 2000w\" sizes=\"auto, (max-width: 300px) 100vw, 300px\" \/><\/a>INSIEME SI PU\u00d2 HA UNA NUOVA CASA A PONTE NELLE ALPI<\/h3>\n<\/blockquote>\n<p><strong>BELLUNO<\/strong>\u00a0 Sabato alle 11.15 si terr\u00e0 l\u2019inaugurazione della nuova sede dell\u2019Associazione Gruppi \u201cInsieme si pu\u00f2&#8230;\u201d onlus ONG. La nuova casa dell\u2019Associazione si trova in Piazzetta Bivio n. 4 a Ponte nelle Alpi, sulla rotonda del bivio per il Cadore, dietro la farmacia. Sar\u00e0 l\u2019occasione per aprire le porte della nuova sede a volontari, autorit\u00e0 e simpatizzanti e ricordare l\u2019impegno dell\u2019Associazione per gli ultimi, nel mondo e qui, che prosegue immutato dopo 38 anni sempre alimentato da nuove idee e progetti. L,ufficio rimane aperto al pubblico tutti i giorni dal luned\u00ec al venerd\u00ec\u00a0 dalle 8 alle 12 e dalle\u00a0 15 alel 18 e il sabato mattina dalle 9 alle 12.<\/p>\n<p>&nbsp;<\/p>\n<p>&nbsp;<\/p>\n<hr \/>\n<p>&nbsp;<\/p>\n<blockquote>\n<h3>SULLE TRACCE DELLE ANTICHE GENTI PREISTORICHE<\/h3>\n<\/blockquote>\n<p><strong>BELLUNO<\/strong>\u00a0 Si apre sabato alle 20.30 al Palazzo delle Contesse di Mel, il primo degli appuntamenti di approfondimento previsti per la mostra<strong><em>\u201c<\/em><\/strong><strong><em>Tra Preistoria e Medioevo. Ritrovamenti archeologici dal territorio di Mel, Trichiana e Lentiai\u201d<\/em><\/strong> promossa dall\u2019Amministrazione comunale di Borgo Valbelluna in collaborazione con la Soprintendenza Archeologia Belle Arti e Paesaggio per l\u2019area metropolitana di Venezia e le province di Belluno, Padova e Treviso, i Musei Civici di Belluno e il Museo Civico di Feltre. Sabato sar\u00e0 possibile visitare la mostra <strong><em>\u201c<\/em><\/strong><strong><em>Tra Preistoria e Medioevo. Ritrovamenti archeologici dal territorio di Mel, Trichiana e Lentiai\u201d<\/em><\/strong> che estende l\u2019orario di apertura pomeridiano <strong>sino alle 20.30<\/strong>. Per info: <a href=\"http:\/\/www.museomel.it\/\">www.museomel.it\u00a0<\/a><\/p>\n<p>&nbsp;<\/p>\n<p>&nbsp;<\/p>\n<hr \/>\n<p>&nbsp;<\/p>\n<blockquote>\n<h3>IL PRESIDENTE DEGLI ALPINI DI BELLUNO LINO DE PRA TIRA LE SOMME DI FINE ANNO<\/h3>\n<\/blockquote>\n<p><strong><a href=\"https:\/\/www.radiopiu.net\/wordpress\/giornale-radiopiu-21-gennaio-2021-direttore-mirko-mezzacasa\/lino-de-pra-presidente-sezione-alpini-belluno\/\" rel=\"attachment wp-att-185857\"><img loading=\"lazy\" decoding=\"async\" class=\"size-medium wp-image-185857 alignleft\" src=\"https:\/\/www.radiopiu.net\/wordpress\/wp-content\/uploads\/2021\/01\/lino-de-pra-presidente-sezione-alpini-belluno-225x300.jpg\" alt=\"\" width=\"225\" height=\"300\" srcset=\"https:\/\/www.radiopiu.net\/wordpress\/wp-content\/uploads\/2021\/01\/lino-de-pra-presidente-sezione-alpini-belluno-225x300.jpg 225w, https:\/\/www.radiopiu.net\/wordpress\/wp-content\/uploads\/2021\/01\/lino-de-pra-presidente-sezione-alpini-belluno-768x1024.jpg 768w, https:\/\/www.radiopiu.net\/wordpress\/wp-content\/uploads\/2021\/01\/lino-de-pra-presidente-sezione-alpini-belluno-1152x1536.jpg 1152w, https:\/\/www.radiopiu.net\/wordpress\/wp-content\/uploads\/2021\/01\/lino-de-pra-presidente-sezione-alpini-belluno-1536x2048.jpg 1536w, https:\/\/www.radiopiu.net\/wordpress\/wp-content\/uploads\/2021\/01\/lino-de-pra-presidente-sezione-alpini-belluno-scaled.jpg 1920w\" sizes=\"auto, (max-width: 225px) 100vw, 225px\" \/><\/a>BELLUNO<\/strong> Alla vigilia di un triennio ricco di appuntamenti, sia in sede locale che triveneta e nazionale, il lavoro di organizzazione e preparazione dei vari eventi in calendario per il futuro delle penne nere bellunesi vede sempre grande fermento nella sede di via Tissi a Belluno. Il presidente Lino De Pra ne da\u0300 conto con soddisfazione: \u00ab<em>Si\u0300, con soddisfazione. Perche\u0301, se non ci siamo mai fermati del tutto nel corso di questa pandemia, e\u0300 anche vero che abbiamo ripreso il pieno ritmo che vede fortemente impegnati dirigenti sezionali, capigruppo e volontari dei nostri 44 nuclei sparsi nelle vallate. In questi giorni stiamo preparando la seconda edizione della S. Messa di Natale che si terra\u0300 nella Basilica cittadina di S. Martino sabato 18 dicembre e sara\u0300 celebrata dal vescovo mons. Renato Marangoni. Con l\u2019occasione ricorderemo i caduti ed anche i nostri soci che sono \u201candati avanti\u201d negli ultimi dodici mesi<\/em>\u00bb. Presidente, ormai il 2022 e\u0300 alle porte. Che cosa c\u2019e\u0300 scritto nel vostro calendario? \u00ab<em>Prima di tutto, una novita\u0300. Stiamo preparando una cerimonia per il 29 gennaio in occasione del 78\u00b0 anniversario della battaglia di Nikolajewka che vorremmo tenere nel Tempio Ossario di Mussoi: stiamo valutando i problemi organizzativi. Sempre per l\u2019anno prossimo sono in calendario l\u2019Adunata nazionale di Rimini (dal 5 all\u20198 maggio); il 6\u00b0 Raduno Brigata Cadore a Belluno (17,18, 19 giugno); il Raduno triveneto ad Asiago (8, 9, 10 luglio). Oltre ad altri appuntamenti nelle nostre vallate: l\u2019assemblea dei delegati (6 marzo); il raduno sezionale al Col Visentin con la \u201cCiclabile del Ricordo\u201d (12 giugno); gli incontri estivi al Sasson di Val di Piera, Passo Duran, Col di Lana, Pus di Ponte nelle Alpi; la terza edizione della cerimonia al Sacrario di Salesei; la riunione di capigruppo e segretari (8 ottobre); la S. Messa di Natale (17 dicembre). E per lo sport ci sono le Alpiniadi estive (dal 16 al 19 giugno), i vari campionati di specialita\u0300 e la \u201c24 ore di S. Martino\u201d dove nel 2021 ci siamo classificati al terzo posto. Il carnet e\u0300 fitto, ma altri eventi di certo si aggiungeranno nel corso dei prossimi mesi!<\/em>\u00bb. Presidente, uno sguardo piu\u0300 in la\u0300 per il prossimo triennio? \u00ab<em>Guardare piu\u0300 avanti significa ricordare che nel 2023 si terra\u0300 il Raduno triveneto proprio qui a Belluno, mentre poi noi parteciperemo all\u2019edizione 2024 che si terra\u0300 a Bibione (Venezia). Per il momento mi fermo qui, ma ricordo che nel calendario ci sono anche decine e decine di appuntamenti curati dai nostri 44 Gruppi. Senza dimenticare la costante e preziosa attivita\u0300 dei nostri volontari di Protezione Civile sempre impegnati in momenti di incontro, addestramento, aggiornamento, formazione e nella speranza che non si verifichino emergenze che richiedano il loro pronto intervento<\/em>\u00bb.<\/p>\n<p>&nbsp;<\/p>\n<hr \/>\n<p>&nbsp;<\/p>\n<blockquote>\n<h3>CAMPAGNIA DI SOLIDARIETA\u2019 \u201cAIUTACI AD AIUTARE\u201d<\/h3>\n<\/blockquote>\n<p><strong><a href=\"https:\/\/www.radiopiu.net\/wordpress\/giornale-radiopiu-16-dicembre-2021-direttore-mirko-mezzacasa\/th-270\/\" rel=\"attachment wp-att-248652\"><img loading=\"lazy\" decoding=\"async\" class=\" wp-image-248652 alignleft\" src=\"https:\/\/www.radiopiu.net\/wordpress\/wp-content\/uploads\/2021\/12\/th-7.jpg\" alt=\"\" width=\"172\" height=\"172\" srcset=\"https:\/\/www.radiopiu.net\/wordpress\/wp-content\/uploads\/2021\/12\/th-7.jpg 300w, https:\/\/www.radiopiu.net\/wordpress\/wp-content\/uploads\/2021\/12\/th-7-150x150.jpg 150w\" sizes=\"auto, (max-width: 172px) 100vw, 172px\" \/><\/a>FELTRE<\/strong>\u00a0 Le penne nere di Feltre, nel periodo che precede il Natale, organizzano una campagna per la raccolta fondi per aiutare associazioni che operano nel sociale a favore di tutto il territorio feltrino. Quest\u2019anno, per la prima<br \/>\nvolta, hanno voluto investire su prodotti del territorio, creando una confezione regalo la cui vendita \u00e8 servita alla raccolta dei fondi, denominata \u201cAiutaci ad aiutare&#8221;. In questo modo, con i prodotti forniti dalle aziende e attraverso il confezionamento attuato dagli alpini, sono stati creati un migliaio di cestini. Le confezioni hanno sortito da subito un<br \/>\ngrandissimo successo, tanto che in pochi giorni i gruppi della locale sezione, che mettono in atto la vendita, li hanno esauriti. Ora ci sar\u00e0 la riunione della commissione preposta per decidere a chi destinare i proventi della raccolta, tra le segnalazioni pervenute dai gruppi, denaro che verr\u00e0 consegnato in occasione dell\u2019annuale assemblea della sezione.<\/p>\n<p>&nbsp;<\/p>\n<hr \/>\n<p>&nbsp;<\/p>\n<blockquote>\n<h3>\u201cVIVA L\u2019ITALIA \u2013 PAROLE E MUSICA IN VARIETA\u2019\u201d : GLI ALPINI AUGURANO BUON NATALE A FELTRE<\/h3>\n<p><em> Il Premio \u201cGenerale Giangi Bonzo\u201d per il 2020 verr\u00e0 consegnato al caporal maggiore capo Giovanni Giacomazzi, graduato del 7\u00b0 Reggimento Alpini <\/em><\/p><\/blockquote>\n<p><strong><a href=\"https:\/\/www.radiopiu.net\/wordpress\/giornale-radiopiu-02-ottobre-2018-direttore-mirko-mezzacasa\/ana-alpini\/\" rel=\"attachment wp-att-62421\"><img loading=\"lazy\" decoding=\"async\" class=\"wp-image-62421 alignleft\" src=\"https:\/\/www.radiopiu.net\/wordpress\/wp-content\/uploads\/2018\/10\/ana-alpini.png\" alt=\"\" width=\"133\" height=\"133\" srcset=\"https:\/\/www.radiopiu.net\/wordpress\/wp-content\/uploads\/2018\/10\/ana-alpini.png 225w, https:\/\/www.radiopiu.net\/wordpress\/wp-content\/uploads\/2018\/10\/ana-alpini-150x150.png 150w\" sizes=\"auto, (max-width: 133px) 100vw, 133px\" \/><\/a>FELTRE<\/strong> Sabato alle 20.30 nell\u2019Auditorium delle Canossiane, la locale sezione delle penne nere\u00a0 organizza\u00a0 una serata, sotto l\u2019attenta regia di Carlo Cassol,\u00a0 dove si alterneranno brani musicali interpretati da<strong> Luca Poletti<\/strong> e Edo Arnoldo, e testi letti e recitati da Patrizia Bertoli, Tatiana Dallo e dallo stesso Carlo Cassol.\u00a0 Fil rouge della serata tutto il bello della nostra Patria. Verr\u00e0 assegnato anche il Premio \u201cGenerale Giangi Bonzo\u201d, riconoscimento riservato ai militari in servizio, che si sono distinti<br \/>\nnell\u2019adempimento del loro dovere. Quindi il Premio \u201cLa penna alpina per la nostra montagna\u201d verr\u00e0 consegnato per il 2020 a Luca Poletti, \u201cPer l\u2019intensa e brillante attivit\u00e0 di musicista, compositore, arrangiatore e pianista esercitata&#8221; e a <strong>Sissy Bassani<\/strong>, \u201cPer la brillante carriera di scienziata, frutto di studi e incessante lavoro in prestigiose istituzioni accademiche e atenei italiani ed elvetici&#8221;. Per il 2021 a <strong>Gabriele Gabrielli,<\/strong> \u201cPer l\u2019entusiasmo e il molteplice impegno dimostrati in diversi ambiti del sociale&#8221; e alla Ditta <strong>Unifarco,<\/strong> \u201cPer aver saputo creare una forte realt\u00e0 produttiva&#8221;<\/p>\n<p>&nbsp;<\/p>\n<p>&nbsp;<\/p>\n<hr \/>\n<blockquote>\n<h3><\/h3>\n<h3>SABATO IL NATALE SOLIDALE, PROTAGONISTI I BAMBINI<\/h3>\n<\/blockquote>\n<p><strong>FELTRE<\/strong> Nell&#8217;ambito del \u201cNatale a Feltre 2021\u201d, l\u2019Amministrazione promuove un&#8217;iniziativa solidale, allestendo uno spazio natalizio per i bambini all&#8217;interno della Bimboteca di via Mezzaterra 5. Qui i bambini di Feltre troveranno, nel pomeriggio di sabato 18 dicembre \u2013 dalle 15 alle 18 \u2013 le aiutanti di Babbo Natale pronte ad accogliere i loro disegni o messaggi di auguri, oltre ad alcune sorprese. I bambini presenti verranno coinvolti quest&#8217;anno anche in un piccolo laboratorio a tema per abbellire i propri regali o l&#8217;albero di Natale. I disegni saranno poi consegnati, terminate le festivit\u00e0, agli ospiti della casa di riposo &#8220;Brandalise&#8221; di Feltre.<\/p>\n<p>&nbsp;<\/p>\n<p>&nbsp;<\/p>\n<hr \/>\n<blockquote>\n<h3><\/h3>\n<h3><a href=\"https:\/\/www.radiopiu.net\/wordpress\/?attachment_id=248295\" rel=\"attachment wp-att-248295\"><img loading=\"lazy\" decoding=\"async\" class=\"wp-image-248295 alignleft\" src=\"https:\/\/www.radiopiu.net\/wordpress\/wp-content\/uploads\/2021\/12\/DolomitiHub_Evento_12-18_Post-1024x1024-1-300x300.jpg\" alt=\"\" width=\"154\" height=\"154\" srcset=\"https:\/\/www.radiopiu.net\/wordpress\/wp-content\/uploads\/2021\/12\/DolomitiHub_Evento_12-18_Post-1024x1024-1-300x300.jpg 300w, https:\/\/www.radiopiu.net\/wordpress\/wp-content\/uploads\/2021\/12\/DolomitiHub_Evento_12-18_Post-1024x1024-1-150x150.jpg 150w, https:\/\/www.radiopiu.net\/wordpress\/wp-content\/uploads\/2021\/12\/DolomitiHub_Evento_12-18_Post-1024x1024-1-768x768.jpg 768w, https:\/\/www.radiopiu.net\/wordpress\/wp-content\/uploads\/2021\/12\/DolomitiHub_Evento_12-18_Post-1024x1024-1.jpg 1024w\" sizes=\"auto, (max-width: 154px) 100vw, 154px\" \/><\/a><\/h3>\n<h3>CINEMA, PASSIONI E PROFESSIONI<\/h3>\n<\/blockquote>\n<p><strong>CENCENIGHE<\/strong> Sabato\u00a0 alle 17 in \u00a0sala conferenze del Municipio proiezione di cortometraggi di animazione a cura di Lago Film Fest.\u00a0 Piccoli film per bambine e bambini che ci raccontano professioni bizzarre, ma necessarie, e le occupazioni semplici e divertenti che colorano la vita e la rendono speciale. Ingresso gratuito, iscrizione obbligatoria.<\/p>\n<p>&nbsp;<\/p>\n<p>&nbsp;<\/p>\n<p>&nbsp;<\/p>\n<hr \/>\n<p>&nbsp;<\/p>\n<h3><span style=\"color: #0000ff;\">INFORMAZIONE il canale su TELEGRAM informazione di prima mano e in tempo reale. iscriviti ed aiutaci a farlo conoscere\u00a0 \u00a0<\/span><\/h3>\n<p>&nbsp;<\/p>\n<hr \/>\n<p>&nbsp;<\/p>\n<blockquote>\n<h3>IL CONCERTO DEL 26 DICEMBRE DALL&#8217;ARCIDIACONALE DI AGORDO SARA&#8217; TRASMESSO IN DIRETTA SULLE FREQUENZE DI RADIO PIU&#8217;, POTRA&#8217; ESSERE VISTO IN STREAMING SUL SITO INTERNET RADIOPIU.NET O SULLE PAGINE FACEBOOK RADIOPIU, RADIOPIU EMITTENTE AGORDINA, SEI DI AGORDO SE&#8230;<\/h3>\n<p><a href=\"https:\/\/www.radiopiu.net\/wordpress\/giornale-radiopiu-10-dicembre-2021-direttore-mirko-mezzacasa\/7e4dcf0d-ae61-466b-9ba6-59f1c81d4b00\/\" rel=\"attachment wp-att-247533\"><img loading=\"lazy\" decoding=\"async\" class=\"wp-image-247533 aligncenter\" src=\"https:\/\/www.radiopiu.net\/wordpress\/wp-content\/uploads\/2021\/12\/7e4dcf0d-ae61-466b-9ba6-59f1c81d4b00.jpg\" alt=\"\" width=\"257\" height=\"365\" srcset=\"https:\/\/www.radiopiu.net\/wordpress\/wp-content\/uploads\/2021\/12\/7e4dcf0d-ae61-466b-9ba6-59f1c81d4b00.jpg 722w, https:\/\/www.radiopiu.net\/wordpress\/wp-content\/uploads\/2021\/12\/7e4dcf0d-ae61-466b-9ba6-59f1c81d4b00-212x300.jpg 212w\" sizes=\"auto, (max-width: 257px) 100vw, 257px\" \/><\/a><\/p><\/blockquote>\n<p>&nbsp;<\/p>\n<hr \/>\n<p>&nbsp;<\/p>\n<blockquote>\n<h3>APERTURA INVERNALE DEL CASTELLO DI ANDRAZ<\/h3>\n<\/blockquote>\n<p><strong>LIVINALLONGO <\/strong>Normalmente d\u2019inverno il Castello di Andraz rimane chiuso al pubblico a causa delle grandi quantit\u00e0 di neve che interessano l\u2019area. Quest\u2019anno invece il meteo \u00e8 favorevole e quindi, solo per pochi giorni e per poche ore, il castello aprir\u00e0. Le visite (guidate e su prenotazione ma non particolarmente specialistiche e quindi accessibili a tutti) si concentreranno in particolare sulla figura di Nicol\u00f2 Cusano, vissuto al castello attorno alla met\u00e0 del XV secolo, che proprio qui ha compiuto studi in campo astronomico di notevole rilevanza. \u00c8 infatti in funzione gi\u00e0 da qualche settimana il foro utilizzato per gli studi sul solstizio d\u2019inverno: un\u2019occasione imperdibile. Le aperture straordinarie avverrano il 19, 22, 26 e 29 dicembre dalle 13 alle 15. Per prenotare la visita guidata 334 3346680. Informazioni su www.castellodiandraz.it<\/p>\n<p>&nbsp;<\/p>\n<hr \/>\n<p>&nbsp;<\/p>\n<blockquote>\n<h3><\/h3>\n<h3>MAGIE FOTOGRAFICHE NOTTURNE SULLA CONCA AGORDINA, DI MANUEL CONEDERA &#8211; FOTO &#8211;<\/h3>\n<blockquote>\n<h3>Grazie a Manuel Conedera per lo splendido reportarge notturno<\/h3>\n<\/blockquote>\n<div style=\"width: 1200px;\" class=\"wp-video\"><video class=\"wp-video-shortcode\" id=\"video-248413-2\" width=\"1200\" height=\"675\" preload=\"metadata\" controls=\"controls\"><source type=\"video\/mp4\" src=\"https:\/\/www.radiopiu.net\/wordpress\/wp-content\/uploads\/2021\/12\/WhatsApp-Video-2021-12-16-at-00.07.33.mp4?_=2\" \/><a href=\"https:\/\/www.radiopiu.net\/wordpress\/wp-content\/uploads\/2021\/12\/WhatsApp-Video-2021-12-16-at-00.07.33.mp4\">https:\/\/www.radiopiu.net\/wordpress\/wp-content\/uploads\/2021\/12\/WhatsApp-Video-2021-12-16-at-00.07.33.mp4<\/a><\/video><\/div>\n<p>&nbsp;<\/p><\/blockquote>\n<p>&nbsp;<\/p>\n\n\t\t\t<style type='text\/css'>\n\t\t\t\t#gallery-5 {\n\t\t\t\t\tmargin: auto;\n\t\t\t\t}\n\t\t\t\t#gallery-5 .gallery-item {\n\t\t\t\t\tfloat: left;\n\t\t\t\t\tmargin-top: 10px;\n\t\t\t\t\ttext-align: center;\n\t\t\t\t\twidth: 16%;\n\t\t\t\t}\n\t\t\t\t#gallery-5 img {\n\t\t\t\t\tborder: 2px solid #cfcfcf;\n\t\t\t\t}\n\t\t\t\t#gallery-5 .gallery-caption {\n\t\t\t\t\tmargin-left: 0;\n\t\t\t\t}\n\t\t\t\t\/* see gallery_shortcode() in wp-includes\/media.php *\/\n\t\t\t<\/style>\n\t\t<div id='gallery-5' class='dt-gallery-container gallery galleryid-248413 gallery-columns-6 gallery-size-thumbnail'><dl class='gallery-item'>\n\t\t\t\t<dt class='gallery-icon landscape'>\n\t\t\t\t\t<a class=\"rollover rollover-zoom dt-pswp-item\" title=\"Il sorgere della luna.\" data-dt-img-description=\"Il sorgere della luna.\" data-large_image_width=\"1600\" data-large_image_height=\"1068\"href='https:\/\/www.radiopiu.net\/wordpress\/wp-content\/uploads\/2021\/12\/Il-sorgere-della-luna..jpg'><img loading=\"lazy\" decoding=\"async\" width=\"150\" height=\"150\" src=\"https:\/\/www.radiopiu.net\/wordpress\/wp-content\/uploads\/2021\/12\/Il-sorgere-della-luna.-150x150.jpg\" class=\"attachment-thumbnail size-thumbnail\" alt=\"\" aria-describedby=\"gallery-5-248604\" \/><\/a>\n\t\t\t\t<\/dt>\n\t\t\t\t\t<dd class='wp-caption-text gallery-caption' id='gallery-5-248604'>\n\t\t\t\t\tIl sorgere della luna.\n\t\t\t\t\t<\/dd><\/dl><dl class='gallery-item'>\n\t\t\t\t<dt class='gallery-icon landscape'>\n\t\t\t\t\t<a class=\"rollover rollover-zoom dt-pswp-item\" title=\"Rivamonte (3)\" data-dt-img-description=\"\" data-large_image_width=\"1600\" data-large_image_height=\"1068\"href='https:\/\/www.radiopiu.net\/wordpress\/wp-content\/uploads\/2021\/12\/Rivamonte-3.jpg'><img loading=\"lazy\" decoding=\"async\" width=\"150\" height=\"150\" src=\"https:\/\/www.radiopiu.net\/wordpress\/wp-content\/uploads\/2021\/12\/Rivamonte-3-150x150.jpg\" class=\"attachment-thumbnail size-thumbnail\" alt=\"\" aria-describedby=\"gallery-5-248610\" \/><\/a>\n\t\t\t\t<\/dt>\n\t\t\t\t\t<dd class='wp-caption-text gallery-caption' id='gallery-5-248610'>\n\t\t\t\t\tRivamonte (3)\n\t\t\t\t\t<\/dd><\/dl><dl class='gallery-item'>\n\t\t\t\t<dt class='gallery-icon landscape'>\n\t\t\t\t\t<a class=\"rollover rollover-zoom dt-pswp-item\" title=\"Rivamonte\" data-dt-img-description=\"\" data-large_image_width=\"1600\" data-large_image_height=\"1068\"href='https:\/\/www.radiopiu.net\/wordpress\/wp-content\/uploads\/2021\/12\/Rivamonte.jpg'><img loading=\"lazy\" decoding=\"async\" width=\"150\" height=\"150\" src=\"https:\/\/www.radiopiu.net\/wordpress\/wp-content\/uploads\/2021\/12\/Rivamonte-150x150.jpg\" class=\"attachment-thumbnail size-thumbnail\" alt=\"\" aria-describedby=\"gallery-5-248606\" \/><\/a>\n\t\t\t\t<\/dt>\n\t\t\t\t\t<dd class='wp-caption-text gallery-caption' id='gallery-5-248606'>\n\t\t\t\t\tRivamonte\n\t\t\t\t\t<\/dd><\/dl><dl class='gallery-item'>\n\t\t\t\t<dt class='gallery-icon landscape'>\n\t\t\t\t\t<a class=\"rollover rollover-zoom dt-pswp-item\" title=\"Rivamonte (1)\" data-dt-img-description=\"\" data-large_image_width=\"1600\" data-large_image_height=\"1068\"href='https:\/\/www.radiopiu.net\/wordpress\/wp-content\/uploads\/2021\/12\/Rivamonte-1.jpg'><img loading=\"lazy\" decoding=\"async\" width=\"150\" height=\"150\" src=\"https:\/\/www.radiopiu.net\/wordpress\/wp-content\/uploads\/2021\/12\/Rivamonte-1-150x150.jpg\" class=\"attachment-thumbnail size-thumbnail\" alt=\"\" aria-describedby=\"gallery-5-248614\" \/><\/a>\n\t\t\t\t<\/dt>\n\t\t\t\t\t<dd class='wp-caption-text gallery-caption' id='gallery-5-248614'>\n\t\t\t\t\tRivamonte \n\t\t\t\t\t<\/dd><\/dl><dl class='gallery-item'>\n\t\t\t\t<dt class='gallery-icon landscape'>\n\t\t\t\t\t<a class=\"rollover rollover-zoom dt-pswp-item\" title=\"Frassen\u00e9 (3)\" data-dt-img-description=\"\" data-large_image_width=\"1600\" data-large_image_height=\"1068\"href='https:\/\/www.radiopiu.net\/wordpress\/wp-content\/uploads\/2021\/12\/Frassene-3.jpg'><img loading=\"lazy\" decoding=\"async\" width=\"150\" height=\"150\" src=\"https:\/\/www.radiopiu.net\/wordpress\/wp-content\/uploads\/2021\/12\/Frassene-3-150x150.jpg\" class=\"attachment-thumbnail size-thumbnail\" alt=\"\" aria-describedby=\"gallery-5-248612\" \/><\/a>\n\t\t\t\t<\/dt>\n\t\t\t\t\t<dd class='wp-caption-text gallery-caption' id='gallery-5-248612'>\n\t\t\t\t\tFrassen\u00e9 (3)\n\t\t\t\t\t<\/dd><\/dl><dl class='gallery-item'>\n\t\t\t\t<dt class='gallery-icon landscape'>\n\t\t\t\t\t<a class=\"rollover rollover-zoom dt-pswp-item\" title=\"Frassen\u00e9 (2)\" data-dt-img-description=\"\" data-large_image_width=\"1600\" data-large_image_height=\"1068\"href='https:\/\/www.radiopiu.net\/wordpress\/wp-content\/uploads\/2021\/12\/Frassene-2.jpg'><img loading=\"lazy\" decoding=\"async\" width=\"150\" height=\"150\" src=\"https:\/\/www.radiopiu.net\/wordpress\/wp-content\/uploads\/2021\/12\/Frassene-2-150x150.jpg\" class=\"attachment-thumbnail size-thumbnail\" alt=\"\" aria-describedby=\"gallery-5-248611\" \/><\/a>\n\t\t\t\t<\/dt>\n\t\t\t\t\t<dd class='wp-caption-text gallery-caption' id='gallery-5-248611'>\n\t\t\t\t\tFrassen\u00e9 \n\t\t\t\t\t<\/dd><\/dl><br style=\"clear: both\" \/><dl class='gallery-item'>\n\t\t\t\t<dt class='gallery-icon landscape'>\n\t\t\t\t\t<a class=\"rollover rollover-zoom dt-pswp-item\" title=\"Frassen\u00e9\" data-dt-img-description=\"\" data-large_image_width=\"1600\" data-large_image_height=\"1068\"href='https:\/\/www.radiopiu.net\/wordpress\/wp-content\/uploads\/2021\/12\/Frassene.jpg'><img loading=\"lazy\" decoding=\"async\" width=\"150\" height=\"150\" src=\"https:\/\/www.radiopiu.net\/wordpress\/wp-content\/uploads\/2021\/12\/Frassene-150x150.jpg\" class=\"attachment-thumbnail size-thumbnail\" alt=\"\" aria-describedby=\"gallery-5-248607\" \/><\/a>\n\t\t\t\t<\/dt>\n\t\t\t\t\t<dd class='wp-caption-text gallery-caption' id='gallery-5-248607'>\n\t\t\t\t\tFrassen\u00e9\n\t\t\t\t\t<\/dd><\/dl><dl class='gallery-item'>\n\t\t\t\t<dt class='gallery-icon landscape'>\n\t\t\t\t\t<a class=\"rollover rollover-zoom dt-pswp-item\" title=\"Venere sopra Rivamonte e Frassen\u00e9 (luci a destra)\" data-dt-img-description=\"\" data-large_image_width=\"1600\" data-large_image_height=\"1068\"href='https:\/\/www.radiopiu.net\/wordpress\/wp-content\/uploads\/2021\/12\/Venere-sopra-Rivamonte-e-Frassene-luci-a-destra.jpg'><img loading=\"lazy\" decoding=\"async\" width=\"150\" height=\"150\" src=\"https:\/\/www.radiopiu.net\/wordpress\/wp-content\/uploads\/2021\/12\/Venere-sopra-Rivamonte-e-Frassene-luci-a-destra-150x150.jpg\" class=\"attachment-thumbnail size-thumbnail\" alt=\"\" aria-describedby=\"gallery-5-248608\" \/><\/a>\n\t\t\t\t<\/dt>\n\t\t\t\t\t<dd class='wp-caption-text gallery-caption' id='gallery-5-248608'>\n\t\t\t\t\tVenere sopra Rivamonte e Frassen\u00e9 (luci a destra)\n\t\t\t\t\t<\/dd><\/dl><dl class='gallery-item'>\n\t\t\t\t<dt class='gallery-icon portrait'>\n\t\t\t\t\t<a class=\"rollover rollover-zoom dt-pswp-item\" title=\"Venere sopra Frassen\u00e9\" data-dt-img-description=\"\" data-large_image_width=\"1068\" data-large_image_height=\"1600\"href='https:\/\/www.radiopiu.net\/wordpress\/wp-content\/uploads\/2021\/12\/Venere-sopra-Frassene.jpg'><img loading=\"lazy\" decoding=\"async\" width=\"150\" height=\"150\" src=\"https:\/\/www.radiopiu.net\/wordpress\/wp-content\/uploads\/2021\/12\/Venere-sopra-Frassene-150x150.jpg\" class=\"attachment-thumbnail size-thumbnail\" alt=\"\" aria-describedby=\"gallery-5-248605\" \/><\/a>\n\t\t\t\t<\/dt>\n\t\t\t\t\t<dd class='wp-caption-text gallery-caption' id='gallery-5-248605'>\n\t\t\t\t\tVenere sopra Frassen\u00e9\n\t\t\t\t\t<\/dd><\/dl><dl class='gallery-item'>\n\t\t\t\t<dt class='gallery-icon portrait'>\n\t\t\t\t\t<a class=\"rollover rollover-zoom dt-pswp-item\" title=\"I 3 pianeti allineati e una manciata di stelle.\" data-dt-img-description=\"\" data-large_image_width=\"1068\" data-large_image_height=\"1600\"href='https:\/\/www.radiopiu.net\/wordpress\/wp-content\/uploads\/2021\/12\/I-3-pianeti-allineati-e-una-manciata-di-stelle..jpg'><img loading=\"lazy\" decoding=\"async\" width=\"150\" height=\"150\" src=\"https:\/\/www.radiopiu.net\/wordpress\/wp-content\/uploads\/2021\/12\/I-3-pianeti-allineati-e-una-manciata-di-stelle.-150x150.jpg\" class=\"attachment-thumbnail size-thumbnail\" alt=\"\" aria-describedby=\"gallery-5-248615\" \/><\/a>\n\t\t\t\t<\/dt>\n\t\t\t\t\t<dd class='wp-caption-text gallery-caption' id='gallery-5-248615'>\n\t\t\t\t\tI 3 pianeti allineati e una manciata di stelle.\n\t\t\t\t\t<\/dd><\/dl><dl class='gallery-item'>\n\t\t\t\t<dt class='gallery-icon portrait'>\n\t\t\t\t\t<a class=\"rollover rollover-zoom dt-pswp-item\" title=\"Saturno in alto a sinistra e Venere in basso a destra. (1)\" data-dt-img-description=\"\" data-large_image_width=\"1068\" data-large_image_height=\"1600\"href='https:\/\/www.radiopiu.net\/wordpress\/wp-content\/uploads\/2021\/12\/Saturno-in-alto-a-sinistra-e-Venere-in-basso-a-destra.-1.jpg'><img loading=\"lazy\" decoding=\"async\" width=\"150\" height=\"150\" src=\"https:\/\/www.radiopiu.net\/wordpress\/wp-content\/uploads\/2021\/12\/Saturno-in-alto-a-sinistra-e-Venere-in-basso-a-destra.-1-150x150.jpg\" class=\"attachment-thumbnail size-thumbnail\" alt=\"\" aria-describedby=\"gallery-5-248613\" \/><\/a>\n\t\t\t\t<\/dt>\n\t\t\t\t\t<dd class='wp-caption-text gallery-caption' id='gallery-5-248613'>\n\t\t\t\t\tSaturno in alto a sinistra e Venere in basso a destra. (1)\n\t\t\t\t\t<\/dd><\/dl><dl class='gallery-item'>\n\t\t\t\t<dt class='gallery-icon portrait'>\n\t\t\t\t\t<a class=\"rollover rollover-zoom dt-pswp-item\" title=\"Allineamento di tre pianeti Giove, Saturno e Venere (in basso)\" data-dt-img-description=\"\" data-large_image_width=\"1068\" data-large_image_height=\"1600\"href='https:\/\/www.radiopiu.net\/wordpress\/wp-content\/uploads\/2021\/12\/Allineamento-di-tre-pianeti-Giove-Saturno-e-Venere-in-basso.jpg'><img loading=\"lazy\" decoding=\"async\" width=\"150\" height=\"150\" src=\"https:\/\/www.radiopiu.net\/wordpress\/wp-content\/uploads\/2021\/12\/Allineamento-di-tre-pianeti-Giove-Saturno-e-Venere-in-basso-150x150.jpg\" class=\"attachment-thumbnail size-thumbnail\" alt=\"\" aria-describedby=\"gallery-5-248609\" \/><\/a>\n\t\t\t\t<\/dt>\n\t\t\t\t\t<dd class='wp-caption-text gallery-caption' id='gallery-5-248609'>\n\t\t\t\t\tAllineamento di tre pianeti Giove, Saturno e Venere (in basso)\n\t\t\t\t\t<\/dd><\/dl><br style=\"clear: both\" \/>\n\t\t\t<\/div>\n\n<p>&nbsp;<\/p>\n<hr \/>\n<p>&nbsp;<\/p>\n<blockquote>\n<h3>ALLA RADIO: La Costituzione in dono ai neo diciottenni<\/h3>\n<\/blockquote>\n<p>&nbsp;<\/p>\n<p><strong><img loading=\"lazy\" decoding=\"async\" class=\"alignleft\" src=\"https:\/\/www.radiopiu.net\/wordpress\/wp-content\/uploads\/2021\/12\/th-4.jpg\" width=\"242\" height=\"133\" \/>CANALE D&#8217;AGORDO<\/strong><\/p>\n<p><strong>di GIANNI SANTOMASO\u00a0<\/strong><\/p>\n<audio class=\"wp-audio-shortcode\" id=\"audio-248413-6\" preload=\"none\" style=\"width: 100%;\" controls=\"controls\"><source type=\"audio\/mpeg\" src=\"https:\/\/www.radiopiu.net\/wordpress\/wp-content\/uploads\/2021\/12\/gianni-18.mp3?_=6\" \/><a href=\"https:\/\/www.radiopiu.net\/wordpress\/wp-content\/uploads\/2021\/12\/gianni-18.mp3\">https:\/\/www.radiopiu.net\/wordpress\/wp-content\/uploads\/2021\/12\/gianni-18.mp3<\/a><\/audio>\n<p>&nbsp;<\/p>\n<p><span style=\"color: #ff0000;\">RADIO PIU IN ESTERNO&#8230; IERI SERA\u00a0 ALLA RADIO\u00a0<\/span><\/p>\n<audio class=\"wp-audio-shortcode\" id=\"audio-248413-7\" preload=\"none\" style=\"width: 100%;\" controls=\"controls\"><source type=\"audio\/mpeg\" src=\"https:\/\/www.radiopiu.net\/wordpress\/wp-content\/uploads\/2020\/10\/NEI-DICIOTENNI-SERATA-AGORDO.mp3?_=7\" \/><a href=\"https:\/\/www.radiopiu.net\/wordpress\/wp-content\/uploads\/2020\/10\/NEI-DICIOTENNI-SERATA-AGORDO.mp3\">https:\/\/www.radiopiu.net\/wordpress\/wp-content\/uploads\/2020\/10\/NEI-DICIOTENNI-SERATA-AGORDO.mp3<\/a><\/audio>\n<p>&nbsp;<\/p>\n<hr \/>\n<p>&nbsp;<\/p>\n<p>&nbsp;<\/p>\n<blockquote class=\"wp-embedded-content\" data-secret=\"xfMWssXFhx\"><p><a href=\"https:\/\/www.radiopiu.net\/wordpress\/zeloa\/\">MONTE CELO (ZELO) ED ALPENFESTUNG  ARTICOLO COMPLETO IN TRE PARTI<\/a><\/p><\/blockquote>\n<p><iframe loading=\"lazy\" class=\"wp-embedded-content\" sandbox=\"allow-scripts\" security=\"restricted\" style=\"position: absolute; clip: rect(1px, 1px, 1px, 1px);\" title=\"&#8220;MONTE CELO (ZELO) ED ALPENFESTUNG  ARTICOLO COMPLETO IN TRE PARTI&#8221; &#8212; Radio Pi\u00f9\" src=\"https:\/\/www.radiopiu.net\/wordpress\/zeloa\/embed\/#?secret=xfMWssXFhx\" data-secret=\"xfMWssXFhx\" width=\"600\" height=\"338\" frameborder=\"0\" marginwidth=\"0\" marginheight=\"0\" scrolling=\"no\"><\/iframe><\/p>\n<p>&nbsp;<\/p>\n<p>&nbsp;<\/p>\n<p>&nbsp;<\/p>\n<hr \/>\n<p>&nbsp;<\/p>\n<h2><span style=\"color: #ff0000;\">IERI ALLA RADIO<\/span><\/h2>\n<blockquote>\n<h3>ANSELMO IL MUSHER IN SALA DON TAMIS CON LA SEZIONE AGORDINA DEL CLUB ALPINO ITALIANO<\/h3>\n<\/blockquote>\n<blockquote>\n<h1><strong><a href=\"https:\/\/www.radiopiu.net\/wordpress\/giornale-radiopiu-15-dicembre-2021-direttore-mirko-mezzacasa\/87fd1f2a-5681-2d15-ae05-24f47794bae5\/\" rel=\"attachment wp-att-248428\"><img loading=\"lazy\" decoding=\"async\" class=\"size-medium wp-image-248428 alignleft\" src=\"https:\/\/www.radiopiu.net\/wordpress\/wp-content\/uploads\/2021\/12\/87fd1f2a-5681-2d15-ae05-24f47794bae5-230x300.jpg\" alt=\"\" width=\"230\" height=\"300\" srcset=\"https:\/\/www.radiopiu.net\/wordpress\/wp-content\/uploads\/2021\/12\/87fd1f2a-5681-2d15-ae05-24f47794bae5-230x300.jpg 230w, https:\/\/www.radiopiu.net\/wordpress\/wp-content\/uploads\/2021\/12\/87fd1f2a-5681-2d15-ae05-24f47794bae5-785x1024.jpg 785w, https:\/\/www.radiopiu.net\/wordpress\/wp-content\/uploads\/2021\/12\/87fd1f2a-5681-2d15-ae05-24f47794bae5-768x1001.jpg 768w, https:\/\/www.radiopiu.net\/wordpress\/wp-content\/uploads\/2021\/12\/87fd1f2a-5681-2d15-ae05-24f47794bae5.jpg 1080w\" sizes=\"auto, (max-width: 230px) 100vw, 230px\" \/><\/a><br \/>\n<\/strong><\/h1>\n<\/blockquote>\n<div><span style=\"color: #000000;\"><strong>AGORDO<\/strong> Tutti lo conoscono come esperto mondiale di neve e valanghe ma forse non tutti sanno che <strong>Anselmo Cagnati<\/strong>, agordino di Falcade,\u00a0\u00e8 anche un Musher ovvero un conduttore delle\u00a0slitte\u00a0trainate\u00a0da una muta di cani. La Sezione Agordina \u00e8 orgogliosa di proporre una serata in cui Anselmo presenta un film\u00a0che racconta, assieme a Luca Fontana, le\u00a0avventure nel grande nord scivolando sulle bianche distese a bordo delle loro slitte. Vi aspettiamo numerosi (e rigorosamente muniti di supergreenpass e mascherina) <strong>sabato 18 dicembre<\/strong> alle <strong>ore 20.30<\/strong> presso la <strong>Sala Don F.\u00a0Tamis ad Agordo.<\/strong><\/span><\/div>\n<h2><span style=\"color: #ff0000;\"><a href=\"https:\/\/www.radiopiu.net\/wordpress\/giornale-radiopiu-11-maggio-2021-direttore-mirko-mezzacasa\/anselmo-cagnati_cani-slitta_05\/\" rel=\"attachment wp-att-208961\"><img loading=\"lazy\" decoding=\"async\" class=\"wp-image-208961 alignleft\" src=\"https:\/\/www.radiopiu.net\/wordpress\/wp-content\/uploads\/2021\/05\/Anselmo-Cagnati_cani-slitta_05-300x200.jpg\" alt=\"\" width=\"200\" height=\"133\" srcset=\"https:\/\/www.radiopiu.net\/wordpress\/wp-content\/uploads\/2021\/05\/Anselmo-Cagnati_cani-slitta_05-300x200.jpg 300w, https:\/\/www.radiopiu.net\/wordpress\/wp-content\/uploads\/2021\/05\/Anselmo-Cagnati_cani-slitta_05-1024x683.jpg 1024w, https:\/\/www.radiopiu.net\/wordpress\/wp-content\/uploads\/2021\/05\/Anselmo-Cagnati_cani-slitta_05-768x512.jpg 768w, https:\/\/www.radiopiu.net\/wordpress\/wp-content\/uploads\/2021\/05\/Anselmo-Cagnati_cani-slitta_05.jpg 1200w\" sizes=\"auto, (max-width: 200px) 100vw, 200px\" \/><\/a>IERI ALLA RADIO<\/span><\/h2>\n<p><strong>L&#8217;INTERVISTA\u00a0<\/strong><\/p>\n<p><strong>di Claudio Fontanive\u00a0<\/strong><\/p>\n<audio class=\"wp-audio-shortcode\" id=\"audio-248413-8\" preload=\"none\" style=\"width: 100%;\" controls=\"controls\"><source type=\"audio\/mpeg\" src=\"https:\/\/www.radiopiu.net\/wordpress\/wp-content\/uploads\/2021\/12\/anselmo-cagnati-15-dicembre.mp3?_=8\" \/><a href=\"https:\/\/www.radiopiu.net\/wordpress\/wp-content\/uploads\/2021\/12\/anselmo-cagnati-15-dicembre.mp3\">https:\/\/www.radiopiu.net\/wordpress\/wp-content\/uploads\/2021\/12\/anselmo-cagnati-15-dicembre.mp3<\/a><\/audio>\n<p>&nbsp;<\/p>\n<div class=\"cxgpxx05 d1544ag0 sj5x9vvc tw6a2znq l9j0dhe7 ni8dbmo4 stjgntxs e72ty7fz qlfml3jp inkptoze qmr60zad jm1wdb64 qv66sw1b ljqsnud1 odn2s2vf tkr6xdv7\" role=\"none\">\n<div class=\"rq0escxv l9j0dhe7 du4w35lb __fb-light-mode\" role=\"none\">\n<div dir=\"auto\" role=\"none\">\n<div><\/div>\n<\/div>\n<\/div>\n<\/div>\n<div dir=\"auto\" role=\"none\"><\/div>\n<div dir=\"auto\" role=\"none\"><\/div>\n<div dir=\"auto\" role=\"none\"><\/div>\n<div dir=\"auto\" role=\"none\"><\/div>\n<div dir=\"auto\" role=\"none\"><\/div>\n<div dir=\"auto\" role=\"none\">\n<hr \/>\n<\/div>\n<div dir=\"auto\" role=\"none\">\n<h2><\/h2>\n<h2><\/h2>\n<h2>DOMENICA FAMIGLIE A TEATRO CON MARCO POLO<\/h2>\n<p><img loading=\"lazy\" decoding=\"async\" class=\"alignleft\" src=\"https:\/\/www.radiopiu.net\/wordpress\/wp-content\/uploads\/2021\/11\/266754999_4963190080359979_8320567663088617267_n.jpg\" width=\"222\" height=\"148\" \/><\/p>\n<p><strong>\u00a0<\/strong><\/p>\n<p><strong>REDAZIONE<\/strong> Nuovo appuntamento\u00a0 con Comincio dai 3-Famiglie Teatro,\u00a0 domenica lo spettacolo Marco Polo e il viaggio delle meraviglie. Regia e drammaturgia Luigina Dagostino con Claudio Dughera, Daniel Lascar, Claudia Martore foto di Giorgio Sottile<\/p>\n<p><strong>\u00a0<\/strong><\/p>\n<p><strong>INTERVISTA ALL&#8217;ATTORE CLAUDIO DUGHERA\u00a0<\/strong><br \/>\ndi Mirko Mezzacasa<\/p>\n<audio class=\"wp-audio-shortcode\" id=\"audio-248413-9\" preload=\"none\" style=\"width: 100%;\" controls=\"controls\"><source type=\"audio\/mpeg\" src=\"https:\/\/www.radiopiu.net\/wordpress\/wp-content\/uploads\/2021\/12\/CLAUDIO-DURIHELLO.mp3?_=9\" \/><a href=\"https:\/\/www.radiopiu.net\/wordpress\/wp-content\/uploads\/2021\/12\/CLAUDIO-DURIHELLO.mp3\">https:\/\/www.radiopiu.net\/wordpress\/wp-content\/uploads\/2021\/12\/CLAUDIO-DURIHELLO.mp3<\/a><\/audio>\n<p>&nbsp;<\/p>\n<\/div>\n<div dir=\"auto\" role=\"none\"><\/div>\n<div dir=\"auto\" role=\"none\"><\/div>\n<div dir=\"auto\" role=\"none\"><\/div>\n<hr \/>\n<p>&nbsp;<\/p>\n<div>\n<div class=\"b654a4as d2edcug0\">\n<div class=\"rq0escxv hkbzh7o3 jwdofwj8 n8tt0mok r8blr3vg hyh9befq\">\n<p><a class=\"dt-pswp-item\" href=\"https:\/\/www.radiopiu.net\/wordpress\/wp-content\/uploads\/2020\/10\/pp.jpg\" data-dt-img-description=\"\" data-large_image_width=\"640\" data-large_image_height=\"640\"><img loading=\"lazy\" decoding=\"async\" class=\"wp-image-163678 alignleft\" src=\"https:\/\/www.radiopiu.net\/wordpress\/wp-content\/uploads\/2020\/10\/pp-300x300.jpg\" alt=\"\" width=\"106\" height=\"106\" srcset=\"https:\/\/www.radiopiu.net\/wordpress\/wp-content\/uploads\/2020\/10\/pp-300x300.jpg 300w, https:\/\/www.radiopiu.net\/wordpress\/wp-content\/uploads\/2020\/10\/pp-150x150.jpg 150w, https:\/\/www.radiopiu.net\/wordpress\/wp-content\/uploads\/2020\/10\/pp-125x125.jpg 125w, https:\/\/www.radiopiu.net\/wordpress\/wp-content\/uploads\/2020\/10\/pp-200x200.jpg 200w, https:\/\/www.radiopiu.net\/wordpress\/wp-content\/uploads\/2020\/10\/pp-80x80.jpg 80w, https:\/\/www.radiopiu.net\/wordpress\/wp-content\/uploads\/2020\/10\/pp-480x480.jpg 480w, https:\/\/www.radiopiu.net\/wordpress\/wp-content\/uploads\/2020\/10\/pp.jpg 640w\" sizes=\"auto, (max-width: 106px) 100vw, 106px\" \/><\/a><\/p>\n<\/div>\n<\/div>\n<\/div>\n<div>\n<div class=\"page-title-head hgroup\">\n<div class=\"page-title-head hgroup\">\n<div class=\"b654a4as d2edcug0\">\n<div class=\"j83agx80 btwxx1t3 lhclo0ds hop8lmos nkwizq5d scwd0bx6 roh60bw9\">\n<div class=\"rq0escxv hkbzh7o3 jwdofwj8 n8tt0mok r8blr3vg hyh9befq\">\n<div class=\"do00u71z l9j0dhe7 k4urcfbm\">\n<h2><span style=\"color: #000080;\">DON CESARE, IL PENSIERO DEL GIORNO. ALLA RADIO ALLE 7 DEL MATTINO E ALLE 19.30 DELLA SERA.\u00a0\u00a0<\/span><\/h2>\n<audio class=\"wp-audio-shortcode\" id=\"audio-248413-10\" preload=\"none\" style=\"width: 100%;\" controls=\"controls\"><source type=\"audio\/mpeg\" src=\"https:\/\/www.radiopiu.net\/wordpress\/wp-content\/uploads\/2021\/12\/cesare-8.mp3?_=10\" \/><a href=\"https:\/\/www.radiopiu.net\/wordpress\/wp-content\/uploads\/2021\/12\/cesare-8.mp3\">https:\/\/www.radiopiu.net\/wordpress\/wp-content\/uploads\/2021\/12\/cesare-8.mp3<\/a><\/audio>\n<p>&nbsp;<\/p>\n<p>&nbsp;<\/p>\n<p>&nbsp;<\/p>\n<hr \/>\n<p>&nbsp;<\/p>\n<blockquote class=\"wp-embedded-content\" data-secret=\"uGbq5WtLPi\"><p><a href=\"https:\/\/www.radiopiu.net\/wordpress\/la-valle-agordina-320-anni-dalla-boa-del-1701-parti-2-di-6\/\">LA VALLE AGORDINA &#8211; 320 anni dalla BOA del 1701 (PARTE1-2 DI 6)<\/a><\/p><\/blockquote>\n<p><iframe loading=\"lazy\" class=\"wp-embedded-content\" sandbox=\"allow-scripts\" security=\"restricted\" style=\"position: absolute; clip: rect(1px, 1px, 1px, 1px);\" title=\"&#8220;LA VALLE AGORDINA &#8211; 320 anni dalla BOA del 1701 (PARTE1-2 DI 6)&#8221; &#8212; Radio Pi\u00f9\" src=\"https:\/\/www.radiopiu.net\/wordpress\/la-valle-agordina-320-anni-dalla-boa-del-1701-parti-2-di-6\/embed\/#?secret=uGbq5WtLPi\" data-secret=\"uGbq5WtLPi\" width=\"600\" height=\"338\" frameborder=\"0\" marginwidth=\"0\" marginheight=\"0\" scrolling=\"no\"><\/iframe><\/p>\n<p>&nbsp;<\/p>\n<p>&nbsp;<\/p>\n<hr \/>\n<p>&nbsp;<\/p>\n<p>&nbsp;<\/p>\n<h3 class=\"kvgmc6g5 cxmmr5t8 oygrvhab hcukyx3x c1et5uql\"><span style=\"color: #0000ff;\"><strong><a href=\"https:\/\/www.radiopiu.net\/wordpress\/riaperts\/immagine-racconti-di-natale\/\" rel=\"attachment wp-att-247743\"><img loading=\"lazy\" decoding=\"async\" class=\"wp-image-247743 alignleft\" src=\"https:\/\/www.radiopiu.net\/wordpress\/wp-content\/uploads\/2021\/12\/immagine-racconti-di-natale-249x300.jpg\" alt=\"\" width=\"90\" height=\"108\" srcset=\"https:\/\/www.radiopiu.net\/wordpress\/wp-content\/uploads\/2021\/12\/immagine-racconti-di-natale-249x300.jpg 249w, https:\/\/www.radiopiu.net\/wordpress\/wp-content\/uploads\/2021\/12\/immagine-racconti-di-natale-768x925.jpg 768w, https:\/\/www.radiopiu.net\/wordpress\/wp-content\/uploads\/2021\/12\/immagine-racconti-di-natale.jpg 771w\" sizes=\"auto, (max-width: 90px) 100vw, 90px\" \/><\/a>INFORMAZIONE il canale su TELEGRAM informazione di prima mano e in tempo reale. iscriviti ed aiutaci a farlo conoscere\u00a0<\/strong><\/span><\/h3>\n<blockquote>\n<h3><span style=\"color: #ff0000;\">I RACCONTI DI NATALE DI LUISA ALCHINI, DA MARTEDI AL 24 DICEMBRE TUTTI I GIORNI ALLE 10.05 E ALLE 20.20&#8230; SU RADIO PIU<\/span><\/h3>\n<\/blockquote>\n<p>&nbsp;<\/p>\n<p><strong>RACCONTO 1<\/strong><\/p>\n<audio class=\"wp-audio-shortcode\" id=\"audio-248413-11\" preload=\"none\" style=\"width: 100%;\" controls=\"controls\"><source type=\"audio\/mpeg\" src=\"https:\/\/www.radiopiu.net\/wordpress\/wp-content\/uploads\/2021\/12\/14.mp3?_=11\" \/><a href=\"https:\/\/www.radiopiu.net\/wordpress\/wp-content\/uploads\/2021\/12\/14.mp3\">https:\/\/www.radiopiu.net\/wordpress\/wp-content\/uploads\/2021\/12\/14.mp3<\/a><\/audio>\n<p><strong>RACCONTO 2<\/strong><\/p>\n<audio class=\"wp-audio-shortcode\" id=\"audio-248413-12\" preload=\"none\" style=\"width: 100%;\" controls=\"controls\"><source type=\"audio\/mpeg\" src=\"https:\/\/www.radiopiu.net\/wordpress\/wp-content\/uploads\/2021\/12\/15.mp3?_=12\" \/><a href=\"https:\/\/www.radiopiu.net\/wordpress\/wp-content\/uploads\/2021\/12\/15.mp3\">https:\/\/www.radiopiu.net\/wordpress\/wp-content\/uploads\/2021\/12\/15.mp3<\/a><\/audio>\n<p>&nbsp;<\/p>\n<p>&nbsp;<\/p>\n<p>&nbsp;<\/p>\n<hr \/>\n<blockquote>\n<h3><\/h3>\n<h3>IN VIVO VERSO, SETTIMA STAGIONE CON BRUNELLA MORO, DAL LUNEDI AL VENERDI ALLE 7.10, 10.10 E 18.50<\/h3>\n<h3>GRANELLI DI SABBIA di MANUELA DAL PRA<\/h3>\n<\/blockquote>\n<p><strong>AUDIO<\/strong><\/p>\n<audio class=\"wp-audio-shortcode\" id=\"audio-248413-13\" preload=\"none\" style=\"width: 100%;\" controls=\"controls\"><source type=\"audio\/mpeg\" src=\"https:\/\/www.radiopiu.net\/wordpress\/wp-content\/uploads\/2021\/12\/03-MANUELA-DAL-PRA-GRANELLI-DI-SABBIA.mp3?_=13\" \/><a href=\"https:\/\/www.radiopiu.net\/wordpress\/wp-content\/uploads\/2021\/12\/03-MANUELA-DAL-PRA-GRANELLI-DI-SABBIA.mp3\">https:\/\/www.radiopiu.net\/wordpress\/wp-content\/uploads\/2021\/12\/03-MANUELA-DAL-PRA-GRANELLI-DI-SABBIA.mp3<\/a><\/audio>\n<p>&nbsp;<\/p>\n<p><a href=\"https:\/\/www.radiopiu.net\/wordpress\/granelli-di-sabbia-di-manuela-dal-pra\/186ed18e-d02f-40fb-ba55-327c22bd1a4d\/\" rel=\"attachment wp-att-248486\"><img loading=\"lazy\" decoding=\"async\" class=\"size-full wp-image-248486 alignleft\" src=\"https:\/\/www.radiopiu.net\/wordpress\/wp-content\/uploads\/2021\/12\/186ed18e-d02f-40fb-ba55-327c22bd1a4d.jpg\" alt=\"\" width=\"300\" height=\"300\" srcset=\"https:\/\/www.radiopiu.net\/wordpress\/wp-content\/uploads\/2021\/12\/186ed18e-d02f-40fb-ba55-327c22bd1a4d.jpg 300w, https:\/\/www.radiopiu.net\/wordpress\/wp-content\/uploads\/2021\/12\/186ed18e-d02f-40fb-ba55-327c22bd1a4d-150x150.jpg 150w\" sizes=\"auto, (max-width: 300px) 100vw, 300px\" \/><\/a><strong>GRANELLI DI SABBIA<\/strong><br \/>\nMilioni di granelli di sabbia,<br \/>\nognuno ad occupare un posto,<br \/>\nda milioni di anni.<br \/>\nIl mio piede affonda gentile<br \/>\nsulla rena bagnata<br \/>\ned essi lo accolgono,<br \/>\nlo sostengono.<br \/>\nLe anime del passato<br \/>\nnon sono svanite,<br \/>\ncome granelli di sabbia<br \/>\nindorano la pelle<br \/>\ned io le porto con me.<\/p>\n<p>&nbsp;<\/p>\n<p>&nbsp;<\/p>\n<p><strong>LA RACCOLTA COMPLETA\u00a0 \u00a0<\/strong><\/p>\n<blockquote class=\"wp-embedded-content\" data-secret=\"7fB3uvfar5\"><p><a href=\"https:\/\/www.radiopiu.net\/wordpress\/in-vivo-verso\/\">In Vivo Verso<\/a><\/p><\/blockquote>\n<p><iframe loading=\"lazy\" class=\"wp-embedded-content\" sandbox=\"allow-scripts\" security=\"restricted\" style=\"position: absolute; clip: rect(1px, 1px, 1px, 1px);\" title=\"&#8220;In Vivo Verso&#8221; &#8212; Radio Pi\u00f9\" src=\"https:\/\/www.radiopiu.net\/wordpress\/in-vivo-verso\/embed\/#?secret=7fB3uvfar5\" data-secret=\"7fB3uvfar5\" width=\"600\" height=\"338\" frameborder=\"0\" marginwidth=\"0\" marginheight=\"0\" scrolling=\"no\"><\/iframe><\/p>\n<p>&nbsp;<\/p>\n<p>&nbsp;<\/p>\n<hr \/>\n<div>\n<div class=\"page-title-head hgroup\">\n<div class=\"page-title-head hgroup\">\n<div class=\"b654a4as d2edcug0\">\n<div class=\"j83agx80 btwxx1t3 lhclo0ds hop8lmos nkwizq5d scwd0bx6 roh60bw9\">\n<div class=\"rq0escxv hkbzh7o3 jwdofwj8 n8tt0mok r8blr3vg hyh9befq\">\n<div class=\"do00u71z l9j0dhe7 k4urcfbm\">\n<div class=\"ecm0bbzt e5nlhep0 a8c37x1j\">\n<div class=\"kvgmc6g5 cxmmr5t8 oygrvhab hcukyx3x c1et5uql\">\n<div class=\"gmail-kvgmc6g5 gmail-cxmmr5t8 gmail-oygrvhab gmail-hcukyx3x gmail-c1et5uql gmail-ii04i59q\">\n<div class=\"page-title-head hgroup\">\n<div class=\"page-title-head hgroup\">\n<div class=\"b654a4as d2edcug0\">\n<div class=\"j83agx80 btwxx1t3 lhclo0ds hop8lmos nkwizq5d scwd0bx6 roh60bw9\">\n<div class=\"rq0escxv hkbzh7o3 jwdofwj8 n8tt0mok r8blr3vg hyh9befq\">\n<div class=\"do00u71z l9j0dhe7 k4urcfbm\">\n<p>&nbsp;<\/p>\n<blockquote>\n<h3>ALLO SKI COLLEGE LE GIORNATE DELLO STUDENTE: 21-22 DICEMBRE<\/h3>\n<\/blockquote>\n<p><strong><a href=\"https:\/\/www.radiopiu.net\/wordpress\/allo-ski-college-le-giornate-dello-studente-21-22-dicembre\/ski-college-presentazione-18-sett-2021-2\/\" rel=\"attachment wp-att-248345\"><img loading=\"lazy\" decoding=\"async\" class=\"size-medium wp-image-248345 alignleft\" src=\"https:\/\/www.radiopiu.net\/wordpress\/wp-content\/uploads\/2021\/12\/ski-college-presentazione-18-sett-2021-300x200.jpg\" alt=\"\" width=\"300\" height=\"200\" srcset=\"https:\/\/www.radiopiu.net\/wordpress\/wp-content\/uploads\/2021\/12\/ski-college-presentazione-18-sett-2021-300x200.jpg 300w, https:\/\/www.radiopiu.net\/wordpress\/wp-content\/uploads\/2021\/12\/ski-college-presentazione-18-sett-2021-1024x682.jpg 1024w, https:\/\/www.radiopiu.net\/wordpress\/wp-content\/uploads\/2021\/12\/ski-college-presentazione-18-sett-2021-768x512.jpg 768w, https:\/\/www.radiopiu.net\/wordpress\/wp-content\/uploads\/2021\/12\/ski-college-presentazione-18-sett-2021-1536x1024.jpg 1536w, https:\/\/www.radiopiu.net\/wordpress\/wp-content\/uploads\/2021\/12\/ski-college-presentazione-18-sett-2021.jpg 2000w\" sizes=\"auto, (max-width: 300px) 100vw, 300px\" \/><\/a>FALCADE\u00a0<\/strong> <span style=\"font-family: verdana, sans-serif;\">Anche quest\u2019anno lo Ski College Veneto di Falcade, propone in collaborazione con l\u2019istituto Follador \u2013 De Rossi, la giornata studente-atleta. Si tratta di una giornata di stage rivolta ai ragazzi frequentanti la classe III media e pensata per introdurli alla vita quotidiana dei giovani atleti del College, fra scuola e sport. L\u2019idea \u00e8 quella di far vivere ai ragazzi una mattinata nelle aule e nei laboratori della scuola e un pomeriggio in pista, con gli allenatori e gli atleti che gi\u00e0 frequentano la struttura di Falcade. \u00c8 un\u2019occasione unica di provare una giornata tipo per coloro che hanno interesse a proseguire un percorso di studio conciliandolo con un\u2019attivit\u00e0 agonistica di alto livello nello sci alpino, nello sci di fondo, nello snowboard o nel biathlon. Due sono le date da segnare sul calendario: il 21 dicembre per lo stage dello sci alpino e dello snowboard, il 22 dicembre per lo stage dello sci di fondo e del biathlon.\u00a0<\/span><\/p>\n<p>&nbsp;<\/p>\n<p>&nbsp;<\/p>\n<hr \/>\n<p>&nbsp;<\/p>\n<p>&nbsp;<\/p>\n<blockquote>\n<h2>RADIO APERTA AL &#8220;FOLLADOR-DE ROSSI&#8221;, L&#8217;OFFERTA SCOLASTICA DI AGORDO E FALCADE<\/h2>\n<\/blockquote>\n<blockquote><p><em><img loading=\"lazy\" decoding=\"async\" class=\"alignleft\" src=\"https:\/\/www.radiopiu.net\/wordpress\/wp-content\/uploads\/2020\/10\/FOLLADOR-DE-ROSSI-scaled.jpg\" width=\"205\" height=\"96\" \/>Radio Aperta, perch\u00e8 apriamo i microfoni a dirigenti, insegnanti ed alunni. Un raccontato a puntate per conoscere l&#8217;offerta scolastica agordina, dal polo di Agordo a quello di Falcade. Da lunedi a venerdi a alla radio alle 9.10 e alle 18<\/em><\/p><\/blockquote>\n<p>&nbsp;<\/p>\n<p>&nbsp;<\/p>\n<p><span style=\"color: #0000ff;\"><strong>6 PERITO CHIMICA MATERIALI BIOTECNOLOGIE<\/strong><\/span><\/p>\n<audio class=\"wp-audio-shortcode\" id=\"audio-248413-14\" preload=\"none\" style=\"width: 100%;\" controls=\"controls\"><source type=\"audio\/mpeg\" src=\"https:\/\/www.radiopiu.net\/wordpress\/wp-content\/uploads\/2021\/12\/Presentazione_indirizzo_chimica_materiali_e_biotecnologie-2021-12-11.mp3?_=14\" \/><a href=\"https:\/\/www.radiopiu.net\/wordpress\/wp-content\/uploads\/2021\/12\/Presentazione_indirizzo_chimica_materiali_e_biotecnologie-2021-12-11.mp3\">https:\/\/www.radiopiu.net\/wordpress\/wp-content\/uploads\/2021\/12\/Presentazione_indirizzo_chimica_materiali_e_biotecnologie-2021-12-11.mp3<\/a><\/audio>\n<h3><\/h3>\n<h3><span style=\"color: #0000ff;\">5 GEOTECNICO-MANUTENZIONI_ASSISTENZA TECNICA<\/span><\/h3>\n<audio class=\"wp-audio-shortcode\" id=\"audio-248413-15\" preload=\"none\" style=\"width: 100%;\" controls=\"controls\"><source type=\"audio\/mpeg\" src=\"https:\/\/www.radiopiu.net\/wordpress\/wp-content\/uploads\/2021\/12\/FOLLADOR-4.mp3?_=15\" \/><a href=\"https:\/\/www.radiopiu.net\/wordpress\/wp-content\/uploads\/2021\/12\/FOLLADOR-4.mp3\">https:\/\/www.radiopiu.net\/wordpress\/wp-content\/uploads\/2021\/12\/FOLLADOR-4.mp3<\/a><\/audio>\n<h3><span style=\"color: #0000ff;\">\u00a0<\/span><\/h3>\n<h3><span style=\"color: #0000ff;\">4 ENOGASTRONOMICO E TECNICO TURISTICO DI FALCADE<\/span><\/h3>\n<audio class=\"wp-audio-shortcode\" id=\"audio-248413-16\" preload=\"none\" style=\"width: 100%;\" controls=\"controls\"><source type=\"audio\/mpeg\" src=\"https:\/\/www.radiopiu.net\/wordpress\/wp-content\/uploads\/2021\/12\/FOLLADOR-3.mp3?_=16\" \/><a href=\"https:\/\/www.radiopiu.net\/wordpress\/wp-content\/uploads\/2021\/12\/FOLLADOR-3.mp3\">https:\/\/www.radiopiu.net\/wordpress\/wp-content\/uploads\/2021\/12\/FOLLADOR-3.mp3<\/a><\/audio>\n<h3><span style=\"color: #0000ff;\">\u00a0<\/span><span style=\"color: #0000ff;\">\u00a0<\/span><\/h3>\n<h3><span style=\"color: #0000ff;\">3 LICEO SCIENTIFICO\u00a0<\/span><\/h3>\n<audio class=\"wp-audio-shortcode\" id=\"audio-248413-17\" preload=\"none\" style=\"width: 100%;\" controls=\"controls\"><source type=\"audio\/mpeg\" src=\"https:\/\/www.radiopiu.net\/wordpress\/wp-content\/uploads\/2021\/12\/FOLLADOR-2.mp3?_=17\" \/><a href=\"https:\/\/www.radiopiu.net\/wordpress\/wp-content\/uploads\/2021\/12\/FOLLADOR-2.mp3\">https:\/\/www.radiopiu.net\/wordpress\/wp-content\/uploads\/2021\/12\/FOLLADOR-2.mp3<\/a><\/audio>\n<h3><span style=\"color: #0000ff;\">\u00a0<\/span><\/h3>\n<h3><span style=\"color: #0000ff;\">2 IL DIRIGENTE CLAUDIO MAGALIN\u00a0 &#8211; LICEO SPORTIVO<\/span><\/h3>\n<audio class=\"wp-audio-shortcode\" id=\"audio-248413-18\" preload=\"none\" style=\"width: 100%;\" controls=\"controls\"><source type=\"audio\/mpeg\" src=\"https:\/\/www.radiopiu.net\/wordpress\/wp-content\/uploads\/2021\/12\/GDB900.mp3?_=18\" \/><a href=\"https:\/\/www.radiopiu.net\/wordpress\/wp-content\/uploads\/2021\/12\/GDB900.mp3\">https:\/\/www.radiopiu.net\/wordpress\/wp-content\/uploads\/2021\/12\/GDB900.mp3<\/a><\/audio>\n<p>&nbsp;<\/p>\n<h3><span style=\"color: #0000ff;\"><strong>1 LO SPOT ALLA RADIO<\/strong><\/span><\/h3>\n<audio class=\"wp-audio-shortcode\" id=\"audio-248413-19\" preload=\"none\" style=\"width: 100%;\" controls=\"controls\"><source type=\"audio\/mpeg\" src=\"https:\/\/www.radiopiu.net\/wordpress\/wp-content\/uploads\/2021\/12\/FOLLADOR-NOVEMBRE-2021.mp3?_=19\" \/><a href=\"https:\/\/www.radiopiu.net\/wordpress\/wp-content\/uploads\/2021\/12\/FOLLADOR-NOVEMBRE-2021.mp3\">https:\/\/www.radiopiu.net\/wordpress\/wp-content\/uploads\/2021\/12\/FOLLADOR-NOVEMBRE-2021.mp3<\/a><\/audio>\n<p>&nbsp;<\/p>\n<p>&nbsp;<\/p>\n<hr \/>\n<p>&nbsp;<\/p>\n<p><span style=\"color: #0000ff;\">MUSICA PIU&#8217;\u00a0<\/span><\/p>\n<p><a href=\"https:\/\/www.radiopiu.net\/wordpress\/giornale-radiopiu-20-settembre-2021-direttore-mirko-mezzacasa\/pp-79\/\" rel=\"attachment wp-att-232921\"><img loading=\"lazy\" decoding=\"async\" class=\"wp-image-232921 alignleft\" src=\"https:\/\/www.radiopiu.net\/wordpress\/wp-content\/uploads\/2021\/09\/pp-1-300x300.jpg\" alt=\"\" width=\"135\" height=\"135\" srcset=\"https:\/\/www.radiopiu.net\/wordpress\/wp-content\/uploads\/2021\/09\/pp-1-300x300.jpg 300w, https:\/\/www.radiopiu.net\/wordpress\/wp-content\/uploads\/2021\/09\/pp-1-150x150.jpg 150w, https:\/\/www.radiopiu.net\/wordpress\/wp-content\/uploads\/2021\/09\/pp-1.jpg 640w\" sizes=\"auto, (max-width: 135px) 100vw, 135px\" \/><\/a><\/p>\n<div class=\"mkdf-post-text\">\n<div class=\"mkdf-post-text-inner\">\n<div class=\"mkdf-post-text-main\">\n<div class=\"mkdf-post-text\">\n<div class=\"mkdf-post-text-inner\">\n<div class=\"mkdf-post-text-main\">\n<div class=\"mkdf-post-text\">\n<div class=\"mkdf-post-text-inner\">\n<div class=\"mkdf-post-text-main\">\n<div class=\"page-title-head hgroup\">\n<div class=\"page-title-head hgroup\">\n<div class=\"mkdf-post-text\">\n<div class=\"mkdf-post-text-inner\">\n<div class=\"mkdf-post-text-main\">\n<div class=\"mkdf-post-text\">\n<div class=\"mkdf-post-text-inner\">\n<div class=\"mkdf-post-text-main\">\n<div class=\"page-title-head hgroup\">\n<div class=\"page-title-head hgroup\">\n<div class=\"page-title-head hgroup\">\n<div class=\"page-title-head hgroup\">\n<div class=\"b654a4as d2edcug0\">\n<div class=\"page-title-head hgroup\">\n<div class=\"page-title-head hgroup\">\n<div class=\"page-title-head hgroup\">\n<div class=\"page-title-head hgroup\">\n<div class=\"b654a4as d2edcug0\">\n<div class=\"page-title-head hgroup\">\n<div class=\"page-title-head hgroup\">\n<div class=\"page-title-head hgroup\">\n<div class=\"page-title-head hgroup\">\n<div class=\"b654a4as d2edcug0\">\n<div class=\"mkdf-post-text\">\n<div class=\"mkdf-post-text-inner\">\n<div class=\"mkdf-post-text-main\">\n<div class=\"mkdf-post-text\">\n<div class=\"mkdf-post-text-inner\">\n<div class=\"mkdf-post-text-main\">\n<div class=\"mkdf-post-text\">\n<div class=\"mkdf-post-text-inner\">\n<div class=\"mkdf-post-text-main\">\n<div class=\"page-title-head hgroup\">\n<div class=\"page-title-head hgroup\">\n<div class=\"mkdf-post-text\">\n<div class=\"mkdf-post-text-inner\">\n<div class=\"mkdf-post-text-main\">\n<div class=\"mkdf-post-text\">\n<div class=\"mkdf-post-text-inner\">\n<div class=\"mkdf-post-text-main\">\n<div class=\"page-title-head hgroup\">\n<div class=\"page-title-head hgroup\">\n<div class=\"page-title-head hgroup\">\n<div class=\"page-title-head hgroup\">\n<div class=\"b654a4as d2edcug0\">\n<div class=\"page-title-head hgroup\">\n<div class=\"page-title-head hgroup\">\n<div class=\"page-title-head hgroup\">\n<div class=\"page-title-head hgroup\">\n<div class=\"b654a4as d2edcug0\">\n<div class=\"page-title-head hgroup\">\n<div class=\"page-title-head hgroup\">\n<div class=\"page-title-head hgroup\">\n<div class=\"page-title-head hgroup\">\n<div class=\"b654a4as d2edcug0\">\n<div><\/div>\n<div><\/div>\n<div>\n<p><strong>MUSICA ALLA RADIO, IL PROGRAMMA DI LORIS SCUSSEL &#8220;COLLAGE OPERAZIONE NOSTALGIA&#8221; DAL LUNEDI AL VENERDI ALLE 16.00\u00a0 E ALLE 23\u00a0<\/strong><\/p>\n<\/div>\n<p>&nbsp;<\/p>\n<p>&nbsp;<\/p>\n<p><strong>PUNTATA NUMERO 498<\/strong><\/p>\n<audio class=\"wp-audio-shortcode\" id=\"audio-248413-20\" preload=\"none\" style=\"width: 100%;\" controls=\"controls\"><source type=\"audio\/mpeg\" src=\"https:\/\/www.radiopiu.net\/wordpress\/wp-content\/uploads\/2021\/12\/Collage-498.mp3?_=20\" \/><a href=\"https:\/\/www.radiopiu.net\/wordpress\/wp-content\/uploads\/2021\/12\/Collage-498.mp3\">https:\/\/www.radiopiu.net\/wordpress\/wp-content\/uploads\/2021\/12\/Collage-498.mp3<\/a><\/audio>\n<p>&nbsp;<\/p>\n<h3>COLLAGE DI LORIS SCUSSEL, VERSO LA PUNTATA NUMERO 500<\/h3>\n<blockquote><p><strong><em><a href=\"https:\/\/www.radiopiu.net\/wordpress\/collage-di-loris-scussel-verso-la-puntata-numero-500\/franco-e-loris\/\" rel=\"attachment wp-att-246394\"><img loading=\"lazy\" decoding=\"async\" class=\"wp-image-246394 alignleft\" src=\"https:\/\/www.radiopiu.net\/wordpress\/wp-content\/uploads\/2021\/12\/Franco-e-Loris-1024x731.jpg\" alt=\"\" width=\"330\" height=\"236\" srcset=\"https:\/\/www.radiopiu.net\/wordpress\/wp-content\/uploads\/2021\/12\/Franco-e-Loris-1024x731.jpg 1024w, https:\/\/www.radiopiu.net\/wordpress\/wp-content\/uploads\/2021\/12\/Franco-e-Loris-300x214.jpg 300w, https:\/\/www.radiopiu.net\/wordpress\/wp-content\/uploads\/2021\/12\/Franco-e-Loris-768x548.jpg 768w, https:\/\/www.radiopiu.net\/wordpress\/wp-content\/uploads\/2021\/12\/Franco-e-Loris.jpg 1447w\" sizes=\"auto, (max-width: 330px) 100vw, 330px\" \/><\/a>Collage, il programma di Radio Piu&#8217; in onda tutti i giorni dal lunedi al venerdi alle 16 e alle 23.30. Nel GIORNALE RADIO PIU tutti i giorni una nuova puntata. Di e con Loris Scussel.<\/em><\/strong><\/p><\/blockquote>\n<p><strong>REDAZIONE<\/strong> Questa settimana \u201cCollage operazione nostalgia\u201d raggiunger\u00e0 quota 500 puntate. Nella foto la trasmissione di gioved\u00ec dedicata all&#8217;amico Franco ad un anno dalla scomparsa, <em>&#8220;con lui oltre ad un\u2019amicizia che dura dal 1976 ho condiviso la prima esperienza presso una radio libera, come si chiamavano allora, Radio Vicenza dove per un anno e mezzo abbiamo condotto un programma che andava in onda il luned\u00ec sera dalle nove a mezzanotte, il ricordo tra qualche pensiero nostalgico e la musica come sempre protagonista&#8221;.<\/em><\/p>\n<p>Loris Scussel<\/p>\n<p>&nbsp;<\/p>\n<\/div>\n<\/div>\n<\/div>\n<\/div>\n<\/div>\n<\/div>\n<\/div>\n<\/div>\n<\/div>\n<\/div>\n<\/div>\n<\/div>\n<\/div>\n<\/div>\n<\/div>\n<\/div>\n<\/div>\n<\/div>\n<\/div>\n<\/div>\n<\/div>\n<\/div>\n<\/div>\n<\/div>\n<\/div>\n<\/div>\n<\/div>\n<\/div>\n<\/div>\n<\/div>\n<\/div>\n<\/div>\n<\/div>\n<\/div>\n<\/div>\n<\/div>\n<\/div>\n<\/div>\n<\/div>\n<\/div>\n<\/div>\n<\/div>\n<\/div>\n<\/div>\n<\/div>\n<\/div>\n<\/div>\n<\/div>\n<\/div>\n<\/div>\n<\/div>\n<\/div>\n<\/div>\n<\/div>\n<\/div>\n<\/div>\n<\/div>\n<\/div>\n<\/div>\n<\/div>\n<\/div>\n<\/div>\n<\/div>\n<\/div>\n<p>&nbsp;<\/p>\n<hr \/>\n<p>&nbsp;<\/p>\n<p>&nbsp;<\/p>\n<blockquote class=\"wp-embedded-content\" data-secret=\"ikEtZFW0zx\"><p><a href=\"https:\/\/www.radiopiu.net\/wordpress\/freemix-la-liberta-musicale-mixata-da-dj-athos-e-raccontata-da-dj-jack\/\">FREEMIX, LA LIBERTA&#8217; MUSICALE MIXATA DA DJ ATHOS E RACCONTATA DA DJ JACK<\/a><\/p><\/blockquote>\n<p><iframe loading=\"lazy\" class=\"wp-embedded-content\" sandbox=\"allow-scripts\" security=\"restricted\" style=\"position: absolute; clip: rect(1px, 1px, 1px, 1px);\" title=\"&#8220;FREEMIX, LA LIBERTA&#8217; MUSICALE MIXATA DA DJ ATHOS E RACCONTATA DA DJ JACK&#8221; &#8212; Radio Pi\u00f9\" src=\"https:\/\/www.radiopiu.net\/wordpress\/freemix-la-liberta-musicale-mixata-da-dj-athos-e-raccontata-da-dj-jack\/embed\/#?secret=ikEtZFW0zx\" data-secret=\"ikEtZFW0zx\" width=\"600\" height=\"338\" frameborder=\"0\" marginwidth=\"0\" marginheight=\"0\" scrolling=\"no\"><\/iframe><\/p>\n<p>&nbsp;<\/p>\n<blockquote class=\"wp-embedded-content\" data-secret=\"dVOf75soT3\"><p><a href=\"https:\/\/www.radiopiu.net\/wordpress\/da-ieri-alla-radio-in-palinsesto-loris-e-maurizio-con-la-grande-musica\/\">IL BLUES ALLA RADIO &#8230; COME NON L&#8217;AVETE MAI SENTITO PRIMA<\/a><\/p><\/blockquote>\n<p><iframe loading=\"lazy\" class=\"wp-embedded-content\" sandbox=\"allow-scripts\" security=\"restricted\" style=\"position: absolute; clip: rect(1px, 1px, 1px, 1px);\" title=\"&#8220;IL BLUES ALLA RADIO &#8230; COME NON L&#8217;AVETE MAI SENTITO PRIMA&#8221; &#8212; Radio Pi\u00f9\" src=\"https:\/\/www.radiopiu.net\/wordpress\/da-ieri-alla-radio-in-palinsesto-loris-e-maurizio-con-la-grande-musica\/embed\/#?secret=dVOf75soT3\" data-secret=\"dVOf75soT3\" width=\"600\" height=\"338\" frameborder=\"0\" marginwidth=\"0\" marginheight=\"0\" scrolling=\"no\"><\/iframe><\/p>\n<p>&nbsp;<\/p>\n<p>&nbsp;<\/p>\n<hr \/>\n<p>&nbsp;<\/p>\n<blockquote>\n<h3><span style=\"color: #0000ff;\">INFORMAZIONE il canale su TELEGRAM informazione di prima mano e in tempo reale. iscriviti ed aiutaci a farlo conoscere\u00a0\u00a0<\/span><\/h3>\n<\/blockquote>\n<div>\n<div class=\"page-title-head hgroup\">\n<div class=\"page-title-head hgroup\">\n<div class=\"page-title-head hgroup\">\n<div class=\"page-title-head hgroup\">\n<div class=\"b654a4as d2edcug0\">\n<div class=\"page-title-head hgroup\">\n<div class=\"page-title-head hgroup\">\n<div class=\"page-title-head hgroup\">\n<div class=\"page-title-head hgroup\">\n<div class=\"b654a4as d2edcug0\">\n<div class=\"page-title-head hgroup\">\n<div class=\"page-title-head hgroup\">\n<div class=\"page-title-head hgroup\">\n<div class=\"page-title-head hgroup\">\n<div class=\"page-title-head hgroup\">\n<div class=\"page-title-head hgroup\">\n<div class=\"page-title-head hgroup\">\n<div class=\"page-title-head hgroup\">\n<div class=\"page-title-head hgroup\">\n<div class=\"b654a4as d2edcug0\">\n<div class=\"page-title-head hgroup\">\n<div class=\"page-title-head hgroup\">\n<div class=\"page-title-head hgroup\">\n<div class=\"page-title-head hgroup\">\n<div class=\"b654a4as d2edcug0\">\n<div>\n<p>&nbsp;<\/p>\n<\/div>\n<div>\n<div class=\"page-title-head hgroup\">\n<div class=\"page-title-head hgroup\">\n<div class=\"page-title-head hgroup\">\n<div class=\"page-title-head hgroup\">\n<div class=\"page-title-head hgroup\">\n<div class=\"b654a4as d2edcug0\">\n<div>\n<hr \/>\n<\/div>\n<\/div>\n<div>\n<div>\n<p>&nbsp;<\/p>\n<\/div>\n<div>\n<div>\n<p>&nbsp;<\/p>\n<\/div>\n<div>\n<div>\n<p><strong>DUE MINUTI UN LIBRO, TUTTI I GIORNI ALLA RADIO ALLE 9.40 E ALLE 17.50<\/strong><\/p>\n<div>\n<div>\n<p><strong>LA RACCOLTA COMPLETA\u00a0\u00a0<\/strong><\/p>\n<\/div>\n<div>\n<blockquote class=\"wp-embedded-content\" data-secret=\"SDKDhd9vJo\"><p><a href=\"https:\/\/www.radiopiu.net\/wordpress\/due-minuti-un-libro\/\">Due minuti un libro<\/a><\/p><\/blockquote>\n<p><iframe loading=\"lazy\" class=\"wp-embedded-content\" sandbox=\"allow-scripts\" security=\"restricted\" style=\"position: absolute; clip: rect(1px, 1px, 1px, 1px);\" title=\"&#8220;Due minuti un libro&#8221; &#8212; Radio Pi\u00f9\" src=\"https:\/\/www.radiopiu.net\/wordpress\/due-minuti-un-libro\/embed\/#?secret=SDKDhd9vJo\" data-secret=\"SDKDhd9vJo\" width=\"600\" height=\"338\" frameborder=\"0\" marginwidth=\"0\" marginheight=\"0\" scrolling=\"no\"><\/iframe><\/p>\n<\/div>\n<\/div>\n<\/div>\n<div class=\"mkdf-post-text\">\n<div class=\"mkdf-post-text-inner\">\n<div class=\"mkdf-post-text-main\">\n<div class=\"mkdf-post-text\">\n<div class=\"mkdf-post-text-inner\">\n<div class=\"mkdf-post-text-main\">\n<div class=\"mkdf-post-text\">\n<div class=\"mkdf-post-text-inner\">\n<div class=\"mkdf-post-text-main\">\n<div class=\"page-title-head hgroup\">\n<div class=\"page-title-head hgroup\">\n<div class=\"mkdf-post-text\">\n<div class=\"mkdf-post-text-inner\">\n<div class=\"mkdf-post-text-main\">\n<div class=\"mkdf-post-text\">\n<div class=\"mkdf-post-text-inner\">\n<div class=\"mkdf-post-text-main\">\n<div class=\"page-title-head hgroup\">\n<div class=\"page-title-head hgroup\">\n<div class=\"page-title-head hgroup\">\n<div class=\"page-title-head hgroup\">\n<div class=\"b654a4as d2edcug0\">\n<div class=\"page-title-head hgroup\">\n<div class=\"page-title-head hgroup\">\n<div class=\"page-title-head hgroup\">\n<div class=\"page-title-head hgroup\">\n<div class=\"b654a4as d2edcug0\">\n<div class=\"page-title-head hgroup\">\n<div class=\"page-title-head hgroup\">\n<div class=\"page-title-head hgroup\">\n<div class=\"page-title-head hgroup\">\n<div class=\"b654a4as d2edcug0\">\n<div>\n<p>&nbsp;<\/p>\n<\/div>\n<div>\n<hr \/>\n<p>&nbsp;<\/p>\n<\/div>\n<h2><span style=\"color: #808000;\">L&#8217;ALMANACCO LADINO\u00a0\u00a0<\/span><\/h2>\n<p><strong>LA RACCOLTA<\/strong><\/p>\n<blockquote class=\"wp-embedded-content\" data-secret=\"6XNf3V6UwR\"><p><a href=\"https:\/\/www.radiopiu.net\/wordpress\/almanacco-ladino\/\">Almanacco Ladino<\/a><\/p><\/blockquote>\n<p><iframe loading=\"lazy\" class=\"wp-embedded-content\" sandbox=\"allow-scripts\" security=\"restricted\" style=\"position: absolute; clip: rect(1px, 1px, 1px, 1px);\" title=\"&#8220;Almanacco Ladino&#8221; &#8212; Radio Pi\u00f9\" src=\"https:\/\/www.radiopiu.net\/wordpress\/almanacco-ladino\/embed\/#?secret=6XNf3V6UwR\" data-secret=\"6XNf3V6UwR\" width=\"600\" height=\"338\" frameborder=\"0\" marginwidth=\"0\" marginheight=\"0\" scrolling=\"no\"><\/iframe><\/p>\n<p>&nbsp;<\/p>\n<hr \/>\n<p>&nbsp;<\/p>\n<h2><span style=\"color: #33cccc;\">LA RASSEGNA STAMPA DA L&#8217;AMICO DEL POPOLO<\/span><\/h2>\n<p><strong><a href=\"https:\/\/www.radiopiu.net\/wordpress\/fine-anno-eccezionale\/primo-piano-gli-studenti-che-scrivono-e-leggono-gli-fogli-di-risposta-degli-esami-di-esercitazione-in-aula-della-scuola-con-lo-stress_73622-858\/\" rel=\"attachment wp-att-143128\"><img loading=\"lazy\" decoding=\"async\" class=\"size-medium wp-image-143128 alignleft\" src=\"https:\/\/www.radiopiu.net\/wordpress\/wp-content\/uploads\/2020\/06\/primo-piano-gli-studenti-che-scrivono-e-leggono-gli-fogli-di-risposta-degli-esami-di-esercitazione-in-aula-della-scuola-con-lo-stress_73622-858-300x200.jpg\" alt=\"\" width=\"300\" height=\"200\" srcset=\"https:\/\/www.radiopiu.net\/wordpress\/wp-content\/uploads\/2020\/06\/primo-piano-gli-studenti-che-scrivono-e-leggono-gli-fogli-di-risposta-degli-esami-di-esercitazione-in-aula-della-scuola-con-lo-stress_73622-858-300x200.jpg 300w, https:\/\/www.radiopiu.net\/wordpress\/wp-content\/uploads\/2020\/06\/primo-piano-gli-studenti-che-scrivono-e-leggono-gli-fogli-di-risposta-degli-esami-di-esercitazione-in-aula-della-scuola-con-lo-stress_73622-858.jpg 626w\" sizes=\"auto, (max-width: 300px) 100vw, 300px\" \/><\/a><span style=\"color: #ff0000;\">PUNTATA DEL 11 DICEMBRE<\/span><\/strong><\/p>\n<p><strong>di Gianni Santomaso<\/strong><\/p>\n<p>OSPITE: Franco Chemello, insegnante del Liceo Galileo Tiziano<\/p>\n<audio class=\"wp-audio-shortcode\" id=\"audio-248413-21\" preload=\"none\" style=\"width: 100%;\" controls=\"controls\"><source type=\"audio\/mpeg\" src=\"https:\/\/www.radiopiu.net\/wordpress\/wp-content\/uploads\/2021\/12\/RASSEGNA-GIANNI-1.mp3?_=21\" \/><a href=\"https:\/\/www.radiopiu.net\/wordpress\/wp-content\/uploads\/2021\/12\/RASSEGNA-GIANNI-1.mp3\">https:\/\/www.radiopiu.net\/wordpress\/wp-content\/uploads\/2021\/12\/RASSEGNA-GIANNI-1.mp3<\/a><\/audio>\n<p>&nbsp;<\/p>\n<p><strong>LA RACCOLTA COMPLETA<\/strong><\/p>\n<blockquote class=\"wp-embedded-content\" data-secret=\"xxiMdXbiLU\"><p><a href=\"https:\/\/www.radiopiu.net\/wordpress\/rassegna-stampa-di-gianni-santomaso\/\">Rassegna stampa da l&#8217;amico del popolo &#8211; di Gianni Santomaso<\/a><\/p><\/blockquote>\n<p><iframe loading=\"lazy\" class=\"wp-embedded-content\" sandbox=\"allow-scripts\" security=\"restricted\" style=\"position: absolute; clip: rect(1px, 1px, 1px, 1px);\" title=\"&#8220;Rassegna stampa da l&#8217;amico del popolo &#8211; di Gianni Santomaso&#8221; &#8212; Radio Pi\u00f9\" src=\"https:\/\/www.radiopiu.net\/wordpress\/rassegna-stampa-di-gianni-santomaso\/embed\/#?secret=xxiMdXbiLU\" data-secret=\"xxiMdXbiLU\" width=\"600\" height=\"338\" frameborder=\"0\" marginwidth=\"0\" marginheight=\"0\" scrolling=\"no\"><\/iframe><\/p>\n<p>&nbsp;<\/p>\n<hr \/>\n<p>&nbsp;<\/p>\n<h2><span style=\"color: #800080;\">I RACCONTI DI PAOLO SOPPELSA<\/span><\/h2>\n<p><strong>LA RACCOLTA COMPLETA<\/strong><\/p>\n<blockquote class=\"wp-embedded-content\" data-secret=\"DLmEhex1YC\"><p><a href=\"https:\/\/www.radiopiu.net\/wordpress\/i-racconti-di-paolo-soppelsa\/\">I racconti di Paolo Soppelsa<\/a><\/p><\/blockquote>\n<p><iframe loading=\"lazy\" class=\"wp-embedded-content\" sandbox=\"allow-scripts\" security=\"restricted\" style=\"position: absolute; clip: rect(1px, 1px, 1px, 1px);\" title=\"&#8220;I racconti di Paolo Soppelsa&#8221; &#8212; Radio Pi\u00f9\" src=\"https:\/\/www.radiopiu.net\/wordpress\/i-racconti-di-paolo-soppelsa\/embed\/#?secret=DLmEhex1YC\" data-secret=\"DLmEhex1YC\" width=\"600\" height=\"338\" frameborder=\"0\" marginwidth=\"0\" marginheight=\"0\" scrolling=\"no\"><\/iframe><\/p>\n<p>&nbsp;<\/p>\n<hr \/>\n<\/div>\n<div class=\"b654a4as d2edcug0\">\n<p>&nbsp;<\/p>\n<p><a href=\"https:\/\/www.radiopiu.net\/wordpress\/giornale-radiopiu-26-settembre-2018-direttore-mirko-mezzacasa\/viabilita-2\/\" rel=\"attachment wp-att-61954\"><img loading=\"lazy\" decoding=\"async\" class=\"aligncenter wp-image-61954 size-full\" src=\"https:\/\/www.radiopiu.net\/wordpress\/wp-content\/uploads\/2018\/09\/viabilita.jpeg\" sizes=\"auto, (max-width: 800px) 100vw, 800px\" srcset=\"https:\/\/www.radiopiu.net\/wordpress\/wp-content\/uploads\/2018\/09\/viabilita.jpeg 800w, https:\/\/www.radiopiu.net\/wordpress\/wp-content\/uploads\/2018\/09\/viabilita-300x38.jpeg 300w, https:\/\/www.radiopiu.net\/wordpress\/wp-content\/uploads\/2018\/09\/viabilita-768x96.jpeg 768w\" alt=\"\" width=\"800\" height=\"100\" \/><\/a><\/p>\n<div class=\"ecm0bbzt e5nlhep0 a8c37x1j\">\n<div class=\"kvgmc6g5 cxmmr5t8 oygrvhab hcukyx3x c1et5uql\">\n<div class=\"gmail-kvgmc6g5 gmail-cxmmr5t8 gmail-oygrvhab gmail-hcukyx3x gmail-c1et5uql gmail-ii04i59q\">\n<div class=\"page-title-head hgroup\">\n<div class=\"page-title-head hgroup\">\n<div class=\"b654a4as d2edcug0\">\n<div class=\"j83agx80 btwxx1t3 lhclo0ds hop8lmos nkwizq5d scwd0bx6 roh60bw9\">\n<div class=\"rq0escxv hkbzh7o3 jwdofwj8 n8tt0mok r8blr3vg hyh9befq\">\n<div class=\"do00u71z l9j0dhe7 k4urcfbm\">\n<div class=\"page-title-head hgroup\">\n<div class=\"page-title-head hgroup\">\n<div class=\"page-title-head hgroup\">\n<div class=\"page-title-head hgroup\">\n<div class=\"b654a4as d2edcug0\">\n<div class=\"page-title-head hgroup\">\n<div class=\"page-title-head hgroup\">\n<div class=\"page-title-head hgroup\">\n<div class=\"page-title-head hgroup\">\n<div class=\"b654a4as d2edcug0\">\n<div class=\"page-title-head hgroup\">\n<div class=\"page-title-head hgroup\">\n<div class=\"page-title-head hgroup\">\n<div class=\"page-title-head hgroup\">\n<div class=\"page-title-head hgroup\">\n<div class=\"page-title-head hgroup\">\n<div class=\"page-title-head hgroup\">\n<div class=\"page-title-head hgroup\">\n<div class=\"page-title-head hgroup\">\n<div class=\"b654a4as d2edcug0\">\n<div class=\"page-title-head hgroup\">\n<div class=\"page-title-head hgroup\">\n<div class=\"page-title-head hgroup\">\n<div class=\"page-title-head hgroup\">\n<div class=\"b654a4as d2edcug0\">\n<div class=\"page-title-head hgroup\">\n<div class=\"page-title-head hgroup\">\n<div class=\"page-title-head hgroup\">\n<div class=\"page-title-head hgroup\">\n<div class=\"page-title-head hgroup\">\n<div class=\"mkdf-post-text\">\n<div class=\"mkdf-post-text-inner\">\n<div class=\"mkdf-post-text-main\">\n<div class=\"mkdf-post-text\">\n<div class=\"mkdf-post-text-inner\">\n<div class=\"mkdf-post-text-main\">\n<div class=\"mkdf-post-text\">\n<div class=\"mkdf-post-text-inner\">\n<div class=\"mkdf-post-text-main\">\n<div class=\"page-title-head hgroup\">\n<div class=\"page-title-head hgroup\">\n<div class=\"mkdf-post-text\">\n<div class=\"mkdf-post-text-inner\">\n<div class=\"mkdf-post-text-main\">\n<div class=\"mkdf-post-text\">\n<div class=\"mkdf-post-text-inner\">\n<div class=\"mkdf-post-text-main\">\n<div class=\"page-title-head hgroup\">\n<div class=\"page-title-head hgroup\">\n<div class=\"page-title-head hgroup\">\n<div class=\"page-title-head hgroup\">\n<div class=\"b654a4as d2edcug0\">\n<div class=\"page-title-head hgroup\">\n<div class=\"page-title-head hgroup\">\n<div class=\"page-title-head hgroup\">\n<div class=\"page-title-head hgroup\">\n<div class=\"b654a4as d2edcug0\">\n<div class=\"page-title-head hgroup\">\n<div class=\"page-title-head hgroup\">\n<div class=\"page-title-head hgroup\">\n<div class=\"page-title-head hgroup\">\n<div class=\"b654a4as d2edcug0\">\n<div class=\"chat-input\">\n<div class=\"chat-input-container\">\n<div class=\"rows-wrapper chat-input-wrapper\">\n<div class=\"reply-wrapper\">\n<div class=\"btn-menu\">\n<div class=\"btn-menu-item tgico-replace rp\">\n<div class=\"c-ripple\">\n<div class=\"bubbles scrolled-down\">\n<div class=\"scrollable scrollable-y\">\n<div class=\"bubbles-inner has-rights is-chat is-channel\">\n<div class=\"bubbles-date-group\">\n<div class=\"bubble hide-name is-out can-have-tail is-group-first is-group-last is-read\" data-mid=\"5377294335\" data-peer-id=\"-1478820725\" data-timestamp=\"1638437407\">\n<div class=\"bubble-content-wrapper\">\n<div class=\"bubble-content\">\n<div class=\"message\" dir=\"auto\"><strong>\u00a0<\/strong><\/div>\n<div class=\"message\" dir=\"auto\"><strong>48 DELLE DOLOMITI<\/strong> localit\u00e0 Salesei di Sopra (Livinallongo)\u00a0 fino al 23 dicembre dalle 8 alle 17 &#8211; esclusi festivi e prefestivi &#8211; possibili interruzioni fino a 15 minuti, negli altri orari senso unico alternato con semaforo o movieri<\/div>\n<\/div>\n<\/div>\n<\/div>\n<\/div>\n<\/div>\n<\/div>\n<\/div>\n<\/div>\n<\/div>\n<\/div>\n<\/div>\n<\/div>\n<\/div>\n<\/div>\n<p><strong>SR 48 D<\/strong><strong>ELLE DOLOMITI<\/strong> fino al 17 dicembre senso unico alternato regolato da semaforo &#8211; esclusi festivi e prefestivi &#8211; in localit\u00e0 Bosco Ruaz.<\/p>\n<\/div>\n<\/div>\n<\/div>\n<\/div>\n<\/div>\n<\/div>\n<\/div>\n<\/div>\n<\/div>\n<\/div>\n<\/div>\n<\/div>\n<\/div>\n<\/div>\n<\/div>\n<\/div>\n<\/div>\n<\/div>\n<\/div>\n<\/div>\n<\/div>\n<\/div>\n<\/div>\n<\/div>\n<\/div>\n<\/div>\n<\/div>\n<\/div>\n<\/div>\n<\/div>\n<\/div>\n<\/div>\n<\/div>\n<\/div>\n<\/div>\n<\/div>\n<\/div>\n<\/div>\n<\/div>\n<\/div>\n<\/div>\n<\/div>\n<\/div>\n<\/div>\n<\/div>\n<\/div>\n<\/div>\n<\/div>\n<\/div>\n<\/div>\n<\/div>\n<\/div>\n<\/div>\n<\/div>\n<\/div>\n<\/div>\n<\/div>\n<\/div>\n<\/div>\n<\/div>\n<\/div>\n<\/div>\n<\/div>\n<\/div>\n<\/div>\n<\/div>\n<\/div>\n<\/div>\n<\/div>\n<\/div>\n<\/div>\n<\/div>\n<\/div>\n<\/div>\n<\/div>\n<\/div>\n<\/div>\n<\/div>\n<\/div>\n<\/div>\n<\/div>\n<\/div>\n<\/div>\n<\/div>\n<\/div>\n<\/div>\n<\/div>\n<\/div>\n<\/div>\n<\/div>\n<\/div>\n<\/div>\n<\/div>\n<\/div>\n<\/div>\n<\/div>\n<\/div>\n<\/div>\n<\/div>\n<\/div>\n<\/div>\n<\/div>\n<\/div>\n<\/div>\n<\/div>\n<\/div>\n<\/div>\n<\/div>\n<\/div>\n<\/div>\n<\/div>\n<\/div>\n<\/div>\n<\/div>\n<\/div>\n<\/div>\n<\/div>\n<\/div>\n<\/div>\n<\/div>\n<\/div>\n<\/div>\n<\/div>\n<\/div>\n<\/div>\n<\/div>\n<\/div>\n<\/div>\n<\/div>\n<\/div>\n<\/div>\n<\/div>\n<\/div>\n<\/div>\n<\/div>\n<\/div>\n<\/div>\n<\/div>\n<\/div>\n<\/div>\n<\/div>\n<\/div>\n<\/div>\n<\/div>\n<\/div>\n<\/div>\n<\/div>\n<\/div>\n<\/div>\n<\/div>\n<\/div>\n<\/div>\n<\/div>\n<\/div>\n<div>\n<div class=\"page-title-head hgroup\">\n<div class=\"page-title-head hgroup\">\n<div class=\"b654a4as d2edcug0\">\n<div class=\"j83agx80 btwxx1t3 lhclo0ds hop8lmos nkwizq5d scwd0bx6 roh60bw9\">\n<div class=\"rq0escxv hkbzh7o3 jwdofwj8 n8tt0mok r8blr3vg hyh9befq\">\n<div class=\"do00u71z l9j0dhe7 k4urcfbm\">\n<div class=\"ecm0bbzt e5nlhep0 a8c37x1j\">\n<div class=\"kvgmc6g5 cxmmr5t8 oygrvhab hcukyx3x c1et5uql\">\n<div class=\"gmail-kvgmc6g5 gmail-cxmmr5t8 gmail-oygrvhab gmail-hcukyx3x gmail-c1et5uql gmail-ii04i59q\">\n<div class=\"page-title-head hgroup\">\n<div class=\"page-title-head hgroup\">\n<div class=\"b654a4as d2edcug0\">\n<div class=\"j83agx80 btwxx1t3 lhclo0ds hop8lmos nkwizq5d scwd0bx6 roh60bw9\">\n<div class=\"rq0escxv hkbzh7o3 jwdofwj8 n8tt0mok r8blr3vg hyh9befq\">\n<div class=\"do00u71z l9j0dhe7 k4urcfbm\">\n<div class=\"page-title-head hgroup\">\n<div class=\"page-title-head hgroup\">\n<div class=\"page-title-head hgroup\">\n<div class=\"page-title-head hgroup\">\n<div class=\"b654a4as d2edcug0\">\n<div class=\"page-title-head hgroup\">\n<div class=\"page-title-head hgroup\">\n<div class=\"page-title-head hgroup\">\n<div class=\"page-title-head hgroup\">\n<div class=\"b654a4as d2edcug0\">\n<div class=\"page-title-head hgroup\">\n<div class=\"page-title-head hgroup\">\n<div class=\"page-title-head hgroup\">\n<div class=\"page-title-head hgroup\">\n<div class=\"page-title-head hgroup\">\n<div class=\"page-title-head hgroup\">\n<div class=\"page-title-head hgroup\">\n<div class=\"page-title-head hgroup\">\n<div class=\"page-title-head hgroup\">\n<div class=\"b654a4as d2edcug0\">\n<div class=\"page-title-head hgroup\">\n<div class=\"page-title-head hgroup\">\n<div class=\"page-title-head hgroup\">\n<div class=\"page-title-head hgroup\">\n<div class=\"b654a4as d2edcug0\">\n<div class=\"page-title-head hgroup\">\n<div class=\"page-title-head hgroup\">\n<div class=\"page-title-head hgroup\">\n<div class=\"page-title-head hgroup\">\n<div class=\"page-title-head hgroup\">\n<div class=\"mkdf-post-text\">\n<div class=\"mkdf-post-text-inner\">\n<div class=\"mkdf-post-text-main\">\n<div class=\"mkdf-post-text\">\n<div class=\"mkdf-post-text-inner\">\n<div class=\"mkdf-post-text-main\">\n<div class=\"mkdf-post-text\">\n<div class=\"mkdf-post-text-inner\">\n<div class=\"mkdf-post-text-main\">\n<div class=\"page-title-head hgroup\">\n<div class=\"page-title-head hgroup\">\n<div class=\"mkdf-post-text\">\n<div class=\"mkdf-post-text-inner\">\n<div class=\"mkdf-post-text-main\">\n<div class=\"mkdf-post-text\">\n<div class=\"mkdf-post-text-inner\">\n<div class=\"mkdf-post-text-main\">\n<div class=\"page-title-head hgroup\">\n<div class=\"page-title-head hgroup\">\n<div class=\"page-title-head hgroup\">\n<div class=\"page-title-head hgroup\">\n<div class=\"b654a4as d2edcug0\">\n<div class=\"page-title-head hgroup\">\n<div class=\"page-title-head hgroup\">\n<div class=\"page-title-head hgroup\">\n<div class=\"page-title-head hgroup\">\n<div class=\"b654a4as d2edcug0\">\n<div class=\"page-title-head hgroup\">\n<div class=\"page-title-head hgroup\">\n<div class=\"page-title-head hgroup\">\n<div class=\"page-title-head hgroup\">\n<div class=\"b654a4as d2edcug0\">\n<div class=\"ecm0bbzt e5nlhep0 a8c37x1j\">\n<div class=\"kvgmc6g5 cxmmr5t8 oygrvhab hcukyx3x c1et5uql\">\n<div class=\"gmail-kvgmc6g5 gmail-cxmmr5t8 gmail-oygrvhab gmail-hcukyx3x gmail-c1et5uql gmail-ii04i59q\">\n<div class=\"page-title-head hgroup\">\n<div class=\"page-title-head hgroup\">\n<div class=\"b654a4as d2edcug0\">\n<div class=\"j83agx80 btwxx1t3 lhclo0ds hop8lmos nkwizq5d scwd0bx6 roh60bw9\">\n<div class=\"rq0escxv hkbzh7o3 jwdofwj8 n8tt0mok r8blr3vg hyh9befq\">\n<div class=\"do00u71z l9j0dhe7 k4urcfbm\">\n<div class=\"page-title-head hgroup\">\n<div class=\"page-title-head hgroup\">\n<div class=\"page-title-head hgroup\">\n<div class=\"page-title-head hgroup\">\n<div class=\"b654a4as d2edcug0\">\n<div class=\"page-title-head hgroup\">\n<div class=\"page-title-head hgroup\">\n<div class=\"page-title-head hgroup\">\n<div class=\"page-title-head hgroup\">\n<div class=\"b654a4as d2edcug0\">\n<div class=\"page-title-head hgroup\">\n<div class=\"page-title-head hgroup\">\n<div class=\"page-title-head hgroup\">\n<div class=\"page-title-head hgroup\">\n<div class=\"page-title-head hgroup\">\n<div class=\"page-title-head hgroup\">\n<div class=\"page-title-head hgroup\">\n<div class=\"page-title-head hgroup\">\n<div class=\"page-title-head hgroup\">\n<div class=\"b654a4as d2edcug0\">\n<div class=\"page-title-head hgroup\">\n<div class=\"page-title-head hgroup\">\n<div class=\"page-title-head hgroup\">\n<div class=\"page-title-head hgroup\">\n<div class=\"b654a4as d2edcug0\">\n<div class=\"page-title-head hgroup\">\n<div class=\"page-title-head hgroup\">\n<div class=\"page-title-head hgroup\">\n<div class=\"page-title-head hgroup\">\n<div class=\"page-title-head hgroup\">\n<div class=\"mkdf-post-text\">\n<div class=\"mkdf-post-text-inner\">\n<div class=\"mkdf-post-text-main\">\n<div class=\"mkdf-post-text\">\n<div class=\"mkdf-post-text-inner\">\n<div class=\"mkdf-post-text-main\">\n<div class=\"mkdf-post-text\">\n<div class=\"mkdf-post-text-inner\">\n<div class=\"mkdf-post-text-main\">\n<div class=\"page-title-head hgroup\">\n<div class=\"page-title-head hgroup\">\n<div class=\"mkdf-post-text\">\n<div class=\"mkdf-post-text-inner\">\n<div class=\"mkdf-post-text-main\">\n<div class=\"mkdf-post-text\">\n<div class=\"mkdf-post-text-inner\">\n<div class=\"mkdf-post-text-main\">\n<div class=\"page-title-head hgroup\">\n<div class=\"page-title-head hgroup\">\n<div class=\"page-title-head hgroup\">\n<div class=\"page-title-head hgroup\">\n<div class=\"b654a4as d2edcug0\">\n<div class=\"page-title-head hgroup\">\n<div class=\"page-title-head hgroup\">\n<div class=\"page-title-head hgroup\">\n<div class=\"page-title-head hgroup\">\n<div class=\"b654a4as d2edcug0\">\n<div class=\"page-title-head hgroup\">\n<div class=\"page-title-head hgroup\">\n<div class=\"page-title-head hgroup\">\n<div class=\"page-title-head hgroup\">\n<div class=\"b654a4as d2edcug0\">\n<p><strong>SP 251 VAL DI ZOLDO E CELLINA<\/strong> fino al 22 dicembre interruzioni alla viabilit\u00e0 della durata massima di 10 minuti e senso unico alternato nei periodi non interessati dalle interruzioni nel comune di Val di Zoldo<\/p>\n<p><strong>SR 203 AGORDINA<\/strong> Fino al 17 dicembre, esclusi sabato domenica e festivi infrasettimanali, restringimento della careggiata con divieto di sorpasso e limitazione ai 50 km\/h in comune di La Valle per lavori sul margine della carreggiata<\/p>\n<p><strong>SP 422 DELL&#8217;ALPAGO E DEL<\/strong> <strong>CANSIGLIO<\/strong> Fino al 17 dicembre senso unico alternato con semaforo in localit\u00e0 Cornei di Alpago per posa cavidotti<\/p>\n<p><strong>SP 40 VAL SENAIGA<\/strong>\u00a0 Fino\u00a0 al 22 dicembre, sabati domeniche e festivi inclusi, interdizione totale al traffico in localit\u00e0 Pei di Lamon per consolidamento corpo stradale<\/p>\n<p>&nbsp;<\/p>\n<hr \/>\n<p>&nbsp;<\/p>\n<\/div>\n<div class=\"b654a4as d2edcug0\">\n<div class=\"ecm0bbzt e5nlhep0 a8c37x1j\">\n<div class=\"kvgmc6g5 cxmmr5t8 oygrvhab hcukyx3x c1et5uql\">\n<div class=\"gmail-kvgmc6g5 gmail-cxmmr5t8 gmail-oygrvhab gmail-hcukyx3x gmail-c1et5uql gmail-ii04i59q\">\n<div>\n<div class=\"page-title-head hgroup\">\n<div class=\"page-title-head hgroup\">\n<div class=\"b654a4as d2edcug0\">\n<div class=\"j83agx80 btwxx1t3 lhclo0ds hop8lmos nkwizq5d scwd0bx6 roh60bw9\">\n<div class=\"rq0escxv hkbzh7o3 jwdofwj8 n8tt0mok r8blr3vg hyh9befq\">\n<div class=\"do00u71z l9j0dhe7 k4urcfbm\">\n<div>\n<div class=\"page-title-head hgroup\">\n<div class=\"page-title-head hgroup\">\n<div class=\"page-title-head hgroup\">\n<div class=\"page-title-head hgroup\">\n<div class=\"b654a4as d2edcug0\">\n<div class=\"page-title-head hgroup\">\n<div class=\"page-title-head hgroup\">\n<div class=\"page-title-head hgroup\">\n<div class=\"page-title-head hgroup\">\n<div class=\"b654a4as d2edcug0\">\n<div class=\"page-title-head hgroup\">\n<div class=\"page-title-head hgroup\">\n<div class=\"page-title-head hgroup\">\n<div class=\"page-title-head hgroup\">\n<div class=\"page-title-head hgroup\">\n<div class=\"mkdf-post-text\">\n<div class=\"mkdf-post-text-inner\">\n<div class=\"mkdf-post-text-main\">\n<div class=\"mkdf-post-text\">\n<div class=\"mkdf-post-text-inner\">\n<div class=\"mkdf-post-text-main\">\n<div class=\"mkdf-post-text\">\n<div class=\"mkdf-post-text-inner\">\n<div class=\"mkdf-post-text-main\">\n<div class=\"page-title-head hgroup\">\n<div class=\"page-title-head hgroup\">\n<div class=\"mkdf-post-text\">\n<div class=\"mkdf-post-text-inner\">\n<div class=\"mkdf-post-text-main\">\n<div class=\"mkdf-post-text\">\n<div class=\"mkdf-post-text-inner\">\n<div class=\"mkdf-post-text-main\">\n<div>\n<div class=\"page-title-head hgroup\">\n<div class=\"page-title-head hgroup\">\n<div>\n<div class=\"page-title-head hgroup\">\n<div class=\"page-title-head hgroup\">\n<div class=\"b654a4as d2edcug0\">\n<div>\n<div class=\"page-title-head hgroup\" style=\"text-align: left;\">\n<div class=\"page-title-head hgroup\">\n<div dir=\"auto\">\n<p><a class=\"dt-pswp-item pspw-wrap-ready\" href=\"https:\/\/i0.wp.com\/www.radiopiu.net\/wordpress\/wp-content\/uploads\/2018\/09\/WhatsApp-Image-2018-09-20-at-16.04.06.jpeg?ssl=1\" data-dt-img-description=\"\" data-large_image_width=\"800\" data-large_image_height=\"100\"><img loading=\"lazy\" decoding=\"async\" class=\"aligncenter wp-image-61378 size-full jetpack-lazy-image jetpack-lazy-image--handled\" src=\"https:\/\/i0.wp.com\/www.radiopiu.net\/wordpress\/wp-content\/uploads\/2018\/09\/WhatsApp-Image-2018-09-20-at-16.04.06.jpeg?resize=800%2C100&amp;ssl=1\" sizes=\"auto, (max-width: 800px) 100vw, 800px\" srcset=\"https:\/\/i0.wp.com\/www.radiopiu.net\/wordpress\/wp-content\/uploads\/2018\/09\/WhatsApp-Image-2018-09-20-at-16.04.06.jpeg?w=800&amp;ssl=1 800w, https:\/\/i0.wp.com\/www.radiopiu.net\/wordpress\/wp-content\/uploads\/2018\/09\/WhatsApp-Image-2018-09-20-at-16.04.06.jpeg?resize=300%2C38&amp;ssl=1 300w, https:\/\/i0.wp.com\/www.radiopiu.net\/wordpress\/wp-content\/uploads\/2018\/09\/WhatsApp-Image-2018-09-20-at-16.04.06.jpeg?resize=768%2C96&amp;ssl=1 768w\" alt=\"\" width=\"800\" height=\"100\" data-lazy-loaded=\"1\" \/><\/a><\/p>\n<\/div>\n<\/div>\n<\/div>\n<\/div>\n<\/div>\n<\/div>\n<\/div>\n<\/div>\n<\/div>\n<\/div>\n<\/div>\n<\/div>\n<\/div>\n<\/div>\n<\/div>\n<\/div>\n<\/div>\n<\/div>\n<\/div>\n<\/div>\n<\/div>\n<\/div>\n<\/div>\n<\/div>\n<\/div>\n<\/div>\n<\/div>\n<\/div>\n<\/div>\n<\/div>\n<\/div>\n<\/div>\n<\/div>\n<\/div>\n<\/div>\n<\/div>\n<\/div>\n<\/div>\n<\/div>\n<\/div>\n<\/div>\n<\/div>\n<\/div>\n<\/div>\n<p>&nbsp;<\/p>\n<p><center><b>Giovedi 16<\/b><\/center><b>Tempo atteso: <\/b>Tempo stabile e ben soleggiato con cielo sereno, aria limpida e ottima visibilit\u00e0. Il rischio nebbia si accentuer\u00e0 in Valbelluna e su alcuni settori a ridosso delle pedemontana. In alta montagna sar\u00e0 la giornata pi\u00f9 mite della settimana con lo zero termico in grado di toccare i 2900 m al primo mattino, mentre l&#8217;andamento termico nei fondovalle prealpini sar\u00e0 legato alla presenza o meno delle nebbie, specie per i valori diurni.<br \/>\n<b>Precipitazioni: <\/b>Assenti (0%).<br \/>\n<b>Temperature: <\/b>Massime in lieve ripresa nelle valli e stazionarie in alta quota; minime in lieve calo nei fondovalle, dove si accentuer\u00e0 l&#8217;inversione termica, in quota minime in diminuzione e osservate in tarda serata. Su Prealpi a 1500 m min 5\u00b0C max 8\u00b0C, a 2000 m min 3\u00b0C max 5\u00b0C. Su Dolomiti a 2000 m min 2\u00b0C max 5\u00b0C, a 3000 m min -2\u00b0C max -1\u00b0C.<br \/>\n<b>Venti: <\/b>Nelle valli perlopi\u00f9 deboli di direzione variabile, salvo locali rinforzi per brezze di monte tra la notte e il primo mattino in alcuni settori prealpini e per episodi di Foehn in alcune valli dolomitiche; in quota moderati\/tesi dai quadranti settentrionali, a 5-15 km\/h a 2000 m e 25-35 km\/h a 3000 m.<\/p>\n<hr \/>\n<p><center><b>Venerdi 17<\/b><\/center><b>Tempo atteso: <\/b>Persistenza del tempo stabile con sole, cielo sereno o poco nuvoloso per banchi di cirri e qualche nube alta di sottovento. Cresce l&#8217;insidia delle nebbie in Valbelluna, specie durante le ore pi\u00f9 fredde, ma localmente potrebbero sostare a lungo. Minore mitezza, ma la ventilazione tender\u00e0 a rafforzarsi al pomeriggio.<br \/>\n<b>Precipitazioni: <\/b>Assenti (0%)<br \/>\n<b>Temperature: <\/b>Minime pressoch\u00e9 stazionarie, salvo locali lievidiminuzioni; massime in generale leggera flessione rispetto a gioved\u00ec. Persistenza dell&#8217;inversione termica nei fondovalle. Su Prealpi a 1500 m min 4\u00b0C max 7\u00b0C, a 2000 m min 2\u00b0C max 4\u00b0C. Su Dolomiti a 2000 m min 1\u00b0C max 4\u00b0C, a 3000 m min -5\u00b0C max -2\u00b0C.<br \/>\n<b>Venti: <\/b>Nelle valli perlopi\u00f9 deboli di direzione variabile, salvo locali rinforzi per brezze di monte tra la notte e il primo mattino in alcuni settori prealpini e per episodi di Foehn in molte valli dolomitiche al pomeriggio\/sera; in quota moderati da nord al mattino e tesi\/forti al pomeriggio\/sera, a 15-40 km\/h a 2000 m e 25-60 km\/h a 3000 m.<\/p>\n<hr \/>\n<p><center><b>Sabato 18<\/b><\/center>Tempo stabile e ben soleggiato con cielo sereno, aria tersa e ottima visibilit\u00e0 in montagna. Minore insidia nebbia nei fondovalle prealpini e su alcuni settori a ridosso della pedemontana durante le ore pi\u00f9 fredde. Temperature in ulteriore generale lieve calo, eccetto locali rialzi per favonio in alcune valli. Venti tesi\/forti da nord in quota, in lieve attenuazione al pomeriggio; spesso deboli di direzione variabile nelle valli, eccetto rinforzi per episodi di Foehn un po&#8217; pi\u00f9 diffusi nelle valli dolomitiche.<\/p>\n<hr \/>\n<p><center><b>Domenica 19<\/b><\/center>Bel tempo invernale, ancora assai mite per il periodo, con inversione termica nei fondovalle e nei settori in ombra. Ottima visibilit\u00e0 in quota, leggera insidia nebbie in Valbelluna durante le ore pi\u00f9 fredde. Temperature in temporaneo lieve rialzo. Venti moderati, a tratti tesi da nord-est in quota; perlopi\u00f9 deboli di direzione variabile nelle valli, eccetto solite brezze notturne sulle Prealpi. Previsore: R.L.T<\/p>\n<p>&nbsp;<\/p>\n<\/div>\n<\/div>\n<\/div>\n<\/div>\n<\/div>\n<\/div>\n<\/div>\n<\/div>\n<\/div>\n<\/div>\n<\/div>\n<\/div>\n<\/div>\n<\/div>\n<\/div>\n<\/div>\n<\/div>\n<\/div>\n<\/div>\n<\/div>\n<\/div>\n<\/div>\n<\/div>\n<\/div>\n<\/div>\n<\/div>\n<\/div>\n<\/div>\n<\/div>\n<\/div>\n<\/div>\n<\/div>\n<\/div>\n<\/div>\n<\/div>\n<\/div>\n<\/div>\n<\/div>\n<\/div>\n<\/div>\n<\/div>\n<\/div>\n<\/div>\n<\/div>\n<\/div>\n<\/div>\n<\/div>\n<\/div>\n<\/div>\n<\/div>\n<\/div>\n<\/div>\n<\/div>\n<\/div>\n<\/div>\n<\/div>\n<\/div>\n<\/div>\n<\/div>\n<\/div>\n<\/div>\n<\/div>\n<\/div>\n<\/div>\n<\/div>\n<\/div>\n<\/div>\n<\/div>\n<\/div>\n<\/div>\n<\/div>\n<\/div>\n<\/div>\n<\/div>\n<\/div>\n<\/div>\n<\/div>\n<\/div>\n<\/div>\n<\/div>\n<\/div>\n<\/div>\n<\/div>\n<\/div>\n<\/div>\n<\/div>\n<\/div>\n<\/div>\n<\/div>\n<\/div>\n<\/div>\n<\/div>\n<\/div>\n<\/div>\n<\/div>\n<\/div>\n<\/div>\n<\/div>\n<\/div>\n<\/div>\n<\/div>\n<\/div>\n<\/div>\n<\/div>\n<\/div>\n<\/div>\n<\/div>\n<\/div>\n<\/div>\n<\/div>\n<\/div>\n<\/div>\n<\/div>\n<\/div>\n<\/div>\n<\/div>\n<\/div>\n<\/div>\n<\/div>\n<\/div>\n<\/div>\n<\/div>\n<\/div>\n<\/div>\n<\/div>\n<\/div>\n<\/div>\n<\/div>\n<\/div>\n<\/div>\n<\/div>\n<\/div>\n<\/div>\n<\/div>\n<\/div>\n<\/div>\n<\/div>\n<\/div>\n<\/div>\n<\/div>\n<\/div>\n<\/div>\n<\/div>\n<\/div>\n<\/div>\n<\/div>\n<\/div>\n<\/div>\n<\/div>\n<\/div>\n<\/div>\n<\/div>\n<\/div>\n<\/div>\n<\/div>\n<\/div>\n<\/div>\n<\/div>\n<\/div>\n<div>\n<p>&nbsp;<\/p>\n<\/div>\n<hr \/>\n<p>&nbsp;<\/p>\n<div class=\"mkdf-post-text\">\n<div class=\"mkdf-post-text-inner\">\n<p><a href=\"https:\/\/www.radiopiu.net\/wordpress\/giornale-radiopiu-15-settembre-2018-direttore-mirko-mezzacasa\/sport-7\/\" rel=\"attachment wp-att-60761\"><img loading=\"lazy\" decoding=\"async\" class=\"wp-image-60761 size-full aligncenter\" src=\"https:\/\/www.radiopiu.net\/wordpress\/wp-content\/uploads\/2018\/09\/sport.jpg\" alt=\"\" width=\"800\" height=\"100\" srcset=\"https:\/\/www.radiopiu.net\/wordpress\/wp-content\/uploads\/2018\/09\/sport.jpg 800w, https:\/\/www.radiopiu.net\/wordpress\/wp-content\/uploads\/2018\/09\/sport-300x38.jpg 300w, https:\/\/www.radiopiu.net\/wordpress\/wp-content\/uploads\/2018\/09\/sport-768x96.jpg 768w\" sizes=\"auto, (max-width: 800px) 100vw, 800px\" \/><\/a><\/p>\n<\/div>\n<\/div>\n<p><span style=\"color: #0000ff;\"><strong>\u00a0\u00a0<\/strong><\/span><\/p>\n<p><span style=\"color: #0000ff;\"><strong>SNOWBOARD<\/strong><\/span><\/p>\n<blockquote>\n<h2>SNOWBOARD PARALLELO: LA CARICA DI LUCIA DALMASSO PER LE TAPPE ITALIANE<\/h2>\n<\/blockquote>\n<p><strong>FALCADE<\/strong> Dopo l&#8217;assaggio russo di Coppa del Mondo con due 25esimi posti, la snowboardista azzurra Lucia Dalmasso che fino a 5 anni fa era una promessa dello Sci Alpino, respira l&#8217;aria di Casa e si carica pi\u00f9 che mai. Lucia, originaria di Falcade, localit\u00e0 che quest&#8217;anno ha deciso di sponsorizzarla sul casco, sta prendendo le misure sulla sua prima vera e propria stagione di Coppa del Mondo.<em> &#8220;Testa bassa e tanto lavoro&#8221;,<\/em> questo \u00e8 l&#8217;unico commento che Lucia ha fatto al termine della trasferta russa. Ma domani \u00e8 gi\u00e0 tempo di gara a Carezza e sabato si replicher\u00e0 in notturna a Cortina.<\/p>\n<p><a href=\"https:\/\/www.radiopiu.net\/wordpress\/snowboard-parallelo-la-carica-di-lucia-dalmasso-per-le-tappe-italiane\/img_0285\/\" rel=\"attachment wp-att-248476\"><img loading=\"lazy\" decoding=\"async\" class=\"alignnone size-medium wp-image-248476\" src=\"https:\/\/www.radiopiu.net\/wordpress\/wp-content\/uploads\/2021\/12\/IMG_0285-225x300.jpg\" alt=\"\" width=\"225\" height=\"300\" srcset=\"https:\/\/www.radiopiu.net\/wordpress\/wp-content\/uploads\/2021\/12\/IMG_0285-225x300.jpg 225w, https:\/\/www.radiopiu.net\/wordpress\/wp-content\/uploads\/2021\/12\/IMG_0285-768x1024.jpg 768w, https:\/\/www.radiopiu.net\/wordpress\/wp-content\/uploads\/2021\/12\/IMG_0285.jpg 960w\" sizes=\"auto, (max-width: 225px) 100vw, 225px\" \/>\u00a0<\/a><\/p>\n<p>&nbsp;<\/p>\n<hr \/>\n<p>&nbsp;<\/p>\n<p><span style=\"color: #0000ff;\"><strong>HOCKEY SU GHIACCIO<\/strong><\/span><\/p>\n<blockquote>\n<h3>OGGI LA NAZIONALE DI HOCKEY UNDER 20 CONTRO LA SPAGNA<\/h3>\n<\/blockquote>\n<p><a href=\"https:\/\/www.radiopiu.net\/wordpress\/giornale-radiopiu-16-dicembre-2021-direttore-mirko-mezzacasa\/italia-lituania-panchina-scaled\/\" rel=\"attachment wp-att-248574\"><img loading=\"lazy\" decoding=\"async\" class=\"size-medium wp-image-248574 alignleft\" src=\"https:\/\/www.radiopiu.net\/wordpress\/wp-content\/uploads\/2021\/12\/Italia-Lituania-panchina-scaled-1-300x225.jpg\" alt=\"\" width=\"300\" height=\"225\" srcset=\"https:\/\/www.radiopiu.net\/wordpress\/wp-content\/uploads\/2021\/12\/Italia-Lituania-panchina-scaled-1-300x225.jpg 300w, https:\/\/www.radiopiu.net\/wordpress\/wp-content\/uploads\/2021\/12\/Italia-Lituania-panchina-scaled-1-1024x768.jpg 1024w, https:\/\/www.radiopiu.net\/wordpress\/wp-content\/uploads\/2021\/12\/Italia-Lituania-panchina-scaled-1-768x576.jpg 768w, https:\/\/www.radiopiu.net\/wordpress\/wp-content\/uploads\/2021\/12\/Italia-Lituania-panchina-scaled-1-1536x1152.jpg 1536w, https:\/\/www.radiopiu.net\/wordpress\/wp-content\/uploads\/2021\/12\/Italia-Lituania-panchina-scaled-1.jpg 2048w\" sizes=\"auto, (max-width: 300px) 100vw, 300px\" \/><\/a>Giorno di riposo per la nazionale under 20 di hockey su ghiaccio impegnata a Brasov, in Romania, nei Mondiali di Seconda Divisione Gruppo A. Dopo le prime due giornate gli azzurri sono in testa alla classifica a punteggio pieno assieme alla Gran Bretagna, e oggi alle ore 12 sar\u00e0 la volta di tornare in pista contro la Spagna. Un avversario sulla carta assolutamente alla portata dell\u2019Italia, ma coach Giorgio De Bettin predica prudenza. \u201cLe larghe vittorie ottenute contro Lituania (7-0) e Romania (5-0) non ci devono illudere. L\u2019errore peggiore che possiamo commettere \u00e8 quello di rilassarsi e dare tutto per scontato: \u00e8 necessario mantenere alta la concentrazione anche in partite come questa, dove ci si trova ad affrontare avversari di livello inferiore che per\u00f2 sanno come metterti in difficolt\u00e0\u201d. Dalle prime due sfide della rassegna iridata De Bettin porta in dote un gran numero di gol segnati (ben 12) e lo shut-out di entrambi i portieri Damian Clara e Carlo Muraro. \u201cVincere e segnare d\u00e0 sicuramente fiducia ai ragazzi \u2013 spiega l\u2019allenatore azzurro \u2013 ma non dobbiamo abbassare la guardia e siamo obbligati a mantenere alto il ritmo di gioco per evitare di arrivare impreparati alle partite che potrebbero essere decisive contro Corea del Sud, squadra veloce e con alcune buone individualit\u00e0, e Gran Bretagna, formazione molto dotata dal punto di vista fisico. Chi partir\u00e0 a difesa della gabbia? Decideremo poco prima della partita\u201d. Per quanto riguarda gli avversari di oggi, De Bettin sottolinea l\u2019ottima prova difensiva offerta dalla Spagna contro la Corea del Sud, che si \u00e8 imposta solo al tempo supplementare. \u201cLa partita la faremo sicuramente noi \u2013 conclude il coach della nazionale under 20 \u2013 ma ci troveremo di fronte una squadra organizzata e con un\u2019intensit\u00e0 difensiva migliore rispetto a Lituania e Romania\u201d.<\/p>\n<\/div>\n<\/div>\n<\/div>\n<\/div>\n<\/div>\n<\/div>\n<\/div>\n","protected":false},"excerpt":{"rendered":"<p>INFORMAZIONE il canale su TELEGRAM informazione di prima mano e in tempo reale. iscriviti ed aiutaci a farlo conoscere\u00a0 &nbsp; &nbsp; &nbsp; CROCE VERDE VAL BIOIS, A SINGHIOZZO FINO AL 31 DICEMBRE FALCADE Giorni e orari in cui l&#8217;emergenza della Croce Verde Val Biois non \u00e8 garantita: VENERDI&#8217; 17 DICEMBRE 2021 dalle ore 6:00 alle&hellip;<\/p>\n","protected":false},"author":4,"featured_media":248627,"comment_status":"closed","ping_status":"open","sticky":false,"template":"","format":"standard","meta":{"_monsterinsights_skip_tracking":false,"_monsterinsights_sitenote_active":false,"_monsterinsights_sitenote_note":"","_monsterinsights_sitenote_category":0,"footnotes":""},"categories":[104,86,49],"tags":[],"class_list":["post-248413","post","type-post","status-publish","format-standard","has-post-thumbnail","hentry","category-evidenza_3","category-gr","category-news-18","category-104","category-86","category-49","description-off"],"img_url":"https:\/\/www.radiopiu.net\/wordpress\/wp-content\/uploads\/2021\/12\/54bf2ebd-d985-4d92-81c1-9a1cdd3222c4.jpg","_links":{"self":[{"href":"https:\/\/www.radiopiu.net\/wordpress\/wp-json\/wp\/v2\/posts\/248413","targetHints":{"allow":["GET"]}}],"collection":[{"href":"https:\/\/www.radiopiu.net\/wordpress\/wp-json\/wp\/v2\/posts"}],"about":[{"href":"https:\/\/www.radiopiu.net\/wordpress\/wp-json\/wp\/v2\/types\/post"}],"author":[{"embeddable":true,"href":"https:\/\/www.radiopiu.net\/wordpress\/wp-json\/wp\/v2\/users\/4"}],"replies":[{"embeddable":true,"href":"https:\/\/www.radiopiu.net\/wordpress\/wp-json\/wp\/v2\/comments?post=248413"}],"version-history":[{"count":0,"href":"https:\/\/www.radiopiu.net\/wordpress\/wp-json\/wp\/v2\/posts\/248413\/revisions"}],"wp:featuredmedia":[{"embeddable":true,"href":"https:\/\/www.radiopiu.net\/wordpress\/wp-json\/wp\/v2\/media\/248627"}],"wp:attachment":[{"href":"https:\/\/www.radiopiu.net\/wordpress\/wp-json\/wp\/v2\/media?parent=248413"}],"wp:term":[{"taxonomy":"category","embeddable":true,"href":"https:\/\/www.radiopiu.net\/wordpress\/wp-json\/wp\/v2\/categories?post=248413"},{"taxonomy":"post_tag","embeddable":true,"href":"https:\/\/www.radiopiu.net\/wordpress\/wp-json\/wp\/v2\/tags?post=248413"}],"curies":[{"name":"wp","href":"https:\/\/api.w.org\/{rel}","templated":true}]}}