{"id":248434,"date":"2021-12-14T23:59:40","date_gmt":"2021-12-14T22:59:40","guid":{"rendered":"https:\/\/www.radiopiu.net\/wordpress\/?p=248434"},"modified":"2021-12-15T06:15:35","modified_gmt":"2021-12-15T05:15:35","slug":"valpe-consegna-gli-ecocalendari-2022-a-sedico-e-nellagordino","status":"publish","type":"post","link":"https:\/\/www.radiopiu.net\/wordpress\/valpe-consegna-gli-ecocalendari-2022-a-sedico-e-nellagordino\/","title":{"rendered":"VALPE CONSEGNA GLI ECOCALENDARI 2022 A SEDICO E NELL&#8217;AGORDINO"},"content":{"rendered":"<p><strong>AGORDO-SEDICO<\/strong>\u00a0 In questi giorni i nuovi calendari per l\u2019anno 2022 sono in consegna nelle case di tutti gli utenti di Sedico e dell\u2019Unione Montana Agordina. I nuovi calendari sono disponibili\u00a0 anche nel sito www.valpeambiente.it. Eventuali mancati recapiti possono essere segnalati a partire dal prossimo 3 gennaio scrivendo all\u2019indirizzo info@valpeambiente.it. I nuovi utenti, che hanno attivato il contratto per i rifiuti da met\u00e0 ottobre 2021 in poi, possono ritirare il nuovo calendario presso gli sportelli senza chiedere appuntamento oppure scaricarlo dal sito aziendale. In occasione delle prossime festivit\u00e0, in alcuni Comuni le raccolte subiscono delle variazioni rispetto alle consuete cadenze. Dal 24 dicembre 2021 al 9 gennaio 2022 lo sportello di Sedico osserver\u00e0 orari ridotti, aprendo al pubblico gioved\u00ec 30 dicembre dalle 9.00 alle 12.30 e marted\u00ec 4 gennaio dalle 15.00 alle 18.00.<\/p>\n","protected":false},"excerpt":{"rendered":"<p>AGORDO-SEDICO\u00a0 In questi giorni i nuovi calendari per l\u2019anno 2022 sono in consegna nelle case di tutti gli utenti di Sedico e dell\u2019Unione Montana Agordina. I nuovi calendari sono disponibili\u00a0 anche nel sito www.valpeambiente.it. Eventuali mancati recapiti possono essere segnalati a partire dal prossimo 3 gennaio scrivendo all\u2019indirizzo info@valpeambiente.it. I nuovi utenti, che hanno attivato&hellip;<\/p>\n","protected":false},"author":4,"featured_media":233387,"comment_status":"closed","ping_status":"open","sticky":false,"template":"","format":"standard","meta":{"_monsterinsights_skip_tracking":false,"_monsterinsights_sitenote_active":false,"_monsterinsights_sitenote_note":"","_monsterinsights_sitenote_category":0,"footnotes":""},"categories":[51,49],"tags":[],"class_list":["post-248434","post","type-post","status-publish","format-standard","has-post-thumbnail","hentry","category-evidenza-top","category-news-18","category-51","category-49","description-off"],"img_url":"https:\/\/www.radiopiu.net\/wordpress\/wp-content\/uploads\/2021\/09\/vaschetta-scaled.jpg","_links":{"self":[{"href":"https:\/\/www.radiopiu.net\/wordpress\/wp-json\/wp\/v2\/posts\/248434","targetHints":{"allow":["GET"]}}],"collection":[{"href":"https:\/\/www.radiopiu.net\/wordpress\/wp-json\/wp\/v2\/posts"}],"about":[{"href":"https:\/\/www.radiopiu.net\/wordpress\/wp-json\/wp\/v2\/types\/post"}],"author":[{"embeddable":true,"href":"https:\/\/www.radiopiu.net\/wordpress\/wp-json\/wp\/v2\/users\/4"}],"replies":[{"embeddable":true,"href":"https:\/\/www.radiopiu.net\/wordpress\/wp-json\/wp\/v2\/comments?post=248434"}],"version-history":[{"count":0,"href":"https:\/\/www.radiopiu.net\/wordpress\/wp-json\/wp\/v2\/posts\/248434\/revisions"}],"wp:featuredmedia":[{"embeddable":true,"href":"https:\/\/www.radiopiu.net\/wordpress\/wp-json\/wp\/v2\/media\/233387"}],"wp:attachment":[{"href":"https:\/\/www.radiopiu.net\/wordpress\/wp-json\/wp\/v2\/media?parent=248434"}],"wp:term":[{"taxonomy":"category","embeddable":true,"href":"https:\/\/www.radiopiu.net\/wordpress\/wp-json\/wp\/v2\/categories?post=248434"},{"taxonomy":"post_tag","embeddable":true,"href":"https:\/\/www.radiopiu.net\/wordpress\/wp-json\/wp\/v2\/tags?post=248434"}],"curies":[{"name":"wp","href":"https:\/\/api.w.org\/{rel}","templated":true}]}}