{"id":248438,"date":"2021-12-15T05:59:35","date_gmt":"2021-12-15T04:59:35","guid":{"rendered":"https:\/\/www.radiopiu.net\/wordpress\/?p=248438"},"modified":"2021-12-15T06:12:18","modified_gmt":"2021-12-15T05:12:18","slug":"lultimo-saluto-a-debora-in-giornata-il-nulla-osta-dalla-magistratura","status":"publish","type":"post","link":"https:\/\/www.radiopiu.net\/wordpress\/lultimo-saluto-a-debora-in-giornata-il-nulla-osta-dalla-magistratura\/","title":{"rendered":"L&#8217;ULTIMO SALUTO A DEBORA\u00a0, IN GIORNATA IL NULLA OSTA DALLA MAGISTRATURA"},"content":{"rendered":"<p>&nbsp;<\/p>\n<blockquote>\n<h3><\/h3>\n<\/blockquote>\n<p><strong><a href=\"https:\/\/www.radiopiu.net\/wordpress\/giornale-radiopiu-15-dicembre-2021-direttore-mirko-mezzacasa\/265904081_10227146316833415_5896348047510969499_n\/\" rel=\"attachment wp-att-248437\"><img loading=\"lazy\" decoding=\"async\" class=\" wp-image-248437 alignleft\" src=\"https:\/\/www.radiopiu.net\/wordpress\/wp-content\/uploads\/2021\/12\/265904081_10227146316833415_5896348047510969499_n-300x300.jpg\" alt=\"\" width=\"185\" height=\"185\" srcset=\"https:\/\/www.radiopiu.net\/wordpress\/wp-content\/uploads\/2021\/12\/265904081_10227146316833415_5896348047510969499_n-300x300.jpg 300w, https:\/\/www.radiopiu.net\/wordpress\/wp-content\/uploads\/2021\/12\/265904081_10227146316833415_5896348047510969499_n-150x150.jpg 150w, https:\/\/www.radiopiu.net\/wordpress\/wp-content\/uploads\/2021\/12\/265904081_10227146316833415_5896348047510969499_n.jpg 526w\" sizes=\"auto, (max-width: 185px) 100vw, 185px\" \/><\/a>SANTA GIUSTINA<\/strong>Un drammatico incidente domenica sulla feltrina, giorni di lacrime ed ora una comunit\u00e0 si prepara a salutare Debora Colle, 29 anni, e a Imer in Primiero l&#8217;amico Adriano Corona, 34 anni.\u00a0 Non \u00e8 ancora arrivato il nulla osta alla sepoltura. Ma il Comune si \u00e8 gi\u00e0 messo a disposizione per garantire che i funerali vengano celebrati in piena sicurezza rispetto alle misure anti Covid, vista la prevedibile grande affluenza. Ieri il sindaco\u00a0 Ivan Minella ha fatto visita ai genitori della ragazza in via Scuole Nuove\u00a0 per esprimere al pap\u00e0 Ezio e alla mamma Marina la vicinanza e il cordoglio di tutta la comunit\u00e0. Oggi \u00e8 atteso intanto il nulla osta che, una volta rilasciato, permetter\u00e0 alla famiglia di fissare la data dei funerali.<strong><br \/>\n<\/strong><\/p>\n<p><strong>SUI SOCIAL&#8230; TANTI MESSAGGI, TANTI RICORDI<\/strong> <a class=\"oajrlxb2 g5ia77u1 qu0x051f esr5mh6w e9989ue4 r7d6kgcz rq0escxv nhd2j8a9 nc684nl6 p7hjln8o kvgmc6g5 cxmmr5t8 oygrvhab hcukyx3x jb3vyjys rz4wbd8a qt6c0cv9 a8nywdso i1ao9s8h esuyzwwr f1sip0of lzcic4wl gpro0wi8 oo9gr5id lrazzd5p\" tabindex=\"0\" role=\"link\" href=\"https:\/\/www.facebook.com\/martyale1?__cft__[0]=AZXl424BYE1qOK53sG6dzHWd0wWTcPW6H5aNKYdGhupR60RiOaV0DqBUCli5QnaCAxSvqiS9WuNIEofm1kv8mubMdIC9t39ry90SDvCmT84PuABWQlkItEb8o88x9ezgLRc&amp;__tn__=-UC%2CP-R\"><strong>Martina Tom\u00e8<\/strong><\/a> : Di certo porteremo con noi uno splendido ricordo <span class=\"pq6dq46d tbxw36s4 knj5qynh kvgmc6g5 ditlmg2l oygrvhab nvdbi5me sf5mxxl7 gl3lb2sf hhz5lgdu\"><img loading=\"lazy\" decoding=\"async\" src=\"https:\/\/static.xx.fbcdn.net\/images\/emoji.php\/v9\/tac\/1\/16\/2665.png\" alt=\"&#x2665;&#xfe0f;\" width=\"16\" height=\"16\" \/>\u00a0<a class=\"oajrlxb2 g5ia77u1 qu0x051f esr5mh6w e9989ue4 r7d6kgcz rq0escxv nhd2j8a9 nc684nl6 p7hjln8o kvgmc6g5 cxmmr5t8 oygrvhab hcukyx3x jb3vyjys rz4wbd8a qt6c0cv9 a8nywdso i1ao9s8h esuyzwwr f1sip0of lzcic4wl gpro0wi8 q66pz984 b1v8xokw\" tabindex=\"0\" role=\"link\" href=\"https:\/\/www.facebook.com\/claudia.palla.7?__cft__[0]=AZXl424BYE1qOK53sG6dzHWd0wWTcPW6H5aNKYdGhupR60RiOaV0DqBUCli5QnaCAxSvqiS9WuNIEofm1kv8mubMdIC9t39ry90SDvCmT84PuABWQlkItEb8o88x9ezgLRc&amp;__tn__=-]K-R\"><span class=\"nc684nl6\">Claudia Palla<\/span><\/a> <a class=\"oajrlxb2 g5ia77u1 qu0x051f esr5mh6w e9989ue4 r7d6kgcz rq0escxv nhd2j8a9 nc684nl6 p7hjln8o kvgmc6g5 cxmmr5t8 oygrvhab hcukyx3x jb3vyjys rz4wbd8a qt6c0cv9 a8nywdso i1ao9s8h esuyzwwr f1sip0of lzcic4wl gpro0wi8 q66pz984 b1v8xokw\" tabindex=\"0\" role=\"link\" href=\"https:\/\/www.facebook.com\/sara.zancolo?__cft__[0]=AZXl424BYE1qOK53sG6dzHWd0wWTcPW6H5aNKYdGhupR60RiOaV0DqBUCli5QnaCAxSvqiS9WuNIEofm1kv8mubMdIC9t39ry90SDvCmT84PuABWQlkItEb8o88x9ezgLRc&amp;__tn__=-]K-R\"><span class=\"nc684nl6\">Sara Zancol\u00f2<\/span><\/a> <a class=\"oajrlxb2 g5ia77u1 qu0x051f esr5mh6w e9989ue4 r7d6kgcz rq0escxv nhd2j8a9 nc684nl6 p7hjln8o kvgmc6g5 cxmmr5t8 oygrvhab hcukyx3x jb3vyjys rz4wbd8a qt6c0cv9 a8nywdso i1ao9s8h esuyzwwr f1sip0of lzcic4wl gpro0wi8 q66pz984 b1v8xokw\" tabindex=\"0\" role=\"link\" href=\"https:\/\/www.facebook.com\/jessica.dacanal?__cft__[0]=AZXl424BYE1qOK53sG6dzHWd0wWTcPW6H5aNKYdGhupR60RiOaV0DqBUCli5QnaCAxSvqiS9WuNIEofm1kv8mubMdIC9t39ry90SDvCmT84PuABWQlkItEb8o88x9ezgLRc&amp;__tn__=-]K-R\"><span class=\"nc684nl6\">Jessica Da Canal<\/span><\/a>\u00a0<\/span><\/p>\n<p>&nbsp;<\/p>\n","protected":false},"excerpt":{"rendered":"<p>&nbsp; SANTA GIUSTINAUn drammatico incidente domenica sulla feltrina, giorni di lacrime ed ora una comunit\u00e0 si prepara a salutare Debora Colle, 29 anni, e a Imer in Primiero l&#8217;amico Adriano Corona, 34 anni.\u00a0 Non \u00e8 ancora arrivato il nulla osta alla sepoltura. Ma il Comune si \u00e8 gi\u00e0 messo a disposizione per garantire che i&hellip;<\/p>\n","protected":false},"author":4,"featured_media":248439,"comment_status":"closed","ping_status":"open","sticky":false,"template":"","format":"standard","meta":{"_monsterinsights_skip_tracking":false,"_monsterinsights_sitenote_active":false,"_monsterinsights_sitenote_note":"","_monsterinsights_sitenote_category":0,"footnotes":""},"categories":[51,49],"tags":[],"class_list":["post-248438","post","type-post","status-publish","format-standard","has-post-thumbnail","hentry","category-evidenza-top","category-news-18","category-51","category-49","description-off"],"img_url":"https:\/\/www.radiopiu.net\/wordpress\/wp-content\/uploads\/2021\/12\/6380946_13142109_debora_colle_adriano_corona.jpg","_links":{"self":[{"href":"https:\/\/www.radiopiu.net\/wordpress\/wp-json\/wp\/v2\/posts\/248438","targetHints":{"allow":["GET"]}}],"collection":[{"href":"https:\/\/www.radiopiu.net\/wordpress\/wp-json\/wp\/v2\/posts"}],"about":[{"href":"https:\/\/www.radiopiu.net\/wordpress\/wp-json\/wp\/v2\/types\/post"}],"author":[{"embeddable":true,"href":"https:\/\/www.radiopiu.net\/wordpress\/wp-json\/wp\/v2\/users\/4"}],"replies":[{"embeddable":true,"href":"https:\/\/www.radiopiu.net\/wordpress\/wp-json\/wp\/v2\/comments?post=248438"}],"version-history":[{"count":0,"href":"https:\/\/www.radiopiu.net\/wordpress\/wp-json\/wp\/v2\/posts\/248438\/revisions"}],"wp:featuredmedia":[{"embeddable":true,"href":"https:\/\/www.radiopiu.net\/wordpress\/wp-json\/wp\/v2\/media\/248439"}],"wp:attachment":[{"href":"https:\/\/www.radiopiu.net\/wordpress\/wp-json\/wp\/v2\/media?parent=248438"}],"wp:term":[{"taxonomy":"category","embeddable":true,"href":"https:\/\/www.radiopiu.net\/wordpress\/wp-json\/wp\/v2\/categories?post=248438"},{"taxonomy":"post_tag","embeddable":true,"href":"https:\/\/www.radiopiu.net\/wordpress\/wp-json\/wp\/v2\/tags?post=248438"}],"curies":[{"name":"wp","href":"https:\/\/api.w.org\/{rel}","templated":true}]}}