{"id":248594,"date":"2021-12-17T06:06:47","date_gmt":"2021-12-17T05:06:47","guid":{"rendered":"https:\/\/www.radiopiu.net\/wordpress\/?p=248594"},"modified":"2021-12-17T07:05:13","modified_gmt":"2021-12-17T06:05:13","slug":"giornale-radiopiu-17-dicembre-2021-direttore-mirko-mezzacasa","status":"publish","type":"post","link":"https:\/\/www.radiopiu.net\/wordpress\/giornale-radiopiu-17-dicembre-2021-direttore-mirko-mezzacasa\/","title":{"rendered":"GIORNALE RADIOPIU 17 DICEMBRE 2021 DIRETTORE MIRKO MEZZACASA"},"content":{"rendered":"<h3 class=\"kvgmc6g5 cxmmr5t8 oygrvhab hcukyx3x c1et5uql\"><span style=\"color: #0000ff;\"><strong>INFORMAZIONE il canale su TELEGRAM informazione di prima mano e in tempo reale. iscriviti ed aiutaci a farlo conoscere\u00a0\u00a0<\/strong><\/span><\/h3>\n<hr \/>\n<p>&nbsp;<\/p>\n<blockquote>\n<h3>RIAPERTA PARZIALMENTE LA STRADA AD OSPITALE DOPO LA FRANA DI IERI MATTINA<\/h3>\n<\/blockquote>\n<p><em>La strada \u00e8 stata riapertura a senso unico alternato, ma solo per i residenti e per i mezzi del servizio pubblico.\u00a0\u00a0<\/em><\/p>\n<p><strong><img loading=\"lazy\" decoding=\"async\" class=\"alignleft\" src=\"https:\/\/www.radiopiu.net\/wordpress\/wp-content\/uploads\/2021\/06\/anas.png\" width=\"193\" height=\"109\" \/>OSPITALE <\/strong>Ieri serariaperta a senso unico alternato la strada in localit\u00e0 Tovanella, in Comune di Ospitale di Cadore chiusa per frana alle 10 del mattino al chilometro 56,100, lungo la ex strada statale 51 di Alemagna.\u00a0 In serata \u00e8 arrivato l&#8217;annuncio della riapertura parziale (per i residente e mezzi pubblici), fino al ripristino completo della viabilit\u00e0 in entrambi i sensi di marcia, prevista per la prossima settimana.<\/p>\n<p>&nbsp;<\/p>\n<p>&nbsp;<\/p>\n<hr \/>\n<p>&nbsp;<\/p>\n<blockquote>\n<h3>DA LUNEDI VENETO IN GIALLO, OGGI PUNTO STAMPA ALLE 13 DA MARGHERA, IN DIRETTA SUI CANALI SOCIAL DI RADIO PIU.<\/h3>\n<p><em>fino al 15 gennaio le nuove regole sul Green pass e sul certificato rafforzato prevedono che scatti solo l&#8217;obbligo di indossare la mascherina anche all&#8217;aperto<\/em><\/p><\/blockquote>\n<p><strong><a href=\"https:\/\/www.radiopiu.net\/wordpress\/il-veneto-rimane-in-zona-gialla-la-provincia-di-trento-passa-in-arancione\/giallo\/\" rel=\"attachment wp-att-190818\"><img loading=\"lazy\" decoding=\"async\" class=\"wp-image-190818 alignleft\" src=\"https:\/\/www.radiopiu.net\/wordpress\/wp-content\/uploads\/2021\/02\/Giallo-300x200.png\" alt=\"\" width=\"179\" height=\"119\" srcset=\"https:\/\/www.radiopiu.net\/wordpress\/wp-content\/uploads\/2021\/02\/Giallo-300x200.png 300w, https:\/\/www.radiopiu.net\/wordpress\/wp-content\/uploads\/2021\/02\/Giallo-1024x682.png 1024w, https:\/\/www.radiopiu.net\/wordpress\/wp-content\/uploads\/2021\/02\/Giallo-768x512.png 768w, https:\/\/www.radiopiu.net\/wordpress\/wp-content\/uploads\/2021\/02\/Giallo.png 1250w\" sizes=\"auto, (max-width: 179px) 100vw, 179px\" \/><\/a>VENEZIA\u00a0<\/strong> da luned\u00ec il Veneto \u00e8 in zona gialla per due settimane, da Natale a Capodanno. E&#8217; stato superato anche il terzo parametro per il passaggio in fascia gialla, ovvero\u00a0 l&#8217;occupazione dei posti-letto in area non critica, sforati da tempo sia il parametro delle terapie intensive che dell&#8217;incidenza settimanale: sette province venete\u00a0 stanno fra le prime dieci a livello nazionale, peggio Trieste e Treviso. Da lunedi uso obbligatorio della mascherina all&#8217;aperto, per tutti. Cadr\u00e0 il tetto dei 4 commensali al tavolo dei locali pubblici,\u00a0 limitazione superata dall&#8217;introduzione del super Green pass<\/p>\n<p>&nbsp;<\/p>\n<p>&nbsp;<\/p>\n<hr \/>\n<p>&nbsp;<\/p>\n<blockquote>\n<h3>LA LUNA ILLUMINA LE SERE DI DICEMBRE, di MANUEL CONEDERA &#8211; VIDEO<\/h3>\n<\/blockquote>\n<p>Ieri sera il sorgere della luna dietro i monti San Sebastiano e Tamer. Da Malga Caleda.<\/p>\n<p>&nbsp;<\/p>\n<div style=\"width: 1200px;\" class=\"wp-video\"><video class=\"wp-video-shortcode\" id=\"video-248594-1\" width=\"1200\" height=\"675\" preload=\"metadata\" controls=\"controls\"><source type=\"video\/mp4\" src=\"https:\/\/www.radiopiu.net\/wordpress\/wp-content\/uploads\/2021\/12\/WhatsApp-Video-2021-12-16-at-23.09.17.mp4?_=1\" \/><a href=\"https:\/\/www.radiopiu.net\/wordpress\/wp-content\/uploads\/2021\/12\/WhatsApp-Video-2021-12-16-at-23.09.17.mp4\">https:\/\/www.radiopiu.net\/wordpress\/wp-content\/uploads\/2021\/12\/WhatsApp-Video-2021-12-16-at-23.09.17.mp4<\/a><\/video><\/div>\n<p>&nbsp;<\/p>\n<p>&nbsp;<\/p>\n<hr \/>\n<p>&nbsp;<\/p>\n<blockquote>\n<h3>INVESTIMENTO IN VIA MONTEGRAPPA, 83enne TRAVOLTA<\/h3>\n<\/blockquote>\n<p><strong><img loading=\"lazy\" decoding=\"async\" class=\"alignleft\" src=\"https:\/\/www.radiopiu.net\/wordpress\/wp-content\/uploads\/2021\/08\/Belluno_Feltre_b_Panoramica-sulla-citta.jpg\" width=\"210\" height=\"133\" \/>BELLUNO<\/strong><\/p>\n<p><strong>di MORENO GIOLI<\/strong><\/p>\n<audio class=\"wp-audio-shortcode\" id=\"audio-248594-1\" preload=\"none\" style=\"width: 100%;\" controls=\"controls\"><source type=\"audio\/mpeg\" src=\"https:\/\/www.radiopiu.net\/wordpress\/wp-content\/uploads\/2021\/12\/gioli.mp3?_=1\" \/><a href=\"https:\/\/www.radiopiu.net\/wordpress\/wp-content\/uploads\/2021\/12\/gioli.mp3\">https:\/\/www.radiopiu.net\/wordpress\/wp-content\/uploads\/2021\/12\/gioli.mp3<\/a><\/audio>\n<p>&nbsp;<\/p>\n<p>&nbsp;<\/p>\n<hr \/>\n<blockquote>\n<h3><\/h3>\n<h3>DUE FERITI E CINQUE AUTO DAL CARROZZIERE<\/h3>\n<p><strong>\u00a0FELTRE<\/strong> Due incidenti, il primo \u00a0in via Dante Alighieri ha coinvolto tre veicoli, S.L., classe 1932,\u00a0 alla guida di una Fiat Panda \u00e8 stato centrato da una Fiat Sedici\u00a0 con la Fiat Panda finita addosso a una Mercedes che stava sopraggiungendo. Lievi ferite proprio per l&#8217;anziano. Nel secondo incidente\u00a0\u00a0 in viale Pedavena altri due,\u00a0 due feriti lievi, che sono stati portati in ambulanza all&#8217;ospedale di Feltre per piccole medicazioni e controlli.\u00a0 All&#8217;incrocio tra viale Pedavena e via Risorgimento si scontrano una Kia Rio\u00a0 si \u00e8 scontrata con la Mercedes classe, leggermente ferito il pedavenese che guidava la Kia Rio.<\/p><\/blockquote>\n<p>&nbsp;<\/p>\n<hr \/>\n<p>&nbsp;<\/p>\n<p><strong>OGGI SUL CORRIERE DELLE ALPI<\/strong><br \/>\ndi GIGI\u00a0 SOSSO<\/p>\n<blockquote>\n<h3>PROSCIOLTO IL DOTTOR BIANCHINI<\/h3>\n<\/blockquote>\n<p><strong><a href=\"https:\/\/www.radiopiu.net\/wordpress\/giornale-radiopiu-17-dicembre-2021-direttore-mirko-mezzacasa\/100404338-6fbbb178-5488-4c0b-bd14-7d76c1a45747\/\" rel=\"attachment wp-att-248821\"><img loading=\"lazy\" decoding=\"async\" class=\" wp-image-248821 alignleft\" src=\"https:\/\/www.radiopiu.net\/wordpress\/wp-content\/uploads\/2021\/12\/100404338-6fbbb178-5488-4c0b-bd14-7d76c1a45747-300x169.jpg\" alt=\"\" width=\"241\" height=\"136\" srcset=\"https:\/\/www.radiopiu.net\/wordpress\/wp-content\/uploads\/2021\/12\/100404338-6fbbb178-5488-4c0b-bd14-7d76c1a45747-300x169.jpg 300w, https:\/\/www.radiopiu.net\/wordpress\/wp-content\/uploads\/2021\/12\/100404338-6fbbb178-5488-4c0b-bd14-7d76c1a45747.jpg 560w\" sizes=\"auto, (max-width: 241px) 100vw, 241px\" \/><\/a>BELLUNO<\/strong>\u00a0 Nessuna epidemia colposa all&#8217;ospedale San Martino. Il dottor Roberto Bianchini \u00e8 prosciolto dall&#8217;accusa e non deve pi\u00f9 preoccuparsi: il procuratore della Repubblica Paolo Luca ha chiesto e ottenuto l&#8217;archiviazione dal giudice per le indagini preliminari. C&#8217;\u00e8, invece, la richiesta di rinvio a giudizio per gli altri quattro indagati, ovvero i componenti dell&#8217;Ufficio procedimenti disciplinari: Raffaele Zanella e Antonella Fabbri, Cristina Bortoluzzi e Tiziana Bortot. Se non c&#8217;\u00e8 l&#8217;epidemia colposa di Covid-19 per le visite da positivo senza la mascherina, non ci pu\u00f2 essere nemmeno il favoreggiamento personale, cio\u00e8 l&#8217;aiuto a eludere le indagini della Guardia di finanza, ma resiste il falso ideologico e riguarda la data di rientro del primario di Otorinolaringoiatria dalla vacanza in Thailandia&#8230;.<\/p>\n<p>&nbsp;<\/p>\n<p>&nbsp;<\/p>\n<hr \/>\n<p>&nbsp;<\/p>\n<h3>VANDALI IN DUOMO A FELTRE, NON UN ATTO SACRILEGO MA UNA SERA DA BALORDI<\/h3>\n<blockquote><p><em><a href=\"https:\/\/www.radiopiu.net\/wordpress\/giornale-radiopiu-17-dicembre-2021-direttore-mirko-mezzacasa\/duomo-di-feltre\/\" rel=\"attachment wp-att-248823\"><img loading=\"lazy\" decoding=\"async\" class=\"wp-image-248823 alignleft\" src=\"https:\/\/www.radiopiu.net\/wordpress\/wp-content\/uploads\/2021\/12\/Duomo-di-Feltre-300x223.jpg\" alt=\"\" width=\"170\" height=\"126\" srcset=\"https:\/\/www.radiopiu.net\/wordpress\/wp-content\/uploads\/2021\/12\/Duomo-di-Feltre-300x223.jpg 300w, https:\/\/www.radiopiu.net\/wordpress\/wp-content\/uploads\/2021\/12\/Duomo-di-Feltre-768x572.jpg 768w, https:\/\/www.radiopiu.net\/wordpress\/wp-content\/uploads\/2021\/12\/Duomo-di-Feltre.jpg 850w\" sizes=\"auto, (max-width: 170px) 100vw, 170px\" \/><\/a>I Carabinieri\u00a0 stanno chiudendo il cerchio intorno ai responsabili, che sono stati immortalati dall&#8217;impianto di videosorveglianza\u00a0<\/em><\/p><\/blockquote>\n<p><strong>FELTRE<\/strong> Mercoled\u00ec sera\u00a0 ignoti\u00a0 si sono introdotti all&#8217;interno del Duomo di Feltre, danneggiando uno dei portoni dell&#8217;edificio religioso, per poi vandalizzare l&#8217;opera contenuta all&#8217;interno, la statua di Francesco Terilli. Il Duomo di Feltre\u00a0 \u00e8 dotato di un impianto di videosorveglianza e le immagini sono ora all&#8217;attenzione dei Carabinieri.<\/p>\n<p>&nbsp;<\/p>\n<p>&nbsp;<\/p>\n<hr \/>\n<p>&nbsp;<\/p>\n<blockquote>\n<h3>L&#8217;ALBERO DI NATALE DI PALAZZO CHIGI E&#8217; BELLUNESE<\/h3>\n<\/blockquote>\n<p><strong>ROMA<\/strong> &#8220;<em>Anche quest\u2019anno l\u2019albero di Natale che \u00e8 stato addobbato nel cortile di Palazzo Chigi viene dalla provincia di Belluno. \u00c8 un gesto fortemente simbolico, iniziato nel periodo successivo alla tempesta Vaia e che continuiamo oggi, per mantenere forte il legame delle Istituzioni con la montagna. L\u2019abete bianco di quest\u2019anno arriva da Cibiana, il paese dei murales, una comunit\u00e0 dalla forte identit\u00e0 a cui sono particolarmente affezionato che rappresenta il cuore geografico delle Dolomiti. \u00c8 stato bello e motivo di grande orgoglio poter condividere questo momento assieme al Ministro Franco, al Presidente della Provincia di Belluno, Padrin, ai deputati bellunesi De Menech e Badole e al sindaco di Cibiana, Mattia Gosetti<\/em>&#8221; ha scritto sulla sua pagina Facebook il Ministro Federico D&#8217;Inc\u00e0<\/p>\n\n\t\t\t<style type='text\/css'>\n\t\t\t\t#gallery-1 {\n\t\t\t\t\tmargin: auto;\n\t\t\t\t}\n\t\t\t\t#gallery-1 .gallery-item {\n\t\t\t\t\tfloat: left;\n\t\t\t\t\tmargin-top: 10px;\n\t\t\t\t\ttext-align: center;\n\t\t\t\t\twidth: 50%;\n\t\t\t\t}\n\t\t\t\t#gallery-1 img {\n\t\t\t\t\tborder: 2px solid #cfcfcf;\n\t\t\t\t}\n\t\t\t\t#gallery-1 .gallery-caption {\n\t\t\t\t\tmargin-left: 0;\n\t\t\t\t}\n\t\t\t\t\/* see gallery_shortcode() in wp-includes\/media.php *\/\n\t\t\t<\/style>\n\t\t<div id='gallery-1' class='dt-gallery-container gallery galleryid-248594 gallery-columns-2 gallery-size-medium'><dl class='gallery-item'>\n\t\t\t\t<dt class='gallery-icon landscape'>\n\t\t\t\t\t<a class=\"rollover rollover-zoom dt-pswp-item\" title=\"267094751_2101042436722610_2629133295683600587_n\" data-dt-img-description=\"\" data-large_image_width=\"2048\" data-large_image_height=\"1365\"href='https:\/\/www.radiopiu.net\/wordpress\/wp-content\/uploads\/2021\/12\/267094751_2101042436722610_2629133295683600587_n.jpg'><img loading=\"lazy\" decoding=\"async\" width=\"300\" height=\"200\" src=\"https:\/\/www.radiopiu.net\/wordpress\/wp-content\/uploads\/2021\/12\/267094751_2101042436722610_2629133295683600587_n-300x200.jpg\" class=\"attachment-medium size-medium\" alt=\"\" srcset=\"https:\/\/www.radiopiu.net\/wordpress\/wp-content\/uploads\/2021\/12\/267094751_2101042436722610_2629133295683600587_n-300x200.jpg 300w, https:\/\/www.radiopiu.net\/wordpress\/wp-content\/uploads\/2021\/12\/267094751_2101042436722610_2629133295683600587_n-1024x683.jpg 1024w, https:\/\/www.radiopiu.net\/wordpress\/wp-content\/uploads\/2021\/12\/267094751_2101042436722610_2629133295683600587_n-768x512.jpg 768w, https:\/\/www.radiopiu.net\/wordpress\/wp-content\/uploads\/2021\/12\/267094751_2101042436722610_2629133295683600587_n-1536x1024.jpg 1536w, https:\/\/www.radiopiu.net\/wordpress\/wp-content\/uploads\/2021\/12\/267094751_2101042436722610_2629133295683600587_n.jpg 2048w\" sizes=\"auto, (max-width: 300px) 100vw, 300px\" \/><\/a>\n\t\t\t\t<\/dt><\/dl><dl class='gallery-item'>\n\t\t\t\t<dt class='gallery-icon landscape'>\n\t\t\t\t\t<a class=\"rollover rollover-zoom dt-pswp-item\" title=\"267716092_2101042470055940_776349496635234531_n\" data-dt-img-description=\"\" data-large_image_width=\"2048\" data-large_image_height=\"1365\"href='https:\/\/www.radiopiu.net\/wordpress\/wp-content\/uploads\/2021\/12\/267716092_2101042470055940_776349496635234531_n.jpg'><img loading=\"lazy\" decoding=\"async\" width=\"300\" height=\"200\" src=\"https:\/\/www.radiopiu.net\/wordpress\/wp-content\/uploads\/2021\/12\/267716092_2101042470055940_776349496635234531_n-300x200.jpg\" class=\"attachment-medium size-medium\" alt=\"\" srcset=\"https:\/\/www.radiopiu.net\/wordpress\/wp-content\/uploads\/2021\/12\/267716092_2101042470055940_776349496635234531_n-300x200.jpg 300w, https:\/\/www.radiopiu.net\/wordpress\/wp-content\/uploads\/2021\/12\/267716092_2101042470055940_776349496635234531_n-1024x683.jpg 1024w, https:\/\/www.radiopiu.net\/wordpress\/wp-content\/uploads\/2021\/12\/267716092_2101042470055940_776349496635234531_n-768x512.jpg 768w, https:\/\/www.radiopiu.net\/wordpress\/wp-content\/uploads\/2021\/12\/267716092_2101042470055940_776349496635234531_n-1536x1024.jpg 1536w, https:\/\/www.radiopiu.net\/wordpress\/wp-content\/uploads\/2021\/12\/267716092_2101042470055940_776349496635234531_n.jpg 2048w\" sizes=\"auto, (max-width: 300px) 100vw, 300px\" \/><\/a>\n\t\t\t\t<\/dt><\/dl><br style=\"clear: both\" \/>\n\t\t\t<\/div>\n\n<p>&nbsp;<\/p>\n<p>&nbsp;<\/p>\n<hr \/>\n<p>&nbsp;<\/p>\n<blockquote>\n<h3>CROCE VERDE VAL BIOIS, A SINGHIOZZO FINO AL 31 DICEMBRE<\/h3>\n<\/blockquote>\n<p><strong><img loading=\"lazy\" decoding=\"async\" class=\"alignleft\" src=\"https:\/\/www.radiopiu.net\/wordpress\/wp-content\/uploads\/2020\/06\/download-36.jpg\" width=\"174\" height=\"95\" \/>FALCADE<\/strong> Giorni e orari in cui l&#8217;emergenza della Croce Verde Val Biois non \u00e8 garantita: OGGI dalle ore 6:00 alle ore 20:00; GIOVEDI&#8217; 23 DICEMBRE dalle ore 6:00 alle ore 20:00; VENERDI&#8217; 24 DICEMBRE dalle roe 6:00 alle ore 20:00; LUNEDI&#8217; 27 DICEMBRE 2021 dalle ore 20:00 alle ore 6 di MARTEDI&#8217; 28 DICEMBRE 2021<\/p>\n<p>&nbsp;<\/p>\n<p>&nbsp;<\/p>\n<p>&nbsp;<\/p>\n<hr \/>\n<p>&nbsp;<\/p>\n<blockquote>\n<h3>ANCORA UN DECESSO COVID IN ULSS 1 DOLOMITI<\/h3>\n<\/blockquote>\n<p><strong><a href=\"https:\/\/www.radiopiu.net\/wordpress\/giornale-radiopiu-10-marzo-2020-direttore-mirko-mezzacasa\/covid-ulss\/\" rel=\"attachment wp-att-121260\"><img loading=\"lazy\" decoding=\"async\" class=\" wp-image-121260 alignleft\" src=\"https:\/\/www.radiopiu.net\/wordpress\/wp-content\/uploads\/2020\/03\/covid-ulss-300x225.jpg\" alt=\"\" width=\"139\" height=\"104\" srcset=\"https:\/\/www.radiopiu.net\/wordpress\/wp-content\/uploads\/2020\/03\/covid-ulss-300x225.jpg 300w, https:\/\/www.radiopiu.net\/wordpress\/wp-content\/uploads\/2020\/03\/covid-ulss-768x576.jpg 768w, https:\/\/www.radiopiu.net\/wordpress\/wp-content\/uploads\/2020\/03\/covid-ulss.jpg 800w\" sizes=\"auto, (max-width: 139px) 100vw, 139px\" \/><\/a> <\/strong><\/p>\n<p><strong>\u00a0<\/strong><\/p>\n<p><strong>BELLUNO<\/strong> L&#8217;Ulss 1 Dolomiti comunica che nelle ultime 24 ore \u00e8 deceduto un uomo di 71 anni ricoverato in rianimazione covid.<\/p>\n<p>&nbsp;<\/p>\n<p>&nbsp;<\/p>\n<p>&nbsp;<\/p>\n<hr \/>\n<p>&nbsp;<\/p>\n<h3><a href=\"https:\/\/www.radiopiu.net\/wordpress\/giornale-radiopiu-17-dicembre-2021-direttore-mirko-mezzacasa\/whatsapp-image-2021-12-16-at-15-47-39\/\" rel=\"attachment wp-att-248787\"><img loading=\"lazy\" decoding=\"async\" class=\" wp-image-248787 alignleft\" src=\"https:\/\/www.radiopiu.net\/wordpress\/wp-content\/uploads\/2021\/12\/WhatsApp-Image-2021-12-16-at-15.47.39-169x300.jpeg\" alt=\"\" width=\"113\" height=\"201\" srcset=\"https:\/\/www.radiopiu.net\/wordpress\/wp-content\/uploads\/2021\/12\/WhatsApp-Image-2021-12-16-at-15.47.39-169x300.jpeg 169w, https:\/\/www.radiopiu.net\/wordpress\/wp-content\/uploads\/2021\/12\/WhatsApp-Image-2021-12-16-at-15.47.39-576x1024.jpeg 576w, https:\/\/www.radiopiu.net\/wordpress\/wp-content\/uploads\/2021\/12\/WhatsApp-Image-2021-12-16-at-15.47.39-768x1365.jpeg 768w, https:\/\/www.radiopiu.net\/wordpress\/wp-content\/uploads\/2021\/12\/WhatsApp-Image-2021-12-16-at-15.47.39-864x1536.jpeg 864w, https:\/\/www.radiopiu.net\/wordpress\/wp-content\/uploads\/2021\/12\/WhatsApp-Image-2021-12-16-at-15.47.39.jpeg 900w\" sizes=\"auto, (max-width: 113px) 100vw, 113px\" \/><\/a>PARTITA LA VACCINAZIONE ANTI COVID NEI BAMBINI DI 5-11 ANNI<\/h3>\n<p><strong>BELLUNO <\/strong>Ieri \u00e8 iniziata in Ulss Dolomiti \u00a0la vaccinazione anti covid anche nei bambini\u00a0 di 5-11 anni, con le prime somministrazioni negli studi dei pediatri e nel centro vaccinale di Sedico. Si ricordano le modalit\u00e0 di offerta: I seguenti pediatri inviteranno i bambini nei propri ambulatori mediante chiamata diretta alle famiglie: Cristina Bonello, Stefano Camurri, Gianpaolo Risdonne, Rita Signorini, Lucia Tessarotto, Emanuele Cherubin, Simonetta Cortivo, Benedetta Mongillo, Francesco Spacagna, \u00a0Filippina Trovato, \u00a0M.Giustina Simonetti I seguenti pediatri parteciperanno invece a sedute vaccinali dedicate, per ora fissate presso il Centro Vaccinale di Sedico: M.Cristina Comel , Paola Bonato, Marco Filippone, Erika Giacomelli, Flavia Grando, Carla Poggiato, Elena Rasori, Antonella Sebastianelli. I genitori dei bambini assistiti da questi pediatri potranno prenotare la vaccinazione accedendo al sito <a href=\"http:\/\/www.aulss1.veneto.it\">www.aulss1.veneto.it<\/a><\/p>\n<p>&nbsp;<\/p>\n<p>&nbsp;<\/p>\n<hr \/>\n<p>&nbsp;<\/p>\n<p><strong><span style=\"color: #ff0000;\">CASI DI COVID NELL&#8217;AGORDINO IN CONTINUO AGGIORNAMENTO<\/span><\/strong><\/p>\n<blockquote>\n<h3>RADDOPPIANO GLI ATTUALI POSITIVI IN TERRITORIO FODOM<\/h3>\n<\/blockquote>\n<p><strong>AGORDO 35 positivi 30 isolamento\u00a0 FALCADE: 5 positivi 3 isolamento\u00a0 VOLTAGO 2 positivi 4 isolamento GOSALDO 11 positivi 10 quarantena CANALE D&#8217;AGORDO 14 positivi 17 isolamento TAIBON 23 positivi 38 quarantena LIVINALLONGO 31 positivi 75 in isolamento\u00a0 CENCENIGHE 10 positivi 3\u00a0 isolamento COLLE SANTA LUCIA 3 positivi ROCCA PIETORE 11 positivi 11 isolamento ALLEGHE 5 positivi 7 isolamento VALLADA 3 positivi LA VALLE 14 positivi 12 isolamento RIVAMONTE 5 positivi 8 isolamento SELVA DI CADORE\u00a0 E SAN TOMASO zero casi<\/strong><\/p>\n<p>&nbsp;<\/p>\n<p>&nbsp;<\/p>\n<hr \/>\n<blockquote>\n<h3><\/h3>\n<h3>VACCINAZIONI ANTICOVID AD ACCESSO LIBERO A ROCCA E CENCENIGHE<\/h3>\n<\/blockquote>\n<p><strong>CENCENIGHE E ROCCA PIETORE\u00a0<\/strong> Per iniziativa dei medici di medicina generale (medici di famiglia) in collaborazione con l&#8217;amministrazione comunale, domenica dalle 9 alle 12 al Nof Filo&#8217; di Cencenighe, giornata di vaccinazioni anti covid per tutte le categoria vaccinabili, per prima e terza dose. Il medico di base \u00e8 disponibile a rispondere alle domande, a chiarire eventuali dubbi. Non dimenticarsi di portare la tessera sanitaria e la scheda anamnestica compilata. Informazioni www.aulss1.vento.it.<br \/>\nCon le stesse indicazioni giornata vaccinale a Rocca Pietore sabato dalle 14.30 alle 18 nella sede della protezione civile a Boscoverde.<\/p>\n\n\t\t\t<style type='text\/css'>\n\t\t\t\t#gallery-2 {\n\t\t\t\t\tmargin: auto;\n\t\t\t\t}\n\t\t\t\t#gallery-2 .gallery-item {\n\t\t\t\t\tfloat: left;\n\t\t\t\t\tmargin-top: 10px;\n\t\t\t\t\ttext-align: center;\n\t\t\t\t\twidth: 50%;\n\t\t\t\t}\n\t\t\t\t#gallery-2 img {\n\t\t\t\t\tborder: 2px solid #cfcfcf;\n\t\t\t\t}\n\t\t\t\t#gallery-2 .gallery-caption {\n\t\t\t\t\tmargin-left: 0;\n\t\t\t\t}\n\t\t\t\t\/* see gallery_shortcode() in wp-includes\/media.php *\/\n\t\t\t<\/style>\n\t\t<div id='gallery-2' class='dt-gallery-container gallery galleryid-248594 gallery-columns-2 gallery-size-thumbnail'><dl class='gallery-item'>\n\t\t\t\t<dt class='gallery-icon portrait'>\n\t\t\t\t\t<a class=\"rollover rollover-zoom dt-pswp-item\" title=\"068ad297-29ac-4a96-9828-a1a559d82020\" data-dt-img-description=\"\" data-large_image_width=\"720\" data-large_image_height=\"1600\"href='https:\/\/www.radiopiu.net\/wordpress\/wp-content\/uploads\/2021\/12\/068ad297-29ac-4a96-9828-a1a559d82020.jpg'><img loading=\"lazy\" decoding=\"async\" width=\"150\" height=\"150\" src=\"https:\/\/www.radiopiu.net\/wordpress\/wp-content\/uploads\/2021\/12\/068ad297-29ac-4a96-9828-a1a559d82020-150x150.jpg\" class=\"attachment-thumbnail size-thumbnail\" alt=\"\" \/><\/a>\n\t\t\t\t<\/dt><\/dl><dl class='gallery-item'>\n\t\t\t\t<dt class='gallery-icon portrait'>\n\t\t\t\t\t<a class=\"rollover rollover-zoom dt-pswp-item\" title=\"c310256b-5183-4800-9677-5b7903c7c018\" data-dt-img-description=\"\" data-large_image_width=\"724\" data-large_image_height=\"1024\"href='https:\/\/www.radiopiu.net\/wordpress\/wp-content\/uploads\/2021\/12\/c310256b-5183-4800-9677-5b7903c7c018.jpg'><img loading=\"lazy\" decoding=\"async\" width=\"150\" height=\"150\" src=\"https:\/\/www.radiopiu.net\/wordpress\/wp-content\/uploads\/2021\/12\/c310256b-5183-4800-9677-5b7903c7c018-150x150.jpg\" class=\"attachment-thumbnail size-thumbnail\" alt=\"\" \/><\/a>\n\t\t\t\t<\/dt><\/dl><br style=\"clear: both\" \/>\n\t\t\t<\/div>\n\n<p>&nbsp;<\/p>\n<hr \/>\n<p>&nbsp;<\/p>\n<p>&nbsp;<\/p>\n<blockquote>\n<h3>SALE IL CONTAGIO NELLE SCUOLE, PLESSI A RISCHIO QUARANTENA<\/h3>\n<\/blockquote>\n<p><strong><img loading=\"lazy\" decoding=\"async\" class=\"alignleft\" src=\"https:\/\/www.radiopiu.net\/wordpress\/wp-content\/uploads\/2020\/12\/ce2e1d43-a711-4eb8-9a36-15c6439836a8.jpg\" width=\"149\" height=\"112\" \/>VENEZIA<\/strong> Con una nota urgente la dottoressa Francesca Russo, Direttore del Servizio e Sanit\u00e0 Pubblica, ha informato le Aziende Ulss, Dirigenti Scolastici e Sindaci che in Regione si attesta una elevata incidenza covid in et\u00e0 scolare, soprattutto 6-10 anni (873 casi ogni 100mila abitanti di pari et\u00e0). Questo modifica le indicazioni per la quartantena e la tempistica di esecuzione dei test.\u00a0 Il Sisp potr\u00e0 procedere con la quarantena in una classe gi\u00e0 con 1 caso positivo e la quarantena per l&#8217;intero plesso qualora di verifichino pi\u00f9 casi\u00a0 nella stessa struttura.<\/p>\n<p>&nbsp;<\/p>\n\n\t\t\t<style type='text\/css'>\n\t\t\t\t#gallery-3 {\n\t\t\t\t\tmargin: auto;\n\t\t\t\t}\n\t\t\t\t#gallery-3 .gallery-item {\n\t\t\t\t\tfloat: left;\n\t\t\t\t\tmargin-top: 10px;\n\t\t\t\t\ttext-align: center;\n\t\t\t\t\twidth: 50%;\n\t\t\t\t}\n\t\t\t\t#gallery-3 img {\n\t\t\t\t\tborder: 2px solid #cfcfcf;\n\t\t\t\t}\n\t\t\t\t#gallery-3 .gallery-caption {\n\t\t\t\t\tmargin-left: 0;\n\t\t\t\t}\n\t\t\t\t\/* see gallery_shortcode() in wp-includes\/media.php *\/\n\t\t\t<\/style>\n\t\t<div id='gallery-3' class='dt-gallery-container gallery galleryid-248594 gallery-columns-2 gallery-size-medium'><dl class='gallery-item'>\n\t\t\t\t<dt class='gallery-icon landscape'>\n\t\t\t\t\t<a class=\"rollover rollover-zoom dt-pswp-item\" title=\"TABELLA AGGIORNATA POSITIVITA&#039; COVID 0-14 ANNI\" data-dt-img-description=\"\" data-large_image_width=\"1143\" data-large_image_height=\"434\"href='https:\/\/www.radiopiu.net\/wordpress\/wp-content\/uploads\/2021\/12\/TABELLA-AGGIORNATA-POSITIVITA-COVID-0-14-ANNI.jpeg'><img loading=\"lazy\" decoding=\"async\" width=\"300\" height=\"114\" src=\"https:\/\/www.radiopiu.net\/wordpress\/wp-content\/uploads\/2021\/12\/TABELLA-AGGIORNATA-POSITIVITA-COVID-0-14-ANNI-300x114.jpeg\" class=\"attachment-medium size-medium\" alt=\"\" aria-describedby=\"gallery-3-248769\" srcset=\"https:\/\/www.radiopiu.net\/wordpress\/wp-content\/uploads\/2021\/12\/TABELLA-AGGIORNATA-POSITIVITA-COVID-0-14-ANNI-300x114.jpeg 300w, https:\/\/www.radiopiu.net\/wordpress\/wp-content\/uploads\/2021\/12\/TABELLA-AGGIORNATA-POSITIVITA-COVID-0-14-ANNI-1024x389.jpeg 1024w, https:\/\/www.radiopiu.net\/wordpress\/wp-content\/uploads\/2021\/12\/TABELLA-AGGIORNATA-POSITIVITA-COVID-0-14-ANNI-768x292.jpeg 768w, https:\/\/www.radiopiu.net\/wordpress\/wp-content\/uploads\/2021\/12\/TABELLA-AGGIORNATA-POSITIVITA-COVID-0-14-ANNI.jpeg 1143w\" sizes=\"auto, (max-width: 300px) 100vw, 300px\" \/><\/a>\n\t\t\t\t<\/dt>\n\t\t\t\t\t<dd class='wp-caption-text gallery-caption' id='gallery-3-248769'>\n\t\t\t\t\tTABELLA AGGIORNATA POSITIVITA&#8217; COVID 0-14 ANNI\n\t\t\t\t\t<\/dd><\/dl><dl class='gallery-item'>\n\t\t\t\t<dt class='gallery-icon landscape'>\n\t\t\t\t\t<a class=\"rollover rollover-zoom dt-pswp-item\" title=\"TABELLA AGGIORNATA PRENOTAZIONE VACCINO PEDIATRICO\" data-dt-img-description=\"\" data-large_image_width=\"388\" data-large_image_height=\"343\"href='https:\/\/www.radiopiu.net\/wordpress\/wp-content\/uploads\/2021\/12\/TABELLA-AGGIORNATA-PRENOTAZIONE-VACCINO-PEDIATRICO.jpeg'><img loading=\"lazy\" decoding=\"async\" width=\"300\" height=\"265\" src=\"https:\/\/www.radiopiu.net\/wordpress\/wp-content\/uploads\/2021\/12\/TABELLA-AGGIORNATA-PRENOTAZIONE-VACCINO-PEDIATRICO-300x265.jpeg\" class=\"attachment-medium size-medium\" alt=\"\" aria-describedby=\"gallery-3-248770\" srcset=\"https:\/\/www.radiopiu.net\/wordpress\/wp-content\/uploads\/2021\/12\/TABELLA-AGGIORNATA-PRENOTAZIONE-VACCINO-PEDIATRICO-300x265.jpeg 300w, https:\/\/www.radiopiu.net\/wordpress\/wp-content\/uploads\/2021\/12\/TABELLA-AGGIORNATA-PRENOTAZIONE-VACCINO-PEDIATRICO.jpeg 388w\" sizes=\"auto, (max-width: 300px) 100vw, 300px\" \/><\/a>\n\t\t\t\t<\/dt>\n\t\t\t\t\t<dd class='wp-caption-text gallery-caption' id='gallery-3-248770'>\n\t\t\t\t\tTABELLA AGGIORNATA PRENOTAZIONE VACCINO PEDIATRICO\n\t\t\t\t\t<\/dd><\/dl><br style=\"clear: both\" \/>\n\t\t\t<\/div>\n\n<p>&nbsp;<\/p>\n<hr \/>\n<p>&nbsp;<\/p>\n<blockquote>\n<h3>GLI ANZIANI FODOM COSTRETTI A STRUTTURE DI RESIDENZA LONTANO DA CASA<\/h3>\n<\/blockquote>\n<p><strong>DI LORENZO SORATROI<\/strong><\/p>\n<p><strong><a href=\"https:\/\/www.radiopiu.net\/wordpress\/claudio-talamini-e-il-nuovo-direttore-di-villa-san-giuseppe\/ce6f6d29-7f34-4169-bc52-ed97a4fe7da7\/\" rel=\"attachment wp-att-200075\"><img loading=\"lazy\" decoding=\"async\" class=\"size-medium wp-image-200075 alignleft\" src=\"https:\/\/www.radiopiu.net\/wordpress\/wp-content\/uploads\/2021\/03\/ce6f6d29-7f34-4169-bc52-ed97a4fe7da7-300x165.jpg\" alt=\"\" width=\"300\" height=\"165\" srcset=\"https:\/\/www.radiopiu.net\/wordpress\/wp-content\/uploads\/2021\/03\/ce6f6d29-7f34-4169-bc52-ed97a4fe7da7-300x165.jpg 300w, https:\/\/www.radiopiu.net\/wordpress\/wp-content\/uploads\/2021\/03\/ce6f6d29-7f34-4169-bc52-ed97a4fe7da7.jpg 400w\" sizes=\"auto, (max-width: 300px) 100vw, 300px\" \/><\/a>LIVINALLONGO<\/strong> La denuncia dell\u2019ex consigliere comunale Egidio De Zaiacomo:\u201dFodomi esclusi dalla rsa Villa S.Giuseppe. Usiamo i soldi dei Fondi confine per costruire un centro polifunzionale.\u201d Dopo la viabilit\u00e0, l\u2019ex amministratore ed ex presidente della latteria di Renaz questa volta interviene sulle modalit\u00e0 di accesso alla casa di riposo Villa S.Giuseppe per gli anziani residenti a Fodom. \u201cSi sono verificati recentemente casi che hanno visto anziani costretti ad essere collocati in strutture distanti dalla propria casa e dai propri famigliari in quanto nella nostra casa di riposo non c\u2019erano posti disponibili. \u00c8 mai possibile &#8211; si chiede De Zaiacomo &#8211; che ci\u00f2 succeda in una struttura di propriet\u00e0 comunale voluta e costruita da un parroco per i fodomi, con molte donazioni di persone del posto, dopo che \u00e8 stata ceduta all\u2019Ulss 1 per mano di amministratori poco capaci? Ormai viviamo in una societ\u00e0 che non ha pi\u00f9 memoria storica e tanto meno lungimiranza per il futuro, che ristagna nel presente con spirito di rassegnazione come se il mondo dovesse fermarsi. Invece bisogna avere coraggio. E questo lo si trova nella consapevolezza e nella convinzione delle cose da fare. Una vera comunit\u00e0 deve investire nei giovani e tutelare i nostri anziani, che sono l\u2019anello debole della societ\u00e0. Se ora godiamo di un certo benessere, lo dobbiamo ai nostri vecchi merito delle loro fatiche e sacrifici. E a loro dobbiamo il nostro rispetto. Che senso ha \u2013 attacca &#8211; pensare di fare un centro wellness da 7-8 milioni di euro se poi lasciamo che i nostri vecchi vadano a morire fuori dal nostro comune? Qui, dove hanno sempre vissuto e lavorato per il nostro paese. Usiamo questi soldi per il bene della nostra gente e poi pensiamo al resto. Un albero, cresciuto per 80 anni in un posto, se trapiantato con le proprie radici altrove, muore. I nostri vecchi sono uguali. Hanno bisogno di sentirsi a casa, tra gente che parla lo stesso dialetto, coccolati dai propri cari e in vista delle proprie montagne. Certo, nessuno ha la pretesa di allungargli la vita ma una comunit\u00e0 che si rispetti ha l\u2019obbligo morale di rendergliela pi\u00f9 possibile serena. Tutti noi un giorno, se avremo fortuna, diventeremo vecchi e allora ci renderemo conto che averci pensato per tempo, forse ne valeva la pena. Ora, per riparare a questo grave problema, perch\u00e9 non destiniamo i fondi di confine ad un progetto di area vasta a servizio di tutti i comuni delle terre alte, per costruire nella frazione di Brenta un centro polifunzionale che possa ospitare i nostri anziani autosufficienti. Con un servizio mensa che con pochi euro possa garantire un pasto caldo anche a tutte quelle persone sole, che saranno sempre di pi\u00f9 e un posto dove socializzare, magari giocando a carte o semplicemente parlando insieme, senza doversi recare al bar. Il tutto garantito da un presidio sanitario H24. Si fa un gran parlare di spopolamento della montagna. Ebbene, questo sarebbe un ottimo esempio di concretezza che un\u2019amministrazione capace dovrebbe fare. Ricordiamoci, comunque, che non si pu\u00f2 evitare di invecchiare, per\u00f2 si pu\u00f2 evitare di diventar vecchi.<\/p>\n<p>&nbsp;<\/p>\n<p>&nbsp;<\/p>\n<hr \/>\n<blockquote>\n<h3><\/h3>\n<h3>SONO CIRCA 500 LE FAMIGLIE FELTRINE IN DIFFICOLTA&#8217; A CAUSA DEL COVID. IL COMUNE VIENE IN AIUTO<\/h3>\n<\/blockquote>\n<p><strong><a href=\"https:\/\/www.radiopiu.net\/wordpress\/sono-circa-500-le-famiglie-feltrine-in-difficolta-a-causa-del-covid-il-comune-viene-in-aiuto\/ca136f16-5fc1-4205-b925-856b0bdd9df4\/\" rel=\"attachment wp-att-248764\"><img loading=\"lazy\" decoding=\"async\" class=\"size-medium wp-image-248764 alignleft\" src=\"https:\/\/www.radiopiu.net\/wordpress\/wp-content\/uploads\/2021\/12\/ca136f16-5fc1-4205-b925-856b0bdd9df4-300x169.jpg\" alt=\"\" width=\"300\" height=\"169\" srcset=\"https:\/\/www.radiopiu.net\/wordpress\/wp-content\/uploads\/2021\/12\/ca136f16-5fc1-4205-b925-856b0bdd9df4-300x169.jpg 300w, https:\/\/www.radiopiu.net\/wordpress\/wp-content\/uploads\/2021\/12\/ca136f16-5fc1-4205-b925-856b0bdd9df4-1024x577.jpg 1024w, https:\/\/www.radiopiu.net\/wordpress\/wp-content\/uploads\/2021\/12\/ca136f16-5fc1-4205-b925-856b0bdd9df4-768x432.jpg 768w, https:\/\/www.radiopiu.net\/wordpress\/wp-content\/uploads\/2021\/12\/ca136f16-5fc1-4205-b925-856b0bdd9df4-1536x865.jpg 1536w, https:\/\/www.radiopiu.net\/wordpress\/wp-content\/uploads\/2021\/12\/ca136f16-5fc1-4205-b925-856b0bdd9df4.jpg 1600w\" sizes=\"auto, (max-width: 300px) 100vw, 300px\" \/><\/a>FELTRE<\/strong><\/p>\n<p>di Moreno Gioli<\/p>\n<audio class=\"wp-audio-shortcode\" id=\"audio-248594-2\" preload=\"none\" style=\"width: 100%;\" controls=\"controls\"><source type=\"audio\/mpeg\" src=\"https:\/\/www.radiopiu.net\/wordpress\/wp-content\/uploads\/2021\/12\/GIOLI-CONFERENZA-STAMPA-AIUTI-COVID-FELTRE.mp3?_=2\" \/><a href=\"https:\/\/www.radiopiu.net\/wordpress\/wp-content\/uploads\/2021\/12\/GIOLI-CONFERENZA-STAMPA-AIUTI-COVID-FELTRE.mp3\">https:\/\/www.radiopiu.net\/wordpress\/wp-content\/uploads\/2021\/12\/GIOLI-CONFERENZA-STAMPA-AIUTI-COVID-FELTRE.mp3<\/a><\/audio>\n<p>&nbsp;<\/p>\n<p><strong>GIORGIA LI CASTRI, ASSESSORE DEL COMUNE DI FELTRE<\/strong><\/p>\n<audio class=\"wp-audio-shortcode\" id=\"audio-248594-3\" preload=\"none\" style=\"width: 100%;\" controls=\"controls\"><source type=\"audio\/mpeg\" src=\"https:\/\/www.radiopiu.net\/wordpress\/wp-content\/uploads\/2021\/12\/GIORGIA-LI-CASTRI-ASSESSORE-FELTRE.mp3?_=3\" \/><a href=\"https:\/\/www.radiopiu.net\/wordpress\/wp-content\/uploads\/2021\/12\/GIORGIA-LI-CASTRI-ASSESSORE-FELTRE.mp3\">https:\/\/www.radiopiu.net\/wordpress\/wp-content\/uploads\/2021\/12\/GIORGIA-LI-CASTRI-ASSESSORE-FELTRE.mp3<\/a><\/audio>\n<p>&nbsp;<\/p>\n<hr \/>\n<p>&nbsp;<\/p>\n<blockquote>\n<h3>IL COMELICO NON PUO&#8217; RIMANERE ISOLATO<\/h3>\n<\/blockquote>\n<p><strong><a href=\"https:\/\/www.radiopiu.net\/wordpress\/i-sindaci-della-val-comelico-dicono-no-alla-chiusura-della-galleria-comelico\/3b611cf3-d387-4477-a464-8c8956fb55dc\/\" rel=\"attachment wp-att-248374\"><img loading=\"lazy\" decoding=\"async\" class=\" wp-image-248374 alignleft\" src=\"https:\/\/www.radiopiu.net\/wordpress\/wp-content\/uploads\/2021\/12\/3b611cf3-d387-4477-a464-8c8956fb55dc-300x225.jpg\" alt=\"\" width=\"239\" height=\"179\" srcset=\"https:\/\/www.radiopiu.net\/wordpress\/wp-content\/uploads\/2021\/12\/3b611cf3-d387-4477-a464-8c8956fb55dc-300x225.jpg 300w, https:\/\/www.radiopiu.net\/wordpress\/wp-content\/uploads\/2021\/12\/3b611cf3-d387-4477-a464-8c8956fb55dc-1024x768.jpg 1024w, https:\/\/www.radiopiu.net\/wordpress\/wp-content\/uploads\/2021\/12\/3b611cf3-d387-4477-a464-8c8956fb55dc-768x576.jpg 768w, https:\/\/www.radiopiu.net\/wordpress\/wp-content\/uploads\/2021\/12\/3b611cf3-d387-4477-a464-8c8956fb55dc-1536x1152.jpg 1536w, https:\/\/www.radiopiu.net\/wordpress\/wp-content\/uploads\/2021\/12\/3b611cf3-d387-4477-a464-8c8956fb55dc.jpg 2048w\" sizes=\"auto, (max-width: 239px) 100vw, 239px\" \/><\/a>BELLUNO\u00a0<\/strong> <em>\u00abDobbiamo restare uniti ed evitare fughe in avanti. Su una cosa siamo tutti d\u2019accordo, il Comelico non pu\u00f2 rimanere isolato\u00bb<\/em>. Lo affermano Mario Bonazzola del Pd del Cadore, la segretaria provinciale del Pd Monica Lotto e il deputato bellunese Roger De Menech. <em>\u00abLuned\u00ec parteciper\u00f2 alla riunione convocata a Santo Stefano di Cadore\u00bb,<\/em> anticipa De Menech.<em> \u00ab\u00c8 corretto l\u2019approccio di affrontare tutti insieme il problema come amministratori, rappresentanti dei cittadini e delle categorie economiche. Dividerci su questo tema sarebbe un inutile esercizio di stile e allontanerebbe le soluzioni invece che avvicinarle\u00bb. <\/em>L\u2019unione nella scelta delle priorit\u00e0, ricorda Monica Lotto, <em>\u00abci ha consentito in meno di venti anni di rifare a nuovo il tratto di statale tra Longarone e il Ponte Cadore e negli ultimi tre anni di trovare i finanziamenti e far partire i lavori per 70 milioni di euro sulle strade del Comelico. Potremo trovare una soluzione all\u2019annoso problema della connessione con il Comelico solo a patto di condividere le priorit\u00e0 ad ogni livello istituzionale\u00bb.\u00a0<\/em><\/p>\n<p>&nbsp;<\/p>\n<hr \/>\n<p>&nbsp;<\/p>\n<blockquote>\n<h3>BLOCCO DELLA GALLERIA, PRELUDIO ALLA CHIUSURA DELLE SCUOLE?<\/h3>\n<\/blockquote>\n<p><strong>COMELICO<\/strong> Riceviamo e volentieri pubblichiamo una presa di posizione dell&#8217;istituto <span id=\"page3R_mcid0\" class=\"markedContent\"><span dir=\"ltr\" role=\"presentation\"> Superiore Statale Enrico Fermi di Pieve di Cadore.<\/span><\/span><\/p>\n<blockquote><p><em><span id=\"page3R_mcid4\" class=\"markedContent\"><span dir=\"ltr\" role=\"presentation\"><a href=\"https:\/\/www.radiopiu.net\/wordpress\/chiudere-la-galleria-chiusura-al-preludio-anche-delle-scuole\/im_liceo\/\" rel=\"attachment wp-att-248687\"><img loading=\"lazy\" decoding=\"async\" class=\" wp-image-248687 alignleft\" src=\"https:\/\/www.radiopiu.net\/wordpress\/wp-content\/uploads\/2021\/12\/im_liceo-300x260.jpg\" alt=\"\" width=\"218\" height=\"189\" srcset=\"https:\/\/www.radiopiu.net\/wordpress\/wp-content\/uploads\/2021\/12\/im_liceo-300x260.jpg 300w, https:\/\/www.radiopiu.net\/wordpress\/wp-content\/uploads\/2021\/12\/im_liceo-768x665.jpg 768w, https:\/\/www.radiopiu.net\/wordpress\/wp-content\/uploads\/2021\/12\/im_liceo.jpg 793w\" sizes=\"auto, (max-width: 218px) 100vw, 218px\" \/><\/a>\u00abUna chiusura totale della galleria sarebbe un <\/span> <span dir=\"ltr\" role=\"presentation\">colpo durissimo alla sopravvivenza di queste scuole <\/span><span dir=\"ltr\" role=\"presentation\">che assicurano la quasi totalit\u00e0 dell\u2019offerta formativa superiore del nord est della provincia di <\/span><span dir=\"ltr\" role=\"presentation\">Belluno\u00bb. <\/span><\/span><span id=\"page3R_mcid5\" class=\"markedContent\"><span dir=\"ltr\" role=\"presentation\">Lo affermano, in una nota inviata ai sindaci del Centro Cadore e del Comelico, al presidente del<\/span><span dir=\"ltr\" role=\"presentation\">la <\/span><span dir=\"ltr\" role=\"presentation\">Magnifica Comunit\u00e0 di Cadore, al Presidente della Provincia di Belluno, al Prefetto di Belluno, al <\/span><span dir=\"ltr\" role=\"presentation\">Direttore generale dell\u2019Ufficio scolastico regionale, al Dirigente dell\u2019Ufficio scolastico territoriale di <\/span><span dir=\"ltr\" role=\"presentation\">Belluno, ad Anas Veneto, ai Dirigenti degli Ist<\/span><span dir=\"ltr\" role=\"presentation\">ituti comprensivi dell\u2019Ambito 9 Cadore e ai <\/span><span dir=\"ltr\" role=\"presentation\">parlamentai bellunesi, Mara De Lotto e Stefano Suani, rispettivamente Dirigente scolastico e <\/span><span dir=\"ltr\" role=\"presentation\">Presidente del Consiglio di Istituto dell\u2019Istituto di Istruzione Superiore Statale Enrico Fermi, realt\u00e0 <\/span><span dir=\"ltr\" role=\"presentation\">con sedi a Piev<\/span><span dir=\"ltr\" role=\"presentation\">e di Cadore e Santo Stefano di Cadore. <\/span><\/span><span id=\"page3R_mcid6\" class=\"markedContent\"><span dir=\"ltr\" role=\"presentation\">La nota fa seguito ad una delibera del Collegio dei Docenti dell\u2019Istituto, appositamente convocato <\/span><span dir=\"ltr\" role=\"presentation\">allo scopo di condividere la preoccupazione per le problematiche a cui gli studenti della scuola <\/span><span dir=\"ltr\" role=\"presentation\">andrebbero incontro <\/span><span dir=\"ltr\" role=\"presentation\">qualora si verificasse l\u2019ipotesi di chiusura della galleria Comelico. <\/span><\/span><span id=\"page3R_mcid7\" class=\"markedContent\"><span dir=\"ltr\" role=\"presentation\">\u00abL\u2019Istituto Superiore Enrico Fermi \u00e8 un polo scolastico che comprende cinque indirizzi di studio, un <\/span><span dir=\"ltr\" role=\"presentation\">liceo, due istituti tecnici e due istituti professionali, con due sedi distinte: due <\/span><span dir=\"ltr\" role=\"presentation\">plessi si trovano a Pieve <\/span><span dir=\"ltr\" role=\"presentation\">di Cadore, sedi del liceo scientifico, dell\u2019istituto tecnico tecnologico e dell\u2019istituto professionale per <\/span><span dir=\"ltr\" role=\"presentation\">i servizi socio sanitari, indirizzo ottico e uno a Santo Stefano di Cadore che comprende l\u2019istituto <\/span><span dir=\"ltr\" role=\"presentation\">tecnico economico e l\u2019i<\/span><span dir=\"ltr\" role=\"presentation\">stituto professionale per l\u2019industria e l\u2019artigianato per il Made in Italy con <\/span><span dir=\"ltr\" role=\"presentation\">curvatura Mobile e Arredamento\u00bb si legge nella nota. <\/span><\/span><span id=\"page3R_mcid8\" class=\"markedContent\"><span dir=\"ltr\" role=\"presentation\">\u00abIl bacino di utenza comprende studenti provenienti dal Comelico, dal Centro Cadore, dalla Val <\/span><span dir=\"ltr\" role=\"presentation\">Boite, da Cortina d\u2019Ampezzo,<\/span> <span dir=\"ltr\" role=\"presentation\">nonch\u00e9 da alcuni comuni del vicino Friuli, in particolare Sappada e <\/span><span dir=\"ltr\" role=\"presentation\">Forni di Sopra. Si tratta di una realt\u00e0 che coinvolge mediamente seicento studenti pi\u00f9 le rispettive <\/span><span dir=\"ltr\" role=\"presentation\">famiglie. La percentuale di pendolari che usufruisce della galleria \u00e8 rilevante. Sono <\/span><span dir=\"ltr\" role=\"presentation\">infatti molti gli <\/span><span dir=\"ltr\" role=\"presentation\">studenti che si recano quotidianamente a Pieve dal Comelico e dal Cadore a Santo Stefano. La <\/span><span dir=\"ltr\" role=\"presentation\">ventilata ipotesi di chiusura finirebbe per compromettere totalmente una situazione relativa a <\/span><\/span><span id=\"page16R_mcid0\" class=\"markedContent\"><span dir=\"ltr\" role=\"presentation\">trasporto gi\u00e0 di per s\u00e9 difficile. Bisogna ricord<\/span><span dir=\"ltr\" role=\"presentation\">are che il territorio in questione \u00e8 costituito da piccoli <\/span><span dir=\"ltr\" role=\"presentation\">paesi, i cui collegamenti richiedono gi\u00e0 adesso lunghi tempi di percorrenza. Come si pu\u00f2 dedurre, <\/span><span dir=\"ltr\" role=\"presentation\">una chi<\/span><span dir=\"ltr\" role=\"presentation\">u<\/span><span dir=\"ltr\" role=\"presentation\">sura totale <\/span><span dir=\"ltr\" role=\"presentation\">della galleria sarebbe pertanto un colpo durissimo per la stessa sopravvivenza <\/span><span dir=\"ltr\" role=\"presentation\">di <\/span><span dir=\"ltr\" role=\"presentation\">queste scuole. Ricordiamo che l\u2019Istituto Fermi assicura la quasi totalit\u00e0 dell\u2019offerta formativa <\/span><span dir=\"ltr\" role=\"presentation\">superiore del nord est della provincia di Belluno e sottolineiamo che i primi due anni dopo la terza <\/span><span dir=\"ltr\" role=\"presentation\">media sono parte integrante dell\u2019obbligo scolastico. <\/span><span dir=\"ltr\" role=\"presentation\">\u00c8 <\/span><span dir=\"ltr\" role=\"presentation\">in gioco pertanto lo stesso diritto costituzionale <\/span><span dir=\"ltr\" role=\"presentation\">allo studio per i nostri ragazzi\u00bb.\u00a0<\/span><\/span><\/em><\/p>\n<p>&nbsp;<\/p>\n<p>&nbsp;<\/p><\/blockquote>\n<hr \/>\n<p>&nbsp;<\/p>\n<h3><strong><a href=\"https:\/\/www.radiopiu.net\/wordpress\/e-morto-il-professor-elio-dauru-il-presidente-della-provincia-e-della-comunita-montana-agordina\/elio_dauru\/\" rel=\"attachment wp-att-248331\"><img loading=\"lazy\" decoding=\"async\" class=\" wp-image-248331 alignleft\" src=\"https:\/\/www.radiopiu.net\/wordpress\/wp-content\/uploads\/2021\/12\/elio_dauru-300x298.jpg\" alt=\"\" width=\"161\" height=\"160\" srcset=\"https:\/\/www.radiopiu.net\/wordpress\/wp-content\/uploads\/2021\/12\/elio_dauru-300x298.jpg 300w, https:\/\/www.radiopiu.net\/wordpress\/wp-content\/uploads\/2021\/12\/elio_dauru-150x150.jpg 150w, https:\/\/www.radiopiu.net\/wordpress\/wp-content\/uploads\/2021\/12\/elio_dauru.jpg 526w\" sizes=\"auto, (max-width: 161px) 100vw, 161px\" \/><\/a><\/strong>IERI I FUNERALI DI ELIO DAURU&#8217;<\/h3>\n<p><strong>ROCCA PIETORE<\/strong> Si sono svolti ieri i funerali di Elio Daur\u00f9 e il sindaco di Rocca Pietore Andrea De Bernardin ha voluto ricordarlo.<\/p>\n<audio class=\"wp-audio-shortcode\" id=\"audio-248594-4\" preload=\"none\" style=\"width: 100%;\" controls=\"controls\"><source type=\"audio\/mpeg\" src=\"https:\/\/www.radiopiu.net\/wordpress\/wp-content\/uploads\/2021\/12\/DE-BERNARDIN-RICORDA-DAURU.mp3?_=4\" \/><a href=\"https:\/\/www.radiopiu.net\/wordpress\/wp-content\/uploads\/2021\/12\/DE-BERNARDIN-RICORDA-DAURU.mp3\">https:\/\/www.radiopiu.net\/wordpress\/wp-content\/uploads\/2021\/12\/DE-BERNARDIN-RICORDA-DAURU.mp3<\/a><\/audio>\n<p>&nbsp;<\/p>\n<p><strong>di Gianni Santomaso<\/strong><\/p>\n<audio class=\"wp-audio-shortcode\" id=\"audio-248594-5\" preload=\"none\" style=\"width: 100%;\" controls=\"controls\"><source type=\"audio\/mpeg\" src=\"https:\/\/www.radiopiu.net\/wordpress\/wp-content\/uploads\/2021\/12\/GIANNI-FUNERALI-ELIO-DAURU.mp3?_=5\" \/><a href=\"https:\/\/www.radiopiu.net\/wordpress\/wp-content\/uploads\/2021\/12\/GIANNI-FUNERALI-ELIO-DAURU.mp3\">https:\/\/www.radiopiu.net\/wordpress\/wp-content\/uploads\/2021\/12\/GIANNI-FUNERALI-ELIO-DAURU.mp3<\/a><\/audio>\n<p>&nbsp;<\/p>\n<p>&nbsp;<\/p>\n<hr \/>\n<p>&nbsp;<\/p>\n<blockquote>\n<h3>QUARANTENA E TAMPONE E IL CATTIVO SERVIZIO AL TURISMO E&#8217; SERVITO<\/h3>\n<\/blockquote>\n<p><strong><img loading=\"lazy\" decoding=\"async\" class=\"alignleft\" src=\"https:\/\/www.radiopiu.net\/wordpress\/wp-content\/uploads\/2019\/02\/bond1-e1550408229859.jpg\" width=\"318\" height=\"184\" \/>ROMA<\/strong>\u00a0 La decisione, al momento unilaterale, del governo italiano di imporre l\u2019obbligo del tampone e, per i soli non vaccinati, una quarantena di cinque giorni alle persone che provengono dagli stati europei sta trasformandosi in un boomerang per il turismo italiano, soprattutto perch\u00e9 \u00e8 arrivata senza alcun preavviso in un comparto economico dove la programmazione \u00e8 tutto. Mentre sono scattate le disdette a raffica, complice anche il dubbio sull\u2019andamento della pandemia da Covid che anche in Italia si \u00e8 rialzata con decisione, alberghi e agenzie di viaggio sono presi tra due fuochi: da una parte i clienti che disdicono le prenotazioni; dall\u2019altra, con le assunzioni di personale stagionale gi\u00e0 effettuate e i magazzini gi\u00e0 riforniti per servire clienti che non arriveranno mai.<em> &#8220;Per la serie, tristissima e purtroppo lunghissima &#8211; dice il Deputato di Forza Italia Dario Bond &#8211;\u00a0 delle decisioni di governo prese a uzzolo. Il problema maggiore \u00e8 per la stagione turistica invernale che, dopo un avvio promettente, ora sembra nuovamente avviata al fallimento, con l\u2019impossibilit\u00e0 di accogliere i turisti stranieri, mentre tra quelli nazionali diventa preponderante il numero di coloro che scelgono di non fare vacanze per paura della pandemia. Per non dire delle citt\u00e0 d\u2019arte, dipendenti in gran parte dal turismo estero&#8221;.<\/em> Ai colleghi Parlamentari Bond pone la domanda: era\u00a0cos\u00ec difficile, visto l\u2019andamento al rialzo della pandemia da qualche settimana, prevedere con un po\u2019 di anticipo i provvedimenti?\u00a0 &#8220;<em>Sarebbe bello\u00a0 &#8211; conclude &#8211;\u00a0 sapere se il governo Draghi, forte di questa decisione, ha gi\u00e0 predisposto un paracadute per i danni che subiranno le aziende (indotto compreso) le aziende operative in montagna, gi\u00e0 scottate da indennizzi giunti in ritardo e per giunta del tutto inadeguati a coprire i danni subiti.<\/em><\/p>\n<p>&nbsp;<\/p>\n<hr \/>\n<p>&nbsp;<\/p>\n<p>&nbsp;<\/p>\n<blockquote>\n<h3>ALLE SQUADRE SPORTIVE 50MILA EURO, L&#8217;AIUTO DEL COMUNE PER LA RISTRUTTURAZIONE DEGLI IMPIANTI<\/h3>\n<\/blockquote>\n<p><strong><img loading=\"lazy\" decoding=\"async\" class=\"alignleft\" src=\"https:\/\/www.radiopiu.net\/wordpress\/wp-content\/uploads\/2021\/10\/th-4.jpg\" width=\"185\" height=\"139\" \/>SEDICO<\/strong><\/p>\n<p><strong>DI DAMIANO TORMEN<\/strong><\/p>\n<audio class=\"wp-audio-shortcode\" id=\"audio-248594-6\" preload=\"none\" style=\"width: 100%;\" controls=\"controls\"><source type=\"audio\/mpeg\" src=\"https:\/\/www.radiopiu.net\/wordpress\/wp-content\/uploads\/2021\/12\/damiano-2.mp3?_=6\" \/><a href=\"https:\/\/www.radiopiu.net\/wordpress\/wp-content\/uploads\/2021\/12\/damiano-2.mp3\">https:\/\/www.radiopiu.net\/wordpress\/wp-content\/uploads\/2021\/12\/damiano-2.mp3<\/a><\/audio>\n<p>&nbsp;<\/p>\n<p>&nbsp;<\/p>\n<hr \/>\n<p>&nbsp;<\/p>\n<blockquote>\n<h3>COVID-19. STRETTA SUGLI ARRIVI DALL&#8217;ESTERO. DORMANN: \u00abARRABBIATO E DELUSO. PIU&#8217; CONTROLLI, MA NO A NUOVE RESTRIZIONI\u00bb<\/h3>\n<\/blockquote>\n<p>audio ALLA RADIO<\/p>\n<audio class=\"wp-audio-shortcode\" id=\"audio-248594-7\" preload=\"none\" style=\"width: 100%;\" controls=\"controls\"><source type=\"audio\/mpeg\" src=\"https:\/\/www.radiopiu.net\/wordpress\/wp-content\/uploads\/2021\/12\/Dorfmann-Controlli-arrivi-estero.mp3?_=7\" \/><a href=\"https:\/\/www.radiopiu.net\/wordpress\/wp-content\/uploads\/2021\/12\/Dorfmann-Controlli-arrivi-estero.mp3\">https:\/\/www.radiopiu.net\/wordpress\/wp-content\/uploads\/2021\/12\/Dorfmann-Controlli-arrivi-estero.mp3<\/a><\/audio>\n<blockquote><p>&nbsp;<\/p><\/blockquote>\n<p><strong><a href=\"https:\/\/www.radiopiu.net\/wordpress\/emergenza-covid-19-il-parlamento-europeo-approva-il-piano-di-interventi\/herbert-dorfmann-2-6\/\" rel=\"attachment wp-att-125055\"><img loading=\"lazy\" decoding=\"async\" class=\"size-medium wp-image-125055 alignleft\" src=\"https:\/\/www.radiopiu.net\/wordpress\/wp-content\/uploads\/2020\/03\/Herbert-Dorfmann-2-300x200.jpg\" alt=\"\" width=\"300\" height=\"200\" srcset=\"https:\/\/www.radiopiu.net\/wordpress\/wp-content\/uploads\/2020\/03\/Herbert-Dorfmann-2-300x200.jpg 300w, https:\/\/www.radiopiu.net\/wordpress\/wp-content\/uploads\/2020\/03\/Herbert-Dorfmann-2-1024x682.jpg 1024w, https:\/\/www.radiopiu.net\/wordpress\/wp-content\/uploads\/2020\/03\/Herbert-Dorfmann-2-768x512.jpg 768w, https:\/\/www.radiopiu.net\/wordpress\/wp-content\/uploads\/2020\/03\/Herbert-Dorfmann-2-1536x1024.jpg 1536w, https:\/\/www.radiopiu.net\/wordpress\/wp-content\/uploads\/2020\/03\/Herbert-Dorfmann-2.jpg 2000w\" sizes=\"auto, (max-width: 300px) 100vw, 300px\" \/><\/a>BRUXELLES<\/strong> L&#8217;annuncio di una stretta sugli arrivi dall&#8217;estero decisa negli ultimi giorni dall&#8217;Italia rischia di avere pesanti ripercussioni sul settore turistico nazionale, in particolare quello alpino e dolomitico in questo periodo di feste e settimane bianche. In queste ore, le associazioni di categoria di albergatori e impiantisti ha gi\u00e0 denunciato il rischio di veder sfumare le prenotazioni estere, dopo aver investito sul fronte dei controlli Green Pass base e rafforzato e assunto il personale. La decisione ha messo in allerta l&#8217;Unione Europea, che ha subito chiesto chiarimenti al Governo; anche l&#8217;europarlamentare Herbert Dorfmann critica la scelta italiana: \u00ab<em>Sono deluso e arrabbiato perch\u00e9 dopo quasi due anni di pandemia non siamo ancora riusciti a convincere gli Stati membri che sarebbe utile coordinare le azioni, soprattutto quando si parla di restrizione alla libera circolazione all&#8217;interno dell&#8217;Unione Europea. Non c&#8217;\u00e8 solo\u00a0 l&#8217;Italia; anche altri Stati hanno preso decisioni simili nelle ultime settimane. La scelta italiana per\u00f2 a mio avviso \u00e8 particolarmente grave perch\u00e9 non \u00e8 per nulla chiara: ad esempio, come verranno trattate le persone che devono attraversare il confine per motivi lavorativi? Le questioni aperte sono tante, e abbiamo visto come sia praticamente impossibile fermare l&#8217;arrivo nei territorio delle mutazioni: lo abbiamo visto con la Delta e lo vediamo oggi con Omicron. La decisione corretta, se si vuole veramente controllare, \u00e8 quella di seguire le regole europee, cio\u00e8 l&#8217;accettazione del Green pass europeo e la richiesta di test a chi \u00e8 non \u00e8 vaccinato. Dalla mia personale esperienza, posso dire che oggi i controlli ai confini sono molto deboli: sarebbe il caso quindi di potenziare i controlli gi\u00e0 esistenti anzich\u00e9 introdurre regole nuove, che aumentano anche incombenze per i controllori rendendo cos\u00ec anche pi\u00f9 difficili le verifiche<\/em>\u00bb.<\/p>\n<p>&nbsp;<\/p>\n<p>&nbsp;<\/p>\n<hr \/>\n<p>&nbsp;<\/p>\n<blockquote>\n<h2>CON BIM GSP AVANZANO I LAVORI AL DEPURATORE<\/h2>\n<\/blockquote>\n<blockquote><p>Sommavilla\u00a0<em> &#8220;A chi verr\u00e0 dopo di noi, a cui dobbiamo garantire infrastrutture efficienti e in buono stato, ma anche un ambiente vivibile e sostenibile\u201d\u00a0<\/em><\/p><\/blockquote>\n<p><strong>BELLUNO \u00a0<\/strong>Proseguono\u00a0 nonostante il freddo e la neve i lavori di Bim Gsp al depuratore di Oselete. Il cantiere, avviato a maggio 2021 e del valore complessivo di 2 milioni di euro, porter\u00e0 all\u2019ampliamento e alla ristrutturazione dell\u2019impianto esistente, ormai datato, per aumentarne la capacit\u00e0 depurativa e trattare, di conseguenza, buona parte dei reflui del territorio comunale. L\u2019impianto, a opere ultimate, avr\u00e0 una potenzialit\u00e0 di trattamento di 9.700 abitanti equivalenti e, grazie alla condotta lunga 1600 metri gi\u00e0 posata nel 2019, permetter\u00e0 la dismissione del depuratore di Meli. <em>\u201cUn\u2019opera strategica \u2013 spiega Attilio Sommavilla, presidente di Bim Gsp \u2013 che permetter\u00e0 di centralizzare in un unico impianto moderno e ben strutturato il trattamento dei reflui di buona parte del comune di Sedico che, non dimentichiamolo, \u00e8 il terzo pi\u00f9 popolato della provincia ed \u00e8 in forte crescita in termini di espansione residenziale e produttiva. Rilevanti i vantaggi che porter\u00e0 l\u2019intervento una volta ultimato: diminuiranno i costi di gestione ed energetici, ma soprattutto migliorer\u00e0 la qualit\u00e0 dell\u2019acqua restituita in natura, a tutela dell\u2019ambiente e dei nostri corsi d\u2019acqua, naturali ricettori del processo depurativo&#8221;.\u00a0<\/em><\/p>\n\n\t\t\t<style type='text\/css'>\n\t\t\t\t#gallery-4 {\n\t\t\t\t\tmargin: auto;\n\t\t\t\t}\n\t\t\t\t#gallery-4 .gallery-item {\n\t\t\t\t\tfloat: left;\n\t\t\t\t\tmargin-top: 10px;\n\t\t\t\t\ttext-align: center;\n\t\t\t\t\twidth: 50%;\n\t\t\t\t}\n\t\t\t\t#gallery-4 img {\n\t\t\t\t\tborder: 2px solid #cfcfcf;\n\t\t\t\t}\n\t\t\t\t#gallery-4 .gallery-caption {\n\t\t\t\t\tmargin-left: 0;\n\t\t\t\t}\n\t\t\t\t\/* see gallery_shortcode() in wp-includes\/media.php *\/\n\t\t\t<\/style>\n\t\t<div id='gallery-4' class='dt-gallery-container gallery galleryid-248594 gallery-columns-2 gallery-size-thumbnail'><dl class='gallery-item'>\n\t\t\t\t<dt class='gallery-icon landscape'>\n\t\t\t\t\t<a class=\"rollover rollover-zoom dt-pswp-item\" title=\"cantiere_depuratore_sedico_2\" data-dt-img-description=\"\" data-large_image_width=\"1134\" data-large_image_height=\"850\"href='https:\/\/www.radiopiu.net\/wordpress\/wp-content\/uploads\/2021\/12\/cantiere_depuratore_sedico_2.jpg'><img loading=\"lazy\" decoding=\"async\" width=\"150\" height=\"150\" src=\"https:\/\/www.radiopiu.net\/wordpress\/wp-content\/uploads\/2021\/12\/cantiere_depuratore_sedico_2-150x150.jpg\" class=\"attachment-thumbnail size-thumbnail\" alt=\"\" \/><\/a>\n\t\t\t\t<\/dt><\/dl><dl class='gallery-item'>\n\t\t\t\t<dt class='gallery-icon landscape'>\n\t\t\t\t\t<a class=\"rollover rollover-zoom dt-pswp-item\" title=\"cantiere_depuratore_sedico_4\" data-dt-img-description=\"\" data-large_image_width=\"945\" data-large_image_height=\"930\"href='https:\/\/www.radiopiu.net\/wordpress\/wp-content\/uploads\/2021\/12\/cantiere_depuratore_sedico_4.jpg'><img loading=\"lazy\" decoding=\"async\" width=\"150\" height=\"150\" src=\"https:\/\/www.radiopiu.net\/wordpress\/wp-content\/uploads\/2021\/12\/cantiere_depuratore_sedico_4-150x150.jpg\" class=\"attachment-thumbnail size-thumbnail\" alt=\"\" \/><\/a>\n\t\t\t\t<\/dt><\/dl><br style=\"clear: both\" \/><dl class='gallery-item'>\n\t\t\t\t<dt class='gallery-icon landscape'>\n\t\t\t\t\t<a class=\"rollover rollover-zoom dt-pswp-item\" title=\"cantiere_depuratore_sedico_1\" data-dt-img-description=\"\" data-large_image_width=\"1134\" data-large_image_height=\"850\"href='https:\/\/www.radiopiu.net\/wordpress\/wp-content\/uploads\/2021\/12\/cantiere_depuratore_sedico_1.jpg'><img loading=\"lazy\" decoding=\"async\" width=\"150\" height=\"150\" src=\"https:\/\/www.radiopiu.net\/wordpress\/wp-content\/uploads\/2021\/12\/cantiere_depuratore_sedico_1-150x150.jpg\" class=\"attachment-thumbnail size-thumbnail\" alt=\"\" \/><\/a>\n\t\t\t\t<\/dt><\/dl><dl class='gallery-item'>\n\t\t\t\t<dt class='gallery-icon landscape'>\n\t\t\t\t\t<a class=\"rollover rollover-zoom dt-pswp-item\" title=\"cantiere_depuratore_sedico_3\" data-dt-img-description=\"\" data-large_image_width=\"945\" data-large_image_height=\"708\"href='https:\/\/www.radiopiu.net\/wordpress\/wp-content\/uploads\/2021\/12\/cantiere_depuratore_sedico_3.jpg'><img loading=\"lazy\" decoding=\"async\" width=\"150\" height=\"150\" src=\"https:\/\/www.radiopiu.net\/wordpress\/wp-content\/uploads\/2021\/12\/cantiere_depuratore_sedico_3-150x150.jpg\" class=\"attachment-thumbnail size-thumbnail\" alt=\"\" \/><\/a>\n\t\t\t\t<\/dt><\/dl><br style=\"clear: both\" \/>\n\t\t\t<\/div>\n\n<p>&nbsp;<\/p>\n<hr \/>\n<p>&nbsp;<\/p>\n<blockquote>\n<h3>BANDA ULTRALARGA, D&#8217;INCA&#8217; E PADRIN INCONTRANO INFRATEL<\/h3>\n<\/blockquote>\n<p><a href=\"https:\/\/www.radiopiu.net\/wordpress\/la-fibra-ottica-raggiunge-vallada\/istockphoto-1157011931-170667a\/\" rel=\"attachment wp-att-197410\"><img loading=\"lazy\" decoding=\"async\" class=\"wp-image-197410 alignleft\" src=\"https:\/\/www.radiopiu.net\/wordpress\/wp-content\/uploads\/2021\/03\/istockphoto-1157011931-170667a-300x200.jpg\" alt=\"\" width=\"293\" height=\"195\" srcset=\"https:\/\/www.radiopiu.net\/wordpress\/wp-content\/uploads\/2021\/03\/istockphoto-1157011931-170667a-300x200.jpg 300w, https:\/\/www.radiopiu.net\/wordpress\/wp-content\/uploads\/2021\/03\/istockphoto-1157011931-170667a.jpg 508w\" sizes=\"auto, (max-width: 293px) 100vw, 293px\" \/><\/a><\/p>\n<p><strong>BELLUNO<\/strong>\u00a0 Il Ministro Federico D&#8217;Inc\u00e0 a margine dell&#8217;incontro romano con Infratel sottolina quanto sia indispensabile proseguire il percorso avviato sul Piano della Banda Ultralarga, senza rallentamenti, per garantire un servizio necessario ai\u00a0 territori che hanno bisogno di infrastrutture adeguate per migliorare la vita di cittadini e la competitivit\u00e0 delle imprese.<em> &#8220;Dall\u2019ultimo tavolo con Infratel &#8211; dice il Ministro per\u00a0 i Rapporti con il Parlamento &#8211;\u00a0 con cui mi sono confrontato assieme al presidente della Provincia di Belluno, Roberto Padrin, \u00e8 emerso che nel Bellunese \u00e8 stato realizzato, a livello economico, il 73% delle opere in fibra e in wireless su un valore complessivo di quasi 24 milioni di euro di opere ordinate. Uno stato di avanzamento significativo, come ci \u00e8 stato confermato dai vertici di Infratel su cui si interverr\u00e0 ulteriormente grazie alle risorse previste dal Piano nazionale di ripresa e resilienza\u00bb. <\/em>Un vertice, quello a Roma,\u00a0 per fare il punto della situazione sul Piano Banda Ultralarga in Veneto e in particolare nel Bellunese. Dei progetti esecutivi approvati in provincia di Belluno, 26 risultano gi\u00e0 conclusi. <em>\u00abL\u2019urgenza a questo punto \u00e8 arrivare a coprire le zone industriali, dalle quali ho ricevuto diverse sollecitazioni &#8211; afferma il presidente della Provincia, Roberto Padrin -. Per un territorio vasto e frammentato come il nostro, l\u2019infrastruttura digitale risulta fondamentale per superare l\u2019isolamento&#8221;.<\/em>\u00a0 La Provincia condivider\u00e0 con le imprese del territorio ulteriori necessit\u00e0 in un prossimo incontro, che verr\u00e0 calendarizzato entro i primi mesi del 2022.<\/p>\n<p>&nbsp;<\/p>\n<p>&nbsp;<\/p>\n<hr \/>\n<p>&nbsp;<\/p>\n<blockquote>\n<h3>PISTA CICLABILE, AL VIA I LAVORI TRA SOVERZENE E SOCCHER<\/h3>\n<\/blockquote>\n<p><b><a href=\"https:\/\/www.radiopiu.net\/wordpress\/giornale-radiopiu-17-dicembre-2021-direttore-mirko-mezzacasa\/pista_ciclabile_1-2\/\" rel=\"attachment wp-att-248691\"><img loading=\"lazy\" decoding=\"async\" class=\"size-medium wp-image-248691 alignleft\" src=\"https:\/\/www.radiopiu.net\/wordpress\/wp-content\/uploads\/2021\/12\/Pista_ciclabile_1-300x165.jpg\" alt=\"\" width=\"300\" height=\"165\" srcset=\"https:\/\/www.radiopiu.net\/wordpress\/wp-content\/uploads\/2021\/12\/Pista_ciclabile_1-300x165.jpg 300w, https:\/\/www.radiopiu.net\/wordpress\/wp-content\/uploads\/2021\/12\/Pista_ciclabile_1.jpg 739w\" sizes=\"auto, (max-width: 300px) 100vw, 300px\" \/><\/a>PONTE NELLE ALPI\u00a0 <\/b>Sono iniziati i lavori di ripristino della ciclabile tra Soverzene e Soccher. L\u2019opera, tanto attesa, contribuir\u00e0 a riunire anche fisicamente le due comunit\u00e0. Ed \u00e8 destinata ad aprire nuove prospettive in termini di sviluppo ciclo-turistico, se \u00e8 vero che il tratto \u00e8 inserito all\u2019interno della Monaco-Venezia.<span class=\"gmail-Apple-converted-space\"> \u00a0<\/span>Per questo intervento di particolare rilievo, il Comune di Soverzene ha ricevuto dalla Protezione civile, tramite la Regione Veneto, un contributo di 1 milione di euro, a cui si aggiunge un ulteriore contributo di 300mila euro per il Comune di Ponte nelle Alpi.<span class=\"gmail-Apple-converted-space\">\u00a0 I<\/span>\u00a0cantieri, andranno avanti per l\u2019intera stagione invernale, mentre la scogliera dovrebbe prendere forma entro il mese di marzo. A quel punto si potr\u00e0 procedere con la stesura del manto ciclabile e, se non dovessero esserci intoppi o rallentamenti causati dal meteo, a fine aprile sar\u00e0 possibile pedalare di nuovo lungo la Soverzene-Soccher.<span class=\"gmail-Apple-converted-space\">\u00a0<\/span><\/p>\n<blockquote><p><em>I due sindaci, Gianni Burigo di Soverzene e Paolo Vendramini di Ponte nelle Alpi, esprimono \u00abgrande soddisfazione rispetto a un\u2019opera di assoluta importanza per i nostri territori\u00bb.<\/em><span class=\"gmail-Apple-converted-space\"><em>\u00a0<\/em><\/span><\/p><\/blockquote>\n<p>&nbsp;<\/p>\n<hr \/>\n<p>&nbsp;<\/p>\n<blockquote class=\"wp-embedded-content\" data-secret=\"pw00adUePP\"><p><a href=\"https:\/\/www.radiopiu.net\/wordpress\/aggiornamentonazdic16\/\">CORONAVIRUS: AGGIORNAMENTO NAZIONALE 16 DICEMBRE  2021<\/a><\/p><\/blockquote>\n<p><iframe loading=\"lazy\" class=\"wp-embedded-content\" sandbox=\"allow-scripts\" security=\"restricted\" style=\"position: absolute; clip: rect(1px, 1px, 1px, 1px);\" title=\"&#8220;CORONAVIRUS: AGGIORNAMENTO NAZIONALE 16 DICEMBRE  2021&#8221; &#8212; Radio Pi\u00f9\" src=\"https:\/\/www.radiopiu.net\/wordpress\/aggiornamentonazdic16\/embed\/#?secret=pw00adUePP\" data-secret=\"pw00adUePP\" width=\"600\" height=\"338\" frameborder=\"0\" marginwidth=\"0\" marginheight=\"0\" scrolling=\"no\"><\/iframe><\/p>\n<p>&nbsp;<\/p>\n<blockquote class=\"wp-embedded-content\" data-secret=\"UMp4xR60vH\"><p><a href=\"https:\/\/www.radiopiu.net\/wordpress\/agg121221ssszza\/\">AUMENTA IL NUMERO DI PAZIENTI GRAVI, 15 RICOVERI IN TERPIA INTESIVA NELLE 24 ORE, 22 I DECESSI. 137 CASI A BELLUNO<\/a><\/p><\/blockquote>\n<p><iframe loading=\"lazy\" class=\"wp-embedded-content\" sandbox=\"allow-scripts\" security=\"restricted\" style=\"position: absolute; clip: rect(1px, 1px, 1px, 1px);\" title=\"&#8220;AUMENTA IL NUMERO DI PAZIENTI GRAVI, 15 RICOVERI IN TERPIA INTESIVA NELLE 24 ORE, 22 I DECESSI. 137 CASI A BELLUNO&#8221; &#8212; Radio Pi\u00f9\" src=\"https:\/\/www.radiopiu.net\/wordpress\/agg121221ssszza\/embed\/#?secret=UMp4xR60vH\" data-secret=\"UMp4xR60vH\" width=\"600\" height=\"338\" frameborder=\"0\" marginwidth=\"0\" marginheight=\"0\" scrolling=\"no\"><\/iframe><\/p>\n<p>&nbsp;<\/p>\n<h2>I GRAFICI DI TIZIANO DE COL<\/h2>\n\n\t\t\t<style type='text\/css'>\n\t\t\t\t#gallery-5 {\n\t\t\t\t\tmargin: auto;\n\t\t\t\t}\n\t\t\t\t#gallery-5 .gallery-item {\n\t\t\t\t\tfloat: left;\n\t\t\t\t\tmargin-top: 10px;\n\t\t\t\t\ttext-align: center;\n\t\t\t\t\twidth: 33%;\n\t\t\t\t}\n\t\t\t\t#gallery-5 img {\n\t\t\t\t\tborder: 2px solid #cfcfcf;\n\t\t\t\t}\n\t\t\t\t#gallery-5 .gallery-caption {\n\t\t\t\t\tmargin-left: 0;\n\t\t\t\t}\n\t\t\t\t\/* see gallery_shortcode() in wp-includes\/media.php *\/\n\t\t\t<\/style>\n\t\t<div id='gallery-5' class='dt-gallery-container gallery galleryid-248594 gallery-columns-3 gallery-size-thumbnail'><dl class='gallery-item'>\n\t\t\t\t<dt class='gallery-icon landscape'>\n\t\t\t\t\t<a class=\"rollover\" href='https:\/\/www.radiopiu.net\/wordpress\/la-luna-illumina-le-sere-di-dicembre-di-manuel-conedera-video\/8e57ba79-dab9-49db-b744-1871065382f4\/'><img loading=\"lazy\" decoding=\"async\" width=\"150\" height=\"150\" src=\"https:\/\/www.radiopiu.net\/wordpress\/wp-content\/uploads\/2021\/12\/8e57ba79-dab9-49db-b744-1871065382f4-150x150.jpg\" class=\"attachment-thumbnail size-thumbnail\" alt=\"\" \/><\/a>\n\t\t\t\t<\/dt><\/dl><dl class='gallery-item'>\n\t\t\t\t<dt class='gallery-icon landscape'>\n\t\t\t\t\t<a class=\"rollover\" href='https:\/\/www.radiopiu.net\/wordpress\/la-luna-illumina-le-sere-di-dicembre-di-manuel-conedera-video\/ee7de5ae-04b5-40c4-8205-a579cae4ee4b\/'><img loading=\"lazy\" decoding=\"async\" width=\"150\" height=\"150\" src=\"https:\/\/www.radiopiu.net\/wordpress\/wp-content\/uploads\/2021\/12\/ee7de5ae-04b5-40c4-8205-a579cae4ee4b-150x150.jpg\" class=\"attachment-thumbnail size-thumbnail\" alt=\"\" \/><\/a>\n\t\t\t\t<\/dt><\/dl><dl class='gallery-item'>\n\t\t\t\t<dt class='gallery-icon landscape'>\n\t\t\t\t\t<a class=\"rollover\" href='https:\/\/www.radiopiu.net\/wordpress\/la-luna-illumina-le-sere-di-dicembre-di-manuel-conedera-video\/14c595f0-3de5-4465-b4c4-49a61b1d3c23\/'><img loading=\"lazy\" decoding=\"async\" width=\"150\" height=\"150\" src=\"https:\/\/www.radiopiu.net\/wordpress\/wp-content\/uploads\/2021\/12\/14c595f0-3de5-4465-b4c4-49a61b1d3c23-150x150.jpg\" class=\"attachment-thumbnail size-thumbnail\" alt=\"\" \/><\/a>\n\t\t\t\t<\/dt><\/dl><br style=\"clear: both\" \/><dl class='gallery-item'>\n\t\t\t\t<dt class='gallery-icon landscape'>\n\t\t\t\t\t<a class=\"rollover\" href='https:\/\/www.radiopiu.net\/wordpress\/la-luna-illumina-le-sere-di-dicembre-di-manuel-conedera-video\/d590a935-0237-434e-bc66-b16efda690cf\/'><img loading=\"lazy\" decoding=\"async\" width=\"150\" height=\"150\" src=\"https:\/\/www.radiopiu.net\/wordpress\/wp-content\/uploads\/2021\/12\/d590a935-0237-434e-bc66-b16efda690cf-150x150.jpg\" class=\"attachment-thumbnail size-thumbnail\" alt=\"\" \/><\/a>\n\t\t\t\t<\/dt><\/dl><dl class='gallery-item'>\n\t\t\t\t<dt class='gallery-icon landscape'>\n\t\t\t\t\t<a class=\"rollover\" href='https:\/\/www.radiopiu.net\/wordpress\/la-luna-illumina-le-sere-di-dicembre-di-manuel-conedera-video\/41c745f8-1c5a-491f-8f86-d8ef9611dfb6\/'><img loading=\"lazy\" decoding=\"async\" width=\"150\" height=\"150\" src=\"https:\/\/www.radiopiu.net\/wordpress\/wp-content\/uploads\/2021\/12\/41c745f8-1c5a-491f-8f86-d8ef9611dfb6-150x150.jpg\" class=\"attachment-thumbnail size-thumbnail\" alt=\"\" \/><\/a>\n\t\t\t\t<\/dt><\/dl>\n\t\t\t\t<br style='clear: both' \/>\n\t\t\t<\/div>\n\n<h3><\/h3>\n<h3>RAPPORTO TAMPONI-CASI NELLE REGIONI<\/h3>\n<a href=\"https:\/\/www.radiopiu.net\/wordpress\/wp-content\/uploads\/2021\/12\/Confronto-tamponi-Regioni-PA_16.12.2021.pdf\" class=\"pdfemb-viewer\" style=\"\" data-width=\"max\" data-height=\"max\" data-toolbar=\"top\" data-toolbar-fixed=\"on\">Confronto tamponi Regioni-PA_16.12.2021<\/a>\n<p>&nbsp;<\/p>\n<hr \/>\n<p>&nbsp;<\/p>\n<blockquote>\n<h3><strong>SCI.\u00a0 FINANZIATI DUE NUOVI IMPIANTI DI RISALITA\u00a0<\/strong><\/h3>\n<\/blockquote>\n<p><strong>VENEZIA\u00a0<\/strong> La giunta regionale ha ammesso a finanziamento i primi due progetti del bando \u201cInterventi a valenza strategica regionale &#8211; nuovi impianti di risalita e ammodernamento di impianti esistenti\u201d, promosso per concedere contributi, in conto capitale, destinati allo sviluppo delle aree sciistiche attrezzate. Si tratta di un primo investimento del valore di 8 milioni di euro che finanzier\u00e0 la realizzazione della nuova Cabinovia ad agganciamento automatico GD10, per il collegamento \u201cCortina-Socrapes\u201d, proposto dall\u2019azienda Dolomiti Rete Srl e il contributo per l\u2019acquisto e l\u2019installazione della nuova funivia bifune del tipo speciale \u201cFunifor\u201d \u201cValgrandestaunies\u201d che verr\u00e0 realizzata dall\u2019azienda Faloria Spa. La giunta ha inoltre avviato la procedura per reperire ulteriori 19 milioni di euro, nell\u2019ambito della programmazione FSC, il cui stanziamento potr\u00e0 avvenire una volta concluso l\u2019iter previsto, anche in sede CIPESS (il dipartimento per la programmazione e il coordinamento della politica economica). L\u2019obbiettivo \u00e8 quello di poter finanziare ulteriori interventi, ammessi nella graduatoria di merito approvata nel corso del 2021.<\/p>\n<p>&nbsp;<\/p>\n<hr \/>\n<p>&nbsp;<\/p>\n<blockquote>\n<h2><strong>NUOVA LEGGE REGIONALE PROTEZIONE CIVILE<\/strong><\/h2>\n<\/blockquote>\n<p><em><strong><a href=\"https:\/\/www.radiopiu.net\/wordpress\/giornale-radiopiu-13-settembre-2021-direttore-mirko-mezzacasa\/gianpaolo-bottacin-soggettiva-1\/\" rel=\"attachment wp-att-231832\"><img loading=\"lazy\" decoding=\"async\" class=\"wp-image-231832 alignleft\" src=\"https:\/\/www.radiopiu.net\/wordpress\/wp-content\/uploads\/2021\/09\/Gianpaolo-Bottacin-soggettiva-1-300x200.jpg\" alt=\"\" width=\"197\" height=\"131\" srcset=\"https:\/\/www.radiopiu.net\/wordpress\/wp-content\/uploads\/2021\/09\/Gianpaolo-Bottacin-soggettiva-1-300x200.jpg 300w, https:\/\/www.radiopiu.net\/wordpress\/wp-content\/uploads\/2021\/09\/Gianpaolo-Bottacin-soggettiva-1-1024x682.jpg 1024w, https:\/\/www.radiopiu.net\/wordpress\/wp-content\/uploads\/2021\/09\/Gianpaolo-Bottacin-soggettiva-1-768x512.jpg 768w, https:\/\/www.radiopiu.net\/wordpress\/wp-content\/uploads\/2021\/09\/Gianpaolo-Bottacin-soggettiva-1-1536x1024.jpg 1536w, https:\/\/www.radiopiu.net\/wordpress\/wp-content\/uploads\/2021\/09\/Gianpaolo-Bottacin-soggettiva-1.jpg 2000w\" sizes=\"auto, (max-width: 197px) 100vw, 197px\" \/><\/a>\u00a0BOTTACIN &#8220;Pronti ad andare in aula per l&#8217;approvazione finale da parte del Consiglio regionale e auspico che anche i voti di astensione riscontrati in Commissione possano diventare favorevoli&#8221;<\/strong><\/em><\/p>\n<p><strong>VENEZIA<\/strong>\u00a0 <em>&#8220;Con soddisfazione posso affermare che ci stiamo avvicinando alla conclusione di un percorso importante che definisce con legge quanto gi\u00e0 collaudato in varie occasioni e normato con atti amministrativi<\/em>&#8220;. A dirlo, l&#8217;assessore Gianpaolo Bottacin a conclusione della giornata di lavori della Seconda Commissione consiliare, durante la quale \u00e8 stato approvato, senza voti contrari, il progetto di legge regionale che disciplina le attivit\u00e0 di Protezione Civile, legge che declina \u00a0con puntualit\u00e0 anche gli aspetti territoriali. <em>&#8220;incentra il suo focus sulla prevenzione &#8211; conclude Bottacin &#8211; ma d\u00e0 anche peso alle singole esigenze del territorio e al ruolo del volontariato&#8221;.\u00a0<\/em><\/p>\n<p>&nbsp;<\/p>\n<p>&nbsp;<\/p>\n<hr \/>\n<blockquote>\n<h3><\/h3>\n<h3>DOMANI MATTINA IN MUNICIPIO A COLLE SANTA LUCIA<\/h3>\n<\/blockquote>\n<p><strong>COLLE SANTA LUCIA<\/strong>\u00a0 Domani mattina alle 8 consiglio comunale convocato dal sindaco Paolo Frena, all&#8217;ordine del giorno: ricognizione partecipazioni possedute; approvazione piano alienazioni immobiliari; addizionale Irpef, conferma Imu, verifica aree fabbricabili, affidamento incarichi esterni, programma triennale opere pubbliche, approvazione del DUP e del bilancio di previsioni. Comunicazioni del sindaco.<\/p>\n<p>&nbsp;<\/p>\n<hr \/>\n<p>&nbsp;<\/p>\n<p>&nbsp;<\/p>\n<blockquote>\n<h3>LA GUARDIA DI FINANZA RECLUTA ALLIEVI TECNICI DI SOCCORSO ALPINO<\/h3>\n<p><em>Il concorso costituisce una valida opportunit\u00e0 di inserimento, nello scenario lavorativo, per i giovani che nutrono una spiccata passione per la montagna e che sono desiderosi di lavorare al fianco di persone competenti, con mezzi tecnologicamente avanzati, per prestare aiuto a persone in difficolt\u00e0.<\/em><\/p><\/blockquote>\n<p><a href=\"https:\/\/www.radiopiu.net\/wordpress\/la-guardia-di-finanza-sequestra-350-tonnellate-di-pellet-potenzialmente-pericoloso\/9dab3da2-5b99-4e4c-9808-d95d42ff43b5\/\" rel=\"attachment wp-att-222502\"><img loading=\"lazy\" decoding=\"async\" class=\" wp-image-222502 alignleft\" src=\"https:\/\/www.radiopiu.net\/wordpress\/wp-content\/uploads\/2021\/07\/9dab3da2-5b99-4e4c-9808-d95d42ff43b5-300x300.jpg\" alt=\"\" width=\"223\" height=\"223\" srcset=\"https:\/\/www.radiopiu.net\/wordpress\/wp-content\/uploads\/2021\/07\/9dab3da2-5b99-4e4c-9808-d95d42ff43b5-300x300.jpg 300w, https:\/\/www.radiopiu.net\/wordpress\/wp-content\/uploads\/2021\/07\/9dab3da2-5b99-4e4c-9808-d95d42ff43b5-1024x1024.jpg 1024w, https:\/\/www.radiopiu.net\/wordpress\/wp-content\/uploads\/2021\/07\/9dab3da2-5b99-4e4c-9808-d95d42ff43b5-150x150.jpg 150w, https:\/\/www.radiopiu.net\/wordpress\/wp-content\/uploads\/2021\/07\/9dab3da2-5b99-4e4c-9808-d95d42ff43b5-768x768.jpg 768w, https:\/\/www.radiopiu.net\/wordpress\/wp-content\/uploads\/2021\/07\/9dab3da2-5b99-4e4c-9808-d95d42ff43b5.jpg 1067w\" sizes=\"auto, (max-width: 223px) 100vw, 223px\" \/><\/a>Sulla Gazzetta Ufficiale della Repubblica \u00e8 stato pubblicato il concorso, per titoli ed esami, per il reclutamento di 33 allievi finanzieri del contingente ordinario \u2013 specializzazione \u201cTecnico di Soccorso Alpino (S.A.G.F.)\u201d \u2013 anno 2021. Possono partecipare\u00a0 i cittadini italiani in possesso del diploma di istruzione secondaria di secondo grado che consenta l\u2019iscrizione ai corsi per il conseguimento della laurea; abbiano compiuto il 18\u00b0 anno e non abbiano superato il giorno di compimento del 26\u00b0 anno di et\u00e0. Per coloro che alla data del 6 luglio 2017 svolgevano o avevano svolto servizio militare volontario, di leva o di leva prolungato, il predetto limite anagrafico massimo \u00e8 elevato di un periodo pari all\u2019effettivo servizio militare prestato che non deve superare, in ogni caso, i tre anni. La domanda di partecipazione al concorso va presentata <a href=\"https:\/\/www.radiopiu.net\/wordpress\/redditi-non-dichiarati-per-4-milioni-nel-bilancio-della-gdf-nel-247-anniversario\/ucad_sagf\/\" rel=\"attachment wp-att-217802\"><img loading=\"lazy\" decoding=\"async\" class=\"size-medium wp-image-217802 alignright\" src=\"https:\/\/www.radiopiu.net\/wordpress\/wp-content\/uploads\/2021\/06\/UCAD_SAGF-225x300.jpg\" alt=\"\" width=\"225\" height=\"300\" srcset=\"https:\/\/www.radiopiu.net\/wordpress\/wp-content\/uploads\/2021\/06\/UCAD_SAGF-225x300.jpg 225w, https:\/\/www.radiopiu.net\/wordpress\/wp-content\/uploads\/2021\/06\/UCAD_SAGF.jpg 768w\" sizes=\"auto, (max-width: 225px) 100vw, 225px\" \/><\/a>entro le\u00a0 12 del 27 dicembre via internet \u201chttps:\/\/concorsi.gdf.gov.it\u201d.<\/p>\n<blockquote><p><em>Il Soccorso Alpino della Guardia di Finanza si pone l\u2019obiettivo di assolvere prioritariamente alle attivit\u00e0 di salvaguardia della vita umana e di pronto intervento operativo, in zone di media e alta montagna, caratterizzate da terreni innevati, ripidi, rocciosi o ghiacciati, e di concorrere, attraverso una diuturna azione di controllo del territorio &#8211; svolta anche per eventuali fini di difesa politico militare delle frontiere &#8211; all\u2019espletamento dei compiti di polizia economico-finanziaria demandati al Corpo. Rientrano tra gli incarichi del personale impiegato nel Soccorso Alpino anche quelle attivit\u00e0 finalizzate a interventi di soccorso in contesti emergenziali derivanti da calamit\u00e0 naturali. In occasione degli eventi sismici e di maltempo che hanno colpito negli ultimi anni il nostro Paese, decisive sono risultate, difatti, la prontezza d\u2019intervento del S.A.G.F. e la capacit\u00e0 di far pervenire in loco uomini e mezzi, in tempi assolutamente ristretti.<\/em><\/p><\/blockquote>\n<p>&nbsp;<\/p>\n<p>&nbsp;<\/p>\n<p>&nbsp;<\/p>\n<hr \/>\n<p>&nbsp;<\/p>\n<p>&nbsp;<\/p>\n<blockquote>\n<h3>VALPE CONSEGNA GLI ECOCALENDARI 2022 A SEDICO E NELL&#8217;AGORDINO<\/h3>\n<\/blockquote>\n<p><strong><img loading=\"lazy\" decoding=\"async\" class=\"alignleft\" src=\"https:\/\/www.radiopiu.net\/wordpress\/wp-content\/uploads\/2021\/09\/vaschetta-scaled.jpg\" width=\"331\" height=\"221\" \/>AGORDO-SEDICO<\/strong>\u00a0 In questi giorni i nuovi calendari per l\u2019anno 2022 sono in consegna nelle case di tutti gli utenti di Sedico e dell\u2019Unione Montana Agordina. I nuovi calendari sono disponibili\u00a0 anche nel sito www.valpeambiente.it. Eventuali mancati recapiti possono essere segnalati a partire dal prossimo 3 gennaio scrivendo all\u2019indirizzo info@valpeambiente.it. I nuovi utenti, che hanno attivato il contratto per i rifiuti da met\u00e0 ottobre 2021 in poi, possono ritirare il nuovo calendario presso gli sportelli senza chiedere appuntamento oppure scaricarlo dal sito aziendale. In occasione delle prossime festivit\u00e0, in alcuni Comuni le raccolte subiscono delle variazioni rispetto alle consuete cadenze. Dal 24 dicembre 2021 al 9 gennaio 2022 lo sportello di Sedico osserver\u00e0 orari ridotti, aprendo al pubblico gioved\u00ec 30 dicembre dalle 9.00 alle 12.30 e marted\u00ec 4 gennaio dalle 15.00 alle 18.00.<\/p>\n<p>&nbsp;<\/p>\n<p>&nbsp;<\/p>\n<p>&nbsp;<\/p>\n<hr \/>\n<blockquote>\n<h3><\/h3>\n<h3><\/h3>\n<h3><a href=\"https:\/\/www.radiopiu.net\/wordpress\/giornale-radiopiu-15-dicembre-2021-direttore-mirko-mezzacasa\/sede-isp-ponte-nelle-alpi_1-1\/\" rel=\"attachment wp-att-248348\"><img loading=\"lazy\" decoding=\"async\" class=\"size-medium wp-image-248348 alignleft\" src=\"https:\/\/www.radiopiu.net\/wordpress\/wp-content\/uploads\/2021\/12\/sede-ISP-ponte-nelle-alpi_1-1-300x169.jpg\" alt=\"\" width=\"300\" height=\"169\" srcset=\"https:\/\/www.radiopiu.net\/wordpress\/wp-content\/uploads\/2021\/12\/sede-ISP-ponte-nelle-alpi_1-1-300x169.jpg 300w, https:\/\/www.radiopiu.net\/wordpress\/wp-content\/uploads\/2021\/12\/sede-ISP-ponte-nelle-alpi_1-1-1024x576.jpg 1024w, https:\/\/www.radiopiu.net\/wordpress\/wp-content\/uploads\/2021\/12\/sede-ISP-ponte-nelle-alpi_1-1-768x432.jpg 768w, https:\/\/www.radiopiu.net\/wordpress\/wp-content\/uploads\/2021\/12\/sede-ISP-ponte-nelle-alpi_1-1-1536x864.jpg 1536w, https:\/\/www.radiopiu.net\/wordpress\/wp-content\/uploads\/2021\/12\/sede-ISP-ponte-nelle-alpi_1-1.jpg 2000w\" sizes=\"auto, (max-width: 300px) 100vw, 300px\" \/><\/a><\/h3>\n<h3>INSIEME SI PU\u00d2 HA UNA NUOVA CASA A PONTE NELLE ALPI<\/h3>\n<\/blockquote>\n<p><strong>BELLUNO<\/strong>\u00a0 Domani alle 11.15 si terr\u00e0 l\u2019inaugurazione della nuova sede dell\u2019Associazione Gruppi \u201cInsieme si pu\u00f2&#8230;\u201d onlus ONG. La nuova casa dell\u2019Associazione si trova in Piazzetta Bivio n. 4 a Ponte nelle Alpi, sulla rotonda del bivio per il Cadore, dietro la farmacia. Sar\u00e0 l\u2019occasione per aprire le porte della nuova sede a volontari, autorit\u00e0 e simpatizzanti e ricordare l\u2019impegno dell\u2019Associazione per gli ultimi, nel mondo e qui, che prosegue immutato dopo 38 anni sempre alimentato da nuove idee e progetti. L,ufficio rimane aperto al pubblico tutti i giorni dal luned\u00ec al venerd\u00ec\u00a0 dalle 8 alle 12 e dalle\u00a0 15 alel 18 e il sabato mattina dalle 9 alle 12.<\/p>\n<p>&nbsp;<\/p>\n<p>&nbsp;<\/p>\n<hr \/>\n<p>&nbsp;<\/p>\n<p>&nbsp;<\/p>\n<blockquote>\n<h3>PER RIVA NADAL OBBLIGO DI MASCHERINA<\/h3>\n<\/blockquote>\n<p><strong><a href=\"https:\/\/www.radiopiu.net\/wordpress\/per-riva-nadal-il-sindaco-anticipa-la-zona-gialla-obbligo-di-mascherina\/dsc02051\/\" rel=\"attachment wp-att-248707\"><img loading=\"lazy\" decoding=\"async\" class=\"size-medium wp-image-248707 alignleft\" src=\"https:\/\/www.radiopiu.net\/wordpress\/wp-content\/uploads\/2021\/12\/DSC02051-300x225.jpg\" alt=\"\" width=\"300\" height=\"225\" srcset=\"https:\/\/www.radiopiu.net\/wordpress\/wp-content\/uploads\/2021\/12\/DSC02051-300x225.jpg 300w, https:\/\/www.radiopiu.net\/wordpress\/wp-content\/uploads\/2021\/12\/DSC02051-1024x768.jpg 1024w, https:\/\/www.radiopiu.net\/wordpress\/wp-content\/uploads\/2021\/12\/DSC02051-768x576.jpg 768w, https:\/\/www.radiopiu.net\/wordpress\/wp-content\/uploads\/2021\/12\/DSC02051-1536x1152.jpg 1536w, https:\/\/www.radiopiu.net\/wordpress\/wp-content\/uploads\/2021\/12\/DSC02051-2048x1536.jpg 2048w\" sizes=\"auto, (max-width: 300px) 100vw, 300px\" \/><\/a>RIVAMONTE\u00a0 <\/strong>Domenica le vie del centro (Canop, Rosson, Villagrande) saranno finalmente di nuovo interessate da un momento di aggregazione, non mancheranno i valligiani n\u00e8 i turisti richiamati dall&#8217;evento Riva Nadal messo in campo, nel rispetto delle norme anti covid, da uomini e donne della Proloco di Rivamonte con la collaborazione di tanti volontari.<em> &#8220;Nelle localit\u00e0\u00a0 &#8211; afferma il sindaco Nino Deon nell&#8217;ordinanza &#8211; potrebbero crearsi situazioni occasionali anche improvvise, in qui il distanziamento interpersonale di almeno un metro potrebbe non essere garantito&#8221;.<\/em> Di qui la decisione di imporre dalle 8 di domenica mattina alle 20 della sera, di indossare la mascherina.<\/p>\n<p>&nbsp;<\/p>\n<p><strong>ARCHIVIO RADIOPIU RITORNA L&#8217;APPUNTAMENTO CON RIVA NADAL<\/strong><\/p>\n<p><strong><a href=\"https:\/\/www.radiopiu.net\/wordpress\/ritorna-lappuntamento-con-riva-nadal\/riva-nadal\/\" rel=\"attachment wp-att-247592\"><img loading=\"lazy\" decoding=\"async\" class=\"size-medium wp-image-247592 alignleft\" src=\"https:\/\/www.radiopiu.net\/wordpress\/wp-content\/uploads\/2021\/12\/RIVA-NADAL-300x199.png\" alt=\"\" width=\"300\" height=\"199\" srcset=\"https:\/\/www.radiopiu.net\/wordpress\/wp-content\/uploads\/2021\/12\/RIVA-NADAL-300x199.png 300w, https:\/\/www.radiopiu.net\/wordpress\/wp-content\/uploads\/2021\/12\/RIVA-NADAL.png 620w\" sizes=\"auto, (max-width: 300px) 100vw, 300px\" \/><\/a>di Claudio Fontanive<\/strong><\/p>\n<p>OSPITE: Giacomo Bressan, Pro Loco Rivamonte<\/p>\n<audio class=\"wp-audio-shortcode\" id=\"audio-248594-8\" preload=\"none\" style=\"width: 100%;\" controls=\"controls\"><source type=\"audio\/mpeg\" src=\"https:\/\/www.radiopiu.net\/wordpress\/wp-content\/uploads\/2021\/12\/giacomo-bressan-10-dicembre.mp3?_=8\" \/><a href=\"https:\/\/www.radiopiu.net\/wordpress\/wp-content\/uploads\/2021\/12\/giacomo-bressan-10-dicembre.mp3\">https:\/\/www.radiopiu.net\/wordpress\/wp-content\/uploads\/2021\/12\/giacomo-bressan-10-dicembre.mp3<\/a><\/audio>\n<p>&nbsp;<\/p>\n<p>&nbsp;<\/p>\n<p>&nbsp;<\/p>\n<hr \/>\n<p>&nbsp;<\/p>\n<blockquote>\n<h3>SCUOLE IN RETE PRESENTA LA RICERCA SUL BENESSERE DEGLI STUDENTI<\/h3>\n<\/blockquote>\n<p><strong>BELLUNO<\/strong> Luned\u00ec alle 14:30, presso la Sala Eliseo Dal Pont \u201cBianchi\u201d in viale G. Fantuzzi 11 a Belluno, verra\u0300 presentata la pubblicazione frutto dell\u2019elaborazione del questionario ideato e organizzato dalla Consulta Provinciale degli Studenti di Bellunoin collaborazione con le Scuole in Rete per un Mondo di Solidarieta\u0300 e Pace, l\u2019Associazione Amici delle Scuole in Rete, Antenna Anziani, Associazione Margherita e la ULSS 1 Dolomiti di Belluno. L\u2019indagine per numero di soggetti intervistati (3.046, ovvero il 40% degli studenti delle Superiori in provincia), per quantita\u0300 dei dati raccolti (115 domande), per l\u2019obiettivo e per la qualita\u0300 dell\u2019analisi sicuramente puo\u0300 annoverarsi tra le piu\u0300 importanti inchieste svolte in provincia di Belluno sulla situazione dei giovani nella nostra provincia.<\/p>\n<p>&nbsp;<\/p>\n<p>&nbsp;<\/p>\n<hr \/>\n<p>&nbsp;<\/p>\n<blockquote>\n<h3>SULLE TRACCE DELLE ANTICHE GENTI PREISTORICHE<\/h3>\n<\/blockquote>\n<p><strong>BELLUNO<\/strong>\u00a0 Si apre domani alle 20.30 al Palazzo delle Contesse di Mel, il primo degli appuntamenti di approfondimento previsti per la mostra<strong><em>\u201c<\/em><\/strong><strong><em>Tra Preistoria e Medioevo. Ritrovamenti archeologici dal territorio di Mel, Trichiana e Lentiai\u201d<\/em><\/strong> promossa dall\u2019Amministrazione comunale di Borgo Valbelluna in collaborazione con la Soprintendenza Archeologia Belle Arti e Paesaggio per l\u2019area metropolitana di Venezia e le province di Belluno, Padova e Treviso, i Musei Civici di Belluno e il Museo Civico di Feltre. Sabato sar\u00e0 possibile visitare la mostra <strong><em>\u201c<\/em><\/strong><strong><em>Tra Preistoria e Medioevo. Ritrovamenti archeologici dal territorio di Mel, Trichiana e Lentiai\u201d<\/em><\/strong> che estende l\u2019orario di apertura pomeridiano <strong>sino alle 20.30<\/strong>. Per info: <a href=\"http:\/\/www.museomel.it\/\">www.museomel.it\u00a0<\/a><\/p>\n<p>&nbsp;<\/p>\n<p>&nbsp;<\/p>\n<hr \/>\n<p>&nbsp;<\/p>\n<blockquote>\n<h3>CIELO STELLATO DI DICEMBRE, LO SPUNTO E LA CURIOSITA&#8217;<\/h3>\n<\/blockquote>\n<p><strong>di Claudio Pra<\/strong><\/p>\n<p><strong><a href=\"https:\/\/www.radiopiu.net\/wordpress\/cielo-stellato-di-dicembre-lo-spunti-e-la-curiosita\/059bfa06-f7e1-44c9-973a-58190cf7e3f8\/\" rel=\"attachment wp-att-248668\"><img loading=\"lazy\" decoding=\"async\" class=\"wp-image-248668 alignleft\" src=\"https:\/\/www.radiopiu.net\/wordpress\/wp-content\/uploads\/2021\/12\/059bfa06-f7e1-44c9-973a-58190cf7e3f8-300x257.jpg\" alt=\"\" width=\"181\" height=\"155\" srcset=\"https:\/\/www.radiopiu.net\/wordpress\/wp-content\/uploads\/2021\/12\/059bfa06-f7e1-44c9-973a-58190cf7e3f8-300x257.jpg 300w, https:\/\/www.radiopiu.net\/wordpress\/wp-content\/uploads\/2021\/12\/059bfa06-f7e1-44c9-973a-58190cf7e3f8-768x658.jpg 768w, https:\/\/www.radiopiu.net\/wordpress\/wp-content\/uploads\/2021\/12\/059bfa06-f7e1-44c9-973a-58190cf7e3f8.jpg 986w\" sizes=\"auto, (max-width: 181px) 100vw, 181px\" \/><\/a>Lo spunto osservativo<\/strong><\/p>\n<p>In queste serate, appena dopo il tramonto, una triade di astri domina il cielo. Si tratta di Venere, Saturno e Giove, con Venere posto pi\u00f9 in basso e nettamente pi\u00f9 luminoso degli altri. Anche Giove, il pi\u00f9 in alto, \u00e8 molto brillante mentre Saturno, in mezzo, \u00e8 il meno appariscente. La visione della terzetto, a occhio nudo, \u00e8 comunque stupenda e l&#8217;orario di osservazione comodo, dato che basta osservare attorno alle 17.30. Puntando con un piccolo binocolo Venere \u00e8 poi possibile notare la sua fase minima, essendo il pianeta ridotto ad una falce che da qui alla prima decade di gennaio si assottiglier\u00e1 sempre pi\u00f9. Un vero spettacolo!<\/p>\n<p><strong><img loading=\"lazy\" decoding=\"async\" class=\"alignright\" src=\"https:\/\/www.radiopiu.net\/wordpress\/wp-content\/uploads\/2021\/12\/abc5d011-59f7-4a74-bab1-87e2b7fd9a43.jpg\" width=\"263\" height=\"148\" \/>La curiosit\u00e0<\/strong><\/p>\n<p>Il Sole sta raggiungendo la sua minima altezza in cielo, con il punto pi\u00f9 basso toccato il 21 dicembre, giorno del Solstizio Invernale. La differenza rispetto ad oggi, per i prossimi giorni di dicembre, \u00e8 per\u00f2 praticamente inapprezzabile trattandosi di una variazione molto esigua. La nostra stella sembra infatti quasi ferma nei punti di levata e tramonto. Da qui il termine solstizio, dal latino solstitium, ovvero Sole fermo. Il detto nostrano &#8220;A Nadal en pas de en gal&#8221;, che dovrebbe significare la risalita del Sole dal punto pi\u00f9 basso raggiunto qualche giorno prima, non ha molto senso trattandosi di una misura talmente ridotta da non essere praticamente percepita se non strumentalmente.<\/p>\n<p><strong>AUDIO ALLA RADIO\u00a0<\/strong><\/p>\n<audio class=\"wp-audio-shortcode\" id=\"audio-248594-9\" preload=\"none\" style=\"width: 100%;\" controls=\"controls\"><source type=\"audio\/mpeg\" src=\"https:\/\/www.radiopiu.net\/wordpress\/wp-content\/uploads\/2021\/12\/claudiopra.mp3?_=9\" \/><a href=\"https:\/\/www.radiopiu.net\/wordpress\/wp-content\/uploads\/2021\/12\/claudiopra.mp3\">https:\/\/www.radiopiu.net\/wordpress\/wp-content\/uploads\/2021\/12\/claudiopra.mp3<\/a><\/audio>\n<p>&nbsp;<\/p>\n<p>&nbsp;<\/p>\n<hr \/>\n<p>&nbsp;<\/p>\n<p>&nbsp;<\/p>\n<blockquote class=\"wp-embedded-content\" data-secret=\"gjsi1AXrWh\"><p><a href=\"https:\/\/www.radiopiu.net\/wordpress\/manucon\/\">MAGIE FOTOGRAFICHE NOTTURNE SULLA CONCA AGORDINA, DI MANUEL CONEDERA &#8211; FOTO &#8211;<\/a><\/p><\/blockquote>\n<p><iframe loading=\"lazy\" class=\"wp-embedded-content\" sandbox=\"allow-scripts\" security=\"restricted\" style=\"position: absolute; clip: rect(1px, 1px, 1px, 1px);\" title=\"&#8220;MAGIE FOTOGRAFICHE NOTTURNE SULLA CONCA AGORDINA, DI MANUEL CONEDERA &#8211; FOTO &#8211;&#8221; &#8212; Radio Pi\u00f9\" src=\"https:\/\/www.radiopiu.net\/wordpress\/manucon\/embed\/#?secret=gjsi1AXrWh\" data-secret=\"gjsi1AXrWh\" width=\"600\" height=\"338\" frameborder=\"0\" marginwidth=\"0\" marginheight=\"0\" scrolling=\"no\"><\/iframe><\/p>\n<p>&nbsp;<\/p>\n<hr \/>\n<p>&nbsp;<\/p>\n<blockquote>\n<h3>MANUEL A 24 ANNI IL PRIMATO: MAGGIOR PRODUTTORE DI LATTE DI CAPRA IN PROVINCIA<\/h3>\n<\/blockquote>\n<blockquote><p><em>Manuel Chierzi ha 200 animali a Libano, nutriti con alimenti biologici. \u201cVendoa Lattebusche, il latte va a ruba: \u00e8 leggero, digeribile e si fanno ottimi formaggi\u201d<\/em><\/p><\/blockquote>\n<p><strong><a href=\"https:\/\/www.radiopiu.net\/wordpress\/manuel-a-24-anni-il-primato-maggior-produttore-di-latte-di-capra-in-provincia\/manuel-chierzi\/\" rel=\"attachment wp-att-248714\"><img loading=\"lazy\" decoding=\"async\" class=\"size-medium wp-image-248714 alignleft\" src=\"https:\/\/www.radiopiu.net\/wordpress\/wp-content\/uploads\/2021\/12\/Manuel-Chierzi-225x300.jpg\" alt=\"\" width=\"225\" height=\"300\" srcset=\"https:\/\/www.radiopiu.net\/wordpress\/wp-content\/uploads\/2021\/12\/Manuel-Chierzi-225x300.jpg 225w, https:\/\/www.radiopiu.net\/wordpress\/wp-content\/uploads\/2021\/12\/Manuel-Chierzi-768x1024.jpg 768w, https:\/\/www.radiopiu.net\/wordpress\/wp-content\/uploads\/2021\/12\/Manuel-Chierzi-1152x1536.jpg 1152w, https:\/\/www.radiopiu.net\/wordpress\/wp-content\/uploads\/2021\/12\/Manuel-Chierzi.jpg 1536w\" sizes=\"auto, (max-width: 225px) 100vw, 225px\" \/><\/a>SEDICO<\/strong> Tutto \u00e8 partito con una scommessa, quattro anni fa: produrre latte di capra biologico per Lattebusche. Oggi, a soli 24 anni, Manuel Chierzi, di Sois, si ritrova ad essere il pi\u00f9 grande allevatore di capre da latte della provincia di Belluno. Nel suo allevamento a Libano possiede infatti 200 capre, di cui 180 attualmente in mungitura, arrivando in estate a produrre 700 litri di latte al giorno. Che vengono venduti tutti in giornata. Il latte di capra \u00e8 infatti molto ricercato grazie alla ridotta quantit\u00e0 di lattosio e di grassi e alla maggiore digeribilit\u00e0, oltre che alla ricchezza di sostanze come il selenio che rinforza il sistema immunitario. \u00c8 molto apprezzato anche per la produzione di formaggi, ricotta e yogurt. <em>\u201cSono partito quattro anni fa con 20 capre, dopo aver finito l\u2019istituto agrario a Feltre \u2013 racconta Manuel, che \u00e8 seguito da Confagricoltura Belluno -. La passione degli animali ce l\u2019avevo nel sangue: mio nonno allevava vacche da latte e mio padre da carne. Io avevo sentito che Lattebusche cercava latte di capra bio e cos\u00ec mi sono buttato nella nuova avventura. Ho comperato le capre Saanen, una razza francese delicata ma molto produttiva, e ho subito avuto soddisfazione, perch\u00e9 ho sempre venduto tutto il latte e la redditivit\u00e0 \u00e8 attualmente migliore rispetto al latte di vacca, dato che si arriva a guadagnare 90 centesimi al litro. \u00c8 vero anche che le spese sono maggiori, in quanto le capre mangiano alimenti biologici al 100 per cento, che costano 60 euro al <a href=\"https:\/\/www.radiopiu.net\/wordpress\/manuel-a-24-anni-il-primato-maggior-produttore-di-latte-di-capra-in-provincia\/capre-al-pascolo\/\" rel=\"attachment wp-att-248715\"><img loading=\"lazy\" decoding=\"async\" class=\"size-medium wp-image-248715 alignright\" src=\"https:\/\/www.radiopiu.net\/wordpress\/wp-content\/uploads\/2021\/12\/capre-al-pascolo-225x300.jpg\" alt=\"\" width=\"225\" height=\"300\" srcset=\"https:\/\/www.radiopiu.net\/wordpress\/wp-content\/uploads\/2021\/12\/capre-al-pascolo-225x300.jpg 225w, https:\/\/www.radiopiu.net\/wordpress\/wp-content\/uploads\/2021\/12\/capre-al-pascolo-768x1024.jpg 768w, https:\/\/www.radiopiu.net\/wordpress\/wp-content\/uploads\/2021\/12\/capre-al-pascolo-1152x1536.jpg 1152w, https:\/\/www.radiopiu.net\/wordpress\/wp-content\/uploads\/2021\/12\/capre-al-pascolo.jpg 1200w\" sizes=\"auto, (max-width: 225px) 100vw, 225px\" \/><\/a>quintale. Il doppio, cio\u00e8, del mangime convenzionale. Le capre, tenute in box da 24 posti, non sono legate ma libere. Di giorno possono brucare l\u2019erba nel paddock esterno di 5.000 metri. Anche la mungitura \u00e8 molto libera. Le capre, infatti, vanno autonomamente nella sala dove si trova la mungitura automatica\u201d. <\/em>La produzione di latte arriva a 700 litri al giorno nei picchi di produzione, tra aprile e maggio, per poi calare a 300 in dicembre. Lattebusche lo raccoglie e lo vende inscatolato, facendo formaggi freschi e stagionati con quello che avanza. Un settore, quello del latte di capra bio, che sta funzionando molto bene. <em>\u201c\u00c8 un tipo di allevamento che sta prendendo piede, tanto che in provincia di Belluno i produttori sono saliti a 15. Io sono quello che ha pi\u00f9 animali e potrei crescere ancora, perch\u00e9 nelle stalle ho posto per altre 50 capre. Sono molto soddisfatto, tanto che, oltre ad avere al mio fianco mio padre che mi d\u00e0 una mano, ho anche assunto un dipendente\u201d.<\/em><\/p>\n<blockquote><p>\u201cHo sempre sostenuto che quello del latte di capra sia un settore interessante \u2013 sottolinea Diego Donazzolo, presidente di Confagricoltura Belluno -. Si tratta, tuttavia, di una produzione di nicchia, che necessita di strutture ad hoc in grado di commercializzarlo come merita. Credo perci\u00f2 che in futuro i produttori \u00a0dovranno cercare di fare squadra e mettersi assieme, magari sotto forma di cooperative, per valorizzare maggiormente il prodotto e avere pi\u00f9 forza sul mercato, mettendo in piedi una struttura commerciale forte che riesca a vendere il latte di capra bellunese anche fuori provincia\u201d.<\/p><\/blockquote>\n<p>&nbsp;<\/p>\n<hr \/>\n<p>&nbsp;<\/p>\n<blockquote>\n<h2>LA GRANDE GUERRA 1915-18: IL BATTAGLIONE MARMOLADA ED IL \u201cPARROCO DEL GHIACCIAIO\u201d<\/h2>\n<\/blockquote>\n<p>Leggendo l\u2019interessante libro \u201cLa citt\u00e0 di ghiaccio\u201d guida agli itinerari e al Museo della guerra 1915-18 in Marmolada, di Mario Bartoli, Mario Fornaro e Gianrodolfo Rotasso, che la casa editrice Publilux di Trento ha dato alle stampe nel 1993, ci sono tre capitoli che confermano quanto evidenziato da Bartoli nella sintetica premessa del lavoro collettivo: \u201c\u2026 quanto si racconta, senza una cruda progressione cronologica ed in forma semplice e dimessa, \u00e8 come fu la vita di quegli uomini sulla Marmolada, testimone ostile ed imparziale che custodisce nelle caverne e nelle gallerie l\u2019eco dei lamenti e delle imprecazioni, delle preghiere e delle speranze degli uomini che, sottratti alle loro famiglie ed ai loro affetti pi\u00f9 cari, furono mandati lass\u00f9 a fare la guerra\u201d. Uno di questi uomini \u00e8 a nostro modesto avviso quello che viene definito fin dal titolo del capitolo che gli \u00e8 stato dedicato dai tre autori: \u201cIl parroco del ghiacciaio\u201d. Si tratta di padre Martin Matschik, cappellano militare del 1. Battaglione del 3. Reggimento Kaisersch\u00fctzen, meritevole di una particolare menzione \u201cper l\u2019assistenza affettuosa e coraggiosa che assiduamente diede ai suoi soldati\u201d. Nato nel 1888, fu trasferito al battaglione nell\u2019aprile 1916 per sostituire padre Martin Benedict, travolto da una valanga a Scluderbach il 5 marzo. Per la sua truppa il \u201cnostro\u201d era solito celebrare la messa in una grotta scavata nel ghiacciaio ma spesso si recava a confortare i suoi soldati, sempre esposti al pericolo, fino agli avamposti pi\u00f9 lontani, salendo lungo il ghiacciaio. Nel ricordo del sottotenente dei Kaisersch\u00fctzen, Norbet Gatti il memorabile evento della prima messa che padre Matschik and\u00f2 a celebrare a Punta Penia il 15 ottobre 1917: \u201cLa celebrazione del sacrificio del Figlio del \u2018Padre\u2019 su un altare costruito con la neve, sotto il brillante cielo azzurro, sovrastava la casa di Dio nella grandezza di quell\u2019immenso paesaggio di montagna. Alle spalle di questo vero \u2018parroco del ghiacciaio\u2019 che celebrava la santa messa a 3.344 metri di quota, assistevano con devozione solo i sei uomini di Punta Penia, cos\u00ec com\u2019erano, sporchi e irrigiditi dal freddo intenso e mordente\u201d. E aggiungeva: \u201cIn gennaio, salendo lungo la cresta occidentale con 25 gradi sotto zero, padre Matschik venne di nuovo a Punta Penia per visitare i suoi uomini e celebrare la prima santa messa dell\u2019anno. Tutto il battaglione ammirava con fierezza il suo valoroso \u2018parroco del ghiaccio\u2019\u201d. Mentre padre Martin Matschik a sua volta ricordava: \u201cIl 1. Battaglione del 3. Reggimento Kaisersch\u00fctzen visse un anno intero sulla \u2018Regina delle Dolomiti\u2019 combattuto dal nemico e dalle avverse forze della natura, sfuggendo al nemico ed alla natura stessa protetto da un labirinto di 12 chilometri di gallerie scavate a mano nel ghiaccio. In questo interminabile periodo e dopo, fino alla fine della guerra, i Kaisersch\u00fctzen, combattendo contro la natura e il piombo nemico, sono vissuti uniti in cameratesca armonia che, anche dopo il \u2018crollo\u2019, non \u00e8 crollata. Eravamo cos\u00ec tanto legati a questa montagna che il Battaglione al quale tutti noi appartenevamo, lo chiamammo \u2018Battaglione Marmolada\u2019. Lontani dalla Marmolada, essa restava nel nostro cuore\u2026\u201d. C\u2019\u00e8 quindi il capitolo che riferisce di \u201cUn\u2019avventurosa salita con la teleferica in mezzo alla tormenta\u201d, frutto, il testo, delle memorie del tenente Tullio Minghetti, valoroso ufficiale del 7. Alpini ed autore del volume tratto dalla Legione Trentina dal titolo: \u201cI figli dei Monti Pallidi &#8211; Vita di guerra di un irredento trentino\u201d: \u201c\u2026 L\u2019urlo della tormenta ad un certo punto divenne un vero pauroso boato. Eravamo ormai vicini alle rocce. Le raffiche di tormenta erano violentissime e veramente impressionanti: il carrello continuava a dondolare paurosamente nel vuoto\u201d. Il buon sergente Mazzarol che lo accompagnava \u201cera ancora tutto turbato per l\u2019emozione provata al momento dello scambio dei carrelli e non aveva pi\u00f9 voglia di parlare, io ero a mia volta allibito\u2026 Il motore per fortuna nostra continu\u00f2 a funzionare e come Dio volle superammo il primo cavalletto posto proprio sulla sommit\u00e0 del burrone; pochi secondi dopo eravamo alla seconda stazione, letteralmente coperti di neve e ghiaccio. Fummo accolti come veri liberatori dai 13 uomini che abitavano la baracca; feci loro coraggio e poi mangiammo qualche cosa con vera allegria, non pensando certo in quel momento che mi potesse capitare dell\u2019altro\u2026\u201d. Concludiamo con: \u201cLa valanga cade sulla baracca della truppa addetta alla teleferica\u201d, sempre dalle memorie di Minghetti di quella tragica notte del 13 dicembre 1916, giorno di Santa Lucia: \u201c\u2026 Pochi secondi dopo le 20 uno schianto improvviso rintron\u00f2 nella baracca e subito si spense la luce. Quasi contemporaneamente mi trovai disteso per terra e mi sentii comprimere forte nella schiena, come schiacciato contro un muro per terra; gli altri 13 si trovavano nella stessa posizione e due erano rimasti feriti\u2026 riuscimmo a crearci un po\u2019 di spazio e cominciammo a scavare nella neve\u2026 dopo circa un\u2019ora di lavoro lo sforzo fu coronato da successo, fuori per\u00f2 non si poteva mettere la testa perch\u00e9 la bufera imperversava sempre violentissima\u2026 Il teleferista era stato portato via dalla valanga con un pauroso salto di 300 metri ed era andando a finire in fondo alla Val Ciamp Darei\u2026 Al posto della baracca non restava che un lenzuolo bianco dal quale spuntavano due o tre mozziconi di motore\u2026 Nella piccola montagna bianca dormivano il sonno eterno i 9 disgraziati soldati che la sera precedente erano stati travolti e le loro salme si poterono recuperare solo parecchi mesi dopo\u2026 In quella stessa notte gli austriaci ebbero oltre 300 morti per una valanga staccatasi dalla cima della Marmolada\u2026\u201d.<\/p>\n<p>&nbsp;<\/p>\n\n\t\t\t<style type='text\/css'>\n\t\t\t\t#gallery-6 {\n\t\t\t\t\tmargin: auto;\n\t\t\t\t}\n\t\t\t\t#gallery-6 .gallery-item {\n\t\t\t\t\tfloat: left;\n\t\t\t\t\tmargin-top: 10px;\n\t\t\t\t\ttext-align: center;\n\t\t\t\t\twidth: 25%;\n\t\t\t\t}\n\t\t\t\t#gallery-6 img {\n\t\t\t\t\tborder: 2px solid #cfcfcf;\n\t\t\t\t}\n\t\t\t\t#gallery-6 .gallery-caption {\n\t\t\t\t\tmargin-left: 0;\n\t\t\t\t}\n\t\t\t\t\/* see gallery_shortcode() in wp-includes\/media.php *\/\n\t\t\t<\/style>\n\t\t<div id='gallery-6' class='dt-gallery-container gallery galleryid-248594 gallery-columns-4 gallery-size-thumbnail'><dl class='gallery-item'>\n\t\t\t\t<dt class='gallery-icon portrait'>\n\t\t\t\t\t<a class=\"rollover rollover-zoom dt-pswp-item\" title=\"264397164_681722009659844_4989022992833775183_n\" data-dt-img-description=\"\" data-large_image_width=\"191\" data-large_image_height=\"206\"href='https:\/\/www.radiopiu.net\/wordpress\/wp-content\/uploads\/2021\/12\/264397164_681722009659844_4989022992833775183_n.jpg'><img loading=\"lazy\" decoding=\"async\" width=\"150\" height=\"150\" src=\"https:\/\/www.radiopiu.net\/wordpress\/wp-content\/uploads\/2021\/12\/264397164_681722009659844_4989022992833775183_n-150x150.jpg\" class=\"attachment-thumbnail size-thumbnail\" alt=\"\" \/><\/a>\n\t\t\t\t<\/dt><\/dl><dl class='gallery-item'>\n\t\t\t\t<dt class='gallery-icon landscape'>\n\t\t\t\t\t<a class=\"rollover rollover-zoom dt-pswp-item\" title=\"266559832_1202100140199460_5598385735850752964_n\" data-dt-img-description=\"\" data-large_image_width=\"261\" data-large_image_height=\"202\"href='https:\/\/www.radiopiu.net\/wordpress\/wp-content\/uploads\/2021\/12\/266559832_1202100140199460_5598385735850752964_n.jpg'><img loading=\"lazy\" decoding=\"async\" width=\"150\" height=\"150\" src=\"https:\/\/www.radiopiu.net\/wordpress\/wp-content\/uploads\/2021\/12\/266559832_1202100140199460_5598385735850752964_n-150x150.jpg\" class=\"attachment-thumbnail size-thumbnail\" alt=\"\" \/><\/a>\n\t\t\t\t<\/dt><\/dl><dl class='gallery-item'>\n\t\t\t\t<dt class='gallery-icon portrait'>\n\t\t\t\t\t<a class=\"rollover rollover-zoom dt-pswp-item\" title=\"266679309_293392389401051_5554127749537788276_n\" data-dt-img-description=\"\" data-large_image_width=\"150\" data-large_image_height=\"225\"href='https:\/\/www.radiopiu.net\/wordpress\/wp-content\/uploads\/2021\/12\/266679309_293392389401051_5554127749537788276_n.jpg'><img loading=\"lazy\" decoding=\"async\" width=\"150\" height=\"150\" src=\"https:\/\/www.radiopiu.net\/wordpress\/wp-content\/uploads\/2021\/12\/266679309_293392389401051_5554127749537788276_n-150x150.jpg\" class=\"attachment-thumbnail size-thumbnail\" alt=\"\" \/><\/a>\n\t\t\t\t<\/dt><\/dl><dl class='gallery-item'>\n\t\t\t\t<dt class='gallery-icon landscape'>\n\t\t\t\t\t<a class=\"rollover rollover-zoom dt-pswp-item\" title=\"264065995_651138025913767_7955636351428137897_n\" data-dt-img-description=\"\" data-large_image_width=\"418\" data-large_image_height=\"206\"href='https:\/\/www.radiopiu.net\/wordpress\/wp-content\/uploads\/2021\/12\/264065995_651138025913767_7955636351428137897_n.jpg'><img loading=\"lazy\" decoding=\"async\" width=\"150\" height=\"150\" src=\"https:\/\/www.radiopiu.net\/wordpress\/wp-content\/uploads\/2021\/12\/264065995_651138025913767_7955636351428137897_n-150x150.jpg\" class=\"attachment-thumbnail size-thumbnail\" alt=\"\" \/><\/a>\n\t\t\t\t<\/dt><\/dl><br style=\"clear: both\" \/><dl class='gallery-item'>\n\t\t\t\t<dt class='gallery-icon landscape'>\n\t\t\t\t\t<a class=\"rollover rollover-zoom dt-pswp-item\" title=\"263862331_634247164588833_5978308999099406769_n\" data-dt-img-description=\"\" data-large_image_width=\"291\" data-large_image_height=\"206\"href='https:\/\/www.radiopiu.net\/wordpress\/wp-content\/uploads\/2021\/12\/263862331_634247164588833_5978308999099406769_n.jpg'><img loading=\"lazy\" decoding=\"async\" width=\"150\" height=\"150\" src=\"https:\/\/www.radiopiu.net\/wordpress\/wp-content\/uploads\/2021\/12\/263862331_634247164588833_5978308999099406769_n-150x150.jpg\" class=\"attachment-thumbnail size-thumbnail\" alt=\"\" \/><\/a>\n\t\t\t\t<\/dt><\/dl><dl class='gallery-item'>\n\t\t\t\t<dt class='gallery-icon landscape'>\n\t\t\t\t\t<a class=\"rollover rollover-zoom dt-pswp-item\" title=\"266743189_329360045434861_3161472963808480119_n\" data-dt-img-description=\"\" data-large_image_width=\"296\" data-large_image_height=\"202\"href='https:\/\/www.radiopiu.net\/wordpress\/wp-content\/uploads\/2021\/12\/266743189_329360045434861_3161472963808480119_n.jpg'><img loading=\"lazy\" decoding=\"async\" width=\"150\" height=\"150\" src=\"https:\/\/www.radiopiu.net\/wordpress\/wp-content\/uploads\/2021\/12\/266743189_329360045434861_3161472963808480119_n-150x150.jpg\" class=\"attachment-thumbnail size-thumbnail\" alt=\"\" \/><\/a>\n\t\t\t\t<\/dt><\/dl><dl class='gallery-item'>\n\t\t\t\t<dt class='gallery-icon portrait'>\n\t\t\t\t\t<a class=\"rollover rollover-zoom dt-pswp-item\" title=\"266206701_637187081047966_304675938144989272_n\" data-dt-img-description=\"\" data-large_image_width=\"155\" data-large_image_height=\"240\"href='https:\/\/www.radiopiu.net\/wordpress\/wp-content\/uploads\/2021\/12\/266206701_637187081047966_304675938144989272_n.jpg'><img loading=\"lazy\" decoding=\"async\" width=\"150\" height=\"150\" src=\"https:\/\/www.radiopiu.net\/wordpress\/wp-content\/uploads\/2021\/12\/266206701_637187081047966_304675938144989272_n-150x150.jpg\" class=\"attachment-thumbnail size-thumbnail\" alt=\"\" \/><\/a>\n\t\t\t\t<\/dt><\/dl><dl class='gallery-item'>\n\t\t\t\t<dt class='gallery-icon landscape'>\n\t\t\t\t\t<a class=\"rollover rollover-zoom dt-pswp-item\" title=\"265238208_600885261179611_1383594736998322303_n\" data-dt-img-description=\"\" data-large_image_width=\"256\" data-large_image_height=\"206\"href='https:\/\/www.radiopiu.net\/wordpress\/wp-content\/uploads\/2021\/12\/265238208_600885261179611_1383594736998322303_n.jpg'><img loading=\"lazy\" decoding=\"async\" width=\"150\" height=\"150\" src=\"https:\/\/www.radiopiu.net\/wordpress\/wp-content\/uploads\/2021\/12\/265238208_600885261179611_1383594736998322303_n-150x150.jpg\" class=\"attachment-thumbnail size-thumbnail\" alt=\"\" \/><\/a>\n\t\t\t\t<\/dt><\/dl><br style=\"clear: both\" \/><dl class='gallery-item'>\n\t\t\t\t<dt class='gallery-icon portrait'>\n\t\t\t\t\t<a class=\"rollover rollover-zoom dt-pswp-item\" title=\"263926491_589797485653920_8069940248397887769_n\" data-dt-img-description=\"\" data-large_image_width=\"154\" data-large_image_height=\"260\"href='https:\/\/www.radiopiu.net\/wordpress\/wp-content\/uploads\/2021\/12\/263926491_589797485653920_8069940248397887769_n.jpg'><img loading=\"lazy\" decoding=\"async\" width=\"150\" height=\"150\" src=\"https:\/\/www.radiopiu.net\/wordpress\/wp-content\/uploads\/2021\/12\/263926491_589797485653920_8069940248397887769_n-150x150.jpg\" class=\"attachment-thumbnail size-thumbnail\" alt=\"\" \/><\/a>\n\t\t\t\t<\/dt><\/dl><dl class='gallery-item'>\n\t\t\t\t<dt class='gallery-icon portrait'>\n\t\t\t\t\t<a class=\"rollover rollover-zoom dt-pswp-item\" title=\"269233365_657064268786940_8600562228576204867_n\" data-dt-img-description=\"\" data-large_image_width=\"151\" data-large_image_height=\"247\"href='https:\/\/www.radiopiu.net\/wordpress\/wp-content\/uploads\/2021\/12\/269233365_657064268786940_8600562228576204867_n.jpg'><img loading=\"lazy\" decoding=\"async\" width=\"150\" height=\"150\" src=\"https:\/\/www.radiopiu.net\/wordpress\/wp-content\/uploads\/2021\/12\/269233365_657064268786940_8600562228576204867_n-150x150.jpg\" class=\"attachment-thumbnail size-thumbnail\" alt=\"\" \/><\/a>\n\t\t\t\t<\/dt><\/dl><dl class='gallery-item'>\n\t\t\t\t<dt class='gallery-icon portrait'>\n\t\t\t\t\t<a class=\"rollover rollover-zoom dt-pswp-item\" title=\"263826983_200884202163288_1627429467200067749_n\" data-dt-img-description=\"\" data-large_image_width=\"158\" data-large_image_height=\"240\"href='https:\/\/www.radiopiu.net\/wordpress\/wp-content\/uploads\/2021\/12\/263826983_200884202163288_1627429467200067749_n.jpg'><img loading=\"lazy\" decoding=\"async\" width=\"150\" height=\"150\" src=\"https:\/\/www.radiopiu.net\/wordpress\/wp-content\/uploads\/2021\/12\/263826983_200884202163288_1627429467200067749_n-150x150.jpg\" class=\"attachment-thumbnail size-thumbnail\" alt=\"\" \/><\/a>\n\t\t\t\t<\/dt><\/dl><dl class='gallery-item'>\n\t\t\t\t<dt class='gallery-icon landscape'>\n\t\t\t\t\t<a class=\"rollover rollover-zoom dt-pswp-item\" title=\"264122080_598413591122215_1707598123179104176_n\" data-dt-img-description=\"\" data-large_image_width=\"320\" data-large_image_height=\"200\"href='https:\/\/www.radiopiu.net\/wordpress\/wp-content\/uploads\/2021\/12\/264122080_598413591122215_1707598123179104176_n.jpg'><img loading=\"lazy\" decoding=\"async\" width=\"150\" height=\"150\" src=\"https:\/\/www.radiopiu.net\/wordpress\/wp-content\/uploads\/2021\/12\/264122080_598413591122215_1707598123179104176_n-150x150.jpg\" class=\"attachment-thumbnail size-thumbnail\" alt=\"\" \/><\/a>\n\t\t\t\t<\/dt><\/dl><br style=\"clear: both\" \/>\n\t\t\t<\/div>\n\n<p>NELLE FOTO (riproduzioni dal libro\u201dLa citt\u00e0 di ghiaccio\u201d di Bartoli-Fornaro-Rotasso): il cappellano militare Martin Matschik nel \u201cduomo di ghiaccio\u201d; celebra la messa al campo nelle retrovie; ancora padre Martin; Carlo d\u2019Asburgo dopo la rassegna delle truppe in Val di Fassa; una salita notturna in teleferica; nello schizzo del tenente Tullio Minghetti la stazione della teleferica per Serauta; giovanissimo postino dell\u2019esercito austro-ungarico; il dott. Bartoli ed il generale Fulvio Meozzi alla grande finestra della \u201cgalleria Rosso\u201d; il giornalista Mario Fornaro; il maresciallo degli Alpini Gianrodolfo Rotasso; imbragato in una rudimentale barella in filo di ferro, un ferito viene calato a valle; rifugio vicino alla stazione a monte della teleferica del Sass delle Dodici: la baracca \u00e8 costruita su palafitte perch\u00e9 d\u2019inverno possa emergere dalla neve ed \u00e8 trattenuta da funi di acciaio.<\/p>\n<p>&nbsp;<\/p>\n<p>&nbsp;<\/p>\n<hr \/>\n<blockquote>\n<h3><\/h3>\n<h3>SABATO IL NATALE SOLIDALE, PROTAGONISTI I BAMBINI<\/h3>\n<\/blockquote>\n<p><strong>FELTRE<\/strong> Nell&#8217;ambito del \u201cNatale a Feltre 2021\u201d, l\u2019Amministrazione promuove un&#8217;iniziativa solidale, allestendo uno spazio natalizio per i bambini all&#8217;interno della Bimboteca di via Mezzaterra 5. Qui i bambini di Feltre troveranno, nel pomeriggio di domani \u2013 dalle 15 alle 18 \u2013 le aiutanti di Babbo Natale pronte ad accogliere i loro disegni o messaggi di auguri, oltre ad alcune sorprese. I bambini presenti verranno coinvolti quest&#8217;anno anche in un piccolo laboratorio a tema per abbellire i propri regali o l&#8217;albero di Natale. I disegni saranno poi consegnati, terminate le festivit\u00e0, agli ospiti della casa di riposo &#8220;Brandalise&#8221; di Feltre.<\/p>\n<p>&nbsp;<\/p>\n<p>&nbsp;<\/p>\n<hr \/>\n<blockquote>\n<h3><\/h3>\n<h3><a href=\"https:\/\/www.radiopiu.net\/wordpress\/?attachment_id=248295\" rel=\"attachment wp-att-248295\"><img loading=\"lazy\" decoding=\"async\" class=\"wp-image-248295 alignleft\" src=\"https:\/\/www.radiopiu.net\/wordpress\/wp-content\/uploads\/2021\/12\/DolomitiHub_Evento_12-18_Post-1024x1024-1-300x300.jpg\" alt=\"\" width=\"154\" height=\"154\" srcset=\"https:\/\/www.radiopiu.net\/wordpress\/wp-content\/uploads\/2021\/12\/DolomitiHub_Evento_12-18_Post-1024x1024-1-300x300.jpg 300w, https:\/\/www.radiopiu.net\/wordpress\/wp-content\/uploads\/2021\/12\/DolomitiHub_Evento_12-18_Post-1024x1024-1-150x150.jpg 150w, https:\/\/www.radiopiu.net\/wordpress\/wp-content\/uploads\/2021\/12\/DolomitiHub_Evento_12-18_Post-1024x1024-1-768x768.jpg 768w, https:\/\/www.radiopiu.net\/wordpress\/wp-content\/uploads\/2021\/12\/DolomitiHub_Evento_12-18_Post-1024x1024-1.jpg 1024w\" sizes=\"auto, (max-width: 154px) 100vw, 154px\" \/><\/a><\/h3>\n<h3>CINEMA, PASSIONI E PROFESSIONI<\/h3>\n<\/blockquote>\n<p><strong>CENCENIGHE<\/strong> Domani alle 17 in \u00a0sala conferenze del Municipio proiezione di cortometraggi di animazione a cura di Lago Film Fest.\u00a0 Piccoli film per bambine e bambini che ci raccontano professioni bizzarre, ma necessarie, e le occupazioni semplici e divertenti che colorano la vita e la rendono speciale. Ingresso gratuito, iscrizione obbligatoria.<\/p>\n<p>&nbsp;<\/p>\n<p>&nbsp;<\/p>\n<p>&nbsp;<\/p>\n<hr \/>\n<p>&nbsp;<\/p>\n<h3><span style=\"color: #0000ff;\">INFORMAZIONE il canale su TELEGRAM informazione di prima mano e in tempo reale. iscriviti ed aiutaci a farlo conoscere\u00a0 \u00a0<\/span><\/h3>\n<p>&nbsp;<\/p>\n<hr \/>\n<p>&nbsp;<\/p>\n<blockquote>\n<h3>IL CONCERTO DEL 26 DICEMBRE DALL&#8217;ARCIDIACONALE DI AGORDO SARA&#8217; TRASMESSO IN DIRETTA SULLE FREQUENZE DI RADIO PIU&#8217;, POTRA&#8217; ESSERE VISTO IN STREAMING SUL SITO INTERNET RADIOPIU.NET O SULLE PAGINE FACEBOOK RADIOPIU, RADIOPIU EMITTENTE AGORDINA, SEI DI AGORDO SE&#8230;<\/h3>\n<p><a href=\"https:\/\/www.radiopiu.net\/wordpress\/giornale-radiopiu-10-dicembre-2021-direttore-mirko-mezzacasa\/7e4dcf0d-ae61-466b-9ba6-59f1c81d4b00\/\" rel=\"attachment wp-att-247533\"><img loading=\"lazy\" decoding=\"async\" class=\"wp-image-247533 aligncenter\" src=\"https:\/\/www.radiopiu.net\/wordpress\/wp-content\/uploads\/2021\/12\/7e4dcf0d-ae61-466b-9ba6-59f1c81d4b00.jpg\" alt=\"\" width=\"257\" height=\"365\" srcset=\"https:\/\/www.radiopiu.net\/wordpress\/wp-content\/uploads\/2021\/12\/7e4dcf0d-ae61-466b-9ba6-59f1c81d4b00.jpg 722w, https:\/\/www.radiopiu.net\/wordpress\/wp-content\/uploads\/2021\/12\/7e4dcf0d-ae61-466b-9ba6-59f1c81d4b00-212x300.jpg 212w\" sizes=\"auto, (max-width: 257px) 100vw, 257px\" \/><\/a><\/p><\/blockquote>\n<p>&nbsp;<\/p>\n<hr \/>\n<p>&nbsp;<\/p>\n<blockquote>\n<h3>APERTURA INVERNALE DEL CASTELLO DI ANDRAZ<\/h3>\n<\/blockquote>\n<p><strong>LIVINALLONGO <\/strong>Normalmente d\u2019inverno il Castello di Andraz rimane chiuso al pubblico a causa delle grandi quantit\u00e0 di neve che interessano l\u2019area. Quest\u2019anno invece il meteo \u00e8 favorevole e quindi, solo per pochi giorni e per poche ore, il castello aprir\u00e0. Le visite (guidate e su prenotazione ma non particolarmente specialistiche e quindi accessibili a tutti) si concentreranno in particolare sulla figura di Nicol\u00f2 Cusano, vissuto al castello attorno alla met\u00e0 del XV secolo, che proprio qui ha compiuto studi in campo astronomico di notevole rilevanza. \u00c8 infatti in funzione gi\u00e0 da qualche settimana il foro utilizzato per gli studi sul solstizio d\u2019inverno: un\u2019occasione imperdibile. Le aperture straordinarie avverrano il 19, 22, 26 e 29 dicembre dalle 13 alle 15. Per prenotare la visita guidata 334 3346680. Informazioni su www.castellodiandraz.it<\/p>\n<p>&nbsp;<\/p>\n<p>&nbsp;<\/p>\n<hr \/>\n<p>&nbsp;<\/p>\n<blockquote>\n<h3>ANSELMO IL MUSHER IN SALA DON TAMIS CON LA SEZIONE AGORDINA DEL CLUB ALPINO ITALIANO<\/h3>\n<\/blockquote>\n<p>&nbsp;<\/p>\n<h2><span style=\"color: #ff0000;\"><a href=\"https:\/\/www.radiopiu.net\/wordpress\/giornale-radiopiu-11-maggio-2021-direttore-mirko-mezzacasa\/anselmo-cagnati_cani-slitta_05\/\" rel=\"attachment wp-att-208961\"><img loading=\"lazy\" decoding=\"async\" class=\"wp-image-208961 alignleft\" src=\"https:\/\/www.radiopiu.net\/wordpress\/wp-content\/uploads\/2021\/05\/Anselmo-Cagnati_cani-slitta_05-300x200.jpg\" alt=\"\" width=\"200\" height=\"133\" srcset=\"https:\/\/www.radiopiu.net\/wordpress\/wp-content\/uploads\/2021\/05\/Anselmo-Cagnati_cani-slitta_05-300x200.jpg 300w, https:\/\/www.radiopiu.net\/wordpress\/wp-content\/uploads\/2021\/05\/Anselmo-Cagnati_cani-slitta_05-1024x683.jpg 1024w, https:\/\/www.radiopiu.net\/wordpress\/wp-content\/uploads\/2021\/05\/Anselmo-Cagnati_cani-slitta_05-768x512.jpg 768w, https:\/\/www.radiopiu.net\/wordpress\/wp-content\/uploads\/2021\/05\/Anselmo-Cagnati_cani-slitta_05.jpg 1200w\" sizes=\"auto, (max-width: 200px) 100vw, 200px\" \/><\/a><\/span><strong>L&#8217;INTERVISTA\u00a0<\/strong><\/h2>\n<p><strong>di Claudio Fontanive\u00a0<\/strong><\/p>\n<audio class=\"wp-audio-shortcode\" id=\"audio-248594-10\" preload=\"none\" style=\"width: 100%;\" controls=\"controls\"><source type=\"audio\/mpeg\" src=\"https:\/\/www.radiopiu.net\/wordpress\/wp-content\/uploads\/2021\/12\/anselmo-cagnati-15-dicembre.mp3?_=10\" \/><a href=\"https:\/\/www.radiopiu.net\/wordpress\/wp-content\/uploads\/2021\/12\/anselmo-cagnati-15-dicembre.mp3\">https:\/\/www.radiopiu.net\/wordpress\/wp-content\/uploads\/2021\/12\/anselmo-cagnati-15-dicembre.mp3<\/a><\/audio>\n<p>&nbsp;<\/p>\n<blockquote>\n<h1><strong><a href=\"https:\/\/www.radiopiu.net\/wordpress\/giornale-radiopiu-15-dicembre-2021-direttore-mirko-mezzacasa\/87fd1f2a-5681-2d15-ae05-24f47794bae5\/\" rel=\"attachment wp-att-248428\"><img loading=\"lazy\" decoding=\"async\" class=\" wp-image-248428 alignleft\" src=\"https:\/\/www.radiopiu.net\/wordpress\/wp-content\/uploads\/2021\/12\/87fd1f2a-5681-2d15-ae05-24f47794bae5-230x300.jpg\" alt=\"\" width=\"147\" height=\"192\" srcset=\"https:\/\/www.radiopiu.net\/wordpress\/wp-content\/uploads\/2021\/12\/87fd1f2a-5681-2d15-ae05-24f47794bae5-230x300.jpg 230w, https:\/\/www.radiopiu.net\/wordpress\/wp-content\/uploads\/2021\/12\/87fd1f2a-5681-2d15-ae05-24f47794bae5-785x1024.jpg 785w, https:\/\/www.radiopiu.net\/wordpress\/wp-content\/uploads\/2021\/12\/87fd1f2a-5681-2d15-ae05-24f47794bae5-768x1001.jpg 768w, https:\/\/www.radiopiu.net\/wordpress\/wp-content\/uploads\/2021\/12\/87fd1f2a-5681-2d15-ae05-24f47794bae5.jpg 1080w\" sizes=\"auto, (max-width: 147px) 100vw, 147px\" \/><\/a><br \/>\n<\/strong><\/h1>\n<\/blockquote>\n<p><span style=\"color: #000000;\"><strong>AGORDO<\/strong> Tutti lo conoscono come esperto mondiale di neve e valanghe ma forse non tutti sanno che <strong>Anselmo Cagnati<\/strong>, agordino di Falcade,\u00a0\u00e8 anche un Musher ovvero un conduttore delle\u00a0slitte\u00a0trainate\u00a0da una muta di cani. La Sezione Agordina \u00e8 orgogliosa di proporre una serata in cui Anselmo presenta un film\u00a0che racconta, assieme a Luca Fontana, le\u00a0avventure nel grande nord scivolando sulle bianche distese a bordo delle loro slitte. Vi aspettiamo numerosi (e rigorosamente muniti di supergreenpass e mascherina) <strong>DOMANI<\/strong> alle <strong>ore 20.30<\/strong> presso la <strong>Sala Don F.\u00a0Tamis ad Agordo.<\/strong><\/span><\/p>\n<p>&nbsp;<\/p>\n<p>&nbsp;<\/p>\n<p>&nbsp;<\/p>\n<hr \/>\n<p>&nbsp;<\/p>\n<blockquote>\n<h3>A FELTRE L&#8217;ULTIMA DOMENICA CON IL MERCATINO DELL&#8217;ANTIQUARIATO E USATO<\/h3>\n<\/blockquote>\n<p><strong>FELTRE <\/strong>Domenica ultima edizione del 2021 del Mercatino dell&#8217;antiquariato e dell&#8217;usato, che per l&#8217;occasione sar\u00e0 aperto anche ad artigianato e prodotti del proprio ingegno, insomma tutto quello che pu\u00f2 rappresentare un regalo di Natale. Un motivo in pi\u00f9 per visitare il Centro storico, le bancarelle, visitare i Musei di Feltre e ristorarsi nelle sue Osterie.<\/p>\n<p>&nbsp;<\/p>\n<p>&nbsp;<\/p>\n<hr \/>\n<p>&nbsp;<\/p>\n<blockquote>\n<h3>ALLA RADIO: La Costituzione in dono ai neo diciottenni<\/h3>\n<\/blockquote>\n<p>&nbsp;<\/p>\n<p><strong><img loading=\"lazy\" decoding=\"async\" class=\"alignleft\" src=\"https:\/\/www.radiopiu.net\/wordpress\/wp-content\/uploads\/2021\/12\/th-4.jpg\" width=\"242\" height=\"133\" \/>CANALE D&#8217;AGORDO<\/strong><\/p>\n<p><strong>di GIANNI SANTOMASO\u00a0<\/strong><\/p>\n<audio class=\"wp-audio-shortcode\" id=\"audio-248594-11\" preload=\"none\" style=\"width: 100%;\" controls=\"controls\"><source type=\"audio\/mpeg\" src=\"https:\/\/www.radiopiu.net\/wordpress\/wp-content\/uploads\/2021\/12\/gianni-18.mp3?_=11\" \/><a href=\"https:\/\/www.radiopiu.net\/wordpress\/wp-content\/uploads\/2021\/12\/gianni-18.mp3\">https:\/\/www.radiopiu.net\/wordpress\/wp-content\/uploads\/2021\/12\/gianni-18.mp3<\/a><\/audio>\n<p>&nbsp;<\/p>\n<p><span style=\"color: #ff0000;\">RADIO PIU IN ESTERNO&#8230; IERI SERA\u00a0 ALLA RADIO\u00a0<\/span><\/p>\n<audio class=\"wp-audio-shortcode\" id=\"audio-248594-12\" preload=\"none\" style=\"width: 100%;\" controls=\"controls\"><source type=\"audio\/mpeg\" src=\"https:\/\/www.radiopiu.net\/wordpress\/wp-content\/uploads\/2020\/10\/NEI-DICIOTENNI-SERATA-AGORDO.mp3?_=12\" \/><a href=\"https:\/\/www.radiopiu.net\/wordpress\/wp-content\/uploads\/2020\/10\/NEI-DICIOTENNI-SERATA-AGORDO.mp3\">https:\/\/www.radiopiu.net\/wordpress\/wp-content\/uploads\/2020\/10\/NEI-DICIOTENNI-SERATA-AGORDO.mp3<\/a><\/audio>\n<p>&nbsp;<\/p>\n<hr \/>\n<p>&nbsp;<\/p>\n<p>&nbsp;<\/p>\n<blockquote class=\"wp-embedded-content\" data-secret=\"R0vEKsssgN\"><p><a href=\"https:\/\/www.radiopiu.net\/wordpress\/zeloa\/\">MONTE CELO (ZELO) ED ALPENFESTUNG  ARTICOLO COMPLETO IN TRE PARTI<\/a><\/p><\/blockquote>\n<p><iframe loading=\"lazy\" class=\"wp-embedded-content\" sandbox=\"allow-scripts\" security=\"restricted\" style=\"position: absolute; clip: rect(1px, 1px, 1px, 1px);\" title=\"&#8220;MONTE CELO (ZELO) ED ALPENFESTUNG  ARTICOLO COMPLETO IN TRE PARTI&#8221; &#8212; Radio Pi\u00f9\" src=\"https:\/\/www.radiopiu.net\/wordpress\/zeloa\/embed\/#?secret=R0vEKsssgN\" data-secret=\"R0vEKsssgN\" width=\"600\" height=\"338\" frameborder=\"0\" marginwidth=\"0\" marginheight=\"0\" scrolling=\"no\"><\/iframe><\/p>\n<p>&nbsp;<\/p>\n<p>&nbsp;<\/p>\n<p>&nbsp;<\/p>\n<hr \/>\n<p>&nbsp;<\/p>\n<blockquote>\n<blockquote>\n<blockquote>\n<blockquote>\n<h3>LA MEMORIA DELLE PIETRE, LAPIDI E MONUMENTI DELLA RESISTENZA IN PROVINCIA<\/h3>\n<\/blockquote>\n<p><strong><a href=\"https:\/\/www.radiopiu.net\/wordpress\/la-memoria-delle-pietre-lapidi-e-monumenti-della-resistenza-in-provincia\/th-268\/\" rel=\"attachment wp-att-248472\"><img loading=\"lazy\" decoding=\"async\" class=\"size-full wp-image-248472 alignleft\" src=\"https:\/\/www.radiopiu.net\/wordpress\/wp-content\/uploads\/2021\/12\/th-5.jpg\" alt=\"\" width=\"239\" height=\"158\" \/><\/a>BELLUNO<\/strong> Il libro. L\u2019Associazione culturale Tina Merlin, con il patrocinio della Provincia e del Comune di Belluno oggi alle 18 presenter\u00e0\u00a0 in Sala Bianchi, una nuova edizione del libro di Aldo Sirena dal titolo &#8220;La Memoria Delle Pietre&#8221; . E&#8217; anche una guida nella geografia delle nostre vallate e, soprattutto per le giovani generazioni, la testimonianza viva, proprio attraverso le lapidi e i monumenti e i nomi dei caduti, della Resistenza e della lotta della popolazione e delle formazioni partigiane contro l&#8217;occupazione tedesca. Il lavoro di aggiornamento \u00e8 stato curato all\u2019Associazione culturale Tina Merlin.\u200b<\/p><\/blockquote>\n<\/blockquote>\n<\/blockquote>\n<p>&nbsp;<\/p>\n<p>&nbsp;<\/p>\n<hr \/>\n<p>&nbsp;<\/p>\n<h2><span style=\"color: #ff0000;\">IERI ALLA RADIO<\/span><\/h2>\n<h2><span style=\"color: #00ccff;\">ALTA BADIA, GRANDI EVENTI E TURISMO IN SICUREZZA &#8211; ATTESA PER LE FRECCE TRICOLORI<\/span><\/h2>\n<blockquote>\n<h3><strong>OSPITE <\/strong>\u00a0Andy Varallo_Presidente Dolomiti Superski e Presidente Audi Fis Ski World Cup Alta Badia<\/h3>\n<\/blockquote>\n<p><strong><a href=\"https:\/\/www.radiopiu.net\/wordpress\/giornale-radiopiu-06-dicembre-2019-direttore-mirko-mezzacasa\/gran-risa-alta-badia-un-mito-di-pista\/\" rel=\"attachment wp-att-108848\"><img loading=\"lazy\" decoding=\"async\" class=\"size-medium wp-image-108848 alignleft\" src=\"https:\/\/www.radiopiu.net\/wordpress\/wp-content\/uploads\/2019\/12\/gran-risa-alta-badia-un-mito-di-pista-300x200.jpg\" alt=\"\" width=\"300\" height=\"200\" srcset=\"https:\/\/www.radiopiu.net\/wordpress\/wp-content\/uploads\/2019\/12\/gran-risa-alta-badia-un-mito-di-pista-300x200.jpg 300w, https:\/\/www.radiopiu.net\/wordpress\/wp-content\/uploads\/2019\/12\/gran-risa-alta-badia-un-mito-di-pista-1024x683.jpg 1024w, https:\/\/www.radiopiu.net\/wordpress\/wp-content\/uploads\/2019\/12\/gran-risa-alta-badia-un-mito-di-pista-768x512.jpg 768w, https:\/\/www.radiopiu.net\/wordpress\/wp-content\/uploads\/2019\/12\/gran-risa-alta-badia-un-mito-di-pista.jpg 1382w\" sizes=\"auto, (max-width: 300px) 100vw, 300px\" \/><\/a><\/strong><\/p>\n<p>&nbsp;<\/p>\n<p>&nbsp;<\/p>\n<p>&nbsp;<\/p>\n<p><strong>Di Claudio Fontanive<\/strong><\/p>\n<p>&nbsp;<\/p>\n<p>&nbsp;<\/p>\n<audio class=\"wp-audio-shortcode\" id=\"audio-248594-13\" preload=\"none\" style=\"width: 100%;\" controls=\"controls\"><source type=\"audio\/mpeg\" src=\"https:\/\/www.radiopiu.net\/wordpress\/wp-content\/uploads\/2021\/12\/andy-varallo-ski-world-cup-16-dicembre.mp3?_=13\" \/><a href=\"https:\/\/www.radiopiu.net\/wordpress\/wp-content\/uploads\/2021\/12\/andy-varallo-ski-world-cup-16-dicembre.mp3\">https:\/\/www.radiopiu.net\/wordpress\/wp-content\/uploads\/2021\/12\/andy-varallo-ski-world-cup-16-dicembre.mp3<\/a><\/audio>\n<p>&nbsp;<\/p>\n<p>&nbsp;<\/p>\n<hr \/>\n<p>&nbsp;<\/p>\n<div dir=\"auto\" role=\"none\">\n<blockquote>\n<h2>DOMENICA FAMIGLIE A TEATRO CON MARCO POLO<\/h2>\n<\/blockquote>\n<p><img loading=\"lazy\" decoding=\"async\" class=\"alignleft\" src=\"https:\/\/www.radiopiu.net\/wordpress\/wp-content\/uploads\/2021\/11\/266754999_4963190080359979_8320567663088617267_n.jpg\" width=\"222\" height=\"148\" \/><\/p>\n<p><strong>\u00a0<\/strong><\/p>\n<p><strong>REDAZIONE<\/strong> Nuovo appuntamento\u00a0 con Comincio dai 3-Famiglie Teatro,\u00a0 domenica lo spettacolo Marco Polo e il viaggio delle meraviglie. Regia e drammaturgia Luigina Dagostino con Claudio Dughera, Daniel Lascar, Claudia Martore foto di Giorgio Sottile<\/p>\n<p><strong>\u00a0<\/strong><\/p>\n<p><strong>INTERVISTA ALL&#8217;ATTORE CLAUDIO DUGHERA\u00a0<\/strong><br \/>\ndi Mirko Mezzacasa<\/p>\n<audio class=\"wp-audio-shortcode\" id=\"audio-248594-14\" preload=\"none\" style=\"width: 100%;\" controls=\"controls\"><source type=\"audio\/mpeg\" src=\"https:\/\/www.radiopiu.net\/wordpress\/wp-content\/uploads\/2021\/12\/CLAUDIO-DURIHELLO.mp3?_=14\" \/><a href=\"https:\/\/www.radiopiu.net\/wordpress\/wp-content\/uploads\/2021\/12\/CLAUDIO-DURIHELLO.mp3\">https:\/\/www.radiopiu.net\/wordpress\/wp-content\/uploads\/2021\/12\/CLAUDIO-DURIHELLO.mp3<\/a><\/audio>\n<p>&nbsp;<\/p>\n<\/div>\n<div dir=\"auto\" role=\"none\"><\/div>\n<div dir=\"auto\" role=\"none\"><\/div>\n<div dir=\"auto\" role=\"none\"><\/div>\n<hr \/>\n<p>&nbsp;<\/p>\n<div>\n<div class=\"b654a4as d2edcug0\">\n<div class=\"rq0escxv hkbzh7o3 jwdofwj8 n8tt0mok r8blr3vg hyh9befq\">\n<p><a class=\"dt-pswp-item\" href=\"https:\/\/www.radiopiu.net\/wordpress\/wp-content\/uploads\/2020\/10\/pp.jpg\" data-dt-img-description=\"\" data-large_image_width=\"640\" data-large_image_height=\"640\"><img loading=\"lazy\" decoding=\"async\" class=\"wp-image-163678 alignleft\" src=\"https:\/\/www.radiopiu.net\/wordpress\/wp-content\/uploads\/2020\/10\/pp-300x300.jpg\" alt=\"\" width=\"106\" height=\"106\" srcset=\"https:\/\/www.radiopiu.net\/wordpress\/wp-content\/uploads\/2020\/10\/pp-300x300.jpg 300w, https:\/\/www.radiopiu.net\/wordpress\/wp-content\/uploads\/2020\/10\/pp-150x150.jpg 150w, https:\/\/www.radiopiu.net\/wordpress\/wp-content\/uploads\/2020\/10\/pp-125x125.jpg 125w, https:\/\/www.radiopiu.net\/wordpress\/wp-content\/uploads\/2020\/10\/pp-200x200.jpg 200w, https:\/\/www.radiopiu.net\/wordpress\/wp-content\/uploads\/2020\/10\/pp-80x80.jpg 80w, https:\/\/www.radiopiu.net\/wordpress\/wp-content\/uploads\/2020\/10\/pp-480x480.jpg 480w, https:\/\/www.radiopiu.net\/wordpress\/wp-content\/uploads\/2020\/10\/pp.jpg 640w\" sizes=\"auto, (max-width: 106px) 100vw, 106px\" \/><\/a><\/p>\n<\/div>\n<\/div>\n<\/div>\n<div>\n<div class=\"page-title-head hgroup\">\n<div class=\"page-title-head hgroup\">\n<div class=\"b654a4as d2edcug0\">\n<div class=\"j83agx80 btwxx1t3 lhclo0ds hop8lmos nkwizq5d scwd0bx6 roh60bw9\">\n<div class=\"rq0escxv hkbzh7o3 jwdofwj8 n8tt0mok r8blr3vg hyh9befq\">\n<div class=\"do00u71z l9j0dhe7 k4urcfbm\">\n<h2><span style=\"color: #000080;\">DON CESARE, IL PENSIERO DEL GIORNO. ALLA RADIO ALLE 7 DEL MATTINO E ALLE 19.30 DELLA SERA.\u00a0\u00a0<\/span><\/h2>\n<p>&nbsp;<\/p>\n<audio class=\"wp-audio-shortcode\" id=\"audio-248594-15\" preload=\"none\" style=\"width: 100%;\" controls=\"controls\"><source type=\"audio\/mpeg\" src=\"https:\/\/www.radiopiu.net\/wordpress\/wp-content\/uploads\/2021\/12\/cesare-9.mp3?_=15\" \/><a href=\"https:\/\/www.radiopiu.net\/wordpress\/wp-content\/uploads\/2021\/12\/cesare-9.mp3\">https:\/\/www.radiopiu.net\/wordpress\/wp-content\/uploads\/2021\/12\/cesare-9.mp3<\/a><\/audio>\n<p>&nbsp;<\/p>\n<hr \/>\n<p>&nbsp;<\/p>\n<blockquote class=\"wp-embedded-content\" data-secret=\"lKlmXHEUy8\"><p><a href=\"https:\/\/www.radiopiu.net\/wordpress\/la-valle-agordina-320-anni-dalla-boa-del-1701-parti-2-di-6\/\">LA VALLE AGORDINA &#8211; 320 anni dalla BOA del 1701 (PARTE1-2 DI 6)<\/a><\/p><\/blockquote>\n<p><iframe loading=\"lazy\" class=\"wp-embedded-content\" sandbox=\"allow-scripts\" security=\"restricted\" style=\"position: absolute; clip: rect(1px, 1px, 1px, 1px);\" title=\"&#8220;LA VALLE AGORDINA &#8211; 320 anni dalla BOA del 1701 (PARTE1-2 DI 6)&#8221; &#8212; Radio Pi\u00f9\" src=\"https:\/\/www.radiopiu.net\/wordpress\/la-valle-agordina-320-anni-dalla-boa-del-1701-parti-2-di-6\/embed\/#?secret=lKlmXHEUy8\" data-secret=\"lKlmXHEUy8\" width=\"600\" height=\"338\" frameborder=\"0\" marginwidth=\"0\" marginheight=\"0\" scrolling=\"no\"><\/iframe><\/p>\n<p>&nbsp;<\/p>\n<p>&nbsp;<\/p>\n<hr \/>\n<p>&nbsp;<\/p>\n<p>&nbsp;<\/p>\n<h3 class=\"kvgmc6g5 cxmmr5t8 oygrvhab hcukyx3x c1et5uql\"><span style=\"color: #0000ff;\"><strong><a href=\"https:\/\/www.radiopiu.net\/wordpress\/riaperts\/immagine-racconti-di-natale\/\" rel=\"attachment wp-att-247743\"><img loading=\"lazy\" decoding=\"async\" class=\"wp-image-247743 alignleft\" src=\"https:\/\/www.radiopiu.net\/wordpress\/wp-content\/uploads\/2021\/12\/immagine-racconti-di-natale-249x300.jpg\" alt=\"\" width=\"90\" height=\"108\" srcset=\"https:\/\/www.radiopiu.net\/wordpress\/wp-content\/uploads\/2021\/12\/immagine-racconti-di-natale-249x300.jpg 249w, https:\/\/www.radiopiu.net\/wordpress\/wp-content\/uploads\/2021\/12\/immagine-racconti-di-natale-768x925.jpg 768w, https:\/\/www.radiopiu.net\/wordpress\/wp-content\/uploads\/2021\/12\/immagine-racconti-di-natale.jpg 771w\" sizes=\"auto, (max-width: 90px) 100vw, 90px\" \/><\/a>INFORMAZIONE il canale su TELEGRAM informazione di prima mano e in tempo reale. iscriviti ed aiutaci a farlo conoscere\u00a0<\/strong><\/span><\/h3>\n<blockquote>\n<h3><span style=\"color: #ff0000;\">I RACCONTI DI NATALE DI LUISA ALCHINI, DA MARTEDI AL 24 DICEMBRE TUTTI I GIORNI ALLE 10.05 E ALLE 20.20&#8230; SU RADIO PIU<\/span><\/h3>\n<\/blockquote>\n<p>&nbsp;<\/p>\n<p><strong>RACCONTO 1<\/strong><\/p>\n<audio class=\"wp-audio-shortcode\" id=\"audio-248594-16\" preload=\"none\" style=\"width: 100%;\" controls=\"controls\"><source type=\"audio\/mpeg\" src=\"https:\/\/www.radiopiu.net\/wordpress\/wp-content\/uploads\/2021\/12\/14.mp3?_=16\" \/><a href=\"https:\/\/www.radiopiu.net\/wordpress\/wp-content\/uploads\/2021\/12\/14.mp3\">https:\/\/www.radiopiu.net\/wordpress\/wp-content\/uploads\/2021\/12\/14.mp3<\/a><\/audio>\n<p><strong>RACCONTO 2<\/strong><\/p>\n<audio class=\"wp-audio-shortcode\" id=\"audio-248594-17\" preload=\"none\" style=\"width: 100%;\" controls=\"controls\"><source type=\"audio\/mpeg\" src=\"https:\/\/www.radiopiu.net\/wordpress\/wp-content\/uploads\/2021\/12\/15.mp3?_=17\" \/><a href=\"https:\/\/www.radiopiu.net\/wordpress\/wp-content\/uploads\/2021\/12\/15.mp3\">https:\/\/www.radiopiu.net\/wordpress\/wp-content\/uploads\/2021\/12\/15.mp3<\/a><\/audio>\n<p><strong>RACCONTO 3<\/strong><\/p>\n<audio class=\"wp-audio-shortcode\" id=\"audio-248594-18\" preload=\"none\" style=\"width: 100%;\" controls=\"controls\"><source type=\"audio\/mpeg\" src=\"https:\/\/www.radiopiu.net\/wordpress\/wp-content\/uploads\/2021\/12\/16.mp3?_=18\" \/><a href=\"https:\/\/www.radiopiu.net\/wordpress\/wp-content\/uploads\/2021\/12\/16.mp3\">https:\/\/www.radiopiu.net\/wordpress\/wp-content\/uploads\/2021\/12\/16.mp3<\/a><\/audio>\n<p>&nbsp;<\/p>\n<p>&nbsp;<\/p>\n<hr \/>\n<blockquote>\n<h3><\/h3>\n<h3>IN VIVO VERSO, SETTIMA STAGIONE CON BRUNELLA MORO, DAL LUNEDI AL VENERDI ALLE 7.10, 10.10 E 18.50<\/h3>\n<\/blockquote>\n<h3>UN CANTO IMMUTATO di TIZIANO SCARPEL<\/h3>\n<p>AUDIO<\/p>\n<audio class=\"wp-audio-shortcode\" id=\"audio-248594-19\" preload=\"none\" style=\"width: 100%;\" controls=\"controls\"><source type=\"audio\/mpeg\" src=\"https:\/\/www.radiopiu.net\/wordpress\/wp-content\/uploads\/2021\/12\/04-TIZIANO-SCARPEL-UN-CANTO-IMMUTATO.mp3?_=19\" \/><a href=\"https:\/\/www.radiopiu.net\/wordpress\/wp-content\/uploads\/2021\/12\/04-TIZIANO-SCARPEL-UN-CANTO-IMMUTATO.mp3\">https:\/\/www.radiopiu.net\/wordpress\/wp-content\/uploads\/2021\/12\/04-TIZIANO-SCARPEL-UN-CANTO-IMMUTATO.mp3<\/a><\/audio>\n<p>&nbsp;<\/p>\n<p><a href=\"https:\/\/www.radiopiu.net\/wordpress\/guardando-lontano-di-tiziano-scarpel\/tiziano-scarpel-foto-3\/\" rel=\"attachment wp-att-115356\"><img loading=\"lazy\" decoding=\"async\" class=\" wp-image-115356 alignleft\" src=\"https:\/\/www.radiopiu.net\/wordpress\/wp-content\/uploads\/2020\/01\/TIZIANO-SCARPEL-FOTO-300x300.jpg\" alt=\"\" width=\"119\" height=\"119\" srcset=\"https:\/\/www.radiopiu.net\/wordpress\/wp-content\/uploads\/2020\/01\/TIZIANO-SCARPEL-FOTO-300x300.jpg 300w, https:\/\/www.radiopiu.net\/wordpress\/wp-content\/uploads\/2020\/01\/TIZIANO-SCARPEL-FOTO-150x150.jpg 150w, https:\/\/www.radiopiu.net\/wordpress\/wp-content\/uploads\/2020\/01\/TIZIANO-SCARPEL-FOTO-768x768.jpg 768w, https:\/\/www.radiopiu.net\/wordpress\/wp-content\/uploads\/2020\/01\/TIZIANO-SCARPEL-FOTO.jpg 960w\" sizes=\"auto, (max-width: 119px) 100vw, 119px\" \/><\/a>UN CANTO IMMUTATO<\/p>\n<p>Immersi nella verde<br \/>\nnatura, tra boschi,<br \/>\nvalli e torrenti, che<br \/>\nsussurrano al cuore<br \/>\nil canto immutato<br \/>\nche parla d\u2019amore;<\/p>\n<p>senza rimpianti<br \/>\ntenendoci per mano<br \/>\nci incamminiamo piano lungo il<br \/>\nsentiero,<br \/>\nmentre lass\u00f9<br \/>\nbianchi giganti<br \/>\nsi trastullano<br \/>\nondeggiando nel blu.<\/p>\n<p>Il cuore s&#8217;arrampica<br \/>\nfino ad accarezzare<br \/>\nle stelle alpine,<\/p>\n<p>il mio esistere<br \/>\nosserva quei monti<br \/>\nche a tutte le ore<br \/>\ncambiano colore.<\/p>\n<p>&nbsp;<\/p>\n<p>&nbsp;<\/p>\n<p><strong>LA RACCOLTA COMPLETA\u00a0 \u00a0<\/strong><\/p>\n<blockquote class=\"wp-embedded-content\" data-secret=\"KXfFQtrHTd\"><p><a href=\"https:\/\/www.radiopiu.net\/wordpress\/in-vivo-verso\/\">In Vivo Verso<\/a><\/p><\/blockquote>\n<p><iframe loading=\"lazy\" class=\"wp-embedded-content\" sandbox=\"allow-scripts\" security=\"restricted\" style=\"position: absolute; clip: rect(1px, 1px, 1px, 1px);\" title=\"&#8220;In Vivo Verso&#8221; &#8212; Radio Pi\u00f9\" src=\"https:\/\/www.radiopiu.net\/wordpress\/in-vivo-verso\/embed\/#?secret=KXfFQtrHTd\" data-secret=\"KXfFQtrHTd\" width=\"600\" height=\"338\" frameborder=\"0\" marginwidth=\"0\" marginheight=\"0\" scrolling=\"no\"><\/iframe><\/p>\n<p>&nbsp;<\/p>\n<p>&nbsp;<\/p>\n<hr \/>\n<div>\n<div class=\"page-title-head hgroup\">\n<div class=\"page-title-head hgroup\">\n<div class=\"b654a4as d2edcug0\">\n<div class=\"j83agx80 btwxx1t3 lhclo0ds hop8lmos nkwizq5d scwd0bx6 roh60bw9\">\n<div class=\"rq0escxv hkbzh7o3 jwdofwj8 n8tt0mok r8blr3vg hyh9befq\">\n<div class=\"do00u71z l9j0dhe7 k4urcfbm\">\n<div class=\"ecm0bbzt e5nlhep0 a8c37x1j\">\n<div class=\"kvgmc6g5 cxmmr5t8 oygrvhab hcukyx3x c1et5uql\">\n<div class=\"gmail-kvgmc6g5 gmail-cxmmr5t8 gmail-oygrvhab gmail-hcukyx3x gmail-c1et5uql gmail-ii04i59q\">\n<div class=\"page-title-head hgroup\">\n<div class=\"page-title-head hgroup\">\n<div class=\"b654a4as d2edcug0\">\n<div class=\"j83agx80 btwxx1t3 lhclo0ds hop8lmos nkwizq5d scwd0bx6 roh60bw9\">\n<div class=\"rq0escxv hkbzh7o3 jwdofwj8 n8tt0mok r8blr3vg hyh9befq\">\n<div class=\"do00u71z l9j0dhe7 k4urcfbm\">\n<p>&nbsp;<\/p>\n<blockquote>\n<h3>ALLO SKI COLLEGE LE GIORNATE DELLO STUDENTE: 21-22 DICEMBRE<\/h3>\n<\/blockquote>\n<p><strong><a href=\"https:\/\/www.radiopiu.net\/wordpress\/allo-ski-college-le-giornate-dello-studente-21-22-dicembre\/ski-college-presentazione-18-sett-2021-2\/\" rel=\"attachment wp-att-248345\"><img loading=\"lazy\" decoding=\"async\" class=\"size-medium wp-image-248345 alignleft\" src=\"https:\/\/www.radiopiu.net\/wordpress\/wp-content\/uploads\/2021\/12\/ski-college-presentazione-18-sett-2021-300x200.jpg\" alt=\"\" width=\"300\" height=\"200\" srcset=\"https:\/\/www.radiopiu.net\/wordpress\/wp-content\/uploads\/2021\/12\/ski-college-presentazione-18-sett-2021-300x200.jpg 300w, https:\/\/www.radiopiu.net\/wordpress\/wp-content\/uploads\/2021\/12\/ski-college-presentazione-18-sett-2021-1024x682.jpg 1024w, https:\/\/www.radiopiu.net\/wordpress\/wp-content\/uploads\/2021\/12\/ski-college-presentazione-18-sett-2021-768x512.jpg 768w, https:\/\/www.radiopiu.net\/wordpress\/wp-content\/uploads\/2021\/12\/ski-college-presentazione-18-sett-2021-1536x1024.jpg 1536w, https:\/\/www.radiopiu.net\/wordpress\/wp-content\/uploads\/2021\/12\/ski-college-presentazione-18-sett-2021.jpg 2000w\" sizes=\"auto, (max-width: 300px) 100vw, 300px\" \/><\/a>FALCADE\u00a0<\/strong> <span style=\"font-family: verdana, sans-serif;\">Anche quest\u2019anno lo Ski College Veneto di Falcade, propone in collaborazione con l\u2019istituto Follador \u2013 De Rossi, la giornata studente-atleta. Si tratta di una giornata di stage rivolta ai ragazzi frequentanti la classe III media e pensata per introdurli alla vita quotidiana dei giovani atleti del College, fra scuola e sport. L\u2019idea \u00e8 quella di far vivere ai ragazzi una mattinata nelle aule e nei laboratori della scuola e un pomeriggio in pista, con gli allenatori e gli atleti che gi\u00e0 frequentano la struttura di Falcade. \u00c8 un\u2019occasione unica di provare una giornata tipo per coloro che hanno interesse a proseguire un percorso di studio conciliandolo con un\u2019attivit\u00e0 agonistica di alto livello nello sci alpino, nello sci di fondo, nello snowboard o nel biathlon. Due sono le date da segnare sul calendario: il 21 dicembre per lo stage dello sci alpino e dello snowboard, il 22 dicembre per lo stage dello sci di fondo e del biathlon.\u00a0<\/span><\/p>\n<p>&nbsp;<\/p>\n<p>&nbsp;<\/p>\n<hr \/>\n<p>&nbsp;<\/p>\n<p>&nbsp;<\/p>\n<blockquote>\n<h2>RADIO APERTA AL &#8220;FOLLADOR-DE ROSSI&#8221;, L&#8217;OFFERTA SCOLASTICA DI AGORDO E FALCADE<\/h2>\n<\/blockquote>\n<blockquote><p><em><img loading=\"lazy\" decoding=\"async\" class=\"alignleft\" src=\"https:\/\/www.radiopiu.net\/wordpress\/wp-content\/uploads\/2020\/10\/FOLLADOR-DE-ROSSI-scaled.jpg\" width=\"205\" height=\"96\" \/>Radio Aperta, perch\u00e8 apriamo i microfoni a dirigenti, insegnanti ed alunni. Un raccontato a puntate per conoscere l&#8217;offerta scolastica agordina, dal polo di Agordo a quello di Falcade.\u00a0<\/em><\/p><\/blockquote>\n<p>&nbsp;<\/p>\n<p><span style=\"color: #0000ff;\"><strong>6 PERITO CHIMICA MATERIALI BIOTECNOLOGIE<\/strong><\/span><\/p>\n<audio class=\"wp-audio-shortcode\" id=\"audio-248594-20\" preload=\"none\" style=\"width: 100%;\" controls=\"controls\"><source type=\"audio\/mpeg\" src=\"https:\/\/www.radiopiu.net\/wordpress\/wp-content\/uploads\/2021\/12\/Presentazione_indirizzo_chimica_materiali_e_biotecnologie-2021-12-11.mp3?_=20\" \/><a href=\"https:\/\/www.radiopiu.net\/wordpress\/wp-content\/uploads\/2021\/12\/Presentazione_indirizzo_chimica_materiali_e_biotecnologie-2021-12-11.mp3\">https:\/\/www.radiopiu.net\/wordpress\/wp-content\/uploads\/2021\/12\/Presentazione_indirizzo_chimica_materiali_e_biotecnologie-2021-12-11.mp3<\/a><\/audio>\n<h3><\/h3>\n<h3><span style=\"color: #0000ff;\">5 GEOTECNICO-MANUTENZIONI_ASSISTENZA TECNICA<\/span><\/h3>\n<audio class=\"wp-audio-shortcode\" id=\"audio-248594-21\" preload=\"none\" style=\"width: 100%;\" controls=\"controls\"><source type=\"audio\/mpeg\" src=\"https:\/\/www.radiopiu.net\/wordpress\/wp-content\/uploads\/2021\/12\/FOLLADOR-4.mp3?_=21\" \/><a href=\"https:\/\/www.radiopiu.net\/wordpress\/wp-content\/uploads\/2021\/12\/FOLLADOR-4.mp3\">https:\/\/www.radiopiu.net\/wordpress\/wp-content\/uploads\/2021\/12\/FOLLADOR-4.mp3<\/a><\/audio>\n<h3><span style=\"color: #0000ff;\">\u00a0<\/span><\/h3>\n<h3><span style=\"color: #0000ff;\">4 ENOGASTRONOMICO E TECNICO TURISTICO DI FALCADE<\/span><\/h3>\n<audio class=\"wp-audio-shortcode\" id=\"audio-248594-22\" preload=\"none\" style=\"width: 100%;\" controls=\"controls\"><source type=\"audio\/mpeg\" src=\"https:\/\/www.radiopiu.net\/wordpress\/wp-content\/uploads\/2021\/12\/FOLLADOR-3.mp3?_=22\" \/><a href=\"https:\/\/www.radiopiu.net\/wordpress\/wp-content\/uploads\/2021\/12\/FOLLADOR-3.mp3\">https:\/\/www.radiopiu.net\/wordpress\/wp-content\/uploads\/2021\/12\/FOLLADOR-3.mp3<\/a><\/audio>\n<h3><span style=\"color: #0000ff;\">\u00a0<\/span><span style=\"color: #0000ff;\">\u00a0<\/span><\/h3>\n<h3><span style=\"color: #0000ff;\">3 LICEO SCIENTIFICO\u00a0<\/span><\/h3>\n<audio class=\"wp-audio-shortcode\" id=\"audio-248594-23\" preload=\"none\" style=\"width: 100%;\" controls=\"controls\"><source type=\"audio\/mpeg\" src=\"https:\/\/www.radiopiu.net\/wordpress\/wp-content\/uploads\/2021\/12\/FOLLADOR-2.mp3?_=23\" \/><a href=\"https:\/\/www.radiopiu.net\/wordpress\/wp-content\/uploads\/2021\/12\/FOLLADOR-2.mp3\">https:\/\/www.radiopiu.net\/wordpress\/wp-content\/uploads\/2021\/12\/FOLLADOR-2.mp3<\/a><\/audio>\n<h3><span style=\"color: #0000ff;\">\u00a0<\/span><\/h3>\n<h3><span style=\"color: #0000ff;\">2 IL DIRIGENTE CLAUDIO MAGALIN\u00a0 &#8211; LICEO SPORTIVO<\/span><\/h3>\n<audio class=\"wp-audio-shortcode\" id=\"audio-248594-24\" preload=\"none\" style=\"width: 100%;\" controls=\"controls\"><source type=\"audio\/mpeg\" src=\"https:\/\/www.radiopiu.net\/wordpress\/wp-content\/uploads\/2021\/12\/GDB900.mp3?_=24\" \/><a href=\"https:\/\/www.radiopiu.net\/wordpress\/wp-content\/uploads\/2021\/12\/GDB900.mp3\">https:\/\/www.radiopiu.net\/wordpress\/wp-content\/uploads\/2021\/12\/GDB900.mp3<\/a><\/audio>\n<p>&nbsp;<\/p>\n<h3><span style=\"color: #0000ff;\"><strong>1 LO SPOT ALLA RADIO<\/strong><\/span><\/h3>\n<audio class=\"wp-audio-shortcode\" id=\"audio-248594-25\" preload=\"none\" style=\"width: 100%;\" controls=\"controls\"><source type=\"audio\/mpeg\" src=\"https:\/\/www.radiopiu.net\/wordpress\/wp-content\/uploads\/2021\/12\/FOLLADOR-NOVEMBRE-2021.mp3?_=25\" \/><a href=\"https:\/\/www.radiopiu.net\/wordpress\/wp-content\/uploads\/2021\/12\/FOLLADOR-NOVEMBRE-2021.mp3\">https:\/\/www.radiopiu.net\/wordpress\/wp-content\/uploads\/2021\/12\/FOLLADOR-NOVEMBRE-2021.mp3<\/a><\/audio>\n<p>&nbsp;<\/p>\n<p>&nbsp;<\/p>\n<hr \/>\n<p>&nbsp;<\/p>\n<p><span style=\"color: #0000ff;\">MUSICA PIU&#8217;\u00a0<\/span><\/p>\n<p><a href=\"https:\/\/www.radiopiu.net\/wordpress\/giornale-radiopiu-20-settembre-2021-direttore-mirko-mezzacasa\/pp-79\/\" rel=\"attachment wp-att-232921\"><img loading=\"lazy\" decoding=\"async\" class=\"wp-image-232921 alignleft\" src=\"https:\/\/www.radiopiu.net\/wordpress\/wp-content\/uploads\/2021\/09\/pp-1-300x300.jpg\" alt=\"\" width=\"135\" height=\"135\" srcset=\"https:\/\/www.radiopiu.net\/wordpress\/wp-content\/uploads\/2021\/09\/pp-1-300x300.jpg 300w, https:\/\/www.radiopiu.net\/wordpress\/wp-content\/uploads\/2021\/09\/pp-1-150x150.jpg 150w, https:\/\/www.radiopiu.net\/wordpress\/wp-content\/uploads\/2021\/09\/pp-1.jpg 640w\" sizes=\"auto, (max-width: 135px) 100vw, 135px\" \/><\/a><\/p>\n<div class=\"mkdf-post-text\">\n<div class=\"mkdf-post-text-inner\">\n<div class=\"mkdf-post-text-main\">\n<div class=\"mkdf-post-text\">\n<div class=\"mkdf-post-text-inner\">\n<div class=\"mkdf-post-text-main\">\n<div class=\"mkdf-post-text\">\n<div class=\"mkdf-post-text-inner\">\n<div class=\"mkdf-post-text-main\">\n<div class=\"page-title-head hgroup\">\n<div class=\"page-title-head hgroup\">\n<div class=\"mkdf-post-text\">\n<div class=\"mkdf-post-text-inner\">\n<div class=\"mkdf-post-text-main\">\n<div class=\"mkdf-post-text\">\n<div class=\"mkdf-post-text-inner\">\n<div class=\"mkdf-post-text-main\">\n<div class=\"page-title-head hgroup\">\n<div class=\"page-title-head hgroup\">\n<div class=\"page-title-head hgroup\">\n<div class=\"page-title-head hgroup\">\n<div class=\"b654a4as d2edcug0\">\n<div class=\"page-title-head hgroup\">\n<div class=\"page-title-head hgroup\">\n<div class=\"page-title-head hgroup\">\n<div class=\"page-title-head hgroup\">\n<div class=\"b654a4as d2edcug0\">\n<div class=\"page-title-head hgroup\">\n<div class=\"page-title-head hgroup\">\n<div class=\"page-title-head hgroup\">\n<div class=\"page-title-head hgroup\">\n<div class=\"b654a4as d2edcug0\">\n<div class=\"mkdf-post-text\">\n<div class=\"mkdf-post-text-inner\">\n<div class=\"mkdf-post-text-main\">\n<div class=\"mkdf-post-text\">\n<div class=\"mkdf-post-text-inner\">\n<div class=\"mkdf-post-text-main\">\n<div class=\"mkdf-post-text\">\n<div class=\"mkdf-post-text-inner\">\n<div class=\"mkdf-post-text-main\">\n<div class=\"page-title-head hgroup\">\n<div class=\"page-title-head hgroup\">\n<div class=\"mkdf-post-text\">\n<div class=\"mkdf-post-text-inner\">\n<div class=\"mkdf-post-text-main\">\n<div class=\"mkdf-post-text\">\n<div class=\"mkdf-post-text-inner\">\n<div class=\"mkdf-post-text-main\">\n<div class=\"page-title-head hgroup\">\n<div class=\"page-title-head hgroup\">\n<div class=\"page-title-head hgroup\">\n<div class=\"page-title-head hgroup\">\n<div class=\"b654a4as d2edcug0\">\n<div class=\"page-title-head hgroup\">\n<div class=\"page-title-head hgroup\">\n<div class=\"page-title-head hgroup\">\n<div class=\"page-title-head hgroup\">\n<div class=\"b654a4as d2edcug0\">\n<div class=\"page-title-head hgroup\">\n<div class=\"page-title-head hgroup\">\n<div class=\"page-title-head hgroup\">\n<div class=\"page-title-head hgroup\">\n<div class=\"b654a4as d2edcug0\">\n<div><\/div>\n<div><\/div>\n<div>\n<p><strong>MUSICA ALLA RADIO, IL PROGRAMMA DI LORIS SCUSSEL &#8220;COLLAGE OPERAZIONE NOSTALGIA&#8221; DAL LUNEDI AL VENERDI ALLE 16.00\u00a0 E ALLE 23\u00a0<\/strong><\/p>\n<\/div>\n<p>&nbsp;<\/p>\n<p><strong>PUNTATA NUMERO 499<\/strong><\/p>\n<audio class=\"wp-audio-shortcode\" id=\"audio-248594-26\" preload=\"none\" style=\"width: 100%;\" controls=\"controls\"><source type=\"audio\/mpeg\" src=\"https:\/\/www.radiopiu.net\/wordpress\/wp-content\/uploads\/2021\/12\/Collage-499.mp3?_=26\" \/><a href=\"https:\/\/www.radiopiu.net\/wordpress\/wp-content\/uploads\/2021\/12\/Collage-499.mp3\">https:\/\/www.radiopiu.net\/wordpress\/wp-content\/uploads\/2021\/12\/Collage-499.mp3<\/a><\/audio>\n<p>&nbsp;<\/p>\n<h3>COLLAGE DI LORIS SCUSSEL, VERSO LA PUNTATA NUMERO 500<\/h3>\n<blockquote><p><strong><em><a href=\"https:\/\/www.radiopiu.net\/wordpress\/collage-di-loris-scussel-verso-la-puntata-numero-500\/franco-e-loris\/\" rel=\"attachment wp-att-246394\"><img loading=\"lazy\" decoding=\"async\" class=\"wp-image-246394 alignleft\" src=\"https:\/\/www.radiopiu.net\/wordpress\/wp-content\/uploads\/2021\/12\/Franco-e-Loris-1024x731.jpg\" alt=\"\" width=\"330\" height=\"236\" srcset=\"https:\/\/www.radiopiu.net\/wordpress\/wp-content\/uploads\/2021\/12\/Franco-e-Loris-1024x731.jpg 1024w, https:\/\/www.radiopiu.net\/wordpress\/wp-content\/uploads\/2021\/12\/Franco-e-Loris-300x214.jpg 300w, https:\/\/www.radiopiu.net\/wordpress\/wp-content\/uploads\/2021\/12\/Franco-e-Loris-768x548.jpg 768w, https:\/\/www.radiopiu.net\/wordpress\/wp-content\/uploads\/2021\/12\/Franco-e-Loris.jpg 1447w\" sizes=\"auto, (max-width: 330px) 100vw, 330px\" \/><\/a>Collage, il programma di Radio Piu&#8217; in onda tutti i giorni dal lunedi al venerdi alle 16 e alle 23.30. Nel GIORNALE RADIO PIU tutti i giorni una nuova puntata. Di e con Loris Scussel.<\/em><\/strong><\/p><\/blockquote>\n<p><strong>REDAZIONE<\/strong> Questa settimana \u201cCollage operazione nostalgia\u201d raggiunger\u00e0 quota 500 puntate. Nella foto la trasmissione di gioved\u00ec dedicata all&#8217;amico Franco ad un anno dalla scomparsa, <em>&#8220;con lui oltre ad un\u2019amicizia che dura dal 1976 ho condiviso la prima esperienza presso una radio libera, come si chiamavano allora, Radio Vicenza dove per un anno e mezzo abbiamo condotto un programma che andava in onda il luned\u00ec sera dalle nove a mezzanotte, il ricordo tra qualche pensiero nostalgico e la musica come sempre protagonista&#8221;.<\/em><\/p>\n<p>Loris Scussel<\/p>\n<p>&nbsp;<\/p>\n<\/div>\n<\/div>\n<\/div>\n<\/div>\n<\/div>\n<\/div>\n<\/div>\n<\/div>\n<\/div>\n<\/div>\n<\/div>\n<\/div>\n<\/div>\n<\/div>\n<\/div>\n<\/div>\n<\/div>\n<\/div>\n<\/div>\n<\/div>\n<\/div>\n<\/div>\n<\/div>\n<\/div>\n<\/div>\n<\/div>\n<\/div>\n<\/div>\n<\/div>\n<\/div>\n<\/div>\n<\/div>\n<\/div>\n<\/div>\n<\/div>\n<\/div>\n<\/div>\n<\/div>\n<\/div>\n<\/div>\n<\/div>\n<\/div>\n<\/div>\n<\/div>\n<\/div>\n<\/div>\n<\/div>\n<\/div>\n<\/div>\n<\/div>\n<\/div>\n<\/div>\n<\/div>\n<\/div>\n<\/div>\n<\/div>\n<\/div>\n<\/div>\n<\/div>\n<\/div>\n<\/div>\n<\/div>\n<\/div>\n<\/div>\n<p>&nbsp;<\/p>\n<hr \/>\n<p>&nbsp;<\/p>\n<p>&nbsp;<\/p>\n<blockquote class=\"wp-embedded-content\" data-secret=\"19Um5UtoI5\"><p><a href=\"https:\/\/www.radiopiu.net\/wordpress\/freemix-la-liberta-musicale-mixata-da-dj-athos-e-raccontata-da-dj-jack\/\">FREEMIX, LA LIBERTA&#8217; MUSICALE MIXATA DA DJ ATHOS E RACCONTATA DA DJ JACK<\/a><\/p><\/blockquote>\n<p><iframe loading=\"lazy\" class=\"wp-embedded-content\" sandbox=\"allow-scripts\" security=\"restricted\" style=\"position: absolute; clip: rect(1px, 1px, 1px, 1px);\" title=\"&#8220;FREEMIX, LA LIBERTA&#8217; MUSICALE MIXATA DA DJ ATHOS E RACCONTATA DA DJ JACK&#8221; &#8212; Radio Pi\u00f9\" src=\"https:\/\/www.radiopiu.net\/wordpress\/freemix-la-liberta-musicale-mixata-da-dj-athos-e-raccontata-da-dj-jack\/embed\/#?secret=19Um5UtoI5\" data-secret=\"19Um5UtoI5\" width=\"600\" height=\"338\" frameborder=\"0\" marginwidth=\"0\" marginheight=\"0\" scrolling=\"no\"><\/iframe><\/p>\n<p>&nbsp;<\/p>\n<blockquote class=\"wp-embedded-content\" data-secret=\"tLlhh5ZQtp\"><p><a href=\"https:\/\/www.radiopiu.net\/wordpress\/da-ieri-alla-radio-in-palinsesto-loris-e-maurizio-con-la-grande-musica\/\">IL BLUES ALLA RADIO &#8230; COME NON L&#8217;AVETE MAI SENTITO PRIMA<\/a><\/p><\/blockquote>\n<p><iframe loading=\"lazy\" class=\"wp-embedded-content\" sandbox=\"allow-scripts\" security=\"restricted\" style=\"position: absolute; clip: rect(1px, 1px, 1px, 1px);\" title=\"&#8220;IL BLUES ALLA RADIO &#8230; COME NON L&#8217;AVETE MAI SENTITO PRIMA&#8221; &#8212; Radio Pi\u00f9\" src=\"https:\/\/www.radiopiu.net\/wordpress\/da-ieri-alla-radio-in-palinsesto-loris-e-maurizio-con-la-grande-musica\/embed\/#?secret=tLlhh5ZQtp\" data-secret=\"tLlhh5ZQtp\" width=\"600\" height=\"338\" frameborder=\"0\" marginwidth=\"0\" marginheight=\"0\" scrolling=\"no\"><\/iframe><\/p>\n<p>&nbsp;<\/p>\n<p>&nbsp;<\/p>\n<hr \/>\n<p>&nbsp;<\/p>\n<blockquote>\n<h3><span style=\"color: #0000ff;\">INFORMAZIONE il canale su TELEGRAM informazione di prima mano e in tempo reale. iscriviti ed aiutaci a farlo conoscere\u00a0\u00a0<\/span><\/h3>\n<\/blockquote>\n<div>\n<div class=\"page-title-head hgroup\">\n<div class=\"page-title-head hgroup\">\n<div class=\"page-title-head hgroup\">\n<div class=\"page-title-head hgroup\">\n<div class=\"b654a4as d2edcug0\">\n<div class=\"page-title-head hgroup\">\n<div class=\"page-title-head hgroup\">\n<div class=\"page-title-head hgroup\">\n<div class=\"page-title-head hgroup\">\n<div class=\"b654a4as d2edcug0\">\n<div class=\"page-title-head hgroup\">\n<div class=\"page-title-head hgroup\">\n<div class=\"page-title-head hgroup\">\n<div class=\"page-title-head hgroup\">\n<div class=\"page-title-head hgroup\">\n<div class=\"page-title-head hgroup\">\n<div class=\"page-title-head hgroup\">\n<div class=\"page-title-head hgroup\">\n<div class=\"page-title-head hgroup\">\n<div class=\"b654a4as d2edcug0\">\n<div class=\"page-title-head hgroup\">\n<div class=\"page-title-head hgroup\">\n<div class=\"page-title-head hgroup\">\n<div class=\"page-title-head hgroup\">\n<div class=\"b654a4as d2edcug0\">\n<div>\n<p>&nbsp;<\/p>\n<\/div>\n<div>\n<div class=\"page-title-head hgroup\">\n<div class=\"page-title-head hgroup\">\n<div class=\"page-title-head hgroup\">\n<div class=\"page-title-head hgroup\">\n<div class=\"page-title-head hgroup\">\n<div class=\"b654a4as d2edcug0\">\n<div>\n<hr \/>\n<\/div>\n<\/div>\n<div>\n<div>\n<p>&nbsp;<\/p>\n<\/div>\n<div>\n<div>\n<p>&nbsp;<\/p>\n<\/div>\n<div>\n<div>\n<p><strong>DUE MINUTI UN LIBRO, TUTTI I GIORNI ALLA RADIO ALLE 9.40 E ALLE 17.50<\/strong><\/p>\n<div>\n<div>\n<p><strong>LA RACCOLTA COMPLETA\u00a0\u00a0<\/strong><\/p>\n<\/div>\n<div>\n<blockquote class=\"wp-embedded-content\" data-secret=\"ueQMkp0rJv\"><p><a href=\"https:\/\/www.radiopiu.net\/wordpress\/due-minuti-un-libro\/\">Due minuti un libro<\/a><\/p><\/blockquote>\n<p><iframe loading=\"lazy\" class=\"wp-embedded-content\" sandbox=\"allow-scripts\" security=\"restricted\" style=\"position: absolute; clip: rect(1px, 1px, 1px, 1px);\" title=\"&#8220;Due minuti un libro&#8221; &#8212; Radio Pi\u00f9\" src=\"https:\/\/www.radiopiu.net\/wordpress\/due-minuti-un-libro\/embed\/#?secret=ueQMkp0rJv\" data-secret=\"ueQMkp0rJv\" width=\"600\" height=\"338\" frameborder=\"0\" marginwidth=\"0\" marginheight=\"0\" scrolling=\"no\"><\/iframe><\/p>\n<\/div>\n<\/div>\n<\/div>\n<div class=\"mkdf-post-text\">\n<div class=\"mkdf-post-text-inner\">\n<div class=\"mkdf-post-text-main\">\n<div class=\"mkdf-post-text\">\n<div class=\"mkdf-post-text-inner\">\n<div class=\"mkdf-post-text-main\">\n<div class=\"mkdf-post-text\">\n<div class=\"mkdf-post-text-inner\">\n<div class=\"mkdf-post-text-main\">\n<div class=\"page-title-head hgroup\">\n<div class=\"page-title-head hgroup\">\n<div class=\"mkdf-post-text\">\n<div class=\"mkdf-post-text-inner\">\n<div class=\"mkdf-post-text-main\">\n<div class=\"mkdf-post-text\">\n<div class=\"mkdf-post-text-inner\">\n<div class=\"mkdf-post-text-main\">\n<div class=\"page-title-head hgroup\">\n<div class=\"page-title-head hgroup\">\n<div class=\"page-title-head hgroup\">\n<div class=\"page-title-head hgroup\">\n<div class=\"b654a4as d2edcug0\">\n<div class=\"page-title-head hgroup\">\n<div class=\"page-title-head hgroup\">\n<div class=\"page-title-head hgroup\">\n<div class=\"page-title-head hgroup\">\n<div class=\"b654a4as d2edcug0\">\n<div class=\"page-title-head hgroup\">\n<div class=\"page-title-head hgroup\">\n<div class=\"page-title-head hgroup\">\n<div class=\"page-title-head hgroup\">\n<div class=\"b654a4as d2edcug0\">\n<div>\n<p>&nbsp;<\/p>\n<\/div>\n<div>\n<hr \/>\n<p>&nbsp;<\/p>\n<\/div>\n<h2><span style=\"color: #808000;\">L&#8217;ALMANACCO LADINO\u00a0\u00a0<\/span><\/h2>\n<p><strong>LA RACCOLTA<\/strong><\/p>\n<blockquote class=\"wp-embedded-content\" data-secret=\"rdeoRiu1pL\"><p><a href=\"https:\/\/www.radiopiu.net\/wordpress\/almanacco-ladino\/\">Almanacco Ladino<\/a><\/p><\/blockquote>\n<p><iframe loading=\"lazy\" class=\"wp-embedded-content\" sandbox=\"allow-scripts\" security=\"restricted\" style=\"position: absolute; clip: rect(1px, 1px, 1px, 1px);\" title=\"&#8220;Almanacco Ladino&#8221; &#8212; Radio Pi\u00f9\" src=\"https:\/\/www.radiopiu.net\/wordpress\/almanacco-ladino\/embed\/#?secret=rdeoRiu1pL\" data-secret=\"rdeoRiu1pL\" width=\"600\" height=\"338\" frameborder=\"0\" marginwidth=\"0\" marginheight=\"0\" scrolling=\"no\"><\/iframe><\/p>\n<p>&nbsp;<\/p>\n<hr \/>\n<p>&nbsp;<\/p>\n<h2><span style=\"color: #33cccc;\">LA RASSEGNA STAMPA DA L&#8217;AMICO DEL POPOLO<\/span><\/h2>\n<p><strong><a href=\"https:\/\/www.radiopiu.net\/wordpress\/fine-anno-eccezionale\/primo-piano-gli-studenti-che-scrivono-e-leggono-gli-fogli-di-risposta-degli-esami-di-esercitazione-in-aula-della-scuola-con-lo-stress_73622-858\/\" rel=\"attachment wp-att-143128\"><img loading=\"lazy\" decoding=\"async\" class=\"size-medium wp-image-143128 alignleft\" src=\"https:\/\/www.radiopiu.net\/wordpress\/wp-content\/uploads\/2020\/06\/primo-piano-gli-studenti-che-scrivono-e-leggono-gli-fogli-di-risposta-degli-esami-di-esercitazione-in-aula-della-scuola-con-lo-stress_73622-858-300x200.jpg\" alt=\"\" width=\"300\" height=\"200\" srcset=\"https:\/\/www.radiopiu.net\/wordpress\/wp-content\/uploads\/2020\/06\/primo-piano-gli-studenti-che-scrivono-e-leggono-gli-fogli-di-risposta-degli-esami-di-esercitazione-in-aula-della-scuola-con-lo-stress_73622-858-300x200.jpg 300w, https:\/\/www.radiopiu.net\/wordpress\/wp-content\/uploads\/2020\/06\/primo-piano-gli-studenti-che-scrivono-e-leggono-gli-fogli-di-risposta-degli-esami-di-esercitazione-in-aula-della-scuola-con-lo-stress_73622-858.jpg 626w\" sizes=\"auto, (max-width: 300px) 100vw, 300px\" \/><\/a><span style=\"color: #ff0000;\">PUNTATA DEL 11 DICEMBRE<\/span><\/strong><\/p>\n<p><strong>di Gianni Santomaso<\/strong><\/p>\n<p>OSPITE: Franco Chemello, insegnante del Liceo Galileo Tiziano<\/p>\n<audio class=\"wp-audio-shortcode\" id=\"audio-248594-27\" preload=\"none\" style=\"width: 100%;\" controls=\"controls\"><source type=\"audio\/mpeg\" src=\"https:\/\/www.radiopiu.net\/wordpress\/wp-content\/uploads\/2021\/12\/RASSEGNA-GIANNI-1.mp3?_=27\" \/><a href=\"https:\/\/www.radiopiu.net\/wordpress\/wp-content\/uploads\/2021\/12\/RASSEGNA-GIANNI-1.mp3\">https:\/\/www.radiopiu.net\/wordpress\/wp-content\/uploads\/2021\/12\/RASSEGNA-GIANNI-1.mp3<\/a><\/audio>\n<p>&nbsp;<\/p>\n<p><strong>LA RACCOLTA COMPLETA<\/strong><\/p>\n<blockquote class=\"wp-embedded-content\" data-secret=\"4hweztBMHI\"><p><a href=\"https:\/\/www.radiopiu.net\/wordpress\/rassegna-stampa-di-gianni-santomaso\/\">Rassegna stampa da l&#8217;amico del popolo &#8211; di Gianni Santomaso<\/a><\/p><\/blockquote>\n<p><iframe loading=\"lazy\" class=\"wp-embedded-content\" sandbox=\"allow-scripts\" security=\"restricted\" style=\"position: absolute; clip: rect(1px, 1px, 1px, 1px);\" title=\"&#8220;Rassegna stampa da l&#8217;amico del popolo &#8211; di Gianni Santomaso&#8221; &#8212; Radio Pi\u00f9\" src=\"https:\/\/www.radiopiu.net\/wordpress\/rassegna-stampa-di-gianni-santomaso\/embed\/#?secret=4hweztBMHI\" data-secret=\"4hweztBMHI\" width=\"600\" height=\"338\" frameborder=\"0\" marginwidth=\"0\" marginheight=\"0\" scrolling=\"no\"><\/iframe><\/p>\n<p>&nbsp;<\/p>\n<hr \/>\n<p>&nbsp;<\/p>\n<h2><span style=\"color: #800080;\">I RACCONTI DI PAOLO SOPPELSA<\/span><\/h2>\n<p><strong>LA RACCOLTA COMPLETA<\/strong><\/p>\n<blockquote class=\"wp-embedded-content\" data-secret=\"iEKP5cLwxY\"><p><a href=\"https:\/\/www.radiopiu.net\/wordpress\/i-racconti-di-paolo-soppelsa\/\">I racconti di Paolo Soppelsa<\/a><\/p><\/blockquote>\n<p><iframe loading=\"lazy\" class=\"wp-embedded-content\" sandbox=\"allow-scripts\" security=\"restricted\" style=\"position: absolute; clip: rect(1px, 1px, 1px, 1px);\" title=\"&#8220;I racconti di Paolo Soppelsa&#8221; &#8212; Radio Pi\u00f9\" src=\"https:\/\/www.radiopiu.net\/wordpress\/i-racconti-di-paolo-soppelsa\/embed\/#?secret=iEKP5cLwxY\" data-secret=\"iEKP5cLwxY\" width=\"600\" height=\"338\" frameborder=\"0\" marginwidth=\"0\" marginheight=\"0\" scrolling=\"no\"><\/iframe><\/p>\n<p>&nbsp;<\/p>\n<hr \/>\n<\/div>\n<div class=\"b654a4as d2edcug0\">\n<p>&nbsp;<\/p>\n<p><a href=\"https:\/\/www.radiopiu.net\/wordpress\/giornale-radiopiu-26-settembre-2018-direttore-mirko-mezzacasa\/viabilita-2\/\" rel=\"attachment wp-att-61954\"><img loading=\"lazy\" decoding=\"async\" class=\"aligncenter wp-image-61954 size-full\" src=\"https:\/\/www.radiopiu.net\/wordpress\/wp-content\/uploads\/2018\/09\/viabilita.jpeg\" sizes=\"auto, (max-width: 800px) 100vw, 800px\" srcset=\"https:\/\/www.radiopiu.net\/wordpress\/wp-content\/uploads\/2018\/09\/viabilita.jpeg 800w, https:\/\/www.radiopiu.net\/wordpress\/wp-content\/uploads\/2018\/09\/viabilita-300x38.jpeg 300w, https:\/\/www.radiopiu.net\/wordpress\/wp-content\/uploads\/2018\/09\/viabilita-768x96.jpeg 768w\" alt=\"\" width=\"800\" height=\"100\" \/><\/a><\/p>\n<div class=\"ecm0bbzt e5nlhep0 a8c37x1j\">\n<div class=\"kvgmc6g5 cxmmr5t8 oygrvhab hcukyx3x c1et5uql\">\n<div class=\"gmail-kvgmc6g5 gmail-cxmmr5t8 gmail-oygrvhab gmail-hcukyx3x gmail-c1et5uql gmail-ii04i59q\">\n<div class=\"page-title-head hgroup\">\n<div class=\"page-title-head hgroup\">\n<div class=\"b654a4as d2edcug0\">\n<div class=\"j83agx80 btwxx1t3 lhclo0ds hop8lmos nkwizq5d scwd0bx6 roh60bw9\">\n<div class=\"rq0escxv hkbzh7o3 jwdofwj8 n8tt0mok r8blr3vg hyh9befq\">\n<div class=\"do00u71z l9j0dhe7 k4urcfbm\">\n<div class=\"page-title-head hgroup\">\n<div class=\"page-title-head hgroup\">\n<div class=\"page-title-head hgroup\">\n<div class=\"page-title-head hgroup\">\n<div class=\"b654a4as d2edcug0\">\n<div class=\"page-title-head hgroup\">\n<div class=\"page-title-head hgroup\">\n<div class=\"page-title-head hgroup\">\n<div class=\"page-title-head hgroup\">\n<div class=\"b654a4as d2edcug0\">\n<div class=\"page-title-head hgroup\">\n<div class=\"page-title-head hgroup\">\n<div class=\"page-title-head hgroup\">\n<div class=\"page-title-head hgroup\">\n<div class=\"page-title-head hgroup\">\n<div class=\"page-title-head hgroup\">\n<div class=\"page-title-head hgroup\">\n<div class=\"page-title-head hgroup\">\n<div class=\"page-title-head hgroup\">\n<div class=\"b654a4as d2edcug0\">\n<div class=\"page-title-head hgroup\">\n<div class=\"page-title-head hgroup\">\n<div class=\"page-title-head hgroup\">\n<div class=\"page-title-head hgroup\">\n<div class=\"b654a4as d2edcug0\">\n<div class=\"page-title-head hgroup\">\n<div class=\"page-title-head hgroup\">\n<div class=\"page-title-head hgroup\">\n<div class=\"page-title-head hgroup\">\n<div class=\"page-title-head hgroup\">\n<div class=\"mkdf-post-text\">\n<div class=\"mkdf-post-text-inner\">\n<div class=\"mkdf-post-text-main\">\n<div class=\"mkdf-post-text\">\n<div class=\"mkdf-post-text-inner\">\n<div class=\"mkdf-post-text-main\">\n<div class=\"mkdf-post-text\">\n<div class=\"mkdf-post-text-inner\">\n<div class=\"mkdf-post-text-main\">\n<div class=\"page-title-head hgroup\">\n<div class=\"page-title-head hgroup\">\n<div class=\"mkdf-post-text\">\n<div class=\"mkdf-post-text-inner\">\n<div class=\"mkdf-post-text-main\">\n<div class=\"mkdf-post-text\">\n<div class=\"mkdf-post-text-inner\">\n<div class=\"mkdf-post-text-main\">\n<div class=\"page-title-head hgroup\">\n<div class=\"page-title-head hgroup\">\n<div class=\"page-title-head hgroup\">\n<div class=\"page-title-head hgroup\">\n<div class=\"b654a4as d2edcug0\">\n<div class=\"page-title-head hgroup\">\n<div class=\"page-title-head hgroup\">\n<div class=\"page-title-head hgroup\">\n<div class=\"page-title-head hgroup\">\n<div class=\"b654a4as d2edcug0\">\n<div class=\"page-title-head hgroup\">\n<div class=\"page-title-head hgroup\">\n<div class=\"page-title-head hgroup\">\n<div class=\"page-title-head hgroup\">\n<div class=\"b654a4as d2edcug0\">\n<div class=\"chat-input\">\n<div class=\"chat-input-container\">\n<div class=\"rows-wrapper chat-input-wrapper\">\n<div class=\"reply-wrapper\">\n<div class=\"btn-menu\">\n<div class=\"btn-menu-item tgico-replace rp\">\n<div class=\"c-ripple\">\n<div class=\"bubbles scrolled-down\">\n<div class=\"scrollable scrollable-y\">\n<div class=\"bubbles-inner has-rights is-chat is-channel\">\n<div class=\"bubbles-date-group\">\n<div class=\"bubble hide-name is-out can-have-tail is-group-first is-group-last is-read\" data-mid=\"5377294335\" data-peer-id=\"-1478820725\" data-timestamp=\"1638437407\">\n<div class=\"bubble-content-wrapper\">\n<div class=\"bubble-content\">\n<div class=\"message\" dir=\"auto\"><strong>\u00a0<\/strong><\/div>\n<div class=\"message\" dir=\"auto\"><strong>48 DELLE DOLOMITI<\/strong> localit\u00e0 Salesei di Sopra (Livinallongo)\u00a0 fino al 23 dicembre dalle 8 alle 17 &#8211; esclusi festivi e prefestivi &#8211; possibili interruzioni fino a 15 minuti, negli altri orari senso unico alternato con semaforo o movieri<\/div>\n<\/div>\n<\/div>\n<\/div>\n<\/div>\n<\/div>\n<\/div>\n<\/div>\n<\/div>\n<\/div>\n<\/div>\n<\/div>\n<\/div>\n<\/div>\n<\/div>\n<p><strong>SR 48 D<\/strong><strong>ELLE DOLOMITI<\/strong> fino al 17 dicembre senso unico alternato regolato da semaforo &#8211; esclusi festivi e prefestivi &#8211; in localit\u00e0 Bosco Ruaz.<\/p>\n<\/div>\n<\/div>\n<\/div>\n<\/div>\n<\/div>\n<\/div>\n<\/div>\n<\/div>\n<\/div>\n<\/div>\n<\/div>\n<\/div>\n<\/div>\n<\/div>\n<\/div>\n<\/div>\n<\/div>\n<\/div>\n<\/div>\n<\/div>\n<\/div>\n<\/div>\n<\/div>\n<\/div>\n<\/div>\n<\/div>\n<\/div>\n<\/div>\n<\/div>\n<\/div>\n<\/div>\n<\/div>\n<\/div>\n<\/div>\n<\/div>\n<\/div>\n<\/div>\n<\/div>\n<\/div>\n<\/div>\n<\/div>\n<\/div>\n<\/div>\n<\/div>\n<\/div>\n<\/div>\n<\/div>\n<\/div>\n<\/div>\n<\/div>\n<\/div>\n<\/div>\n<\/div>\n<\/div>\n<\/div>\n<\/div>\n<\/div>\n<\/div>\n<\/div>\n<\/div>\n<\/div>\n<\/div>\n<\/div>\n<\/div>\n<\/div>\n<\/div>\n<\/div>\n<\/div>\n<\/div>\n<\/div>\n<\/div>\n<\/div>\n<\/div>\n<\/div>\n<\/div>\n<\/div>\n<\/div>\n<\/div>\n<\/div>\n<\/div>\n<\/div>\n<\/div>\n<\/div>\n<\/div>\n<\/div>\n<\/div>\n<\/div>\n<\/div>\n<\/div>\n<\/div>\n<\/div>\n<\/div>\n<\/div>\n<\/div>\n<\/div>\n<\/div>\n<\/div>\n<\/div>\n<\/div>\n<\/div>\n<\/div>\n<\/div>\n<\/div>\n<\/div>\n<\/div>\n<\/div>\n<\/div>\n<\/div>\n<\/div>\n<\/div>\n<\/div>\n<\/div>\n<\/div>\n<\/div>\n<\/div>\n<\/div>\n<\/div>\n<\/div>\n<\/div>\n<\/div>\n<\/div>\n<\/div>\n<\/div>\n<\/div>\n<\/div>\n<\/div>\n<\/div>\n<\/div>\n<\/div>\n<\/div>\n<\/div>\n<\/div>\n<\/div>\n<\/div>\n<\/div>\n<\/div>\n<\/div>\n<\/div>\n<\/div>\n<\/div>\n<\/div>\n<\/div>\n<\/div>\n<\/div>\n<\/div>\n<\/div>\n<\/div>\n<\/div>\n<\/div>\n<\/div>\n<\/div>\n<\/div>\n<\/div>\n<\/div>\n<div>\n<div class=\"page-title-head hgroup\">\n<div class=\"page-title-head hgroup\">\n<div class=\"b654a4as d2edcug0\">\n<div class=\"j83agx80 btwxx1t3 lhclo0ds hop8lmos nkwizq5d scwd0bx6 roh60bw9\">\n<div class=\"rq0escxv hkbzh7o3 jwdofwj8 n8tt0mok r8blr3vg hyh9befq\">\n<div class=\"do00u71z l9j0dhe7 k4urcfbm\">\n<div class=\"ecm0bbzt e5nlhep0 a8c37x1j\">\n<div class=\"kvgmc6g5 cxmmr5t8 oygrvhab hcukyx3x c1et5uql\">\n<div class=\"gmail-kvgmc6g5 gmail-cxmmr5t8 gmail-oygrvhab gmail-hcukyx3x gmail-c1et5uql gmail-ii04i59q\">\n<div class=\"page-title-head hgroup\">\n<div class=\"page-title-head hgroup\">\n<div class=\"b654a4as d2edcug0\">\n<div class=\"j83agx80 btwxx1t3 lhclo0ds hop8lmos nkwizq5d scwd0bx6 roh60bw9\">\n<div class=\"rq0escxv hkbzh7o3 jwdofwj8 n8tt0mok r8blr3vg hyh9befq\">\n<div class=\"do00u71z l9j0dhe7 k4urcfbm\">\n<div class=\"page-title-head hgroup\">\n<div class=\"page-title-head hgroup\">\n<div class=\"page-title-head hgroup\">\n<div class=\"page-title-head hgroup\">\n<div class=\"b654a4as d2edcug0\">\n<div class=\"page-title-head hgroup\">\n<div class=\"page-title-head hgroup\">\n<div class=\"page-title-head hgroup\">\n<div class=\"page-title-head hgroup\">\n<div class=\"b654a4as d2edcug0\">\n<div class=\"page-title-head hgroup\">\n<div class=\"page-title-head hgroup\">\n<div class=\"page-title-head hgroup\">\n<div class=\"page-title-head hgroup\">\n<div class=\"page-title-head hgroup\">\n<div class=\"page-title-head hgroup\">\n<div class=\"page-title-head hgroup\">\n<div class=\"page-title-head hgroup\">\n<div class=\"page-title-head hgroup\">\n<div class=\"b654a4as d2edcug0\">\n<div class=\"page-title-head hgroup\">\n<div class=\"page-title-head hgroup\">\n<div class=\"page-title-head hgroup\">\n<div class=\"page-title-head hgroup\">\n<div class=\"b654a4as d2edcug0\">\n<div class=\"page-title-head hgroup\">\n<div class=\"page-title-head hgroup\">\n<div class=\"page-title-head hgroup\">\n<div class=\"page-title-head hgroup\">\n<div class=\"page-title-head hgroup\">\n<div class=\"mkdf-post-text\">\n<div class=\"mkdf-post-text-inner\">\n<div class=\"mkdf-post-text-main\">\n<div class=\"mkdf-post-text\">\n<div class=\"mkdf-post-text-inner\">\n<div class=\"mkdf-post-text-main\">\n<div class=\"mkdf-post-text\">\n<div class=\"mkdf-post-text-inner\">\n<div class=\"mkdf-post-text-main\">\n<div class=\"page-title-head hgroup\">\n<div class=\"page-title-head hgroup\">\n<div class=\"mkdf-post-text\">\n<div class=\"mkdf-post-text-inner\">\n<div class=\"mkdf-post-text-main\">\n<div class=\"mkdf-post-text\">\n<div class=\"mkdf-post-text-inner\">\n<div class=\"mkdf-post-text-main\">\n<div class=\"page-title-head hgroup\">\n<div class=\"page-title-head hgroup\">\n<div class=\"page-title-head hgroup\">\n<div class=\"page-title-head hgroup\">\n<div class=\"b654a4as d2edcug0\">\n<div class=\"page-title-head hgroup\">\n<div class=\"page-title-head hgroup\">\n<div class=\"page-title-head hgroup\">\n<div class=\"page-title-head hgroup\">\n<div class=\"b654a4as d2edcug0\">\n<div class=\"page-title-head hgroup\">\n<div class=\"page-title-head hgroup\">\n<div class=\"page-title-head hgroup\">\n<div class=\"page-title-head hgroup\">\n<div class=\"b654a4as d2edcug0\">\n<div class=\"ecm0bbzt e5nlhep0 a8c37x1j\">\n<div class=\"kvgmc6g5 cxmmr5t8 oygrvhab hcukyx3x c1et5uql\">\n<div class=\"gmail-kvgmc6g5 gmail-cxmmr5t8 gmail-oygrvhab gmail-hcukyx3x gmail-c1et5uql gmail-ii04i59q\">\n<div class=\"page-title-head hgroup\">\n<div class=\"page-title-head hgroup\">\n<div class=\"b654a4as d2edcug0\">\n<div class=\"j83agx80 btwxx1t3 lhclo0ds hop8lmos nkwizq5d scwd0bx6 roh60bw9\">\n<div class=\"rq0escxv hkbzh7o3 jwdofwj8 n8tt0mok r8blr3vg hyh9befq\">\n<div class=\"do00u71z l9j0dhe7 k4urcfbm\">\n<div class=\"page-title-head hgroup\">\n<div class=\"page-title-head hgroup\">\n<div class=\"page-title-head hgroup\">\n<div class=\"page-title-head hgroup\">\n<div class=\"b654a4as d2edcug0\">\n<div class=\"page-title-head hgroup\">\n<div class=\"page-title-head hgroup\">\n<div class=\"page-title-head hgroup\">\n<div class=\"page-title-head hgroup\">\n<div class=\"b654a4as d2edcug0\">\n<div class=\"page-title-head hgroup\">\n<div class=\"page-title-head hgroup\">\n<div class=\"page-title-head hgroup\">\n<div class=\"page-title-head hgroup\">\n<div class=\"page-title-head hgroup\">\n<div class=\"page-title-head hgroup\">\n<div class=\"page-title-head hgroup\">\n<div class=\"page-title-head hgroup\">\n<div class=\"page-title-head hgroup\">\n<div class=\"b654a4as d2edcug0\">\n<div class=\"page-title-head hgroup\">\n<div class=\"page-title-head hgroup\">\n<div class=\"page-title-head hgroup\">\n<div class=\"page-title-head hgroup\">\n<div class=\"b654a4as d2edcug0\">\n<div class=\"page-title-head hgroup\">\n<div class=\"page-title-head hgroup\">\n<div class=\"page-title-head hgroup\">\n<div class=\"page-title-head hgroup\">\n<div class=\"page-title-head hgroup\">\n<div class=\"mkdf-post-text\">\n<div class=\"mkdf-post-text-inner\">\n<div class=\"mkdf-post-text-main\">\n<div class=\"mkdf-post-text\">\n<div class=\"mkdf-post-text-inner\">\n<div class=\"mkdf-post-text-main\">\n<div class=\"mkdf-post-text\">\n<div class=\"mkdf-post-text-inner\">\n<div class=\"mkdf-post-text-main\">\n<div class=\"page-title-head hgroup\">\n<div class=\"page-title-head hgroup\">\n<div class=\"mkdf-post-text\">\n<div class=\"mkdf-post-text-inner\">\n<div class=\"mkdf-post-text-main\">\n<div class=\"mkdf-post-text\">\n<div class=\"mkdf-post-text-inner\">\n<div class=\"mkdf-post-text-main\">\n<div class=\"page-title-head hgroup\">\n<div class=\"page-title-head hgroup\">\n<div class=\"page-title-head hgroup\">\n<div class=\"page-title-head hgroup\">\n<div class=\"b654a4as d2edcug0\">\n<div class=\"page-title-head hgroup\">\n<div class=\"page-title-head hgroup\">\n<div class=\"page-title-head hgroup\">\n<div class=\"page-title-head hgroup\">\n<div class=\"b654a4as d2edcug0\">\n<div class=\"page-title-head hgroup\">\n<div class=\"page-title-head hgroup\">\n<div class=\"page-title-head hgroup\">\n<div class=\"page-title-head hgroup\">\n<div class=\"b654a4as d2edcug0\">\n<p><strong>SP 251 VAL DI ZOLDO E CELLINA<\/strong> fino al 22 dicembre interruzioni alla viabilit\u00e0 della durata massima di 10 minuti e senso unico alternato nei periodi non interessati dalle interruzioni nel comune di Val di Zoldo<\/p>\n<p><strong>SR 203 AGORDINA<\/strong> Fino al 17 dicembre, esclusi sabato domenica e festivi infrasettimanali, restringimento della careggiata con divieto di sorpasso e limitazione ai 50 km\/h in comune di La Valle per lavori sul margine della carreggiata<\/p>\n<p><strong>SP 422 DELL&#8217;ALPAGO E DEL<\/strong> <strong>CANSIGLIO<\/strong> Fino al 17 dicembre senso unico alternato con semaforo in localit\u00e0 Cornei di Alpago per posa cavidotti<\/p>\n<p><strong>SP 40 VAL SENAIGA<\/strong>\u00a0 Fino\u00a0 al 22 dicembre, sabati domeniche e festivi inclusi, interdizione totale al traffico in localit\u00e0 Pei di Lamon per consolidamento corpo stradale<\/p>\n<p>&nbsp;<\/p>\n<hr \/>\n<p>&nbsp;<\/p>\n<\/div>\n<div class=\"b654a4as d2edcug0\">\n<div class=\"ecm0bbzt e5nlhep0 a8c37x1j\">\n<div class=\"kvgmc6g5 cxmmr5t8 oygrvhab hcukyx3x c1et5uql\">\n<div class=\"gmail-kvgmc6g5 gmail-cxmmr5t8 gmail-oygrvhab gmail-hcukyx3x gmail-c1et5uql gmail-ii04i59q\">\n<div>\n<div class=\"page-title-head hgroup\">\n<div class=\"page-title-head hgroup\">\n<div class=\"b654a4as d2edcug0\">\n<div class=\"j83agx80 btwxx1t3 lhclo0ds hop8lmos nkwizq5d scwd0bx6 roh60bw9\">\n<div class=\"rq0escxv hkbzh7o3 jwdofwj8 n8tt0mok r8blr3vg hyh9befq\">\n<div class=\"do00u71z l9j0dhe7 k4urcfbm\">\n<div>\n<div class=\"page-title-head hgroup\">\n<div class=\"page-title-head hgroup\">\n<div class=\"page-title-head hgroup\">\n<div class=\"page-title-head hgroup\">\n<div class=\"b654a4as d2edcug0\">\n<div class=\"page-title-head hgroup\">\n<div class=\"page-title-head hgroup\">\n<div class=\"page-title-head hgroup\">\n<div class=\"page-title-head hgroup\">\n<div class=\"b654a4as d2edcug0\">\n<div class=\"page-title-head hgroup\">\n<div class=\"page-title-head hgroup\">\n<div class=\"page-title-head hgroup\">\n<div class=\"page-title-head hgroup\">\n<div class=\"page-title-head hgroup\">\n<div class=\"mkdf-post-text\">\n<div class=\"mkdf-post-text-inner\">\n<div class=\"mkdf-post-text-main\">\n<div class=\"mkdf-post-text\">\n<div class=\"mkdf-post-text-inner\">\n<div class=\"mkdf-post-text-main\">\n<div class=\"mkdf-post-text\">\n<div class=\"mkdf-post-text-inner\">\n<div class=\"mkdf-post-text-main\">\n<div class=\"page-title-head hgroup\">\n<div class=\"page-title-head hgroup\">\n<div class=\"mkdf-post-text\">\n<div class=\"mkdf-post-text-inner\">\n<div class=\"mkdf-post-text-main\">\n<div class=\"mkdf-post-text\">\n<div class=\"mkdf-post-text-inner\">\n<div class=\"mkdf-post-text-main\">\n<div>\n<div class=\"page-title-head hgroup\">\n<div class=\"page-title-head hgroup\">\n<div>\n<div class=\"page-title-head hgroup\">\n<div class=\"page-title-head hgroup\">\n<div class=\"b654a4as d2edcug0\">\n<div>\n<div class=\"page-title-head hgroup\" style=\"text-align: left;\">\n<div class=\"page-title-head hgroup\">\n<div dir=\"auto\">\n<p><a class=\"dt-pswp-item pspw-wrap-ready\" href=\"https:\/\/i0.wp.com\/www.radiopiu.net\/wordpress\/wp-content\/uploads\/2018\/09\/WhatsApp-Image-2018-09-20-at-16.04.06.jpeg?ssl=1\" data-dt-img-description=\"\" data-large_image_width=\"800\" data-large_image_height=\"100\"><img loading=\"lazy\" decoding=\"async\" class=\"aligncenter wp-image-61378 size-full jetpack-lazy-image jetpack-lazy-image--handled\" src=\"https:\/\/i0.wp.com\/www.radiopiu.net\/wordpress\/wp-content\/uploads\/2018\/09\/WhatsApp-Image-2018-09-20-at-16.04.06.jpeg?resize=800%2C100&amp;ssl=1\" sizes=\"auto, (max-width: 800px) 100vw, 800px\" srcset=\"https:\/\/i0.wp.com\/www.radiopiu.net\/wordpress\/wp-content\/uploads\/2018\/09\/WhatsApp-Image-2018-09-20-at-16.04.06.jpeg?w=800&amp;ssl=1 800w, https:\/\/i0.wp.com\/www.radiopiu.net\/wordpress\/wp-content\/uploads\/2018\/09\/WhatsApp-Image-2018-09-20-at-16.04.06.jpeg?resize=300%2C38&amp;ssl=1 300w, https:\/\/i0.wp.com\/www.radiopiu.net\/wordpress\/wp-content\/uploads\/2018\/09\/WhatsApp-Image-2018-09-20-at-16.04.06.jpeg?resize=768%2C96&amp;ssl=1 768w\" alt=\"\" width=\"800\" height=\"100\" data-lazy-loaded=\"1\" \/><\/a><\/p>\n<\/div>\n<\/div>\n<\/div>\n<\/div>\n<\/div>\n<\/div>\n<\/div>\n<\/div>\n<\/div>\n<\/div>\n<\/div>\n<\/div>\n<\/div>\n<\/div>\n<\/div>\n<\/div>\n<\/div>\n<\/div>\n<\/div>\n<\/div>\n<\/div>\n<\/div>\n<\/div>\n<\/div>\n<\/div>\n<\/div>\n<\/div>\n<\/div>\n<\/div>\n<\/div>\n<\/div>\n<\/div>\n<\/div>\n<\/div>\n<\/div>\n<\/div>\n<\/div>\n<\/div>\n<\/div>\n<\/div>\n<\/div>\n<\/div>\n<\/div>\n<\/div>\n<p>&nbsp;<\/p>\n<p><center><b>Venerdi 17<\/b><\/center><b>Tempo atteso: <\/b>Persistenza del tempo stabile con sole, cielo sereno o poco nuvoloso per qualche innocuo banco di cirri. Cresce l&#8217;insidia delle nebbie in Valbelluna, specie durante le ore pi\u00f9 fredde e, localmente, non escluso possano sostare pi\u00f9 a lungo rispetto ai giorni passati. Si conserva una certa mitezza diurna in quota e nelle valli pi\u00f9 assolate.<br \/>\n<b>Precipitazioni: <\/b>Assenti (0%)<br \/>\n<b>Temperature: <\/b>Minime pressoch\u00e9 stazionarie, salvo locali lievi diminuzioni; massime in generale leggera flessione rispetto a gioved\u00ec, ma la mitezza diurna sar\u00e0 ancora ben presente, a eccezione dei settori in ombra e delle zone dove la nebbia tarder\u00e0 a dissiparsi. Persistenza dell&#8217;inversione termica nei fondovalle. Su Prealpi a 1500 m min 3\u00b0C max 6\u00b0C, a 2000 m min 0\u00b0C max 3\u00b0C. Su Dolomiti a 2000 m min -1\u00b0C max 3\u00b0C, a 3000 m min -5\u00b0C max -1\u00b0C.<br \/>\n<b>Venti: <\/b>Nelle valli perlopi\u00f9 deboli di direzione variabile, salvo locali rinforzi per brezze di monte tra la notte e il primo mattino in alcuni settori prealpini e per episodi di Foehn in molte valli dolomitiche al pomeriggio\/sera; in quota moderati da nord-est al mattino, in rinforzo fino a tesi\/forti da met\u00e0 pomeriggio in poi oltre i 2200\/2500 m, a 15-40 km\/h a 2000 m e 25-60 km\/h a 3000 m.<\/p>\n<hr \/>\n<p><center><b>Sabato 18<\/b><\/center><b>Tempo atteso: <\/b>Tempo stabile e ben soleggiato con cielo sereno, aria tersa e ottima visibilit\u00e0 in montagna. Minore insidia nebbia in Valbelluna durante le ore pi\u00f9 fredde. In alta quota atmosfera un po&#8217; ventilata a inizio giornata, ma ben presto il vento tender\u00e0 a scemare a tutte le quote. Minore mitezza diurna.<br \/>\n<b>Precipitazioni: <\/b>Assenti (0%).<br \/>\n<b>Temperature: <\/b>Minime pressoch\u00e9 stazionarie, eccetto locali aumenti nei settori interessati dal Foehn mattutino; massime in generale leggera flessione rispetto a venerd\u00ec. Persistenza dell&#8217;inversione termica nei fondovalle, . Su Prealpi a 1500 m min 3\u00b0C max 5\u00b0C, a 2000 m min 0\u00b0C max 2\u00b0C. Su Dolomiti a 2000 m min -1\u00b0C max 2\u00b0C, a 3000 m min -5\u00b0C max -3\u00b0C.<br \/>\n<b>Venti: <\/b>Nelle valli perlopi\u00f9 deboli, eccetto rinforzi per qualche locale episodio di Foehn; in quota inizialmente moderati\/tesi da nord-est, in graduale attenuazione con il passare delle ore, a 10-30 km\/h a 2000 m e 20-40 km\/h a 3000 m.<\/p>\n<hr \/>\n<p><center><b>Domenica 19<\/b><\/center>Bel tempo ancora assai mite per il periodo, con inversione termica nei fondovalle e nei settori in ombra. Ottima visibilit\u00e0 in quota, mentre persister\u00e0 l&#8217;insidia nebbia in Valbelluna durante le ore pi\u00f9 fredde. Temperature in temporaneo lieve rialzo. Venti perlopi\u00f9 moderati da nord nord-est in quota, a tratti tesi al pomeriggio sulle cime pi\u00f9 alte; perlopi\u00f9 deboli di direzione variabile nelle valli, eccetto solite brezze notturne sulle Prealpi tra la notte e il primo mattino.<\/p>\n<hr \/>\n<p><center><b>Lunedi 20<\/b><\/center>Bel tempo invernale, decisamente pi\u00f9 freddo in quota, con scomparsa dell&#8217;inversione termica nei fondovalle. Aria nitida e ottima visibilit\u00e0 in quota, mentre l&#8217;insidia nebbie in Valbelluna durante le ore pi\u00f9 fredde sar\u00e0 minore. Temperature in netto calo in quota con minime raggiunte alla sera, complessivamente in calo nelle valli, ma con locali rialzi nei settori interessati dal Foehn. Venti moderati\/tesi da nord nord-ovest in quota, a tratti forti sulle cime pi\u00f9 alte; perlopi\u00f9 moderati dai quadranti settentrionali nelle valli, con rinforzi a volte sensibili per raffiche di Foehn. Previsore: R.L.Th.<\/p>\n<\/div>\n<\/div>\n<\/div>\n<\/div>\n<\/div>\n<\/div>\n<\/div>\n<\/div>\n<\/div>\n<\/div>\n<\/div>\n<\/div>\n<\/div>\n<\/div>\n<\/div>\n<\/div>\n<\/div>\n<\/div>\n<\/div>\n<\/div>\n<\/div>\n<\/div>\n<\/div>\n<\/div>\n<\/div>\n<\/div>\n<\/div>\n<\/div>\n<\/div>\n<\/div>\n<\/div>\n<\/div>\n<\/div>\n<\/div>\n<\/div>\n<\/div>\n<\/div>\n<\/div>\n<\/div>\n<\/div>\n<\/div>\n<\/div>\n<\/div>\n<\/div>\n<\/div>\n<\/div>\n<\/div>\n<\/div>\n<\/div>\n<\/div>\n<\/div>\n<\/div>\n<\/div>\n<\/div>\n<\/div>\n<\/div>\n<\/div>\n<\/div>\n<\/div>\n<\/div>\n<\/div>\n<\/div>\n<\/div>\n<\/div>\n<\/div>\n<\/div>\n<\/div>\n<\/div>\n<\/div>\n<\/div>\n<\/div>\n<\/div>\n<\/div>\n<\/div>\n<\/div>\n<\/div>\n<\/div>\n<\/div>\n<\/div>\n<\/div>\n<\/div>\n<\/div>\n<\/div>\n<\/div>\n<\/div>\n<\/div>\n<\/div>\n<\/div>\n<\/div>\n<\/div>\n<\/div>\n<\/div>\n<\/div>\n<\/div>\n<\/div>\n<\/div>\n<\/div>\n<\/div>\n<\/div>\n<\/div>\n<\/div>\n<\/div>\n<\/div>\n<\/div>\n<\/div>\n<\/div>\n<\/div>\n<\/div>\n<\/div>\n<\/div>\n<\/div>\n<\/div>\n<\/div>\n<\/div>\n<\/div>\n<\/div>\n<\/div>\n<\/div>\n<\/div>\n<\/div>\n<\/div>\n<\/div>\n<\/div>\n<\/div>\n<\/div>\n<\/div>\n<\/div>\n<\/div>\n<\/div>\n<\/div>\n<\/div>\n<\/div>\n<\/div>\n<\/div>\n<\/div>\n<\/div>\n<\/div>\n<\/div>\n<\/div>\n<\/div>\n<\/div>\n<\/div>\n<\/div>\n<\/div>\n<\/div>\n<\/div>\n<\/div>\n<\/div>\n<\/div>\n<\/div>\n<\/div>\n<\/div>\n<\/div>\n<\/div>\n<\/div>\n<\/div>\n<\/div>\n<\/div>\n<\/div>\n<div>\n<p>&nbsp;<\/p>\n<\/div>\n<hr \/>\n<p>&nbsp;<\/p>\n<div class=\"mkdf-post-text\">\n<div class=\"mkdf-post-text-inner\">\n<p><a href=\"https:\/\/www.radiopiu.net\/wordpress\/giornale-radiopiu-15-settembre-2018-direttore-mirko-mezzacasa\/sport-7\/\" rel=\"attachment wp-att-60761\"><img loading=\"lazy\" decoding=\"async\" class=\"wp-image-60761 size-full aligncenter\" src=\"https:\/\/www.radiopiu.net\/wordpress\/wp-content\/uploads\/2018\/09\/sport.jpg\" alt=\"\" width=\"800\" height=\"100\" srcset=\"https:\/\/www.radiopiu.net\/wordpress\/wp-content\/uploads\/2018\/09\/sport.jpg 800w, https:\/\/www.radiopiu.net\/wordpress\/wp-content\/uploads\/2018\/09\/sport-300x38.jpg 300w, https:\/\/www.radiopiu.net\/wordpress\/wp-content\/uploads\/2018\/09\/sport-768x96.jpg 768w\" sizes=\"auto, (max-width: 800px) 100vw, 800px\" \/><\/a><\/p>\n<\/div>\n<\/div>\n<p><span style=\"color: #0000ff;\"><strong>\u00a0\u00a0<\/strong><\/span><\/p>\n<p>&nbsp;<\/p>\n<p><span style=\"color: #0000ff;\"><strong>HOCKEY SU GHIACCIO<\/strong><\/span><\/p>\n<blockquote>\n<h3>SABATO LE CIVETTE VANNO NELLA TANA DEI LUCCI<\/h3>\n<\/blockquote>\n<p><strong><a href=\"https:\/\/www.radiopiu.net\/wordpress\/sabato-le-civette-vanno-nella-tana-dei-lucci\/alleghe-hockey-2021\/\" rel=\"attachment wp-att-248745\"><img loading=\"lazy\" decoding=\"async\" class=\"wp-image-248745 alignleft\" src=\"https:\/\/www.radiopiu.net\/wordpress\/wp-content\/uploads\/2021\/12\/ALLEGHE-HOCKEY-2021-300x166.jpg\" alt=\"\" width=\"376\" height=\"208\" srcset=\"https:\/\/www.radiopiu.net\/wordpress\/wp-content\/uploads\/2021\/12\/ALLEGHE-HOCKEY-2021-300x166.jpg 300w, https:\/\/www.radiopiu.net\/wordpress\/wp-content\/uploads\/2021\/12\/ALLEGHE-HOCKEY-2021-768x425.jpg 768w, https:\/\/www.radiopiu.net\/wordpress\/wp-content\/uploads\/2021\/12\/ALLEGHE-HOCKEY-2021.jpg 1024w\" sizes=\"auto, (max-width: 376px) 100vw, 376px\" \/><\/a>di Roberto Miana, portavoce dell&#8217;Alleghe Hockey<\/strong><\/p>\n<p>Sesta giornata del girone di ritorno dell&#8217;Italian Hockey League. Sabato 18 dicembre alle ore 19:30 l&#8217;Alleghe gioca a Caldaro. <strong>ALLEGHE:<\/strong> i Biancorossi si apprestano ad affrontare la difficile trasferta di Caldaro contro i campioni in carica del torneo, dopo aver conquistato sabato la quinta vittoria consecutiva sotto ai lamellari del \u201cDe Toni\u201d, battendo 5-3 un coriaceo Varese. Contro i gialloneri il primo parziale non ha sancito n\u00e9 vincitori n\u00e9 vinti, con le due formazioni che si sono annullate a vicenda. Nel secondo drittel gli agordini sono saliti in cattedra, segnando tre marcature in otto minuti con Edgar De Toni #45, Loris De Val #10 e Francesco Soppelsa #22. Il terzo tempo ha registrato la grande reazione dei Mastini che, complice il calo dei nostri ragazzi, hanno rimesso l\u2019incontro in parit\u00e0. A tre minuti dalla sirena, quando cominciava a farsi concreto lo spettro dell&#8217;overtime o peggio il rischio della beffa finale, ci ha pensato ancora Edgar De Toni #45 a riportare avanti le Civette. Negli ultimi secondi \u00e8 arrivato anche il sigillo a porta vuota di Francesco Soppelsa #22, che ha messo la parola fine alla contesa. Per i Biancorossi quinta posizione in classifica con 25 punti, 38 reti segnate e 32 subite, che ne fanno la miglior difesa del torneo. <strong>CALDARO:<\/strong> i Lucci si presentano alla sfida con le Civette galvanizzati dalla brillante vittoria 5-2 ottenuta contro l&#8217;Unterland, nello scontro di altissima classifica giocato sabato sul ghiaccio della Wurth Arena di Egna. Gara nella quale il Caldaro si \u00e8 difeso molto bene con una prova superlativa del proprio estremo difensore Daniel Morandell e ha messo in mostra la devastante concretezza dei propri attaccanti Michael Felderer e del Finlandese Sakari Virtala, senza dimenticare Luca De Don\u00e0, miglior realizzatore stagionale della squadra con 13 centri. In questa stagione, a difesa della gabbia dei nostri prossimi avversari, sta funzionando molto bene l&#8217;alternanza tra i due portieri altoatesini: il gi\u00e0 citato Daniel Morandell con il 91,2% di parate e Alex Andergassen con percentuale vicina al 94%. Il Caldaro \u00e8 terzo in classifica con 28 punti, 48 gol fatti (terzo miglior attacco) e 36 subiti. <strong>STATISTICHE<\/strong> Caldaro vs Alleghe: dalla stagione 2015\/2016, da quando Caldaro e Alleghe si affrontano nel campionato di serie B (IHL), le Civette hanno incrociato le stecche con i Lucci in 15 occasioni. Il bilancio generale conta 5 successi Alleghesi e 10 del Caldaro. Considerando le sole partite giocate Oltradige, nelle 7 gare disputate si sono registrate 4 vittorie dei padroni di casa e 3 dei Biancorossi. La passata stagione a Caldaro si sono imposti i Lucci 7-3. Nella gara di andata, giocata il 23 ottobre al &#8220;De Toni&#8221; di Alleghe, successo degli Agordini 3-2 all&#8217;overtime. Conteggiando le reti totali tra le due squadre si contano 36 marcature dell\u2019Alleghe e 57 del Caldaro.<\/p>\n<p><strong>SV Kaltern CALDARO &#8211; ALLEGHE Hockey<\/strong><br \/>\nSabato 18 dicembre ore 19:30 \u2013 Stadio Raiffeisen Arena di Caldaro (Bz)<br \/>\nArbitri: Luca Cassol e Luca Zatta con giudici di linea Andrea Rivis e Federico Rivis<\/p>\n<p><em><strong>Collegamenti in DIRETTA RADIOFONICA su Radio Pi\u00f9 (www.radiopiu.net) con \u201cHockey al punto giusto\u201d in studio Marco Gaz e da Caldaro interventi di Federico Paganin<\/strong><\/em><\/p>\n<p>&nbsp;<\/p>\n<p>&nbsp;<\/p>\n<hr \/>\n<p>&nbsp;<\/p>\n<table width=\"100%\">\n<tbody>\n<tr>\n<td>\n<table width=\"100%\">\n<tbody>\n<tr>\n<td>\n<table width=\"100%\">\n<tbody>\n<tr>\n<td>\n<blockquote>\n<h3>Mondiali under 20: Italia a punteggio pieno, sofferta vittoria sulla Spagna<\/h3>\n<\/blockquote>\n<\/td>\n<\/tr>\n<\/tbody>\n<\/table>\n<\/td>\n<\/tr>\n<\/tbody>\n<\/table>\n<\/td>\n<\/tr>\n<tr>\n<td>\n<table width=\"100%\">\n<tbody>\n<tr>\n<td>\n<table width=\"100%\">\n<tbody>\n<tr>\n<td>\n<h3>Successo di misura per la nazionale ai Mondiali under 20 di Brasov. Gli iberici si inchinano\u00a0 2-1, azzurri sempre in testa a punteggio pieno. Oggi tocca alla Corea del Sud.<\/h3>\n<\/td>\n<\/tr>\n<\/tbody>\n<\/table>\n<\/td>\n<\/tr>\n<\/tbody>\n<\/table>\n<table width=\"100%\">\n<tbody>\n<tr>\n<td>\n<table width=\"100%\">\n<tbody>\n<tr>\n<td>\n<h4><a href=\"https:\/\/www.radiopiu.net\/wordpress\/giornale-radiopiu-17-dicembre-2021-direttore-mirko-mezzacasa\/614994f1-c44c-91b3-5c2b-8a5c5c5593c2\/\" rel=\"attachment wp-att-248721\"><img loading=\"lazy\" decoding=\"async\" class=\" wp-image-248721 alignleft\" src=\"https:\/\/www.radiopiu.net\/wordpress\/wp-content\/uploads\/2021\/12\/614994f1-c44c-91b3-5c2b-8a5c5c5593c2-300x225.jpg\" alt=\"\" width=\"229\" height=\"172\" srcset=\"https:\/\/www.radiopiu.net\/wordpress\/wp-content\/uploads\/2021\/12\/614994f1-c44c-91b3-5c2b-8a5c5c5593c2-300x225.jpg 300w, https:\/\/www.radiopiu.net\/wordpress\/wp-content\/uploads\/2021\/12\/614994f1-c44c-91b3-5c2b-8a5c5c5593c2-1024x768.jpg 1024w, https:\/\/www.radiopiu.net\/wordpress\/wp-content\/uploads\/2021\/12\/614994f1-c44c-91b3-5c2b-8a5c5c5593c2-768x576.jpg 768w, https:\/\/www.radiopiu.net\/wordpress\/wp-content\/uploads\/2021\/12\/614994f1-c44c-91b3-5c2b-8a5c5c5593c2.jpg 1200w\" sizes=\"auto, (max-width: 229px) 100vw, 229px\" \/><\/a>Coach <strong>Giorgio De Bettin<\/strong>, dopo le due agevoli vittorie contro <strong>Lituania<\/strong> e <strong>Romania<\/strong>, era stato fin troppo profetico: \u201cAttenzione a non rilassarsi, la <strong>Spagna<\/strong> potrebbe crearci dei problemi\u201d. Detto, fatto: l<strong>\u2019Italia <\/strong>trova la terza vittoria in tre partite ai <strong>Mondiali di Seconda Divisione Gruppo A<\/strong> di <strong>Brasov<\/strong>, ma il successo contro la formazione iberica, non certo una potenza dell\u2019hockey su ghiaccio mondiale, \u00e8 a dir poco sofferto. Un 2-1 che non rende giustizia al gap tecnico tra le due formazioni, ma che mette in mostra i limiti di un\u2019Italia che per lunghi tratti della sfida si fa mettere la museruola. La <strong>terza vittoria in tre partite<\/strong> significa comunque primo posto in classifica a punteggio pieno, ma deve far suonare un campanello d\u2019allarme in vista dei match decisivi di oggi\u00a0 contro la <strong>Corea del Sud<\/strong> e di domani contro la <strong>Gran<\/strong> <strong>Bretagna<\/strong>.<\/h4>\n<\/td>\n<\/tr>\n<\/tbody>\n<\/table>\n<\/td>\n<\/tr>\n<\/tbody>\n<\/table>\n<\/td>\n<\/tr>\n<\/tbody>\n<\/table>\n<\/div>\n<\/div>\n<\/div>\n<\/div>\n<\/div>\n<\/div>\n<\/div>\n","protected":false},"excerpt":{"rendered":"<p>INFORMAZIONE il canale su TELEGRAM informazione di prima mano e in tempo reale. iscriviti ed aiutaci a farlo conoscere\u00a0\u00a0 &nbsp; RIAPERTA PARZIALMENTE LA STRADA AD OSPITALE DOPO LA FRANA DI IERI MATTINA La strada \u00e8 stata riapertura a senso unico alternato, ma solo per i residenti e per i mezzi del servizio pubblico.\u00a0\u00a0 OSPITALE Ieri&hellip;<\/p>\n","protected":false},"author":4,"featured_media":248821,"comment_status":"closed","ping_status":"open","sticky":false,"template":"","format":"standard","meta":{"_monsterinsights_skip_tracking":false,"_monsterinsights_sitenote_active":false,"_monsterinsights_sitenote_note":"","_monsterinsights_sitenote_category":0,"footnotes":""},"categories":[104,86,49],"tags":[],"class_list":["post-248594","post","type-post","status-publish","format-standard","has-post-thumbnail","hentry","category-evidenza_3","category-gr","category-news-18","category-104","category-86","category-49","description-off"],"img_url":"https:\/\/www.radiopiu.net\/wordpress\/wp-content\/uploads\/2021\/12\/100404338-6fbbb178-5488-4c0b-bd14-7d76c1a45747.jpg","_links":{"self":[{"href":"https:\/\/www.radiopiu.net\/wordpress\/wp-json\/wp\/v2\/posts\/248594","targetHints":{"allow":["GET"]}}],"collection":[{"href":"https:\/\/www.radiopiu.net\/wordpress\/wp-json\/wp\/v2\/posts"}],"about":[{"href":"https:\/\/www.radiopiu.net\/wordpress\/wp-json\/wp\/v2\/types\/post"}],"author":[{"embeddable":true,"href":"https:\/\/www.radiopiu.net\/wordpress\/wp-json\/wp\/v2\/users\/4"}],"replies":[{"embeddable":true,"href":"https:\/\/www.radiopiu.net\/wordpress\/wp-json\/wp\/v2\/comments?post=248594"}],"version-history":[{"count":0,"href":"https:\/\/www.radiopiu.net\/wordpress\/wp-json\/wp\/v2\/posts\/248594\/revisions"}],"wp:featuredmedia":[{"embeddable":true,"href":"https:\/\/www.radiopiu.net\/wordpress\/wp-json\/wp\/v2\/media\/248821"}],"wp:attachment":[{"href":"https:\/\/www.radiopiu.net\/wordpress\/wp-json\/wp\/v2\/media?parent=248594"}],"wp:term":[{"taxonomy":"category","embeddable":true,"href":"https:\/\/www.radiopiu.net\/wordpress\/wp-json\/wp\/v2\/categories?post=248594"},{"taxonomy":"post_tag","embeddable":true,"href":"https:\/\/www.radiopiu.net\/wordpress\/wp-json\/wp\/v2\/tags?post=248594"}],"curies":[{"name":"wp","href":"https:\/\/api.w.org\/{rel}","templated":true}]}}