{"id":248598,"date":"2021-12-16T07:57:49","date_gmt":"2021-12-16T06:57:49","guid":{"rendered":"https:\/\/www.radiopiu.net\/wordpress\/?p=248598"},"modified":"2021-12-16T07:58:09","modified_gmt":"2021-12-16T06:58:09","slug":"forbes-giovanni-ferrero-batte-del-vecchio-e-chiude-in-testa-il-2021","status":"publish","type":"post","link":"https:\/\/www.radiopiu.net\/wordpress\/forbes-giovanni-ferrero-batte-del-vecchio-e-chiude-in-testa-il-2021\/","title":{"rendered":"FORBES, GIOVANNI FERRERO BATTE DEL VECCHIO E CHIUDE IN TESTA IL 2021"},"content":{"rendered":"<p><strong><a href=\"https:\/\/www.radiopiu.net\/wordpress\/forbes-giovanni-ferrero-batte-del-vecchio-e-chiude-in-testa-il-2021\/giovanni-ferrero-1200x801\/\" rel=\"attachment wp-att-248599\"><img loading=\"lazy\" decoding=\"async\" class=\"wp-image-248599 alignleft\" src=\"https:\/\/www.radiopiu.net\/wordpress\/wp-content\/uploads\/2021\/12\/giovanni-ferrero-1200x801-1-300x200.jpg\" alt=\"\" width=\"248\" height=\"165\" srcset=\"https:\/\/www.radiopiu.net\/wordpress\/wp-content\/uploads\/2021\/12\/giovanni-ferrero-1200x801-1-300x200.jpg 300w, https:\/\/www.radiopiu.net\/wordpress\/wp-content\/uploads\/2021\/12\/giovanni-ferrero-1200x801-1-1024x684.jpg 1024w, https:\/\/www.radiopiu.net\/wordpress\/wp-content\/uploads\/2021\/12\/giovanni-ferrero-1200x801-1-768x513.jpg 768w, https:\/\/www.radiopiu.net\/wordpress\/wp-content\/uploads\/2021\/12\/giovanni-ferrero-1200x801-1.jpg 1200w\" sizes=\"auto, (max-width: 248px) 100vw, 248px\" \/><\/a>FORBES.IT <\/strong>Qualche settimana fa aveva subito\u00a0<a href=\"https:\/\/forbes.it\/2021\/11\/19\/leonardo-del-vecchio-supera-giovanni-ferrero-ricco-italia\/\">il sorpasso<\/a>\u00a0di\u00a0<b>Leonardo Del Vecchio<\/b>. Alla fine, per\u00f2, \u00e8 ancora\u00a0<b>Giovanni Ferrero<\/b>\u00a0a chiudere l\u2019anno in vetta alla classifica degli italiani pi\u00f9 ricchi. Il suo patrimonio \u2013 33,3 miliardi di dollari \u2013 \u00e8 cresciuto di quasi sei miliardi rispetto a\u00a0<a href=\"https:\/\/forbes.it\/2020\/12\/16\/giovanni-ferrero-chiude-il-2020-in-testa-alla-classifica-dei-piu-ricchi-d-italia\/\">dodici mesi fa<\/a>. \u00c8 calato invece di 1,8 miliardi\u00a0<a href=\"https:\/\/forbes.it\/2021\/04\/06\/del-vecchio-il-piu-ricco-john-elkann-tra-le-new-entry-chi-sono-i-46-miliardari-ditalia-nella-classifica-billionaires-2021\/\">da aprile<\/a>, quando\u00a0<i>Forbes<\/i>\u00a0aveva pubblicato la\u00a0<a href=\"https:\/\/forbes.it\/2021\/04\/06\/forbes-billionaires-list-2021-ricchi-mondo\/\">classifica dei pi\u00f9 ricchi al mondo<\/a>. L\u2019andamento, peraltro, \u00e8 analogo a quello del totale dei miliardari italiani: oggi sono infatti 49, cio\u00e8 nove in pi\u00f9 di un anno fa, ma due in meno rispetto ad aprile. La somma dei loro patrimoni, 211,1 miliardi di dollari, \u00e8 invece aumentata sia rispetto al dicembre 2020 (182,1 miliardi), sia rispetto ad aprile (204,5). Tutte le cifre fanno riferimento alla classifica\u00a0<a href=\"https:\/\/www.forbes.com\/real-time-billionaires\/#42c388c93d78\">Real Time Billionaires<\/a>\u00a0di\u00a0<i>Forbes<\/i> e sono aggiornate alle 18 del 1 dicembre 2021.<\/p>\n<p><strong>Giovanni Ferrero, l\u2019uomo pi\u00f9 ricco d\u2019Italia a fine 2021 (foto Sergio Oliverio\/Imagoeconomica)<\/strong><\/p>\n<div><\/div>\n<div>L&#8217;ARTICOLO COMPLETO DI FORBES <a href=\"https:\/\/forbes.it\/2021\/12\/15\/miliardari-italiani-ferrero-batte-del-vecchio-chiude-anno-testa\/?utm_campaign=forbes-20211215&amp;utm_medium=email&amp;utm_source=newsletter\"><span style=\"color: #0000ff;\"><strong>CLICCA QUI<\/strong><\/span>\u00a0<\/a><\/div>\n","protected":false},"excerpt":{"rendered":"<p>FORBES.IT Qualche settimana fa aveva subito\u00a0il sorpasso\u00a0di\u00a0Leonardo Del Vecchio. Alla fine, per\u00f2, \u00e8 ancora\u00a0Giovanni Ferrero\u00a0a chiudere l\u2019anno in vetta alla classifica degli italiani pi\u00f9 ricchi. Il suo patrimonio \u2013 33,3 miliardi di dollari \u2013 \u00e8 cresciuto di quasi sei miliardi rispetto a\u00a0dodici mesi fa. \u00c8 calato invece di 1,8 miliardi\u00a0da aprile, quando\u00a0Forbes\u00a0aveva pubblicato la\u00a0classifica dei&hellip;<\/p>\n","protected":false},"author":4,"featured_media":248599,"comment_status":"closed","ping_status":"open","sticky":false,"template":"","format":"standard","meta":{"_monsterinsights_skip_tracking":false,"_monsterinsights_sitenote_active":false,"_monsterinsights_sitenote_note":"","_monsterinsights_sitenote_category":0,"footnotes":""},"categories":[51,49],"tags":[],"class_list":["post-248598","post","type-post","status-publish","format-standard","has-post-thumbnail","hentry","category-evidenza-top","category-news-18","category-51","category-49","description-off"],"img_url":"https:\/\/www.radiopiu.net\/wordpress\/wp-content\/uploads\/2021\/12\/giovanni-ferrero-1200x801-1.jpg","_links":{"self":[{"href":"https:\/\/www.radiopiu.net\/wordpress\/wp-json\/wp\/v2\/posts\/248598","targetHints":{"allow":["GET"]}}],"collection":[{"href":"https:\/\/www.radiopiu.net\/wordpress\/wp-json\/wp\/v2\/posts"}],"about":[{"href":"https:\/\/www.radiopiu.net\/wordpress\/wp-json\/wp\/v2\/types\/post"}],"author":[{"embeddable":true,"href":"https:\/\/www.radiopiu.net\/wordpress\/wp-json\/wp\/v2\/users\/4"}],"replies":[{"embeddable":true,"href":"https:\/\/www.radiopiu.net\/wordpress\/wp-json\/wp\/v2\/comments?post=248598"}],"version-history":[{"count":0,"href":"https:\/\/www.radiopiu.net\/wordpress\/wp-json\/wp\/v2\/posts\/248598\/revisions"}],"wp:featuredmedia":[{"embeddable":true,"href":"https:\/\/www.radiopiu.net\/wordpress\/wp-json\/wp\/v2\/media\/248599"}],"wp:attachment":[{"href":"https:\/\/www.radiopiu.net\/wordpress\/wp-json\/wp\/v2\/media?parent=248598"}],"wp:term":[{"taxonomy":"category","embeddable":true,"href":"https:\/\/www.radiopiu.net\/wordpress\/wp-json\/wp\/v2\/categories?post=248598"},{"taxonomy":"post_tag","embeddable":true,"href":"https:\/\/www.radiopiu.net\/wordpress\/wp-json\/wp\/v2\/tags?post=248598"}],"curies":[{"name":"wp","href":"https:\/\/api.w.org\/{rel}","templated":true}]}}