{"id":248693,"date":"2021-12-16T11:53:49","date_gmt":"2021-12-16T10:53:49","guid":{"rendered":"https:\/\/www.radiopiu.net\/wordpress\/?p=248693"},"modified":"2021-12-16T11:53:50","modified_gmt":"2021-12-16T10:53:50","slug":"pista-ciclabile-al-via-i-lavori-tra-soverzene-e-soccher","status":"publish","type":"post","link":"https:\/\/www.radiopiu.net\/wordpress\/pista-ciclabile-al-via-i-lavori-tra-soverzene-e-soccher\/","title":{"rendered":"PISTA CICLABILE, AL VIA I LAVORI TRA SOVERZENE E SOCCHER"},"content":{"rendered":"<div class=\"moz-text-html\" lang=\"x-unicode\">\n<div dir=\"ltr\">\n<p><b><a href=\"https:\/\/www.radiopiu.net\/wordpress\/?attachment_id=248691\" rel=\"attachment wp-att-248691\"><img loading=\"lazy\" decoding=\"async\" class=\"size-medium wp-image-248691 alignleft\" src=\"https:\/\/www.radiopiu.net\/wordpress\/wp-content\/uploads\/2021\/12\/Pista_ciclabile_1-300x165.jpg\" alt=\"\" width=\"300\" height=\"165\" srcset=\"https:\/\/www.radiopiu.net\/wordpress\/wp-content\/uploads\/2021\/12\/Pista_ciclabile_1-300x165.jpg 300w, https:\/\/www.radiopiu.net\/wordpress\/wp-content\/uploads\/2021\/12\/Pista_ciclabile_1.jpg 739w\" sizes=\"auto, (max-width: 300px) 100vw, 300px\" \/><\/a>PONTE NELLE ALPI\u00a0 <\/b>Sono iniziati i lavori di ripristino della ciclabile tra Soverzene e Soccher. L\u2019opera, tanto attesa, contribuir\u00e0 a riunire anche fisicamente le due comunit\u00e0. Ed \u00e8 destinata ad aprire nuove prospettive in termini di sviluppo ciclo-turistico, se \u00e8 vero che il tratto \u00e8 inserito all\u2019interno della Monaco-Venezia.<span class=\"gmail-Apple-converted-space\"> \u00a0<\/span>Per questo intervento di particolare rilievo, il Comune di Soverzene ha ricevuto dalla Protezione civile, tramite la Regione Veneto, un contributo di 1 milione di euro, a cui si aggiunge un ulteriore contributo di 300mila euro per il Comune di Ponte nelle Alpi.<span class=\"gmail-Apple-converted-space\">\u00a0 I<\/span>\u00a0cantieri, andranno avanti per l\u2019intera stagione invernale, mentre la scogliera dovrebbe prendere forma entro il mese di marzo. A quel punto si potr\u00e0 procedere con la stesura del manto ciclabile e, se non dovessero esserci intoppi o rallentamenti causati dal meteo, a fine aprile sar\u00e0 possibile pedalare di nuovo lungo la Soverzene-Soccher.<span class=\"gmail-Apple-converted-space\">\u00a0<\/span><\/p>\n<blockquote><p><em>I due sindaci, Gianni Burigo di Soverzene e Paolo Vendramini di Ponte nelle Alpi, esprimono \u00abgrande soddisfazione rispetto a un\u2019opera di assoluta importanza per i nostri territori\u00bb.<\/em><span class=\"gmail-Apple-converted-space\"><em>\u00a0<\/em><br \/>\n<\/span><\/p><\/blockquote>\n<\/div>\n<\/div>\n","protected":false},"excerpt":{"rendered":"<p>PONTE NELLE ALPI\u00a0 Sono iniziati i lavori di ripristino della ciclabile tra Soverzene e Soccher. L\u2019opera, tanto attesa, contribuir\u00e0 a riunire anche fisicamente le due comunit\u00e0. Ed \u00e8 destinata ad aprire nuove prospettive in termini di sviluppo ciclo-turistico, se \u00e8 vero che il tratto \u00e8 inserito all\u2019interno della Monaco-Venezia. \u00a0Per questo intervento di particolare rilievo,&hellip;<\/p>\n","protected":false},"author":4,"featured_media":248692,"comment_status":"closed","ping_status":"open","sticky":false,"template":"","format":"standard","meta":{"_monsterinsights_skip_tracking":false,"_monsterinsights_sitenote_active":false,"_monsterinsights_sitenote_note":"","_monsterinsights_sitenote_category":0,"footnotes":""},"categories":[49],"tags":[],"class_list":["post-248693","post","type-post","status-publish","format-standard","has-post-thumbnail","hentry","category-news-18","category-49","description-off"],"img_url":"https:\/\/www.radiopiu.net\/wordpress\/wp-content\/uploads\/2021\/12\/Pista_ciclabile_2.jpg","_links":{"self":[{"href":"https:\/\/www.radiopiu.net\/wordpress\/wp-json\/wp\/v2\/posts\/248693","targetHints":{"allow":["GET"]}}],"collection":[{"href":"https:\/\/www.radiopiu.net\/wordpress\/wp-json\/wp\/v2\/posts"}],"about":[{"href":"https:\/\/www.radiopiu.net\/wordpress\/wp-json\/wp\/v2\/types\/post"}],"author":[{"embeddable":true,"href":"https:\/\/www.radiopiu.net\/wordpress\/wp-json\/wp\/v2\/users\/4"}],"replies":[{"embeddable":true,"href":"https:\/\/www.radiopiu.net\/wordpress\/wp-json\/wp\/v2\/comments?post=248693"}],"version-history":[{"count":0,"href":"https:\/\/www.radiopiu.net\/wordpress\/wp-json\/wp\/v2\/posts\/248693\/revisions"}],"wp:featuredmedia":[{"embeddable":true,"href":"https:\/\/www.radiopiu.net\/wordpress\/wp-json\/wp\/v2\/media\/248692"}],"wp:attachment":[{"href":"https:\/\/www.radiopiu.net\/wordpress\/wp-json\/wp\/v2\/media?parent=248693"}],"wp:term":[{"taxonomy":"category","embeddable":true,"href":"https:\/\/www.radiopiu.net\/wordpress\/wp-json\/wp\/v2\/categories?post=248693"},{"taxonomy":"post_tag","embeddable":true,"href":"https:\/\/www.radiopiu.net\/wordpress\/wp-json\/wp\/v2\/tags?post=248693"}],"curies":[{"name":"wp","href":"https:\/\/api.w.org\/{rel}","templated":true}]}}