{"id":248719,"date":"2021-12-16T14:56:02","date_gmt":"2021-12-16T13:56:02","guid":{"rendered":"https:\/\/www.radiopiu.net\/wordpress\/?p=248719"},"modified":"2021-12-16T14:56:47","modified_gmt":"2021-12-16T13:56:47","slug":"quarantena-e-tampone-e-il-cattivo-servizio-al-turismo-e-servito","status":"publish","type":"post","link":"https:\/\/www.radiopiu.net\/wordpress\/quarantena-e-tampone-e-il-cattivo-servizio-al-turismo-e-servito\/","title":{"rendered":"QUARANTENA E TAMPONE E IL CATTIVO SERVIZIO AL TURISMO E&#8217; SERVITO"},"content":{"rendered":"<p><strong><img loading=\"lazy\" decoding=\"async\" class=\"alignleft\" src=\"https:\/\/www.radiopiu.net\/wordpress\/wp-content\/uploads\/2019\/02\/bond1-e1550408229859.jpg\" width=\"318\" height=\"184\" \/>ROMA<\/strong>\u00a0 La decisione, al momento unilaterale, del governo italiano di imporre l\u2019obbligo del tampone e, per i soli non vaccinati, una quarantena di cinque giorni alle persone che provengono dagli stati europei sta trasformandosi in un boomerang per il turismo italiano, soprattutto perch\u00e9 \u00e8 arrivata senza alcun preavviso in un comparto economico dove la programmazione \u00e8 tutto. Mentre sono scattate le disdette a raffica, complice anche il dubbio sull\u2019andamento della pandemia da Covid che anche in Italia si \u00e8 rialzata con decisione, alberghi e agenzie di viaggio sono presi tra due fuochi: da una parte i clienti che disdicono le prenotazioni; dall\u2019altra, con le assunzioni di personale stagionale gi\u00e0 effettuate e i magazzini gi\u00e0 riforniti per servire clienti che non arriveranno mai.<em> &#8220;Per la serie, tristissima e purtroppo lunghissima &#8211; dice il Deputato di Forza Italia Dario Bond &#8211;\u00a0 delle decisioni di governo prese a uzzolo. Il problema maggiore \u00e8 per la stagione turistica invernale che, dopo un avvio promettente, ora sembra nuovamente avviata al fallimento, con l\u2019impossibilit\u00e0 di accogliere i turisti stranieri, mentre tra quelli nazionali diventa preponderante il numero di coloro che scelgono di non fare vacanze per paura della pandemia. Per non dire delle citt\u00e0 d\u2019arte, dipendenti in gran parte dal turismo estero&#8221;.<\/em> Ai colleghi Parlamentari Bond pone la domanda: era\u00a0cos\u00ec difficile, visto l\u2019andamento al rialzo della pandemia da qualche settimana, prevedere con un po\u2019 di anticipo i provvedimenti?\u00a0 &#8220;<em>Sarebbe bello\u00a0 &#8211; conclude &#8211;\u00a0 sapere se il governo Draghi, forte di questa decisione, ha gi\u00e0 predisposto un paracadute per i danni che subiranno le aziende (indotto compreso) le aziende operative in montagna, gi\u00e0 scottate da indennizzi giunti in ritardo e per giunta del tutto inadeguati a coprire i danni subiti.<\/em><\/p>\n","protected":false},"excerpt":{"rendered":"<p>ROMA\u00a0 La decisione, al momento unilaterale, del governo italiano di imporre l\u2019obbligo del tampone e, per i soli non vaccinati, una quarantena di cinque giorni alle persone che provengono dagli stati europei sta trasformandosi in un boomerang per il turismo italiano, soprattutto perch\u00e9 \u00e8 arrivata senza alcun preavviso in un comparto economico dove la programmazione&hellip;<\/p>\n","protected":false},"author":4,"featured_media":75798,"comment_status":"closed","ping_status":"open","sticky":false,"template":"","format":"standard","meta":{"_monsterinsights_skip_tracking":false,"_monsterinsights_sitenote_active":false,"_monsterinsights_sitenote_note":"","_monsterinsights_sitenote_category":0,"footnotes":""},"categories":[51,49],"tags":[],"class_list":["post-248719","post","type-post","status-publish","format-standard","has-post-thumbnail","hentry","category-evidenza-top","category-news-18","category-51","category-49","description-off"],"img_url":"https:\/\/www.radiopiu.net\/wordpress\/wp-content\/uploads\/2019\/02\/bond1-e1550408229859.jpg","_links":{"self":[{"href":"https:\/\/www.radiopiu.net\/wordpress\/wp-json\/wp\/v2\/posts\/248719","targetHints":{"allow":["GET"]}}],"collection":[{"href":"https:\/\/www.radiopiu.net\/wordpress\/wp-json\/wp\/v2\/posts"}],"about":[{"href":"https:\/\/www.radiopiu.net\/wordpress\/wp-json\/wp\/v2\/types\/post"}],"author":[{"embeddable":true,"href":"https:\/\/www.radiopiu.net\/wordpress\/wp-json\/wp\/v2\/users\/4"}],"replies":[{"embeddable":true,"href":"https:\/\/www.radiopiu.net\/wordpress\/wp-json\/wp\/v2\/comments?post=248719"}],"version-history":[{"count":0,"href":"https:\/\/www.radiopiu.net\/wordpress\/wp-json\/wp\/v2\/posts\/248719\/revisions"}],"wp:featuredmedia":[{"embeddable":true,"href":"https:\/\/www.radiopiu.net\/wordpress\/wp-json\/wp\/v2\/media\/75798"}],"wp:attachment":[{"href":"https:\/\/www.radiopiu.net\/wordpress\/wp-json\/wp\/v2\/media?parent=248719"}],"wp:term":[{"taxonomy":"category","embeddable":true,"href":"https:\/\/www.radiopiu.net\/wordpress\/wp-json\/wp\/v2\/categories?post=248719"},{"taxonomy":"post_tag","embeddable":true,"href":"https:\/\/www.radiopiu.net\/wordpress\/wp-json\/wp\/v2\/tags?post=248719"}],"curies":[{"name":"wp","href":"https:\/\/api.w.org\/{rel}","templated":true}]}}