{"id":248738,"date":"2021-12-16T15:13:51","date_gmt":"2021-12-16T14:13:51","guid":{"rendered":"https:\/\/www.radiopiu.net\/wordpress\/?p=248738"},"modified":"2021-12-16T16:48:40","modified_gmt":"2021-12-16T15:48:40","slug":"scuolefra","status":"publish","type":"post","link":"https:\/\/www.radiopiu.net\/wordpress\/scuolefra\/","title":{"rendered":"SALE IL CONTAGIO NELLE SCUOLE, PLESSI A RISCHIO QUARANTENA"},"content":{"rendered":"<p><strong><img loading=\"lazy\" decoding=\"async\" class=\"alignleft\" src=\"https:\/\/www.radiopiu.net\/wordpress\/wp-content\/uploads\/2020\/12\/ce2e1d43-a711-4eb8-9a36-15c6439836a8.jpg\" width=\"149\" height=\"112\" \/>VENEZIA<\/strong> Con una nota urgente la dottoressa Francesca Russo, Direttore del Servizio e Sanit\u00e0 Pubblica, ha informato le Aziende Ulss, Dirigenti Scolastici e Sindaci che in Regione si attesta una elevata incidenza covid in et\u00e0 scolare, soprattutto 6-10 anni (873 casi ogni 100mila abitanti di pari et\u00e0). Questo modifica le indicazioni per la quartantena e la tempistica di esecuzione dei test.\u00a0 Il Sisp potr\u00e0 procedere con la quarantena in una classe gi\u00e0 con 1 caso positivo e la quarantena per l&#8217;intero plesso qualora di verifichino pi\u00f9 casi\u00a0 nella stessa struttura.<\/p>\n<p>&nbsp;<\/p>\n\n\t\t\t<style type='text\/css'>\n\t\t\t\t#gallery-1 {\n\t\t\t\t\tmargin: auto;\n\t\t\t\t}\n\t\t\t\t#gallery-1 .gallery-item {\n\t\t\t\t\tfloat: left;\n\t\t\t\t\tmargin-top: 10px;\n\t\t\t\t\ttext-align: center;\n\t\t\t\t\twidth: 50%;\n\t\t\t\t}\n\t\t\t\t#gallery-1 img {\n\t\t\t\t\tborder: 2px solid #cfcfcf;\n\t\t\t\t}\n\t\t\t\t#gallery-1 .gallery-caption {\n\t\t\t\t\tmargin-left: 0;\n\t\t\t\t}\n\t\t\t\t\/* see gallery_shortcode() in wp-includes\/media.php *\/\n\t\t\t<\/style>\n\t\t<div id='gallery-1' class='dt-gallery-container gallery galleryid-248738 gallery-columns-2 gallery-size-medium'><dl class='gallery-item'>\n\t\t\t\t<dt class='gallery-icon landscape'>\n\t\t\t\t\t<a class=\"rollover rollover-zoom dt-pswp-item\" title=\"TABELLA AGGIORNATA POSITIVITA&#039; COVID 0-14 ANNI\" data-dt-img-description=\"\" data-large_image_width=\"1143\" data-large_image_height=\"434\"href='https:\/\/www.radiopiu.net\/wordpress\/wp-content\/uploads\/2021\/12\/TABELLA-AGGIORNATA-POSITIVITA-COVID-0-14-ANNI.jpeg'><img loading=\"lazy\" decoding=\"async\" width=\"300\" height=\"114\" src=\"https:\/\/www.radiopiu.net\/wordpress\/wp-content\/uploads\/2021\/12\/TABELLA-AGGIORNATA-POSITIVITA-COVID-0-14-ANNI-300x114.jpeg\" class=\"attachment-medium size-medium\" alt=\"\" aria-describedby=\"gallery-1-248769\" srcset=\"https:\/\/www.radiopiu.net\/wordpress\/wp-content\/uploads\/2021\/12\/TABELLA-AGGIORNATA-POSITIVITA-COVID-0-14-ANNI-300x114.jpeg 300w, https:\/\/www.radiopiu.net\/wordpress\/wp-content\/uploads\/2021\/12\/TABELLA-AGGIORNATA-POSITIVITA-COVID-0-14-ANNI-1024x389.jpeg 1024w, https:\/\/www.radiopiu.net\/wordpress\/wp-content\/uploads\/2021\/12\/TABELLA-AGGIORNATA-POSITIVITA-COVID-0-14-ANNI-768x292.jpeg 768w, https:\/\/www.radiopiu.net\/wordpress\/wp-content\/uploads\/2021\/12\/TABELLA-AGGIORNATA-POSITIVITA-COVID-0-14-ANNI.jpeg 1143w\" sizes=\"auto, (max-width: 300px) 100vw, 300px\" \/><\/a>\n\t\t\t\t<\/dt>\n\t\t\t\t\t<dd class='wp-caption-text gallery-caption' id='gallery-1-248769'>\n\t\t\t\t\tTABELLA AGGIORNATA POSITIVITA&#8217; COVID 0-14 ANNI\n\t\t\t\t\t<\/dd><\/dl><dl class='gallery-item'>\n\t\t\t\t<dt class='gallery-icon landscape'>\n\t\t\t\t\t<a class=\"rollover rollover-zoom dt-pswp-item\" title=\"TABELLA AGGIORNATA PRENOTAZIONE VACCINO PEDIATRICO\" data-dt-img-description=\"\" data-large_image_width=\"388\" data-large_image_height=\"343\"href='https:\/\/www.radiopiu.net\/wordpress\/wp-content\/uploads\/2021\/12\/TABELLA-AGGIORNATA-PRENOTAZIONE-VACCINO-PEDIATRICO.jpeg'><img loading=\"lazy\" decoding=\"async\" width=\"300\" height=\"265\" src=\"https:\/\/www.radiopiu.net\/wordpress\/wp-content\/uploads\/2021\/12\/TABELLA-AGGIORNATA-PRENOTAZIONE-VACCINO-PEDIATRICO-300x265.jpeg\" class=\"attachment-medium size-medium\" alt=\"\" aria-describedby=\"gallery-1-248770\" srcset=\"https:\/\/www.radiopiu.net\/wordpress\/wp-content\/uploads\/2021\/12\/TABELLA-AGGIORNATA-PRENOTAZIONE-VACCINO-PEDIATRICO-300x265.jpeg 300w, https:\/\/www.radiopiu.net\/wordpress\/wp-content\/uploads\/2021\/12\/TABELLA-AGGIORNATA-PRENOTAZIONE-VACCINO-PEDIATRICO.jpeg 388w\" sizes=\"auto, (max-width: 300px) 100vw, 300px\" \/><\/a>\n\t\t\t\t<\/dt>\n\t\t\t\t\t<dd class='wp-caption-text gallery-caption' id='gallery-1-248770'>\n\t\t\t\t\tTABELLA AGGIORNATA PRENOTAZIONE VACCINO PEDIATRICO\n\t\t\t\t\t<\/dd><\/dl><br style=\"clear: both\" \/>\n\t\t\t<\/div>\n\n<p>&nbsp;<\/p>\n","protected":false},"excerpt":{"rendered":"<p>VENEZIA Con una nota urgente la dottoressa Francesca Russo, Direttore del Servizio e Sanit\u00e0 Pubblica, ha informato le Aziende Ulss, Dirigenti Scolastici e Sindaci che in Regione si attesta una elevata incidenza covid in et\u00e0 scolare, soprattutto 6-10 anni (873 casi ogni 100mila abitanti di pari et\u00e0). Questo modifica le indicazioni per la quartantena e&hellip;<\/p>\n","protected":false},"author":4,"featured_media":178348,"comment_status":"closed","ping_status":"open","sticky":false,"template":"","format":"standard","meta":{"_monsterinsights_skip_tracking":false,"_monsterinsights_sitenote_active":false,"_monsterinsights_sitenote_note":"","_monsterinsights_sitenote_category":0,"footnotes":""},"categories":[51,49],"tags":[],"class_list":["post-248738","post","type-post","status-publish","format-standard","has-post-thumbnail","hentry","category-evidenza-top","category-news-18","category-51","category-49","description-off"],"img_url":"https:\/\/www.radiopiu.net\/wordpress\/wp-content\/uploads\/2020\/12\/ce2e1d43-a711-4eb8-9a36-15c6439836a8.jpg","_links":{"self":[{"href":"https:\/\/www.radiopiu.net\/wordpress\/wp-json\/wp\/v2\/posts\/248738","targetHints":{"allow":["GET"]}}],"collection":[{"href":"https:\/\/www.radiopiu.net\/wordpress\/wp-json\/wp\/v2\/posts"}],"about":[{"href":"https:\/\/www.radiopiu.net\/wordpress\/wp-json\/wp\/v2\/types\/post"}],"author":[{"embeddable":true,"href":"https:\/\/www.radiopiu.net\/wordpress\/wp-json\/wp\/v2\/users\/4"}],"replies":[{"embeddable":true,"href":"https:\/\/www.radiopiu.net\/wordpress\/wp-json\/wp\/v2\/comments?post=248738"}],"version-history":[{"count":0,"href":"https:\/\/www.radiopiu.net\/wordpress\/wp-json\/wp\/v2\/posts\/248738\/revisions"}],"wp:featuredmedia":[{"embeddable":true,"href":"https:\/\/www.radiopiu.net\/wordpress\/wp-json\/wp\/v2\/media\/178348"}],"wp:attachment":[{"href":"https:\/\/www.radiopiu.net\/wordpress\/wp-json\/wp\/v2\/media?parent=248738"}],"wp:term":[{"taxonomy":"category","embeddable":true,"href":"https:\/\/www.radiopiu.net\/wordpress\/wp-json\/wp\/v2\/categories?post=248738"},{"taxonomy":"post_tag","embeddable":true,"href":"https:\/\/www.radiopiu.net\/wordpress\/wp-json\/wp\/v2\/tags?post=248738"}],"curies":[{"name":"wp","href":"https:\/\/api.w.org\/{rel}","templated":true}]}}