{"id":248785,"date":"2021-12-18T05:50:09","date_gmt":"2021-12-18T04:50:09","guid":{"rendered":"https:\/\/www.radiopiu.net\/wordpress\/?p=248785"},"modified":"2021-12-19T10:33:10","modified_gmt":"2021-12-19T09:33:10","slug":"giornale-radiopiu-18-dicembre-2021-direttore-mirko-mezzacasa","status":"publish","type":"post","link":"https:\/\/www.radiopiu.net\/wordpress\/giornale-radiopiu-18-dicembre-2021-direttore-mirko-mezzacasa\/","title":{"rendered":"GIORNALE RADIOPIU 18 DICEMBRE 2021 DIRETTORE MIRKO MEZZACASA"},"content":{"rendered":"<h3 class=\"kvgmc6g5 cxmmr5t8 oygrvhab hcukyx3x c1et5uql\"><span style=\"color: #0000ff;\"><strong><a href=\"https:\/\/www.radiopiu.net\/wordpress\/il-veneto-rimane-in-zona-gialla-la-provincia-di-trento-passa-in-arancione\/giallo\/\" rel=\"attachment wp-att-190818\"><img loading=\"lazy\" decoding=\"async\" class=\" wp-image-190818 alignleft\" src=\"https:\/\/www.radiopiu.net\/wordpress\/wp-content\/uploads\/2021\/02\/Giallo-300x200.png\" alt=\"\" width=\"258\" height=\"172\" srcset=\"https:\/\/www.radiopiu.net\/wordpress\/wp-content\/uploads\/2021\/02\/Giallo-300x200.png 300w, https:\/\/www.radiopiu.net\/wordpress\/wp-content\/uploads\/2021\/02\/Giallo-1024x682.png 1024w, https:\/\/www.radiopiu.net\/wordpress\/wp-content\/uploads\/2021\/02\/Giallo-768x512.png 768w, https:\/\/www.radiopiu.net\/wordpress\/wp-content\/uploads\/2021\/02\/Giallo.png 1250w\" sizes=\"auto, (max-width: 258px) 100vw, 258px\" \/><\/a>INFORMAZIONE il canale su TELEGRAM informazione di prima mano e in tempo reale. iscriviti ed aiutaci a farlo conoscere\u00a0<\/strong><\/span><\/h3>\n<p>&nbsp;<\/p>\n<p><span style=\"color: #000000;\"><strong>IL VENETO ANTICIPA LE DECISIONI DEL GOVERNO CENTRALE: DALLA MEZZANOTTE E&#8217; CAMBIATO IL COLORE, DA BIANCO A GIALLO. <\/strong>NESSUN LIMITE PER GLI SPOSTAMENTI E PER LE ATTIVITA&#8217; COMMERCIALI. LA NOVITA&#8217; E&#8217; LA MASCHERINA DA PORTARE SEMPRE, ANCHE ALL&#8217;APERTO: Al di fuori dell&#8217;abitazione, \u00e8 obbligatorio l&#8217;uso corretto della mascherina a protezione delle vie respiratorie in tutti i luoghi all\u2019aperto, pubblici o aperti al pubblico, ad eccezione dei bambini di et\u00e0 inferiore a sei anni e dei soggetti con patologie o disabilit\u00e0 incompatibili con l&#8217;uso della mascherina, nonch\u00e9 per coloro che per interagire con i predetti versino nella stessa incompatibilit\u00e0,\u00a0<\/span><\/p>\n<p>&nbsp;<\/p>\n<p>&nbsp;<\/p>\n<hr \/>\n<blockquote>\n<h3>STRADA AD OSPITALE RIAPERTA, DA MARTEDI VIA AI DISGAGGI<\/h3>\n<\/blockquote>\n<p><strong><img loading=\"lazy\" decoding=\"async\" class=\"alignleft\" src=\"https:\/\/www.radiopiu.net\/wordpress\/wp-content\/uploads\/2021\/06\/anas.png\" width=\"193\" height=\"109\" \/>OSPITALE<\/strong> Terminate le operazioni di pulizia e messa in sicurezza,\u00a0 riaperta al transito con senso unico alternato regolato a vista \u2013 la ex strada statale 51 \u201cdi Alemagna\u201d\u00a0 al km 56,100 ad Ospitale di Cadore interrotta ieri per frana.<\/p>\n<p>&nbsp;<\/p>\n<p>Da marted\u00ec 21 a gioved\u00ec 23 dicembre saranno eseguiti gli interventi di disgaggio della parete rocciosa e di ripristino delle rete paramassi. Proseguono, nel frattempo, le verifiche da parte del personale Anas lungo il tratto interessato dal distacco, al fine di garantire la sicurezza stradale.<\/p>\n<p>&nbsp;<\/p>\n<div class=\"articlePlainTitle\"><strong>SENSO UNICO IN VIA SAFFORZE<\/strong>\u00a0 Luned\u00ec dalle 7.30 alle 17 sar\u00e0 istituito il senso unico alternato di circolazione veicolare regolato a vista da apposita segnaletica stradale o, con personale, in via Safforze, nel tratto di strada compreso tra il civico 85 e il passaggio a livello.<\/div>\n<div>\n<div class=\"articlePlainTitle\"><strong>SAN FERMO E BOSCON<\/strong> Marted\u00ec dalle 7.30 alle 17 sar\u00e0 vietata la sosta (con rimozione forzata dei veicoli), in via San Fermo nel tratto compreso tra la strada che conduce al cimitero e l&#8217;intersezione con via Del Boscon, mentre sar\u00e0 vietato circolare tra la strada che conduce al cimitero e l&#8217;intersezione con via Del Boscon.<\/div>\n<\/div>\n<p>&nbsp;<\/p>\n<hr \/>\n<blockquote>\n<h3><\/h3>\n<h3><a href=\"https:\/\/www.radiopiu.net\/wordpress\/rete4-con-donnaavventura-ritorna-a-falcade\/268263153_10157902265826511_8316911012282518036_n\/\" rel=\"attachment wp-att-249024\"><img loading=\"lazy\" decoding=\"async\" class=\"wp-image-249024 alignleft\" src=\"https:\/\/www.radiopiu.net\/wordpress\/wp-content\/uploads\/2021\/12\/268263153_10157902265826511_8316911012282518036_n-300x225.jpg\" alt=\"\" width=\"213\" height=\"160\" srcset=\"https:\/\/www.radiopiu.net\/wordpress\/wp-content\/uploads\/2021\/12\/268263153_10157902265826511_8316911012282518036_n-300x225.jpg 300w, https:\/\/www.radiopiu.net\/wordpress\/wp-content\/uploads\/2021\/12\/268263153_10157902265826511_8316911012282518036_n-1024x768.jpg 1024w, https:\/\/www.radiopiu.net\/wordpress\/wp-content\/uploads\/2021\/12\/268263153_10157902265826511_8316911012282518036_n-768x576.jpg 768w, https:\/\/www.radiopiu.net\/wordpress\/wp-content\/uploads\/2021\/12\/268263153_10157902265826511_8316911012282518036_n-1536x1152.jpg 1536w, https:\/\/www.radiopiu.net\/wordpress\/wp-content\/uploads\/2021\/12\/268263153_10157902265826511_8316911012282518036_n.jpg 2048w\" sizes=\"auto, (max-width: 213px) 100vw, 213px\" \/><\/a>FALCADE Sono tornate in Valle del Biois, a Falcade per realizzare un docu reality dedicato ai viaggi al femminile. La troupe \u00e8 a Falcade e sulle pagine facebook (foto) non mancano i riferimenti&#8230;<\/h3>\n<p>&nbsp;<\/p>\n<p>&nbsp;<\/p><\/blockquote>\n<hr \/>\n<blockquote>\n<h3>A FEBBRAIO LA CONSEGNA DELL&#8217;AUTO ALLA FAMIGLIA DI RICCARDO TEGNER<\/h3>\n<\/blockquote>\n<p><strong><a href=\"https:\/\/www.radiopiu.net\/wordpress\/a-febbraio-la-consegna-dellauto-alla-famiglia-di-riccardo-tegner\/1626451699105964-locandina-riccardo-5\/\" rel=\"attachment wp-att-248980\"><img loading=\"lazy\" decoding=\"async\" class=\"size-medium wp-image-248980 alignleft\" src=\"https:\/\/www.radiopiu.net\/wordpress\/wp-content\/uploads\/2021\/12\/1626451699105964-locandina-riccardo-300x169.jpg\" alt=\"\" width=\"300\" height=\"169\" srcset=\"https:\/\/www.radiopiu.net\/wordpress\/wp-content\/uploads\/2021\/12\/1626451699105964-locandina-riccardo-300x169.jpg 300w, https:\/\/www.radiopiu.net\/wordpress\/wp-content\/uploads\/2021\/12\/1626451699105964-locandina-riccardo-768x432.jpg 768w, https:\/\/www.radiopiu.net\/wordpress\/wp-content\/uploads\/2021\/12\/1626451699105964-locandina-riccardo.jpg 800w\" sizes=\"auto, (max-width: 300px) 100vw, 300px\" \/><\/a>SOSPIROLO<\/strong> Mancano due mesi e la macchina sar\u00e0 consegnata. \u00c8 prevista per il mese di febbraio 2022 la consegna della nuova vettura alla famiglia di Riccardo Tegner, il ragazzo di Sospirolo costretto a stare sulla sedia a rotelle a causa della distrofia muscolare di Duchenne, di cui \u00e8 affetto dalla nascita. Dopo la raccolta fondi dei mesi scorsi, si avvicina sempre di pi\u00f9 il momento tanto atteso dalla famiglia di Riccardo. Un veicolo che si \u00e8 fatto aspettare pi\u00f9 del dovuto, ordinato nel mese di luglio e in consegna a febbraio. Una consegna che arriva per\u00f2 nel momento giusto, quando le temperature inizieranno ad alzarsi e i genitori potranno sfruttare al massimo il mezzo per portare a spasso Riccardo. Una spesa di 35 mila euro che alla fine \u00e8 stata coperta completamente anche grazie alle tante donazioni arrivate tramite la piattaforma Eppella e ai contributi raccolti e donati direttamente a pap\u00e0 Agostino e mamma Ana Maria.<\/p>\n<p>&nbsp;<\/p>\n<p>&nbsp;<\/p>\n<hr \/>\n<p>&nbsp;<\/p>\n<blockquote>\n<h3>CROCE VERDE VAL BIOIS, A SINGHIOZZO FINO AL 31 DICEMBRE<\/h3>\n<\/blockquote>\n<p><strong><img loading=\"lazy\" decoding=\"async\" class=\"alignleft\" src=\"https:\/\/www.radiopiu.net\/wordpress\/wp-content\/uploads\/2020\/06\/download-36.jpg\" width=\"205\" height=\"112\" \/> <\/strong><\/p>\n<p><strong>\u00a0<\/strong><\/p>\n<p><strong>FALCADE<\/strong> Giorni e orari in cui l&#8217;emergenza della Croce Verde Val Biois non \u00e8 garantita: GIOVEDI&#8217; 23 DICEMBRE dalle ore 6:00 alle ore 20:00; VENERDI&#8217; 24 DICEMBRE dalle roe 6:00 alle ore 20:00; LUNEDI&#8217; 27 DICEMBRE 2021 dalle ore 20:00 alle ore 6 di MARTEDI&#8217; 28 DICEMBRE 2021<\/p>\n<p>&nbsp;<\/p>\n<p>&nbsp;<\/p>\n<hr \/>\n<p>&nbsp;<\/p>\n<p><strong><span style=\"color: #ff0000;\"><a href=\"https:\/\/www.radiopiu.net\/wordpress\/giornale-radiopiu-18-dicembre-2021-direttore-mirko-mezzacasa\/beb4a7a0-b99f-421e-a368-bba50188acf2\/\" rel=\"attachment wp-att-249012\"><img loading=\"lazy\" decoding=\"async\" class=\" wp-image-249012 alignleft\" src=\"https:\/\/www.radiopiu.net\/wordpress\/wp-content\/uploads\/2021\/12\/beb4a7a0-b99f-421e-a368-bba50188acf2-300x191.jpg\" alt=\"\" width=\"254\" height=\"162\" srcset=\"https:\/\/www.radiopiu.net\/wordpress\/wp-content\/uploads\/2021\/12\/beb4a7a0-b99f-421e-a368-bba50188acf2-300x191.jpg 300w, https:\/\/www.radiopiu.net\/wordpress\/wp-content\/uploads\/2021\/12\/beb4a7a0-b99f-421e-a368-bba50188acf2.jpg 560w\" sizes=\"auto, (max-width: 254px) 100vw, 254px\" \/><\/a>CASI DI COVID NELL&#8217;AGORDINO IN CONTINUO AGGIORNAMENTO<\/span><\/strong><\/p>\n<p>&nbsp;<\/p>\n<p>ROCCA PIETORE, RADDOPPIANO LE PERSONE IN ISOLAMENTO, I BAMBINI DELL&#8217;ASILO IN QUARANTENA<\/p>\n<p>Nell\u2019ultimo aggiornamento si osserva un aumento di casi in Valle del Cordevole, dopo Livinallongo ecco Rocca Pietore con il doppio dei casi in isolamento rispetto a pochi giorni fa. Salgono a 14 i positivi, chiuso l\u2019asilo per precauzione e i piccoli in quarantena.<\/p>\n<blockquote>\n<h3><strong style=\"font-size: 14px;\">AGORDO 35 positivi 30 isolamento\u00a0 FALCADE: 5 positivi 3 isolamento\u00a0 VOLTAGO 2 positivi 4 isolamento GOSALDO 11 positivi 10 quarantena CANALE D&#8217;AGORDO 14 positivi 17 isolamento TAIBON 23 positivi 38 quarantena LIVINALLONGO 38 positivi 79 in isolamento\u00a0 CENCENIGHE 10 positivi 3\u00a0 isolamento COLLE SANTA LUCIA 3 positivi ROCCA PIETORE 14 positivi 21 isolamento ALLEGHE 5 positivi 7 isolamento VALLADA 3 positivi LA VALLE 14 positivi 12 isolamento RIVAMONTE 5 positivi 8 isolamento SELVA DI CADORE\u00a0 E SAN TOMASO zero casi<\/strong><\/h3>\n<\/blockquote>\n<p>&nbsp;<\/p>\n<hr \/>\n<p>&nbsp;<\/p>\n<div><\/div>\n<blockquote>\n<h3>LUIGINO BOITO A SORPRESA RASSEGNA LE DIMISIONI DA CERTOTTICA, DOPO 30 ANNI LASCIA LIBERA LA POLTRONA<\/h3>\n<\/blockquote>\n<div><a href=\"https:\/\/www.radiopiu.net\/wordpress\/giornale-radiopiu-18-dicembre-2021-direttore-mirko-mezzacasa\/th-272\/\" rel=\"attachment wp-att-249028\"><img loading=\"lazy\" decoding=\"async\" class=\" wp-image-249028 alignleft\" src=\"https:\/\/www.radiopiu.net\/wordpress\/wp-content\/uploads\/2021\/12\/th-9-300x169.jpg\" alt=\"\" width=\"229\" height=\"129\" srcset=\"https:\/\/www.radiopiu.net\/wordpress\/wp-content\/uploads\/2021\/12\/th-9-300x169.jpg 300w, https:\/\/www.radiopiu.net\/wordpress\/wp-content\/uploads\/2021\/12\/th-9.jpg 304w\" sizes=\"auto, (max-width: 229px) 100vw, 229px\" \/><\/a>\u00a0<strong>LONGARONE\u00a0<\/strong> Luigino Boito lascia Certottica e Dolomiticert, di cui negli ultimi cinque anni \u00e8 stato rispettivamente presidente e amministratore unico. La decisione \u00e8 stata ufficializzata all&#8217;assemblea dei soci che si \u00e8 svolta ieri sera. \u00abHo pensato di anticipare il mio congedo per garantire un auspicato rinnovamento della Governance di Certottica e Dolomiticert, per corrispondere alle attese di Anfao, rinnovamento pi\u00f9 volte anticipato nelle sedi competenti. Ne ho infatti parlato con il presidente del socio di maggioranza, Vitaloni, che ha capito le mie riflessioni e ha condiviso le modalit\u00e0 del mio commiato. Voglio peraltro assicurare ogni mia pi\u00f9 ampia disponibilit\u00e0 a completare ogni azione necessaria alla corretta gestione di Certottica e Dolomiticert, anche dopo, se necessario, al 31 dicembre 2021\u00bb.<\/div>\n<div><\/div>\n<p>&nbsp;<\/p>\n<p>&nbsp;<\/p>\n<hr \/>\n<p>&nbsp;<\/p>\n<blockquote>\n<h3><a href=\"https:\/\/www.radiopiu.net\/wordpress\/cade-con-la-mountain-bike-e-si-ferisce-al-collo\/9ecd9b94-d553-435b-93a2-c268918bc743\/\" rel=\"attachment wp-att-145518\"><img loading=\"lazy\" decoding=\"async\" class=\" wp-image-145518 alignleft\" src=\"https:\/\/www.radiopiu.net\/wordpress\/wp-content\/uploads\/2020\/06\/9ecd9b94-d553-435b-93a2-c268918bc743-300x225.jpg\" alt=\"\" width=\"259\" height=\"194\" srcset=\"https:\/\/www.radiopiu.net\/wordpress\/wp-content\/uploads\/2020\/06\/9ecd9b94-d553-435b-93a2-c268918bc743-300x225.jpg 300w, https:\/\/www.radiopiu.net\/wordpress\/wp-content\/uploads\/2020\/06\/9ecd9b94-d553-435b-93a2-c268918bc743-1024x768.jpg 1024w, https:\/\/www.radiopiu.net\/wordpress\/wp-content\/uploads\/2020\/06\/9ecd9b94-d553-435b-93a2-c268918bc743-768x576.jpg 768w, https:\/\/www.radiopiu.net\/wordpress\/wp-content\/uploads\/2020\/06\/9ecd9b94-d553-435b-93a2-c268918bc743.jpg 1280w\" sizes=\"auto, (max-width: 259px) 100vw, 259px\" \/><\/a>DOLOMITIBUS, OGNI GIORNO UNA NOTIZIA PEGGIORE DELLA PRECEDENTE. DOPO I DISAGI DEL PERIODO, NON ULTIMO LA MANCANZA DI CORSE NEI GIORNI FESTIVI DA E PER L&#8217;AGORDINO, ORA L&#8217;AZIENDA DI TRASPORTO PUBBLICO LOCALE DECIDE UNILATERALMENTE DI TAGLIARE LE CORSE DEI BUS PER GLI SCIATORI.<\/h3>\n<\/blockquote>\n<div class=\"addthis_sharing_toolbox\" data-url=\"https:\/\/sfoglio.corrierealpi.gelocal.it\/share_article.php?article_id=9636435\" data-title=\"Dolomitibus ancora a corto di autisti:salta il servizio di linea per gli sciatori\"><\/div>\n<div class=\"articlePlainText\"><strong>BELLUNO<\/strong> Un&#8217;altra mazzata per il turismo invernale. La\u00a0 Dolomitibus non garantisce\u00a0 gli skibus. Non aveva, a ieri &#8211; quando ha comunicato la notizia ai diretti interessati &#8211; i 12 autisti necessari per le corse sulle tratte di Cortina, di Falcade San Pellegrino e di Alleghe, Caprile, Malga Ciapela. Dolomitibus \u00e8 alla ricerca, insieme alla societ\u00e0 di riferimento, Autoguidovie, di &#8220;disponibilit\u00e0 sul mercato&#8221;, non solo in provincia, anche fuori. Si sa che manca, peraltro, di autisti anche per le corse normali.<\/div>\n<div><\/div>\n<div><\/div>\n<div><\/div>\n<div><\/div>\n<div><\/div>\n<h3><\/h3>\n<p>&nbsp;<\/p>\n<hr \/>\n<blockquote><p>&nbsp;<\/p><\/blockquote>\n<h3>VACCINAZIONI ANTICOVID AD ACCESSO LIBERO A ROCCA E CENCENIGHE<\/h3>\n<p><strong>CENCENIGHE E ROCCA PIETORE\u00a0<\/strong> Per iniziativa dei medici di medicina generale (medici di famiglia) in collaborazione con l&#8217;amministrazione comunale,\u00a0 domani\u00a0 dalle 9 alle 12 al Nof Filo&#8217; di Cencenighe, giornata di vaccinazioni anti covid per tutte le categoria vaccinabili, per prima e terza dose. Il medico di base \u00e8 disponibile a rispondere alle domande, a chiarire eventuali dubbi. Non dimenticarsi di portare la tessera sanitaria e la scheda anamnestica compilata. Informazioni www.aulss1.vento.it.<br \/>\nCon le stesse indicazioni giornata vaccinale a Rocca Pietore oggi\u00a0 dalle 14.30 alle 18 nella sede della protezione civile a Boscoverde.<\/p>\n\n\t\t\t<style type='text\/css'>\n\t\t\t\t#gallery-1 {\n\t\t\t\t\tmargin: auto;\n\t\t\t\t}\n\t\t\t\t#gallery-1 .gallery-item {\n\t\t\t\t\tfloat: left;\n\t\t\t\t\tmargin-top: 10px;\n\t\t\t\t\ttext-align: center;\n\t\t\t\t\twidth: 50%;\n\t\t\t\t}\n\t\t\t\t#gallery-1 img {\n\t\t\t\t\tborder: 2px solid #cfcfcf;\n\t\t\t\t}\n\t\t\t\t#gallery-1 .gallery-caption {\n\t\t\t\t\tmargin-left: 0;\n\t\t\t\t}\n\t\t\t\t\/* see gallery_shortcode() in wp-includes\/media.php *\/\n\t\t\t<\/style>\n\t\t<div id='gallery-1' class='dt-gallery-container gallery galleryid-248785 gallery-columns-2 gallery-size-thumbnail'><dl class='gallery-item'>\n\t\t\t\t<dt class='gallery-icon portrait'>\n\t\t\t\t\t<a class=\"rollover rollover-zoom dt-pswp-item\" title=\"068ad297-29ac-4a96-9828-a1a559d82020\" data-dt-img-description=\"\" data-large_image_width=\"720\" data-large_image_height=\"1600\"href='https:\/\/www.radiopiu.net\/wordpress\/wp-content\/uploads\/2021\/12\/068ad297-29ac-4a96-9828-a1a559d82020.jpg'><img loading=\"lazy\" decoding=\"async\" width=\"150\" height=\"150\" src=\"https:\/\/www.radiopiu.net\/wordpress\/wp-content\/uploads\/2021\/12\/068ad297-29ac-4a96-9828-a1a559d82020-150x150.jpg\" class=\"attachment-thumbnail size-thumbnail\" alt=\"\" \/><\/a>\n\t\t\t\t<\/dt><\/dl><dl class='gallery-item'>\n\t\t\t\t<dt class='gallery-icon portrait'>\n\t\t\t\t\t<a class=\"rollover rollover-zoom dt-pswp-item\" title=\"c310256b-5183-4800-9677-5b7903c7c018\" data-dt-img-description=\"\" data-large_image_width=\"724\" data-large_image_height=\"1024\"href='https:\/\/www.radiopiu.net\/wordpress\/wp-content\/uploads\/2021\/12\/c310256b-5183-4800-9677-5b7903c7c018.jpg'><img loading=\"lazy\" decoding=\"async\" width=\"150\" height=\"150\" src=\"https:\/\/www.radiopiu.net\/wordpress\/wp-content\/uploads\/2021\/12\/c310256b-5183-4800-9677-5b7903c7c018-150x150.jpg\" class=\"attachment-thumbnail size-thumbnail\" alt=\"\" \/><\/a>\n\t\t\t\t<\/dt><\/dl><br style=\"clear: both\" \/>\n\t\t\t<\/div>\n\n<p>&nbsp;<\/p>\n<p>&nbsp;<\/p>\n<hr \/>\n<p>&nbsp;<\/p>\n<blockquote>\n<h3>VACCINI ANTI COVID: SOMMINISTRATE UN MIGLIAIO DI DOSI A PONTE NELLE ALPI<\/h3>\n<\/blockquote>\n<p><b>PONTE NELLE ALPI <\/b>Ponte nelle Alpi registra una tappa estremamente significativa nella lotta al virus. In una sola giornata, infatti, sono state somministrate quasi mille dosi di vaccino: nello specifico, 930.<span class=\"gmail-Apple-converted-space\">\u00a0<\/span>\u00ab<em>Abbiamo ricevuto una risposta importante, in occasione dell\u2019appuntamento dedicato alle terze dosi. E organizzato al Pala Mares &#8211; afferma il capogruppo della maggioranza consiliare e medico di base, Fulvio De Pasqual -. A coloro che si sono vaccinati 5 o 6 mesi fa, si sono aggiunte molte altre persone: di fatto, abbiamo lavorato ininterrottamente dalle 8 del mattino alle ore 19\u00bb. \u00abFa piacere che i cittadini abbiano accolto il nostro invito &#8211; conclude De Pasqual &#8211; soprattutto in un momento in cui il virus ha ripreso a circolare con una certa insistenza. Il dato delle 930 dosi somministrate \u00e8 davvero rilevante e lascia ben sperare\u00bb. \u00abUn sentito ringraziamento ai medici di base e al personale infermieristico di Ponte nelle Alpi &#8211; aggiunge il sindaco Paolo Vendramini -. Da due anni si stanno prodigando per vincere la battaglia contro il Covid. Un plauso poi alla Protezione civile con il coordinatore Omar De Fina, al consigliere delegato Tommaso Carlin e al personale del Comune che quotidianamente segue i servizi del territorio<\/em>\u00bb.<span class=\"gmail-Apple-converted-space\">\u00a0<\/span><\/p>\n\n\t\t\t<style type='text\/css'>\n\t\t\t\t#gallery-2 {\n\t\t\t\t\tmargin: auto;\n\t\t\t\t}\n\t\t\t\t#gallery-2 .gallery-item {\n\t\t\t\t\tfloat: left;\n\t\t\t\t\tmargin-top: 10px;\n\t\t\t\t\ttext-align: center;\n\t\t\t\t\twidth: 50%;\n\t\t\t\t}\n\t\t\t\t#gallery-2 img {\n\t\t\t\t\tborder: 2px solid #cfcfcf;\n\t\t\t\t}\n\t\t\t\t#gallery-2 .gallery-caption {\n\t\t\t\t\tmargin-left: 0;\n\t\t\t\t}\n\t\t\t\t\/* see gallery_shortcode() in wp-includes\/media.php *\/\n\t\t\t<\/style>\n\t\t<div id='gallery-2' class='dt-gallery-container gallery galleryid-248785 gallery-columns-2 gallery-size-medium'><dl class='gallery-item'>\n\t\t\t\t<dt class='gallery-icon landscape'>\n\t\t\t\t\t<a class=\"rollover rollover-zoom dt-pswp-item\" title=\"Vaccini_Pala_Mares_1\" data-dt-img-description=\"\" data-large_image_width=\"1600\" data-large_image_height=\"1200\"href='https:\/\/www.radiopiu.net\/wordpress\/wp-content\/uploads\/2021\/12\/Vaccini_Pala_Mares_1.jpg'><img loading=\"lazy\" decoding=\"async\" width=\"300\" height=\"225\" src=\"https:\/\/www.radiopiu.net\/wordpress\/wp-content\/uploads\/2021\/12\/Vaccini_Pala_Mares_1-300x225.jpg\" class=\"attachment-medium size-medium\" alt=\"\" srcset=\"https:\/\/www.radiopiu.net\/wordpress\/wp-content\/uploads\/2021\/12\/Vaccini_Pala_Mares_1-300x225.jpg 300w, https:\/\/www.radiopiu.net\/wordpress\/wp-content\/uploads\/2021\/12\/Vaccini_Pala_Mares_1-1024x768.jpg 1024w, https:\/\/www.radiopiu.net\/wordpress\/wp-content\/uploads\/2021\/12\/Vaccini_Pala_Mares_1-768x576.jpg 768w, https:\/\/www.radiopiu.net\/wordpress\/wp-content\/uploads\/2021\/12\/Vaccini_Pala_Mares_1-1536x1152.jpg 1536w, https:\/\/www.radiopiu.net\/wordpress\/wp-content\/uploads\/2021\/12\/Vaccini_Pala_Mares_1.jpg 1600w\" sizes=\"auto, (max-width: 300px) 100vw, 300px\" \/><\/a>\n\t\t\t\t<\/dt><\/dl><dl class='gallery-item'>\n\t\t\t\t<dt class='gallery-icon landscape'>\n\t\t\t\t\t<a class=\"rollover rollover-zoom dt-pswp-item\" title=\"Vaccini_Pala_Mares_2\" data-dt-img-description=\"\" data-large_image_width=\"1312\" data-large_image_height=\"723\"href='https:\/\/www.radiopiu.net\/wordpress\/wp-content\/uploads\/2021\/12\/Vaccini_Pala_Mares_2.jpg'><img loading=\"lazy\" decoding=\"async\" width=\"300\" height=\"165\" src=\"https:\/\/www.radiopiu.net\/wordpress\/wp-content\/uploads\/2021\/12\/Vaccini_Pala_Mares_2-300x165.jpg\" class=\"attachment-medium size-medium\" alt=\"\" srcset=\"https:\/\/www.radiopiu.net\/wordpress\/wp-content\/uploads\/2021\/12\/Vaccini_Pala_Mares_2-300x165.jpg 300w, https:\/\/www.radiopiu.net\/wordpress\/wp-content\/uploads\/2021\/12\/Vaccini_Pala_Mares_2-1024x564.jpg 1024w, https:\/\/www.radiopiu.net\/wordpress\/wp-content\/uploads\/2021\/12\/Vaccini_Pala_Mares_2-768x423.jpg 768w, https:\/\/www.radiopiu.net\/wordpress\/wp-content\/uploads\/2021\/12\/Vaccini_Pala_Mares_2.jpg 1312w\" sizes=\"auto, (max-width: 300px) 100vw, 300px\" \/><\/a>\n\t\t\t\t<\/dt><\/dl><br style=\"clear: both\" \/>\n\t\t\t<\/div>\n\n<p>&nbsp;<\/p>\n<hr \/>\n<p>&nbsp;<\/p>\n<blockquote>\n<h3>SU VILLA SAN GIUSEPPE LEANDRO GRONES &#8220;DA DE ZAIACOMO UNA MONTAGNA DI INESATTEZZE&#8221;<\/h3>\n<\/blockquote>\n<p>&nbsp;<\/p>\n<p><strong><img loading=\"lazy\" decoding=\"async\" class=\"alignleft\" src=\"https:\/\/www.radiopiu.net\/wordpress\/wp-content\/uploads\/2019\/05\/LIVINALLONGO-LEANDRO-GRONES.jpg\" width=\"182\" height=\"255\" \/>LIVINALLONGO<\/strong>\u00a0 Alle critiche dell&#8217;ex amministratore Egidio De Zaiacomo\u00a0 (vedi articolo successivo) risponde il sindaco Leandro Grones. <em>&#8220;Noi? Mai ceduto all&#8217;Ulss1 nemmeno un mattone di Villa San Giuseppe&#8221;<\/em><\/p>\n<audio class=\"wp-audio-shortcode\" id=\"audio-248785-1\" preload=\"none\" style=\"width: 100%;\" controls=\"controls\"><source type=\"audio\/mpeg\" src=\"https:\/\/www.radiopiu.net\/wordpress\/wp-content\/uploads\/2021\/12\/eandro-1.mp3?_=1\" \/><a href=\"https:\/\/www.radiopiu.net\/wordpress\/wp-content\/uploads\/2021\/12\/eandro-1.mp3\">https:\/\/www.radiopiu.net\/wordpress\/wp-content\/uploads\/2021\/12\/eandro-1.mp3<\/a><\/audio>\n<p>&nbsp;<\/p>\n<blockquote>\n<h3>IERI ALLA RADIO di LORENZO SORATROI<\/h3>\n<\/blockquote>\n<blockquote class=\"wp-embedded-content\" data-secret=\"uuhSZSRspd\"><p><a href=\"https:\/\/www.radiopiu.net\/wordpress\/gli-anziani-fodom-costretti-a-strutture-di-residenza-lontano-da-casa\/\">GLI ANZIANI FODOM COSTRETTI A STRUTTURE DI RESIDENZA LONTANO DA CASA<\/a><\/p><\/blockquote>\n<p><iframe loading=\"lazy\" class=\"wp-embedded-content\" sandbox=\"allow-scripts\" security=\"restricted\" style=\"position: absolute; clip: rect(1px, 1px, 1px, 1px);\" title=\"&#8220;GLI ANZIANI FODOM COSTRETTI A STRUTTURE DI RESIDENZA LONTANO DA CASA&#8221; &#8212; Radio Pi\u00f9\" src=\"https:\/\/www.radiopiu.net\/wordpress\/gli-anziani-fodom-costretti-a-strutture-di-residenza-lontano-da-casa\/embed\/#?secret=uuhSZSRspd\" data-secret=\"uuhSZSRspd\" width=\"600\" height=\"338\" frameborder=\"0\" marginwidth=\"0\" marginheight=\"0\" scrolling=\"no\"><\/iframe><\/p>\n<p>&nbsp;<\/p>\n<hr \/>\n<p>&nbsp;<\/p>\n<blockquote>\n<h3>ALLARME ALLA SCUOLA DI PUOS, INTERVENTO DI TECNICI E VIGILI DEL FUOCO,\u00a0 CINQUE STUDENTI AL PRONTO SOCCORSO<\/h3>\n<p><em><strong>Scuola chiusa, un centinaio di alunni evacuati: le esalazione erano dovute a prodotti detergenti,\u00a0 in un vano scale dove c&#8217;erano i bidoni con i rifiuti. Le analisi dell&#8217;Arpav hanno evidenziato nei campioni d&#8217;aria \u00absostanze compatibili con prodotti utilizzati per la pulizia.<\/strong><\/em><\/p><\/blockquote>\n<blockquote><p><strong>PUOS D&#8217;ALPAGO<\/strong><\/p>\n<p><strong>DI MORENO GIOLI<\/strong><\/p><\/blockquote>\n<audio class=\"wp-audio-shortcode\" id=\"audio-248785-2\" preload=\"none\" style=\"width: 100%;\" controls=\"controls\"><source type=\"audio\/mpeg\" src=\"https:\/\/www.radiopiu.net\/wordpress\/wp-content\/uploads\/2021\/12\/MORENO-SCUOLA.mp3?_=2\" \/><a href=\"https:\/\/www.radiopiu.net\/wordpress\/wp-content\/uploads\/2021\/12\/MORENO-SCUOLA.mp3\">https:\/\/www.radiopiu.net\/wordpress\/wp-content\/uploads\/2021\/12\/MORENO-SCUOLA.mp3<\/a><\/audio>\n<blockquote><p>&nbsp;<\/p><\/blockquote>\n\n\t\t\t<style type='text\/css'>\n\t\t\t\t#gallery-3 {\n\t\t\t\t\tmargin: auto;\n\t\t\t\t}\n\t\t\t\t#gallery-3 .gallery-item {\n\t\t\t\t\tfloat: left;\n\t\t\t\t\tmargin-top: 10px;\n\t\t\t\t\ttext-align: center;\n\t\t\t\t\twidth: 33%;\n\t\t\t\t}\n\t\t\t\t#gallery-3 img {\n\t\t\t\t\tborder: 2px solid #cfcfcf;\n\t\t\t\t}\n\t\t\t\t#gallery-3 .gallery-caption {\n\t\t\t\t\tmargin-left: 0;\n\t\t\t\t}\n\t\t\t\t\/* see gallery_shortcode() in wp-includes\/media.php *\/\n\t\t\t<\/style>\n\t\t<div id='gallery-3' class='dt-gallery-container gallery galleryid-248785 gallery-columns-3 gallery-size-thumbnail'><dl class='gallery-item'>\n\t\t\t\t<dt class='gallery-icon portrait'>\n\t\t\t\t\t<a class=\"rollover rollover-zoom dt-pswp-item\" title=\"84e46f6e-3db0-435d-8565-8627d3e3bc66\" data-dt-img-description=\"\" data-large_image_width=\"1200\" data-large_image_height=\"1600\"href='https:\/\/www.radiopiu.net\/wordpress\/wp-content\/uploads\/2021\/12\/84e46f6e-3db0-435d-8565-8627d3e3bc66.jpg'><img loading=\"lazy\" decoding=\"async\" width=\"150\" height=\"150\" src=\"https:\/\/www.radiopiu.net\/wordpress\/wp-content\/uploads\/2021\/12\/84e46f6e-3db0-435d-8565-8627d3e3bc66-150x150.jpg\" class=\"attachment-thumbnail size-thumbnail\" alt=\"\" \/><\/a>\n\t\t\t\t<\/dt><\/dl><dl class='gallery-item'>\n\t\t\t\t<dt class='gallery-icon portrait'>\n\t\t\t\t\t<a class=\"rollover rollover-zoom dt-pswp-item\" title=\"4496b371-6cd5-4064-8781-ee8ccfb9a57b\" data-dt-img-description=\"\" data-large_image_width=\"1200\" data-large_image_height=\"1600\"href='https:\/\/www.radiopiu.net\/wordpress\/wp-content\/uploads\/2021\/12\/4496b371-6cd5-4064-8781-ee8ccfb9a57b.jpg'><img loading=\"lazy\" decoding=\"async\" width=\"150\" height=\"150\" src=\"https:\/\/www.radiopiu.net\/wordpress\/wp-content\/uploads\/2021\/12\/4496b371-6cd5-4064-8781-ee8ccfb9a57b-150x150.jpg\" class=\"attachment-thumbnail size-thumbnail\" alt=\"\" \/><\/a>\n\t\t\t\t<\/dt><\/dl><dl class='gallery-item'>\n\t\t\t\t<dt class='gallery-icon portrait'>\n\t\t\t\t\t<a class=\"rollover rollover-zoom dt-pswp-item\" title=\"dc9bdfa0-3a3f-4310-918e-f38e05104e2e\" data-dt-img-description=\"\" data-large_image_width=\"1200\" data-large_image_height=\"1600\"href='https:\/\/www.radiopiu.net\/wordpress\/wp-content\/uploads\/2021\/12\/dc9bdfa0-3a3f-4310-918e-f38e05104e2e.jpg'><img loading=\"lazy\" decoding=\"async\" width=\"150\" height=\"150\" src=\"https:\/\/www.radiopiu.net\/wordpress\/wp-content\/uploads\/2021\/12\/dc9bdfa0-3a3f-4310-918e-f38e05104e2e-150x150.jpg\" class=\"attachment-thumbnail size-thumbnail\" alt=\"\" \/><\/a>\n\t\t\t\t<\/dt><\/dl><br style=\"clear: both\" \/>\n\t\t\t<\/div>\n\n<p>&nbsp;<\/p>\n<hr \/>\n<p>&nbsp;<\/p>\n<p><span style=\"color: #ff0000;\"><strong>OGGI SUL CORRIERE DELLE ALPI\u00a0<\/strong><\/span><\/p>\n<blockquote>\n<h3>\u00a0SUPERMERCATO DELLA COCA AL BANCONE DEL BAR SPORT, TRE IN TRIBUNALE<\/h3>\n<\/blockquote>\n<p><strong>DI GIGI SOSSO<\/strong>\u00a0\u00a0Cocaina venduta al bar Sport di Sois. Manca meno di un mese all&#8217;udienza preliminare per i tre principali indagati Roberto Dal Borgo, Gentian Celislami e Juan Manuel Jimenez. Il 14 gennaio saranno davanti al giudice il titolare del locale in cui venivano smerciate coca e hashish e due presunti corrieri, a loro volta arrestati dalla Squadra mobile della polizia. Celislami vive a sua volta in citt\u00e0, mentre il sudamericano arrivava dalla Toscana. E non \u00e8 escluso il coinvolgimento di altre persone.Dal Borgo \u00e8 sempre detenuto nel carcere &#8220;Lorusso e Cutugno&#8221;, meglio conosciuto come Le Vallette di Torino. La difesa ha cercato di fargli avere i domiciliari per motivi di salute o almeno di avvicinarlo, ma senza spuntare niente&#8230;.<\/p>\n<p>&nbsp;<\/p>\n<p>&nbsp;<\/p>\n<hr \/>\n<p>&nbsp;<\/p>\n<blockquote>\n<h3>\u00a0VENETO IN GIALLO, L&#8217;ORDINANZA DI ZAIA ANTICIPA LA DECISIONE DI SPERANZA<\/h3>\n<\/blockquote>\n<blockquote>\n<h3>LEGGI LA CONFERENZA STAMPA<\/h3>\n<p><em>attivit\u00e0 ammesse: non c&#8217;\u00e8 diversit\u00e0 tra bianco e giallo, a fare la differenza \u00e8 solo il possesso del green pass base e del certificato in versione rafforzata in determinati ambiti. Ad esempio, per restare agli esercizi pubblici, come avviene gi\u00e0 adesso occorre essere vaccinati o guariti, mentre all&#8217;aperto pu\u00f2 bastare il tampone.\u00a0<\/em><\/p><\/blockquote>\n<p>Il Presidente presenta l&#8217;ordinanza in vigore da oggi fino al 16 gennaio, che anticipa la zona gialla per prevenire gli assembramenti. Mascherine all&#8217;aperto sempre, eccezione bimbi al di sotto dei sei anni. Siamo in una fase nella quale la circolazione del virus \u00e8 importante RT 1,15 Incidenza 506,3 su 100 mila abitanti, ospedalizzazione in area non critica ospedalizzazione 15% il tasso che fa scattare la zona gialla. In terapia intensiva 13% sopra del 3% per la zona gialla. Il Veneto verr\u00e0 dichiarato &#8220;giallo&#8221;. Cosa cambia con la zona gialla? L&#8217;uso della mascherina obbligatorio anche all&#8217;aperto. Negli ospedali e Rsa controllo tamponi ogni 4 giorni ai degenti ogni 10 al personale. Ingressi con doppio tampone ad inizio e fine quarantena della durata di sette giorni. Una sola persona potr\u00e0 accompagnare il paziente in ospedale e fargli visita, i bambini con meno di 12 anni non potranno entrare nelle Rsa. Sospesi i rientri in famiglia degli ospiti delle case di riposo.<span style=\"color: #ff0000;\"><strong> QUANDO E&#8217; PREVISTO IL PICCO?\u00a0<\/strong> Tra fine dicembre e l&#8217;inizio di gennaio. La giornata di oggi corrisponde con il peggior scenario dello scorso anno quando venne raggiunto il punto massimo.<\/span> <strong>C&#8217;E&#8217; LO SPAURACCHIO DELL&#8217;ARANCIONE?<\/strong> Al momento no. <strong>VACCINAZIONE<\/strong> rimarco l&#8217;incidenza dei non vaccinati sia nei contagi che nei ricoveri. Tra i nuovi positivi per tasso vaccinale a fascia di et\u00e0 i non vaccinati hanno sempre un incidenza alta,\u00a0 anche tra i nuovi ricoveri, l&#8217;incidenza altissima riguarda i non vaccinati. <strong>RACCOMANDAZIONI<\/strong> Fatevi il test rapido prima di partecipare alle cene di Natale.<strong> L&#8217;ORDINANZA RACCOMANDA LA VACCINAZIONE<\/strong> Ricordiamo che si puo&#8217; accedere alla vaccinazione. Abbiamo sempre avuto una posizione chiara, l&#8217;obbligo vaccinale \u00e8 un muro contro muro \u00a0\u00e8 stata inserita la &#8216;raccomandazion\u00e8\u00a0 perch\u00e9 immaginiamo che ordinanza\u00a0 girer\u00e0 dappertutto, e ci sar\u00e0 chi spiegher\u00e0 che non abbiamo capito nulla. Ma la nostra posizione \u00e8 chiara: siamo i pi\u00f9 performanti sulla vaccinazione.\u00a0 L&#8217;obbligo rischia di creare il muro contro muro. Se \u00e8 obbligo non puoi farlo con le multe, e io comunque credo non funzioni.<\/p>\n<blockquote>\n<h3><em>NELLA NOTTE ASSALTO AL CENTRO VACCINALE DI ALTIVOLE<b> <\/b>Hanno sabotato l&#8217;impianto elettrico, ora stanno ripristinando il servizio. Di certo non \u00e8 stato un ladro.<\/em><\/h3>\n<\/blockquote>\n<p>Sono stati vaccinati 1700 bambini dai 5 agli 11, sono gi\u00e0 28mila le prenotazioni. Ricevuto 126mila dosi e il 5 gennaio ne arrivano altre 60mila<\/p>\n<p><a href=\"https:\/\/www.facebook.com\/zaiaufficiale\/videos\/1881948355341457\">https:\/\/www.facebook.com\/zaiaufficiale\/videos\/1881948355341457<\/a><\/p>\n<p>&nbsp;<\/p>\n<hr \/>\n<p>&nbsp;<\/p>\n<blockquote>\n<h2>tabelle riguardanti il tasso dei nuovi positivi e dei nuovi ricoveri per stato vaccinale.<\/h2>\n<\/blockquote>\n<a href=\"https:\/\/www.radiopiu.net\/wordpress\/wp-content\/uploads\/2021\/12\/2341-2021-2021_12_17-Situazione-epidemiologica.pdf\" class=\"pdfemb-viewer\" style=\"\" data-width=\"max\" data-height=\"max\" data-toolbar=\"top\" data-toolbar-fixed=\"on\">2341-2021 2021_12_17 Situazione epidemiologica<\/a><a href=\"https:\/\/www.radiopiu.net\/wordpress\/wp-content\/uploads\/2021\/12\/2341-2021-2021_12_17-Situazione-epidemiologica-1.pdf\" class=\"pdfemb-viewer\" style=\"\" data-width=\"max\" data-height=\"max\" data-toolbar=\"top\" data-toolbar-fixed=\"on\">2341-2021 2021_12_17 Situazione epidemiologica-1<\/a>\n<p>&nbsp;<\/p>\n<hr \/>\n<p>&nbsp;<\/p>\n<blockquote>\n<h3>VENETO IN ZONA GIALLA L&#8217;ORDINANZA<\/h3>\n<\/blockquote>\n<p><strong>VENEZIA<\/strong> Il Presidente della Regione del Veneto, Luca Zaia, ha firmato una nuova ordinanza dal titolo Misure urgenti in materia di contenimento e gestione dell&#8217;emergenza epidemiologica da virus<\/p>\n<p><strong>L&#8217;ORDINANZA (6 PAGINE)<\/strong><\/p>\n<a href=\"https:\/\/www.radiopiu.net\/wordpress\/wp-content\/uploads\/2021\/12\/ordinanza-Zaia-17-dicembre-Covid.pdf\" class=\"pdfemb-viewer\" style=\"\" data-width=\"max\" data-height=\"max\" data-toolbar=\"top\" data-toolbar-fixed=\"on\">ordinanza Zaia 17 dicembre Covid<\/a>\n<p>&nbsp;<\/p>\n<hr \/>\n<p>&nbsp;<\/p>\n<blockquote>\n<h3>SCUOLA: IN UNA SETTIMANA DUE CLASSI IN MENO TRA LE CURE DEL TEAM SCUOLA<\/h3>\n<\/blockquote>\n<p><strong>BELLUNO<\/strong>\u00a0 Lieve decremento (-2) delle classi in sorveglianza scolastica ma anche un importante aumento di classe in quarantena rispetto a sette giorni fa, legato alla presenza di diverse positivit\u00e0 iniziali in una singola classe o all\u2019 emergenza di nuovi casi dopo il tampone finale. La prevalenza di classi appartenenti a scuole primarie e secondarie di secondo grado (37 su 58) Le classi oggetto del presente report sono localizzate in modo prevalente nella zona dell\u2019Agordino, Bellunese, Feltrino.<\/p>\n<p><strong>SITUAZIONE<\/strong> Asili e Infanzie\u00a0 0 classi in monitoraggio 6 in quarantena, Primarie 11-10, Secondaria primo grado 7-6 Secondaria secondo grado 12-4 convitto 0-0, doposcuole 0-2. TOTALE 30 CLASSI IN MONITORAGGIO, 6 IN QUARANTENA (-2)<\/p>\n<p>&nbsp;<\/p>\n<hr \/>\n<p>&nbsp;<\/p>\n<p>&nbsp;<\/p>\n<blockquote>\n<h3><\/h3>\n<h3>ANTICORPI MONOCLONALI, I PRIMI RISULTATI<\/h3>\n<p><em>&#8220;Tale percorso ci ha permesso di ridurre significativante i ricoveri ospedalieri, ottenendo anche una guarigione pi\u00f9 veloce delle persone trattate\u00bb, spiega Scaggiante, <\/em><em>\u00abla dimostrazione della efficacia di tale terapia la vediamo tutte le volte che una piccola percentuale (10-15%), dei positivi non vaccinati a cui erano stati proposti e rifiutati i monoclonali, si presentato dopo 7-10 gg con malattia conclamata COVID19 e successivo ricovero, anche in terapia intensiva. <\/em><em>Questo non avviene nel rimanente 85-90% dei positivi che si sottopongono alla terapia con monoclonali\u00bb<\/em><\/p><\/blockquote>\n<p><strong><a href=\"https:\/\/www.radiopiu.net\/wordpress\/giornale-radiopiu-18-dicembre-2021-direttore-mirko-mezzacasa\/infettivologo-225x300\/\" rel=\"attachment wp-att-248953\"><img loading=\"lazy\" decoding=\"async\" class=\"size-full wp-image-248953 alignleft\" src=\"https:\/\/www.radiopiu.net\/wordpress\/wp-content\/uploads\/2021\/12\/infettivologo-225x300-1.jpg\" alt=\"\" width=\"225\" height=\"300\" \/><\/a>BELLUNO<\/strong> Nella Ulss1 Dolomiti\u00a0 la somministrazione degli anticorpi monoclonali\u00a0 \u00e8 iniziata\u00a0 a marzo 2021.\u00a0 I medici di base, i medici USCA e i medici dei vari pronti soccorsi, hanno potuto segnalare i pazienti con recente infezione da SARS-CoV-2 che, pur non avendo indicazione al ricovero ospedaliero, potessero essere a rischio di peggioramento a breve.\u00a0 Modalit\u00e0 che non ha prodotto numeri di segnalazioni tali da poter pensare di ridurre significativamente i successivi accessi in ospedale, ed anche quando le richieste spesso erano ai limiti temporali per avere una elevata efficacia della terapia con gli anticorpi monoclonali.\u00a0 Per efficientare tale percorso, in ulss Dolomiti \u00e8 stato attivato un percorso per il quale il laboratorio di microbiologia comunica alle malattie infettive tutti i nominativi dei positivi appena diagnoticati, che sono attivamente chiamati telefonicamente dei medici infettivologi, dottor Renzo Scaggiante in primis. <em>\u00abAbbiamo iniziato chiamando telefonicamente tutti i pazienti over 65 chiedendo se erano stati vaccinati, se avevano segni o sintomi compresi nella scheda AIFA (diabete, obesit\u00e0, et\u00e0, pneumopatie, cardiopatie, etc), a quel punto avevamo tutte le indicazioni per poter invitare il paziente alla somministrazione degli anticorpi monoclonali, che viene fatta nel nostro reparto mediante via endovenosa della durata di un ora con successiva osservazione\u00bb<\/em>\u00a0 Intercettati, in tempi molto brevi, la gran parte di pazienti con tampone positivo. Visto il buon risultato, abbiamo allargato le chiamate anche agli over 50, e quando possibile anche ad et\u00e0 via via inferiori. <em>&#8220;Attualmente contattiamo giornalmente dalle 30 alle 50 persone con tampone positivo (media 40 persone die), e somministriamo dai 15 ai 20 monoclonali alla settimana (totale somministrazioni oltre 200).\u00a0<\/em><\/p>\n<p>&nbsp;<\/p>\n<p><strong>ARCHIVIO RADIO PIU MARZO 2020<\/strong><\/p>\n<p>https:\/\/www.radiopiu.net\/wordpress\/il-dottore-renzo-scaggiante-primario-del-reparto-malattia-infettive\/<\/p>\n<p>&nbsp;<\/p>\n<p>&nbsp;<\/p>\n<hr \/>\n<p>&nbsp;<\/p>\n<p>&nbsp;<\/p>\n<p><strong>TARGHE ESTERE<\/strong><\/p>\n<blockquote>\n<h3>DE MENECH &#8220;RIVEDERE IL CODICE DELLA STRADA&#8221;<\/h3>\n<\/blockquote>\n<p><strong><a href=\"https:\/\/www.radiopiu.net\/wordpress\/giornale-radiopiu-18-dicembre-2021-direttore-mirko-mezzacasa\/th-271\/\" rel=\"attachment wp-att-248952\"><img loading=\"lazy\" decoding=\"async\" class=\" wp-image-248952 alignleft\" src=\"https:\/\/www.radiopiu.net\/wordpress\/wp-content\/uploads\/2021\/12\/th-8.jpg\" alt=\"\" width=\"234\" height=\"156\" \/><\/a>ROMA<\/strong> <em>\u00abDovremo rivedere la norma del codice della strada che vieta a chiunque sia residente da oltre 60 giorni di circolare sul territorio italiano con un veicolo immatricolato in altro Stato membro\u00bb<\/em>. Il deputato bellunese Roger De Menech coglie lo spunto della recente sentenza della Corte di Giustizia europea per sollecitare la revisione di una norma particolarmente penalizzante per chiunque abbia interessi, lavoro e imprese in uno o pi\u00f9 dei 27 stati membri dell\u2019Unione, ma desideri mantenere la residenza in Italia. \u00ab\u00c8 il caso di migliaia di bellunesi\u00bb, ricorda De Menech. Introdotta dalla Lega nel dicembre 2018 con un decreto del ministero dell\u2019Interno, la norma aveva creato da subito disservizi e reso pi\u00f9 difficile la vita per decine di migliaia di famiglie che dividono il loro tempo tra la residenza italiana e il domicilio europeo. Nel 2020 un emendamento dei senatori del Partito democratico ha rimosso i blocchi automatici dei veicoli con targa straniera, risolvendo in parte il problema. Ora la sentenza del giudice europeo, che ritiene la norma italiana un ingiusto impedimento alla libera circolazione dei beni e delle persone, \u00e8 un ulteriore passo avanti verso la soluzione definitiva del problema creato dalla Lega nel 2018.<\/p>\n<p><strong>IL DEPUTATO ROGER DE MENECH\u00a0<\/strong><\/p>\n<audio class=\"wp-audio-shortcode\" id=\"audio-248785-3\" preload=\"none\" style=\"width: 100%;\" controls=\"controls\"><source type=\"audio\/mpeg\" src=\"https:\/\/www.radiopiu.net\/wordpress\/wp-content\/uploads\/2021\/12\/roger-de-menech-targhe-estere.mp3?_=3\" \/><a href=\"https:\/\/www.radiopiu.net\/wordpress\/wp-content\/uploads\/2021\/12\/roger-de-menech-targhe-estere.mp3\">https:\/\/www.radiopiu.net\/wordpress\/wp-content\/uploads\/2021\/12\/roger-de-menech-targhe-estere.mp3<\/a><\/audio>\n<p>&nbsp;<\/p>\n<hr \/>\n<p>&nbsp;<\/p>\n<p>&nbsp;<\/p>\n<blockquote>\n<h3><a href=\"https:\/\/www.radiopiu.net\/wordpress\/giornale-radiopiu-18-dicembre-2021-direttore-mirko-mezzacasa\/incontro-scuola-comelico-ministro\/\" rel=\"attachment wp-att-248958\"><img loading=\"lazy\" decoding=\"async\" class=\"size-medium wp-image-248958 alignleft\" src=\"https:\/\/www.radiopiu.net\/wordpress\/wp-content\/uploads\/2021\/12\/Incontro-scuola-Comelico-Ministro-300x185.jpeg\" alt=\"\" width=\"300\" height=\"185\" srcset=\"https:\/\/www.radiopiu.net\/wordpress\/wp-content\/uploads\/2021\/12\/Incontro-scuola-Comelico-Ministro-300x185.jpeg 300w, https:\/\/www.radiopiu.net\/wordpress\/wp-content\/uploads\/2021\/12\/Incontro-scuola-Comelico-Ministro-1024x631.jpeg 1024w, https:\/\/www.radiopiu.net\/wordpress\/wp-content\/uploads\/2021\/12\/Incontro-scuola-Comelico-Ministro-768x473.jpeg 768w, https:\/\/www.radiopiu.net\/wordpress\/wp-content\/uploads\/2021\/12\/Incontro-scuola-Comelico-Ministro.jpeg 1031w\" sizes=\"auto, (max-width: 300px) 100vw, 300px\" \/><\/a>IL MINISTRO FEDERICO D&#8217;INCA&#8217; INCONTRA GLI STUDENTI IN COMELICO<\/h3>\n<\/blockquote>\n<p><em>\u201cL\u2019incontro\u00a0 con i ragazzi dell&#8217;Istituto Comprensivo di Santo Stefano di Cadore e Comelico Superiore \u00e8 stato particolarmente entusiasmante. Gli studenti hanno dimostrato una grande sensibilit\u00e0 nei confronti del proprio territori<\/em>o. Lo dichiara il Ministro Federico D\u2019Inc\u00e0, in occasione della visita\u00a0 con gli alunni dell\u2019Istituto Comprensivo di Santo Stefano di Cadore e Comelico Superiore.<\/p>\n<p>&nbsp;<\/p>\n<p>&nbsp;<\/p>\n<p>&nbsp;<\/p>\n<p>&nbsp;<\/p>\n<p>&nbsp;<\/p>\n<hr \/>\n<blockquote>\n<h3><\/h3>\n<h3>FONDO DI SOSTEGNO AI COMUNI MARGINALI E PNRR, ALTRA DOCCIA GELATA PER PER I MUNICIPI VIRTUOSI DEL NORD ITALIA<\/h3>\n<\/blockquote>\n<p><strong><a href=\"https:\/\/www.radiopiu.net\/wordpress\/belluno-la-citta-del-nulla-di-fatto-da-tiziano-alla-pallavolo\/972ec435-fa04-49e8-bf1e-048263cab367\/\" rel=\"attachment wp-att-226219\"><img loading=\"lazy\" decoding=\"async\" class=\"size-medium wp-image-226219 alignleft\" src=\"https:\/\/www.radiopiu.net\/wordpress\/wp-content\/uploads\/2021\/08\/972ec435-fa04-49e8-bf1e-048263cab367-300x200.jpg\" alt=\"\" width=\"300\" height=\"200\" srcset=\"https:\/\/www.radiopiu.net\/wordpress\/wp-content\/uploads\/2021\/08\/972ec435-fa04-49e8-bf1e-048263cab367-300x200.jpg 300w, https:\/\/www.radiopiu.net\/wordpress\/wp-content\/uploads\/2021\/08\/972ec435-fa04-49e8-bf1e-048263cab367-768x513.jpg 768w, https:\/\/www.radiopiu.net\/wordpress\/wp-content\/uploads\/2021\/08\/972ec435-fa04-49e8-bf1e-048263cab367.jpg 1024w\" sizes=\"auto, (max-width: 300px) 100vw, 300px\" \/><\/a>BELLUNO <\/strong>Nei giorni scorsi \u00e8 stato pubblicato in Gazzetta Ufficiale il Decreto del Presidente del Consiglio dei Ministri che ripartisce il \u201cFondo di sostegno ai comuni marginali&#8217; per gli anni 2021-2023. Si tratta in totale di 180 milioni euro assegnati a 1.187 comuni, selezionati per le loro condizioni particolarmente svantaggiate, in quanto a forte rischio di spopolamento. Ebbene, il 95, 2% delle somme disponibili, pari a 171 milioni di euro, sar\u00e0 assegnato a comuni dell\u2019Italia Meridionale, mentre al centro e soprattutto al nord (3,1 milioni per 34 comuni!) resteranno poco pi\u00f9 che le briciole. \u201cAncora una volta il ritornello si ripete\u201d, commenta non senza rammarico, il coordinatore provinciale di Forza Italia Dario Scopel, che interviene sulla questione anche come sindaco di un piccolo comune di montagna, Seren del Grappa.<\/p>\n<p><strong>DARIO SCOPEL, COORDINATORE PROVINCIALE DI FORZA ITALIA<\/strong><\/p>\n<audio class=\"wp-audio-shortcode\" id=\"audio-248785-4\" preload=\"none\" style=\"width: 100%;\" controls=\"controls\"><source type=\"audio\/mpeg\" src=\"https:\/\/www.radiopiu.net\/wordpress\/wp-content\/uploads\/2021\/12\/scopel-fondi-sostegno-e-pnrr.mp3?_=4\" \/><a href=\"https:\/\/www.radiopiu.net\/wordpress\/wp-content\/uploads\/2021\/12\/scopel-fondi-sostegno-e-pnrr.mp3\">https:\/\/www.radiopiu.net\/wordpress\/wp-content\/uploads\/2021\/12\/scopel-fondi-sostegno-e-pnrr.mp3<\/a><\/audio>\n<p>&nbsp;<\/p>\n<hr \/>\n<p>&nbsp;<\/p>\n<p>&nbsp;<\/p>\n<blockquote>\n<h3>\u00a0A GENNAIO CASA TUA SOFFIA 25 CANDELINE<\/h3>\n<p><em>Assistenza ospedaliera ad oltre 5 mila ospiti<\/em><\/p><\/blockquote>\n<p><strong><a href=\"https:\/\/www.radiopiu.net\/wordpress\/natale-in-gialloa\/casa-tua\/\" rel=\"attachment wp-att-248915\"><img loading=\"lazy\" decoding=\"async\" class=\"size-medium wp-image-248915 alignleft\" src=\"https:\/\/www.radiopiu.net\/wordpress\/wp-content\/uploads\/2021\/12\/CASA-TUA-300x129.png\" alt=\"\" width=\"300\" height=\"129\" srcset=\"https:\/\/www.radiopiu.net\/wordpress\/wp-content\/uploads\/2021\/12\/CASA-TUA-300x129.png 300w, https:\/\/www.radiopiu.net\/wordpress\/wp-content\/uploads\/2021\/12\/CASA-TUA.png 698w\" sizes=\"auto, (max-width: 300px) 100vw, 300px\" \/><\/a>BELLUNO<\/strong>\u00a0 25 anni al servizio della comunit\u00e0. \u00c8 il prestigioso traguardo che festegger\u00e0 tra pochi giorni Casa Tua, la cui avventura, promossa dal Comitato d\u2019Intesa e dall\u2019Ulss 1, \u00e8 infatti iniziata nel gennaio 1997 dopo essersi costituita l\u2019anno precedente. Numeri importanti quelli raggiunti in un quarto di secolo: oltre 5 mila ospiti accolti nella struttura ad essi riservata, presso l\u2019ospedale \u201cSan Martino\u201d di Belluno, vuoi come pazienti in day hospital o come famigliari di degenti che necessitano di protezione e assistenza continua. <em>\u00abLe istituzioni, sollecitate ad essere attente ad un bisogno, hanno voluto avviare allora assieme al mondo del volontariato ed ai cittadini un progetto, per soddisfarlo e promuoverlo, attivando la ricerca di risorse in loco uniti da un medesimo spirito e da un minimo comune denominatore di promozione umana e sociale\u00bb, ricorda l&#8217;anima e motore di Casa Tua, Giorgio Zampieri (foto) \u00ab\u00c8 stata anche una <a href=\"https:\/\/www.radiopiu.net\/wordpress\/natale-in-gialloa\/giorgio-zampieri-2\/\" rel=\"attachment wp-att-248916\"><img loading=\"lazy\" decoding=\"async\" class=\"size-medium wp-image-248916 alignright\" src=\"https:\/\/www.radiopiu.net\/wordpress\/wp-content\/uploads\/2021\/12\/Giorgio-Zampieri-300x169.jpg\" alt=\"\" width=\"300\" height=\"169\" srcset=\"https:\/\/www.radiopiu.net\/wordpress\/wp-content\/uploads\/2021\/12\/Giorgio-Zampieri-300x169.jpg 300w, https:\/\/www.radiopiu.net\/wordpress\/wp-content\/uploads\/2021\/12\/Giorgio-Zampieri-1024x576.jpg 1024w, https:\/\/www.radiopiu.net\/wordpress\/wp-content\/uploads\/2021\/12\/Giorgio-Zampieri-768x432.jpg 768w, https:\/\/www.radiopiu.net\/wordpress\/wp-content\/uploads\/2021\/12\/Giorgio-Zampieri-1536x864.jpg 1536w, https:\/\/www.radiopiu.net\/wordpress\/wp-content\/uploads\/2021\/12\/Giorgio-Zampieri.jpg 1920w\" sizes=\"auto, (max-width: 300px) 100vw, 300px\" \/><\/a>sfida. Non poteva bastare solo la \u201crealizzazione\u201d di un\u2019opera, ma doveva essere garantita una continuit\u00e0 nel tempo\u00bb. <\/em>Le 220 persone mediamente ospitate ogni anno sono state seguite dai volontari. L\u2019ospitalit\u00e0 \u00e8 gratuita e le entrate godono in maggioranza di elargizioni di associazioni e contributi liberi da parte di privati e degli ospiti. <em>\u00abPer il futuro lo sforzo sar\u00e0 quello di mantenere sempre attivo il servizio reso garantendone funzionalit\u00e0 ed adeguatezza \u2013 aggiunge Zampieri. I volontari associati effettivi sono 13 e rappresentano il volontariato che opera prevalentemente nell\u2019ambito ospedaliero. A loro \u00e8 affidata la gestione della struttura, alternandosi settimanalmente, con il compito di curare il buon andamento dell\u2019organizzazione, del rispetto del regolamento, dell\u2019accoglienza degli ospiti e di prestare loro tutte quelle attenzioni e cure morali e materiali che necessitano nel periodo di residenza\u00bb.\u00a0<\/em><\/p>\n<blockquote><p>La Direzione Medica cura i rapporti con la Questura per comunicare giornalmente le presenze: ad un volontario, Fioretto Bortot, \u00e8 demandata l\u2019organizzazione operativa e manutentiva della struttura; ad un altro, Alessandro Bordin, la cura dei rapporti con l\u2019Ulss 1, e ad Antonella Fabbri l\u2019interpretazione del regolamento.<\/p><\/blockquote>\n<p>&nbsp;<\/p>\n<hr \/>\n<p>&nbsp;<\/p>\n<p><strong>ARTE NOTIZIE<\/strong><\/p>\n<p><a href=\"https:\/\/www.radiopiu.net\/wordpress\/giornale-radiopiu-18-dicembre-2021-direttore-mirko-mezzacasa\/267506913_10209871068209439_1885284178957375435_n\/\" rel=\"attachment wp-att-249026\"><img loading=\"lazy\" decoding=\"async\" class=\" wp-image-249026 alignleft\" src=\"https:\/\/www.radiopiu.net\/wordpress\/wp-content\/uploads\/2021\/12\/267506913_10209871068209439_1885284178957375435_n-199x300.jpg\" alt=\"\" width=\"117\" height=\"176\" srcset=\"https:\/\/www.radiopiu.net\/wordpress\/wp-content\/uploads\/2021\/12\/267506913_10209871068209439_1885284178957375435_n-199x300.jpg 199w, https:\/\/www.radiopiu.net\/wordpress\/wp-content\/uploads\/2021\/12\/267506913_10209871068209439_1885284178957375435_n.jpg 398w\" sizes=\"auto, (max-width: 117px) 100vw, 117px\" \/><\/a>L&#8217;Abruzzo sceglie l&#8217;arte di Franco Murer. Nereto &#8211; in provincia di Teramo &#8211; ha commissionato all&#8217;artista agordino una grande opera in bronzo raffigurante il patrono della cittadina, san Martino di Tours. Un&#8217;opera alta pi\u00f9 di 2 metri che sar\u00e0 collocata nella piazza centrale, in un contesto di riqualificazione urbana.\u00a0 Sempre a Nereto Franco Murer in varie occasioni ha tenuto delle mostre personali tanto che gi\u00e0 nel 2015 era stato ipotizzato di affidargli la realizzazione dell&#8217;opera ora in lavorazione. (foto, Murer con il sindaco Taddei)<\/p>\n<p>&nbsp;<\/p>\n<p>&nbsp;<\/p>\n<p>&nbsp;<\/p>\n<hr \/>\n<p>&nbsp;<\/p>\n<p>&nbsp;<\/p>\n<blockquote>\n<h3>GATTO SELVATICO SOCCORSO DALLA POLIZIA PROVINCIALE<\/h3>\n<\/blockquote>\n<blockquote><p><em><span style=\"font-family: arial, sans-serif; font-size: large;\">Il gatto selvatico torna a farsi vedere. La Polizia Provinciale di Belluno, pochi giorni fa, ha soccorso un esemplare di \u201cFelis silvestris\u201d in difficolt\u00e0, nel Feltrino.<\/span><\/em><\/p><\/blockquote>\n<p><span style=\"font-family: arial, sans-serif; font-size: large;\"><strong>BELLUNO<\/strong> L\u2019episodio, alquanto singolare, \u00e8 accaduto nel pomeriggio di luned\u00ec 13 dicembre poco distante da Arsi\u00e8, nel cortile di un\u2019abitazione. La signora Laura Nicoli ha sentito un tonfo provenire dal giardino di casa. \u00c8 uscita e ha trovato a terra una faina morta e un grosso gatto sofferente. Secondo la ricostruzione della Polizia Provinciale, \u00e8 probabile che i due animali stessero lottando tra di loro; oppure era in atto un tentativo di predazione da parte del gatto, e nella foga entrambi gli animali sono caduti dalle rocce sovrastanti l\u2019abitazione della signora Nicoli, che, con spiccato senso civico e rispetto per gli animali, ha allertato i servizi veterinari.\u00a0<\/span><span style=\"font-family: arial, sans-serif; font-size: large;\">Sul posto sono giunti poco dopo il dottor Franco Coriani e Cristina Gasparo (presidente dell\u2019Associazione S. Francesco di Feltre, che da anni si occupa del soccorso a cani e gatti in stato di necessit\u00e0). I due hanno prestato le prime cure all\u2019animale, che appariva un po&#8217; intontito e non riusciva a muoversi bene. Al veterinario per\u00f2 \u00e8 apparso subito evidente che non si trattava di un gatto come tanti: l\u2019animale era pi\u00f9 grande e aveva una coda mai vista. A quel punto, \u00e8 stato chiesto l\u2019intervento della Polizia provinciale, che ha dato la conferma: si trattava di un gatto selvatico (Felis silvestris).<\/span><span style=\"font-family: arial, sans-serif; font-size: large;\">Immediato, come da protocollo, il coinvolgimento del veterinario referente per il Cras di Treviso: i due sanitari in contatto telefonico, valutati congiuntamente i sintomi presentati, hanno disposto di trattenere il gatto in osservazione per una notte, con adeguato nutrimento. Dell\u2019operazione si \u00e8 occupata la Polizia Provinciale.<\/span><span style=\"font-family: arial, sans-serif; font-size: large;\">La mattina successiva gli agenti hanno potuto constatare la totale ripresa della vitalit\u00e0 del gatto. Una vitalit\u00e0 talmente esuberante, alla vista degli agenti, che rischiava di provocare danni all\u2019animale stesso. Il gatto infatti non voleva saperne di stare nella gabbia di contenimento. Immediata quindi la liberazione, nei dintorni di Feltre. Il selvatico \u00e8 stato riportato nel suo habitat e con pochi passi rapidi si \u00e8 addentrato nel bosco innevato.<\/span><\/p>\n<p>la foto del rilascio del gatto selvatico \u00e8 di Antonio Galletti<\/p>\n\n\t\t\t<style type='text\/css'>\n\t\t\t\t#gallery-4 {\n\t\t\t\t\tmargin: auto;\n\t\t\t\t}\n\t\t\t\t#gallery-4 .gallery-item {\n\t\t\t\t\tfloat: left;\n\t\t\t\t\tmargin-top: 10px;\n\t\t\t\t\ttext-align: center;\n\t\t\t\t\twidth: 33%;\n\t\t\t\t}\n\t\t\t\t#gallery-4 img {\n\t\t\t\t\tborder: 2px solid #cfcfcf;\n\t\t\t\t}\n\t\t\t\t#gallery-4 .gallery-caption {\n\t\t\t\t\tmargin-left: 0;\n\t\t\t\t}\n\t\t\t\t\/* see gallery_shortcode() in wp-includes\/media.php *\/\n\t\t\t<\/style>\n\t\t<div id='gallery-4' class='dt-gallery-container gallery galleryid-248785 gallery-columns-3 gallery-size-thumbnail'><dl class='gallery-item'>\n\t\t\t\t<dt class='gallery-icon landscape'>\n\t\t\t\t\t<a class=\"rollover\" href='https:\/\/www.radiopiu.net\/wordpress\/gatto-selvatico-soccorso-dalla-polizia-provinciale\/img-20211217-wa0000\/'><img loading=\"lazy\" decoding=\"async\" width=\"150\" height=\"150\" src=\"https:\/\/www.radiopiu.net\/wordpress\/wp-content\/uploads\/2021\/12\/IMG-20211217-WA0000-150x150.jpg\" class=\"attachment-thumbnail size-thumbnail\" alt=\"\" \/><\/a>\n\t\t\t\t<\/dt><\/dl><dl class='gallery-item'>\n\t\t\t\t<dt class='gallery-icon landscape'>\n\t\t\t\t\t<a class=\"rollover\" href='https:\/\/www.radiopiu.net\/wordpress\/gatto-selvatico-soccorso-dalla-polizia-provinciale\/img-20211213-wa0002\/'><img loading=\"lazy\" decoding=\"async\" width=\"150\" height=\"150\" src=\"https:\/\/www.radiopiu.net\/wordpress\/wp-content\/uploads\/2021\/12\/IMG-20211213-WA0002-150x150.jpg\" class=\"attachment-thumbnail size-thumbnail\" alt=\"\" \/><\/a>\n\t\t\t\t<\/dt><\/dl><dl class='gallery-item'>\n\t\t\t\t<dt class='gallery-icon landscape'>\n\t\t\t\t\t<a class=\"rollover\" href='https:\/\/www.radiopiu.net\/wordpress\/gatto-selvatico-soccorso-dalla-polizia-provinciale\/img-20211214-wa0000\/'><img loading=\"lazy\" decoding=\"async\" width=\"150\" height=\"150\" src=\"https:\/\/www.radiopiu.net\/wordpress\/wp-content\/uploads\/2021\/12\/IMG-20211214-WA0000-150x150.jpg\" class=\"attachment-thumbnail size-thumbnail\" alt=\"\" \/><\/a>\n\t\t\t\t<\/dt><\/dl><br style=\"clear: both\" \/>\n\t\t\t<\/div>\n\n<p>&nbsp;<\/p>\n<p>&nbsp;<\/p>\n<p>&nbsp;<\/p>\n<hr \/>\n<p>&nbsp;<\/p>\n<blockquote class=\"wp-embedded-content\" data-secret=\"OuTPWuPcX6\"><p><a href=\"https:\/\/www.radiopiu.net\/wordpress\/aggiornamentonazdic17\/\">CORONAVIRUS: AGGIORNAMENTO NAZIONALE 17 DICEMBRE  2021<\/a><\/p><\/blockquote>\n<p><iframe loading=\"lazy\" class=\"wp-embedded-content\" sandbox=\"allow-scripts\" security=\"restricted\" style=\"position: absolute; clip: rect(1px, 1px, 1px, 1px);\" title=\"&#8220;CORONAVIRUS: AGGIORNAMENTO NAZIONALE 17 DICEMBRE  2021&#8221; &#8212; Radio Pi\u00f9\" src=\"https:\/\/www.radiopiu.net\/wordpress\/aggiornamentonazdic17\/embed\/#?secret=OuTPWuPcX6\" data-secret=\"OuTPWuPcX6\" width=\"600\" height=\"338\" frameborder=\"0\" marginwidth=\"0\" marginheight=\"0\" scrolling=\"no\"><\/iframe><\/p>\n<p>&nbsp;<\/p>\n<blockquote class=\"wp-embedded-content\" data-secret=\"YOlHk1J37x\"><p><a href=\"https:\/\/www.radiopiu.net\/wordpress\/covid1712\/\">57MILA ATTUALMENTE POSITIVI, IL 10% DEL TOTALE DEI CASI DA INIZIO PANDEMIA<\/a><\/p><\/blockquote>\n<p><iframe loading=\"lazy\" class=\"wp-embedded-content\" sandbox=\"allow-scripts\" security=\"restricted\" style=\"position: absolute; clip: rect(1px, 1px, 1px, 1px);\" title=\"&#8220;57MILA ATTUALMENTE POSITIVI, IL 10% DEL TOTALE DEI CASI DA INIZIO PANDEMIA&#8221; &#8212; Radio Pi\u00f9\" src=\"https:\/\/www.radiopiu.net\/wordpress\/covid1712\/embed\/#?secret=YOlHk1J37x\" data-secret=\"YOlHk1J37x\" width=\"600\" height=\"338\" frameborder=\"0\" marginwidth=\"0\" marginheight=\"0\" scrolling=\"no\"><\/iframe><\/p>\n<p>&nbsp;<\/p>\n<h2>I GRAFICI DI TIZIANO DE COL<\/h2>\n<p>&nbsp;<\/p>\n\n\t\t\t<style type='text\/css'>\n\t\t\t\t#gallery-5 {\n\t\t\t\t\tmargin: auto;\n\t\t\t\t}\n\t\t\t\t#gallery-5 .gallery-item {\n\t\t\t\t\tfloat: left;\n\t\t\t\t\tmargin-top: 10px;\n\t\t\t\t\ttext-align: center;\n\t\t\t\t\twidth: 33%;\n\t\t\t\t}\n\t\t\t\t#gallery-5 img {\n\t\t\t\t\tborder: 2px solid #cfcfcf;\n\t\t\t\t}\n\t\t\t\t#gallery-5 .gallery-caption {\n\t\t\t\t\tmargin-left: 0;\n\t\t\t\t}\n\t\t\t\t\/* see gallery_shortcode() in wp-includes\/media.php *\/\n\t\t\t<\/style>\n\t\t<div id='gallery-5' class='dt-gallery-container gallery galleryid-248785 gallery-columns-3 gallery-size-thumbnail'><dl class='gallery-item'>\n\t\t\t\t<dt class='gallery-icon landscape'>\n\t\t\t\t\t<a class=\"rollover rollover-zoom dt-pswp-item\" title=\"b098766f-e4da-4262-a9a7-f860ac1f76a6\" data-dt-img-description=\"\" data-large_image_width=\"600\" data-large_image_height=\"368\"href='https:\/\/www.radiopiu.net\/wordpress\/wp-content\/uploads\/2021\/12\/b098766f-e4da-4262-a9a7-f860ac1f76a6.jpg'><img loading=\"lazy\" decoding=\"async\" width=\"150\" height=\"150\" src=\"https:\/\/www.radiopiu.net\/wordpress\/wp-content\/uploads\/2021\/12\/b098766f-e4da-4262-a9a7-f860ac1f76a6-150x150.jpg\" class=\"attachment-thumbnail size-thumbnail\" alt=\"\" \/><\/a>\n\t\t\t\t<\/dt><\/dl><dl class='gallery-item'>\n\t\t\t\t<dt class='gallery-icon landscape'>\n\t\t\t\t\t<a class=\"rollover rollover-zoom dt-pswp-item\" title=\"79b0126e-107f-4032-bf5c-b4c3dab66f58\" data-dt-img-description=\"\" data-large_image_width=\"606\" data-large_image_height=\"367\"href='https:\/\/www.radiopiu.net\/wordpress\/wp-content\/uploads\/2021\/12\/79b0126e-107f-4032-bf5c-b4c3dab66f58.jpg'><img loading=\"lazy\" decoding=\"async\" width=\"150\" height=\"150\" src=\"https:\/\/www.radiopiu.net\/wordpress\/wp-content\/uploads\/2021\/12\/79b0126e-107f-4032-bf5c-b4c3dab66f58-150x150.jpg\" class=\"attachment-thumbnail size-thumbnail\" alt=\"\" \/><\/a>\n\t\t\t\t<\/dt><\/dl><dl class='gallery-item'>\n\t\t\t\t<dt class='gallery-icon landscape'>\n\t\t\t\t\t<a class=\"rollover rollover-zoom dt-pswp-item\" title=\"9f0e8f4f-db6f-4393-bcec-84e91c6b9de2\" data-dt-img-description=\"\" data-large_image_width=\"602\" data-large_image_height=\"353\"href='https:\/\/www.radiopiu.net\/wordpress\/wp-content\/uploads\/2021\/12\/9f0e8f4f-db6f-4393-bcec-84e91c6b9de2.jpg'><img loading=\"lazy\" decoding=\"async\" width=\"150\" height=\"150\" src=\"https:\/\/www.radiopiu.net\/wordpress\/wp-content\/uploads\/2021\/12\/9f0e8f4f-db6f-4393-bcec-84e91c6b9de2-150x150.jpg\" class=\"attachment-thumbnail size-thumbnail\" alt=\"\" \/><\/a>\n\t\t\t\t<\/dt><\/dl><br style=\"clear: both\" \/><dl class='gallery-item'>\n\t\t\t\t<dt class='gallery-icon landscape'>\n\t\t\t\t\t<a class=\"rollover rollover-zoom dt-pswp-item\" title=\"2fd972b7-5c34-4394-bfb7-bfe8e81b7d8c\" data-dt-img-description=\"\" data-large_image_width=\"612\" data-large_image_height=\"356\"href='https:\/\/www.radiopiu.net\/wordpress\/wp-content\/uploads\/2021\/12\/2fd972b7-5c34-4394-bfb7-bfe8e81b7d8c.jpg'><img loading=\"lazy\" decoding=\"async\" width=\"150\" height=\"150\" src=\"https:\/\/www.radiopiu.net\/wordpress\/wp-content\/uploads\/2021\/12\/2fd972b7-5c34-4394-bfb7-bfe8e81b7d8c-150x150.jpg\" class=\"attachment-thumbnail size-thumbnail\" alt=\"\" \/><\/a>\n\t\t\t\t<\/dt><\/dl><dl class='gallery-item'>\n\t\t\t\t<dt class='gallery-icon landscape'>\n\t\t\t\t\t<a class=\"rollover rollover-zoom dt-pswp-item\" title=\"1c7eb85b-f3f3-4db0-bca1-30ab4a3d2fc2\" data-dt-img-description=\"\" data-large_image_width=\"608\" data-large_image_height=\"357\"href='https:\/\/www.radiopiu.net\/wordpress\/wp-content\/uploads\/2021\/12\/1c7eb85b-f3f3-4db0-bca1-30ab4a3d2fc2.jpg'><img loading=\"lazy\" decoding=\"async\" width=\"150\" height=\"150\" src=\"https:\/\/www.radiopiu.net\/wordpress\/wp-content\/uploads\/2021\/12\/1c7eb85b-f3f3-4db0-bca1-30ab4a3d2fc2-150x150.jpg\" class=\"attachment-thumbnail size-thumbnail\" alt=\"\" \/><\/a>\n\t\t\t\t<\/dt><\/dl>\n\t\t\t\t<br style='clear: both' \/>\n\t\t\t<\/div>\n\n<hr \/>\n<p>&nbsp;<\/p>\n<blockquote>\n<h3><\/h3>\n<h3>UNION LADINS DA FODOM, MANUELA LADURNER CONFERMATA ALLA PRESIDENZA<\/h3>\n<p><strong>DI LORENZO SORATROI<\/strong><\/p><\/blockquote>\n<p><strong><a href=\"https:\/\/www.radiopiu.net\/wordpress\/giornale-radiopiu-18-dicembre-2021-direttore-mirko-mezzacasa\/manuela-ladurner\/\" rel=\"attachment wp-att-248990\"><img loading=\"lazy\" decoding=\"async\" class=\"size-medium wp-image-248990 alignleft\" src=\"https:\/\/www.radiopiu.net\/wordpress\/wp-content\/uploads\/2021\/12\/manuela-ladurner-263x300.jpg\" alt=\"\" width=\"263\" height=\"300\" srcset=\"https:\/\/www.radiopiu.net\/wordpress\/wp-content\/uploads\/2021\/12\/manuela-ladurner-263x300.jpg 263w, https:\/\/www.radiopiu.net\/wordpress\/wp-content\/uploads\/2021\/12\/manuela-ladurner-897x1024.jpg 897w, https:\/\/www.radiopiu.net\/wordpress\/wp-content\/uploads\/2021\/12\/manuela-ladurner-768x877.jpg 768w, https:\/\/www.radiopiu.net\/wordpress\/wp-content\/uploads\/2021\/12\/manuela-ladurner-1346x1536.jpg 1346w, https:\/\/www.radiopiu.net\/wordpress\/wp-content\/uploads\/2021\/12\/manuela-ladurner.jpg 1705w\" sizes=\"auto, (max-width: 263px) 100vw, 263px\" \/><\/a>LIVINALLONGO<\/strong> Il nuovo consiglio uscito dalle ultime elezioni nel corso dell&#8217;assemblea annuale ha riconfermato Manuela Ladurner presidente dell&#8217;Union dei Ladins da Fodom. Oscar Nagler vicepresidente. I nomi dei nuovi consiglieri: Antonietta Crepaz, Emanuel Delmonego, Veronica Delfauro e Lucia Foppa ( referenti per le manifestazioni ), Luigina Dorigo, Emanuela Dorigo, Nives Faber ( tesoriere ), Raffaele Irsara ( rappresentante nella Federazione dei Ladini del Veneto ), Manuela Ladurner, Oscar Nagler, Maristella Palla, Arianna Sief e Samuele De Riva ( segretari ), Lorenzo Soratroi, Raissa Testor, Michela Devich. Consiglio gi\u00e0 al lavoro per programmare gli appuntamenti e le manifestazioni pi\u00f9 importanti che attendono l\u2019Union per il 2022, in particolare quelli in collaborazione con l\u2019Union Generela di Ladins dla Dolomites. Due di questi in programma proprio a Fodom: il D\u00ec de l\u2019Unit\u00e9 Ladina, previsto per il 7 maggio ad Arabba con l\u2019Istitut Cesa de Jan ed il \u201cCi\u00e1nta con nos\u201d, la rassegna dei cori ladini dei bambini ad ottobre. Previsti anche un concorso fotografico, il Ladinia Tour con i gruppi rock ladini, il tradizionale pellegrinaggio a Oies, il Ladinia Day a Brunico e l\u2019Europeada, torneo di calcio tra le minoranze linguistiche, che si terr\u00e0 in Carinzia.<\/p>\n<p>&nbsp;<\/p>\n<p>&nbsp;<\/p>\n<p>&nbsp;<\/p>\n<p>&nbsp;<\/p>\n<hr \/>\n<p>&nbsp;<\/p>\n<blockquote>\n<h3>GIOVEDI&#8217; IL CONSIGLIO COMUNALE DI RIVAMONTE<\/h3>\n<\/blockquote>\n<p><strong>RIVAMONTE<\/strong> Il sindaco Giovanni Deon ha convocato il consiglio comunale a Rivamonte per gioved\u00ec alle 19:30. La convocazione avverr\u00e0 in videoconferenza e saranno 3 i punti all&#8217;ordine del giorno tra cui l&#8217;ottava variazione a bilancio e la revisione ordinaria delle partecipazioni.<\/p>\n<p>&nbsp;<\/p>\n<p>&nbsp;<\/p>\n<hr \/>\n<p>&nbsp;<\/p>\n<blockquote>\n<h3>LA CONFERENZA DEI SINDACI IN ASSEMBLEA<\/h3>\n<\/blockquote>\n<p><strong>BELLUNO<\/strong> Luned\u00ec alle 17.15\u00a0 all&#8217;Ospedale San Martino di Belluno si terr\u00e0 l&#8217;annuale Conferenza dei Sindaci per la trattazione del seguente ordine del giorno:\u00a0 \u00a0Aggiornamento sulla situazione epidemiologica e sull&#8217;Elisoccorso;\u00a0 \u00a0 \u00a0Parere espresso dall&#8217;Esecutivo della conferenza in merito all&#8217;attuazione misura6 del PNRR: Case della Comunit\u00e0 e Ospedali di Comunit\u00e0; \u00a0Presentazione del documento redatto dall&#8217;Esecutivo di richiesta e di proposta alle istituzioni di misure per la tutela della sanit\u00e0 provinciale. Presentazione proposta loghi della Conferenza.<\/p>\n<p>&nbsp;<\/p>\n<p>&nbsp;<\/p>\n<hr \/>\n<p>&nbsp;<\/p>\n<blockquote>\n<h3>CONCORSI NEL FELTRINO<\/h3>\n<\/blockquote>\n<p><strong>FELTRE<\/strong>\u00a0 <span id=\"page3R_mcid8\" class=\"markedContent\"><span dir=\"ltr\" role=\"presentation\">\u00c8<\/span> <span dir=\"ltr\" role=\"presentation\">indetto<\/span> <span dir=\"ltr\" role=\"presentation\">un<\/span> <span dir=\"ltr\" role=\"presentation\">concorso pubblico <\/span> <span dir=\"ltr\" role=\"presentation\">per <\/span> <span dir=\"ltr\" role=\"presentation\">soli esami per\u00a0\u00a0<\/span> <span dir=\"ltr\" role=\"presentation\">l&#8217;assunzione <\/span> <span dir=\"ltr\" role=\"presentation\">a tempo <\/span><span dir=\"ltr\" role=\"presentation\">pieno<\/span> <span dir=\"ltr\" role=\"presentation\">e determinato (3 anni) di un agente di polizia locale <\/span><span dir=\"ltr\" role=\"presentation\">presso il comune di Arsi\u00e8. Altro concorso per due <span id=\"page3R_mcid7\" class=\"markedContent\">istruttori amministrativi\u00a0 presso l\u2019Unione dei Comuni del Basso Feltrino \u2013 Setteville e presso il comune di Pedavena. <\/span><\/span><\/span><span id=\"page3R_mcid9\" class=\"markedContent\"><span dir=\"ltr\" role=\"presentation\">Le <\/span><span dir=\"ltr\" role=\"presentation\">doman<\/span><span dir=\"ltr\" role=\"presentation\">de <\/span><span dir=\"ltr\" role=\"presentation\">di <\/span><span dir=\"ltr\" role=\"presentation\">part<\/span><span dir=\"ltr\" role=\"presentation\">ecipazione <\/span><span dir=\"ltr\" role=\"presentation\">dovranno <\/span><span dir=\"ltr\" role=\"presentation\">essere <\/span><span dir=\"ltr\" role=\"presentation\">presentate <\/span><span dir=\"ltr\" role=\"presentation\">tramite <\/span><span dir=\"ltr\" role=\"presentation\">apposita piatta<\/span><span dir=\"ltr\" role=\"presentation\">fo<\/span><span dir=\"ltr\" role=\"presentation\">rma <\/span><span dir=\"ltr\" role=\"presentation\">del<\/span><span dir=\"ltr\" role=\"presentation\">l&#8217;Unione Montan<\/span><span dir=\"ltr\" role=\"presentation\">a Feltrina entro le 12 del 13 gennaio.\u00a0\u00a0<\/span><\/span><\/p>\n<p>&nbsp;<\/p>\n<p>&nbsp;<\/p>\n<hr \/>\n<blockquote>\n<h3><\/h3>\n<h3>VALPE CONSEGNA GLI ECOCALENDARI 2022 A SEDICO E NELL&#8217;AGORDINO<\/h3>\n<\/blockquote>\n<p><strong>AGORDO-SEDICO<\/strong>\u00a0 In questi giorni i nuovi calendari per l\u2019anno 2022 sono in consegna nelle case di tutti gli utenti di Sedico e dell\u2019Unione Montana Agordina. I nuovi calendari sono disponibili\u00a0 anche nel sito www.valpeambiente.it.<\/p>\n<p>&nbsp;<\/p>\n<p>&nbsp;<\/p>\n<hr \/>\n<p>&nbsp;<\/p>\n<blockquote>\n<h3><\/h3>\n<blockquote class=\"wp-embedded-content\" data-secret=\"mZ6gUoNT1j\"><p><a href=\"https:\/\/www.radiopiu.net\/wordpress\/il-deflusso-ecologico-prospettive-di-applicazione-della-normatia-europea\/\">IL DEFLUSSO ECOLOGICO, PROSPETTIVE DI APPLICAZIONE DELLA NORMATIA EUROPEA<\/a><\/p><\/blockquote>\n<p><iframe loading=\"lazy\" class=\"wp-embedded-content\" sandbox=\"allow-scripts\" security=\"restricted\" style=\"position: absolute; clip: rect(1px, 1px, 1px, 1px);\" title=\"&#8220;IL DEFLUSSO ECOLOGICO, PROSPETTIVE DI APPLICAZIONE DELLA NORMATIA EUROPEA&#8221; &#8212; Radio Pi\u00f9\" src=\"https:\/\/www.radiopiu.net\/wordpress\/il-deflusso-ecologico-prospettive-di-applicazione-della-normatia-europea\/embed\/#?secret=mZ6gUoNT1j\" data-secret=\"mZ6gUoNT1j\" width=\"600\" height=\"338\" frameborder=\"0\" marginwidth=\"0\" marginheight=\"0\" scrolling=\"no\"><\/iframe><\/p>\n<p>&nbsp;<\/p>\n<p>&nbsp;<\/p><\/blockquote>\n<hr \/>\n<blockquote>\n<h3><\/h3>\n<h3>INSIEME SI PU\u00d2 HA UNA NUOVA CASA A PONTE NELLE ALPI<\/h3>\n<\/blockquote>\n<p><strong>BELLUNO<\/strong>\u00a0 Oggi alle 11.15 si terr\u00e0 l\u2019inaugurazione della nuova sede dell\u2019Associazione Gruppi \u201cInsieme si pu\u00f2&#8230;\u201d onlus ONG. La nuova casa dell\u2019Associazione si trova in Piazzetta Bivio n. 4 a Ponte nelle Alpi, sulla rotonda del bivio per il Cadore, dietro la farmacia.<\/p>\n<p>&nbsp;<\/p>\n<p>&nbsp;<\/p>\n<hr \/>\n<p>&nbsp;<\/p>\n<blockquote>\n<h3>NADEL IGNANTER I TABIEI<\/h3>\n<\/blockquote>\n<p><strong>ROCCA PIETORE<\/strong> A Sottoguda a Natale ci saranno i mercatini tra le vie del paese, nei giorni 28 e 29 dicembre dalle 13 alle 19. Martedi 28 alle 16 &#8220;musica, neve e magia&#8221; con il concerto di Sara Stocco (voce) e Nella Hristova (pianoforte)<\/p>\n<p>&nbsp;<\/p>\n<hr \/>\n<blockquote>\n<h3><\/h3>\n<h3>PER RIVA NADAL OBBLIGO DI MASCHERINA<\/h3>\n<\/blockquote>\n<p><strong><a href=\"https:\/\/www.radiopiu.net\/wordpress\/per-riva-nadal-il-sindaco-anticipa-la-zona-gialla-obbligo-di-mascherina\/dsc02051\/\" rel=\"attachment wp-att-248707\"><img loading=\"lazy\" decoding=\"async\" class=\" wp-image-248707 alignleft\" src=\"https:\/\/www.radiopiu.net\/wordpress\/wp-content\/uploads\/2021\/12\/DSC02051-300x225.jpg\" alt=\"\" width=\"199\" height=\"149\" srcset=\"https:\/\/www.radiopiu.net\/wordpress\/wp-content\/uploads\/2021\/12\/DSC02051-300x225.jpg 300w, https:\/\/www.radiopiu.net\/wordpress\/wp-content\/uploads\/2021\/12\/DSC02051-1024x768.jpg 1024w, https:\/\/www.radiopiu.net\/wordpress\/wp-content\/uploads\/2021\/12\/DSC02051-768x576.jpg 768w, https:\/\/www.radiopiu.net\/wordpress\/wp-content\/uploads\/2021\/12\/DSC02051-1536x1152.jpg 1536w, https:\/\/www.radiopiu.net\/wordpress\/wp-content\/uploads\/2021\/12\/DSC02051-2048x1536.jpg 2048w\" sizes=\"auto, (max-width: 199px) 100vw, 199px\" \/><\/a>RIVAMONTE\u00a0 <\/strong>Domani le vie del centro (Canop, Rosson, Villagrande) saranno finalmente di nuovo interessate da un momento di aggregazione, non mancheranno i valligiani n\u00e8 i turisti richiamati dall&#8217;evento Riva Nadal messo in campo, nel rispetto delle norme anti covid, da uomini e donne della Proloco di Rivamonte con la collaborazione di tanti volontari.<em> &#8220;Nelle localit\u00e0\u00a0 &#8211; afferma il sindaco Nino Deon nell&#8217;ordinanza &#8211; potrebbero crearsi situazioni occasionali anche improvvise, in qui il distanziamento interpersonale di almeno un metro potrebbe non essere garantito&#8221;.<\/em> Di qui la decisione di imporre dalle 8 di domenica mattina alle 20 della sera, di indossare la mascherina.<\/p>\n<p>&nbsp;<\/p>\n<blockquote>\n<h3>RIVANADAL: MENO DUE. NELLA GALLERIA LE FOTO DAL 2012<\/h3>\n<\/blockquote>\n<blockquote class=\"wp-embedded-content\" data-secret=\"NMlyVv3umg\"><p><a href=\"https:\/\/www.radiopiu.net\/wordpress\/rivanadal-meno-due-nella-galleria-le-foto-dal-2012\/\">RIVANADAL: MENO DUE. NELLA GALLERIA LE FOTO DAL 2012<\/a><\/p><\/blockquote>\n<p><iframe loading=\"lazy\" class=\"wp-embedded-content\" sandbox=\"allow-scripts\" security=\"restricted\" style=\"position: absolute; clip: rect(1px, 1px, 1px, 1px);\" title=\"&#8220;RIVANADAL: MENO DUE. NELLA GALLERIA LE FOTO DAL 2012&#8221; &#8212; Radio Pi\u00f9\" src=\"https:\/\/www.radiopiu.net\/wordpress\/rivanadal-meno-due-nella-galleria-le-foto-dal-2012\/embed\/#?secret=NMlyVv3umg\" data-secret=\"NMlyVv3umg\" width=\"600\" height=\"338\" frameborder=\"0\" marginwidth=\"0\" marginheight=\"0\" scrolling=\"no\"><\/iframe><\/p>\n<p>&nbsp;<\/p>\n<hr \/>\n<p>&nbsp;<\/p>\n<blockquote>\n<h3>SCUOLE IN RETE PRESENTA LA RICERCA SUL BENESSERE DEGLI STUDENTI<\/h3>\n<\/blockquote>\n<p><strong>BELLUNO<\/strong> Luned\u00ec alle 14:30, presso la Sala Eliseo Dal Pont \u201cBianchi\u201d in viale G. Fantuzzi 11 a Belluno, verra\u0300 presentata la pubblicazione frutto dell\u2019elaborazione del questionario ideato e organizzato dalla Consulta Provinciale degli Studenti di Bellunoin collaborazione con le Scuole in Rete per un Mondo di Solidarieta\u0300 e Pace, l\u2019Associazione Amici delle Scuole in Rete, Antenna Anziani, Associazione Margherita e la ULSS 1 Dolomiti di Belluno.<\/p>\n<p>&nbsp;<\/p>\n<p>&nbsp;<\/p>\n<hr \/>\n<p>&nbsp;<\/p>\n<blockquote>\n<h3>SULLE TRACCE DELLE ANTICHE GENTI PREISTORICHE<\/h3>\n<\/blockquote>\n<p><strong>BELLUNO<\/strong>\u00a0 Si apre oggi alle 20.30 al Palazzo delle Contesse di Mel, il primo degli appuntamenti di approfondimento previsti per la mostra<strong><em>\u201c<\/em><\/strong><strong><em>Tra Preistoria e Medioevo. Ritrovamenti archeologici dal territorio di Mel, Trichiana e Lentiai\u201d<\/em><\/strong>\u00a0 Sabato sar\u00e0 possibile visitare la mostra<\/p>\n<p>&nbsp;<\/p>\n<p>&nbsp;<\/p>\n<hr \/>\n<p>&nbsp;<\/p>\n<p>&nbsp;<\/p>\n<blockquote>\n<h3>MUSICA E POESIA CON L&#8217;ISTITUTO SUPERIORE DI SCIENZE RELIGIOSE<\/h3>\n<\/blockquote>\n<p><strong>BELLUNO<\/strong>\u00a0L\u2019Istituto Superiore di Scienze Religiose \u201cGiovanni Paolo I\u201d, istituzione accademica ecclesiastica collegata alla Facolt\u00e0 Teologica del Triveneto, offre a tutti, non solo a docenti, studenti e personale, la possibilit\u00e0 di vivere un momento di spiritualit\u00e0 in preparazione al Natale,\u00a0 gioved\u00ec 23 dicembre alle\u00a0 18 nella\u00a0 chiesa di San Pietro a Belluno. Il programma prevede una riflessione sul Natale tramite parole e musica: le parole sono quelle di Antonio Chiades, giornalista, scrittore e poeta, che vive tra Pieve di Cadore e Treviso; l\u2019esecuzione musicale \u00e8 invece affidata al musicista e compositore bellunese Carlo De Battista. Sono previsti inoltre una lettura biblica e l\u2019intervento dei rispettivi vescovi, Michele Tomasi, vescovo di Treviso, e Renato Marangoni, vescovo di Belluno-Feltre. L\u2019evento bellunese \u00e8 organizzato in collaborazione con la Biblioteca Gregoriana del Seminario di Belluno. \u00c8 obbligatorio il Green Pass.<\/p>\n<p>&nbsp;<\/p>\n<p>&nbsp;<\/p>\n<hr \/>\n<blockquote>\n<h3><\/h3>\n<h3>IL NATALE SOLIDALE, PROTAGONISTI I BAMBINI<\/h3>\n<\/blockquote>\n<p><strong>FELTRE<\/strong> Nell&#8217;ambito del \u201cNatale a Feltre 2021\u201d, l\u2019Amministrazione promuove un&#8217;iniziativa solidale, allestendo uno spazio natalizio per i bambini all&#8217;interno della Bimboteca di via Mezzaterra 5. Qui i bambini di Feltre troveranno, nel pomeriggio di oggi \u2013 dalle 15 alle 18<\/p>\n<p>&nbsp;<\/p>\n<p>&nbsp;<\/p>\n<hr \/>\n<blockquote>\n<h3><\/h3>\n<h3>CINEMA, PASSIONI E PROFESSIONI<\/h3>\n<\/blockquote>\n<p><strong>CENCENIGHE<\/strong> Oggi alle 17 in \u00a0sala conferenze del Municipio proiezione di cortometraggi di animazione a cura di Lago Film Fest.\u00a0 Piccoli film per bambine e bambini che ci raccontano professioni bizzarre, ma necessarie, e le occupazioni semplici e divertenti che colorano la vita e la rendono speciale. Ingresso gratuito, iscrizione obbligatoria.<\/p>\n<p>&nbsp;<\/p>\n<p>&nbsp;<\/p>\n<hr \/>\n<p>&nbsp;<\/p>\n<p>&nbsp;<\/p>\n<blockquote>\n<h3><a href=\"https:\/\/www.radiopiu.net\/wordpress\/giornale-radiopiu-18-dicembre-2021-direttore-mirko-mezzacasa\/dipinti_valerio_giora\/\" rel=\"attachment wp-att-248856\"><img loading=\"lazy\" decoding=\"async\" class=\"size-medium wp-image-248856 alignleft\" src=\"https:\/\/www.radiopiu.net\/wordpress\/wp-content\/uploads\/2021\/12\/Dipinti_Valerio_Giora-300x141.jpg\" alt=\"\" width=\"300\" height=\"141\" srcset=\"https:\/\/www.radiopiu.net\/wordpress\/wp-content\/uploads\/2021\/12\/Dipinti_Valerio_Giora-300x141.jpg 300w, https:\/\/www.radiopiu.net\/wordpress\/wp-content\/uploads\/2021\/12\/Dipinti_Valerio_Giora-1024x480.jpg 1024w, https:\/\/www.radiopiu.net\/wordpress\/wp-content\/uploads\/2021\/12\/Dipinti_Valerio_Giora-768x360.jpg 768w, https:\/\/www.radiopiu.net\/wordpress\/wp-content\/uploads\/2021\/12\/Dipinti_Valerio_Giora-1536x719.jpg 1536w, https:\/\/www.radiopiu.net\/wordpress\/wp-content\/uploads\/2021\/12\/Dipinti_Valerio_Giora.jpg 1646w\" sizes=\"auto, (max-width: 300px) 100vw, 300px\" \/><\/a>PER LE SCUOLE DEL TERRITORIO IL RICAVATO DELLA MOSTRA PITTORICA<\/h3>\n<\/blockquote>\n<p><strong>PONTE NELLE ALPI\u00a0<\/strong> In occasione dell\u2019anniversario della fondazione di Venezia, e per raccontare il forte legame storico tra la Repubblica di San Marco e il territorio bellunese, l\u2019artista Valerio Giora ha dato vita a una mostra pittorica.<span class=\"gmail-Apple-converted-space\"> \u00a0<\/span>Mostra che trova posto nella sala consiliare del municipio a Cadola. E ha una particolarit\u00e0 di non poco conto: l\u2019intero ricavato dell\u2019esposizione verr\u00e0 devoluto all\u2019Istituto comprensivo di Ponte nelle Alpi e servir\u00e0 ad alimentare progetti di educazione all\u2019arte e alla legalit\u00e0.<span class=\"gmail-Apple-converted-space\"> \u00a0<\/span>Giora, \u00e8 un pittore nato a Venezia, dove ha frequentato l\u2019Accademia di Belle arti. E proprio la citt\u00e0 lagunare \u00e8 il soggetto prevalente della sua ricerca, tra nebbia e acqua, muri e finestre, angoli e palazzi. Ma, secondo la sua filosofia artistica, il quadro diventa anche un pretesto per indurre l\u2019acquirente a un atto di solidariet\u00e0 verso scuole e organizzazioni che operano in ambito sociale e culturale. Come nel caso dell\u2019Istituto comprensivo.<span class=\"gmail-Apple-converted-space\"> \u00a0<\/span>Un atto di grande generosit\u00e0, quindi per il quale l\u2019amministrazione comunale ringrazia profondamente l\u2019artista.<span class=\"gmail-Apple-converted-space\">\u00a0<\/span><\/p>\n<p>&nbsp;<\/p>\n<p>&nbsp;<\/p>\n<hr \/>\n<p>&nbsp;<\/p>\n<h3><span style=\"color: #0000ff;\">INFORMAZIONE il canale su TELEGRAM informazione di prima mano e in tempo reale. iscriviti ed aiutaci a farlo conoscere\u00a0 \u00a0<\/span><\/h3>\n<p>&nbsp;<\/p>\n<hr \/>\n<p>&nbsp;<\/p>\n<blockquote>\n<h3>IL CONCERTO DEL 26 DICEMBRE DALL&#8217;ARCIDIACONALE DI AGORDO SARA&#8217; TRASMESSO IN DIRETTA SULLE FREQUENZE DI RADIO PIU&#8217;, POTRA&#8217; ESSERE VISTO IN STREAMING SUL SITO INTERNET RADIOPIU.NET O SULLE PAGINE FACEBOOK RADIOPIU, RADIOPIU EMITTENTE AGORDINA, SEI DI AGORDO SE&#8230;<\/h3>\n<p><a href=\"https:\/\/www.radiopiu.net\/wordpress\/giornale-radiopiu-10-dicembre-2021-direttore-mirko-mezzacasa\/7e4dcf0d-ae61-466b-9ba6-59f1c81d4b00\/\" rel=\"attachment wp-att-247533\"><img loading=\"lazy\" decoding=\"async\" class=\"wp-image-247533 aligncenter\" src=\"https:\/\/www.radiopiu.net\/wordpress\/wp-content\/uploads\/2021\/12\/7e4dcf0d-ae61-466b-9ba6-59f1c81d4b00.jpg\" alt=\"\" width=\"257\" height=\"365\" srcset=\"https:\/\/www.radiopiu.net\/wordpress\/wp-content\/uploads\/2021\/12\/7e4dcf0d-ae61-466b-9ba6-59f1c81d4b00.jpg 722w, https:\/\/www.radiopiu.net\/wordpress\/wp-content\/uploads\/2021\/12\/7e4dcf0d-ae61-466b-9ba6-59f1c81d4b00-212x300.jpg 212w\" sizes=\"auto, (max-width: 257px) 100vw, 257px\" \/><\/a><\/p><\/blockquote>\n<p>&nbsp;<\/p>\n<hr \/>\n<p>&nbsp;<\/p>\n<blockquote>\n<h3>APERTURA INVERNALE DEL CASTELLO DI ANDRAZ<\/h3>\n<\/blockquote>\n<p><strong>LIVINALLONGO <\/strong>Normalmente d\u2019inverno il Castello di Andraz rimane chiuso al pubblico a causa delle grandi quantit\u00e0 di neve che interessano l\u2019area. Quest\u2019anno invece il meteo \u00e8 favorevole e quindi, solo per pochi giorni e per poche ore, il castello aprir\u00e0. Le visite (guidate e su prenotazione ma non particolarmente specialistiche e quindi accessibili a tutti) si concentreranno in particolare sulla figura di Nicol\u00f2 Cusano, vissuto al castello attorno alla met\u00e0 del XV secolo, che proprio qui ha compiuto studi in campo astronomico di notevole rilevanza. \u00c8 infatti in funzione gi\u00e0 da qualche settimana il foro utilizzato per gli studi sul solstizio d\u2019inverno: un\u2019occasione imperdibile. Le aperture straordinarie avverrano il 19, 22, 26 e 29 dicembre dalle 13 alle 15. Per prenotare la visita guidata 334 3346680. Informazioni su www.castellodiandraz.it<\/p>\n<p>&nbsp;<\/p>\n<p>&nbsp;<\/p>\n<hr \/>\n<p>&nbsp;<\/p>\n<blockquote>\n<h3>ANSELMO IL MUSHER IN SALA DON TAMIS CON LA SEZIONE AGORDINA DEL CLUB ALPINO ITALIANO<\/h3>\n<\/blockquote>\n<blockquote>\n<h1><strong><a href=\"https:\/\/www.radiopiu.net\/wordpress\/giornale-radiopiu-15-dicembre-2021-direttore-mirko-mezzacasa\/87fd1f2a-5681-2d15-ae05-24f47794bae5\/\" rel=\"attachment wp-att-248428\"><img loading=\"lazy\" decoding=\"async\" class=\" wp-image-248428 alignleft\" src=\"https:\/\/www.radiopiu.net\/wordpress\/wp-content\/uploads\/2021\/12\/87fd1f2a-5681-2d15-ae05-24f47794bae5-230x300.jpg\" alt=\"\" width=\"147\" height=\"192\" srcset=\"https:\/\/www.radiopiu.net\/wordpress\/wp-content\/uploads\/2021\/12\/87fd1f2a-5681-2d15-ae05-24f47794bae5-230x300.jpg 230w, https:\/\/www.radiopiu.net\/wordpress\/wp-content\/uploads\/2021\/12\/87fd1f2a-5681-2d15-ae05-24f47794bae5-785x1024.jpg 785w, https:\/\/www.radiopiu.net\/wordpress\/wp-content\/uploads\/2021\/12\/87fd1f2a-5681-2d15-ae05-24f47794bae5-768x1001.jpg 768w, https:\/\/www.radiopiu.net\/wordpress\/wp-content\/uploads\/2021\/12\/87fd1f2a-5681-2d15-ae05-24f47794bae5.jpg 1080w\" sizes=\"auto, (max-width: 147px) 100vw, 147px\" \/><\/a><br \/>\n<\/strong><\/h1>\n<\/blockquote>\n<p><span style=\"color: #000000;\"><strong>AGORDO<\/strong> Tutti lo conoscono come esperto mondiale di neve e valanghe ma forse non tutti sanno che <strong>Anselmo Cagnati<\/strong>, agordino di Falcade,\u00a0\u00e8 anche un Musher ovvero un conduttore delle\u00a0slitte\u00a0trainate\u00a0da una muta di cani. La Sezione Agordina \u00e8 orgogliosa di proporre una serata in cui Anselmo presenta un film\u00a0che racconta, assieme a Luca Fontana, le\u00a0avventure nel grande nord scivolando sulle bianche distese a bordo delle loro slitte. Vi aspettiamo numerosi (e rigorosamente muniti di supergreenpass e mascherina) <strong>STASERA<\/strong> alle <strong>ore 20.30<\/strong> presso la <strong>Sala Don F.\u00a0Tamis ad Agordo.<\/strong><\/span><\/p>\n<p>&nbsp;<\/p>\n<p>&nbsp;<\/p>\n<p>&nbsp;<\/p>\n<hr \/>\n<p>&nbsp;<\/p>\n<blockquote>\n<h3>A FELTRE L&#8217;ULTIMA DOMENICA CON IL MERCATINO DELL&#8217;ANTIQUARIATO E USATO<\/h3>\n<\/blockquote>\n<p><strong>FELTRE <\/strong>Domani ultima edizione del 2021 del Mercatino dell&#8217;antiquariato e dell&#8217;usato, che per l&#8217;occasione sar\u00e0 aperto anche ad artigianato e prodotti del proprio ingegno, insomma tutto quello che pu\u00f2 rappresentare un regalo di Natale. Un motivo in pi\u00f9 per visitare il Centro storico, le bancarelle, visitare i Musei di Feltre e ristorarsi nelle sue Osterie.<\/p>\n<p>&nbsp;<\/p>\n<p>&nbsp;<\/p>\n<p>&nbsp;<\/p>\n<hr \/>\n<p>&nbsp;<\/p>\n<p>&nbsp;<\/p>\n<blockquote class=\"wp-embedded-content\" data-secret=\"69nYxv7Rvq\"><p><a href=\"https:\/\/www.radiopiu.net\/wordpress\/zeloa\/\">MONTE CELO (ZELO) ED ALPENFESTUNG  ARTICOLO COMPLETO IN TRE PARTI<\/a><\/p><\/blockquote>\n<p><iframe loading=\"lazy\" class=\"wp-embedded-content\" sandbox=\"allow-scripts\" security=\"restricted\" style=\"position: absolute; clip: rect(1px, 1px, 1px, 1px);\" title=\"&#8220;MONTE CELO (ZELO) ED ALPENFESTUNG  ARTICOLO COMPLETO IN TRE PARTI&#8221; &#8212; Radio Pi\u00f9\" src=\"https:\/\/www.radiopiu.net\/wordpress\/zeloa\/embed\/#?secret=69nYxv7Rvq\" data-secret=\"69nYxv7Rvq\" width=\"600\" height=\"338\" frameborder=\"0\" marginwidth=\"0\" marginheight=\"0\" scrolling=\"no\"><\/iframe><\/p>\n<p>&nbsp;<\/p>\n<hr \/>\n<p>&nbsp;<\/p>\n<p>&nbsp;<\/p>\n<blockquote>\n<h2>IL POPOLAMENTO UMANO DEL BELLUNESE: COS\u00cc NELL\u2019ET\u00c0 DEL BRONZO E PRIMISSIMA DEL FERRO<\/h2>\n<p>&nbsp;<\/p><\/blockquote>\n<p><strong>di\u00a0 RENATO BONA<\/strong><\/p>\n<p>Nel libro-catalogo intitolato \u201cImmagini dal tempo. 40.000 anni di storia nella Provincia di Belluno\u201d, edito dal Comune in occasione della rassegna e convegno sul tema a Palazzo Crepadona, dal 28 agosto al 26 ottobre 1992, stampa Grafiche Antiga di Cornuda, Treviso, gli autori. Alberto Broglio, Carlo Mondini, Aldo Vllabruna, Antonio Guerreschi, Elodia Bianchin Citton e Simonetta Bononi &#8211; come ben sottolineava in presentazione l\u2019allora sindaco bellunese Gianclaudio Bressa &#8211; \u201ccon carattere didattico e di rigore scientifico, presentano, illustrano, interpretano i luoghi in cui l\u2019uomo \u00e8 vissuto, gli oggetti che ha creato, le esperienze di attivit\u00e0, di lavoro, di rapporti sociali, di credenze che, dal passato pi\u00f9 remoto hanno preparato il mondo di oggi\u201d. Oggi rileggiamo, e sintetizziamo per chi ci segue su Internet, il capitolo intitolato \u201cL\u2019et\u00e0 del bronzo e la primissima et\u00e0 del ferro\u201d del servizio nel quale Elodia Bianchin Citton illustra \u201cIl popolamento umano del Bellunese dal neolitico alla prima et\u00e0 del ferro\u201d ed esordisce scrivendo che: \u201cL\u2019et\u00e0 del bronzo e i primi secoli dell\u2019et\u00e0 del ferro (XVIII-IX secoli a.C.) sono documentati nel Bellunese da diversi manufatti sporadici rinvenuti in circostanze non sempre note tra la fine dell\u2019Ottocento e la prima met\u00e0 del Novecento, nonch\u00e9 da materiali ceramici recuperati in superficie a seguito di lavori agricoli o in giacitura secondaria per fenomeni di degrado naturale dei siti\u201d. Precisa quindi che \u201cfatta eccezione per alcuni accertamenti stratigrafici effettuati sul colle di S. Anna di Pedecastello di Castion di Belluno (Bianchin Citton, Rigoni 1980) a Ponte nelle Alpi localit\u00e0 Le Andreane (Bianchin Citton, Michelini 1988), mancano allo stato attuale estese indagini di scavo in siti dell\u2019et\u00e0 del bronzo e dei primi secoli dell\u2019et\u00e0 del ferro del Bellunese\u201d. La pi\u00f9 antica testimonianza di manufatti in bronzo, cio\u00e8 lega di rame e stagno, \u00e8 una piccola ascia \u201ca margini rilevati, corpo piatto e taglio molto espanso, proveniente da Paiane in Val Belluna\u201d, un tipo molto diffuso sia a sud che a nord delle Alpi a partire da una fase avanzata dell\u2019antica et\u00e0 del bronzo (XVIII-XVI secolo a. C.). Secondo la Bianchin Citton \u201cun confronto particolarmente significativo \u00e8 stato riscontrato con un esemplare rinvenuto nella palafitta di Fiav\u00e9-Carrera in Trentino (Perini 1987)\u201d. Ad una fase d transizione dall\u2019et\u00e0 del bronzo medio a quella del bronzo recente \u00e8 datata l\u2019ascia, pure sporadica, da Cesio Maggiore, sulla destra orografica del Piave: l\u2019esemplare \u00e8 integro, presenta margini quasi paralleli, alette mediane poco sviluppate, lama a taglio poco espanso e trova precisi confronti con esemplari pure sporadici da Crocetta del Montello e Colfosco nel Trevigiano (Bianchin Citton 1989). E\u2019 un tipo d\u2019ascia largamente diffuso anche nell\u2019area nord-alpina, ed assimilabile al tipo Greiner Strudel, molto presente nel sud della Baviera, nell\u2019alta Austria e nel Salisburghese (Mayer 1977). Eccoci all\u2019et\u00e0 del bronzo recente (XIII secolo a.C.) cui si data l\u2019esemplare ad alette mediane decorate da sottili incisioni, tallone distinto, lama molto sviluppata e taglio arcuato da Sospirolo in Val Falcina, diffuso soprattutto nell\u2019Italia settentrionale e sul versante adriatico della Penisola (Carancini 1979). Ad un arco cronologico pi\u00f9 ampio, dall\u2019et\u00e0 del bronzo recente a quella del bronzo finale (XII-X a.C.) si datano invece due punte di lancia con innesto a cannone e lama a foglia di lauro con provenienza generica dal Bellunese l\u2019una, da Salce l\u2019altra. Per l\u2019autrice \u201csi tratta di manufatti che testimoniano come la frequentazione del Bellunese non si sia mai interrotta dai tempi tardo-neolitici a tutta l\u2019et\u00e0 del bronzo. Le asce sono da mettere in relazione con le attivit\u00e0 di carpenteria del villaggio, nonch\u00e9 con l\u2019esigenza di deforestare zone sempre pi\u00f9 ampie per acquisire nuovi spazi da adibire al pascolo e alle colture agricole\u201d. E veniamo alla documentazione archeologica \u201ccostituita da industria litica, principalmente elementi di falcetto e punte di freccia nonch\u00e9 da frammenti ceramici riconducibili prevalentemente a grandi contenitori di uso domestico, d\u2019impasto poco depurato di colore prevalentemente rosso-aranciato per effetto di una cottura in ambiente ossidante\u201d. Si segnalano fra i reperti di recente acquisizione quelli rinvenuti nell\u2019abitato di Noal di Sedico: scodelloni-dolio semplici o decorati da cordoni digitati; grandi olle con decorazione a cordoni digitati ad andamento orizzontale o curvilineo. Interessanti anche frammenti ceramici recuperati nell\u2019insediamento di San Pietro in Tuba, riconducibili a grandi scodelloni con orlo semplice o ispessito, con decorazione plastica a cordoni; a un grande dolio con complessa decorazione a cordoni verticali e di un\u2019olla con orlo a tesa. Per Elodia Bianchin Citton \u201csi tratta di insediamenti permanenti, alcuni dei quali fortificati, ubicati per lo pi\u00f9 in posizione panoramica di controllo della Val Belluna e quindi di un\u2019importante direttrice di collegamento del Veneto nord-orientale con l\u2019area nord-alpina\u201d. Verosimilmente la Val Belluna \u00e8 stata colonizzata da gruppi di popolazione gi\u00e0 inseriti nella pianura e nella fascia collinare tra il Brenta ed il Piave. Si legge quindi che \u201cAlcuni dei siti dell\u2019et\u00e0 del bronzo medio-recente individuati in Val Belluna sembrano persistere anche nell\u2019et\u00e0 del bronzo finale, prossima all\u2019et\u00e0 del ferro. Indizi in tal senso vengono dal sito Le Andreane (Bianchin Citton-Michelini 1988) e da San Pietro in Tuba nel cui ambito sono stati recuperati oltre a materiali dell\u2019et\u00e0 del bronzo recente, un frammento di scodella ad orlo rientrante ed un piccolo vaso biconico d\u2019impasto fine e superfici lisciate di colore nero, decorato sulla carena da solcature orizzontali e da un motivo elicoidale, vasi \u201criferibili entrambi ad aspetti culturali del tipo protovillanoviano dell\u2019et\u00e0 del bronzo finale (XI-X secolo a.C.)\u201d. Richiamiamo il fatto che \u201cai secoli di transizione dall\u2019et\u00e0 del bronzo finale alla prima et\u00e0 del ferro si data pure un ripostiglio di bronzi di eccezionale fattura e conservazione, rinvenuti in un anfratto roccioso del Monte Talvena nella prima met\u00e0 del Novecento, costituito da due asce ad alette e robusta lama a margini lievemente concavi; da uno scalpello con immanicatura a cannone, desinente in un robusto anello e decorata da cordoni rilevati ad andamento parallelo ottenuti a fusione, lama a sezione quadrangolare e taglio lievemente espanso e affilato; da due cunei\u2026 decorati alla stessa stregua dello scalpello, robuste lame a foglia dl lauro. Le asce sono riconducibili (Carancini 1984) ad una foggia largamente diffusa nei contesti della prima et\u00e0 del ferro dell\u2019Italia settentrionale, mentre i coni e lo scalpello \u201ctrovano confronto nei ripostigli dei secoli di transizione dall\u2019et\u00e0 del bronzo finale alla prima et\u00e0 del ferro delle zone metallifere dell\u2019Etruria e in ambiente transalpino in Austria e Slovenia\u201d. E concludiamo citando ancora la Bianchin Citton: \u201cPur in assenza, allo stato attuale, di documentazione diretta di attivit\u00e0 estrattive e fusorie di et\u00e0 preistorica, non va ignorata la lunga tradizione mineraria di molte zone prealpine ed alpine del Bellunese, attestate oltre che da numerosi toponimi, dallo sfruttamento di numerosi giacimenti ancora per gran parte del nostro secolo\u201d.<\/p>\n\n\t\t\t<style type='text\/css'>\n\t\t\t\t#gallery-6 {\n\t\t\t\t\tmargin: auto;\n\t\t\t\t}\n\t\t\t\t#gallery-6 .gallery-item {\n\t\t\t\t\tfloat: left;\n\t\t\t\t\tmargin-top: 10px;\n\t\t\t\t\ttext-align: center;\n\t\t\t\t\twidth: 20%;\n\t\t\t\t}\n\t\t\t\t#gallery-6 img {\n\t\t\t\t\tborder: 2px solid #cfcfcf;\n\t\t\t\t}\n\t\t\t\t#gallery-6 .gallery-caption {\n\t\t\t\t\tmargin-left: 0;\n\t\t\t\t}\n\t\t\t\t\/* see gallery_shortcode() in wp-includes\/media.php *\/\n\t\t\t<\/style>\n\t\t<div id='gallery-6' class='dt-gallery-container gallery galleryid-248785 gallery-columns-5 gallery-size-thumbnail'><dl class='gallery-item'>\n\t\t\t\t<dt class='gallery-icon landscape'>\n\t\t\t\t\t<a class=\"rollover rollover-zoom dt-pswp-item\" title=\"266475806_318256763488553_2543596542007059157_n\" data-dt-img-description=\"\" data-large_image_width=\"261\" data-large_image_height=\"200\"href='https:\/\/www.radiopiu.net\/wordpress\/wp-content\/uploads\/2021\/12\/266475806_318256763488553_2543596542007059157_n.jpg'><img loading=\"lazy\" decoding=\"async\" width=\"150\" height=\"150\" src=\"https:\/\/www.radiopiu.net\/wordpress\/wp-content\/uploads\/2021\/12\/266475806_318256763488553_2543596542007059157_n-150x150.jpg\" class=\"attachment-thumbnail size-thumbnail\" alt=\"\" \/><\/a>\n\t\t\t\t<\/dt><\/dl><dl class='gallery-item'>\n\t\t\t\t<dt class='gallery-icon landscape'>\n\t\t\t\t\t<a class=\"rollover rollover-zoom dt-pswp-item\" title=\"266583020_498686071448315_2746990365296072199_n\" data-dt-img-description=\"\" data-large_image_width=\"218\" data-large_image_height=\"206\"href='https:\/\/www.radiopiu.net\/wordpress\/wp-content\/uploads\/2021\/12\/266583020_498686071448315_2746990365296072199_n.jpg'><img loading=\"lazy\" decoding=\"async\" width=\"150\" height=\"150\" src=\"https:\/\/www.radiopiu.net\/wordpress\/wp-content\/uploads\/2021\/12\/266583020_498686071448315_2746990365296072199_n-150x150.jpg\" class=\"attachment-thumbnail size-thumbnail\" alt=\"\" \/><\/a>\n\t\t\t\t<\/dt><\/dl><dl class='gallery-item'>\n\t\t\t\t<dt class='gallery-icon landscape'>\n\t\t\t\t\t<a class=\"rollover rollover-zoom dt-pswp-item\" title=\"264045034_500193954562104_1459572162042036119_n\" data-dt-img-description=\"\" data-large_image_width=\"350\" data-large_image_height=\"203\"href='https:\/\/www.radiopiu.net\/wordpress\/wp-content\/uploads\/2021\/12\/264045034_500193954562104_1459572162042036119_n.jpg'><img loading=\"lazy\" decoding=\"async\" width=\"150\" height=\"150\" src=\"https:\/\/www.radiopiu.net\/wordpress\/wp-content\/uploads\/2021\/12\/264045034_500193954562104_1459572162042036119_n-150x150.jpg\" class=\"attachment-thumbnail size-thumbnail\" alt=\"\" \/><\/a>\n\t\t\t\t<\/dt><\/dl><dl class='gallery-item'>\n\t\t\t\t<dt class='gallery-icon portrait'>\n\t\t\t\t\t<a class=\"rollover rollover-zoom dt-pswp-item\" title=\"266316571_346541663961940_1277503086956392510_n\" data-dt-img-description=\"\" data-large_image_width=\"153\" data-large_image_height=\"315\"href='https:\/\/www.radiopiu.net\/wordpress\/wp-content\/uploads\/2021\/12\/266316571_346541663961940_1277503086956392510_n.jpg'><img loading=\"lazy\" decoding=\"async\" width=\"150\" height=\"150\" src=\"https:\/\/www.radiopiu.net\/wordpress\/wp-content\/uploads\/2021\/12\/266316571_346541663961940_1277503086956392510_n-150x150.jpg\" class=\"attachment-thumbnail size-thumbnail\" alt=\"\" \/><\/a>\n\t\t\t\t<\/dt><\/dl><dl class='gallery-item'>\n\t\t\t\t<dt class='gallery-icon portrait'>\n\t\t\t\t\t<a class=\"rollover rollover-zoom dt-pswp-item\" title=\"265788254_613584456640312_4357978711590255224_n\" data-dt-img-description=\"\" data-large_image_width=\"180\" data-large_image_height=\"202\"href='https:\/\/www.radiopiu.net\/wordpress\/wp-content\/uploads\/2021\/12\/265788254_613584456640312_4357978711590255224_n.jpg'><img loading=\"lazy\" decoding=\"async\" width=\"150\" height=\"150\" src=\"https:\/\/www.radiopiu.net\/wordpress\/wp-content\/uploads\/2021\/12\/265788254_613584456640312_4357978711590255224_n-150x150.jpg\" class=\"attachment-thumbnail size-thumbnail\" alt=\"\" \/><\/a>\n\t\t\t\t<\/dt><\/dl><br style=\"clear: both\" \/><dl class='gallery-item'>\n\t\t\t\t<dt class='gallery-icon landscape'>\n\t\t\t\t\t<a class=\"rollover rollover-zoom dt-pswp-item\" title=\"267299433_975321273330274_980916023606446741_n\" data-dt-img-description=\"\" data-large_image_width=\"307\" data-large_image_height=\"206\"href='https:\/\/www.radiopiu.net\/wordpress\/wp-content\/uploads\/2021\/12\/267299433_975321273330274_980916023606446741_n.jpg'><img loading=\"lazy\" decoding=\"async\" width=\"150\" height=\"150\" src=\"https:\/\/www.radiopiu.net\/wordpress\/wp-content\/uploads\/2021\/12\/267299433_975321273330274_980916023606446741_n-150x150.jpg\" class=\"attachment-thumbnail size-thumbnail\" alt=\"\" \/><\/a>\n\t\t\t\t<\/dt><\/dl><dl class='gallery-item'>\n\t\t\t\t<dt class='gallery-icon landscape'>\n\t\t\t\t\t<a class=\"rollover rollover-zoom dt-pswp-item\" title=\"264022187_1283602108780782_3574213000487155266_n\" data-dt-img-description=\"\" data-large_image_width=\"898\" data-large_image_height=\"206\"href='https:\/\/www.radiopiu.net\/wordpress\/wp-content\/uploads\/2021\/12\/264022187_1283602108780782_3574213000487155266_n.jpg'><img loading=\"lazy\" decoding=\"async\" width=\"150\" height=\"150\" src=\"https:\/\/www.radiopiu.net\/wordpress\/wp-content\/uploads\/2021\/12\/264022187_1283602108780782_3574213000487155266_n-150x150.jpg\" class=\"attachment-thumbnail size-thumbnail\" alt=\"\" \/><\/a>\n\t\t\t\t<\/dt><\/dl><dl class='gallery-item'>\n\t\t\t\t<dt class='gallery-icon portrait'>\n\t\t\t\t\t<a class=\"rollover rollover-zoom dt-pswp-item\" title=\"263926484_633066474601349_696083213967725956_n\" data-dt-img-description=\"\" data-large_image_width=\"160\" data-large_image_height=\"204\"href='https:\/\/www.radiopiu.net\/wordpress\/wp-content\/uploads\/2021\/12\/263926484_633066474601349_696083213967725956_n.jpg'><img loading=\"lazy\" decoding=\"async\" width=\"150\" height=\"150\" src=\"https:\/\/www.radiopiu.net\/wordpress\/wp-content\/uploads\/2021\/12\/263926484_633066474601349_696083213967725956_n-150x150.jpg\" class=\"attachment-thumbnail size-thumbnail\" alt=\"\" \/><\/a>\n\t\t\t\t<\/dt><\/dl><dl class='gallery-item'>\n\t\t\t\t<dt class='gallery-icon portrait'>\n\t\t\t\t\t<a class=\"rollover rollover-zoom dt-pswp-item\" title=\"264130646_635040391095881_7823503310389662738_n\" data-dt-img-description=\"\" data-large_image_width=\"160\" data-large_image_height=\"349\"href='https:\/\/www.radiopiu.net\/wordpress\/wp-content\/uploads\/2021\/12\/264130646_635040391095881_7823503310389662738_n.jpg'><img loading=\"lazy\" decoding=\"async\" width=\"150\" height=\"150\" src=\"https:\/\/www.radiopiu.net\/wordpress\/wp-content\/uploads\/2021\/12\/264130646_635040391095881_7823503310389662738_n-150x150.jpg\" class=\"attachment-thumbnail size-thumbnail\" alt=\"\" \/><\/a>\n\t\t\t\t<\/dt><\/dl><dl class='gallery-item'>\n\t\t\t\t<dt class='gallery-icon landscape'>\n\t\t\t\t\t<a class=\"rollover rollover-zoom dt-pswp-item\" title=\"264004808_662246568488090_7412925049311641836_n\" data-dt-img-description=\"\" data-large_image_width=\"227\" data-large_image_height=\"206\"href='https:\/\/www.radiopiu.net\/wordpress\/wp-content\/uploads\/2021\/12\/264004808_662246568488090_7412925049311641836_n.jpg'><img loading=\"lazy\" decoding=\"async\" width=\"150\" height=\"150\" src=\"https:\/\/www.radiopiu.net\/wordpress\/wp-content\/uploads\/2021\/12\/264004808_662246568488090_7412925049311641836_n-150x150.jpg\" class=\"attachment-thumbnail size-thumbnail\" alt=\"\" \/><\/a>\n\t\t\t\t<\/dt><\/dl><br style=\"clear: both\" \/>\n\t\t\t<\/div>\n\n<p>&nbsp;<\/p>\n<p>NELLE FOTO (riproduzioni dal libro \u201cImmagini del tempo. 40.000 anni di storia nella Provincia di Belluno\u201d): l\u2019immagine riprodotta nella copertina del libro-catalogo; ascia in bronzo rinvenuta a Paiane di Ponte nelle Alpi; e quella di Cesio Maggiore; ancora un\u2019ascia, quella recuperata in Val Falcina, Sospirolo; Salce: punta di lancia in bronzo con innesto a cannone; Ponte nelle Alpi localit\u00e0 Le Andreane: parti di grandi macine a sella in porfido; Monte Talvena: strumenti in bronzo; Noal di Sedico: scodelloni, olle semplici o con decorazioni; San Pietro in Tuba:scodellini, parete di grande dolio decorato da cordoni verticali, olla con orlo a tesa.<\/p>\n<p>&nbsp;<\/p>\n<p>&nbsp;<\/p>\n<hr \/>\n<p>&nbsp;<\/p>\n<h2><span style=\"color: #ff0000;\">IERI ALLA RADIO<\/span><\/h2>\n<blockquote>\n<h3>CASSA SOLIDARIETA&#8217; AZIENDALE LUXOTTICA<\/h3>\n<h3><a class=\"dt-pswp-item\" href=\"https:\/\/www.radiopiu.net\/wordpress\/wp-content\/uploads\/2020\/06\/d888d3f2-a895-4a2e-bc7e-dba64c0be174.jpg\" data-dt-img-description=\"\" data-large_image_width=\"2048\" data-large_image_height=\"1536\"><img loading=\"lazy\" decoding=\"async\" class=\" wp-image-144888 alignleft\" src=\"https:\/\/www.radiopiu.net\/wordpress\/wp-content\/uploads\/2020\/06\/d888d3f2-a895-4a2e-bc7e-dba64c0be174-300x225.jpg\" alt=\"\" width=\"149\" height=\"112\" srcset=\"https:\/\/www.radiopiu.net\/wordpress\/wp-content\/uploads\/2020\/06\/d888d3f2-a895-4a2e-bc7e-dba64c0be174-300x225.jpg 300w, https:\/\/www.radiopiu.net\/wordpress\/wp-content\/uploads\/2020\/06\/d888d3f2-a895-4a2e-bc7e-dba64c0be174-1024x768.jpg 1024w, https:\/\/www.radiopiu.net\/wordpress\/wp-content\/uploads\/2020\/06\/d888d3f2-a895-4a2e-bc7e-dba64c0be174-768x576.jpg 768w, https:\/\/www.radiopiu.net\/wordpress\/wp-content\/uploads\/2020\/06\/d888d3f2-a895-4a2e-bc7e-dba64c0be174-1536x1152.jpg 1536w, https:\/\/www.radiopiu.net\/wordpress\/wp-content\/uploads\/2020\/06\/d888d3f2-a895-4a2e-bc7e-dba64c0be174.jpg 2048w\" sizes=\"auto, (max-width: 149px) 100vw, 149px\" \/><\/a>APPUNTAMENTO MENSILE CON FABRIZIO CAMPEDEL E PAOLO CHISSALE&#8217;<\/h3>\n<\/blockquote>\n<p><strong>di Claudio Fontanive\u00a0<\/strong><\/p>\n<p>&nbsp;<\/p>\n<p>&nbsp;<\/p>\n<audio class=\"wp-audio-shortcode\" id=\"audio-248785-5\" preload=\"none\" style=\"width: 100%;\" controls=\"controls\"><source type=\"audio\/mpeg\" src=\"https:\/\/www.radiopiu.net\/wordpress\/wp-content\/uploads\/2021\/12\/ca-slu-lux-dicembre-2021.mp3?_=5\" \/><a href=\"https:\/\/www.radiopiu.net\/wordpress\/wp-content\/uploads\/2021\/12\/ca-slu-lux-dicembre-2021.mp3\">https:\/\/www.radiopiu.net\/wordpress\/wp-content\/uploads\/2021\/12\/ca-slu-lux-dicembre-2021.mp3<\/a><\/audio>\n<p>&nbsp;<\/p>\n<blockquote class=\"wp-embedded-content\" data-secret=\"uFoxUdc92V\"><p><a href=\"https:\/\/www.radiopiu.net\/wordpress\/cassa-solidarieta-luxottica-puntata-del-16-ottobre-2020\/\">CASSA SOLIDARIET\u00c0 LUXOTTICA &#8211; TUTTE LE PUNTATE<\/a><\/p><\/blockquote>\n<p><iframe loading=\"lazy\" class=\"wp-embedded-content\" sandbox=\"allow-scripts\" security=\"restricted\" style=\"position: absolute; clip: rect(1px, 1px, 1px, 1px);\" title=\"&#8220;CASSA SOLIDARIET\u00c0 LUXOTTICA &#8211; TUTTE LE PUNTATE&#8221; &#8212; Radio Pi\u00f9\" src=\"https:\/\/www.radiopiu.net\/wordpress\/cassa-solidarieta-luxottica-puntata-del-16-ottobre-2020\/embed\/#?secret=uFoxUdc92V\" data-secret=\"uFoxUdc92V\" width=\"600\" height=\"338\" frameborder=\"0\" marginwidth=\"0\" marginheight=\"0\" scrolling=\"no\"><\/iframe><\/p>\n<p>&nbsp;<\/p>\n<p>&nbsp;<\/p>\n<p>&nbsp;<\/p>\n<hr \/>\n<p>&nbsp;<\/p>\n<h2><span style=\"color: #ff0000;\"><a href=\"https:\/\/www.radiopiu.net\/wordpress\/giornale-radiopiu-18-dicembre-2021-direttore-mirko-mezzacasa\/268593097_4728729247187920_4769769431620870997_n\/\" rel=\"attachment wp-att-248852\"><img loading=\"lazy\" decoding=\"async\" class=\"wp-image-248852 alignleft\" src=\"https:\/\/www.radiopiu.net\/wordpress\/wp-content\/uploads\/2021\/12\/268593097_4728729247187920_4769769431620870997_n-225x300.jpg\" alt=\"\" width=\"151\" height=\"201\" srcset=\"https:\/\/www.radiopiu.net\/wordpress\/wp-content\/uploads\/2021\/12\/268593097_4728729247187920_4769769431620870997_n-225x300.jpg 225w, https:\/\/www.radiopiu.net\/wordpress\/wp-content\/uploads\/2021\/12\/268593097_4728729247187920_4769769431620870997_n.jpg 526w\" sizes=\"auto, (max-width: 151px) 100vw, 151px\" \/><\/a>IERI ALLA RADIO<\/span><\/h2>\n<p>&nbsp;<\/p>\n<p><strong>NATALE AD AGORDO\u00a0<\/strong><br \/>\n<strong>L&#8217;EVENTO CLOU OGGI PER I BAMBINI CON RACCONTI E FAVOLE IN PRESENZA CON LE RAGAZZE DELLA PROLOCO, IN COLLABORAZIONE CON LE RAGAZZE DELLA LIBRERIA QUATTROCCHI<\/strong><\/p>\n<p>&nbsp;<\/p>\n<p><strong>AUDIO<\/strong><\/p>\n<audio class=\"wp-audio-shortcode\" id=\"audio-248785-6\" preload=\"none\" style=\"width: 100%;\" controls=\"controls\"><source type=\"audio\/mpeg\" src=\"https:\/\/www.radiopiu.net\/wordpress\/wp-content\/uploads\/2021\/12\/danile-galligani-17-dicembre.mp3?_=6\" \/><a href=\"https:\/\/www.radiopiu.net\/wordpress\/wp-content\/uploads\/2021\/12\/danile-galligani-17-dicembre.mp3\">https:\/\/www.radiopiu.net\/wordpress\/wp-content\/uploads\/2021\/12\/danile-galligani-17-dicembre.mp3<\/a><\/audio>\n<p>&nbsp;<\/p>\n<p>&nbsp;<\/p>\n<hr \/>\n<p>&nbsp;<\/p>\n<div dir=\"auto\" role=\"none\">\n<blockquote>\n<h2>DOMANI FAMIGLIE A TEATRO CON MARCO POLO<\/h2>\n<\/blockquote>\n<p><img loading=\"lazy\" decoding=\"async\" class=\"alignleft\" src=\"https:\/\/www.radiopiu.net\/wordpress\/wp-content\/uploads\/2021\/11\/266754999_4963190080359979_8320567663088617267_n.jpg\" width=\"222\" height=\"148\" \/><\/p>\n<p><strong>\u00a0<\/strong><\/p>\n<p><strong>REDAZIONE<\/strong> Nuovo appuntamento\u00a0 con Comincio dai 3-Famiglie Teatro,\u00a0 domenica lo spettacolo Marco Polo e il viaggio delle meraviglie. Regia e drammaturgia Luigina Dagostino con Claudio Dughera, Daniel Lascar, Claudia Martore foto di Giorgio Sottile<\/p>\n<p><strong>\u00a0<\/strong><\/p>\n<p><strong>INTERVISTA ALL&#8217;ATTORE CLAUDIO DUGHERA\u00a0<\/strong><br \/>\ndi Mirko Mezzacasa<\/p>\n<audio class=\"wp-audio-shortcode\" id=\"audio-248785-7\" preload=\"none\" style=\"width: 100%;\" controls=\"controls\"><source type=\"audio\/mpeg\" src=\"https:\/\/www.radiopiu.net\/wordpress\/wp-content\/uploads\/2021\/12\/CLAUDIO-DURIHELLO.mp3?_=7\" \/><a href=\"https:\/\/www.radiopiu.net\/wordpress\/wp-content\/uploads\/2021\/12\/CLAUDIO-DURIHELLO.mp3\">https:\/\/www.radiopiu.net\/wordpress\/wp-content\/uploads\/2021\/12\/CLAUDIO-DURIHELLO.mp3<\/a><\/audio>\n<p>&nbsp;<\/p>\n<\/div>\n<div dir=\"auto\" role=\"none\"><\/div>\n<div dir=\"auto\" role=\"none\"><\/div>\n<div dir=\"auto\" role=\"none\"><\/div>\n<hr \/>\n<p>&nbsp;<\/p>\n<div>\n<div class=\"b654a4as d2edcug0\">\n<div class=\"rq0escxv hkbzh7o3 jwdofwj8 n8tt0mok r8blr3vg hyh9befq\">\n<p><a class=\"dt-pswp-item\" href=\"https:\/\/www.radiopiu.net\/wordpress\/wp-content\/uploads\/2020\/10\/pp.jpg\" data-dt-img-description=\"\" data-large_image_width=\"640\" data-large_image_height=\"640\"><img loading=\"lazy\" decoding=\"async\" class=\"wp-image-163678 alignleft\" src=\"https:\/\/www.radiopiu.net\/wordpress\/wp-content\/uploads\/2020\/10\/pp-300x300.jpg\" alt=\"\" width=\"106\" height=\"106\" srcset=\"https:\/\/www.radiopiu.net\/wordpress\/wp-content\/uploads\/2020\/10\/pp-300x300.jpg 300w, https:\/\/www.radiopiu.net\/wordpress\/wp-content\/uploads\/2020\/10\/pp-150x150.jpg 150w, https:\/\/www.radiopiu.net\/wordpress\/wp-content\/uploads\/2020\/10\/pp-125x125.jpg 125w, https:\/\/www.radiopiu.net\/wordpress\/wp-content\/uploads\/2020\/10\/pp-200x200.jpg 200w, https:\/\/www.radiopiu.net\/wordpress\/wp-content\/uploads\/2020\/10\/pp-80x80.jpg 80w, https:\/\/www.radiopiu.net\/wordpress\/wp-content\/uploads\/2020\/10\/pp-480x480.jpg 480w, https:\/\/www.radiopiu.net\/wordpress\/wp-content\/uploads\/2020\/10\/pp.jpg 640w\" sizes=\"auto, (max-width: 106px) 100vw, 106px\" \/><\/a><\/p>\n<\/div>\n<\/div>\n<\/div>\n<div>\n<div class=\"page-title-head hgroup\">\n<div class=\"page-title-head hgroup\">\n<div class=\"b654a4as d2edcug0\">\n<div class=\"j83agx80 btwxx1t3 lhclo0ds hop8lmos nkwizq5d scwd0bx6 roh60bw9\">\n<div class=\"rq0escxv hkbzh7o3 jwdofwj8 n8tt0mok r8blr3vg hyh9befq\">\n<div class=\"do00u71z l9j0dhe7 k4urcfbm\">\n<h2><span style=\"color: #000080;\">DON CESARE, IL PENSIERO DEL GIORNO. ALLA RADIO ALLE 7 DEL MATTINO E ALLE 19.30 DELLA SERA.\u00a0\u00a0<\/span><\/h2>\n<\/div>\n<audio class=\"wp-audio-shortcode\" id=\"audio-248785-8\" preload=\"none\" style=\"width: 100%;\" controls=\"controls\"><source type=\"audio\/mpeg\" src=\"https:\/\/www.radiopiu.net\/wordpress\/wp-content\/uploads\/2021\/12\/CESARE-5.mp3?_=8\" \/><a href=\"https:\/\/www.radiopiu.net\/wordpress\/wp-content\/uploads\/2021\/12\/CESARE-5.mp3\">https:\/\/www.radiopiu.net\/wordpress\/wp-content\/uploads\/2021\/12\/CESARE-5.mp3<\/a><\/audio>\n<div class=\"do00u71z l9j0dhe7 k4urcfbm\">\n<p>&nbsp;<\/p>\n<p>&nbsp;<\/p>\n<hr \/>\n<p>&nbsp;<\/p>\n<blockquote class=\"wp-embedded-content\" data-secret=\"6xLR1D0cW3\"><p><a href=\"https:\/\/www.radiopiu.net\/wordpress\/la-valle-agordina-320-anni-dalla-boa-del-1701-parti-2-di-6\/\">LA VALLE AGORDINA &#8211; 320 anni dalla BOA del 1701 (PARTE1-2 DI 6)<\/a><\/p><\/blockquote>\n<p><iframe loading=\"lazy\" class=\"wp-embedded-content\" sandbox=\"allow-scripts\" security=\"restricted\" style=\"position: absolute; clip: rect(1px, 1px, 1px, 1px);\" title=\"&#8220;LA VALLE AGORDINA &#8211; 320 anni dalla BOA del 1701 (PARTE1-2 DI 6)&#8221; &#8212; Radio Pi\u00f9\" src=\"https:\/\/www.radiopiu.net\/wordpress\/la-valle-agordina-320-anni-dalla-boa-del-1701-parti-2-di-6\/embed\/#?secret=6xLR1D0cW3\" data-secret=\"6xLR1D0cW3\" width=\"600\" height=\"338\" frameborder=\"0\" marginwidth=\"0\" marginheight=\"0\" scrolling=\"no\"><\/iframe><\/p>\n<p>&nbsp;<\/p>\n<p>&nbsp;<\/p>\n<hr \/>\n<p>&nbsp;<\/p>\n<div>\n<div class=\"page-title-head hgroup\">\n<div class=\"page-title-head hgroup\">\n<div class=\"b654a4as d2edcug0\">\n<div class=\"j83agx80 btwxx1t3 lhclo0ds hop8lmos nkwizq5d scwd0bx6 roh60bw9\">\n<div class=\"rq0escxv hkbzh7o3 jwdofwj8 n8tt0mok r8blr3vg hyh9befq\">\n<div class=\"do00u71z l9j0dhe7 k4urcfbm\">\n<div class=\"ecm0bbzt e5nlhep0 a8c37x1j\">\n<div class=\"kvgmc6g5 cxmmr5t8 oygrvhab hcukyx3x c1et5uql\">\n<div class=\"gmail-kvgmc6g5 gmail-cxmmr5t8 gmail-oygrvhab gmail-hcukyx3x gmail-c1et5uql gmail-ii04i59q\">\n<div class=\"page-title-head hgroup\">\n<div class=\"page-title-head hgroup\">\n<div class=\"b654a4as d2edcug0\">\n<div class=\"j83agx80 btwxx1t3 lhclo0ds hop8lmos nkwizq5d scwd0bx6 roh60bw9\">\n<div class=\"rq0escxv hkbzh7o3 jwdofwj8 n8tt0mok r8blr3vg hyh9befq\">\n<div class=\"do00u71z l9j0dhe7 k4urcfbm\">\n<p>&nbsp;<\/p>\n<h3 class=\"kvgmc6g5 cxmmr5t8 oygrvhab hcukyx3x c1et5uql\"><span style=\"color: #0000ff;\"><strong><a href=\"https:\/\/www.radiopiu.net\/wordpress\/riaperts\/immagine-racconti-di-natale\/\" rel=\"attachment wp-att-247743\"><img loading=\"lazy\" decoding=\"async\" class=\"wp-image-247743 alignleft\" src=\"https:\/\/www.radiopiu.net\/wordpress\/wp-content\/uploads\/2021\/12\/immagine-racconti-di-natale-249x300.jpg\" alt=\"\" width=\"90\" height=\"108\" srcset=\"https:\/\/www.radiopiu.net\/wordpress\/wp-content\/uploads\/2021\/12\/immagine-racconti-di-natale-249x300.jpg 249w, https:\/\/www.radiopiu.net\/wordpress\/wp-content\/uploads\/2021\/12\/immagine-racconti-di-natale-768x925.jpg 768w, https:\/\/www.radiopiu.net\/wordpress\/wp-content\/uploads\/2021\/12\/immagine-racconti-di-natale.jpg 771w\" sizes=\"auto, (max-width: 90px) 100vw, 90px\" \/><\/a>INFORMAZIONE il canale su TELEGRAM informazione di prima mano e in tempo reale. iscriviti ed aiutaci a farlo conoscere\u00a0<\/strong><\/span><\/h3>\n<blockquote>\n<h3><span style=\"color: #ff0000;\">I RACCONTI DI NATALE DI LUISA ALCHINI, DA MARTEDI AL 24 DICEMBRE TUTTI I GIORNI ALLE 10.05 E ALLE 20.20&#8230; SU RADIO PIU<\/span><\/h3>\n<\/blockquote>\n<p>&nbsp;<\/p>\n<p><strong>RACCONTO 1 14 DICEMBRE<\/strong><\/p>\n<audio class=\"wp-audio-shortcode\" id=\"audio-248785-9\" preload=\"none\" style=\"width: 100%;\" controls=\"controls\"><source type=\"audio\/mpeg\" src=\"https:\/\/www.radiopiu.net\/wordpress\/wp-content\/uploads\/2021\/12\/14.mp3?_=9\" \/><a href=\"https:\/\/www.radiopiu.net\/wordpress\/wp-content\/uploads\/2021\/12\/14.mp3\">https:\/\/www.radiopiu.net\/wordpress\/wp-content\/uploads\/2021\/12\/14.mp3<\/a><\/audio>\n<p><strong>RACCONTO 2 15 DICEMBRE\u00a0<\/strong><\/p>\n<audio class=\"wp-audio-shortcode\" id=\"audio-248785-10\" preload=\"none\" style=\"width: 100%;\" controls=\"controls\"><source type=\"audio\/mpeg\" src=\"https:\/\/www.radiopiu.net\/wordpress\/wp-content\/uploads\/2021\/12\/15.mp3?_=10\" \/><a href=\"https:\/\/www.radiopiu.net\/wordpress\/wp-content\/uploads\/2021\/12\/15.mp3\">https:\/\/www.radiopiu.net\/wordpress\/wp-content\/uploads\/2021\/12\/15.mp3<\/a><\/audio>\n<p><strong>RACCONTO 3 16 DICEMBRE<\/strong><\/p>\n<audio class=\"wp-audio-shortcode\" id=\"audio-248785-11\" preload=\"none\" style=\"width: 100%;\" controls=\"controls\"><source type=\"audio\/mpeg\" src=\"https:\/\/www.radiopiu.net\/wordpress\/wp-content\/uploads\/2021\/12\/16.mp3?_=11\" \/><a href=\"https:\/\/www.radiopiu.net\/wordpress\/wp-content\/uploads\/2021\/12\/16.mp3\">https:\/\/www.radiopiu.net\/wordpress\/wp-content\/uploads\/2021\/12\/16.mp3<\/a><\/audio>\n<p><strong>RACCONTO 4 17 DICEMBRE<\/strong><\/p>\n<audio class=\"wp-audio-shortcode\" id=\"audio-248785-12\" preload=\"none\" style=\"width: 100%;\" controls=\"controls\"><source type=\"audio\/mpeg\" src=\"https:\/\/www.radiopiu.net\/wordpress\/wp-content\/uploads\/2021\/12\/17.mp3?_=12\" \/><a href=\"https:\/\/www.radiopiu.net\/wordpress\/wp-content\/uploads\/2021\/12\/17.mp3\">https:\/\/www.radiopiu.net\/wordpress\/wp-content\/uploads\/2021\/12\/17.mp3<\/a><\/audio>\n<p>&nbsp;<\/p>\n<p>&nbsp;<\/p>\n<hr \/>\n<blockquote>\n<h3><\/h3>\n<h3>IN VIVO VERSO, SETTIMA STAGIONE CON BRUNELLA MORO, DAL LUNEDI AL VENERDI ALLE 7.10, 10.10 E 18.50<\/h3>\n<h3>AD UN&#8217;AMICO di JOHN FRANCIS DELLA PIETRA<\/h3>\n<p>&nbsp;<\/p><\/blockquote>\n<p>AUDIO<\/p>\n<audio class=\"wp-audio-shortcode\" id=\"audio-248785-13\" preload=\"none\" style=\"width: 100%;\" controls=\"controls\"><source type=\"audio\/mpeg\" src=\"https:\/\/www.radiopiu.net\/wordpress\/wp-content\/uploads\/2021\/12\/05-JOHN-FRANCIS-DELLA-PIETRA-A-GIGI.mp3?_=13\" \/><a href=\"https:\/\/www.radiopiu.net\/wordpress\/wp-content\/uploads\/2021\/12\/05-JOHN-FRANCIS-DELLA-PIETRA-A-GIGI.mp3\">https:\/\/www.radiopiu.net\/wordpress\/wp-content\/uploads\/2021\/12\/05-JOHN-FRANCIS-DELLA-PIETRA-A-GIGI.mp3<\/a><\/audio>\n<p>&nbsp;<\/p>\n<p><a href=\"https:\/\/www.radiopiu.net\/wordpress\/?attachment_id=248758\" rel=\"attachment wp-att-248758\"><img loading=\"lazy\" decoding=\"async\" class=\" wp-image-248758 alignleft\" src=\"https:\/\/www.radiopiu.net\/wordpress\/wp-content\/uploads\/2021\/12\/32e4e898-10d1-4dca-81b3-85f74294b62a-300x260.jpg\" alt=\"\" width=\"284\" height=\"246\" srcset=\"https:\/\/www.radiopiu.net\/wordpress\/wp-content\/uploads\/2021\/12\/32e4e898-10d1-4dca-81b3-85f74294b62a-300x260.jpg 300w, https:\/\/www.radiopiu.net\/wordpress\/wp-content\/uploads\/2021\/12\/32e4e898-10d1-4dca-81b3-85f74294b62a-768x667.jpg 768w, https:\/\/www.radiopiu.net\/wordpress\/wp-content\/uploads\/2021\/12\/32e4e898-10d1-4dca-81b3-85f74294b62a.jpg 1024w\" sizes=\"auto, (max-width: 284px) 100vw, 284px\" \/><\/a>AD UN&#8217;AMICO<\/p>\n<p>Il tempo passa<br \/>\nE come un uragano<br \/>\nSpazza ogni cosa<br \/>\nImmagini fatti persone<br \/>\nCon una folata volano via<br \/>\nPian piano dal nulla<br \/>\nCompaiono nuove realt\u00e0<br \/>\nChe coinvolgono con le loro novit\u00e0<br \/>\nIl nostro interesse<br \/>\nSolo nell archivio<br \/>\nDel nostro cuore<br \/>\nPermangono celati<br \/>\nGesta e volti<br \/>\nChe un tempo ci son stati cari<br \/>\nCos\u00ec nei momenti<br \/>\nD intima riflessione<br \/>\nTutto ritorna con gioia<br \/>\nAlla mente<br \/>\nEd in attimo riviviamo un passato<br \/>\nChe forse non abbiamo compreso fino in fondo<br \/>\nPoche semplici parole<br \/>\nUn timido sorriso<br \/>\nUn reciproco affetto e rispetto<br \/>\nIn questi giorni<br \/>\nChe portano al Natale<br \/>\nIl nostro dono per te<br \/>\nSar\u00e0 ricordarti come sempre sei stato<br \/>\nAmico di tutti<br \/>\nCol cuore in mano<br \/>\nIn sella alla tua bici<br \/>\nSulle nevi con gli sci<br \/>\nSulla porta del tuo negozio sempre allegro e pronto<br \/>\nBuon Natale<br \/>\nGigi<br \/>\nGuidaci con la tua luce di lass\u00f9<\/p>\n<p><strong>LA RACCOLTA COMPLETA\u00a0 \u00a0<\/strong><\/p>\n<blockquote class=\"wp-embedded-content\" data-secret=\"CLWonhc241\"><p><a href=\"https:\/\/www.radiopiu.net\/wordpress\/in-vivo-verso\/\">In Vivo Verso<\/a><\/p><\/blockquote>\n<p><iframe loading=\"lazy\" class=\"wp-embedded-content\" sandbox=\"allow-scripts\" security=\"restricted\" style=\"position: absolute; clip: rect(1px, 1px, 1px, 1px);\" title=\"&#8220;In Vivo Verso&#8221; &#8212; Radio Pi\u00f9\" src=\"https:\/\/www.radiopiu.net\/wordpress\/in-vivo-verso\/embed\/#?secret=CLWonhc241\" data-secret=\"CLWonhc241\" width=\"600\" height=\"338\" frameborder=\"0\" marginwidth=\"0\" marginheight=\"0\" scrolling=\"no\"><\/iframe><\/p>\n<p>&nbsp;<\/p>\n<p>&nbsp;<\/p>\n<p>&nbsp;<\/p>\n<p>&nbsp;<\/p>\n<hr \/>\n<div>\n<div class=\"page-title-head hgroup\">\n<div class=\"page-title-head hgroup\">\n<div class=\"b654a4as d2edcug0\">\n<div class=\"j83agx80 btwxx1t3 lhclo0ds hop8lmos nkwizq5d scwd0bx6 roh60bw9\">\n<div class=\"rq0escxv hkbzh7o3 jwdofwj8 n8tt0mok r8blr3vg hyh9befq\">\n<div class=\"do00u71z l9j0dhe7 k4urcfbm\">\n<div class=\"ecm0bbzt e5nlhep0 a8c37x1j\">\n<div class=\"kvgmc6g5 cxmmr5t8 oygrvhab hcukyx3x c1et5uql\">\n<div class=\"gmail-kvgmc6g5 gmail-cxmmr5t8 gmail-oygrvhab gmail-hcukyx3x gmail-c1et5uql gmail-ii04i59q\">\n<div class=\"page-title-head hgroup\">\n<div class=\"page-title-head hgroup\">\n<div class=\"b654a4as d2edcug0\">\n<div class=\"j83agx80 btwxx1t3 lhclo0ds hop8lmos nkwizq5d scwd0bx6 roh60bw9\">\n<div class=\"rq0escxv hkbzh7o3 jwdofwj8 n8tt0mok r8blr3vg hyh9befq\">\n<div class=\"do00u71z l9j0dhe7 k4urcfbm\">\n<p>&nbsp;<\/p>\n<blockquote>\n<h2>RADIO APERTA AL &#8220;FOLLADOR-DE ROSSI&#8221;, L&#8217;OFFERTA SCOLASTICA DI AGORDO E FALCADE<\/h2>\n<\/blockquote>\n<blockquote><p><em><img loading=\"lazy\" decoding=\"async\" class=\"alignleft\" src=\"https:\/\/www.radiopiu.net\/wordpress\/wp-content\/uploads\/2020\/10\/FOLLADOR-DE-ROSSI-scaled.jpg\" width=\"205\" height=\"96\" \/>Radio Aperta, perch\u00e8 apriamo i microfoni a dirigenti, insegnanti ed alunni. Un raccontato a puntate per conoscere l&#8217;offerta scolastica agordina, dal polo di Agordo a quello di Falcade. Da lunedi a venerdi a alla radio alle 9.10 e alle 18<\/em><\/p><\/blockquote>\n<p>&nbsp;<\/p>\n<p><span style=\"color: #0000ff;\"><strong>6 PERITO CHIMICA MATERIALI BIOTECNOLOGIE<\/strong><\/span><\/p>\n<audio class=\"wp-audio-shortcode\" id=\"audio-248785-14\" preload=\"none\" style=\"width: 100%;\" controls=\"controls\"><source type=\"audio\/mpeg\" src=\"https:\/\/www.radiopiu.net\/wordpress\/wp-content\/uploads\/2021\/12\/Presentazione_indirizzo_chimica_materiali_e_biotecnologie-2021-12-11.mp3?_=14\" \/><a href=\"https:\/\/www.radiopiu.net\/wordpress\/wp-content\/uploads\/2021\/12\/Presentazione_indirizzo_chimica_materiali_e_biotecnologie-2021-12-11.mp3\">https:\/\/www.radiopiu.net\/wordpress\/wp-content\/uploads\/2021\/12\/Presentazione_indirizzo_chimica_materiali_e_biotecnologie-2021-12-11.mp3<\/a><\/audio>\n<h3><\/h3>\n<h3><span style=\"color: #0000ff;\">5 GEOTECNICO-MANUTENZIONI_ASSISTENZA TECNICA<\/span><\/h3>\n<audio class=\"wp-audio-shortcode\" id=\"audio-248785-15\" preload=\"none\" style=\"width: 100%;\" controls=\"controls\"><source type=\"audio\/mpeg\" src=\"https:\/\/www.radiopiu.net\/wordpress\/wp-content\/uploads\/2021\/12\/FOLLADOR-4.mp3?_=15\" \/><a href=\"https:\/\/www.radiopiu.net\/wordpress\/wp-content\/uploads\/2021\/12\/FOLLADOR-4.mp3\">https:\/\/www.radiopiu.net\/wordpress\/wp-content\/uploads\/2021\/12\/FOLLADOR-4.mp3<\/a><\/audio>\n<h3><span style=\"color: #0000ff;\">\u00a0<\/span><\/h3>\n<h3><span style=\"color: #0000ff;\">4 ENOGASTRONOMICO E TECNICO TURISTICO DI FALCADE<\/span><\/h3>\n<audio class=\"wp-audio-shortcode\" id=\"audio-248785-16\" preload=\"none\" style=\"width: 100%;\" controls=\"controls\"><source type=\"audio\/mpeg\" src=\"https:\/\/www.radiopiu.net\/wordpress\/wp-content\/uploads\/2021\/12\/FOLLADOR-3.mp3?_=16\" \/><a href=\"https:\/\/www.radiopiu.net\/wordpress\/wp-content\/uploads\/2021\/12\/FOLLADOR-3.mp3\">https:\/\/www.radiopiu.net\/wordpress\/wp-content\/uploads\/2021\/12\/FOLLADOR-3.mp3<\/a><\/audio>\n<h3><span style=\"color: #0000ff;\">\u00a0<\/span><span style=\"color: #0000ff;\">\u00a0<\/span><\/h3>\n<h3><span style=\"color: #0000ff;\">3 LICEO SCIENTIFICO\u00a0<\/span><\/h3>\n<audio class=\"wp-audio-shortcode\" id=\"audio-248785-17\" preload=\"none\" style=\"width: 100%;\" controls=\"controls\"><source type=\"audio\/mpeg\" src=\"https:\/\/www.radiopiu.net\/wordpress\/wp-content\/uploads\/2021\/12\/FOLLADOR-2.mp3?_=17\" \/><a href=\"https:\/\/www.radiopiu.net\/wordpress\/wp-content\/uploads\/2021\/12\/FOLLADOR-2.mp3\">https:\/\/www.radiopiu.net\/wordpress\/wp-content\/uploads\/2021\/12\/FOLLADOR-2.mp3<\/a><\/audio>\n<h3><span style=\"color: #0000ff;\">\u00a0<\/span><\/h3>\n<h3><span style=\"color: #0000ff;\">2 IL DIRIGENTE CLAUDIO MAGALIN\u00a0 &#8211; LICEO SPORTIVO<\/span><\/h3>\n<audio class=\"wp-audio-shortcode\" id=\"audio-248785-18\" preload=\"none\" style=\"width: 100%;\" controls=\"controls\"><source type=\"audio\/mpeg\" src=\"https:\/\/www.radiopiu.net\/wordpress\/wp-content\/uploads\/2021\/12\/GDB900.mp3?_=18\" \/><a href=\"https:\/\/www.radiopiu.net\/wordpress\/wp-content\/uploads\/2021\/12\/GDB900.mp3\">https:\/\/www.radiopiu.net\/wordpress\/wp-content\/uploads\/2021\/12\/GDB900.mp3<\/a><\/audio>\n<p>&nbsp;<\/p>\n<h3><span style=\"color: #0000ff;\"><strong>1 LO SPOT ALLA RADIO<\/strong><\/span><\/h3>\n<audio class=\"wp-audio-shortcode\" id=\"audio-248785-19\" preload=\"none\" style=\"width: 100%;\" controls=\"controls\"><source type=\"audio\/mpeg\" src=\"https:\/\/www.radiopiu.net\/wordpress\/wp-content\/uploads\/2021\/12\/FOLLADOR-NOVEMBRE-2021.mp3?_=19\" \/><a href=\"https:\/\/www.radiopiu.net\/wordpress\/wp-content\/uploads\/2021\/12\/FOLLADOR-NOVEMBRE-2021.mp3\">https:\/\/www.radiopiu.net\/wordpress\/wp-content\/uploads\/2021\/12\/FOLLADOR-NOVEMBRE-2021.mp3<\/a><\/audio>\n<p>&nbsp;<\/p>\n<p>&nbsp;<\/p>\n<hr \/>\n<p>&nbsp;<\/p>\n<\/div>\n<\/div>\n<\/div>\n<\/div>\n<\/div>\n<\/div>\n<\/div>\n<\/div>\n<\/div>\n<\/div>\n<\/div>\n<\/div>\n<\/div>\n<\/div>\n<\/div>\n<\/div>\n<p>&nbsp;<\/p>\n<hr \/>\n<p>&nbsp;<\/p>\n<p><span style=\"color: #0000ff;\">MUSICA PIU&#8217;\u00a0<\/span><\/p>\n<p><a href=\"https:\/\/www.radiopiu.net\/wordpress\/giornale-radiopiu-20-settembre-2021-direttore-mirko-mezzacasa\/pp-79\/\" rel=\"attachment wp-att-232921\"><img loading=\"lazy\" decoding=\"async\" class=\"wp-image-232921 alignleft\" src=\"https:\/\/www.radiopiu.net\/wordpress\/wp-content\/uploads\/2021\/09\/pp-1-300x300.jpg\" alt=\"\" width=\"135\" height=\"135\" srcset=\"https:\/\/www.radiopiu.net\/wordpress\/wp-content\/uploads\/2021\/09\/pp-1-300x300.jpg 300w, https:\/\/www.radiopiu.net\/wordpress\/wp-content\/uploads\/2021\/09\/pp-1-150x150.jpg 150w, https:\/\/www.radiopiu.net\/wordpress\/wp-content\/uploads\/2021\/09\/pp-1.jpg 640w\" sizes=\"auto, (max-width: 135px) 100vw, 135px\" \/><\/a><\/p>\n<div class=\"mkdf-post-text\">\n<div class=\"mkdf-post-text-inner\">\n<div class=\"mkdf-post-text-main\">\n<div class=\"mkdf-post-text\">\n<div class=\"mkdf-post-text-inner\">\n<div class=\"mkdf-post-text-main\">\n<div class=\"mkdf-post-text\">\n<div class=\"mkdf-post-text-inner\">\n<div class=\"mkdf-post-text-main\">\n<div class=\"page-title-head hgroup\">\n<div class=\"page-title-head hgroup\">\n<div class=\"mkdf-post-text\">\n<div class=\"mkdf-post-text-inner\">\n<div class=\"mkdf-post-text-main\">\n<div class=\"mkdf-post-text\">\n<div class=\"mkdf-post-text-inner\">\n<div class=\"mkdf-post-text-main\">\n<div class=\"page-title-head hgroup\">\n<div class=\"page-title-head hgroup\">\n<div class=\"page-title-head hgroup\">\n<div class=\"page-title-head hgroup\">\n<div class=\"b654a4as d2edcug0\">\n<div class=\"page-title-head hgroup\">\n<div class=\"page-title-head hgroup\">\n<div class=\"page-title-head hgroup\">\n<div class=\"page-title-head hgroup\">\n<div class=\"b654a4as d2edcug0\">\n<div class=\"page-title-head hgroup\">\n<div class=\"page-title-head hgroup\">\n<div class=\"page-title-head hgroup\">\n<div class=\"page-title-head hgroup\">\n<div class=\"b654a4as d2edcug0\">\n<div class=\"mkdf-post-text\">\n<div class=\"mkdf-post-text-inner\">\n<div class=\"mkdf-post-text-main\">\n<div class=\"mkdf-post-text\">\n<div class=\"mkdf-post-text-inner\">\n<div class=\"mkdf-post-text-main\">\n<div class=\"mkdf-post-text\">\n<div class=\"mkdf-post-text-inner\">\n<div class=\"mkdf-post-text-main\">\n<div class=\"page-title-head hgroup\">\n<div class=\"page-title-head hgroup\">\n<div class=\"mkdf-post-text\">\n<div class=\"mkdf-post-text-inner\">\n<div class=\"mkdf-post-text-main\">\n<div class=\"mkdf-post-text\">\n<div class=\"mkdf-post-text-inner\">\n<div class=\"mkdf-post-text-main\">\n<div class=\"page-title-head hgroup\">\n<div class=\"page-title-head hgroup\">\n<div class=\"page-title-head hgroup\">\n<div class=\"page-title-head hgroup\">\n<div class=\"b654a4as d2edcug0\">\n<div class=\"page-title-head hgroup\">\n<div class=\"page-title-head hgroup\">\n<div class=\"page-title-head hgroup\">\n<div class=\"page-title-head hgroup\">\n<div class=\"b654a4as d2edcug0\">\n<div class=\"page-title-head hgroup\">\n<div class=\"page-title-head hgroup\">\n<div class=\"page-title-head hgroup\">\n<div class=\"page-title-head hgroup\">\n<div class=\"b654a4as d2edcug0\">\n<div><\/div>\n<div><\/div>\n<div>\n<p><strong>MUSICA ALLA RADIO, IL PROGRAMMA DI LORIS SCUSSEL &#8220;COLLAGE OPERAZIONE NOSTALGIA&#8221; DAL LUNEDI AL VENERDI ALLE 16.00\u00a0 E ALLE 23\u00a0<\/strong><\/p>\n<\/div>\n<p>&nbsp;<\/p>\n<p>&nbsp;<\/p>\n<p><strong>PUNTATA NUMERO 500<\/strong><\/p>\n<audio class=\"wp-audio-shortcode\" id=\"audio-248785-20\" preload=\"none\" style=\"width: 100%;\" controls=\"controls\"><source type=\"audio\/mpeg\" src=\"https:\/\/www.radiopiu.net\/wordpress\/wp-content\/uploads\/2021\/12\/Collage-500.mp3?_=20\" \/><a href=\"https:\/\/www.radiopiu.net\/wordpress\/wp-content\/uploads\/2021\/12\/Collage-500.mp3\">https:\/\/www.radiopiu.net\/wordpress\/wp-content\/uploads\/2021\/12\/Collage-500.mp3<\/a><\/audio>\n<p>&nbsp;<\/p>\n<h3>COLLAGE DI LORIS SCUSSEL, VERSO LA PUNTATA NUMERO 500<\/h3>\n<blockquote><p><strong><em><a href=\"https:\/\/www.radiopiu.net\/wordpress\/collage-di-loris-scussel-verso-la-puntata-numero-500\/franco-e-loris\/\" rel=\"attachment wp-att-246394\"><img loading=\"lazy\" decoding=\"async\" class=\"wp-image-246394 alignleft\" src=\"https:\/\/www.radiopiu.net\/wordpress\/wp-content\/uploads\/2021\/12\/Franco-e-Loris-1024x731.jpg\" alt=\"\" width=\"330\" height=\"236\" srcset=\"https:\/\/www.radiopiu.net\/wordpress\/wp-content\/uploads\/2021\/12\/Franco-e-Loris-1024x731.jpg 1024w, https:\/\/www.radiopiu.net\/wordpress\/wp-content\/uploads\/2021\/12\/Franco-e-Loris-300x214.jpg 300w, https:\/\/www.radiopiu.net\/wordpress\/wp-content\/uploads\/2021\/12\/Franco-e-Loris-768x548.jpg 768w, https:\/\/www.radiopiu.net\/wordpress\/wp-content\/uploads\/2021\/12\/Franco-e-Loris.jpg 1447w\" sizes=\"auto, (max-width: 330px) 100vw, 330px\" \/><\/a>Collage, il programma di Radio Piu&#8217; in onda tutti i giorni dal lunedi al venerdi alle 16 e alle 23.30. Nel GIORNALE RADIO PIU tutti i giorni una nuova puntata. Di e con Loris Scussel.<\/em><\/strong><\/p><\/blockquote>\n<p><strong>REDAZIONE<\/strong> Questa settimana \u201cCollage operazione nostalgia\u201d raggiunger\u00e0 quota 500 puntate. Nella foto la trasmissione di gioved\u00ec dedicata all&#8217;amico Franco ad un anno dalla scomparsa, <em>&#8220;con lui oltre ad un\u2019amicizia che dura dal 1976 ho condiviso la prima esperienza presso una radio libera, come si chiamavano allora, Radio Vicenza dove per un anno e mezzo abbiamo condotto un programma che andava in onda il luned\u00ec sera dalle nove a mezzanotte, il ricordo tra qualche pensiero nostalgico e la musica come sempre protagonista&#8221;.<\/em><\/p>\n<p>Loris Scussel<\/p>\n<p>&nbsp;<\/p>\n<\/div>\n<\/div>\n<\/div>\n<\/div>\n<\/div>\n<\/div>\n<\/div>\n<\/div>\n<\/div>\n<\/div>\n<\/div>\n<\/div>\n<\/div>\n<\/div>\n<\/div>\n<\/div>\n<\/div>\n<\/div>\n<\/div>\n<\/div>\n<\/div>\n<\/div>\n<\/div>\n<\/div>\n<\/div>\n<\/div>\n<\/div>\n<\/div>\n<\/div>\n<\/div>\n<\/div>\n<\/div>\n<\/div>\n<\/div>\n<\/div>\n<\/div>\n<\/div>\n<\/div>\n<\/div>\n<\/div>\n<\/div>\n<\/div>\n<\/div>\n<\/div>\n<\/div>\n<\/div>\n<\/div>\n<\/div>\n<\/div>\n<\/div>\n<\/div>\n<\/div>\n<\/div>\n<\/div>\n<\/div>\n<\/div>\n<\/div>\n<\/div>\n<\/div>\n<\/div>\n<\/div>\n<\/div>\n<\/div>\n<\/div>\n<p>&nbsp;<\/p>\n<hr \/>\n<p>&nbsp;<\/p>\n<p>&nbsp;<\/p>\n<blockquote class=\"wp-embedded-content\" data-secret=\"yPumUC20C4\"><p><a href=\"https:\/\/www.radiopiu.net\/wordpress\/freemix-la-liberta-musicale-mixata-da-dj-athos-e-raccontata-da-dj-jack\/\">FREEMIX, LA LIBERTA&#8217; MUSICALE MIXATA DA DJ ATHOS E RACCONTATA DA DJ JACK<\/a><\/p><\/blockquote>\n<p><iframe loading=\"lazy\" class=\"wp-embedded-content\" sandbox=\"allow-scripts\" security=\"restricted\" style=\"position: absolute; clip: rect(1px, 1px, 1px, 1px);\" title=\"&#8220;FREEMIX, LA LIBERTA&#8217; MUSICALE MIXATA DA DJ ATHOS E RACCONTATA DA DJ JACK&#8221; &#8212; Radio Pi\u00f9\" src=\"https:\/\/www.radiopiu.net\/wordpress\/freemix-la-liberta-musicale-mixata-da-dj-athos-e-raccontata-da-dj-jack\/embed\/#?secret=yPumUC20C4\" data-secret=\"yPumUC20C4\" width=\"600\" height=\"338\" frameborder=\"0\" marginwidth=\"0\" marginheight=\"0\" scrolling=\"no\"><\/iframe><\/p>\n<p>&nbsp;<\/p>\n<blockquote class=\"wp-embedded-content\" data-secret=\"zr4ZENbzHv\"><p><a href=\"https:\/\/www.radiopiu.net\/wordpress\/da-ieri-alla-radio-in-palinsesto-loris-e-maurizio-con-la-grande-musica\/\">IL BLUES ALLA RADIO &#8230; COME NON L&#8217;AVETE MAI SENTITO PRIMA<\/a><\/p><\/blockquote>\n<p><iframe loading=\"lazy\" class=\"wp-embedded-content\" sandbox=\"allow-scripts\" security=\"restricted\" style=\"position: absolute; clip: rect(1px, 1px, 1px, 1px);\" title=\"&#8220;IL BLUES ALLA RADIO &#8230; COME NON L&#8217;AVETE MAI SENTITO PRIMA&#8221; &#8212; Radio Pi\u00f9\" src=\"https:\/\/www.radiopiu.net\/wordpress\/da-ieri-alla-radio-in-palinsesto-loris-e-maurizio-con-la-grande-musica\/embed\/#?secret=zr4ZENbzHv\" data-secret=\"zr4ZENbzHv\" width=\"600\" height=\"338\" frameborder=\"0\" marginwidth=\"0\" marginheight=\"0\" scrolling=\"no\"><\/iframe><\/p>\n<p>&nbsp;<\/p>\n<hr \/>\n<p>&nbsp;<\/p>\n<blockquote>\n<h3><span style=\"color: #0000ff;\">INFORMAZIONE il canale su TELEGRAM informazione di prima mano e in tempo reale. iscriviti ed aiutaci a farlo conoscere\u00a0\u00a0<\/span><\/h3>\n<\/blockquote>\n<div>\n<div class=\"page-title-head hgroup\">\n<div class=\"page-title-head hgroup\">\n<div class=\"page-title-head hgroup\">\n<div class=\"page-title-head hgroup\">\n<div class=\"b654a4as d2edcug0\">\n<div class=\"page-title-head hgroup\">\n<div class=\"page-title-head hgroup\">\n<div class=\"page-title-head hgroup\">\n<div class=\"page-title-head hgroup\">\n<div class=\"b654a4as d2edcug0\">\n<div class=\"page-title-head hgroup\">\n<div class=\"page-title-head hgroup\">\n<div class=\"page-title-head hgroup\">\n<div class=\"page-title-head hgroup\">\n<div class=\"page-title-head hgroup\">\n<div class=\"page-title-head hgroup\">\n<div class=\"page-title-head hgroup\">\n<div class=\"page-title-head hgroup\">\n<div class=\"page-title-head hgroup\">\n<div class=\"b654a4as d2edcug0\">\n<div class=\"page-title-head hgroup\">\n<div class=\"page-title-head hgroup\">\n<div class=\"page-title-head hgroup\">\n<div class=\"page-title-head hgroup\">\n<div class=\"b654a4as d2edcug0\">\n<div>\n<p>&nbsp;<\/p>\n<\/div>\n<div>\n<div class=\"page-title-head hgroup\">\n<div class=\"page-title-head hgroup\">\n<div class=\"page-title-head hgroup\">\n<div class=\"page-title-head hgroup\">\n<div class=\"page-title-head hgroup\">\n<div class=\"b654a4as d2edcug0\">\n<div>\n<hr \/>\n<\/div>\n<\/div>\n<div>\n<div>\n<p>&nbsp;<\/p>\n<\/div>\n<div>\n<div>\n<p>&nbsp;<\/p>\n<\/div>\n<div>\n<div>\n<p><strong>DUE MINUTI UN LIBRO, TUTTI I GIORNI ALLA RADIO ALLE 9.40 E ALLE 17.50<\/strong><\/p>\n<div>\n<div>\n<p><strong>LA RACCOLTA COMPLETA\u00a0\u00a0<\/strong><\/p>\n<\/div>\n<div>\n<blockquote class=\"wp-embedded-content\" data-secret=\"frbFvxCwpL\"><p><a href=\"https:\/\/www.radiopiu.net\/wordpress\/due-minuti-un-libro\/\">Due minuti un libro<\/a><\/p><\/blockquote>\n<p><iframe loading=\"lazy\" class=\"wp-embedded-content\" sandbox=\"allow-scripts\" security=\"restricted\" style=\"position: absolute; clip: rect(1px, 1px, 1px, 1px);\" title=\"&#8220;Due minuti un libro&#8221; &#8212; Radio Pi\u00f9\" src=\"https:\/\/www.radiopiu.net\/wordpress\/due-minuti-un-libro\/embed\/#?secret=frbFvxCwpL\" data-secret=\"frbFvxCwpL\" width=\"600\" height=\"338\" frameborder=\"0\" marginwidth=\"0\" marginheight=\"0\" scrolling=\"no\"><\/iframe><\/p>\n<\/div>\n<\/div>\n<\/div>\n<div class=\"mkdf-post-text\">\n<div class=\"mkdf-post-text-inner\">\n<div class=\"mkdf-post-text-main\">\n<div class=\"mkdf-post-text\">\n<div class=\"mkdf-post-text-inner\">\n<div class=\"mkdf-post-text-main\">\n<div class=\"mkdf-post-text\">\n<div class=\"mkdf-post-text-inner\">\n<div class=\"mkdf-post-text-main\">\n<div class=\"page-title-head hgroup\">\n<div class=\"page-title-head hgroup\">\n<div class=\"mkdf-post-text\">\n<div class=\"mkdf-post-text-inner\">\n<div class=\"mkdf-post-text-main\">\n<div class=\"mkdf-post-text\">\n<div class=\"mkdf-post-text-inner\">\n<div class=\"mkdf-post-text-main\">\n<div class=\"page-title-head hgroup\">\n<div class=\"page-title-head hgroup\">\n<div class=\"page-title-head hgroup\">\n<div class=\"page-title-head hgroup\">\n<div class=\"b654a4as d2edcug0\">\n<div class=\"page-title-head hgroup\">\n<div class=\"page-title-head hgroup\">\n<div class=\"page-title-head hgroup\">\n<div class=\"page-title-head hgroup\">\n<div class=\"b654a4as d2edcug0\">\n<div class=\"page-title-head hgroup\">\n<div class=\"page-title-head hgroup\">\n<div class=\"page-title-head hgroup\">\n<div class=\"page-title-head hgroup\">\n<div class=\"b654a4as d2edcug0\">\n<div>\n<p>&nbsp;<\/p>\n<\/div>\n<div>\n<hr \/>\n<p>&nbsp;<\/p>\n<\/div>\n<h2><span style=\"color: #808000;\">L&#8217;ALMANACCO LADINO\u00a0\u00a0<\/span><\/h2>\n<p><strong>LA RACCOLTA<\/strong><\/p>\n<blockquote class=\"wp-embedded-content\" data-secret=\"1e8OHUxS76\"><p><a href=\"https:\/\/www.radiopiu.net\/wordpress\/almanacco-ladino\/\">Almanacco Ladino<\/a><\/p><\/blockquote>\n<p><iframe loading=\"lazy\" class=\"wp-embedded-content\" sandbox=\"allow-scripts\" security=\"restricted\" style=\"position: absolute; clip: rect(1px, 1px, 1px, 1px);\" title=\"&#8220;Almanacco Ladino&#8221; &#8212; Radio Pi\u00f9\" src=\"https:\/\/www.radiopiu.net\/wordpress\/almanacco-ladino\/embed\/#?secret=1e8OHUxS76\" data-secret=\"1e8OHUxS76\" width=\"600\" height=\"338\" frameborder=\"0\" marginwidth=\"0\" marginheight=\"0\" scrolling=\"no\"><\/iframe><\/p>\n<p>&nbsp;<\/p>\n<hr \/>\n<p>&nbsp;<\/p>\n<h2><span style=\"color: #33cccc;\">LA RASSEGNA STAMPA DA L&#8217;AMICO DEL POPOLO<\/span><\/h2>\n<p><strong>LA RACCOLTA COMPLETA<\/strong><\/p>\n<blockquote class=\"wp-embedded-content\" data-secret=\"kzNrH44zYp\"><p><a href=\"https:\/\/www.radiopiu.net\/wordpress\/rassegna-stampa-di-gianni-santomaso\/\">Rassegna stampa da l&#8217;amico del popolo &#8211; di Gianni Santomaso<\/a><\/p><\/blockquote>\n<p><iframe loading=\"lazy\" class=\"wp-embedded-content\" sandbox=\"allow-scripts\" security=\"restricted\" style=\"position: absolute; clip: rect(1px, 1px, 1px, 1px);\" title=\"&#8220;Rassegna stampa da l&#8217;amico del popolo &#8211; di Gianni Santomaso&#8221; &#8212; Radio Pi\u00f9\" src=\"https:\/\/www.radiopiu.net\/wordpress\/rassegna-stampa-di-gianni-santomaso\/embed\/#?secret=kzNrH44zYp\" data-secret=\"kzNrH44zYp\" width=\"600\" height=\"338\" frameborder=\"0\" marginwidth=\"0\" marginheight=\"0\" scrolling=\"no\"><\/iframe><\/p>\n<p>&nbsp;<\/p>\n<hr \/>\n<p>&nbsp;<\/p>\n<h2><span style=\"color: #800080;\">I RACCONTI DI PAOLO SOPPELSA<\/span><\/h2>\n<p><strong>LA RACCOLTA COMPLETA<\/strong><\/p>\n<blockquote class=\"wp-embedded-content\" data-secret=\"JhodGsI4VR\"><p><a href=\"https:\/\/www.radiopiu.net\/wordpress\/i-racconti-di-paolo-soppelsa\/\">I racconti di Paolo Soppelsa<\/a><\/p><\/blockquote>\n<p><iframe loading=\"lazy\" class=\"wp-embedded-content\" sandbox=\"allow-scripts\" security=\"restricted\" style=\"position: absolute; clip: rect(1px, 1px, 1px, 1px);\" title=\"&#8220;I racconti di Paolo Soppelsa&#8221; &#8212; Radio Pi\u00f9\" src=\"https:\/\/www.radiopiu.net\/wordpress\/i-racconti-di-paolo-soppelsa\/embed\/#?secret=JhodGsI4VR\" data-secret=\"JhodGsI4VR\" width=\"600\" height=\"338\" frameborder=\"0\" marginwidth=\"0\" marginheight=\"0\" scrolling=\"no\"><\/iframe><\/p>\n<p>&nbsp;<\/p>\n<hr \/>\n<\/div>\n<div class=\"b654a4as d2edcug0\">\n<p>&nbsp;<\/p>\n<p><a href=\"https:\/\/www.radiopiu.net\/wordpress\/giornale-radiopiu-26-settembre-2018-direttore-mirko-mezzacasa\/viabilita-2\/\" rel=\"attachment wp-att-61954\"><img loading=\"lazy\" decoding=\"async\" class=\"aligncenter wp-image-61954 size-full\" src=\"https:\/\/www.radiopiu.net\/wordpress\/wp-content\/uploads\/2018\/09\/viabilita.jpeg\" sizes=\"auto, (max-width: 800px) 100vw, 800px\" srcset=\"https:\/\/www.radiopiu.net\/wordpress\/wp-content\/uploads\/2018\/09\/viabilita.jpeg 800w, https:\/\/www.radiopiu.net\/wordpress\/wp-content\/uploads\/2018\/09\/viabilita-300x38.jpeg 300w, https:\/\/www.radiopiu.net\/wordpress\/wp-content\/uploads\/2018\/09\/viabilita-768x96.jpeg 768w\" alt=\"\" width=\"800\" height=\"100\" \/><\/a><\/p>\n<div class=\"ecm0bbzt e5nlhep0 a8c37x1j\">\n<div class=\"kvgmc6g5 cxmmr5t8 oygrvhab hcukyx3x c1et5uql\">\n<div class=\"gmail-kvgmc6g5 gmail-cxmmr5t8 gmail-oygrvhab gmail-hcukyx3x gmail-c1et5uql gmail-ii04i59q\">\n<div class=\"page-title-head hgroup\">\n<div class=\"page-title-head hgroup\">\n<div class=\"b654a4as d2edcug0\">\n<div class=\"j83agx80 btwxx1t3 lhclo0ds hop8lmos nkwizq5d scwd0bx6 roh60bw9\">\n<div class=\"rq0escxv hkbzh7o3 jwdofwj8 n8tt0mok r8blr3vg hyh9befq\">\n<div class=\"do00u71z l9j0dhe7 k4urcfbm\">\n<div class=\"page-title-head hgroup\">\n<div class=\"page-title-head hgroup\">\n<div class=\"page-title-head hgroup\">\n<div class=\"page-title-head hgroup\">\n<div class=\"b654a4as d2edcug0\">\n<div class=\"page-title-head hgroup\">\n<div class=\"page-title-head hgroup\">\n<div class=\"page-title-head hgroup\">\n<div class=\"page-title-head hgroup\">\n<div class=\"b654a4as d2edcug0\">\n<div class=\"page-title-head hgroup\">\n<div class=\"page-title-head hgroup\">\n<div class=\"page-title-head hgroup\">\n<div class=\"page-title-head hgroup\">\n<div class=\"page-title-head hgroup\">\n<div class=\"page-title-head hgroup\">\n<div class=\"page-title-head hgroup\">\n<div class=\"page-title-head hgroup\">\n<div class=\"page-title-head hgroup\">\n<div class=\"b654a4as d2edcug0\">\n<div class=\"page-title-head hgroup\">\n<div class=\"page-title-head hgroup\">\n<div class=\"page-title-head hgroup\">\n<div class=\"page-title-head hgroup\">\n<div class=\"b654a4as d2edcug0\">\n<div class=\"page-title-head hgroup\">\n<div class=\"page-title-head hgroup\">\n<div class=\"page-title-head hgroup\">\n<div class=\"page-title-head hgroup\">\n<div class=\"page-title-head hgroup\">\n<div class=\"mkdf-post-text\">\n<div class=\"mkdf-post-text-inner\">\n<div class=\"mkdf-post-text-main\">\n<div class=\"mkdf-post-text\">\n<div class=\"mkdf-post-text-inner\">\n<div class=\"mkdf-post-text-main\">\n<div class=\"mkdf-post-text\">\n<div class=\"mkdf-post-text-inner\">\n<div class=\"mkdf-post-text-main\">\n<div class=\"page-title-head hgroup\">\n<div class=\"page-title-head hgroup\">\n<div class=\"mkdf-post-text\">\n<div class=\"mkdf-post-text-inner\">\n<div class=\"mkdf-post-text-main\">\n<div class=\"mkdf-post-text\">\n<div class=\"mkdf-post-text-inner\">\n<div class=\"mkdf-post-text-main\">\n<div class=\"page-title-head hgroup\">\n<div class=\"page-title-head hgroup\">\n<div class=\"page-title-head hgroup\">\n<div class=\"page-title-head hgroup\">\n<div class=\"b654a4as d2edcug0\">\n<div class=\"page-title-head hgroup\">\n<div class=\"page-title-head hgroup\">\n<div class=\"page-title-head hgroup\">\n<div class=\"page-title-head hgroup\">\n<div class=\"b654a4as d2edcug0\">\n<div class=\"page-title-head hgroup\">\n<div class=\"page-title-head hgroup\">\n<div class=\"page-title-head hgroup\">\n<div class=\"page-title-head hgroup\">\n<div class=\"b654a4as d2edcug0\">\n<div class=\"chat-input\">\n<div class=\"chat-input-container\">\n<div class=\"rows-wrapper chat-input-wrapper\">\n<div class=\"reply-wrapper\">\n<div class=\"btn-menu\">\n<div class=\"btn-menu-item tgico-replace rp\">\n<div class=\"c-ripple\">\n<div class=\"bubbles scrolled-down\">\n<div class=\"scrollable scrollable-y\">\n<div class=\"bubbles-inner has-rights is-chat is-channel\">\n<div class=\"bubbles-date-group\">\n<div class=\"bubble hide-name is-out can-have-tail is-group-first is-group-last is-read\" data-mid=\"5377294335\" data-peer-id=\"-1478820725\" data-timestamp=\"1638437407\">\n<div class=\"bubble-content-wrapper\">\n<div class=\"bubble-content\">\n<p class=\"message\" dir=\"auto\"><strong>48 DELLE DOLOMITI<\/strong> localit\u00e0 Salesei di Sopra (Livinallongo)\u00a0 fino al 23 dicembre dalle 8 alle 17 &#8211; esclusi festivi e prefestivi &#8211; possibili interruzioni fino a 15 minuti, negli altri orari senso unico alternato con semaforo o movieri<\/p>\n<\/div>\n<\/div>\n<\/div>\n<\/div>\n<\/div>\n<\/div>\n<\/div>\n<\/div>\n<\/div>\n<\/div>\n<\/div>\n<\/div>\n<\/div>\n<\/div>\n<\/div>\n<\/div>\n<\/div>\n<\/div>\n<\/div>\n<\/div>\n<\/div>\n<\/div>\n<\/div>\n<\/div>\n<\/div>\n<\/div>\n<\/div>\n<\/div>\n<\/div>\n<\/div>\n<\/div>\n<\/div>\n<\/div>\n<\/div>\n<\/div>\n<\/div>\n<\/div>\n<\/div>\n<\/div>\n<\/div>\n<\/div>\n<\/div>\n<\/div>\n<\/div>\n<\/div>\n<\/div>\n<\/div>\n<\/div>\n<\/div>\n<\/div>\n<\/div>\n<\/div>\n<\/div>\n<\/div>\n<\/div>\n<\/div>\n<\/div>\n<\/div>\n<\/div>\n<\/div>\n<\/div>\n<\/div>\n<\/div>\n<\/div>\n<\/div>\n<\/div>\n<\/div>\n<\/div>\n<\/div>\n<\/div>\n<\/div>\n<\/div>\n<\/div>\n<\/div>\n<\/div>\n<\/div>\n<\/div>\n<\/div>\n<\/div>\n<\/div>\n<\/div>\n<\/div>\n<\/div>\n<\/div>\n<\/div>\n<\/div>\n<\/div>\n<\/div>\n<\/div>\n<\/div>\n<\/div>\n<\/div>\n<\/div>\n<\/div>\n<\/div>\n<\/div>\n<\/div>\n<\/div>\n<\/div>\n<\/div>\n<\/div>\n<\/div>\n<\/div>\n<\/div>\n<\/div>\n<\/div>\n<\/div>\n<\/div>\n<\/div>\n<\/div>\n<\/div>\n<\/div>\n<\/div>\n<\/div>\n<\/div>\n<\/div>\n<\/div>\n<\/div>\n<\/div>\n<\/div>\n<\/div>\n<\/div>\n<\/div>\n<\/div>\n<\/div>\n<\/div>\n<\/div>\n<\/div>\n<\/div>\n<\/div>\n<\/div>\n<\/div>\n<\/div>\n<\/div>\n<\/div>\n<\/div>\n<\/div>\n<\/div>\n<\/div>\n<\/div>\n<\/div>\n<\/div>\n<\/div>\n<\/div>\n<\/div>\n<\/div>\n<\/div>\n<\/div>\n<\/div>\n<\/div>\n<\/div>\n<\/div>\n<\/div>\n<\/div>\n<\/div>\n<\/div>\n<\/div>\n<\/div>\n<\/div>\n<\/div>\n<\/div>\n<\/div>\n<\/div>\n<\/div>\n<\/div>\n<\/div>\n<\/div>\n<\/div>\n<div>\n<div class=\"page-title-head hgroup\">\n<div class=\"page-title-head hgroup\">\n<div class=\"b654a4as d2edcug0\">\n<div class=\"j83agx80 btwxx1t3 lhclo0ds hop8lmos nkwizq5d scwd0bx6 roh60bw9\">\n<div class=\"rq0escxv hkbzh7o3 jwdofwj8 n8tt0mok r8blr3vg hyh9befq\">\n<div class=\"do00u71z l9j0dhe7 k4urcfbm\">\n<div class=\"ecm0bbzt e5nlhep0 a8c37x1j\">\n<div class=\"kvgmc6g5 cxmmr5t8 oygrvhab hcukyx3x c1et5uql\">\n<div class=\"gmail-kvgmc6g5 gmail-cxmmr5t8 gmail-oygrvhab gmail-hcukyx3x gmail-c1et5uql gmail-ii04i59q\">\n<div class=\"page-title-head hgroup\">\n<div class=\"page-title-head hgroup\">\n<div class=\"b654a4as d2edcug0\">\n<div class=\"j83agx80 btwxx1t3 lhclo0ds hop8lmos nkwizq5d scwd0bx6 roh60bw9\">\n<div class=\"rq0escxv hkbzh7o3 jwdofwj8 n8tt0mok r8blr3vg hyh9befq\">\n<div class=\"do00u71z l9j0dhe7 k4urcfbm\">\n<div class=\"page-title-head hgroup\">\n<div class=\"page-title-head hgroup\">\n<div class=\"page-title-head hgroup\">\n<div class=\"page-title-head hgroup\">\n<div class=\"b654a4as d2edcug0\">\n<div class=\"page-title-head hgroup\">\n<div class=\"page-title-head hgroup\">\n<div class=\"page-title-head hgroup\">\n<div class=\"page-title-head hgroup\">\n<div class=\"b654a4as d2edcug0\">\n<div class=\"page-title-head hgroup\">\n<div class=\"page-title-head hgroup\">\n<div class=\"page-title-head hgroup\">\n<div class=\"page-title-head hgroup\">\n<div class=\"page-title-head hgroup\">\n<div class=\"page-title-head hgroup\">\n<div class=\"page-title-head hgroup\">\n<div class=\"page-title-head hgroup\">\n<div class=\"page-title-head hgroup\">\n<div class=\"b654a4as d2edcug0\">\n<div class=\"page-title-head hgroup\">\n<div class=\"page-title-head hgroup\">\n<div class=\"page-title-head hgroup\">\n<div class=\"page-title-head hgroup\">\n<div class=\"b654a4as d2edcug0\">\n<div class=\"page-title-head hgroup\">\n<div class=\"page-title-head hgroup\">\n<div class=\"page-title-head hgroup\">\n<div class=\"page-title-head hgroup\">\n<div class=\"page-title-head hgroup\">\n<div class=\"mkdf-post-text\">\n<div class=\"mkdf-post-text-inner\">\n<div class=\"mkdf-post-text-main\">\n<div class=\"mkdf-post-text\">\n<div class=\"mkdf-post-text-inner\">\n<div class=\"mkdf-post-text-main\">\n<div class=\"mkdf-post-text\">\n<div class=\"mkdf-post-text-inner\">\n<div class=\"mkdf-post-text-main\">\n<div class=\"page-title-head hgroup\">\n<div class=\"page-title-head hgroup\">\n<div class=\"mkdf-post-text\">\n<div class=\"mkdf-post-text-inner\">\n<div class=\"mkdf-post-text-main\">\n<div class=\"mkdf-post-text\">\n<div class=\"mkdf-post-text-inner\">\n<div class=\"mkdf-post-text-main\">\n<div class=\"page-title-head hgroup\">\n<div class=\"page-title-head hgroup\">\n<div class=\"page-title-head hgroup\">\n<div class=\"page-title-head hgroup\">\n<div class=\"b654a4as d2edcug0\">\n<div class=\"page-title-head hgroup\">\n<div class=\"page-title-head hgroup\">\n<div class=\"page-title-head hgroup\">\n<div class=\"page-title-head hgroup\">\n<div class=\"b654a4as d2edcug0\">\n<div class=\"page-title-head hgroup\">\n<div class=\"page-title-head hgroup\">\n<div class=\"page-title-head hgroup\">\n<div class=\"page-title-head hgroup\">\n<div class=\"b654a4as d2edcug0\">\n<div class=\"ecm0bbzt e5nlhep0 a8c37x1j\">\n<div class=\"kvgmc6g5 cxmmr5t8 oygrvhab hcukyx3x c1et5uql\">\n<div class=\"gmail-kvgmc6g5 gmail-cxmmr5t8 gmail-oygrvhab gmail-hcukyx3x gmail-c1et5uql gmail-ii04i59q\">\n<div class=\"page-title-head hgroup\">\n<div class=\"page-title-head hgroup\">\n<div class=\"b654a4as d2edcug0\">\n<div class=\"j83agx80 btwxx1t3 lhclo0ds hop8lmos nkwizq5d scwd0bx6 roh60bw9\">\n<div class=\"rq0escxv hkbzh7o3 jwdofwj8 n8tt0mok r8blr3vg hyh9befq\">\n<div class=\"do00u71z l9j0dhe7 k4urcfbm\">\n<div class=\"page-title-head hgroup\">\n<div class=\"page-title-head hgroup\">\n<div class=\"page-title-head hgroup\">\n<div class=\"page-title-head hgroup\">\n<div class=\"b654a4as d2edcug0\">\n<div class=\"page-title-head hgroup\">\n<div class=\"page-title-head hgroup\">\n<div class=\"page-title-head hgroup\">\n<div class=\"page-title-head hgroup\">\n<div class=\"b654a4as d2edcug0\">\n<div class=\"page-title-head hgroup\">\n<div class=\"page-title-head hgroup\">\n<div class=\"page-title-head hgroup\">\n<div class=\"page-title-head hgroup\">\n<div class=\"page-title-head hgroup\">\n<div class=\"page-title-head hgroup\">\n<div class=\"page-title-head hgroup\">\n<div class=\"page-title-head hgroup\">\n<div class=\"page-title-head hgroup\">\n<div class=\"b654a4as d2edcug0\">\n<div class=\"page-title-head hgroup\">\n<div class=\"page-title-head hgroup\">\n<div class=\"page-title-head hgroup\">\n<div class=\"page-title-head hgroup\">\n<div class=\"b654a4as d2edcug0\">\n<div class=\"page-title-head hgroup\">\n<div class=\"page-title-head hgroup\">\n<div class=\"page-title-head hgroup\">\n<div class=\"page-title-head hgroup\">\n<div class=\"page-title-head hgroup\">\n<div class=\"mkdf-post-text\">\n<div class=\"mkdf-post-text-inner\">\n<div class=\"mkdf-post-text-main\">\n<div class=\"mkdf-post-text\">\n<div class=\"mkdf-post-text-inner\">\n<div class=\"mkdf-post-text-main\">\n<div class=\"mkdf-post-text\">\n<div class=\"mkdf-post-text-inner\">\n<div class=\"mkdf-post-text-main\">\n<div class=\"page-title-head hgroup\">\n<div class=\"page-title-head hgroup\">\n<div class=\"mkdf-post-text\">\n<div class=\"mkdf-post-text-inner\">\n<div class=\"mkdf-post-text-main\">\n<div class=\"mkdf-post-text\">\n<div class=\"mkdf-post-text-inner\">\n<div class=\"mkdf-post-text-main\">\n<div class=\"page-title-head hgroup\">\n<div class=\"page-title-head hgroup\">\n<div class=\"page-title-head hgroup\">\n<div class=\"page-title-head hgroup\">\n<div class=\"b654a4as d2edcug0\">\n<div class=\"page-title-head hgroup\">\n<div class=\"page-title-head hgroup\">\n<div class=\"page-title-head hgroup\">\n<div class=\"page-title-head hgroup\">\n<div class=\"b654a4as d2edcug0\">\n<div class=\"page-title-head hgroup\">\n<div class=\"page-title-head hgroup\">\n<div class=\"page-title-head hgroup\">\n<div class=\"page-title-head hgroup\">\n<div class=\"b654a4as d2edcug0\">\n<p><strong>SP 251 VAL DI ZOLDO E CELLINA<\/strong> fino al 22 dicembre interruzioni alla viabilit\u00e0 della durata massima di 10 minuti e senso unico alternato nei periodi non interessati dalle interruzioni nel comune di Val di Zoldo<\/p>\n<p><strong>SP 40 VAL SENAIGA<\/strong>\u00a0 Fino\u00a0 al 22 dicembre, sabati domeniche e festivi inclusi, interdizione totale al traffico in localit\u00e0 Pei di Lamon per consolidamento corpo stradale<\/p>\n<p>&nbsp;<\/p>\n<hr \/>\n<p>&nbsp;<\/p>\n<\/div>\n<div class=\"b654a4as d2edcug0\">\n<div class=\"ecm0bbzt e5nlhep0 a8c37x1j\">\n<div class=\"kvgmc6g5 cxmmr5t8 oygrvhab hcukyx3x c1et5uql\">\n<div class=\"gmail-kvgmc6g5 gmail-cxmmr5t8 gmail-oygrvhab gmail-hcukyx3x gmail-c1et5uql gmail-ii04i59q\">\n<div>\n<div class=\"page-title-head hgroup\">\n<div class=\"page-title-head hgroup\">\n<div class=\"b654a4as d2edcug0\">\n<div class=\"j83agx80 btwxx1t3 lhclo0ds hop8lmos nkwizq5d scwd0bx6 roh60bw9\">\n<div class=\"rq0escxv hkbzh7o3 jwdofwj8 n8tt0mok r8blr3vg hyh9befq\">\n<div class=\"do00u71z l9j0dhe7 k4urcfbm\">\n<div>\n<div class=\"page-title-head hgroup\">\n<div class=\"page-title-head hgroup\">\n<div class=\"page-title-head hgroup\">\n<div class=\"page-title-head hgroup\">\n<div class=\"b654a4as d2edcug0\">\n<div class=\"page-title-head hgroup\">\n<div class=\"page-title-head hgroup\">\n<div class=\"page-title-head hgroup\">\n<div class=\"page-title-head hgroup\">\n<div class=\"b654a4as d2edcug0\">\n<div class=\"page-title-head hgroup\">\n<div class=\"page-title-head hgroup\">\n<div class=\"page-title-head hgroup\">\n<div class=\"page-title-head hgroup\">\n<div class=\"page-title-head hgroup\">\n<div class=\"mkdf-post-text\">\n<div class=\"mkdf-post-text-inner\">\n<div class=\"mkdf-post-text-main\">\n<div class=\"mkdf-post-text\">\n<div class=\"mkdf-post-text-inner\">\n<div class=\"mkdf-post-text-main\">\n<div class=\"mkdf-post-text\">\n<div class=\"mkdf-post-text-inner\">\n<div class=\"mkdf-post-text-main\">\n<div class=\"page-title-head hgroup\">\n<div class=\"page-title-head hgroup\">\n<div class=\"mkdf-post-text\">\n<div class=\"mkdf-post-text-inner\">\n<div class=\"mkdf-post-text-main\">\n<div class=\"mkdf-post-text\">\n<div class=\"mkdf-post-text-inner\">\n<div class=\"mkdf-post-text-main\">\n<div>\n<div class=\"page-title-head hgroup\">\n<div class=\"page-title-head hgroup\">\n<div>\n<div class=\"page-title-head hgroup\">\n<div class=\"page-title-head hgroup\">\n<div class=\"b654a4as d2edcug0\">\n<div>\n<div class=\"page-title-head hgroup\" style=\"text-align: left;\">\n<div class=\"page-title-head hgroup\">\n<div dir=\"auto\">\n<p><a class=\"dt-pswp-item pspw-wrap-ready\" href=\"https:\/\/i0.wp.com\/www.radiopiu.net\/wordpress\/wp-content\/uploads\/2018\/09\/WhatsApp-Image-2018-09-20-at-16.04.06.jpeg?ssl=1\" data-dt-img-description=\"\" data-large_image_width=\"800\" data-large_image_height=\"100\"><img loading=\"lazy\" decoding=\"async\" class=\"aligncenter wp-image-61378 size-full jetpack-lazy-image jetpack-lazy-image--handled\" src=\"https:\/\/i0.wp.com\/www.radiopiu.net\/wordpress\/wp-content\/uploads\/2018\/09\/WhatsApp-Image-2018-09-20-at-16.04.06.jpeg?resize=800%2C100&amp;ssl=1\" sizes=\"auto, (max-width: 800px) 100vw, 800px\" srcset=\"https:\/\/i0.wp.com\/www.radiopiu.net\/wordpress\/wp-content\/uploads\/2018\/09\/WhatsApp-Image-2018-09-20-at-16.04.06.jpeg?w=800&amp;ssl=1 800w, https:\/\/i0.wp.com\/www.radiopiu.net\/wordpress\/wp-content\/uploads\/2018\/09\/WhatsApp-Image-2018-09-20-at-16.04.06.jpeg?resize=300%2C38&amp;ssl=1 300w, https:\/\/i0.wp.com\/www.radiopiu.net\/wordpress\/wp-content\/uploads\/2018\/09\/WhatsApp-Image-2018-09-20-at-16.04.06.jpeg?resize=768%2C96&amp;ssl=1 768w\" alt=\"\" width=\"800\" height=\"100\" data-lazy-loaded=\"1\" \/><\/a><\/p>\n<\/div>\n<\/div>\n<\/div>\n<\/div>\n<\/div>\n<\/div>\n<\/div>\n<\/div>\n<\/div>\n<\/div>\n<\/div>\n<\/div>\n<\/div>\n<\/div>\n<\/div>\n<\/div>\n<\/div>\n<\/div>\n<\/div>\n<\/div>\n<\/div>\n<\/div>\n<\/div>\n<\/div>\n<\/div>\n<\/div>\n<\/div>\n<\/div>\n<\/div>\n<\/div>\n<\/div>\n<\/div>\n<\/div>\n<\/div>\n<\/div>\n<\/div>\n<\/div>\n<\/div>\n<\/div>\n<\/div>\n<\/div>\n<\/div>\n<\/div>\n<\/div>\n<p>&nbsp;<\/p>\n<\/div>\n<\/div>\n<\/div>\n<\/div>\n<\/div>\n<\/div>\n<\/div>\n<\/div>\n<\/div>\n<\/div>\n<\/div>\n<\/div>\n<\/div>\n<\/div>\n<\/div>\n<\/div>\n<\/div>\n<\/div>\n<\/div>\n<\/div>\n<\/div>\n<\/div>\n<\/div>\n<\/div>\n<\/div>\n<\/div>\n<\/div>\n<\/div>\n<\/div>\n<\/div>\n<\/div>\n<\/div>\n<\/div>\n<\/div>\n<\/div>\n<\/div>\n<\/div>\n<\/div>\n<\/div>\n<\/div>\n<\/div>\n<\/div>\n<\/div>\n<\/div>\n<\/div>\n<\/div>\n<\/div>\n<\/div>\n<\/div>\n<\/div>\n<\/div>\n<\/div>\n<\/div>\n<\/div>\n<\/div>\n<\/div>\n<\/div>\n<\/div>\n<\/div>\n<\/div>\n<\/div>\n<\/div>\n<\/div>\n<\/div>\n<\/div>\n<\/div>\n<\/div>\n<\/div>\n<\/div>\n<\/div>\n<\/div>\n<\/div>\n<\/div>\n<\/div>\n<\/div>\n<\/div>\n<\/div>\n<\/div>\n<\/div>\n<\/div>\n<\/div>\n<\/div>\n<\/div>\n<\/div>\n<\/div>\n<\/div>\n<\/div>\n<\/div>\n<\/div>\n<\/div>\n<\/div>\n<\/div>\n<\/div>\n<\/div>\n<\/div>\n<\/div>\n<\/div>\n<\/div>\n<\/div>\n<\/div>\n<\/div>\n<\/div>\n<\/div>\n<\/div>\n<\/div>\n<\/div>\n<\/div>\n<\/div>\n<\/div>\n<\/div>\n<\/div>\n<\/div>\n<\/div>\n<\/div>\n<\/div>\n<\/div>\n<\/div>\n<\/div>\n<\/div>\n<\/div>\n<\/div>\n<\/div>\n<\/div>\n<\/div>\n<\/div>\n<\/div>\n<\/div>\n<\/div>\n<\/div>\n<\/div>\n<\/div>\n<\/div>\n<\/div>\n<\/div>\n<\/div>\n<\/div>\n<\/div>\n<\/div>\n<\/div>\n<\/div>\n<\/div>\n<\/div>\n<\/div>\n<\/div>\n<\/div>\n<\/div>\n<\/div>\n<\/div>\n<\/div>\n<\/div>\n<\/div>\n<\/div>\n<\/div>\n<\/div>\n<\/div>\n<\/div>\n<\/div>\n<\/div>\n<\/div>\n<div><center><b>Sabato 18<\/b><\/center><b>Tempo atteso: <\/b>Tempo stabile e ben soleggiato con cielo sereno, aria tersa e ottima visibilit\u00e0 in montagna. Minore insidia nebbia in Valbelluna durante le ore pi\u00f9 fredde, ma localmente sar\u00e0 comunque presente nella parte centro-meridionali del catino. In alta quota atmosfera assai ventilata tra la notte e il primo mattino, ma il vento tender\u00e0 a scemare sensibilmente con il passare delle ore. Minore mitezza diurna rispetto a venerd\u00ec.<br \/>\n<b>Precipitazioni: <\/b>Assenti (0%).<br \/>\n<b>Temperature: <\/b>Minime in leggero calo, eccetto locali aumenti nei settori interessati dal Foehn mattutino; massime in generale leggera flessione, circa 2\/3\u00b0C in meno rispetto a venerd\u00ec. Riduzione dell&#8217;inversione termica nei fondovalle. Su Prealpi a 1500 m min 3\u00b0C max 5\u00b0C, a 2000 m min 0\u00b0C max 2\u00b0C. Su Dolomiti a 2000 m min -1\u00b0C max 2\u00b0C, a 3000 m min -5\u00b0C max -3\u00b0C.<br \/>\n<b>Venti: <\/b>Nelle valli perlopi\u00f9 deboli, eccetto rinforzi per qualche locale episodio di Foehn; in quota inizialmente moderati\/tesi da nord-est, anche forti di notte oltre i 2300\/2500 m, in sensibile attenuazione con il passare delle ore, a 10-35 km\/h a 2000 m e 20-70 km\/h a 3000 m, con qualche punta a 80\/90 km\/h nottetempo sulle cime dolomitiche pi\u00f9 alte.<\/p>\n<hr \/>\n<p><center><b>Domenica 19<\/b><\/center><b>Tempo atteso: <\/b>Bel tempo ancora assai mite per il periodo, specie in quota, con inversione termica nei fondovalle e nei settori in ombra. Ottima visibilit\u00e0 in quota, mentre persister\u00e0 una lieve insidia di nebbia in Valbelluna durante le ore pi\u00f9 fredde. Alla sera lievi velature del cielo per transito di qualche nube alta.<br \/>\n<b>Precipitazioni: <\/b>Assenti (0%)<br \/>\n<b>Temperature: <\/b>In generale lieve rialzo, eccetto calo delle minime nelle valli non pi\u00f9 interessate dal Foehn. Persistenza dell&#8217;inversione termica nei fondovalle. Su Prealpi a 1500 m min 4\u00b0C max 6\u00b0C, a 2000 m min 1\u00b0C max 3\u00b0C. Su Dolomiti a 2000 m min 0\u00b0C max 3\u00b0C, a 3000 m min -4\u00b0C max -2\u00b0C.<br \/>\n<b>Venti: <\/b>Nelle valli deboli di direzione variabile, eccetto solite brezze notturne nei fondovalle prealpini tra la notte e il primo mattino e ripresa del Foehn nelle valli al pomeriggio\/sera; in quota moderati dai quadranti settentrionali al primo mattino, in rinforzo dalle ore centrali in poi fino a tesi\/forti da nord oltre i 2000 m, a 15-45 km\/h a 2000 m e 25-80 km\/h a 3000 m.<\/p>\n<hr \/>\n<p><center><b>Lunedi 20<\/b><\/center>Ben soleggiato con cielo sereno in un&#8217;atmosfera, un po&#8217; pi\u00f9 fredda e assai pi\u00f9 ventosa in quota, mentre il Foehn si diffonder\u00e0 in molte valli. Aria nitida e ottima visibilit\u00e0 quasi ovunque. Temperature in calo in quota con minime raggiunte alla sera, complessivamente in calo nelle valli, ma con locali rialzi nei settori interessati dal Foehn. Venti tesi\/forti da nord nord-ovest in quota, a tratti molto forti sulle cime pi\u00f9 alte; perlopi\u00f9 moderati dai quadranti settentrionali nelle valli, con rinforzi a volte sensibili per raffiche di Foehn.<\/p>\n<hr \/>\n<p><center><b>Martedi 21<\/b><\/center>Sole, aria nitida e ottima visibilit\u00e0 sulle Dolomiti; ingresso di aria fredda ed umida da est con rischio di nubi basse stratiformi sulle Prealpi. L&#8217;ambiente sar\u00e0 decisamente pi\u00f9 freddo a tutte le quote con ulteriore generale e sensibile diminuzione delle temperature (-6\u00b0C a 1500 m, -9\u00b0C a 2000 m e -15\u00b0C a 3000 m). Venti moderati da nord-ovest in quota, a tratti tesi sulle vette pi\u00f9 alte nottetempo; perlopi\u00f9 deboli di direzione variabile nelle valli. Previsore: R.L.Th.<\/p>\n<p>&nbsp;<\/p>\n<\/div>\n<hr \/>\n<p>&nbsp;<\/p>\n<div class=\"mkdf-post-text\">\n<div class=\"mkdf-post-text-inner\">\n<p><a href=\"https:\/\/www.radiopiu.net\/wordpress\/giornale-radiopiu-15-settembre-2018-direttore-mirko-mezzacasa\/sport-7\/\" rel=\"attachment wp-att-60761\"><img loading=\"lazy\" decoding=\"async\" class=\"wp-image-60761 size-full aligncenter\" src=\"https:\/\/www.radiopiu.net\/wordpress\/wp-content\/uploads\/2018\/09\/sport.jpg\" alt=\"\" width=\"800\" height=\"100\" srcset=\"https:\/\/www.radiopiu.net\/wordpress\/wp-content\/uploads\/2018\/09\/sport.jpg 800w, https:\/\/www.radiopiu.net\/wordpress\/wp-content\/uploads\/2018\/09\/sport-300x38.jpg 300w, https:\/\/www.radiopiu.net\/wordpress\/wp-content\/uploads\/2018\/09\/sport-768x96.jpg 768w\" sizes=\"auto, (max-width: 800px) 100vw, 800px\" \/><\/a><\/p>\n<\/div>\n<\/div>\n<p><span style=\"color: #0000ff;\"><strong>CALCIO<\/strong><\/span><\/p>\n<blockquote>\n<h3>ULTIMO FINE SETTIMANA DI CALCIO DEL 2021 PER AGORDINA E KERALPEN<\/h3>\n<\/blockquote>\n<p><strong><a href=\"https:\/\/www.radiopiu.net\/wordpress\/calcio-hockey-il-fine-settimana-seguito-da-radio-piu\/calcio-gol\/\" rel=\"attachment wp-att-73083\"><img loading=\"lazy\" decoding=\"async\" class=\"size-medium wp-image-73083 alignleft\" src=\"https:\/\/www.radiopiu.net\/wordpress\/wp-content\/uploads\/2019\/01\/CALCIO-GOL-300x150.jpg\" alt=\"\" width=\"300\" height=\"150\" srcset=\"https:\/\/www.radiopiu.net\/wordpress\/wp-content\/uploads\/2019\/01\/CALCIO-GOL-300x150.jpg 300w, https:\/\/www.radiopiu.net\/wordpress\/wp-content\/uploads\/2019\/01\/CALCIO-GOL-768x384.jpg 768w, https:\/\/www.radiopiu.net\/wordpress\/wp-content\/uploads\/2019\/01\/CALCIO-GOL.jpg 800w\" sizes=\"auto, (max-width: 300px) 100vw, 300px\" \/><\/a>AGORDO<\/strong> Il 2021 calcistico di Agordina e Keralpen si conclude questo fine settimana. Ultime partite in programma per il settore giovanile dell&#8217;Agordina e prima squadra ma anche per il Keralpen Belluno. Per il settore giovanile dell&#8217;Agordina i Giovanissimi Provinciali sono gi\u00e0 in vacanza e ritorneranno in campo a fine febbraio. In campo le altre due squadre. Oggi alle 15 all&#8217;Ivano Dorigo di Agordo \u00e8 in programma la sfida valida per il campionato regionale Juniores tra Agordina e Ardita Breda. Gli Allievi Regionali scenderanno in campo domani alle 10:30 quando allo stadio di Agordo si disputer\u00e0 il derby contro la Dolomiti Academy. Ultima partita dell&#8217;anno per la prima squadra allenata da Lorenzi che giocher\u00e0 in trasferta contro il Castion domani alle 14:30. Una sfida che sulla carta vede favoriti gli agordini ma il fattore campo conter\u00e0 molto. Il Keralpen dovr\u00e0 affrontare una trasferta in terra trevigiana. Sempre domani alle 14:30 le ragazze di Belluno saranno impegnate contro il Villorba. Domani pomeriggio su Radio Pi\u00f9 l&#8217;appuntamento con &#8220;Domenica Pi\u00f9 Sport&#8221; per seguire in diretta le partite di Agordina e Keralpen.<\/p>\n<p>&nbsp;<\/p>\n<p>&nbsp;<\/p>\n<hr \/>\n<p>&nbsp;<\/p>\n<p><span style=\"color: #0000ff;\"><strong>PALLAVOLO MASCHILE\u00a0<\/strong><\/span><\/p>\n<blockquote>\n<h3>DOMANI IL PORTOMAGGIORE SFIDA I BELLUNESI ALLA SPES ARENA<\/h3>\n<\/blockquote>\n<p><strong><a href=\"https:\/\/www.radiopiu.net\/wordpress\/giornale-radiopiu-18-dicembre-2021-direttore-mirko-mezzacasa\/mozzato_tra_i_migliori\/\" rel=\"attachment wp-att-248859\"><img loading=\"lazy\" decoding=\"async\" class=\"size-medium wp-image-248859 alignleft\" src=\"https:\/\/www.radiopiu.net\/wordpress\/wp-content\/uploads\/2021\/12\/Mozzato_tra_i_migliori-300x200.jpg\" alt=\"\" width=\"300\" height=\"200\" srcset=\"https:\/\/www.radiopiu.net\/wordpress\/wp-content\/uploads\/2021\/12\/Mozzato_tra_i_migliori-300x200.jpg 300w, https:\/\/www.radiopiu.net\/wordpress\/wp-content\/uploads\/2021\/12\/Mozzato_tra_i_migliori-1024x683.jpg 1024w, https:\/\/www.radiopiu.net\/wordpress\/wp-content\/uploads\/2021\/12\/Mozzato_tra_i_migliori-768x512.jpg 768w, https:\/\/www.radiopiu.net\/wordpress\/wp-content\/uploads\/2021\/12\/Mozzato_tra_i_migliori-1536x1024.jpg 1536w, https:\/\/www.radiopiu.net\/wordpress\/wp-content\/uploads\/2021\/12\/Mozzato_tra_i_migliori.jpg 1680w\" sizes=\"auto, (max-width: 300px) 100vw, 300px\" \/><\/a>BELLUNO<\/strong>\u00a0 Domani\u00a0alla Spes Arena\u00a0 alle 18, approda il\u00a0 Portomaggiore: un sestetto che, pur avendo vinto una gara in meno rispetto ai bellunesi, ha un punto in pi\u00f9. Ed \u00e8 uno scalino sopra in graduatoria: ovvero, al sesto posto.\u00a0 <em>\u00abI due principali terminali d\u2019attacco &#8211; spiega nella consueta analisi tecnica il secondo allenatore, <b>Lorenzo Nesello<\/b> &#8211; sono Dahl e Pinali. Il primo, in particolare, \u00e8 un opposto mancino di grande fisicit\u00e0 e pericolosit\u00e0. Basti pensare che nell\u2019ultima sfida, a Garlasco, ha realizzato 28 punti in quattro set\u00bb. Attenzione pure ai centrali: \u00abAprile e Ferrari. Sono entrambi molto alti e ben serviti dal palleggiatore Govoni. In pi\u00f9, hanno un servizio float piuttosto insidioso\u00bb.<\/em><\/p>\n<p>Foto: Matteo Mozzato \u00e8 ancora tra i \u201cbig\u201d del campionato di Serie A3, \u00e8 il miglior centrale dell\u2019undicesima giornata d\u2019andata: il diciannovenne si \u00e8 rivelato determinante in occasione del successo al tie-break a San Don\u00e0 di Piave. Un successo che ha consentito alla\u00a0 Pallavolo Belluno di cementare il sesto posto in classifica e di compiere un ulteriore passo verso l\u2019obiettivo stagionale.<\/p>\n<p>&nbsp;<\/p>\n<p>&nbsp;<\/p>\n<hr \/>\n<p>&nbsp;<\/p>\n<p>&nbsp;<\/p>\n<p><span style=\"color: #0000ff;\"><strong>PALLAVOLO FEMMINILE<\/strong><\/span><\/p>\n<blockquote>\n<h3>ULTIMO MATCH 2021, LE LUPE A STRA<\/h3>\n<p><b><a href=\"https:\/\/www.radiopiu.net\/wordpress\/giornale-radiopiu-18-dicembre-2021-direttore-mirko-mezzacasa\/pavei_viel_e_casanova\/\" rel=\"attachment wp-att-248854\"><img loading=\"lazy\" decoding=\"async\" class=\"size-medium wp-image-248854 alignleft\" src=\"https:\/\/www.radiopiu.net\/wordpress\/wp-content\/uploads\/2021\/12\/Pavei_Viel_e_Casanova-300x219.jpg\" alt=\"\" width=\"300\" height=\"219\" srcset=\"https:\/\/www.radiopiu.net\/wordpress\/wp-content\/uploads\/2021\/12\/Pavei_Viel_e_Casanova-300x219.jpg 300w, https:\/\/www.radiopiu.net\/wordpress\/wp-content\/uploads\/2021\/12\/Pavei_Viel_e_Casanova.jpg 750w\" sizes=\"auto, (max-width: 300px) 100vw, 300px\" \/><\/a>BELLUNO <\/b>Ultimo atto di un 2021 da incorniciare per la Pallavolo Belluno femminile. Il campionato riserva alle ragazze di coach Pavei l\u2019ennesima trasferta, in programma\u00a0 per oggi alle 20.30 a Stra, dove ad attendere Martina Fantinel e compagne c\u2019\u00e8 il Synergy Volley Venezia.<em>\u00abOttenere punti da questa sfida &#8211; spiega il presidente del settore femminile, Claudio Casanova &#8211; sarebbe importantissimo. Ma sappiamo che non sar\u00e0 facile perch\u00e9 il Synergy \u00e8 cresciuto parecchio nell\u2019ultimo periodo\u00bb. Non a caso, ha vinto tre delle ultime quattro partite: \u00abIn pi\u00f9 dobbiamo fare i conti con qualche acciacco, visto che Fioretti e Zambon non sono al meglio e Casagrande, durante la settimana, era indisponibile. Ma le lupe sono agguerrite: rimaniamo fiduciosi\u00bb.<\/em><\/p><\/blockquote>\n<div class=\"moz-text-html\" lang=\"x-unicode\">\n<div dir=\"ltr\">\n<p>Il raccolto delle prime otto giornate soddisfa a pieno il presidente Casanova: <em>\u00abSiamo andati oltre le aspettative. Non dimentichiamo che per un lungo periodo ci siamo allenati in nove e che, a causa delle difficolt\u00e0 legate al reperimento di giocatrici, il roster non \u00e8 completo. Ma i nostri tecnici Dario Pavei e Paolo Viel hanno compiuto un lavoro incredibile. Le giovani sono cresciute rapidamente e, in generale, tutte le ragazze si applicano al massimo: non fanno mai mancare la loro presenza, n\u00e9 il loro impegno in palestra. Lo staff tecnico e le nostre atlete meritano un sincero e profondo elogio\u00bb.<\/em><\/p>\n<\/div>\n<p>&nbsp;<\/p>\n<div dir=\"ltr\">\n<p><span style=\"color: #0000ff;\"><strong>HOCKEY SU GHIACCIO\u00a0<\/strong><\/span><\/p>\n<table width=\"100%\">\n<tbody>\n<tr>\n<td>\n<table width=\"100%\">\n<tbody>\n<tr>\n<td>\n<h1 class=\"null\"><strong>Mondiali under 20: Italia promossa in Prima Divisione\u00a0 con un turno di anticipo<\/strong><\/h1>\n<\/td>\n<\/tr>\n<\/tbody>\n<\/table>\n<\/td>\n<\/tr>\n<tr>\n<td>\n<table width=\"100%\">\n<tbody>\n<tr>\n<td>\n<h3 class=\"null\">Dopo aver superato 5-1 la Corea del Sud, e grazie alla sconfitta della Gran Bretagna contro la Romania, gli azzurri tornano matematicamente in Prima Divisione.<\/h3>\n<\/td>\n<\/tr>\n<\/tbody>\n<\/table>\n<table width=\"100%\">\n<tbody>\n<tr>\n<td>\n<table width=\"100%\">\n<tbody>\n<tr>\n<td>\n<h4><a href=\"https:\/\/www.radiopiu.net\/wordpress\/allarme-alla-scuola-di-puos-intervento-di-tecnici-e-vigili-del-fuoco\/e3559450-aa03-04d3-21d0-e9d99cd5361a\/\" rel=\"attachment wp-att-248940\"><img loading=\"lazy\" decoding=\"async\" class=\"wp-image-248940 alignleft\" src=\"https:\/\/www.radiopiu.net\/wordpress\/wp-content\/uploads\/2021\/12\/e3559450-aa03-04d3-21d0-e9d99cd5361a-300x225.jpg\" alt=\"\" width=\"207\" height=\"155\" srcset=\"https:\/\/www.radiopiu.net\/wordpress\/wp-content\/uploads\/2021\/12\/e3559450-aa03-04d3-21d0-e9d99cd5361a-300x225.jpg 300w, https:\/\/www.radiopiu.net\/wordpress\/wp-content\/uploads\/2021\/12\/e3559450-aa03-04d3-21d0-e9d99cd5361a-1024x768.jpg 1024w, https:\/\/www.radiopiu.net\/wordpress\/wp-content\/uploads\/2021\/12\/e3559450-aa03-04d3-21d0-e9d99cd5361a-768x576.jpg 768w, https:\/\/www.radiopiu.net\/wordpress\/wp-content\/uploads\/2021\/12\/e3559450-aa03-04d3-21d0-e9d99cd5361a-1536x1152.jpg 1536w, https:\/\/www.radiopiu.net\/wordpress\/wp-content\/uploads\/2021\/12\/e3559450-aa03-04d3-21d0-e9d99cd5361a-2048x1536.jpg 2048w\" sizes=\"auto, (max-width: 207px) 100vw, 207px\" \/><\/a><\/h4>\n<h4>Missione compiuta. Dura solo una stagione il purgatorio dell&#8217;<strong>Italia under 20<\/strong> di <strong>hockey su ghiaccio<\/strong>. Grazie al <a href=\"https:\/\/fisg.us8.list-manage.com\/track\/click?u=7a7c1fbac636df98c2c8a8f98&amp;id=7c8b803939&amp;e=81156ecc96\">successo 5-1 contro la <\/a><strong>Corea del Sud <\/strong>di oggi pomeriggio e alla sorprendente<a href=\"https:\/\/fisg.us8.list-manage.com\/track\/click?u=7a7c1fbac636df98c2c8a8f98&amp;id=7f5b532871&amp;e=81156ecc96\"> sconfitta di questa sera della <strong>Gran Bretagna<\/strong> contro la <strong>Romania<\/strong><\/a>, gli azzurri di coach <strong>Giorgio De Bettin<\/strong> guadagnano la <strong>promozione<\/strong> in Prima Divisione con una giornata di anticipo. Il <strong>Mondiale di Seconda Divisione Gruppo A<\/strong> di <strong>Brasov<\/strong> si concluder\u00e0 domenica con la sfida fra <strong>Italia<\/strong> e <strong>Gran<\/strong> <strong>Bretagna<\/strong>, un match per\u00f2 inutile ai fini di una <strong>classifica<\/strong> che vede gli azzurri ormai matematicamente irraggiungibili\u00a0 per tutti.<\/h4>\n<p>L&#8217;<strong>Italia<\/strong>, infatti, \u00e8 in vetta alla graduatoria con 12 punti, 5 in pi\u00f9 di <strong>Corea<\/strong> <strong>del<\/strong> Sud e <strong>Gran<\/strong> <strong>Bretagna<\/strong>, che per\u00f2 hanno solamente altri 3 punti a disposizione. Gli azzurri viaggiano a punteggio pieno con 4 vittorie in 4 partite, 19 gol fatti e appena 2 subiti. Il prossimo anno, dunque, l&#8217;Italia torner\u00e0 a disputare il <strong>Mondiale di Prima Divisione Gruppo B<\/strong> dopo la brutta <strong>retrocessione<\/strong> di dicembre 2019 a <strong>Kiev<\/strong>, quando gli azzurri finirono ultimi alle spalle di Ungheria, Francia, Ucraina, Polonia ed Estonia.<\/td>\n<\/tr>\n<\/tbody>\n<\/table>\n<\/td>\n<\/tr>\n<\/tbody>\n<\/table>\n<\/td>\n<\/tr>\n<\/tbody>\n<\/table>\n<p>&nbsp;<\/p>\n<p>&nbsp;<\/p>\n<blockquote>\n<h3>LE CIVETTE VANNO NELLA TANA DEI LUCCI<\/h3>\n<\/blockquote>\n<p><strong><a href=\"https:\/\/www.radiopiu.net\/wordpress\/sabato-le-civette-vanno-nella-tana-dei-lucci\/alleghe-hockey-2021\/\" rel=\"attachment wp-att-248745\"><img loading=\"lazy\" decoding=\"async\" class=\"wp-image-248745 alignleft\" src=\"https:\/\/www.radiopiu.net\/wordpress\/wp-content\/uploads\/2021\/12\/ALLEGHE-HOCKEY-2021-300x166.jpg\" alt=\"\" width=\"376\" height=\"208\" srcset=\"https:\/\/www.radiopiu.net\/wordpress\/wp-content\/uploads\/2021\/12\/ALLEGHE-HOCKEY-2021-300x166.jpg 300w, https:\/\/www.radiopiu.net\/wordpress\/wp-content\/uploads\/2021\/12\/ALLEGHE-HOCKEY-2021-768x425.jpg 768w, https:\/\/www.radiopiu.net\/wordpress\/wp-content\/uploads\/2021\/12\/ALLEGHE-HOCKEY-2021.jpg 1024w\" sizes=\"auto, (max-width: 376px) 100vw, 376px\" \/><\/a>di Roberto Miana, portavoce dell&#8217;Alleghe Hockey<\/strong><\/p>\n<p>Sesta giornata del girone di ritorno dell&#8217;Italian Hockey League. Sabato 18 dicembre alle ore 19:30 l&#8217;Alleghe gioca a Caldaro. <strong>ALLEGHE:<\/strong> i Biancorossi si apprestano ad affrontare la difficile trasferta di Caldaro contro i campioni in carica del torneo, dopo aver conquistato sabato la quinta vittoria consecutiva sotto ai lamellari del \u201cDe Toni\u201d, battendo 5-3 un coriaceo Varese. Contro i gialloneri il primo parziale non ha sancito n\u00e9 vincitori n\u00e9 vinti, con le due formazioni che si sono annullate a vicenda. Nel secondo drittel gli agordini sono saliti in cattedra, segnando tre marcature in otto minuti con Edgar De Toni #45, Loris De Val #10 e Francesco Soppelsa #22. Il terzo tempo ha registrato la grande reazione dei Mastini che, complice il calo dei nostri ragazzi, hanno rimesso l\u2019incontro in parit\u00e0. A tre minuti dalla sirena, quando cominciava a farsi concreto lo spettro dell&#8217;overtime o peggio il rischio della beffa finale, ci ha pensato ancora Edgar De Toni #45 a riportare avanti le Civette. Negli ultimi secondi \u00e8 arrivato anche il sigillo a porta vuota di Francesco Soppelsa #22, che ha messo la parola fine alla contesa. Per i Biancorossi quinta posizione in classifica con 25 punti, 38 reti segnate e 32 subite, che ne fanno la miglior difesa del torneo. <strong>CALDARO:<\/strong> i Lucci si presentano alla sfida con le Civette galvanizzati dalla brillante vittoria 5-2 ottenuta contro l&#8217;Unterland, nello scontro di altissima classifica giocato sabato sul ghiaccio della Wurth Arena di Egna. Gara nella quale il Caldaro si \u00e8 difeso molto bene con una prova superlativa del proprio estremo difensore Daniel Morandell e ha messo in mostra la devastante concretezza dei propri attaccanti Michael Felderer e del Finlandese Sakari Virtala, senza dimenticare Luca De Don\u00e0, miglior realizzatore stagionale della squadra con 13 centri. In questa stagione, a difesa della gabbia dei nostri prossimi avversari, sta funzionando molto bene l&#8217;alternanza tra i due portieri altoatesini: il gi\u00e0 citato Daniel Morandell con il 91,2% di parate e Alex Andergassen con percentuale vicina al 94%. Il Caldaro \u00e8 terzo in classifica con 28 punti, 48 gol fatti (terzo miglior attacco) e 36 subiti. <strong>STATISTICHE<\/strong> Caldaro vs Alleghe: dalla stagione 2015\/2016, da quando Caldaro e Alleghe si affrontano nel campionato di serie B (IHL), le Civette hanno incrociato le stecche con i Lucci in 15 occasioni. Il bilancio generale conta 5 successi Alleghesi e 10 del Caldaro. Considerando le sole partite giocate Oltradige, nelle 7 gare disputate si sono registrate 4 vittorie dei padroni di casa e 3 dei Biancorossi. La passata stagione a Caldaro si sono imposti i Lucci 7-3. Nella gara di andata, giocata il 23 ottobre al &#8220;De Toni&#8221; di Alleghe, successo degli Agordini 3-2 all&#8217;overtime. Conteggiando le reti totali tra le due squadre si contano 36 marcature dell\u2019Alleghe e 57 del Caldaro.<\/p>\n<p><strong>SV Kaltern CALDARO &#8211; ALLEGHE Hockey<\/strong><br \/>\nSabato 18 dicembre ore 19:30 \u2013 Stadio Raiffeisen Arena di Caldaro (Bz)<br \/>\nArbitri: Luca Cassol e Luca Zatta con giudici di linea Andrea Rivis e Federico Rivis<\/p>\n<p><em><strong>Collegamenti in DIRETTA RADIOFONICA su Radio Pi\u00f9 (www.radiopiu.net) con \u201cHockey al punto giusto\u201d in studio Marco Gaz e da Caldaro interventi di Federico Paganin<\/strong><\/em><\/p>\n<\/div>\n<\/div>\n<\/div>\n<\/div>\n<\/div>\n<\/div>\n<\/div>\n<\/div>\n<\/div>\n","protected":false},"excerpt":{"rendered":"<p>INFORMAZIONE il canale su TELEGRAM informazione di prima mano e in tempo reale. iscriviti ed aiutaci a farlo conoscere\u00a0 &nbsp; IL VENETO ANTICIPA LE DECISIONI DEL GOVERNO CENTRALE: DALLA MEZZANOTTE E&#8217; CAMBIATO IL COLORE, DA BIANCO A GIALLO. NESSUN LIMITE PER GLI SPOSTAMENTI E PER LE ATTIVITA&#8217; COMMERCIALI. LA NOVITA&#8217; E&#8217; LA MASCHERINA DA PORTARE&hellip;<\/p>\n","protected":false},"author":4,"featured_media":248932,"comment_status":"closed","ping_status":"open","sticky":false,"template":"","format":"standard","meta":{"_monsterinsights_skip_tracking":false,"_monsterinsights_sitenote_active":false,"_monsterinsights_sitenote_note":"","_monsterinsights_sitenote_category":0,"footnotes":""},"categories":[86,49],"tags":[],"class_list":["post-248785","post","type-post","status-publish","format-standard","has-post-thumbnail","hentry","category-gr","category-news-18","category-86","category-49","description-off"],"img_url":"https:\/\/www.radiopiu.net\/wordpress\/wp-content\/uploads\/2021\/12\/84e46f6e-3db0-435d-8565-8627d3e3bc66.jpg","_links":{"self":[{"href":"https:\/\/www.radiopiu.net\/wordpress\/wp-json\/wp\/v2\/posts\/248785","targetHints":{"allow":["GET"]}}],"collection":[{"href":"https:\/\/www.radiopiu.net\/wordpress\/wp-json\/wp\/v2\/posts"}],"about":[{"href":"https:\/\/www.radiopiu.net\/wordpress\/wp-json\/wp\/v2\/types\/post"}],"author":[{"embeddable":true,"href":"https:\/\/www.radiopiu.net\/wordpress\/wp-json\/wp\/v2\/users\/4"}],"replies":[{"embeddable":true,"href":"https:\/\/www.radiopiu.net\/wordpress\/wp-json\/wp\/v2\/comments?post=248785"}],"version-history":[{"count":0,"href":"https:\/\/www.radiopiu.net\/wordpress\/wp-json\/wp\/v2\/posts\/248785\/revisions"}],"wp:featuredmedia":[{"embeddable":true,"href":"https:\/\/www.radiopiu.net\/wordpress\/wp-json\/wp\/v2\/media\/248932"}],"wp:attachment":[{"href":"https:\/\/www.radiopiu.net\/wordpress\/wp-json\/wp\/v2\/media?parent=248785"}],"wp:term":[{"taxonomy":"category","embeddable":true,"href":"https:\/\/www.radiopiu.net\/wordpress\/wp-json\/wp\/v2\/categories?post=248785"},{"taxonomy":"post_tag","embeddable":true,"href":"https:\/\/www.radiopiu.net\/wordpress\/wp-json\/wp\/v2\/tags?post=248785"}],"curies":[{"name":"wp","href":"https:\/\/api.w.org\/{rel}","templated":true}]}}