{"id":248811,"date":"2021-12-17T06:03:32","date_gmt":"2021-12-17T05:03:32","guid":{"rendered":"https:\/\/www.radiopiu.net\/wordpress\/?p=248811"},"modified":"2021-12-17T06:21:12","modified_gmt":"2021-12-17T05:21:12","slug":"gli-anziani-fodom-costretti-a-strutture-di-residenza-lontano-da-casa","status":"publish","type":"post","link":"https:\/\/www.radiopiu.net\/wordpress\/gli-anziani-fodom-costretti-a-strutture-di-residenza-lontano-da-casa\/","title":{"rendered":"GLI ANZIANI FODOM COSTRETTI A STRUTTURE DI RESIDENZA LONTANO DA CASA"},"content":{"rendered":"<p><strong>DI LORENZO SORATROI<\/strong><\/p>\n<p>&nbsp;<\/p>\n<p><strong><a href=\"https:\/\/www.radiopiu.net\/wordpress\/claudio-talamini-e-il-nuovo-direttore-di-villa-san-giuseppe\/ce6f6d29-7f34-4169-bc52-ed97a4fe7da7\/\" rel=\"attachment wp-att-200075\"><img loading=\"lazy\" decoding=\"async\" class=\"size-medium wp-image-200075 alignleft\" src=\"https:\/\/www.radiopiu.net\/wordpress\/wp-content\/uploads\/2021\/03\/ce6f6d29-7f34-4169-bc52-ed97a4fe7da7-300x165.jpg\" alt=\"\" width=\"300\" height=\"165\" srcset=\"https:\/\/www.radiopiu.net\/wordpress\/wp-content\/uploads\/2021\/03\/ce6f6d29-7f34-4169-bc52-ed97a4fe7da7-300x165.jpg 300w, https:\/\/www.radiopiu.net\/wordpress\/wp-content\/uploads\/2021\/03\/ce6f6d29-7f34-4169-bc52-ed97a4fe7da7.jpg 400w\" sizes=\"auto, (max-width: 300px) 100vw, 300px\" \/><\/a>LIVINALLONGO<\/strong> La denuncia dell\u2019ex consigliere comunale Egidio De Zaiacomo:\u201dFodomi esclusi dalla rsa Villa S.Giuseppe. Usiamo i soldi dei Fondi confine per costruire un centro polifunzionale.\u201d Dopo la viabilit\u00e0, l\u2019ex amministratore ed ex presidente della latteria di Renaz questa volta interviene sulle modalit\u00e0 di accesso alla casa di riposo Villa S.Giuseppe per gli anziani residenti a Fodom. \u201cSi sono verificati recentemente casi che hanno visto anziani costretti ad essere collocati in strutture distanti dalla propria casa e dai propri famigliari in quanto nella nostra casa di riposo non c\u2019erano posti disponibili. \u00c8 mai possibile &#8211; si chiede De Zaiacomo &#8211; che ci\u00f2 succeda in una struttura di propriet\u00e0 comunale voluta e costruita da un parroco per i fodomi, con molte donazioni di persone del posto, dopo che \u00e8 stata ceduta all\u2019Ulss 1 per mano di amministratori poco capaci? Ormai viviamo in una societ\u00e0 che non ha pi\u00f9 memoria storica e tanto meno lungimiranza per il futuro, che ristagna nel presente con spirito di rassegnazione come se il mondo dovesse fermarsi. Invece bisogna avere coraggio. E questo lo si trova nella consapevolezza e nella convinzione delle cose da fare. Una vera comunit\u00e0 deve investire nei giovani e tutelare i nostri anziani, che sono l\u2019anello debole della societ\u00e0. Se ora godiamo di un certo benessere, lo dobbiamo ai nostri vecchi merito delle loro fatiche e sacrifici. E a loro dobbiamo il nostro rispetto. Che senso ha \u2013 attacca &#8211; pensare di fare un centro wellness da 7-8 milioni di euro se poi lasciamo che i nostri vecchi vadano a morire fuori dal nostro comune? Qui, dove hanno sempre vissuto e lavorato per il nostro paese. Usiamo questi soldi per il bene della nostra gente e poi pensiamo al resto. Un albero, cresciuto per 80 anni in un posto, se trapiantato con le proprie radici altrove, muore. I nostri vecchi sono uguali. Hanno bisogno di sentirsi a casa, tra gente che parla lo stesso dialetto, coccolati dai propri cari e in vista delle proprie montagne. Certo, nessuno ha la pretesa di allungargli la vita ma una comunit\u00e0 che si rispetti ha l\u2019obbligo morale di rendergliela pi\u00f9 possibile serena. Tutti noi un giorno, se avremo fortuna, diventeremo vecchi e allora ci renderemo conto che averci pensato per tempo, forse ne valeva la pena. Ora, per riparare a questo grave problema, perch\u00e9 non destiniamo i fondi di confine ad un progetto di area vasta a servizio di tutti i comuni delle terre alte, per costruire nella frazione di Brenta un centro polifunzionale che possa ospitare i nostri anziani autosufficienti. Con un servizio mensa che con pochi euro possa garantire un pasto caldo anche a tutte quelle persone sole, che saranno sempre di pi\u00f9 e un posto dove socializzare, magari giocando a carte o semplicemente parlando insieme, senza doversi recare al bar. Il tutto garantito da un presidio sanitario H24. Si fa un gran parlare di spopolamento della montagna. Ebbene, questo sarebbe un ottimo esempio di concretezza che un\u2019amministrazione capace dovrebbe fare. Ricordiamoci, comunque, che non si pu\u00f2 evitare di invecchiare, per\u00f2 si pu\u00f2 evitare di diventar vecchi.<\/p>\n<p>&nbsp;<\/p>\n<p>&nbsp;<\/p>\n","protected":false},"excerpt":{"rendered":"<p>DI LORENZO SORATROI &nbsp; LIVINALLONGO La denuncia dell\u2019ex consigliere comunale Egidio De Zaiacomo:\u201dFodomi esclusi dalla rsa Villa S.Giuseppe. Usiamo i soldi dei Fondi confine per costruire un centro polifunzionale.\u201d Dopo la viabilit\u00e0, l\u2019ex amministratore ed ex presidente della latteria di Renaz questa volta interviene sulle modalit\u00e0 di accesso alla casa di riposo Villa S.Giuseppe per&hellip;<\/p>\n","protected":false},"author":4,"featured_media":200075,"comment_status":"closed","ping_status":"open","sticky":false,"template":"","format":"standard","meta":{"_monsterinsights_skip_tracking":false,"_monsterinsights_sitenote_active":false,"_monsterinsights_sitenote_note":"","_monsterinsights_sitenote_category":0,"footnotes":""},"categories":[51,49],"tags":[],"class_list":["post-248811","post","type-post","status-publish","format-standard","has-post-thumbnail","hentry","category-evidenza-top","category-news-18","category-51","category-49","description-off"],"img_url":"https:\/\/www.radiopiu.net\/wordpress\/wp-content\/uploads\/2021\/03\/ce6f6d29-7f34-4169-bc52-ed97a4fe7da7.jpg","_links":{"self":[{"href":"https:\/\/www.radiopiu.net\/wordpress\/wp-json\/wp\/v2\/posts\/248811","targetHints":{"allow":["GET"]}}],"collection":[{"href":"https:\/\/www.radiopiu.net\/wordpress\/wp-json\/wp\/v2\/posts"}],"about":[{"href":"https:\/\/www.radiopiu.net\/wordpress\/wp-json\/wp\/v2\/types\/post"}],"author":[{"embeddable":true,"href":"https:\/\/www.radiopiu.net\/wordpress\/wp-json\/wp\/v2\/users\/4"}],"replies":[{"embeddable":true,"href":"https:\/\/www.radiopiu.net\/wordpress\/wp-json\/wp\/v2\/comments?post=248811"}],"version-history":[{"count":0,"href":"https:\/\/www.radiopiu.net\/wordpress\/wp-json\/wp\/v2\/posts\/248811\/revisions"}],"wp:featuredmedia":[{"embeddable":true,"href":"https:\/\/www.radiopiu.net\/wordpress\/wp-json\/wp\/v2\/media\/200075"}],"wp:attachment":[{"href":"https:\/\/www.radiopiu.net\/wordpress\/wp-json\/wp\/v2\/media?parent=248811"}],"wp:term":[{"taxonomy":"category","embeddable":true,"href":"https:\/\/www.radiopiu.net\/wordpress\/wp-json\/wp\/v2\/categories?post=248811"},{"taxonomy":"post_tag","embeddable":true,"href":"https:\/\/www.radiopiu.net\/wordpress\/wp-json\/wp\/v2\/tags?post=248811"}],"curies":[{"name":"wp","href":"https:\/\/api.w.org\/{rel}","templated":true}]}}