{"id":248861,"date":"2021-12-17T13:14:41","date_gmt":"2021-12-17T12:14:41","guid":{"rendered":"https:\/\/www.radiopiu.net\/wordpress\/?p=248861"},"modified":"2021-12-18T06:08:58","modified_gmt":"2021-12-18T05:08:58","slug":"natale-in-gialloa","status":"publish","type":"post","link":"https:\/\/www.radiopiu.net\/wordpress\/natale-in-gialloa\/","title":{"rendered":"VENETO IN GIALLO, L&#8217;ORDINANZA DI ZAIA ANTICIPA LA DECISIONE DI SPERANZA"},"content":{"rendered":"<p><strong>VENEZIA<\/strong> Diretta da Marghera, punto stampa del Presidente Luca Zaia.<\/p>\n<p><strong>IL BOLLETTINO <\/strong>Quasi 8 milioni di tamponi molecolari 12 milioni rapidi. POSITIVI 5577 (con aggiunta di dati precedentemente non caricati) INCIDENZA 5,15% POSITIVI TOTALI 570.842 POSITIVI ATTUALI 57.038 RICOVERATI 1354 (+24), IN AREA NON CRITICA\u00a0 109 (+19) IN TERAPIA INTENSIVA 164 (+5) TERAPIE INTENSIVE NON COVID 298 DECESSI 12135 (+10)<\/p>\n<blockquote>\n<h3>LEGGI LA CONFERENZA STAMPA<\/h3>\n<p><em>attivit\u00e0 ammesse: non c&#8217;\u00e8 diversit\u00e0 tra bianco e giallo, a fare la differenza \u00e8 solo il possesso del green pass base e del certificato in versione rafforzata in determinati ambiti. Ad esempio, per restare agli esercizi pubblici, come avviene gi\u00e0 adesso occorre essere vaccinati o guariti, mentre all&#8217;aperto pu\u00f2 bastare il tampone.\u00a0<\/em><\/p><\/blockquote>\n<p>Il Presidente presenta l&#8217;ordinanza in vigore da oggi fino al 16 gennaio, che anticipa la zona gialla per prevenire gli assembramenti. Mascherine all&#8217;aperto sempre, eccezione bimbi al di sotto dei sei anni. Siamo in una fase nella quale la circolazione del virus \u00e8 importante RT 1,15 Incidenza 506,3 su 100 mila abitanti, ospedalizzazione in area non critica ospedalizzazione 15% il tasso che fa scattare la zona gialla. In terapia intensiva 13% sopra del 3% per la zona gialla. Il Veneto verr\u00e0 dichiarato &#8220;giallo&#8221;. Cosa cambia con la zona gialla? L&#8217;uso della mascherina obbligatorio anche all&#8217;aperto. Negli ospedali e Rsa controllo tamponi ogni 4 giorni ai degenti ogni 10 al personale. Ingressi con doppio tampone ad inizio e fine quarantena della durata di sette giorni. Una sola persona potr\u00e0 accompagnare il paziente in ospedale e fargli visita, i bambini con meno di 12 anni non potranno entrare nelle Rsa. Sospesi i rientri in famiglia degli ospiti delle case di riposo.<span style=\"color: #ff0000;\"><strong> QUANDO E&#8217; PREVISTO IL PICCO?\u00a0<\/strong> Tra fine dicembre e l&#8217;inizio di gennaio. La giornata di oggi corrisponde con il peggior scenario dello scorso anno quando venne raggiunto il punto massimo.<\/span> <strong>C&#8217;E&#8217; LO SPAURACCHIO DELL&#8217;ARANCIONE?<\/strong> Al momento no. <strong>VACCINAZIONE<\/strong> rimarco l&#8217;incidenza dei non vaccinati sia nei contagi che nei ricoveri. Tra i nuovi positivi per tasso vaccinale a fascia di et\u00e0 i non vaccinati hanno sempre un incidenza alta,\u00a0 anche tra i nuovi ricoveri, l&#8217;incidenza altissima riguarda i non vaccinati. <strong>RACCOMANDAZIONI<\/strong> Fatevi il test rapido prima di partecipare alle cene di Natale.<strong> L&#8217;ORDINANZA RACCOMANDA LA VACCINAZIONE<\/strong> Ricordiamo che si puo&#8217; accedere alla vaccinazione. Abbiamo sempre avuto una posizione chiara, l&#8217;obbligo vaccinale \u00e8 un muro contro muro \u00a0\u00e8 stata inserita la &#8216;raccomandazion\u00e8\u00a0 perch\u00e9 immaginiamo che ordinanza\u00a0 girer\u00e0 dappertutto, e ci sar\u00e0 chi spiegher\u00e0 che non abbiamo capito nulla. Ma la nostra posizione \u00e8 chiara: siamo i pi\u00f9 performanti sulla vaccinazione.\u00a0 L&#8217;obbligo rischia di creare il muro contro muro. Se \u00e8 obbligo non puoi farlo con le multe, e io comunque credo non funzioni.<\/p>\n<blockquote>\n<h3><em>NELLA NOTTE ASSALTO AL CENTRO VACCINALE DI ALTIVOLEHanno sabotato l&#8217;impianto elettrico, ora stanno ripristinando il servizio. Di certo non \u00e8 stato un ladro.<\/em><\/h3>\n<\/blockquote>\n<p>Sono stati vaccinati 1700 bambini dai 5 agli 11, sono gi\u00e0 28mila le prenotazioni. Ricevuto 126mila dosi e il 5 gennaio ne arrivano altre 60mila<\/p>\n<p><a href=\"https:\/\/www.facebook.com\/zaiaufficiale\/videos\/1881948355341457\">https:\/\/www.facebook.com\/zaiaufficiale\/videos\/1881948355341457<\/a><\/p>\n<p>&nbsp;<\/p>\n","protected":false},"excerpt":{"rendered":"<p>VENEZIA Diretta da Marghera, punto stampa del Presidente Luca Zaia. IL BOLLETTINO Quasi 8 milioni di tamponi molecolari 12 milioni rapidi. POSITIVI 5577 (con aggiunta di dati precedentemente non caricati) INCIDENZA 5,15% POSITIVI TOTALI 570.842 POSITIVI ATTUALI 57.038 RICOVERATI 1354 (+24), IN AREA NON CRITICA\u00a0 109 (+19) IN TERAPIA INTENSIVA 164 (+5) TERAPIE INTENSIVE NON&hellip;<\/p>\n","protected":false},"author":4,"featured_media":248897,"comment_status":"closed","ping_status":"open","sticky":false,"template":"","format":"standard","meta":{"_monsterinsights_skip_tracking":false,"_monsterinsights_sitenote_active":false,"_monsterinsights_sitenote_note":"","_monsterinsights_sitenote_category":0,"footnotes":""},"categories":[51,49],"tags":[],"class_list":["post-248861","post","type-post","status-publish","format-standard","has-post-thumbnail","hentry","category-evidenza-top","category-news-18","category-51","category-49","description-off"],"img_url":"https:\/\/www.radiopiu.net\/wordpress\/wp-content\/uploads\/2021\/12\/266525568_447281976768334_5126253234145841698_n-1.jpg","_links":{"self":[{"href":"https:\/\/www.radiopiu.net\/wordpress\/wp-json\/wp\/v2\/posts\/248861","targetHints":{"allow":["GET"]}}],"collection":[{"href":"https:\/\/www.radiopiu.net\/wordpress\/wp-json\/wp\/v2\/posts"}],"about":[{"href":"https:\/\/www.radiopiu.net\/wordpress\/wp-json\/wp\/v2\/types\/post"}],"author":[{"embeddable":true,"href":"https:\/\/www.radiopiu.net\/wordpress\/wp-json\/wp\/v2\/users\/4"}],"replies":[{"embeddable":true,"href":"https:\/\/www.radiopiu.net\/wordpress\/wp-json\/wp\/v2\/comments?post=248861"}],"version-history":[{"count":0,"href":"https:\/\/www.radiopiu.net\/wordpress\/wp-json\/wp\/v2\/posts\/248861\/revisions"}],"wp:featuredmedia":[{"embeddable":true,"href":"https:\/\/www.radiopiu.net\/wordpress\/wp-json\/wp\/v2\/media\/248897"}],"wp:attachment":[{"href":"https:\/\/www.radiopiu.net\/wordpress\/wp-json\/wp\/v2\/media?parent=248861"}],"wp:term":[{"taxonomy":"category","embeddable":true,"href":"https:\/\/www.radiopiu.net\/wordpress\/wp-json\/wp\/v2\/categories?post=248861"},{"taxonomy":"post_tag","embeddable":true,"href":"https:\/\/www.radiopiu.net\/wordpress\/wp-json\/wp\/v2\/tags?post=248861"}],"curies":[{"name":"wp","href":"https:\/\/api.w.org\/{rel}","templated":true}]}}