{"id":248917,"date":"2021-12-17T14:00:51","date_gmt":"2021-12-17T13:00:51","guid":{"rendered":"https:\/\/www.radiopiu.net\/wordpress\/?p=248917"},"modified":"2021-12-17T14:00:51","modified_gmt":"2021-12-17T13:00:51","slug":"a-gennaio-casa-tua-soffia-25-candeline","status":"publish","type":"post","link":"https:\/\/www.radiopiu.net\/wordpress\/a-gennaio-casa-tua-soffia-25-candeline\/","title":{"rendered":"A GENNAIO CASA TUA SOFFIA 25 CANDELINE"},"content":{"rendered":"<blockquote><p><em>Assistenza ospedaliera ad oltre 5 mila ospiti<\/em><\/p><\/blockquote>\n<p><strong><a href=\"https:\/\/www.radiopiu.net\/wordpress\/natale-in-gialloa\/casa-tua\/\" rel=\"attachment wp-att-248915\"><img loading=\"lazy\" decoding=\"async\" class=\"size-medium wp-image-248915 alignleft\" src=\"https:\/\/www.radiopiu.net\/wordpress\/wp-content\/uploads\/2021\/12\/CASA-TUA-300x129.png\" alt=\"\" width=\"300\" height=\"129\" srcset=\"https:\/\/www.radiopiu.net\/wordpress\/wp-content\/uploads\/2021\/12\/CASA-TUA-300x129.png 300w, https:\/\/www.radiopiu.net\/wordpress\/wp-content\/uploads\/2021\/12\/CASA-TUA.png 698w\" sizes=\"auto, (max-width: 300px) 100vw, 300px\" \/><\/a>BELLUNO<\/strong>\u00a0 25 anni al servizio della comunit\u00e0. \u00c8 il prestigioso traguardo che festegger\u00e0 tra pochi giorni Casa Tua, la cui avventura, promossa dal Comitato d\u2019Intesa e dall\u2019Ulss 1, \u00e8 infatti iniziata nel gennaio 1997 dopo essersi costituita l\u2019anno precedente. Numeri importanti quelli raggiunti in un quarto di secolo: oltre 5 mila ospiti accolti nella struttura ad essi riservata, presso l\u2019ospedale \u201cSan Martino\u201d di Belluno, vuoi come pazienti in day hospital o come famigliari di degenti che necessitano di protezione e assistenza continua. <em>\u00abLe istituzioni, sollecitate ad essere attente ad un bisogno, hanno voluto avviare allora assieme al mondo del volontariato ed ai cittadini un progetto, per soddisfarlo e promuoverlo, attivando la ricerca di risorse in loco uniti da un medesimo spirito e da un minimo comune denominatore di promozione umana e sociale\u00bb, ricorda l&#8217;anima e motore di Casa Tua, Giorgio Zampieri (foto) \u00ab\u00c8 stata anche una <a href=\"https:\/\/www.radiopiu.net\/wordpress\/natale-in-gialloa\/giorgio-zampieri-2\/\" rel=\"attachment wp-att-248916\"><img loading=\"lazy\" decoding=\"async\" class=\"size-medium wp-image-248916 alignright\" src=\"https:\/\/www.radiopiu.net\/wordpress\/wp-content\/uploads\/2021\/12\/Giorgio-Zampieri-300x169.jpg\" alt=\"\" width=\"300\" height=\"169\" srcset=\"https:\/\/www.radiopiu.net\/wordpress\/wp-content\/uploads\/2021\/12\/Giorgio-Zampieri-300x169.jpg 300w, https:\/\/www.radiopiu.net\/wordpress\/wp-content\/uploads\/2021\/12\/Giorgio-Zampieri-1024x576.jpg 1024w, https:\/\/www.radiopiu.net\/wordpress\/wp-content\/uploads\/2021\/12\/Giorgio-Zampieri-768x432.jpg 768w, https:\/\/www.radiopiu.net\/wordpress\/wp-content\/uploads\/2021\/12\/Giorgio-Zampieri-1536x864.jpg 1536w, https:\/\/www.radiopiu.net\/wordpress\/wp-content\/uploads\/2021\/12\/Giorgio-Zampieri.jpg 1920w\" sizes=\"auto, (max-width: 300px) 100vw, 300px\" \/><\/a>sfida. Non poteva bastare solo la \u201crealizzazione\u201d di un\u2019opera, ma doveva essere garantita una continuit\u00e0 nel tempo\u00bb. <\/em>Le 220 persone mediamente ospitate ogni anno sono state seguite dai volontari. L\u2019ospitalit\u00e0 \u00e8 gratuita e le entrate godono in maggioranza di elargizioni di associazioni e contributi liberi da parte di privati e degli ospiti. <em>\u00abPer il futuro lo sforzo sar\u00e0 quello di mantenere sempre attivo il servizio reso garantendone funzionalit\u00e0 ed adeguatezza \u2013 aggiunge Zampieri. I volontari associati effettivi sono 13 e rappresentano il volontariato che opera prevalentemente nell\u2019ambito ospedaliero. A loro \u00e8 affidata la gestione della struttura, alternandosi settimanalmente, con il compito di curare il buon andamento dell\u2019organizzazione, del rispetto del regolamento, dell\u2019accoglienza degli ospiti e di prestare loro tutte quelle attenzioni e cure morali e materiali che necessitano nel periodo di residenza\u00bb.\u00a0<\/em><\/p>\n<blockquote><p>La Direzione Medica cura i rapporti con la Questura per comunicare giornalmente le presenze: ad un volontario, Fioretto Bortot, \u00e8 demandata l\u2019organizzazione operativa e manutentiva della struttura; ad un altro, Alessandro Bordin, la cura dei rapporti con l\u2019Ulss 1, e ad Antonella Fabbri l\u2019interpretazione del regolamento.<\/p><\/blockquote>\n<p>&nbsp;<\/p>\n","protected":false},"excerpt":{"rendered":"<p>Assistenza ospedaliera ad oltre 5 mila ospiti BELLUNO\u00a0 25 anni al servizio della comunit\u00e0. \u00c8 il prestigioso traguardo che festegger\u00e0 tra pochi giorni Casa Tua, la cui avventura, promossa dal Comitato d\u2019Intesa e dall\u2019Ulss 1, \u00e8 infatti iniziata nel gennaio 1997 dopo essersi costituita l\u2019anno precedente. Numeri importanti quelli raggiunti in un quarto di secolo:&hellip;<\/p>\n","protected":false},"author":4,"featured_media":248915,"comment_status":"closed","ping_status":"open","sticky":false,"template":"","format":"standard","meta":{"_monsterinsights_skip_tracking":false,"_monsterinsights_sitenote_active":false,"_monsterinsights_sitenote_note":"","_monsterinsights_sitenote_category":0,"footnotes":""},"categories":[49],"tags":[],"class_list":["post-248917","post","type-post","status-publish","format-standard","has-post-thumbnail","hentry","category-news-18","category-49","description-off"],"img_url":"https:\/\/www.radiopiu.net\/wordpress\/wp-content\/uploads\/2021\/12\/CASA-TUA.png","_links":{"self":[{"href":"https:\/\/www.radiopiu.net\/wordpress\/wp-json\/wp\/v2\/posts\/248917","targetHints":{"allow":["GET"]}}],"collection":[{"href":"https:\/\/www.radiopiu.net\/wordpress\/wp-json\/wp\/v2\/posts"}],"about":[{"href":"https:\/\/www.radiopiu.net\/wordpress\/wp-json\/wp\/v2\/types\/post"}],"author":[{"embeddable":true,"href":"https:\/\/www.radiopiu.net\/wordpress\/wp-json\/wp\/v2\/users\/4"}],"replies":[{"embeddable":true,"href":"https:\/\/www.radiopiu.net\/wordpress\/wp-json\/wp\/v2\/comments?post=248917"}],"version-history":[{"count":0,"href":"https:\/\/www.radiopiu.net\/wordpress\/wp-json\/wp\/v2\/posts\/248917\/revisions"}],"wp:featuredmedia":[{"embeddable":true,"href":"https:\/\/www.radiopiu.net\/wordpress\/wp-json\/wp\/v2\/media\/248915"}],"wp:attachment":[{"href":"https:\/\/www.radiopiu.net\/wordpress\/wp-json\/wp\/v2\/media?parent=248917"}],"wp:term":[{"taxonomy":"category","embeddable":true,"href":"https:\/\/www.radiopiu.net\/wordpress\/wp-json\/wp\/v2\/categories?post=248917"},{"taxonomy":"post_tag","embeddable":true,"href":"https:\/\/www.radiopiu.net\/wordpress\/wp-json\/wp\/v2\/tags?post=248917"}],"curies":[{"name":"wp","href":"https:\/\/api.w.org\/{rel}","templated":true}]}}