{"id":248965,"date":"2021-12-17T23:59:04","date_gmt":"2021-12-17T22:59:04","guid":{"rendered":"https:\/\/www.radiopiu.net\/wordpress\/?p=248965"},"modified":"2021-12-18T06:13:00","modified_gmt":"2021-12-18T05:13:00","slug":"il-popolamento-umano-del-bellunese-cosi-nelleta-del-bronzo-e-primissima-del-ferro","status":"publish","type":"post","link":"https:\/\/www.radiopiu.net\/wordpress\/il-popolamento-umano-del-bellunese-cosi-nelleta-del-bronzo-e-primissima-del-ferro\/","title":{"rendered":"IL POPOLAMENTO UMANO DEL BELLUNESE: COS\u00cc NELL\u2019ET\u00c0 DEL BRONZO E PRIMISSIMA DEL FERRO"},"content":{"rendered":"<p><strong>di\u00a0 RENATO BONA<\/strong><\/p>\n<p>Nel libro-catalogo intitolato \u201cImmagini dal tempo. 40.000 anni di storia nella Provincia di Belluno\u201d, edito dal Comune in occasione della rassegna e convegno sul tema a Palazzo Crepadona, dal 28 agosto al 26 ottobre 1992, stampa Grafiche Antiga di Cornuda, Treviso, gli autori. Alberto Broglio, Carlo Mondini, Aldo Vllabruna, Antonio Guerreschi, Elodia Bianchin Citton e Simonetta Bononi &#8211; come ben sottolineava in presentazione l\u2019allora sindaco bellunese Gianclaudio Bressa &#8211; \u201ccon carattere didattico e di rigore scientifico, presentano, illustrano, interpretano i luoghi in cui l\u2019uomo \u00e8 vissuto, gli oggetti che ha creato, le esperienze di attivit\u00e0, di lavoro, di rapporti sociali, di credenze che, dal passato pi\u00f9 remoto hanno preparato il mondo di oggi\u201d. Oggi rileggiamo, e sintetizziamo per chi ci segue su Internet, il capitolo intitolato \u201cL\u2019et\u00e0 del bronzo e la primissima et\u00e0 del ferro\u201d del servizio nel quale Elodia Bianchin Citton illustra \u201cIl popolamento umano del Bellunese dal neolitico alla prima et\u00e0 del ferro\u201d ed esordisce scrivendo che: \u201cL\u2019et\u00e0 del bronzo e i primi secoli dell\u2019et\u00e0 del ferro (XVIII-IX secoli a.C.) sono documentati nel Bellunese da diversi manufatti sporadici rinvenuti in circostanze non sempre note tra la fine dell\u2019Ottocento e la prima met\u00e0 del Novecento, nonch\u00e9 da materiali ceramici recuperati in superficie a seguito di lavori agricoli o in giacitura secondaria per fenomeni di degrado naturale dei siti\u201d. Precisa quindi che \u201cfatta eccezione per alcuni accertamenti stratigrafici effettuati sul colle di S. Anna di Pedecastello di Castion di Belluno (Bianchin Citton, Rigoni 1980) a Ponte nelle Alpi localit\u00e0 Le Andreane (Bianchin Citton, Michelini 1988), mancano allo stato attuale estese indagini di scavo in siti dell\u2019et\u00e0 del bronzo e dei primi secoli dell\u2019et\u00e0 del ferro del Bellunese\u201d. La pi\u00f9 antica testimonianza di manufatti in bronzo, cio\u00e8 lega di rame e stagno, \u00e8 una piccola ascia \u201ca margini rilevati, corpo piatto e taglio molto espanso, proveniente da Paiane in Val Belluna\u201d, un tipo molto diffuso sia a sud che a nord delle Alpi a partire da una fase avanzata dell\u2019antica et\u00e0 del bronzo (XVIII-XVI secolo a. C.). Secondo la Bianchin Citton \u201cun confronto particolarmente significativo \u00e8 stato riscontrato con un esemplare rinvenuto nella palafitta di Fiav\u00e9-Carrera in Trentino (Perini 1987)\u201d. Ad una fase d transizione dall\u2019et\u00e0 del bronzo medio a quella del bronzo recente \u00e8 datata l\u2019ascia, pure sporadica, da Cesio Maggiore, sulla destra orografica del Piave: l\u2019esemplare \u00e8 integro, presenta margini quasi paralleli, alette mediane poco sviluppate, lama a taglio poco espanso e trova precisi confronti con esemplari pure sporadici da Crocetta del Montello e Colfosco nel Trevigiano (Bianchin Citton 1989). E\u2019 un tipo d\u2019ascia largamente diffuso anche nell\u2019area nord-alpina, ed assimilabile al tipo Greiner Strudel, molto presente nel sud della Baviera, nell\u2019alta Austria e nel Salisburghese (Mayer 1977). Eccoci all\u2019et\u00e0 del bronzo recente (XIII secolo a.C.) cui si data l\u2019esemplare ad alette mediane decorate da sottili incisioni, tallone distinto, lama molto sviluppata e taglio arcuato da Sospirolo in Val Falcina, diffuso soprattutto nell\u2019Italia settentrionale e sul versante adriatico della Penisola (Carancini 1979). Ad un arco cronologico pi\u00f9 ampio, dall\u2019et\u00e0 del bronzo recente a quella del bronzo finale (XII-X a.C.) si datano invece due punte di lancia con innesto a cannone e lama a foglia di lauro con provenienza generica dal Bellunese l\u2019una, da Salce l\u2019altra. Per l\u2019autrice \u201csi tratta di manufatti che testimoniano come la frequentazione del Bellunese non si sia mai interrotta dai tempi tardo-neolitici a tutta l\u2019et\u00e0 del bronzo. Le asce sono da mettere in relazione con le attivit\u00e0 di carpenteria del villaggio, nonch\u00e9 con l\u2019esigenza di deforestare zone sempre pi\u00f9 ampie per acquisire nuovi spazi da adibire al pascolo e alle colture agricole\u201d. E veniamo alla documentazione archeologica \u201ccostituita da industria litica, principalmente elementi di falcetto e punte di freccia nonch\u00e9 da frammenti ceramici riconducibili prevalentemente a grandi contenitori di uso domestico, d\u2019impasto poco depurato di colore prevalentemente rosso-aranciato per effetto di una cottura in ambiente ossidante\u201d. Si segnalano fra i reperti di recente acquisizione quelli rinvenuti nell\u2019abitato di Noal di Sedico: scodelloni-dolio semplici o decorati da cordoni digitati; grandi olle con decorazione a cordoni digitati ad andamento orizzontale o curvilineo. Interessanti anche frammenti ceramici recuperati nell\u2019insediamento di San Pietro in Tuba, riconducibili a grandi scodelloni con orlo semplice o ispessito, con decorazione plastica a cordoni; a un grande dolio con complessa decorazione a cordoni verticali e di un\u2019olla con orlo a tesa. Per Elodia Bianchin Citton \u201csi tratta di insediamenti permanenti, alcuni dei quali fortificati, ubicati per lo pi\u00f9 in posizione panoramica di controllo della Val Belluna e quindi di un\u2019importante direttrice di collegamento del Veneto nord-orientale con l\u2019area nord-alpina\u201d. Verosimilmente la Val Belluna \u00e8 stata colonizzata da gruppi di popolazione gi\u00e0 inseriti nella pianura e nella fascia collinare tra il Brenta ed il Piave. Si legge quindi che \u201cAlcuni dei siti dell\u2019et\u00e0 del bronzo medio-recente individuati in Val Belluna sembrano persistere anche nell\u2019et\u00e0 del bronzo finale, prossima all\u2019et\u00e0 del ferro. Indizi in tal senso vengono dal sito Le Andreane (Bianchin Citton-Michelini 1988) e da San Pietro in Tuba nel cui ambito sono stati recuperati oltre a materiali dell\u2019et\u00e0 del bronzo recente, un frammento di scodella ad orlo rientrante ed un piccolo vaso biconico d\u2019impasto fine e superfici lisciate di colore nero, decorato sulla carena da solcature orizzontali e da un motivo elicoidale, vasi \u201criferibili entrambi ad aspetti culturali del tipo protovillanoviano dell\u2019et\u00e0 del bronzo finale (XI-X secolo a.C.)\u201d. Richiamiamo il fatto che \u201cai secoli di transizione dall\u2019et\u00e0 del bronzo finale alla prima et\u00e0 del ferro si data pure un ripostiglio di bronzi di eccezionale fattura e conservazione, rinvenuti in un anfratto roccioso del Monte Talvena nella prima met\u00e0 del Novecento, costituito da due asce ad alette e robusta lama a margini lievemente concavi; da uno scalpello con immanicatura a cannone, desinente in un robusto anello e decorata da cordoni rilevati ad andamento parallelo ottenuti a fusione, lama a sezione quadrangolare e taglio lievemente espanso e affilato; da due cunei\u2026 decorati alla stessa stregua dello scalpello, robuste lame a foglia dl lauro. Le asce sono riconducibili (Carancini 1984) ad una foggia largamente diffusa nei contesti della prima et\u00e0 del ferro dell\u2019Italia settentrionale, mentre i coni e lo scalpello \u201ctrovano confronto nei ripostigli dei secoli di transizione dall\u2019et\u00e0 del bronzo finale alla prima et\u00e0 del ferro delle zone metallifere dell\u2019Etruria e in ambiente transalpino in Austria e Slovenia\u201d. E concludiamo citando ancora la Bianchin Citton: \u201cPur in assenza, allo stato attuale, di documentazione diretta di attivit\u00e0 estrattive e fusorie di et\u00e0 preistorica, non va ignorata la lunga tradizione mineraria di molte zone prealpine ed alpine del Bellunese, attestate oltre che da numerosi toponimi, dallo sfruttamento di numerosi giacimenti ancora per gran parte del nostro secolo\u201d.<\/p>\n\n\t\t\t<style type='text\/css'>\n\t\t\t\t#gallery-1 {\n\t\t\t\t\tmargin: auto;\n\t\t\t\t}\n\t\t\t\t#gallery-1 .gallery-item {\n\t\t\t\t\tfloat: left;\n\t\t\t\t\tmargin-top: 10px;\n\t\t\t\t\ttext-align: center;\n\t\t\t\t\twidth: 20%;\n\t\t\t\t}\n\t\t\t\t#gallery-1 img {\n\t\t\t\t\tborder: 2px solid #cfcfcf;\n\t\t\t\t}\n\t\t\t\t#gallery-1 .gallery-caption {\n\t\t\t\t\tmargin-left: 0;\n\t\t\t\t}\n\t\t\t\t\/* see gallery_shortcode() in wp-includes\/media.php *\/\n\t\t\t<\/style>\n\t\t<div id='gallery-1' class='dt-gallery-container gallery galleryid-248965 gallery-columns-5 gallery-size-thumbnail'><dl class='gallery-item'>\n\t\t\t\t<dt class='gallery-icon landscape'>\n\t\t\t\t\t<a class=\"rollover rollover-zoom dt-pswp-item\" title=\"266475806_318256763488553_2543596542007059157_n\" data-dt-img-description=\"\" data-large_image_width=\"261\" data-large_image_height=\"200\"href='https:\/\/www.radiopiu.net\/wordpress\/wp-content\/uploads\/2021\/12\/266475806_318256763488553_2543596542007059157_n.jpg'><img loading=\"lazy\" decoding=\"async\" width=\"150\" height=\"150\" src=\"https:\/\/www.radiopiu.net\/wordpress\/wp-content\/uploads\/2021\/12\/266475806_318256763488553_2543596542007059157_n-150x150.jpg\" class=\"attachment-thumbnail size-thumbnail\" alt=\"\" \/><\/a>\n\t\t\t\t<\/dt><\/dl><dl class='gallery-item'>\n\t\t\t\t<dt class='gallery-icon landscape'>\n\t\t\t\t\t<a class=\"rollover rollover-zoom dt-pswp-item\" title=\"266583020_498686071448315_2746990365296072199_n\" data-dt-img-description=\"\" data-large_image_width=\"218\" data-large_image_height=\"206\"href='https:\/\/www.radiopiu.net\/wordpress\/wp-content\/uploads\/2021\/12\/266583020_498686071448315_2746990365296072199_n.jpg'><img loading=\"lazy\" decoding=\"async\" width=\"150\" height=\"150\" src=\"https:\/\/www.radiopiu.net\/wordpress\/wp-content\/uploads\/2021\/12\/266583020_498686071448315_2746990365296072199_n-150x150.jpg\" class=\"attachment-thumbnail size-thumbnail\" alt=\"\" \/><\/a>\n\t\t\t\t<\/dt><\/dl><dl class='gallery-item'>\n\t\t\t\t<dt class='gallery-icon landscape'>\n\t\t\t\t\t<a class=\"rollover rollover-zoom dt-pswp-item\" title=\"264045034_500193954562104_1459572162042036119_n\" data-dt-img-description=\"\" data-large_image_width=\"350\" data-large_image_height=\"203\"href='https:\/\/www.radiopiu.net\/wordpress\/wp-content\/uploads\/2021\/12\/264045034_500193954562104_1459572162042036119_n.jpg'><img loading=\"lazy\" decoding=\"async\" width=\"150\" height=\"150\" src=\"https:\/\/www.radiopiu.net\/wordpress\/wp-content\/uploads\/2021\/12\/264045034_500193954562104_1459572162042036119_n-150x150.jpg\" class=\"attachment-thumbnail size-thumbnail\" alt=\"\" \/><\/a>\n\t\t\t\t<\/dt><\/dl><dl class='gallery-item'>\n\t\t\t\t<dt class='gallery-icon portrait'>\n\t\t\t\t\t<a class=\"rollover rollover-zoom dt-pswp-item\" title=\"266316571_346541663961940_1277503086956392510_n\" data-dt-img-description=\"\" data-large_image_width=\"153\" data-large_image_height=\"315\"href='https:\/\/www.radiopiu.net\/wordpress\/wp-content\/uploads\/2021\/12\/266316571_346541663961940_1277503086956392510_n.jpg'><img loading=\"lazy\" decoding=\"async\" width=\"150\" height=\"150\" src=\"https:\/\/www.radiopiu.net\/wordpress\/wp-content\/uploads\/2021\/12\/266316571_346541663961940_1277503086956392510_n-150x150.jpg\" class=\"attachment-thumbnail size-thumbnail\" alt=\"\" \/><\/a>\n\t\t\t\t<\/dt><\/dl><dl class='gallery-item'>\n\t\t\t\t<dt class='gallery-icon portrait'>\n\t\t\t\t\t<a class=\"rollover rollover-zoom dt-pswp-item\" title=\"265788254_613584456640312_4357978711590255224_n\" data-dt-img-description=\"\" data-large_image_width=\"180\" data-large_image_height=\"202\"href='https:\/\/www.radiopiu.net\/wordpress\/wp-content\/uploads\/2021\/12\/265788254_613584456640312_4357978711590255224_n.jpg'><img loading=\"lazy\" decoding=\"async\" width=\"150\" height=\"150\" src=\"https:\/\/www.radiopiu.net\/wordpress\/wp-content\/uploads\/2021\/12\/265788254_613584456640312_4357978711590255224_n-150x150.jpg\" class=\"attachment-thumbnail size-thumbnail\" alt=\"\" \/><\/a>\n\t\t\t\t<\/dt><\/dl><br style=\"clear: both\" \/><dl class='gallery-item'>\n\t\t\t\t<dt class='gallery-icon landscape'>\n\t\t\t\t\t<a class=\"rollover rollover-zoom dt-pswp-item\" title=\"267299433_975321273330274_980916023606446741_n\" data-dt-img-description=\"\" data-large_image_width=\"307\" data-large_image_height=\"206\"href='https:\/\/www.radiopiu.net\/wordpress\/wp-content\/uploads\/2021\/12\/267299433_975321273330274_980916023606446741_n.jpg'><img loading=\"lazy\" decoding=\"async\" width=\"150\" height=\"150\" src=\"https:\/\/www.radiopiu.net\/wordpress\/wp-content\/uploads\/2021\/12\/267299433_975321273330274_980916023606446741_n-150x150.jpg\" class=\"attachment-thumbnail size-thumbnail\" alt=\"\" \/><\/a>\n\t\t\t\t<\/dt><\/dl><dl class='gallery-item'>\n\t\t\t\t<dt class='gallery-icon landscape'>\n\t\t\t\t\t<a class=\"rollover rollover-zoom dt-pswp-item\" title=\"264022187_1283602108780782_3574213000487155266_n\" data-dt-img-description=\"\" data-large_image_width=\"898\" data-large_image_height=\"206\"href='https:\/\/www.radiopiu.net\/wordpress\/wp-content\/uploads\/2021\/12\/264022187_1283602108780782_3574213000487155266_n.jpg'><img loading=\"lazy\" decoding=\"async\" width=\"150\" height=\"150\" src=\"https:\/\/www.radiopiu.net\/wordpress\/wp-content\/uploads\/2021\/12\/264022187_1283602108780782_3574213000487155266_n-150x150.jpg\" class=\"attachment-thumbnail size-thumbnail\" alt=\"\" \/><\/a>\n\t\t\t\t<\/dt><\/dl><dl class='gallery-item'>\n\t\t\t\t<dt class='gallery-icon portrait'>\n\t\t\t\t\t<a class=\"rollover rollover-zoom dt-pswp-item\" title=\"263926484_633066474601349_696083213967725956_n\" data-dt-img-description=\"\" data-large_image_width=\"160\" data-large_image_height=\"204\"href='https:\/\/www.radiopiu.net\/wordpress\/wp-content\/uploads\/2021\/12\/263926484_633066474601349_696083213967725956_n.jpg'><img loading=\"lazy\" decoding=\"async\" width=\"150\" height=\"150\" src=\"https:\/\/www.radiopiu.net\/wordpress\/wp-content\/uploads\/2021\/12\/263926484_633066474601349_696083213967725956_n-150x150.jpg\" class=\"attachment-thumbnail size-thumbnail\" alt=\"\" \/><\/a>\n\t\t\t\t<\/dt><\/dl><dl class='gallery-item'>\n\t\t\t\t<dt class='gallery-icon portrait'>\n\t\t\t\t\t<a class=\"rollover rollover-zoom dt-pswp-item\" title=\"264130646_635040391095881_7823503310389662738_n\" data-dt-img-description=\"\" data-large_image_width=\"160\" data-large_image_height=\"349\"href='https:\/\/www.radiopiu.net\/wordpress\/wp-content\/uploads\/2021\/12\/264130646_635040391095881_7823503310389662738_n.jpg'><img loading=\"lazy\" decoding=\"async\" width=\"150\" height=\"150\" src=\"https:\/\/www.radiopiu.net\/wordpress\/wp-content\/uploads\/2021\/12\/264130646_635040391095881_7823503310389662738_n-150x150.jpg\" class=\"attachment-thumbnail size-thumbnail\" alt=\"\" \/><\/a>\n\t\t\t\t<\/dt><\/dl><dl class='gallery-item'>\n\t\t\t\t<dt class='gallery-icon landscape'>\n\t\t\t\t\t<a class=\"rollover rollover-zoom dt-pswp-item\" title=\"264004808_662246568488090_7412925049311641836_n\" data-dt-img-description=\"\" data-large_image_width=\"227\" data-large_image_height=\"206\"href='https:\/\/www.radiopiu.net\/wordpress\/wp-content\/uploads\/2021\/12\/264004808_662246568488090_7412925049311641836_n.jpg'><img loading=\"lazy\" decoding=\"async\" width=\"150\" height=\"150\" src=\"https:\/\/www.radiopiu.net\/wordpress\/wp-content\/uploads\/2021\/12\/264004808_662246568488090_7412925049311641836_n-150x150.jpg\" class=\"attachment-thumbnail size-thumbnail\" alt=\"\" \/><\/a>\n\t\t\t\t<\/dt><\/dl><br style=\"clear: both\" \/>\n\t\t\t<\/div>\n\n<p>&nbsp;<\/p>\n<p>NELLE FOTO (riproduzioni dal libro \u201cImmagini del tempo. 40.000 anni di storia nella Provincia di Belluno\u201d): l\u2019immagine riprodotta nella copertina del libro-catalogo; ascia in bronzo rinvenuta a Paiane di Ponte nelle Alpi; e quella di Cesio Maggiore; ancora un\u2019ascia, quella recuperata in Val Falcina, Sospirolo; Salce: punta di lancia in bronzo con innesto a cannone; Ponte nelle Alpi localit\u00e0 Le Andreane: parti di grandi macine a sella in porfido; Monte Talvena: strumenti in bronzo; Noal di Sedico: scodelloni, olle semplici o con decorazioni; San Pietro in Tuba:scodellini, parete di grande dolio decorato da cordoni verticali, olla con orlo a tesa.<\/p>\n","protected":false},"excerpt":{"rendered":"<p>di\u00a0 RENATO BONA Nel libro-catalogo intitolato \u201cImmagini dal tempo. 40.000 anni di storia nella Provincia di Belluno\u201d, edito dal Comune in occasione della rassegna e convegno sul tema a Palazzo Crepadona, dal 28 agosto al 26 ottobre 1992, stampa Grafiche Antiga di Cornuda, Treviso, gli autori. Alberto Broglio, Carlo Mondini, Aldo Vllabruna, Antonio Guerreschi, Elodia&hellip;<\/p>\n","protected":false},"author":4,"featured_media":248970,"comment_status":"closed","ping_status":"open","sticky":false,"template":"","format":"standard","meta":{"_monsterinsights_skip_tracking":false,"_monsterinsights_sitenote_active":false,"_monsterinsights_sitenote_note":"","_monsterinsights_sitenote_category":0,"footnotes":""},"categories":[104,49],"tags":[],"class_list":["post-248965","post","type-post","status-publish","format-standard","has-post-thumbnail","hentry","category-evidenza_3","category-news-18","category-104","category-49","description-off"],"img_url":"https:\/\/www.radiopiu.net\/wordpress\/wp-content\/uploads\/2021\/12\/267299433_975321273330274_980916023606446741_n.jpg","_links":{"self":[{"href":"https:\/\/www.radiopiu.net\/wordpress\/wp-json\/wp\/v2\/posts\/248965","targetHints":{"allow":["GET"]}}],"collection":[{"href":"https:\/\/www.radiopiu.net\/wordpress\/wp-json\/wp\/v2\/posts"}],"about":[{"href":"https:\/\/www.radiopiu.net\/wordpress\/wp-json\/wp\/v2\/types\/post"}],"author":[{"embeddable":true,"href":"https:\/\/www.radiopiu.net\/wordpress\/wp-json\/wp\/v2\/users\/4"}],"replies":[{"embeddable":true,"href":"https:\/\/www.radiopiu.net\/wordpress\/wp-json\/wp\/v2\/comments?post=248965"}],"version-history":[{"count":0,"href":"https:\/\/www.radiopiu.net\/wordpress\/wp-json\/wp\/v2\/posts\/248965\/revisions"}],"wp:featuredmedia":[{"embeddable":true,"href":"https:\/\/www.radiopiu.net\/wordpress\/wp-json\/wp\/v2\/media\/248970"}],"wp:attachment":[{"href":"https:\/\/www.radiopiu.net\/wordpress\/wp-json\/wp\/v2\/media?parent=248965"}],"wp:term":[{"taxonomy":"category","embeddable":true,"href":"https:\/\/www.radiopiu.net\/wordpress\/wp-json\/wp\/v2\/categories?post=248965"},{"taxonomy":"post_tag","embeddable":true,"href":"https:\/\/www.radiopiu.net\/wordpress\/wp-json\/wp\/v2\/tags?post=248965"}],"curies":[{"name":"wp","href":"https:\/\/api.w.org\/{rel}","templated":true}]}}