{"id":249063,"date":"2021-12-20T05:45:05","date_gmt":"2021-12-20T04:45:05","guid":{"rendered":"https:\/\/www.radiopiu.net\/wordpress\/?p=249063"},"modified":"2021-12-20T14:23:12","modified_gmt":"2021-12-20T13:23:12","slug":"giornale-radiopiu-20-dicembre-2021-direttore-mirko-mezzacasa","status":"publish","type":"post","link":"https:\/\/www.radiopiu.net\/wordpress\/giornale-radiopiu-20-dicembre-2021-direttore-mirko-mezzacasa\/","title":{"rendered":"GIORNALE RADIOPIU 20 DICEMBRE 2021 DIRETTORE MIRKO MEZZACASA"},"content":{"rendered":"<h3 class=\"kvgmc6g5 cxmmr5t8 oygrvhab hcukyx3x c1et5uql\"><span style=\"color: #0000ff;\"><strong><a href=\"https:\/\/www.radiopiu.net\/wordpress\/il-veneto-rimane-in-zona-gialla-la-provincia-di-trento-passa-in-arancione\/giallo\/\" rel=\"attachment wp-att-190818\"><img loading=\"lazy\" decoding=\"async\" class=\" wp-image-190818 alignleft\" src=\"https:\/\/www.radiopiu.net\/wordpress\/wp-content\/uploads\/2021\/02\/Giallo-300x200.png\" alt=\"\" width=\"258\" height=\"172\" srcset=\"https:\/\/www.radiopiu.net\/wordpress\/wp-content\/uploads\/2021\/02\/Giallo-300x200.png 300w, https:\/\/www.radiopiu.net\/wordpress\/wp-content\/uploads\/2021\/02\/Giallo-1024x682.png 1024w, https:\/\/www.radiopiu.net\/wordpress\/wp-content\/uploads\/2021\/02\/Giallo-768x512.png 768w, https:\/\/www.radiopiu.net\/wordpress\/wp-content\/uploads\/2021\/02\/Giallo.png 1250w\" sizes=\"auto, (max-width: 258px) 100vw, 258px\" \/><\/a>INFORMAZIONE il canale su TELEGRAM informazione di prima mano e in tempo reale. iscriviti ed aiutaci a farlo conoscere\u00a0<\/strong><\/span><\/h3>\n<p><span style=\"color: #000000;\"><strong>E&#8217; CAMBIATO IL COLORE, DA BIANCO A GIALLO. <\/strong>NESSUN LIMITE PER GLI SPOSTAMENTI E PER LE ATTIVITA&#8217; COMMERCIALI. LA NOVITA&#8217; E&#8217; LA MASCHERINA DA PORTARE SEMPRE, ANCHE ALL&#8217;APERTO: Al di fuori dell&#8217;abitazione, \u00e8 obbligatorio l&#8217;uso corretto della mascherina a protezione delle vie respiratorie in tutti i luoghi all\u2019aperto, pubblici o aperti al pubblico, ad eccezione dei bambini di et\u00e0 inferiore a sei anni e dei soggetti con patologie o disabilit\u00e0 incompatibili con l&#8217;uso della mascherina, nonch\u00e9 per coloro che per interagire con i predetti versino nella stessa incompatibilit\u00e0,\u00a0<\/span><\/p>\n<p>&nbsp;<\/p>\n<p>&nbsp;<\/p>\n<hr \/>\n<p>&nbsp;<\/p>\n<blockquote>\n<h3 style=\"text-align: center;\">LE FRECCE TRICOLORI NEL CIELO DELL&#8217;AGORDINO<\/h3>\n<\/blockquote>\n<p><strong>REDAZIONE<\/strong> Ieri attorno alle 12:30 sono transitate nei cieli dell&#8217;Agordino le Frecce Tricolori. Ecco le foto di Simone Pra scattate da Alleghe.<\/p>\n\n\t\t\t<style type='text\/css'>\n\t\t\t\t#gallery-1 {\n\t\t\t\t\tmargin: auto;\n\t\t\t\t}\n\t\t\t\t#gallery-1 .gallery-item {\n\t\t\t\t\tfloat: left;\n\t\t\t\t\tmargin-top: 10px;\n\t\t\t\t\ttext-align: center;\n\t\t\t\t\twidth: 50%;\n\t\t\t\t}\n\t\t\t\t#gallery-1 img {\n\t\t\t\t\tborder: 2px solid #cfcfcf;\n\t\t\t\t}\n\t\t\t\t#gallery-1 .gallery-caption {\n\t\t\t\t\tmargin-left: 0;\n\t\t\t\t}\n\t\t\t\t\/* see gallery_shortcode() in wp-includes\/media.php *\/\n\t\t\t<\/style>\n\t\t<div id='gallery-1' class='dt-gallery-container gallery galleryid-249063 gallery-columns-2 gallery-size-medium'><dl class='gallery-item'>\n\t\t\t\t<dt class='gallery-icon landscape'>\n\t\t\t\t\t<a class=\"rollover rollover-zoom dt-pswp-item\" title=\"e6af4035-dcad-4cf3-bf53-5e5677a66fd1\" data-dt-img-description=\"\" data-large_image_width=\"1488\" data-large_image_height=\"1320\"href='https:\/\/www.radiopiu.net\/wordpress\/wp-content\/uploads\/2021\/12\/e6af4035-dcad-4cf3-bf53-5e5677a66fd1.jpg'><img loading=\"lazy\" decoding=\"async\" width=\"300\" height=\"266\" src=\"https:\/\/www.radiopiu.net\/wordpress\/wp-content\/uploads\/2021\/12\/e6af4035-dcad-4cf3-bf53-5e5677a66fd1-300x266.jpg\" class=\"attachment-medium size-medium\" alt=\"\" srcset=\"https:\/\/www.radiopiu.net\/wordpress\/wp-content\/uploads\/2021\/12\/e6af4035-dcad-4cf3-bf53-5e5677a66fd1-300x266.jpg 300w, https:\/\/www.radiopiu.net\/wordpress\/wp-content\/uploads\/2021\/12\/e6af4035-dcad-4cf3-bf53-5e5677a66fd1-1024x908.jpg 1024w, https:\/\/www.radiopiu.net\/wordpress\/wp-content\/uploads\/2021\/12\/e6af4035-dcad-4cf3-bf53-5e5677a66fd1-768x681.jpg 768w, https:\/\/www.radiopiu.net\/wordpress\/wp-content\/uploads\/2021\/12\/e6af4035-dcad-4cf3-bf53-5e5677a66fd1.jpg 1488w\" sizes=\"auto, (max-width: 300px) 100vw, 300px\" \/><\/a>\n\t\t\t\t<\/dt><\/dl><dl class='gallery-item'>\n\t\t\t\t<dt class='gallery-icon landscape'>\n\t\t\t\t\t<a class=\"rollover rollover-zoom dt-pswp-item\" title=\"6e787254-065e-44a9-b590-14749a3a2fe0\" data-dt-img-description=\"\" data-large_image_width=\"1408\" data-large_image_height=\"1168\"href='https:\/\/www.radiopiu.net\/wordpress\/wp-content\/uploads\/2021\/12\/6e787254-065e-44a9-b590-14749a3a2fe0.jpg'><img loading=\"lazy\" decoding=\"async\" width=\"300\" height=\"249\" src=\"https:\/\/www.radiopiu.net\/wordpress\/wp-content\/uploads\/2021\/12\/6e787254-065e-44a9-b590-14749a3a2fe0-300x249.jpg\" class=\"attachment-medium size-medium\" alt=\"\" srcset=\"https:\/\/www.radiopiu.net\/wordpress\/wp-content\/uploads\/2021\/12\/6e787254-065e-44a9-b590-14749a3a2fe0-300x249.jpg 300w, https:\/\/www.radiopiu.net\/wordpress\/wp-content\/uploads\/2021\/12\/6e787254-065e-44a9-b590-14749a3a2fe0-1024x849.jpg 1024w, https:\/\/www.radiopiu.net\/wordpress\/wp-content\/uploads\/2021\/12\/6e787254-065e-44a9-b590-14749a3a2fe0-768x637.jpg 768w, https:\/\/www.radiopiu.net\/wordpress\/wp-content\/uploads\/2021\/12\/6e787254-065e-44a9-b590-14749a3a2fe0.jpg 1408w\" sizes=\"auto, (max-width: 300px) 100vw, 300px\" \/><\/a>\n\t\t\t\t<\/dt><\/dl><br style=\"clear: both\" \/>\n\t\t\t<\/div>\n\n<p>&nbsp;<\/p>\n<hr \/>\n<p>&nbsp;<\/p>\n<blockquote>\n<h3>CROCE VERDE VAL BIOIS, A SINGHIOZZO FINO AL 31 DICEMBRE<\/h3>\n<\/blockquote>\n<p><strong><img loading=\"lazy\" decoding=\"async\" class=\"alignleft\" src=\"https:\/\/www.radiopiu.net\/wordpress\/wp-content\/uploads\/2020\/06\/download-36.jpg\" width=\"205\" height=\"112\" \/> <\/strong><\/p>\n<p><strong>\u00a0<\/strong><strong>FALCADE<\/strong> Giorni e orari in cui l&#8217;emergenza della Croce Verde Val Biois non \u00e8 garantita: GIOVEDI&#8217; 23 DICEMBRE dalle ore 6:00 alle ore 20:00; VENERDI&#8217; 24 DICEMBRE dalle roe 6:00 alle ore 20:00; LUNEDI&#8217; 27 DICEMBRE 2021 dalle ore 20:00 alle ore 6 di MARTEDI&#8217; 28 DICEMBRE 2021<\/p>\n<p>&nbsp;<\/p>\n<p>&nbsp;<\/p>\n<hr \/>\n<p>&nbsp;<\/p>\n<blockquote>\n<h3>RITROVATO IN VITA LO SCIALPINISTA IN ALPAGO, ERA FINITO IN UNA PROFONDA DOLINA<\/h3>\n<\/blockquote>\n<p><strong>TAMBRE<\/strong> \u00c8 stato ritrovato in una profonda dolina carsica ed \u00e8 solo infortunato, Giorgio De Bona, lo scialpinista di 47 anni di Alpago, non rientrato da un&#8217;escursione con le pelli. Durante una ricognizione dell&#8217;elicottero dell&#8217;Air service center, convenzionato con il Soccorso alpino Dolomiti Bellunesi, con a bordo due soccorritori, sorvolando a bassa\u00a0 quota il versante tra Monte Cavallo e Rifugio Semenza sono state notate delle tracce di ingresso di sci, senza quelle di uscita, in un buco. Avvicinatisi, i soccorritori hanno visto l&#8217;uomo in fondo alla dolina che faceva loro gesti. L&#8217;elicottero ha sbarcato due tecnici per poi trasportare altri 3 compreso un sanitario, pi\u00f9 un vigile del fuoco. Immediato l&#8217;intervento dell&#8217;elisoccorso del Suem di Pieve di Cadore, che ha sbarcato personale medico e tecnico di elisoccorso con un verricello. Dopo una notte all&#8217;addiaccio, l&#8217;uomo che \u00e8 stato subito trasportato all&#8217;ospedale di Belluno, aveva riportato un sospetto trauma alla spalla. I soccorritori all&#8217;interno della buca stanno per essere recuperati dall&#8217;elicottero dell&#8217;Air service center. Ieri mattina erano presenti una sessantina di persone tra Soccorso alpino di Alpago, Belluno, Longarone, Pieve di Cadore, il Soccorso alpino della Guardia di finanza di Cortina e Auronzo, con un&#8217;unit\u00e0 cinofila, i Vigili del fuoco, pi\u00f9 una trentina di amici dello scialpinista. Le squadre erano state elitrasportate su ognuna delle cime circostanti, l&#8217;elicottero del Suem di Pieve di Cadore aveva sorvolato due volte le montagne con l&#8217;Artva del velivolo. Presente anche l&#8217;elicottero della Sezione aerea di Bolzano della Guardia di finanza con sistema Imsi Catcher. Presente inoltre anche un drone dei Vigili del fuoco col medesimo sistema di individuazione.<\/p>\n<p><strong>LE FOTO DEL SOCCORSO ALPINO<\/strong><\/p>\n\n\t\t\t<style type='text\/css'>\n\t\t\t\t#gallery-2 {\n\t\t\t\t\tmargin: auto;\n\t\t\t\t}\n\t\t\t\t#gallery-2 .gallery-item {\n\t\t\t\t\tfloat: left;\n\t\t\t\t\tmargin-top: 10px;\n\t\t\t\t\ttext-align: center;\n\t\t\t\t\twidth: 33%;\n\t\t\t\t}\n\t\t\t\t#gallery-2 img {\n\t\t\t\t\tborder: 2px solid #cfcfcf;\n\t\t\t\t}\n\t\t\t\t#gallery-2 .gallery-caption {\n\t\t\t\t\tmargin-left: 0;\n\t\t\t\t}\n\t\t\t\t\/* see gallery_shortcode() in wp-includes\/media.php *\/\n\t\t\t<\/style>\n\t\t<div id='gallery-2' class='dt-gallery-container gallery galleryid-249063 gallery-columns-3 gallery-size-thumbnail'><dl class='gallery-item'>\n\t\t\t\t<dt class='gallery-icon landscape'>\n\t\t\t\t\t<a class=\"rollover rollover-zoom dt-pswp-item\" title=\"2021-12-19_Aree Target\" data-dt-img-description=\"\" data-large_image_width=\"1920\" data-large_image_height=\"1040\"href='https:\/\/www.radiopiu.net\/wordpress\/wp-content\/uploads\/2021\/12\/2021-12-19_Aree-Target.png'><img loading=\"lazy\" decoding=\"async\" width=\"150\" height=\"150\" src=\"https:\/\/www.radiopiu.net\/wordpress\/wp-content\/uploads\/2021\/12\/2021-12-19_Aree-Target-150x150.png\" class=\"attachment-thumbnail size-thumbnail\" alt=\"\" \/><\/a>\n\t\t\t\t<\/dt><\/dl><dl class='gallery-item'>\n\t\t\t\t<dt class='gallery-icon landscape'>\n\t\t\t\t\t<a class=\"rollover rollover-zoom dt-pswp-item\" title=\"salt_20211219_123410_942\" data-dt-img-description=\"\" data-large_image_width=\"2364\" data-large_image_height=\"1773\"href='https:\/\/www.radiopiu.net\/wordpress\/wp-content\/uploads\/2021\/12\/salt_20211219_123410_942.jpg'><img loading=\"lazy\" decoding=\"async\" width=\"150\" height=\"150\" src=\"https:\/\/www.radiopiu.net\/wordpress\/wp-content\/uploads\/2021\/12\/salt_20211219_123410_942-150x150.jpg\" class=\"attachment-thumbnail size-thumbnail\" alt=\"\" \/><\/a>\n\t\t\t\t<\/dt><\/dl><dl class='gallery-item'>\n\t\t\t\t<dt class='gallery-icon landscape'>\n\t\t\t\t\t<a class=\"rollover rollover-zoom dt-pswp-item\" title=\"salt_20211219_123529_895\" data-dt-img-description=\"\" data-large_image_width=\"2364\" data-large_image_height=\"1773\"href='https:\/\/www.radiopiu.net\/wordpress\/wp-content\/uploads\/2021\/12\/salt_20211219_123529_895.jpg'><img loading=\"lazy\" decoding=\"async\" width=\"150\" height=\"150\" src=\"https:\/\/www.radiopiu.net\/wordpress\/wp-content\/uploads\/2021\/12\/salt_20211219_123529_895-150x150.jpg\" class=\"attachment-thumbnail size-thumbnail\" alt=\"\" \/><\/a>\n\t\t\t\t<\/dt><\/dl><br style=\"clear: both\" \/><dl class='gallery-item'>\n\t\t\t\t<dt class='gallery-icon landscape'>\n\t\t\t\t\t<a class=\"rollover rollover-zoom dt-pswp-item\" title=\"9d37ecd0-af48-40c6-b4fa-a0cfebcf9e8d\" data-dt-img-description=\"\" data-large_image_width=\"720\" data-large_image_height=\"720\"href='https:\/\/www.radiopiu.net\/wordpress\/wp-content\/uploads\/2021\/12\/9d37ecd0-af48-40c6-b4fa-a0cfebcf9e8d.jpg'><img loading=\"lazy\" decoding=\"async\" width=\"150\" height=\"150\" src=\"https:\/\/www.radiopiu.net\/wordpress\/wp-content\/uploads\/2021\/12\/9d37ecd0-af48-40c6-b4fa-a0cfebcf9e8d-150x150.jpg\" class=\"attachment-thumbnail size-thumbnail\" alt=\"\" srcset=\"https:\/\/www.radiopiu.net\/wordpress\/wp-content\/uploads\/2021\/12\/9d37ecd0-af48-40c6-b4fa-a0cfebcf9e8d-150x150.jpg 150w, https:\/\/www.radiopiu.net\/wordpress\/wp-content\/uploads\/2021\/12\/9d37ecd0-af48-40c6-b4fa-a0cfebcf9e8d-300x300.jpg 300w, https:\/\/www.radiopiu.net\/wordpress\/wp-content\/uploads\/2021\/12\/9d37ecd0-af48-40c6-b4fa-a0cfebcf9e8d.jpg 720w\" sizes=\"auto, (max-width: 150px) 100vw, 150px\" \/><\/a>\n\t\t\t\t<\/dt><\/dl><dl class='gallery-item'>\n\t\t\t\t<dt class='gallery-icon landscape'>\n\t\t\t\t\t<a class=\"rollover rollover-zoom dt-pswp-item\" title=\"a605fb39-1fe3-4806-9218-c952641a6ddd\" data-dt-img-description=\"\" data-large_image_width=\"720\" data-large_image_height=\"720\"href='https:\/\/www.radiopiu.net\/wordpress\/wp-content\/uploads\/2021\/12\/a605fb39-1fe3-4806-9218-c952641a6ddd.jpg'><img loading=\"lazy\" decoding=\"async\" width=\"150\" height=\"150\" src=\"https:\/\/www.radiopiu.net\/wordpress\/wp-content\/uploads\/2021\/12\/a605fb39-1fe3-4806-9218-c952641a6ddd-150x150.jpg\" class=\"attachment-thumbnail size-thumbnail\" alt=\"\" srcset=\"https:\/\/www.radiopiu.net\/wordpress\/wp-content\/uploads\/2021\/12\/a605fb39-1fe3-4806-9218-c952641a6ddd-150x150.jpg 150w, https:\/\/www.radiopiu.net\/wordpress\/wp-content\/uploads\/2021\/12\/a605fb39-1fe3-4806-9218-c952641a6ddd-300x300.jpg 300w, https:\/\/www.radiopiu.net\/wordpress\/wp-content\/uploads\/2021\/12\/a605fb39-1fe3-4806-9218-c952641a6ddd.jpg 720w\" sizes=\"auto, (max-width: 150px) 100vw, 150px\" \/><\/a>\n\t\t\t\t<\/dt><\/dl>\n\t\t\t\t<br style='clear: both' \/>\n\t\t\t<\/div>\n\n<p><strong>IL VIDEO E LE FOTO DEI VIGILI DEL FUOCO\u00a0<\/strong><\/p>\n<div style=\"width: 1200px;\" class=\"wp-video\"><video class=\"wp-video-shortcode\" id=\"video-249063-1\" width=\"1200\" height=\"675\" preload=\"metadata\" controls=\"controls\"><source type=\"video\/mp4\" src=\"https:\/\/www.radiopiu.net\/wordpress\/wp-content\/uploads\/2021\/12\/WhatsApp-Video-2021-12-19-at-14.10.55.mp4?_=1\" \/><a href=\"https:\/\/www.radiopiu.net\/wordpress\/wp-content\/uploads\/2021\/12\/WhatsApp-Video-2021-12-19-at-14.10.55.mp4\">https:\/\/www.radiopiu.net\/wordpress\/wp-content\/uploads\/2021\/12\/WhatsApp-Video-2021-12-19-at-14.10.55.mp4<\/a><\/video><\/div>\n<p>&nbsp;<\/p>\n\n\t\t\t<style type='text\/css'>\n\t\t\t\t#gallery-3 {\n\t\t\t\t\tmargin: auto;\n\t\t\t\t}\n\t\t\t\t#gallery-3 .gallery-item {\n\t\t\t\t\tfloat: left;\n\t\t\t\t\tmargin-top: 10px;\n\t\t\t\t\ttext-align: center;\n\t\t\t\t\twidth: 33%;\n\t\t\t\t}\n\t\t\t\t#gallery-3 img {\n\t\t\t\t\tborder: 2px solid #cfcfcf;\n\t\t\t\t}\n\t\t\t\t#gallery-3 .gallery-caption {\n\t\t\t\t\tmargin-left: 0;\n\t\t\t\t}\n\t\t\t\t\/* see gallery_shortcode() in wp-includes\/media.php *\/\n\t\t\t<\/style>\n\t\t<div id='gallery-3' class='dt-gallery-container gallery galleryid-249063 gallery-columns-3 gallery-size-thumbnail'><dl class='gallery-item'>\n\t\t\t\t<dt class='gallery-icon landscape'>\n\t\t\t\t\t<a class=\"rollover rollover-zoom dt-pswp-item\" title=\"f6ab26e1-f53f-4a67-a5ba-ebb9d5c5b8ad\" data-dt-img-description=\"\" data-large_image_width=\"1280\" data-large_image_height=\"720\"href='https:\/\/www.radiopiu.net\/wordpress\/wp-content\/uploads\/2021\/12\/f6ab26e1-f53f-4a67-a5ba-ebb9d5c5b8ad.jpg'><img loading=\"lazy\" decoding=\"async\" width=\"150\" height=\"150\" src=\"https:\/\/www.radiopiu.net\/wordpress\/wp-content\/uploads\/2021\/12\/f6ab26e1-f53f-4a67-a5ba-ebb9d5c5b8ad-150x150.jpg\" class=\"attachment-thumbnail size-thumbnail\" alt=\"\" \/><\/a>\n\t\t\t\t<\/dt><\/dl><dl class='gallery-item'>\n\t\t\t\t<dt class='gallery-icon landscape'>\n\t\t\t\t\t<a class=\"rollover rollover-zoom dt-pswp-item\" title=\"399e444f-2dd3-40db-b887-95f80ffe8829\" data-dt-img-description=\"\" data-large_image_width=\"1280\" data-large_image_height=\"960\"href='https:\/\/www.radiopiu.net\/wordpress\/wp-content\/uploads\/2021\/12\/399e444f-2dd3-40db-b887-95f80ffe8829.jpg'><img loading=\"lazy\" decoding=\"async\" width=\"150\" height=\"150\" src=\"https:\/\/www.radiopiu.net\/wordpress\/wp-content\/uploads\/2021\/12\/399e444f-2dd3-40db-b887-95f80ffe8829-150x150.jpg\" class=\"attachment-thumbnail size-thumbnail\" alt=\"\" \/><\/a>\n\t\t\t\t<\/dt><\/dl><dl class='gallery-item'>\n\t\t\t\t<dt class='gallery-icon landscape'>\n\t\t\t\t\t<a class=\"rollover rollover-zoom dt-pswp-item\" title=\"76594632-9a33-4d58-b9e9-6e6fa0f2687a\" data-dt-img-description=\"\" data-large_image_width=\"1280\" data-large_image_height=\"960\"href='https:\/\/www.radiopiu.net\/wordpress\/wp-content\/uploads\/2021\/12\/76594632-9a33-4d58-b9e9-6e6fa0f2687a.jpg'><img loading=\"lazy\" decoding=\"async\" width=\"150\" height=\"150\" src=\"https:\/\/www.radiopiu.net\/wordpress\/wp-content\/uploads\/2021\/12\/76594632-9a33-4d58-b9e9-6e6fa0f2687a-150x150.jpg\" class=\"attachment-thumbnail size-thumbnail\" alt=\"\" \/><\/a>\n\t\t\t\t<\/dt><\/dl><br style=\"clear: both\" \/><dl class='gallery-item'>\n\t\t\t\t<dt class='gallery-icon portrait'>\n\t\t\t\t\t<a class=\"rollover rollover-zoom dt-pswp-item\" title=\"f35c8019-30fc-43eb-84ba-c193214dd735\" data-dt-img-description=\"\" data-large_image_width=\"960\" data-large_image_height=\"1280\"href='https:\/\/www.radiopiu.net\/wordpress\/wp-content\/uploads\/2021\/12\/f35c8019-30fc-43eb-84ba-c193214dd735.jpg'><img loading=\"lazy\" decoding=\"async\" width=\"150\" height=\"150\" src=\"https:\/\/www.radiopiu.net\/wordpress\/wp-content\/uploads\/2021\/12\/f35c8019-30fc-43eb-84ba-c193214dd735-150x150.jpg\" class=\"attachment-thumbnail size-thumbnail\" alt=\"\" \/><\/a>\n\t\t\t\t<\/dt><\/dl><dl class='gallery-item'>\n\t\t\t\t<dt class='gallery-icon landscape'>\n\t\t\t\t\t<a class=\"rollover rollover-zoom dt-pswp-item\" title=\"ebaa3aa0-474e-455d-ae1e-f96f6e843f46\" data-dt-img-description=\"\" data-large_image_width=\"1280\" data-large_image_height=\"837\"href='https:\/\/www.radiopiu.net\/wordpress\/wp-content\/uploads\/2021\/12\/ebaa3aa0-474e-455d-ae1e-f96f6e843f46.jpg'><img loading=\"lazy\" decoding=\"async\" width=\"150\" height=\"150\" src=\"https:\/\/www.radiopiu.net\/wordpress\/wp-content\/uploads\/2021\/12\/ebaa3aa0-474e-455d-ae1e-f96f6e843f46-150x150.jpg\" class=\"attachment-thumbnail size-thumbnail\" alt=\"\" \/><\/a>\n\t\t\t\t<\/dt><\/dl>\n\t\t\t\t<br style='clear: both' \/>\n\t\t\t<\/div>\n\n<p>&nbsp;<\/p>\n<hr \/>\n<p>&nbsp;<\/p>\n<p>&nbsp;<\/p>\n<blockquote>\n<h3>SOCCORSO PER MALORE IN VALLE DI SEREN<\/h3>\n<\/blockquote>\n<p><strong><a href=\"https:\/\/www.radiopiu.net\/wordpress\/escursionista-ruzzola-per-50-metri-in-un-canale\/salt_20210824_122827_438\/\" rel=\"attachment wp-att-229324\"><img loading=\"lazy\" decoding=\"async\" class=\"size-medium wp-image-229324 alignleft\" src=\"https:\/\/www.radiopiu.net\/wordpress\/wp-content\/uploads\/2021\/08\/salt_20210824_122827_438-300x225.jpg\" alt=\"\" width=\"300\" height=\"225\" srcset=\"https:\/\/www.radiopiu.net\/wordpress\/wp-content\/uploads\/2021\/08\/salt_20210824_122827_438-300x225.jpg 300w, https:\/\/www.radiopiu.net\/wordpress\/wp-content\/uploads\/2021\/08\/salt_20210824_122827_438-1024x768.jpg 1024w, https:\/\/www.radiopiu.net\/wordpress\/wp-content\/uploads\/2021\/08\/salt_20210824_122827_438-768x576.jpg 768w, https:\/\/www.radiopiu.net\/wordpress\/wp-content\/uploads\/2021\/08\/salt_20210824_122827_438-1536x1152.jpg 1536w, https:\/\/www.radiopiu.net\/wordpress\/wp-content\/uploads\/2021\/08\/salt_20210824_122827_438-2048x1536.jpg 2048w\" sizes=\"auto, (max-width: 300px) 100vw, 300px\" \/><\/a> <\/strong><\/p>\n<p><strong>\u00a0<\/strong><\/p>\n<p><strong>SEREN DEL GRAPPA <\/strong>Attorno a mezzogiorno\u00a0 la Centrale del 118 \u00e8 stata allertata per un escursionista che si era sentito male, in localit\u00e0 Mulino Benevenuto in Valle di Seren. L&#8217;uomo, 72 anni, di Piombino Dese (PD), anche in base alle informazioni raccolte dal Soccorso alpino di Feltre pronto a intervenire, \u00e8 stato localizzato e recuperato dall&#8217;elicottero del Suem di Pieve di Cadore, per essere trasportato all&#8217;ospedale di Belluno per le verifiche del caso.<\/p>\n<p>&nbsp;<\/p>\n<p>&nbsp;<\/p>\n<p>&nbsp;<\/p>\n<p>&nbsp;<\/p>\n<hr \/>\n<p>&nbsp;<\/p>\n<blockquote>\n<h3>SI FA MALE CON LE CIASPOLE SOTTO IL COLDAI<\/h3>\n<\/blockquote>\n<p><strong><a href=\"https:\/\/www.radiopiu.net\/wordpress\/salt-suem\/\"><img loading=\"lazy\" decoding=\"async\" class=\" wp-image-247613 alignleft\" src=\"https:\/\/www.radiopiu.net\/wordpress\/wp-content\/uploads\/2021\/12\/salt-suem-300x225.jpg\" alt=\"\" width=\"191\" height=\"143\" srcset=\"https:\/\/www.radiopiu.net\/wordpress\/wp-content\/uploads\/2021\/12\/salt-suem-300x225.jpg 300w, https:\/\/www.radiopiu.net\/wordpress\/wp-content\/uploads\/2021\/12\/salt-suem-1024x768.jpg 1024w, https:\/\/www.radiopiu.net\/wordpress\/wp-content\/uploads\/2021\/12\/salt-suem-768x576.jpg 768w, https:\/\/www.radiopiu.net\/wordpress\/wp-content\/uploads\/2021\/12\/salt-suem.jpg 1440w\" sizes=\"auto, (max-width: 191px) 100vw, 191px\" \/><\/a> <\/strong><\/p>\n<p><strong>\u00a0<\/strong><\/p>\n<p><strong>ZOLDO ALTO<\/strong> Sabato alle 13.30 circa l&#8217;elicottero del Suem di Pieve di Cadore \u00e8 decollato per un escursionista che si era procurato un probabile trauma alla caviglia, mentre con le ciaspe percorreva il sentiero 556, tra Malga Pioda e il Rifugio Coldai, a circa 2000 metri di quota. G. M., 22 anni, di Castello di Godego (TV), \u00e8 stato raggiunto, recuperato e trasportato all&#8217;ospedale di Belluno.<\/p>\n<p>&nbsp;<\/p>\n<p>&nbsp;<\/p>\n<p>&nbsp;<\/p>\n<p>&nbsp;<\/p>\n<hr \/>\n<p>&nbsp;<\/p>\n<blockquote>\n<h3>TRE PERSONE FERITE AL MASEROT NELL&#8217;INCIDENTE CHE HA MANDATO IN CRISI LA STATALE 50<\/h3>\n<\/blockquote>\n<div class=\"articlePlainText\"><strong><a href=\"https:\/\/www.radiopiu.net\/wordpress\/tre-persone-ferite-al-maserot-nellincidente-che-ha-mandato-in-crisi-la-statale-50\/6fa33f96-6aae-4b82-a578-9229a1e56f38\/\" rel=\"attachment wp-att-249303\"><img loading=\"lazy\" decoding=\"async\" class=\"wp-image-249303 alignleft\" src=\"https:\/\/www.radiopiu.net\/wordpress\/wp-content\/uploads\/2021\/12\/6fa33f96-6aae-4b82-a578-9229a1e56f38-300x169.jpg\" alt=\"\" width=\"233\" height=\"131\" srcset=\"https:\/\/www.radiopiu.net\/wordpress\/wp-content\/uploads\/2021\/12\/6fa33f96-6aae-4b82-a578-9229a1e56f38-300x169.jpg 300w, https:\/\/www.radiopiu.net\/wordpress\/wp-content\/uploads\/2021\/12\/6fa33f96-6aae-4b82-a578-9229a1e56f38-1024x576.jpg 1024w, https:\/\/www.radiopiu.net\/wordpress\/wp-content\/uploads\/2021\/12\/6fa33f96-6aae-4b82-a578-9229a1e56f38-768x432.jpg 768w, https:\/\/www.radiopiu.net\/wordpress\/wp-content\/uploads\/2021\/12\/6fa33f96-6aae-4b82-a578-9229a1e56f38-1536x864.jpg 1536w, https:\/\/www.radiopiu.net\/wordpress\/wp-content\/uploads\/2021\/12\/6fa33f96-6aae-4b82-a578-9229a1e56f38.jpg 1920w\" sizes=\"auto, (max-width: 233px) 100vw, 233px\" \/><\/a>SANTA GIUSTINA <\/strong>Tre feriti nell&#8217;incidente di ieri alle 13 a Santa Giustina, all&#8217;altezza dell&#8217;ingresso del Maserot.\u00a0 Due Opel Corsa e una Fiat Punto sono entrate in collisione. Violento l&#8217;impatto che ha provocato traumi ai conducenti e danni pesanti a veicoli. Sul posto i vigili del fuoco di Belluno, gli agenti della Stradale di Feltre e le ambulanze di Belluno e di Feltre.\u00a0 Le operazioni di soccorso hanno\u00a0 richiesto la chiusura temporanea del tratto di Ss 50, per permettere il completamento dei rilievi.\u00a0 Due dei tre feriti sono stati dimessi nel corso del pomeriggio stesso dopo le medicazioni di rito. Una terza persona \u00e8 stata trattenuta in osservazione per la notte a Belluno: D.P., 25 anni, di Piombino Dese.<\/div>\n<div>foto CORRIERE DELLE ALPI<\/div>\n<div><\/div>\n<div>\n<hr \/>\n<\/div>\n<div><\/div>\n<div><\/div>\n<div><\/div>\n<div><\/div>\n<div>\n<h3 class=\"articlePlainTitle\">SULL&#8217;ALEMAGNA INCIDENTE A QUATTRO<\/h3>\n<blockquote><p><strong>LONGARONE\u00a0<\/strong> Tamponamento a catena ieri alle 14 in localit\u00e0 Fa\u00e8. Spavento e qualche danno inevitabile alle autovetture, ma non si sono registrati feriti. Solo qualche contusione, che non ha richiesto cure. Sono intervenuti i carabinieri e i vigili del fuoco per ripristinare la viabilit\u00e0. Disagi inevitabili al traffico<\/p><\/blockquote>\n<div><\/div>\n<\/div>\n<div>\n<hr \/>\n<\/div>\n<div><\/div>\n<div><\/div>\n<div><\/div>\n<h3>DURANTE LA FESTA SPUNTA IL COLTELLO, DUE VOLONTARI AL PRONTO SOCCORSO<\/h3>\n<div><strong>VODO DI CADORE<\/strong> I volontari della Pro loco sono finiti in ospedale, aggrediti di notte durante la festa di\u00a0 Santa Lucia. Due uomini hanno dovuto ricorrere alle cure dell&#8217;ospedale, un terzo ha riportato ferite pi\u00f9 leggere.\u00a0 I carabinieri di San Vito hanno fermato un quarantenne\u00a0 denunciato per lesioni e minaccia aggravata. Il sindaco Domenico Belfi ha rischiato di essere colpito e alle 3.30 ha chiamato il 112. L&#8217;uomo\u00a0 originario del Marocco\u00a0 \u00e8 andato in escandescenze, dopo aver colpito con grande violenza due ragazzi.\u00a0 Si era pure impossessato di un coltello da cucina minacciando i presenti.\u00a0 Il motivo del comportamento non \u00e8 noto, lo spiegher\u00e0 ai Carabinieri che\u00a0 si occupano delle indagini. I due feriti sono stati dimessi dopo qualche ora di medicazione e osservazione. Le loro condizioni non preoccupano.<\/div>\n<div><\/div>\n<p>&nbsp;<\/p>\n<hr \/>\n<p>&nbsp;<\/p>\n<p>&nbsp;<\/p>\n<blockquote>\n<h3>ELEZIONI PROVINCIALI, SEI SEGGI ALLA LISTA \u201cPROVINCIA COMUNE-BELLUNO 2030\u201d, QUATTRO A \u201cPROGETTO DOLOMITI\u201d<\/h3>\n<\/blockquote>\n<p><strong><a href=\"https:\/\/www.radiopiu.net\/wordpress\/il-nuovo-step-della-fase-2-ci-veda-propositivi-e-uniti-la-provincia-puo-fare-da-collettore-di-tutte-le-esigenze-e-le-idee-che-emergono-dal-nostro-territorio\/padrin-64\/\" rel=\"attachment wp-att-138417\"><img loading=\"lazy\" decoding=\"async\" class=\"size-medium wp-image-138417 alignleft\" src=\"https:\/\/www.radiopiu.net\/wordpress\/wp-content\/uploads\/2020\/05\/PADRIN-1-300x225.jpg\" alt=\"\" width=\"300\" height=\"225\" srcset=\"https:\/\/www.radiopiu.net\/wordpress\/wp-content\/uploads\/2020\/05\/PADRIN-1-300x225.jpg 300w, https:\/\/www.radiopiu.net\/wordpress\/wp-content\/uploads\/2020\/05\/PADRIN-1-1024x768.jpg 1024w, https:\/\/www.radiopiu.net\/wordpress\/wp-content\/uploads\/2020\/05\/PADRIN-1-768x576.jpg 768w, https:\/\/www.radiopiu.net\/wordpress\/wp-content\/uploads\/2020\/05\/PADRIN-1-1536x1152.jpg 1536w, https:\/\/www.radiopiu.net\/wordpress\/wp-content\/uploads\/2020\/05\/PADRIN-1-2048x1536.jpg 2048w\" sizes=\"auto, (max-width: 300px) 100vw, 300px\" \/><\/a>BELLUNO <\/strong><span class=\"s1\">Si sono concluse le operazioni di spoglio delle elezioni provinciali. Nel voto per il consiglio, la lista \u201cProvincia Comune &#8211; Belluno 2030 con Padrin presidente\u201d risulta vincitrice con 45.203 voti ponderati (il 56,97%) e guadagna sei seggi. La lista \u201cProgetto Dolomiti\u201d invece ha raccolto 34.133 voti ponderati (il 43,03%) e avr\u00e0 quattro seggi. <\/span><span class=\"s1\">Il nuovo consiglio sar\u00e0 cos\u00ec composto: per la lista \u201cProvincia Comune &#8211; Belluno 2030\u201d, Lucia Da Rold (7.620 voti ponderati), Walter Cibien (7.296), Simone Deola (5.863), Paolo Perenzin (5.760), Franco De Bon (4.623), e Fabio Luchetta (4.740); per la lista \u201cProgetto Dolomiti\u201d, Dario Scopel (6.366), Danilo De Toni (6.168), Mattia Gosetti (6.083) e Serenella Bogana (5.505). <\/span><span class=\"s1\">Confermato presidente Roberto Padrin, unico candidato alla presidenza. Hanno votato 515 elettori sui 728 aventi diritto (suddivisi nelle fasce di ponderazione previste a seconda del peso demografico dei 61 Comuni bellunesi), e il presidente ha ricevuto l\u201880,7% di voti validi (9 nulle, 90 bianche).\u00a0<\/span><strong><br \/>\n<\/strong><\/p>\n<p><strong>IL PRESIDENTE DELLA PROVINCIA DI BELLUNO ROBERTO PADRIN<\/strong><\/p>\n<audio class=\"wp-audio-shortcode\" id=\"audio-249063-1\" preload=\"none\" style=\"width: 100%;\" controls=\"controls\"><source type=\"audio\/mpeg\" src=\"https:\/\/www.radiopiu.net\/wordpress\/wp-content\/uploads\/2021\/12\/PADRIN-ELEZIONI.mp3?_=1\" \/><a href=\"https:\/\/www.radiopiu.net\/wordpress\/wp-content\/uploads\/2021\/12\/PADRIN-ELEZIONI.mp3\">https:\/\/www.radiopiu.net\/wordpress\/wp-content\/uploads\/2021\/12\/PADRIN-ELEZIONI.mp3<\/a><\/audio>\n<p>&nbsp;<\/p>\n<p><strong>ROCCA PIETORE\u00a0<\/strong>Il sindaco di Rocca Pietore Andrea De Bernardin intanto lamenta che con l&#8217;ingresso della riforma Del Rio sulle provincie le votazioni per la provincia votata dai consiglieri comunali non sono di suo gradimento.<\/p>\n<p><strong>IL SINDACO DI ROCCA PIETORE ANDREA DE BERNARDIN<\/strong><\/p>\n<audio class=\"wp-audio-shortcode\" id=\"audio-249063-2\" preload=\"none\" style=\"width: 100%;\" controls=\"controls\"><source type=\"audio\/mpeg\" src=\"https:\/\/www.radiopiu.net\/wordpress\/wp-content\/uploads\/2021\/12\/de-bernardin-provincia.mp3?_=2\" \/><a href=\"https:\/\/www.radiopiu.net\/wordpress\/wp-content\/uploads\/2021\/12\/de-bernardin-provincia.mp3\">https:\/\/www.radiopiu.net\/wordpress\/wp-content\/uploads\/2021\/12\/de-bernardin-provincia.mp3<\/a><\/audio>\n<p>&nbsp;<\/p>\n<a href=\"https:\/\/www.radiopiu.net\/wordpress\/wp-content\/uploads\/2021\/12\/Provinciali-2021.pdf\" class=\"pdfemb-viewer\" style=\"\" data-width=\"max\" data-height=\"max\" data-toolbar=\"top\" data-toolbar-fixed=\"on\">Provinciali 2021<\/a>\n<p>&nbsp;<\/p>\n<hr \/>\n<p>&nbsp;<\/p>\n<blockquote>\n<h3>ELEZIONI PROVINCIALI: LE DICHIARAZIONI<\/h3>\n<\/blockquote>\n<p><strong>BELLUNO<\/strong> Si sono conclusi gli spogli delle votazioni per il Presidente della provincia e i consiglieri provinciali. Queste sono le dichiarazioni dopo i risultati usciti.<\/p>\n<p><strong><a href=\"https:\/\/www.radiopiu.net\/wordpress\/giornale-radiopiu-13-febbraio-2021-direttore-mirko-mezzacasa\/dinca-5\/\" rel=\"attachment wp-att-190918\"><img loading=\"lazy\" decoding=\"async\" class=\"wp-image-190918 alignleft\" src=\"https:\/\/www.radiopiu.net\/wordpress\/wp-content\/uploads\/2021\/02\/dinca-300x300.jpg\" alt=\"\" width=\"159\" height=\"159\" srcset=\"https:\/\/www.radiopiu.net\/wordpress\/wp-content\/uploads\/2021\/02\/dinca-300x300.jpg 300w, https:\/\/www.radiopiu.net\/wordpress\/wp-content\/uploads\/2021\/02\/dinca-1024x1024.jpg 1024w, https:\/\/www.radiopiu.net\/wordpress\/wp-content\/uploads\/2021\/02\/dinca-150x150.jpg 150w, https:\/\/www.radiopiu.net\/wordpress\/wp-content\/uploads\/2021\/02\/dinca-768x767.jpg 768w, https:\/\/www.radiopiu.net\/wordpress\/wp-content\/uploads\/2021\/02\/dinca.jpg 1080w\" sizes=\"auto, (max-width: 159px) 100vw, 159px\" \/><\/a>IL MINISTRO FEDERICO D&#8217;INCA&#8217;<\/strong><\/p>\n<p>&#8220;I miei auguri a Roberto Padrin, per la riconferma a presidente della Provincia di Belluno e al nuovo Consiglio eletto. Il lavoro di questi anni a favore del territorio \u00e8 stato significativo: le sfide da affrontare sono molteplici ma sono sicuro che ancora una volta le competenze di Padrin saranno saranno utili all&#8217;intera provincia bellunese. In questi ultimi anni, con la Provincia abbiamo avviato un percorso di collaborazione istituzionale per rappresentare al meglio le istanze del territorio. A confermarlo, le costanti interlocuzioni tra l&#8217;Ente e Roma, come avvenuto in occasione dell&#8217;ultimo incontro sulla banda ultralarga. Un cammino che proseguir\u00e0 ancora con molta attenzione&#8221;.<\/p>\n<p>&nbsp;<\/p>\n<p><strong><a href=\"https:\/\/www.radiopiu.net\/wordpress\/speciale-feltre-fondi-di-confine-e-biblioteche-dal-gr-pomeriggio-di-radio-piu\/roger_de_menech_daticamera\/\" rel=\"attachment wp-att-49599\"><img loading=\"lazy\" decoding=\"async\" class=\"size-full wp-image-49599 alignright\" src=\"https:\/\/www.radiopiu.net\/wordpress\/wp-content\/uploads\/2018\/05\/Roger_De_Menech_daticamera.jpg\" alt=\"\" width=\"165\" height=\"228\" \/><\/a>L&#8217;ONOREVOLE DEL PD ROGER DE MENECH E LA SEGRETARIA PROVINCIALE DEL PD MONICA LOTTO<\/strong><\/p>\n<p><span class=\"s1\">Il centrosinistra bellunese proseguir\u00e0 nell\u2019opera di rinnovamento con particolare attenzione alle zone fragili. La vittoria della lista \u2018Provincia Comune Belluno 2030\u2019 alle elezioni provinciali \u00e8 il premio per il lavoro svolto dagli amministratori in seno al consiglio provinciale, ma soprattutto un atto di fiducia per il futuro. <\/span><span class=\"s1\">\u00abAuguro buon lavoro al presidente Padrin che abbiamo appoggiato con convinzione\u00bb, afferma il deputato bellunese Roger De Menech. \u00abAnche per i prossimi anni, il presidente avr\u00e0 il nostro leale sostegno per continuare le azioni per salvaguardare il territorio, rafforzare la dimensione sociale e intervenire con tempestivit\u00e0 nelle situazioni di crisi\u00bb. <\/span><span class=\"s1\">La segretaria provinciale del PD, Monica Lotto, sottolinea quanto \u00abla dimensione civica della lista sia stata accogliente e quindi vincente. Abbiamo raggruppato un gruppo di amministratori equilibrato, contrassegnato da sensibilit\u00e0 comuni, grande esperienza, competenze certe e provenienti da tutte le zone della Provincia\u00bb.\u00a0 <\/span><span class=\"s1\">Per la prima volta una donna, Lucia Da Rold di Ponte nelle Alpi, \u00e8 risultata la pi\u00f9 votata in assoluto e prima degli eletti. Gli altri rappresentanti della lista che entrano in Consiglio provinciale sono Franco De Bon, Fabio Luchetta, Paolo Perenzin, Simone Deola e Walter Cibien.<\/span><\/p>\n<p>&nbsp;<\/p>\n<p><strong><a href=\"https:\/\/www.radiopiu.net\/wordpress\/giornale-radiopiu-19-maggio-2020-direttore-mirko-mezzacasa\/luca-de-carlo-8\/\" rel=\"attachment wp-att-138787\"><img loading=\"lazy\" decoding=\"async\" class=\"size-full wp-image-138787 alignleft\" src=\"https:\/\/www.radiopiu.net\/wordpress\/wp-content\/uploads\/2020\/05\/Luca-De-Carlo.jpg\" alt=\"\" width=\"165\" height=\"228\" \/><\/a>IL SENATORE LUCA DE CARLO<\/strong><\/p>\n<p dir=\"auto\">L&#8217;analisi del senatore di Fratelli d&#8217;Italia e sindaco di Calalzo di Cadore Luca De Carlo guarda ai risultati delle urne provinciali e si proietta alle consultazioni della prossima primavera. Il primo commento \u00e8 dedicato alle elezioni provinciali tenutesi nella giornata di sabato: \u201cComplimenti a Serenella Bogana, riconfermata per la terza volta in questo ruolo: \u00e8 un chiaro riconoscimento del lavoro fatto in questi anni. Infatti, al netto dei voti ponderati risulta la terza candidata pi\u00f9 votata tra entrambe le liste, segno di un apprezzamento generale da parte degli amministratori del territorio bellunese\u201d. L&#8217;altra analisi \u00e8 invece pi\u00f9 politica, e guarda alle sfide dei prossimi mesi: \u201cIn questa consultazione, nonostante al momento i grandi comuni siano in mano al centrosinistra, il centrodestra ha fatto registrare un ottimo risultato e dimostrato unit\u00e0, unit\u00e0 che servir\u00e0 anche nella prossima tornata amministrativa a Belluno e a Feltre che ci vedr\u00e0 impegnati a rovesciare l&#8217;attuale situazione. Lo schema \u201cpartiti pi\u00f9 liste civiche\u201d va confermato e rilanciato, non solo in vista della chiamata alle urne della prossima primavera, ma anche in ottica delle future elezioni provinciali, che ci auguriamo avvengano dopo una riforma che ripristini l&#8217;elezione diretta di presidente e consiglio e ridia cos\u00ec la parola ai cittadini\u201d. L&#8217;ultimo appello \u00e8 quindi agli alleati: \u201cDa oggi, sguardo fisso sulle amministrative 2022 per trovare insieme i migliori candidati per andare a vincere e certo non per piantare bandierine\u201d, conclude De Carlo.<\/p>\n<p dir=\"auto\"><strong><a href=\"https:\/\/www.radiopiu.net\/wordpress\/giornale-radiopiu-05-maggio-2021-direttore-mirko-mezzacasa\/lucia_da_rold-2\/\" rel=\"attachment wp-att-207556\"><img loading=\"lazy\" decoding=\"async\" class=\"wp-image-207556 alignright\" src=\"https:\/\/www.radiopiu.net\/wordpress\/wp-content\/uploads\/2021\/05\/Lucia_Da_Rold-225x300.jpg\" alt=\"\" width=\"122\" height=\"163\" srcset=\"https:\/\/www.radiopiu.net\/wordpress\/wp-content\/uploads\/2021\/05\/Lucia_Da_Rold-225x300.jpg 225w, https:\/\/www.radiopiu.net\/wordpress\/wp-content\/uploads\/2021\/05\/Lucia_Da_Rold.jpg 517w\" sizes=\"auto, (max-width: 122px) 100vw, 122px\" \/><\/a>LUCIA DA ROLD, ELETTA NEL CONSIGLIO PROVINCIALE<\/strong><\/p>\n<p dir=\"auto\">&#8220;Sono molto orgogliosa del risultato personale ottenuto. Ringrazio i colleghi che hanno voluto darmi la preferenza e mi fa piacere perch\u00e9 molte sono persone con cui collaboro ormai da diversi anni, molti sono invece gli amministratori e le amministrartici che hanno riposto in me una fiducia che spero di poter ricambiare con il lavoro che faremo insieme da qui in avanti. La soddisfazione pi\u00f9 grande resta la vittoria della lista di centrosinistra grazie alla quale avremo slancio, entusiasmo e capacit\u00e0 per affrontare le sfide dei prossimi anni nel Bellunese\u201d. Lo dichiara Lucia Da Rold a commento dei risultati delle elezioni provinciali.<\/p>\n<p dir=\"auto\"><strong><a href=\"https:\/\/www.radiopiu.net\/wordpress\/giornale-radiopiu-05-ottobre-2019-direttore-mirko-mezzacasa\/1435664134094_gidoni_franco-2\/\" rel=\"attachment wp-att-101299\"><img loading=\"lazy\" decoding=\"async\" class=\"wp-image-101299 alignleft\" src=\"https:\/\/www.radiopiu.net\/wordpress\/wp-content\/uploads\/2019\/10\/1435664134094_Gidoni_Franco-218x300.jpg\" alt=\"\" width=\"113\" height=\"156\" srcset=\"https:\/\/www.radiopiu.net\/wordpress\/wp-content\/uploads\/2019\/10\/1435664134094_Gidoni_Franco-218x300.jpg 218w, https:\/\/www.radiopiu.net\/wordpress\/wp-content\/uploads\/2019\/10\/1435664134094_Gidoni_Franco.jpg 254w\" sizes=\"auto, (max-width: 113px) 100vw, 113px\" \/><\/a>FRANCO GIDONI, COMMISSARIO PROVINCIALE LEGA NORD<\/strong><\/p>\n<p dir=\"auto\">\u201cPoca affezione all&#8217;ente Provincia da parte della sinistra, la candidatura singola non ha aiutato\u201d, \u00e8 questo il primo commento del commissario provinciale della Lega Franco Gidoni alle elezioni provinciali. La tornata elettorale ha fatto ottenere due consiglieri alla Lega, grazie alla riconferma di Danilo De Toni sindaco di Alleghe con 6168 voti e al nuovo ingresso di Mattia Gosetti, primo cittadino di Cibiana, con 6083 preferenze. A spulciare tra i dati, emerge come gli elettori di centro sinistra siano diminuiti, rispetto all&#8217;ultima votazione e quelli di centro destra, invece, siano aumentati.<\/p>\n<audio class=\"wp-audio-shortcode\" id=\"audio-249063-3\" preload=\"none\" style=\"width: 100%;\" controls=\"controls\"><source type=\"audio\/mpeg\" src=\"https:\/\/www.radiopiu.net\/wordpress\/wp-content\/uploads\/2021\/12\/Gidoni-su-elezioni-provinciali.mp3?_=3\" \/><a href=\"https:\/\/www.radiopiu.net\/wordpress\/wp-content\/uploads\/2021\/12\/Gidoni-su-elezioni-provinciali.mp3\">https:\/\/www.radiopiu.net\/wordpress\/wp-content\/uploads\/2021\/12\/Gidoni-su-elezioni-provinciali.mp3<\/a><\/audio>\n<p>&nbsp;<\/p>\n<p>&nbsp;<\/p>\n<hr \/>\n<p>&nbsp;<\/p>\n<blockquote>\n<h3>UN MILIONE DI EURO PER RIQUALIFICARE MALGA FRAMONT<\/h3>\n<\/blockquote>\n<p><strong><a href=\"https:\/\/www.radiopiu.net\/wordpress\/dal-4-maggio-chiusa-la-silvo-pastorale-rif-don-malga-framont\/framont-3\/\" rel=\"attachment wp-att-133938\"><img loading=\"lazy\" decoding=\"async\" class=\" wp-image-133938 alignleft\" src=\"https:\/\/www.radiopiu.net\/wordpress\/wp-content\/uploads\/2020\/04\/framont-300x300.png\" alt=\"\" width=\"136\" height=\"136\" srcset=\"https:\/\/www.radiopiu.net\/wordpress\/wp-content\/uploads\/2020\/04\/framont-300x300.png 300w, https:\/\/www.radiopiu.net\/wordpress\/wp-content\/uploads\/2020\/04\/framont-150x150.png 150w, https:\/\/www.radiopiu.net\/wordpress\/wp-content\/uploads\/2020\/04\/framont-768x768.png 768w, https:\/\/www.radiopiu.net\/wordpress\/wp-content\/uploads\/2020\/04\/framont.png 808w\" sizes=\"auto, (max-width: 136px) 100vw, 136px\" \/><\/a>AGORDO<\/strong><\/p>\n<p>di Gianni Santomaso<\/p>\n<audio class=\"wp-audio-shortcode\" id=\"audio-249063-4\" preload=\"none\" style=\"width: 100%;\" controls=\"controls\"><source type=\"audio\/mpeg\" src=\"https:\/\/www.radiopiu.net\/wordpress\/wp-content\/uploads\/2021\/12\/GIANNI-MALGA-FRAMONT.mp3?_=4\" \/><a href=\"https:\/\/www.radiopiu.net\/wordpress\/wp-content\/uploads\/2021\/12\/GIANNI-MALGA-FRAMONT.mp3\">https:\/\/www.radiopiu.net\/wordpress\/wp-content\/uploads\/2021\/12\/GIANNI-MALGA-FRAMONT.mp3<\/a><\/audio>\n<p>&nbsp;<\/p>\n<p>&nbsp;<\/p>\n<hr \/>\n<p>&nbsp;<\/p>\n<blockquote>\n<h3><a href=\"https:\/\/www.radiopiu.net\/wordpress\/giornale-radiopiu-20-dicembre-2021-direttore-mirko-mezzacasa\/louise_penny_clinton_169_email\/\" rel=\"attachment wp-att-249293\"><img loading=\"lazy\" decoding=\"async\" class=\"size-medium wp-image-249293 alignleft\" src=\"https:\/\/www.radiopiu.net\/wordpress\/wp-content\/uploads\/2021\/12\/louise_penny_clinton_169_email-300x169.jpg\" alt=\"\" width=\"300\" height=\"169\" srcset=\"https:\/\/www.radiopiu.net\/wordpress\/wp-content\/uploads\/2021\/12\/louise_penny_clinton_169_email-300x169.jpg 300w, https:\/\/www.radiopiu.net\/wordpress\/wp-content\/uploads\/2021\/12\/louise_penny_clinton_169_email-1024x576.jpg 1024w, https:\/\/www.radiopiu.net\/wordpress\/wp-content\/uploads\/2021\/12\/louise_penny_clinton_169_email-768x432.jpg 768w, https:\/\/www.radiopiu.net\/wordpress\/wp-content\/uploads\/2021\/12\/louise_penny_clinton_169_email-1536x864.jpg 1536w, https:\/\/www.radiopiu.net\/wordpress\/wp-content\/uploads\/2021\/12\/louise_penny_clinton_169_email.jpg 1920w\" sizes=\"auto, (max-width: 300px) 100vw, 300px\" \/><\/a>SPOTTED! Louise Penny, coautrice con Hillary Clinton di &#8220;State of Terror&#8221;, in Blackfin.<\/h3>\n<\/blockquote>\n<p>L\u2019autrice canadese Louise Penny, che ha recentemente pubblicato il suo ultimo romanzo poliziesco dal titolo State of Terror scritto assieme all&#8217;ex Segretario di Stato americano Hillary Clinton, indossa un paio di occhiali Blackfin modello WATERHOUSE.<br \/>\nIl romanzo, salito subito in cima alle classifiche dei libri pi\u00f9 venduti negli Stati Uniti, racconta le vicende di Ellen Adams, Segretaria di Stato nominata con il compito di ricostruire la leadership americana dopo anni di cattiva gestione e messa alla prova da crisi politiche e attentati terroristici che rischiano di destabilizzare l&#8217;ordine mondiale.<\/p>\n<p>&nbsp;<\/p>\n<hr \/>\n<p>&nbsp;<\/p>\n<blockquote class=\"wp-embedded-content\" data-secret=\"RoeRYXLnWE\"><p><a href=\"https:\/\/www.radiopiu.net\/wordpress\/aggiornamentonazdic19\/\">CORONAVIRUS: AGGIORNAMENTO NAZIONALE 19 DICEMBRE  2021<\/a><\/p><\/blockquote>\n<p><iframe loading=\"lazy\" class=\"wp-embedded-content\" sandbox=\"allow-scripts\" security=\"restricted\" style=\"position: absolute; clip: rect(1px, 1px, 1px, 1px);\" title=\"&#8220;CORONAVIRUS: AGGIORNAMENTO NAZIONALE 19 DICEMBRE  2021&#8221; &#8212; Radio Pi\u00f9\" src=\"https:\/\/www.radiopiu.net\/wordpress\/aggiornamentonazdic19\/embed\/#?secret=RoeRYXLnWE\" data-secret=\"RoeRYXLnWE\" width=\"600\" height=\"338\" frameborder=\"0\" marginwidth=\"0\" marginheight=\"0\" scrolling=\"no\"><\/iframe><\/p>\n<p>&nbsp;<\/p>\n<blockquote class=\"wp-embedded-content\" data-secret=\"bEKzRmkxmf\"><p><a href=\"https:\/\/www.radiopiu.net\/wordpress\/nove-decessi-ricoveri-in-aumento-e-3442-nuovi-positivi-in-veneto-nelle-ultime-24-ore\/\">NOVE DECESSI, RICOVERI IN AUMENTO E 3442 NUOVI POSITIVI IN VENETO NELLE ULTIME 24 ORE<\/a><\/p><\/blockquote>\n<p><iframe loading=\"lazy\" class=\"wp-embedded-content\" sandbox=\"allow-scripts\" security=\"restricted\" style=\"position: absolute; clip: rect(1px, 1px, 1px, 1px);\" title=\"&#8220;NOVE DECESSI, RICOVERI IN AUMENTO E 3442 NUOVI POSITIVI IN VENETO NELLE ULTIME 24 ORE&#8221; &#8212; Radio Pi\u00f9\" src=\"https:\/\/www.radiopiu.net\/wordpress\/nove-decessi-ricoveri-in-aumento-e-3442-nuovi-positivi-in-veneto-nelle-ultime-24-ore\/embed\/#?secret=bEKzRmkxmf\" data-secret=\"bEKzRmkxmf\" width=\"600\" height=\"338\" frameborder=\"0\" marginwidth=\"0\" marginheight=\"0\" scrolling=\"no\"><\/iframe><\/p>\n<p>&nbsp;<\/p>\n<h2>I GRAFICI DI TIZIANO DE COL<\/h2>\n\n\t\t\t<style type='text\/css'>\n\t\t\t\t#gallery-4 {\n\t\t\t\t\tmargin: auto;\n\t\t\t\t}\n\t\t\t\t#gallery-4 .gallery-item {\n\t\t\t\t\tfloat: left;\n\t\t\t\t\tmargin-top: 10px;\n\t\t\t\t\ttext-align: center;\n\t\t\t\t\twidth: 33%;\n\t\t\t\t}\n\t\t\t\t#gallery-4 img {\n\t\t\t\t\tborder: 2px solid #cfcfcf;\n\t\t\t\t}\n\t\t\t\t#gallery-4 .gallery-caption {\n\t\t\t\t\tmargin-left: 0;\n\t\t\t\t}\n\t\t\t\t\/* see gallery_shortcode() in wp-includes\/media.php *\/\n\t\t\t<\/style>\n\t\t<div id='gallery-4' class='dt-gallery-container gallery galleryid-249063 gallery-columns-3 gallery-size-thumbnail'><dl class='gallery-item'>\n\t\t\t\t<dt class='gallery-icon landscape'>\n\t\t\t\t\t<a class=\"rollover\" href='https:\/\/www.radiopiu.net\/wordpress\/giornale-radiopiu-20-dicembre-2021-direttore-mirko-mezzacasa\/c184f36b-cf4b-486c-b809-c0ed827ac87f\/'><img loading=\"lazy\" decoding=\"async\" width=\"150\" height=\"150\" src=\"https:\/\/www.radiopiu.net\/wordpress\/wp-content\/uploads\/2021\/12\/c184f36b-cf4b-486c-b809-c0ed827ac87f-150x150.jpg\" class=\"attachment-thumbnail size-thumbnail\" alt=\"\" \/><\/a>\n\t\t\t\t<\/dt><\/dl><dl class='gallery-item'>\n\t\t\t\t<dt class='gallery-icon landscape'>\n\t\t\t\t\t<a class=\"rollover\" href='https:\/\/www.radiopiu.net\/wordpress\/giornale-radiopiu-20-dicembre-2021-direttore-mirko-mezzacasa\/9bd330be-a597-4cfc-b094-18cf76067edb\/'><img loading=\"lazy\" decoding=\"async\" width=\"150\" height=\"150\" src=\"https:\/\/www.radiopiu.net\/wordpress\/wp-content\/uploads\/2021\/12\/9bd330be-a597-4cfc-b094-18cf76067edb-150x150.jpg\" class=\"attachment-thumbnail size-thumbnail\" alt=\"\" \/><\/a>\n\t\t\t\t<\/dt><\/dl><dl class='gallery-item'>\n\t\t\t\t<dt class='gallery-icon landscape'>\n\t\t\t\t\t<a class=\"rollover\" href='https:\/\/www.radiopiu.net\/wordpress\/giornale-radiopiu-20-dicembre-2021-direttore-mirko-mezzacasa\/82f59486-236c-407a-a92c-f398fc254082\/'><img loading=\"lazy\" decoding=\"async\" width=\"150\" height=\"150\" src=\"https:\/\/www.radiopiu.net\/wordpress\/wp-content\/uploads\/2021\/12\/82f59486-236c-407a-a92c-f398fc254082-150x150.jpg\" class=\"attachment-thumbnail size-thumbnail\" alt=\"\" \/><\/a>\n\t\t\t\t<\/dt><\/dl><br style=\"clear: both\" \/><dl class='gallery-item'>\n\t\t\t\t<dt class='gallery-icon landscape'>\n\t\t\t\t\t<a class=\"rollover\" href='https:\/\/www.radiopiu.net\/wordpress\/giornale-radiopiu-20-dicembre-2021-direttore-mirko-mezzacasa\/31e644e8-41ae-4fc8-9182-ab08e2e3bbb6\/'><img loading=\"lazy\" decoding=\"async\" width=\"150\" height=\"150\" src=\"https:\/\/www.radiopiu.net\/wordpress\/wp-content\/uploads\/2021\/12\/31e644e8-41ae-4fc8-9182-ab08e2e3bbb6-150x150.jpg\" class=\"attachment-thumbnail size-thumbnail\" alt=\"\" \/><\/a>\n\t\t\t\t<\/dt><\/dl><dl class='gallery-item'>\n\t\t\t\t<dt class='gallery-icon landscape'>\n\t\t\t\t\t<a class=\"rollover\" href='https:\/\/www.radiopiu.net\/wordpress\/giornale-radiopiu-20-dicembre-2021-direttore-mirko-mezzacasa\/e2679f1e-4977-421f-a2d8-e62efaa7b447\/'><img loading=\"lazy\" decoding=\"async\" width=\"150\" height=\"150\" src=\"https:\/\/www.radiopiu.net\/wordpress\/wp-content\/uploads\/2021\/12\/e2679f1e-4977-421f-a2d8-e62efaa7b447-150x150.jpg\" class=\"attachment-thumbnail size-thumbnail\" alt=\"\" \/><\/a>\n\t\t\t\t<\/dt><\/dl>\n\t\t\t\t<br style='clear: both' \/>\n\t\t\t<\/div>\n\n<p>&nbsp;<\/p>\n<hr \/>\n<p>&nbsp;<\/p>\n<blockquote>\n<h3>RIMODULATI GLI ORARI DEI DRIVE IN TAMPONI IN OCCASIONE DELE FESTIVITA&#8217; NATALIZIE<\/h3>\n<\/blockquote>\n<p><strong>BELLUNO <\/strong>L\u2019Ulss Dolomiti ha rimodulato gli orari dedicati ai tamponi nei covid point del territorio riducendo i test finalizzati al green pass, anche in relazione al rallentamento delle attivit\u00e0 lavorative durante le festivit\u00e0 natalizie e all\u2019entrata in vigore del green pass rafforzato per la pubblica amministrazione. Rimane consistente l\u2019offerta di tamponi diagnostici e di sorveglianza con operativit\u00e0 quotidiana nei drive in principali di Paludi e Feltre e tri settimanale di Agordo e Tai Alla luce dell\u2019evoluzione epidemica e di nuove raccomandazioni normative sar\u00e0 ulteriormente potenziata l\u2019attivit\u00e0 di tamponi diagnostici<\/p>\n<p><strong>Gli orari in vigore dal 20 dicembre al 9 gennaio<\/strong><\/p>\n<p><a href=\"https:\/\/www.radiopiu.net\/wordpress\/rimodulati-gli-orari-dei-drive-in-tamponi-in-occasione-dele-festivita-natalizie\/festivita%cc%83-natalizie-v01\/\" rel=\"attachment wp-att-249090\"><img loading=\"lazy\" decoding=\"async\" class=\"alignnone wp-image-249090 size-large\" src=\"https:\/\/www.radiopiu.net\/wordpress\/wp-content\/uploads\/2021\/12\/FestivitA\u0303-natalizie-v01-1024x780.jpg\" alt=\"\" width=\"1024\" height=\"780\" srcset=\"https:\/\/www.radiopiu.net\/wordpress\/wp-content\/uploads\/2021\/12\/FestivitA\u0303-natalizie-v01-1024x780.jpg 1024w, https:\/\/www.radiopiu.net\/wordpress\/wp-content\/uploads\/2021\/12\/FestivitA\u0303-natalizie-v01-300x229.jpg 300w, https:\/\/www.radiopiu.net\/wordpress\/wp-content\/uploads\/2021\/12\/FestivitA\u0303-natalizie-v01-768x585.jpg 768w, https:\/\/www.radiopiu.net\/wordpress\/wp-content\/uploads\/2021\/12\/FestivitA\u0303-natalizie-v01-1536x1170.jpg 1536w, https:\/\/www.radiopiu.net\/wordpress\/wp-content\/uploads\/2021\/12\/FestivitA\u0303-natalizie-v01-2048x1560.jpg 2048w\" sizes=\"auto, (max-width: 1024px) 100vw, 1024px\" \/><\/a><\/p>\n<p>La tabella degli orari riporta alcune raccomandazione per la prenotazione e l\u2019accesso ordinato al servizio. In particolare si ricorda che: I tamponi green pass vanno prenotati dal sito <a href=\"http:\/\/www.aulss1.veneto.it\">aulss1.veneto.it, <\/a>I tamponi sorveglianza sono organizzati dal Dipartimento di Prevenzione, I tamponi per sintomatici sono ad accesso libero negli orari indicati, con impegnativa del curante<\/p>\n<p>&nbsp;<\/p>\n<p>&nbsp;<\/p>\n<hr \/>\n<p>&nbsp;<\/p>\n<blockquote>\n<h3>IL TRASPORTO PUBBLICO. ALLA RICERCA DEL SERVIZIO PERDUTO<\/h3>\n<\/blockquote>\n<p><strong><a href=\"https:\/\/www.radiopiu.net\/wordpress\/cade-con-la-mountain-bike-e-si-ferisce-al-collo\/f662441c-c6a1-40df-8978-3ff5202173f9\/\" rel=\"attachment wp-att-145519\"><img loading=\"lazy\" decoding=\"async\" class=\"size-medium wp-image-145519 alignleft\" src=\"https:\/\/www.radiopiu.net\/wordpress\/wp-content\/uploads\/2020\/06\/f662441c-c6a1-40df-8978-3ff5202173f9-300x225.jpg\" alt=\"\" width=\"300\" height=\"225\" srcset=\"https:\/\/www.radiopiu.net\/wordpress\/wp-content\/uploads\/2020\/06\/f662441c-c6a1-40df-8978-3ff5202173f9-300x225.jpg 300w, https:\/\/www.radiopiu.net\/wordpress\/wp-content\/uploads\/2020\/06\/f662441c-c6a1-40df-8978-3ff5202173f9-1024x768.jpg 1024w, https:\/\/www.radiopiu.net\/wordpress\/wp-content\/uploads\/2020\/06\/f662441c-c6a1-40df-8978-3ff5202173f9-768x576.jpg 768w, https:\/\/www.radiopiu.net\/wordpress\/wp-content\/uploads\/2020\/06\/f662441c-c6a1-40df-8978-3ff5202173f9.jpg 1280w\" sizes=\"auto, (max-width: 300px) 100vw, 300px\" \/><\/a>BELLUNO<\/strong> Con una lettera aperta Alessandra Fontana, segretario generale della FILT CGIL, e Federico Cuzzolin, segretario generale dell UIL Trasporti Belluno Treviso, mettono in luce il problema del trasporto pubblico che non riesce a trovare autisti per i pulman.<\/p>\n<blockquote><p><strong>LA LETTERA<\/strong><\/p><\/blockquote>\n<div class=\"page\" title=\"Page 1\">\n<div class=\"layoutArea\">\n<div class=\"column\">\n<blockquote><p>Da tempo sosteniamo con fermezza come il tema dei trasporti abbia una portata generale e come serva una visione strategica complessiva, pena la sopravvivenza dell\u2019intero territorio. Lo abbiamo sostenuto nella prima fase dell\u2019emergenza Covid, chiedendo di ripartire con il servizio e di rinunciare alla cassa integrazione, lo abbiamo ribadito con la riapertura delle scuole e con l\u2019entrata in vigore del green pass. Lo diciamo ancora una volta oggi, con la stagione sciistica alle porte e con il problema di non riuscire a garantire il serivizio ski bus. Mancano autisti. Il grido di allarme lanciato da piu\u0300 parti. Niente di nuovo. Da anni, nei confronti con l\u2019aziende, ai tavoli isitituzionali evidenziamo le cause, che da parte nostra, non rendono piu\u0300 appetibile un lavoro che per molti anni ha rappresentato un\u2019eccellenza, soprattutto nel nostro territorio. Si tratta di ragioni che partono da lontano, da una contrattazione nazionale bloccata da troppo tempo. Proprio in questi giorni le nostre strutture nazionali hanno confermato lo stato di agitazione, dopo la chiusura negativa del confronto con le associazioni datoriali. Le proposte avanzate dalle associazioni di categoria, che condizionano il rinnovo del ccnl, sono assolutamente inaccettabili e non tengono in alcun conto le richieste economiche e normative avanzate dalle parti sindacali. E mentre da una parte aumenta il carico di lavoro, la responsabilita\u0300, lo stress, dall\u2019altra il salario rimane fermo, con dei minimi retributivi assolutamente inadeguati, offensivi per il lavoro svolto. Ma non e\u0300 migliore la situazione a livello di contrattazione aziendale: il testo unico e\u0300 congelato da oltre 15 anni e gli accordi con cui, in qualche modo, si e\u0300 tentato di dare una risposta alle richieste economiche dei lavoratori (in maniera, ce ne rendiamo conto, molto sommaria) hanno una durata limitata, sono legati ad un bilancio su cui i lavoratori non hanno alcun potere di incidere (parlare di produttivita\u0300, di miglioramento dell\u2019efficienza del servizio fa quanto meno sorridere) e sono condizionati, per lo piu\u0300, ad un welfare che poco si adatta a lavoratori la cui vita lavorativa non consente alcuna programmazione dei tempi di vita. Questo lavoro dunque non e\u0300 remunerativo, economicamente non competitivo. Chi decide di fare l\u2019autista, sappia, non lo fara\u0300 per i soldi. Tanto meno a Belluno. E poco importa che si tratti di un lavoratore che salga dal Sud o che si tratti di un Bellunese da 15 generazioni. Faranno entrambi fatica ad arrivare a fine mese. Potrebbe farlo per una passione. Peccato pero\u0300 che l\u2019organizzazione dei turni faccia ben presto tramontare qualsiasi vocazione.. a meno che non si tratti al martirio. I nastri (i periodi in cui il lavoratore, di fatto, e\u0300 a disposizione dell\u2019azienda) superano spesso le 13 ore giornaliere e gli autisti si trovano a dover affrontare ripetute pause), per lo piu\u0300 lunghe, nei piazzali della Provincia, spesso privi anche dei servizi igienici. Non solo ma, a fronte di un\u2019emergenza che ormai e\u0300 diventata strutturale, non vi e\u0300 nemmeno certezza di quali corse dovranno svolgere, in quale parte della Provincia. E cosi\u0300 puo\u0300 capitare che dalla Val Belluna si venga chiamati a coprire le corse di Arabba, in pieno inverno, perche\u0301 mancano autisti. Peccato che ad Arabba gli autisti ci fossero e che, vista l\u2019incertezza e il futuro nebbioso, abbiano deciso di cambiare lavoro. Fino a pochi anni fa l\u2019autista era un\u2019istituzione per quella vallata, per quella frazione. Conosceva i passeggeri, sapeva le tratte, svolgeva una funzione simile, per certi versi, al vecchio postino, al medico. Oggi non e\u0300 piu\u0300 cosi\u0300. Si tratta di \u201cuno che guida\u201d, che oggi c\u2019e\u0300 e domani non si sa. Si tratta di \u201cuno che magari arriva anche in ritardo\u201d, da insultare, da non rispettare e magari anche da prendere a schiaffi. Il covid non ha fatto altro che porsi da cartina di tornasole di una situazione che gia\u0300 da tempo era compromessa. In questi due mesi si e\u0300 ripartiti con il taglio delle corse. Niente di piu\u0300 sbagliato: nel momento di crisi bisogna rilanciare il servizio, non chiudersi a riccio. Ma se questa scelta e\u0300 fallimentare per gli utenti, lo e\u0300 ancora prima per gli autisti: ogni linea tagliata rischia infatti di \u201csvuotare\u201d il turno, di togliere preziosi minuti di guida ai lavoratori. Ogni taglio di corsa comporta un taglia cuci dei turni con conseguenze spesso disastrose sulle condizioni di vita e di lavoro degli autisti. Adesso agli autisti sono state sospese le ferie, o meglio, non vengono date le garanzie perche\u0301 possano goderle. Siamo in tempi di emergenza, signori. E poco importa se l\u2019emergenza e\u0300 nata ormai una decina di anni fa, se si e\u0300 silenziosamente alimentata, e\u0300 cresciuta mentre ostinatamente Istituzioni e azienda giravano la testa dall\u2019altra parte, che tanto di autisti se ne sarebbero sempre trovati. Oggi il Covid l\u2019ha portata alla luce, brillante come la stella dell\u2019albero di Natale, talmente alta che non si trovano soluzioni. Serve un nuovo patto per il territorio, serve ripartire con un vero confronto dove all\u2019autista non venga chiesta la vocazione (De Andre\u0300 la vocazione la affidava ad altri mestieri) ma rispetto del lavoro. Il lavoro di qualita\u0300 va remunerato, va remunerato in maniera corretta. Il lavoro di qualita\u0300 va rispettato, garantendo una costruzione di turni sostenibile, garantendo una reale conciliazione vita lavoro. Il lavoro di qualita\u0300 va riconosciuto e fidelizzato, non lasciato andare che \u201ctanto arrivera\u0300 qualcuno\u201d. Nel frattempo chiediamo il rispetto per gli autisti, non accetteremo che si scarichi responsabilita\u0300 che arrivano per da piu\u0300 lontano e da un tempo precedente al Covid.<\/p><\/blockquote>\n<p>&nbsp;<\/p>\n<p>&nbsp;<\/p>\n<hr \/>\n<p>&nbsp;<\/p>\n<\/div>\n<\/div>\n<\/div>\n<blockquote>\n<h3>2,6 MILIARDI AI COMUNI SPRECONI, DI CUI 1,3 SOLO A NAPOLI<\/h3>\n<\/blockquote>\n<p><strong><a href=\"https:\/\/www.radiopiu.net\/wordpress\/giornale-radiopiu-16-luglio-2020-direttore-mirko-mezzacasa\/bond-roma-2\/\" rel=\"attachment wp-att-149602\"><img loading=\"lazy\" decoding=\"async\" class=\" wp-image-149602 alignleft\" src=\"https:\/\/www.radiopiu.net\/wordpress\/wp-content\/uploads\/2020\/07\/BOND-ROMA-300x300.jpg\" alt=\"\" width=\"146\" height=\"146\" srcset=\"https:\/\/www.radiopiu.net\/wordpress\/wp-content\/uploads\/2020\/07\/BOND-ROMA-300x300.jpg 300w, https:\/\/www.radiopiu.net\/wordpress\/wp-content\/uploads\/2020\/07\/BOND-ROMA-150x150.jpg 150w, https:\/\/www.radiopiu.net\/wordpress\/wp-content\/uploads\/2020\/07\/BOND-ROMA.jpg 640w\" sizes=\"auto, (max-width: 146px) 100vw, 146px\" \/><\/a>ROMA<\/strong> &#8220;<em>Molti lo sospettavano, complici anche le manovre in corso da parte di molti parlamentari. E puntualmente \u00e8 arrivato: nel maxi emendamento finale alla Finanziaria 2022 c\u2019\u00e8 l\u2019ennesimo regalo alle amministrazioni locali sprecone, quelle che spendono e spandono infischiandosene della corretta amministrazione e del rispetto dei vincoli di bilancio, tanto poi alla fine pagano tutti gli italiani &#8211; dichiara l&#8217;onorevole di Forza Italia Dario Bond &#8211; Per le citt\u00e0 metropolitane con un disavanzo di bilancio superiore a 700 milioni di euro, \u00e8 previsto un contributo straordinario pluriennale con lo stanziamento di 2,6 miliardi, per i prossimi 20 anni, dal 2022 sino al 2042. Per la serie, pi\u00f9 debiti hai fatto, pi\u00f9 soldi ricevi dal governo centrale, quando sarebbe logico (e doveroso) proprio il contrario. In prima fila nella nuova pioggia di denaro pubblico c\u2019\u00e8 la Napoli reduce da due mandati del sindaco \u201carancione\u201d Luigi De Magistris, che ha dato il suo particolare contributo al dissesto storico delle finanze partenopee. A lanciare il salvagente finanziario in prima fila il M5S, che torna nel collegio di Luigi Di Maio &amp; C. con un assegno di ben 1,3 miliardi di euro, con dichiarazioni di giubilo da parte del nuovo sindaco Dem (ed ex ministro all\u2019Universit\u00e0), Gaetano Manfredi.<span class=\"gmail-Apple-converted-space\">\u00a0<\/span>Sar\u00e0 un bel giorno quando il governo centrale, invece di premiare a pi\u00e8 di lista sprechi e mala gestione, gratificher\u00e0 tutti quegli amministratori che sono riusciti a chiudere in attivo i loro bilanci e che, magari, hanno pure avviato nuovi investimenti. Sarebbe il segnale, giusto e doveroso &#8211; conclude Bond &#8211; che il Paese ha ripreso a girare per il verso giusto dando il buon esempio<\/em>&#8221;<\/p>\n<p>&nbsp;<\/p>\n<p>&nbsp;<\/p>\n<hr \/>\n<p>&nbsp;<\/p>\n<blockquote>\n<h3>IL COMUNE DI FELTRE DONA DEI LIBRI ALLA PEDIATRIA<\/h3>\n<\/blockquote>\n<p><strong><a href=\"https:\/\/www.radiopiu.net\/wordpress\/giornale-radiopiu-20-dicembre-2021-direttore-mirko-mezzacasa\/img-20211217-wa0026\/\" rel=\"attachment wp-att-249111\"><img loading=\"lazy\" decoding=\"async\" class=\"size-medium wp-image-249111 alignleft\" src=\"https:\/\/www.radiopiu.net\/wordpress\/wp-content\/uploads\/2021\/12\/IMG-20211217-WA0026-300x142.jpg\" alt=\"\" width=\"300\" height=\"142\" srcset=\"https:\/\/www.radiopiu.net\/wordpress\/wp-content\/uploads\/2021\/12\/IMG-20211217-WA0026-300x142.jpg 300w, https:\/\/www.radiopiu.net\/wordpress\/wp-content\/uploads\/2021\/12\/IMG-20211217-WA0026-1024x484.jpg 1024w, https:\/\/www.radiopiu.net\/wordpress\/wp-content\/uploads\/2021\/12\/IMG-20211217-WA0026-768x363.jpg 768w, https:\/\/www.radiopiu.net\/wordpress\/wp-content\/uploads\/2021\/12\/IMG-20211217-WA0026-1536x727.jpg 1536w, https:\/\/www.radiopiu.net\/wordpress\/wp-content\/uploads\/2021\/12\/IMG-20211217-WA0026.jpg 1600w\" sizes=\"auto, (max-width: 300px) 100vw, 300px\" \/><\/a>FELTRE <\/strong>Il Comune di Feltre ha donato dei libri alla Pediatra del Santa Maria del Prato, che sono stati accolti con gratitudine dei piccoli degenti e dell&#8217;equipe del reparto. Non essendo stato possibile effettuare una consegna di persona, lo scambio di doni e auguri tra l&#8217;amministrazione comunale e la pediatria \u00e8 avvenuto virtualmente, ma sempre col calore delle cose fatte col cuore. L&#8217;iniziativa si inserisce nell&#8217;ambito del \u201cNatale solidale\u201d: i bambini, anche quelli ricoverati in pediatria, donano dei disegni fatti da loro come messaggio di augurio e speranza e ricevono un dono solidale dall\u2019amministrazione. Si tiene vivo, in questo modo, lo spirito del Natale e dello scambio. Dall&#8217;ulss Dolomiti un grande grazie per l&#8217;attenzione data ai bambini ricoverati e agli operatori, segno tangibile di un legame forte, utile anche a dare forza e coraggio in momento difficile.<\/p>\n<p>&nbsp;<\/p>\n<p>&nbsp;<\/p>\n<hr \/>\n<p>&nbsp;<\/p>\n<blockquote>\n<h3>GALLERIA DEL COMELICO. BADOLE: &#8220;PECCATO PER LA MANCATA CONDIVISIONE PER UN TEMA COSI&#8217; IMPORTANTE&#8221;<\/h3>\n<\/blockquote>\n<p><strong>BELLUNO<\/strong> Nella sede dell&#8217;Unione montana del Comelico, venerd\u00ec, ci sarebbe dovuto essere anche il deputato bellunese della Lega Mirco Badole, ma non \u00e8 stato invitato. L&#8217;invito era arrivato dall&#8217;Unione montana del Comelico, l&#8217;incontro era previsto per luned\u00ec ed erano stati coinvolti tutti i parlamentari bellunesi, affinch\u00e9 potessero confrontarsi con i sindaci comeliani sulla questione del tunnel e del grande cantiere che rischia di paralizzare una parte del territorio. Venerd\u00ec, all&#8217;ultimo, la conferenza \u00e8 stata spostata senza avvisare i rappresentanti del centro destra, gli unici presenti sono stati il ministro e l&#8217;onorevole Roger De Menech.<\/p>\n<p><strong>MIRCO BADOLE, LEGA NORD<\/strong><\/p>\n<audio class=\"wp-audio-shortcode\" id=\"audio-249063-5\" preload=\"none\" style=\"width: 100%;\" controls=\"controls\"><source type=\"audio\/mpeg\" src=\"https:\/\/www.radiopiu.net\/wordpress\/wp-content\/uploads\/2021\/12\/Badole-su-incontro-Galleria-del-Comelico.mp3?_=5\" \/><a href=\"https:\/\/www.radiopiu.net\/wordpress\/wp-content\/uploads\/2021\/12\/Badole-su-incontro-Galleria-del-Comelico.mp3\">https:\/\/www.radiopiu.net\/wordpress\/wp-content\/uploads\/2021\/12\/Badole-su-incontro-Galleria-del-Comelico.mp3<\/a><\/audio>\n<p>&nbsp;<\/p>\n<hr \/>\n<p>&nbsp;<\/p>\n<blockquote>\n<h3>POTENZIATA LA VIDEOSORVEGLIANZA A PONTE NELLE ALPI<\/h3>\n<\/blockquote>\n<p><strong><a href=\"https:\/\/www.radiopiu.net\/wordpress\/giornale-radiopiu-20-dicembre-2021-direttore-mirko-mezzacasa\/piazza_poesia_area_monitorata\/\" rel=\"attachment wp-att-249075\"><img loading=\"lazy\" decoding=\"async\" class=\"size-medium wp-image-249075 alignleft\" src=\"https:\/\/www.radiopiu.net\/wordpress\/wp-content\/uploads\/2021\/12\/Piazza_poesia_area_monitorata-300x225.jpg\" alt=\"\" width=\"300\" height=\"225\" srcset=\"https:\/\/www.radiopiu.net\/wordpress\/wp-content\/uploads\/2021\/12\/Piazza_poesia_area_monitorata-300x225.jpg 300w, https:\/\/www.radiopiu.net\/wordpress\/wp-content\/uploads\/2021\/12\/Piazza_poesia_area_monitorata-1024x768.jpg 1024w, https:\/\/www.radiopiu.net\/wordpress\/wp-content\/uploads\/2021\/12\/Piazza_poesia_area_monitorata-768x576.jpg 768w, https:\/\/www.radiopiu.net\/wordpress\/wp-content\/uploads\/2021\/12\/Piazza_poesia_area_monitorata.jpg 1150w\" sizes=\"auto, (max-width: 300px) 100vw, 300px\" \/><\/a>PONTE NELLE ALPI <\/strong>Il Comune di Ponte nelle Alpi potenzia l\u2019impianto di videosorveglianza: impianto che sar\u00e0 rinnovato e integrato con ulteriori punti di rilevazione sul territorio. Il progetto era gi\u00e0 in previsione da qualche tempo e, a breve, prender\u00e0 forma e sostanza. L\u2019adeguamento si \u00e8 reso necessario per soddisfare le nuove prescrizioni del Gdpr (Regolamento Generale sulla Protezione dei Dati), ma allo stesso tempo permetter\u00e0 di migliorare le prestazioni offerte. Nel dettaglio, sar\u00e0 sostituita la piattaforma gestionale, attraverso un duplice intervento dal punto di vista software e hardware: nuovi server si interfacceranno quindi al sistema con caratteristiche idonee a supportare i requisiti che richiedono le piattaforme di ultima generazione. Si provveder\u00e0, inoltre, ad ampliare i punti di ripresa con finalit\u00e0 di prevenzione rispetto a furti e ad atti vandalici, rispondendo cos\u00ec alle numerose sollecitazioni di intervento arrivate dai cittadini. In questo senso, sono quattro le novit\u00e0: al Parco Ex Casa Rossa \u201cAlessandro Mares\u201d, per monitorare il parco stesso e l\u2019edificio comunale in cui ha sede la Pro loco; in Piazza della Poesia, con l\u2019occhio delle telecamere a vigilare sull\u2019area della biblioteca e l\u2019accesso alla scuola adiacente; lungo via Mangiarotti, nel centro abitato di Polpet, per rilevare il transito dei veicoli. E infine a Cadola, all\u2019uscita dell\u2019autostrada, grazie ai fondi del Consorzio Bim.<span class=\"gmail-Apple-converted-space\"> \u00a0<\/span>In pi\u00f9, \u00e8 in fase si programmazione un intervento orientato a migliorare il monitoraggio dell\u2019area che, dalla Statale di Alemagna, porta all\u2019Oltrerai. Il Comando di Polizia locale, infine, sta pensando a un progetto futuro per l\u2019implementazione della videosorveglianza anche in altre zone del territorio, al momento difficilmente raggiungibili anche a causa di un debole supporto infrastrutturale tecnologico.<span class=\"gmail-Apple-converted-space\">\u00a0<\/span><\/p>\n<p>&nbsp;<\/p>\n<p>&nbsp;<\/p>\n<hr \/>\n<p>&nbsp;<\/p>\n<blockquote>\n<h3>FESTA DEI LAUREATI A PONTE NELLE ALPI. PREMIATO ANCHE DE MENECH<\/h3>\n<\/blockquote>\n<p><strong><a href=\"https:\/\/www.radiopiu.net\/wordpress\/giornale-radiopiu-20-dicembre-2021-direttore-mirko-mezzacasa\/festa_dei_laureati_2\/\" rel=\"attachment wp-att-249181\"><img loading=\"lazy\" decoding=\"async\" class=\"size-medium wp-image-249181 alignleft\" src=\"https:\/\/www.radiopiu.net\/wordpress\/wp-content\/uploads\/2021\/12\/Festa_dei_laureati_2-300x161.jpg\" alt=\"\" width=\"300\" height=\"161\" srcset=\"https:\/\/www.radiopiu.net\/wordpress\/wp-content\/uploads\/2021\/12\/Festa_dei_laureati_2-300x161.jpg 300w, https:\/\/www.radiopiu.net\/wordpress\/wp-content\/uploads\/2021\/12\/Festa_dei_laureati_2-1024x550.jpg 1024w, https:\/\/www.radiopiu.net\/wordpress\/wp-content\/uploads\/2021\/12\/Festa_dei_laureati_2-768x412.jpg 768w, https:\/\/www.radiopiu.net\/wordpress\/wp-content\/uploads\/2021\/12\/Festa_dei_laureati_2.jpg 1194w\" sizes=\"auto, (max-width: 300px) 100vw, 300px\" \/><\/a>PONTE NELLE ALPI <\/strong>Un appuntamento entrato ormai a far parte della tradizione. E un motivo d\u2019orgoglio per l\u2019intera comunit\u00e0 di Ponte nelle Alpi: in sala consiliare, infatti, \u00e8 andata in scena la \u201cFesta dei laureati\u201d. Ben 28 i nuovi dottori che, nel 2020, hanno concluso il loro cammino in ambito universitario e sono stati premiati dall\u2019amministrazione comunale. Si tratta di Daniele Autelitano, Carla Barzan, Sara Bernardi, Tommaso Bernardi, Jessica Colussi, Giorgia Contessi, Roberto Costantini, Elena David, Alessio De Fina, Anna Laura De Pasqual, Melita De Toffol, Veronica Della Vecchia, Emma Guerra, Kristina Lazri, Gjon Lekaj, Claudia Macr\u00ec, Giuliana Mares, Nicol Masoch, Nicol\u00f2 Meneghin, Matteo Moglia, Filippo Nart, Giulia Nogar\u00e8, Luciana Orzes, Giorgia Pierobon, Annika Pison, Filippo Quaranta, Pietro Smaniotto. E Roger De Menech. S\u00ec, anche il deputato ha ricevuto il riconoscimento, essendosi laureato in Scienze politiche.<span class=\"gmail-Apple-converted-space\"> \u00a0<\/span>A tenere a battesimo il momento celebrativo \u00e8 stata un\u2019ospite d\u2019eccezione come Silvia Coppari: bellunese e dirigente del servizio giuridico dell\u2019Agcom (Autorit\u00e0 per le garanzie nelle comunicazioni).<\/p>\n<p>&nbsp;<\/p>\n<p>&nbsp;<\/p>\n<hr \/>\n<p>&nbsp;<\/p>\n<blockquote>\n<h3>VIA LIBERA DALLA CONFERENZA DEI SERVIZI PER I LAVORI SUL RIO MOLINA&#8217;<\/h3>\n<\/blockquote>\n<p><strong>CALALZO <\/strong><span style=\"color: #222222;\">Via libera dalla conferenza dei servizi per la realizzazione del nuovo guado e la ricostruzione del passaggio pedonale sul Rio Molin\u00e1, nel comune di Calalzo di Cadore, che andr\u00e0 a ripristinare la precedente opera distrutta dalla tempesta Vaia a ottobre 2018. <\/span><span style=\"color: #222222;\">La notizia \u00e8 stata accolta con soddisfazione dal sindaco Luca De Carlo: \u201c<em>Con questa decisione, possiamo dare inizio ai lavori gi\u00e0 nella prossima primavera. Si tratta di un\u2019importante opera dal punto di vista turistico, che ripristina il passaggio utilizzato dai visitatori lungo la strada romana per raggiungere l\u2019abitato di Rizzios, e che ci permetter\u00e0 manutenzioni pi\u00f9 agevoli\u201d<\/em>.\u00a0 <\/span><span style=\"color: #222222;\">La progettazione definitiva ed esecutiva dei lavori &#8211; la cui contrattualizzazione avverr\u00e0 entro il 31 dicembre &#8211; \u00e8 stata affidata a Christian Casanova, ingegnere di Santo Stefano di Cadore, mentre il costo complessivo dell\u2019opera \u00e8 di 80mila euro.<\/span><\/p>\n<p>&nbsp;<\/p>\n<p>&nbsp;<\/p>\n<hr \/>\n<p>&nbsp;<\/p>\n<h2><span style=\"color: #ff0000;\"><a href=\"https:\/\/www.radiopiu.net\/wordpress\/?attachment_id=249272\" rel=\"attachment wp-att-249272\"><img loading=\"lazy\" decoding=\"async\" class=\" wp-image-249272 alignleft\" src=\"https:\/\/www.radiopiu.net\/wordpress\/wp-content\/uploads\/2021\/12\/0-2-291x300.png\" alt=\"\" width=\"166\" height=\"171\" srcset=\"https:\/\/www.radiopiu.net\/wordpress\/wp-content\/uploads\/2021\/12\/0-2-291x300.png 291w, https:\/\/www.radiopiu.net\/wordpress\/wp-content\/uploads\/2021\/12\/0-2-993x1024.png 993w, https:\/\/www.radiopiu.net\/wordpress\/wp-content\/uploads\/2021\/12\/0-2-768x792.png 768w, https:\/\/www.radiopiu.net\/wordpress\/wp-content\/uploads\/2021\/12\/0-2-1490x1536.png 1490w, https:\/\/www.radiopiu.net\/wordpress\/wp-content\/uploads\/2021\/12\/0-2.png 1868w\" sizes=\"auto, (max-width: 166px) 100vw, 166px\" \/><\/a> <\/span><\/h2>\n<h2><span style=\"color: #ff0000;\">\u00a0<\/span><\/h2>\n<h2><span style=\"color: #ff0000;\">OGGI SUL CORRIERE DELLE ALPI LO SPECIALE<\/span><\/h2>\n<h3>LA PASTICCERIA POLTRONIERI A CENCENIGHE<\/h3>\n<p>di Gianni Santomaso<\/p>\n<p>&nbsp;<\/p>\n<p>&nbsp;<\/p>\n<p>&nbsp;<\/p>\n<hr \/>\n<p>&nbsp;<\/p>\n<blockquote>\n<h3>I CACCIATORI PRESENTANO IL CALENDARIO, SI TOLGONO I SASSI DALLE SCARPE E PROPONGONO<\/h3>\n<\/blockquote>\n<p><strong><a href=\"https:\/\/www.radiopiu.net\/wordpress\/i-cacciatori-presentano-il-calendario-si-tolgono-i-sassi-dalle-scarpe-e-propongono\/14466af5-6f1e-4c34-8f63-fca5f60d276a\/\" rel=\"attachment wp-att-249110\"><img loading=\"lazy\" decoding=\"async\" class=\"size-medium wp-image-249110 alignleft\" src=\"https:\/\/www.radiopiu.net\/wordpress\/wp-content\/uploads\/2021\/12\/14466af5-6f1e-4c34-8f63-fca5f60d276a-225x300.jpg\" alt=\"\" width=\"225\" height=\"300\" srcset=\"https:\/\/www.radiopiu.net\/wordpress\/wp-content\/uploads\/2021\/12\/14466af5-6f1e-4c34-8f63-fca5f60d276a-225x300.jpg 225w, https:\/\/www.radiopiu.net\/wordpress\/wp-content\/uploads\/2021\/12\/14466af5-6f1e-4c34-8f63-fca5f60d276a-768x1023.jpg 768w, https:\/\/www.radiopiu.net\/wordpress\/wp-content\/uploads\/2021\/12\/14466af5-6f1e-4c34-8f63-fca5f60d276a-1153x1536.jpg 1153w, https:\/\/www.radiopiu.net\/wordpress\/wp-content\/uploads\/2021\/12\/14466af5-6f1e-4c34-8f63-fca5f60d276a.jpg 1200w\" sizes=\"auto, (max-width: 225px) 100vw, 225px\" \/><\/a>FALCADE<\/strong> Il ristorante Al Dollaro di Falcade ha ospitato la presentazione del nuovo calendario del\u00a0 Distretto Venatorio Agordino. Con il Presidente Alberto Colleselli i consiglieri regionali SIlvia Cestaro, Gianpietro Possamai; il consigliere della Provincia Franco De Bon con il comandante della polizia provinciale, le guardie, i recuperatori, i presidenti delle riserve e il pittore naturalista\u00a0 Fabiano Nicolao\u00a0 autore del calendario (nella foto con Alberto Colleselli e Silvia Cestaro). Nell&#8217;occasione i cacciatori agordini soci delle 15 riserve hanno riassunto momenti, ma anche messo i puntini sulle i in merito ad alcuni recenti argomenti. <em>&#8220;Dopo la avversit\u00e0 atmosferiche che hanno devastato l&#8217;ambiente &#8211; hanno detto i cacciatori &#8211; vogliamo partecipare alla ricostruzione e ripristino di tutte le attivit\u00e0 dei nostri ambienti naturali, della sana agricoltura di montagna, di un turismo sostenibile e appetibile&#8221;: <\/em>Non sono molti i cacciatori nell&#8217;Agordino, ma la maggior parte sono originari dei luoghi che diventano controllori e manutentori<em> &#8220;Per questo &#8211; ribadiscono &#8211; rifiutiamo le continue denigrazioni da parte di personaggi poco informati o addirittura in malafede, non vogliamo essere confusi con pochi e spesso neppure cacciatori che anche di notte e in periodi di divieto commettono gravi illeciti a danno di tutti, non vogliamo che ci si addebiti colpe non nostre, come i colpi di arma non da caccia sui cartelli stradali che nulla hanno a che fare con i cacciatori&#8221;<\/em> I cacciatori dell&#8217;Agordino si dichiarano pronti al confronto, alla collaborazione, ma chiedono rispetto per chi opera all&#8217;interno della legge, con un riconoscimento per le attivit\u00e0 collaterali come la manutenzione dell&#8217;ambiente, sfalci in zone abbandonate, recupero di animali selvatici dopo gli incidenti.<\/p>\n\n\t\t\t<style type='text\/css'>\n\t\t\t\t#gallery-5 {\n\t\t\t\t\tmargin: auto;\n\t\t\t\t}\n\t\t\t\t#gallery-5 .gallery-item {\n\t\t\t\t\tfloat: left;\n\t\t\t\t\tmargin-top: 10px;\n\t\t\t\t\ttext-align: center;\n\t\t\t\t\twidth: 50%;\n\t\t\t\t}\n\t\t\t\t#gallery-5 img {\n\t\t\t\t\tborder: 2px solid #cfcfcf;\n\t\t\t\t}\n\t\t\t\t#gallery-5 .gallery-caption {\n\t\t\t\t\tmargin-left: 0;\n\t\t\t\t}\n\t\t\t\t\/* see gallery_shortcode() in wp-includes\/media.php *\/\n\t\t\t<\/style>\n\t\t<div id='gallery-5' class='dt-gallery-container gallery galleryid-249063 gallery-columns-2 gallery-size-medium'><dl class='gallery-item'>\n\t\t\t\t<dt class='gallery-icon portrait'>\n\t\t\t\t\t<a class=\"rollover rollover-zoom dt-pswp-item\" title=\"Cal_CacciatoriAgordino_2022_A__page-0001\" data-dt-img-description=\"\" data-large_image_width=\"1861\" data-large_image_height=\"2540\"href='https:\/\/www.radiopiu.net\/wordpress\/wp-content\/uploads\/2021\/12\/Cal_CacciatoriAgordino_2022_A__page-0001.jpg'><img loading=\"lazy\" decoding=\"async\" width=\"220\" height=\"300\" src=\"https:\/\/www.radiopiu.net\/wordpress\/wp-content\/uploads\/2021\/12\/Cal_CacciatoriAgordino_2022_A__page-0001-220x300.jpg\" class=\"attachment-medium size-medium\" alt=\"\" srcset=\"https:\/\/www.radiopiu.net\/wordpress\/wp-content\/uploads\/2021\/12\/Cal_CacciatoriAgordino_2022_A__page-0001-220x300.jpg 220w, https:\/\/www.radiopiu.net\/wordpress\/wp-content\/uploads\/2021\/12\/Cal_CacciatoriAgordino_2022_A__page-0001-750x1024.jpg 750w, https:\/\/www.radiopiu.net\/wordpress\/wp-content\/uploads\/2021\/12\/Cal_CacciatoriAgordino_2022_A__page-0001-768x1048.jpg 768w, https:\/\/www.radiopiu.net\/wordpress\/wp-content\/uploads\/2021\/12\/Cal_CacciatoriAgordino_2022_A__page-0001-1125x1536.jpg 1125w, https:\/\/www.radiopiu.net\/wordpress\/wp-content\/uploads\/2021\/12\/Cal_CacciatoriAgordino_2022_A__page-0001-1501x2048.jpg 1501w, https:\/\/www.radiopiu.net\/wordpress\/wp-content\/uploads\/2021\/12\/Cal_CacciatoriAgordino_2022_A__page-0001.jpg 1861w\" sizes=\"auto, (max-width: 220px) 100vw, 220px\" \/><\/a>\n\t\t\t\t<\/dt><\/dl><dl class='gallery-item'>\n\t\t\t\t<dt class='gallery-icon portrait'>\n\t\t\t\t\t<a class=\"rollover rollover-zoom dt-pswp-item\" title=\"Cal_CacciatoriAgordino_2022_A__page-0014\" data-dt-img-description=\"\" data-large_image_width=\"1861\" data-large_image_height=\"2540\"href='https:\/\/www.radiopiu.net\/wordpress\/wp-content\/uploads\/2021\/12\/Cal_CacciatoriAgordino_2022_A__page-0014.jpg'><img loading=\"lazy\" decoding=\"async\" width=\"220\" height=\"300\" src=\"https:\/\/www.radiopiu.net\/wordpress\/wp-content\/uploads\/2021\/12\/Cal_CacciatoriAgordino_2022_A__page-0014-220x300.jpg\" class=\"attachment-medium size-medium\" alt=\"\" srcset=\"https:\/\/www.radiopiu.net\/wordpress\/wp-content\/uploads\/2021\/12\/Cal_CacciatoriAgordino_2022_A__page-0014-220x300.jpg 220w, https:\/\/www.radiopiu.net\/wordpress\/wp-content\/uploads\/2021\/12\/Cal_CacciatoriAgordino_2022_A__page-0014-750x1024.jpg 750w, https:\/\/www.radiopiu.net\/wordpress\/wp-content\/uploads\/2021\/12\/Cal_CacciatoriAgordino_2022_A__page-0014-768x1048.jpg 768w, https:\/\/www.radiopiu.net\/wordpress\/wp-content\/uploads\/2021\/12\/Cal_CacciatoriAgordino_2022_A__page-0014-1125x1536.jpg 1125w, https:\/\/www.radiopiu.net\/wordpress\/wp-content\/uploads\/2021\/12\/Cal_CacciatoriAgordino_2022_A__page-0014-1501x2048.jpg 1501w, https:\/\/www.radiopiu.net\/wordpress\/wp-content\/uploads\/2021\/12\/Cal_CacciatoriAgordino_2022_A__page-0014.jpg 1861w\" sizes=\"auto, (max-width: 220px) 100vw, 220px\" \/><\/a>\n\t\t\t\t<\/dt><\/dl><br style=\"clear: both\" \/>\n\t\t\t<\/div>\n\n<p>&nbsp;<\/p>\n<hr \/>\n<p>&nbsp;<\/p>\n<h3><a href=\"https:\/\/www.radiopiu.net\/wordpress\/giornale-radiopiu-20-dicembre-2021-direttore-mirko-mezzacasa\/whatsapp-image-2021-12-17-at-21-29-15\/\" rel=\"attachment wp-att-249095\"><img loading=\"lazy\" decoding=\"async\" class=\"size-medium wp-image-249095 alignleft\" src=\"https:\/\/www.radiopiu.net\/wordpress\/wp-content\/uploads\/2021\/12\/WhatsApp-Image-2021-12-17-at-21.29.15-300x199.jpg\" alt=\"\" width=\"300\" height=\"199\" srcset=\"https:\/\/www.radiopiu.net\/wordpress\/wp-content\/uploads\/2021\/12\/WhatsApp-Image-2021-12-17-at-21.29.15-300x199.jpg 300w, https:\/\/www.radiopiu.net\/wordpress\/wp-content\/uploads\/2021\/12\/WhatsApp-Image-2021-12-17-at-21.29.15-1024x678.jpg 1024w, https:\/\/www.radiopiu.net\/wordpress\/wp-content\/uploads\/2021\/12\/WhatsApp-Image-2021-12-17-at-21.29.15-768x508.jpg 768w, https:\/\/www.radiopiu.net\/wordpress\/wp-content\/uploads\/2021\/12\/WhatsApp-Image-2021-12-17-at-21.29.15.jpg 1080w\" sizes=\"auto, (max-width: 300px) 100vw, 300px\" \/><\/a><\/h3>\n<h3>L&#8217;ALBERO DI NATALE A COL CUMANO TORNA A SPLENDERE<\/h3>\n<p><strong>SANTA GIUSTINA <\/strong>il maestoso albero di Col Cumano \u00e8 finalmente tornato a splendere, addobbato per le festivit\u00e0 natalizie. Nella notte la sua luce \u00e8 visibile da gran parte della Valbelluna. Per il personale e gli amici del Centro Papa Luciani, diventa quest\u2019anno uno struggente ricordo di Severino Pinna, il manutentore del Centro, che il 1\u00b0 dicembre scorso \u00e8 scomparso a soli 56 anni: fu sua, quattro anni fa, l\u2019idea di questa realizzazione.<\/p>\n<p>&nbsp;<\/p>\n<p>&nbsp;<\/p>\n<hr \/>\n<p>&nbsp;<\/p>\n<blockquote>\n<h3>GIOVEDI&#8217; IL CONSIGLIO COMUNALE DI RIVAMONTE<\/h3>\n<\/blockquote>\n<p><strong>RIVAMONTE<\/strong> Il sindaco Giovanni Deon ha convocato il consiglio comunale a Rivamonte per gioved\u00ec alle 19:30. La convocazione avverr\u00e0 in videoconferenza e saranno 3 i punti all&#8217;ordine del giorno tra cui l&#8217;ottava variazione a bilancio e la revisione ordinaria delle partecipazioni.<\/p>\n<p>&nbsp;<\/p>\n<p>&nbsp;<\/p>\n<hr \/>\n<p>&nbsp;<\/p>\n<blockquote>\n<h3>LA CONFERENZA DEI SINDACI IN ASSEMBLEA<\/h3>\n<\/blockquote>\n<p><strong>BELLUNO<\/strong> Oggi alle 17.15\u00a0 all&#8217;Ospedale San Martino di Belluno si terr\u00e0 l&#8217;annuale Conferenza dei Sindaci per la trattazione del seguente ordine del giorno:\u00a0 \u00a0Aggiornamento sulla situazione epidemiologica e sull&#8217;Elisoccorso;\u00a0 \u00a0 \u00a0Parere espresso dall&#8217;Esecutivo della conferenza in merito all&#8217;attuazione misura6 del PNRR: Case della Comunit\u00e0 e Ospedali di Comunit\u00e0; \u00a0Presentazione del documento redatto dall&#8217;Esecutivo di richiesta e di proposta alle istituzioni di misure per la tutela della sanit\u00e0 provinciale. Presentazione proposta loghi della Conferenza.<\/p>\n<p>&nbsp;<\/p>\n<p>&nbsp;<\/p>\n<hr \/>\n<p>&nbsp;<\/p>\n<blockquote>\n<h3>CONCORSI NEL FELTRINO<\/h3>\n<\/blockquote>\n<p><strong>FELTRE<\/strong>\u00a0 <span id=\"page3R_mcid8\" class=\"markedContent\"><span dir=\"ltr\" role=\"presentation\">\u00c8<\/span> <span dir=\"ltr\" role=\"presentation\">indetto<\/span> <span dir=\"ltr\" role=\"presentation\">un<\/span> <span dir=\"ltr\" role=\"presentation\">concorso pubblico <\/span> <span dir=\"ltr\" role=\"presentation\">per <\/span> <span dir=\"ltr\" role=\"presentation\">soli esami per\u00a0\u00a0<\/span> <span dir=\"ltr\" role=\"presentation\">l&#8217;assunzione <\/span> <span dir=\"ltr\" role=\"presentation\">a tempo <\/span><span dir=\"ltr\" role=\"presentation\">pieno<\/span> <span dir=\"ltr\" role=\"presentation\">e determinato (3 anni) di un agente di polizia locale <\/span><span dir=\"ltr\" role=\"presentation\">presso il comune di Arsi\u00e8. Altro concorso per due <span id=\"page3R_mcid7\" class=\"markedContent\">istruttori amministrativi\u00a0 presso l\u2019Unione dei Comuni del Basso Feltrino \u2013 Setteville e presso il comune di Pedavena. <\/span><\/span><\/span><span id=\"page3R_mcid9\" class=\"markedContent\"><span dir=\"ltr\" role=\"presentation\">Le <\/span><span dir=\"ltr\" role=\"presentation\">doman<\/span><span dir=\"ltr\" role=\"presentation\">de <\/span><span dir=\"ltr\" role=\"presentation\">di <\/span><span dir=\"ltr\" role=\"presentation\">part<\/span><span dir=\"ltr\" role=\"presentation\">ecipazione <\/span><span dir=\"ltr\" role=\"presentation\">dovranno <\/span><span dir=\"ltr\" role=\"presentation\">essere <\/span><span dir=\"ltr\" role=\"presentation\">presentate <\/span><span dir=\"ltr\" role=\"presentation\">tramite <\/span><span dir=\"ltr\" role=\"presentation\">apposita piatta<\/span><span dir=\"ltr\" role=\"presentation\">fo<\/span><span dir=\"ltr\" role=\"presentation\">rma <\/span><span dir=\"ltr\" role=\"presentation\">del<\/span><span dir=\"ltr\" role=\"presentation\">l&#8217;Unione Montan<\/span><span dir=\"ltr\" role=\"presentation\">a Feltrina entro le 12 del 13 gennaio.\u00a0\u00a0<\/span><\/span><\/p>\n<p>&nbsp;<\/p>\n<p>&nbsp;<\/p>\n<hr \/>\n<blockquote>\n<h3><\/h3>\n<h3>VALPE CONSEGNA GLI ECOCALENDARI 2022 A SEDICO E NELL&#8217;AGORDINO<\/h3>\n<\/blockquote>\n<p><strong>AGORDO-SEDICO<\/strong>\u00a0 In questi giorni i nuovi calendari per l\u2019anno 2022 sono in consegna nelle case di tutti gli utenti di Sedico e dell\u2019Unione Montana Agordina. I nuovi calendari sono disponibili\u00a0 anche nel sito www.valpeambiente.it.<\/p>\n<p>&nbsp;<\/p>\n<p>&nbsp;<\/p>\n<hr \/>\n<p>&nbsp;<\/p>\n<blockquote>\n<h3>SOS LAVORO NERO: CON IL COVID E\u2019 IN AUMENTO<\/h3>\n<\/blockquote>\n<p><a class=\"dt-pswp-item\" href=\"https:\/\/www.radiopiu.net\/wordpress\/wp-content\/uploads\/2021\/12\/Schermata-2021-12-18-alle-09.32.39.png\" data-dt-img-description=\"\" data-large_image_width=\"1074\" data-large_image_height=\"1708\"><img loading=\"lazy\" decoding=\"async\" class=\"alignleft size-medium wp-image-249061\" src=\"https:\/\/www.radiopiu.net\/wordpress\/wp-content\/uploads\/2021\/12\/Schermata-2021-12-18-alle-09.32.39-189x300.png\" alt=\"\" width=\"189\" height=\"300\" srcset=\"https:\/\/www.radiopiu.net\/wordpress\/wp-content\/uploads\/2021\/12\/Schermata-2021-12-18-alle-09.32.39-189x300.png 189w, https:\/\/www.radiopiu.net\/wordpress\/wp-content\/uploads\/2021\/12\/Schermata-2021-12-18-alle-09.32.39-644x1024.png 644w, https:\/\/www.radiopiu.net\/wordpress\/wp-content\/uploads\/2021\/12\/Schermata-2021-12-18-alle-09.32.39-768x1221.png 768w, https:\/\/www.radiopiu.net\/wordpress\/wp-content\/uploads\/2021\/12\/Schermata-2021-12-18-alle-09.32.39-966x1536.png 966w, https:\/\/www.radiopiu.net\/wordpress\/wp-content\/uploads\/2021\/12\/Schermata-2021-12-18-alle-09.32.39.png 1074w\" sizes=\"auto, (max-width: 189px) 100vw, 189px\" \/><\/a>In Veneto il fenomeno ha dimensioni molto contenute, tuttavia non dobbiamo assolutamente abbassare la guardia. L\u2019Ufficio studi della CGIA segnala che dei 206.500 lavoratori irregolari presenti nella nostra regione, quelli sfruttati da caporali o da organizzazioni criminali sono una piccola minoranza. Questo, ovviamente, non deve indurci a sottovalutare la gravit\u00e0 di questo drammatico fenomeno nel quale i lavoratori sono sottoposti a condizioni degradanti e disumane da parte di pseudo-imprenditori che agiscono, nei campi e talvolta anche nei cantieri, con modalit\u00e0 criminali. Anche perch\u00e9, pur non essendoci dati in grado di dimostrarlo, a seguito della crisi pandemica la situazione \u00e8 in deciso peggioramento. Pertanto, anche la stima dell\u2019Istat, che segnala in 3,2 milioni i lavoratori irregolari presenti nel Paese, di cui 206.500 nella nostra Regione, \u00e8 quasi certamente sottodimensionata.<\/p>\n<p><strong>Ma la maggioranza degli irregolari si muove in autonomia<\/strong><br \/>\nTuttavia, \u00e8 bene sottolineare che la maggioranza di chi lavora irregolarmente \u00e8 costituita, in particolar modo, da persone molto \u201cintraprendenti\u201d, che ogni giorno si recano nelle abitazioni degli italiani a fare piccoli lavori di riparazione, di manutenzione (verde, elettrica, idraulica, fabbrile, edile, etc.) o nel prestare servizi alla persona (autisti, badanti, acconciatori, estetiste, massaggiatori, etc.). Un esercito di \u201cinvisibili\u201d che, ovviamente, non sono alle \u201cdipendenze\u201d n\u00e9 di caporali n\u00e9 di imprenditori aguzzini ma, attrezzati di tutto punto, si spostano in maniera del tutto autonoma e indipendente, provocando danni economici spaventosi. Questi lavoratori irregolari sono in gran parte costituiti da pensionati, dopo-lavoristi, inattivi, disoccupati o persone in Cig che arrotondano le magre entrate con i proventi recuperati da queste attivit\u00e0 illegali.<br \/>\nConcorrenza sleale inaccettabile<br \/>\nE\u2019 altrettanto evidente che a rimetterci non sono solo le casse dell\u2019erario e dell\u2019Inps, ma anche le tantissime attivit\u00e0 produttive e dei servizi, le imprese artigianali\u00a0 e quelle commerciali regolarmente iscritte presso la Camera di Commercio che, spesso, subiscono la concorrenza sleale di questi soggetti. I lavoratori in nero, infatti, non essendo sottoposti ai contributi previdenziali, a quelli assicurativi e a quelli fiscali consentono alle imprese dove prestano servizio \u2013 o a loro stessi se operano sul mercato come falsi lavoratori autonomi \u2013 di beneficiare di un costo del lavoro molto inferiore e, conseguentemente, di praticare un prezzo finale del prodotto\/servizio\u00a0 molto contenuto. Condizioni, ovviamente, che chi rispetta le disposizioni previste dalla legge non \u00e8 in grado di offrire.<\/p>\n<p><strong>Campania, Calabria e Sicilia sono le realt\u00e0 dove l\u2019economia sommersa \u00e8 pi\u00f9 diffusa<\/strong><\/p>\n<p>Il lavoro nero presente in Italia \u201cproduce\u201d ben 77,7 miliardi di euro di valore aggiunto di cui 5,5 miliardi sono ascrivibili al Veneto. Una piaga sociale ed economica, sottolinea l\u2019Ufficio studi della CGIA, che, a livello territoriale, presenta differenze molto marcate. La Lombardia, ad esempio,\u00a0sebbene conti oltre 504 mila lavoratori occupati irregolarmente, \u00e8 il territorio meno interessato da questo triste fenomeno: il tasso di irregolarit\u00e0\u00a0\u00e8 pari al 10,4 per cento, mentre l\u2019incidenza del valore aggiunto prodotto dal lavoro irregolare sul totale regionale \u00e8 pari al 3,6 per cento; il tasso pi\u00f9 basso presente nel Paese. Subito dopo scorgiamo il nostro Veneto (con un\u2019incidenza del 3,7 per cento), la provincia Autonoma di Bolzano (3,8) e il Friuli Venezia Giulia (3,9). Per contro, la situazione pi\u00f9 critica si registra nel Mezzogiorno. In Calabria, ad esempio, a fronte di \u201csoli\u201d 135.900 lavoratori irregolari, il tasso di irregolarit\u00e0 \u00e8 del 22 per cento e l\u2019incidenza dell\u2019economia prodotta dal sommerso sul totale regionale ammonta al 9,8 per cento. Nessun\u2019altra realt\u00e0 territoriale presenta una performance cos\u00ec negativa. Altrettanto critica \u00e8 la situazione in Campania, dove gli oltre 361 mila occupati non regolari provocano un tasso di irregolarit\u00e0 del 19,3 per cento e un Pil da \u201cnero\u201d sul totale regionale dell\u20198,5 per cento. Preoccupante anche la situazione in Sicilia: a fronte di quasi 283 mila lavoratori in nero, il tasso di irregolarit\u00e0 \u00e8 al 18,7 per cento e il valore aggiunto prodotto dall\u2019economia sommersa su quello ufficiale \u00e8 del 7,8 per cento.<br \/>\nA livello nazionale, infine, all\u2019inizio del 2019 l\u2019Istat stimava in poco pi\u00f9 di 3,2 milioni di persone\u00a0che quotidianamente per qualche ora o per l\u2019intera giornata si recavano nei campi, nelle aziende, nei cantieri edili o nelle abitazioni degli italiani per esercitare un\u2019attivit\u00e0 lavorativa irregolare. Siamo propensi a ritenere che a seguito della crisi pandemica &#8211; che ha provocato un aumento della disoccupazione, dei lavoratori in Cig e un impoverimento generale delle fasce sociali pi\u00f9 deboli \u2013 il numero dei lavoratori irregolari presenti nel Paese sia aumentato in misura importante (vedi Tab.1).<\/p>\n<p>&nbsp;<\/p>\n<p>&nbsp;<\/p>\n<hr \/>\n<p>&nbsp;<\/p>\n<blockquote>\n<h3>CGIA: IN VENETO NEI PRIMI 10 MESI SONO 89 LE PERSONE MORTE NEI LUOGHI DI LAVORO<\/h3>\n<\/blockquote>\n<p><a href=\"https:\/\/www.radiopiu.net\/wordpress\/giornale-radiopiu-20-dicembre-2021-direttore-mirko-mezzacasa\/schermata-2021-12-19-alle-14-04-06\/\" rel=\"attachment wp-att-249207\"><img loading=\"lazy\" decoding=\"async\" class=\"size-medium wp-image-249207 alignleft\" src=\"https:\/\/www.radiopiu.net\/wordpress\/wp-content\/uploads\/2021\/12\/Schermata-2021-12-19-alle-14.04.06-300x259.png\" alt=\"\" width=\"300\" height=\"259\" srcset=\"https:\/\/www.radiopiu.net\/wordpress\/wp-content\/uploads\/2021\/12\/Schermata-2021-12-19-alle-14.04.06-300x259.png 300w, https:\/\/www.radiopiu.net\/wordpress\/wp-content\/uploads\/2021\/12\/Schermata-2021-12-19-alle-14.04.06.png 648w\" sizes=\"auto, (max-width: 300px) 100vw, 300px\" \/><\/a>Anche in Veneto il numero di denunce con esito mortale \u00e8 in crescita. Se, secondo i dati Inail,\u00a0 tra gennaio e ottobre 2020 le morti nei luoghi di lavoro erano state 71, nello stesso periodo di quest\u2019anno sono salite a\u00a0 89. Certo, nel confronto bisogna tener conto che a causa del Covid nel 2020 moltissime attivit\u00e0 produttive erano state costrette a chiudere per molti mesi, tuttavia sono tragedie che sembrano non avere fine e, talvolta, \u201cavvengono\u201d perch\u00e9 strettamente collegate al lavoro irregolare.<\/p>\n<p>Ancorch\u00e9 in Veneto il fenomeno abbia dimensioni molto contenute, l\u2019Ufficio studi della CGIA segnala che dei 206.500 lavoratori in nero presenti nella nostra regione, quelli sfruttati da caporali o da organizzazioni criminali sono una piccola minoranza. Questo, ovviamente, non deve indurci a sottovalutare la gravit\u00e0 anche di questo drammatico fenomeno nel quale i lavoratori sono sottoposti a condizioni degradanti e disumane da parte di pseudo-imprenditori che agiscono, nei campi e talvolta anche nei cantieri, con modalit\u00e0 criminali. Anche perch\u00e9, pur non essendoci dati in grado di dimostrarlo, a seguito della crisi pandemica la situazione \u00e8 in deciso peggioramento. Pertanto, anche la stima dell\u2019Istat, che segnala in 3,2 milioni i lavoratori irregolari presenti nel Paese, di cui 206.500 nella nostra Regione, \u00e8 quasi certamente sottodimensionata.<\/p>\n<p><strong>A Verona e Treviso il numero di morti pi\u00f9 alto<\/strong><\/p>\n<p>Se in Veneto l\u2019economia sommersa \u00e8 contenuta, i decessi nei luoghi di lavoro continuano ad essere troppi e tutto ci\u00f2 non \u00e8 pi\u00f9 accettabile; ovviamente anche un solo morto costituirebbe un dramma, ma 89 sono una tragedia immane.\u00a0 Per quanto concerne la distribuzione degli incidenti mortali avvenuti a livello provinciale, la situazione pi\u00f9 critica si registra a Verona: nei primi 10 mesi di quest\u2019anno, le morti bianche avvenute nella provincia scaligera sono state 21: seguono Treviso con 17, Padova e Venezia con 15, Vicenza con 10, Rovigo con 6 e Belluno con 5. Preoccupante il trend verificatosi in particolar a Padova: se l\u2019anno scorso nei primi 10 mesi i decessi erano stati 9, quest\u2019anno sono saliti a 15 (+66,6%) (vedi Tab. 1).<\/p>\n<p>&nbsp;<\/p>\n<p>&nbsp;<\/p>\n<hr \/>\n<p>&nbsp;<\/p>\n<blockquote>\n<h3>NADEL IGNANTER I TABIEI<\/h3>\n<\/blockquote>\n<p><strong>ROCCA PIETORE<\/strong> A Sottoguda a Natale ci saranno i mercatini tra le vie del paese, nei giorni 28 e 29 dicembre dalle 13 alle 19. Martedi 28 alle 16 &#8220;musica, neve e magia&#8221; con il concerto di Sara Stocco (voce) e Nella Hristova (pianoforte)<\/p>\n<p>&nbsp;<\/p>\n<p>&nbsp;<\/p>\n<hr \/>\n<p>&nbsp;<\/p>\n<blockquote>\n<h3>MUSICA E POESIA CON L&#8217;ISTITUTO SUPERIORE DI SCIENZE RELIGIOSE<\/h3>\n<\/blockquote>\n<p><strong>BELLUNO<\/strong>\u00a0L\u2019Istituto Superiore di Scienze Religiose \u201cGiovanni Paolo I\u201d, istituzione accademica ecclesiastica collegata alla Facolt\u00e0 Teologica del Triveneto, offre a tutti, non solo a docenti, studenti e personale, la possibilit\u00e0 di vivere un momento di spiritualit\u00e0 in preparazione al Natale,\u00a0 gioved\u00ec 23 dicembre alle\u00a0 18 nella\u00a0 chiesa di San Pietro a Belluno. Il programma prevede una riflessione sul Natale tramite parole e musica: le parole sono quelle di Antonio Chiades, giornalista, scrittore e poeta, che vive tra Pieve di Cadore e Treviso; l\u2019esecuzione musicale \u00e8 invece affidata al musicista e compositore bellunese Carlo De Battista. Sono previsti inoltre una lettura biblica e l\u2019intervento dei rispettivi vescovi, Michele Tomasi, vescovo di Treviso, e Renato Marangoni, vescovo di Belluno-Feltre. L\u2019evento bellunese \u00e8 organizzato in collaborazione con la Biblioteca Gregoriana del Seminario di Belluno. \u00c8 obbligatorio il Green Pass.<\/p>\n<p>&nbsp;<\/p>\n<p>&nbsp;<\/p>\n<hr \/>\n<p>&nbsp;<\/p>\n<h3><span style=\"color: #0000ff;\">INFORMAZIONE il canale su TELEGRAM informazione di prima mano e in tempo reale. iscriviti ed aiutaci a farlo conoscere\u00a0 \u00a0<\/span><\/h3>\n<p>&nbsp;<\/p>\n<p>&nbsp;<\/p>\n<p>&nbsp;<\/p>\n<hr \/>\n<p>&nbsp;<\/p>\n<blockquote>\n<h3>IL CONCERTO DEL 26 DICEMBRE DALL&#8217;ARCIDIACONALE DI AGORDO SARA&#8217; TRASMESSO IN DIRETTA SULLE FREQUENZE DI RADIO PIU&#8217;, POTRA&#8217; ESSERE VISTO IN STREAMING SUL SITO INTERNET RADIOPIU.NET O SULLE PAGINE FACEBOOK RADIOPIU, RADIOPIU EMITTENTE AGORDINA, SEI DI AGORDO SE&#8230;<\/h3>\n<p><a href=\"https:\/\/www.radiopiu.net\/wordpress\/giornale-radiopiu-10-dicembre-2021-direttore-mirko-mezzacasa\/7e4dcf0d-ae61-466b-9ba6-59f1c81d4b00\/\" rel=\"attachment wp-att-247533\"><img loading=\"lazy\" decoding=\"async\" class=\"wp-image-247533 aligncenter\" src=\"https:\/\/www.radiopiu.net\/wordpress\/wp-content\/uploads\/2021\/12\/7e4dcf0d-ae61-466b-9ba6-59f1c81d4b00.jpg\" alt=\"\" width=\"257\" height=\"365\" srcset=\"https:\/\/www.radiopiu.net\/wordpress\/wp-content\/uploads\/2021\/12\/7e4dcf0d-ae61-466b-9ba6-59f1c81d4b00.jpg 722w, https:\/\/www.radiopiu.net\/wordpress\/wp-content\/uploads\/2021\/12\/7e4dcf0d-ae61-466b-9ba6-59f1c81d4b00-212x300.jpg 212w\" sizes=\"auto, (max-width: 257px) 100vw, 257px\" \/><\/a><\/p><\/blockquote>\n<p>&nbsp;<\/p>\n<hr \/>\n<p>&nbsp;<\/p>\n<p><strong>Concerto di Natale &#8220;seguitando la gran stela&#8221; con il gruppo musicale &#8220;Na Fuoia&#8221; organizzato dal Gruppo Folk Union ladina Val Biois a Caviola gioved\u00ec 23 dicembre 2021 alle 20.30 presso la Casa della giovent\u00f9. Si esibiranno i musicisti Andrea Da Cort\u00e0, Annachiara Belli e Pina Sabatini che faranno suonare gli strumenti pi\u00f9 tradizionali come il violino e la chitarra e quelli pi\u00f9 esotici come la cornamusa e il dulcimer. Un regalo di Natale del Gruppo Folk Union ladina Val Biois per ritrovarsi e trascorrere insieme una serata di buona musica. Ingresso ad offerta libera, \u00e8 richiesto il green pass base.<\/strong><\/p>\n<p><a href=\"https:\/\/www.radiopiu.net\/wordpress\/giornale-radiopiu-20-dicembre-2021-direttore-mirko-mezzacasa\/seguitando-la-gran-stela\/\" rel=\"attachment wp-att-249349\"><img loading=\"lazy\" decoding=\"async\" class=\"size-medium wp-image-249349 aligncenter\" src=\"https:\/\/www.radiopiu.net\/wordpress\/wp-content\/uploads\/2021\/12\/seguitando-la-gran-stela-213x300.jpg\" alt=\"\" width=\"213\" height=\"300\" srcset=\"https:\/\/www.radiopiu.net\/wordpress\/wp-content\/uploads\/2021\/12\/seguitando-la-gran-stela-213x300.jpg 213w, https:\/\/www.radiopiu.net\/wordpress\/wp-content\/uploads\/2021\/12\/seguitando-la-gran-stela-726x1024.jpg 726w, https:\/\/www.radiopiu.net\/wordpress\/wp-content\/uploads\/2021\/12\/seguitando-la-gran-stela-768x1084.jpg 768w, https:\/\/www.radiopiu.net\/wordpress\/wp-content\/uploads\/2021\/12\/seguitando-la-gran-stela-1089x1536.jpg 1089w, https:\/\/www.radiopiu.net\/wordpress\/wp-content\/uploads\/2021\/12\/seguitando-la-gran-stela-1451x2048.jpg 1451w, https:\/\/www.radiopiu.net\/wordpress\/wp-content\/uploads\/2021\/12\/seguitando-la-gran-stela.jpg 1766w\" sizes=\"auto, (max-width: 213px) 100vw, 213px\" \/><\/a><\/p>\n<p>&nbsp;<\/p>\n<hr \/>\n<p>&nbsp;<\/p>\n<blockquote>\n<h3>GIOVEDI&#8217; LA PRESENTAZIONE DELLA GUIDA TURISTICA DI DAL MAS<\/h3>\n<\/blockquote>\n<p><strong>SOSPIROLO<\/strong> Si terr\u00e0 gioved\u00ec 23 dicembre al Centro Civico alle 20.30 la presentazione della guida turistica \u201cViaggio nelle Dolomiti Bellunesi\u201d \u00a0di Giuliano Dal Mas. In questo suo &#8220;Viaggio&#8221;, Giuliano Dal Mas (Premio Pelmo d\u2019Oro per la Cultura Alpina 2021) si muove esplorando quella bellezza che si trova anche nei posti pi\u00f9 reconditi dove, secondo l\u2019autore, &#8220;solo un cuore fanciullo vede, guarda e assapora&#8221;. Il volume \u00e8 patrocinato dal Comitato Pro Loco Unpli Belluno che rappresenta le 59 Pro Loco ed i 7 Consorzi della provincia di Belluno; la serata, con proiezioni di immagini, \u00e8 a cura della Pro loco \u201cMonti del Sole\u201d con il patrocinio del Comune di Sospirolo. Ingresso libero con obbligo del Super Green Pass.<\/p>\n<p>&nbsp;<\/p>\n<p>&nbsp;<\/p>\n<hr \/>\n<p>&nbsp;<\/p>\n<blockquote>\n<h3>APERTURA INVERNALE DEL CASTELLO DI ANDRAZ<\/h3>\n<\/blockquote>\n<p><strong>LIVINALLONGO <\/strong>Normalmente d\u2019inverno il Castello di Andraz rimane chiuso al pubblico a causa delle grandi quantit\u00e0 di neve che interessano l\u2019area. Quest\u2019anno invece il meteo \u00e8 favorevole e quindi, solo per pochi giorni e per poche ore, il castello aprir\u00e0. Le visite (guidate e su prenotazione ma non particolarmente specialistiche e quindi accessibili a tutti) si concentreranno in particolare sulla figura di Nicol\u00f2 Cusano, vissuto al castello attorno alla met\u00e0 del XV secolo, che proprio qui ha compiuto studi in campo astronomico di notevole rilevanza. \u00c8 infatti in funzione gi\u00e0 da qualche settimana il foro utilizzato per gli studi sul solstizio d\u2019inverno: un\u2019occasione imperdibile. Le aperture straordinarie avverranno il 19, 22, 26 e 29 dicembre dalle 13 alle 15. Per prenotare la visita guidata 334 3346680. Informazioni su www.castellodiandraz.it<\/p>\n<p>&nbsp;<\/p>\n<p>&nbsp;<\/p>\n<hr \/>\n<p>&nbsp;<\/p>\n<blockquote class=\"wp-embedded-content\" data-secret=\"LVHKqmicYr\"><p><a href=\"https:\/\/www.radiopiu.net\/wordpress\/zeloa\/\">MONTE CELO (ZELO) ED ALPENFESTUNG  ARTICOLO COMPLETO IN TRE PARTI<\/a><\/p><\/blockquote>\n<p><iframe loading=\"lazy\" class=\"wp-embedded-content\" sandbox=\"allow-scripts\" security=\"restricted\" style=\"position: absolute; clip: rect(1px, 1px, 1px, 1px);\" title=\"&#8220;MONTE CELO (ZELO) ED ALPENFESTUNG  ARTICOLO COMPLETO IN TRE PARTI&#8221; &#8212; Radio Pi\u00f9\" src=\"https:\/\/www.radiopiu.net\/wordpress\/zeloa\/embed\/#?secret=LVHKqmicYr\" data-secret=\"LVHKqmicYr\" width=\"600\" height=\"338\" frameborder=\"0\" marginwidth=\"0\" marginheight=\"0\" scrolling=\"no\"><\/iframe><\/p>\n<p>&nbsp;<\/p>\n<hr \/>\n<p>&nbsp;<\/p>\n<h2><span style=\"color: #ff0000;\">IERI ALLA RADIO<\/span><\/h2>\n<h2><strong><a href=\"https:\/\/www.radiopiu.net\/wordpress\/laugurio-di-monsignor-giorgio-lise-agli-agordini\/don-giorgio-lise\/\" rel=\"attachment wp-att-177420\"><img loading=\"lazy\" decoding=\"async\" class=\"size-medium wp-image-177420 alignleft\" src=\"https:\/\/www.radiopiu.net\/wordpress\/wp-content\/uploads\/2020\/12\/DON-GIORGIO-LISE-300x169.jpg\" alt=\"\" width=\"300\" height=\"169\" srcset=\"https:\/\/www.radiopiu.net\/wordpress\/wp-content\/uploads\/2020\/12\/DON-GIORGIO-LISE-300x169.jpg 300w, https:\/\/www.radiopiu.net\/wordpress\/wp-content\/uploads\/2020\/12\/DON-GIORGIO-LISE-1024x577.jpg 1024w, https:\/\/www.radiopiu.net\/wordpress\/wp-content\/uploads\/2020\/12\/DON-GIORGIO-LISE-768x432.jpg 768w, https:\/\/www.radiopiu.net\/wordpress\/wp-content\/uploads\/2020\/12\/DON-GIORGIO-LISE-1536x865.jpg 1536w, https:\/\/www.radiopiu.net\/wordpress\/wp-content\/uploads\/2020\/12\/DON-GIORGIO-LISE.jpg 1600w\" sizes=\"auto, (max-width: 300px) 100vw, 300px\" \/><\/a><\/strong><span style=\"color: #800080;\">DUE MINUTI PER TE<\/span><\/h2>\n<p><strong>APPUNTAMENTO DELLA DOMENICA CON DON GIORGIO LISE<\/strong><\/p>\n<audio class=\"wp-audio-shortcode\" id=\"audio-249063-6\" preload=\"none\" style=\"width: 100%;\" controls=\"controls\"><source type=\"audio\/mpeg\" src=\"https:\/\/www.radiopiu.net\/wordpress\/wp-content\/uploads\/2021\/12\/DON-GIORGIO-2.mp3?_=6\" \/><a href=\"https:\/\/www.radiopiu.net\/wordpress\/wp-content\/uploads\/2021\/12\/DON-GIORGIO-2.mp3\">https:\/\/www.radiopiu.net\/wordpress\/wp-content\/uploads\/2021\/12\/DON-GIORGIO-2.mp3<\/a><\/audio>\n<p>&nbsp;<\/p>\n<hr \/>\n<p>&nbsp;<\/p>\n<div>\n<div class=\"b654a4as d2edcug0\">\n<div class=\"rq0escxv hkbzh7o3 jwdofwj8 n8tt0mok r8blr3vg hyh9befq\">\n<p><a class=\"dt-pswp-item\" href=\"https:\/\/www.radiopiu.net\/wordpress\/wp-content\/uploads\/2020\/10\/pp.jpg\" data-dt-img-description=\"\" data-large_image_width=\"640\" data-large_image_height=\"640\"><img loading=\"lazy\" decoding=\"async\" class=\"wp-image-163678 alignleft\" src=\"https:\/\/www.radiopiu.net\/wordpress\/wp-content\/uploads\/2020\/10\/pp-300x300.jpg\" alt=\"\" width=\"106\" height=\"106\" srcset=\"https:\/\/www.radiopiu.net\/wordpress\/wp-content\/uploads\/2020\/10\/pp-300x300.jpg 300w, https:\/\/www.radiopiu.net\/wordpress\/wp-content\/uploads\/2020\/10\/pp-150x150.jpg 150w, https:\/\/www.radiopiu.net\/wordpress\/wp-content\/uploads\/2020\/10\/pp-125x125.jpg 125w, https:\/\/www.radiopiu.net\/wordpress\/wp-content\/uploads\/2020\/10\/pp-200x200.jpg 200w, https:\/\/www.radiopiu.net\/wordpress\/wp-content\/uploads\/2020\/10\/pp-80x80.jpg 80w, https:\/\/www.radiopiu.net\/wordpress\/wp-content\/uploads\/2020\/10\/pp-480x480.jpg 480w, https:\/\/www.radiopiu.net\/wordpress\/wp-content\/uploads\/2020\/10\/pp.jpg 640w\" sizes=\"auto, (max-width: 106px) 100vw, 106px\" \/><\/a><\/p>\n<\/div>\n<\/div>\n<\/div>\n<div>\n<div class=\"page-title-head hgroup\">\n<div class=\"page-title-head hgroup\">\n<div class=\"b654a4as d2edcug0\">\n<div class=\"j83agx80 btwxx1t3 lhclo0ds hop8lmos nkwizq5d scwd0bx6 roh60bw9\">\n<div class=\"rq0escxv hkbzh7o3 jwdofwj8 n8tt0mok r8blr3vg hyh9befq\">\n<div class=\"do00u71z l9j0dhe7 k4urcfbm\">\n<h2><span style=\"color: #000080;\">DON CESARE, IL PENSIERO DEL GIORNO. ALLA RADIO ALLE 7 DEL MATTINO E ALLE 19.30 DELLA SERA.\u00a0\u00a0<\/span><\/h2>\n<p>&nbsp;<\/p>\n<\/div>\n<div class=\"do00u71z l9j0dhe7 k4urcfbm\">\n<p>&nbsp;<\/p>\n<audio class=\"wp-audio-shortcode\" id=\"audio-249063-7\" preload=\"none\" style=\"width: 100%;\" controls=\"controls\"><source type=\"audio\/mpeg\" src=\"https:\/\/www.radiopiu.net\/wordpress\/wp-content\/uploads\/2021\/12\/CESARE-6.mp3?_=7\" \/><a href=\"https:\/\/www.radiopiu.net\/wordpress\/wp-content\/uploads\/2021\/12\/CESARE-6.mp3\">https:\/\/www.radiopiu.net\/wordpress\/wp-content\/uploads\/2021\/12\/CESARE-6.mp3<\/a><\/audio>\n<p>&nbsp;<\/p>\n<p>&nbsp;<\/p>\n<hr \/>\n<p>&nbsp;<\/p>\n<blockquote class=\"wp-embedded-content\" data-secret=\"Yez45L5TXI\"><p><a href=\"https:\/\/www.radiopiu.net\/wordpress\/la-valle-agordina-320-anni-dalla-boa-del-1701-quarta-parte-di-6\/\">LA VALLE AGORDINA &#8211; 320 anni dalla BOA del 1701  QUARTA PARTE di 6<\/a><\/p><\/blockquote>\n<p><iframe loading=\"lazy\" class=\"wp-embedded-content\" sandbox=\"allow-scripts\" security=\"restricted\" style=\"position: absolute; clip: rect(1px, 1px, 1px, 1px);\" title=\"&#8220;LA VALLE AGORDINA &#8211; 320 anni dalla BOA del 1701  QUARTA PARTE di 6&#8221; &#8212; Radio Pi\u00f9\" src=\"https:\/\/www.radiopiu.net\/wordpress\/la-valle-agordina-320-anni-dalla-boa-del-1701-quarta-parte-di-6\/embed\/#?secret=Yez45L5TXI\" data-secret=\"Yez45L5TXI\" width=\"600\" height=\"338\" frameborder=\"0\" marginwidth=\"0\" marginheight=\"0\" scrolling=\"no\"><\/iframe><\/p>\n<p>&nbsp;<\/p>\n<p>&nbsp;<\/p>\n<hr \/>\n<p>&nbsp;<\/p>\n<div>\n<div class=\"page-title-head hgroup\">\n<div class=\"page-title-head hgroup\">\n<div class=\"b654a4as d2edcug0\">\n<div class=\"j83agx80 btwxx1t3 lhclo0ds hop8lmos nkwizq5d scwd0bx6 roh60bw9\">\n<div class=\"rq0escxv hkbzh7o3 jwdofwj8 n8tt0mok r8blr3vg hyh9befq\">\n<div class=\"do00u71z l9j0dhe7 k4urcfbm\">\n<div class=\"ecm0bbzt e5nlhep0 a8c37x1j\">\n<div class=\"kvgmc6g5 cxmmr5t8 oygrvhab hcukyx3x c1et5uql\">\n<div class=\"gmail-kvgmc6g5 gmail-cxmmr5t8 gmail-oygrvhab gmail-hcukyx3x gmail-c1et5uql gmail-ii04i59q\">\n<div class=\"page-title-head hgroup\">\n<div class=\"page-title-head hgroup\">\n<div class=\"b654a4as d2edcug0\">\n<div class=\"j83agx80 btwxx1t3 lhclo0ds hop8lmos nkwizq5d scwd0bx6 roh60bw9\">\n<div class=\"rq0escxv hkbzh7o3 jwdofwj8 n8tt0mok r8blr3vg hyh9befq\">\n<div class=\"do00u71z l9j0dhe7 k4urcfbm\">\n<p>&nbsp;<\/p>\n<h3 class=\"kvgmc6g5 cxmmr5t8 oygrvhab hcukyx3x c1et5uql\"><span style=\"color: #0000ff;\"><strong><a href=\"https:\/\/www.radiopiu.net\/wordpress\/riaperts\/immagine-racconti-di-natale\/\" rel=\"attachment wp-att-247743\"><img loading=\"lazy\" decoding=\"async\" class=\"wp-image-247743 alignleft\" src=\"https:\/\/www.radiopiu.net\/wordpress\/wp-content\/uploads\/2021\/12\/immagine-racconti-di-natale-249x300.jpg\" alt=\"\" width=\"90\" height=\"108\" srcset=\"https:\/\/www.radiopiu.net\/wordpress\/wp-content\/uploads\/2021\/12\/immagine-racconti-di-natale-249x300.jpg 249w, https:\/\/www.radiopiu.net\/wordpress\/wp-content\/uploads\/2021\/12\/immagine-racconti-di-natale-768x925.jpg 768w, https:\/\/www.radiopiu.net\/wordpress\/wp-content\/uploads\/2021\/12\/immagine-racconti-di-natale.jpg 771w\" sizes=\"auto, (max-width: 90px) 100vw, 90px\" \/><\/a>INFORMAZIONE il canale su TELEGRAM informazione di prima mano e in tempo reale. iscriviti ed aiutaci a farlo conoscere\u00a0<\/strong><\/span><\/h3>\n<blockquote>\n<h3><span style=\"color: #ff0000;\">I RACCONTI DI NATALE DI LUISA ALCHINI, DA MARTEDI AL 24 DICEMBRE TUTTI I GIORNI ALLE 10.05 E ALLE 20.20&#8230; SU RADIO PIU<\/span><\/h3>\n<\/blockquote>\n<p>&nbsp;<\/p>\n<p><strong>RACCONTO 1 14 DICEMBRE<\/strong><\/p>\n<audio class=\"wp-audio-shortcode\" id=\"audio-249063-8\" preload=\"none\" style=\"width: 100%;\" controls=\"controls\"><source type=\"audio\/mpeg\" src=\"https:\/\/www.radiopiu.net\/wordpress\/wp-content\/uploads\/2021\/12\/14.mp3?_=8\" \/><a href=\"https:\/\/www.radiopiu.net\/wordpress\/wp-content\/uploads\/2021\/12\/14.mp3\">https:\/\/www.radiopiu.net\/wordpress\/wp-content\/uploads\/2021\/12\/14.mp3<\/a><\/audio>\n<p><strong>RACCONTO 2 15 DICEMBRE\u00a0<\/strong><\/p>\n<audio class=\"wp-audio-shortcode\" id=\"audio-249063-9\" preload=\"none\" style=\"width: 100%;\" controls=\"controls\"><source type=\"audio\/mpeg\" src=\"https:\/\/www.radiopiu.net\/wordpress\/wp-content\/uploads\/2021\/12\/15.mp3?_=9\" \/><a href=\"https:\/\/www.radiopiu.net\/wordpress\/wp-content\/uploads\/2021\/12\/15.mp3\">https:\/\/www.radiopiu.net\/wordpress\/wp-content\/uploads\/2021\/12\/15.mp3<\/a><\/audio>\n<p><strong>RACCONTO 3 16 DICEMBRE<\/strong><\/p>\n<audio class=\"wp-audio-shortcode\" id=\"audio-249063-10\" preload=\"none\" style=\"width: 100%;\" controls=\"controls\"><source type=\"audio\/mpeg\" src=\"https:\/\/www.radiopiu.net\/wordpress\/wp-content\/uploads\/2021\/12\/16.mp3?_=10\" \/><a href=\"https:\/\/www.radiopiu.net\/wordpress\/wp-content\/uploads\/2021\/12\/16.mp3\">https:\/\/www.radiopiu.net\/wordpress\/wp-content\/uploads\/2021\/12\/16.mp3<\/a><\/audio>\n<p><strong>RACCONTO 4 17 DICEMBRE<\/strong><\/p>\n<audio class=\"wp-audio-shortcode\" id=\"audio-249063-11\" preload=\"none\" style=\"width: 100%;\" controls=\"controls\"><source type=\"audio\/mpeg\" src=\"https:\/\/www.radiopiu.net\/wordpress\/wp-content\/uploads\/2021\/12\/17.mp3?_=11\" \/><a href=\"https:\/\/www.radiopiu.net\/wordpress\/wp-content\/uploads\/2021\/12\/17.mp3\">https:\/\/www.radiopiu.net\/wordpress\/wp-content\/uploads\/2021\/12\/17.mp3<\/a><\/audio>\n<p><strong>RACCONTO 5 18 DICEMBRE<\/strong><\/p>\n<audio class=\"wp-audio-shortcode\" id=\"audio-249063-12\" preload=\"none\" style=\"width: 100%;\" controls=\"controls\"><source type=\"audio\/mpeg\" src=\"https:\/\/www.radiopiu.net\/wordpress\/wp-content\/uploads\/2021\/12\/racconto-natale-sabato-18-dicembre.mp3?_=12\" \/><a href=\"https:\/\/www.radiopiu.net\/wordpress\/wp-content\/uploads\/2021\/12\/racconto-natale-sabato-18-dicembre.mp3\">https:\/\/www.radiopiu.net\/wordpress\/wp-content\/uploads\/2021\/12\/racconto-natale-sabato-18-dicembre.mp3<\/a><\/audio>\n<p>&nbsp;<\/p>\n<hr \/>\n<blockquote>\n<h3><\/h3>\n<h3>IN VIVO VERSO, SETTIMA STAGIONE CON BRUNELLA MORO, DAL LUNEDI AL VENERDI ALLE 7.10, 10.10 E 18.50<\/h3>\n<\/blockquote>\n<p>&nbsp;<\/p>\n<p><strong>LA RACCOLTA COMPLETA\u00a0 \u00a0<\/strong><\/p>\n<blockquote class=\"wp-embedded-content\" data-secret=\"JsBUZX9mol\"><p><a href=\"https:\/\/www.radiopiu.net\/wordpress\/in-vivo-verso\/\">In Vivo Verso<\/a><\/p><\/blockquote>\n<p><iframe loading=\"lazy\" class=\"wp-embedded-content\" sandbox=\"allow-scripts\" security=\"restricted\" style=\"position: absolute; clip: rect(1px, 1px, 1px, 1px);\" title=\"&#8220;In Vivo Verso&#8221; &#8212; Radio Pi\u00f9\" src=\"https:\/\/www.radiopiu.net\/wordpress\/in-vivo-verso\/embed\/#?secret=JsBUZX9mol\" data-secret=\"JsBUZX9mol\" width=\"600\" height=\"338\" frameborder=\"0\" marginwidth=\"0\" marginheight=\"0\" scrolling=\"no\"><\/iframe><\/p>\n<p>&nbsp;<\/p>\n<div>\n<div class=\"page-title-head hgroup\">\n<div class=\"page-title-head hgroup\">\n<div class=\"b654a4as d2edcug0\">\n<div class=\"j83agx80 btwxx1t3 lhclo0ds hop8lmos nkwizq5d scwd0bx6 roh60bw9\">\n<div class=\"rq0escxv hkbzh7o3 jwdofwj8 n8tt0mok r8blr3vg hyh9befq\">\n<div class=\"do00u71z l9j0dhe7 k4urcfbm\">\n<div class=\"ecm0bbzt e5nlhep0 a8c37x1j\">\n<div class=\"kvgmc6g5 cxmmr5t8 oygrvhab hcukyx3x c1et5uql\">\n<div class=\"gmail-kvgmc6g5 gmail-cxmmr5t8 gmail-oygrvhab gmail-hcukyx3x gmail-c1et5uql gmail-ii04i59q\">\n<div class=\"page-title-head hgroup\">\n<div class=\"page-title-head hgroup\">\n<div class=\"b654a4as d2edcug0\">\n<div class=\"j83agx80 btwxx1t3 lhclo0ds hop8lmos nkwizq5d scwd0bx6 roh60bw9\">\n<div class=\"rq0escxv hkbzh7o3 jwdofwj8 n8tt0mok r8blr3vg hyh9befq\">\n<div class=\"do00u71z l9j0dhe7 k4urcfbm\">\n<p>&nbsp;<\/p>\n<\/div>\n<\/div>\n<\/div>\n<\/div>\n<\/div>\n<\/div>\n<\/div>\n<\/div>\n<\/div>\n<\/div>\n<\/div>\n<\/div>\n<\/div>\n<\/div>\n<\/div>\n<\/div>\n<hr \/>\n<p>&nbsp;<\/p>\n<p><span style=\"color: #0000ff;\">MUSICA PIU&#8217;\u00a0<\/span><\/p>\n<p><a href=\"https:\/\/www.radiopiu.net\/wordpress\/giornale-radiopiu-20-settembre-2021-direttore-mirko-mezzacasa\/pp-79\/\" rel=\"attachment wp-att-232921\"><img loading=\"lazy\" decoding=\"async\" class=\"wp-image-232921 alignleft\" src=\"https:\/\/www.radiopiu.net\/wordpress\/wp-content\/uploads\/2021\/09\/pp-1-300x300.jpg\" alt=\"\" width=\"135\" height=\"135\" srcset=\"https:\/\/www.radiopiu.net\/wordpress\/wp-content\/uploads\/2021\/09\/pp-1-300x300.jpg 300w, https:\/\/www.radiopiu.net\/wordpress\/wp-content\/uploads\/2021\/09\/pp-1-150x150.jpg 150w, https:\/\/www.radiopiu.net\/wordpress\/wp-content\/uploads\/2021\/09\/pp-1.jpg 640w\" sizes=\"auto, (max-width: 135px) 100vw, 135px\" \/><\/a><\/p>\n<div class=\"mkdf-post-text\">\n<div class=\"mkdf-post-text-inner\">\n<div class=\"mkdf-post-text-main\">\n<div class=\"mkdf-post-text\">\n<div class=\"mkdf-post-text-inner\">\n<div class=\"mkdf-post-text-main\">\n<div class=\"mkdf-post-text\">\n<div class=\"mkdf-post-text-inner\">\n<div class=\"mkdf-post-text-main\">\n<div class=\"page-title-head hgroup\">\n<div class=\"page-title-head hgroup\">\n<div class=\"mkdf-post-text\">\n<div class=\"mkdf-post-text-inner\">\n<div class=\"mkdf-post-text-main\">\n<div class=\"mkdf-post-text\">\n<div class=\"mkdf-post-text-inner\">\n<div class=\"mkdf-post-text-main\">\n<div class=\"page-title-head hgroup\">\n<div class=\"page-title-head hgroup\">\n<div class=\"page-title-head hgroup\">\n<div class=\"page-title-head hgroup\">\n<div class=\"b654a4as d2edcug0\">\n<div class=\"page-title-head hgroup\">\n<div class=\"page-title-head hgroup\">\n<div class=\"page-title-head hgroup\">\n<div class=\"page-title-head hgroup\">\n<div class=\"b654a4as d2edcug0\">\n<div class=\"page-title-head hgroup\">\n<div class=\"page-title-head hgroup\">\n<div class=\"page-title-head hgroup\">\n<div class=\"page-title-head hgroup\">\n<div class=\"b654a4as d2edcug0\">\n<div class=\"mkdf-post-text\">\n<div class=\"mkdf-post-text-inner\">\n<div class=\"mkdf-post-text-main\">\n<div class=\"mkdf-post-text\">\n<div class=\"mkdf-post-text-inner\">\n<div class=\"mkdf-post-text-main\">\n<div class=\"mkdf-post-text\">\n<div class=\"mkdf-post-text-inner\">\n<div class=\"mkdf-post-text-main\">\n<div class=\"page-title-head hgroup\">\n<div class=\"page-title-head hgroup\">\n<div class=\"mkdf-post-text\">\n<div class=\"mkdf-post-text-inner\">\n<div class=\"mkdf-post-text-main\">\n<div class=\"mkdf-post-text\">\n<div class=\"mkdf-post-text-inner\">\n<div class=\"mkdf-post-text-main\">\n<div class=\"page-title-head hgroup\">\n<div class=\"page-title-head hgroup\">\n<div class=\"page-title-head hgroup\">\n<div class=\"page-title-head hgroup\">\n<div class=\"b654a4as d2edcug0\">\n<div class=\"page-title-head hgroup\">\n<div class=\"page-title-head hgroup\">\n<div class=\"page-title-head hgroup\">\n<div class=\"page-title-head hgroup\">\n<div class=\"b654a4as d2edcug0\">\n<div class=\"page-title-head hgroup\">\n<div class=\"page-title-head hgroup\">\n<div class=\"page-title-head hgroup\">\n<div class=\"page-title-head hgroup\">\n<div class=\"b654a4as d2edcug0\">\n<div><\/div>\n<div><\/div>\n<div>\n<p><strong>MUSICA ALLA RADIO, IL PROGRAMMA DI LORIS SCUSSEL &#8220;COLLAGE OPERAZIONE NOSTALGIA&#8221; DAL LUNEDI AL VENERDI ALLE 16.00\u00a0 E ALLE 23\u00a0<\/strong><\/p>\n<\/div>\n<p>&nbsp;<\/p>\n<p>&nbsp;<\/p>\n<h3>SUPERATE LE 500 PUNTATE DI COLLAGE<\/h3>\n<blockquote><p><strong><a href=\"https:\/\/www.radiopiu.net\/wordpress\/superate-le-500-puntate-di-collage\/happy-xmas\/\" rel=\"attachment wp-att-249162\"><img loading=\"lazy\" decoding=\"async\" class=\"size-full wp-image-249162 alignleft\" src=\"https:\/\/www.radiopiu.net\/wordpress\/wp-content\/uploads\/2021\/12\/Happy-Xmas.jpg\" alt=\"\" width=\"225\" height=\"225\" srcset=\"https:\/\/www.radiopiu.net\/wordpress\/wp-content\/uploads\/2021\/12\/Happy-Xmas.jpg 225w, https:\/\/www.radiopiu.net\/wordpress\/wp-content\/uploads\/2021\/12\/Happy-Xmas-150x150.jpg 150w\" sizes=\"auto, (max-width: 225px) 100vw, 225px\" \/><\/a> <\/strong><\/p>\n<p><strong>\u00a0<\/strong><\/p>\n<p><strong>di Loris Scussel<\/strong><\/p>\n<p>Superata quota 500 puntate Collage si avvicina al Natale celebrando una canzone trasmessa in tutte le radio in questi giorni \u201cHappy Xmas ( War is over)\u201d che John Lennon assieme a Yoko Ono scrisse nel 1971 ispirandosi ad un vecchio brano folk tradizionale \u201cStewball\u201d che avremo occasione di ascoltare questa settimana assieme a tante altre proposte. Collage va in onda dal luned\u00ec al venerd\u00ec alle 16:00 e alle 23:00. Buon ascolto e soprattutto Buon Natale ai nostri ascoltatori.<\/p><\/blockquote>\n<p>&nbsp;<\/p>\n<\/div>\n<\/div>\n<\/div>\n<\/div>\n<\/div>\n<\/div>\n<\/div>\n<\/div>\n<\/div>\n<\/div>\n<\/div>\n<\/div>\n<\/div>\n<\/div>\n<\/div>\n<\/div>\n<\/div>\n<\/div>\n<\/div>\n<\/div>\n<\/div>\n<\/div>\n<\/div>\n<\/div>\n<\/div>\n<\/div>\n<\/div>\n<\/div>\n<\/div>\n<\/div>\n<\/div>\n<\/div>\n<\/div>\n<\/div>\n<\/div>\n<\/div>\n<\/div>\n<\/div>\n<\/div>\n<\/div>\n<\/div>\n<\/div>\n<\/div>\n<\/div>\n<\/div>\n<\/div>\n<\/div>\n<\/div>\n<\/div>\n<\/div>\n<\/div>\n<\/div>\n<\/div>\n<\/div>\n<\/div>\n<\/div>\n<\/div>\n<\/div>\n<\/div>\n<\/div>\n<\/div>\n<\/div>\n<\/div>\n<\/div>\n<p>&nbsp;<\/p>\n<hr \/>\n<p>&nbsp;<\/p>\n<p>&nbsp;<\/p>\n<blockquote class=\"wp-embedded-content\" data-secret=\"fOH9FaaiEO\"><p><a href=\"https:\/\/www.radiopiu.net\/wordpress\/freemix-la-liberta-musicale-mixata-da-dj-athos-e-raccontata-da-dj-jack\/\">FREEMIX, LA LIBERTA&#8217; MUSICALE MIXATA DA DJ ATHOS E RACCONTATA DA DJ JACK<\/a><\/p><\/blockquote>\n<p><iframe loading=\"lazy\" class=\"wp-embedded-content\" sandbox=\"allow-scripts\" security=\"restricted\" style=\"position: absolute; clip: rect(1px, 1px, 1px, 1px);\" title=\"&#8220;FREEMIX, LA LIBERTA&#8217; MUSICALE MIXATA DA DJ ATHOS E RACCONTATA DA DJ JACK&#8221; &#8212; Radio Pi\u00f9\" src=\"https:\/\/www.radiopiu.net\/wordpress\/freemix-la-liberta-musicale-mixata-da-dj-athos-e-raccontata-da-dj-jack\/embed\/#?secret=fOH9FaaiEO\" data-secret=\"fOH9FaaiEO\" width=\"600\" height=\"338\" frameborder=\"0\" marginwidth=\"0\" marginheight=\"0\" scrolling=\"no\"><\/iframe><\/p>\n<p>&nbsp;<\/p>\n<blockquote class=\"wp-embedded-content\" data-secret=\"vHmgTqAQ0x\"><p><a href=\"https:\/\/www.radiopiu.net\/wordpress\/da-ieri-alla-radio-in-palinsesto-loris-e-maurizio-con-la-grande-musica\/\">IL BLUES ALLA RADIO &#8230; COME NON L&#8217;AVETE MAI SENTITO PRIMA<\/a><\/p><\/blockquote>\n<p><iframe loading=\"lazy\" class=\"wp-embedded-content\" sandbox=\"allow-scripts\" security=\"restricted\" style=\"position: absolute; clip: rect(1px, 1px, 1px, 1px);\" title=\"&#8220;IL BLUES ALLA RADIO &#8230; COME NON L&#8217;AVETE MAI SENTITO PRIMA&#8221; &#8212; Radio Pi\u00f9\" src=\"https:\/\/www.radiopiu.net\/wordpress\/da-ieri-alla-radio-in-palinsesto-loris-e-maurizio-con-la-grande-musica\/embed\/#?secret=vHmgTqAQ0x\" data-secret=\"vHmgTqAQ0x\" width=\"600\" height=\"338\" frameborder=\"0\" marginwidth=\"0\" marginheight=\"0\" scrolling=\"no\"><\/iframe><\/p>\n<p>&nbsp;<\/p>\n<hr \/>\n<p>&nbsp;<\/p>\n<blockquote>\n<h3><span style=\"color: #0000ff;\">INFORMAZIONE il canale su TELEGRAM informazione di prima mano e in tempo reale. iscriviti ed aiutaci a farlo conoscere\u00a0\u00a0<\/span><\/h3>\n<\/blockquote>\n<div>\n<div class=\"page-title-head hgroup\">\n<div class=\"page-title-head hgroup\">\n<div class=\"page-title-head hgroup\">\n<div class=\"page-title-head hgroup\">\n<div class=\"b654a4as d2edcug0\">\n<div class=\"page-title-head hgroup\">\n<div class=\"page-title-head hgroup\">\n<div class=\"page-title-head hgroup\">\n<div class=\"page-title-head hgroup\">\n<div class=\"b654a4as d2edcug0\">\n<div class=\"page-title-head hgroup\">\n<div class=\"page-title-head hgroup\">\n<div class=\"page-title-head hgroup\">\n<div class=\"page-title-head hgroup\">\n<div class=\"page-title-head hgroup\">\n<div class=\"page-title-head hgroup\">\n<div class=\"page-title-head hgroup\">\n<div class=\"page-title-head hgroup\">\n<div class=\"page-title-head hgroup\">\n<div class=\"b654a4as d2edcug0\">\n<div class=\"page-title-head hgroup\">\n<div class=\"page-title-head hgroup\">\n<div class=\"page-title-head hgroup\">\n<div class=\"page-title-head hgroup\">\n<div class=\"b654a4as d2edcug0\">\n<div>\n<p>&nbsp;<\/p>\n<\/div>\n<div>\n<div class=\"page-title-head hgroup\">\n<div class=\"page-title-head hgroup\">\n<div class=\"page-title-head hgroup\">\n<div class=\"page-title-head hgroup\">\n<div class=\"page-title-head hgroup\">\n<div class=\"b654a4as d2edcug0\">\n<div>\n<hr \/>\n<\/div>\n<\/div>\n<div>\n<div>\n<p>&nbsp;<\/p>\n<\/div>\n<div>\n<div>\n<p>&nbsp;<\/p>\n<\/div>\n<div>\n<div>\n<p><strong>DUE MINUTI UN LIBRO, TUTTI I GIORNI ALLA RADIO ALLE 9.40 E ALLE 17.50<\/strong><\/p>\n<div>\n<div>\n<p><strong>LA RACCOLTA COMPLETA\u00a0\u00a0<\/strong><\/p>\n<\/div>\n<div>\n<blockquote class=\"wp-embedded-content\" data-secret=\"KygBlWJvmF\"><p><a href=\"https:\/\/www.radiopiu.net\/wordpress\/due-minuti-un-libro\/\">Due minuti un libro<\/a><\/p><\/blockquote>\n<p><iframe loading=\"lazy\" class=\"wp-embedded-content\" sandbox=\"allow-scripts\" security=\"restricted\" style=\"position: absolute; clip: rect(1px, 1px, 1px, 1px);\" title=\"&#8220;Due minuti un libro&#8221; &#8212; Radio Pi\u00f9\" src=\"https:\/\/www.radiopiu.net\/wordpress\/due-minuti-un-libro\/embed\/#?secret=KygBlWJvmF\" data-secret=\"KygBlWJvmF\" width=\"600\" height=\"338\" frameborder=\"0\" marginwidth=\"0\" marginheight=\"0\" scrolling=\"no\"><\/iframe><\/p>\n<\/div>\n<\/div>\n<\/div>\n<div class=\"mkdf-post-text\">\n<div class=\"mkdf-post-text-inner\">\n<div class=\"mkdf-post-text-main\">\n<div class=\"mkdf-post-text\">\n<div class=\"mkdf-post-text-inner\">\n<div class=\"mkdf-post-text-main\">\n<div class=\"mkdf-post-text\">\n<div class=\"mkdf-post-text-inner\">\n<div class=\"mkdf-post-text-main\">\n<div class=\"page-title-head hgroup\">\n<div class=\"page-title-head hgroup\">\n<div class=\"mkdf-post-text\">\n<div class=\"mkdf-post-text-inner\">\n<div class=\"mkdf-post-text-main\">\n<div class=\"mkdf-post-text\">\n<div class=\"mkdf-post-text-inner\">\n<div class=\"mkdf-post-text-main\">\n<div class=\"page-title-head hgroup\">\n<div class=\"page-title-head hgroup\">\n<div class=\"page-title-head hgroup\">\n<div class=\"page-title-head hgroup\">\n<div class=\"b654a4as d2edcug0\">\n<div class=\"page-title-head hgroup\">\n<div class=\"page-title-head hgroup\">\n<div class=\"page-title-head hgroup\">\n<div class=\"page-title-head hgroup\">\n<div class=\"b654a4as d2edcug0\">\n<div class=\"page-title-head hgroup\">\n<div class=\"page-title-head hgroup\">\n<div class=\"page-title-head hgroup\">\n<div class=\"page-title-head hgroup\">\n<div class=\"b654a4as d2edcug0\">\n<div>\n<p>&nbsp;<\/p>\n<\/div>\n<div>\n<hr \/>\n<p>&nbsp;<\/p>\n<\/div>\n<h2><span style=\"color: #808000;\">L&#8217;ALMANACCO LADINO\u00a0\u00a0<\/span><\/h2>\n<p><strong>LA RACCOLTA<\/strong><\/p>\n<blockquote class=\"wp-embedded-content\" data-secret=\"diO8YGYfgt\"><p><a href=\"https:\/\/www.radiopiu.net\/wordpress\/almanacco-ladino\/\">Almanacco Ladino<\/a><\/p><\/blockquote>\n<p><iframe loading=\"lazy\" class=\"wp-embedded-content\" sandbox=\"allow-scripts\" security=\"restricted\" style=\"position: absolute; clip: rect(1px, 1px, 1px, 1px);\" title=\"&#8220;Almanacco Ladino&#8221; &#8212; Radio Pi\u00f9\" src=\"https:\/\/www.radiopiu.net\/wordpress\/almanacco-ladino\/embed\/#?secret=diO8YGYfgt\" data-secret=\"diO8YGYfgt\" width=\"600\" height=\"338\" frameborder=\"0\" marginwidth=\"0\" marginheight=\"0\" scrolling=\"no\"><\/iframe><\/p>\n<p>&nbsp;<\/p>\n<hr \/>\n<p>&nbsp;<\/p>\n<h2><span style=\"color: #33cccc;\">LA RASSEGNA STAMPA DA L&#8217;AMICO DEL POPOLO<\/span><\/h2>\n<p><strong><a href=\"https:\/\/www.radiopiu.net\/wordpress\/la-rassegna-stampa-da-lamico-del-popolo-18-dicembre-2021\/francesca-gallo-foto-di-raffaella-vismara-1024x580\/\" rel=\"attachment wp-att-249066\"><img loading=\"lazy\" decoding=\"async\" class=\"size-medium wp-image-249066 alignleft\" src=\"https:\/\/www.radiopiu.net\/wordpress\/wp-content\/uploads\/2021\/12\/Francesca-Gallo-foto-di-Raffaella-Vismara-1024x580-1-300x170.jpg\" alt=\"\" width=\"300\" height=\"170\" srcset=\"https:\/\/www.radiopiu.net\/wordpress\/wp-content\/uploads\/2021\/12\/Francesca-Gallo-foto-di-Raffaella-Vismara-1024x580-1-300x170.jpg 300w, https:\/\/www.radiopiu.net\/wordpress\/wp-content\/uploads\/2021\/12\/Francesca-Gallo-foto-di-Raffaella-Vismara-1024x580-1-768x435.jpg 768w, https:\/\/www.radiopiu.net\/wordpress\/wp-content\/uploads\/2021\/12\/Francesca-Gallo-foto-di-Raffaella-Vismara-1024x580-1.jpg 1024w\" sizes=\"auto, (max-width: 300px) 100vw, 300px\" \/><\/a>di Gianni Santomaso<\/strong><\/p>\n<p>OSPITE: Francesca Gallo, Presidente ISTRESCO<\/p>\n<audio class=\"wp-audio-shortcode\" id=\"audio-249063-13\" preload=\"none\" style=\"width: 100%;\" controls=\"controls\"><source type=\"audio\/mpeg\" src=\"https:\/\/www.radiopiu.net\/wordpress\/wp-content\/uploads\/2021\/12\/RASSEGNA-GIANNI-2.mp3?_=13\" \/><a href=\"https:\/\/www.radiopiu.net\/wordpress\/wp-content\/uploads\/2021\/12\/RASSEGNA-GIANNI-2.mp3\">https:\/\/www.radiopiu.net\/wordpress\/wp-content\/uploads\/2021\/12\/RASSEGNA-GIANNI-2.mp3<\/a><\/audio>\n<p>&nbsp;<\/p>\n<p><strong>LA RACCOLTA COMPLETA<\/strong><\/p>\n<blockquote class=\"wp-embedded-content\" data-secret=\"2cGA1ex6Ak\"><p><a href=\"https:\/\/www.radiopiu.net\/wordpress\/rassegna-stampa-di-gianni-santomaso\/\">Rassegna stampa da l&#8217;amico del popolo &#8211; di Gianni Santomaso<\/a><\/p><\/blockquote>\n<p><iframe loading=\"lazy\" class=\"wp-embedded-content\" sandbox=\"allow-scripts\" security=\"restricted\" style=\"position: absolute; clip: rect(1px, 1px, 1px, 1px);\" title=\"&#8220;Rassegna stampa da l&#8217;amico del popolo &#8211; di Gianni Santomaso&#8221; &#8212; Radio Pi\u00f9\" src=\"https:\/\/www.radiopiu.net\/wordpress\/rassegna-stampa-di-gianni-santomaso\/embed\/#?secret=2cGA1ex6Ak\" data-secret=\"2cGA1ex6Ak\" width=\"600\" height=\"338\" frameborder=\"0\" marginwidth=\"0\" marginheight=\"0\" scrolling=\"no\"><\/iframe><\/p>\n<p>&nbsp;<\/p>\n<hr \/>\n<p>&nbsp;<\/p>\n<h2><span style=\"color: #800080;\">I RACCONTI DI PAOLO SOPPELSA<\/span><\/h2>\n<p><strong>LA RACCOLTA COMPLETA<\/strong><\/p>\n<blockquote class=\"wp-embedded-content\" data-secret=\"6YTq7R3JJG\"><p><a href=\"https:\/\/www.radiopiu.net\/wordpress\/i-racconti-di-paolo-soppelsa\/\">I racconti di Paolo Soppelsa<\/a><\/p><\/blockquote>\n<p><iframe loading=\"lazy\" class=\"wp-embedded-content\" sandbox=\"allow-scripts\" security=\"restricted\" style=\"position: absolute; clip: rect(1px, 1px, 1px, 1px);\" title=\"&#8220;I racconti di Paolo Soppelsa&#8221; &#8212; Radio Pi\u00f9\" src=\"https:\/\/www.radiopiu.net\/wordpress\/i-racconti-di-paolo-soppelsa\/embed\/#?secret=6YTq7R3JJG\" data-secret=\"6YTq7R3JJG\" width=\"600\" height=\"338\" frameborder=\"0\" marginwidth=\"0\" marginheight=\"0\" scrolling=\"no\"><\/iframe><\/p>\n<p>&nbsp;<\/p>\n<hr \/>\n<\/div>\n<div class=\"b654a4as d2edcug0\">\n<p>&nbsp;<\/p>\n<p><a href=\"https:\/\/www.radiopiu.net\/wordpress\/giornale-radiopiu-26-settembre-2018-direttore-mirko-mezzacasa\/viabilita-2\/\" rel=\"attachment wp-att-61954\"><img loading=\"lazy\" decoding=\"async\" class=\"aligncenter wp-image-61954 size-full\" src=\"https:\/\/www.radiopiu.net\/wordpress\/wp-content\/uploads\/2018\/09\/viabilita.jpeg\" sizes=\"auto, (max-width: 800px) 100vw, 800px\" srcset=\"https:\/\/www.radiopiu.net\/wordpress\/wp-content\/uploads\/2018\/09\/viabilita.jpeg 800w, https:\/\/www.radiopiu.net\/wordpress\/wp-content\/uploads\/2018\/09\/viabilita-300x38.jpeg 300w, https:\/\/www.radiopiu.net\/wordpress\/wp-content\/uploads\/2018\/09\/viabilita-768x96.jpeg 768w\" alt=\"\" width=\"800\" height=\"100\" \/><\/a><\/p>\n<div class=\"ecm0bbzt e5nlhep0 a8c37x1j\">\n<div class=\"kvgmc6g5 cxmmr5t8 oygrvhab hcukyx3x c1et5uql\">\n<div class=\"gmail-kvgmc6g5 gmail-cxmmr5t8 gmail-oygrvhab gmail-hcukyx3x gmail-c1et5uql gmail-ii04i59q\">\n<div class=\"page-title-head hgroup\">\n<div class=\"page-title-head hgroup\">\n<div class=\"b654a4as d2edcug0\">\n<div class=\"j83agx80 btwxx1t3 lhclo0ds hop8lmos nkwizq5d scwd0bx6 roh60bw9\">\n<div class=\"rq0escxv hkbzh7o3 jwdofwj8 n8tt0mok r8blr3vg hyh9befq\">\n<div class=\"do00u71z l9j0dhe7 k4urcfbm\">\n<div class=\"page-title-head hgroup\">\n<div class=\"page-title-head hgroup\">\n<div class=\"page-title-head hgroup\">\n<div class=\"page-title-head hgroup\">\n<div class=\"b654a4as d2edcug0\">\n<div class=\"page-title-head hgroup\">\n<div class=\"page-title-head hgroup\">\n<div class=\"page-title-head hgroup\">\n<div class=\"page-title-head hgroup\">\n<div class=\"b654a4as d2edcug0\">\n<div class=\"page-title-head hgroup\">\n<div class=\"page-title-head hgroup\">\n<div class=\"page-title-head hgroup\">\n<div class=\"page-title-head hgroup\">\n<div class=\"page-title-head hgroup\">\n<div class=\"page-title-head hgroup\">\n<div class=\"page-title-head hgroup\">\n<div class=\"page-title-head hgroup\">\n<div class=\"page-title-head hgroup\">\n<div class=\"b654a4as d2edcug0\">\n<div class=\"page-title-head hgroup\">\n<div class=\"page-title-head hgroup\">\n<div class=\"page-title-head hgroup\">\n<div class=\"page-title-head hgroup\">\n<div class=\"b654a4as d2edcug0\">\n<div class=\"page-title-head hgroup\">\n<div class=\"page-title-head hgroup\">\n<div class=\"page-title-head hgroup\">\n<div class=\"page-title-head hgroup\">\n<div class=\"page-title-head hgroup\">\n<div class=\"mkdf-post-text\">\n<div class=\"mkdf-post-text-inner\">\n<div class=\"mkdf-post-text-main\">\n<div class=\"mkdf-post-text\">\n<div class=\"mkdf-post-text-inner\">\n<div class=\"mkdf-post-text-main\">\n<div class=\"mkdf-post-text\">\n<div class=\"mkdf-post-text-inner\">\n<div class=\"mkdf-post-text-main\">\n<div class=\"page-title-head hgroup\">\n<div class=\"page-title-head hgroup\">\n<div class=\"mkdf-post-text\">\n<div class=\"mkdf-post-text-inner\">\n<div class=\"mkdf-post-text-main\">\n<div class=\"mkdf-post-text\">\n<div class=\"mkdf-post-text-inner\">\n<div class=\"mkdf-post-text-main\">\n<div class=\"page-title-head hgroup\">\n<div class=\"page-title-head hgroup\">\n<div class=\"page-title-head hgroup\">\n<div class=\"page-title-head hgroup\">\n<div class=\"b654a4as d2edcug0\">\n<div class=\"page-title-head hgroup\">\n<div class=\"page-title-head hgroup\">\n<div class=\"page-title-head hgroup\">\n<div class=\"page-title-head hgroup\">\n<div class=\"b654a4as d2edcug0\">\n<div class=\"page-title-head hgroup\">\n<div class=\"page-title-head hgroup\">\n<div class=\"page-title-head hgroup\">\n<div class=\"page-title-head hgroup\">\n<div class=\"b654a4as d2edcug0\">\n<div class=\"chat-input\">\n<div class=\"chat-input-container\">\n<div class=\"rows-wrapper chat-input-wrapper\">\n<div class=\"reply-wrapper\">\n<div class=\"btn-menu\">\n<div class=\"btn-menu-item tgico-replace rp\">\n<div class=\"c-ripple\">\n<div class=\"bubbles scrolled-down\">\n<div class=\"scrollable scrollable-y\">\n<div class=\"bubbles-inner has-rights is-chat is-channel\">\n<div class=\"bubbles-date-group\">\n<div class=\"bubble hide-name is-out can-have-tail is-group-first is-group-last is-read\" data-mid=\"5377294335\" data-peer-id=\"-1478820725\" data-timestamp=\"1638437407\">\n<div class=\"bubble-content-wrapper\">\n<div class=\"bubble-content\">\n<p class=\"message\" dir=\"auto\"><strong>\u00a0<\/strong><\/p>\n<p class=\"message\" dir=\"auto\"><strong>48 DELLE DOLOMITI<\/strong> localit\u00e0 Salesei di Sopra (Livinallongo)\u00a0 fino al 23 dicembre dalle 8 alle 17 &#8211; esclusi festivi e prefestivi &#8211; possibili interruzioni fino a 15 minuti, negli altri orari senso unico alternato con semaforo o movieri<\/p>\n<\/div>\n<\/div>\n<\/div>\n<\/div>\n<\/div>\n<\/div>\n<\/div>\n<\/div>\n<\/div>\n<\/div>\n<\/div>\n<\/div>\n<\/div>\n<\/div>\n<\/div>\n<\/div>\n<\/div>\n<\/div>\n<\/div>\n<\/div>\n<\/div>\n<\/div>\n<\/div>\n<\/div>\n<\/div>\n<\/div>\n<\/div>\n<\/div>\n<\/div>\n<\/div>\n<\/div>\n<\/div>\n<\/div>\n<\/div>\n<\/div>\n<\/div>\n<\/div>\n<\/div>\n<\/div>\n<\/div>\n<\/div>\n<\/div>\n<\/div>\n<\/div>\n<\/div>\n<\/div>\n<\/div>\n<\/div>\n<\/div>\n<\/div>\n<\/div>\n<\/div>\n<\/div>\n<\/div>\n<\/div>\n<\/div>\n<\/div>\n<\/div>\n<\/div>\n<\/div>\n<\/div>\n<\/div>\n<\/div>\n<\/div>\n<\/div>\n<\/div>\n<\/div>\n<\/div>\n<\/div>\n<\/div>\n<\/div>\n<\/div>\n<\/div>\n<\/div>\n<\/div>\n<\/div>\n<\/div>\n<\/div>\n<\/div>\n<\/div>\n<\/div>\n<\/div>\n<\/div>\n<\/div>\n<\/div>\n<\/div>\n<\/div>\n<\/div>\n<\/div>\n<\/div>\n<\/div>\n<\/div>\n<\/div>\n<\/div>\n<\/div>\n<\/div>\n<\/div>\n<\/div>\n<\/div>\n<\/div>\n<\/div>\n<\/div>\n<\/div>\n<\/div>\n<\/div>\n<\/div>\n<\/div>\n<\/div>\n<\/div>\n<\/div>\n<\/div>\n<\/div>\n<\/div>\n<\/div>\n<\/div>\n<\/div>\n<\/div>\n<\/div>\n<\/div>\n<\/div>\n<\/div>\n<\/div>\n<\/div>\n<\/div>\n<\/div>\n<\/div>\n<\/div>\n<\/div>\n<\/div>\n<\/div>\n<\/div>\n<\/div>\n<\/div>\n<\/div>\n<\/div>\n<\/div>\n<\/div>\n<\/div>\n<\/div>\n<\/div>\n<\/div>\n<\/div>\n<\/div>\n<\/div>\n<\/div>\n<\/div>\n<\/div>\n<\/div>\n<\/div>\n<\/div>\n<\/div>\n<\/div>\n<\/div>\n<\/div>\n<\/div>\n<\/div>\n<\/div>\n<\/div>\n<\/div>\n<\/div>\n<\/div>\n<\/div>\n<\/div>\n<\/div>\n<\/div>\n<\/div>\n<\/div>\n<\/div>\n<div>\n<div class=\"page-title-head hgroup\">\n<div class=\"page-title-head hgroup\">\n<div class=\"b654a4as d2edcug0\">\n<div class=\"j83agx80 btwxx1t3 lhclo0ds hop8lmos nkwizq5d scwd0bx6 roh60bw9\">\n<div class=\"rq0escxv hkbzh7o3 jwdofwj8 n8tt0mok r8blr3vg hyh9befq\">\n<div class=\"do00u71z l9j0dhe7 k4urcfbm\">\n<div class=\"ecm0bbzt e5nlhep0 a8c37x1j\">\n<div class=\"kvgmc6g5 cxmmr5t8 oygrvhab hcukyx3x c1et5uql\">\n<div class=\"gmail-kvgmc6g5 gmail-cxmmr5t8 gmail-oygrvhab gmail-hcukyx3x gmail-c1et5uql gmail-ii04i59q\">\n<div class=\"page-title-head hgroup\">\n<div class=\"page-title-head hgroup\">\n<div class=\"b654a4as d2edcug0\">\n<div class=\"j83agx80 btwxx1t3 lhclo0ds hop8lmos nkwizq5d scwd0bx6 roh60bw9\">\n<div class=\"rq0escxv hkbzh7o3 jwdofwj8 n8tt0mok r8blr3vg hyh9befq\">\n<div class=\"do00u71z l9j0dhe7 k4urcfbm\">\n<div class=\"page-title-head hgroup\">\n<div class=\"page-title-head hgroup\">\n<div class=\"page-title-head hgroup\">\n<div class=\"page-title-head hgroup\">\n<div class=\"b654a4as d2edcug0\">\n<div class=\"page-title-head hgroup\">\n<div class=\"page-title-head hgroup\">\n<div class=\"page-title-head hgroup\">\n<div class=\"page-title-head hgroup\">\n<div class=\"b654a4as d2edcug0\">\n<div class=\"page-title-head hgroup\">\n<div class=\"page-title-head hgroup\">\n<div class=\"page-title-head hgroup\">\n<div class=\"page-title-head hgroup\">\n<div class=\"page-title-head hgroup\">\n<div class=\"page-title-head hgroup\">\n<div class=\"page-title-head hgroup\">\n<div class=\"page-title-head hgroup\">\n<div class=\"page-title-head hgroup\">\n<div class=\"b654a4as d2edcug0\">\n<div class=\"page-title-head hgroup\">\n<div class=\"page-title-head hgroup\">\n<div class=\"page-title-head hgroup\">\n<div class=\"page-title-head hgroup\">\n<div class=\"b654a4as d2edcug0\">\n<div class=\"page-title-head hgroup\">\n<div class=\"page-title-head hgroup\">\n<div class=\"page-title-head hgroup\">\n<div class=\"page-title-head hgroup\">\n<div class=\"page-title-head hgroup\">\n<div class=\"mkdf-post-text\">\n<div class=\"mkdf-post-text-inner\">\n<div class=\"mkdf-post-text-main\">\n<div class=\"mkdf-post-text\">\n<div class=\"mkdf-post-text-inner\">\n<div class=\"mkdf-post-text-main\">\n<div class=\"mkdf-post-text\">\n<div class=\"mkdf-post-text-inner\">\n<div class=\"mkdf-post-text-main\">\n<div class=\"page-title-head hgroup\">\n<div class=\"page-title-head hgroup\">\n<div class=\"mkdf-post-text\">\n<div class=\"mkdf-post-text-inner\">\n<div class=\"mkdf-post-text-main\">\n<div class=\"mkdf-post-text\">\n<div class=\"mkdf-post-text-inner\">\n<div class=\"mkdf-post-text-main\">\n<div class=\"page-title-head hgroup\">\n<div class=\"page-title-head hgroup\">\n<div class=\"page-title-head hgroup\">\n<div class=\"page-title-head hgroup\">\n<div class=\"b654a4as d2edcug0\">\n<div class=\"page-title-head hgroup\">\n<div class=\"page-title-head hgroup\">\n<div class=\"page-title-head hgroup\">\n<div class=\"page-title-head hgroup\">\n<div class=\"b654a4as d2edcug0\">\n<div class=\"page-title-head hgroup\">\n<div class=\"page-title-head hgroup\">\n<div class=\"page-title-head hgroup\">\n<div class=\"page-title-head hgroup\">\n<div class=\"b654a4as d2edcug0\">\n<div class=\"ecm0bbzt e5nlhep0 a8c37x1j\">\n<div class=\"kvgmc6g5 cxmmr5t8 oygrvhab hcukyx3x c1et5uql\">\n<div class=\"gmail-kvgmc6g5 gmail-cxmmr5t8 gmail-oygrvhab gmail-hcukyx3x gmail-c1et5uql gmail-ii04i59q\">\n<div class=\"page-title-head hgroup\">\n<div class=\"page-title-head hgroup\">\n<div class=\"b654a4as d2edcug0\">\n<div class=\"j83agx80 btwxx1t3 lhclo0ds hop8lmos nkwizq5d scwd0bx6 roh60bw9\">\n<div class=\"rq0escxv hkbzh7o3 jwdofwj8 n8tt0mok r8blr3vg hyh9befq\">\n<div class=\"do00u71z l9j0dhe7 k4urcfbm\">\n<div class=\"page-title-head hgroup\">\n<div class=\"page-title-head hgroup\">\n<div class=\"page-title-head hgroup\">\n<div class=\"page-title-head hgroup\">\n<div class=\"b654a4as d2edcug0\">\n<div class=\"page-title-head hgroup\">\n<div class=\"page-title-head hgroup\">\n<div class=\"page-title-head hgroup\">\n<div class=\"page-title-head hgroup\">\n<div class=\"b654a4as d2edcug0\">\n<div class=\"page-title-head hgroup\">\n<div class=\"page-title-head hgroup\">\n<div class=\"page-title-head hgroup\">\n<div class=\"page-title-head hgroup\">\n<div class=\"page-title-head hgroup\">\n<div class=\"page-title-head hgroup\">\n<div class=\"page-title-head hgroup\">\n<div class=\"page-title-head hgroup\">\n<div class=\"page-title-head hgroup\">\n<div class=\"b654a4as d2edcug0\">\n<div class=\"page-title-head hgroup\">\n<div class=\"page-title-head hgroup\">\n<div class=\"page-title-head hgroup\">\n<div class=\"page-title-head hgroup\">\n<div class=\"b654a4as d2edcug0\">\n<div class=\"page-title-head hgroup\">\n<div class=\"page-title-head hgroup\">\n<div class=\"page-title-head hgroup\">\n<div class=\"page-title-head hgroup\">\n<div class=\"page-title-head hgroup\">\n<div class=\"mkdf-post-text\">\n<div class=\"mkdf-post-text-inner\">\n<div class=\"mkdf-post-text-main\">\n<div class=\"mkdf-post-text\">\n<div class=\"mkdf-post-text-inner\">\n<div class=\"mkdf-post-text-main\">\n<div class=\"mkdf-post-text\">\n<div class=\"mkdf-post-text-inner\">\n<div class=\"mkdf-post-text-main\">\n<div class=\"page-title-head hgroup\">\n<div class=\"page-title-head hgroup\">\n<div class=\"mkdf-post-text\">\n<div class=\"mkdf-post-text-inner\">\n<div class=\"mkdf-post-text-main\">\n<div class=\"mkdf-post-text\">\n<div class=\"mkdf-post-text-inner\">\n<div class=\"mkdf-post-text-main\">\n<div class=\"page-title-head hgroup\">\n<div class=\"page-title-head hgroup\">\n<div class=\"page-title-head hgroup\">\n<div class=\"page-title-head hgroup\">\n<div class=\"b654a4as d2edcug0\">\n<div class=\"page-title-head hgroup\">\n<div class=\"page-title-head hgroup\">\n<div class=\"page-title-head hgroup\">\n<div class=\"page-title-head hgroup\">\n<div class=\"b654a4as d2edcug0\">\n<div class=\"page-title-head hgroup\">\n<div class=\"page-title-head hgroup\">\n<div class=\"page-title-head hgroup\">\n<div class=\"page-title-head hgroup\">\n<div class=\"b654a4as d2edcug0\">\n<p><strong>SP 251 VAL DI ZOLDO E CELLINA<\/strong> fino al 22 dicembre interruzioni alla viabilit\u00e0 della durata massima di 10 minuti e senso unico alternato nei periodi non interessati dalle interruzioni nel comune di Val di Zoldo<\/p>\n<p><strong>SP 40 VAL SENAIGA<\/strong>\u00a0 Fino\u00a0 al 22 dicembre, sabati domeniche e festivi inclusi, interdizione totale al traffico in localit\u00e0 Pei di Lamon per consolidamento corpo stradale<\/p>\n<p>&nbsp;<\/p>\n<hr \/>\n<p>&nbsp;<\/p>\n<\/div>\n<div class=\"b654a4as d2edcug0\">\n<div class=\"ecm0bbzt e5nlhep0 a8c37x1j\">\n<div class=\"kvgmc6g5 cxmmr5t8 oygrvhab hcukyx3x c1et5uql\">\n<div class=\"gmail-kvgmc6g5 gmail-cxmmr5t8 gmail-oygrvhab gmail-hcukyx3x gmail-c1et5uql gmail-ii04i59q\">\n<div>\n<div class=\"page-title-head hgroup\">\n<div class=\"page-title-head hgroup\">\n<div class=\"b654a4as d2edcug0\">\n<div class=\"j83agx80 btwxx1t3 lhclo0ds hop8lmos nkwizq5d scwd0bx6 roh60bw9\">\n<div class=\"rq0escxv hkbzh7o3 jwdofwj8 n8tt0mok r8blr3vg hyh9befq\">\n<div class=\"do00u71z l9j0dhe7 k4urcfbm\">\n<div>\n<div class=\"page-title-head hgroup\">\n<div class=\"page-title-head hgroup\">\n<div class=\"page-title-head hgroup\">\n<div class=\"page-title-head hgroup\">\n<div class=\"b654a4as d2edcug0\">\n<div class=\"page-title-head hgroup\">\n<div class=\"page-title-head hgroup\">\n<div class=\"page-title-head hgroup\">\n<div class=\"page-title-head hgroup\">\n<div class=\"b654a4as d2edcug0\">\n<div class=\"page-title-head hgroup\">\n<div class=\"page-title-head hgroup\">\n<div class=\"page-title-head hgroup\">\n<div class=\"page-title-head hgroup\">\n<div class=\"page-title-head hgroup\">\n<div class=\"mkdf-post-text\">\n<div class=\"mkdf-post-text-inner\">\n<div class=\"mkdf-post-text-main\">\n<div class=\"mkdf-post-text\">\n<div class=\"mkdf-post-text-inner\">\n<div class=\"mkdf-post-text-main\">\n<div class=\"mkdf-post-text\">\n<div class=\"mkdf-post-text-inner\">\n<div class=\"mkdf-post-text-main\">\n<div class=\"page-title-head hgroup\">\n<div class=\"page-title-head hgroup\">\n<div class=\"mkdf-post-text\">\n<div class=\"mkdf-post-text-inner\">\n<div class=\"mkdf-post-text-main\">\n<div class=\"mkdf-post-text\">\n<div class=\"mkdf-post-text-inner\">\n<div class=\"mkdf-post-text-main\">\n<div>\n<div class=\"page-title-head hgroup\">\n<div class=\"page-title-head hgroup\">\n<div>\n<div class=\"page-title-head hgroup\">\n<div class=\"page-title-head hgroup\">\n<div class=\"b654a4as d2edcug0\">\n<div>\n<div class=\"page-title-head hgroup\" style=\"text-align: left;\">\n<div class=\"page-title-head hgroup\">\n<div dir=\"auto\">\n<p><a class=\"dt-pswp-item pspw-wrap-ready\" href=\"https:\/\/i0.wp.com\/www.radiopiu.net\/wordpress\/wp-content\/uploads\/2018\/09\/WhatsApp-Image-2018-09-20-at-16.04.06.jpeg?ssl=1\" data-dt-img-description=\"\" data-large_image_width=\"800\" data-large_image_height=\"100\"><img loading=\"lazy\" decoding=\"async\" class=\"aligncenter wp-image-61378 size-full jetpack-lazy-image jetpack-lazy-image--handled\" src=\"https:\/\/i0.wp.com\/www.radiopiu.net\/wordpress\/wp-content\/uploads\/2018\/09\/WhatsApp-Image-2018-09-20-at-16.04.06.jpeg?resize=800%2C100&amp;ssl=1\" sizes=\"auto, (max-width: 800px) 100vw, 800px\" srcset=\"https:\/\/i0.wp.com\/www.radiopiu.net\/wordpress\/wp-content\/uploads\/2018\/09\/WhatsApp-Image-2018-09-20-at-16.04.06.jpeg?w=800&amp;ssl=1 800w, https:\/\/i0.wp.com\/www.radiopiu.net\/wordpress\/wp-content\/uploads\/2018\/09\/WhatsApp-Image-2018-09-20-at-16.04.06.jpeg?resize=300%2C38&amp;ssl=1 300w, https:\/\/i0.wp.com\/www.radiopiu.net\/wordpress\/wp-content\/uploads\/2018\/09\/WhatsApp-Image-2018-09-20-at-16.04.06.jpeg?resize=768%2C96&amp;ssl=1 768w\" alt=\"\" width=\"800\" height=\"100\" data-lazy-loaded=\"1\" \/><\/a><\/p>\n<\/div>\n<\/div>\n<\/div>\n<\/div>\n<\/div>\n<\/div>\n<\/div>\n<\/div>\n<\/div>\n<\/div>\n<\/div>\n<\/div>\n<\/div>\n<\/div>\n<\/div>\n<\/div>\n<\/div>\n<\/div>\n<\/div>\n<\/div>\n<\/div>\n<\/div>\n<\/div>\n<\/div>\n<\/div>\n<\/div>\n<\/div>\n<\/div>\n<\/div>\n<\/div>\n<\/div>\n<\/div>\n<\/div>\n<\/div>\n<\/div>\n<\/div>\n<\/div>\n<\/div>\n<\/div>\n<\/div>\n<\/div>\n<\/div>\n<\/div>\n<\/div>\n<p>&nbsp;<\/p>\n<\/div>\n<\/div>\n<\/div>\n<\/div>\n<\/div>\n<\/div>\n<\/div>\n<\/div>\n<\/div>\n<\/div>\n<\/div>\n<\/div>\n<\/div>\n<\/div>\n<\/div>\n<\/div>\n<\/div>\n<\/div>\n<\/div>\n<\/div>\n<\/div>\n<\/div>\n<\/div>\n<\/div>\n<\/div>\n<\/div>\n<\/div>\n<\/div>\n<\/div>\n<\/div>\n<\/div>\n<\/div>\n<\/div>\n<\/div>\n<\/div>\n<\/div>\n<\/div>\n<\/div>\n<\/div>\n<\/div>\n<\/div>\n<\/div>\n<\/div>\n<\/div>\n<\/div>\n<\/div>\n<\/div>\n<\/div>\n<\/div>\n<\/div>\n<\/div>\n<\/div>\n<\/div>\n<\/div>\n<\/div>\n<\/div>\n<\/div>\n<\/div>\n<\/div>\n<\/div>\n<\/div>\n<\/div>\n<\/div>\n<\/div>\n<\/div>\n<\/div>\n<\/div>\n<\/div>\n<\/div>\n<\/div>\n<\/div>\n<\/div>\n<\/div>\n<\/div>\n<\/div>\n<\/div>\n<\/div>\n<\/div>\n<\/div>\n<\/div>\n<\/div>\n<\/div>\n<\/div>\n<\/div>\n<\/div>\n<\/div>\n<\/div>\n<\/div>\n<\/div>\n<\/div>\n<\/div>\n<\/div>\n<\/div>\n<\/div>\n<\/div>\n<\/div>\n<\/div>\n<\/div>\n<\/div>\n<\/div>\n<\/div>\n<\/div>\n<\/div>\n<\/div>\n<\/div>\n<\/div>\n<\/div>\n<\/div>\n<\/div>\n<\/div>\n<\/div>\n<\/div>\n<\/div>\n<\/div>\n<\/div>\n<\/div>\n<\/div>\n<\/div>\n<\/div>\n<\/div>\n<\/div>\n<\/div>\n<\/div>\n<\/div>\n<\/div>\n<\/div>\n<\/div>\n<\/div>\n<\/div>\n<\/div>\n<\/div>\n<\/div>\n<\/div>\n<\/div>\n<\/div>\n<\/div>\n<\/div>\n<\/div>\n<\/div>\n<\/div>\n<\/div>\n<\/div>\n<\/div>\n<\/div>\n<\/div>\n<\/div>\n<\/div>\n<\/div>\n<\/div>\n<\/div>\n<\/div>\n<\/div>\n<\/div>\n<\/div>\n<\/div>\n<\/div>\n<\/div>\n<\/div>\n<\/div>\n<div><center><b>Lunedi 20<\/b><\/center><b>Tempo atteso: <\/b>Ben soleggiato con cielo sereno o al pi\u00f9 poco nuvoloso per qualche velatura fino al primo mattino su Prealpi e qualche stratocumulo nel pomeriggio sempre su Prealpi. Atmosfera via via pi\u00f9 fredda in quota, mentre il vento tender\u00e0 gradualmente ad attenuarsi. Aria nitida e ottima visibilit\u00e0 quasi ovunque con minor probabilit\u00e0 di formazione di nebbia in Valbelluna.<br \/>\n<b>Precipitazioni: <\/b>Assenti (0%)<br \/>\n<b>Temperature: <\/b>In generale calo durante la giornata con minime raggiunte in serata in quota. Su Prealpi a 1500 m min -2\u00b0C max 6\u00b0C, a 2000 m min -4\u00b0C max 4\u00b0C. Su Dolomiti a 2000 m min -4\u00b0C max 2\u00b0C, a 3000 m min -7 \u00b0C max -5 \u00b0C.<br \/>\n<b>Venti: <\/b>Tra notte e mattino tesi\/forti da nord nord-ovest in quota, a tratti molto forti sulle cime pi\u00f9 alte; perlopi\u00f9 moderati dai quadranti settentrionali nelle valli, con qualche raffica di Foehn, a 15-40 km\/h a 2000 m e 30-80 km\/h a 3000 m, da met\u00e0 giornata tendenti a graduale attenuazione. Su dorsali prealpine in rotazione da est da met\u00e0 giornata.<\/div>\n<\/div>\n<\/div>\n<\/div>\n<\/div>\n<\/div>\n<\/div>\n<\/div>\n<hr \/>\n<p><center><b>Martedi 21<\/b><\/center><b>Tempo atteso: <\/b>Sole, aria nitida e ottima visibilit\u00e0 sulle Dolomiti con qualche velatura nel pomeriggio; ingresso di aria fredda ed umida da est con nubi basse stratiformi sulle Prealpi con cielo per lo pi\u00f9 nuvoloso.<br \/>\n<b>Precipitazioni: <\/b>Non escluse debolissime precipitazioni su Prealpi specie veronesi e vicentine, eventualmente con qualche fiocco a 600\/800 m. (30-40%)<br \/>\n<b>Temperature: <\/b>Decisamente pi\u00f9 freddo a tutte le quote con ulteriore generale diminuzione delle temperature, specie nei valori massimi con debole escursione termica su Prealpi. Su Prealpi a 1500 m min -4\u00b0C max -3\u00b0C, a 2000 m min -6\u00b0C max -5\u00b0C. Su Dolomiti a 2000 m min -6\u00b0C max -5\u00b0C, a 3000 m min -7 \u00b0C max -5 \u00b0C.<br \/>\n<b>Venti: <\/b>Venti moderati da nord-ovest in quota, a tratti tesi sulle vette pi\u00f9 alte nottetempo; perlopi\u00f9 deboli di direzione variabile nelle valli. a 5-15 km\/h a 2000 m e 15-25 km\/h a 3000 m.<\/p>\n<hr \/>\n<p><center><b>Mercoledi 22<\/b><\/center>Sulle Dolomiti sereno con ottima visibilit\u00e0, su Prealpi residue nubi basse stratiformi fino al primo mattino poi generalmente sereno o poco nuvoloso. In serata nubi alte in arrivo su Dolomiti. Precipitazioni assenti. Venti in quota deboli o moderati da Nordovest, deboli variabili nelle valli. Temperature stazionarie o in lieve calo in alta quota.<\/p>\n<hr \/>\n<p><center><b>Giovedi 23<\/b><\/center>Irregolarmente nuvoloso al mattino anche per estese nubi basse su Prealpi, nel pomeriggio maggiori schiarite specie su Dolomiti mentre su Prealpi potranno insistere nubi basse. Dalla sera generale aumento della nuvolosit\u00e0 ovunque. Precipitazioni generalmente assenti, dalla serata aumento della probabilit\u00e0 di debolissime precipitazioni su Prealpi occidentali. Temperature pressoch\u00e8 stazionarie o in lieve aumento in quota e le minime nelle valli. Previsore: DDL<\/p>\n<p>&nbsp;<\/p>\n<hr \/>\n<p>&nbsp;<\/p>\n<div class=\"mkdf-post-text\">\n<div class=\"mkdf-post-text-inner\">\n<p><a href=\"https:\/\/www.radiopiu.net\/wordpress\/giornale-radiopiu-15-settembre-2018-direttore-mirko-mezzacasa\/sport-7\/\" rel=\"attachment wp-att-60761\"><img loading=\"lazy\" decoding=\"async\" class=\"wp-image-60761 size-full aligncenter\" src=\"https:\/\/www.radiopiu.net\/wordpress\/wp-content\/uploads\/2018\/09\/sport.jpg\" alt=\"\" width=\"800\" height=\"100\" srcset=\"https:\/\/www.radiopiu.net\/wordpress\/wp-content\/uploads\/2018\/09\/sport.jpg 800w, https:\/\/www.radiopiu.net\/wordpress\/wp-content\/uploads\/2018\/09\/sport-300x38.jpg 300w, https:\/\/www.radiopiu.net\/wordpress\/wp-content\/uploads\/2018\/09\/sport-768x96.jpg 768w\" sizes=\"auto, (max-width: 800px) 100vw, 800px\" \/><\/a><\/p>\n<\/div>\n<\/div>\n<p><span style=\"color: #0000ff;\"><strong>\u00a0<\/strong><\/span><\/p>\n<p><span style=\"color: #0000ff;\"><strong>CALCIO<\/strong><\/span><\/p>\n<blockquote>\n<h3>IL 2021 SI CHIUDE CON DUE SCONFITTE PER AGORDINA E KERALPEN<\/h3>\n<\/blockquote>\n<p><strong><a href=\"https:\/\/www.radiopiu.net\/wordpress\/i-presidenti-delle-squadre-di-seconda-categoria-girone-r-sul-piede-di-guerra-chiedono-un-incontro-urgente-con-lnd-e-ulss\/calcio-2020-2\/\" rel=\"attachment wp-att-162226\"><img loading=\"lazy\" decoding=\"async\" class=\"size-medium wp-image-162226 alignleft\" src=\"https:\/\/www.radiopiu.net\/wordpress\/wp-content\/uploads\/2020\/09\/calcio-2020-300x169.jpg\" alt=\"\" width=\"300\" height=\"169\" srcset=\"https:\/\/www.radiopiu.net\/wordpress\/wp-content\/uploads\/2020\/09\/calcio-2020-300x169.jpg 300w, https:\/\/www.radiopiu.net\/wordpress\/wp-content\/uploads\/2020\/09\/calcio-2020-1024x576.jpg 1024w, https:\/\/www.radiopiu.net\/wordpress\/wp-content\/uploads\/2020\/09\/calcio-2020-768x432.jpg 768w, https:\/\/www.radiopiu.net\/wordpress\/wp-content\/uploads\/2020\/09\/calcio-2020-1536x864.jpg 1536w, https:\/\/www.radiopiu.net\/wordpress\/wp-content\/uploads\/2020\/09\/calcio-2020-640x360.jpg 640w, https:\/\/www.radiopiu.net\/wordpress\/wp-content\/uploads\/2020\/09\/calcio-2020.jpg 1920w\" sizes=\"auto, (max-width: 300px) 100vw, 300px\" \/><\/a>SECONDA CATEGORIA GIR. <\/strong><strong>T \/ CASTION \u2013 AGORDINA 4-1 (Gol Agordina: Paganin)<\/strong><\/p>\n<p>Si chiude nel peggiore dei modi il 2021 dell\u2019Agordina di Lorenzi. I ragazzi di Agordo tornano da Castion con in tasca una brutta sconfitta e una prestazione da dimenticare. La squadra agordina non riesce ad imporsi di fronte ad una compagine di bassa classifica che ha approfittato degli errori in fase difensiva degli avversari per conquistare i 3 punti in palio. Ora 15 giorni di stop per le festivit\u00e0 natalizie, una pausa per riordinare le idee e riprendere il campionato nel 2022 con l\u2019obbiettivo salvezza da raggiungere il prima possibile. Il Castion subito in vantaggio. A sbloccare la gara ci pensa Vedana dopo 5\u2019. Accusa il colpo la squadra di Lorenzi che subito dopo subisce la seconda marcatura della giornata. Questa volta a battere il portiere agordino ci pensa Da Rold. L\u2019Agordina ha la possibilit\u00e0 di accorciare poco dopo quando l\u2019arbitro concede un rigore ma Paganin sbaglia dagli 11 metri. I ritmi della partita si abbassano e l\u2019Agordina prova a reagire ma non riesce ad accorciare. Nel secondo tempo il Castion mette a segno la terza marcatura. Errore in fase difensiva e difensore di Agordo che devia il pallone in fondo al sacco. Si abbassano di nuovo i ritmi e la squadra di Lorenzi incomincia ad innervosirsi. Paganin trova il gol del 3 a 1 ma il Castion cala il poker subito dopo con Godi.<\/p>\n<p>&nbsp;<\/p>\n<p><strong>GIOVANISSIMI PROVINCIALI \/ AGORDINA \u2013 PAUSA INVERNALE<\/strong><\/p>\n<p><strong>\u00a0<\/strong><\/p>\n<p><strong>ALLIEVI REGIONALI \/ DOLOMITI ACADEMY \u2013 AGORDINA 2-1<\/strong><\/p>\n<p>Il derby bellunese del Campionato Allievi Regionali va al Dolomiti Academy. L\u2019Agordina perde di misura e chiude il 2021 con una sconfitta e il penultimo posto in classifica. Una prima parte di campionato da dimenticare per i ragazzi di Agordo che dopo 13 partite racimolano solo 6 punti. Tornando alla partita la squadra bellunese si porta in vantaggio per 2 a 0 ma l\u2019Agordina riesce solo ad accorciare le distanze con Mezzacasa. Ora la pausa natalizia poi si torner\u00e0 a giocare per cercare di guadagnare una posizione buona a fine campionato.<\/p>\n<p>&nbsp;<\/p>\n<p><strong>JUNIORES REGIONALI \/ ARDITA BRAYDA \u2013 AGORDINA 2-2<\/strong><\/p>\n<p>Termina con un pareggio la sfida in terra trevigiana delle Juniore dell\u2019Agordina che non va oltre il 2-2 sul campo difficile di Pero di Breda. Al 15\u2019 sono i padroni di casa a passare in vantaggio sfruttando un lancio profondo che scavalca Selle e permette a Matteo Daniel di segnare l\u20191-0. Nel primo tempo la partita \u00e8 dura e con tanti falli e al 40\u2019 l\u2019Ardita Breda sfiora il doppio vantaggio con una traversa su punizione. Nel secondo tempo l\u2019Agordina riesce a spingere di pi\u00f9 in zona offensiva e al 14\u2019 sigla il pareggio da palla ferma: Francesco Ren devia il pallone in porta dopo il cross da calcio d\u2019angolo. Vantaggio agordino firmato Matthias Marcon che segna al 24\u2019 dopo l\u2019uno due con Daniele Fa\u00e8 in area. \u00a0Il pareggio torna di moda al 28\u2019, quando Matteo Daniel firma la sua doppietta personale sfruttando un cross sul secondo palo incrociando al volo. L\u2019Agordina continua a macinare fino alla fine, mentre l\u2019Ardita Breda preferisce colpire in contropiede, ma i due attacchi non riusciranno pi\u00f9 ad essere incisivi. 2-2, dunque, il risultato finale che concede all\u2019Agordina di allungare a 3, la striscia positiva di risultati utili consecutivi.<\/p>\n<p>&nbsp;<\/p>\n<p><strong>JUNIORES PROVINCIALI \/ FIORI BARP \u2013 PAUSA INVERNALE<\/strong><\/p>\n<p><strong>\u00a0<\/strong><\/p>\n<p><strong>ECCELLENZA FEMMINILE \/ VILLORBA \u2013 KERALPEN 5-1 (Gol Keralpen: Ceren\u00e0)<\/strong><\/p>\n<p>Dopo un ruolino di vittorie consecutive, il Keralpen si deve arrendere alla capolista Villorba. La squadra trevigiana incamera tre punti dopo una sfida dominata dall\u2019inizio alla fine. Nonostante tutto le ragazze di Belluno hanno giocato bene contro una corazzata che non ha sbagliato un colpo finora. Il Villorba passa subito in vantaggio con Foltran e raddoppia pochi minuti dopo grazie a Tomaselli. Il Keralpen accorcia le distanze al primo errore in fase difensiva delle trevigiane. A mettere la firma sul primo gol bellunese \u00e8 Ceren\u00e0 che con una rovesciata batte il portiere avversario Un fulmine a ciel sereno perch\u00e9 le padrone di casa mettono le cose in chiaro calando il poker con Granello e Sandi. Nel secondo tempo il Villorba cala il ritmo ma ad essere protagonista \u00e8 il clima. Sul campo della trevigiana cala una nebbia fitta che mette in difficolt\u00e0 entrambe le formazioni. Le occasioni stentano ad arrivare e la partita si chiude definitivamente a pochi minuti dal termine con il quinto sigillo delle padrone di casa.<\/p>\n<p>&nbsp;<\/p>\n<hr \/>\n<p>&nbsp;<\/p>\n<p><span style=\"color: #0000ff;\"><strong>HOCKEY SU GHIACCIO<\/strong><\/span><\/p>\n<blockquote>\n<h3>UNA BELLA PROVA NON BASTA ALLE CIVETTE PER BATTERE IL CALDARO<\/h3>\n<\/blockquote>\n<p><strong><a href=\"https:\/\/www.radiopiu.net\/wordpress\/lalleghe-a-cavalese-per-continuare-la-striscia-positiva-di-vittorie\/alleghe-hockey-1\/\" rel=\"attachment wp-att-247056\"><img loading=\"lazy\" decoding=\"async\" class=\"size-medium wp-image-247056 alignleft\" src=\"https:\/\/www.radiopiu.net\/wordpress\/wp-content\/uploads\/2021\/12\/ALLEGHE-HOCKEY-1-300x200.jpg\" alt=\"\" width=\"300\" height=\"200\" srcset=\"https:\/\/www.radiopiu.net\/wordpress\/wp-content\/uploads\/2021\/12\/ALLEGHE-HOCKEY-1-300x200.jpg 300w, https:\/\/www.radiopiu.net\/wordpress\/wp-content\/uploads\/2021\/12\/ALLEGHE-HOCKEY-1-768x511.jpg 768w, https:\/\/www.radiopiu.net\/wordpress\/wp-content\/uploads\/2021\/12\/ALLEGHE-HOCKEY-1.jpg 1000w\" sizes=\"auto, (max-width: 300px) 100vw, 300px\" \/><\/a>CALDARO \u2013 ALLEGHE 5-3<\/strong><\/p>\n<p>PARZIALI: 1-2, 2-1, 2-0<\/p>\n<p>GOL: pt. 9\u201927\u201d De Don\u00e0, 13\u201910\u201d De Toni, 16\u201917\u201d De Val. st. 8\u201941\u201d Berger, 10\u201923\u201d M. Felderer, 15\u201943\u201d R. Felderer. Tt. 12\u201925\u201d R. Felderer. 19\u201915\u201d De Don\u00e0<\/p>\n<p>&nbsp;<\/p>\n<p>Il Caldaro incamera tre punti dopo una partita giocata alla pari contro l\u2019Alleghe. Le civette restano a bocca asciutta dopo una bellissima prova in terra altoatesina. Gli agordini vanno sotto, recuperano, passano in vantaggio, si fanno riprendere e poi perdono la partita per un\u2019ingenuit\u00e0 in fase difensiva che regala ai padroni di casa la posta in palio. Escono dal campo a testa alta i ragazzi di Fontana ed ora si prepareranno per una settimana di fuoco con tre partite in 7 giorni che decideranno la classifica della regoular season. Parte bene la squadra agordina che gi\u00e0 nei primi minuti sembra avere una marcia in pi\u00f9 rispetto al Caldaro. Giolai ci prova ma la sua conclusione termina fuori di poco. Lo stesso fa anche Milos Ganz ma ancora una volta il tiro non centra i pali. Gli altoatesini vanno a segno alla prima vera azione da gol della serata. A sbloccare il punteggio ci pensa De Don\u00e0. Non si fa attendere la risposta delle civette che pareggia i conti con una bella conclusione di De Toni. La partita \u00e8 piacevole e le squadre lottano su ogni disco. A 3\u2019 dal termine del primo tempo De Val trova la rete del vantaggio alleghese. Nel secondo drittel l\u2019Alleghe continua a spingere ma anche gli altoatesini non sono da meno. Il gioco \u00e8 veloce e piacevole. Gli agordini trovano la terza rete della serata ma il Caldaro accorcia con Michael Felderer pochi minuti dopo. Giolai termina in panca puniti e i padroni di casa pareggiano i conti dopo soli 5\u201d. A beffare Scola ci pensa Raphael Felderer con un siluro dalla distanza. Non se le mandano a dire le due compagini che continuano a spingere per portarsi di nuovo in vantaggio. Nel terzo parziale la storia non cambia e le squadre giocano a viso aperto. Biancorossi che sfiorano il vantaggio ma il Caldaro non resta a guardare e mette alla prova Scola. La fatica inizia a farsi sentire e gli errori non mancano da entrambi i lati. Uno svarione difensivo alleghese concede ai padroni di casa di passare in vantaggio. A sfruttare al meglio l\u2019occasione \u00e8 Raphael Felderer che solo davanti al golie agordino non sbaglia. Nel finale di gara \u00e8 un assedio delle civette che per\u00f2 non riescono a pareggiare i conti. I lucci chiudono la sfida con la rete a porta vuota a pochi secondi dal termine.<\/p>\n<p>&nbsp;<\/p>\n<blockquote>\n<h3>CINQUE SU CINQUE PER LA NAZIONALE UNDER 20<\/h3>\n<\/blockquote>\n<p class=\"null\"><a href=\"https:\/\/www.radiopiu.net\/wordpress\/giornale-radiopiu-20-dicembre-2021-direttore-mirko-mezzacasa\/25015376-b962-d51a-f350-39eb665bcc18\/\" rel=\"attachment wp-att-249267\"><img loading=\"lazy\" decoding=\"async\" class=\" wp-image-249267 alignleft\" src=\"https:\/\/www.radiopiu.net\/wordpress\/wp-content\/uploads\/2021\/12\/25015376-b962-d51a-f350-39eb665bcc18-300x200.jpg\" alt=\"\" width=\"279\" height=\"186\" srcset=\"https:\/\/www.radiopiu.net\/wordpress\/wp-content\/uploads\/2021\/12\/25015376-b962-d51a-f350-39eb665bcc18-300x200.jpg 300w, https:\/\/www.radiopiu.net\/wordpress\/wp-content\/uploads\/2021\/12\/25015376-b962-d51a-f350-39eb665bcc18-1024x683.jpg 1024w, https:\/\/www.radiopiu.net\/wordpress\/wp-content\/uploads\/2021\/12\/25015376-b962-d51a-f350-39eb665bcc18-768x512.jpg 768w, https:\/\/www.radiopiu.net\/wordpress\/wp-content\/uploads\/2021\/12\/25015376-b962-d51a-f350-39eb665bcc18-1536x1024.jpg 1536w, https:\/\/www.radiopiu.net\/wordpress\/wp-content\/uploads\/2021\/12\/25015376-b962-d51a-f350-39eb665bcc18-2048x1365.jpg 2048w\" sizes=\"auto, (max-width: 279px) 100vw, 279px\" \/><\/a>L\u2019Italia under 20 di hockey su ghiaccio chiude a punteggio pieno il Mondiale di Seconda Divisione Gruppo A di Brasov, in Romania. Dopo la matematica promozione in Prima Divisione ottenuta venerd\u00ec grazie alla vittoria 5-1 contro la Corea del Sud e alla sconfitta (4-3) della Gran Bretagna contro la Romania, gli azzurri chiudono al meglio il torneo sconfiggendo 3-2 proprio la Gran Bretagna nell\u2019ultimo match in programma. Di Leo Messner, Jakob Prast e Moritz Kaufmann le reti dell\u2019Italia, con i due portieri Damian Clara e Carlo Muraro che si sono alternati a difesa della gabbia. 15 punti in 5 partite, 22 gol fatti e 4 subiti con miglior attacco e migliordifesa del torneo, oltre a power-play pi\u00f9 produttivo (28%) e penalty-killing pi\u00f9 incisivo (89,29%) di tutto il Mondiale.<\/p>\n<p>&nbsp;<\/p>\n<hr \/>\n<p>&nbsp;<\/p>\n<p><span style=\"color: #0000ff;\"><strong>SNOWBOARD<\/strong><\/span><\/p>\n<blockquote>\n<h3>SI CHIUDE CON UN UNDICESIMO POSTO LA GARA DI LUCIA DALMASSO A CORTINA<\/h3>\n<\/blockquote>\n<p><strong><a href=\"https:\/\/www.radiopiu.net\/wordpress\/si-chiude-con-un-undicesimo-posto-la-gara-di-lucia-dalmasso-a-cortina\/lucia-dal-masso\/\" rel=\"attachment wp-att-249150\"><img loading=\"lazy\" decoding=\"async\" class=\" wp-image-249150 alignleft\" src=\"https:\/\/www.radiopiu.net\/wordpress\/wp-content\/uploads\/2021\/12\/LUCIA-DAL-MASSO-225x300.jpg\" alt=\"\" width=\"201\" height=\"268\" srcset=\"https:\/\/www.radiopiu.net\/wordpress\/wp-content\/uploads\/2021\/12\/LUCIA-DAL-MASSO-225x300.jpg 225w, https:\/\/www.radiopiu.net\/wordpress\/wp-content\/uploads\/2021\/12\/LUCIA-DAL-MASSO-768x1024.jpg 768w, https:\/\/www.radiopiu.net\/wordpress\/wp-content\/uploads\/2021\/12\/LUCIA-DAL-MASSO-1152x1536.jpg 1152w, https:\/\/www.radiopiu.net\/wordpress\/wp-content\/uploads\/2021\/12\/LUCIA-DAL-MASSO.jpg 1536w\" sizes=\"auto, (max-width: 201px) 100vw, 201px\" \/><\/a> <\/strong><\/p>\n<p><strong>\u00a0<\/strong><\/p>\n<p><strong>CORTINA<\/strong> Il primo sorriso mondiale di Lucia Dalmasso nella stagione 2021-2022 \u00e8 arrivato nel parallelo gigante a Cortina d\u2019Ampezzo, a due passi dalla sua Falcade. La 24enne azzurra sapeva che le nevi di casa le avrebbero portato fortuna e la qualifica alle finals, dove per\u00f2 si \u00e8 fermata agli ottavi. Nelle qualifiche del pomeriggio si \u00e8 subito distinta nella second run che nel computo totale con 1.21.60 delle due run le \u00e8 valsa l\u2019undicesima posizione. Nelle finals della sera, dove conta solo il fiato sul collo dell&#8217;avversario, nel primo round degli ottavi con la svizzera Jenny, Lucia ha perso proprio nel piano finale lasciando 16 centesimi all&#8217;avversaria, confermando l&#8217;11a posizione finale. Certo, non c&#8217;\u00e8 la soddisfazione di aver proseguito ai quarti ma il cammino \u00e8 quello giusto. Prossimo appuntamento l&#8217;8 gennaio in Svizzera a Scuol. A tifarla in pista, gli amici, i parenti e il suo Sponsor Promo Falcade.<\/p>\n<p>&nbsp;<\/p>\n<p>&nbsp;<\/p>\n<p>&nbsp;<\/p>\n<hr \/>\n<p>&nbsp;<\/p>\n<p><span style=\"color: #0000ff;\"><strong>PALLAVOLO FEMMINILE<\/strong><\/span><\/p>\n<blockquote>\n<h3>LA PALLAVOLO BELLUNO CROLLA CONTRO LA SYNERGY<\/h3>\n<\/blockquote>\n<p><strong><a href=\"https:\/\/www.radiopiu.net\/wordpress\/giornale-radiopiu-20-dicembre-2021-direttore-mirko-mezzacasa\/lupe_schierate_sul_parquet\/\" rel=\"attachment wp-att-249154\"><img loading=\"lazy\" decoding=\"async\" class=\"size-medium wp-image-249154 alignleft\" src=\"https:\/\/www.radiopiu.net\/wordpress\/wp-content\/uploads\/2021\/12\/Lupe_schierate_sul_parquet-300x137.jpg\" alt=\"\" width=\"300\" height=\"137\" srcset=\"https:\/\/www.radiopiu.net\/wordpress\/wp-content\/uploads\/2021\/12\/Lupe_schierate_sul_parquet-300x137.jpg 300w, https:\/\/www.radiopiu.net\/wordpress\/wp-content\/uploads\/2021\/12\/Lupe_schierate_sul_parquet-1024x469.jpg 1024w, https:\/\/www.radiopiu.net\/wordpress\/wp-content\/uploads\/2021\/12\/Lupe_schierate_sul_parquet-768x351.jpg 768w, https:\/\/www.radiopiu.net\/wordpress\/wp-content\/uploads\/2021\/12\/Lupe_schierate_sul_parquet-1536x703.jpg 1536w, https:\/\/www.radiopiu.net\/wordpress\/wp-content\/uploads\/2021\/12\/Lupe_schierate_sul_parquet.jpg 1908w\" sizes=\"auto, (max-width: 300px) 100vw, 300px\" \/><\/a>SYNERGY VENEZIA-PALLAVOLO BELLUNO 3-0 (25-18, 25-13, 25-11)<\/strong><\/p>\n<p>La stanchezza inizia a farsi sentire. Ed era quasi inevitabile, se si considera che la Pallavolo Belluno femminile ha giocato 8 su partite su 9 in trasferta. E con un organico sempre molto ristretto: a San Pietro di Stra mancava Miriana Casagrande, come il sabato precedente. E le atlete a disposizione erano solo nove. Cos\u00ec, \u00e8 arrivata una sconfitta in tre set, e nell\u2019arco di un\u2019oretta di gioco, al cospetto di una delle formazioni pi\u00f9 in forma del momento: il Synergy Venezia.<span class=\"gmail-Apple-converted-space\">\u00a0<\/span>Ora il campionato femminile di B2 va in letargo per la pausa natalizia e ripartir\u00e0 sabato 8 gennaio (ore 18.30), quando le bellunesi si esibiranno di fronte al pubblico amico del palasport De Mas contro la Villadies Farmaderbe di Villa Vicentina.<\/p>\n<p>&nbsp;<\/p>\n<blockquote>\n<h3>IL VOLLEY CLUB AGORDINO CONTINUA A VINCERE<\/h3>\n<\/blockquote>\n<p><strong><a href=\"https:\/\/www.radiopiu.net\/wordpress\/il-volley-club-agordino-vince-e-si-aggiudica-il-primato-in-classifica\/volley-club-agordino-2021\/\" rel=\"attachment wp-att-248367\"><img loading=\"lazy\" decoding=\"async\" class=\" wp-image-248367 alignleft\" src=\"https:\/\/www.radiopiu.net\/wordpress\/wp-content\/uploads\/2021\/12\/VOLLEY-CLUB-AGORDINO-2021-300x204.jpg\" alt=\"\" width=\"251\" height=\"171\" srcset=\"https:\/\/www.radiopiu.net\/wordpress\/wp-content\/uploads\/2021\/12\/VOLLEY-CLUB-AGORDINO-2021-300x204.jpg 300w, https:\/\/www.radiopiu.net\/wordpress\/wp-content\/uploads\/2021\/12\/VOLLEY-CLUB-AGORDINO-2021-768x522.jpg 768w, https:\/\/www.radiopiu.net\/wordpress\/wp-content\/uploads\/2021\/12\/VOLLEY-CLUB-AGORDINO-2021.jpg 1024w\" sizes=\"auto, (max-width: 251px) 100vw, 251px\" \/><\/a>VOLLEY CLUB AGORDINO IMAP SEDICO 3-0 (25-17, 25-16, 25-16)<\/strong><\/p>\n<p>Ancora una vittoria per le ragazze di coach De Nardin che al PalaRova di Agordo superno senza intoppi l&#8217;Imap Sedico. Il Volley Club Agordino sembra essere in piena forma e rifila un secco 3 a 0 alle sedicensi. Tutto facile per le agordine che vincono il primo set con 8 punti di vantaggio. Seconda e terza frazione fotocopia con le ragazze di Agordo che chiudono la partita lasciando a bocca asciutta il Sedico. Volley Club Agordino che chiude il 2021 in testa alla classifica con 13 punti. Ora una lunga pausa di campionato e poi si ritorner\u00e0 in campo il 16 gennaio per la sfida in trasferta contro il Conegliano.<\/p>\n<p>&nbsp;<\/p>\n<hr \/>\n<p>&nbsp;<\/p>\n<p><span style=\"color: #0000ff;\"><strong>PALLAVOLO MASCHILE<\/strong><\/span><\/p>\n<blockquote>\n<h2><b>Il settimo tie-break stagionale avvicina il Belluno alla qualificazione in Coppa Italia\u00a0<\/b><\/h2>\n<\/blockquote>\n<p><b><a href=\"https:\/\/www.radiopiu.net\/wordpress\/giornale-radiopiu-20-dicembre-2021-direttore-mirko-mezzacasa\/mnjyoyo7\/\" rel=\"attachment wp-att-249296\"><img loading=\"lazy\" decoding=\"async\" class=\"wp-image-249296 alignleft\" src=\"https:\/\/www.radiopiu.net\/wordpress\/wp-content\/uploads\/2021\/12\/mnjyoyo7.bmp\" alt=\"\" width=\"370\" height=\"247\" \/><\/a>BELLUNO-PORTOMAGGIORE 2-3 <\/b><b>PARZIALI: <\/b>25-12, 21-25, 22-25, 25-23, 8-15. <b>DA ROLD LOGISTICS BELLUNO: <\/b>Maccabruni 3, De Santis 18, Graziani 13, Ostuzzi 18, Piazzetta 7, Mozzato 10; Martinez (L), Gionchetti. N.e. Paganin, Della Vecchia, Milani, Guolla, Pierobon (L). Allenatore: D. Poletto.\u00a0 <b>ARBITRI: <\/b>Antonio Mazzar\u00e0 e Davide Prati.<span class=\"gmail-Apple-converted-space\"> \u00a0<\/span><b>NOTE. <\/b>Spettatori 320. Durata set 20\u2019, 28\u2019, 26\u2019, 28\u2019, 14\u2019; totale 1h56\u2019. Belluno: battute sbagliate 16, vincenti 6, muri 9. Portomaggiore: b.s. 15, v. 11, m. 7.<span class=\"gmail-Apple-converted-space\">\u00a0<\/span><\/p>\n<p>Il destino al tie-break \u00e8 scolpito nella pietra. La qualificazione alla Coppa Italia di A3, quasi. Per la settima volta in 12 partite, un incontro della Da Rold Logistics Belluno ha il suo epilogo al quinto set. Ormai \u00e8 una costante. Solo che, dopo il colpaccio a San Don\u00e0 di Piave nel derby veneto, i rinoceronti devono arrendersi proprio sul pi\u00f9 bello al Sa.Ma. Portomaggiore, trascinato da due bocche da fuoco capaci di incendiare la partita: l\u2019opposto danese Dahl e la banda Pinali confezionano in tandem qualcosa come 42 punti. E la Coppa Italia? I bellunesi sono vicini, vicinissimi. Solo Fano, che ha una gara da recuperare, tiene ancora in sospeso il discorso qualificazione: se i marchigiani dovessero centrare l\u2019en-plein nelle prossime due sfide (una delle quali contro Macerata), e la Drl perdesse il match di Santo Stefano a Pordenone, potrebbe esserci il sorpasso. Ma lo scenario appare ardito. E l\u2019ottava piazza al termine del girone d\u2019andata \u00e8 a un soffio.<em><b> <\/b>\u00abDobbiamo pensare di portare via punti con chiunque &#8211; \u00e8 l\u2019analisi di coach Diego Poletto nel post partita &#8211; e lo abbiamo fatto. Anche contro una formazione costruita per l\u2019alta classifica. La qualit\u00e0 dei nostri avversari? \u00c8 emersa soprattutto nella fase break e al servizio: un fondamentale in cui la differenza si \u00e8 rivelata abissale. Il punto, in s\u00e9 e per s\u00e9, credo sia qualcosa di cui essere felici, anche se nel quinto parziale abbiamo mollato un po\u2019 troppo presto. Ed \u00e8 un peccato\u00bb.<span class=\"gmail-Apple-converted-space\">\u00a0<\/span><\/em><\/p>\n<p><b>\u00a0<\/b><\/p>\n<hr \/>\n<p>&nbsp;<\/p>\n<p><span style=\"color: #0000ff;\"><strong>ATLETICA<\/strong><\/span><\/p>\n<blockquote>\n<h3>OTTIMA PROVA DI GIORGIA ZAMON DEI 60 OSTACOLI INDOR<\/h3>\n<\/blockquote>\n<p><strong><a href=\"https:\/\/www.radiopiu.net\/wordpress\/giornale-radiopiu-20-dicembre-2021-direttore-mirko-mezzacasa\/zambon_giorgia_udine-indoor_b\/\" rel=\"attachment wp-att-249179\"><img loading=\"lazy\" decoding=\"async\" class=\"wp-image-249179 alignleft\" src=\"https:\/\/www.radiopiu.net\/wordpress\/wp-content\/uploads\/2021\/12\/Zambon_Giorgia_Udine-indoor_b-201x300.jpg\" alt=\"\" width=\"152\" height=\"227\" srcset=\"https:\/\/www.radiopiu.net\/wordpress\/wp-content\/uploads\/2021\/12\/Zambon_Giorgia_Udine-indoor_b-201x300.jpg 201w, https:\/\/www.radiopiu.net\/wordpress\/wp-content\/uploads\/2021\/12\/Zambon_Giorgia_Udine-indoor_b-686x1024.jpg 686w, https:\/\/www.radiopiu.net\/wordpress\/wp-content\/uploads\/2021\/12\/Zambon_Giorgia_Udine-indoor_b-768x1146.jpg 768w, https:\/\/www.radiopiu.net\/wordpress\/wp-content\/uploads\/2021\/12\/Zambon_Giorgia_Udine-indoor_b.jpg 789w\" sizes=\"auto, (max-width: 152px) 100vw, 152px\" \/><\/a>BORGO VALBELLUNA <\/strong>Era la prima indoor della sua vita e anche in questa occasione Giorgia Zambon ha confermato il talento che lo scorso ottobre l\u2019ha portata a vincere l\u2019argento negli 80 ostacoli ai campionati italiani cadette di Parma. Sabato, in una gara sul rettilineo coperto di Udine, la quindicenne di Borgo Valbelluna, in forza al Gs La Piave 2000, ha fermato il cronometro a 9\u201d13 nei 60 ostacoli, prestazione di tutto rispetto considerando che l\u2019allieva di Johnny Schievenin \u00e8 in piena preparazione per l\u2019inizio della nuova stagione agonistica, quando lascer\u00e0 la categoria cadette per diventare allieva. Da sottolineare che la pista di Borgo Valbelluna in questi giorni \u00e8 imbiancata dalla neve e le temperature che accompagnano gli allenamenti degli atleti del Gs La Piave 2000 sono particolarmente rigide. Non la situazione ideale per preparare una specialit\u00e0 tecnica come gli ostacoli. Dopo essersi imposta nella gara con barriere, Giorgia Zambon ha anche corso i 60 piani, realizzando il secondo tempo delle batterie con 8\u201d26. Poi ha rinunciato alla finale. Il ritorno in pista per la promettente atleta del Gs La Piave 2000 avverr\u00e0 tra l\u20198 e il 9 gennaio, in concomitanza con l\u2019inizio della stagione al Palaindoor di Padova.<\/p>\n<p>&nbsp;<\/p>\n<p>&nbsp;<\/p>\n<hr \/>\n<p>&nbsp;<\/p>\n<p><span style=\"color: #0000ff;\"><strong>MOTORI<\/strong><\/span><\/p>\n<blockquote>\n<h3>ALLA TRE CIME PROMOTOR SI TIRANO I CONTI DELLA STAGIONE APPENA CONCLUSA<\/h3>\n<\/blockquote>\n<p><strong>BELLUNO<\/strong><\/p>\n<p>di Roberto Bona<\/p>\n<audio class=\"wp-audio-shortcode\" id=\"audio-249063-14\" preload=\"none\" style=\"width: 100%;\" controls=\"controls\"><source type=\"audio\/mpeg\" src=\"https:\/\/www.radiopiu.net\/wordpress\/wp-content\/uploads\/2021\/12\/ROBERTO-BONA-SITO.mp3?_=14\" \/><a href=\"https:\/\/www.radiopiu.net\/wordpress\/wp-content\/uploads\/2021\/12\/ROBERTO-BONA-SITO.mp3\">https:\/\/www.radiopiu.net\/wordpress\/wp-content\/uploads\/2021\/12\/ROBERTO-BONA-SITO.mp3<\/a><\/audio>\n<p>&nbsp;<\/p>\n\n\t\t\t<style type='text\/css'>\n\t\t\t\t#gallery-6 {\n\t\t\t\t\tmargin: auto;\n\t\t\t\t}\n\t\t\t\t#gallery-6 .gallery-item {\n\t\t\t\t\tfloat: left;\n\t\t\t\t\tmargin-top: 10px;\n\t\t\t\t\ttext-align: center;\n\t\t\t\t\twidth: 33%;\n\t\t\t\t}\n\t\t\t\t#gallery-6 img {\n\t\t\t\t\tborder: 2px solid #cfcfcf;\n\t\t\t\t}\n\t\t\t\t#gallery-6 .gallery-caption {\n\t\t\t\t\tmargin-left: 0;\n\t\t\t\t}\n\t\t\t\t\/* see gallery_shortcode() in wp-includes\/media.php *\/\n\t\t\t<\/style>\n\t\t<div id='gallery-6' class='dt-gallery-container gallery galleryid-249063 gallery-columns-3 gallery-size-medium'><dl class='gallery-item'>\n\t\t\t\t<dt class='gallery-icon landscape'>\n\t\t\t\t\t<a class=\"rollover rollover-zoom dt-pswp-item\" title=\"214\" data-dt-img-description=\"\" data-large_image_width=\"1100\" data-large_image_height=\"733\"href='https:\/\/www.radiopiu.net\/wordpress\/wp-content\/uploads\/2021\/12\/214.jpg'><img loading=\"lazy\" decoding=\"async\" width=\"300\" height=\"200\" src=\"https:\/\/www.radiopiu.net\/wordpress\/wp-content\/uploads\/2021\/12\/214-300x200.jpg\" class=\"attachment-medium size-medium\" alt=\"\" srcset=\"https:\/\/www.radiopiu.net\/wordpress\/wp-content\/uploads\/2021\/12\/214-300x200.jpg 300w, https:\/\/www.radiopiu.net\/wordpress\/wp-content\/uploads\/2021\/12\/214-1024x682.jpg 1024w, https:\/\/www.radiopiu.net\/wordpress\/wp-content\/uploads\/2021\/12\/214-768x512.jpg 768w, https:\/\/www.radiopiu.net\/wordpress\/wp-content\/uploads\/2021\/12\/214.jpg 1100w\" sizes=\"auto, (max-width: 300px) 100vw, 300px\" \/><\/a>\n\t\t\t\t<\/dt><\/dl><dl class='gallery-item'>\n\t\t\t\t<dt class='gallery-icon landscape'>\n\t\t\t\t\t<a class=\"rollover rollover-zoom dt-pswp-item\" title=\"DSC_8418\" data-dt-img-description=\"\" data-large_image_width=\"1100\" data-large_image_height=\"733\"href='https:\/\/www.radiopiu.net\/wordpress\/wp-content\/uploads\/2021\/12\/DSC_8418.jpg'><img loading=\"lazy\" decoding=\"async\" width=\"300\" height=\"200\" src=\"https:\/\/www.radiopiu.net\/wordpress\/wp-content\/uploads\/2021\/12\/DSC_8418-300x200.jpg\" class=\"attachment-medium size-medium\" alt=\"\" srcset=\"https:\/\/www.radiopiu.net\/wordpress\/wp-content\/uploads\/2021\/12\/DSC_8418-300x200.jpg 300w, https:\/\/www.radiopiu.net\/wordpress\/wp-content\/uploads\/2021\/12\/DSC_8418-1024x682.jpg 1024w, https:\/\/www.radiopiu.net\/wordpress\/wp-content\/uploads\/2021\/12\/DSC_8418-768x512.jpg 768w, https:\/\/www.radiopiu.net\/wordpress\/wp-content\/uploads\/2021\/12\/DSC_8418.jpg 1100w\" sizes=\"auto, (max-width: 300px) 100vw, 300px\" \/><\/a>\n\t\t\t\t<\/dt><\/dl><dl class='gallery-item'>\n\t\t\t\t<dt class='gallery-icon landscape'>\n\t\t\t\t\t<a class=\"rollover rollover-zoom dt-pswp-item\" title=\"image00001\" data-dt-img-description=\"\" data-large_image_width=\"2560\" data-large_image_height=\"2560\"href='https:\/\/www.radiopiu.net\/wordpress\/wp-content\/uploads\/2021\/12\/image00001-scaled.jpeg'><img loading=\"lazy\" decoding=\"async\" width=\"300\" height=\"300\" src=\"https:\/\/www.radiopiu.net\/wordpress\/wp-content\/uploads\/2021\/12\/image00001-300x300.jpeg\" class=\"attachment-medium size-medium\" alt=\"\" srcset=\"https:\/\/www.radiopiu.net\/wordpress\/wp-content\/uploads\/2021\/12\/image00001-300x300.jpeg 300w, https:\/\/www.radiopiu.net\/wordpress\/wp-content\/uploads\/2021\/12\/image00001-1024x1024.jpeg 1024w, https:\/\/www.radiopiu.net\/wordpress\/wp-content\/uploads\/2021\/12\/image00001-150x150.jpeg 150w, https:\/\/www.radiopiu.net\/wordpress\/wp-content\/uploads\/2021\/12\/image00001-768x768.jpeg 768w, https:\/\/www.radiopiu.net\/wordpress\/wp-content\/uploads\/2021\/12\/image00001-1536x1536.jpeg 1536w, https:\/\/www.radiopiu.net\/wordpress\/wp-content\/uploads\/2021\/12\/image00001-2048x2048.jpeg 2048w\" sizes=\"auto, (max-width: 300px) 100vw, 300px\" \/><\/a>\n\t\t\t\t<\/dt><\/dl><br style=\"clear: both\" \/>\n\t\t\t<\/div>\n\n<p>&nbsp;<\/p>\n<p>&nbsp;<\/p>\n","protected":false},"excerpt":{"rendered":"<p>INFORMAZIONE il canale su TELEGRAM informazione di prima mano e in tempo reale. iscriviti ed aiutaci a farlo conoscere\u00a0 E&#8217; CAMBIATO IL COLORE, DA BIANCO A GIALLO. NESSUN LIMITE PER GLI SPOSTAMENTI E PER LE ATTIVITA&#8217; COMMERCIALI. LA NOVITA&#8217; E&#8217; LA MASCHERINA DA PORTARE SEMPRE, ANCHE ALL&#8217;APERTO: Al di fuori dell&#8217;abitazione, \u00e8 obbligatorio l&#8217;uso corretto&hellip;<\/p>\n","protected":false},"author":4,"featured_media":249303,"comment_status":"closed","ping_status":"open","sticky":false,"template":"","format":"standard","meta":{"_monsterinsights_skip_tracking":false,"_monsterinsights_sitenote_active":false,"_monsterinsights_sitenote_note":"","_monsterinsights_sitenote_category":0,"footnotes":""},"categories":[104,86,49],"tags":[],"class_list":["post-249063","post","type-post","status-publish","format-standard","has-post-thumbnail","hentry","category-evidenza_3","category-gr","category-news-18","category-104","category-86","category-49","description-off"],"img_url":"https:\/\/www.radiopiu.net\/wordpress\/wp-content\/uploads\/2021\/12\/6fa33f96-6aae-4b82-a578-9229a1e56f38.jpg","_links":{"self":[{"href":"https:\/\/www.radiopiu.net\/wordpress\/wp-json\/wp\/v2\/posts\/249063","targetHints":{"allow":["GET"]}}],"collection":[{"href":"https:\/\/www.radiopiu.net\/wordpress\/wp-json\/wp\/v2\/posts"}],"about":[{"href":"https:\/\/www.radiopiu.net\/wordpress\/wp-json\/wp\/v2\/types\/post"}],"author":[{"embeddable":true,"href":"https:\/\/www.radiopiu.net\/wordpress\/wp-json\/wp\/v2\/users\/4"}],"replies":[{"embeddable":true,"href":"https:\/\/www.radiopiu.net\/wordpress\/wp-json\/wp\/v2\/comments?post=249063"}],"version-history":[{"count":0,"href":"https:\/\/www.radiopiu.net\/wordpress\/wp-json\/wp\/v2\/posts\/249063\/revisions"}],"wp:featuredmedia":[{"embeddable":true,"href":"https:\/\/www.radiopiu.net\/wordpress\/wp-json\/wp\/v2\/media\/249303"}],"wp:attachment":[{"href":"https:\/\/www.radiopiu.net\/wordpress\/wp-json\/wp\/v2\/media?parent=249063"}],"wp:term":[{"taxonomy":"category","embeddable":true,"href":"https:\/\/www.radiopiu.net\/wordpress\/wp-json\/wp\/v2\/categories?post=249063"},{"taxonomy":"post_tag","embeddable":true,"href":"https:\/\/www.radiopiu.net\/wordpress\/wp-json\/wp\/v2\/tags?post=249063"}],"curies":[{"name":"wp","href":"https:\/\/api.w.org\/{rel}","templated":true}]}}