{"id":249137,"date":"2021-12-18T21:21:38","date_gmt":"2021-12-18T20:21:38","guid":{"rendered":"https:\/\/www.radiopiu.net\/wordpress\/?p=249137"},"modified":"2021-12-19T10:30:06","modified_gmt":"2021-12-19T09:30:06","slug":"scialpinista-non-rientrato-proseguono-domani-le-ricerche-in-alpago","status":"publish","type":"post","link":"https:\/\/www.radiopiu.net\/wordpress\/scialpinista-non-rientrato-proseguono-domani-le-ricerche-in-alpago\/","title":{"rendered":"SCIALPINISTA NON RIENTRATO: PROSEGUONO DOMANI LE RICERCHE IN ALPAGO"},"content":{"rendered":"<p><strong><a href=\"https:\/\/www.radiopiu.net\/wordpress\/giornale-radiopiu-19-agosto-2021-direttore-mirko-mezzacasa\/salt-1\/\" rel=\"attachment wp-att-228372\"><img loading=\"lazy\" decoding=\"async\" class=\"size-medium wp-image-228372 alignleft\" src=\"https:\/\/www.radiopiu.net\/wordpress\/wp-content\/uploads\/2021\/08\/salt-1-240x300.jpg\" alt=\"\" width=\"240\" height=\"300\" srcset=\"https:\/\/www.radiopiu.net\/wordpress\/wp-content\/uploads\/2021\/08\/salt-1-240x300.jpg 240w, https:\/\/www.radiopiu.net\/wordpress\/wp-content\/uploads\/2021\/08\/salt-1.jpg 768w\" sizes=\"auto, (max-width: 240px) 100vw, 240px\" \/><\/a>ALPAGO<\/strong> Riprenderanno domattina alle prime luci le ricerche di G.D.B., 47 anni, di Alpago (BL), lo scialpinista non rientrato oggi da un&#8217;uscita con le pelli. L&#8217;uomo, partito alle 7 e atteso per le 13 a casa, non \u00e8 pi\u00f9 tornato, la sua macchina \u00e8 ancora parcheggiata a Malga Pian Grant e il cellulare risulta non raggiungibile. Oggi le squadre del Soccorso alpino di Alpago e zone limitrofe, i Vigili del fuoco, il Sagf hanno percorso gli itinerari principali. L&#8217;elicottero del Suem di Pieve di Cadore, con a bordo personale del Soccorso alpino ha sorvolato a lungo la zona senza che nulla di nuovo emergesse. Il cellulare dell&#8217;uomo verso le 10 ha agganciato la cella del ripetitore di Susegana, che pu\u00f2 per\u00f2 indicare tutte le creste delle cime: Cornor, Cima Vacche, Guslon, Cimon di Palantina. Domattina le squadre ripartiranno con le perlustrazioni e sar\u00e0 inoltre presente l&#8217;elicottero della Guardia di finanza, mentre questa sera sono attesi i dronisti dei Vigili del fuoco.<\/p>\n<p>&nbsp;<\/p>\n<p>&nbsp;<\/p>\n<p>&nbsp;<\/p>\n<p>******<\/p>\n","protected":false},"excerpt":{"rendered":"<p>ALPAGO Riprenderanno domattina alle prime luci le ricerche di G.D.B., 47 anni, di Alpago (BL), lo scialpinista non rientrato oggi da un&#8217;uscita con le pelli. L&#8217;uomo, partito alle 7 e atteso per le 13 a casa, non \u00e8 pi\u00f9 tornato, la sua macchina \u00e8 ancora parcheggiata a Malga Pian Grant e il cellulare risulta non&hellip;<\/p>\n","protected":false},"author":4,"featured_media":228372,"comment_status":"closed","ping_status":"open","sticky":false,"template":"","format":"standard","meta":{"_monsterinsights_skip_tracking":false,"_monsterinsights_sitenote_active":false,"_monsterinsights_sitenote_note":"","_monsterinsights_sitenote_category":0,"footnotes":""},"categories":[49],"tags":[],"class_list":["post-249137","post","type-post","status-publish","format-standard","has-post-thumbnail","hentry","category-news-18","category-49","description-off"],"img_url":"https:\/\/www.radiopiu.net\/wordpress\/wp-content\/uploads\/2021\/08\/salt-1.jpg","_links":{"self":[{"href":"https:\/\/www.radiopiu.net\/wordpress\/wp-json\/wp\/v2\/posts\/249137","targetHints":{"allow":["GET"]}}],"collection":[{"href":"https:\/\/www.radiopiu.net\/wordpress\/wp-json\/wp\/v2\/posts"}],"about":[{"href":"https:\/\/www.radiopiu.net\/wordpress\/wp-json\/wp\/v2\/types\/post"}],"author":[{"embeddable":true,"href":"https:\/\/www.radiopiu.net\/wordpress\/wp-json\/wp\/v2\/users\/4"}],"replies":[{"embeddable":true,"href":"https:\/\/www.radiopiu.net\/wordpress\/wp-json\/wp\/v2\/comments?post=249137"}],"version-history":[{"count":0,"href":"https:\/\/www.radiopiu.net\/wordpress\/wp-json\/wp\/v2\/posts\/249137\/revisions"}],"wp:featuredmedia":[{"embeddable":true,"href":"https:\/\/www.radiopiu.net\/wordpress\/wp-json\/wp\/v2\/media\/228372"}],"wp:attachment":[{"href":"https:\/\/www.radiopiu.net\/wordpress\/wp-json\/wp\/v2\/media?parent=249137"}],"wp:term":[{"taxonomy":"category","embeddable":true,"href":"https:\/\/www.radiopiu.net\/wordpress\/wp-json\/wp\/v2\/categories?post=249137"},{"taxonomy":"post_tag","embeddable":true,"href":"https:\/\/www.radiopiu.net\/wordpress\/wp-json\/wp\/v2\/tags?post=249137"}],"curies":[{"name":"wp","href":"https:\/\/api.w.org\/{rel}","templated":true}]}}