{"id":249142,"date":"2021-12-19T10:30:11","date_gmt":"2021-12-19T09:30:11","guid":{"rendered":"https:\/\/www.radiopiu.net\/wordpress\/?p=249142"},"modified":"2021-12-20T05:41:03","modified_gmt":"2021-12-20T04:41:03","slug":"249142-2","status":"publish","type":"post","link":"https:\/\/www.radiopiu.net\/wordpress\/249142-2\/","title":{"rendered":"RIPRESE LE RICERCHE DI GIORGIO"},"content":{"rendered":"<p>Da ieri mattina non si hanno pi\u00f9 notizie di Giorgio De Bona che, dopo aver parcheggiato la sua auto a Malga Pian Grant in Alpago, \u00e8 partito per un&#8217;escursione di scialpinismo senza pi\u00f9 fare rientro. Invitiamo chiunque avesse potuto incrociarlo sui percorsi nei dintorni e sulle diverse cime per indicarci dove e a che ora. Eventuali segnalazioni al numero 3450926682<\/p>\n<p>&nbsp;<\/p>\n<p><a href=\"https:\/\/www.radiopiu.net\/wordpress\/249142-2\/img-20211218-wa0020\/\" rel=\"attachment wp-att-249143\"><img loading=\"lazy\" decoding=\"async\" class=\"alignnone size-medium wp-image-249143\" src=\"https:\/\/www.radiopiu.net\/wordpress\/wp-content\/uploads\/2021\/12\/IMG-20211218-WA0020-300x225.jpg\" alt=\"\" width=\"300\" height=\"225\" srcset=\"https:\/\/www.radiopiu.net\/wordpress\/wp-content\/uploads\/2021\/12\/IMG-20211218-WA0020-300x225.jpg 300w, https:\/\/www.radiopiu.net\/wordpress\/wp-content\/uploads\/2021\/12\/IMG-20211218-WA0020-1024x768.jpg 1024w, https:\/\/www.radiopiu.net\/wordpress\/wp-content\/uploads\/2021\/12\/IMG-20211218-WA0020-768x576.jpg 768w, https:\/\/www.radiopiu.net\/wordpress\/wp-content\/uploads\/2021\/12\/IMG-20211218-WA0020-1536x1152.jpg 1536w, https:\/\/www.radiopiu.net\/wordpress\/wp-content\/uploads\/2021\/12\/IMG-20211218-WA0020.jpg 1600w\" sizes=\"auto, (max-width: 300px) 100vw, 300px\" \/><\/a><\/p>\n","protected":false},"excerpt":{"rendered":"<p>Da ieri mattina non si hanno pi\u00f9 notizie di Giorgio De Bona che, dopo aver parcheggiato la sua auto a Malga Pian Grant in Alpago, \u00e8 partito per un&#8217;escursione di scialpinismo senza pi\u00f9 fare rientro. Invitiamo chiunque avesse potuto incrociarlo sui percorsi nei dintorni e sulle diverse cime per indicarci dove e a che ora.&hellip;<\/p>\n","protected":false},"author":4,"featured_media":249143,"comment_status":"closed","ping_status":"open","sticky":false,"template":"","format":"standard","meta":{"_monsterinsights_skip_tracking":false,"_monsterinsights_sitenote_active":false,"_monsterinsights_sitenote_note":"","_monsterinsights_sitenote_category":0,"footnotes":""},"categories":[49],"tags":[],"class_list":["post-249142","post","type-post","status-publish","format-standard","has-post-thumbnail","hentry","category-news-18","category-49","description-off"],"img_url":"https:\/\/www.radiopiu.net\/wordpress\/wp-content\/uploads\/2021\/12\/IMG-20211218-WA0020.jpg","_links":{"self":[{"href":"https:\/\/www.radiopiu.net\/wordpress\/wp-json\/wp\/v2\/posts\/249142","targetHints":{"allow":["GET"]}}],"collection":[{"href":"https:\/\/www.radiopiu.net\/wordpress\/wp-json\/wp\/v2\/posts"}],"about":[{"href":"https:\/\/www.radiopiu.net\/wordpress\/wp-json\/wp\/v2\/types\/post"}],"author":[{"embeddable":true,"href":"https:\/\/www.radiopiu.net\/wordpress\/wp-json\/wp\/v2\/users\/4"}],"replies":[{"embeddable":true,"href":"https:\/\/www.radiopiu.net\/wordpress\/wp-json\/wp\/v2\/comments?post=249142"}],"version-history":[{"count":0,"href":"https:\/\/www.radiopiu.net\/wordpress\/wp-json\/wp\/v2\/posts\/249142\/revisions"}],"wp:featuredmedia":[{"embeddable":true,"href":"https:\/\/www.radiopiu.net\/wordpress\/wp-json\/wp\/v2\/media\/249143"}],"wp:attachment":[{"href":"https:\/\/www.radiopiu.net\/wordpress\/wp-json\/wp\/v2\/media?parent=249142"}],"wp:term":[{"taxonomy":"category","embeddable":true,"href":"https:\/\/www.radiopiu.net\/wordpress\/wp-json\/wp\/v2\/categories?post=249142"},{"taxonomy":"post_tag","embeddable":true,"href":"https:\/\/www.radiopiu.net\/wordpress\/wp-json\/wp\/v2\/tags?post=249142"}],"curies":[{"name":"wp","href":"https:\/\/api.w.org\/{rel}","templated":true}]}}