{"id":249149,"date":"2021-12-19T09:48:53","date_gmt":"2021-12-19T08:48:53","guid":{"rendered":"https:\/\/www.radiopiu.net\/wordpress\/?p=249149"},"modified":"2021-12-19T10:28:38","modified_gmt":"2021-12-19T09:28:38","slug":"si-chiude-con-un-undicesimo-posto-la-gara-di-lucia-dalmasso-a-cortina","status":"publish","type":"post","link":"https:\/\/www.radiopiu.net\/wordpress\/si-chiude-con-un-undicesimo-posto-la-gara-di-lucia-dalmasso-a-cortina\/","title":{"rendered":"SI CHIUDE CON UN UNDICESIMO POSTO LA GARA DI LUCIA DALMASSO A CORTINA"},"content":{"rendered":"<p><strong><a href=\"https:\/\/www.radiopiu.net\/wordpress\/si-chiude-con-un-undicesimo-posto-la-gara-di-lucia-dalmasso-a-cortina\/lucia-dal-masso\/\" rel=\"attachment wp-att-249150\"><img loading=\"lazy\" decoding=\"async\" class=\" wp-image-249150 alignleft\" src=\"https:\/\/www.radiopiu.net\/wordpress\/wp-content\/uploads\/2021\/12\/LUCIA-DAL-MASSO-225x300.jpg\" alt=\"\" width=\"201\" height=\"268\" srcset=\"https:\/\/www.radiopiu.net\/wordpress\/wp-content\/uploads\/2021\/12\/LUCIA-DAL-MASSO-225x300.jpg 225w, https:\/\/www.radiopiu.net\/wordpress\/wp-content\/uploads\/2021\/12\/LUCIA-DAL-MASSO-768x1024.jpg 768w, https:\/\/www.radiopiu.net\/wordpress\/wp-content\/uploads\/2021\/12\/LUCIA-DAL-MASSO-1152x1536.jpg 1152w, https:\/\/www.radiopiu.net\/wordpress\/wp-content\/uploads\/2021\/12\/LUCIA-DAL-MASSO.jpg 1536w\" sizes=\"auto, (max-width: 201px) 100vw, 201px\" \/><\/a> <\/strong><\/p>\n<p><strong>\u00a0<\/strong><\/p>\n<p><strong>CORTINA<\/strong> Il primo sorriso mondiale di Lucia Dalmasso nella stagione 2021-2022 \u00e8 arrivato nel parallelo gigante a Cortina d\u2019Ampezzo, a due passi dalla sua Falcade. La 24enne azzurra sapeva che le nevi di casa le avrebbero portato fortuna e la qualifica alle finals, dove per\u00f2 poco fa si \u00e8 fermata agli ottavi. Nelle qualifiche del pomeriggio si \u00e8 subito distinta nella second run che nel computo totale con 1.21.60 delle due run le \u00e8 valsa l\u2019undicesima posizione. Nelle finals della sera, dove conta solo il fiato sul collo dell&#8217;avversario, nel primo round degli ottavi con la svizzera Jenny, Lucia ha perso proprio nel piano finale lasciando 16 centesimi all&#8217;avversaria, confermando l&#8217;11a posizione finale. Certo, non c&#8217;\u00e8 la soddisfazione di aver proseguito ai quarti ma il cammino \u00e8 quello giusto. Prossimo appuntamento l&#8217;8 gennaio in Svizzera a Scuol. A tifarla in pista, gli amici, i parenti e il suo Sponsor Promo Falcade.<\/p>\n<p>&nbsp;<\/p>\n<p>&nbsp;<\/p>\n<p>&nbsp;<\/p>\n<p>*****<\/p>\n","protected":false},"excerpt":{"rendered":"<p>\u00a0 CORTINA Il primo sorriso mondiale di Lucia Dalmasso nella stagione 2021-2022 \u00e8 arrivato nel parallelo gigante a Cortina d\u2019Ampezzo, a due passi dalla sua Falcade. La 24enne azzurra sapeva che le nevi di casa le avrebbero portato fortuna e la qualifica alle finals, dove per\u00f2 poco fa si \u00e8 fermata agli ottavi. Nelle qualifiche&hellip;<\/p>\n","protected":false},"author":4,"featured_media":249150,"comment_status":"closed","ping_status":"open","sticky":false,"template":"","format":"standard","meta":{"_monsterinsights_skip_tracking":false,"_monsterinsights_sitenote_active":false,"_monsterinsights_sitenote_note":"","_monsterinsights_sitenote_category":0,"footnotes":""},"categories":[104,49],"tags":[],"class_list":["post-249149","post","type-post","status-publish","format-standard","has-post-thumbnail","hentry","category-evidenza_3","category-news-18","category-104","category-49","description-off"],"img_url":"https:\/\/www.radiopiu.net\/wordpress\/wp-content\/uploads\/2021\/12\/LUCIA-DAL-MASSO.jpg","_links":{"self":[{"href":"https:\/\/www.radiopiu.net\/wordpress\/wp-json\/wp\/v2\/posts\/249149","targetHints":{"allow":["GET"]}}],"collection":[{"href":"https:\/\/www.radiopiu.net\/wordpress\/wp-json\/wp\/v2\/posts"}],"about":[{"href":"https:\/\/www.radiopiu.net\/wordpress\/wp-json\/wp\/v2\/types\/post"}],"author":[{"embeddable":true,"href":"https:\/\/www.radiopiu.net\/wordpress\/wp-json\/wp\/v2\/users\/4"}],"replies":[{"embeddable":true,"href":"https:\/\/www.radiopiu.net\/wordpress\/wp-json\/wp\/v2\/comments?post=249149"}],"version-history":[{"count":0,"href":"https:\/\/www.radiopiu.net\/wordpress\/wp-json\/wp\/v2\/posts\/249149\/revisions"}],"wp:featuredmedia":[{"embeddable":true,"href":"https:\/\/www.radiopiu.net\/wordpress\/wp-json\/wp\/v2\/media\/249150"}],"wp:attachment":[{"href":"https:\/\/www.radiopiu.net\/wordpress\/wp-json\/wp\/v2\/media?parent=249149"}],"wp:term":[{"taxonomy":"category","embeddable":true,"href":"https:\/\/www.radiopiu.net\/wordpress\/wp-json\/wp\/v2\/categories?post=249149"},{"taxonomy":"post_tag","embeddable":true,"href":"https:\/\/www.radiopiu.net\/wordpress\/wp-json\/wp\/v2\/tags?post=249149"}],"curies":[{"name":"wp","href":"https:\/\/api.w.org\/{rel}","templated":true}]}}