{"id":249205,"date":"2021-12-20T05:35:30","date_gmt":"2021-12-20T04:35:30","guid":{"rendered":"https:\/\/www.radiopiu.net\/wordpress\/?p=249205"},"modified":"2021-12-20T05:49:15","modified_gmt":"2021-12-20T04:49:15","slug":"cgia-in-veneto-nei-primi-10-mesi-sono-89-le-persone-morte-nei-luoghi-di-lavoro","status":"publish","type":"post","link":"https:\/\/www.radiopiu.net\/wordpress\/cgia-in-veneto-nei-primi-10-mesi-sono-89-le-persone-morte-nei-luoghi-di-lavoro\/","title":{"rendered":"CGIA: IN VENETO NEI PRIMI 10 MESI SONO 89 LE PERSONE MORTE NEI LUOGHI DI LAVORO"},"content":{"rendered":"<p><a href=\"https:\/\/www.radiopiu.net\/wordpress\/giornale-radiopiu-20-dicembre-2021-direttore-mirko-mezzacasa\/schermata-2021-12-19-alle-14-04-06\/\" rel=\"attachment wp-att-249207\"><img loading=\"lazy\" decoding=\"async\" class=\"size-medium wp-image-249207 alignleft\" src=\"https:\/\/www.radiopiu.net\/wordpress\/wp-content\/uploads\/2021\/12\/Schermata-2021-12-19-alle-14.04.06-300x259.png\" alt=\"\" width=\"300\" height=\"259\" srcset=\"https:\/\/www.radiopiu.net\/wordpress\/wp-content\/uploads\/2021\/12\/Schermata-2021-12-19-alle-14.04.06-300x259.png 300w, https:\/\/www.radiopiu.net\/wordpress\/wp-content\/uploads\/2021\/12\/Schermata-2021-12-19-alle-14.04.06.png 648w\" sizes=\"auto, (max-width: 300px) 100vw, 300px\" \/><\/a>Anche in Veneto il numero di denunce con esito mortale \u00e8 in crescita. Se, secondo i dati Inail,\u00a0 tra gennaio e ottobre 2020 le morti nei luoghi di lavoro erano state 71, nello stesso periodo di quest\u2019anno sono salite a\u00a0 89. Certo, nel confronto bisogna tener conto che a causa del Covid nel 2020 moltissime attivit\u00e0 produttive erano state costrette a chiudere per molti mesi, tuttavia sono tragedie che sembrano non avere fine e, talvolta, \u201cavvengono\u201d perch\u00e9 strettamente collegate al lavoro irregolare.<\/p>\n<p>Ancorch\u00e9 in Veneto il fenomeno abbia dimensioni molto contenute, l\u2019Ufficio studi della CGIA segnala che dei 206.500 lavoratori in nero presenti nella nostra regione, quelli sfruttati da caporali o da organizzazioni criminali sono una piccola minoranza. Questo, ovviamente, non deve indurci a sottovalutare la gravit\u00e0 anche di questo drammatico fenomeno nel quale i lavoratori sono sottoposti a condizioni degradanti e disumane da parte di pseudo-imprenditori che agiscono, nei campi e talvolta anche nei cantieri, con modalit\u00e0 criminali. Anche perch\u00e9, pur non essendoci dati in grado di dimostrarlo, a seguito della crisi pandemica la situazione \u00e8 in deciso peggioramento. Pertanto, anche la stima dell\u2019Istat, che segnala in 3,2 milioni i lavoratori irregolari presenti nel Paese, di cui 206.500 nella nostra Regione, \u00e8 quasi certamente sottodimensionata.<\/p>\n<p><strong>A Verona e Treviso il numero di morti pi\u00f9 alto<\/strong><\/p>\n<p>Se in Veneto l\u2019economia sommersa \u00e8 contenuta, i decessi nei luoghi di lavoro continuano ad essere troppi e tutto ci\u00f2 non \u00e8 pi\u00f9 accettabile; ovviamente anche un solo morto costituirebbe un dramma, ma 89 sono una tragedia immane.\u00a0 Per quanto concerne la distribuzione degli incidenti mortali avvenuti a livello provinciale, la situazione pi\u00f9 critica si registra a Verona: nei primi 10 mesi di quest\u2019anno, le morti bianche avvenute nella provincia scaligera sono state 21: seguono Treviso con 17, Padova e Venezia con 15, Vicenza con 10, Rovigo con 6 e Belluno con 5. Preoccupante il trend verificatosi in particolar a Padova: se l\u2019anno scorso nei primi 10 mesi i decessi erano stati 9, quest\u2019anno sono saliti a 15 (+66,6%) (vedi Tab. 1).<\/p>\n<p><strong>Oltre alla tragedia dei morti c\u2019\u00e8 anche la piaga del \u201cnero\u201d<\/strong><\/p>\n<p>Oltre alle tragedie che si consumano nei luoghi di lavoro, non va nemmeno dimenticata la piaga sociale dell\u2019economia sommersa. Tuttavia, \u00e8 bene sottolineare che la maggioranza di chi lavora irregolarmente \u00e8 costituita, in particolar modo, da persone molto \u201cintraprendenti\u201d, che ogni giorno si recano nelle abitazioni degli italiani a fare piccoli lavori di riparazione, di manutenzione (verde, elettrica, idraulica, fabbrile, \u00a0edile, etc.) o nel prestare servizi alla persona (autisti, badanti, acconciatori, estetiste, massaggiatori, etc.). Un esercito di \u201cinvisibili\u201d che, ovviamente, non sono alle \u201cdipendenze\u201d n\u00e9 di caporali n\u00e9 di imprenditori aguzzini ma, attrezzati di tutto punto, si spostano\u00a0 in maniera del tutto autonoma e indipendente, provocando danni economici spaventosi. Questi lavoratori irregolari sono in gran parte costituiti da pensionati, dopo-lavoristi,\u00a0 inattivi, disoccupati o persone in Cig che arrotondano le magre entrate con i proventi recuperati da queste attivit\u00e0 illegali.<\/p>\n<p><strong><a href=\"https:\/\/www.radiopiu.net\/wordpress\/giornale-radiopiu-20-dicembre-2021-direttore-mirko-mezzacasa\/schermata-2021-12-19-alle-14-04-30\/\" rel=\"attachment wp-att-249208\"><img loading=\"lazy\" decoding=\"async\" class=\"size-medium wp-image-249208 alignright\" src=\"https:\/\/www.radiopiu.net\/wordpress\/wp-content\/uploads\/2021\/12\/Schermata-2021-12-19-alle-14.04.30-300x295.png\" alt=\"\" width=\"300\" height=\"295\" srcset=\"https:\/\/www.radiopiu.net\/wordpress\/wp-content\/uploads\/2021\/12\/Schermata-2021-12-19-alle-14.04.30-300x295.png 300w, https:\/\/www.radiopiu.net\/wordpress\/wp-content\/uploads\/2021\/12\/Schermata-2021-12-19-alle-14.04.30-1024x1008.png 1024w, https:\/\/www.radiopiu.net\/wordpress\/wp-content\/uploads\/2021\/12\/Schermata-2021-12-19-alle-14.04.30-768x756.png 768w, https:\/\/www.radiopiu.net\/wordpress\/wp-content\/uploads\/2021\/12\/Schermata-2021-12-19-alle-14.04.30.png 1188w\" sizes=\"auto, (max-width: 300px) 100vw, 300px\" \/><\/a>Campania, Calabria e Sicilia sono le realt\u00e0 dove l\u2019economia sommersa \u00e8 pi\u00f9 diffusa<\/strong><\/p>\n<p>Il lavoro nero presente in Italia \u201cproduce\u201d ben 77,7 miliardi di euro di valore aggiunto di cui 5,5 miliardi sono ascrivibili al Veneto. Una piaga sociale ed economica, sottolinea l\u2019Ufficio studi della CGIA, che, a livello territoriale, presenta differenze molto marcate. La Lombardia, ad esempio,<em>\u00a0<\/em>sebbene conti oltre 504 mila lavoratori occupati irregolarmente, \u00e8 il territorio meno interessato da questo triste fenomeno: il tasso di irregolarit\u00e0\u00a0\u00e8 pari al 10,4 per cento, mentre l\u2019incidenza del valore aggiunto prodotto dal lavoro irregolare sul totale regionale \u00e8 pari al 3,6 per cento; il tasso pi\u00f9 basso presente nel Paese. Subito dopo scorgiamo il nostro Veneto (con un\u2019incidenza del 3,7 per cento), la provincia Autonoma di Bolzano (3,8) e il Friuli Venezia Giulia (3,9). Per contro, la situazione pi\u00f9 critica si registra nel Mezzogiorno. In Calabria, ad esempio, a fronte di \u201csoli\u201d 135.900 lavoratori irregolari, il tasso di irregolarit\u00e0 \u00e8 del 22 per cento e l\u2019incidenza dell\u2019economia prodotta dal sommerso sul totale regionale ammonta al 9,8 per cento. Nessun\u2019altra realt\u00e0 territoriale presenta una performance cos\u00ec negativa. Altrettanto critica \u00e8 la situazione in Campania, dove gli oltre 361 mila occupati non regolari provocano un tasso di irregolarit\u00e0\u00a0 del 19,3 per cento e un Pil da \u201cnero\u201d sul totale regionale dell\u20198,5 per cento. Preoccupante anche la situazione in Sicilia: a fronte di quasi 283 mila lavoratori in nero, il tasso di irregolarit\u00e0 \u00e8 al 18,7 per cento e il valore aggiunto prodotto dall\u2019economia sommersa su quello ufficiale \u00e8 del 7,8 per cento.<\/p>\n<p>A livello nazionale, infine, all\u2019inizio del 2019 l\u2019Istat stimava in poco pi\u00f9 di 3,2 milioni di persone\u00a0che quotidianamente per qualche ora o per l\u2019intera giornata si recavano nei campi, nelle aziende, nei cantieri edili o nelle abitazioni degli italiani per esercitare un\u2019attivit\u00e0 lavorativa irregolare. Siamo propensi a ritenere che a seguito della crisi pandemica &#8211; che ha provocato un aumento della disoccupazione, dei lavoratori in Cig e un impoverimento generale delle fasce sociali pi\u00f9 deboli \u2013 il numero dei lavoratori irregolari presenti nel Paese sia aumentato in misura importante (vedi Tab.2).<\/p>\n<p>&nbsp;<\/p>\n<p>&nbsp;<\/p>\n<p>****<\/p>\n","protected":false},"excerpt":{"rendered":"<p>Anche in Veneto il numero di denunce con esito mortale \u00e8 in crescita. Se, secondo i dati Inail,\u00a0 tra gennaio e ottobre 2020 le morti nei luoghi di lavoro erano state 71, nello stesso periodo di quest\u2019anno sono salite a\u00a0 89. Certo, nel confronto bisogna tener conto che a causa del Covid nel 2020 moltissime&hellip;<\/p>\n","protected":false},"author":4,"featured_media":222433,"comment_status":"closed","ping_status":"open","sticky":false,"template":"","format":"standard","meta":{"_monsterinsights_skip_tracking":false,"_monsterinsights_sitenote_active":false,"_monsterinsights_sitenote_note":"","_monsterinsights_sitenote_category":0,"footnotes":""},"categories":[51,49],"tags":[],"class_list":["post-249205","post","type-post","status-publish","format-standard","has-post-thumbnail","hentry","category-evidenza-top","category-news-18","category-51","category-49","description-off"],"img_url":"https:\/\/www.radiopiu.net\/wordpress\/wp-content\/uploads\/2021\/07\/CGIA.png","_links":{"self":[{"href":"https:\/\/www.radiopiu.net\/wordpress\/wp-json\/wp\/v2\/posts\/249205","targetHints":{"allow":["GET"]}}],"collection":[{"href":"https:\/\/www.radiopiu.net\/wordpress\/wp-json\/wp\/v2\/posts"}],"about":[{"href":"https:\/\/www.radiopiu.net\/wordpress\/wp-json\/wp\/v2\/types\/post"}],"author":[{"embeddable":true,"href":"https:\/\/www.radiopiu.net\/wordpress\/wp-json\/wp\/v2\/users\/4"}],"replies":[{"embeddable":true,"href":"https:\/\/www.radiopiu.net\/wordpress\/wp-json\/wp\/v2\/comments?post=249205"}],"version-history":[{"count":0,"href":"https:\/\/www.radiopiu.net\/wordpress\/wp-json\/wp\/v2\/posts\/249205\/revisions"}],"wp:featuredmedia":[{"embeddable":true,"href":"https:\/\/www.radiopiu.net\/wordpress\/wp-json\/wp\/v2\/media\/222433"}],"wp:attachment":[{"href":"https:\/\/www.radiopiu.net\/wordpress\/wp-json\/wp\/v2\/media?parent=249205"}],"wp:term":[{"taxonomy":"category","embeddable":true,"href":"https:\/\/www.radiopiu.net\/wordpress\/wp-json\/wp\/v2\/categories?post=249205"},{"taxonomy":"post_tag","embeddable":true,"href":"https:\/\/www.radiopiu.net\/wordpress\/wp-json\/wp\/v2\/tags?post=249205"}],"curies":[{"name":"wp","href":"https:\/\/api.w.org\/{rel}","templated":true}]}}