{"id":249227,"date":"2021-12-20T13:30:54","date_gmt":"2021-12-20T12:30:54","guid":{"rendered":"https:\/\/www.radiopiu.net\/wordpress\/?p=249227"},"modified":"2021-12-19T14:53:07","modified_gmt":"2021-12-19T13:53:07","slug":"i-racconti-di-paolo-soppelsa-puntata-105","status":"publish","type":"post","link":"https:\/\/www.radiopiu.net\/wordpress\/i-racconti-di-paolo-soppelsa-puntata-105\/","title":{"rendered":"I RACCONTI DI PAOLO SOPPELSA &#8211; PUNTATA 105"},"content":{"rendered":"<p><strong>LA STELLA DEL MONTE ANIME<\/strong><\/p>\n<p><em><strong>AUDIO<\/strong><\/em><\/p>\n<audio class=\"wp-audio-shortcode\" id=\"audio-249227-1\" preload=\"none\" style=\"width: 100%;\" controls=\"controls\"><source type=\"audio\/mpeg\" src=\"https:\/\/www.radiopiu.net\/wordpress\/wp-content\/uploads\/2021\/12\/PAOLO-SOPPELSA-LA-STELLA-DEL-MONTE-ANIME.mp3?_=1\" \/><a href=\"https:\/\/www.radiopiu.net\/wordpress\/wp-content\/uploads\/2021\/12\/PAOLO-SOPPELSA-LA-STELLA-DEL-MONTE-ANIME.mp3\">https:\/\/www.radiopiu.net\/wordpress\/wp-content\/uploads\/2021\/12\/PAOLO-SOPPELSA-LA-STELLA-DEL-MONTE-ANIME.mp3<\/a><\/audio>\n<p>&nbsp;<\/p>\n<p><a href=\"https:\/\/www.radiopiu.net\/wordpress\/?attachment_id=249228\" rel=\"attachment wp-att-249228\"><img loading=\"lazy\" decoding=\"async\" class=\"size-medium wp-image-249228 alignleft\" src=\"https:\/\/www.radiopiu.net\/wordpress\/wp-content\/uploads\/2021\/12\/4443e30b-1fa9-459d-97af-c6ee9841310c-300x169.jpg\" alt=\"\" width=\"300\" height=\"169\" srcset=\"https:\/\/www.radiopiu.net\/wordpress\/wp-content\/uploads\/2021\/12\/4443e30b-1fa9-459d-97af-c6ee9841310c-300x169.jpg 300w, https:\/\/www.radiopiu.net\/wordpress\/wp-content\/uploads\/2021\/12\/4443e30b-1fa9-459d-97af-c6ee9841310c-1024x577.jpg 1024w, https:\/\/www.radiopiu.net\/wordpress\/wp-content\/uploads\/2021\/12\/4443e30b-1fa9-459d-97af-c6ee9841310c-768x433.jpg 768w, https:\/\/www.radiopiu.net\/wordpress\/wp-content\/uploads\/2021\/12\/4443e30b-1fa9-459d-97af-c6ee9841310c.jpg 1080w\" sizes=\"auto, (max-width: 300px) 100vw, 300px\" \/><\/a>Era un giorno di fine dicembre del 2017; l&#8217;inverno, quell&#8217;anno, era iniziato in modo serio come non accadeva da un po&#8217; di tempo. C&#8217;era un gran freddo e soprattutto un buon mezzo metro di neve al suolo. La mattinata era trascorsa ciaspolando sulla tanta neve del monte Avena e poi il ritorno a casa, stanco il giusto ma soprattutto soddisfatto. Per\u00f2 sarebbe stato un peccato non sfruttare fino in fondo quella limpida giornata di fine mese; cos\u00ec prese corpo l&#8217;idea della &#8220;notturna&#8221; lungo il sentiero nel bosco che conduce sul monte delle Anime. San Tomaso ci accolse in versione &#8220;inverno old style&#8221;: crostoni di ghiaccio in strada, dieci gradi sottozero ed una gran stellata sopra il Pelsa. Calzammo le ciaspe e fu subito salita in neve fresca. Non fui io quella sera a fare traccia nella nuova magia bianca; il fiato c&#8217;era, le gambe molto meno in quanto stanche dal bel giro mattutino. Due uomini con la frontale, un bosco innevato ed infinite stelle in quel gelido cielo di fine anno. All&#8217;inizio della &#8220;riva del Re da l&#8217;Anime&#8221; spensi la pila. Si saliva bene ugualmente ed era bello vivere quell&#8217;oscurita speciale. Mi fermai diverse volte a prendere fiato e fu in quei momenti che ascoltai l&#8217;assoluto silenzio della neve. I &#8220;pez&#8221; parevano dei triangoli bianchi disegnati dai bambini e il fiato ghiacciava sui baffi. Pi\u00f9 si saliva e pi\u00f9 il freddo mordeva ed era come stare dentro ad un grande sogno d&#8217;inverno. Poco prima di arrivare nella &#8220;busa&#8221; scorgemmo fra gli alberi spogli la cometa illuminata. Stella fra le stelle. La luce faceva scintillare la neve ed il sogno di vivere una notte di vero inverno finalmente si era tramutato in realt\u00e0. Un p\u00f2 di t\u00e8 caldo, qualche biscotto, una barretta energetica; e quattordici gradi sottozero. Non ci fermammo molto, forse una mezz&#8217;ora. Prima di riprendere la strada del ritorno salimmo i pochi metri che ci separavano dal Tavolo Magico. Lo trovammo coperto da mezzo metro di neve fresca ed eravamo davvero a pochi passi dalla grande stella posata sull&#8217;orlo del grande salto. Stelle in cielo e la cometa gigante a pochi passi che illuminava il bosco congelato. Mille bagliori ed il fiato che gelava sulla barba. In basso le luci di Cencenighe offrivano uno spettacolo struggente. Lampioni e luminarie di Natale regalavano attimi di autentico sogno. Le montagne imbiancate dalla tanta neve, il vero freddo dell&#8217;inverno, lo sguardo che in quel buio che buio non era, carpiva ogni immagine per poi immagazzinarla nell&#8217;angolo dei ricordi pi\u00f9 belli. Non saremmo pi\u00f9 scesi. Dopo qualche minuto, invece, iniziammo la discesa. E fu ancora neve, frontale spenta ed un p\u00f2 meno fatica. Sar\u00e0 stata mezzanotte quando giungemmo alla macchina parcheggiata sulla provinciale e pochi minuti pi\u00f9 tardi, appena superato Pal\u00f9, mi voltai per salutare la grande cometa &#8220;de l&#8217;Anime&#8221;. Era quasi l&#8217;una quando arrivammo a Belluno, e la piccola citt\u00e0 ci accolse anch&#8217;essa chiusa nella morsa del gelo. Un saluto veloce, il riporre le ciaspe in garage e poi il sognare quella sera di neve e stelle. E nei sogni di quella lunga notte di fine anno la neve scricchiolava ancora sotto le ciaspe e la luna illuminava ancora le cime agordine\u2026 Magiche Dolomiti!!<\/p>\n","protected":false},"excerpt":{"rendered":"<p>LA STELLA DEL MONTE ANIME AUDIO &nbsp; Era un giorno di fine dicembre del 2017; l&#8217;inverno, quell&#8217;anno, era iniziato in modo serio come non accadeva da un po&#8217; di tempo. C&#8217;era un gran freddo e soprattutto un buon mezzo metro di neve al suolo. La mattinata era trascorsa ciaspolando sulla tanta neve del monte Avena&hellip;<\/p>\n","protected":false},"author":4,"featured_media":249228,"comment_status":"closed","ping_status":"open","sticky":false,"template":"","format":"standard","meta":{"_monsterinsights_skip_tracking":false,"_monsterinsights_sitenote_active":false,"_monsterinsights_sitenote_note":"","_monsterinsights_sitenote_category":0,"footnotes":""},"categories":[49,112],"tags":[],"class_list":["post-249227","post","type-post","status-publish","format-standard","has-post-thumbnail","hentry","category-news-18","category-racconti-soppelsa","category-49","category-112","description-off"],"img_url":"https:\/\/www.radiopiu.net\/wordpress\/wp-content\/uploads\/2021\/12\/4443e30b-1fa9-459d-97af-c6ee9841310c.jpg","_links":{"self":[{"href":"https:\/\/www.radiopiu.net\/wordpress\/wp-json\/wp\/v2\/posts\/249227","targetHints":{"allow":["GET"]}}],"collection":[{"href":"https:\/\/www.radiopiu.net\/wordpress\/wp-json\/wp\/v2\/posts"}],"about":[{"href":"https:\/\/www.radiopiu.net\/wordpress\/wp-json\/wp\/v2\/types\/post"}],"author":[{"embeddable":true,"href":"https:\/\/www.radiopiu.net\/wordpress\/wp-json\/wp\/v2\/users\/4"}],"replies":[{"embeddable":true,"href":"https:\/\/www.radiopiu.net\/wordpress\/wp-json\/wp\/v2\/comments?post=249227"}],"version-history":[{"count":0,"href":"https:\/\/www.radiopiu.net\/wordpress\/wp-json\/wp\/v2\/posts\/249227\/revisions"}],"wp:featuredmedia":[{"embeddable":true,"href":"https:\/\/www.radiopiu.net\/wordpress\/wp-json\/wp\/v2\/media\/249228"}],"wp:attachment":[{"href":"https:\/\/www.radiopiu.net\/wordpress\/wp-json\/wp\/v2\/media?parent=249227"}],"wp:term":[{"taxonomy":"category","embeddable":true,"href":"https:\/\/www.radiopiu.net\/wordpress\/wp-json\/wp\/v2\/categories?post=249227"},{"taxonomy":"post_tag","embeddable":true,"href":"https:\/\/www.radiopiu.net\/wordpress\/wp-json\/wp\/v2\/tags?post=249227"}],"curies":[{"name":"wp","href":"https:\/\/api.w.org\/{rel}","templated":true}]}}